{"id":12912,"date":"2013-07-02T22:12:53","date_gmt":"2013-07-02T21:12:53","guid":{"rendered":"http:\/\/fjala.info\/?p=3497"},"modified":"2013-07-02T22:12:53","modified_gmt":"2013-07-02T21:12:53","slug":"botim-enciklopedik-per-mjeden","status":"publish","type":"post","link":"https:\/\/fjala.info\/2009-2015\/botim-enciklopedik-per-mjeden\/","title":{"rendered":"BOTIM ENCIKLOPEDIK P\u00cbR MJED\u00cbN"},"content":{"rendered":"<p><img decoding=\"async\" class=\"alignright size-thumbnail wp-image-7236\" title=\"Dr. Nail Draga\" alt=\"\" src=\"http:\/\/www.fjala.info\/2012\/nail_draga.jpg\" width=\"150\" \/> <strong>Dr. Nail Draga<\/strong><\/p>\n<p style=\"text-align: center;\">(<strong>Mentor Quku MJEDA 1-8<\/strong>)<\/p>\n<p>N\u00eb hap\u00ebsir\u00ebn kulturore mbar\u00ebshqiptare, n\u00eb koh\u00ebn e pluralizmit, studiues t\u00eb ndrysh\u00ebm jan\u00eb paraqitur m\u00eb studime dhe botime t\u00eb ve\u00e7anta, duke trajtuar tema dhe personalitete t\u00eb ndryshme nga fahu i tyre profesional. Por, nga t\u00eb gjith\u00eb ata kemi nj\u00eb rast i cili \u00ebsht\u00eb unikat p\u00ebr ne shqiptar\u00ebt, sepse pas nj\u00eb pune rreth kat\u00ebrdhjet ve\u00e7are, studiuesi Mentor Quku i paraqitet opinionit t\u00eb gjer\u00eb me studimin disa v\u00ebllimesh kushtuar personalitetit t\u00eb dom Ndre Mjedes. Esht\u00eb kjo kolana m\u00eb e gjer\u00eb deri m\u00eb tash kushtuar nj\u00eb kolosi t\u00eb kultur\u00ebs son\u00eb komb\u00ebtare e shkruar jo nga ndonj\u00eb institucion shtet\u00ebror por nga nj\u00eb indvid m\u00eb plot pasion dhe profesionaliz\u00ebm.<\/p>\n<p>Rast\u00ebsia thon\u00eb se sjell edhe mrekulli. Ishte pik\u00ebrisht rast\u00ebsi qe Mentor Quku t\u00eb jet\u00eb m\u00ebsimdh\u00ebn\u00ebs n\u00eb nj\u00eb shkoll\u00eb n\u00eb af\u00ebrsi t\u00eb vendit ku jetoj dhe veproj dom Ndre Mjeda vitet e fundit t\u00eb jet\u00ebs. Duke qen\u00eb kureshtar p\u00ebr aktivitetin e tij n\u00eb Kuk\u00ebl, Quku pati mund\u00ebsin\u00eb t\u00eb mbledh nj\u00eb material nga personat qe e kan\u00eb njohur e bashk\u00ebpunuar me Mjeden. Dhe pas nj\u00eb pune kolosale, opinionit i dhurohet kolana e Mjed\u00ebs n\u00eb tet\u00eb v\u00ebllime, m\u00eb rreth pes\u00eb mij\u00eb faqe.<\/p>\n<p>Autori na paraqet figur\u00ebn e Mjedes n\u00eb aspektin shum\u00ebdimensional, ashtu si\u00e7 ishte dhe veprimtaria e tij. Angazhimi i autorit ishte permanent sepse vite me radh\u00eb ka gjurmuar dokumente, fakte arkivore, vepra gjuh\u00ebsore e letrare, historike e kulturore duke i sistemuar e p\u00ebrpunuar duke na dh\u00ebn\u00eb figur\u00ebn e Mjed\u00ebs, si askush deri m\u00eb tash ne k\u00ebt\u00eb monografi t\u00eb llojit t\u00eb vet. Mjeda na paraqitet m\u00eb p\u00ebrkushtimin e tij shum\u00ebplanesh si ate kulturor, letrar, komb\u00ebtar, social, politik n\u00eb mbrojtje t\u00eb identitetit t\u00eb kombit shqiptar.<\/p>\n<p>Nga diskursi i prezentimit t\u00eb Mjedes, autori na prezenton edhe veprimtarin\u00eb e tij politike, si deputet i Kuvendit t\u00eb Shqip\u00ebris\u00eb n\u00eb periudh\u00ebn 1921-24. N\u00eb k\u00ebt\u00eb koh\u00eb deputet n\u00eb Kuvend ishin elita komb\u00ebtare e shoq\u00ebris\u00eb shqiptare si Hil\u00eb Mosi, Luigj Gurakuqi, Pater Gjergj Fishta, dom Ndre Mjeda, Riza Dani, Mustafa Kruja,Maliq Bushati etj. q\u00eb duhet t\u00eb jet\u00eb model edhe p\u00ebr koh\u00ebn ton\u00eb.<\/p>\n<p>N\u00eb diskutimin e tij qe mbajti n\u00eb Kuvendin e Shqip\u00ebris\u00eb Mjeda me 18.7.1921 n\u00eb mbledhjen e 34-t\u00eb t\u00eb radh\u00ebs, mbajti nj\u00eb fjalim programatik, q\u00eb b\u00ebri buj\u00eb.Duke qen\u00eb njoh\u00ebs i mir\u00eb i historis\u00eb komb\u00ebtare, ai vler\u00ebsoi lart kontributin e popullit shqiptar n\u00eb Kosov\u00eb, p\u00ebr \u00e7\u00ebshtjen e \u00e7lirimit komb\u00ebtar. Fjalimi i Mjed\u00ebs la m\u00eb goj\u00eb t\u00eb hapur t\u00ebr\u00eb deputetet, si dhe gazetar\u00ebt e diplomat\u00ebt e huaj, q\u00eb ishin t\u00eb pranish\u00ebm n\u00eb sall\u00eb.<\/p>\n<p>Nga diskutimi i tij del qart\u00eb paraqitja e gjendjes se shqiptar\u00ebve n\u00eb Kosov\u00eb, n\u00eb saj\u00eb t\u00eb gjenocidit t\u00eb vazhduesh\u00ebm t\u00eb b\u00ebr\u00eb ndaj popullit shqiptar nga pushtuesit serb. Andaj shqet\u00ebsimi i Mjed\u00ebs nuk ishte personal por n\u00eb nivel komb\u00ebtar, duke sugjeruar p\u00ebr angazhimet qe duhet t\u00eb marr\u00eb kuvendi p\u00ebr informimin e sakt\u00eb t\u00eb opinionit nd\u00ebrkomb\u00ebtar p\u00ebrmes K\u00ebshillit t\u00eb Kombeve, p\u00ebr t\u00eb p\u00ebrkrahur t\u00eb drejtat e popujve. Behet e ditur se pas fjalimit t\u00eb Mjed\u00ebs n\u00eb fund t\u00eb debatit u votuan dy propozimet, ai i qeveris\u00eb si dhe i opozit\u00ebs, ku fitoi propozimi i shumic\u00ebs qeveritare.<\/p>\n<p>N\u00eb saj\u00eb t\u00eb p\u00ebrdorimit t\u00eb nj\u00eb metodologjie shkencore, studiuesi Mentor Quku, del se ka punuar m\u00eb p\u00ebrkushtim, devocion dhe dashuri, duke e d\u00ebshmuar me referencat shkencore t\u00eb konsultuara, si dhe nga burimet arkivore dhe faktografin\u00eb tjet\u00ebr, duke ofruar studimin me shum\u00ebplanesh p\u00ebr ket\u00eb personalitett\u00eb kultur\u00ebs son\u00eb komb\u00ebtare. Duke lexuar k\u00ebto 8 v\u00ebllime, lexuesi i zakonsh\u00ebm por edhe studiuesit e profileve t\u00eb ndryshme, vazhdimisht do t\u00eb gj\u00ebjn\u00eb t\u00eb dh\u00ebna t\u00eb reja t\u00eb cilat deri m\u00eb tash kan\u00eb qen\u00eb t\u00eb panjohura, qe ia ngrit vlen k\u00ebtij botimi. Andaj nuk \u00ebsht\u00eb i rast\u00ebsish\u00ebm edhe konstatimi i autorit Quku, q\u00eb n\u00eb t\u00eb ardhm\u00ebn, studimet p\u00ebr Mjeden duhet t\u00eb quhen m\u00eb emrin e nj\u00eb discipline t\u00eb ve\u00e7ant\u00eb q\u00eb duhet ta ket\u00eb emrin mjedologjia.<\/p>\n<p>Botimi i serialit monografik kushtuar Mjedes ka kap\u00ebrcyer p\u00ebrmasat personale dhe institucionale. Ajo tashm\u00eb \u00ebsht\u00eb nj\u00eb enciklopedi p\u00ebr Mjeden dhe Rilindjen Komb\u00ebtare. Nuk ka dilem\u00eb s\u00eb n\u00eb t\u00eb ardhm\u00ebn kur do t\u00eb trajtohen tema t\u00eb tilla, ky botim do t\u00eb jet\u00eb referenc\u00eb e domosdoshme, p\u00ebr \u00e7do studiues apo p\u00ebrdorues t\u00eb zakonsh\u00ebm. Por, nj\u00ebherit nuk do t\u00eb permendet autori si botues por me t\u00eb drejt do t\u00eb quhet Instituti Quku.<br \/>\nPa dyshim se nj\u00eb botim i till\u00eb nderon autorin dhe kultur\u00ebn komb\u00ebtare shqiptare.<\/p>\n<p>(<em>Fjala e mbajtur m\u00eb rastin e p\u00ebrurimit n\u00eb Institutin Albanologjik t\u00eb Prishtin\u00ebs, m\u00eb 28.06.2013<\/em>)<\/p>\n","protected":false},"excerpt":{"rendered":"<p>Dr. Nail Draga (Mentor Quku MJEDA 1-8) N\u00eb hap\u00ebsir\u00ebn kulturore mbar\u00ebshqiptare, n\u00eb koh\u00ebn e pluralizmit, studiues t\u00eb ndrysh\u00ebm jan\u00eb paraqitur m\u00eb studime dhe botime t\u00eb ve\u00e7anta, duke trajtuar tema dhe personalitete t\u00eb ndryshme nga fahu i tyre profesional. Por, nga t\u00eb gjith\u00eb ata kemi nj\u00eb rast i cili \u00ebsht\u00eb unikat p\u00ebr ne shqiptar\u00ebt, sepse pas [&hellip;]<\/p>\n","protected":false},"author":1,"featured_media":0,"comment_status":"open","ping_status":"closed","sticky":false,"template":"","format":"standard","meta":{"footnotes":""},"categories":[2,7],"tags":[],"class_list":{"0":"post-12912","1":"post","2":"type-post","3":"status-publish","4":"format-standard","6":"category-artikuj","7":"category-letersi"},"yoast_head":"<!-- This site is optimized with the Yoast SEO plugin v27.4 - https:\/\/yoast.com\/product\/yoast-seo-wordpress\/ -->\n<title>BOTIM ENCIKLOPEDIK P\u00cbR MJED\u00cbN - FjALA e LIR\u00cb - Arkivi<\/title>\n<meta name=\"robots\" content=\"index, follow, max-snippet:-1, max-image-preview:large, max-video-preview:-1\" \/>\n<link rel=\"canonical\" href=\"https:\/\/fjala.info\/2009-2015\/botim-enciklopedik-per-mjeden\/\" \/>\n<meta property=\"og:locale\" content=\"sq_AL\" \/>\n<meta property=\"og:type\" content=\"article\" \/>\n<meta property=\"og:title\" content=\"BOTIM ENCIKLOPEDIK P\u00cbR MJED\u00cbN - FjALA e LIR\u00cb - Arkivi\" \/>\n<meta property=\"og:description\" content=\"Dr. Nail Draga (Mentor Quku MJEDA 1-8) N\u00eb hap\u00ebsir\u00ebn kulturore mbar\u00ebshqiptare, n\u00eb koh\u00ebn e pluralizmit, studiues t\u00eb ndrysh\u00ebm jan\u00eb paraqitur m\u00eb studime dhe botime t\u00eb ve\u00e7anta, duke trajtuar tema dhe personalitete t\u00eb ndryshme nga fahu i tyre profesional. Por, nga t\u00eb gjith\u00eb ata kemi nj\u00eb rast i cili \u00ebsht\u00eb unikat p\u00ebr ne shqiptar\u00ebt, sepse pas [&hellip;]\" \/>\n<meta property=\"og:url\" content=\"https:\/\/fjala.info\/2009-2015\/botim-enciklopedik-per-mjeden\/\" \/>\n<meta property=\"og:site_name\" content=\"FjALA e LIR\u00cb - Arkivi\" \/>\n<meta property=\"article:published_time\" content=\"2013-07-02T21:12:53+00:00\" \/>\n<meta property=\"og:image\" content=\"http:\/\/www.fjala.info\/2012\/nail_draga.jpg\" \/>\n<meta name=\"author\" content=\"admin\" \/>\n<meta name=\"twitter:card\" content=\"summary_large_image\" \/>\n<meta name=\"twitter:label1\" content=\"Written by\" \/>\n\t<meta name=\"twitter:data1\" content=\"admin\" \/>\n\t<meta name=\"twitter:label2\" content=\"Est. reading time\" \/>\n\t<meta name=\"twitter:data2\" content=\"4 minutes\" \/>\n<script type=\"application\/ld+json\" class=\"yoast-schema-graph\">{\"@context\":\"https:\\\/\\\/schema.org\",\"@graph\":[{\"@type\":\"Article\",\"@id\":\"https:\\\/\\\/fjala.info\\\/2009-2015\\\/botim-enciklopedik-per-mjeden\\\/#article\",\"isPartOf\":{\"@id\":\"https:\\\/\\\/fjala.info\\\/2009-2015\\\/botim-enciklopedik-per-mjeden\\\/\"},\"author\":{\"name\":\"admin\",\"@id\":\"https:\\\/\\\/fjala.info\\\/2009-2015\\\/#\\\/schema\\\/person\\\/3aa1163ef05469c496fc94e77611ada2\"},\"headline\":\"BOTIM ENCIKLOPEDIK P\u00cbR MJED\u00cbN\",\"datePublished\":\"2013-07-02T21:12:53+00:00\",\"mainEntityOfPage\":{\"@id\":\"https:\\\/\\\/fjala.info\\\/2009-2015\\\/botim-enciklopedik-per-mjeden\\\/\"},\"wordCount\":824,\"commentCount\":0,\"publisher\":{\"@id\":\"https:\\\/\\\/fjala.info\\\/2009-2015\\\/#organization\"},\"image\":{\"@id\":\"https:\\\/\\\/fjala.info\\\/2009-2015\\\/botim-enciklopedik-per-mjeden\\\/#primaryimage\"},\"thumbnailUrl\":\"http:\\\/\\\/www.fjala.info\\\/2012\\\/nail_draga.jpg\",\"articleSection\":[\"Artikuj\",\"Let\u00ebrsi\"],\"inLanguage\":\"sq-AL\",\"potentialAction\":[{\"@type\":\"CommentAction\",\"name\":\"Comment\",\"target\":[\"https:\\\/\\\/fjala.info\\\/2009-2015\\\/botim-enciklopedik-per-mjeden\\\/#respond\"]}]},{\"@type\":\"WebPage\",\"@id\":\"https:\\\/\\\/fjala.info\\\/2009-2015\\\/botim-enciklopedik-per-mjeden\\\/\",\"url\":\"https:\\\/\\\/fjala.info\\\/2009-2015\\\/botim-enciklopedik-per-mjeden\\\/\",\"name\":\"BOTIM ENCIKLOPEDIK P\u00cbR MJED\u00cbN - FjALA e LIR\u00cb - Arkivi\",\"isPartOf\":{\"@id\":\"https:\\\/\\\/fjala.info\\\/2009-2015\\\/#website\"},\"primaryImageOfPage\":{\"@id\":\"https:\\\/\\\/fjala.info\\\/2009-2015\\\/botim-enciklopedik-per-mjeden\\\/#primaryimage\"},\"image\":{\"@id\":\"https:\\\/\\\/fjala.info\\\/2009-2015\\\/botim-enciklopedik-per-mjeden\\\/#primaryimage\"},\"thumbnailUrl\":\"http:\\\/\\\/www.fjala.info\\\/2012\\\/nail_draga.jpg\",\"datePublished\":\"2013-07-02T21:12:53+00:00\",\"breadcrumb\":{\"@id\":\"https:\\\/\\\/fjala.info\\\/2009-2015\\\/botim-enciklopedik-per-mjeden\\\/#breadcrumb\"},\"inLanguage\":\"sq-AL\",\"potentialAction\":[{\"@type\":\"ReadAction\",\"target\":[\"https:\\\/\\\/fjala.info\\\/2009-2015\\\/botim-enciklopedik-per-mjeden\\\/\"]}]},{\"@type\":\"ImageObject\",\"inLanguage\":\"sq-AL\",\"@id\":\"https:\\\/\\\/fjala.info\\\/2009-2015\\\/botim-enciklopedik-per-mjeden\\\/#primaryimage\",\"url\":\"http:\\\/\\\/www.fjala.info\\\/2012\\\/nail_draga.jpg\",\"contentUrl\":\"http:\\\/\\\/www.fjala.info\\\/2012\\\/nail_draga.jpg\"},{\"@type\":\"BreadcrumbList\",\"@id\":\"https:\\\/\\\/fjala.info\\\/2009-2015\\\/botim-enciklopedik-per-mjeden\\\/#breadcrumb\",\"itemListElement\":[{\"@type\":\"ListItem\",\"position\":1,\"name\":\"Home\",\"item\":\"https:\\\/\\\/fjala.info\\\/2009-2015\\\/\"},{\"@type\":\"ListItem\",\"position\":2,\"name\":\"BOTIM ENCIKLOPEDIK P\u00cbR MJED\u00cbN\"}]},{\"@type\":\"WebSite\",\"@id\":\"https:\\\/\\\/fjala.info\\\/2009-2015\\\/#website\",\"url\":\"https:\\\/\\\/fjala.info\\\/2009-2015\\\/\",\"name\":\"FjALA e LIR\u00cb - Arkivi\",\"description\":\"Arkivi 2009-2015\",\"publisher\":{\"@id\":\"https:\\\/\\\/fjala.info\\\/2009-2015\\\/#organization\"},\"potentialAction\":[{\"@type\":\"SearchAction\",\"target\":{\"@type\":\"EntryPoint\",\"urlTemplate\":\"https:\\\/\\\/fjala.info\\\/2009-2015\\\/?s={search_term_string}\"},\"query-input\":{\"@type\":\"PropertyValueSpecification\",\"valueRequired\":true,\"valueName\":\"search_term_string\"}}],\"inLanguage\":\"sq-AL\"},{\"@type\":\"Organization\",\"@id\":\"https:\\\/\\\/fjala.info\\\/2009-2015\\\/#organization\",\"name\":\"FjALA e LIR\u00cb - Arkivi\",\"url\":\"https:\\\/\\\/fjala.info\\\/2009-2015\\\/\",\"logo\":{\"@type\":\"ImageObject\",\"inLanguage\":\"sq-AL\",\"@id\":\"https:\\\/\\\/fjala.info\\\/2009-2015\\\/#\\\/schema\\\/logo\\\/image\\\/\",\"url\":\"\",\"contentUrl\":\"\",\"caption\":\"FjALA e LIR\u00cb - Arkivi\"},\"image\":{\"@id\":\"https:\\\/\\\/fjala.info\\\/2009-2015\\\/#\\\/schema\\\/logo\\\/image\\\/\"}},{\"@type\":\"Person\",\"@id\":\"https:\\\/\\\/fjala.info\\\/2009-2015\\\/#\\\/schema\\\/person\\\/3aa1163ef05469c496fc94e77611ada2\",\"name\":\"admin\",\"image\":{\"@type\":\"ImageObject\",\"inLanguage\":\"sq-AL\",\"@id\":\"https:\\\/\\\/fjala.info\\\/2009-2015\\\/wp-content\\\/uploads\\\/2012\\\/02\\\/arben_cokaj-120x150.jpg\",\"url\":\"https:\\\/\\\/fjala.info\\\/2009-2015\\\/wp-content\\\/uploads\\\/2012\\\/02\\\/arben_cokaj-120x150.jpg\",\"contentUrl\":\"https:\\\/\\\/fjala.info\\\/2009-2015\\\/wp-content\\\/uploads\\\/2012\\\/02\\\/arben_cokaj-120x150.jpg\",\"caption\":\"admin\"},\"description\":\"Admin, Fjala e Lir\u00eb\",\"sameAs\":[\"https:\\\/\\\/fjala.info\\\/\"],\"url\":\"https:\\\/\\\/fjala.info\\\/2009-2015\\\/author\\\/admin\\\/\"}]}<\/script>\n<!-- \/ Yoast SEO plugin. -->","yoast_head_json":{"title":"BOTIM ENCIKLOPEDIK P\u00cbR MJED\u00cbN - FjALA e LIR\u00cb - Arkivi","robots":{"index":"index","follow":"follow","max-snippet":"max-snippet:-1","max-image-preview":"max-image-preview:large","max-video-preview":"max-video-preview:-1"},"canonical":"https:\/\/fjala.info\/2009-2015\/botim-enciklopedik-per-mjeden\/","og_locale":"sq_AL","og_type":"article","og_title":"BOTIM ENCIKLOPEDIK P\u00cbR MJED\u00cbN - FjALA e LIR\u00cb - Arkivi","og_description":"Dr. Nail Draga (Mentor Quku MJEDA 1-8) N\u00eb hap\u00ebsir\u00ebn kulturore mbar\u00ebshqiptare, n\u00eb koh\u00ebn e pluralizmit, studiues t\u00eb ndrysh\u00ebm jan\u00eb paraqitur m\u00eb studime dhe botime t\u00eb ve\u00e7anta, duke trajtuar tema dhe personalitete t\u00eb ndryshme nga fahu i tyre profesional. Por, nga t\u00eb gjith\u00eb ata kemi nj\u00eb rast i cili \u00ebsht\u00eb unikat p\u00ebr ne shqiptar\u00ebt, sepse pas [&hellip;]","og_url":"https:\/\/fjala.info\/2009-2015\/botim-enciklopedik-per-mjeden\/","og_site_name":"FjALA e LIR\u00cb - Arkivi","article_published_time":"2013-07-02T21:12:53+00:00","og_image":[{"url":"http:\/\/www.fjala.info\/2012\/nail_draga.jpg","type":"","width":"","height":""}],"author":"admin","twitter_card":"summary_large_image","twitter_misc":{"Written by":"admin","Est. reading time":"4 minutes"},"schema":{"@context":"https:\/\/schema.org","@graph":[{"@type":"Article","@id":"https:\/\/fjala.info\/2009-2015\/botim-enciklopedik-per-mjeden\/#article","isPartOf":{"@id":"https:\/\/fjala.info\/2009-2015\/botim-enciklopedik-per-mjeden\/"},"author":{"name":"admin","@id":"https:\/\/fjala.info\/2009-2015\/#\/schema\/person\/3aa1163ef05469c496fc94e77611ada2"},"headline":"BOTIM ENCIKLOPEDIK P\u00cbR MJED\u00cbN","datePublished":"2013-07-02T21:12:53+00:00","mainEntityOfPage":{"@id":"https:\/\/fjala.info\/2009-2015\/botim-enciklopedik-per-mjeden\/"},"wordCount":824,"commentCount":0,"publisher":{"@id":"https:\/\/fjala.info\/2009-2015\/#organization"},"image":{"@id":"https:\/\/fjala.info\/2009-2015\/botim-enciklopedik-per-mjeden\/#primaryimage"},"thumbnailUrl":"http:\/\/www.fjala.info\/2012\/nail_draga.jpg","articleSection":["Artikuj","Let\u00ebrsi"],"inLanguage":"sq-AL","potentialAction":[{"@type":"CommentAction","name":"Comment","target":["https:\/\/fjala.info\/2009-2015\/botim-enciklopedik-per-mjeden\/#respond"]}]},{"@type":"WebPage","@id":"https:\/\/fjala.info\/2009-2015\/botim-enciklopedik-per-mjeden\/","url":"https:\/\/fjala.info\/2009-2015\/botim-enciklopedik-per-mjeden\/","name":"BOTIM ENCIKLOPEDIK P\u00cbR MJED\u00cbN - FjALA e LIR\u00cb - Arkivi","isPartOf":{"@id":"https:\/\/fjala.info\/2009-2015\/#website"},"primaryImageOfPage":{"@id":"https:\/\/fjala.info\/2009-2015\/botim-enciklopedik-per-mjeden\/#primaryimage"},"image":{"@id":"https:\/\/fjala.info\/2009-2015\/botim-enciklopedik-per-mjeden\/#primaryimage"},"thumbnailUrl":"http:\/\/www.fjala.info\/2012\/nail_draga.jpg","datePublished":"2013-07-02T21:12:53+00:00","breadcrumb":{"@id":"https:\/\/fjala.info\/2009-2015\/botim-enciklopedik-per-mjeden\/#breadcrumb"},"inLanguage":"sq-AL","potentialAction":[{"@type":"ReadAction","target":["https:\/\/fjala.info\/2009-2015\/botim-enciklopedik-per-mjeden\/"]}]},{"@type":"ImageObject","inLanguage":"sq-AL","@id":"https:\/\/fjala.info\/2009-2015\/botim-enciklopedik-per-mjeden\/#primaryimage","url":"http:\/\/www.fjala.info\/2012\/nail_draga.jpg","contentUrl":"http:\/\/www.fjala.info\/2012\/nail_draga.jpg"},{"@type":"BreadcrumbList","@id":"https:\/\/fjala.info\/2009-2015\/botim-enciklopedik-per-mjeden\/#breadcrumb","itemListElement":[{"@type":"ListItem","position":1,"name":"Home","item":"https:\/\/fjala.info\/2009-2015\/"},{"@type":"ListItem","position":2,"name":"BOTIM ENCIKLOPEDIK P\u00cbR MJED\u00cbN"}]},{"@type":"WebSite","@id":"https:\/\/fjala.info\/2009-2015\/#website","url":"https:\/\/fjala.info\/2009-2015\/","name":"FjALA e LIR\u00cb - Arkivi","description":"Arkivi 2009-2015","publisher":{"@id":"https:\/\/fjala.info\/2009-2015\/#organization"},"potentialAction":[{"@type":"SearchAction","target":{"@type":"EntryPoint","urlTemplate":"https:\/\/fjala.info\/2009-2015\/?s={search_term_string}"},"query-input":{"@type":"PropertyValueSpecification","valueRequired":true,"valueName":"search_term_string"}}],"inLanguage":"sq-AL"},{"@type":"Organization","@id":"https:\/\/fjala.info\/2009-2015\/#organization","name":"FjALA e LIR\u00cb - Arkivi","url":"https:\/\/fjala.info\/2009-2015\/","logo":{"@type":"ImageObject","inLanguage":"sq-AL","@id":"https:\/\/fjala.info\/2009-2015\/#\/schema\/logo\/image\/","url":"","contentUrl":"","caption":"FjALA e LIR\u00cb - Arkivi"},"image":{"@id":"https:\/\/fjala.info\/2009-2015\/#\/schema\/logo\/image\/"}},{"@type":"Person","@id":"https:\/\/fjala.info\/2009-2015\/#\/schema\/person\/3aa1163ef05469c496fc94e77611ada2","name":"admin","image":{"@type":"ImageObject","inLanguage":"sq-AL","@id":"https:\/\/fjala.info\/2009-2015\/wp-content\/uploads\/2012\/02\/arben_cokaj-120x150.jpg","url":"https:\/\/fjala.info\/2009-2015\/wp-content\/uploads\/2012\/02\/arben_cokaj-120x150.jpg","contentUrl":"https:\/\/fjala.info\/2009-2015\/wp-content\/uploads\/2012\/02\/arben_cokaj-120x150.jpg","caption":"admin"},"description":"Admin, Fjala e Lir\u00eb","sameAs":["https:\/\/fjala.info\/"],"url":"https:\/\/fjala.info\/2009-2015\/author\/admin\/"}]}},"_links":{"self":[{"href":"https:\/\/fjala.info\/2009-2015\/wp-json\/wp\/v2\/posts\/12912","targetHints":{"allow":["GET"]}}],"collection":[{"href":"https:\/\/fjala.info\/2009-2015\/wp-json\/wp\/v2\/posts"}],"about":[{"href":"https:\/\/fjala.info\/2009-2015\/wp-json\/wp\/v2\/types\/post"}],"author":[{"embeddable":true,"href":"https:\/\/fjala.info\/2009-2015\/wp-json\/wp\/v2\/users\/1"}],"replies":[{"embeddable":true,"href":"https:\/\/fjala.info\/2009-2015\/wp-json\/wp\/v2\/comments?post=12912"}],"version-history":[{"count":0,"href":"https:\/\/fjala.info\/2009-2015\/wp-json\/wp\/v2\/posts\/12912\/revisions"}],"wp:attachment":[{"href":"https:\/\/fjala.info\/2009-2015\/wp-json\/wp\/v2\/media?parent=12912"}],"wp:term":[{"taxonomy":"category","embeddable":true,"href":"https:\/\/fjala.info\/2009-2015\/wp-json\/wp\/v2\/categories?post=12912"},{"taxonomy":"post_tag","embeddable":true,"href":"https:\/\/fjala.info\/2009-2015\/wp-json\/wp\/v2\/tags?post=12912"}],"curies":[{"name":"wp","href":"https:\/\/api.w.org\/{rel}","templated":true}]}}