{"id":12911,"date":"2013-07-01T09:45:35","date_gmt":"2013-07-01T08:45:35","guid":{"rendered":"http:\/\/fjala.info\/?p=3475"},"modified":"2013-07-01T09:45:35","modified_gmt":"2013-07-01T08:45:35","slug":"disfata-e-berishes-kete-here-eshte-perfundimtare-e-mbyllur-ne-histori","status":"publish","type":"post","link":"https:\/\/fjala.info\/2009-2015\/disfata-e-berishes-kete-here-eshte-perfundimtare-e-mbyllur-ne-histori\/","title":{"rendered":"\u201cDisfata e Berish\u00ebs k\u00ebt\u00eb her\u00eb \u00ebsht\u00eb p\u00ebrfundimtare, e mbyllur n\u00eb histori\u201d"},"content":{"rendered":"<p><img decoding=\"async\" class=\"alignleft size-thumbnail wp-image-7236\" title=\"Moikom Zeqo\" alt=\"\" src=\"http:\/\/www.fjala.info\/2013\/moikom_zeqo1.jpg\" width=\"300\" \/> <strong>Dita Online<\/strong>, <em>1 Korrik 2013<\/em><\/p>\n<p>Shkrimtari dhe studiuesi Moikom Zeqo e quan t\u00eb mbyllur kapitullin e Berish\u00ebs. N\u00eb k\u00ebt\u00eb intervist\u00eb p\u00ebr gazet\u00ebn \u2018DITA\u2019 ai thot\u00eb se figura e Berish\u00ebs tashm\u00eb \u00ebsht\u00eb jasht\u00eb politik\u00ebs, pavar\u00ebsisht se po p\u00ebrpiqet me thonj e m\u00eb dh\u00ebmb\u00eb t\u00eb q\u00ebndroj\u00eb s\u00ebrish n\u00eb politik\u00eb. Po cilat ishin m\u00ebkatet e tij q\u00eb \u00e7uan n\u00eb k\u00ebt\u00eb d\u00ebshtim katastrofik? A r\u00ebndon p\u00ebrgjegj\u00ebsia e humbjes vet\u00ebm mbi t\u00eb, apo edhe mbi bashk\u00ebpun\u00ebtor\u00ebt e tij? \u00c7far\u00eb duhet t\u00eb b\u00ebj\u00eb Partia Demokratike p\u00ebr ta rigjetur veten shtrish n\u00eb politik\u00eb n\u00eb periudh\u00ebn pas-Berishiane? T\u00eb gjitha k\u00ebto dhe nj\u00eb parashikim p\u00ebr sfidat q\u00eb e presin qeverin\u00eb e re t\u00eb drejtuar nga Rama, i gjeni n\u00ebintervist\u00ebn n\u00eb vijim.<\/p>\n<p>&#8211;<strong>N\u00eb nj\u00eb intervist\u00eb pak para zgjedhjeve ju kishit parashikuar fitoren e koalicionit t\u00eb majt\u00eb n\u00eb 23 qershor. A e kishit menduar k\u00ebt\u00eb fitore kaq t\u00eb thell\u00eb?<\/strong><\/p>\n<p>-E kisha parashikuar qart\u00eb fitoren e s\u00eb majt\u00ebs, madje edhe fatin q\u00eb Berisha do ta pranonte humbjen, por jo nj\u00eb fitore kaq t\u00eb thell\u00eb, kaq spektakolare. Pse? P\u00ebr shkak t\u00eb mekanizmit t\u00eb ligjit zgjedhor, q\u00eb mendoj se gjithsesi duhet ndryshuar patjet\u00ebr, pa asnj\u00eb lloj vet\u00ebk\u00ebnaqjeje naive p\u00ebr t\u00eb funksionuar kaq suksessh\u00ebm sa n\u00eb 23 qershor. M\u00eb i sakt\u00eb , m\u00eb i drejt\u00eb \u00ebsht\u00eb ligji zgjedhor proporcional komb\u00ebtar. Duhet kuptuar se k\u00ebshtu p\u00ebr vet\u00eb PS do t\u00eb jet\u00eb akoma m\u00eb mir\u00eb, por edhe p\u00ebr t\u00ebr\u00eb partit\u00eb e tjera t\u00eb spektrit politik.<\/p>\n<p>&#8211; <strong>Cilat ishin m\u00ebkatet e Berish\u00ebs q\u00eb \u00e7uan n\u00eb nj\u00eb disfat\u00eb kaq t\u00eb madhe p\u00ebr t\u00eb?<\/strong><\/p>\n<p>-Dua t\u00eb ve n\u00ebnvizoj se votimi i 23 qershorit \u00ebsht\u00eb historik edhe p\u00ebr nj\u00eb rekord t\u00eb v\u00ebrtet\u00eb: 1 milion njer\u00ebz kan\u00eb votuar kund\u00ebr Berish\u00ebs. Mbase asnj\u00ebher\u00eb nuk do t\u00eb ndodh\u00eb h\u00eb p\u00ebr h\u00eb nj\u00eb tjet\u00ebr votim i ngjash\u00ebm. 1 milion vota n\u00eb substanc\u00eb kund\u00ebr Berish\u00ebs, q\u00eb tregon se akti \u00ebsht\u00eb tejet kuptimplot\u00eb, sovran dhe kund\u00ebrth\u00ebn\u00ebs dhe afirmativ p\u00ebr nj\u00eb epok\u00eb tjet\u00ebr politike pa Berish\u00ebn, pra p\u00ebr nj\u00eb koh\u00eb pas-Berishiane n\u00eb t\u00eb gjitha kuptimet. \u00cbsht\u00eb jetike dhe inteligjente t\u00eb lexohet dhe t\u00eb p\u00ebrkthehet sakt\u00eb ky akt i pashembullt popullor. Figura e Berish\u00ebs tashm\u00eb \u00ebsht\u00eb jasht\u00eb politik\u00ebs, ndon\u00ebse \u00ebsht\u00eb ende n\u00eb politik\u00eb.<\/p>\n<p>Edhe tek Ekleziasti thuhet se \u201cka nj\u00eb koh\u00eb p\u00ebr t\u00eb fituar dhe nj\u00eb koh\u00eb p\u00ebr t\u00eb humbur\u201d.Berisha ka humbur, por n\u00ebm\u00ebnyr\u00eb jo thjesht sempliste, apo thjesht\u00eb t\u00eb rotacionit mbas 8 vitesh. Disfata k\u00ebt\u00eb her\u00eb \u00ebsht\u00eb gati p\u00ebrfundimtare, pra di\u00e7ka e mbyllur n\u00eb histori. E pariparueshme si p\u00ebrs\u00ebritje ose si histori e dyzuar. Ka humbur si sh\u00ebmb\u00eblltyr\u00eb groteske, si arketip i mbrapsht\u00eb politik, si keqqeverisje e kushtueshme dhe retrograde, si nj\u00eb shkat\u00ebrrim i vijuar n\u00eb vite, si ligj\u00ebrim i vrazhd\u00eb dhe i prapambetur i konfliktualitetit t\u00eb neveritsh\u00ebm politik, ka d\u00ebshtuar siautoritariz\u00ebm politik, e shkat\u00ebrroi vet\u00eb PD, ka d\u00ebshtuar si konceptualitet.<\/p>\n<p>1 milion votues n\u00eb heshtje e kan\u00eb konfirmuar k\u00ebt\u00eb gj\u00eb madh\u00ebrisht nga posht\u00eb m\u00eb shum\u00eb se sa debati politik nd\u00ebrpartiak k\u00ebt\u00eb gj\u00eb nga sip\u00ebr kemi pra nj\u00eb rast kur populli tregon nj\u00eb sovranitet dhe nj\u00eb vet\u00ebdij\u00eb t\u00eb ep\u00ebrme p\u00ebr demokracin\u00eb dhe vetveten p\u00ebr fatin e tij dhe kahjen e zhvillimit, duke b\u00ebr\u00eb nj\u00eb ndarje t\u00eb fort\u00eb, t\u00eb prer\u00eb me t\u00eb kaluar\u00ebn e nj\u00eb deformimi dhe t\u00eb nj\u00eb demokracie t\u00eb keqp\u00ebrdorur, t\u00eb alambikuar marr\u00ebzish\u00ebm, t\u00eb nj\u00eb pseudodemokracie apokrife drejt s\u00eb ardhmes s\u00eb nj\u00eb demokracie t\u00eb v\u00ebrtet\u00eb. M\u00ebkatet e Berish\u00ebs jan\u00eb m\u00ebkate t\u00eb m\u00ebdha t\u00eb \u00e7do gj\u00ebje q\u00eb simbolizoi dhe stimuloi ai rr\u00ebmujsh\u00ebm dhe n\u00eb m\u00ebnyr\u00eb paradoksale, primitive k\u00ebto 22 vjet. Mbaroi k\u00ebshtu etapa se si nuk duhet ushtruar, konceptuar dhe si nuk duhet b\u00ebr\u00eb politika e gabuar n\u00eb substanc\u00eb n\u00eb nj\u00eb rend demokratik, qoft\u00eb edhe t\u00eb brisht\u00eb.<\/p>\n<p><strong>Kjo humbje i p\u00ebrket vet\u00ebm Berish\u00ebs si\u00e7 tha ai, apo edhe t\u00eb tjer\u00ebve n\u00eb stafin e tij?<\/strong><\/p>\n<p>-Kjo humbje \u00ebsht\u00eb para s\u00eb gjithash jo nj\u00eb humbje e zakonshme krejt normale n\u00eb politik\u00eb \u2013 jo, \u00ebsht\u00eb nj\u00eb humbje e papar\u00eb konceptuale, pra \u00ebsht\u00eb nj\u00eb lloj katastrof\u00eb mendore, e ngjizjes s\u00eb nj\u00eb politike t\u00eb s\u00eb djatht\u00ebs n\u00eb skajet m\u00eb t\u00eb gabueshme t\u00eb personalizimit autoritarist t\u00eb papar\u00eb, ku lideri \u00ebsht\u00eb partia dhe nd\u00ebrsjelltas, ku klanizimi i PD u kthye n\u00eb nj\u00eb fatkeq\u00ebsi historike p\u00ebr t\u00eb, ku virtualizmi primitiv dhe i vrazhd\u00eb p\u00ebrfundoi n\u00eb nj\u00eb zhg\u00ebnjim t\u00eb papar\u00eb. Humbja personalizohet si humbje t\u00ebr\u00ebsisht e Berish\u00ebs dhe predikateve t\u00eb tij, pra e \u00e7do gj\u00ebje t\u00eb klonuar prej tij, t\u00eb stimuluar k\u00ebto 22 vite prej tij. Pra jo thjesht individuale prandaj po e riktheksoj \u00ebsht\u00eb humbje e r\u00ebnd\u00eb konceptuale.<\/p>\n<p>&#8211;<strong>Ju e d\u00ebgjuat fjalimin e dor\u00ebheqjes s\u00eb Berish\u00ebs. Shum\u00ebkush ka parashikuar nj\u00eb rikthim t\u00eb mundsh\u00ebm t\u00eb Berish\u00ebs s\u00ebrish n\u00eb politik\u00eb. Ju si mendoni, a ka gjasa t\u00eb ndodh\u00eb kjo?<\/strong><\/p>\n<p>&#8211; Un\u00eb i dhash\u00eb pak a shum\u00eb p\u00ebrgjigje k\u00ebsaj pyetjeje kur thash\u00eb pak m\u00eb sip\u00ebr se disfata k\u00ebt\u00eb her\u00eb \u00ebsht\u00eb gati p\u00ebrfundimtare, pra di\u00e7ka e mbyllur n\u00eb histori. Fjalimi i dor\u00ebheqjes (e paparashikueshme n\u00eb fakt nga t\u00ebr\u00eb analist\u00ebt, madje edhe nga politikan\u00ebt kund\u00ebrshtar\u00eb) qe fakti se si Berisha e ravij\u00ebzon vetveten n\u00eb histori, pra nj\u00eb lloj vetapoteoze e \u00e7uditshme. Por ajo q\u00eb Berisha thot\u00eb p\u00ebr veten e tij nuk \u00ebsht\u00eb e v\u00ebrteta q\u00eb historia do t\u00eb thot\u00eb p\u00ebr vet\u00eb at\u00eb. Artikujshkruesit servil\u00eb dhe nostalgjik\u00ebt klientelist\u00eb shkruan ditirambe dhe himne p\u00ebr t\u00eb \u2013 por kjo s\u2019ka t\u00eb b\u00ebj\u00eb me analiz\u00ebn shkencore dhe vler\u00ebsimin e sakt\u00eb historik t\u00eb b\u00ebmave t\u00eb tij. Berisha qe politikani si nuk duhet t\u00eb ishte, dhe qe i till\u00eb se nuk mund t\u00eb ishte ndryshe, ose q\u00eb duan ta apologjizojn\u00eb grotesk\u00ebrisht.<\/p>\n<p>&#8211;<strong>\u00c7far\u00eb do t\u00eb ishte mir\u00eb t\u00eb b\u00ebnte PD-ja n\u00eb k\u00ebto momente p\u00ebr t\u00eb rimarr\u00eb veten?<\/strong><\/p>\n<p>&#8211; Ngaq\u00eb disfata qe konceptuale, duhet t\u00eb rikonceptualizohet q\u00eb nga fillimi n\u00eb substanc\u00eb, por n\u00eb nj\u00eb substanc\u00eb jo berishiane. Por kjo gj\u00eb do koh\u00eb, p\u00ebr fat t\u00eb keq shum\u00eb koh\u00eb \u2013 dhe nuk do t\u00eb jet\u00eb e leht\u00eb aspak. Por statusi i opozit\u00ebs do t\u00eb ndihmoj\u00eb n\u00eb nj\u00eb rip\u00ebrt\u00ebritje, t\u00eb tjet\u00ebrsuar nga e kaluara problematike si parti, si konceptim dhe si funksionim antidemokratik.<\/p>\n<p>&#8211;<strong>Si e shikoni perspektiv\u00ebn e af\u00ebrt t\u00eb qeveris\u00eb s\u00eb re t\u00eb drejtuar nga Edi Rama?<\/strong><\/p>\n<p>&#8211; \u00c7do qeverisje \u00ebsht\u00eb m\u00eb e v\u00ebshtir\u00eb dhe m\u00eb e nd\u00ebrlikuar edhe nga fitorja m\u00eb e madhe, kjo dihet. Kam shpres\u00eb dhe bindje se qeverisja e re me gjith\u00eb nd\u00ebrlikimshm\u00ebrin\u00eb e tmerrshme t\u00eb sfidave q\u00eb e presin do t\u00eb shkruaj\u00eb nj\u00eb faqe t\u00eb re n\u00eb historin\u00eb e politik\u00ebs. Dhe k\u00ebshtu do t\u00eb ndodh\u00eb m\u00eb n\u00eb fund!<\/p>\n","protected":false},"excerpt":{"rendered":"<p>Dita Online, 1 Korrik 2013 Shkrimtari dhe studiuesi Moikom Zeqo e quan t\u00eb mbyllur kapitullin e Berish\u00ebs. N\u00eb k\u00ebt\u00eb intervist\u00eb p\u00ebr gazet\u00ebn \u2018DITA\u2019 ai thot\u00eb se figura e Berish\u00ebs tashm\u00eb \u00ebsht\u00eb jasht\u00eb politik\u00ebs, pavar\u00ebsisht se po p\u00ebrpiqet me thonj e m\u00eb dh\u00ebmb\u00eb t\u00eb q\u00ebndroj\u00eb s\u00ebrish n\u00eb politik\u00eb. Po cilat ishin m\u00ebkatet e tij q\u00eb \u00e7uan [&hellip;]<\/p>\n","protected":false},"author":1,"featured_media":0,"comment_status":"open","ping_status":"closed","sticky":false,"template":"","format":"standard","meta":{"footnotes":""},"categories":[4],"tags":[],"class_list":{"0":"post-12911","1":"post","2":"type-post","3":"status-publish","4":"format-standard","6":"category-intervista"},"yoast_head":"<!-- This site is optimized with the Yoast SEO plugin v27.4 - https:\/\/yoast.com\/product\/yoast-seo-wordpress\/ -->\n<title>\u201cDisfata e Berish\u00ebs k\u00ebt\u00eb her\u00eb \u00ebsht\u00eb p\u00ebrfundimtare, e mbyllur n\u00eb histori\u201d - FjALA e LIR\u00cb - Arkivi<\/title>\n<meta name=\"robots\" content=\"index, follow, max-snippet:-1, max-image-preview:large, max-video-preview:-1\" \/>\n<link rel=\"canonical\" href=\"https:\/\/fjala.info\/2009-2015\/disfata-e-berishes-kete-here-eshte-perfundimtare-e-mbyllur-ne-histori\/\" \/>\n<meta property=\"og:locale\" content=\"sq_AL\" \/>\n<meta property=\"og:type\" content=\"article\" \/>\n<meta property=\"og:title\" content=\"\u201cDisfata e Berish\u00ebs k\u00ebt\u00eb her\u00eb \u00ebsht\u00eb p\u00ebrfundimtare, e mbyllur n\u00eb histori\u201d - FjALA e LIR\u00cb - Arkivi\" \/>\n<meta property=\"og:description\" content=\"Dita Online, 1 Korrik 2013 Shkrimtari dhe studiuesi Moikom Zeqo e quan t\u00eb mbyllur kapitullin e Berish\u00ebs. N\u00eb k\u00ebt\u00eb intervist\u00eb p\u00ebr gazet\u00ebn \u2018DITA\u2019 ai thot\u00eb se figura e Berish\u00ebs tashm\u00eb \u00ebsht\u00eb jasht\u00eb politik\u00ebs, pavar\u00ebsisht se po p\u00ebrpiqet me thonj e m\u00eb dh\u00ebmb\u00eb t\u00eb q\u00ebndroj\u00eb s\u00ebrish n\u00eb politik\u00eb. Po cilat ishin m\u00ebkatet e tij q\u00eb \u00e7uan [&hellip;]\" \/>\n<meta property=\"og:url\" content=\"https:\/\/fjala.info\/2009-2015\/disfata-e-berishes-kete-here-eshte-perfundimtare-e-mbyllur-ne-histori\/\" \/>\n<meta property=\"og:site_name\" content=\"FjALA e LIR\u00cb - Arkivi\" \/>\n<meta property=\"article:published_time\" content=\"2013-07-01T08:45:35+00:00\" \/>\n<meta property=\"og:image\" content=\"http:\/\/www.fjala.info\/2013\/moikom_zeqo1.jpg\" \/>\n<meta name=\"author\" content=\"admin\" \/>\n<meta name=\"twitter:card\" content=\"summary_large_image\" \/>\n<meta name=\"twitter:label1\" content=\"Written by\" \/>\n\t<meta name=\"twitter:data1\" content=\"admin\" \/>\n\t<meta name=\"twitter:label2\" content=\"Est. reading time\" \/>\n\t<meta name=\"twitter:data2\" content=\"6 minutes\" \/>\n<script type=\"application\/ld+json\" class=\"yoast-schema-graph\">{\"@context\":\"https:\\\/\\\/schema.org\",\"@graph\":[{\"@type\":\"Article\",\"@id\":\"https:\\\/\\\/fjala.info\\\/2009-2015\\\/disfata-e-berishes-kete-here-eshte-perfundimtare-e-mbyllur-ne-histori\\\/#article\",\"isPartOf\":{\"@id\":\"https:\\\/\\\/fjala.info\\\/2009-2015\\\/disfata-e-berishes-kete-here-eshte-perfundimtare-e-mbyllur-ne-histori\\\/\"},\"author\":{\"name\":\"admin\",\"@id\":\"https:\\\/\\\/fjala.info\\\/2009-2015\\\/#\\\/schema\\\/person\\\/3aa1163ef05469c496fc94e77611ada2\"},\"headline\":\"\u201cDisfata e Berish\u00ebs k\u00ebt\u00eb her\u00eb \u00ebsht\u00eb p\u00ebrfundimtare, e mbyllur n\u00eb histori\u201d\",\"datePublished\":\"2013-07-01T08:45:35+00:00\",\"mainEntityOfPage\":{\"@id\":\"https:\\\/\\\/fjala.info\\\/2009-2015\\\/disfata-e-berishes-kete-here-eshte-perfundimtare-e-mbyllur-ne-histori\\\/\"},\"wordCount\":1197,\"commentCount\":0,\"publisher\":{\"@id\":\"https:\\\/\\\/fjala.info\\\/2009-2015\\\/#organization\"},\"image\":{\"@id\":\"https:\\\/\\\/fjala.info\\\/2009-2015\\\/disfata-e-berishes-kete-here-eshte-perfundimtare-e-mbyllur-ne-histori\\\/#primaryimage\"},\"thumbnailUrl\":\"http:\\\/\\\/www.fjala.info\\\/2013\\\/moikom_zeqo1.jpg\",\"articleSection\":[\"Intervista\"],\"inLanguage\":\"sq-AL\",\"potentialAction\":[{\"@type\":\"CommentAction\",\"name\":\"Comment\",\"target\":[\"https:\\\/\\\/fjala.info\\\/2009-2015\\\/disfata-e-berishes-kete-here-eshte-perfundimtare-e-mbyllur-ne-histori\\\/#respond\"]}]},{\"@type\":\"WebPage\",\"@id\":\"https:\\\/\\\/fjala.info\\\/2009-2015\\\/disfata-e-berishes-kete-here-eshte-perfundimtare-e-mbyllur-ne-histori\\\/\",\"url\":\"https:\\\/\\\/fjala.info\\\/2009-2015\\\/disfata-e-berishes-kete-here-eshte-perfundimtare-e-mbyllur-ne-histori\\\/\",\"name\":\"\u201cDisfata e Berish\u00ebs k\u00ebt\u00eb her\u00eb \u00ebsht\u00eb p\u00ebrfundimtare, e mbyllur n\u00eb histori\u201d - FjALA e LIR\u00cb - Arkivi\",\"isPartOf\":{\"@id\":\"https:\\\/\\\/fjala.info\\\/2009-2015\\\/#website\"},\"primaryImageOfPage\":{\"@id\":\"https:\\\/\\\/fjala.info\\\/2009-2015\\\/disfata-e-berishes-kete-here-eshte-perfundimtare-e-mbyllur-ne-histori\\\/#primaryimage\"},\"image\":{\"@id\":\"https:\\\/\\\/fjala.info\\\/2009-2015\\\/disfata-e-berishes-kete-here-eshte-perfundimtare-e-mbyllur-ne-histori\\\/#primaryimage\"},\"thumbnailUrl\":\"http:\\\/\\\/www.fjala.info\\\/2013\\\/moikom_zeqo1.jpg\",\"datePublished\":\"2013-07-01T08:45:35+00:00\",\"breadcrumb\":{\"@id\":\"https:\\\/\\\/fjala.info\\\/2009-2015\\\/disfata-e-berishes-kete-here-eshte-perfundimtare-e-mbyllur-ne-histori\\\/#breadcrumb\"},\"inLanguage\":\"sq-AL\",\"potentialAction\":[{\"@type\":\"ReadAction\",\"target\":[\"https:\\\/\\\/fjala.info\\\/2009-2015\\\/disfata-e-berishes-kete-here-eshte-perfundimtare-e-mbyllur-ne-histori\\\/\"]}]},{\"@type\":\"ImageObject\",\"inLanguage\":\"sq-AL\",\"@id\":\"https:\\\/\\\/fjala.info\\\/2009-2015\\\/disfata-e-berishes-kete-here-eshte-perfundimtare-e-mbyllur-ne-histori\\\/#primaryimage\",\"url\":\"http:\\\/\\\/www.fjala.info\\\/2013\\\/moikom_zeqo1.jpg\",\"contentUrl\":\"http:\\\/\\\/www.fjala.info\\\/2013\\\/moikom_zeqo1.jpg\"},{\"@type\":\"BreadcrumbList\",\"@id\":\"https:\\\/\\\/fjala.info\\\/2009-2015\\\/disfata-e-berishes-kete-here-eshte-perfundimtare-e-mbyllur-ne-histori\\\/#breadcrumb\",\"itemListElement\":[{\"@type\":\"ListItem\",\"position\":1,\"name\":\"Home\",\"item\":\"https:\\\/\\\/fjala.info\\\/2009-2015\\\/\"},{\"@type\":\"ListItem\",\"position\":2,\"name\":\"\u201cDisfata e Berish\u00ebs k\u00ebt\u00eb her\u00eb \u00ebsht\u00eb p\u00ebrfundimtare, e mbyllur n\u00eb histori\u201d\"}]},{\"@type\":\"WebSite\",\"@id\":\"https:\\\/\\\/fjala.info\\\/2009-2015\\\/#website\",\"url\":\"https:\\\/\\\/fjala.info\\\/2009-2015\\\/\",\"name\":\"FjALA e LIR\u00cb - Arkivi\",\"description\":\"Arkivi 2009-2015\",\"publisher\":{\"@id\":\"https:\\\/\\\/fjala.info\\\/2009-2015\\\/#organization\"},\"potentialAction\":[{\"@type\":\"SearchAction\",\"target\":{\"@type\":\"EntryPoint\",\"urlTemplate\":\"https:\\\/\\\/fjala.info\\\/2009-2015\\\/?s={search_term_string}\"},\"query-input\":{\"@type\":\"PropertyValueSpecification\",\"valueRequired\":true,\"valueName\":\"search_term_string\"}}],\"inLanguage\":\"sq-AL\"},{\"@type\":\"Organization\",\"@id\":\"https:\\\/\\\/fjala.info\\\/2009-2015\\\/#organization\",\"name\":\"FjALA e LIR\u00cb - Arkivi\",\"url\":\"https:\\\/\\\/fjala.info\\\/2009-2015\\\/\",\"logo\":{\"@type\":\"ImageObject\",\"inLanguage\":\"sq-AL\",\"@id\":\"https:\\\/\\\/fjala.info\\\/2009-2015\\\/#\\\/schema\\\/logo\\\/image\\\/\",\"url\":\"\",\"contentUrl\":\"\",\"caption\":\"FjALA e LIR\u00cb - Arkivi\"},\"image\":{\"@id\":\"https:\\\/\\\/fjala.info\\\/2009-2015\\\/#\\\/schema\\\/logo\\\/image\\\/\"}},{\"@type\":\"Person\",\"@id\":\"https:\\\/\\\/fjala.info\\\/2009-2015\\\/#\\\/schema\\\/person\\\/3aa1163ef05469c496fc94e77611ada2\",\"name\":\"admin\",\"image\":{\"@type\":\"ImageObject\",\"inLanguage\":\"sq-AL\",\"@id\":\"https:\\\/\\\/fjala.info\\\/2009-2015\\\/wp-content\\\/uploads\\\/2012\\\/02\\\/arben_cokaj-120x150.jpg\",\"url\":\"https:\\\/\\\/fjala.info\\\/2009-2015\\\/wp-content\\\/uploads\\\/2012\\\/02\\\/arben_cokaj-120x150.jpg\",\"contentUrl\":\"https:\\\/\\\/fjala.info\\\/2009-2015\\\/wp-content\\\/uploads\\\/2012\\\/02\\\/arben_cokaj-120x150.jpg\",\"caption\":\"admin\"},\"description\":\"Admin, Fjala e Lir\u00eb\",\"sameAs\":[\"https:\\\/\\\/fjala.info\\\/\"],\"url\":\"https:\\\/\\\/fjala.info\\\/2009-2015\\\/author\\\/admin\\\/\"}]}<\/script>\n<!-- \/ Yoast SEO plugin. -->","yoast_head_json":{"title":"\u201cDisfata e Berish\u00ebs k\u00ebt\u00eb her\u00eb \u00ebsht\u00eb p\u00ebrfundimtare, e mbyllur n\u00eb histori\u201d - FjALA e LIR\u00cb - Arkivi","robots":{"index":"index","follow":"follow","max-snippet":"max-snippet:-1","max-image-preview":"max-image-preview:large","max-video-preview":"max-video-preview:-1"},"canonical":"https:\/\/fjala.info\/2009-2015\/disfata-e-berishes-kete-here-eshte-perfundimtare-e-mbyllur-ne-histori\/","og_locale":"sq_AL","og_type":"article","og_title":"\u201cDisfata e Berish\u00ebs k\u00ebt\u00eb her\u00eb \u00ebsht\u00eb p\u00ebrfundimtare, e mbyllur n\u00eb histori\u201d - FjALA e LIR\u00cb - Arkivi","og_description":"Dita Online, 1 Korrik 2013 Shkrimtari dhe studiuesi Moikom Zeqo e quan t\u00eb mbyllur kapitullin e Berish\u00ebs. N\u00eb k\u00ebt\u00eb intervist\u00eb p\u00ebr gazet\u00ebn \u2018DITA\u2019 ai thot\u00eb se figura e Berish\u00ebs tashm\u00eb \u00ebsht\u00eb jasht\u00eb politik\u00ebs, pavar\u00ebsisht se po p\u00ebrpiqet me thonj e m\u00eb dh\u00ebmb\u00eb t\u00eb q\u00ebndroj\u00eb s\u00ebrish n\u00eb politik\u00eb. Po cilat ishin m\u00ebkatet e tij q\u00eb \u00e7uan [&hellip;]","og_url":"https:\/\/fjala.info\/2009-2015\/disfata-e-berishes-kete-here-eshte-perfundimtare-e-mbyllur-ne-histori\/","og_site_name":"FjALA e LIR\u00cb - Arkivi","article_published_time":"2013-07-01T08:45:35+00:00","og_image":[{"url":"http:\/\/www.fjala.info\/2013\/moikom_zeqo1.jpg","type":"","width":"","height":""}],"author":"admin","twitter_card":"summary_large_image","twitter_misc":{"Written by":"admin","Est. reading time":"6 minutes"},"schema":{"@context":"https:\/\/schema.org","@graph":[{"@type":"Article","@id":"https:\/\/fjala.info\/2009-2015\/disfata-e-berishes-kete-here-eshte-perfundimtare-e-mbyllur-ne-histori\/#article","isPartOf":{"@id":"https:\/\/fjala.info\/2009-2015\/disfata-e-berishes-kete-here-eshte-perfundimtare-e-mbyllur-ne-histori\/"},"author":{"name":"admin","@id":"https:\/\/fjala.info\/2009-2015\/#\/schema\/person\/3aa1163ef05469c496fc94e77611ada2"},"headline":"\u201cDisfata e Berish\u00ebs k\u00ebt\u00eb her\u00eb \u00ebsht\u00eb p\u00ebrfundimtare, e mbyllur n\u00eb histori\u201d","datePublished":"2013-07-01T08:45:35+00:00","mainEntityOfPage":{"@id":"https:\/\/fjala.info\/2009-2015\/disfata-e-berishes-kete-here-eshte-perfundimtare-e-mbyllur-ne-histori\/"},"wordCount":1197,"commentCount":0,"publisher":{"@id":"https:\/\/fjala.info\/2009-2015\/#organization"},"image":{"@id":"https:\/\/fjala.info\/2009-2015\/disfata-e-berishes-kete-here-eshte-perfundimtare-e-mbyllur-ne-histori\/#primaryimage"},"thumbnailUrl":"http:\/\/www.fjala.info\/2013\/moikom_zeqo1.jpg","articleSection":["Intervista"],"inLanguage":"sq-AL","potentialAction":[{"@type":"CommentAction","name":"Comment","target":["https:\/\/fjala.info\/2009-2015\/disfata-e-berishes-kete-here-eshte-perfundimtare-e-mbyllur-ne-histori\/#respond"]}]},{"@type":"WebPage","@id":"https:\/\/fjala.info\/2009-2015\/disfata-e-berishes-kete-here-eshte-perfundimtare-e-mbyllur-ne-histori\/","url":"https:\/\/fjala.info\/2009-2015\/disfata-e-berishes-kete-here-eshte-perfundimtare-e-mbyllur-ne-histori\/","name":"\u201cDisfata e Berish\u00ebs k\u00ebt\u00eb her\u00eb \u00ebsht\u00eb p\u00ebrfundimtare, e mbyllur n\u00eb histori\u201d - FjALA e LIR\u00cb - Arkivi","isPartOf":{"@id":"https:\/\/fjala.info\/2009-2015\/#website"},"primaryImageOfPage":{"@id":"https:\/\/fjala.info\/2009-2015\/disfata-e-berishes-kete-here-eshte-perfundimtare-e-mbyllur-ne-histori\/#primaryimage"},"image":{"@id":"https:\/\/fjala.info\/2009-2015\/disfata-e-berishes-kete-here-eshte-perfundimtare-e-mbyllur-ne-histori\/#primaryimage"},"thumbnailUrl":"http:\/\/www.fjala.info\/2013\/moikom_zeqo1.jpg","datePublished":"2013-07-01T08:45:35+00:00","breadcrumb":{"@id":"https:\/\/fjala.info\/2009-2015\/disfata-e-berishes-kete-here-eshte-perfundimtare-e-mbyllur-ne-histori\/#breadcrumb"},"inLanguage":"sq-AL","potentialAction":[{"@type":"ReadAction","target":["https:\/\/fjala.info\/2009-2015\/disfata-e-berishes-kete-here-eshte-perfundimtare-e-mbyllur-ne-histori\/"]}]},{"@type":"ImageObject","inLanguage":"sq-AL","@id":"https:\/\/fjala.info\/2009-2015\/disfata-e-berishes-kete-here-eshte-perfundimtare-e-mbyllur-ne-histori\/#primaryimage","url":"http:\/\/www.fjala.info\/2013\/moikom_zeqo1.jpg","contentUrl":"http:\/\/www.fjala.info\/2013\/moikom_zeqo1.jpg"},{"@type":"BreadcrumbList","@id":"https:\/\/fjala.info\/2009-2015\/disfata-e-berishes-kete-here-eshte-perfundimtare-e-mbyllur-ne-histori\/#breadcrumb","itemListElement":[{"@type":"ListItem","position":1,"name":"Home","item":"https:\/\/fjala.info\/2009-2015\/"},{"@type":"ListItem","position":2,"name":"\u201cDisfata e Berish\u00ebs k\u00ebt\u00eb her\u00eb \u00ebsht\u00eb p\u00ebrfundimtare, e mbyllur n\u00eb histori\u201d"}]},{"@type":"WebSite","@id":"https:\/\/fjala.info\/2009-2015\/#website","url":"https:\/\/fjala.info\/2009-2015\/","name":"FjALA e LIR\u00cb - Arkivi","description":"Arkivi 2009-2015","publisher":{"@id":"https:\/\/fjala.info\/2009-2015\/#organization"},"potentialAction":[{"@type":"SearchAction","target":{"@type":"EntryPoint","urlTemplate":"https:\/\/fjala.info\/2009-2015\/?s={search_term_string}"},"query-input":{"@type":"PropertyValueSpecification","valueRequired":true,"valueName":"search_term_string"}}],"inLanguage":"sq-AL"},{"@type":"Organization","@id":"https:\/\/fjala.info\/2009-2015\/#organization","name":"FjALA e LIR\u00cb - Arkivi","url":"https:\/\/fjala.info\/2009-2015\/","logo":{"@type":"ImageObject","inLanguage":"sq-AL","@id":"https:\/\/fjala.info\/2009-2015\/#\/schema\/logo\/image\/","url":"","contentUrl":"","caption":"FjALA e LIR\u00cb - Arkivi"},"image":{"@id":"https:\/\/fjala.info\/2009-2015\/#\/schema\/logo\/image\/"}},{"@type":"Person","@id":"https:\/\/fjala.info\/2009-2015\/#\/schema\/person\/3aa1163ef05469c496fc94e77611ada2","name":"admin","image":{"@type":"ImageObject","inLanguage":"sq-AL","@id":"https:\/\/fjala.info\/2009-2015\/wp-content\/uploads\/2012\/02\/arben_cokaj-120x150.jpg","url":"https:\/\/fjala.info\/2009-2015\/wp-content\/uploads\/2012\/02\/arben_cokaj-120x150.jpg","contentUrl":"https:\/\/fjala.info\/2009-2015\/wp-content\/uploads\/2012\/02\/arben_cokaj-120x150.jpg","caption":"admin"},"description":"Admin, Fjala e Lir\u00eb","sameAs":["https:\/\/fjala.info\/"],"url":"https:\/\/fjala.info\/2009-2015\/author\/admin\/"}]}},"_links":{"self":[{"href":"https:\/\/fjala.info\/2009-2015\/wp-json\/wp\/v2\/posts\/12911","targetHints":{"allow":["GET"]}}],"collection":[{"href":"https:\/\/fjala.info\/2009-2015\/wp-json\/wp\/v2\/posts"}],"about":[{"href":"https:\/\/fjala.info\/2009-2015\/wp-json\/wp\/v2\/types\/post"}],"author":[{"embeddable":true,"href":"https:\/\/fjala.info\/2009-2015\/wp-json\/wp\/v2\/users\/1"}],"replies":[{"embeddable":true,"href":"https:\/\/fjala.info\/2009-2015\/wp-json\/wp\/v2\/comments?post=12911"}],"version-history":[{"count":0,"href":"https:\/\/fjala.info\/2009-2015\/wp-json\/wp\/v2\/posts\/12911\/revisions"}],"wp:attachment":[{"href":"https:\/\/fjala.info\/2009-2015\/wp-json\/wp\/v2\/media?parent=12911"}],"wp:term":[{"taxonomy":"category","embeddable":true,"href":"https:\/\/fjala.info\/2009-2015\/wp-json\/wp\/v2\/categories?post=12911"},{"taxonomy":"post_tag","embeddable":true,"href":"https:\/\/fjala.info\/2009-2015\/wp-json\/wp\/v2\/tags?post=12911"}],"curies":[{"name":"wp","href":"https:\/\/api.w.org\/{rel}","templated":true}]}}