{"id":12910,"date":"2013-07-01T09:23:00","date_gmt":"2013-07-01T08:23:00","guid":{"rendered":"http:\/\/fjala.info\/?p=3471"},"modified":"2013-07-01T09:23:00","modified_gmt":"2013-07-01T08:23:00","slug":"rama-ujerat-me-greqine-nerespekt-te-plote-te-njeri-tjetrit-te-tjera-rreth-shkrimit","status":"publish","type":"post","link":"https:\/\/fjala.info\/2009-2015\/rama-ujerat-me-greqine-nerespekt-te-plote-te-njeri-tjetrit-te-tjera-rreth-shkrimit\/","title":{"rendered":"Rama: Uj\u00ebrat me Greqin\u00eb, n\u00eb respekt t\u00eb plot\u00eb t\u00eb nj\u00ebri-tjetrit"},"content":{"rendered":"<p><img decoding=\"async\" class=\"alignleft size-thumbnail wp-image-7236\" title=\"Edi Rama\" alt=\"\" src=\"http:\/\/www.fjala.info\/2013\/rama_ok.jpg\" width=\"200\" \/> <strong><em>Politike<\/em><\/strong> Nga <strong>ARDI STEFA<\/strong>, <em>30 Qershor 2013<\/em><\/p>\n<p><em>Nga Kroacia: Dark\u00eb me thjesht\u00ebsi mbres\u00ebl\u00ebn\u00ebse p\u00ebr BE-n\u00eb VIDEO\/ Rama p\u00ebr \u201cLe Courrier des Balkans&#8221; &#8220;N\u00eb 2009, nd\u00ebrkomb\u00ebtar\u00ebt na tradhtuan&#8221; <\/em><\/p>\n<p><em>ATHINE<\/em> &#8211; Gazeta greke \u201cKathimerini\u201d ka intervistuar kryeministrin e ardhsh\u00ebm shqiptar, Edi Rama, i cili iu \u00ebsht\u00eb p\u00ebrgjigjur disa pyetjeve mjaft t\u00eb mprehta; mbi marr\u00ebdh\u00ebniet shqiptaro-greke n\u00eb t\u00ebr\u00ebsi, por edhe n\u00eb lidhje me nj\u00eb \u00e7\u00ebshtje t\u00eb diskutueshme, q\u00eb solli \u201cngric\u00eb\u201d n\u00eb marr\u00ebdh\u00ebniet dypal\u00ebshe, si\u00e7 jan\u00eb kufijt\u00eb detar\u00eb mes dy vendeve.<\/p>\n<p><strong>RAMA P\u00cbR UJ\u00cbRAT: N\u00cb RESPEKT T\u00cb PLOT\u00cb T\u00cb PIK\u00cbPAMJEVE T\u00cb NJ\u00cbRI-TJETRIT<\/strong><br \/>\nPyetjes n\u00ebse \u00ebsht\u00eb prioritet tema e kufijve detar\u00eb p\u00ebr qeverin\u00eb e re, Edi Rama i \u00ebsht\u00eb p\u00ebrgjigjur: \u201cDuhet t\u00eb bisedojm\u00eb, q\u00eb t\u00eb gjejm\u00eb zgjidhjen e duhur p\u00ebr shkrirjen e marr\u00ebveshjes n\u00eb respekt t\u00eb plot\u00eb t\u00eb pik\u00ebpamjeve t\u00eb nj\u00ebri-tjetrit. Jetojm\u00eb n\u00eb koh\u00eb t\u00eb ndryshme nga disa vjet m\u00eb par\u00eb dhe popujt tan\u00eb nuk mund t\u00eb p\u00ebrfitojn\u00eb, n\u00ebse nuk ndryshojm\u00eb duke ecur me koh\u00ebn, e cila gjithashtu ec\u00ebn shum\u00eb shpejt\u201d.<\/p>\n<p><strong>NGA DIMRI SIBERIAN, VERA DO T\u00cb VIJ\u00cb SHUM\u00cb SHPEJT MES SHQIP\u00cbRIS\u00cb DHE GREQIS\u00cb<\/strong><br \/>\nKreu i PS \u00ebsht\u00eb pozicionuar edhe mbi deklaratat &#8220;nacionaliste&#8221; p\u00ebr t\u00eb cilat u akuzua Sali Berisha &#8211; kryeministri n\u00eb ikje &#8211; nga qeveria greke. I pyetur nga gazetari grek, Stavros Tzimas, n\u00eb lidhje me p\u00ebrmir\u00ebsimin e klim\u00ebs s\u00eb ngurt\u00eb, sidomos pas \u201cdeklaratave nacionaliste t\u00eb kryeministrit Berisha, t\u00eb cilat i \u00e7uan marr\u00ebdh\u00ebniet mes dy vendeve n\u00eb nj\u00eb temperatur\u00eb siberiane\u201d, Rama u p\u00ebrgjigj: \u201cAcari n\u00eb marr\u00ebdh\u00ebniet tona, mori fund dhe se \u201cvera\u201d do vij\u00eb p\u00ebrs\u00ebri shum\u00eb shpejt n\u00eb marr\u00ebdh\u00ebniet shqiptaro-greke\u201d.<\/p>\n<p>Edi Rama ka shtuar se, &#8220;kthimi i popullit n\u00eb pushtet pas kaq vitesh n\u00ebn pushtetin e nj\u00eb njeriu t\u00eb vet\u00ebm, \u00ebsht\u00eb p\u00ebrgjigjja p\u00ebr klim\u00ebn e krijuar n\u00eb aren\u00ebn nd\u00ebrkomb\u00ebtare, se me fitoren e tij, Shqip\u00ebria kthen faqe dhe ndryshon&#8221;.GREQIA KA ROL P\u00cbR T\u00cb LUAJTUR N\u00cb EUROP\u00cb P\u00cbR NE&#8221;\u00c7far\u00eb shpreson nga pala greke n\u00eb rrug\u00ebn e Shqip\u00ebris\u00eb drejt BE-s\u00eb?&#8221; Edi Rama \u00ebsht\u00eb shprehur se \u201ckoha q\u00eb jetojm\u00eb na nxit t\u00eb gjith\u00ebve n\u00eb rajon t\u00eb rinovojm\u00eb m\u00ebnyr\u00ebn sesi n\u00eb shohim Evrop\u00ebn dhe at\u00eb sesi Evropa na sheh ne. N\u00eb k\u00ebt\u00eb kontekst Greqia ka nj\u00eb rol p\u00ebr t\u00eb luajtur\u201d.<\/p>\n<p><strong>FITORJA, K\u00cbRKES\u00cb E POPULLIT P\u00cbR NJ\u00cb FRYM\u00cb T\u00cb RE<\/strong><br \/>\nLidhur me frik\u00ebn e kund\u00ebrshtar\u00ebve politik\u00eb, se ata apo edhe vet\u00eb Berisha mund t\u00eb p\u00ebrndiqen politikisht e ligj\u00ebrisht, kreu i PS thekson se \u201cfitorja ishte triumf, q\u00eb na ngarkoi me p\u00ebrgjegj\u00ebsi t\u00eb vler\u00ebsojm\u00eb mbi t\u00eb gjitha, q\u00eb populli shqiptar do nj\u00eb ndryshim shum\u00eb m\u00eb t\u00eb madh, sesa thjesht nj\u00eb ndryshim politik dhe ngjyrash&#8221;. &#8220;Fitorja \u00ebsht\u00eb k\u00ebrkes\u00eb p\u00ebr nj\u00eb frym\u00eb t\u00eb re dhe nj\u00eb m\u00ebnyr\u00eb t\u00eb re t\u00eb t\u00eb b\u00ebrit politik\u00eb gjat\u00eb qeverisjes s\u00eb vendit.<\/p>\n<p>Epoka dramatike e qeverisjes, q\u00eb ishte perceptuar si qeverisja \u201cone man show\u201d me nj\u00eb kryeminist\u00ebr q\u00eb ishte nj\u00ebher\u00ebsh president, kreu i drejt\u00ebsis\u00eb, prokuror i p\u00ebrgjithsh\u00ebm, kreu i sh\u00ebrbimit t\u00eb fsheht\u00eb, madje edhe drejtori i RTVSH-s\u00eb etj., u mbyll nj\u00ebher\u00eb e mir\u00eb t\u00eb diel\u00ebn e shkuar nga populli shqiptar. Qytetar\u00ebt kan\u00eb hapur nj\u00eb epok\u00eb t\u00eb re me vot\u00ebn e tyre t\u00eb qart\u00eb dhe nuk ka kthim pas\u201d, p\u00ebrfundon intervist\u00ebn kryetari i PS, Edi Rama.<\/p>\n<p><em>Redaksia Online<\/em> (<em>mag\/e.s\/shqiptarja.com<\/em>)<\/p>\n","protected":false},"excerpt":{"rendered":"<p>Politike Nga ARDI STEFA, 30 Qershor 2013 Nga Kroacia: Dark\u00eb me thjesht\u00ebsi mbres\u00ebl\u00ebn\u00ebse p\u00ebr BE-n\u00eb VIDEO\/ Rama p\u00ebr \u201cLe Courrier des Balkans&#8221; &#8220;N\u00eb 2009, nd\u00ebrkomb\u00ebtar\u00ebt na tradhtuan&#8221; ATHINE &#8211; Gazeta greke \u201cKathimerini\u201d ka intervistuar kryeministrin e ardhsh\u00ebm shqiptar, Edi Rama, i cili iu \u00ebsht\u00eb p\u00ebrgjigjur disa pyetjeve mjaft t\u00eb mprehta; mbi marr\u00ebdh\u00ebniet shqiptaro-greke n\u00eb t\u00ebr\u00ebsi, [&hellip;]<\/p>\n","protected":false},"author":1,"featured_media":0,"comment_status":"open","ping_status":"closed","sticky":false,"template":"","format":"standard","meta":{"footnotes":""},"categories":[2],"tags":[],"class_list":{"0":"post-12910","1":"post","2":"type-post","3":"status-publish","4":"format-standard","6":"category-artikuj"},"yoast_head":"<!-- This site is optimized with the Yoast SEO plugin v27.4 - https:\/\/yoast.com\/product\/yoast-seo-wordpress\/ -->\n<title>Rama: Uj\u00ebrat me Greqin\u00eb, n\u00eb respekt t\u00eb plot\u00eb t\u00eb nj\u00ebri-tjetrit - FjALA e LIR\u00cb - Arkivi<\/title>\n<meta name=\"robots\" content=\"index, follow, max-snippet:-1, max-image-preview:large, max-video-preview:-1\" \/>\n<link rel=\"canonical\" href=\"https:\/\/fjala.info\/2009-2015\/rama-ujerat-me-greqine-nerespekt-te-plote-te-njeri-tjetrit-te-tjera-rreth-shkrimit\/\" \/>\n<meta property=\"og:locale\" content=\"sq_AL\" \/>\n<meta property=\"og:type\" content=\"article\" \/>\n<meta property=\"og:title\" content=\"Rama: Uj\u00ebrat me Greqin\u00eb, n\u00eb respekt t\u00eb plot\u00eb t\u00eb nj\u00ebri-tjetrit - FjALA e LIR\u00cb - Arkivi\" \/>\n<meta property=\"og:description\" content=\"Politike Nga ARDI STEFA, 30 Qershor 2013 Nga Kroacia: Dark\u00eb me thjesht\u00ebsi mbres\u00ebl\u00ebn\u00ebse p\u00ebr BE-n\u00eb VIDEO\/ Rama p\u00ebr \u201cLe Courrier des Balkans&#8221; &#8220;N\u00eb 2009, nd\u00ebrkomb\u00ebtar\u00ebt na tradhtuan&#8221; ATHINE &#8211; Gazeta greke \u201cKathimerini\u201d ka intervistuar kryeministrin e ardhsh\u00ebm shqiptar, Edi Rama, i cili iu \u00ebsht\u00eb p\u00ebrgjigjur disa pyetjeve mjaft t\u00eb mprehta; mbi marr\u00ebdh\u00ebniet shqiptaro-greke n\u00eb t\u00ebr\u00ebsi, [&hellip;]\" \/>\n<meta property=\"og:url\" content=\"https:\/\/fjala.info\/2009-2015\/rama-ujerat-me-greqine-nerespekt-te-plote-te-njeri-tjetrit-te-tjera-rreth-shkrimit\/\" \/>\n<meta property=\"og:site_name\" content=\"FjALA e LIR\u00cb - Arkivi\" \/>\n<meta property=\"article:published_time\" content=\"2013-07-01T08:23:00+00:00\" \/>\n<meta property=\"og:image\" content=\"http:\/\/www.fjala.info\/2013\/rama_ok.jpg\" \/>\n<meta name=\"author\" content=\"admin\" \/>\n<meta name=\"twitter:card\" content=\"summary_large_image\" \/>\n<meta name=\"twitter:label1\" content=\"Written by\" \/>\n\t<meta name=\"twitter:data1\" content=\"admin\" \/>\n\t<meta name=\"twitter:label2\" content=\"Est. reading time\" \/>\n\t<meta name=\"twitter:data2\" content=\"3 minutes\" \/>\n<script type=\"application\/ld+json\" class=\"yoast-schema-graph\">{\"@context\":\"https:\\\/\\\/schema.org\",\"@graph\":[{\"@type\":\"Article\",\"@id\":\"https:\\\/\\\/fjala.info\\\/2009-2015\\\/rama-ujerat-me-greqine-nerespekt-te-plote-te-njeri-tjetrit-te-tjera-rreth-shkrimit\\\/#article\",\"isPartOf\":{\"@id\":\"https:\\\/\\\/fjala.info\\\/2009-2015\\\/rama-ujerat-me-greqine-nerespekt-te-plote-te-njeri-tjetrit-te-tjera-rreth-shkrimit\\\/\"},\"author\":{\"name\":\"admin\",\"@id\":\"https:\\\/\\\/fjala.info\\\/2009-2015\\\/#\\\/schema\\\/person\\\/3aa1163ef05469c496fc94e77611ada2\"},\"headline\":\"Rama: Uj\u00ebrat me Greqin\u00eb, n\u00eb respekt t\u00eb plot\u00eb t\u00eb nj\u00ebri-tjetrit\",\"datePublished\":\"2013-07-01T08:23:00+00:00\",\"mainEntityOfPage\":{\"@id\":\"https:\\\/\\\/fjala.info\\\/2009-2015\\\/rama-ujerat-me-greqine-nerespekt-te-plote-te-njeri-tjetrit-te-tjera-rreth-shkrimit\\\/\"},\"wordCount\":610,\"commentCount\":0,\"publisher\":{\"@id\":\"https:\\\/\\\/fjala.info\\\/2009-2015\\\/#organization\"},\"image\":{\"@id\":\"https:\\\/\\\/fjala.info\\\/2009-2015\\\/rama-ujerat-me-greqine-nerespekt-te-plote-te-njeri-tjetrit-te-tjera-rreth-shkrimit\\\/#primaryimage\"},\"thumbnailUrl\":\"http:\\\/\\\/www.fjala.info\\\/2013\\\/rama_ok.jpg\",\"articleSection\":[\"Artikuj\"],\"inLanguage\":\"sq-AL\",\"potentialAction\":[{\"@type\":\"CommentAction\",\"name\":\"Comment\",\"target\":[\"https:\\\/\\\/fjala.info\\\/2009-2015\\\/rama-ujerat-me-greqine-nerespekt-te-plote-te-njeri-tjetrit-te-tjera-rreth-shkrimit\\\/#respond\"]}]},{\"@type\":\"WebPage\",\"@id\":\"https:\\\/\\\/fjala.info\\\/2009-2015\\\/rama-ujerat-me-greqine-nerespekt-te-plote-te-njeri-tjetrit-te-tjera-rreth-shkrimit\\\/\",\"url\":\"https:\\\/\\\/fjala.info\\\/2009-2015\\\/rama-ujerat-me-greqine-nerespekt-te-plote-te-njeri-tjetrit-te-tjera-rreth-shkrimit\\\/\",\"name\":\"Rama: Uj\u00ebrat me Greqin\u00eb, n\u00eb respekt t\u00eb plot\u00eb t\u00eb nj\u00ebri-tjetrit - FjALA e LIR\u00cb - Arkivi\",\"isPartOf\":{\"@id\":\"https:\\\/\\\/fjala.info\\\/2009-2015\\\/#website\"},\"primaryImageOfPage\":{\"@id\":\"https:\\\/\\\/fjala.info\\\/2009-2015\\\/rama-ujerat-me-greqine-nerespekt-te-plote-te-njeri-tjetrit-te-tjera-rreth-shkrimit\\\/#primaryimage\"},\"image\":{\"@id\":\"https:\\\/\\\/fjala.info\\\/2009-2015\\\/rama-ujerat-me-greqine-nerespekt-te-plote-te-njeri-tjetrit-te-tjera-rreth-shkrimit\\\/#primaryimage\"},\"thumbnailUrl\":\"http:\\\/\\\/www.fjala.info\\\/2013\\\/rama_ok.jpg\",\"datePublished\":\"2013-07-01T08:23:00+00:00\",\"breadcrumb\":{\"@id\":\"https:\\\/\\\/fjala.info\\\/2009-2015\\\/rama-ujerat-me-greqine-nerespekt-te-plote-te-njeri-tjetrit-te-tjera-rreth-shkrimit\\\/#breadcrumb\"},\"inLanguage\":\"sq-AL\",\"potentialAction\":[{\"@type\":\"ReadAction\",\"target\":[\"https:\\\/\\\/fjala.info\\\/2009-2015\\\/rama-ujerat-me-greqine-nerespekt-te-plote-te-njeri-tjetrit-te-tjera-rreth-shkrimit\\\/\"]}]},{\"@type\":\"ImageObject\",\"inLanguage\":\"sq-AL\",\"@id\":\"https:\\\/\\\/fjala.info\\\/2009-2015\\\/rama-ujerat-me-greqine-nerespekt-te-plote-te-njeri-tjetrit-te-tjera-rreth-shkrimit\\\/#primaryimage\",\"url\":\"http:\\\/\\\/www.fjala.info\\\/2013\\\/rama_ok.jpg\",\"contentUrl\":\"http:\\\/\\\/www.fjala.info\\\/2013\\\/rama_ok.jpg\"},{\"@type\":\"BreadcrumbList\",\"@id\":\"https:\\\/\\\/fjala.info\\\/2009-2015\\\/rama-ujerat-me-greqine-nerespekt-te-plote-te-njeri-tjetrit-te-tjera-rreth-shkrimit\\\/#breadcrumb\",\"itemListElement\":[{\"@type\":\"ListItem\",\"position\":1,\"name\":\"Home\",\"item\":\"https:\\\/\\\/fjala.info\\\/2009-2015\\\/\"},{\"@type\":\"ListItem\",\"position\":2,\"name\":\"Rama: Uj\u00ebrat me Greqin\u00eb, n\u00eb respekt t\u00eb plot\u00eb t\u00eb nj\u00ebri-tjetrit\"}]},{\"@type\":\"WebSite\",\"@id\":\"https:\\\/\\\/fjala.info\\\/2009-2015\\\/#website\",\"url\":\"https:\\\/\\\/fjala.info\\\/2009-2015\\\/\",\"name\":\"FjALA e LIR\u00cb - Arkivi\",\"description\":\"Arkivi 2009-2015\",\"publisher\":{\"@id\":\"https:\\\/\\\/fjala.info\\\/2009-2015\\\/#organization\"},\"potentialAction\":[{\"@type\":\"SearchAction\",\"target\":{\"@type\":\"EntryPoint\",\"urlTemplate\":\"https:\\\/\\\/fjala.info\\\/2009-2015\\\/?s={search_term_string}\"},\"query-input\":{\"@type\":\"PropertyValueSpecification\",\"valueRequired\":true,\"valueName\":\"search_term_string\"}}],\"inLanguage\":\"sq-AL\"},{\"@type\":\"Organization\",\"@id\":\"https:\\\/\\\/fjala.info\\\/2009-2015\\\/#organization\",\"name\":\"FjALA e LIR\u00cb - Arkivi\",\"url\":\"https:\\\/\\\/fjala.info\\\/2009-2015\\\/\",\"logo\":{\"@type\":\"ImageObject\",\"inLanguage\":\"sq-AL\",\"@id\":\"https:\\\/\\\/fjala.info\\\/2009-2015\\\/#\\\/schema\\\/logo\\\/image\\\/\",\"url\":\"\",\"contentUrl\":\"\",\"caption\":\"FjALA e LIR\u00cb - Arkivi\"},\"image\":{\"@id\":\"https:\\\/\\\/fjala.info\\\/2009-2015\\\/#\\\/schema\\\/logo\\\/image\\\/\"}},{\"@type\":\"Person\",\"@id\":\"https:\\\/\\\/fjala.info\\\/2009-2015\\\/#\\\/schema\\\/person\\\/3aa1163ef05469c496fc94e77611ada2\",\"name\":\"admin\",\"image\":{\"@type\":\"ImageObject\",\"inLanguage\":\"sq-AL\",\"@id\":\"https:\\\/\\\/fjala.info\\\/2009-2015\\\/wp-content\\\/uploads\\\/2012\\\/02\\\/arben_cokaj-120x150.jpg\",\"url\":\"https:\\\/\\\/fjala.info\\\/2009-2015\\\/wp-content\\\/uploads\\\/2012\\\/02\\\/arben_cokaj-120x150.jpg\",\"contentUrl\":\"https:\\\/\\\/fjala.info\\\/2009-2015\\\/wp-content\\\/uploads\\\/2012\\\/02\\\/arben_cokaj-120x150.jpg\",\"caption\":\"admin\"},\"description\":\"Admin, Fjala e Lir\u00eb\",\"sameAs\":[\"https:\\\/\\\/fjala.info\\\/\"],\"url\":\"https:\\\/\\\/fjala.info\\\/2009-2015\\\/author\\\/admin\\\/\"}]}<\/script>\n<!-- \/ Yoast SEO plugin. -->","yoast_head_json":{"title":"Rama: Uj\u00ebrat me Greqin\u00eb, n\u00eb respekt t\u00eb plot\u00eb t\u00eb nj\u00ebri-tjetrit - FjALA e LIR\u00cb - Arkivi","robots":{"index":"index","follow":"follow","max-snippet":"max-snippet:-1","max-image-preview":"max-image-preview:large","max-video-preview":"max-video-preview:-1"},"canonical":"https:\/\/fjala.info\/2009-2015\/rama-ujerat-me-greqine-nerespekt-te-plote-te-njeri-tjetrit-te-tjera-rreth-shkrimit\/","og_locale":"sq_AL","og_type":"article","og_title":"Rama: Uj\u00ebrat me Greqin\u00eb, n\u00eb respekt t\u00eb plot\u00eb t\u00eb nj\u00ebri-tjetrit - FjALA e LIR\u00cb - Arkivi","og_description":"Politike Nga ARDI STEFA, 30 Qershor 2013 Nga Kroacia: Dark\u00eb me thjesht\u00ebsi mbres\u00ebl\u00ebn\u00ebse p\u00ebr BE-n\u00eb VIDEO\/ Rama p\u00ebr \u201cLe Courrier des Balkans&#8221; &#8220;N\u00eb 2009, nd\u00ebrkomb\u00ebtar\u00ebt na tradhtuan&#8221; ATHINE &#8211; Gazeta greke \u201cKathimerini\u201d ka intervistuar kryeministrin e ardhsh\u00ebm shqiptar, Edi Rama, i cili iu \u00ebsht\u00eb p\u00ebrgjigjur disa pyetjeve mjaft t\u00eb mprehta; mbi marr\u00ebdh\u00ebniet shqiptaro-greke n\u00eb t\u00ebr\u00ebsi, [&hellip;]","og_url":"https:\/\/fjala.info\/2009-2015\/rama-ujerat-me-greqine-nerespekt-te-plote-te-njeri-tjetrit-te-tjera-rreth-shkrimit\/","og_site_name":"FjALA e LIR\u00cb - Arkivi","article_published_time":"2013-07-01T08:23:00+00:00","og_image":[{"url":"http:\/\/www.fjala.info\/2013\/rama_ok.jpg","type":"","width":"","height":""}],"author":"admin","twitter_card":"summary_large_image","twitter_misc":{"Written by":"admin","Est. reading time":"3 minutes"},"schema":{"@context":"https:\/\/schema.org","@graph":[{"@type":"Article","@id":"https:\/\/fjala.info\/2009-2015\/rama-ujerat-me-greqine-nerespekt-te-plote-te-njeri-tjetrit-te-tjera-rreth-shkrimit\/#article","isPartOf":{"@id":"https:\/\/fjala.info\/2009-2015\/rama-ujerat-me-greqine-nerespekt-te-plote-te-njeri-tjetrit-te-tjera-rreth-shkrimit\/"},"author":{"name":"admin","@id":"https:\/\/fjala.info\/2009-2015\/#\/schema\/person\/3aa1163ef05469c496fc94e77611ada2"},"headline":"Rama: Uj\u00ebrat me Greqin\u00eb, n\u00eb respekt t\u00eb plot\u00eb t\u00eb nj\u00ebri-tjetrit","datePublished":"2013-07-01T08:23:00+00:00","mainEntityOfPage":{"@id":"https:\/\/fjala.info\/2009-2015\/rama-ujerat-me-greqine-nerespekt-te-plote-te-njeri-tjetrit-te-tjera-rreth-shkrimit\/"},"wordCount":610,"commentCount":0,"publisher":{"@id":"https:\/\/fjala.info\/2009-2015\/#organization"},"image":{"@id":"https:\/\/fjala.info\/2009-2015\/rama-ujerat-me-greqine-nerespekt-te-plote-te-njeri-tjetrit-te-tjera-rreth-shkrimit\/#primaryimage"},"thumbnailUrl":"http:\/\/www.fjala.info\/2013\/rama_ok.jpg","articleSection":["Artikuj"],"inLanguage":"sq-AL","potentialAction":[{"@type":"CommentAction","name":"Comment","target":["https:\/\/fjala.info\/2009-2015\/rama-ujerat-me-greqine-nerespekt-te-plote-te-njeri-tjetrit-te-tjera-rreth-shkrimit\/#respond"]}]},{"@type":"WebPage","@id":"https:\/\/fjala.info\/2009-2015\/rama-ujerat-me-greqine-nerespekt-te-plote-te-njeri-tjetrit-te-tjera-rreth-shkrimit\/","url":"https:\/\/fjala.info\/2009-2015\/rama-ujerat-me-greqine-nerespekt-te-plote-te-njeri-tjetrit-te-tjera-rreth-shkrimit\/","name":"Rama: Uj\u00ebrat me Greqin\u00eb, n\u00eb respekt t\u00eb plot\u00eb t\u00eb nj\u00ebri-tjetrit - FjALA e LIR\u00cb - Arkivi","isPartOf":{"@id":"https:\/\/fjala.info\/2009-2015\/#website"},"primaryImageOfPage":{"@id":"https:\/\/fjala.info\/2009-2015\/rama-ujerat-me-greqine-nerespekt-te-plote-te-njeri-tjetrit-te-tjera-rreth-shkrimit\/#primaryimage"},"image":{"@id":"https:\/\/fjala.info\/2009-2015\/rama-ujerat-me-greqine-nerespekt-te-plote-te-njeri-tjetrit-te-tjera-rreth-shkrimit\/#primaryimage"},"thumbnailUrl":"http:\/\/www.fjala.info\/2013\/rama_ok.jpg","datePublished":"2013-07-01T08:23:00+00:00","breadcrumb":{"@id":"https:\/\/fjala.info\/2009-2015\/rama-ujerat-me-greqine-nerespekt-te-plote-te-njeri-tjetrit-te-tjera-rreth-shkrimit\/#breadcrumb"},"inLanguage":"sq-AL","potentialAction":[{"@type":"ReadAction","target":["https:\/\/fjala.info\/2009-2015\/rama-ujerat-me-greqine-nerespekt-te-plote-te-njeri-tjetrit-te-tjera-rreth-shkrimit\/"]}]},{"@type":"ImageObject","inLanguage":"sq-AL","@id":"https:\/\/fjala.info\/2009-2015\/rama-ujerat-me-greqine-nerespekt-te-plote-te-njeri-tjetrit-te-tjera-rreth-shkrimit\/#primaryimage","url":"http:\/\/www.fjala.info\/2013\/rama_ok.jpg","contentUrl":"http:\/\/www.fjala.info\/2013\/rama_ok.jpg"},{"@type":"BreadcrumbList","@id":"https:\/\/fjala.info\/2009-2015\/rama-ujerat-me-greqine-nerespekt-te-plote-te-njeri-tjetrit-te-tjera-rreth-shkrimit\/#breadcrumb","itemListElement":[{"@type":"ListItem","position":1,"name":"Home","item":"https:\/\/fjala.info\/2009-2015\/"},{"@type":"ListItem","position":2,"name":"Rama: Uj\u00ebrat me Greqin\u00eb, n\u00eb respekt t\u00eb plot\u00eb t\u00eb nj\u00ebri-tjetrit"}]},{"@type":"WebSite","@id":"https:\/\/fjala.info\/2009-2015\/#website","url":"https:\/\/fjala.info\/2009-2015\/","name":"FjALA e LIR\u00cb - Arkivi","description":"Arkivi 2009-2015","publisher":{"@id":"https:\/\/fjala.info\/2009-2015\/#organization"},"potentialAction":[{"@type":"SearchAction","target":{"@type":"EntryPoint","urlTemplate":"https:\/\/fjala.info\/2009-2015\/?s={search_term_string}"},"query-input":{"@type":"PropertyValueSpecification","valueRequired":true,"valueName":"search_term_string"}}],"inLanguage":"sq-AL"},{"@type":"Organization","@id":"https:\/\/fjala.info\/2009-2015\/#organization","name":"FjALA e LIR\u00cb - Arkivi","url":"https:\/\/fjala.info\/2009-2015\/","logo":{"@type":"ImageObject","inLanguage":"sq-AL","@id":"https:\/\/fjala.info\/2009-2015\/#\/schema\/logo\/image\/","url":"","contentUrl":"","caption":"FjALA e LIR\u00cb - Arkivi"},"image":{"@id":"https:\/\/fjala.info\/2009-2015\/#\/schema\/logo\/image\/"}},{"@type":"Person","@id":"https:\/\/fjala.info\/2009-2015\/#\/schema\/person\/3aa1163ef05469c496fc94e77611ada2","name":"admin","image":{"@type":"ImageObject","inLanguage":"sq-AL","@id":"https:\/\/fjala.info\/2009-2015\/wp-content\/uploads\/2012\/02\/arben_cokaj-120x150.jpg","url":"https:\/\/fjala.info\/2009-2015\/wp-content\/uploads\/2012\/02\/arben_cokaj-120x150.jpg","contentUrl":"https:\/\/fjala.info\/2009-2015\/wp-content\/uploads\/2012\/02\/arben_cokaj-120x150.jpg","caption":"admin"},"description":"Admin, Fjala e Lir\u00eb","sameAs":["https:\/\/fjala.info\/"],"url":"https:\/\/fjala.info\/2009-2015\/author\/admin\/"}]}},"_links":{"self":[{"href":"https:\/\/fjala.info\/2009-2015\/wp-json\/wp\/v2\/posts\/12910","targetHints":{"allow":["GET"]}}],"collection":[{"href":"https:\/\/fjala.info\/2009-2015\/wp-json\/wp\/v2\/posts"}],"about":[{"href":"https:\/\/fjala.info\/2009-2015\/wp-json\/wp\/v2\/types\/post"}],"author":[{"embeddable":true,"href":"https:\/\/fjala.info\/2009-2015\/wp-json\/wp\/v2\/users\/1"}],"replies":[{"embeddable":true,"href":"https:\/\/fjala.info\/2009-2015\/wp-json\/wp\/v2\/comments?post=12910"}],"version-history":[{"count":0,"href":"https:\/\/fjala.info\/2009-2015\/wp-json\/wp\/v2\/posts\/12910\/revisions"}],"wp:attachment":[{"href":"https:\/\/fjala.info\/2009-2015\/wp-json\/wp\/v2\/media?parent=12910"}],"wp:term":[{"taxonomy":"category","embeddable":true,"href":"https:\/\/fjala.info\/2009-2015\/wp-json\/wp\/v2\/categories?post=12910"},{"taxonomy":"post_tag","embeddable":true,"href":"https:\/\/fjala.info\/2009-2015\/wp-json\/wp\/v2\/tags?post=12910"}],"curies":[{"name":"wp","href":"https:\/\/api.w.org\/{rel}","templated":true}]}}