{"id":12909,"date":"2013-07-01T09:02:59","date_gmt":"2013-07-01T08:02:59","guid":{"rendered":"http:\/\/fjala.info\/?p=3468"},"modified":"2013-07-01T09:02:59","modified_gmt":"2013-07-01T08:02:59","slug":"shuplaka-qe-erdhi-nga-shkodra","status":"publish","type":"post","link":"https:\/\/fjala.info\/2009-2015\/shuplaka-qe-erdhi-nga-shkodra\/","title":{"rendered":"Shuplaka q\u00eb erdhi nga Shkodra"},"content":{"rendered":"<p><img decoding=\"async\" class=\"alignright size-thumbnail wp-image-7236\" title=\"Arben \u00c7okaj\" alt=\"\" src=\"http:\/\/www.fjala.info\/2013\/arben_cokaj.jpg\" width=\"150\" \/> <strong><em>Shkodra zgjodhi demokracin\u00eb, p\u00ebrkund\u00ebr bojkotit apo \u2018bastionit\u2019 t\u00eb PD-s\u00eb<\/em><\/strong><\/p>\n<p><strong>Arben \u00c7okaj<\/strong>, <em>28.06.2013<\/em><br \/>\nBotuar n\u00eb gazet\u00ebn <a href=\"http:\/\/gazetadita.al\/shuplaka-qe-erdhi-nga-shkodra\/\" target=\"_blank\" rel=\"noopener noreferrer\">Dita<\/a> me dt. <em>03.07.2013<\/em><\/p>\n<p>PS e LSI nuk e prisnin nj\u00eb pjes\u00ebmarrje dhe rezultat t\u00eb till\u00eb n\u00eb k\u00ebto zgjedhje, dhe p\u00ebr m\u00eb tep\u00ebr nj\u00eb votim plebeshitar p\u00ebr koalicionin e majt\u00eb n\u00eb shkall\u00eb vendi. Por fitorja n\u00eb Shkod\u00ebr ishte edhe m\u00eb e pabesueshme. Ajo erdhi si nj\u00eb shuplak\u00eb e fort\u00eb kundrejt PD-s\u00eb dhe kryesisht kund\u00ebr znj. Topalli. Shkodra tregoi qart\u00eb se znj. Topalli nuk e meriton m\u00eb t\u00eb p\u00ebrfaq\u00ebsoj\u00eb Shkodr\u00ebn n\u00eb em\u00ebr t\u00eb PD-s\u00eb, pasi ajo ka abuzuar me shkodran\u00ebt, me besimin dhe vot\u00ebn e tyre. Nj\u00ebkoh\u00ebsisht doli qart\u00eb se Shkodra nuk qenka nj\u00eb bastion i PD-s\u00eb, si\u00e7 i p\u00eblqente Topallit ta konsideronte, por votat qenkan vjedhur v\u00ebrtet\u00eb nga bandat kriminale, q\u00eb Jozefina p\u00ebrdorte, n\u00eb bashk\u00ebpunim me policin\u00eb e struktura t\u00eb tjera n\u00eb Shkod\u00ebr.<\/p>\n<p><img decoding=\"async\" class=\"alignleft size-thumbnail wp-image-7236\" title=\"Arben \u00c7okaj - Shuplaka q\u00eb erdhi nga Shkodra\" alt=\"\" src=\"http:\/\/www.fjala.info\/2013\/dita_030713_f1.jpg\" width=\"300\" \/>Partia Socialiste operoi k\u00ebsaj radhe n\u00eb Shkod\u00ebr me vlera dhe premtime serioze, p\u00ebr t\u00eb krijuar besim tek elektorati i zhg\u00ebnjyer shkodran nga qeverisja e deformuar dhe arrogante e PD-s\u00eb. Mimoza Hafizi q\u00eb kryesonte list\u00ebn e PS-s\u00eb, ka padyshim vlera intelektuale dhe njer\u00ebzore shum\u00eb m\u00eb tep\u00ebr, se numri nj\u00eb n\u00eb list\u00ebn e PD-s\u00eb, Jozefina Topalli, e cila konsiderohet edhe nga demokrat\u00ebt shkodran\u00eb, si arsyeja kryesore p\u00ebr k\u00ebt\u00eb humbje t\u00eb thell\u00eb n\u00eb Shkod\u00ebr. Jozefina ka afruar rreth vetes njer\u00ebz pa kredibilitet, hajna t\u00eb pist\u00eb e pakarakter, q\u00eb kan\u00eb abuzuar n\u00eb m\u00ebnyr\u00eb permanente me pushtetin n\u00eb Shkod\u00ebr e n\u00eb Mal\u00ebsi t\u00eb Madhe.<\/p>\n<p>Nga regjimi mono-parti deri n\u00eb vitin 1990, Shkodra kaloi p\u00ebrs\u00ebri n\u00ebn nj\u00eb regjim tjet\u00ebr mono-parti, k\u00ebsaj radhe me ngjyra t\u00eb tjera. P\u00ebr 23 vjet rresht, Shkodr\u00ebn e sundonte nj\u00eb klas\u00eb politike agresive, e korruptuar dhe e paaft\u00eb totalisht, perverse dhe e paskrupullt, q\u00eb vinte s\u00eb fundmi nga klani i Topallit n\u00eb PD dhe ata ia kishin z\u00ebn\u00eb frym\u00ebn demokracis\u00eb dhe mendimit ndryshe n\u00eb qytet. E merrnin p\u00ebr t\u00eb dh\u00ebn\u00eb vullnetin politik t\u00eb shkodran\u00ebve, ia kishin sjell\u00eb popullit n\u00eb maj\u00eb t\u00eb hund\u00ebs me fuksime e posht\u00ebrsi, ishin shk\u00ebputur nga realiteti, dhe tregoheshin arrogant\u00eb e mosp\u00ebrfill\u00ebs p\u00ebr nevojat e qytetar\u00ebve shkodran\u00eb. Dhe n\u00eb fund, kur zgjedhjet u b\u00ebn\u00eb t\u00eb lira, ata edhe humb\u00ebn!<\/p>\n<p>Deputeti i 5-t\u00eb n\u00eb list\u00ebn e PD-s\u00eb, Gjovalin Bzheta, q\u00eb e fitoi mandatin me vet\u00ebm 34 vota diferenc\u00eb me kandidatin e PR-s\u00eb, u shpreh nj\u00eb dit\u00eb gjat\u00eb fushat\u00ebs, se ai po b\u00ebnte fushat\u00eb sikur t\u00eb ishte OJF, pasi Jozefina e kishte shkat\u00ebrruar komplet struktur\u00ebn e PD-s\u00eb n\u00eb Mal\u00ebsin\u00eb e Madhe. Ferdi Sterkaj, kryetar i komun\u00ebs Shkrel dhe kryetar i PD-s\u00eb n\u00eb Mal\u00ebsin\u00eb e Madhe, Asim Burgaj, drejtor i zyr\u00ebs p\u00ebr regjistrimin e pasurive n\u00eb Koplik, q\u00eb kan\u00eb p\u00ebrfituar miliona n\u00eb rrug\u00eb abuzive gjat\u00eb k\u00ebsaj qeverisjeje, dhe t\u00eb tjer\u00eb si ata, nuk kan\u00eb punuar fare p\u00ebr PD-n\u00eb n\u00eb k\u00ebt\u00eb fushat\u00eb, me q\u00ebllim p\u00ebr t\u00eb d\u00ebmtuar Bzhet\u00ebn, dhe kjo i ka \u00e7uar shum\u00eb mb\u00ebshtet\u00ebs t\u00eb PD-s\u00eb k\u00ebsaj here, q\u00eb t\u00eb votojn\u00eb p\u00ebr LSI-n\u00eb, n\u00ebse ata nuk kan\u00eb votuar direkt p\u00ebr PS-n\u00eb, apo nuk e kan\u00eb bojkotuar procesin zgjedhor.<\/p>\n<p>N\u00eb nj\u00eb intervist\u00eb t\u00eb saj p\u00ebr Deutsche Welle, Mimoza Hafizi thekson se arsyet e fitores s\u00eb PS-s\u00eb n\u00eb Shkod\u00ebr kan\u00eb qen\u00eb kryesisht varf\u00ebria dhe papun\u00ebsia e madhe e shkodran\u00ebve, si dhe p\u00ebrmbytjet e her\u00ebpashershme t\u00eb zon\u00ebs s\u00eb N\u00ebnshkodr\u00ebs, n\u00ebn qeverisjen e PD-s\u00eb. Por, n\u00eb fushat\u00eb ka patur edhe elemente t\u00eb tjer\u00eb, q\u00eb imponuan nj\u00eb rezultat t\u00eb till\u00eb fitoreje p\u00ebr t\u00eb majt\u00ebn. Dhe n\u00ebse grupi i PS-s\u00eb do t\u00eb kishte patur m\u00eb shum\u00eb besim n\u00eb vetvete, rezultati do t\u00eb kishte qen\u00eb edhe m\u00eb i thell\u00eb. Mendoj se ka edhe arsye t\u00eb tjera, q\u00eb ishin p\u00ebrcaktuese n\u00eb Shkod\u00ebr p\u00ebr fitoren e t\u00eb majt\u00ebs. E para, pengimi nga ana e p\u00ebrfaq\u00ebsuesve t\u00eb koalicionit t\u00eb majt\u00eb t\u00eb tjet\u00ebrsimit t\u00eb vot\u00ebs nga ana e PD-s\u00eb.<\/p>\n<p>Ka patur tre raste konkrete, ku u k\u00ebrkua nd\u00ebrhyrja e deputet\u00ebve Agron \u00c7ela (LSI) e Tom Doshi (PS) p\u00ebr t\u00eb moslejuar prekjen e vot\u00ebs, apo nd\u00ebrrimin e kutive t\u00eb votimit, q\u00eb e ka me mjaft preferenc\u00eb znj. Topalli. Deputeti Doshi u p\u00ebrplas gjat\u00eb fushat\u00ebs me kandidatin e PD-s\u00eb Gjok Uldedaj dhe kryetarin e komun\u00ebs Bushat, Zef Hila (PD), t\u00eb cil\u00ebt donin t\u00eb nd\u00ebrronin kutit\u00eb e voitimit n\u00eb nj\u00eb zon\u00eb elektorale t\u00eb Shkodr\u00ebs, duke ia arritur t\u00eb pengonte manipulimin e mundsh\u00ebm.<\/p>\n<p><a href=\"http:\/\/www.fjala.info\/2013\/dita_030713_f7.jpg\"><img decoding=\"async\" class=\"aligncenter size-thumbnail wp-image-7236\" title=\"Arben \u00c7okaj - Shuplaka q\u00eb erdhi nga Shkodra\" alt=\"\" src=\"http:\/\/www.fjala.info\/2013\/dita_030713_f7.jpg\" width=\"500\" \/><\/a><\/p>\n<p>Nga ana tjet\u00ebr, pjes\u00ebmarrja n\u00eb Shkod\u00ebr ishte m\u00eb e ul\u00ebta n\u00eb republik\u00eb. Arsyeja duhet t\u00eb ket\u00eb qen\u00eb nga frika dhe neveria, q\u00eb elektorati shkodran ndjen p\u00ebr znj. Topalli dhe kryebashkiakun imoral Lorenc Luka. Shum\u00eb demokrat\u00eb nuk dol\u00ebn fare t\u00eb votonin, se nuk kan\u00eb d\u00ebshir\u00eb t\u2019ia shohin fytyr\u00ebn e pudrosur zonj\u00ebs, q\u00eb kryesonte list\u00ebn e Shkodr\u00ebs. PD n\u00eb qend\u00ebr e kishte v\u00ebrejtur me koh\u00eb, se Topalli i kishte rr\u00ebnuar strukturat e PD-s\u00eb, duke i mbushur me njer\u00ebz t\u00eb paaft\u00eb e t\u00eb korruptuar, prandaj dhe e distancuan disi n\u00eb k\u00ebto zgjedhje. Por kjo nuk mundi ta kuroj\u00eb imazhin e PD-s\u00eb dhe ndikimin negativ q\u00eb erdhi nga Topalli, e cila megjithat\u00eb kryesonte list\u00ebn.<\/p>\n<p>Besimi q\u00eb krijoi Edi Rama n\u00eb elektoratin shkodran dhe m\u00eb gjer\u00eb, premtimet e tij serioze dhe t\u00eb kandidat\u00ebve t\u00eb PS-s\u00eb n\u00eb Shkod\u00ebr, interesimi i Ram\u00ebs direkt q\u00eb Shkodr\u00ebs demoktatike t\u2019i sillte demokracin\u00eb e munguar, i thirr\u00ebn nd\u00ebrgjegjes s\u00eb ndrydhur t\u00eb qytetaris\u00eb dhe kultur\u00ebs shkodrane, q\u00eb t\u2019i besonin m\u00eb shum\u00eb demokracis\u00eb dhe Rilindjes s\u00eb vendit, p\u00ebrkund\u00ebr frik\u00ebs, ndrydhjes, diktatit dhe feudit, q\u00eb nj\u00eb grua e paaft\u00eb dhe e lig\u00eb si Jozefina, kishte krijuar me pushtetin e saj absolut n\u00eb Shkod\u00ebr. Shp\u00ebrthimi i energjive pozitive nga ndrydhja, solli edhe nj\u00eb rezultat t\u00eb papritur n\u00eb Shkod\u00ebr, si n\u00eb t\u00eb gjith\u00eb Shqip\u00ebrin\u00eb.<\/p>\n<p>Tom Doshi gjat\u00eb fushat\u00ebs elektorale e vrau frik\u00ebn, q\u00eb kishte ndell\u00eb Jozefina p\u00ebr nj\u00eb koh\u00eb t\u00eb gjat\u00eb n\u00eb Shkod\u00ebr, duke e akuzuar at\u00eb direkt p\u00ebr hajnit\u00eb, abuzimet dhe korrupsionin e saj. Dhe k\u00ebshtu Shkodra iu bashkua t\u00eb gjith\u00eb Shqip\u00ebris\u00eb n\u00eb vlerat e saj demokratike. T\u00eb b\u00ebn t\u00eb ndjehesh krenar, q\u00eb populli i Shkodr\u00ebs u tregua i zgjuar dhe diti ta lexoj\u00eb mesazhin e nd\u00ebrkomb\u00ebtar\u00ebve dhe t\u00eb demokracis\u00eb, q\u00eb vinte p\u00ebrmes Rilindjes s\u00eb Ram\u00ebs, p\u00ebrkund\u00ebr diktatur\u00ebs q\u00eb vinte nga pushteti absolut i Jozefin\u00ebs dhe Berish\u00ebs.<\/p>\n<p>PS organizoi sonte nj\u00eb miting p\u00ebr t\u00eb nderuar fitoren e t\u00eb majt\u00ebs n\u00eb Shkod\u00ebr dhe p\u00ebr t\u00eb falenderuar elektoratin shkodran. Kjo tregon se qerveria e re nuk do e l\u00ebr\u00eb pas dore Shkodr\u00ebn, por ashtu si\u00e7 fitoi besimin e ndrydhur t\u00eb shkodran\u00ebve, ashtu do t\u00eb vazhdoj\u00eb ta mb\u00ebshtes\u00eb Shkodr\u00ebn n\u00eb rrug\u00ebn e saj t\u00eb zhvillimit dhe t\u00eb sh\u00ebrimit t\u00eb plag\u00ebve sociale dhe ekonomike. Deputeti Doshi e shfryt\u00ebzoi mitingun edhe p\u00ebr nj\u00eb simbolik\u00eb. Ai u tha pjes\u00ebmarr\u00ebsve, se sheshi ku u b\u00eb mitingu p\u00ebrmbyll\u00ebs i fushat\u00ebs s\u00eb PS-s\u00eb n\u00eb Shkod\u00ebr, sheshi ku kan\u00eb qen\u00eb t\u00eb vendosur 5 heronjt\u00eb e Vigut, t\u00eb cil\u00ebt u shp\u00ebrngul\u00ebn padrejt\u00ebsisht nga Jozefina e Lorenc Luka, do t\u00eb marr\u00eb emrin sheshi \u201cDemokracia\u201d! P\u00ebr t\u00eb simbolizuar k\u00ebshtu, q\u00eb demokracia rilindi edhe n\u00eb Shkod\u00ebr.<\/p>\n<p>&#8212;&#8212;&#8212;&#8212;- Komente n\u00eb gazet\u00ebn <em>Dita<\/em> &#8212;&#8212;&#8212;&#8212;-<\/p>\n<blockquote><p>Mark.uk<\/p>\n<p>3 Korrik, 2013 at 2:27 pm<\/p>\n<p>Shuplaka qe thuani ju erdhi nga Tom Doci e Paulin Sterkaj qe derdhen me mijra euro duke bler vota.Bile duke bler ata votues te lekunder per te mos votuar per Pd.<\/p>\n<p>P\u00ebrgjigjjuni<\/p>\n<p>Andon<\/p>\n<p>3 Korrik, 2013 at 3:26 pm<\/p>\n<p>Vota per te Majten Shkoder<br \/>\nka qene nje vote kunder katoliko-centrizmit abuzivist<br \/>\nJozefino-Topallist dhe te klaneve te saj.<\/p>\n<p>P\u00ebrgjigjjuni<\/p>\n<p>Shkodrani<\/p>\n<p>4 Korrik, 2013 at 12:42 pm<\/p>\n<p>Nuk me habit aspak nese Andoni emrin ne pasaporte e ka Sulejman\u2026i thjeshte, jo i madhirishem<\/p>\n<p>P\u00ebrgjigjjuni<\/p>\n<p>Turi<\/p>\n<p>5 Korrik, 2013 at 12:05 am<\/p>\n<p>Para kan\u00eb p\u00ebrdorur p\u00ebr t\u00eb bler\u00eb vot\u00ebn edhe p\u00ebrfaq\u00ebsuesit e PD-s\u00eb, po ta shikosh, Jozefina ka investime n\u00eb Shkoder m\u00eb shum\u00eb se Toma e m\u00eb shum\u00eb se Paulini. K\u00ebshtu q\u00eb para kan\u00eb patur edhe t\u00eb PD-s\u00eb, por jo t\u00eb gjitha votat mund t\u00eb blihen me para, nj\u00eb pjes\u00eb e votive po. K\u00ebshtu I bie p\u00ebrs\u00ebri q\u00eb Shkodra ka votuar majtas.<\/p>\n<p>P\u00ebrgjigjjuni<\/p>\n<p>kledi<\/p>\n<p>3 Korrik, 2013 at 3:11 pm<\/p>\n<p>po e marrim te mireqene shitjen e votave, a nuk tregon kjo qe shkodra nuk ishte e begate sic thonte sala me jozin,ju asgja nuk zgjidhni me justifikeme boshe,ju vjen marre qe jua lujti zotin populli me vote,e na paska faj populli,dhe bashkin do hupni po nuk Refklektua thelle.<\/p>\n<p>P\u00ebrgjigjjuni<\/p>\n<p>geg hyseni<\/p>\n<p>3 Korrik, 2013 at 3:39 pm<\/p>\n<p>Marri ma te madhe s\u2019ka se sa te thuesh u blene votat ..e te tjera dengla.Analiza e z.Coku eshte shume konkrete dhe ja lumsha mendjen per konkluzionet e sakta qe ka shkrue. Tani Shkodra dhe e gjithe Shqipnia merr fryme lirisht.Ata qe e njollosen Shkodren dhe e permbyten ne uje e mjerim kaq vite iken per lesh me gjithe zhelet e tyne dhe me fetyren me te zeze se boja e kepuces.Le te merren me hotele e motele deri sa tu vije radha ne birucat e burgjeve te sigurise se larte per vjedhjet, vrasjet e krimet e tjera qe kan ba. E sa per Tom Doshin kisha me thane, qe sheshit ku kan qene Herojt e Vigut le t\u2019ja vene emnin si te doje, por Shkodra tashma e clirueme i don HEROJT e vet aty ku e kan patur vendin e tyne, ne balle te sheshit, ne qender te qytetit.Hajt Shkoderloce\u2026per hajer edhe ty RILINDJA!<\/p>\n<p>P\u00ebrgjigjjuni<\/p>\n<p>Gramoz<\/p>\n<p>3 Korrik, 2013 at 4:00 pm<\/p>\n<p>mark uk po paske qene i cuditshem oooooooc te te them nuk jane te gjithe shkodranet si ty sharlatan ta kam bere te qarte qe une nuk jam shkodran ,,po une i njoh shkodra net shume me mire nga ty \u2026.jam moshe madhore dhe nuk kam ate horizont qe ke ti ,,,une shikoj shume me larg ngati ,,ndersa ti i ben llogarite me veten tende dhe shikon jo me larg ngahunda jote .kohe me pare nje i njohuri i juaj nga njohja qe kishte me ju te percaktonte nje njeri qe shikon aq sa te kam percaktuar une mety nuk vlen te besh debat se te kam punuar une me komentet qe kam bere me ty ,,qe jam munduar te mbush mendjen po ti nuk qenke njeri ,,,,ti tani nuk shkon dot ne shkoder ti ke bere deme ne shkoder ti ke mashtruar ne britani ,,,je futur si kosovar ,po te pakteri urte e mos u hith hu me hu se po te hidhesh shume nuk dihet c ndodh do te heq dore nga komentet mety se nuk vlen te flasesesh me karahjoze si ty do kesh vetem dy fljale megjithese nuk eshte ne edukaten time te perdor fjale te pista por ti nuk me le ruge tjeter ,,,,po e le me kaq se ti je llumi i shkodres ,,,,<\/p>\n<p>P\u00ebrgjigjjuni<\/p>\n<p>Mark.uk<\/p>\n<p>3 Korrik, 2013 at 6:53 pm<\/p>\n<p>Gramos; Po me flet sikur te jeni Gramos Ruci.Si mendoni se fitoj Ilr Meta njeriu ma I perfolur per vjedhje,pervec blerjes se votive.Pse po zemrohesh,cfar ju thash qe thuani se po tregoj kultur e nuk po flas fjal te pista.Ato qe thash per ne Shkoder jan te verteta edhe pse te merzites,po ju ftoj te ruani gjakftoftsin.Sepse ato metafora qe perdore ne komentin drejtuar mue,kulturen ekeni ulur ne nivelin zero.Pse flisni sikur me nifni,apo nuk mund te rrini pa u interesuar per te tjert.Per dijeni jam 64 vjec.Dua te ju pyes tani a je ne pension apo jeni active ne pune e 1200lekshit.<\/p>\n<p>P\u00ebrgjigjjuni<\/p>\n<p>psy<\/p>\n<p>4 Korrik, 2013 at 10:51 am<\/p>\n<p>Atehere pranoni se varferia paska qene e tille sa shkodranet per nje dore leke kane shitur demokracine ? Cilindo variant qe te pranoni,asnjeri nuk nderon \u201cdemokratet\u201d qe i paskan katandisur shkodranet ne kete dite.<br \/>\nMendimi im eshte se shkodraneve ju erdhi deri ne gryke pislleku i atyre qe votuan besnikerisht per vite me rradhe,ata i dhane denimin e merituar fytyres me pucra e puder (per te fshehur shpirtin e lig) te Jozefines dhe shefit te saj te adhuruar(por qe ne fakt e urren dhe e shfrytezon njekohesisht).<br \/>\nMjaft me keto komente dhe lini shkodranet te marrin veten e t\u2019ju kthehet sensi i humorit.Jane popull i mire dhe besnik,e duan jeten dhe kenaqen me ate qe nxjerrin me punen e tyre.Ju perqafoj shkodrane te dashur,ja bete fora !<\/p>\n<p>P\u00ebrgjigjjuni<\/p>\n<p>Mo\u00e7alor + Ter\u00f9n + Redneck = jugor<\/p>\n<p>3 Korrik, 2013 at 8:37 pm<\/p>\n<p>ne shkoder fitoj kolera e kuqe e humbi demokracia<br \/>\nne shkoder fitoj injoranca mo\u00e7alore e humbi e ardhmja<br \/>\nne shkoder fitune te kuqte e humbi progresi<br \/>\ne shkreta shkoder shpejt ma me e kuptue gabimin qe ka ba<\/p>\n<p>P\u00ebrgjigjjuni<\/p>\n<p>geg hyseni<\/p>\n<p>3 Korrik, 2013 at 8:41 pm<\/p>\n<p>Mark uk-u!<br \/>\nMos e fyej Shkodren me nivelin nen zero te inteligjences, qe shkruan gati cdo dite ne komentet bajate, qe ben ne gazeta. Shkodra ka aq mencuri sa te mos e shesi nderin dhe dinjitetin e vet per te votuar ate apo ket subjekt.Per ke te votonte sipas teje? Per ata qe vrane me 2 prill 91? Per ata qe e mbajten me genjeshtra e mashtrime tash 22 vjet, duke i mjelur voten dhe bere gropen?Per njeriun me antikulture, nje ordinere qe ishte turpi i kultures shkodrane, qe i nxirte goja plumba ballit, zhele e lesh pa piken e turpit? Apo per mafien pushtetare, qe me gjakftohtesine me te madhe lejoi permbytjet biblike per vite me radhe. Dhe ato para, qe vete i miratonte per ndertim digash e baipasesh, per demshperblime etj.i fuste ne xhepat e ujqerve te veshur me lekuren e pushtetit berishian e gjozo topall? As Nastradin Hoxha nuk ka arritur te genjeje shkodranet, e jo me pinoket e politikes amorale te instaluar nen nje diktature me shtinake se ajo e para. Urime Shkodres,Nenshkodres dhe Malsive te Ded Gjon Lulit dhe Nores se Kelmendit!<\/p>\n<p>P\u00ebrgjigjjuni<\/p>\n<p>tradita<\/p>\n<p>4 Korrik, 2013 at 9:45 am<\/p>\n<p>Arben:<br \/>\nvete demokratet nuk e deshen fitoren.Kjo u pa ne te gjithe fushaten. Nuk prisnin nje humbje te tille ne Shkoder. Nuk jane arsyet qe thoni ju. Arben u ktheve ne origjine . ne nje propogandist i te majtes. Kishin te drejte te djathtet qe nuk te qasen. Pas 8 viteve ne pushetet<br \/>\nopozita eshte n je komoditet i vertete. Kaq nuk e kupton.<\/p>\n<p>P\u00ebrgjigjjuni<\/p>\n<p>Turi <\/p>\n<p>5 Korrik, 2013 at 12:20 am<\/p>\n<p>Me sa kam lexuar un\u00eb, Arbeni ka kritikuar vazhdimisht qeverisjen dhe abuzimet me t\u00eb. N\u00ebse dikush si Arbeni merr guximin e kritikon Jozefin\u00ebn, kur Shkodra hesht, se ajo i ka futur frik\u00ebn Shkodr\u00ebs, kjo nuk do t\u00eb thot\u00eb se pasi dalin fjal\u00ebt e Arbenit, q\u00eb Shkodra nuk qenka bastion i PD-s\u00eb, Arbeni nuk paska t\u00ebdrejt\u00eb ta analizoj\u00eb humbjen, vet\u00ebm se ti Tradita i thua: u ktheve n\u00eb origjin\u00eb. E ku e njeh origjin\u00ebn e Arbenit ti? Apo ti mendon se po kontrollon mendimet e t\u00eb tjer\u00ebve me diversione paragjykuese? Dhe ngaq\u00eb ti mund t\u00eb mos kesh mendime t\u00eb pavarura, kujton se k\u00ebto mendime nuk ekzistojn\u00eb?! Pranoje, ka edhe prej atyre si Arbeni q\u00eb thon\u00eb mendimin e vet, jasht\u00eb interesave meskine. Se Arbeni e ka th\u00ebn\u00eb k\u00ebt\u00eb edhe p\u00ebrkund\u00ebr gjuetis\u00eb s\u00eb shtrigave.<\/p>\n<p>P\u00ebrgjigjjuni<\/p>\n<p>doda<\/p>\n<p>4 Korrik, 2013 at 12:51 pm<\/p>\n<p>mocalor nga emri dhe truri,,,ka mbi 23 vjet qe pervec saliut ska pasur komuniste te tjere ne Shqiperi;brezi Edi Rames jane ato qe do ta rindertojne kte vend dhe do te shohim a do keni me goje per te folur ti dhe shume si puna jote.<\/p><\/blockquote>\n","protected":false},"excerpt":{"rendered":"<p>Shkodra zgjodhi demokracin\u00eb, p\u00ebrkund\u00ebr bojkotit apo \u2018bastionit\u2019 t\u00eb PD-s\u00eb Arben \u00c7okaj, 28.06.2013 Botuar n\u00eb gazet\u00ebn Dita me dt. 03.07.2013 PS e LSI nuk e prisnin nj\u00eb pjes\u00ebmarrje dhe rezultat t\u00eb till\u00eb n\u00eb k\u00ebto zgjedhje, dhe p\u00ebr m\u00eb tep\u00ebr nj\u00eb votim plebeshitar p\u00ebr koalicionin e majt\u00eb n\u00eb shkall\u00eb vendi. Por fitorja n\u00eb Shkod\u00ebr ishte edhe m\u00eb [&hellip;]<\/p>\n","protected":false},"author":1,"featured_media":0,"comment_status":"open","ping_status":"closed","sticky":false,"template":"","format":"standard","meta":{"footnotes":""},"categories":[2],"tags":[],"class_list":{"0":"post-12909","1":"post","2":"type-post","3":"status-publish","4":"format-standard","6":"category-artikuj"},"yoast_head":"<!-- This site is optimized with the Yoast SEO plugin v27.4 - https:\/\/yoast.com\/product\/yoast-seo-wordpress\/ -->\n<title>Shuplaka q\u00eb erdhi nga Shkodra - FjALA e LIR\u00cb - Arkivi<\/title>\n<meta name=\"robots\" content=\"index, follow, max-snippet:-1, max-image-preview:large, max-video-preview:-1\" \/>\n<link rel=\"canonical\" href=\"https:\/\/fjala.info\/2009-2015\/shuplaka-qe-erdhi-nga-shkodra\/\" \/>\n<meta property=\"og:locale\" content=\"sq_AL\" \/>\n<meta property=\"og:type\" content=\"article\" \/>\n<meta property=\"og:title\" content=\"Shuplaka q\u00eb erdhi nga Shkodra - FjALA e LIR\u00cb - Arkivi\" \/>\n<meta property=\"og:description\" content=\"Shkodra zgjodhi demokracin\u00eb, p\u00ebrkund\u00ebr bojkotit apo \u2018bastionit\u2019 t\u00eb PD-s\u00eb Arben \u00c7okaj, 28.06.2013 Botuar n\u00eb gazet\u00ebn Dita me dt. 03.07.2013 PS e LSI nuk e prisnin nj\u00eb pjes\u00ebmarrje dhe rezultat t\u00eb till\u00eb n\u00eb k\u00ebto zgjedhje, dhe p\u00ebr m\u00eb tep\u00ebr nj\u00eb votim plebeshitar p\u00ebr koalicionin e majt\u00eb n\u00eb shkall\u00eb vendi. Por fitorja n\u00eb Shkod\u00ebr ishte edhe m\u00eb [&hellip;]\" \/>\n<meta property=\"og:url\" content=\"https:\/\/fjala.info\/2009-2015\/shuplaka-qe-erdhi-nga-shkodra\/\" \/>\n<meta property=\"og:site_name\" content=\"FjALA e LIR\u00cb - Arkivi\" \/>\n<meta property=\"article:published_time\" content=\"2013-07-01T08:02:59+00:00\" \/>\n<meta property=\"og:image\" content=\"http:\/\/www.fjala.info\/2013\/arben_cokaj.jpg\" \/>\n<meta name=\"author\" content=\"admin\" \/>\n<meta name=\"twitter:card\" content=\"summary_large_image\" \/>\n<meta name=\"twitter:label1\" content=\"Written by\" \/>\n\t<meta name=\"twitter:data1\" content=\"admin\" \/>\n\t<meta name=\"twitter:label2\" content=\"Est. reading time\" \/>\n\t<meta name=\"twitter:data2\" content=\"13 minutes\" \/>\n<script type=\"application\/ld+json\" class=\"yoast-schema-graph\">{\"@context\":\"https:\\\/\\\/schema.org\",\"@graph\":[{\"@type\":\"Article\",\"@id\":\"https:\\\/\\\/fjala.info\\\/2009-2015\\\/shuplaka-qe-erdhi-nga-shkodra\\\/#article\",\"isPartOf\":{\"@id\":\"https:\\\/\\\/fjala.info\\\/2009-2015\\\/shuplaka-qe-erdhi-nga-shkodra\\\/\"},\"author\":{\"name\":\"admin\",\"@id\":\"https:\\\/\\\/fjala.info\\\/2009-2015\\\/#\\\/schema\\\/person\\\/3aa1163ef05469c496fc94e77611ada2\"},\"headline\":\"Shuplaka q\u00eb erdhi nga Shkodra\",\"datePublished\":\"2013-07-01T08:02:59+00:00\",\"mainEntityOfPage\":{\"@id\":\"https:\\\/\\\/fjala.info\\\/2009-2015\\\/shuplaka-qe-erdhi-nga-shkodra\\\/\"},\"wordCount\":2698,\"commentCount\":0,\"publisher\":{\"@id\":\"https:\\\/\\\/fjala.info\\\/2009-2015\\\/#organization\"},\"image\":{\"@id\":\"https:\\\/\\\/fjala.info\\\/2009-2015\\\/shuplaka-qe-erdhi-nga-shkodra\\\/#primaryimage\"},\"thumbnailUrl\":\"http:\\\/\\\/www.fjala.info\\\/2013\\\/arben_cokaj.jpg\",\"articleSection\":[\"Artikuj\"],\"inLanguage\":\"sq-AL\",\"potentialAction\":[{\"@type\":\"CommentAction\",\"name\":\"Comment\",\"target\":[\"https:\\\/\\\/fjala.info\\\/2009-2015\\\/shuplaka-qe-erdhi-nga-shkodra\\\/#respond\"]}]},{\"@type\":\"WebPage\",\"@id\":\"https:\\\/\\\/fjala.info\\\/2009-2015\\\/shuplaka-qe-erdhi-nga-shkodra\\\/\",\"url\":\"https:\\\/\\\/fjala.info\\\/2009-2015\\\/shuplaka-qe-erdhi-nga-shkodra\\\/\",\"name\":\"Shuplaka q\u00eb erdhi nga Shkodra - FjALA e LIR\u00cb - Arkivi\",\"isPartOf\":{\"@id\":\"https:\\\/\\\/fjala.info\\\/2009-2015\\\/#website\"},\"primaryImageOfPage\":{\"@id\":\"https:\\\/\\\/fjala.info\\\/2009-2015\\\/shuplaka-qe-erdhi-nga-shkodra\\\/#primaryimage\"},\"image\":{\"@id\":\"https:\\\/\\\/fjala.info\\\/2009-2015\\\/shuplaka-qe-erdhi-nga-shkodra\\\/#primaryimage\"},\"thumbnailUrl\":\"http:\\\/\\\/www.fjala.info\\\/2013\\\/arben_cokaj.jpg\",\"datePublished\":\"2013-07-01T08:02:59+00:00\",\"breadcrumb\":{\"@id\":\"https:\\\/\\\/fjala.info\\\/2009-2015\\\/shuplaka-qe-erdhi-nga-shkodra\\\/#breadcrumb\"},\"inLanguage\":\"sq-AL\",\"potentialAction\":[{\"@type\":\"ReadAction\",\"target\":[\"https:\\\/\\\/fjala.info\\\/2009-2015\\\/shuplaka-qe-erdhi-nga-shkodra\\\/\"]}]},{\"@type\":\"ImageObject\",\"inLanguage\":\"sq-AL\",\"@id\":\"https:\\\/\\\/fjala.info\\\/2009-2015\\\/shuplaka-qe-erdhi-nga-shkodra\\\/#primaryimage\",\"url\":\"http:\\\/\\\/www.fjala.info\\\/2013\\\/arben_cokaj.jpg\",\"contentUrl\":\"http:\\\/\\\/www.fjala.info\\\/2013\\\/arben_cokaj.jpg\"},{\"@type\":\"BreadcrumbList\",\"@id\":\"https:\\\/\\\/fjala.info\\\/2009-2015\\\/shuplaka-qe-erdhi-nga-shkodra\\\/#breadcrumb\",\"itemListElement\":[{\"@type\":\"ListItem\",\"position\":1,\"name\":\"Home\",\"item\":\"https:\\\/\\\/fjala.info\\\/2009-2015\\\/\"},{\"@type\":\"ListItem\",\"position\":2,\"name\":\"Shuplaka q\u00eb erdhi nga Shkodra\"}]},{\"@type\":\"WebSite\",\"@id\":\"https:\\\/\\\/fjala.info\\\/2009-2015\\\/#website\",\"url\":\"https:\\\/\\\/fjala.info\\\/2009-2015\\\/\",\"name\":\"FjALA e LIR\u00cb - Arkivi\",\"description\":\"Arkivi 2009-2015\",\"publisher\":{\"@id\":\"https:\\\/\\\/fjala.info\\\/2009-2015\\\/#organization\"},\"potentialAction\":[{\"@type\":\"SearchAction\",\"target\":{\"@type\":\"EntryPoint\",\"urlTemplate\":\"https:\\\/\\\/fjala.info\\\/2009-2015\\\/?s={search_term_string}\"},\"query-input\":{\"@type\":\"PropertyValueSpecification\",\"valueRequired\":true,\"valueName\":\"search_term_string\"}}],\"inLanguage\":\"sq-AL\"},{\"@type\":\"Organization\",\"@id\":\"https:\\\/\\\/fjala.info\\\/2009-2015\\\/#organization\",\"name\":\"FjALA e LIR\u00cb - Arkivi\",\"url\":\"https:\\\/\\\/fjala.info\\\/2009-2015\\\/\",\"logo\":{\"@type\":\"ImageObject\",\"inLanguage\":\"sq-AL\",\"@id\":\"https:\\\/\\\/fjala.info\\\/2009-2015\\\/#\\\/schema\\\/logo\\\/image\\\/\",\"url\":\"\",\"contentUrl\":\"\",\"caption\":\"FjALA e LIR\u00cb - Arkivi\"},\"image\":{\"@id\":\"https:\\\/\\\/fjala.info\\\/2009-2015\\\/#\\\/schema\\\/logo\\\/image\\\/\"}},{\"@type\":\"Person\",\"@id\":\"https:\\\/\\\/fjala.info\\\/2009-2015\\\/#\\\/schema\\\/person\\\/3aa1163ef05469c496fc94e77611ada2\",\"name\":\"admin\",\"image\":{\"@type\":\"ImageObject\",\"inLanguage\":\"sq-AL\",\"@id\":\"https:\\\/\\\/fjala.info\\\/2009-2015\\\/wp-content\\\/uploads\\\/2012\\\/02\\\/arben_cokaj-120x150.jpg\",\"url\":\"https:\\\/\\\/fjala.info\\\/2009-2015\\\/wp-content\\\/uploads\\\/2012\\\/02\\\/arben_cokaj-120x150.jpg\",\"contentUrl\":\"https:\\\/\\\/fjala.info\\\/2009-2015\\\/wp-content\\\/uploads\\\/2012\\\/02\\\/arben_cokaj-120x150.jpg\",\"caption\":\"admin\"},\"description\":\"Admin, Fjala e Lir\u00eb\",\"sameAs\":[\"https:\\\/\\\/fjala.info\\\/\"],\"url\":\"https:\\\/\\\/fjala.info\\\/2009-2015\\\/author\\\/admin\\\/\"}]}<\/script>\n<!-- \/ Yoast SEO plugin. -->","yoast_head_json":{"title":"Shuplaka q\u00eb erdhi nga Shkodra - FjALA e LIR\u00cb - Arkivi","robots":{"index":"index","follow":"follow","max-snippet":"max-snippet:-1","max-image-preview":"max-image-preview:large","max-video-preview":"max-video-preview:-1"},"canonical":"https:\/\/fjala.info\/2009-2015\/shuplaka-qe-erdhi-nga-shkodra\/","og_locale":"sq_AL","og_type":"article","og_title":"Shuplaka q\u00eb erdhi nga Shkodra - FjALA e LIR\u00cb - Arkivi","og_description":"Shkodra zgjodhi demokracin\u00eb, p\u00ebrkund\u00ebr bojkotit apo \u2018bastionit\u2019 t\u00eb PD-s\u00eb Arben \u00c7okaj, 28.06.2013 Botuar n\u00eb gazet\u00ebn Dita me dt. 03.07.2013 PS e LSI nuk e prisnin nj\u00eb pjes\u00ebmarrje dhe rezultat t\u00eb till\u00eb n\u00eb k\u00ebto zgjedhje, dhe p\u00ebr m\u00eb tep\u00ebr nj\u00eb votim plebeshitar p\u00ebr koalicionin e majt\u00eb n\u00eb shkall\u00eb vendi. Por fitorja n\u00eb Shkod\u00ebr ishte edhe m\u00eb [&hellip;]","og_url":"https:\/\/fjala.info\/2009-2015\/shuplaka-qe-erdhi-nga-shkodra\/","og_site_name":"FjALA e LIR\u00cb - Arkivi","article_published_time":"2013-07-01T08:02:59+00:00","og_image":[{"url":"http:\/\/www.fjala.info\/2013\/arben_cokaj.jpg","type":"","width":"","height":""}],"author":"admin","twitter_card":"summary_large_image","twitter_misc":{"Written by":"admin","Est. reading time":"13 minutes"},"schema":{"@context":"https:\/\/schema.org","@graph":[{"@type":"Article","@id":"https:\/\/fjala.info\/2009-2015\/shuplaka-qe-erdhi-nga-shkodra\/#article","isPartOf":{"@id":"https:\/\/fjala.info\/2009-2015\/shuplaka-qe-erdhi-nga-shkodra\/"},"author":{"name":"admin","@id":"https:\/\/fjala.info\/2009-2015\/#\/schema\/person\/3aa1163ef05469c496fc94e77611ada2"},"headline":"Shuplaka q\u00eb erdhi nga Shkodra","datePublished":"2013-07-01T08:02:59+00:00","mainEntityOfPage":{"@id":"https:\/\/fjala.info\/2009-2015\/shuplaka-qe-erdhi-nga-shkodra\/"},"wordCount":2698,"commentCount":0,"publisher":{"@id":"https:\/\/fjala.info\/2009-2015\/#organization"},"image":{"@id":"https:\/\/fjala.info\/2009-2015\/shuplaka-qe-erdhi-nga-shkodra\/#primaryimage"},"thumbnailUrl":"http:\/\/www.fjala.info\/2013\/arben_cokaj.jpg","articleSection":["Artikuj"],"inLanguage":"sq-AL","potentialAction":[{"@type":"CommentAction","name":"Comment","target":["https:\/\/fjala.info\/2009-2015\/shuplaka-qe-erdhi-nga-shkodra\/#respond"]}]},{"@type":"WebPage","@id":"https:\/\/fjala.info\/2009-2015\/shuplaka-qe-erdhi-nga-shkodra\/","url":"https:\/\/fjala.info\/2009-2015\/shuplaka-qe-erdhi-nga-shkodra\/","name":"Shuplaka q\u00eb erdhi nga Shkodra - FjALA e LIR\u00cb - Arkivi","isPartOf":{"@id":"https:\/\/fjala.info\/2009-2015\/#website"},"primaryImageOfPage":{"@id":"https:\/\/fjala.info\/2009-2015\/shuplaka-qe-erdhi-nga-shkodra\/#primaryimage"},"image":{"@id":"https:\/\/fjala.info\/2009-2015\/shuplaka-qe-erdhi-nga-shkodra\/#primaryimage"},"thumbnailUrl":"http:\/\/www.fjala.info\/2013\/arben_cokaj.jpg","datePublished":"2013-07-01T08:02:59+00:00","breadcrumb":{"@id":"https:\/\/fjala.info\/2009-2015\/shuplaka-qe-erdhi-nga-shkodra\/#breadcrumb"},"inLanguage":"sq-AL","potentialAction":[{"@type":"ReadAction","target":["https:\/\/fjala.info\/2009-2015\/shuplaka-qe-erdhi-nga-shkodra\/"]}]},{"@type":"ImageObject","inLanguage":"sq-AL","@id":"https:\/\/fjala.info\/2009-2015\/shuplaka-qe-erdhi-nga-shkodra\/#primaryimage","url":"http:\/\/www.fjala.info\/2013\/arben_cokaj.jpg","contentUrl":"http:\/\/www.fjala.info\/2013\/arben_cokaj.jpg"},{"@type":"BreadcrumbList","@id":"https:\/\/fjala.info\/2009-2015\/shuplaka-qe-erdhi-nga-shkodra\/#breadcrumb","itemListElement":[{"@type":"ListItem","position":1,"name":"Home","item":"https:\/\/fjala.info\/2009-2015\/"},{"@type":"ListItem","position":2,"name":"Shuplaka q\u00eb erdhi nga Shkodra"}]},{"@type":"WebSite","@id":"https:\/\/fjala.info\/2009-2015\/#website","url":"https:\/\/fjala.info\/2009-2015\/","name":"FjALA e LIR\u00cb - Arkivi","description":"Arkivi 2009-2015","publisher":{"@id":"https:\/\/fjala.info\/2009-2015\/#organization"},"potentialAction":[{"@type":"SearchAction","target":{"@type":"EntryPoint","urlTemplate":"https:\/\/fjala.info\/2009-2015\/?s={search_term_string}"},"query-input":{"@type":"PropertyValueSpecification","valueRequired":true,"valueName":"search_term_string"}}],"inLanguage":"sq-AL"},{"@type":"Organization","@id":"https:\/\/fjala.info\/2009-2015\/#organization","name":"FjALA e LIR\u00cb - Arkivi","url":"https:\/\/fjala.info\/2009-2015\/","logo":{"@type":"ImageObject","inLanguage":"sq-AL","@id":"https:\/\/fjala.info\/2009-2015\/#\/schema\/logo\/image\/","url":"","contentUrl":"","caption":"FjALA e LIR\u00cb - Arkivi"},"image":{"@id":"https:\/\/fjala.info\/2009-2015\/#\/schema\/logo\/image\/"}},{"@type":"Person","@id":"https:\/\/fjala.info\/2009-2015\/#\/schema\/person\/3aa1163ef05469c496fc94e77611ada2","name":"admin","image":{"@type":"ImageObject","inLanguage":"sq-AL","@id":"https:\/\/fjala.info\/2009-2015\/wp-content\/uploads\/2012\/02\/arben_cokaj-120x150.jpg","url":"https:\/\/fjala.info\/2009-2015\/wp-content\/uploads\/2012\/02\/arben_cokaj-120x150.jpg","contentUrl":"https:\/\/fjala.info\/2009-2015\/wp-content\/uploads\/2012\/02\/arben_cokaj-120x150.jpg","caption":"admin"},"description":"Admin, Fjala e Lir\u00eb","sameAs":["https:\/\/fjala.info\/"],"url":"https:\/\/fjala.info\/2009-2015\/author\/admin\/"}]}},"_links":{"self":[{"href":"https:\/\/fjala.info\/2009-2015\/wp-json\/wp\/v2\/posts\/12909","targetHints":{"allow":["GET"]}}],"collection":[{"href":"https:\/\/fjala.info\/2009-2015\/wp-json\/wp\/v2\/posts"}],"about":[{"href":"https:\/\/fjala.info\/2009-2015\/wp-json\/wp\/v2\/types\/post"}],"author":[{"embeddable":true,"href":"https:\/\/fjala.info\/2009-2015\/wp-json\/wp\/v2\/users\/1"}],"replies":[{"embeddable":true,"href":"https:\/\/fjala.info\/2009-2015\/wp-json\/wp\/v2\/comments?post=12909"}],"version-history":[{"count":0,"href":"https:\/\/fjala.info\/2009-2015\/wp-json\/wp\/v2\/posts\/12909\/revisions"}],"wp:attachment":[{"href":"https:\/\/fjala.info\/2009-2015\/wp-json\/wp\/v2\/media?parent=12909"}],"wp:term":[{"taxonomy":"category","embeddable":true,"href":"https:\/\/fjala.info\/2009-2015\/wp-json\/wp\/v2\/categories?post=12909"},{"taxonomy":"post_tag","embeddable":true,"href":"https:\/\/fjala.info\/2009-2015\/wp-json\/wp\/v2\/tags?post=12909"}],"curies":[{"name":"wp","href":"https:\/\/api.w.org\/{rel}","templated":true}]}}