{"id":12908,"date":"2013-07-01T07:56:35","date_gmt":"2013-07-01T06:56:35","guid":{"rendered":"http:\/\/fjala.info\/?p=3466"},"modified":"2013-07-01T07:56:35","modified_gmt":"2013-07-01T06:56:35","slug":"hapni-telefonat-e-flisni-lirisht-gestapo-e-berishes-i-uli-antenat-e-pergjimit","status":"publish","type":"post","link":"https:\/\/fjala.info\/2009-2015\/hapni-telefonat-e-flisni-lirisht-gestapo-e-berishes-i-uli-antenat-e-pergjimit\/","title":{"rendered":"Hapni telefonat e flisni lirisht, \u201cGestapo\u201d e Berish\u00ebs i uli antenat e p\u00ebrgjimit"},"content":{"rendered":"<p><img decoding=\"async\" class=\"alignright size-thumbnail wp-image-7236\" title=\"Berisha - Kuli\u00e7aj\" alt=\"\" src=\"http:\/\/www.fjala.info\/2013\/berisha_kulicaj.jpg\" width=\"300\" \/> <em><strong>Editorial<\/strong><\/em><\/p>\n<p>Nga: <strong>P\u00ebrparim Halili<\/strong><\/p>\n<p>Hapni telefonat dhe flisni lirisht, sepse ra regjimi q\u00eb p\u00ebrgjonte edhe telefonat e f\u00ebmij\u00ebve! \u00cbsht\u00eb krejt normale, q\u00eb e b\u00ebjm\u00eb k\u00ebt\u00eb thirrje, mbasi n\u00eb 23 qershor 2013, p\u00ebrve\u00e7 pushtetit t\u00eb korruptuar e t\u00eb kriminalizuar, shqiptar\u00ebt shp\u00ebtuan edhe nga nj\u00eb makth i p\u00ebrbindsh\u00ebm, si\u00e7 ishte p\u00ebrgjimi i telefonave, i post\u00ebs elektronike, i bisedave n\u00eb kafene e zyra, madje dhe n\u00eb autobus\u00ebt urban\u00eb.<\/p>\n<p>Shp\u00ebtuan pronar\u00ebt e mediave, gazetar\u00ebt, intelektual\u00ebt, biznesmen\u00ebt, aktivist\u00ebt, deputet\u00ebt dhe drejtuesit e opozit\u00ebs. Madje, prej p\u00ebrgjimit t\u00eb regjimit \u201cBerisha\u201d, shp\u00ebtuan edhe vet\u00eb krer\u00ebt e dyshimt\u00eb t\u00eb qeveris\u00eb, t\u00eb pushtetit e t\u00eb PD. Shp\u00ebtoi nga p\u00ebrgjimi edhe vet\u00eb Presidenti i Republik\u00ebs, Bujar Nishani. Shp\u00ebtuan dhe diplomat\u00ebt, rezidencat diplomatike dhe p\u00ebrfaq\u00ebsuesit e tyre q\u00eb vinin n\u00eb Shqip\u00ebri.<\/p>\n<p>Shp\u00ebtuan t\u00eb gjith\u00eb, ata q\u00eb regjimi tipik \u201cGESTAPO\u201d i Sali Berish\u00ebs, i kishte piketuar si t\u00eb dyshimt\u00eb e \u201carmiq\u201d t\u00eb kreut t\u00eb kupol\u00ebs, t\u00eb kryeministrit Sali Berisha dhe familjes s\u00eb tij. Hapni telefonat e flisni lirisht pa ankth, pa frik\u00eb, pa \u201ckode\u201d! Mos kini m\u00eb frik\u00eb, sepse dit\u00ebn q\u00eb ra regjimi \u201cGESTAPO\u201d i Sali Berish\u00ebs, ministri i Mbrojtjes, Arben Imami i \u00e7montoi pajisjet speciale, me t\u00eb cilat p\u00ebrgjonte opozit\u00ebn e mediat antiqeveritare, por dhe gjeneral\u00ebt, administrat\u00ebn e ushtris\u00eb, madje edhe kuzhinier\u00ebt e kavalishencave ku relaksohej kupola dhe familja \u201cBerisha\u201d.<\/p>\n<p>Hapni telefonat dhe flisni lirisht, sepse shefi i \u201cGESTAPO-s\u201d s\u00eb p\u00ebrgjimeve n\u00eb polici Agron Kuli\u00e7aj, po i mbath jasht\u00eb shtetit, p\u00ebr t\u00eb shp\u00ebtuar \u201cl\u00ebkur\u00ebn\u201d prej hakdh\u00ebnies s\u00eb ligjit dhe t\u00eb atyre q\u00eb u ka nxir\u00eb jet\u00ebn e u ka rrjepur kulet\u00ebn. Flisni lirisht, se edhe Visho Lika i SHISH, q\u00eb zhvillonte k\u00ebt\u00eb aktivitet prej \u201cEsesi\u201d, i ka mbyllur sinjalet e p\u00ebrgjimit, mbasi po b\u00ebn gati valixhet p\u00ebr t\u2019iu rikthyer emigrimit si n\u00eb \u201997-\u00ebn.<\/p>\n<p>Psikoza e frik\u00ebs prej \u201cpu\u00e7eve\u201d dhe \u201czanati\u201d i vjet\u00ebr i survejimeve, spiunimeve e p\u00ebrgatitjes s\u00eb dosjeve p\u00ebr kund\u00ebrshtar\u00ebt personal\u00eb e politik\u00eb, ka b\u00ebr\u00eb Sali Berish\u00ebn t\u00eb nd\u00ebrtoj\u00eb nj\u00eb shtet \u201chafijesh\u201d, duke ngritur nj\u00eb rrjet t\u00eb p\u00ebrgjithsh\u00ebm p\u00ebrgjimi t\u00eb telefonave, banesave, bisedave n\u00eb kafene, n\u00eb zyra, n\u00eb shkolla, parqe, udh\u00ebtim, spitale, dogana, tatime, zyra partish, qendra biznesesh, redaksi gazetash, aeroporte e deri n\u00eb kopshtet e f\u00ebmij\u00ebve dhe azilet e pleqve.<\/p>\n<p>Gjith\u00e7ka n\u00eb k\u00ebto 8 vite, ve\u00e7an\u00ebrisht n\u00eb 4 vitet e fundit, ishte n\u00ebn p\u00ebrgjim t\u00eb plot\u00eb t\u00eb cilitdo q\u00eb ishte skeduar si \u201carmik\u201d, ose kontingjent rekrutimi p\u00ebr sh\u00ebrbime. \u00c7do person, apo institucion i skeduar kishte 24 or\u00eb pran\u00eb \u201c\u00c7imk\u00ebn\u201d dhe spiunin e \u201cGESTAPO-s\u201d Berisha. Edhe brenda PD, ai kishte ngritur nj\u00eb \u201cSHIK\u201d personal q\u00eb survejonte gjith\u00e7ka e k\u00ebdo, me vesh, sy e impiante p\u00ebrgjimi. Mbi baz\u00ebn e p\u00ebrgjimeve, Sali Berisha prej 23 vitesh ka krijuar nj\u00eb \u201carkiv\u201d me t\u00eb dh\u00ebna p\u00ebr armiqt\u00eb dhe miqt\u00eb, duke regjistruar vendet, oraret dhe personat e takimit, bisedat telefonike, filmime, dokumente, in\u00e7izime.<\/p>\n<p>K\u00ebt\u00eb praktik\u00eb prej shefi \u201cGESTAPO\u201d, Sali Berisha e ka b\u00ebr\u00eb dhe n\u00eb pushtetin e tij t\u00eb viteve 1992-1997, duke p\u00ebrgjuar me spiun\u00eb rruge, me p\u00ebrgjime telefonash zyre, sht\u00ebpie e rruge, me \u201c\u00e7imka\u201d t\u00eb vendosura posht\u00eb tavolinave, n\u00eb makina, portollampa, lavamane banjosh, n\u00eb sahat\u00eb uji e dritash dhe goma makinash. K\u00ebt\u00eb gj\u00eb, ka b\u00ebr\u00eb dhe n\u00eb 8 vitet e pushtetit t\u00eb tij t\u00eb fundit. Ka mbledhur p\u00ebrgjime, i ka seleksionuar dhe mbi baz\u00ebn e tyre, ka zbuluar \u201carmiq\u201d dashnore, afera korruptive, dhe nuk i ka \u00e7uar n\u00eb drejt\u00ebsi, por ka b\u00ebr\u00eb presione mbi \u201cviktimat\u201d, duke i mbajtur n\u00ebn kontroll p\u00ebr interesa t\u00eb veta.<\/p>\n<p>Shefat e zyr\u00ebs s\u00eb p\u00ebrgjimeve kan\u00eb qen\u00eb Agron Kuli\u00e7aj, Visho Lika, Arben Imami e Flamur Noka. Nuk mendojm\u00eb se \u201cviktim\u00eb\u201d e k\u00ebsaj veprimtarie p\u00ebrgjuese t\u00eb \u201cSHIK-Berisha\u201d, ka qen\u00eb dhe kryetarja e Kuvendit Topalli, ministrat Bode, Olldashi, Bregu, Pollo, Bum\u00e7i, apo Patozi e figura t\u00eb tjera t\u00eb PD, por dim\u00eb faktin, q\u00eb pa\u00e7ka se dhe pasi shefi i \u201cGESTAPO-s\u201d s\u00eb PD, Sali Berisha ka dh\u00ebn\u00eb dor\u00ebheqjen, ata vazhdojn\u00eb t\u2019i q\u00ebndrojn\u00eb \u201cgati-tu\u201d e t\u00eb derdhin lot p\u00ebr t\u00eb, madje dhe t\u00eb kund\u00ebrshtojn\u00eb kandidimin p\u00ebr kolltukun e tij.<\/p>\n<p>Nuk e dim\u00eb n\u00ebse viktim\u00eb\u201d e p\u00ebrgjimit, mund t\u00eb jet\u00eb ish-deputeti i PS, Kastriot Islami, i cili l\u00ebpiu gjith\u00eb p\u00ebshtym\u00ebn e hedhur n\u00eb fytyr\u00ebn e Berish\u00ebs p\u00ebr 20 vite me rradh\u00eb dhe tani n\u00eb \u201cmosh\u00eb t\u00eb tret\u00eb\u201d, u b\u00eb an\u00ebtar i ri i PD. Nuk dim\u00eb shum\u00eb gj\u00ebra t\u00eb tjera, t\u00eb ndyra e makabre q\u00eb kan\u00eb ndodhur n\u00eb k\u00ebto 23 vite n\u00eb strofull\u00ebn \u201cPD-Berisha\u201d, por nj\u00eb gj\u00eb e dim\u00eb t\u00eb sigurt\u00eb. Pas 23 qershorit, \u201cGESTAPO\u201d Berisha, i ka ulur antenat e p\u00ebrgjimeve. Prandaj, hapni telefonat dhe flisni lirsh\u00ebm!<\/p>\n","protected":false},"excerpt":{"rendered":"<p>Editorial Nga: P\u00ebrparim Halili Hapni telefonat dhe flisni lirisht, sepse ra regjimi q\u00eb p\u00ebrgjonte edhe telefonat e f\u00ebmij\u00ebve! \u00cbsht\u00eb krejt normale, q\u00eb e b\u00ebjm\u00eb k\u00ebt\u00eb thirrje, mbasi n\u00eb 23 qershor 2013, p\u00ebrve\u00e7 pushtetit t\u00eb korruptuar e t\u00eb kriminalizuar, shqiptar\u00ebt shp\u00ebtuan edhe nga nj\u00eb makth i p\u00ebrbindsh\u00ebm, si\u00e7 ishte p\u00ebrgjimi i telefonave, i post\u00ebs elektronike, i [&hellip;]<\/p>\n","protected":false},"author":1,"featured_media":0,"comment_status":"open","ping_status":"closed","sticky":false,"template":"","format":"standard","meta":{"footnotes":""},"categories":[2],"tags":[],"class_list":{"0":"post-12908","1":"post","2":"type-post","3":"status-publish","4":"format-standard","6":"category-artikuj"},"yoast_head":"<!-- This site is optimized with the Yoast SEO plugin v27.4 - https:\/\/yoast.com\/product\/yoast-seo-wordpress\/ -->\n<title>Hapni telefonat e flisni lirisht, \u201cGestapo\u201d e Berish\u00ebs i uli antenat e p\u00ebrgjimit - FjALA e LIR\u00cb - Arkivi<\/title>\n<meta name=\"robots\" content=\"index, follow, max-snippet:-1, max-image-preview:large, max-video-preview:-1\" \/>\n<link rel=\"canonical\" href=\"https:\/\/fjala.info\/2009-2015\/hapni-telefonat-e-flisni-lirisht-gestapo-e-berishes-i-uli-antenat-e-pergjimit\/\" \/>\n<meta property=\"og:locale\" content=\"sq_AL\" \/>\n<meta property=\"og:type\" content=\"article\" \/>\n<meta property=\"og:title\" content=\"Hapni telefonat e flisni lirisht, \u201cGestapo\u201d e Berish\u00ebs i uli antenat e p\u00ebrgjimit - FjALA e LIR\u00cb - Arkivi\" \/>\n<meta property=\"og:description\" content=\"Editorial Nga: P\u00ebrparim Halili Hapni telefonat dhe flisni lirisht, sepse ra regjimi q\u00eb p\u00ebrgjonte edhe telefonat e f\u00ebmij\u00ebve! \u00cbsht\u00eb krejt normale, q\u00eb e b\u00ebjm\u00eb k\u00ebt\u00eb thirrje, mbasi n\u00eb 23 qershor 2013, p\u00ebrve\u00e7 pushtetit t\u00eb korruptuar e t\u00eb kriminalizuar, shqiptar\u00ebt shp\u00ebtuan edhe nga nj\u00eb makth i p\u00ebrbindsh\u00ebm, si\u00e7 ishte p\u00ebrgjimi i telefonave, i post\u00ebs elektronike, i [&hellip;]\" \/>\n<meta property=\"og:url\" content=\"https:\/\/fjala.info\/2009-2015\/hapni-telefonat-e-flisni-lirisht-gestapo-e-berishes-i-uli-antenat-e-pergjimit\/\" \/>\n<meta property=\"og:site_name\" content=\"FjALA e LIR\u00cb - Arkivi\" \/>\n<meta property=\"article:published_time\" content=\"2013-07-01T06:56:35+00:00\" \/>\n<meta property=\"og:image\" content=\"http:\/\/www.fjala.info\/2013\/berisha_kulicaj.jpg\" \/>\n<meta name=\"author\" content=\"admin\" \/>\n<meta name=\"twitter:card\" content=\"summary_large_image\" \/>\n<meta name=\"twitter:label1\" content=\"Written by\" \/>\n\t<meta name=\"twitter:data1\" content=\"admin\" \/>\n\t<meta name=\"twitter:label2\" content=\"Est. reading time\" \/>\n\t<meta name=\"twitter:data2\" content=\"4 minutes\" \/>\n<script type=\"application\/ld+json\" class=\"yoast-schema-graph\">{\"@context\":\"https:\\\/\\\/schema.org\",\"@graph\":[{\"@type\":\"Article\",\"@id\":\"https:\\\/\\\/fjala.info\\\/2009-2015\\\/hapni-telefonat-e-flisni-lirisht-gestapo-e-berishes-i-uli-antenat-e-pergjimit\\\/#article\",\"isPartOf\":{\"@id\":\"https:\\\/\\\/fjala.info\\\/2009-2015\\\/hapni-telefonat-e-flisni-lirisht-gestapo-e-berishes-i-uli-antenat-e-pergjimit\\\/\"},\"author\":{\"name\":\"admin\",\"@id\":\"https:\\\/\\\/fjala.info\\\/2009-2015\\\/#\\\/schema\\\/person\\\/3aa1163ef05469c496fc94e77611ada2\"},\"headline\":\"Hapni telefonat e flisni lirisht, \u201cGestapo\u201d e Berish\u00ebs i uli antenat e p\u00ebrgjimit\",\"datePublished\":\"2013-07-01T06:56:35+00:00\",\"mainEntityOfPage\":{\"@id\":\"https:\\\/\\\/fjala.info\\\/2009-2015\\\/hapni-telefonat-e-flisni-lirisht-gestapo-e-berishes-i-uli-antenat-e-pergjimit\\\/\"},\"wordCount\":860,\"commentCount\":0,\"publisher\":{\"@id\":\"https:\\\/\\\/fjala.info\\\/2009-2015\\\/#organization\"},\"image\":{\"@id\":\"https:\\\/\\\/fjala.info\\\/2009-2015\\\/hapni-telefonat-e-flisni-lirisht-gestapo-e-berishes-i-uli-antenat-e-pergjimit\\\/#primaryimage\"},\"thumbnailUrl\":\"http:\\\/\\\/www.fjala.info\\\/2013\\\/berisha_kulicaj.jpg\",\"articleSection\":[\"Artikuj\"],\"inLanguage\":\"sq-AL\",\"potentialAction\":[{\"@type\":\"CommentAction\",\"name\":\"Comment\",\"target\":[\"https:\\\/\\\/fjala.info\\\/2009-2015\\\/hapni-telefonat-e-flisni-lirisht-gestapo-e-berishes-i-uli-antenat-e-pergjimit\\\/#respond\"]}]},{\"@type\":\"WebPage\",\"@id\":\"https:\\\/\\\/fjala.info\\\/2009-2015\\\/hapni-telefonat-e-flisni-lirisht-gestapo-e-berishes-i-uli-antenat-e-pergjimit\\\/\",\"url\":\"https:\\\/\\\/fjala.info\\\/2009-2015\\\/hapni-telefonat-e-flisni-lirisht-gestapo-e-berishes-i-uli-antenat-e-pergjimit\\\/\",\"name\":\"Hapni telefonat e flisni lirisht, \u201cGestapo\u201d e Berish\u00ebs i uli antenat e p\u00ebrgjimit - FjALA e LIR\u00cb - Arkivi\",\"isPartOf\":{\"@id\":\"https:\\\/\\\/fjala.info\\\/2009-2015\\\/#website\"},\"primaryImageOfPage\":{\"@id\":\"https:\\\/\\\/fjala.info\\\/2009-2015\\\/hapni-telefonat-e-flisni-lirisht-gestapo-e-berishes-i-uli-antenat-e-pergjimit\\\/#primaryimage\"},\"image\":{\"@id\":\"https:\\\/\\\/fjala.info\\\/2009-2015\\\/hapni-telefonat-e-flisni-lirisht-gestapo-e-berishes-i-uli-antenat-e-pergjimit\\\/#primaryimage\"},\"thumbnailUrl\":\"http:\\\/\\\/www.fjala.info\\\/2013\\\/berisha_kulicaj.jpg\",\"datePublished\":\"2013-07-01T06:56:35+00:00\",\"breadcrumb\":{\"@id\":\"https:\\\/\\\/fjala.info\\\/2009-2015\\\/hapni-telefonat-e-flisni-lirisht-gestapo-e-berishes-i-uli-antenat-e-pergjimit\\\/#breadcrumb\"},\"inLanguage\":\"sq-AL\",\"potentialAction\":[{\"@type\":\"ReadAction\",\"target\":[\"https:\\\/\\\/fjala.info\\\/2009-2015\\\/hapni-telefonat-e-flisni-lirisht-gestapo-e-berishes-i-uli-antenat-e-pergjimit\\\/\"]}]},{\"@type\":\"ImageObject\",\"inLanguage\":\"sq-AL\",\"@id\":\"https:\\\/\\\/fjala.info\\\/2009-2015\\\/hapni-telefonat-e-flisni-lirisht-gestapo-e-berishes-i-uli-antenat-e-pergjimit\\\/#primaryimage\",\"url\":\"http:\\\/\\\/www.fjala.info\\\/2013\\\/berisha_kulicaj.jpg\",\"contentUrl\":\"http:\\\/\\\/www.fjala.info\\\/2013\\\/berisha_kulicaj.jpg\"},{\"@type\":\"BreadcrumbList\",\"@id\":\"https:\\\/\\\/fjala.info\\\/2009-2015\\\/hapni-telefonat-e-flisni-lirisht-gestapo-e-berishes-i-uli-antenat-e-pergjimit\\\/#breadcrumb\",\"itemListElement\":[{\"@type\":\"ListItem\",\"position\":1,\"name\":\"Home\",\"item\":\"https:\\\/\\\/fjala.info\\\/2009-2015\\\/\"},{\"@type\":\"ListItem\",\"position\":2,\"name\":\"Hapni telefonat e flisni lirisht, \u201cGestapo\u201d e Berish\u00ebs i uli antenat e p\u00ebrgjimit\"}]},{\"@type\":\"WebSite\",\"@id\":\"https:\\\/\\\/fjala.info\\\/2009-2015\\\/#website\",\"url\":\"https:\\\/\\\/fjala.info\\\/2009-2015\\\/\",\"name\":\"FjALA e LIR\u00cb - Arkivi\",\"description\":\"Arkivi 2009-2015\",\"publisher\":{\"@id\":\"https:\\\/\\\/fjala.info\\\/2009-2015\\\/#organization\"},\"potentialAction\":[{\"@type\":\"SearchAction\",\"target\":{\"@type\":\"EntryPoint\",\"urlTemplate\":\"https:\\\/\\\/fjala.info\\\/2009-2015\\\/?s={search_term_string}\"},\"query-input\":{\"@type\":\"PropertyValueSpecification\",\"valueRequired\":true,\"valueName\":\"search_term_string\"}}],\"inLanguage\":\"sq-AL\"},{\"@type\":\"Organization\",\"@id\":\"https:\\\/\\\/fjala.info\\\/2009-2015\\\/#organization\",\"name\":\"FjALA e LIR\u00cb - Arkivi\",\"url\":\"https:\\\/\\\/fjala.info\\\/2009-2015\\\/\",\"logo\":{\"@type\":\"ImageObject\",\"inLanguage\":\"sq-AL\",\"@id\":\"https:\\\/\\\/fjala.info\\\/2009-2015\\\/#\\\/schema\\\/logo\\\/image\\\/\",\"url\":\"\",\"contentUrl\":\"\",\"caption\":\"FjALA e LIR\u00cb - Arkivi\"},\"image\":{\"@id\":\"https:\\\/\\\/fjala.info\\\/2009-2015\\\/#\\\/schema\\\/logo\\\/image\\\/\"}},{\"@type\":\"Person\",\"@id\":\"https:\\\/\\\/fjala.info\\\/2009-2015\\\/#\\\/schema\\\/person\\\/3aa1163ef05469c496fc94e77611ada2\",\"name\":\"admin\",\"image\":{\"@type\":\"ImageObject\",\"inLanguage\":\"sq-AL\",\"@id\":\"https:\\\/\\\/fjala.info\\\/2009-2015\\\/wp-content\\\/uploads\\\/2012\\\/02\\\/arben_cokaj-120x150.jpg\",\"url\":\"https:\\\/\\\/fjala.info\\\/2009-2015\\\/wp-content\\\/uploads\\\/2012\\\/02\\\/arben_cokaj-120x150.jpg\",\"contentUrl\":\"https:\\\/\\\/fjala.info\\\/2009-2015\\\/wp-content\\\/uploads\\\/2012\\\/02\\\/arben_cokaj-120x150.jpg\",\"caption\":\"admin\"},\"description\":\"Admin, Fjala e Lir\u00eb\",\"sameAs\":[\"https:\\\/\\\/fjala.info\\\/\"],\"url\":\"https:\\\/\\\/fjala.info\\\/2009-2015\\\/author\\\/admin\\\/\"}]}<\/script>\n<!-- \/ Yoast SEO plugin. -->","yoast_head_json":{"title":"Hapni telefonat e flisni lirisht, \u201cGestapo\u201d e Berish\u00ebs i uli antenat e p\u00ebrgjimit - FjALA e LIR\u00cb - Arkivi","robots":{"index":"index","follow":"follow","max-snippet":"max-snippet:-1","max-image-preview":"max-image-preview:large","max-video-preview":"max-video-preview:-1"},"canonical":"https:\/\/fjala.info\/2009-2015\/hapni-telefonat-e-flisni-lirisht-gestapo-e-berishes-i-uli-antenat-e-pergjimit\/","og_locale":"sq_AL","og_type":"article","og_title":"Hapni telefonat e flisni lirisht, \u201cGestapo\u201d e Berish\u00ebs i uli antenat e p\u00ebrgjimit - FjALA e LIR\u00cb - Arkivi","og_description":"Editorial Nga: P\u00ebrparim Halili Hapni telefonat dhe flisni lirisht, sepse ra regjimi q\u00eb p\u00ebrgjonte edhe telefonat e f\u00ebmij\u00ebve! \u00cbsht\u00eb krejt normale, q\u00eb e b\u00ebjm\u00eb k\u00ebt\u00eb thirrje, mbasi n\u00eb 23 qershor 2013, p\u00ebrve\u00e7 pushtetit t\u00eb korruptuar e t\u00eb kriminalizuar, shqiptar\u00ebt shp\u00ebtuan edhe nga nj\u00eb makth i p\u00ebrbindsh\u00ebm, si\u00e7 ishte p\u00ebrgjimi i telefonave, i post\u00ebs elektronike, i [&hellip;]","og_url":"https:\/\/fjala.info\/2009-2015\/hapni-telefonat-e-flisni-lirisht-gestapo-e-berishes-i-uli-antenat-e-pergjimit\/","og_site_name":"FjALA e LIR\u00cb - Arkivi","article_published_time":"2013-07-01T06:56:35+00:00","og_image":[{"url":"http:\/\/www.fjala.info\/2013\/berisha_kulicaj.jpg","type":"","width":"","height":""}],"author":"admin","twitter_card":"summary_large_image","twitter_misc":{"Written by":"admin","Est. reading time":"4 minutes"},"schema":{"@context":"https:\/\/schema.org","@graph":[{"@type":"Article","@id":"https:\/\/fjala.info\/2009-2015\/hapni-telefonat-e-flisni-lirisht-gestapo-e-berishes-i-uli-antenat-e-pergjimit\/#article","isPartOf":{"@id":"https:\/\/fjala.info\/2009-2015\/hapni-telefonat-e-flisni-lirisht-gestapo-e-berishes-i-uli-antenat-e-pergjimit\/"},"author":{"name":"admin","@id":"https:\/\/fjala.info\/2009-2015\/#\/schema\/person\/3aa1163ef05469c496fc94e77611ada2"},"headline":"Hapni telefonat e flisni lirisht, \u201cGestapo\u201d e Berish\u00ebs i uli antenat e p\u00ebrgjimit","datePublished":"2013-07-01T06:56:35+00:00","mainEntityOfPage":{"@id":"https:\/\/fjala.info\/2009-2015\/hapni-telefonat-e-flisni-lirisht-gestapo-e-berishes-i-uli-antenat-e-pergjimit\/"},"wordCount":860,"commentCount":0,"publisher":{"@id":"https:\/\/fjala.info\/2009-2015\/#organization"},"image":{"@id":"https:\/\/fjala.info\/2009-2015\/hapni-telefonat-e-flisni-lirisht-gestapo-e-berishes-i-uli-antenat-e-pergjimit\/#primaryimage"},"thumbnailUrl":"http:\/\/www.fjala.info\/2013\/berisha_kulicaj.jpg","articleSection":["Artikuj"],"inLanguage":"sq-AL","potentialAction":[{"@type":"CommentAction","name":"Comment","target":["https:\/\/fjala.info\/2009-2015\/hapni-telefonat-e-flisni-lirisht-gestapo-e-berishes-i-uli-antenat-e-pergjimit\/#respond"]}]},{"@type":"WebPage","@id":"https:\/\/fjala.info\/2009-2015\/hapni-telefonat-e-flisni-lirisht-gestapo-e-berishes-i-uli-antenat-e-pergjimit\/","url":"https:\/\/fjala.info\/2009-2015\/hapni-telefonat-e-flisni-lirisht-gestapo-e-berishes-i-uli-antenat-e-pergjimit\/","name":"Hapni telefonat e flisni lirisht, \u201cGestapo\u201d e Berish\u00ebs i uli antenat e p\u00ebrgjimit - FjALA e LIR\u00cb - Arkivi","isPartOf":{"@id":"https:\/\/fjala.info\/2009-2015\/#website"},"primaryImageOfPage":{"@id":"https:\/\/fjala.info\/2009-2015\/hapni-telefonat-e-flisni-lirisht-gestapo-e-berishes-i-uli-antenat-e-pergjimit\/#primaryimage"},"image":{"@id":"https:\/\/fjala.info\/2009-2015\/hapni-telefonat-e-flisni-lirisht-gestapo-e-berishes-i-uli-antenat-e-pergjimit\/#primaryimage"},"thumbnailUrl":"http:\/\/www.fjala.info\/2013\/berisha_kulicaj.jpg","datePublished":"2013-07-01T06:56:35+00:00","breadcrumb":{"@id":"https:\/\/fjala.info\/2009-2015\/hapni-telefonat-e-flisni-lirisht-gestapo-e-berishes-i-uli-antenat-e-pergjimit\/#breadcrumb"},"inLanguage":"sq-AL","potentialAction":[{"@type":"ReadAction","target":["https:\/\/fjala.info\/2009-2015\/hapni-telefonat-e-flisni-lirisht-gestapo-e-berishes-i-uli-antenat-e-pergjimit\/"]}]},{"@type":"ImageObject","inLanguage":"sq-AL","@id":"https:\/\/fjala.info\/2009-2015\/hapni-telefonat-e-flisni-lirisht-gestapo-e-berishes-i-uli-antenat-e-pergjimit\/#primaryimage","url":"http:\/\/www.fjala.info\/2013\/berisha_kulicaj.jpg","contentUrl":"http:\/\/www.fjala.info\/2013\/berisha_kulicaj.jpg"},{"@type":"BreadcrumbList","@id":"https:\/\/fjala.info\/2009-2015\/hapni-telefonat-e-flisni-lirisht-gestapo-e-berishes-i-uli-antenat-e-pergjimit\/#breadcrumb","itemListElement":[{"@type":"ListItem","position":1,"name":"Home","item":"https:\/\/fjala.info\/2009-2015\/"},{"@type":"ListItem","position":2,"name":"Hapni telefonat e flisni lirisht, \u201cGestapo\u201d e Berish\u00ebs i uli antenat e p\u00ebrgjimit"}]},{"@type":"WebSite","@id":"https:\/\/fjala.info\/2009-2015\/#website","url":"https:\/\/fjala.info\/2009-2015\/","name":"FjALA e LIR\u00cb - Arkivi","description":"Arkivi 2009-2015","publisher":{"@id":"https:\/\/fjala.info\/2009-2015\/#organization"},"potentialAction":[{"@type":"SearchAction","target":{"@type":"EntryPoint","urlTemplate":"https:\/\/fjala.info\/2009-2015\/?s={search_term_string}"},"query-input":{"@type":"PropertyValueSpecification","valueRequired":true,"valueName":"search_term_string"}}],"inLanguage":"sq-AL"},{"@type":"Organization","@id":"https:\/\/fjala.info\/2009-2015\/#organization","name":"FjALA e LIR\u00cb - Arkivi","url":"https:\/\/fjala.info\/2009-2015\/","logo":{"@type":"ImageObject","inLanguage":"sq-AL","@id":"https:\/\/fjala.info\/2009-2015\/#\/schema\/logo\/image\/","url":"","contentUrl":"","caption":"FjALA e LIR\u00cb - Arkivi"},"image":{"@id":"https:\/\/fjala.info\/2009-2015\/#\/schema\/logo\/image\/"}},{"@type":"Person","@id":"https:\/\/fjala.info\/2009-2015\/#\/schema\/person\/3aa1163ef05469c496fc94e77611ada2","name":"admin","image":{"@type":"ImageObject","inLanguage":"sq-AL","@id":"https:\/\/fjala.info\/2009-2015\/wp-content\/uploads\/2012\/02\/arben_cokaj-120x150.jpg","url":"https:\/\/fjala.info\/2009-2015\/wp-content\/uploads\/2012\/02\/arben_cokaj-120x150.jpg","contentUrl":"https:\/\/fjala.info\/2009-2015\/wp-content\/uploads\/2012\/02\/arben_cokaj-120x150.jpg","caption":"admin"},"description":"Admin, Fjala e Lir\u00eb","sameAs":["https:\/\/fjala.info\/"],"url":"https:\/\/fjala.info\/2009-2015\/author\/admin\/"}]}},"_links":{"self":[{"href":"https:\/\/fjala.info\/2009-2015\/wp-json\/wp\/v2\/posts\/12908","targetHints":{"allow":["GET"]}}],"collection":[{"href":"https:\/\/fjala.info\/2009-2015\/wp-json\/wp\/v2\/posts"}],"about":[{"href":"https:\/\/fjala.info\/2009-2015\/wp-json\/wp\/v2\/types\/post"}],"author":[{"embeddable":true,"href":"https:\/\/fjala.info\/2009-2015\/wp-json\/wp\/v2\/users\/1"}],"replies":[{"embeddable":true,"href":"https:\/\/fjala.info\/2009-2015\/wp-json\/wp\/v2\/comments?post=12908"}],"version-history":[{"count":0,"href":"https:\/\/fjala.info\/2009-2015\/wp-json\/wp\/v2\/posts\/12908\/revisions"}],"wp:attachment":[{"href":"https:\/\/fjala.info\/2009-2015\/wp-json\/wp\/v2\/media?parent=12908"}],"wp:term":[{"taxonomy":"category","embeddable":true,"href":"https:\/\/fjala.info\/2009-2015\/wp-json\/wp\/v2\/categories?post=12908"},{"taxonomy":"post_tag","embeddable":true,"href":"https:\/\/fjala.info\/2009-2015\/wp-json\/wp\/v2\/tags?post=12908"}],"curies":[{"name":"wp","href":"https:\/\/api.w.org\/{rel}","templated":true}]}}