{"id":12907,"date":"2013-06-30T22:56:12","date_gmt":"2013-06-30T21:56:12","guid":{"rendered":"http:\/\/fjala.info\/?p=3458"},"modified":"2013-06-30T22:56:12","modified_gmt":"2013-06-30T21:56:12","slug":"nato-i-njeh-shqiptaret-ne-maqedoni-mbi-40-shteti-maqedonas-nuk-i-numeron-mediat-maqedonase-sajojne-20-sha-te-rreme","status":"publish","type":"post","link":"https:\/\/fjala.info\/2009-2015\/nato-i-njeh-shqiptaret-ne-maqedoni-mbi-40-shteti-maqedonas-nuk-i-numeron-mediat-maqedonase-sajojne-20-sha-te-rreme\/","title":{"rendered":"NATO i njeh shqiptar\u00ebt n\u00eb Maqedoni mbi 40%, shteti maqedonas nuk i num\u00ebron, mediat maqedonase sajojn\u00eb 20%-sha t\u00eb rrem\u00eb"},"content":{"rendered":"<p><img decoding=\"async\" class=\"alignright size-thumbnail wp-image-7236\" title=\"Nova Makedonija\" alt=\"\" src=\"http:\/\/www.fjala.info\/2013\/nova_makedonija.jpg\" width=\"300\" \/> <strong>ResPublica.al<\/strong>, <em>30 qershor 2013<\/em><\/p>\n<p>Vazhdojn\u00eb p\u00ebrpjekjet e establishmentit maqedonas p\u00ebr t\u00eb defaktorizuar shqiptar\u00ebt, dhe p\u00ebr t\u2019i detyruar t\u00eb pranojn\u00eb q\u00eb jan\u00eb n\u00ebn 20%. Sk\u00ebnder Kara\u00e7ica v\u00ebren te nj\u00eb analiz\u00eb e botuar n\u00eb INA Online, se shtypi maqedonas, e s\u00eb fundmi dhe \u201cNova Makedonija\u201d, gazet\u00eb e af\u00ebrt me Kryeministrin Nikolla Gruevski, vazhdon t\u00eb p\u00ebrhap\u00eb teza anti-shqiptare.<\/p>\n<p>Maqedonia prej vitesh i shmanget regjistrimit t\u00eb shqiptar\u00ebve. N\u00eb media qarkullon shifra \u201cm\u00eb pak se 20%\u201d e popullsis\u00eb shqiptare, q\u00eb p\u00ebrkon me mashtrimet statistikore dhjet\u00ebra-vje\u00e7are. N\u00eb 50 vitet e propagand\u00ebs s\u00eb regjimit sllavo-komunist, shifra shqiptare mbeti gjithmon\u00eb 17%, pa u verifikuar asnj\u00ebher\u00eb n\u00eb terren.<\/p>\n<p>N\u00eb rastin m\u00eb t\u00eb fundit, \u201canalisti bulevardesk Zidos Daskalovski, \u2018zbulon\u2019, (sic!)se shkaku i nd\u00ebrprerjes s\u00eb regjistrimit t\u00eb popullsis\u00eb pask\u00ebsh qen\u00eb fakti se numri i shqiptar\u00ebve n\u00eb Maqedoni \u00ebsht\u00eb m\u00eb pak se 20 p\u00ebr qind(!),gj\u00eb q\u00eb do t\u00eb ndikonte n\u00eb at\u00eb q\u00eb (populli shqiptar) t\u00eb mos mund t\u00eb shfryt\u00ebzoj\u00eb t\u00eb drejtat q\u00eb i parasheh (lexo:Kushtetuta e k\u00ebtij vendi)p\u00ebr komunitetet (lexo:pakic\u00ebn shqiptare!) n\u00eb p\u00ebrb\u00ebrjen m\u00eb t\u00eb ul\u00ebt se 20 p\u00ebr qind me numrin e p\u00ebrgjithsh\u00ebm t\u00eb popullsis\u00eb n\u00eb k\u00ebt\u00eb vend.\u201d<\/p>\n<p>Sipas Kara\u00e7ic\u00ebs, n\u00eb Samitin e NATO-s n\u00eb \u00c7ikago (mbajtur n\u00eb maj t\u00eb vitit 2012) \u00ebsht\u00eb th\u00ebn\u00eb zyrtarisht se p\u00ebrb\u00ebrja komb\u00ebtare e popullit shqiptar n\u00eb trojet e veta etnike n\u00eb Maqedoni \u00ebsht\u00eb 40%, n\u00eb prani edhe t\u00eb delegacionit nga Maqedonia q\u00eb mori pjes\u00eb n\u00eb cil\u00ebsin\u00eb e v\u00ebzhguesit me kryetarin maqedonas Gjorgje Ivanov.<\/p>\n<p>k.c.<\/p>\n<p>i plot\u00eb:<br \/>\nhttp:\/\/ina-online.net\/opinione\/32293.html<\/p>\n","protected":false},"excerpt":{"rendered":"<p>ResPublica.al, 30 qershor 2013 Vazhdojn\u00eb p\u00ebrpjekjet e establishmentit maqedonas p\u00ebr t\u00eb defaktorizuar shqiptar\u00ebt, dhe p\u00ebr t\u2019i detyruar t\u00eb pranojn\u00eb q\u00eb jan\u00eb n\u00ebn 20%. Sk\u00ebnder Kara\u00e7ica v\u00ebren te nj\u00eb analiz\u00eb e botuar n\u00eb INA Online, se shtypi maqedonas, e s\u00eb fundmi dhe \u201cNova Makedonija\u201d, gazet\u00eb e af\u00ebrt me Kryeministrin Nikolla Gruevski, vazhdon t\u00eb p\u00ebrhap\u00eb teza anti-shqiptare. [&hellip;]<\/p>\n","protected":false},"author":1,"featured_media":0,"comment_status":"open","ping_status":"closed","sticky":false,"template":"","format":"standard","meta":{"footnotes":""},"categories":[2],"tags":[],"class_list":{"0":"post-12907","1":"post","2":"type-post","3":"status-publish","4":"format-standard","6":"category-artikuj"},"yoast_head":"<!-- This site is optimized with the Yoast SEO plugin v27.4 - https:\/\/yoast.com\/product\/yoast-seo-wordpress\/ -->\n<title>NATO i njeh shqiptar\u00ebt n\u00eb Maqedoni mbi 40%, shteti maqedonas nuk i num\u00ebron, mediat maqedonase sajojn\u00eb 20%-sha t\u00eb rrem\u00eb - FjALA e LIR\u00cb - Arkivi<\/title>\n<meta name=\"robots\" content=\"index, follow, max-snippet:-1, max-image-preview:large, max-video-preview:-1\" \/>\n<link rel=\"canonical\" href=\"https:\/\/fjala.info\/2009-2015\/nato-i-njeh-shqiptaret-ne-maqedoni-mbi-40-shteti-maqedonas-nuk-i-numeron-mediat-maqedonase-sajojne-20-sha-te-rreme\/\" \/>\n<meta property=\"og:locale\" content=\"sq_AL\" \/>\n<meta property=\"og:type\" content=\"article\" \/>\n<meta property=\"og:title\" content=\"NATO i njeh shqiptar\u00ebt n\u00eb Maqedoni mbi 40%, shteti maqedonas nuk i num\u00ebron, mediat maqedonase sajojn\u00eb 20%-sha t\u00eb rrem\u00eb - FjALA e LIR\u00cb - Arkivi\" \/>\n<meta property=\"og:description\" content=\"ResPublica.al, 30 qershor 2013 Vazhdojn\u00eb p\u00ebrpjekjet e establishmentit maqedonas p\u00ebr t\u00eb defaktorizuar shqiptar\u00ebt, dhe p\u00ebr t\u2019i detyruar t\u00eb pranojn\u00eb q\u00eb jan\u00eb n\u00ebn 20%. Sk\u00ebnder Kara\u00e7ica v\u00ebren te nj\u00eb analiz\u00eb e botuar n\u00eb INA Online, se shtypi maqedonas, e s\u00eb fundmi dhe \u201cNova Makedonija\u201d, gazet\u00eb e af\u00ebrt me Kryeministrin Nikolla Gruevski, vazhdon t\u00eb p\u00ebrhap\u00eb teza anti-shqiptare. [&hellip;]\" \/>\n<meta property=\"og:url\" content=\"https:\/\/fjala.info\/2009-2015\/nato-i-njeh-shqiptaret-ne-maqedoni-mbi-40-shteti-maqedonas-nuk-i-numeron-mediat-maqedonase-sajojne-20-sha-te-rreme\/\" \/>\n<meta property=\"og:site_name\" content=\"FjALA e LIR\u00cb - Arkivi\" \/>\n<meta property=\"article:published_time\" content=\"2013-06-30T21:56:12+00:00\" \/>\n<meta property=\"og:image\" content=\"http:\/\/www.fjala.info\/2013\/nova_makedonija.jpg\" \/>\n<meta name=\"author\" content=\"admin\" \/>\n<meta name=\"twitter:card\" content=\"summary_large_image\" \/>\n<meta name=\"twitter:label1\" content=\"Written by\" \/>\n\t<meta name=\"twitter:data1\" content=\"admin\" \/>\n\t<meta name=\"twitter:label2\" content=\"Est. reading time\" \/>\n\t<meta name=\"twitter:data2\" content=\"1 minute\" \/>\n<script type=\"application\/ld+json\" class=\"yoast-schema-graph\">{\"@context\":\"https:\\\/\\\/schema.org\",\"@graph\":[{\"@type\":\"Article\",\"@id\":\"https:\\\/\\\/fjala.info\\\/2009-2015\\\/nato-i-njeh-shqiptaret-ne-maqedoni-mbi-40-shteti-maqedonas-nuk-i-numeron-mediat-maqedonase-sajojne-20-sha-te-rreme\\\/#article\",\"isPartOf\":{\"@id\":\"https:\\\/\\\/fjala.info\\\/2009-2015\\\/nato-i-njeh-shqiptaret-ne-maqedoni-mbi-40-shteti-maqedonas-nuk-i-numeron-mediat-maqedonase-sajojne-20-sha-te-rreme\\\/\"},\"author\":{\"name\":\"admin\",\"@id\":\"https:\\\/\\\/fjala.info\\\/2009-2015\\\/#\\\/schema\\\/person\\\/3aa1163ef05469c496fc94e77611ada2\"},\"headline\":\"NATO i njeh shqiptar\u00ebt n\u00eb Maqedoni mbi 40%, shteti maqedonas nuk i num\u00ebron, mediat maqedonase sajojn\u00eb 20%-sha t\u00eb rrem\u00eb\",\"datePublished\":\"2013-06-30T21:56:12+00:00\",\"mainEntityOfPage\":{\"@id\":\"https:\\\/\\\/fjala.info\\\/2009-2015\\\/nato-i-njeh-shqiptaret-ne-maqedoni-mbi-40-shteti-maqedonas-nuk-i-numeron-mediat-maqedonase-sajojne-20-sha-te-rreme\\\/\"},\"wordCount\":293,\"commentCount\":0,\"publisher\":{\"@id\":\"https:\\\/\\\/fjala.info\\\/2009-2015\\\/#organization\"},\"image\":{\"@id\":\"https:\\\/\\\/fjala.info\\\/2009-2015\\\/nato-i-njeh-shqiptaret-ne-maqedoni-mbi-40-shteti-maqedonas-nuk-i-numeron-mediat-maqedonase-sajojne-20-sha-te-rreme\\\/#primaryimage\"},\"thumbnailUrl\":\"http:\\\/\\\/www.fjala.info\\\/2013\\\/nova_makedonija.jpg\",\"articleSection\":[\"Artikuj\"],\"inLanguage\":\"sq-AL\",\"potentialAction\":[{\"@type\":\"CommentAction\",\"name\":\"Comment\",\"target\":[\"https:\\\/\\\/fjala.info\\\/2009-2015\\\/nato-i-njeh-shqiptaret-ne-maqedoni-mbi-40-shteti-maqedonas-nuk-i-numeron-mediat-maqedonase-sajojne-20-sha-te-rreme\\\/#respond\"]}]},{\"@type\":\"WebPage\",\"@id\":\"https:\\\/\\\/fjala.info\\\/2009-2015\\\/nato-i-njeh-shqiptaret-ne-maqedoni-mbi-40-shteti-maqedonas-nuk-i-numeron-mediat-maqedonase-sajojne-20-sha-te-rreme\\\/\",\"url\":\"https:\\\/\\\/fjala.info\\\/2009-2015\\\/nato-i-njeh-shqiptaret-ne-maqedoni-mbi-40-shteti-maqedonas-nuk-i-numeron-mediat-maqedonase-sajojne-20-sha-te-rreme\\\/\",\"name\":\"NATO i njeh shqiptar\u00ebt n\u00eb Maqedoni mbi 40%, shteti maqedonas nuk i num\u00ebron, mediat maqedonase sajojn\u00eb 20%-sha t\u00eb rrem\u00eb - FjALA e LIR\u00cb - Arkivi\",\"isPartOf\":{\"@id\":\"https:\\\/\\\/fjala.info\\\/2009-2015\\\/#website\"},\"primaryImageOfPage\":{\"@id\":\"https:\\\/\\\/fjala.info\\\/2009-2015\\\/nato-i-njeh-shqiptaret-ne-maqedoni-mbi-40-shteti-maqedonas-nuk-i-numeron-mediat-maqedonase-sajojne-20-sha-te-rreme\\\/#primaryimage\"},\"image\":{\"@id\":\"https:\\\/\\\/fjala.info\\\/2009-2015\\\/nato-i-njeh-shqiptaret-ne-maqedoni-mbi-40-shteti-maqedonas-nuk-i-numeron-mediat-maqedonase-sajojne-20-sha-te-rreme\\\/#primaryimage\"},\"thumbnailUrl\":\"http:\\\/\\\/www.fjala.info\\\/2013\\\/nova_makedonija.jpg\",\"datePublished\":\"2013-06-30T21:56:12+00:00\",\"breadcrumb\":{\"@id\":\"https:\\\/\\\/fjala.info\\\/2009-2015\\\/nato-i-njeh-shqiptaret-ne-maqedoni-mbi-40-shteti-maqedonas-nuk-i-numeron-mediat-maqedonase-sajojne-20-sha-te-rreme\\\/#breadcrumb\"},\"inLanguage\":\"sq-AL\",\"potentialAction\":[{\"@type\":\"ReadAction\",\"target\":[\"https:\\\/\\\/fjala.info\\\/2009-2015\\\/nato-i-njeh-shqiptaret-ne-maqedoni-mbi-40-shteti-maqedonas-nuk-i-numeron-mediat-maqedonase-sajojne-20-sha-te-rreme\\\/\"]}]},{\"@type\":\"ImageObject\",\"inLanguage\":\"sq-AL\",\"@id\":\"https:\\\/\\\/fjala.info\\\/2009-2015\\\/nato-i-njeh-shqiptaret-ne-maqedoni-mbi-40-shteti-maqedonas-nuk-i-numeron-mediat-maqedonase-sajojne-20-sha-te-rreme\\\/#primaryimage\",\"url\":\"http:\\\/\\\/www.fjala.info\\\/2013\\\/nova_makedonija.jpg\",\"contentUrl\":\"http:\\\/\\\/www.fjala.info\\\/2013\\\/nova_makedonija.jpg\"},{\"@type\":\"BreadcrumbList\",\"@id\":\"https:\\\/\\\/fjala.info\\\/2009-2015\\\/nato-i-njeh-shqiptaret-ne-maqedoni-mbi-40-shteti-maqedonas-nuk-i-numeron-mediat-maqedonase-sajojne-20-sha-te-rreme\\\/#breadcrumb\",\"itemListElement\":[{\"@type\":\"ListItem\",\"position\":1,\"name\":\"Home\",\"item\":\"https:\\\/\\\/fjala.info\\\/2009-2015\\\/\"},{\"@type\":\"ListItem\",\"position\":2,\"name\":\"NATO i njeh shqiptar\u00ebt n\u00eb Maqedoni mbi 40%, shteti maqedonas nuk i num\u00ebron, mediat maqedonase sajojn\u00eb 20%-sha t\u00eb rrem\u00eb\"}]},{\"@type\":\"WebSite\",\"@id\":\"https:\\\/\\\/fjala.info\\\/2009-2015\\\/#website\",\"url\":\"https:\\\/\\\/fjala.info\\\/2009-2015\\\/\",\"name\":\"FjALA e LIR\u00cb - Arkivi\",\"description\":\"Arkivi 2009-2015\",\"publisher\":{\"@id\":\"https:\\\/\\\/fjala.info\\\/2009-2015\\\/#organization\"},\"potentialAction\":[{\"@type\":\"SearchAction\",\"target\":{\"@type\":\"EntryPoint\",\"urlTemplate\":\"https:\\\/\\\/fjala.info\\\/2009-2015\\\/?s={search_term_string}\"},\"query-input\":{\"@type\":\"PropertyValueSpecification\",\"valueRequired\":true,\"valueName\":\"search_term_string\"}}],\"inLanguage\":\"sq-AL\"},{\"@type\":\"Organization\",\"@id\":\"https:\\\/\\\/fjala.info\\\/2009-2015\\\/#organization\",\"name\":\"FjALA e LIR\u00cb - Arkivi\",\"url\":\"https:\\\/\\\/fjala.info\\\/2009-2015\\\/\",\"logo\":{\"@type\":\"ImageObject\",\"inLanguage\":\"sq-AL\",\"@id\":\"https:\\\/\\\/fjala.info\\\/2009-2015\\\/#\\\/schema\\\/logo\\\/image\\\/\",\"url\":\"\",\"contentUrl\":\"\",\"caption\":\"FjALA e LIR\u00cb - Arkivi\"},\"image\":{\"@id\":\"https:\\\/\\\/fjala.info\\\/2009-2015\\\/#\\\/schema\\\/logo\\\/image\\\/\"}},{\"@type\":\"Person\",\"@id\":\"https:\\\/\\\/fjala.info\\\/2009-2015\\\/#\\\/schema\\\/person\\\/3aa1163ef05469c496fc94e77611ada2\",\"name\":\"admin\",\"image\":{\"@type\":\"ImageObject\",\"inLanguage\":\"sq-AL\",\"@id\":\"https:\\\/\\\/fjala.info\\\/2009-2015\\\/wp-content\\\/uploads\\\/2012\\\/02\\\/arben_cokaj-120x150.jpg\",\"url\":\"https:\\\/\\\/fjala.info\\\/2009-2015\\\/wp-content\\\/uploads\\\/2012\\\/02\\\/arben_cokaj-120x150.jpg\",\"contentUrl\":\"https:\\\/\\\/fjala.info\\\/2009-2015\\\/wp-content\\\/uploads\\\/2012\\\/02\\\/arben_cokaj-120x150.jpg\",\"caption\":\"admin\"},\"description\":\"Admin, Fjala e Lir\u00eb\",\"sameAs\":[\"https:\\\/\\\/fjala.info\\\/\"],\"url\":\"https:\\\/\\\/fjala.info\\\/2009-2015\\\/author\\\/admin\\\/\"}]}<\/script>\n<!-- \/ Yoast SEO plugin. -->","yoast_head_json":{"title":"NATO i njeh shqiptar\u00ebt n\u00eb Maqedoni mbi 40%, shteti maqedonas nuk i num\u00ebron, mediat maqedonase sajojn\u00eb 20%-sha t\u00eb rrem\u00eb - FjALA e LIR\u00cb - Arkivi","robots":{"index":"index","follow":"follow","max-snippet":"max-snippet:-1","max-image-preview":"max-image-preview:large","max-video-preview":"max-video-preview:-1"},"canonical":"https:\/\/fjala.info\/2009-2015\/nato-i-njeh-shqiptaret-ne-maqedoni-mbi-40-shteti-maqedonas-nuk-i-numeron-mediat-maqedonase-sajojne-20-sha-te-rreme\/","og_locale":"sq_AL","og_type":"article","og_title":"NATO i njeh shqiptar\u00ebt n\u00eb Maqedoni mbi 40%, shteti maqedonas nuk i num\u00ebron, mediat maqedonase sajojn\u00eb 20%-sha t\u00eb rrem\u00eb - FjALA e LIR\u00cb - Arkivi","og_description":"ResPublica.al, 30 qershor 2013 Vazhdojn\u00eb p\u00ebrpjekjet e establishmentit maqedonas p\u00ebr t\u00eb defaktorizuar shqiptar\u00ebt, dhe p\u00ebr t\u2019i detyruar t\u00eb pranojn\u00eb q\u00eb jan\u00eb n\u00ebn 20%. Sk\u00ebnder Kara\u00e7ica v\u00ebren te nj\u00eb analiz\u00eb e botuar n\u00eb INA Online, se shtypi maqedonas, e s\u00eb fundmi dhe \u201cNova Makedonija\u201d, gazet\u00eb e af\u00ebrt me Kryeministrin Nikolla Gruevski, vazhdon t\u00eb p\u00ebrhap\u00eb teza anti-shqiptare. [&hellip;]","og_url":"https:\/\/fjala.info\/2009-2015\/nato-i-njeh-shqiptaret-ne-maqedoni-mbi-40-shteti-maqedonas-nuk-i-numeron-mediat-maqedonase-sajojne-20-sha-te-rreme\/","og_site_name":"FjALA e LIR\u00cb - Arkivi","article_published_time":"2013-06-30T21:56:12+00:00","og_image":[{"url":"http:\/\/www.fjala.info\/2013\/nova_makedonija.jpg","type":"","width":"","height":""}],"author":"admin","twitter_card":"summary_large_image","twitter_misc":{"Written by":"admin","Est. reading time":"1 minute"},"schema":{"@context":"https:\/\/schema.org","@graph":[{"@type":"Article","@id":"https:\/\/fjala.info\/2009-2015\/nato-i-njeh-shqiptaret-ne-maqedoni-mbi-40-shteti-maqedonas-nuk-i-numeron-mediat-maqedonase-sajojne-20-sha-te-rreme\/#article","isPartOf":{"@id":"https:\/\/fjala.info\/2009-2015\/nato-i-njeh-shqiptaret-ne-maqedoni-mbi-40-shteti-maqedonas-nuk-i-numeron-mediat-maqedonase-sajojne-20-sha-te-rreme\/"},"author":{"name":"admin","@id":"https:\/\/fjala.info\/2009-2015\/#\/schema\/person\/3aa1163ef05469c496fc94e77611ada2"},"headline":"NATO i njeh shqiptar\u00ebt n\u00eb Maqedoni mbi 40%, shteti maqedonas nuk i num\u00ebron, mediat maqedonase sajojn\u00eb 20%-sha t\u00eb rrem\u00eb","datePublished":"2013-06-30T21:56:12+00:00","mainEntityOfPage":{"@id":"https:\/\/fjala.info\/2009-2015\/nato-i-njeh-shqiptaret-ne-maqedoni-mbi-40-shteti-maqedonas-nuk-i-numeron-mediat-maqedonase-sajojne-20-sha-te-rreme\/"},"wordCount":293,"commentCount":0,"publisher":{"@id":"https:\/\/fjala.info\/2009-2015\/#organization"},"image":{"@id":"https:\/\/fjala.info\/2009-2015\/nato-i-njeh-shqiptaret-ne-maqedoni-mbi-40-shteti-maqedonas-nuk-i-numeron-mediat-maqedonase-sajojne-20-sha-te-rreme\/#primaryimage"},"thumbnailUrl":"http:\/\/www.fjala.info\/2013\/nova_makedonija.jpg","articleSection":["Artikuj"],"inLanguage":"sq-AL","potentialAction":[{"@type":"CommentAction","name":"Comment","target":["https:\/\/fjala.info\/2009-2015\/nato-i-njeh-shqiptaret-ne-maqedoni-mbi-40-shteti-maqedonas-nuk-i-numeron-mediat-maqedonase-sajojne-20-sha-te-rreme\/#respond"]}]},{"@type":"WebPage","@id":"https:\/\/fjala.info\/2009-2015\/nato-i-njeh-shqiptaret-ne-maqedoni-mbi-40-shteti-maqedonas-nuk-i-numeron-mediat-maqedonase-sajojne-20-sha-te-rreme\/","url":"https:\/\/fjala.info\/2009-2015\/nato-i-njeh-shqiptaret-ne-maqedoni-mbi-40-shteti-maqedonas-nuk-i-numeron-mediat-maqedonase-sajojne-20-sha-te-rreme\/","name":"NATO i njeh shqiptar\u00ebt n\u00eb Maqedoni mbi 40%, shteti maqedonas nuk i num\u00ebron, mediat maqedonase sajojn\u00eb 20%-sha t\u00eb rrem\u00eb - FjALA e LIR\u00cb - Arkivi","isPartOf":{"@id":"https:\/\/fjala.info\/2009-2015\/#website"},"primaryImageOfPage":{"@id":"https:\/\/fjala.info\/2009-2015\/nato-i-njeh-shqiptaret-ne-maqedoni-mbi-40-shteti-maqedonas-nuk-i-numeron-mediat-maqedonase-sajojne-20-sha-te-rreme\/#primaryimage"},"image":{"@id":"https:\/\/fjala.info\/2009-2015\/nato-i-njeh-shqiptaret-ne-maqedoni-mbi-40-shteti-maqedonas-nuk-i-numeron-mediat-maqedonase-sajojne-20-sha-te-rreme\/#primaryimage"},"thumbnailUrl":"http:\/\/www.fjala.info\/2013\/nova_makedonija.jpg","datePublished":"2013-06-30T21:56:12+00:00","breadcrumb":{"@id":"https:\/\/fjala.info\/2009-2015\/nato-i-njeh-shqiptaret-ne-maqedoni-mbi-40-shteti-maqedonas-nuk-i-numeron-mediat-maqedonase-sajojne-20-sha-te-rreme\/#breadcrumb"},"inLanguage":"sq-AL","potentialAction":[{"@type":"ReadAction","target":["https:\/\/fjala.info\/2009-2015\/nato-i-njeh-shqiptaret-ne-maqedoni-mbi-40-shteti-maqedonas-nuk-i-numeron-mediat-maqedonase-sajojne-20-sha-te-rreme\/"]}]},{"@type":"ImageObject","inLanguage":"sq-AL","@id":"https:\/\/fjala.info\/2009-2015\/nato-i-njeh-shqiptaret-ne-maqedoni-mbi-40-shteti-maqedonas-nuk-i-numeron-mediat-maqedonase-sajojne-20-sha-te-rreme\/#primaryimage","url":"http:\/\/www.fjala.info\/2013\/nova_makedonija.jpg","contentUrl":"http:\/\/www.fjala.info\/2013\/nova_makedonija.jpg"},{"@type":"BreadcrumbList","@id":"https:\/\/fjala.info\/2009-2015\/nato-i-njeh-shqiptaret-ne-maqedoni-mbi-40-shteti-maqedonas-nuk-i-numeron-mediat-maqedonase-sajojne-20-sha-te-rreme\/#breadcrumb","itemListElement":[{"@type":"ListItem","position":1,"name":"Home","item":"https:\/\/fjala.info\/2009-2015\/"},{"@type":"ListItem","position":2,"name":"NATO i njeh shqiptar\u00ebt n\u00eb Maqedoni mbi 40%, shteti maqedonas nuk i num\u00ebron, mediat maqedonase sajojn\u00eb 20%-sha t\u00eb rrem\u00eb"}]},{"@type":"WebSite","@id":"https:\/\/fjala.info\/2009-2015\/#website","url":"https:\/\/fjala.info\/2009-2015\/","name":"FjALA e LIR\u00cb - Arkivi","description":"Arkivi 2009-2015","publisher":{"@id":"https:\/\/fjala.info\/2009-2015\/#organization"},"potentialAction":[{"@type":"SearchAction","target":{"@type":"EntryPoint","urlTemplate":"https:\/\/fjala.info\/2009-2015\/?s={search_term_string}"},"query-input":{"@type":"PropertyValueSpecification","valueRequired":true,"valueName":"search_term_string"}}],"inLanguage":"sq-AL"},{"@type":"Organization","@id":"https:\/\/fjala.info\/2009-2015\/#organization","name":"FjALA e LIR\u00cb - Arkivi","url":"https:\/\/fjala.info\/2009-2015\/","logo":{"@type":"ImageObject","inLanguage":"sq-AL","@id":"https:\/\/fjala.info\/2009-2015\/#\/schema\/logo\/image\/","url":"","contentUrl":"","caption":"FjALA e LIR\u00cb - Arkivi"},"image":{"@id":"https:\/\/fjala.info\/2009-2015\/#\/schema\/logo\/image\/"}},{"@type":"Person","@id":"https:\/\/fjala.info\/2009-2015\/#\/schema\/person\/3aa1163ef05469c496fc94e77611ada2","name":"admin","image":{"@type":"ImageObject","inLanguage":"sq-AL","@id":"https:\/\/fjala.info\/2009-2015\/wp-content\/uploads\/2012\/02\/arben_cokaj-120x150.jpg","url":"https:\/\/fjala.info\/2009-2015\/wp-content\/uploads\/2012\/02\/arben_cokaj-120x150.jpg","contentUrl":"https:\/\/fjala.info\/2009-2015\/wp-content\/uploads\/2012\/02\/arben_cokaj-120x150.jpg","caption":"admin"},"description":"Admin, Fjala e Lir\u00eb","sameAs":["https:\/\/fjala.info\/"],"url":"https:\/\/fjala.info\/2009-2015\/author\/admin\/"}]}},"_links":{"self":[{"href":"https:\/\/fjala.info\/2009-2015\/wp-json\/wp\/v2\/posts\/12907","targetHints":{"allow":["GET"]}}],"collection":[{"href":"https:\/\/fjala.info\/2009-2015\/wp-json\/wp\/v2\/posts"}],"about":[{"href":"https:\/\/fjala.info\/2009-2015\/wp-json\/wp\/v2\/types\/post"}],"author":[{"embeddable":true,"href":"https:\/\/fjala.info\/2009-2015\/wp-json\/wp\/v2\/users\/1"}],"replies":[{"embeddable":true,"href":"https:\/\/fjala.info\/2009-2015\/wp-json\/wp\/v2\/comments?post=12907"}],"version-history":[{"count":0,"href":"https:\/\/fjala.info\/2009-2015\/wp-json\/wp\/v2\/posts\/12907\/revisions"}],"wp:attachment":[{"href":"https:\/\/fjala.info\/2009-2015\/wp-json\/wp\/v2\/media?parent=12907"}],"wp:term":[{"taxonomy":"category","embeddable":true,"href":"https:\/\/fjala.info\/2009-2015\/wp-json\/wp\/v2\/categories?post=12907"},{"taxonomy":"post_tag","embeddable":true,"href":"https:\/\/fjala.info\/2009-2015\/wp-json\/wp\/v2\/tags?post=12907"}],"curies":[{"name":"wp","href":"https:\/\/api.w.org\/{rel}","templated":true}]}}