{"id":12906,"date":"2013-06-30T22:52:32","date_gmt":"2013-06-30T21:52:32","guid":{"rendered":"http:\/\/fjala.info\/?p=3456"},"modified":"2013-06-30T22:52:32","modified_gmt":"2013-06-30T21:52:32","slug":"leter-publike-drejtuar-z-edi-rama","status":"publish","type":"post","link":"https:\/\/fjala.info\/2009-2015\/leter-publike-drejtuar-z-edi-rama\/","title":{"rendered":"Let\u00ebr publike drejtuar z. Edi Rama"},"content":{"rendered":"<p><img decoding=\"async\" class=\"alignright size-thumbnail wp-image-7236\" title=\"Gjin Musa\" alt=\"\" src=\"http:\/\/www.fjala.info\/2013\/gjin_musa.jpg\" width=\"150\" \/> I nderuar zoti kryetar i PS-s\u00eb, tashm\u00eb kryeminist\u00ebr i Shqip\u00ebris\u00eb.<\/p>\n<p>Esht\u00eb k\u00ebnaq\u00ebsi e \u00e7do shqiptari kudo n\u00eb bot\u00eb, q\u00eb pa tendenca partiake, t\u2019ju uroj\u00eb p\u00ebr fitoren e koalicionit tuaj n\u00eb zgjedhje. Syt\u00eb dhe mendjet tona jan\u00eb drejtuar nga ju dhe qeveria q\u00eb do t\u00eb marr\u00eb p\u00ebrsip\u00ebr fatet<br \/>\ne vendit. Ne si emigrant\u00eb nuk votuam n\u00eb k\u00ebto zgjedhje, por familjar\u00ebt tan\u00eb n\u00eb vendlindje votuan p\u00ebr ju, dhe populli shqiptar t\u00eb dha nj\u00eb vot\u00ebbesim dhe p\u00ebrgjegj\u00ebsi t\u00eb madhe.<\/p>\n<p>Jemi t\u00eb nd\u00ebrgjegjsh\u00ebm p\u00ebr situat\u00ebn e r\u00ebnduar ekonomike q\u00eb po kalon vendi, borxhin e madh publik t\u00eb jasht\u00ebm, q\u00eb i varet n\u00eb qaf\u00eb popullit e vendit ton\u00eb. Nga ana tjet\u00ebr, korrupsioni e ka paralizuar jet\u00ebn politike dhe ekonomike, dhe Shqip\u00ebria, n\u00eb nj\u00eb far\u00eb mase, ka krijuar nj\u00eb vet\u00eb-izolim nga qeveria Berisha, gj\u00eb q\u00eb e kan\u00eb shprehur edhe krer\u00ebt BE-s\u00eb. Por zgjedhjet e lira e t\u00eb ndershme, ku ju dol\u00ebt fitues, i dhan\u00eb kredibilitet vendit ton\u00eb para Evrop\u00ebs, dhe treguan edhe se shqiptar\u00ebt dim\u00eb t\u00eb zgjedhin njer\u00ebzit e duhur, kur ata tregohen serioz\u00eb n\u00eb premtime dhe kan\u00eb nj\u00eb program t\u00eb qart\u00eb p\u00ebr ta qeverisur vendin.<\/p>\n<p>I nderuari z. Kryeminist\u00ebr, ju n\u00eb shtator do t\u00eb filloni qeverisjen e vendit, dhe ne ju urojm\u00eb me gjith\u00eb zem\u00ebr p\u00ebr detyr\u00ebn e re. Kemi d\u00ebshir\u00ebn e mir\u00eb, q\u00eb s\u00eb bashku t\u00eb b\u00ebjm\u00eb m\u00eb t\u00eb mir\u00ebn p\u00ebr atdheun ton\u00eb t\u00eb p\u00ebrbashk\u00ebt. Ne emigran\u00ebt, e lam\u00eb vendin ton\u00eb p\u00ebr nj\u00eb jet\u00eb m\u00eb t\u00eb mir\u00eb, dhe u rrokat\u00ebm rrug\u00ebve t\u00eb Europ\u00ebs e t\u00eb bot\u00ebs, shpeshher\u00eb n\u00eb m\u00ebshir\u00ebn e fatit.<\/p>\n<p>23 vjet, u tret\u00ebm rrug\u00ebve t\u00eb kurbetit, pa na njohur si duhet shteti, t\u00eb cilit ne i p\u00ebrkasim<\/p>\n<p>Qeverit\u00eb u nd\u00ebrruan nj\u00ebra pas tjetr\u00ebs, u nd\u00ebrruan edhe ambasador\u00eb e konsuj n\u00eb ambasada e konsullata, por ne mbet\u00ebm gjithmon\u00eb jetim\u00eb, pa atdhe e pa shtet, q\u00eb t\u00eb kujtohet edhe p\u00ebr ne. Kur vendi ka nj\u00eb mij\u00eb e nj\u00eb halle, \u00ebsht\u00eb e v\u00ebshtir\u00eb p\u00ebr ne t\u00eb k\u00ebrkojm\u00eb edhe v\u00ebmendjen e shtetit ton\u00eb, por kjo v\u00ebmendje mund t\u00eb b\u00ebhet p\u00ebr nj\u00eb interes t\u00eb p\u00ebrbashk\u00ebt, ku p\u00ebrfitojm\u00eb t\u00eb dyja pal\u00ebt.<\/p>\n<p>Z. Kryeminist\u00ebr, ne besojm\u00eb se u shemb nj\u00eb e keqe e madhe ngat\u00ebrrestare n\u00eb Shqip\u00ebrin\u00eb ton\u00eb t\u00eb dashur, q\u00eb na kishte z\u00ebn\u00eb frym\u00ebn, na kishte diskretituar n\u00eb opinion dhe ne b\u00ebm\u00eb mir\u00eb, q\u00eb dit\u00ebm ta ndajm\u00eb diktatin nga demokracia. Jemi gjysma e shqiptar\u00ebve jasht\u00eb! Si do t\u00eb b\u00ebhet n\u00eb t\u00eb ardhmen, q\u00eb edhe ne t\u00eb votojm\u00eb dhe t\u00eb japim nj\u00eb kontribut m\u00eb t\u00eb madh n\u00eb zhvillimin e vendit, qoft\u00eb me vot\u00ebn ton\u00eb ose me organizimet e financat tona?! A mundet shteti shqiptar, p\u00ebrmes drejtoris\u00eb s\u00eb diaspor\u00ebs n\u00eb Ministrin\u00eb e Jashtme, t\u00eb tregoj\u00eb nj\u00eb kujdes m\u00eb t\u00eb madh p\u00ebr organizimet e shqiptar\u00ebve n\u00eb shtetet e ndryshme t\u00eb bot\u00ebs dhe p\u00ebrmes p\u00ebrfaq\u00ebsive diplomatike, ta mbaj\u00eb frym\u00ebn gjall\u00eb t\u00eb shqiptarizm\u00ebs p\u00ebr shqiptar\u00ebt n\u00eb bot\u00eb dhe t\u00eb mund mbledh\u00eb edhe kontributet tona p\u00ebr vendin ton\u00eb?<\/p>\n<p>Me t\u00eb drejt\u00eb, ju b\u00ebj nj\u00eb pyetje z. Kryeminist\u00ebr, ju po p\u00ebrgatiteni t\u00eb formoni qeverin\u00eb e re, por a mundet n\u00eb t\u00eb ardhmen t\u00eb shihet mund\u00ebsia q\u00eb edhe nga diaspora shqiptare t\u00eb angazhohet ndonj\u00eb shqiptar, i shkolluar mir\u00eb, n\u00eb administrat\u00ebn shqiptare, dmth. t\u00eb thithet truri nga jasht\u00eb p\u00ebr n\u00eb Shqip\u00ebri? Se nuk ka dyshim, q\u00eb hallet ekonomike n\u00eb vendin ton\u00eb kan\u00eb shkatuar nj\u00eb rrjedhje t\u00eb trurit nga Shqip\u00ebria p\u00ebr n\u00eb vendet e tjera t\u00eb bot\u00ebs. K\u00ebt\u00eb \u00e7\u00ebshtje ua shtroj p\u00ebr ta marr\u00eb n\u00eb konsiderat\u00eb z. kryeminist\u00ebr.<\/p>\n<p>Besoj se ka djem e vajza shqiptare, mjaft t\u00eb aft\u00eb n\u00eb diaspor\u00eb, q\u00eb mund t\u00eb thithen, t\u00eb kthehen e t\u2019i sh\u00ebrbejn\u00eb vendit. A nuk na takon edhe neve t\u00eb jemi n\u00eb forcat e ushtris\u00eb, policis\u00eb, drejt\u00ebsis\u00eb, integrimit e deri n\u00eb perfaq\u00ebsit\u00eb tona diplomatike, ku thjesht\u00eb, ta z\u00ebm\u00eb, shofer\u00ebt vijn\u00eb nga Shqip\u00ebria, po ashtu sekretar\u00eb e n\u00ebnpun\u00ebs t\u00eb r\u00ebndomt\u00eb, kur jasht\u00eb kemi djem e vajza shqiptare, q\u00eb kan\u00eb mbaruar studimet n\u00eb universitetet m\u00eb t\u00eb mira t\u00eb Europ\u00ebs dhe bot\u00ebs, e fatkeq\u00ebsisht vendi yn\u00eb nuk i p\u00ebrdor k\u00ebto resurse njer\u00ebzore, n\u00eb sh\u00ebrbim t\u00eb interesave dhe zhvillimit t\u00eb vendit.<\/p>\n<p>Besoj q\u00eb ka ardhur koha t\u2019i kthehemi realitetit, t\u00eb udh\u00ebheqim s\u00eb bashku, t\u00eb punojm\u00eb s\u00eb bashku p\u00ebr t\u00eb gjetur mund\u00ebsit\u00eb m\u00eb t\u00eb mira, p\u00ebr t\u00eb nd\u00ebrtuar at\u00eb Shqip\u00ebri, q\u00eb t\u00eb gjith\u00eb e duam, dhe t\u00eb jemi pjes\u00eb e vendit ton\u00eb, e t\u00eb japim gjith\u00ebsecili kontributin ton\u00eb m\u00eb t\u00eb mir\u00eb, secili n\u00eb fush\u00ebn e vet.<\/p>\n<p>Un\u00eb si gazetar me p\u00ebrvoj\u00eb shum\u00eb vje\u00e7are, e shoh t\u00eb arsyeshme, q\u00eb gazetar\u00ebve t\u2019u jepet vendi q\u00eb u takon, t\u00eb respektohen p\u00ebr rolin e tyre n\u00eb shoq\u00ebri dhe t\u00eb mos p\u00ebrbuzen, p\u00ebrndiqen e dhunohen, si\u00e7 ka ndodhur deri m\u00eb sot, n\u00ebn qeverin\u00eb q\u00eb po ik\u00ebn.<\/p>\n<p>Qeveria q\u00eb ju do t\u00eb drejtoni z. Kryeminist\u00ebr, uroj t\u00eb jet\u00eb e hapur dhe bashk\u00ebpunuese edhe me emigrant\u00ebt, dhe do ju sugjeroja, q\u00eb n\u00eb diplomaci t\u00eb tregoheni shum\u00eb t\u00eb v\u00ebmendsh\u00ebm, q\u00eb t\u00eb mos em\u00ebrohen diplomat\u00eb t\u00eb korruptuar e bajraktar\u00eb, se diplomacia \u00ebsht\u00eb pasqyra e shtetit. \u00cbsht\u00eb mir\u00eb t\u00eb d\u00ebrgohen njer\u00ebz me dije, personalitet e kultur\u00eb njer\u00ebzore, jo njer\u00ebz pa p\u00ebrvoj\u00eb e arrogant\u00eb, q\u00eb i dhunojn\u00eb emigrant\u00ebt, qoft\u00eb edhe me pajisjen me dokumente, vet\u00ebm e vet\u00ebm me q\u00ebllim p\u00ebr t\u00eb b\u00ebr\u00eb korrupsion e pasurim t\u00eb paligjsh\u00ebm, p\u00ebrmes ryshfeteve.<\/p>\n<p>I nderuari z. kryeminist\u00ebr, iu drejtova me an\u00ebn e k\u00ebsaj letre t\u00eb hapur, me besimin n\u00eb qytetarin\u00eb tuaj, aft\u00ebsit\u00eb tuaja dhe besimin se Rilindja do na p\u00ebrkas\u00eb edhe neve, q\u00eb mbet\u00ebm larg atdheut. Emigrant\u00ebt jan\u00eb nj\u00eb aset me vlera, vler\u00ebsojini ata, sepse qeverisja juaj, vet\u00ebm t\u00eb mira do t\u00eb ket\u00eb prej tyre.<\/p>\n<p>Rilindja ka nevoj\u00eb edhe p\u00ebr ndihm\u00ebn ton\u00eb&#8230; Si mund t\u00eb kontribuojm\u00eb edhe ne m\u00eb shum\u00eb, p\u00ebr t\u00eb mir\u00ebn e p\u00ebrbashk\u00ebt, p\u00ebr vendin ton\u00eb?!<\/p>\n<p><strong>Gjin Musa<\/strong>, <em>gazetar n\u00eb Rom\u00eb<\/em><\/p>\n","protected":false},"excerpt":{"rendered":"<p>I nderuar zoti kryetar i PS-s\u00eb, tashm\u00eb kryeminist\u00ebr i Shqip\u00ebris\u00eb. Esht\u00eb k\u00ebnaq\u00ebsi e \u00e7do shqiptari kudo n\u00eb bot\u00eb, q\u00eb pa tendenca partiake, t\u2019ju uroj\u00eb p\u00ebr fitoren e koalicionit tuaj n\u00eb zgjedhje. Syt\u00eb dhe mendjet tona jan\u00eb drejtuar nga ju dhe qeveria q\u00eb do t\u00eb marr\u00eb p\u00ebrsip\u00ebr fatet e vendit. Ne si emigrant\u00eb nuk votuam n\u00eb [&hellip;]<\/p>\n","protected":false},"author":1,"featured_media":0,"comment_status":"open","ping_status":"closed","sticky":false,"template":"","format":"standard","meta":{"footnotes":""},"categories":[2],"tags":[],"class_list":{"0":"post-12906","1":"post","2":"type-post","3":"status-publish","4":"format-standard","6":"category-artikuj"},"yoast_head":"<!-- This site is optimized with the Yoast SEO plugin v27.4 - https:\/\/yoast.com\/product\/yoast-seo-wordpress\/ -->\n<title>Let\u00ebr publike drejtuar z. Edi Rama - FjALA e LIR\u00cb - Arkivi<\/title>\n<meta name=\"robots\" content=\"index, follow, max-snippet:-1, max-image-preview:large, max-video-preview:-1\" \/>\n<link rel=\"canonical\" href=\"https:\/\/fjala.info\/2009-2015\/leter-publike-drejtuar-z-edi-rama\/\" \/>\n<meta property=\"og:locale\" content=\"sq_AL\" \/>\n<meta property=\"og:type\" content=\"article\" \/>\n<meta property=\"og:title\" content=\"Let\u00ebr publike drejtuar z. Edi Rama - FjALA e LIR\u00cb - Arkivi\" \/>\n<meta property=\"og:description\" content=\"I nderuar zoti kryetar i PS-s\u00eb, tashm\u00eb kryeminist\u00ebr i Shqip\u00ebris\u00eb. Esht\u00eb k\u00ebnaq\u00ebsi e \u00e7do shqiptari kudo n\u00eb bot\u00eb, q\u00eb pa tendenca partiake, t\u2019ju uroj\u00eb p\u00ebr fitoren e koalicionit tuaj n\u00eb zgjedhje. Syt\u00eb dhe mendjet tona jan\u00eb drejtuar nga ju dhe qeveria q\u00eb do t\u00eb marr\u00eb p\u00ebrsip\u00ebr fatet e vendit. Ne si emigrant\u00eb nuk votuam n\u00eb [&hellip;]\" \/>\n<meta property=\"og:url\" content=\"https:\/\/fjala.info\/2009-2015\/leter-publike-drejtuar-z-edi-rama\/\" \/>\n<meta property=\"og:site_name\" content=\"FjALA e LIR\u00cb - Arkivi\" \/>\n<meta property=\"article:published_time\" content=\"2013-06-30T21:52:32+00:00\" \/>\n<meta property=\"og:image\" content=\"http:\/\/www.fjala.info\/2013\/gjin_musa.jpg\" \/>\n<meta name=\"author\" content=\"admin\" \/>\n<meta name=\"twitter:card\" content=\"summary_large_image\" \/>\n<meta name=\"twitter:label1\" content=\"Written by\" \/>\n\t<meta name=\"twitter:data1\" content=\"admin\" \/>\n\t<meta name=\"twitter:label2\" content=\"Est. reading time\" \/>\n\t<meta name=\"twitter:data2\" content=\"5 minutes\" \/>\n<script type=\"application\/ld+json\" class=\"yoast-schema-graph\">{\"@context\":\"https:\\\/\\\/schema.org\",\"@graph\":[{\"@type\":\"Article\",\"@id\":\"https:\\\/\\\/fjala.info\\\/2009-2015\\\/leter-publike-drejtuar-z-edi-rama\\\/#article\",\"isPartOf\":{\"@id\":\"https:\\\/\\\/fjala.info\\\/2009-2015\\\/leter-publike-drejtuar-z-edi-rama\\\/\"},\"author\":{\"name\":\"admin\",\"@id\":\"https:\\\/\\\/fjala.info\\\/2009-2015\\\/#\\\/schema\\\/person\\\/3aa1163ef05469c496fc94e77611ada2\"},\"headline\":\"Let\u00ebr publike drejtuar z. Edi Rama\",\"datePublished\":\"2013-06-30T21:52:32+00:00\",\"mainEntityOfPage\":{\"@id\":\"https:\\\/\\\/fjala.info\\\/2009-2015\\\/leter-publike-drejtuar-z-edi-rama\\\/\"},\"wordCount\":1094,\"commentCount\":0,\"publisher\":{\"@id\":\"https:\\\/\\\/fjala.info\\\/2009-2015\\\/#organization\"},\"image\":{\"@id\":\"https:\\\/\\\/fjala.info\\\/2009-2015\\\/leter-publike-drejtuar-z-edi-rama\\\/#primaryimage\"},\"thumbnailUrl\":\"http:\\\/\\\/www.fjala.info\\\/2013\\\/gjin_musa.jpg\",\"articleSection\":[\"Artikuj\"],\"inLanguage\":\"sq-AL\",\"potentialAction\":[{\"@type\":\"CommentAction\",\"name\":\"Comment\",\"target\":[\"https:\\\/\\\/fjala.info\\\/2009-2015\\\/leter-publike-drejtuar-z-edi-rama\\\/#respond\"]}]},{\"@type\":\"WebPage\",\"@id\":\"https:\\\/\\\/fjala.info\\\/2009-2015\\\/leter-publike-drejtuar-z-edi-rama\\\/\",\"url\":\"https:\\\/\\\/fjala.info\\\/2009-2015\\\/leter-publike-drejtuar-z-edi-rama\\\/\",\"name\":\"Let\u00ebr publike drejtuar z. Edi Rama - FjALA e LIR\u00cb - Arkivi\",\"isPartOf\":{\"@id\":\"https:\\\/\\\/fjala.info\\\/2009-2015\\\/#website\"},\"primaryImageOfPage\":{\"@id\":\"https:\\\/\\\/fjala.info\\\/2009-2015\\\/leter-publike-drejtuar-z-edi-rama\\\/#primaryimage\"},\"image\":{\"@id\":\"https:\\\/\\\/fjala.info\\\/2009-2015\\\/leter-publike-drejtuar-z-edi-rama\\\/#primaryimage\"},\"thumbnailUrl\":\"http:\\\/\\\/www.fjala.info\\\/2013\\\/gjin_musa.jpg\",\"datePublished\":\"2013-06-30T21:52:32+00:00\",\"breadcrumb\":{\"@id\":\"https:\\\/\\\/fjala.info\\\/2009-2015\\\/leter-publike-drejtuar-z-edi-rama\\\/#breadcrumb\"},\"inLanguage\":\"sq-AL\",\"potentialAction\":[{\"@type\":\"ReadAction\",\"target\":[\"https:\\\/\\\/fjala.info\\\/2009-2015\\\/leter-publike-drejtuar-z-edi-rama\\\/\"]}]},{\"@type\":\"ImageObject\",\"inLanguage\":\"sq-AL\",\"@id\":\"https:\\\/\\\/fjala.info\\\/2009-2015\\\/leter-publike-drejtuar-z-edi-rama\\\/#primaryimage\",\"url\":\"http:\\\/\\\/www.fjala.info\\\/2013\\\/gjin_musa.jpg\",\"contentUrl\":\"http:\\\/\\\/www.fjala.info\\\/2013\\\/gjin_musa.jpg\"},{\"@type\":\"BreadcrumbList\",\"@id\":\"https:\\\/\\\/fjala.info\\\/2009-2015\\\/leter-publike-drejtuar-z-edi-rama\\\/#breadcrumb\",\"itemListElement\":[{\"@type\":\"ListItem\",\"position\":1,\"name\":\"Home\",\"item\":\"https:\\\/\\\/fjala.info\\\/2009-2015\\\/\"},{\"@type\":\"ListItem\",\"position\":2,\"name\":\"Let\u00ebr publike drejtuar z. Edi Rama\"}]},{\"@type\":\"WebSite\",\"@id\":\"https:\\\/\\\/fjala.info\\\/2009-2015\\\/#website\",\"url\":\"https:\\\/\\\/fjala.info\\\/2009-2015\\\/\",\"name\":\"FjALA e LIR\u00cb - Arkivi\",\"description\":\"Arkivi 2009-2015\",\"publisher\":{\"@id\":\"https:\\\/\\\/fjala.info\\\/2009-2015\\\/#organization\"},\"potentialAction\":[{\"@type\":\"SearchAction\",\"target\":{\"@type\":\"EntryPoint\",\"urlTemplate\":\"https:\\\/\\\/fjala.info\\\/2009-2015\\\/?s={search_term_string}\"},\"query-input\":{\"@type\":\"PropertyValueSpecification\",\"valueRequired\":true,\"valueName\":\"search_term_string\"}}],\"inLanguage\":\"sq-AL\"},{\"@type\":\"Organization\",\"@id\":\"https:\\\/\\\/fjala.info\\\/2009-2015\\\/#organization\",\"name\":\"FjALA e LIR\u00cb - Arkivi\",\"url\":\"https:\\\/\\\/fjala.info\\\/2009-2015\\\/\",\"logo\":{\"@type\":\"ImageObject\",\"inLanguage\":\"sq-AL\",\"@id\":\"https:\\\/\\\/fjala.info\\\/2009-2015\\\/#\\\/schema\\\/logo\\\/image\\\/\",\"url\":\"\",\"contentUrl\":\"\",\"caption\":\"FjALA e LIR\u00cb - Arkivi\"},\"image\":{\"@id\":\"https:\\\/\\\/fjala.info\\\/2009-2015\\\/#\\\/schema\\\/logo\\\/image\\\/\"}},{\"@type\":\"Person\",\"@id\":\"https:\\\/\\\/fjala.info\\\/2009-2015\\\/#\\\/schema\\\/person\\\/3aa1163ef05469c496fc94e77611ada2\",\"name\":\"admin\",\"image\":{\"@type\":\"ImageObject\",\"inLanguage\":\"sq-AL\",\"@id\":\"https:\\\/\\\/fjala.info\\\/2009-2015\\\/wp-content\\\/uploads\\\/2012\\\/02\\\/arben_cokaj-120x150.jpg\",\"url\":\"https:\\\/\\\/fjala.info\\\/2009-2015\\\/wp-content\\\/uploads\\\/2012\\\/02\\\/arben_cokaj-120x150.jpg\",\"contentUrl\":\"https:\\\/\\\/fjala.info\\\/2009-2015\\\/wp-content\\\/uploads\\\/2012\\\/02\\\/arben_cokaj-120x150.jpg\",\"caption\":\"admin\"},\"description\":\"Admin, Fjala e Lir\u00eb\",\"sameAs\":[\"https:\\\/\\\/fjala.info\\\/\"],\"url\":\"https:\\\/\\\/fjala.info\\\/2009-2015\\\/author\\\/admin\\\/\"}]}<\/script>\n<!-- \/ Yoast SEO plugin. -->","yoast_head_json":{"title":"Let\u00ebr publike drejtuar z. Edi Rama - FjALA e LIR\u00cb - Arkivi","robots":{"index":"index","follow":"follow","max-snippet":"max-snippet:-1","max-image-preview":"max-image-preview:large","max-video-preview":"max-video-preview:-1"},"canonical":"https:\/\/fjala.info\/2009-2015\/leter-publike-drejtuar-z-edi-rama\/","og_locale":"sq_AL","og_type":"article","og_title":"Let\u00ebr publike drejtuar z. Edi Rama - FjALA e LIR\u00cb - Arkivi","og_description":"I nderuar zoti kryetar i PS-s\u00eb, tashm\u00eb kryeminist\u00ebr i Shqip\u00ebris\u00eb. Esht\u00eb k\u00ebnaq\u00ebsi e \u00e7do shqiptari kudo n\u00eb bot\u00eb, q\u00eb pa tendenca partiake, t\u2019ju uroj\u00eb p\u00ebr fitoren e koalicionit tuaj n\u00eb zgjedhje. Syt\u00eb dhe mendjet tona jan\u00eb drejtuar nga ju dhe qeveria q\u00eb do t\u00eb marr\u00eb p\u00ebrsip\u00ebr fatet e vendit. Ne si emigrant\u00eb nuk votuam n\u00eb [&hellip;]","og_url":"https:\/\/fjala.info\/2009-2015\/leter-publike-drejtuar-z-edi-rama\/","og_site_name":"FjALA e LIR\u00cb - Arkivi","article_published_time":"2013-06-30T21:52:32+00:00","og_image":[{"url":"http:\/\/www.fjala.info\/2013\/gjin_musa.jpg","type":"","width":"","height":""}],"author":"admin","twitter_card":"summary_large_image","twitter_misc":{"Written by":"admin","Est. reading time":"5 minutes"},"schema":{"@context":"https:\/\/schema.org","@graph":[{"@type":"Article","@id":"https:\/\/fjala.info\/2009-2015\/leter-publike-drejtuar-z-edi-rama\/#article","isPartOf":{"@id":"https:\/\/fjala.info\/2009-2015\/leter-publike-drejtuar-z-edi-rama\/"},"author":{"name":"admin","@id":"https:\/\/fjala.info\/2009-2015\/#\/schema\/person\/3aa1163ef05469c496fc94e77611ada2"},"headline":"Let\u00ebr publike drejtuar z. Edi Rama","datePublished":"2013-06-30T21:52:32+00:00","mainEntityOfPage":{"@id":"https:\/\/fjala.info\/2009-2015\/leter-publike-drejtuar-z-edi-rama\/"},"wordCount":1094,"commentCount":0,"publisher":{"@id":"https:\/\/fjala.info\/2009-2015\/#organization"},"image":{"@id":"https:\/\/fjala.info\/2009-2015\/leter-publike-drejtuar-z-edi-rama\/#primaryimage"},"thumbnailUrl":"http:\/\/www.fjala.info\/2013\/gjin_musa.jpg","articleSection":["Artikuj"],"inLanguage":"sq-AL","potentialAction":[{"@type":"CommentAction","name":"Comment","target":["https:\/\/fjala.info\/2009-2015\/leter-publike-drejtuar-z-edi-rama\/#respond"]}]},{"@type":"WebPage","@id":"https:\/\/fjala.info\/2009-2015\/leter-publike-drejtuar-z-edi-rama\/","url":"https:\/\/fjala.info\/2009-2015\/leter-publike-drejtuar-z-edi-rama\/","name":"Let\u00ebr publike drejtuar z. Edi Rama - FjALA e LIR\u00cb - Arkivi","isPartOf":{"@id":"https:\/\/fjala.info\/2009-2015\/#website"},"primaryImageOfPage":{"@id":"https:\/\/fjala.info\/2009-2015\/leter-publike-drejtuar-z-edi-rama\/#primaryimage"},"image":{"@id":"https:\/\/fjala.info\/2009-2015\/leter-publike-drejtuar-z-edi-rama\/#primaryimage"},"thumbnailUrl":"http:\/\/www.fjala.info\/2013\/gjin_musa.jpg","datePublished":"2013-06-30T21:52:32+00:00","breadcrumb":{"@id":"https:\/\/fjala.info\/2009-2015\/leter-publike-drejtuar-z-edi-rama\/#breadcrumb"},"inLanguage":"sq-AL","potentialAction":[{"@type":"ReadAction","target":["https:\/\/fjala.info\/2009-2015\/leter-publike-drejtuar-z-edi-rama\/"]}]},{"@type":"ImageObject","inLanguage":"sq-AL","@id":"https:\/\/fjala.info\/2009-2015\/leter-publike-drejtuar-z-edi-rama\/#primaryimage","url":"http:\/\/www.fjala.info\/2013\/gjin_musa.jpg","contentUrl":"http:\/\/www.fjala.info\/2013\/gjin_musa.jpg"},{"@type":"BreadcrumbList","@id":"https:\/\/fjala.info\/2009-2015\/leter-publike-drejtuar-z-edi-rama\/#breadcrumb","itemListElement":[{"@type":"ListItem","position":1,"name":"Home","item":"https:\/\/fjala.info\/2009-2015\/"},{"@type":"ListItem","position":2,"name":"Let\u00ebr publike drejtuar z. Edi Rama"}]},{"@type":"WebSite","@id":"https:\/\/fjala.info\/2009-2015\/#website","url":"https:\/\/fjala.info\/2009-2015\/","name":"FjALA e LIR\u00cb - Arkivi","description":"Arkivi 2009-2015","publisher":{"@id":"https:\/\/fjala.info\/2009-2015\/#organization"},"potentialAction":[{"@type":"SearchAction","target":{"@type":"EntryPoint","urlTemplate":"https:\/\/fjala.info\/2009-2015\/?s={search_term_string}"},"query-input":{"@type":"PropertyValueSpecification","valueRequired":true,"valueName":"search_term_string"}}],"inLanguage":"sq-AL"},{"@type":"Organization","@id":"https:\/\/fjala.info\/2009-2015\/#organization","name":"FjALA e LIR\u00cb - Arkivi","url":"https:\/\/fjala.info\/2009-2015\/","logo":{"@type":"ImageObject","inLanguage":"sq-AL","@id":"https:\/\/fjala.info\/2009-2015\/#\/schema\/logo\/image\/","url":"","contentUrl":"","caption":"FjALA e LIR\u00cb - Arkivi"},"image":{"@id":"https:\/\/fjala.info\/2009-2015\/#\/schema\/logo\/image\/"}},{"@type":"Person","@id":"https:\/\/fjala.info\/2009-2015\/#\/schema\/person\/3aa1163ef05469c496fc94e77611ada2","name":"admin","image":{"@type":"ImageObject","inLanguage":"sq-AL","@id":"https:\/\/fjala.info\/2009-2015\/wp-content\/uploads\/2012\/02\/arben_cokaj-120x150.jpg","url":"https:\/\/fjala.info\/2009-2015\/wp-content\/uploads\/2012\/02\/arben_cokaj-120x150.jpg","contentUrl":"https:\/\/fjala.info\/2009-2015\/wp-content\/uploads\/2012\/02\/arben_cokaj-120x150.jpg","caption":"admin"},"description":"Admin, Fjala e Lir\u00eb","sameAs":["https:\/\/fjala.info\/"],"url":"https:\/\/fjala.info\/2009-2015\/author\/admin\/"}]}},"_links":{"self":[{"href":"https:\/\/fjala.info\/2009-2015\/wp-json\/wp\/v2\/posts\/12906","targetHints":{"allow":["GET"]}}],"collection":[{"href":"https:\/\/fjala.info\/2009-2015\/wp-json\/wp\/v2\/posts"}],"about":[{"href":"https:\/\/fjala.info\/2009-2015\/wp-json\/wp\/v2\/types\/post"}],"author":[{"embeddable":true,"href":"https:\/\/fjala.info\/2009-2015\/wp-json\/wp\/v2\/users\/1"}],"replies":[{"embeddable":true,"href":"https:\/\/fjala.info\/2009-2015\/wp-json\/wp\/v2\/comments?post=12906"}],"version-history":[{"count":0,"href":"https:\/\/fjala.info\/2009-2015\/wp-json\/wp\/v2\/posts\/12906\/revisions"}],"wp:attachment":[{"href":"https:\/\/fjala.info\/2009-2015\/wp-json\/wp\/v2\/media?parent=12906"}],"wp:term":[{"taxonomy":"category","embeddable":true,"href":"https:\/\/fjala.info\/2009-2015\/wp-json\/wp\/v2\/categories?post=12906"},{"taxonomy":"post_tag","embeddable":true,"href":"https:\/\/fjala.info\/2009-2015\/wp-json\/wp\/v2\/tags?post=12906"}],"curies":[{"name":"wp","href":"https:\/\/api.w.org\/{rel}","templated":true}]}}