{"id":12905,"date":"2013-06-30T22:24:12","date_gmt":"2013-06-30T21:24:12","guid":{"rendered":"http:\/\/fjala.info\/?p=3452"},"modified":"2013-06-30T22:24:12","modified_gmt":"2013-06-30T21:24:12","slug":"u-larguan-mbetjet-komuniste","status":"publish","type":"post","link":"https:\/\/fjala.info\/2009-2015\/u-larguan-mbetjet-komuniste\/","title":{"rendered":"\u201cU larguan mbetjet komuniste\u201d"},"content":{"rendered":"<p><img decoding=\"async\" class=\"alignright size-thumbnail wp-image-7236\" title=\"John Withers\" alt=\"\" src=\"http:\/\/www.fjala.info\/2012\/john_withers.jpg\" width=\"200\" \/> <strong>TCH<\/strong>, <em>30\/06\/2013<\/em><\/p>\n<p>N\u00eb nj\u00eb let\u00ebr d\u00ebrguar shqiptar\u00ebve p\u00ebrmes Top Channel, ish-Ambasadori Amerikan n\u00eb Tiran\u00eb, John Withers thot\u00eb se vota e 23 qershorit ishte nj\u00eb akt historik.<\/p>\n<p>Withers thekson se zgjedhjet parlamentare rigraduan busull\u00ebn e historis\u00eb komb\u00ebtare, mbetjet e s\u00eb shkuar\u00ebs komuniste u larguan dhe demokracia u rivendos, ndaj nuk duhet t\u00eb ket\u00eb kthim prapa.<\/p>\n<p>Ish-Ambasadori Amerikan thekson n\u00eb letr\u00ebn e tij se nuk \u00ebsht\u00eb i surprizuar me votimin e nj\u00eb jave m\u00eb par\u00eb, pasi sipas tij shqiptar\u00ebt sh\u00ebnuan nj\u00eb tjet\u00ebr p\u00ebrpjekje p\u00ebr liri.<\/p>\n<p>Ai uron kryeministrin e ardhsh\u00ebm Rama p\u00ebr fitoren e zgjedhjeve, nd\u00ebrsa p\u00ebr kryeministrin n\u00eb detyr\u00eb Berisha, thot\u00eb se rrall\u00eb ka qen\u00eb dakort me politikat e tij t\u00eb brendshme, por e ka respektuar at\u00eb si njeri.<\/p>\n<p>\u201cNdoshta historia do ta gjykoj\u00eb at\u00eb m\u00eb drejt\u201d, shkruan Withers.<\/p>\n<p><center><iframe loading=\"lazy\" src=\"\/\/www.youtube.com\/embed\/ADYg-AFG-lI\" height=\"315\" width=\"560\" allowfullscreen=\"\" frameborder=\"0\"><\/iframe><\/center><strong>LETRA E PLOT\u00cb E ISH-AMBASADORIT WITHERS<\/strong><\/p>\n<p>T\u00eb dashur miq!<\/p>\n<p>Prej m\u00eb shum\u00eb se nj\u00eb viti, un\u00eb kam folur dhe shkruar disa her\u00eb dhe p\u00ebr disa raste. Asnj\u00ebra nuk ka qen\u00eb kaq e mrekullueshme sa sot. Pas disa vitesh tranzicioni, ju, populli i Shqip\u00ebris\u00eb fol\u00ebt. T\u00eb diel\u00ebn, m\u00eb 23 qershor, n\u00eb nj\u00eb akt t\u00eb p\u00ebrbashk\u00ebt kurajoje dhe men\u00e7urie, ju u deklaruat n\u00eb m\u00ebnyr\u00eb t\u00eb jasht\u00ebzakonshme pro liris\u00eb. Veprimi juaj ishte historik dhe admirimi im p\u00ebr ju, gjithmon\u00eb i thell\u00eb, u thellua edhe m\u00eb shum\u00eb.<\/p>\n<p>Nj\u00eb njeri i madh dikur ka th\u00ebn\u00eb: \u201cHistoria ofron momente t\u00eb rralla kur njer\u00ebzit, kap\u00ebrcejn\u00eb t\u00eb vjetr\u00ebn p\u00ebr t\u00eb p\u00ebrqafuar t\u00eb ren\u00eb, kur nj\u00eb epok\u00eb p\u00ebrfundon dhe kur shpirti i nj\u00eb kombi t\u00eb shtypur gjat\u00eb, \u00e7lirohet\u201d. I till\u00eb ishte rasti i 23 qershorit n\u00eb Shqip\u00ebri. Zgjedhjet e p\u00ebrgjithshme t\u00eb 23 qershorit rigraduan busull\u00ebn e historis\u00eb suaj komb\u00ebtare. Mbetjet e s\u00eb shkuar\u00ebs komuniste u larguan dhe demokracia u rivendos. Tani e tutje, nuk duhet t\u00eb ket\u00eb m\u00eb kthim pas.<\/p>\n<p>Por un\u00eb besoj se k\u00ebto zgjedhje jan\u00eb shum\u00eb m\u00eb shum\u00eb se qendrime politike, shum\u00eb m\u00eb shum\u00eb se sa vot\u00eb p\u00ebr nj\u00ebr\u00ebn apo tjetr\u00ebn parti. N\u00eb radh\u00eb t\u00eb par\u00eb, ato ishin riafirmimi i idealeve t\u00eb shqiptar\u00ebve q\u00eb gjithmone kan\u00eb ushqyer dhe trash\u00ebguar. Q\u00eb nga koh\u00ebt e lashta t\u00eb historis\u00eb, nga Pirro e Teuta, te Sk\u00ebnderbeu e Ismail Qemali, shqiptar\u00ebt kan\u00eb luftuar p\u00ebr liri, shpesh edhe n\u00eb pamund\u00ebsi t\u00eb pap\u00ebrfytyrueshme. Q\u00eb nga shekujt e err\u00ebt t\u00eb pushtimeve, ju keni ruajtur ndezur drit\u00ebn e shenjt\u00eb. Q\u00ebndresa juaj e nj\u00eb jave m\u00eb par\u00eb e rikonfirmoi marr\u00ebveshjen shpirt\u00ebrore me paraardh\u00ebsit tuaj trima dhe n\u00eb k\u00ebrkim t\u00eb pashtersh\u00ebm t\u00eb liris\u00eb. Dhe n\u00eb k\u00ebt\u00eb kontekst un\u00eb nuk jam i suprizuar: Ju jeni shqiptar\u00eb!<\/p>\n<p>Un\u00eb nuk mund t\u00eb them se ju arrit\u00ebt demokracin\u00eb perfekte p\u00ebrmes vot\u00ebs, por tani, me besimin dhe p\u00ebrpjekjet e vazhdueshme, ju e keni vendosur ne prioritetet tuaja t\u00eb arritjeve. Dhe p\u00ebr sa koh\u00eb q\u00eb ju keni si pik\u00ebsynim k\u00ebt\u00eb sfid\u00eb dhe me besim dhe p\u00ebrpjekje p\u00ebr t\u00eb, do t\u00eb keni pa pushim mb\u00ebshtetjen e SHBA dhe popullit t\u00eb saj. Pavar\u00ebsisht se k\u00eb mb\u00ebshtet\u00ebt, humbesit apo fituesit, kjo nuk ka r\u00ebnd\u00ebsi. Amerika i zgjat dor\u00ebn t\u00eb gjith\u00eb atyre q\u00eb e kan\u00eb shum\u00eb t\u00eb shtrenjt\u00eb demokracin\u00eb, nuk ka r\u00ebnd\u00ebsi se kujt partie i bashkohen. K\u00ebshtu ka qen\u00eb gjithmon\u00eb, k\u00ebshtu ka p\u00ebr t\u00eb qen\u00eb gjithmon\u00eb.<\/p>\n<p>Un\u00eb dua t\u2019i p\u00ebr\u00e7oj urimet e mia t\u00eb sinqerta, kryeministrit t\u00eb ardhsh\u00ebm Rama. Ai \u00ebsht\u00eb nj\u00eb njeri me nj\u00eb inteligjenc\u00eb unike, prespektiv\u00eb dhe vizion, i palodhur n\u00eb devotshm\u00ebrin\u00eb p\u00ebr Shqip\u00ebrin\u00eb. Fitorja e tij ishte e mir\u00ebvotuar dhe m\u00ebse e merituar. Nj\u00eb s\u00ebr\u00eb detyrash jan\u00eb p\u00ebrpara tij, por askush si ai nuk ka vlerat p\u00ebr t\u2019ju udh\u00ebhequr n\u00eb epok\u00ebn e re q\u00eb ju pret.<\/p>\n<p>M\u00eb lejoni t\u00eb them edhe disa fjal\u00eb p\u00ebr kryeministrin n\u00eb ikje Berisha. Un\u00eb rrall\u00eb kam qen\u00eb dakort me politikat e tij t\u00eb brendshme, por e kam respektuar at\u00eb si njeri. Ndoshta historia do ta gjykoj\u00eb at\u00eb m\u00eb drejt. Un\u00eb i uroj m\u00eb t\u00eb mir\u00ebn n\u00eb angazhimet e tij t\u00eb reja.<\/p>\n<p>N\u00eb fund, m\u00eb lejoni t\u00eb shpreh ngush\u00ebllimet e mia p\u00ebr ata q\u00eb u l\u00ebnduan n\u00eb incidentin e p\u00ebrgjaksh\u00ebm n\u00eb dit\u00ebn e zgjedhjeve. Vdekja e Gjon Gjonit n\u00eb La\u00e7 dit\u00ebn e zgjedhjeve ishte tragjike. Un\u00eb shpreh ngush\u00ebllimet e thella p\u00ebr familjar\u00ebt dhe miqt\u00eb.<\/p>\n<p>N\u00eb mbyllje, un\u00eb ju uroj Ju, miqt\u00eb e mi shqiptar\u00eb, suksese dhe g\u00ebzime n\u00eb dit\u00ebt q\u00eb vijne. Ruajeni q\u00ebndres\u00ebn q\u00eb ju drejtoi n\u00eb k\u00ebt\u00eb triumf tejet t\u00eb r\u00ebnd\u00ebsish\u00ebm! Ruajeni t\u00eb past\u00ebr drit\u00ebn q\u00eb ju prin n\u00eb rrug\u00ebn tuaj!<\/p>\n<p><strong>Sinqerisht John L. Withers II<\/strong><\/p>\n","protected":false},"excerpt":{"rendered":"<p>TCH, 30\/06\/2013 N\u00eb nj\u00eb let\u00ebr d\u00ebrguar shqiptar\u00ebve p\u00ebrmes Top Channel, ish-Ambasadori Amerikan n\u00eb Tiran\u00eb, John Withers thot\u00eb se vota e 23 qershorit ishte nj\u00eb akt historik. Withers thekson se zgjedhjet parlamentare rigraduan busull\u00ebn e historis\u00eb komb\u00ebtare, mbetjet e s\u00eb shkuar\u00ebs komuniste u larguan dhe demokracia u rivendos, ndaj nuk duhet t\u00eb ket\u00eb kthim prapa. Ish-Ambasadori [&hellip;]<\/p>\n","protected":false},"author":1,"featured_media":0,"comment_status":"open","ping_status":"closed","sticky":false,"template":"","format":"standard","meta":{"footnotes":""},"categories":[2],"tags":[],"class_list":{"0":"post-12905","1":"post","2":"type-post","3":"status-publish","4":"format-standard","6":"category-artikuj"},"yoast_head":"<!-- This site is optimized with the Yoast SEO plugin v27.4 - https:\/\/yoast.com\/product\/yoast-seo-wordpress\/ -->\n<title>\u201cU larguan mbetjet komuniste\u201d - FjALA e LIR\u00cb - Arkivi<\/title>\n<meta name=\"robots\" content=\"index, follow, max-snippet:-1, max-image-preview:large, max-video-preview:-1\" \/>\n<link rel=\"canonical\" href=\"https:\/\/fjala.info\/2009-2015\/u-larguan-mbetjet-komuniste\/\" \/>\n<meta property=\"og:locale\" content=\"sq_AL\" \/>\n<meta property=\"og:type\" content=\"article\" \/>\n<meta property=\"og:title\" content=\"\u201cU larguan mbetjet komuniste\u201d - FjALA e LIR\u00cb - Arkivi\" \/>\n<meta property=\"og:description\" content=\"TCH, 30\/06\/2013 N\u00eb nj\u00eb let\u00ebr d\u00ebrguar shqiptar\u00ebve p\u00ebrmes Top Channel, ish-Ambasadori Amerikan n\u00eb Tiran\u00eb, John Withers thot\u00eb se vota e 23 qershorit ishte nj\u00eb akt historik. Withers thekson se zgjedhjet parlamentare rigraduan busull\u00ebn e historis\u00eb komb\u00ebtare, mbetjet e s\u00eb shkuar\u00ebs komuniste u larguan dhe demokracia u rivendos, ndaj nuk duhet t\u00eb ket\u00eb kthim prapa. Ish-Ambasadori [&hellip;]\" \/>\n<meta property=\"og:url\" content=\"https:\/\/fjala.info\/2009-2015\/u-larguan-mbetjet-komuniste\/\" \/>\n<meta property=\"og:site_name\" content=\"FjALA e LIR\u00cb - Arkivi\" \/>\n<meta property=\"article:published_time\" content=\"2013-06-30T21:24:12+00:00\" \/>\n<meta property=\"og:image\" content=\"http:\/\/www.fjala.info\/2012\/john_withers.jpg\" \/>\n<meta name=\"author\" content=\"admin\" \/>\n<meta name=\"twitter:card\" content=\"summary_large_image\" \/>\n<meta name=\"twitter:label1\" content=\"Written by\" \/>\n\t<meta name=\"twitter:data1\" content=\"admin\" \/>\n\t<meta name=\"twitter:label2\" content=\"Est. reading time\" \/>\n\t<meta name=\"twitter:data2\" content=\"4 minutes\" \/>\n<script type=\"application\/ld+json\" class=\"yoast-schema-graph\">{\"@context\":\"https:\\\/\\\/schema.org\",\"@graph\":[{\"@type\":\"Article\",\"@id\":\"https:\\\/\\\/fjala.info\\\/2009-2015\\\/u-larguan-mbetjet-komuniste\\\/#article\",\"isPartOf\":{\"@id\":\"https:\\\/\\\/fjala.info\\\/2009-2015\\\/u-larguan-mbetjet-komuniste\\\/\"},\"author\":{\"name\":\"admin\",\"@id\":\"https:\\\/\\\/fjala.info\\\/2009-2015\\\/#\\\/schema\\\/person\\\/3aa1163ef05469c496fc94e77611ada2\"},\"headline\":\"\u201cU larguan mbetjet komuniste\u201d\",\"datePublished\":\"2013-06-30T21:24:12+00:00\",\"mainEntityOfPage\":{\"@id\":\"https:\\\/\\\/fjala.info\\\/2009-2015\\\/u-larguan-mbetjet-komuniste\\\/\"},\"wordCount\":825,\"commentCount\":0,\"publisher\":{\"@id\":\"https:\\\/\\\/fjala.info\\\/2009-2015\\\/#organization\"},\"image\":{\"@id\":\"https:\\\/\\\/fjala.info\\\/2009-2015\\\/u-larguan-mbetjet-komuniste\\\/#primaryimage\"},\"thumbnailUrl\":\"http:\\\/\\\/www.fjala.info\\\/2012\\\/john_withers.jpg\",\"articleSection\":[\"Artikuj\"],\"inLanguage\":\"sq-AL\",\"potentialAction\":[{\"@type\":\"CommentAction\",\"name\":\"Comment\",\"target\":[\"https:\\\/\\\/fjala.info\\\/2009-2015\\\/u-larguan-mbetjet-komuniste\\\/#respond\"]}]},{\"@type\":\"WebPage\",\"@id\":\"https:\\\/\\\/fjala.info\\\/2009-2015\\\/u-larguan-mbetjet-komuniste\\\/\",\"url\":\"https:\\\/\\\/fjala.info\\\/2009-2015\\\/u-larguan-mbetjet-komuniste\\\/\",\"name\":\"\u201cU larguan mbetjet komuniste\u201d - FjALA e LIR\u00cb - Arkivi\",\"isPartOf\":{\"@id\":\"https:\\\/\\\/fjala.info\\\/2009-2015\\\/#website\"},\"primaryImageOfPage\":{\"@id\":\"https:\\\/\\\/fjala.info\\\/2009-2015\\\/u-larguan-mbetjet-komuniste\\\/#primaryimage\"},\"image\":{\"@id\":\"https:\\\/\\\/fjala.info\\\/2009-2015\\\/u-larguan-mbetjet-komuniste\\\/#primaryimage\"},\"thumbnailUrl\":\"http:\\\/\\\/www.fjala.info\\\/2012\\\/john_withers.jpg\",\"datePublished\":\"2013-06-30T21:24:12+00:00\",\"breadcrumb\":{\"@id\":\"https:\\\/\\\/fjala.info\\\/2009-2015\\\/u-larguan-mbetjet-komuniste\\\/#breadcrumb\"},\"inLanguage\":\"sq-AL\",\"potentialAction\":[{\"@type\":\"ReadAction\",\"target\":[\"https:\\\/\\\/fjala.info\\\/2009-2015\\\/u-larguan-mbetjet-komuniste\\\/\"]}]},{\"@type\":\"ImageObject\",\"inLanguage\":\"sq-AL\",\"@id\":\"https:\\\/\\\/fjala.info\\\/2009-2015\\\/u-larguan-mbetjet-komuniste\\\/#primaryimage\",\"url\":\"http:\\\/\\\/www.fjala.info\\\/2012\\\/john_withers.jpg\",\"contentUrl\":\"http:\\\/\\\/www.fjala.info\\\/2012\\\/john_withers.jpg\"},{\"@type\":\"BreadcrumbList\",\"@id\":\"https:\\\/\\\/fjala.info\\\/2009-2015\\\/u-larguan-mbetjet-komuniste\\\/#breadcrumb\",\"itemListElement\":[{\"@type\":\"ListItem\",\"position\":1,\"name\":\"Home\",\"item\":\"https:\\\/\\\/fjala.info\\\/2009-2015\\\/\"},{\"@type\":\"ListItem\",\"position\":2,\"name\":\"\u201cU larguan mbetjet komuniste\u201d\"}]},{\"@type\":\"WebSite\",\"@id\":\"https:\\\/\\\/fjala.info\\\/2009-2015\\\/#website\",\"url\":\"https:\\\/\\\/fjala.info\\\/2009-2015\\\/\",\"name\":\"FjALA e LIR\u00cb - Arkivi\",\"description\":\"Arkivi 2009-2015\",\"publisher\":{\"@id\":\"https:\\\/\\\/fjala.info\\\/2009-2015\\\/#organization\"},\"potentialAction\":[{\"@type\":\"SearchAction\",\"target\":{\"@type\":\"EntryPoint\",\"urlTemplate\":\"https:\\\/\\\/fjala.info\\\/2009-2015\\\/?s={search_term_string}\"},\"query-input\":{\"@type\":\"PropertyValueSpecification\",\"valueRequired\":true,\"valueName\":\"search_term_string\"}}],\"inLanguage\":\"sq-AL\"},{\"@type\":\"Organization\",\"@id\":\"https:\\\/\\\/fjala.info\\\/2009-2015\\\/#organization\",\"name\":\"FjALA e LIR\u00cb - Arkivi\",\"url\":\"https:\\\/\\\/fjala.info\\\/2009-2015\\\/\",\"logo\":{\"@type\":\"ImageObject\",\"inLanguage\":\"sq-AL\",\"@id\":\"https:\\\/\\\/fjala.info\\\/2009-2015\\\/#\\\/schema\\\/logo\\\/image\\\/\",\"url\":\"\",\"contentUrl\":\"\",\"caption\":\"FjALA e LIR\u00cb - Arkivi\"},\"image\":{\"@id\":\"https:\\\/\\\/fjala.info\\\/2009-2015\\\/#\\\/schema\\\/logo\\\/image\\\/\"}},{\"@type\":\"Person\",\"@id\":\"https:\\\/\\\/fjala.info\\\/2009-2015\\\/#\\\/schema\\\/person\\\/3aa1163ef05469c496fc94e77611ada2\",\"name\":\"admin\",\"image\":{\"@type\":\"ImageObject\",\"inLanguage\":\"sq-AL\",\"@id\":\"https:\\\/\\\/fjala.info\\\/2009-2015\\\/wp-content\\\/uploads\\\/2012\\\/02\\\/arben_cokaj-120x150.jpg\",\"url\":\"https:\\\/\\\/fjala.info\\\/2009-2015\\\/wp-content\\\/uploads\\\/2012\\\/02\\\/arben_cokaj-120x150.jpg\",\"contentUrl\":\"https:\\\/\\\/fjala.info\\\/2009-2015\\\/wp-content\\\/uploads\\\/2012\\\/02\\\/arben_cokaj-120x150.jpg\",\"caption\":\"admin\"},\"description\":\"Admin, Fjala e Lir\u00eb\",\"sameAs\":[\"https:\\\/\\\/fjala.info\\\/\"],\"url\":\"https:\\\/\\\/fjala.info\\\/2009-2015\\\/author\\\/admin\\\/\"}]}<\/script>\n<!-- \/ Yoast SEO plugin. -->","yoast_head_json":{"title":"\u201cU larguan mbetjet komuniste\u201d - FjALA e LIR\u00cb - Arkivi","robots":{"index":"index","follow":"follow","max-snippet":"max-snippet:-1","max-image-preview":"max-image-preview:large","max-video-preview":"max-video-preview:-1"},"canonical":"https:\/\/fjala.info\/2009-2015\/u-larguan-mbetjet-komuniste\/","og_locale":"sq_AL","og_type":"article","og_title":"\u201cU larguan mbetjet komuniste\u201d - FjALA e LIR\u00cb - Arkivi","og_description":"TCH, 30\/06\/2013 N\u00eb nj\u00eb let\u00ebr d\u00ebrguar shqiptar\u00ebve p\u00ebrmes Top Channel, ish-Ambasadori Amerikan n\u00eb Tiran\u00eb, John Withers thot\u00eb se vota e 23 qershorit ishte nj\u00eb akt historik. Withers thekson se zgjedhjet parlamentare rigraduan busull\u00ebn e historis\u00eb komb\u00ebtare, mbetjet e s\u00eb shkuar\u00ebs komuniste u larguan dhe demokracia u rivendos, ndaj nuk duhet t\u00eb ket\u00eb kthim prapa. Ish-Ambasadori [&hellip;]","og_url":"https:\/\/fjala.info\/2009-2015\/u-larguan-mbetjet-komuniste\/","og_site_name":"FjALA e LIR\u00cb - Arkivi","article_published_time":"2013-06-30T21:24:12+00:00","og_image":[{"url":"http:\/\/www.fjala.info\/2012\/john_withers.jpg","type":"","width":"","height":""}],"author":"admin","twitter_card":"summary_large_image","twitter_misc":{"Written by":"admin","Est. reading time":"4 minutes"},"schema":{"@context":"https:\/\/schema.org","@graph":[{"@type":"Article","@id":"https:\/\/fjala.info\/2009-2015\/u-larguan-mbetjet-komuniste\/#article","isPartOf":{"@id":"https:\/\/fjala.info\/2009-2015\/u-larguan-mbetjet-komuniste\/"},"author":{"name":"admin","@id":"https:\/\/fjala.info\/2009-2015\/#\/schema\/person\/3aa1163ef05469c496fc94e77611ada2"},"headline":"\u201cU larguan mbetjet komuniste\u201d","datePublished":"2013-06-30T21:24:12+00:00","mainEntityOfPage":{"@id":"https:\/\/fjala.info\/2009-2015\/u-larguan-mbetjet-komuniste\/"},"wordCount":825,"commentCount":0,"publisher":{"@id":"https:\/\/fjala.info\/2009-2015\/#organization"},"image":{"@id":"https:\/\/fjala.info\/2009-2015\/u-larguan-mbetjet-komuniste\/#primaryimage"},"thumbnailUrl":"http:\/\/www.fjala.info\/2012\/john_withers.jpg","articleSection":["Artikuj"],"inLanguage":"sq-AL","potentialAction":[{"@type":"CommentAction","name":"Comment","target":["https:\/\/fjala.info\/2009-2015\/u-larguan-mbetjet-komuniste\/#respond"]}]},{"@type":"WebPage","@id":"https:\/\/fjala.info\/2009-2015\/u-larguan-mbetjet-komuniste\/","url":"https:\/\/fjala.info\/2009-2015\/u-larguan-mbetjet-komuniste\/","name":"\u201cU larguan mbetjet komuniste\u201d - FjALA e LIR\u00cb - Arkivi","isPartOf":{"@id":"https:\/\/fjala.info\/2009-2015\/#website"},"primaryImageOfPage":{"@id":"https:\/\/fjala.info\/2009-2015\/u-larguan-mbetjet-komuniste\/#primaryimage"},"image":{"@id":"https:\/\/fjala.info\/2009-2015\/u-larguan-mbetjet-komuniste\/#primaryimage"},"thumbnailUrl":"http:\/\/www.fjala.info\/2012\/john_withers.jpg","datePublished":"2013-06-30T21:24:12+00:00","breadcrumb":{"@id":"https:\/\/fjala.info\/2009-2015\/u-larguan-mbetjet-komuniste\/#breadcrumb"},"inLanguage":"sq-AL","potentialAction":[{"@type":"ReadAction","target":["https:\/\/fjala.info\/2009-2015\/u-larguan-mbetjet-komuniste\/"]}]},{"@type":"ImageObject","inLanguage":"sq-AL","@id":"https:\/\/fjala.info\/2009-2015\/u-larguan-mbetjet-komuniste\/#primaryimage","url":"http:\/\/www.fjala.info\/2012\/john_withers.jpg","contentUrl":"http:\/\/www.fjala.info\/2012\/john_withers.jpg"},{"@type":"BreadcrumbList","@id":"https:\/\/fjala.info\/2009-2015\/u-larguan-mbetjet-komuniste\/#breadcrumb","itemListElement":[{"@type":"ListItem","position":1,"name":"Home","item":"https:\/\/fjala.info\/2009-2015\/"},{"@type":"ListItem","position":2,"name":"\u201cU larguan mbetjet komuniste\u201d"}]},{"@type":"WebSite","@id":"https:\/\/fjala.info\/2009-2015\/#website","url":"https:\/\/fjala.info\/2009-2015\/","name":"FjALA e LIR\u00cb - Arkivi","description":"Arkivi 2009-2015","publisher":{"@id":"https:\/\/fjala.info\/2009-2015\/#organization"},"potentialAction":[{"@type":"SearchAction","target":{"@type":"EntryPoint","urlTemplate":"https:\/\/fjala.info\/2009-2015\/?s={search_term_string}"},"query-input":{"@type":"PropertyValueSpecification","valueRequired":true,"valueName":"search_term_string"}}],"inLanguage":"sq-AL"},{"@type":"Organization","@id":"https:\/\/fjala.info\/2009-2015\/#organization","name":"FjALA e LIR\u00cb - Arkivi","url":"https:\/\/fjala.info\/2009-2015\/","logo":{"@type":"ImageObject","inLanguage":"sq-AL","@id":"https:\/\/fjala.info\/2009-2015\/#\/schema\/logo\/image\/","url":"","contentUrl":"","caption":"FjALA e LIR\u00cb - Arkivi"},"image":{"@id":"https:\/\/fjala.info\/2009-2015\/#\/schema\/logo\/image\/"}},{"@type":"Person","@id":"https:\/\/fjala.info\/2009-2015\/#\/schema\/person\/3aa1163ef05469c496fc94e77611ada2","name":"admin","image":{"@type":"ImageObject","inLanguage":"sq-AL","@id":"https:\/\/fjala.info\/2009-2015\/wp-content\/uploads\/2012\/02\/arben_cokaj-120x150.jpg","url":"https:\/\/fjala.info\/2009-2015\/wp-content\/uploads\/2012\/02\/arben_cokaj-120x150.jpg","contentUrl":"https:\/\/fjala.info\/2009-2015\/wp-content\/uploads\/2012\/02\/arben_cokaj-120x150.jpg","caption":"admin"},"description":"Admin, Fjala e Lir\u00eb","sameAs":["https:\/\/fjala.info\/"],"url":"https:\/\/fjala.info\/2009-2015\/author\/admin\/"}]}},"_links":{"self":[{"href":"https:\/\/fjala.info\/2009-2015\/wp-json\/wp\/v2\/posts\/12905","targetHints":{"allow":["GET"]}}],"collection":[{"href":"https:\/\/fjala.info\/2009-2015\/wp-json\/wp\/v2\/posts"}],"about":[{"href":"https:\/\/fjala.info\/2009-2015\/wp-json\/wp\/v2\/types\/post"}],"author":[{"embeddable":true,"href":"https:\/\/fjala.info\/2009-2015\/wp-json\/wp\/v2\/users\/1"}],"replies":[{"embeddable":true,"href":"https:\/\/fjala.info\/2009-2015\/wp-json\/wp\/v2\/comments?post=12905"}],"version-history":[{"count":0,"href":"https:\/\/fjala.info\/2009-2015\/wp-json\/wp\/v2\/posts\/12905\/revisions"}],"wp:attachment":[{"href":"https:\/\/fjala.info\/2009-2015\/wp-json\/wp\/v2\/media?parent=12905"}],"wp:term":[{"taxonomy":"category","embeddable":true,"href":"https:\/\/fjala.info\/2009-2015\/wp-json\/wp\/v2\/categories?post=12905"},{"taxonomy":"post_tag","embeddable":true,"href":"https:\/\/fjala.info\/2009-2015\/wp-json\/wp\/v2\/tags?post=12905"}],"curies":[{"name":"wp","href":"https:\/\/api.w.org\/{rel}","templated":true}]}}