{"id":12904,"date":"2013-06-30T16:58:04","date_gmt":"2013-06-30T15:58:04","guid":{"rendered":"http:\/\/fjala.info\/?p=3448"},"modified":"2013-06-30T16:58:04","modified_gmt":"2013-06-30T15:58:04","slug":"raca-shqiptare-dhe-shamijat-arabe","status":"publish","type":"post","link":"https:\/\/fjala.info\/2009-2015\/raca-shqiptare-dhe-shamijat-arabe\/","title":{"rendered":"Raca shqiptare dhe shamijat arabe"},"content":{"rendered":"<p><img decoding=\"async\" class=\"alignright size-thumbnail wp-image-7236\" title=\"Rudolf Virchow\" alt=\"\" src=\"http:\/\/www.fjala.info\/2013\/rudolf_virchow.jpg\" width=\"300\" \/> <em>29 qershor 2013<\/em><\/p>\n<p>\u201c<strong><em>Kafkat e shqiptar\u00ebve e tregojn\u00eb rac\u00ebn m\u00eb superiore t\u00eb Europ\u00ebs<\/em><\/strong>\u201d- ( <strong>Rudolf Virchow<\/strong> &#8211; Shih foton-)\/<\/p>\n<p>Shkruan: <strong>Fahri Xharra<\/strong>\/<\/p>\n<p>\u2026. \u201cN\u00eb muzeun e tij n\u00eb vitin 1878, gjat\u00eb koh\u00ebs q\u00eb po mbahej Kongresi i madh n\u00eb Berlin, t\u00eb nes\u00ebrmen e luft\u00ebs ruso-turke, (sh\u00ebnim, A.Hitoaliaj) kur po flitej p\u00ebr racat e ndryshme t\u00eb Ballkanit, doktori dijetar (Profesori Virchow) u ngrit papritur: \u201cShikoni! \u2013 tha ai. Ja raca me t\u00eb v\u00ebrtet\u00eb superiore e k\u00ebtyre vendeve. Shikojini k\u00ebta!\u201d P\u00ebrpara na vuri tri kafka me nj\u00eb konformacion t\u00eb barabart\u00eb. \u201cNj\u00ebri nga koleg\u00ebt e tu m\u00eb ka d\u00ebrguar t\u00eb par\u00ebn, pastaj shtiva n\u00eb dor\u00eb dy t\u00eb tjerat. Jan\u00eb kafka shqiptar\u00ebsh t\u00eb vrar\u00eb nga turqit. V\u00ebshtrojini me kujdes! A s\u2019jan\u00eb t\u00eb bukura?! A s\u2019jan\u00eb madh\u00ebshtore?!\u201d<\/p>\n<p style=\"text-align: center;\">* * *<\/p>\n<p>\u201cPrej elementeve t\u00eb ndryshme t\u00eb popullsis\u00eb, asnj\u00eb nuk tregon tipare m\u00eb karakteristike se shqiptar\u00ebt, nj\u00eb rac\u00eb q\u00eb shfaq kapacitetin kafkor m\u00eb t\u00eb madh n\u00eb Europ\u00eb.Kafkat e shqiptareve tregojn\u00eb rac\u00ebn m\u00eb superiore t\u00eb Europ\u00ebs.<\/p>\n<p>Nd\u00ebrkoh\u00eb, aq i bindur ishte Virchow n\u00eb lidhje me p\u00ebrgjigjet shkencore p\u00ebr rac\u00ebn shqiptare, saq\u00eb i drejtohet Kongresit t\u00eb Berlinit q\u00eb t\u00eb ruante k\u00ebt\u00eb rac\u00eb t\u00eb rrall\u00eb. At\u00eb, nuk e d\u00ebgjuan. Natyrisht q\u00eb Shqip\u00ebria u cop\u00ebtua si mos m\u00eb keq. Shkenca para politik\u00ebs (interesave, pazareve) \u00ebsht\u00eb thuajse gjithmon\u00eb e zhvleft\u00ebsuar. Po kaq vler\u00eb kishte edhe drejt\u00ebsia e Fuqive t\u00eb M\u00ebdha. Do t\u00eb ishte me shum\u00eb interes p\u00ebr publikun shqiptar t\u00eb dinte kumtes\u00ebn e mbajtur nga Virchow n\u00eb lidhje me rac\u00ebn shqiptare dhe p\u00ebrpjekjet q\u00eb ai ka b\u00ebr\u00eb p\u00ebr vler\u00ebsimin ton\u00eb, nga Kongresi i Berlinit, si rac\u00eb me tipare t\u00eb ve\u00e7anta. Por profesori i ditur, nuk ishte i vetmi q\u00eb i shikonte shqiptar\u00ebt si nj\u00eb rac\u00eb tejet t\u00eb lasht\u00eb\u201d<\/p>\n<p>Shkenca para politik\u00ebs (interesave, pazareve) \u00ebsht\u00eb thuajse gjithmon\u00eb e zhvleft\u00ebsuar. . (Albert Hitoaliaj )<\/p>\n<p>Por sidoqoft n\u00eb Parlamentin e Anglis\u00eb diskutohej:\u201cJoseph Cowen: Besoj se q\u00ebllimi i anijeve luftarake q\u00eb do t\u00eb mblidhen n\u00eb Raguz\u00eb \u00ebsht\u00eb q\u00eb t\u2019u kallin frik\u00ebn turqve. Po sikur t\u00eb mos i z\u00ebr\u00eb frika Turqit? \u00c7do t\u00eb b\u00ebhet at\u00ebher\u00eb? Forca detare e Anglis\u00eb, e Anglis\u00eb s\u00eb lir\u00eb dhe konstitucionale, a do t\u00eb p\u00ebrdoret p\u00ebr t\u00eb djegur a p\u00ebr t\u00eb shkat\u00ebrruar kasollet e gjahtar\u00ebve, peshkatar\u00ebve ose barinjve shqiptar\u00eb t\u00eb Ulqinit? P\u00ebr k\u00ebt\u00eb q\u00ebllim t\u00eb posht\u00ebr do t\u00eb p\u00ebrdoret fuqia e Britanis\u00eb? P\u00ebr fitim t\u00eb kujt do t\u00eb b\u00ebhet kjo padrejt\u00ebsi? P\u00ebr fitim t\u00eb malazez\u00ebve\u2026<\/p>\n<p>Malazez\u00ebt jan\u00eb rrethuar prej nj\u00eb populli tjet\u00ebr, i cili \u00ebsht\u00eb aq trim sa ata, dhe historia e t\u00eb cilit humbet n\u00eb brym\u00eb t\u00eb koh\u00ebs. Shqiptar\u00ebt jan\u00eb m\u00eb i vjetri komb i Lindjes. Ishin atje m\u00eb par\u00eb se grek\u00ebt e vjet\u00ebr. Shqiptar\u00ebt kan\u00eb legjenda, gjuh\u00eb e karakteristika t\u00eb ve\u00e7anta t\u00eb tyre. Kan\u00eb ca cil\u00ebsi q\u00eb ndryshojn\u00eb fare nga ato t\u00eb malazez\u00ebve, po jan\u00eb aq trima sa ata dhe dashuria e tyre p\u00ebr liri, as u vu as mund t\u00eb vihet n\u00eb dyshim. Plani i fuqive t\u00eb m\u00ebdha \u00ebsht\u00eb t\u00eb marrin nj\u00eb cop\u00eb t\u00eb Shqip\u00ebris\u00eb dhe t\u2019ia japin Malit t\u00eb Zi, pa i pyetur shqiptar\u00ebt dhe pa u marr\u00eb atyre leje. ( P\u00ebrmbledhur nga Kristo Frasheri 1961)<\/p>\n<p><strong>Jemi apo nuk jemi? Sa e vler\u00ebsojm\u00eb vetvet\u00ebn? Pse sot jemi aq t\u00eb pa kurriz?<\/strong><\/p>\n<p>N\u00eb vitin 1915, pas ndarjes s\u00eb padrejt\u00eb t\u00eb trojeve shqiptare, Shqip\u00ebria k\u00ebrc\u00ebnohej s\u00ebrish nga nj\u00eb cop\u00ebtim i ri. Ishte viti i Traktatit t\u00eb fsheht\u00eb t\u00eb Londr\u00ebsN\u00eb k\u00ebt\u00eb vit, Faik bej Konica, intelektuali i njohur shqiptar, ngre z\u00ebrin p\u00ebr padrejt\u00ebsit\u00eb e radh\u00ebs q\u00eb po b\u00ebheshin ndaj shqiptar\u00ebve. N\u00eb at\u00eb koh\u00eb ai ndodhej n\u00eb Lozan\u00eb, Zvic\u00ebr. M\u00eb 12 n\u00ebntor 1915, duke i d\u00ebrguar nj\u00eb let\u00ebr t\u00eb hapur, zotit Hans Delbruck, (k\u00ebshilltar i af\u00ebrt i qeveris\u00eb, profesor i historis\u00eb moderne n\u00eb Universitetin e Berlinit), N\u00eb k\u00ebt\u00eb k\u00ebt\u00eb let\u00ebr t\u00eb Konic\u00ebs, \u00ebsht\u00eb se nd\u00ebr t\u00eb tjer\u00eb ai i referohet edhe Virchow-t, p\u00ebr t\u2019i treguar profesorit gjerman, Hans Delbruck, tiparet e kombit shqiptar. Ja se\u00e7 shkruan nd\u00ebr t\u00eb tjera Faik bej Konica:<\/p>\n<p>\u201c\u2026mund t\u2019ju v\u00eb n\u00eb dijeni p\u00ebr ekzistenc\u00ebn e nj\u00eb traktati bullgaro-grek p\u00ebr ndarjen e Shqip\u00ebris\u00eb, traktat i sugjeruar, miratuar, vulosur dhe garantuar nga Gjermania. P\u00ebr k\u00ebt\u00eb arsye, marr guximin t\u2019ju drejtoj, i lutur nga bashkatdhetar\u00ebt e mi nj\u00eb pyetje: \u201cSi do t\u00eb arrini ju t\u00eb pajtoni deklarat\u00ebn tuaj me planin brutal t\u00eb cop\u00ebtimit t\u00eb Shqip\u00ebris\u00eb?\u201d<\/p>\n<p>\u2026.Ja nj\u00eb vend, ja nj\u00eb popull q\u00eb hyn n\u00eb kategorin\u00eb e \u201ckomb\u00ebsive t\u00eb vogla\u201d dhe q\u00eb do t\u00eb meritonte, n\u00eb m\u00ebnyr\u00eb t\u00eb ve\u00e7ant\u00eb, mir\u00ebsin\u00eb dhe vler\u00ebsimin tuaj. A nuk ka th\u00ebn\u00eb Mommseni juaj se kombi shqiptar \u00ebsht\u00eb m\u00eb i vjetri n\u00eb Ballkan? A nuk a ka quajtur shpesh Virchow-i juaj \u201ckombin me t\u00eb v\u00ebrtet\u00eb m\u00eb superior\u201d t\u00eb Europ\u00ebs Lindore? A nuk e kan\u00eb p\u00ebrs\u00ebritur n\u00eb \u00e7do koh\u00eb, dijetar\u00ebt tuaj, q\u00eb shqiptari dallohet nga fqinj\u00ebt e tij p\u00ebr nga gjuha dhe shpirti?\u201d<\/p>\n<p>Q\u00eb profesor Virchow ishte nj\u00eb prej emrave m\u00eb t\u00eb shquar t\u00eb shkenc\u00ebtar\u00ebve t\u00eb koh\u00ebs, vihet re leht\u00eb. K\u00ebt\u00eb ide e p\u00ebrforcon edhe m\u00eb tep\u00ebr Blowitz n\u00eb artikullin e tij. Duket se ky em\u00ebr i famsh\u00ebm kishte b\u00ebr\u00eb q\u00eb artikulli i Blowitz, t\u00eb botohej, n\u00eb t\u00eb nj\u00ebjt\u00ebn koh\u00eb me Times, edhe n\u00eb cepin m\u00eb t\u00eb larg\u00ebt t\u00eb bot\u00ebs, n\u00eb Zeland\u00ebn e Re (\u201cDr. Virchow on skulls\u201d, New Zealand 22 November 1878) Ja se si e p\u00ebrshkruan Blowitz-i takimin n\u00eb sht\u00ebpin\u00eb e profesorit Virchow:<\/p>\n<p>\u201cN\u00eb muzeun e tij n\u00eb vitin 1878, gjat\u00eb koh\u00ebs q\u00eb po mbahej Kongresi i madh n\u00eb Berlin, t\u00eb nes\u00ebrmen e luft\u00ebs ruso-turke, (sh\u00ebnim, A.Hitoaliaj) kur po flitej p\u00ebr racat e ndryshme t\u00eb Ballkanit, doktori dijetar (Profesori Virchow) u ngrit papritur: \u201cShikoni! \u2013 tha ai. Ja raca me t\u00eb v\u00ebrtet\u00eb superiore e k\u00ebtyre vendeve. Shikojini k\u00ebta!\u201d P\u00ebrpara na vuri tri kafka me nj\u00eb konformacion t\u00eb barabart\u00eb. \u201cNj\u00ebri nga koleg\u00ebt e tu m\u00eb ka d\u00ebrguar t\u00eb par\u00ebn, pastaj shtiva n\u00eb dor\u00eb dy t\u00eb tjerat. Jan\u00eb kafka shqiptar\u00ebsh t\u00eb vrar\u00eb nga turqit. V\u00ebshtrojini me kujdes! A s\u2019jan\u00eb t\u00eb bukura?! A s\u2019jan\u00eb madh\u00ebshtore?!\u201d<\/p>\n<p>Aq t\u00eb njohura ishin b\u00ebr\u00eb p\u00ebr koh\u00ebn pohimet e Virchow-it, saq\u00eb kishte raste kur merreshin si treguese krahasuese t\u00eb superioritetit. Q\u00ebllimet se p\u00ebrse b\u00ebheshin k\u00ebto krahasime nuk jan\u00eb m\u00eb t\u00eb r\u00ebnd\u00ebsishme sesa fakti q\u00eb i referoheshin shkenc\u00ebs antropologjike si element i pakund\u00ebrshtuesh\u00ebm. K\u00ebtyre krahasimeve nuk iu shmang as poeti komb\u00ebtar m\u00eb i madh rumun, Mihai Eminesku. :\u201d Raca e past\u00ebr shqiptare, e para nga perandoria e lasht\u00eb e Lindjes\u201d<\/p>\n<p>Raca shqiptare nuk ka nxjerr\u00eb vet\u00ebm burra t\u00eb pushk\u00ebs,por edhe njer\u00ebz t\u00eb mendjes e t\u00eb shpirtit,filozof\u00eb,ligj\u00ebv\u00ebn\u00ebs,burra shteti,shkenc\u00ebtar\u00eb,letrar\u00eb,dijetar\u00eb,poet\u00eb e artiste t\u00eb m\u00ebdh\u00ebnj.Numrit t\u00eb njer\u00ebzve t\u00eb d\u00ebgjuar,q\u00eb njihen si Shqiptar\u00eb,duhet t\u2019i shtohet nj\u00eb num\u00ebr tjet\u00ebr shum\u00eb m\u2019i i madh t\u00eb panjohurish\u00eb,q\u00eb jan\u00eb mbajtur si pjell\u00eb e ndonj\u00eb populli tjet\u00ebr dhe q\u00eb ne nuk ua dim\u00eb emrat.<\/p>\n<p>E kemi edhe profesorin Stillman (antropolog i njohur gjerman) , i cili n\u00eb kujtimet e tij p\u00ebr takimet me Z.Virchow n\u00eb lidhje me studimet e rac\u00ebs shqiptare Ai p\u00ebrmend nj\u00eb bised\u00eb q\u00eb ka b\u00ebr\u00eb me profesor Virchow n\u00eb lidhje me Pellazg\u00ebt dhe nisur nga kjo i d\u00ebrgon atij kafkat e shqiptar\u00ebve. Nuk duhet shum\u00eb mpreht\u00ebsi p\u00ebr t\u00eb kuptuar se raca pellazgjike p\u00ebr t\u00eb cil\u00ebn Stillman kishte biseduar dikur me profesorin ishin pik\u00ebrisht shqiptar\u00ebt. N\u00eb t\u00eb kund\u00ebrt p\u00ebrse do p\u00ebrmendte k\u00ebt\u00eb gj\u00eb kur synonte t\u00eb shtinte n\u00eb dor\u00eb kafk\u00ebn e shqiptarit? (A.H)<\/p>\n<p>\u201cMbledhjen e k\u00ebsaj l\u00ebndeje, l\u00ebnd\u00ebs s\u00eb rac\u00ebs ne nuk duhet t\u2019a k\u00ebrkojm\u00eb prej t\u00eb huajvet,por prej vet\u00eb Shqiptar\u00ebvet..P\u00ebr t\u00eb zbuluar origjin\u00ebn ton\u00eb dhe p\u00ebr t\u00eb njohur vetvehten duhet t\u2019i kushtojm\u00eb kujdesin e duhur studimit t\u00eb races,q\u00eb do t\u00eb kishte p\u00ebr rend\u00ebsi t\u00eb barabart\u00eb,n\u00eb mos m\u00eb t\u00eb madhe me studimin e gjuh\u00ebs e t\u00eb historis\u00eb ( Jakov Milaj1911-1997))Kontributin q\u00eb kjo race i ka sjell\u00eb bot\u00ebs,n\u00eb p\u00ebrpjesim m\u00eb numrin e me kushtet n\u00eb t\u00eb cilat ka jetuar,nuk e v\u00eb prapa racavet t\u00eb tjera fqinje. Tregon,p\u00ebr kundrazi,se paja shpirt\u00ebrore e saj\u00eb \u00ebsht\u00eb e madhe dhe e shumanshme.\u201d<\/p>\n<p>Duke e pasur nj\u00eb vetvete me nj\u00eb paj\u00eb shpirt\u00ebrore t\u00eb madhe dhe t\u00eb shumanshme, si mundemi t\u00eb luftojm\u00eb q\u00eb ta sh\u00ebmtojm\u00eb vetvet\u00ebn. \u201cKurti tha se Vet\u00ebvendosje \u00ebsht\u00eb pro m\u00ebsimit t\u00eb feve n\u00eb shkoll\u00eb.Po ashtu ai thot\u00eb se \u00ebsht\u00eb pro mbajtjes s\u00eb shamive n\u00eb shkolla.( Tema Online)\u201d.\u201cKur kemi nj\u00eb ndezje t\u00eb pakontrolluar t\u00eb atmosfer\u00ebs me deklarata denigruese ndaj kodeve t\u00eb kultur\u00ebs shqiptare, tashm\u00eb t\u00eb identifikuara dhe nga grupe t\u00eb caktuara antishqiptare, t\u00eb shfaqura viteve t\u00eb fundit n\u00eb Kosov\u00eb. Albini, nuk hezitoi t\u00eb provokoi inteligjenc\u00ebn duke l\u00ebshuar blof, n\u00eb sh\u00ebrbim t\u00eb vetvetes. (Albini, i kuq apo i gjelb\u00ebr; Bekim Rexhepi)\u201d .\u201cAta duhet ta din\u00eb q\u00eb 95 p\u00ebr qind e popullat\u00ebs n\u00eb Kosov\u00eb jan\u00eb t\u00eb besimit Islam, pra nuk kan\u00eb \u00e7ka t\u00eb frikohen nga kjo (Gazmend Islami \u201cKombi dhe Feja e Albin Kurtit?\u201d) .Po ,ore po . Por dikur karshi bot\u00ebs thonim se ne Kosov\u00eb jemi 95% shqip\u00ebtar.<\/p>\n<p>\u201cPopujt q\u00eb kan\u00eb patur t\u00eb b\u00ebjn\u00eb me Ilir\u00ebt gjat\u00eb shekujve kan\u00eb qen\u00eb kolonizator\u00eb,pushtonj\u00ebs ushtarak\u00eb ose migrant\u00eb endacak\u00eb.K\u00ebta nuk kan\u00eb patur kontakt t\u00eb barabart\u00ebme t\u00eb gjith\u00eb turm\u00ebn ilirike t\u00eb p\u00ebrhapur n\u00eb nj\u00eb trev\u00eb kaq t\u00eb madhe.Por,nd\u00ebrsa,ndrydhja e tyre ka qen\u00eb m\u00eb forte p\u00ebr disa fise e vise,ka qen\u00eb shum\u00eb me dob\u00ebt ose nuk \u00ebsht\u00eb ndier aspak nder fise e vise t\u00eb tjera.Disa nga k\u00ebta popuj,nuk kan\u00eb l\u00ebn\u00eb gjurm\u00eb ve\u00e7se n\u00eb qytetrim: kurse disa t\u00eb tjer\u00eb kan\u00eb l\u00ebn\u00eb shum\u00eb gjak nd\u00ebr fiset e pushtuara.Vet\u00ebm ai grup i Ilirve q\u00eb m\u00eb von\u00eb u quajt me emrin Shqiptar,q\u00ebndroi m\u2019i past\u00ebrti dhe,me gjith\u00eb se e ndjeu mjaft ndikesen e qytet\u00ebrimit t\u00eb huaj,mbeti gati krejt i paprekur p\u00ebr nga raca.\u201d.K\u00ebshtu pra na e spjegon Jakov Milaj racen shqiptare.<\/p>\n","protected":false},"excerpt":{"rendered":"<p>29 qershor 2013 \u201cKafkat e shqiptar\u00ebve e tregojn\u00eb rac\u00ebn m\u00eb superiore t\u00eb Europ\u00ebs\u201d- ( Rudolf Virchow &#8211; Shih foton-)\/ Shkruan: Fahri Xharra\/ \u2026. \u201cN\u00eb muzeun e tij n\u00eb vitin 1878, gjat\u00eb koh\u00ebs q\u00eb po mbahej Kongresi i madh n\u00eb Berlin, t\u00eb nes\u00ebrmen e luft\u00ebs ruso-turke, (sh\u00ebnim, A.Hitoaliaj) kur po flitej p\u00ebr racat e ndryshme t\u00eb [&hellip;]<\/p>\n","protected":false},"author":1,"featured_media":0,"comment_status":"open","ping_status":"closed","sticky":false,"template":"","format":"standard","meta":{"footnotes":""},"categories":[2],"tags":[],"class_list":{"0":"post-12904","1":"post","2":"type-post","3":"status-publish","4":"format-standard","6":"category-artikuj"},"yoast_head":"<!-- This site is optimized with the Yoast SEO plugin v27.4 - https:\/\/yoast.com\/product\/yoast-seo-wordpress\/ -->\n<title>Raca shqiptare dhe shamijat arabe - FjALA e LIR\u00cb - Arkivi<\/title>\n<meta name=\"robots\" content=\"index, follow, max-snippet:-1, max-image-preview:large, max-video-preview:-1\" \/>\n<link rel=\"canonical\" href=\"https:\/\/fjala.info\/2009-2015\/raca-shqiptare-dhe-shamijat-arabe\/\" \/>\n<meta property=\"og:locale\" content=\"sq_AL\" \/>\n<meta property=\"og:type\" content=\"article\" \/>\n<meta property=\"og:title\" content=\"Raca shqiptare dhe shamijat arabe - FjALA e LIR\u00cb - Arkivi\" \/>\n<meta property=\"og:description\" content=\"29 qershor 2013 \u201cKafkat e shqiptar\u00ebve e tregojn\u00eb rac\u00ebn m\u00eb superiore t\u00eb Europ\u00ebs\u201d- ( Rudolf Virchow &#8211; Shih foton-)\/ Shkruan: Fahri Xharra\/ \u2026. \u201cN\u00eb muzeun e tij n\u00eb vitin 1878, gjat\u00eb koh\u00ebs q\u00eb po mbahej Kongresi i madh n\u00eb Berlin, t\u00eb nes\u00ebrmen e luft\u00ebs ruso-turke, (sh\u00ebnim, A.Hitoaliaj) kur po flitej p\u00ebr racat e ndryshme t\u00eb [&hellip;]\" \/>\n<meta property=\"og:url\" content=\"https:\/\/fjala.info\/2009-2015\/raca-shqiptare-dhe-shamijat-arabe\/\" \/>\n<meta property=\"og:site_name\" content=\"FjALA e LIR\u00cb - Arkivi\" \/>\n<meta property=\"article:published_time\" content=\"2013-06-30T15:58:04+00:00\" \/>\n<meta property=\"og:image\" content=\"http:\/\/www.fjala.info\/2013\/rudolf_virchow.jpg\" \/>\n<meta name=\"author\" content=\"admin\" \/>\n<meta name=\"twitter:card\" content=\"summary_large_image\" \/>\n<meta name=\"twitter:label1\" content=\"Written by\" \/>\n\t<meta name=\"twitter:data1\" content=\"admin\" \/>\n\t<meta name=\"twitter:label2\" content=\"Est. reading time\" \/>\n\t<meta name=\"twitter:data2\" content=\"9 minutes\" \/>\n<script type=\"application\/ld+json\" class=\"yoast-schema-graph\">{\"@context\":\"https:\\\/\\\/schema.org\",\"@graph\":[{\"@type\":\"Article\",\"@id\":\"https:\\\/\\\/fjala.info\\\/2009-2015\\\/raca-shqiptare-dhe-shamijat-arabe\\\/#article\",\"isPartOf\":{\"@id\":\"https:\\\/\\\/fjala.info\\\/2009-2015\\\/raca-shqiptare-dhe-shamijat-arabe\\\/\"},\"author\":{\"name\":\"admin\",\"@id\":\"https:\\\/\\\/fjala.info\\\/2009-2015\\\/#\\\/schema\\\/person\\\/3aa1163ef05469c496fc94e77611ada2\"},\"headline\":\"Raca shqiptare dhe shamijat arabe\",\"datePublished\":\"2013-06-30T15:58:04+00:00\",\"mainEntityOfPage\":{\"@id\":\"https:\\\/\\\/fjala.info\\\/2009-2015\\\/raca-shqiptare-dhe-shamijat-arabe\\\/\"},\"wordCount\":1822,\"commentCount\":0,\"publisher\":{\"@id\":\"https:\\\/\\\/fjala.info\\\/2009-2015\\\/#organization\"},\"image\":{\"@id\":\"https:\\\/\\\/fjala.info\\\/2009-2015\\\/raca-shqiptare-dhe-shamijat-arabe\\\/#primaryimage\"},\"thumbnailUrl\":\"http:\\\/\\\/www.fjala.info\\\/2013\\\/rudolf_virchow.jpg\",\"articleSection\":[\"Artikuj\"],\"inLanguage\":\"sq-AL\",\"potentialAction\":[{\"@type\":\"CommentAction\",\"name\":\"Comment\",\"target\":[\"https:\\\/\\\/fjala.info\\\/2009-2015\\\/raca-shqiptare-dhe-shamijat-arabe\\\/#respond\"]}]},{\"@type\":\"WebPage\",\"@id\":\"https:\\\/\\\/fjala.info\\\/2009-2015\\\/raca-shqiptare-dhe-shamijat-arabe\\\/\",\"url\":\"https:\\\/\\\/fjala.info\\\/2009-2015\\\/raca-shqiptare-dhe-shamijat-arabe\\\/\",\"name\":\"Raca shqiptare dhe shamijat arabe - FjALA e LIR\u00cb - Arkivi\",\"isPartOf\":{\"@id\":\"https:\\\/\\\/fjala.info\\\/2009-2015\\\/#website\"},\"primaryImageOfPage\":{\"@id\":\"https:\\\/\\\/fjala.info\\\/2009-2015\\\/raca-shqiptare-dhe-shamijat-arabe\\\/#primaryimage\"},\"image\":{\"@id\":\"https:\\\/\\\/fjala.info\\\/2009-2015\\\/raca-shqiptare-dhe-shamijat-arabe\\\/#primaryimage\"},\"thumbnailUrl\":\"http:\\\/\\\/www.fjala.info\\\/2013\\\/rudolf_virchow.jpg\",\"datePublished\":\"2013-06-30T15:58:04+00:00\",\"breadcrumb\":{\"@id\":\"https:\\\/\\\/fjala.info\\\/2009-2015\\\/raca-shqiptare-dhe-shamijat-arabe\\\/#breadcrumb\"},\"inLanguage\":\"sq-AL\",\"potentialAction\":[{\"@type\":\"ReadAction\",\"target\":[\"https:\\\/\\\/fjala.info\\\/2009-2015\\\/raca-shqiptare-dhe-shamijat-arabe\\\/\"]}]},{\"@type\":\"ImageObject\",\"inLanguage\":\"sq-AL\",\"@id\":\"https:\\\/\\\/fjala.info\\\/2009-2015\\\/raca-shqiptare-dhe-shamijat-arabe\\\/#primaryimage\",\"url\":\"http:\\\/\\\/www.fjala.info\\\/2013\\\/rudolf_virchow.jpg\",\"contentUrl\":\"http:\\\/\\\/www.fjala.info\\\/2013\\\/rudolf_virchow.jpg\"},{\"@type\":\"BreadcrumbList\",\"@id\":\"https:\\\/\\\/fjala.info\\\/2009-2015\\\/raca-shqiptare-dhe-shamijat-arabe\\\/#breadcrumb\",\"itemListElement\":[{\"@type\":\"ListItem\",\"position\":1,\"name\":\"Home\",\"item\":\"https:\\\/\\\/fjala.info\\\/2009-2015\\\/\"},{\"@type\":\"ListItem\",\"position\":2,\"name\":\"Raca shqiptare dhe shamijat arabe\"}]},{\"@type\":\"WebSite\",\"@id\":\"https:\\\/\\\/fjala.info\\\/2009-2015\\\/#website\",\"url\":\"https:\\\/\\\/fjala.info\\\/2009-2015\\\/\",\"name\":\"FjALA e LIR\u00cb - Arkivi\",\"description\":\"Arkivi 2009-2015\",\"publisher\":{\"@id\":\"https:\\\/\\\/fjala.info\\\/2009-2015\\\/#organization\"},\"potentialAction\":[{\"@type\":\"SearchAction\",\"target\":{\"@type\":\"EntryPoint\",\"urlTemplate\":\"https:\\\/\\\/fjala.info\\\/2009-2015\\\/?s={search_term_string}\"},\"query-input\":{\"@type\":\"PropertyValueSpecification\",\"valueRequired\":true,\"valueName\":\"search_term_string\"}}],\"inLanguage\":\"sq-AL\"},{\"@type\":\"Organization\",\"@id\":\"https:\\\/\\\/fjala.info\\\/2009-2015\\\/#organization\",\"name\":\"FjALA e LIR\u00cb - Arkivi\",\"url\":\"https:\\\/\\\/fjala.info\\\/2009-2015\\\/\",\"logo\":{\"@type\":\"ImageObject\",\"inLanguage\":\"sq-AL\",\"@id\":\"https:\\\/\\\/fjala.info\\\/2009-2015\\\/#\\\/schema\\\/logo\\\/image\\\/\",\"url\":\"\",\"contentUrl\":\"\",\"caption\":\"FjALA e LIR\u00cb - Arkivi\"},\"image\":{\"@id\":\"https:\\\/\\\/fjala.info\\\/2009-2015\\\/#\\\/schema\\\/logo\\\/image\\\/\"}},{\"@type\":\"Person\",\"@id\":\"https:\\\/\\\/fjala.info\\\/2009-2015\\\/#\\\/schema\\\/person\\\/3aa1163ef05469c496fc94e77611ada2\",\"name\":\"admin\",\"image\":{\"@type\":\"ImageObject\",\"inLanguage\":\"sq-AL\",\"@id\":\"https:\\\/\\\/fjala.info\\\/2009-2015\\\/wp-content\\\/uploads\\\/2012\\\/02\\\/arben_cokaj-120x150.jpg\",\"url\":\"https:\\\/\\\/fjala.info\\\/2009-2015\\\/wp-content\\\/uploads\\\/2012\\\/02\\\/arben_cokaj-120x150.jpg\",\"contentUrl\":\"https:\\\/\\\/fjala.info\\\/2009-2015\\\/wp-content\\\/uploads\\\/2012\\\/02\\\/arben_cokaj-120x150.jpg\",\"caption\":\"admin\"},\"description\":\"Admin, Fjala e Lir\u00eb\",\"sameAs\":[\"https:\\\/\\\/fjala.info\\\/\"],\"url\":\"https:\\\/\\\/fjala.info\\\/2009-2015\\\/author\\\/admin\\\/\"}]}<\/script>\n<!-- \/ Yoast SEO plugin. -->","yoast_head_json":{"title":"Raca shqiptare dhe shamijat arabe - FjALA e LIR\u00cb - Arkivi","robots":{"index":"index","follow":"follow","max-snippet":"max-snippet:-1","max-image-preview":"max-image-preview:large","max-video-preview":"max-video-preview:-1"},"canonical":"https:\/\/fjala.info\/2009-2015\/raca-shqiptare-dhe-shamijat-arabe\/","og_locale":"sq_AL","og_type":"article","og_title":"Raca shqiptare dhe shamijat arabe - FjALA e LIR\u00cb - Arkivi","og_description":"29 qershor 2013 \u201cKafkat e shqiptar\u00ebve e tregojn\u00eb rac\u00ebn m\u00eb superiore t\u00eb Europ\u00ebs\u201d- ( Rudolf Virchow &#8211; Shih foton-)\/ Shkruan: Fahri Xharra\/ \u2026. \u201cN\u00eb muzeun e tij n\u00eb vitin 1878, gjat\u00eb koh\u00ebs q\u00eb po mbahej Kongresi i madh n\u00eb Berlin, t\u00eb nes\u00ebrmen e luft\u00ebs ruso-turke, (sh\u00ebnim, A.Hitoaliaj) kur po flitej p\u00ebr racat e ndryshme t\u00eb [&hellip;]","og_url":"https:\/\/fjala.info\/2009-2015\/raca-shqiptare-dhe-shamijat-arabe\/","og_site_name":"FjALA e LIR\u00cb - Arkivi","article_published_time":"2013-06-30T15:58:04+00:00","og_image":[{"url":"http:\/\/www.fjala.info\/2013\/rudolf_virchow.jpg","type":"","width":"","height":""}],"author":"admin","twitter_card":"summary_large_image","twitter_misc":{"Written by":"admin","Est. reading time":"9 minutes"},"schema":{"@context":"https:\/\/schema.org","@graph":[{"@type":"Article","@id":"https:\/\/fjala.info\/2009-2015\/raca-shqiptare-dhe-shamijat-arabe\/#article","isPartOf":{"@id":"https:\/\/fjala.info\/2009-2015\/raca-shqiptare-dhe-shamijat-arabe\/"},"author":{"name":"admin","@id":"https:\/\/fjala.info\/2009-2015\/#\/schema\/person\/3aa1163ef05469c496fc94e77611ada2"},"headline":"Raca shqiptare dhe shamijat arabe","datePublished":"2013-06-30T15:58:04+00:00","mainEntityOfPage":{"@id":"https:\/\/fjala.info\/2009-2015\/raca-shqiptare-dhe-shamijat-arabe\/"},"wordCount":1822,"commentCount":0,"publisher":{"@id":"https:\/\/fjala.info\/2009-2015\/#organization"},"image":{"@id":"https:\/\/fjala.info\/2009-2015\/raca-shqiptare-dhe-shamijat-arabe\/#primaryimage"},"thumbnailUrl":"http:\/\/www.fjala.info\/2013\/rudolf_virchow.jpg","articleSection":["Artikuj"],"inLanguage":"sq-AL","potentialAction":[{"@type":"CommentAction","name":"Comment","target":["https:\/\/fjala.info\/2009-2015\/raca-shqiptare-dhe-shamijat-arabe\/#respond"]}]},{"@type":"WebPage","@id":"https:\/\/fjala.info\/2009-2015\/raca-shqiptare-dhe-shamijat-arabe\/","url":"https:\/\/fjala.info\/2009-2015\/raca-shqiptare-dhe-shamijat-arabe\/","name":"Raca shqiptare dhe shamijat arabe - FjALA e LIR\u00cb - Arkivi","isPartOf":{"@id":"https:\/\/fjala.info\/2009-2015\/#website"},"primaryImageOfPage":{"@id":"https:\/\/fjala.info\/2009-2015\/raca-shqiptare-dhe-shamijat-arabe\/#primaryimage"},"image":{"@id":"https:\/\/fjala.info\/2009-2015\/raca-shqiptare-dhe-shamijat-arabe\/#primaryimage"},"thumbnailUrl":"http:\/\/www.fjala.info\/2013\/rudolf_virchow.jpg","datePublished":"2013-06-30T15:58:04+00:00","breadcrumb":{"@id":"https:\/\/fjala.info\/2009-2015\/raca-shqiptare-dhe-shamijat-arabe\/#breadcrumb"},"inLanguage":"sq-AL","potentialAction":[{"@type":"ReadAction","target":["https:\/\/fjala.info\/2009-2015\/raca-shqiptare-dhe-shamijat-arabe\/"]}]},{"@type":"ImageObject","inLanguage":"sq-AL","@id":"https:\/\/fjala.info\/2009-2015\/raca-shqiptare-dhe-shamijat-arabe\/#primaryimage","url":"http:\/\/www.fjala.info\/2013\/rudolf_virchow.jpg","contentUrl":"http:\/\/www.fjala.info\/2013\/rudolf_virchow.jpg"},{"@type":"BreadcrumbList","@id":"https:\/\/fjala.info\/2009-2015\/raca-shqiptare-dhe-shamijat-arabe\/#breadcrumb","itemListElement":[{"@type":"ListItem","position":1,"name":"Home","item":"https:\/\/fjala.info\/2009-2015\/"},{"@type":"ListItem","position":2,"name":"Raca shqiptare dhe shamijat arabe"}]},{"@type":"WebSite","@id":"https:\/\/fjala.info\/2009-2015\/#website","url":"https:\/\/fjala.info\/2009-2015\/","name":"FjALA e LIR\u00cb - Arkivi","description":"Arkivi 2009-2015","publisher":{"@id":"https:\/\/fjala.info\/2009-2015\/#organization"},"potentialAction":[{"@type":"SearchAction","target":{"@type":"EntryPoint","urlTemplate":"https:\/\/fjala.info\/2009-2015\/?s={search_term_string}"},"query-input":{"@type":"PropertyValueSpecification","valueRequired":true,"valueName":"search_term_string"}}],"inLanguage":"sq-AL"},{"@type":"Organization","@id":"https:\/\/fjala.info\/2009-2015\/#organization","name":"FjALA e LIR\u00cb - Arkivi","url":"https:\/\/fjala.info\/2009-2015\/","logo":{"@type":"ImageObject","inLanguage":"sq-AL","@id":"https:\/\/fjala.info\/2009-2015\/#\/schema\/logo\/image\/","url":"","contentUrl":"","caption":"FjALA e LIR\u00cb - Arkivi"},"image":{"@id":"https:\/\/fjala.info\/2009-2015\/#\/schema\/logo\/image\/"}},{"@type":"Person","@id":"https:\/\/fjala.info\/2009-2015\/#\/schema\/person\/3aa1163ef05469c496fc94e77611ada2","name":"admin","image":{"@type":"ImageObject","inLanguage":"sq-AL","@id":"https:\/\/fjala.info\/2009-2015\/wp-content\/uploads\/2012\/02\/arben_cokaj-120x150.jpg","url":"https:\/\/fjala.info\/2009-2015\/wp-content\/uploads\/2012\/02\/arben_cokaj-120x150.jpg","contentUrl":"https:\/\/fjala.info\/2009-2015\/wp-content\/uploads\/2012\/02\/arben_cokaj-120x150.jpg","caption":"admin"},"description":"Admin, Fjala e Lir\u00eb","sameAs":["https:\/\/fjala.info\/"],"url":"https:\/\/fjala.info\/2009-2015\/author\/admin\/"}]}},"_links":{"self":[{"href":"https:\/\/fjala.info\/2009-2015\/wp-json\/wp\/v2\/posts\/12904","targetHints":{"allow":["GET"]}}],"collection":[{"href":"https:\/\/fjala.info\/2009-2015\/wp-json\/wp\/v2\/posts"}],"about":[{"href":"https:\/\/fjala.info\/2009-2015\/wp-json\/wp\/v2\/types\/post"}],"author":[{"embeddable":true,"href":"https:\/\/fjala.info\/2009-2015\/wp-json\/wp\/v2\/users\/1"}],"replies":[{"embeddable":true,"href":"https:\/\/fjala.info\/2009-2015\/wp-json\/wp\/v2\/comments?post=12904"}],"version-history":[{"count":0,"href":"https:\/\/fjala.info\/2009-2015\/wp-json\/wp\/v2\/posts\/12904\/revisions"}],"wp:attachment":[{"href":"https:\/\/fjala.info\/2009-2015\/wp-json\/wp\/v2\/media?parent=12904"}],"wp:term":[{"taxonomy":"category","embeddable":true,"href":"https:\/\/fjala.info\/2009-2015\/wp-json\/wp\/v2\/categories?post=12904"},{"taxonomy":"post_tag","embeddable":true,"href":"https:\/\/fjala.info\/2009-2015\/wp-json\/wp\/v2\/tags?post=12904"}],"curies":[{"name":"wp","href":"https:\/\/api.w.org\/{rel}","templated":true}]}}