{"id":12902,"date":"2013-06-29T18:24:39","date_gmt":"2013-06-29T17:24:39","guid":{"rendered":"http:\/\/fjala.info\/?p=3436"},"modified":"2013-06-29T18:24:39","modified_gmt":"2013-06-29T17:24:39","slug":"a-mund-te-na-thuash-kush-iku-per-lesh","status":"publish","type":"post","link":"https:\/\/fjala.info\/2009-2015\/a-mund-te-na-thuash-kush-iku-per-lesh\/","title":{"rendered":"A MUND T\u00cb NA THUASH, KUSH IKU P\u00cbR LESH?!"},"content":{"rendered":"<blockquote><p><strong>A MUND T\u00c8 NA THUASH, KUSH IKU P\u00c8R LESH?!<\/strong><br \/>\n<img decoding=\"async\" class=\"alignright size-thumbnail wp-image-7236\" title=\"Arben Duka\" alt=\"\" src=\"http:\/\/www.fjala.info\/2013\/arben_duka.jpg\" width=\"200\" \/><br \/>\nNga <strong>Arben Duka<\/strong><\/p>\n<p>Tash dhe p\u00e8r Topallin,<br \/>\nerdhi mot i lik,<br \/>\nse Shkodr\u00e8n e talli,<br \/>\nsi ta kish \u00e7iflik!<\/p>\n<p>Asnj\u00e8 gj\u00e8 s&#8217;m\u00e8soi ,<br \/>\nnga fat&#8217; i t\u00e8 par\u00e8ve,<br \/>\nse na ka l\u00e8n\u00e8 p\u00e8nd\u00e8t,<br \/>\nkoh\u00e8 e \u00e7ifligar\u00e8ve!<\/p>\n<p>A mund t\u00e8 na thuash,<br \/>\nkush iku p\u00e8r lesh,<br \/>\nti q\u00e8 dhe me titull,<br \/>\nje Profesoresh\u00e8!<\/p>\n<p>Titullin e lart\u00e8,<br \/>\npa mundim e more.<br \/>\n\u00c7&#8217;bad\u00e8rdi \u00e8sht\u00e8 b\u00e8r\u00e8,<br \/>\nme gradat shkencore!<\/p>\n<p>Kur ti ke kaq tituj,<br \/>\npo p\u00e8r mua \u00e7&#8217;mbeti?!<br \/>\nDuhet t\u00e8 jem Krishti,<br \/>\nose Muhameti!<\/p>\n<p>Po le t\u00e8 vijojm\u00e8,<br \/>\naty ku e nis\u00e8m,<br \/>\nt\u00e8 pyes Topallin:<br \/>\n&#8220;P\u00e8rse t\u00e8 p\u00e8rmbys\u00e8n!.&#8221;<\/p>\n<p>Ca si shum\u00e8 u talle,<br \/>\nti me Shkod\u00e8r locen,<br \/>\nndaj ndodhi Topalle,<br \/>\nq\u00e8 ta vuri po\u00e7en!<\/p>\n<p>Nj\u00e8 m\u00e8sim t\u00e8 mir\u00e8,<br \/>\nia ka dh\u00e8n\u00e8 t\u00e8 ligut,<br \/>\nse Shkodra votoi,<br \/>\nPese Heronjt\u00e8 e Vigut!<\/p>\n<p>Pes\u00e8 Heronjt\u00e8 e Vigut,<br \/>\nq\u00e8 me vin\u00e7 i shkule,<br \/>\nt\u00e8 ra &#8216;plumb&#8217; i vot\u00e8s,<br \/>\ndrejt e m&#8217;u n\u00e8 lule!<\/p>\n<p>Ti k\u00e8t\u00e8 shpagim,<br \/>\nmund ta kishe pritur,<br \/>\nse tri-kat\u00e8r her\u00e8,<br \/>\nShkodr\u00e8n kini mbytur!<\/p>\n<p>Ti gjithmon\u00e8 qesim,<br \/>\ni ke hedhur fjal\u00e8t,<br \/>\nsa ke b\u00e8r\u00e8 me turp,<br \/>\nintelektual\u00e8t!<\/p>\n<p>Ti p\u00e8r hir t\u00e8 list\u00e8s,<br \/>\ndo ta kesh nj\u00e8 v\u00e8nd,<br \/>\npo s&#8217;do kesh me vete,<br \/>\ndetashmentin t\u00e8nd!<\/p>\n<p>Nuk do mundesh m\u00e8,<br \/>\nt\u00e8 na p\u00e8rk\u00e8dhelesh,<br \/>\nsepse Shkodra jote,<br \/>\nt\u00e8 nxorri prej zhelesh!<\/p>\n<p>N\u00e8 fund do t&#8217;i jap,<br \/>\npak paqe Topallit,<br \/>\nse askush asaj,<br \/>\ns&#8217;ja fut plumbin ballit!<\/p>\n<p>Kund\u00e8r saj s&#8217;do ket\u00e8,<br \/>\nas dhe nj\u00e8 skandal,<br \/>\nse ajo do jet\u00e8,<br \/>\nobjekt muzeal!<\/p>\n<p>P\u00e8r brezat e ardhsh\u00e8m,<br \/>\naty do ta l\u00e8m\u00e8,<br \/>\nt\u00e8 shohin &#8220;Shqipnin\u00e8&#8221;,<br \/>\nashtu si ka q\u00e8n\u00e8!<\/p>\n<p>Ashtu si ka q\u00e8n\u00e8,<br \/>\ndhe s&#8217;duhet t\u00e8 jet\u00e8,<br \/>\nsi Topalli lindin,<br \/>\nnj\u00e8 n\u00e8 Nj\u00e8mij\u00e8 vjet!<\/p>\n<p>Po n\u00e9 befasi,<br \/>\najo dot s&#8217;na kapi,<br \/>\nsepse iku vete,<br \/>\nsi p\u00e8r Lesh Arrapi!<\/p><\/blockquote>\n","protected":false},"excerpt":{"rendered":"<p>A MUND T\u00c8 NA THUASH, KUSH IKU P\u00c8R LESH?! Nga Arben Duka Tash dhe p\u00e8r Topallin, erdhi mot i lik, se Shkodr\u00e8n e talli, si ta kish \u00e7iflik! Asnj\u00e8 gj\u00e8 s&#8217;m\u00e8soi , nga fat&#8217; i t\u00e8 par\u00e8ve, se na ka l\u00e8n\u00e8 p\u00e8nd\u00e8t, koh\u00e8 e \u00e7ifligar\u00e8ve! A mund t\u00e8 na thuash, kush iku p\u00e8r lesh, ti [&hellip;]<\/p>\n","protected":false},"author":1,"featured_media":0,"comment_status":"open","ping_status":"closed","sticky":false,"template":"","format":"standard","meta":{"footnotes":""},"categories":[7,9],"tags":[],"class_list":{"0":"post-12902","1":"post","2":"type-post","3":"status-publish","4":"format-standard","6":"category-letersi","7":"category-poezi"},"yoast_head":"<!-- This site is optimized with the Yoast SEO plugin v27.4 - https:\/\/yoast.com\/product\/yoast-seo-wordpress\/ -->\n<title>A MUND T\u00cb NA THUASH, KUSH IKU P\u00cbR LESH?! - FjALA e LIR\u00cb - Arkivi<\/title>\n<meta name=\"robots\" content=\"index, follow, max-snippet:-1, max-image-preview:large, max-video-preview:-1\" \/>\n<link rel=\"canonical\" href=\"https:\/\/fjala.info\/2009-2015\/a-mund-te-na-thuash-kush-iku-per-lesh\/\" \/>\n<meta property=\"og:locale\" content=\"sq_AL\" \/>\n<meta property=\"og:type\" content=\"article\" \/>\n<meta property=\"og:title\" content=\"A MUND T\u00cb NA THUASH, KUSH IKU P\u00cbR LESH?! - FjALA e LIR\u00cb - Arkivi\" \/>\n<meta property=\"og:description\" content=\"A MUND T\u00c8 NA THUASH, KUSH IKU P\u00c8R LESH?! Nga Arben Duka Tash dhe p\u00e8r Topallin, erdhi mot i lik, se Shkodr\u00e8n e talli, si ta kish \u00e7iflik! Asnj\u00e8 gj\u00e8 s&#8217;m\u00e8soi , nga fat&#8217; i t\u00e8 par\u00e8ve, se na ka l\u00e8n\u00e8 p\u00e8nd\u00e8t, koh\u00e8 e \u00e7ifligar\u00e8ve! A mund t\u00e8 na thuash, kush iku p\u00e8r lesh, ti [&hellip;]\" \/>\n<meta property=\"og:url\" content=\"https:\/\/fjala.info\/2009-2015\/a-mund-te-na-thuash-kush-iku-per-lesh\/\" \/>\n<meta property=\"og:site_name\" content=\"FjALA e LIR\u00cb - Arkivi\" \/>\n<meta property=\"article:published_time\" content=\"2013-06-29T17:24:39+00:00\" \/>\n<meta property=\"og:image\" content=\"http:\/\/www.fjala.info\/2013\/arben_duka.jpg\" \/>\n<meta name=\"author\" content=\"admin\" \/>\n<meta name=\"twitter:card\" content=\"summary_large_image\" \/>\n<meta name=\"twitter:label1\" content=\"Written by\" \/>\n\t<meta name=\"twitter:data1\" content=\"admin\" \/>\n\t<meta name=\"twitter:label2\" content=\"Est. reading time\" \/>\n\t<meta name=\"twitter:data2\" content=\"2 minutes\" \/>\n<script type=\"application\/ld+json\" class=\"yoast-schema-graph\">{\"@context\":\"https:\\\/\\\/schema.org\",\"@graph\":[{\"@type\":\"Article\",\"@id\":\"https:\\\/\\\/fjala.info\\\/2009-2015\\\/a-mund-te-na-thuash-kush-iku-per-lesh\\\/#article\",\"isPartOf\":{\"@id\":\"https:\\\/\\\/fjala.info\\\/2009-2015\\\/a-mund-te-na-thuash-kush-iku-per-lesh\\\/\"},\"author\":{\"name\":\"admin\",\"@id\":\"https:\\\/\\\/fjala.info\\\/2009-2015\\\/#\\\/schema\\\/person\\\/3aa1163ef05469c496fc94e77611ada2\"},\"headline\":\"A MUND T\u00cb NA THUASH, KUSH IKU P\u00cbR LESH?!\",\"datePublished\":\"2013-06-29T17:24:39+00:00\",\"mainEntityOfPage\":{\"@id\":\"https:\\\/\\\/fjala.info\\\/2009-2015\\\/a-mund-te-na-thuash-kush-iku-per-lesh\\\/\"},\"wordCount\":343,\"commentCount\":0,\"publisher\":{\"@id\":\"https:\\\/\\\/fjala.info\\\/2009-2015\\\/#organization\"},\"image\":{\"@id\":\"https:\\\/\\\/fjala.info\\\/2009-2015\\\/a-mund-te-na-thuash-kush-iku-per-lesh\\\/#primaryimage\"},\"thumbnailUrl\":\"http:\\\/\\\/www.fjala.info\\\/2013\\\/arben_duka.jpg\",\"articleSection\":[\"Let\u00ebrsi\",\"Poezi\"],\"inLanguage\":\"sq-AL\",\"potentialAction\":[{\"@type\":\"CommentAction\",\"name\":\"Comment\",\"target\":[\"https:\\\/\\\/fjala.info\\\/2009-2015\\\/a-mund-te-na-thuash-kush-iku-per-lesh\\\/#respond\"]}]},{\"@type\":\"WebPage\",\"@id\":\"https:\\\/\\\/fjala.info\\\/2009-2015\\\/a-mund-te-na-thuash-kush-iku-per-lesh\\\/\",\"url\":\"https:\\\/\\\/fjala.info\\\/2009-2015\\\/a-mund-te-na-thuash-kush-iku-per-lesh\\\/\",\"name\":\"A MUND T\u00cb NA THUASH, KUSH IKU P\u00cbR LESH?! - FjALA e LIR\u00cb - Arkivi\",\"isPartOf\":{\"@id\":\"https:\\\/\\\/fjala.info\\\/2009-2015\\\/#website\"},\"primaryImageOfPage\":{\"@id\":\"https:\\\/\\\/fjala.info\\\/2009-2015\\\/a-mund-te-na-thuash-kush-iku-per-lesh\\\/#primaryimage\"},\"image\":{\"@id\":\"https:\\\/\\\/fjala.info\\\/2009-2015\\\/a-mund-te-na-thuash-kush-iku-per-lesh\\\/#primaryimage\"},\"thumbnailUrl\":\"http:\\\/\\\/www.fjala.info\\\/2013\\\/arben_duka.jpg\",\"datePublished\":\"2013-06-29T17:24:39+00:00\",\"breadcrumb\":{\"@id\":\"https:\\\/\\\/fjala.info\\\/2009-2015\\\/a-mund-te-na-thuash-kush-iku-per-lesh\\\/#breadcrumb\"},\"inLanguage\":\"sq-AL\",\"potentialAction\":[{\"@type\":\"ReadAction\",\"target\":[\"https:\\\/\\\/fjala.info\\\/2009-2015\\\/a-mund-te-na-thuash-kush-iku-per-lesh\\\/\"]}]},{\"@type\":\"ImageObject\",\"inLanguage\":\"sq-AL\",\"@id\":\"https:\\\/\\\/fjala.info\\\/2009-2015\\\/a-mund-te-na-thuash-kush-iku-per-lesh\\\/#primaryimage\",\"url\":\"http:\\\/\\\/www.fjala.info\\\/2013\\\/arben_duka.jpg\",\"contentUrl\":\"http:\\\/\\\/www.fjala.info\\\/2013\\\/arben_duka.jpg\"},{\"@type\":\"BreadcrumbList\",\"@id\":\"https:\\\/\\\/fjala.info\\\/2009-2015\\\/a-mund-te-na-thuash-kush-iku-per-lesh\\\/#breadcrumb\",\"itemListElement\":[{\"@type\":\"ListItem\",\"position\":1,\"name\":\"Home\",\"item\":\"https:\\\/\\\/fjala.info\\\/2009-2015\\\/\"},{\"@type\":\"ListItem\",\"position\":2,\"name\":\"A MUND T\u00cb NA THUASH, KUSH IKU P\u00cbR LESH?!\"}]},{\"@type\":\"WebSite\",\"@id\":\"https:\\\/\\\/fjala.info\\\/2009-2015\\\/#website\",\"url\":\"https:\\\/\\\/fjala.info\\\/2009-2015\\\/\",\"name\":\"FjALA e LIR\u00cb - Arkivi\",\"description\":\"Arkivi 2009-2015\",\"publisher\":{\"@id\":\"https:\\\/\\\/fjala.info\\\/2009-2015\\\/#organization\"},\"potentialAction\":[{\"@type\":\"SearchAction\",\"target\":{\"@type\":\"EntryPoint\",\"urlTemplate\":\"https:\\\/\\\/fjala.info\\\/2009-2015\\\/?s={search_term_string}\"},\"query-input\":{\"@type\":\"PropertyValueSpecification\",\"valueRequired\":true,\"valueName\":\"search_term_string\"}}],\"inLanguage\":\"sq-AL\"},{\"@type\":\"Organization\",\"@id\":\"https:\\\/\\\/fjala.info\\\/2009-2015\\\/#organization\",\"name\":\"FjALA e LIR\u00cb - Arkivi\",\"url\":\"https:\\\/\\\/fjala.info\\\/2009-2015\\\/\",\"logo\":{\"@type\":\"ImageObject\",\"inLanguage\":\"sq-AL\",\"@id\":\"https:\\\/\\\/fjala.info\\\/2009-2015\\\/#\\\/schema\\\/logo\\\/image\\\/\",\"url\":\"\",\"contentUrl\":\"\",\"caption\":\"FjALA e LIR\u00cb - Arkivi\"},\"image\":{\"@id\":\"https:\\\/\\\/fjala.info\\\/2009-2015\\\/#\\\/schema\\\/logo\\\/image\\\/\"}},{\"@type\":\"Person\",\"@id\":\"https:\\\/\\\/fjala.info\\\/2009-2015\\\/#\\\/schema\\\/person\\\/3aa1163ef05469c496fc94e77611ada2\",\"name\":\"admin\",\"image\":{\"@type\":\"ImageObject\",\"inLanguage\":\"sq-AL\",\"@id\":\"https:\\\/\\\/fjala.info\\\/2009-2015\\\/wp-content\\\/uploads\\\/2012\\\/02\\\/arben_cokaj-120x150.jpg\",\"url\":\"https:\\\/\\\/fjala.info\\\/2009-2015\\\/wp-content\\\/uploads\\\/2012\\\/02\\\/arben_cokaj-120x150.jpg\",\"contentUrl\":\"https:\\\/\\\/fjala.info\\\/2009-2015\\\/wp-content\\\/uploads\\\/2012\\\/02\\\/arben_cokaj-120x150.jpg\",\"caption\":\"admin\"},\"description\":\"Admin, Fjala e Lir\u00eb\",\"sameAs\":[\"https:\\\/\\\/fjala.info\\\/\"],\"url\":\"https:\\\/\\\/fjala.info\\\/2009-2015\\\/author\\\/admin\\\/\"}]}<\/script>\n<!-- \/ Yoast SEO plugin. -->","yoast_head_json":{"title":"A MUND T\u00cb NA THUASH, KUSH IKU P\u00cbR LESH?! - FjALA e LIR\u00cb - Arkivi","robots":{"index":"index","follow":"follow","max-snippet":"max-snippet:-1","max-image-preview":"max-image-preview:large","max-video-preview":"max-video-preview:-1"},"canonical":"https:\/\/fjala.info\/2009-2015\/a-mund-te-na-thuash-kush-iku-per-lesh\/","og_locale":"sq_AL","og_type":"article","og_title":"A MUND T\u00cb NA THUASH, KUSH IKU P\u00cbR LESH?! - FjALA e LIR\u00cb - Arkivi","og_description":"A MUND T\u00c8 NA THUASH, KUSH IKU P\u00c8R LESH?! Nga Arben Duka Tash dhe p\u00e8r Topallin, erdhi mot i lik, se Shkodr\u00e8n e talli, si ta kish \u00e7iflik! Asnj\u00e8 gj\u00e8 s&#8217;m\u00e8soi , nga fat&#8217; i t\u00e8 par\u00e8ve, se na ka l\u00e8n\u00e8 p\u00e8nd\u00e8t, koh\u00e8 e \u00e7ifligar\u00e8ve! A mund t\u00e8 na thuash, kush iku p\u00e8r lesh, ti [&hellip;]","og_url":"https:\/\/fjala.info\/2009-2015\/a-mund-te-na-thuash-kush-iku-per-lesh\/","og_site_name":"FjALA e LIR\u00cb - Arkivi","article_published_time":"2013-06-29T17:24:39+00:00","og_image":[{"url":"http:\/\/www.fjala.info\/2013\/arben_duka.jpg","type":"","width":"","height":""}],"author":"admin","twitter_card":"summary_large_image","twitter_misc":{"Written by":"admin","Est. reading time":"2 minutes"},"schema":{"@context":"https:\/\/schema.org","@graph":[{"@type":"Article","@id":"https:\/\/fjala.info\/2009-2015\/a-mund-te-na-thuash-kush-iku-per-lesh\/#article","isPartOf":{"@id":"https:\/\/fjala.info\/2009-2015\/a-mund-te-na-thuash-kush-iku-per-lesh\/"},"author":{"name":"admin","@id":"https:\/\/fjala.info\/2009-2015\/#\/schema\/person\/3aa1163ef05469c496fc94e77611ada2"},"headline":"A MUND T\u00cb NA THUASH, KUSH IKU P\u00cbR LESH?!","datePublished":"2013-06-29T17:24:39+00:00","mainEntityOfPage":{"@id":"https:\/\/fjala.info\/2009-2015\/a-mund-te-na-thuash-kush-iku-per-lesh\/"},"wordCount":343,"commentCount":0,"publisher":{"@id":"https:\/\/fjala.info\/2009-2015\/#organization"},"image":{"@id":"https:\/\/fjala.info\/2009-2015\/a-mund-te-na-thuash-kush-iku-per-lesh\/#primaryimage"},"thumbnailUrl":"http:\/\/www.fjala.info\/2013\/arben_duka.jpg","articleSection":["Let\u00ebrsi","Poezi"],"inLanguage":"sq-AL","potentialAction":[{"@type":"CommentAction","name":"Comment","target":["https:\/\/fjala.info\/2009-2015\/a-mund-te-na-thuash-kush-iku-per-lesh\/#respond"]}]},{"@type":"WebPage","@id":"https:\/\/fjala.info\/2009-2015\/a-mund-te-na-thuash-kush-iku-per-lesh\/","url":"https:\/\/fjala.info\/2009-2015\/a-mund-te-na-thuash-kush-iku-per-lesh\/","name":"A MUND T\u00cb NA THUASH, KUSH IKU P\u00cbR LESH?! - FjALA e LIR\u00cb - Arkivi","isPartOf":{"@id":"https:\/\/fjala.info\/2009-2015\/#website"},"primaryImageOfPage":{"@id":"https:\/\/fjala.info\/2009-2015\/a-mund-te-na-thuash-kush-iku-per-lesh\/#primaryimage"},"image":{"@id":"https:\/\/fjala.info\/2009-2015\/a-mund-te-na-thuash-kush-iku-per-lesh\/#primaryimage"},"thumbnailUrl":"http:\/\/www.fjala.info\/2013\/arben_duka.jpg","datePublished":"2013-06-29T17:24:39+00:00","breadcrumb":{"@id":"https:\/\/fjala.info\/2009-2015\/a-mund-te-na-thuash-kush-iku-per-lesh\/#breadcrumb"},"inLanguage":"sq-AL","potentialAction":[{"@type":"ReadAction","target":["https:\/\/fjala.info\/2009-2015\/a-mund-te-na-thuash-kush-iku-per-lesh\/"]}]},{"@type":"ImageObject","inLanguage":"sq-AL","@id":"https:\/\/fjala.info\/2009-2015\/a-mund-te-na-thuash-kush-iku-per-lesh\/#primaryimage","url":"http:\/\/www.fjala.info\/2013\/arben_duka.jpg","contentUrl":"http:\/\/www.fjala.info\/2013\/arben_duka.jpg"},{"@type":"BreadcrumbList","@id":"https:\/\/fjala.info\/2009-2015\/a-mund-te-na-thuash-kush-iku-per-lesh\/#breadcrumb","itemListElement":[{"@type":"ListItem","position":1,"name":"Home","item":"https:\/\/fjala.info\/2009-2015\/"},{"@type":"ListItem","position":2,"name":"A MUND T\u00cb NA THUASH, KUSH IKU P\u00cbR LESH?!"}]},{"@type":"WebSite","@id":"https:\/\/fjala.info\/2009-2015\/#website","url":"https:\/\/fjala.info\/2009-2015\/","name":"FjALA e LIR\u00cb - Arkivi","description":"Arkivi 2009-2015","publisher":{"@id":"https:\/\/fjala.info\/2009-2015\/#organization"},"potentialAction":[{"@type":"SearchAction","target":{"@type":"EntryPoint","urlTemplate":"https:\/\/fjala.info\/2009-2015\/?s={search_term_string}"},"query-input":{"@type":"PropertyValueSpecification","valueRequired":true,"valueName":"search_term_string"}}],"inLanguage":"sq-AL"},{"@type":"Organization","@id":"https:\/\/fjala.info\/2009-2015\/#organization","name":"FjALA e LIR\u00cb - Arkivi","url":"https:\/\/fjala.info\/2009-2015\/","logo":{"@type":"ImageObject","inLanguage":"sq-AL","@id":"https:\/\/fjala.info\/2009-2015\/#\/schema\/logo\/image\/","url":"","contentUrl":"","caption":"FjALA e LIR\u00cb - Arkivi"},"image":{"@id":"https:\/\/fjala.info\/2009-2015\/#\/schema\/logo\/image\/"}},{"@type":"Person","@id":"https:\/\/fjala.info\/2009-2015\/#\/schema\/person\/3aa1163ef05469c496fc94e77611ada2","name":"admin","image":{"@type":"ImageObject","inLanguage":"sq-AL","@id":"https:\/\/fjala.info\/2009-2015\/wp-content\/uploads\/2012\/02\/arben_cokaj-120x150.jpg","url":"https:\/\/fjala.info\/2009-2015\/wp-content\/uploads\/2012\/02\/arben_cokaj-120x150.jpg","contentUrl":"https:\/\/fjala.info\/2009-2015\/wp-content\/uploads\/2012\/02\/arben_cokaj-120x150.jpg","caption":"admin"},"description":"Admin, Fjala e Lir\u00eb","sameAs":["https:\/\/fjala.info\/"],"url":"https:\/\/fjala.info\/2009-2015\/author\/admin\/"}]}},"_links":{"self":[{"href":"https:\/\/fjala.info\/2009-2015\/wp-json\/wp\/v2\/posts\/12902","targetHints":{"allow":["GET"]}}],"collection":[{"href":"https:\/\/fjala.info\/2009-2015\/wp-json\/wp\/v2\/posts"}],"about":[{"href":"https:\/\/fjala.info\/2009-2015\/wp-json\/wp\/v2\/types\/post"}],"author":[{"embeddable":true,"href":"https:\/\/fjala.info\/2009-2015\/wp-json\/wp\/v2\/users\/1"}],"replies":[{"embeddable":true,"href":"https:\/\/fjala.info\/2009-2015\/wp-json\/wp\/v2\/comments?post=12902"}],"version-history":[{"count":0,"href":"https:\/\/fjala.info\/2009-2015\/wp-json\/wp\/v2\/posts\/12902\/revisions"}],"wp:attachment":[{"href":"https:\/\/fjala.info\/2009-2015\/wp-json\/wp\/v2\/media?parent=12902"}],"wp:term":[{"taxonomy":"category","embeddable":true,"href":"https:\/\/fjala.info\/2009-2015\/wp-json\/wp\/v2\/categories?post=12902"},{"taxonomy":"post_tag","embeddable":true,"href":"https:\/\/fjala.info\/2009-2015\/wp-json\/wp\/v2\/tags?post=12902"}],"curies":[{"name":"wp","href":"https:\/\/api.w.org\/{rel}","templated":true}]}}