{"id":12901,"date":"2013-06-29T15:28:30","date_gmt":"2013-06-29T14:28:30","guid":{"rendered":"http:\/\/fjala.info\/?p=3434"},"modified":"2013-06-29T15:28:30","modified_gmt":"2013-06-29T14:28:30","slug":"islamofobia-si-argument-ne-ndihme-te-masakres-se-parkut-te-namazgjase","status":"publish","type":"post","link":"https:\/\/fjala.info\/2009-2015\/islamofobia-si-argument-ne-ndihme-te-masakres-se-parkut-te-namazgjase\/","title":{"rendered":"&#8220;Islamofobia&#8221; si argument n\u00eb ndihm\u00eb t\u00eb masakr\u00ebs s\u00eb Parkut t\u00eb Namazgjas\u00eb"},"content":{"rendered":"<p><img decoding=\"async\" class=\"alignright size-thumbnail wp-image-7236\" title=\"Xhamia me 4 minare\" alt=\"\" src=\"http:\/\/www.fjala.info\/2013\/xhamia_4_minare.jpg\" width=\"300\" \/> Nga <strong>Koloreto Cukali<\/strong>, <em>29 qershor 2013<\/em><\/p>\n<p>Ne jemi ajo \u00e7far\u00eb mbrojm\u00eb\u201d thot\u00eb Audrey Toutou (Sofie Langdon) n\u00eb filmin q\u00eb po jepet n\u00eb TV n\u00eb \u00e7astin q\u00eb u ula p\u00ebr t\u00eb b\u00ebr\u00eb k\u00ebt\u00eb shkrim. Ka qindra kauza n\u00eb k\u00ebt\u00eb vend, kauza q\u00eb vijn\u00eb p\u00ebr shkak t\u00eb nj\u00eb shteti shtyp\u00ebs, vrimash ligjore n\u00eb nj\u00eb shoq\u00ebri apatike dhe individ\u00ebsh p\u00ebrfitues e abuzues. N\u00eb nj\u00eb shtet t\u00eb s\u00eb drejt\u00ebs e shoq\u00ebri funksionale, nuk do kishim nevoj\u00eb t\u00eb dilte njeri p\u00ebr t\u00eb mbrojtur vajzat nga ata q\u00eb i presin kokat. Mes kaq shum\u00eb kauzash, \u00ebsht\u00eb e v\u00ebshtir\u00eb t\u00eb dal\u00ebsh p\u00ebr t\u00eb gjitha, dhe ata q\u00eb duan t\u00eb marrin nj\u00eb kauz\u00eb, prioritizojn\u00eb t\u00eb vetat. Kauza ime \u00ebsht\u00eb parku i Namazgjas\u00eb.<\/p>\n<p><strong>Parku i Namazgjas\u00eb<\/strong><\/p>\n<p>Duke p\u00ebrfituar nga amullia zgjedhore, nga mosd\u00ebshira e subjekteve politike \u201cp\u00ebr ta kruajtur\u201d me nj\u00eb komunitet q\u00eb mund t\u00eb ndjehet i prekur, nj\u00eb nga parqet e pakta q\u00eb i kan\u00eb mbetur Tiran\u00ebs \u00ebsht\u00eb rrethuar me teneqe, dhe pem\u00ebt e bukura aty tashm\u00eb jan\u00eb prer\u00eb. Motivi: duan t\u00eb nd\u00ebrtojn\u00eb aty nj\u00eb xhami dhe dy qendra treg\u00ebtare. Ky akt, u realizua mu n\u00eb mes t\u00eb zgjedhjeve me formul\u00ebn tashm\u00eb t\u00eb njohur \u201ct\u00eb faktit t\u00eb kryer\u201d.<\/p>\n<p>Lidhur me k\u00ebt\u00eb, para pak dit\u00ebsh b\u00ebra nj\u00eb shkrim te \u201cDita\u201d t\u00eb titulluar \u201cBashk\u00ebjetesa e xhamis\u00eb me krimin\u201d (http:\/\/respublica.al\/opinion\/2013\/06\/22\/bashkejetesa-e-xhamise-me-krimin). P\u00ebr shkak t\u00eb fokusit t\u00eb njer\u00ebzve te zgjedhjet, shkrimi nuk ishte prioritet i dit\u00ebs. T\u00eb vetmit q\u00eb u shqet\u00ebsuan p\u00ebr ta sulmuar n\u00eb blogosfer\u00eb ishin ata q\u00eb u prek\u00ebn n\u00eb ndjenjat e tyre fetare (dhe disa pak q\u00eb u prek\u00ebn se u kisha shar\u00eb fejsbukun).<\/p>\n<p>Pavar\u00ebsisht mundimit, argumentet e shkrimit jan\u00eb aty, ende t\u00eb pasfiduara.<\/p>\n<p><strong>Bashk\u00ebjetesa e xhamis\u00eb me krimin<\/strong><\/p>\n<p>P\u00ebr ata q\u00eb nuk kan\u00eb mundur ta lexojn\u00eb shkrimin, n\u00eb m\u00ebnyr\u00eb t\u00eb p\u00ebrmbledhur argumentet e mia jan\u00eb si m\u00eb posht\u00eb:<\/p>\n<p>Krimi ekologjik \u201cpo vishet me xhami\u201d. Dmth, po p\u00ebrdoret xhamia si arsye p\u00ebr t\u00eb shkat\u00ebrruar nj\u00eb park e p\u00ebr t\u00eb nd\u00ebrtuar dhe qendra treg\u00ebtare. K\u00ebt\u00eb nd\u00ebrtim betoni nuk do mund ta heqim m\u00eb kurr\u00eb, shi sepse \u00ebsht\u00eb i veshur me xhami.<\/p>\n<p>Nevoja p\u00ebr ta b\u00ebr\u00eb pik\u00ebrisht aty, \u00ebsht\u00eb m\u00eb tep\u00ebr se munges\u00eb hap\u00ebsirash aktiviteti fetar, d\u00ebshira p\u00ebr t\u00eb \u201ctreguar muskujt\u201d karshi feve t\u00eb tjera. E till\u00eb nuk \u00ebsht\u00eb vet\u00ebm kjo xhami q\u00eb po nd\u00ebrtohet \u2013 shkruaja \u2013 por dhe katedralja ortodokse q\u00eb betonizoi nj\u00eb tjet\u00ebr lulishte, dhe ajo katolike pas Hotel Dajtit. Tirana nuk mund t\u00eb ket\u00eb nevoj\u00eb q\u00eb n\u00eb nj\u00eb kuadrat t\u00eb vog\u00ebl n\u00eb qend\u00ebr t\u00eb ket\u00eb kaq shum\u00eb objekte kulti.<\/p>\n<p>N\u00eb Shqip\u00ebri v\u00ebrej q\u00eb ka njer\u00ebz q\u00eb jan\u00eb n\u00eb rradh\u00eb t\u00eb par\u00eb besimtar\u00eb, e m\u00eb pas qytetar\u00eb. Ndaj, bashk\u00ebpun\u00ebtor\u00eb t\u00eb heshtur n\u00eb k\u00ebt\u00eb krim, jan\u00eb t\u00eb t\u00ebr\u00eb ata besimtar\u00eb q\u00eb p\u00ebr hir t\u00eb \u201cxhamis\u00eb\u201d jan\u00eb gati t\u00eb pranojn\u00eb prishjen e parkut.<\/p>\n<p>Ne jemi ajo \u00e7far\u00eb mbrojm\u00eb. Po \u00e7far\u00eb mbrojn\u00eb t\u00eb tjer\u00ebt?<\/p>\n<p><strong>Ata q\u00eb \u201ckam inat\u201d<\/strong><\/p>\n<p>Komentet kund\u00ebr shkrimit n\u00eb blogosfer\u00eb p\u00ebrftuan shum\u00eb pak arguemente. I pari, mund t\u00eb p\u00ebrmblidhet k\u00ebshtu: \u201cku ishte ti kur u nd\u00ebrtua Katedralja ortodokse dhe ajo katolike\u201d. Do t\u00eb ishte banalizim i argumentit dhe t\u00eb jap shpjegime ku kam qen\u00eb para 10 vitesh apo para 2 vitesh. Krimi po ndodh, dhe \u00ebsht\u00eb aty, kudo q\u00eb t\u00eb kem qen\u00eb un\u00eb. Me k\u00ebt\u00eb logjik\u00eb, meq\u00eb un\u00eb nuk kam folur p\u00ebr x shkat\u00ebrrim ekologjik n\u00eb 1996-n, nuk mund t\u00eb fliskam m\u00eb. Akoma m\u00eb naiv \u00ebsht\u00eb arguementi tjet\u00ebr q\u00eb mund\u00eb t\u00eb p\u00ebrmblidhet sikur \u201cun\u00eb kam inat personal\u201d me komunitetin islamik. P\u00ebr ironi, t\u00eb nj\u00ebjt\u00ebn kauz\u00eb m\u00eb kan\u00eb b\u00ebr\u00eb n\u00eb blogosfer\u00eb edhe ortodoks\u00ebt para ca muajsh. Fati i keq i yni, q\u00eb debati publik p\u00ebrqendrohet tek individi, dhe jo te argumenti. T\u00eb thuash ky arguement nuk vlen se filani na e b\u00ebn p\u00ebr inat, i bie q\u00eb t\u00eb mos kesh kurr\u00eb nj\u00eb argument, se k\u00ebdo mund ta akuzosh q\u00eb e b\u00ebn p\u00ebr inat. Kjo m\u00ebnyr\u00eb t\u00eb menduari legjitimon shum\u00eb sh\u00ebmtira q\u00eb ndodhin n\u00eb shoq\u00ebrin\u00eb shqiptare. Stambollit\u00ebt nuk u t\u00ebrhoq\u00ebn nga Parku Gezi edhe kur Erdogani me ciniz\u00ebm tha q\u00eb do e b\u00ebj\u00eb xhami e jo qend\u00ebr treg\u00ebtare. Apo dhe ata kan\u00eb inat me komunitetin silam t\u00eb Stambollit?<\/p>\n<p>I vetmi argument me vler\u00eb p\u00ebr t\u2019u diskutuar \u00ebsht\u00eb \u201cku do t\u00eb luten besimtar\u00ebt\u201d. Un\u00eb besoj, q\u00eb n\u00eb Tiran\u00eb mund t\u00eb gjendet nj\u00eb vend tjet\u00ebr, pa qen\u00eb nevoja t\u00eb jet\u00eb mu n\u00eb qend\u00ebr, pa qen\u00eb nevoja t\u00eb prishet parku i Namazgjas\u00eb dhe q\u00eb t\u00eb plot\u00ebsoj\u00eb nevojat e besimtar\u00ebve. Por, kam frik\u00eb se ata e duan mua aty, qoft\u00eb p\u00ebr karshillik ndaj katedraleve, qoft\u00eb se duhen dhe nja 2 qendra treg\u00ebtare mbrapa.<\/p>\n<p>Toka mund t\u00eb jet\u00eb e komunitetit, por kjo s\u2019do t\u00eb thot\u00eb q\u00eb kushdo mund t\u00eb nd\u00ebrtoj\u00eb \u00e7far\u00ebdo n\u00eb tok\u00eb t\u00eb tij. P\u00ebrndryshe, kot luftuam p\u00ebr t\u00eb mbrojtur Piramid\u00ebn nga tentativa djal\u00ebzore e pronar\u00ebve t\u00eb tok\u00ebs posht\u00eb saj p\u00ebr ta shembur.<\/p>\n<p>T\u00eb t\u00ebr\u00eb \u201cargumentet\u201d kund\u00ebr, vet\u00ebm m\u00eb lan\u00eb t\u00eb kuptoj q\u00eb argumentet e shkrimit \u201cbashk\u00ebjetesa e xhamis\u00eb me krimin qendrojn\u00eb. Nj\u00eb komentues shkroi: \u201cp\u00ebr ca pem\u00eb aty\u201d. Nuk jan\u00eb \u2018ca pem\u00eb\u2019! \u00cbsht\u00eb nj\u00eb park! Por \u00ebsht\u00eb e v\u00ebshtir\u00eb t\u2019ia shpjegosh k\u00ebt\u00eb dikujt q\u00eb ndjehet s\u00eb pari \u2018besimtar\u2019, e n\u00eb rradh\u00eb t\u00eb 4-t a t\u00eb 5-t\u00eb \u2018qytetar\u2019.<\/p>\n<p><strong>Republika e Re<\/strong><\/p>\n<p>Arsyeja pse rimora argumentin e parkut t\u00eb Namzgjas\u00eb nuk ishte p\u00ebr replik\u00eb. Nuk ka ndonj\u00eb replik\u00eb t\u00eb madhe p\u00ebr t\u00eb b\u00ebr\u00eb aty. Arsyeja, \u00ebsht\u00eb se pas qet\u00ebsimit pas-zgjedhor, ata q\u00eb jan\u00eb n\u00eb rradh\u00eb t\u00eb par\u00eb \u2018qytetar\u00eb\u2019 n\u00eb k\u00ebt\u00eb qytet t\u00eb ken\u00eb fokusin te kjo ngjarje me d\u00ebm t\u00eb pakthyesh\u00ebm p\u00ebr qytetin. Ndaj do odja ta rihapja prap\u00eb k\u00ebt\u00eb tem\u00eb. Edhe pse pem\u00ebt jan\u00eb prer\u00eb, krimi fillestar \u00ebsht\u00eb b\u00ebr\u00eb. Por, t\u00eb pakt\u00ebn mos t\u00eb lejojm\u00eb t\u00eb mbijn\u00eb k\u00ebrpudha t\u00eb tjera betoni n\u00eb at\u00eb hap\u00ebsir\u00eb.<\/p>\n<p>Tirana \u00ebsht\u00eb e para?? Jo, zoti Kryehipokrit i qytetit! Vendimi p\u00ebr t\u00eb dh\u00ebn\u00eb lejet e nd\u00ebrtimit n\u00eb periudh\u00eb zgjedhjesh \u00ebsht\u00eb m\u00eb s\u00eb paku nj\u00eb tentativ\u00eb p\u00ebr t\u00eb joshur vota. Nuk do habitesha po t\u00eb ket\u00eb interesa shum\u00eb m\u00eb t\u00eb thella ekonomike posht\u00eb.<\/p>\n<p>V\u00ebrej k\u00ebto dit\u00eb \u00e7lirimin e besimit t\u00eb shum\u00eb njer\u00ebzve se nj\u00eb er\u00eb e re po lind.<\/p>\n<p>Un\u00eb do t\u00eb nisja ta besoja k\u00ebt\u00eb, n\u00ebse qeveria e re e Ram\u00ebs, dhe ai vet\u00eb personalisht, shpall nj\u00eb moratorium mbi t\u00eb gjith\u00eb vendimet elektorale apo krimet me natyr\u00eb ekonomike t\u00eb qeveris\u00eb s\u00eb ikur, t\u00eb b\u00ebra pa debat publik, me formul\u00ebn e \u201cfaktit t\u00eb kryer\u201d.<\/p>\n<p>\u201cNe jemi ajo \u00e7far\u00eb mbrojm\u00eb.\u201d Tregona pra, Republik\u00ebn e Re!<\/p>\n<p>\/<em>DITA<\/em>\/<\/p>\n","protected":false},"excerpt":{"rendered":"<p>Nga Koloreto Cukali, 29 qershor 2013 Ne jemi ajo \u00e7far\u00eb mbrojm\u00eb\u201d thot\u00eb Audrey Toutou (Sofie Langdon) n\u00eb filmin q\u00eb po jepet n\u00eb TV n\u00eb \u00e7astin q\u00eb u ula p\u00ebr t\u00eb b\u00ebr\u00eb k\u00ebt\u00eb shkrim. Ka qindra kauza n\u00eb k\u00ebt\u00eb vend, kauza q\u00eb vijn\u00eb p\u00ebr shkak t\u00eb nj\u00eb shteti shtyp\u00ebs, vrimash ligjore n\u00eb nj\u00eb shoq\u00ebri apatike dhe [&hellip;]<\/p>\n","protected":false},"author":1,"featured_media":0,"comment_status":"open","ping_status":"closed","sticky":false,"template":"","format":"standard","meta":{"footnotes":""},"categories":[2],"tags":[],"class_list":{"0":"post-12901","1":"post","2":"type-post","3":"status-publish","4":"format-standard","6":"category-artikuj"},"yoast_head":"<!-- This site is optimized with the Yoast SEO plugin v27.4 - https:\/\/yoast.com\/product\/yoast-seo-wordpress\/ -->\n<title>&quot;Islamofobia&quot; si argument n\u00eb ndihm\u00eb t\u00eb masakr\u00ebs s\u00eb Parkut t\u00eb Namazgjas\u00eb - FjALA e LIR\u00cb - Arkivi<\/title>\n<meta name=\"robots\" content=\"index, follow, max-snippet:-1, max-image-preview:large, max-video-preview:-1\" \/>\n<link rel=\"canonical\" href=\"https:\/\/fjala.info\/2009-2015\/islamofobia-si-argument-ne-ndihme-te-masakres-se-parkut-te-namazgjase\/\" \/>\n<meta property=\"og:locale\" content=\"sq_AL\" \/>\n<meta property=\"og:type\" content=\"article\" \/>\n<meta property=\"og:title\" content=\"&quot;Islamofobia&quot; si argument n\u00eb ndihm\u00eb t\u00eb masakr\u00ebs s\u00eb Parkut t\u00eb Namazgjas\u00eb - FjALA e LIR\u00cb - Arkivi\" \/>\n<meta property=\"og:description\" content=\"Nga Koloreto Cukali, 29 qershor 2013 Ne jemi ajo \u00e7far\u00eb mbrojm\u00eb\u201d thot\u00eb Audrey Toutou (Sofie Langdon) n\u00eb filmin q\u00eb po jepet n\u00eb TV n\u00eb \u00e7astin q\u00eb u ula p\u00ebr t\u00eb b\u00ebr\u00eb k\u00ebt\u00eb shkrim. Ka qindra kauza n\u00eb k\u00ebt\u00eb vend, kauza q\u00eb vijn\u00eb p\u00ebr shkak t\u00eb nj\u00eb shteti shtyp\u00ebs, vrimash ligjore n\u00eb nj\u00eb shoq\u00ebri apatike dhe [&hellip;]\" \/>\n<meta property=\"og:url\" content=\"https:\/\/fjala.info\/2009-2015\/islamofobia-si-argument-ne-ndihme-te-masakres-se-parkut-te-namazgjase\/\" \/>\n<meta property=\"og:site_name\" content=\"FjALA e LIR\u00cb - Arkivi\" \/>\n<meta property=\"article:published_time\" content=\"2013-06-29T14:28:30+00:00\" \/>\n<meta property=\"og:image\" content=\"http:\/\/www.fjala.info\/2013\/xhamia_4_minare.jpg\" \/>\n<meta name=\"author\" content=\"admin\" \/>\n<meta name=\"twitter:card\" content=\"summary_large_image\" \/>\n<meta name=\"twitter:label1\" content=\"Written by\" \/>\n\t<meta name=\"twitter:data1\" content=\"admin\" \/>\n\t<meta name=\"twitter:label2\" content=\"Est. reading time\" \/>\n\t<meta name=\"twitter:data2\" content=\"6 minutes\" \/>\n<script type=\"application\/ld+json\" class=\"yoast-schema-graph\">{\"@context\":\"https:\\\/\\\/schema.org\",\"@graph\":[{\"@type\":\"Article\",\"@id\":\"https:\\\/\\\/fjala.info\\\/2009-2015\\\/islamofobia-si-argument-ne-ndihme-te-masakres-se-parkut-te-namazgjase\\\/#article\",\"isPartOf\":{\"@id\":\"https:\\\/\\\/fjala.info\\\/2009-2015\\\/islamofobia-si-argument-ne-ndihme-te-masakres-se-parkut-te-namazgjase\\\/\"},\"author\":{\"name\":\"admin\",\"@id\":\"https:\\\/\\\/fjala.info\\\/2009-2015\\\/#\\\/schema\\\/person\\\/3aa1163ef05469c496fc94e77611ada2\"},\"headline\":\"&#8220;Islamofobia&#8221; si argument n\u00eb ndihm\u00eb t\u00eb masakr\u00ebs s\u00eb Parkut t\u00eb Namazgjas\u00eb\",\"datePublished\":\"2013-06-29T14:28:30+00:00\",\"mainEntityOfPage\":{\"@id\":\"https:\\\/\\\/fjala.info\\\/2009-2015\\\/islamofobia-si-argument-ne-ndihme-te-masakres-se-parkut-te-namazgjase\\\/\"},\"wordCount\":1185,\"commentCount\":0,\"publisher\":{\"@id\":\"https:\\\/\\\/fjala.info\\\/2009-2015\\\/#organization\"},\"image\":{\"@id\":\"https:\\\/\\\/fjala.info\\\/2009-2015\\\/islamofobia-si-argument-ne-ndihme-te-masakres-se-parkut-te-namazgjase\\\/#primaryimage\"},\"thumbnailUrl\":\"http:\\\/\\\/www.fjala.info\\\/2013\\\/xhamia_4_minare.jpg\",\"articleSection\":[\"Artikuj\"],\"inLanguage\":\"sq-AL\",\"potentialAction\":[{\"@type\":\"CommentAction\",\"name\":\"Comment\",\"target\":[\"https:\\\/\\\/fjala.info\\\/2009-2015\\\/islamofobia-si-argument-ne-ndihme-te-masakres-se-parkut-te-namazgjase\\\/#respond\"]}]},{\"@type\":\"WebPage\",\"@id\":\"https:\\\/\\\/fjala.info\\\/2009-2015\\\/islamofobia-si-argument-ne-ndihme-te-masakres-se-parkut-te-namazgjase\\\/\",\"url\":\"https:\\\/\\\/fjala.info\\\/2009-2015\\\/islamofobia-si-argument-ne-ndihme-te-masakres-se-parkut-te-namazgjase\\\/\",\"name\":\"\\\"Islamofobia\\\" si argument n\u00eb ndihm\u00eb t\u00eb masakr\u00ebs s\u00eb Parkut t\u00eb Namazgjas\u00eb - FjALA e LIR\u00cb - Arkivi\",\"isPartOf\":{\"@id\":\"https:\\\/\\\/fjala.info\\\/2009-2015\\\/#website\"},\"primaryImageOfPage\":{\"@id\":\"https:\\\/\\\/fjala.info\\\/2009-2015\\\/islamofobia-si-argument-ne-ndihme-te-masakres-se-parkut-te-namazgjase\\\/#primaryimage\"},\"image\":{\"@id\":\"https:\\\/\\\/fjala.info\\\/2009-2015\\\/islamofobia-si-argument-ne-ndihme-te-masakres-se-parkut-te-namazgjase\\\/#primaryimage\"},\"thumbnailUrl\":\"http:\\\/\\\/www.fjala.info\\\/2013\\\/xhamia_4_minare.jpg\",\"datePublished\":\"2013-06-29T14:28:30+00:00\",\"breadcrumb\":{\"@id\":\"https:\\\/\\\/fjala.info\\\/2009-2015\\\/islamofobia-si-argument-ne-ndihme-te-masakres-se-parkut-te-namazgjase\\\/#breadcrumb\"},\"inLanguage\":\"sq-AL\",\"potentialAction\":[{\"@type\":\"ReadAction\",\"target\":[\"https:\\\/\\\/fjala.info\\\/2009-2015\\\/islamofobia-si-argument-ne-ndihme-te-masakres-se-parkut-te-namazgjase\\\/\"]}]},{\"@type\":\"ImageObject\",\"inLanguage\":\"sq-AL\",\"@id\":\"https:\\\/\\\/fjala.info\\\/2009-2015\\\/islamofobia-si-argument-ne-ndihme-te-masakres-se-parkut-te-namazgjase\\\/#primaryimage\",\"url\":\"http:\\\/\\\/www.fjala.info\\\/2013\\\/xhamia_4_minare.jpg\",\"contentUrl\":\"http:\\\/\\\/www.fjala.info\\\/2013\\\/xhamia_4_minare.jpg\"},{\"@type\":\"BreadcrumbList\",\"@id\":\"https:\\\/\\\/fjala.info\\\/2009-2015\\\/islamofobia-si-argument-ne-ndihme-te-masakres-se-parkut-te-namazgjase\\\/#breadcrumb\",\"itemListElement\":[{\"@type\":\"ListItem\",\"position\":1,\"name\":\"Home\",\"item\":\"https:\\\/\\\/fjala.info\\\/2009-2015\\\/\"},{\"@type\":\"ListItem\",\"position\":2,\"name\":\"&#8220;Islamofobia&#8221; si argument n\u00eb ndihm\u00eb t\u00eb masakr\u00ebs s\u00eb Parkut t\u00eb Namazgjas\u00eb\"}]},{\"@type\":\"WebSite\",\"@id\":\"https:\\\/\\\/fjala.info\\\/2009-2015\\\/#website\",\"url\":\"https:\\\/\\\/fjala.info\\\/2009-2015\\\/\",\"name\":\"FjALA e LIR\u00cb - Arkivi\",\"description\":\"Arkivi 2009-2015\",\"publisher\":{\"@id\":\"https:\\\/\\\/fjala.info\\\/2009-2015\\\/#organization\"},\"potentialAction\":[{\"@type\":\"SearchAction\",\"target\":{\"@type\":\"EntryPoint\",\"urlTemplate\":\"https:\\\/\\\/fjala.info\\\/2009-2015\\\/?s={search_term_string}\"},\"query-input\":{\"@type\":\"PropertyValueSpecification\",\"valueRequired\":true,\"valueName\":\"search_term_string\"}}],\"inLanguage\":\"sq-AL\"},{\"@type\":\"Organization\",\"@id\":\"https:\\\/\\\/fjala.info\\\/2009-2015\\\/#organization\",\"name\":\"FjALA e LIR\u00cb - Arkivi\",\"url\":\"https:\\\/\\\/fjala.info\\\/2009-2015\\\/\",\"logo\":{\"@type\":\"ImageObject\",\"inLanguage\":\"sq-AL\",\"@id\":\"https:\\\/\\\/fjala.info\\\/2009-2015\\\/#\\\/schema\\\/logo\\\/image\\\/\",\"url\":\"\",\"contentUrl\":\"\",\"caption\":\"FjALA e LIR\u00cb - Arkivi\"},\"image\":{\"@id\":\"https:\\\/\\\/fjala.info\\\/2009-2015\\\/#\\\/schema\\\/logo\\\/image\\\/\"}},{\"@type\":\"Person\",\"@id\":\"https:\\\/\\\/fjala.info\\\/2009-2015\\\/#\\\/schema\\\/person\\\/3aa1163ef05469c496fc94e77611ada2\",\"name\":\"admin\",\"image\":{\"@type\":\"ImageObject\",\"inLanguage\":\"sq-AL\",\"@id\":\"https:\\\/\\\/fjala.info\\\/2009-2015\\\/wp-content\\\/uploads\\\/2012\\\/02\\\/arben_cokaj-120x150.jpg\",\"url\":\"https:\\\/\\\/fjala.info\\\/2009-2015\\\/wp-content\\\/uploads\\\/2012\\\/02\\\/arben_cokaj-120x150.jpg\",\"contentUrl\":\"https:\\\/\\\/fjala.info\\\/2009-2015\\\/wp-content\\\/uploads\\\/2012\\\/02\\\/arben_cokaj-120x150.jpg\",\"caption\":\"admin\"},\"description\":\"Admin, Fjala e Lir\u00eb\",\"sameAs\":[\"https:\\\/\\\/fjala.info\\\/\"],\"url\":\"https:\\\/\\\/fjala.info\\\/2009-2015\\\/author\\\/admin\\\/\"}]}<\/script>\n<!-- \/ Yoast SEO plugin. -->","yoast_head_json":{"title":"\"Islamofobia\" si argument n\u00eb ndihm\u00eb t\u00eb masakr\u00ebs s\u00eb Parkut t\u00eb Namazgjas\u00eb - FjALA e LIR\u00cb - Arkivi","robots":{"index":"index","follow":"follow","max-snippet":"max-snippet:-1","max-image-preview":"max-image-preview:large","max-video-preview":"max-video-preview:-1"},"canonical":"https:\/\/fjala.info\/2009-2015\/islamofobia-si-argument-ne-ndihme-te-masakres-se-parkut-te-namazgjase\/","og_locale":"sq_AL","og_type":"article","og_title":"\"Islamofobia\" si argument n\u00eb ndihm\u00eb t\u00eb masakr\u00ebs s\u00eb Parkut t\u00eb Namazgjas\u00eb - FjALA e LIR\u00cb - Arkivi","og_description":"Nga Koloreto Cukali, 29 qershor 2013 Ne jemi ajo \u00e7far\u00eb mbrojm\u00eb\u201d thot\u00eb Audrey Toutou (Sofie Langdon) n\u00eb filmin q\u00eb po jepet n\u00eb TV n\u00eb \u00e7astin q\u00eb u ula p\u00ebr t\u00eb b\u00ebr\u00eb k\u00ebt\u00eb shkrim. Ka qindra kauza n\u00eb k\u00ebt\u00eb vend, kauza q\u00eb vijn\u00eb p\u00ebr shkak t\u00eb nj\u00eb shteti shtyp\u00ebs, vrimash ligjore n\u00eb nj\u00eb shoq\u00ebri apatike dhe [&hellip;]","og_url":"https:\/\/fjala.info\/2009-2015\/islamofobia-si-argument-ne-ndihme-te-masakres-se-parkut-te-namazgjase\/","og_site_name":"FjALA e LIR\u00cb - Arkivi","article_published_time":"2013-06-29T14:28:30+00:00","og_image":[{"url":"http:\/\/www.fjala.info\/2013\/xhamia_4_minare.jpg","type":"","width":"","height":""}],"author":"admin","twitter_card":"summary_large_image","twitter_misc":{"Written by":"admin","Est. reading time":"6 minutes"},"schema":{"@context":"https:\/\/schema.org","@graph":[{"@type":"Article","@id":"https:\/\/fjala.info\/2009-2015\/islamofobia-si-argument-ne-ndihme-te-masakres-se-parkut-te-namazgjase\/#article","isPartOf":{"@id":"https:\/\/fjala.info\/2009-2015\/islamofobia-si-argument-ne-ndihme-te-masakres-se-parkut-te-namazgjase\/"},"author":{"name":"admin","@id":"https:\/\/fjala.info\/2009-2015\/#\/schema\/person\/3aa1163ef05469c496fc94e77611ada2"},"headline":"&#8220;Islamofobia&#8221; si argument n\u00eb ndihm\u00eb t\u00eb masakr\u00ebs s\u00eb Parkut t\u00eb Namazgjas\u00eb","datePublished":"2013-06-29T14:28:30+00:00","mainEntityOfPage":{"@id":"https:\/\/fjala.info\/2009-2015\/islamofobia-si-argument-ne-ndihme-te-masakres-se-parkut-te-namazgjase\/"},"wordCount":1185,"commentCount":0,"publisher":{"@id":"https:\/\/fjala.info\/2009-2015\/#organization"},"image":{"@id":"https:\/\/fjala.info\/2009-2015\/islamofobia-si-argument-ne-ndihme-te-masakres-se-parkut-te-namazgjase\/#primaryimage"},"thumbnailUrl":"http:\/\/www.fjala.info\/2013\/xhamia_4_minare.jpg","articleSection":["Artikuj"],"inLanguage":"sq-AL","potentialAction":[{"@type":"CommentAction","name":"Comment","target":["https:\/\/fjala.info\/2009-2015\/islamofobia-si-argument-ne-ndihme-te-masakres-se-parkut-te-namazgjase\/#respond"]}]},{"@type":"WebPage","@id":"https:\/\/fjala.info\/2009-2015\/islamofobia-si-argument-ne-ndihme-te-masakres-se-parkut-te-namazgjase\/","url":"https:\/\/fjala.info\/2009-2015\/islamofobia-si-argument-ne-ndihme-te-masakres-se-parkut-te-namazgjase\/","name":"\"Islamofobia\" si argument n\u00eb ndihm\u00eb t\u00eb masakr\u00ebs s\u00eb Parkut t\u00eb Namazgjas\u00eb - FjALA e LIR\u00cb - Arkivi","isPartOf":{"@id":"https:\/\/fjala.info\/2009-2015\/#website"},"primaryImageOfPage":{"@id":"https:\/\/fjala.info\/2009-2015\/islamofobia-si-argument-ne-ndihme-te-masakres-se-parkut-te-namazgjase\/#primaryimage"},"image":{"@id":"https:\/\/fjala.info\/2009-2015\/islamofobia-si-argument-ne-ndihme-te-masakres-se-parkut-te-namazgjase\/#primaryimage"},"thumbnailUrl":"http:\/\/www.fjala.info\/2013\/xhamia_4_minare.jpg","datePublished":"2013-06-29T14:28:30+00:00","breadcrumb":{"@id":"https:\/\/fjala.info\/2009-2015\/islamofobia-si-argument-ne-ndihme-te-masakres-se-parkut-te-namazgjase\/#breadcrumb"},"inLanguage":"sq-AL","potentialAction":[{"@type":"ReadAction","target":["https:\/\/fjala.info\/2009-2015\/islamofobia-si-argument-ne-ndihme-te-masakres-se-parkut-te-namazgjase\/"]}]},{"@type":"ImageObject","inLanguage":"sq-AL","@id":"https:\/\/fjala.info\/2009-2015\/islamofobia-si-argument-ne-ndihme-te-masakres-se-parkut-te-namazgjase\/#primaryimage","url":"http:\/\/www.fjala.info\/2013\/xhamia_4_minare.jpg","contentUrl":"http:\/\/www.fjala.info\/2013\/xhamia_4_minare.jpg"},{"@type":"BreadcrumbList","@id":"https:\/\/fjala.info\/2009-2015\/islamofobia-si-argument-ne-ndihme-te-masakres-se-parkut-te-namazgjase\/#breadcrumb","itemListElement":[{"@type":"ListItem","position":1,"name":"Home","item":"https:\/\/fjala.info\/2009-2015\/"},{"@type":"ListItem","position":2,"name":"&#8220;Islamofobia&#8221; si argument n\u00eb ndihm\u00eb t\u00eb masakr\u00ebs s\u00eb Parkut t\u00eb Namazgjas\u00eb"}]},{"@type":"WebSite","@id":"https:\/\/fjala.info\/2009-2015\/#website","url":"https:\/\/fjala.info\/2009-2015\/","name":"FjALA e LIR\u00cb - Arkivi","description":"Arkivi 2009-2015","publisher":{"@id":"https:\/\/fjala.info\/2009-2015\/#organization"},"potentialAction":[{"@type":"SearchAction","target":{"@type":"EntryPoint","urlTemplate":"https:\/\/fjala.info\/2009-2015\/?s={search_term_string}"},"query-input":{"@type":"PropertyValueSpecification","valueRequired":true,"valueName":"search_term_string"}}],"inLanguage":"sq-AL"},{"@type":"Organization","@id":"https:\/\/fjala.info\/2009-2015\/#organization","name":"FjALA e LIR\u00cb - Arkivi","url":"https:\/\/fjala.info\/2009-2015\/","logo":{"@type":"ImageObject","inLanguage":"sq-AL","@id":"https:\/\/fjala.info\/2009-2015\/#\/schema\/logo\/image\/","url":"","contentUrl":"","caption":"FjALA e LIR\u00cb - Arkivi"},"image":{"@id":"https:\/\/fjala.info\/2009-2015\/#\/schema\/logo\/image\/"}},{"@type":"Person","@id":"https:\/\/fjala.info\/2009-2015\/#\/schema\/person\/3aa1163ef05469c496fc94e77611ada2","name":"admin","image":{"@type":"ImageObject","inLanguage":"sq-AL","@id":"https:\/\/fjala.info\/2009-2015\/wp-content\/uploads\/2012\/02\/arben_cokaj-120x150.jpg","url":"https:\/\/fjala.info\/2009-2015\/wp-content\/uploads\/2012\/02\/arben_cokaj-120x150.jpg","contentUrl":"https:\/\/fjala.info\/2009-2015\/wp-content\/uploads\/2012\/02\/arben_cokaj-120x150.jpg","caption":"admin"},"description":"Admin, Fjala e Lir\u00eb","sameAs":["https:\/\/fjala.info\/"],"url":"https:\/\/fjala.info\/2009-2015\/author\/admin\/"}]}},"_links":{"self":[{"href":"https:\/\/fjala.info\/2009-2015\/wp-json\/wp\/v2\/posts\/12901","targetHints":{"allow":["GET"]}}],"collection":[{"href":"https:\/\/fjala.info\/2009-2015\/wp-json\/wp\/v2\/posts"}],"about":[{"href":"https:\/\/fjala.info\/2009-2015\/wp-json\/wp\/v2\/types\/post"}],"author":[{"embeddable":true,"href":"https:\/\/fjala.info\/2009-2015\/wp-json\/wp\/v2\/users\/1"}],"replies":[{"embeddable":true,"href":"https:\/\/fjala.info\/2009-2015\/wp-json\/wp\/v2\/comments?post=12901"}],"version-history":[{"count":0,"href":"https:\/\/fjala.info\/2009-2015\/wp-json\/wp\/v2\/posts\/12901\/revisions"}],"wp:attachment":[{"href":"https:\/\/fjala.info\/2009-2015\/wp-json\/wp\/v2\/media?parent=12901"}],"wp:term":[{"taxonomy":"category","embeddable":true,"href":"https:\/\/fjala.info\/2009-2015\/wp-json\/wp\/v2\/categories?post=12901"},{"taxonomy":"post_tag","embeddable":true,"href":"https:\/\/fjala.info\/2009-2015\/wp-json\/wp\/v2\/tags?post=12901"}],"curies":[{"name":"wp","href":"https:\/\/api.w.org\/{rel}","templated":true}]}}