{"id":12900,"date":"2013-06-29T14:50:50","date_gmt":"2013-06-29T13:50:50","guid":{"rendered":"http:\/\/fjala.info\/?p=3432"},"modified":"2013-06-29T14:50:50","modified_gmt":"2013-06-29T13:50:50","slug":"kujtimet-e-kofi-annanit-si-shpetoi-kosova-nga-shfarosja","status":"publish","type":"post","link":"https:\/\/fjala.info\/2009-2015\/kujtimet-e-kofi-annanit-si-shpetoi-kosova-nga-shfarosja\/","title":{"rendered":"Kujtimet e Kofi Annanit: Si shp\u00ebtoi Kosova nga shfarosja?"},"content":{"rendered":"<p><img decoding=\"async\" class=\"alignleft size-thumbnail wp-image-7236\" title=\"Enver Robelli\" alt=\"\" src=\"http:\/\/www.fjala.info\/2012\/enver_robelli.jpg\" width=\"150\" \/> <strong>Enver Robelli<\/strong>, <em>29 Qershor 2013<\/em><\/p>\n<p><em>N\u00eb kujtimet e tij t\u00eb sapobotuara ish-sekretari i p\u00ebrgjithsh\u00ebm i Organizat\u00ebs s\u00eb Kombeve t\u00eb Bashkuara, Kofi Annan, zbulon shum\u00eb detaje mbi betej\u00ebn diplomatike q\u00eb u zhvillua mes OKB-s\u00eb, SHBA-s\u00eb dhe Rusis\u00eb gjat\u00eb konfliktit t\u00eb p\u00ebrgjaksh\u00ebm n\u00eb Kosov\u00eb n\u00eb vitet 1998-99<\/em><\/p>\n<p>Adhuruesit e tij nuk jan\u00eb t\u00eb pakt\u00eb. Ata mendojn\u00eb se Kofi Annan e ka p\u00ebrfaq\u00ebsuar Organizat\u00ebn e Kombeve t\u00eb Bashkuara n\u00eb m\u00ebnyr\u00eb dinjitoze, me vokabular t\u00eb matur diplomatik dhe me talent p\u00ebr balancim t\u00eb interesave politike t\u00eb shteteve an\u00ebtare t\u00eb OKB-s\u00eb. Me z\u00ebrin e tij t\u00eb prajsh\u00ebm, mendimet e formuluara me fjal\u00eb t\u00eb zgjedhura, me veshjen pothuaj aristokrate, diplomati nga Gana ka arritur t\u00eb fitoj\u00eb prestigj n\u00eb aren\u00ebn nd\u00ebrkomb\u00ebtare. Edhe pas largimit nga posti i sekretarit t\u00eb p\u00ebrgjithsh\u00ebm t\u00eb OKB-s\u00eb, Annan mbetet nj\u00eb bashk\u00ebbisedues dhe referues shum\u00eb i k\u00ebrkuar nga institutet e ndryshme, qendrat analitike, katedrat universitare.<\/p>\n<p>N\u00eb an\u00ebn tjet\u00ebr nuk \u00ebsht\u00eb i vog\u00ebl as numri i kritik\u00ebve t\u00eb Kofi Annanit. Ata e akuzojn\u00eb p\u00ebr shum\u00eb d\u00ebshtime, duke filluar nga pasiviteti i OKB-s\u00eb n\u00eb luft\u00ebn e Bosnj\u00ebs (dhe n\u00eb k\u00ebt\u00eb kontekst p\u00ebrmendet sidomos tragjedia e Srebrenic\u00ebs, p\u00ebr t\u00eb cil\u00ebn Annan m\u00eb 1999 ka k\u00ebrkuar falje), mosintervenimi n\u00eb Ruand\u00eb, p\u00ebr t\u00eb cilin ka qen\u00eb p\u00ebrgjegj\u00ebs Annan si n\u00ebnsekretar i OKB-s\u00eb, pastaj skandalet e korrupsionit n\u00eb OKB, n\u00eb t\u00eb cilat me gjas\u00eb ishte i p\u00ebrzier edhe i biri i tij, mostrajtimi adekuat nga OKB i temave t\u00eb r\u00ebnd\u00ebsishme, si\u00e7 jan\u00eb sh\u00ebndet\u00ebsia, arsimi, varf\u00ebria n\u00eb bot\u00eb.<\/p>\n<p>\u201c<strong>Nj\u00eb jet\u00eb n\u00eb luft\u00eb dhe paqe<\/strong>\u201d<br \/>\nP\u00ebrball\u00eb k\u00ebsaj biografie dhe karriere mbres\u00ebl\u00ebn\u00ebse n\u00eb politik\u00ebn nd\u00ebrkomb\u00ebtare \u00ebsht\u00eb e qart\u00eb se \u00e7do lib\u00ebr i Kofi Annanit pritet me interesim. Aq m\u00eb tep\u00ebr kur b\u00ebhet fjal\u00eb p\u00ebr kujtimet e tij, t\u00eb cilat jan\u00eb botuar para disa muajsh dhe n\u00ebp\u00ebrmjet t\u00eb cilave ai i b\u00ebn nj\u00eb bilanc pun\u00ebs s\u00eb tij prej diplomatit t\u00eb thjesht\u00eb t\u00eb OKB-s\u00eb deri te posti m\u00eb i lart\u00eb i saj: sekretar i p\u00ebrgjithsh\u00ebm. Kujtimet mbajn\u00eb titullin: \u201cNj\u00eb jet\u00eb n\u00eb luft\u00eb dhe paqe\u201d dhe n\u00eb gjermanisht jan\u00eb botuar nga sht\u00ebpia DVA.<\/p>\n<p>P\u00ebr opinionin kosovar me interes t\u00eb ve\u00e7ant\u00eb jan\u00eb kujtimet e Kofi Annanit mbi periudh\u00ebn dramatike t\u00eb luft\u00ebs s\u00eb Kosov\u00ebs. Pas leximit t\u00eb tyre s\u00ebrish b\u00ebhet e qart\u00eb se Kosova \u00ebsht\u00eb \u00e7liruar, sepse pothuaj t\u00eb gjitha rast\u00ebsit\u00eb kan\u00eb qen\u00eb n\u00eb favor t\u00eb saj. N\u00eb prag t\u00eb intervenimit t\u00eb NATO-s kund\u00ebr Serbis\u00eb n\u00eb Lond\u00ebr qeveriste Tony Blair, nj\u00eb politikan energjik dhe i gatsh\u00ebm p\u00ebr t\u2019i mbrojtur t\u00eb drejtat e njeriut. N\u00eb Berlin minist\u00ebr i Jasht\u00ebm ishte Joschka Fischer, i cili karrier\u00ebn e tij politike e kishte filluar, mes tjerash, edhe si aktivist n\u00eb mb\u00ebshtetje t\u00eb popujve t\u00eb shtypur. N\u00eb Washington presidenti Bill Clinton ishte i rrethuar me nj\u00eb grup bashk\u00ebpun\u00ebtor\u00ebsh t\u00eb prir\u00eb nga ish-ambasadorja amerikane n\u00eb OKB dhe ministrja e Jashtme, Madeleine Albright, e cila duke qen\u00eb e lindur n\u00eb Prag\u00eb n\u00eb nj\u00eb familje hebraike ishte gjithsesi e sensibilizuar me tem\u00ebn e krimeve t\u00eb luft\u00ebs.<\/p>\n<p>N\u00eb kujtimet e tij Annan shkruan se p\u00ebr OKB-n\u00eb, NATO-n, Evrop\u00ebn dhe SHBA-n\u00eb kriza n\u00eb Kosov\u00eb ishte di\u00e7ka e njohur dhe dorasi po ashtu ishte i njohur: Slobodan Milosheviqi. Megjithat\u00eb, intervenimi n\u00eb Kosov\u00eb nuk do t\u00eb kishte ndodhur aq shpejt sikur politikan\u00ebt per\u00ebndimor\u00eb t\u00eb mos kishin pasur parasysh krimet e m\u00ebdha n\u00eb Bosnj\u00eb t\u00eb shkaktuara kryesisht nga trupat serbe. Kjo b\u00ebhet e qart\u00eb gjat\u00eb leximit t\u00eb kujtimeve t\u00eb ish-shefit t\u00eb OKB-s\u00eb. Annan n\u00ebnvizon se atmosfera ishte e till\u00eb q\u00eb bashk\u00ebsia nd\u00ebrkomb\u00ebtare k\u00ebsaj radhe nuk ishte e gatshme t\u00eb q\u00ebndronte pasive derisa Milosheviqi po b\u00ebhej gati t\u00eb p\u00ebrs\u00ebriste krimet edhe n\u00eb Kosov\u00eb \u2013 si n\u00eb Bosnj\u00eb m\u00eb par\u00eb. Ndon\u00ebse n\u00eb pjes\u00ebn m\u00eb t\u00eb madhe t\u00eb sh\u00ebnimeve t\u00eb tij Annan kultivon nj\u00eb gjuh\u00eb diplomatike, megjithat\u00eb fjal\u00ebt q\u00eb i rezervon p\u00ebr Milosheviqin jan\u00eb m\u00eb shum\u00eb se t\u00eb qarta: e quan \u201cmanipulues mjesht\u00ebror\u201d dhe \u201cekspert\u201d p\u00ebr \u201ct\u00eb krijuar p\u00ebrshtypjen e rrejshme t\u00eb bashk\u00ebpunimit derisa n\u00eb realitet p\u00ebrdor dhun\u00eb brutale p\u00ebr aq sa kjo i lejohet\u201d.<\/p>\n<p><strong>N\u00eb an\u00ebn e viktimave civile<\/strong><br \/>\nAnnan shpjegon se n\u00eb ver\u00ebn e vitit 1998 kishte vendosur q\u00eb Kombet e Bashkuara t\u00eb pozicionohen qart\u00eb n\u00eb an\u00ebn e viktimave t\u00eb agresionit dhe t\u00eb mos i jepej kurrfar\u00eb legjitimiteti propagand\u00ebs s\u00eb Beogradit. N\u00eb ver\u00ebn e vitit 1998 qendrat e rezistenc\u00ebs t\u00eb asaj q\u00eb quhej \u201cUshtria \u00c7lirimtare e Kosov\u00ebs\u201d u shkat\u00ebrruan si kulla prej letre p\u00ebrball\u00eb fushat\u00ebs serbe, e cila s\u2019kursente as popullsin\u00eb civile. Aksionet e \u201cU\u00c7K-s\u00eb\u201d kund\u00ebr forcave serbe zhvilloheshin sipas taktik\u00ebs \u201csulmo dhe ik\u201d \u2013 k\u00ebshtu jo rrall\u00eb popullsia civile lihej n\u00ebn m\u00ebshir\u00ebn e trupave serbe. Q\u00ebndrimi i Annanit n\u00eb mb\u00ebshtetje t\u00eb viktimave nuk kaloi pa debate.<\/p>\n<p>Mes k\u00ebshilltar\u00ebve t\u00eb tij pati mospajtime t\u00eb m\u00ebdha: nj\u00eb grup e mb\u00ebshteste n\u00eb angazhimin e tij q\u00eb OKB t\u00eb mbroj\u00eb jo vet\u00ebm t\u00eb drejtat e shteteve (sovranitetin!), por edhe t\u00eb drejtat e individit. Tani sekretari i p\u00ebrgjithsh\u00ebm nuk e p\u00ebrjashtonte m\u00eb p\u00ebrdorimin e forc\u00ebs p\u00ebr t\u2019i dh\u00ebn\u00eb fund represionit masiv t\u00eb Beogradit n\u00eb Kosov\u00eb. \u201cK\u00ebt\u00eb q\u00ebndrim un\u00eb e b\u00ebra t\u00eb qart\u00eb qysh her\u00ebt, n\u00eb nj\u00eb konferenc\u00eb t\u00eb NATO-s n\u00eb qershor 1998, n\u00eb t\u00eb cil\u00ebn u diskutua p\u00ebr Bosnj\u00ebn si test p\u00ebr sigurin\u00eb kolektive n\u00eb shekullin e ardhsh\u00ebm. Tradicionalisht sekretari i p\u00ebrgjithsh\u00ebm i OKB-s\u00eb n\u00eb takimet e aleancave ushtarake merr pjes\u00eb p\u00ebr t\u2019u angazhuar \u2013 para t\u00eb gjitha vlerave t\u00eb tjera \u2013 p\u00ebr zgjidhjen paq\u00ebsore t\u00eb mosmarr\u00ebveshjeve.<\/p>\n<p>Me k\u00ebt\u00eb rast un\u00eb n\u00eb fakt insistova p\u00ebr p\u00ebrpjekje m\u00eb t\u00eb m\u00ebdha diplomatike, por k\u00ebto do t\u00eb duhej t\u00eb b\u00ebheshin para nj\u00eb sfondi me k\u00ebrc\u00ebnim t\u00eb besuesh\u00ebm t\u00eb forc\u00ebs\u201d, shkruan ai. Annan q\u00eb at\u00ebher\u00eb kishte paralajm\u00ebruar se s\u2019mund t\u00eb kishte befasi sa i p\u00ebrket mjeteve t\u00eb p\u00ebrdorura dhe q\u00ebllimeve t\u00eb synuara. N\u00eb fund t\u00eb fjalimit ai hapur dhe si asnj\u00ebher\u00eb m\u00eb par\u00eb kishte k\u00ebrkuar drejtp\u00ebrdrejt p\u00ebrdorimin e forc\u00ebs: \u201cNe n\u00eb m\u00ebnyr\u00eb t\u00eb tmerrshme do t\u00eb tallemi me t\u00eb gjitha deklarimet tona t\u00eb keqardhjes, me t\u00eb gjitha garancit\u00eb p\u00ebr vendosm\u00ebrin\u00eb ton\u00eb q\u00eb t\u00eb mos lejojm\u00eb nj\u00eb Bosnj\u00eb t\u00eb dyt\u00eb, me t\u00eb gjitha shpresat p\u00ebr nj\u00eb t\u00eb ardhme paq\u00ebsore t\u00eb Ballkanit n\u00ebse lejojm\u00eb q\u00eb Kosova t\u00eb b\u00ebhet nj\u00eb fush\u00eb tjet\u00ebr me kufoma\u201d.<\/p>\n<p>Po n\u00eb qershor t\u00eb vitit 1998 Annan mori pjes\u00eb n\u00eb nj\u00eb konferenc\u00eb n\u00eb Britanin\u00eb e Madhe t\u00eb organizuar nga \u201cDitchley Foundation\u201d, ku jo vet\u00ebm apeloi p\u00ebr intervenim, por edhe p\u00ebrmendi tre shembuj nga Lufta e Ftoht\u00eb, kur OKB s\u2019kishte mundur t\u00eb intervenonte p\u00ebr shkak t\u00eb p\u00ebr\u00e7arjes s\u00eb K\u00ebshillit t\u00eb Sigurimit, por k\u00ebt\u00eb e kishin b\u00ebr\u00eb shtetet fqinje. N\u00eb vitin 1971 India kishte nd\u00ebrhyr\u00eb n\u00eb luft\u00ebn civile n\u00eb Pakistanin lindor dhe k\u00ebshtu i kishte ndihmuar Bangladeshit t\u00eb b\u00ebhet i pavarur. M\u00eb 1978 Vietnami kishte intervenuar n\u00eb Kamboxhia p\u00ebr t\u2019i dh\u00ebn\u00eb fund sundimit shfaros\u00ebs t\u00eb kmer\u00ebve t\u00eb kuq. M\u00eb 1979 Tanzania kishte intervenuar n\u00eb Ugand\u00eb dhe kishte rr\u00ebzuar regjimin e diktatorit Idi Amin. Annan kishte shprehur mendimin se ajo q\u00eb e kishte arsyetuar veprimin e k\u00ebtyre shteteve n\u00eb syt\u00eb e bot\u00ebs kishte qen\u00eb karakteri i regjimeve, kund\u00ebr t\u00eb cilave nd\u00ebrhyn\u00eb. Ndon\u00ebse s\u2019e kishte th\u00ebn\u00eb, nga fjalimi vet\u00ebkuptohej se Annan tani po favorizonte nj\u00eb intervenim t\u00eb till\u00eb kund\u00ebr Serbis\u00eb \u2013 vet\u00ebm se k\u00ebsaj radhe nga NATO-ja, jo nga shtetet fqinje t\u00eb Serbis\u00eb.<\/p>\n<p>\u201c<strong>P\u00ebrdorimi legjitim i forc\u00ebs<\/strong>\u201d<br \/>\nIsh-sekretari i OKB-s\u00eb tregon se n\u00eb raportet e tij drejtuar K\u00ebshillit t\u00eb Sigurimit kishte t\u00ebrhequr v\u00ebmendjen n\u00eb p\u00ebrshkall\u00ebzimin e dhun\u00ebs n\u00eb Kosov\u00eb, nd\u00ebrkoh\u00eb q\u00eb ministri i Jasht\u00ebm i Jugosllavis\u00eb s\u00eb cunguar n\u00eb nj\u00eb let\u00ebr d\u00ebrguar Annanit kishte n\u00ebnvizuar: \u201cN\u00eb Kosov\u00eb mbret\u00ebron paqe\u201d. T\u00eb nj\u00ebjtat fjal\u00eb i kishte p\u00ebrs\u00ebritur edhe Milosheviqi gjat\u00eb nj\u00eb telefonate me Annanin p\u00ebr t\u00eb shtuar se n\u00eb Kosov\u00eb ekzistonin probleme \u201cvet\u00ebm me shqiptar\u00eb\u201d. Pjesa m\u00eb interesante e kujtimeve, nd\u00ebrkaq, ka t\u00eb b\u00ebj\u00eb me periudh\u00ebn e bombardimeve t\u00eb NATO-s dhe p\u00ebrpjekjet diplomatike q\u00eb b\u00ebheshin n\u00eb prapavij\u00eb p\u00ebr t\u00eb gjetur nj\u00eb zgjidhje. Pozicioni i Annanit ishte delikat: nga nj\u00ebra an\u00eb mb\u00ebshteste nd\u00ebrhyrjen e bashk\u00ebsis\u00eb nd\u00ebrkomb\u00ebtare p\u00ebr t\u00eb shp\u00ebtuar civil\u00ebt n\u00eb Kosov\u00eb, nga ana tjet\u00ebr ai duhej t\u00eb mbronte parimin se \u00e7do aksion kund\u00ebr nj\u00eb shteti duhej t\u00eb autorizohej nga K\u00ebshilli i Sigurimit i OKB-s\u00eb.<\/p>\n<p>Me k\u00ebt\u00eb q\u00ebndrim s\u2019ishte pajtuar ministrja e Jashtme amerikane, Madeleine Albright. \u201cSikur ne t\u00eb kishim votuar p\u00ebr k\u00ebt\u00eb n\u00eb K\u00ebshillin e Sigurimit, rus\u00ebt do t\u00eb kishin v\u00ebn\u00eb veton dhe njer\u00ebzit do t\u00eb vdisnin m\u00eb tutje\u201d, kishte th\u00ebn\u00eb kryediplomatja amerikane. Annan shkruan: \u201cUn\u00eb nuk thash\u00eb gj\u00eb, por pajtohesha me k\u00ebt\u00eb\u201d. N\u00eb deklarat\u00ebn e par\u00eb me rastin e fillimit t\u00eb bombardimeve sekretari i p\u00ebrgjithsh\u00ebm i OKB-s\u00eb kishte theksuar: \u201cShpreh keqardhjen e thell\u00eb q\u00eb qeveria jugosllave p\u00ebrkund\u00ebr p\u00ebrpjekjeve t\u00eb nd\u00ebrmarra nga bashk\u00ebsia nd\u00ebrkomb\u00ebtare ka refuzuar nj\u00eb marr\u00ebveshje politike, e cila do t\u2019i kishte dh\u00ebn\u00eb fund gjakderdhjes dhe do t\u00eb kishte siguruar paqen p\u00ebr popullsin\u00eb e atjeshme.<\/p>\n<p>N\u00eb fakt \u00ebsht\u00eb tragjike q\u00eb ka d\u00ebshtuar diplomacia, por ekzistojn\u00eb koh\u00ebra kur p\u00ebrdorimi i forc\u00ebs gjat\u00eb synimit t\u00eb paqes mund t\u00eb jet\u00eb legjitim\u201d. Annan thot\u00eb se n\u00eb versionin e par\u00eb t\u00eb deklarat\u00ebs, t\u00eb shkruar nga k\u00ebshilltar\u00ebt e tij, ishte v\u00ebn\u00eb theksi sidomos te p\u00ebrgjegj\u00ebsia e K\u00ebshillit t\u00eb Sigurimit p\u00ebr ruajtjen e paqes dhe siguris\u00eb. Me insistimin e Annanit deklarata ishte ndryshuar, duke i dh\u00ebn\u00eb legjitimitet nd\u00ebrhyrjes s\u00eb NATO-s. Nj\u00eb dit\u00eb pas fillimit t\u00eb bombardimeve gazeta \u201cNew York Times\u201d kishte v\u00ebn\u00eb k\u00ebt\u00eb titull mbi nj\u00eb artikull t\u00eb saj: \u201cSekretari i p\u00ebrgjithsh\u00ebm i OKB-s\u00eb miraton indirekt sulmet ajrore\u201d.<\/p>\n<p>Tollovia me nd\u00ebrmjet\u00ebsues<br \/>\nSi shum\u00eb v\u00ebzhgues dhe protagonist\u00eb politik\u00eb edhe Annan tregon se NATO-ja dhe diplomacia per\u00ebndimore kishin b\u00ebr\u00eb nj\u00eb kalkulim tejet t\u00eb gabuar, duke shpresuar se do t\u00eb mjaftonin pak bomba nga ajri dhe Milosheviqi brenda pak dit\u00ebve do t\u00eb val\u00ebviste flamurin e bardh\u00eb, do t\u00eb firmoste nj\u00eb marr\u00ebveshje p\u00ebr paqe dhe gjith\u00e7ka do t\u00eb ishte n\u00eb rregull. \u201cN\u00eb fillim t\u00eb intervenimit (sekretari i p\u00ebrgjithsh\u00ebm i NATO-s Javier) Solana m\u00eb kishte th\u00ebn\u00eb se sulmet ajrore t\u00eb NATO-s jan\u00eb \u00e7\u00ebshtje e tri, kat\u00ebr dit\u00ebve, pastaj kjo pun\u00eb merr fund\u201d, njofton Annan.<\/p>\n<p>Me vazhdimin e luft\u00ebs po shtohej edhe nervozizmi dhe pasiguria mes disa burr\u00ebshtetasve per\u00ebndimor\u00eb. Mes tyre Annan i p\u00ebrmend presidentin francez Jacques Chirac dhe kancelarin gjerman Gerhard Schr\u00f6der, i cili kishte ardhur n\u00eb pushtet pak muaj m\u00eb par\u00eb dhe nuk kishte ndonj\u00eb p\u00ebrvoj\u00eb n\u00eb politik\u00ebn nd\u00ebrkomb\u00ebtare. Ai po ashtu ballafaqohej me nj\u00eb fraksion me shum\u00eb ndikim brenda partis\u00eb s\u00eb tij socialdemokrate t\u00eb prir\u00eb nga ish-kencalari Helmut Schmidt, i cili ishte skeptik sa i p\u00ebrket nd\u00ebrhyrjes kund\u00ebr Jugosllavis\u00eb. N\u00eb k\u00ebt\u00eb situat\u00eb Annan vendosi t\u00eb em\u00ebroj\u00eb dy nd\u00ebrmjet\u00ebs t\u00eb OKB-s\u00eb: sllovakun Eduard Kukan dhe suedezin Carl Bildt. Kund\u00ebr k\u00ebtyre em\u00ebrimeve ishte shprehur qart\u00eb Madeleine Albright. N\u00eb mes t\u00eb k\u00ebtyre debateve Annan kishte pranuar nj\u00eb telefonat\u00eb nga Henry Kissinger, dhelpra e mo\u00e7me e politik\u00ebs s\u00eb jashtme amerikane dhe nj\u00eb personalitet me ndikim t\u00eb madh n\u00eb debatet p\u00ebr politik\u00ebn e jashtme t\u00eb Washingtonit. Kissinger kishte shprehur habin\u00eb q\u00eb qeveria e SHBA-s\u00eb kishte refuzuar em\u00ebrimin e Carl Bildtit, i cili, sipas tij, ishte kandidati m\u00eb i p\u00ebrshtatsh\u00ebm.<\/p>\n<p>Duket se n\u00eb administrat\u00ebn e presidentit Clinton suedezi Bildt mbahej n\u00eb mend p\u00ebr af\u00ebrsin\u00eb e tij problematike me Beogradin dhe serb\u00ebt e Bosnj\u00ebs gjat\u00eb dhe pas luft\u00ebs n\u00eb Bosnj\u00eb, ku ai p\u00ebr nj\u00eb koh\u00eb ishte edhe p\u00ebrfaq\u00ebsues i lart\u00eb i bashk\u00ebsis\u00eb nd\u00ebrkomb\u00ebtare. P\u00ebr t\u00eb penguar synimet e Annanit q\u00eb bashk\u00ebsis\u00eb nd\u00ebrkomb\u00ebtare t\u2019ia imponoj\u00eb dy nd\u00ebrmjet\u00ebsues mbase jo aq t\u00eb p\u00ebrshtatsh\u00ebm, Albright kishte nd\u00ebrruar strategjin\u00eb dhe i kishte k\u00ebrkuar Annanit q\u00eb emisar\u00eb p\u00ebr Kosov\u00ebn ta zgjidhte presidentin finlandez Martti Ahtisaari krahas politikanit rus Viktor \u00c7ernomyrdin.<\/p>\n<p>Nd\u00ebrkoh\u00eb Annan ishte njoftuar nga z\u00ebvend\u00ebsministri amerikan i pun\u00ebve t\u00eb jashtme Strobe Talbott se Washingtoni e kishte ndryshuar q\u00ebndrimin sa i p\u00ebrket em\u00ebrimit t\u00eb Bildtit \u2013 sipas Annanit kjo kishte ndodhur pas intervenimit t\u00eb Kissingerit. Por, Bildt e kishte diskualifikuar veten dhe e kishte konfirmuar skepticizmin amerikan, kur pas bombardimit t\u00eb Ambasad\u00ebs s\u00eb Kin\u00ebs n\u00eb Beograd nga NATO-ja publikisht kishte shtruar pyetjen se a thua \u00e7far\u00eb do t\u00eb kishte ndodhur sikur Kina t\u00eb kishte bombarduar Ambasad\u00ebn amerikane. Annan e kritikon k\u00ebt\u00eb deklarat\u00eb t\u00eb Bildtit dhe shkruan: \u201cPes\u00eb dit\u00eb m\u00eb von\u00eb un\u00eb i thash\u00eb Bildtit: \u2018As ju, as Kukan nuk do t\u00eb shkoni n\u00eb Beograd. Un\u00eb po ashtu nuk do t\u00eb k\u00ebrkoj dh\u00ebnien fund t\u00eb sulmeve ajrore\u201d.<\/p>\n<p>Pjesa tjet\u00ebr e rr\u00ebfimit dihet. Primatin p\u00ebr zgjidhjen e \u00e7\u00ebshtjes s\u00eb Kosov\u00ebs e mori Martti Ahtisaari \u2013 p\u00ebr ta \u00e7uar drejt pavar\u00ebsis\u00eb. \/<em>Koha Ditore<\/em>\/<\/p>\n","protected":false},"excerpt":{"rendered":"<p>Enver Robelli, 29 Qershor 2013 N\u00eb kujtimet e tij t\u00eb sapobotuara ish-sekretari i p\u00ebrgjithsh\u00ebm i Organizat\u00ebs s\u00eb Kombeve t\u00eb Bashkuara, Kofi Annan, zbulon shum\u00eb detaje mbi betej\u00ebn diplomatike q\u00eb u zhvillua mes OKB-s\u00eb, SHBA-s\u00eb dhe Rusis\u00eb gjat\u00eb konfliktit t\u00eb p\u00ebrgjaksh\u00ebm n\u00eb Kosov\u00eb n\u00eb vitet 1998-99 Adhuruesit e tij nuk jan\u00eb t\u00eb pakt\u00eb. Ata mendojn\u00eb se [&hellip;]<\/p>\n","protected":false},"author":1,"featured_media":0,"comment_status":"open","ping_status":"closed","sticky":false,"template":"","format":"standard","meta":{"footnotes":""},"categories":[2],"tags":[],"class_list":{"0":"post-12900","1":"post","2":"type-post","3":"status-publish","4":"format-standard","6":"category-artikuj"},"yoast_head":"<!-- This site is optimized with the Yoast SEO plugin v27.4 - https:\/\/yoast.com\/product\/yoast-seo-wordpress\/ -->\n<title>Kujtimet e Kofi Annanit: Si shp\u00ebtoi Kosova nga shfarosja? - FjALA e LIR\u00cb - Arkivi<\/title>\n<meta name=\"robots\" content=\"index, follow, max-snippet:-1, max-image-preview:large, max-video-preview:-1\" \/>\n<link rel=\"canonical\" href=\"https:\/\/fjala.info\/2009-2015\/kujtimet-e-kofi-annanit-si-shpetoi-kosova-nga-shfarosja\/\" \/>\n<meta property=\"og:locale\" content=\"sq_AL\" \/>\n<meta property=\"og:type\" content=\"article\" \/>\n<meta property=\"og:title\" content=\"Kujtimet e Kofi Annanit: Si shp\u00ebtoi Kosova nga shfarosja? - FjALA e LIR\u00cb - Arkivi\" \/>\n<meta property=\"og:description\" content=\"Enver Robelli, 29 Qershor 2013 N\u00eb kujtimet e tij t\u00eb sapobotuara ish-sekretari i p\u00ebrgjithsh\u00ebm i Organizat\u00ebs s\u00eb Kombeve t\u00eb Bashkuara, Kofi Annan, zbulon shum\u00eb detaje mbi betej\u00ebn diplomatike q\u00eb u zhvillua mes OKB-s\u00eb, SHBA-s\u00eb dhe Rusis\u00eb gjat\u00eb konfliktit t\u00eb p\u00ebrgjaksh\u00ebm n\u00eb Kosov\u00eb n\u00eb vitet 1998-99 Adhuruesit e tij nuk jan\u00eb t\u00eb pakt\u00eb. Ata mendojn\u00eb se [&hellip;]\" \/>\n<meta property=\"og:url\" content=\"https:\/\/fjala.info\/2009-2015\/kujtimet-e-kofi-annanit-si-shpetoi-kosova-nga-shfarosja\/\" \/>\n<meta property=\"og:site_name\" content=\"FjALA e LIR\u00cb - Arkivi\" \/>\n<meta property=\"article:published_time\" content=\"2013-06-29T13:50:50+00:00\" \/>\n<meta property=\"og:image\" content=\"http:\/\/www.fjala.info\/2012\/enver_robelli.jpg\" \/>\n<meta name=\"author\" content=\"admin\" \/>\n<meta name=\"twitter:card\" content=\"summary_large_image\" \/>\n<meta name=\"twitter:label1\" content=\"Written by\" \/>\n\t<meta name=\"twitter:data1\" content=\"admin\" \/>\n\t<meta name=\"twitter:label2\" content=\"Est. reading time\" \/>\n\t<meta name=\"twitter:data2\" content=\"12 minutes\" \/>\n<script type=\"application\/ld+json\" class=\"yoast-schema-graph\">{\"@context\":\"https:\\\/\\\/schema.org\",\"@graph\":[{\"@type\":\"Article\",\"@id\":\"https:\\\/\\\/fjala.info\\\/2009-2015\\\/kujtimet-e-kofi-annanit-si-shpetoi-kosova-nga-shfarosja\\\/#article\",\"isPartOf\":{\"@id\":\"https:\\\/\\\/fjala.info\\\/2009-2015\\\/kujtimet-e-kofi-annanit-si-shpetoi-kosova-nga-shfarosja\\\/\"},\"author\":{\"name\":\"admin\",\"@id\":\"https:\\\/\\\/fjala.info\\\/2009-2015\\\/#\\\/schema\\\/person\\\/3aa1163ef05469c496fc94e77611ada2\"},\"headline\":\"Kujtimet e Kofi Annanit: Si shp\u00ebtoi Kosova nga shfarosja?\",\"datePublished\":\"2013-06-29T13:50:50+00:00\",\"mainEntityOfPage\":{\"@id\":\"https:\\\/\\\/fjala.info\\\/2009-2015\\\/kujtimet-e-kofi-annanit-si-shpetoi-kosova-nga-shfarosja\\\/\"},\"wordCount\":2337,\"commentCount\":0,\"publisher\":{\"@id\":\"https:\\\/\\\/fjala.info\\\/2009-2015\\\/#organization\"},\"image\":{\"@id\":\"https:\\\/\\\/fjala.info\\\/2009-2015\\\/kujtimet-e-kofi-annanit-si-shpetoi-kosova-nga-shfarosja\\\/#primaryimage\"},\"thumbnailUrl\":\"http:\\\/\\\/www.fjala.info\\\/2012\\\/enver_robelli.jpg\",\"articleSection\":[\"Artikuj\"],\"inLanguage\":\"sq-AL\",\"potentialAction\":[{\"@type\":\"CommentAction\",\"name\":\"Comment\",\"target\":[\"https:\\\/\\\/fjala.info\\\/2009-2015\\\/kujtimet-e-kofi-annanit-si-shpetoi-kosova-nga-shfarosja\\\/#respond\"]}]},{\"@type\":\"WebPage\",\"@id\":\"https:\\\/\\\/fjala.info\\\/2009-2015\\\/kujtimet-e-kofi-annanit-si-shpetoi-kosova-nga-shfarosja\\\/\",\"url\":\"https:\\\/\\\/fjala.info\\\/2009-2015\\\/kujtimet-e-kofi-annanit-si-shpetoi-kosova-nga-shfarosja\\\/\",\"name\":\"Kujtimet e Kofi Annanit: Si shp\u00ebtoi Kosova nga shfarosja? - FjALA e LIR\u00cb - Arkivi\",\"isPartOf\":{\"@id\":\"https:\\\/\\\/fjala.info\\\/2009-2015\\\/#website\"},\"primaryImageOfPage\":{\"@id\":\"https:\\\/\\\/fjala.info\\\/2009-2015\\\/kujtimet-e-kofi-annanit-si-shpetoi-kosova-nga-shfarosja\\\/#primaryimage\"},\"image\":{\"@id\":\"https:\\\/\\\/fjala.info\\\/2009-2015\\\/kujtimet-e-kofi-annanit-si-shpetoi-kosova-nga-shfarosja\\\/#primaryimage\"},\"thumbnailUrl\":\"http:\\\/\\\/www.fjala.info\\\/2012\\\/enver_robelli.jpg\",\"datePublished\":\"2013-06-29T13:50:50+00:00\",\"breadcrumb\":{\"@id\":\"https:\\\/\\\/fjala.info\\\/2009-2015\\\/kujtimet-e-kofi-annanit-si-shpetoi-kosova-nga-shfarosja\\\/#breadcrumb\"},\"inLanguage\":\"sq-AL\",\"potentialAction\":[{\"@type\":\"ReadAction\",\"target\":[\"https:\\\/\\\/fjala.info\\\/2009-2015\\\/kujtimet-e-kofi-annanit-si-shpetoi-kosova-nga-shfarosja\\\/\"]}]},{\"@type\":\"ImageObject\",\"inLanguage\":\"sq-AL\",\"@id\":\"https:\\\/\\\/fjala.info\\\/2009-2015\\\/kujtimet-e-kofi-annanit-si-shpetoi-kosova-nga-shfarosja\\\/#primaryimage\",\"url\":\"http:\\\/\\\/www.fjala.info\\\/2012\\\/enver_robelli.jpg\",\"contentUrl\":\"http:\\\/\\\/www.fjala.info\\\/2012\\\/enver_robelli.jpg\"},{\"@type\":\"BreadcrumbList\",\"@id\":\"https:\\\/\\\/fjala.info\\\/2009-2015\\\/kujtimet-e-kofi-annanit-si-shpetoi-kosova-nga-shfarosja\\\/#breadcrumb\",\"itemListElement\":[{\"@type\":\"ListItem\",\"position\":1,\"name\":\"Home\",\"item\":\"https:\\\/\\\/fjala.info\\\/2009-2015\\\/\"},{\"@type\":\"ListItem\",\"position\":2,\"name\":\"Kujtimet e Kofi Annanit: Si shp\u00ebtoi Kosova nga shfarosja?\"}]},{\"@type\":\"WebSite\",\"@id\":\"https:\\\/\\\/fjala.info\\\/2009-2015\\\/#website\",\"url\":\"https:\\\/\\\/fjala.info\\\/2009-2015\\\/\",\"name\":\"FjALA e LIR\u00cb - Arkivi\",\"description\":\"Arkivi 2009-2015\",\"publisher\":{\"@id\":\"https:\\\/\\\/fjala.info\\\/2009-2015\\\/#organization\"},\"potentialAction\":[{\"@type\":\"SearchAction\",\"target\":{\"@type\":\"EntryPoint\",\"urlTemplate\":\"https:\\\/\\\/fjala.info\\\/2009-2015\\\/?s={search_term_string}\"},\"query-input\":{\"@type\":\"PropertyValueSpecification\",\"valueRequired\":true,\"valueName\":\"search_term_string\"}}],\"inLanguage\":\"sq-AL\"},{\"@type\":\"Organization\",\"@id\":\"https:\\\/\\\/fjala.info\\\/2009-2015\\\/#organization\",\"name\":\"FjALA e LIR\u00cb - Arkivi\",\"url\":\"https:\\\/\\\/fjala.info\\\/2009-2015\\\/\",\"logo\":{\"@type\":\"ImageObject\",\"inLanguage\":\"sq-AL\",\"@id\":\"https:\\\/\\\/fjala.info\\\/2009-2015\\\/#\\\/schema\\\/logo\\\/image\\\/\",\"url\":\"\",\"contentUrl\":\"\",\"caption\":\"FjALA e LIR\u00cb - Arkivi\"},\"image\":{\"@id\":\"https:\\\/\\\/fjala.info\\\/2009-2015\\\/#\\\/schema\\\/logo\\\/image\\\/\"}},{\"@type\":\"Person\",\"@id\":\"https:\\\/\\\/fjala.info\\\/2009-2015\\\/#\\\/schema\\\/person\\\/3aa1163ef05469c496fc94e77611ada2\",\"name\":\"admin\",\"image\":{\"@type\":\"ImageObject\",\"inLanguage\":\"sq-AL\",\"@id\":\"https:\\\/\\\/fjala.info\\\/2009-2015\\\/wp-content\\\/uploads\\\/2012\\\/02\\\/arben_cokaj-120x150.jpg\",\"url\":\"https:\\\/\\\/fjala.info\\\/2009-2015\\\/wp-content\\\/uploads\\\/2012\\\/02\\\/arben_cokaj-120x150.jpg\",\"contentUrl\":\"https:\\\/\\\/fjala.info\\\/2009-2015\\\/wp-content\\\/uploads\\\/2012\\\/02\\\/arben_cokaj-120x150.jpg\",\"caption\":\"admin\"},\"description\":\"Admin, Fjala e Lir\u00eb\",\"sameAs\":[\"https:\\\/\\\/fjala.info\\\/\"],\"url\":\"https:\\\/\\\/fjala.info\\\/2009-2015\\\/author\\\/admin\\\/\"}]}<\/script>\n<!-- \/ Yoast SEO plugin. -->","yoast_head_json":{"title":"Kujtimet e Kofi Annanit: Si shp\u00ebtoi Kosova nga shfarosja? - FjALA e LIR\u00cb - Arkivi","robots":{"index":"index","follow":"follow","max-snippet":"max-snippet:-1","max-image-preview":"max-image-preview:large","max-video-preview":"max-video-preview:-1"},"canonical":"https:\/\/fjala.info\/2009-2015\/kujtimet-e-kofi-annanit-si-shpetoi-kosova-nga-shfarosja\/","og_locale":"sq_AL","og_type":"article","og_title":"Kujtimet e Kofi Annanit: Si shp\u00ebtoi Kosova nga shfarosja? - FjALA e LIR\u00cb - Arkivi","og_description":"Enver Robelli, 29 Qershor 2013 N\u00eb kujtimet e tij t\u00eb sapobotuara ish-sekretari i p\u00ebrgjithsh\u00ebm i Organizat\u00ebs s\u00eb Kombeve t\u00eb Bashkuara, Kofi Annan, zbulon shum\u00eb detaje mbi betej\u00ebn diplomatike q\u00eb u zhvillua mes OKB-s\u00eb, SHBA-s\u00eb dhe Rusis\u00eb gjat\u00eb konfliktit t\u00eb p\u00ebrgjaksh\u00ebm n\u00eb Kosov\u00eb n\u00eb vitet 1998-99 Adhuruesit e tij nuk jan\u00eb t\u00eb pakt\u00eb. Ata mendojn\u00eb se [&hellip;]","og_url":"https:\/\/fjala.info\/2009-2015\/kujtimet-e-kofi-annanit-si-shpetoi-kosova-nga-shfarosja\/","og_site_name":"FjALA e LIR\u00cb - Arkivi","article_published_time":"2013-06-29T13:50:50+00:00","og_image":[{"url":"http:\/\/www.fjala.info\/2012\/enver_robelli.jpg","type":"","width":"","height":""}],"author":"admin","twitter_card":"summary_large_image","twitter_misc":{"Written by":"admin","Est. reading time":"12 minutes"},"schema":{"@context":"https:\/\/schema.org","@graph":[{"@type":"Article","@id":"https:\/\/fjala.info\/2009-2015\/kujtimet-e-kofi-annanit-si-shpetoi-kosova-nga-shfarosja\/#article","isPartOf":{"@id":"https:\/\/fjala.info\/2009-2015\/kujtimet-e-kofi-annanit-si-shpetoi-kosova-nga-shfarosja\/"},"author":{"name":"admin","@id":"https:\/\/fjala.info\/2009-2015\/#\/schema\/person\/3aa1163ef05469c496fc94e77611ada2"},"headline":"Kujtimet e Kofi Annanit: Si shp\u00ebtoi Kosova nga shfarosja?","datePublished":"2013-06-29T13:50:50+00:00","mainEntityOfPage":{"@id":"https:\/\/fjala.info\/2009-2015\/kujtimet-e-kofi-annanit-si-shpetoi-kosova-nga-shfarosja\/"},"wordCount":2337,"commentCount":0,"publisher":{"@id":"https:\/\/fjala.info\/2009-2015\/#organization"},"image":{"@id":"https:\/\/fjala.info\/2009-2015\/kujtimet-e-kofi-annanit-si-shpetoi-kosova-nga-shfarosja\/#primaryimage"},"thumbnailUrl":"http:\/\/www.fjala.info\/2012\/enver_robelli.jpg","articleSection":["Artikuj"],"inLanguage":"sq-AL","potentialAction":[{"@type":"CommentAction","name":"Comment","target":["https:\/\/fjala.info\/2009-2015\/kujtimet-e-kofi-annanit-si-shpetoi-kosova-nga-shfarosja\/#respond"]}]},{"@type":"WebPage","@id":"https:\/\/fjala.info\/2009-2015\/kujtimet-e-kofi-annanit-si-shpetoi-kosova-nga-shfarosja\/","url":"https:\/\/fjala.info\/2009-2015\/kujtimet-e-kofi-annanit-si-shpetoi-kosova-nga-shfarosja\/","name":"Kujtimet e Kofi Annanit: Si shp\u00ebtoi Kosova nga shfarosja? - FjALA e LIR\u00cb - Arkivi","isPartOf":{"@id":"https:\/\/fjala.info\/2009-2015\/#website"},"primaryImageOfPage":{"@id":"https:\/\/fjala.info\/2009-2015\/kujtimet-e-kofi-annanit-si-shpetoi-kosova-nga-shfarosja\/#primaryimage"},"image":{"@id":"https:\/\/fjala.info\/2009-2015\/kujtimet-e-kofi-annanit-si-shpetoi-kosova-nga-shfarosja\/#primaryimage"},"thumbnailUrl":"http:\/\/www.fjala.info\/2012\/enver_robelli.jpg","datePublished":"2013-06-29T13:50:50+00:00","breadcrumb":{"@id":"https:\/\/fjala.info\/2009-2015\/kujtimet-e-kofi-annanit-si-shpetoi-kosova-nga-shfarosja\/#breadcrumb"},"inLanguage":"sq-AL","potentialAction":[{"@type":"ReadAction","target":["https:\/\/fjala.info\/2009-2015\/kujtimet-e-kofi-annanit-si-shpetoi-kosova-nga-shfarosja\/"]}]},{"@type":"ImageObject","inLanguage":"sq-AL","@id":"https:\/\/fjala.info\/2009-2015\/kujtimet-e-kofi-annanit-si-shpetoi-kosova-nga-shfarosja\/#primaryimage","url":"http:\/\/www.fjala.info\/2012\/enver_robelli.jpg","contentUrl":"http:\/\/www.fjala.info\/2012\/enver_robelli.jpg"},{"@type":"BreadcrumbList","@id":"https:\/\/fjala.info\/2009-2015\/kujtimet-e-kofi-annanit-si-shpetoi-kosova-nga-shfarosja\/#breadcrumb","itemListElement":[{"@type":"ListItem","position":1,"name":"Home","item":"https:\/\/fjala.info\/2009-2015\/"},{"@type":"ListItem","position":2,"name":"Kujtimet e Kofi Annanit: Si shp\u00ebtoi Kosova nga shfarosja?"}]},{"@type":"WebSite","@id":"https:\/\/fjala.info\/2009-2015\/#website","url":"https:\/\/fjala.info\/2009-2015\/","name":"FjALA e LIR\u00cb - Arkivi","description":"Arkivi 2009-2015","publisher":{"@id":"https:\/\/fjala.info\/2009-2015\/#organization"},"potentialAction":[{"@type":"SearchAction","target":{"@type":"EntryPoint","urlTemplate":"https:\/\/fjala.info\/2009-2015\/?s={search_term_string}"},"query-input":{"@type":"PropertyValueSpecification","valueRequired":true,"valueName":"search_term_string"}}],"inLanguage":"sq-AL"},{"@type":"Organization","@id":"https:\/\/fjala.info\/2009-2015\/#organization","name":"FjALA e LIR\u00cb - Arkivi","url":"https:\/\/fjala.info\/2009-2015\/","logo":{"@type":"ImageObject","inLanguage":"sq-AL","@id":"https:\/\/fjala.info\/2009-2015\/#\/schema\/logo\/image\/","url":"","contentUrl":"","caption":"FjALA e LIR\u00cb - Arkivi"},"image":{"@id":"https:\/\/fjala.info\/2009-2015\/#\/schema\/logo\/image\/"}},{"@type":"Person","@id":"https:\/\/fjala.info\/2009-2015\/#\/schema\/person\/3aa1163ef05469c496fc94e77611ada2","name":"admin","image":{"@type":"ImageObject","inLanguage":"sq-AL","@id":"https:\/\/fjala.info\/2009-2015\/wp-content\/uploads\/2012\/02\/arben_cokaj-120x150.jpg","url":"https:\/\/fjala.info\/2009-2015\/wp-content\/uploads\/2012\/02\/arben_cokaj-120x150.jpg","contentUrl":"https:\/\/fjala.info\/2009-2015\/wp-content\/uploads\/2012\/02\/arben_cokaj-120x150.jpg","caption":"admin"},"description":"Admin, Fjala e Lir\u00eb","sameAs":["https:\/\/fjala.info\/"],"url":"https:\/\/fjala.info\/2009-2015\/author\/admin\/"}]}},"_links":{"self":[{"href":"https:\/\/fjala.info\/2009-2015\/wp-json\/wp\/v2\/posts\/12900","targetHints":{"allow":["GET"]}}],"collection":[{"href":"https:\/\/fjala.info\/2009-2015\/wp-json\/wp\/v2\/posts"}],"about":[{"href":"https:\/\/fjala.info\/2009-2015\/wp-json\/wp\/v2\/types\/post"}],"author":[{"embeddable":true,"href":"https:\/\/fjala.info\/2009-2015\/wp-json\/wp\/v2\/users\/1"}],"replies":[{"embeddable":true,"href":"https:\/\/fjala.info\/2009-2015\/wp-json\/wp\/v2\/comments?post=12900"}],"version-history":[{"count":0,"href":"https:\/\/fjala.info\/2009-2015\/wp-json\/wp\/v2\/posts\/12900\/revisions"}],"wp:attachment":[{"href":"https:\/\/fjala.info\/2009-2015\/wp-json\/wp\/v2\/media?parent=12900"}],"wp:term":[{"taxonomy":"category","embeddable":true,"href":"https:\/\/fjala.info\/2009-2015\/wp-json\/wp\/v2\/categories?post=12900"},{"taxonomy":"post_tag","embeddable":true,"href":"https:\/\/fjala.info\/2009-2015\/wp-json\/wp\/v2\/tags?post=12900"}],"curies":[{"name":"wp","href":"https:\/\/api.w.org\/{rel}","templated":true}]}}