{"id":12899,"date":"2013-06-29T07:46:27","date_gmt":"2013-06-29T06:46:27","guid":{"rendered":"http:\/\/fjala.info\/?p=3417"},"modified":"2013-06-29T07:46:27","modified_gmt":"2013-06-29T06:46:27","slug":"mbahu-neno-mos-ki-frike","status":"publish","type":"post","link":"https:\/\/fjala.info\/2009-2015\/mbahu-neno-mos-ki-frike\/","title":{"rendered":"Mbahu n\u00ebn\u2019o, mos ki frik\u00eb\u2026!"},"content":{"rendered":"<p><img decoding=\"async\" class=\"alignright size-thumbnail wp-image-7236\" title=\"Fahri Xharra\" alt=\"\" src=\"http:\/\/www.fjala.info\/2013\/fahri_xharra.jpg\" width=\"150\" \/> Nga <strong>Fahri Xharra<\/strong>, 28.06.2013<\/p>\n<p>&#8220;Nuk vij t\u00eb flas si mik i njer\u00ebzis\u00eb, por vij si mik dhe adhurues i rac\u00ebs shqiptare. Dashuroj Shqip\u00ebrin\u00eb, dashuroj kombin shqiptar, si\u00e7 dashuroj Amerik\u00ebn. Shqip\u00ebria do t\u00eb jet\u00eb e lir\u00eb. Ajo i ka dh\u00ebn\u00eb pes\u00eb imperator\u00eb Rom\u00ebs dhe gjaku i shqipeve e ka forcuar gjakun e kombeve t\u00eb tjer\u00eb. E lash\u00eb Shqip\u00ebrin\u00eb n\u00eb vuajtje e t\u00eb mbytur n\u00eb gjak nga faji i Evrop\u00ebs.<\/p>\n<p>Un\u00eb protestova kund\u00ebr paudh\u00ebsis\u00eb s\u00eb Evrop\u00ebs kundrejt Shqip\u00ebris\u00eb, lash\u00eb vendin tim zyrtar dhe ju siguroj, q\u00eb un\u00eb besoj, se ajo dit\u00eb q\u00eb un\u00eb protestova p\u00ebr Shqip\u00ebrin\u00eb, \u00ebsht\u00eb dita m\u00eb e lumtur e jet\u00ebs sime&#8230; tregtia e Amerik\u00ebs duhet t\u00eb jet\u00eb e lir\u00eb p\u00ebr kombin shqiptar, q\u00eb \u00ebsht\u00eb v\u00ebllai i kombit amerikan. Un\u00eb jam gati p\u00ebr \u00e7do sh\u00ebrbim p\u00ebr lirin\u00eb dhe shp\u00ebtimin e Shqip\u00ebris\u00eb, edhe me jet\u00ebn time&#8230;&#8221; (George Fred Williams, 1914)<\/p>\n<p>Historikisht, pushtuesit n\u00eb vende t\u00eb ndryshme t\u00eb bot\u00ebs, sulmin e par\u00eb dhe shkat\u00ebrrues e kan\u00eb b\u00ebr\u00eb mbi inteligjenc\u00ebn. Ashtu ka ndodhur edhe me ne. Po t\u00eb analizonim \u00e7do koh\u00eb t\u00eb kaluar do t\u00eb shohim se ndodhnin gjithmon\u00eb t\u00eb nj\u00ebjtat. Shikoni dhe rikujtoni koh\u00ebn e turkut: \u201cshqiptar\u00ebt nuk guxojn\u00eb t\u00eb shkollohen se paraqesin rrezik p\u00ebr ne\u201d. Ne n\u00eb Kosov\u00eb e njohim koh\u00ebn e serb\u00ebve t\u00eb atyre t\u00eb para Luft\u00ebs s\u00eb Dyt\u00eb Bot\u00ebrore dhe t\u00eb atyre t\u00eb pas k\u00ebsaj lufte: inteligjenca shqiptare duhet shkat\u00ebrruar. Ju kujtohen vitet e \u201880-ta: diferencimet n\u00eb Universitet, n\u00eb shkolla, n\u00eb entet historike, n\u00eb entet publike; t\u00eb gjitha k\u00ebto vet\u00ebm e vet\u00ebm q\u00eb inteligjenca e v\u00ebrtet\u00eb shqiptare t\u00eb shthuret, t\u00eb st\u00ebrkeqet dhe shoq\u00ebria t\u00eb mbet n\u00eb duar t\u00eb t\u00eb pamend\u00ebve.<\/p>\n<p>E nj\u00ebjta gj\u00eb edhe me grek\u00ebt, q\u00eb nga koha e turkut e m\u00eb von\u00eb sulmin m\u00eb t\u00eb madh n\u00eb inteligjenc\u00ebn shqiptare qofshin ata t\u00eb kish\u00ebs ortodokse shqiptare apo m\u00ebsuesit dhe dashamir\u00ebt e shkollave shqipe. Shembujt n\u00eb k\u00ebt\u00eb shkrim jan\u00eb t\u00eb panevojsh\u00ebm t\u00eb p\u00ebrmenden sepse t\u00eb gjith\u00eb i dim\u00eb. Pra, sh\u00ebndeti mendor dhe shpirt\u00ebror edhe qytetar\u00eb i shoq\u00ebris\u00eb jan\u00eb intelektual\u00ebt e v\u00ebrtet\u00eb q\u00eb jan\u00eb roje t\u00eb mbar\u00ebvajtjes s\u00eb sh\u00ebndetshme t\u00eb asaj shoq\u00ebrie.<\/p>\n<p><strong>Mos t\u00eb harrohet ajo \u00e7ka nuk duhet harruar kurr\u00eb<\/strong><\/p>\n<p>Edhe t\u00eb \u00e7muarit e ndihmave, p\u00ebrkrahjes dhe shp\u00ebtimit ton\u00eb nga nj\u00eb komb mik \u00ebsht\u00eb n\u00eb nderin e intelektual\u00ebve q\u00eb t`ia b\u00ebn\u00eb t\u00eb ditur n\u00eb m\u00ebnyra t\u00eb ndryshme t\u00eb gjith\u00eb mas\u00ebs,q\u00eb edhe ata q\u00eb nuk kan\u00eb qasje n\u00eb letra dhe shkrime t\u00eb jen\u00eb fal\u00ebnderues p\u00ebr t\u00eb mirat dhe p\u00ebrfitimet q\u00eb i kan\u00eb ardhur vazhdimisht q\u00eb nga fitimi i Pavar\u00ebsis\u00eb s\u00eb 1912-t\u00ebs. T\u00eb gjith\u00eb ne t\u00eb mos biem pre n\u00eb interesat e caktuara dhe t\u00eb harrojm\u00eb\u2026 at\u00eb \u00e7ka s\u2019duhet harruar kurr\u00eb. Me siguri q\u00eb po n\u00ebn kuptohet se fjal\u00ebn e kam p\u00ebr Shtetet e Bashkuara t\u00eb Amerik\u00ebs, shkurt Amerik\u00ebs.<\/p>\n<p>Shpresa e Shqip\u00ebris\u00eb, t\u00eb pakt\u00ebn 100 vjet\u00ebt e fundit, kan\u00eb qen\u00eb dhe mbeten Shtetet e Bashkuara t\u00eb Amerik\u00ebs. K\u00ebshillat q\u00eb na kan\u00eb dh\u00ebn\u00eb p\u00ebrfaq\u00ebsuesit e k\u00ebtij shteti t\u00eb madh demokratik e shpirtgjer\u00eb, i cili p\u00ebrher\u00eb \u00ebsht\u00eb bazuar n\u00eb zgjidhjen e problemeve n\u00eb t\u00eb drejt\u00ebn nd\u00ebrkomb\u00ebtare, n\u00eb respektimin e t\u00eb drejtave t\u00eb njeriut dhe jo n\u00eb zgjidhjen e \u00e7\u00ebshtjeve sipas preferencave dhe interesave, kan\u00eb qen\u00eb t\u00eb vlefshme, vazhdojn\u00eb t\u00eb jen\u00eb t\u00eb tilla, ndaj ne duhet t\u2019i vler\u00ebsojm\u00eb, t\u2019i d\u00ebgjojm\u00eb dhe t\u2019i zbatojm\u00eb me korrekt\u00ebsi ato. (Nuri Dragoi).<\/p>\n<p>Rol mjaft pozitiv, p\u00ebr fatet e vendit ton\u00eb, ka luajtur amerikani Charles Telford Erickson. Ai ishte 12 vjet me misionin n\u00eb Shqip\u00ebri dhe 14 vjet si i pavarur. N\u00eb vitet 1920\u00ad1921, ka qen\u00eb komisioner special p\u00ebr Shqip\u00ebrin\u00eb, n\u00eb SHBA, dhe n\u00eb vitet 1922-1923, ka asistuar pran\u00eb stafit t\u00eb American Legation, po n\u00eb Shqip\u00ebri. Gjat\u00eb k\u00ebsaj periudhe, ai ka d\u00ebrguar nj\u00eb s\u00ebr\u00eb letrash dhe ka biseduar edhe vet\u00eb me president\u00eb, senator\u00eb dhe t\u00eb tjer\u00eb persona me r\u00ebnd\u00ebsi n\u00eb SHBA, mbi historin\u00eb, kultur\u00ebn dhe, mbi t\u00eb gjitha, p\u00ebr situat\u00ebn politike n\u00eb Shqip\u00ebri.<\/p>\n<p>\u00c7\u00ebshtja shqiptare u paraqit p\u00ebrpara Komitetit t\u00eb Marr\u00ebdh\u00ebnieve me Jasht\u00eb, t\u00eb Senatit t\u00eb Shteteve t\u00eb Bashkuara, n\u00eb vitin 1919. K\u00ebrkesa u lexua nga Senatori Henry Kobot Lodge, shef i komitetit t\u00eb marr\u00ebdh\u00ebnieve me jasht\u00eb t\u00eb Senatit. Ajo u p\u00ebrcoll nga konsulli komb\u00ebtar shqiptar n\u00eb Amerik\u00eb, pasi ishte hartuar prej delegacionit shqiptar. Komisioni shqiptar, i p\u00ebrb\u00ebr\u00eb nga C. T Erickson, C. A. \u00c7ekrezi dhe Kristo A. Dako u paraqit\u00ebn p\u00ebrpara Komitetit t\u00eb Marr\u00ebdh\u00ebnieve me Jasht\u00eb m\u00eb 2 shtator 1919. (Historia e popullit shqiptar)<\/p>\n<p><strong>Shqiptar\u00ebt e kan\u00eb pran\u00eb nj\u00eb mik t\u00eb madh<\/strong><\/p>\n<p>Q\u00ebllimi dhe d\u00ebshira e Charles Telford Ericksonit ka qen\u00eb m\u00eb parimorja dhe me nj\u00eb vizion t\u00eb qart\u00eb q\u00eb t\u2019u b\u00ebhet e ditur fqinj\u00ebve gllab\u00ebrues se Shqip\u00ebria e ka pran\u00eb nj\u00eb mik t\u00eb madh . Se mike p\u00ebr popullin shqiptar ka qen\u00eb Amerika \u00ebsht\u00eb v\u00ebrtetuar edhe me fakte gjat\u00eb k\u00ebtyre 100 vjet\u00ebve t\u00eb fundit. T\u2019i num\u00ebrojm\u00eb? Shpresa e Kosov\u00ebs, t\u00eb pakt\u00ebn n\u00eb k\u00ebto 20 vjet\u00ebt e fundit kan\u00eb qen\u00eb dhe mbeten Shtetet e Bashkuara t\u00eb Amerik\u00ebs. \u00c7do intervenim i Amerik\u00ebs \u00ebsht\u00eb shpresa e fundit p\u00ebr ne. E dim\u00eb ne k\u00ebt\u00eb? Q\u00ebllimet e nj\u00eb Kosove t\u00eb lir\u00eb dhe t\u00eb pavarur nuk jan\u00eb as partiake e as individuale; meritor\u00eb p\u00ebr k\u00ebt\u00eb q\u00eb e kemi jemi t\u00eb gjith\u00eb, edhe un\u00eb, edhe ti, edhe ai edhe ne t\u00eb gjith\u00eb. Meritor\u00eb jan\u00eb t\u00eb 15 000 viktimat, meritor\u00eb jan\u00eb 1 000 000 shqiptar\u00eb t\u00eb zhvendosur e t\u00eb d\u00ebbuar nga tokat e tyre, meritor\u00eb jan\u00eb 20 000 vajza e gra t\u00eb dhunuara . Kosova e lir\u00eb nuk \u00ebsht\u00eb New Born i dikujt me em\u00ebr e mbiem\u00ebr, por \u00ebsht\u00eb i posa linduri i t\u00eb gjith\u00eb nesh.<\/p>\n<p>Fletorja Zyrtare nr. 56 (10 dhjetor 1922) shkruan: \u201cDiplomati amerikan Maxwell Blake, njoftonte me disa nota pozitive departamentin e shtetit, se Amerika p\u00ebr politikan\u00ebt shqiptar\u00eb ishte nj\u00eb vend i parap\u00eblqyer. Pasi duke qen\u00eb nj\u00eb shtet i larg\u00ebt nuk kishte synime politike ndaj Shqip\u00ebris\u00eb. Prandaj k\u00ebrkonte shpejtimin e njohjes dhe t\u00eb vendosjes zyrtarisht t\u00eb marr\u00ebdh\u00ebnieve diplomatike. Duke u nisur nga k\u00ebto vler\u00ebsime Departamenti i Shtetit vendosi m\u00eb n\u00eb fund t\u00eb njihte zyrtarisht Shtetin Shqiptar dhe t\u00eb urdh\u00ebronte M. Blake t\u00eb paraqiste letrat kredenciale (me 28 korrik 1922) si minist\u00ebr fuqiplot\u00eb dhe i d\u00ebrguar i jasht\u00ebzakonsh\u00ebm i SHBA-s\u00eb n\u00eb Shqip\u00ebri . Pandeli Evangjeli si funksionar i Shtetit Shqiptar iu p\u00ebrgjigj me fjal\u00ebt: Populli shqiptar kujton me mir\u00ebnjohje t\u00eb thell\u00eb faktin se n\u00eb \u00e7astet m\u00eb kritike t\u00eb ekzistenc\u00ebs s\u00eb tij , kombi fisnik dhe i madh i SHBA, n\u00ebp\u00ebrmjet p\u00ebrfaq\u00ebsuesit t\u00eb tij t\u00eb denj\u00eb n\u00eb Konferenc\u00ebn e Paqes, ishte nj\u00ebri nga mbrojt\u00ebsit m\u00eb t\u00eb vlefsh\u00ebm t\u00eb \u00e7\u00ebshtjes shqiptare dhe n\u00eb saj\u00eb t\u00eb k\u00ebtij q\u00ebndrimi fisnik atdheu yn\u00eb mundi t\u00eb shp\u00ebtonte nga nj\u00eb rrezik i madh. Kjo ngjarje do t\u00eb mbetet e pashlyeshme n\u00eb zemrat tona\u201d.<\/p>\n<p><strong>Besimi fetar asnj\u00ebher\u00eb nuk ka qen\u00eb motiv ngat\u00ebrresash<\/strong><\/p>\n<p>At\u00eb Gjergj Fishta (Tiran\u00eb 1943) shkruan se njohja zyrtare e Shqip\u00ebris\u00eb nga Qeveria amerikane ishte edhe nd\u00ebrhyrja e tij te senator\u00ebt duke ua shpjeguar \u00e7\u00ebshtjen edhe nga ana fetare. (H. Bello). Kur disa shkonin aq larg saq\u00eb e p\u00ebrshkruanin gjuh\u00ebn shqipe si nj\u00eb \u201cbashkim t\u00eb tmerrsh\u00ebm t\u00eb s\u00eb thjesht\u00ebs me \u00e7rregullsin\u00eb\u201d dhe se nj\u00eb gjuh\u00eb e till\u00eb n\u00eb p\u00ebrgjith\u00ebsi nuk ekziston ,del Fan Noli, q\u00eb n\u00eb nj\u00eb memorandum d\u00ebrguar Komisionit Hetimor, shprehet se gjuha shqipe \u201c\u00ebsht\u00eb shembulli i vet\u00ebm i gjall\u00eb i gjuh\u00ebve origjinale t\u00eb Evrop\u00ebs Juglindore, q\u00eb jan\u00eb folur q\u00eb para Homerit. \u201cAjo \u00ebsht\u00eb, sipas tij, pa dyshim gjuh\u00eb ariane, krejt\u00ebsisht e ndryshme nga gjuha greke apo gjuh\u00ebt sllave\u201d.<\/p>\n<p>Amerikan\u00ebt: \u201cN\u00eb nj\u00eb lib\u00ebr historie, t\u00eb shkruar nga shum\u00eb autor\u00eb amerikan\u00eb p\u00ebr shqiptar\u00ebt n\u00eb Shqip\u00ebri dhe n\u00eb Amerik\u00eb, konkludohet se besimi fetar asnj\u00ebher\u00eb nuk ka qen\u00eb motiv ngat\u00ebrresash nd\u00ebrmjet prij\u00ebsve. Informacioni p\u00ebrfundimtar i Komisionit t\u00eb Lidhjes s\u00eb Kombeve t\u00eb dat\u00ebs 12 maj 1922 kund\u00ebrshton iden\u00eb se shqiptar\u00ebt p\u00ebr arsye t\u00eb ndarjeve fetare nuk jan\u00eb t\u00eb aft\u00eb t\u00eb udh\u00ebheqin nj\u00eb shtet modern.\u201d Pra?<\/p>\n<p>Fan Noli, n\u00eb rastin e nj\u00eb takimi me presidentin Uilson, i paraqiti n\u00eb m\u00ebnyr\u00eb jozyrtare problemin e Shqip\u00ebris\u00eb. Presidenti amerikan, sipas Nolit, e d\u00ebgjoi ekspozen\u00eb \u201cme interesim dashamir\u00ebs\u201d dhe e siguroi Nolin se ka vendosur ta ndihmoj\u00eb Shqip\u00ebrin\u00eb. Fan Noli u takua edhe me ish-presidentin Ruzvelt, p\u00ebr t\u00eb cilin shprehet se ishte jasht\u00ebzakonisht e mirinformuar p\u00ebr Shqip\u00ebrin\u00eb. Ai ishte thell\u00ebsisht i bindur se n\u00eb Konferenc\u00ebn e Paqes n\u00eb Paris Shqip\u00ebria do t\u00eb fitonte pavar\u00ebsin\u00eb n\u00ebn garancin\u00eb e fuqive t\u00eb m\u00ebdha. Pra?<\/p>\n<p>Emigrant\u00ebt shqiptar\u00eb, n\u00eb p\u00ebrgjith\u00ebsi, dhe n\u00eb ve\u00e7anti ata t\u00eb Amerik\u00ebs, mb\u00ebshtetnin shum\u00eb shpresa te Konferenca e Paqes dhe sidomos te presidenti Uilson. \u201cN\u00eb list\u00ebn e miqve t\u00eb Shqip\u00ebris\u00eb b\u00ebjn\u00eb pjes\u00eb edhe dy njer\u00ebzit m\u00eb t\u00eb ndritur t\u00eb Amerik\u00ebs dhe t\u00eb bot\u00ebs: presidenti Uilson dhe ish presidenti Ruzvelt\u201d, shkruan \u201cThe Adriatik Review\u201d. Po, ne sot? Jemi t\u00eb vet\u00ebdijsh\u00ebm se \u00e7ka po b\u00ebjm\u00eb ? E dim\u00eb t\u00eb dallojm\u00eb mikun nga armiku? E dim\u00eb t\u00eb fal\u00ebnderojm\u00eb mikun p\u00ebr ndihm\u00ebn e dh\u00ebn\u00eb ? Kosova \u00ebsht\u00eb e t\u00eb gjith\u00ebve ne, Kosova \u00ebsht\u00eb e jona. Kosova nuk \u00ebsht\u00eb pron\u00eb as e individ\u00ebve, e as e partive. Kosova \u00ebsht\u00eb e t\u00eb gjith\u00eb shqiptar\u00ebve t\u00eb Kosov\u00ebs dhe e pakicave q\u00eb d\u00ebshirojn\u00eb t`a pranojn\u00eb Kosov\u00ebn si t\u00eb till\u00eb dhe t\u00eb jetojn\u00eb n\u00eb te.<\/p>\n<p>Kur n\u00eb Kosov\u00eb e edhe n\u00eb Shqip\u00ebri ballafaqohemi me probleme q\u00eb duan zgjidhje t\u00eb menqur m\u00eb shkon mendja tek nj\u00eb defekt i zemr\u00ebs tek Sindromi \u201cWolf-Parkinsin-White\u201d. WPW karakterizohet me rrug\u00ebtim abnormal elektrik t\u00eb zemr\u00ebs, i cili e shkakton \u00e7rregullin e ritmit normal t\u00eb saj (aritmia). T\u00eb rrahurat e zemr\u00ebs s\u00eb sh\u00ebndosh\u00eb jan\u00eb t\u00eb kontrolluara nga nj\u00eb sinjal, i cili l\u00ebviz n\u00ebp\u00ebr zem\u00ebr me nj\u00eb rrug\u00eb t\u00eb kontrolluar n\u00eb m\u00ebnyr\u00ebn m\u00eb t\u00eb p\u00ebrmbaruar. Kur pason \u00e7rregullimi elektrik i zemr\u00ebs, humb kontrolli i hyrjes dhe daljes s\u00eb gjakut nga zemra. Gjaku nuk di se a t\u00eb del nga zemra apo t\u00eb hyn n\u00eb t\u00eb. K\u00ebshtu n\u00eb k\u00ebt\u00eb rr\u00ebmuj\u00eb, e cila zgjat jo gjat\u00eb truri mbetet pa oksigjen dhe pason vdekja.<\/p>\n","protected":false},"excerpt":{"rendered":"<p>Nga Fahri Xharra, 28.06.2013 &#8220;Nuk vij t\u00eb flas si mik i njer\u00ebzis\u00eb, por vij si mik dhe adhurues i rac\u00ebs shqiptare. Dashuroj Shqip\u00ebrin\u00eb, dashuroj kombin shqiptar, si\u00e7 dashuroj Amerik\u00ebn. Shqip\u00ebria do t\u00eb jet\u00eb e lir\u00eb. Ajo i ka dh\u00ebn\u00eb pes\u00eb imperator\u00eb Rom\u00ebs dhe gjaku i shqipeve e ka forcuar gjakun e kombeve t\u00eb tjer\u00eb. E [&hellip;]<\/p>\n","protected":false},"author":1,"featured_media":0,"comment_status":"open","ping_status":"closed","sticky":false,"template":"","format":"standard","meta":{"footnotes":""},"categories":[2],"tags":[],"class_list":{"0":"post-12899","1":"post","2":"type-post","3":"status-publish","4":"format-standard","6":"category-artikuj"},"yoast_head":"<!-- This site is optimized with the Yoast SEO plugin v27.4 - https:\/\/yoast.com\/product\/yoast-seo-wordpress\/ -->\n<title>Mbahu n\u00ebn\u2019o, mos ki frik\u00eb\u2026! - FjALA e LIR\u00cb - Arkivi<\/title>\n<meta name=\"robots\" content=\"index, follow, max-snippet:-1, max-image-preview:large, max-video-preview:-1\" \/>\n<link rel=\"canonical\" href=\"https:\/\/fjala.info\/2009-2015\/mbahu-neno-mos-ki-frike\/\" \/>\n<meta property=\"og:locale\" content=\"sq_AL\" \/>\n<meta property=\"og:type\" content=\"article\" \/>\n<meta property=\"og:title\" content=\"Mbahu n\u00ebn\u2019o, mos ki frik\u00eb\u2026! - FjALA e LIR\u00cb - Arkivi\" \/>\n<meta property=\"og:description\" content=\"Nga Fahri Xharra, 28.06.2013 &#8220;Nuk vij t\u00eb flas si mik i njer\u00ebzis\u00eb, por vij si mik dhe adhurues i rac\u00ebs shqiptare. Dashuroj Shqip\u00ebrin\u00eb, dashuroj kombin shqiptar, si\u00e7 dashuroj Amerik\u00ebn. Shqip\u00ebria do t\u00eb jet\u00eb e lir\u00eb. Ajo i ka dh\u00ebn\u00eb pes\u00eb imperator\u00eb Rom\u00ebs dhe gjaku i shqipeve e ka forcuar gjakun e kombeve t\u00eb tjer\u00eb. E [&hellip;]\" \/>\n<meta property=\"og:url\" content=\"https:\/\/fjala.info\/2009-2015\/mbahu-neno-mos-ki-frike\/\" \/>\n<meta property=\"og:site_name\" content=\"FjALA e LIR\u00cb - Arkivi\" \/>\n<meta property=\"article:published_time\" content=\"2013-06-29T06:46:27+00:00\" \/>\n<meta property=\"og:image\" content=\"http:\/\/www.fjala.info\/2013\/fahri_xharra.jpg\" \/>\n<meta name=\"author\" content=\"admin\" \/>\n<meta name=\"twitter:card\" content=\"summary_large_image\" \/>\n<meta name=\"twitter:label1\" content=\"Written by\" \/>\n\t<meta name=\"twitter:data1\" content=\"admin\" \/>\n\t<meta name=\"twitter:label2\" content=\"Est. reading time\" \/>\n\t<meta name=\"twitter:data2\" content=\"9 minutes\" \/>\n<script type=\"application\/ld+json\" class=\"yoast-schema-graph\">{\"@context\":\"https:\\\/\\\/schema.org\",\"@graph\":[{\"@type\":\"Article\",\"@id\":\"https:\\\/\\\/fjala.info\\\/2009-2015\\\/mbahu-neno-mos-ki-frike\\\/#article\",\"isPartOf\":{\"@id\":\"https:\\\/\\\/fjala.info\\\/2009-2015\\\/mbahu-neno-mos-ki-frike\\\/\"},\"author\":{\"name\":\"admin\",\"@id\":\"https:\\\/\\\/fjala.info\\\/2009-2015\\\/#\\\/schema\\\/person\\\/3aa1163ef05469c496fc94e77611ada2\"},\"headline\":\"Mbahu n\u00ebn\u2019o, mos ki frik\u00eb\u2026!\",\"datePublished\":\"2013-06-29T06:46:27+00:00\",\"mainEntityOfPage\":{\"@id\":\"https:\\\/\\\/fjala.info\\\/2009-2015\\\/mbahu-neno-mos-ki-frike\\\/\"},\"wordCount\":1819,\"commentCount\":0,\"publisher\":{\"@id\":\"https:\\\/\\\/fjala.info\\\/2009-2015\\\/#organization\"},\"image\":{\"@id\":\"https:\\\/\\\/fjala.info\\\/2009-2015\\\/mbahu-neno-mos-ki-frike\\\/#primaryimage\"},\"thumbnailUrl\":\"http:\\\/\\\/www.fjala.info\\\/2013\\\/fahri_xharra.jpg\",\"articleSection\":[\"Artikuj\"],\"inLanguage\":\"sq-AL\",\"potentialAction\":[{\"@type\":\"CommentAction\",\"name\":\"Comment\",\"target\":[\"https:\\\/\\\/fjala.info\\\/2009-2015\\\/mbahu-neno-mos-ki-frike\\\/#respond\"]}]},{\"@type\":\"WebPage\",\"@id\":\"https:\\\/\\\/fjala.info\\\/2009-2015\\\/mbahu-neno-mos-ki-frike\\\/\",\"url\":\"https:\\\/\\\/fjala.info\\\/2009-2015\\\/mbahu-neno-mos-ki-frike\\\/\",\"name\":\"Mbahu n\u00ebn\u2019o, mos ki frik\u00eb\u2026! - FjALA e LIR\u00cb - Arkivi\",\"isPartOf\":{\"@id\":\"https:\\\/\\\/fjala.info\\\/2009-2015\\\/#website\"},\"primaryImageOfPage\":{\"@id\":\"https:\\\/\\\/fjala.info\\\/2009-2015\\\/mbahu-neno-mos-ki-frike\\\/#primaryimage\"},\"image\":{\"@id\":\"https:\\\/\\\/fjala.info\\\/2009-2015\\\/mbahu-neno-mos-ki-frike\\\/#primaryimage\"},\"thumbnailUrl\":\"http:\\\/\\\/www.fjala.info\\\/2013\\\/fahri_xharra.jpg\",\"datePublished\":\"2013-06-29T06:46:27+00:00\",\"breadcrumb\":{\"@id\":\"https:\\\/\\\/fjala.info\\\/2009-2015\\\/mbahu-neno-mos-ki-frike\\\/#breadcrumb\"},\"inLanguage\":\"sq-AL\",\"potentialAction\":[{\"@type\":\"ReadAction\",\"target\":[\"https:\\\/\\\/fjala.info\\\/2009-2015\\\/mbahu-neno-mos-ki-frike\\\/\"]}]},{\"@type\":\"ImageObject\",\"inLanguage\":\"sq-AL\",\"@id\":\"https:\\\/\\\/fjala.info\\\/2009-2015\\\/mbahu-neno-mos-ki-frike\\\/#primaryimage\",\"url\":\"http:\\\/\\\/www.fjala.info\\\/2013\\\/fahri_xharra.jpg\",\"contentUrl\":\"http:\\\/\\\/www.fjala.info\\\/2013\\\/fahri_xharra.jpg\"},{\"@type\":\"BreadcrumbList\",\"@id\":\"https:\\\/\\\/fjala.info\\\/2009-2015\\\/mbahu-neno-mos-ki-frike\\\/#breadcrumb\",\"itemListElement\":[{\"@type\":\"ListItem\",\"position\":1,\"name\":\"Home\",\"item\":\"https:\\\/\\\/fjala.info\\\/2009-2015\\\/\"},{\"@type\":\"ListItem\",\"position\":2,\"name\":\"Mbahu n\u00ebn\u2019o, mos ki frik\u00eb\u2026!\"}]},{\"@type\":\"WebSite\",\"@id\":\"https:\\\/\\\/fjala.info\\\/2009-2015\\\/#website\",\"url\":\"https:\\\/\\\/fjala.info\\\/2009-2015\\\/\",\"name\":\"FjALA e LIR\u00cb - Arkivi\",\"description\":\"Arkivi 2009-2015\",\"publisher\":{\"@id\":\"https:\\\/\\\/fjala.info\\\/2009-2015\\\/#organization\"},\"potentialAction\":[{\"@type\":\"SearchAction\",\"target\":{\"@type\":\"EntryPoint\",\"urlTemplate\":\"https:\\\/\\\/fjala.info\\\/2009-2015\\\/?s={search_term_string}\"},\"query-input\":{\"@type\":\"PropertyValueSpecification\",\"valueRequired\":true,\"valueName\":\"search_term_string\"}}],\"inLanguage\":\"sq-AL\"},{\"@type\":\"Organization\",\"@id\":\"https:\\\/\\\/fjala.info\\\/2009-2015\\\/#organization\",\"name\":\"FjALA e LIR\u00cb - Arkivi\",\"url\":\"https:\\\/\\\/fjala.info\\\/2009-2015\\\/\",\"logo\":{\"@type\":\"ImageObject\",\"inLanguage\":\"sq-AL\",\"@id\":\"https:\\\/\\\/fjala.info\\\/2009-2015\\\/#\\\/schema\\\/logo\\\/image\\\/\",\"url\":\"\",\"contentUrl\":\"\",\"caption\":\"FjALA e LIR\u00cb - Arkivi\"},\"image\":{\"@id\":\"https:\\\/\\\/fjala.info\\\/2009-2015\\\/#\\\/schema\\\/logo\\\/image\\\/\"}},{\"@type\":\"Person\",\"@id\":\"https:\\\/\\\/fjala.info\\\/2009-2015\\\/#\\\/schema\\\/person\\\/3aa1163ef05469c496fc94e77611ada2\",\"name\":\"admin\",\"image\":{\"@type\":\"ImageObject\",\"inLanguage\":\"sq-AL\",\"@id\":\"https:\\\/\\\/fjala.info\\\/2009-2015\\\/wp-content\\\/uploads\\\/2012\\\/02\\\/arben_cokaj-120x150.jpg\",\"url\":\"https:\\\/\\\/fjala.info\\\/2009-2015\\\/wp-content\\\/uploads\\\/2012\\\/02\\\/arben_cokaj-120x150.jpg\",\"contentUrl\":\"https:\\\/\\\/fjala.info\\\/2009-2015\\\/wp-content\\\/uploads\\\/2012\\\/02\\\/arben_cokaj-120x150.jpg\",\"caption\":\"admin\"},\"description\":\"Admin, Fjala e Lir\u00eb\",\"sameAs\":[\"https:\\\/\\\/fjala.info\\\/\"],\"url\":\"https:\\\/\\\/fjala.info\\\/2009-2015\\\/author\\\/admin\\\/\"}]}<\/script>\n<!-- \/ Yoast SEO plugin. -->","yoast_head_json":{"title":"Mbahu n\u00ebn\u2019o, mos ki frik\u00eb\u2026! - FjALA e LIR\u00cb - Arkivi","robots":{"index":"index","follow":"follow","max-snippet":"max-snippet:-1","max-image-preview":"max-image-preview:large","max-video-preview":"max-video-preview:-1"},"canonical":"https:\/\/fjala.info\/2009-2015\/mbahu-neno-mos-ki-frike\/","og_locale":"sq_AL","og_type":"article","og_title":"Mbahu n\u00ebn\u2019o, mos ki frik\u00eb\u2026! - FjALA e LIR\u00cb - Arkivi","og_description":"Nga Fahri Xharra, 28.06.2013 &#8220;Nuk vij t\u00eb flas si mik i njer\u00ebzis\u00eb, por vij si mik dhe adhurues i rac\u00ebs shqiptare. Dashuroj Shqip\u00ebrin\u00eb, dashuroj kombin shqiptar, si\u00e7 dashuroj Amerik\u00ebn. Shqip\u00ebria do t\u00eb jet\u00eb e lir\u00eb. Ajo i ka dh\u00ebn\u00eb pes\u00eb imperator\u00eb Rom\u00ebs dhe gjaku i shqipeve e ka forcuar gjakun e kombeve t\u00eb tjer\u00eb. E [&hellip;]","og_url":"https:\/\/fjala.info\/2009-2015\/mbahu-neno-mos-ki-frike\/","og_site_name":"FjALA e LIR\u00cb - Arkivi","article_published_time":"2013-06-29T06:46:27+00:00","og_image":[{"url":"http:\/\/www.fjala.info\/2013\/fahri_xharra.jpg","type":"","width":"","height":""}],"author":"admin","twitter_card":"summary_large_image","twitter_misc":{"Written by":"admin","Est. reading time":"9 minutes"},"schema":{"@context":"https:\/\/schema.org","@graph":[{"@type":"Article","@id":"https:\/\/fjala.info\/2009-2015\/mbahu-neno-mos-ki-frike\/#article","isPartOf":{"@id":"https:\/\/fjala.info\/2009-2015\/mbahu-neno-mos-ki-frike\/"},"author":{"name":"admin","@id":"https:\/\/fjala.info\/2009-2015\/#\/schema\/person\/3aa1163ef05469c496fc94e77611ada2"},"headline":"Mbahu n\u00ebn\u2019o, mos ki frik\u00eb\u2026!","datePublished":"2013-06-29T06:46:27+00:00","mainEntityOfPage":{"@id":"https:\/\/fjala.info\/2009-2015\/mbahu-neno-mos-ki-frike\/"},"wordCount":1819,"commentCount":0,"publisher":{"@id":"https:\/\/fjala.info\/2009-2015\/#organization"},"image":{"@id":"https:\/\/fjala.info\/2009-2015\/mbahu-neno-mos-ki-frike\/#primaryimage"},"thumbnailUrl":"http:\/\/www.fjala.info\/2013\/fahri_xharra.jpg","articleSection":["Artikuj"],"inLanguage":"sq-AL","potentialAction":[{"@type":"CommentAction","name":"Comment","target":["https:\/\/fjala.info\/2009-2015\/mbahu-neno-mos-ki-frike\/#respond"]}]},{"@type":"WebPage","@id":"https:\/\/fjala.info\/2009-2015\/mbahu-neno-mos-ki-frike\/","url":"https:\/\/fjala.info\/2009-2015\/mbahu-neno-mos-ki-frike\/","name":"Mbahu n\u00ebn\u2019o, mos ki frik\u00eb\u2026! - FjALA e LIR\u00cb - Arkivi","isPartOf":{"@id":"https:\/\/fjala.info\/2009-2015\/#website"},"primaryImageOfPage":{"@id":"https:\/\/fjala.info\/2009-2015\/mbahu-neno-mos-ki-frike\/#primaryimage"},"image":{"@id":"https:\/\/fjala.info\/2009-2015\/mbahu-neno-mos-ki-frike\/#primaryimage"},"thumbnailUrl":"http:\/\/www.fjala.info\/2013\/fahri_xharra.jpg","datePublished":"2013-06-29T06:46:27+00:00","breadcrumb":{"@id":"https:\/\/fjala.info\/2009-2015\/mbahu-neno-mos-ki-frike\/#breadcrumb"},"inLanguage":"sq-AL","potentialAction":[{"@type":"ReadAction","target":["https:\/\/fjala.info\/2009-2015\/mbahu-neno-mos-ki-frike\/"]}]},{"@type":"ImageObject","inLanguage":"sq-AL","@id":"https:\/\/fjala.info\/2009-2015\/mbahu-neno-mos-ki-frike\/#primaryimage","url":"http:\/\/www.fjala.info\/2013\/fahri_xharra.jpg","contentUrl":"http:\/\/www.fjala.info\/2013\/fahri_xharra.jpg"},{"@type":"BreadcrumbList","@id":"https:\/\/fjala.info\/2009-2015\/mbahu-neno-mos-ki-frike\/#breadcrumb","itemListElement":[{"@type":"ListItem","position":1,"name":"Home","item":"https:\/\/fjala.info\/2009-2015\/"},{"@type":"ListItem","position":2,"name":"Mbahu n\u00ebn\u2019o, mos ki frik\u00eb\u2026!"}]},{"@type":"WebSite","@id":"https:\/\/fjala.info\/2009-2015\/#website","url":"https:\/\/fjala.info\/2009-2015\/","name":"FjALA e LIR\u00cb - Arkivi","description":"Arkivi 2009-2015","publisher":{"@id":"https:\/\/fjala.info\/2009-2015\/#organization"},"potentialAction":[{"@type":"SearchAction","target":{"@type":"EntryPoint","urlTemplate":"https:\/\/fjala.info\/2009-2015\/?s={search_term_string}"},"query-input":{"@type":"PropertyValueSpecification","valueRequired":true,"valueName":"search_term_string"}}],"inLanguage":"sq-AL"},{"@type":"Organization","@id":"https:\/\/fjala.info\/2009-2015\/#organization","name":"FjALA e LIR\u00cb - Arkivi","url":"https:\/\/fjala.info\/2009-2015\/","logo":{"@type":"ImageObject","inLanguage":"sq-AL","@id":"https:\/\/fjala.info\/2009-2015\/#\/schema\/logo\/image\/","url":"","contentUrl":"","caption":"FjALA e LIR\u00cb - Arkivi"},"image":{"@id":"https:\/\/fjala.info\/2009-2015\/#\/schema\/logo\/image\/"}},{"@type":"Person","@id":"https:\/\/fjala.info\/2009-2015\/#\/schema\/person\/3aa1163ef05469c496fc94e77611ada2","name":"admin","image":{"@type":"ImageObject","inLanguage":"sq-AL","@id":"https:\/\/fjala.info\/2009-2015\/wp-content\/uploads\/2012\/02\/arben_cokaj-120x150.jpg","url":"https:\/\/fjala.info\/2009-2015\/wp-content\/uploads\/2012\/02\/arben_cokaj-120x150.jpg","contentUrl":"https:\/\/fjala.info\/2009-2015\/wp-content\/uploads\/2012\/02\/arben_cokaj-120x150.jpg","caption":"admin"},"description":"Admin, Fjala e Lir\u00eb","sameAs":["https:\/\/fjala.info\/"],"url":"https:\/\/fjala.info\/2009-2015\/author\/admin\/"}]}},"_links":{"self":[{"href":"https:\/\/fjala.info\/2009-2015\/wp-json\/wp\/v2\/posts\/12899","targetHints":{"allow":["GET"]}}],"collection":[{"href":"https:\/\/fjala.info\/2009-2015\/wp-json\/wp\/v2\/posts"}],"about":[{"href":"https:\/\/fjala.info\/2009-2015\/wp-json\/wp\/v2\/types\/post"}],"author":[{"embeddable":true,"href":"https:\/\/fjala.info\/2009-2015\/wp-json\/wp\/v2\/users\/1"}],"replies":[{"embeddable":true,"href":"https:\/\/fjala.info\/2009-2015\/wp-json\/wp\/v2\/comments?post=12899"}],"version-history":[{"count":0,"href":"https:\/\/fjala.info\/2009-2015\/wp-json\/wp\/v2\/posts\/12899\/revisions"}],"wp:attachment":[{"href":"https:\/\/fjala.info\/2009-2015\/wp-json\/wp\/v2\/media?parent=12899"}],"wp:term":[{"taxonomy":"category","embeddable":true,"href":"https:\/\/fjala.info\/2009-2015\/wp-json\/wp\/v2\/categories?post=12899"},{"taxonomy":"post_tag","embeddable":true,"href":"https:\/\/fjala.info\/2009-2015\/wp-json\/wp\/v2\/tags?post=12899"}],"curies":[{"name":"wp","href":"https:\/\/api.w.org\/{rel}","templated":true}]}}