{"id":12898,"date":"2013-06-29T07:15:31","date_gmt":"2013-06-29T06:15:31","guid":{"rendered":"http:\/\/fjala.info\/?p=3412"},"modified":"2013-06-29T07:15:31","modified_gmt":"2013-06-29T06:15:31","slug":"ja-sherbimet-23-vjecare-pro-greko-serbe-te-misionarit-anti-shqiptar-sali-berisha","status":"publish","type":"post","link":"https:\/\/fjala.info\/2009-2015\/ja-sherbimet-23-vjecare-pro-greko-serbe-te-misionarit-anti-shqiptar-sali-berisha\/","title":{"rendered":"Ja sh\u00ebrbimet 23 vje\u00e7are pro greko-serbe t\u00eb misionarit anti-shqiptar Sali Berisha"},"content":{"rendered":"<p><img decoding=\"async\" class=\"alignleft size-thumbnail wp-image-7236\" title=\"Sali Berisha\" alt=\"\" src=\"http:\/\/www.fjala.info\/2013\/berisha_dhune.jpg\" width=\"300\" \/> Nga <strong>P\u00ebrparim Halili<\/strong>, <em>28 Qershor 2013<\/em><\/p>\n<p>Ikja e Sali Berish\u00ebs nga politika pas 23 vitesh, nuk mund t\u00eb marr\u00eb me vete e t\u00eb \u201czhduk\u00eb\u201d dhe posht\u00ebrsit\u00eb, krimet dhe q\u00ebndrimet e tij antishqiptare, t\u00eb cilat i ka realizuar me devocion dhe si \u201cmisionar\u201d p\u00ebr t\u00eb shkat\u00ebrruar Shqip\u00ebrin\u00eb e p\u00ebr t\u00eb bllokuar integrimin e vendit n\u00eb BE. Nuk ka m\u00eb asnj\u00eb dyshim, q\u00eb Sali Berisha n\u00eb k\u00ebto 23 vite post-komuniste, nuk ka punuar p\u00ebr interesat komb\u00ebtare t\u00eb Shqip\u00ebris\u00eb, por p\u00ebr interesat e Serbis\u00eb dhe t\u00eb Greqis\u00eb, madje edhe t\u00eb disa shteteve t\u00eb t\u00eb tjera, t\u00eb cilat kan\u00eb bllokuar zhvillimet shqiptare e nuk kan\u00eb njohur pavar\u00ebsin\u00eb dhe shtetin e Kosov\u00ebs. K\u00ebt\u00eb mision ka pasur Sali Berisha jo vet\u00ebm n\u00eb k\u00ebto 22 vjet, por edhe q\u00eb prej rinis\u00eb s\u00eb tij, kur u b\u00eb dh\u00ebnd\u00ebr-kollovar serb, i nj\u00eb \u00e7ifti kolonel\u00ebsh t\u00eb \u201cUDB\u201d, t\u00eb quajtur Rexhep e Milica Ramovi\u00e7.<\/p>\n<p>Dhe k\u00ebt\u00eb mision, Sali Berisha e ka realizuar me devocion e p\u00ebrkushtim, duke mbajtur peng Shqip\u00ebrin\u00eb, jo vet\u00ebm kur ishte n\u00eb opozit\u00eb, por edhe gjat\u00eb 13 viteve q\u00eb ishte n\u00eb pushtet absolut. Sali Berisha ka dh\u00ebn\u00eb shum\u00eb prova me kontribute ligjore, politike e diplomatike brenda e jasht\u00eb Shqip\u00ebris\u00eb, t\u00eb cilat konfirmojn\u00eb se ky politikan e shtetar i lart\u00eb, nuk ka pasur mision sh\u00ebrbimet ndaj Shqip\u00ebris\u00eb, vendit t\u00eb cilit i p\u00ebrket me gjendje civile, por ka pasur detyrime sh\u00ebrbimesh anti-shqiptare, ndaj atyre q\u00eb e kan\u00eb rekrutuar dhe e kan\u00eb mb\u00ebshtetur aktivisht, p\u00ebr t\u00eb ardhur e p\u00ebr t\u00eb q\u00ebndruar n\u00eb pushtet, politik\u00eb e qeverisje p\u00ebr 23 vite, qysh prej vitit 1990. Dy jan\u00eb shtetet t\u00eb cilave, anti-shqiptari Sali Berisha u ka sh\u00ebrbyer me devotshm\u00ebri, duke sakrifikuar edhe moralin e pushtetin: Serbia dhe Greqia.<\/p>\n<p>N\u00eb detyrim t\u00eb k\u00ebtyre sh\u00ebrbimeve, kreu i PD Sali Berisha, ftoi brenda selis\u00eb s\u00eb PD dhe u takua e b\u00ebri pazare antishqiptare me lobisitin antishqiptar, simbolin ne \u201cVorio-Epirit\u201d Nikolas Geixh. N\u00eb zbatim t\u00eb urdhrave t\u00eb sh\u00ebrbimeve sekrete greke \u201cASFALI\u201d, misionari anti-shqiptar Sali Berisha, b\u00ebri pjes\u00eb t\u00eb qeveris\u00eb e t\u00eb PD misionar\u00eb grek\u00eb, duke i graduar deputet\u00eb, ministra, an\u00ebtar\u00eb kryesie t\u00eb PD, k\u00ebshilltar\u00eb n\u00eb presidenc\u00eb, shefa sh\u00ebrbimesh, SHIK, drejtor\u00eb n\u00eb dogana, shefa informacioni n\u00eb diplomaci, gjeneral\u00eb n\u00eb ushtri e n\u00eb polici. K\u00ebto dit\u00eb, gazeta \u201cSOT\u201d, ka b\u00ebr\u00eb nj\u00eb rishikim t\u00eb figurave q\u00eb kan\u00eb drejtuar e komanduar Shqip\u00ebrin\u00eb n\u00eb shekullin e fundit dhe ka konstatuar se n\u00eb 100 vitet e fundit, Shqip\u00ebria nuk ka pasur asnj\u00eb shtetar t\u00eb lart\u00eb, m\u00eb antishqiptar se Sali Berisha, madje as Esat Pash\u00eb Toptanin e Ahmet Zogollin.<\/p>\n<p>Ja 30 sh\u00ebrbimet serbo-greke t\u00eb Sali Berish\u00ebs, n\u00eb 23 vjet politik\u00eb e pushtet<\/p>\n<p>1. Sali Berisha, b\u00ebri ligj dhe dekretoi: \u201cKisha Autoqefale Shqiptare, do t\u00eb jet\u00eb n\u00ebn var\u00ebsin\u00eb e Kish\u00ebs Autqefale Greke, me drejtues t\u00eb p\u00ebrhersh\u00ebm Klerik Grek dhe me sh\u00ebrbesa n\u00eb gjuh\u00ebn Greke\u201d. Me k\u00ebt\u00eb dekret, Saliu zhduku dhe shkriu Kish\u00ebn Autoqefale Shqiptare brenda Kish\u00ebs Autoqefale Greke, duke \u201cpag\u00ebzuar\u201d si Kryepeshkop Grek n\u00eb Shqip\u00ebri, anti-shqiptarin e p\u00ebrbetuar \u201cVorio-Epirit\u201d Anastasios Janullatos, pasuesin m\u00eb besnik e m\u00eb agresiv t\u00eb ish-klerikut shovinist grek anti-shqiptar, Sebastianos, duke ia falur Kish\u00ebn Autoqefale Greqis\u00eb.<\/p>\n<p>2. Sali Berisha, duke p\u00ebrdorur si mask\u00eb Ligjin Agrar 7501 t\u00eb ndarjes s\u00eb tok\u00ebs n\u00eb Shqip\u00ebri, dekretoi dh\u00ebnien n\u00eb pron\u00ebsi t\u00eb tokave shqiptare, p\u00ebr familjet minoritare greke n\u00eb jug t\u00eb vendit, duke i kthyer ato n\u00eb \u201ctroje greke\u201d, madje n\u00eb vitin 1994, pas nj\u00eb pakti me qeverin\u00eb greke, lejoi me ligj regjistrimin e k\u00ebtyre territoreve shqiptare edhe n\u00eb kadastrat pron\u00ebsore greke.<\/p>\n<p>3. Sali Berisha, mbi baz\u00ebn e nj\u00eb pakti me qeverin\u00eb greke n\u00eb n\u00ebntor 1992, futi n\u00eb veprim skem\u00ebn e shkat\u00ebrrimit t\u00eb ekonomis\u00eb komb\u00ebtare me mbyllje nd\u00ebrmarrjesh t\u00eb m\u00ebdha dhe asfiksimin e bujq\u00ebsis\u00eb shqiptare, duke detyruar \u201ckrahun\u201d e pun\u00ebs prej 700 mij\u00eb shqiptar\u00ebsh, t\u00eb nisen e t\u00eb punojn\u00eb si skllev\u00ebr p\u00ebr \u201c1 cop\u00eb buk\u00eb\u201d n\u00eb bujq\u00ebsin\u00eb, turizmin dhe ekonomin\u00eb greke.<\/p>\n<p>4. Sali Berisha, pas pazareve me Greqin\u00eb n\u00eb janar 1992, firmosi q\u00eb t\u00eb mos kund\u00ebrshtonte futjen e shoqat\u00ebs \u201cOMONIA\u201d, si grup parlamentar n\u00eb kuvend dhe t\u00eb mos i kund\u00ebrvihej platform\u00ebs s\u00eb saj shoviniste ligjv\u00ebn\u00ebse antishqiptare e pro-greke, pas pazareve me Greqin\u00eb q\u00eb n\u00eb vitin 1993, ka b\u00ebr\u00eb ligj futjen n\u00eb Shqip\u00ebri t\u00eb Arsimit t\u00eb Lart\u00eb Grek, duke dekretuar ngritje fakultetesh greke edhe brenda struktur\u00ebs s\u00eb Sistemit Universitar Shtet\u00ebror Shqiptar.<\/p>\n<p>5. Sali Berisha, pas nj\u00eb pakti t\u00eb b\u00ebr\u00eb m\u00eb Greqin\u00eb n\u00eb vitin 1993, b\u00ebri ligj dhe dekretoi nd\u00ebrtimin e varrezave e lapidar\u00ebve grek\u00eb n\u00eb \u201chart\u00ebn\u201d e Vorio-Epirit, duke ligj\u00ebruar k\u00ebshtu pretendimin grek, se t\u00eb vrar\u00ebt n\u00eb luft\u00ebn italo-greke n\u00eb Shqip\u00ebri, ishin \u201c\u00e7lirimtar t\u00eb atdheut t\u00eb tyre, pra t\u00eb trojeve greke (Vorio-Epirit) n\u00eb jug t\u00eb Shqip\u00ebris\u00eb\u201d, kur n\u00eb fakt ishin pushtues t\u00eb Shqip\u00ebris\u00eb si fashist\u00ebt e nazist\u00ebt.<\/p>\n<p>6. Sali Berisha, sipas nj\u00eb pakti me Greqin\u00eb n\u00eb vitin 1994, n\u00eb vijim t\u00eb skem\u00ebs p\u00ebr p\u00ebrfaq\u00ebsimin e dhe futjen e Greqis\u00eb n\u00eb gjith\u00eb pushtetet, shoq\u00ebrin\u00eb dhe ekonomin\u00eb shqiptare, b\u00ebri ligj dhe dekretoi shkrirjen e sistemit bankar shqiptar dhe instalimin n\u00eb Shqip\u00ebri t\u00eb sistemit bankar grek.<\/p>\n<p>7. Sali Berisha, sipas pazareve me Greqin\u00eb, bllokoi e shkat\u00ebrroi tregun e konsumit ushqimor, blegtoral, industrial, nd\u00ebrtues e hidrokarburet shqiptare dhe lejoji e favorizoi tregun e konsumit ushqimor, blegtoral, industrial, nd\u00ebrtues dhe t\u00eb hidrokarbureve greke.<\/p>\n<p>8. Sali Berisha, pas pazaresh t\u00eb b\u00ebra me grek\u00ebt n\u00eb vitin 1994, kur u hodh ideja e \u201cKorridorit 8-t\u00eb\u201d, q\u00eb do t\u00eb kalonte n\u00eb vij\u00ebn Durr\u00ebs-Elbasan-Shkup-Sofje-Stamboll, firmosi n\u00eb prezenc\u00eb t\u00eb ish-president\u00ebve Klinton, Glikorov, Zheliev dhe Ozal, p\u00ebr devijimin e \u201cvij\u00ebs\u201d s\u00eb k\u00ebtij Korridori n\u00eb Selanik, n\u00eb favor t\u00eb grek\u00ebve, devijim q\u00eb nisi procedurat n\u00eb vitin 1995, me hartimin e projekteve, duke e l\u00ebn\u00eb Shqip\u00ebrin\u00eb jasht\u00eb k\u00ebtij korridori gjigand.<\/p>\n<p>9. Sali Berisha, sipas nj\u00eb pazari me grek\u00ebt n\u00eb vitin 1993, b\u00ebri ligj dhe dekretoi futjen e gjuh\u00ebs zyrtare greke n\u00eb institucionet, rrug\u00ebt, transportin rrugor (tabelat), certifikatat e gjendjes civile, shkollat, sh\u00ebrbimet publike etj, n\u00eb t\u00eb gjith\u00eb territorin shqiptar, ku kishte qoft\u00eb edhe \u201c8-10 familje\u201d minoritare greke, duke pranuar t\u00eb shtyhej deri n\u00eb vitin 2000, hapja e shkollave shqipe n\u00eb Greqi p\u00ebr emigrant\u00ebt shqiptar\u00eb.<\/p>\n<p>10. Sali Berisha, sipas nj\u00eb pakti me qeverin\u00eb greke t\u00eb b\u00ebr\u00eb n\u00eb vitin 1993, b\u00ebri ligj dhe dekretoi ngritjen e kishave dhe simboleve publike greke, kudo q\u00eb e k\u00ebrkonte Greqia, madje dhe n\u00eb ato qytete e rajone ku nuk kishte zona minoritare, por q\u00eb minoritar\u00eb grek\u00eb kishin punuar disa vite si m\u00ebsues, shofer\u00eb, berber\u00eb, oficer\u00eb e sigurimsa.<\/p>\n<p>11. Sali Berisha, pas takimit me Nikolas Geixh n\u00eb vitin 2006, n\u00eb selin\u00eb e PD dhe n\u00eb vil\u00ebn qeveritare n\u00eb Vlor\u00eb, konfirmoi Himar\u00ebn si \u201ctroje, si zon\u00eb e popull grek\u201d, duke dal\u00eb publikisht, p\u00ebrkrah flamurit grek e parull\u00ebs: \u201cHIMARA-GREKE\u201d dhe n\u00eb krah\u00eb t\u00eb 3 deputet\u00ebve grek\u00eb, q\u00eb mbanin fjalime p\u00ebr Vorio-Epirin, duke b\u00ebr\u00eb koalicion paraelektoral zgjedhor p\u00ebr pushtetin lokal me \u201cOMONIAN\u201d n\u00eb shkurt 2007.<\/p>\n<p>12. Sali Berisha, pas pazareve me Greqin\u00eb n\u00eb vitin 1993, pranoi t\u00eb hesht e t\u00eb mos thot\u00eb asnj\u00eb fjal\u00eb p\u00ebr \u00e7\u00ebshtjen \u201c\u00c7ame\u201d, p\u00ebr pronat, trojet, gjuh\u00ebn, memorialet \u00e7ame dhe gjenocidin grek ndaj tyre, duke mos lejuar n\u00eb parlament shqiptar, hartimin dhe miratimin e rezolut\u00ebs s\u00eb shtetit shqiptar, p\u00ebr k\u00ebrkimin dhe kthimin e t\u00eb drejtave t\u00eb \u00e7am\u00ebve.<\/p>\n<p>13. Sali Berisha, pas pazareve me Greqin\u00eb, Serbin\u00eb, Malin e Zi, Maqedonin\u00eb, Bullgarin\u00eb e Rumanin\u00eb, b\u00ebri ligj dhe realizoi regjistrimin e popullsis\u00eb shqiptare mbi baza etnike e fetare, duke zbatuar skem\u00ebn anti-shqiptare greko-serbe, p\u00ebr t\u00eb rritur fiktivisht numrin minoriteteve e t\u00eb popullsive t\u00eb tyre, me q\u00ebllim shp\u00ebrb\u00ebrjen e kombit shqiptar, p\u00ebr ta kthyer Shqip\u00ebrin\u00eb n\u00eb \u201cVend Multi-etnik\u201d pa ekzistenc\u00ebn e popullsis\u00eb baz\u00eb shqiptar\u00ebt.<\/p>\n<p>14. Sali Berisha, n\u00eb 15 shtator t\u00eb vitit 1993, me pushtetin e plotfuqish\u00ebm si president Republike, n\u00ebnshkroi marr\u00ebveshjen kriminale me Miloshevi\u00e7in, p\u00ebr furnizimin e Serbis\u00eb me karburante e arm\u00eb, nd\u00ebrkoh\u00eb q\u00eb Serbia kishte nisur dhe po vazhdonte p\u00ebrgjaksh\u00ebm genocidin spastrues etnik t\u00eb shqiptar\u00ebve n\u00eb Kosov\u00eb, duke shkelur embargon e vendosur nga SHBA dhe nd\u00ebrkomb\u00ebtar\u00ebt.<\/p>\n<p>15. Sali Berisha, me pushtetin e plotfuqish\u00ebm si president Republike, Sali Berisha zbatoi urdh\u00ebrin e Miloshevi\u00e7it p\u00ebr t\u00eb zbuluar, kapur e asgj\u00ebsuar drejtuesit e U\u00c7K q\u00eb kryenin veprimtari nga Shqip\u00ebria, duke e realizuar k\u00ebt\u00eb \u201cakt patriotik\u201d n\u00ebp\u00ebrmjet SHIK-ut.<\/p>\n<p>16. Sali Berisha pranoi dhe realizoi takimin me krye mafiozin krye terrorist serb, anti-shqiptarin Arkan dhe presidentin serb Slobodan Miloshevi\u00e7, p\u00ebr t\u00eb nd\u00ebrtuar politika e veprimtari t\u00eb p\u00ebrbashk\u00ebta unike, kund\u00ebr pavar\u00ebsis\u00eb s\u00eb Kosov\u00ebs dhe sabotimin e luft\u00ebs \u00e7lirimtare t\u00eb U\u00c7K.<\/p>\n<p>17. Sali Berisha, i vet\u00ebshpalluri \u201cpatriot\u201d, doli hapur publikisht kund\u00ebr marr\u00ebveshjes s\u00eb \u201cRambujes\u00eb\u201d duke b\u00ebr\u00eb deklarata n\u00eb favor t\u00eb genocidit, interesave e politikave anti-shqiptare serbe, nd\u00ebrkoh\u00eb q\u00eb Kosov\u00ebn e mb\u00ebshtet\u00ebn gjith\u00eb aleat\u00ebt nd\u00ebrkomb\u00ebtar\u00eb.<\/p>\n<p>18. Sali Berisha, n\u00eb em\u00ebr t\u00eb \u201cpatriotizmit\u201d e \u201catdhetarizmit\u201d, ia ka dh\u00ebn\u00eb firmave serbe gjith\u00eb tender\u00ebt e blerjes, shitjes dhe transmetimit t\u00eb energjis\u00eb elektrike.<\/p>\n<p>19. Kryeministri \u201cpatriot\u201d e \u201catdhetar\u201d Sali Berisha, ka marr\u00eb vendim q\u00eb gjith\u00eb sistemin e nd\u00ebrtimit t\u00eb TEC-ve, t\u2019ia jap serbit anti-shqiptar Damir Fazlli\u00e7, duke nxjerr jasht\u00eb loje kompanit\u00eb investuese e nd\u00ebrtuese shqiptare.<\/p>\n<p>20. Sali Berisha, me pushtetin e tij absolut si kryeminist\u00ebr, em\u00ebroi serbin anti-shqiptar Damir Fazlli\u00e7, si an\u00ebtar t\u00eb K\u00ebshillit t\u00eb Siguris\u00eb Komb\u00ebtare Shqiptare, me t\u00eb drejt\u00eb t\u00eb plot\u00eb p\u00ebr t\u00eb marr\u00eb e kontrolluar \u00e7do informacion mbi zhvillimet apo sekretet q\u00eb lidhen me sigurin\u00eb komb\u00ebtare t\u00eb Shqip\u00ebris\u00eb.<\/p>\n<p>21. Sali Berisha, ende pa u kthyer n\u00eb pushtet n\u00eb vitin 2005, me porosin\u00eb e sh\u00ebrbimeve sekrete serbe, futi n\u00eb PD, n\u00eb politik\u00ebn shqiptare dhe n\u00eb kupol\u00ebn e qeveris\u00eb, eksponentin pro-serb Lul\u00ebzim Basha, i cili n\u00eb bashk\u00ebveprim me sh\u00ebrbimet sekrete serbe, ka p\u00ebrgatitur sipas platform\u00ebs serbe dosjet hetimore p\u00ebr arrestimin, burgosjen dhe vrasjen e 30 drejtuesve e luft\u00ebtar\u00ebve t\u00eb U\u00c7K.<\/p>\n<p>22. Sali Berisha, me fuqin\u00eb e pushtetit absolut si kryeminist\u00ebr, n\u00eb k\u00ebto 8 vite vjet pushtet, pengoi futjen e prodhimeve kosovare n\u00eb Shqip\u00ebri e ato shqiptare n\u00eb Kosov\u00eb, nd\u00ebrkoh\u00eb q\u00eb ka l\u00ebn\u00eb t\u00eb lir\u00eb tregun shqiptar p\u00ebr prodhimet serbe.<\/p>\n<p>23. Sali Berisha, urdh\u00ebroi n\u00eb 26 n\u00ebntor 2011, firmosjen e marr\u00ebveshjes me Rusin\u00eb, sipas t\u00eb cil\u00ebs Shqip\u00ebria p\u00ebrfshihet n\u00eb \u201cgrupin\u201d ruso-ballkanik t\u00eb drejtuar nga Serbia, me objeksion kontrollin e zhvillimeve t\u00eb pavar\u00ebsis\u00eb n\u00eb Kosov\u00eb, maskuar ky kontroll bllokues mbi Kosov\u00ebn, n\u00ebn dekorin fals t\u00eb gjoja \u201dluft\u00ebs rajonale kund\u00ebr drog\u00ebs\u201d.<\/p>\n<p>24. Sali Berisha, me misionin p\u00ebr t\u2019i sh\u00ebrbyer Greqis\u00eb, kryeministri inskenoi fshehtas shqiptar\u00ebve dhe b\u00ebri ligj paktin antikomb\u00ebtar, p\u00ebr t\u2019u falur grek\u00ebve uj\u00ebrat territoriale detare shqiptare.<\/p>\n<p>25. Sali Berisha, me misionin anti-shqiptar p\u00ebr t\u00eb \u00e7\u2019komb\u00ebtarizuar shqiptar\u00ebt, inskenoi fshehtas shqiptar\u00ebve dhe b\u00ebri ligj regjistrimin e popullsis\u00eb shqiptare sipas komb\u00ebsis\u00eb e fes\u00eb, p\u00ebr t\u00eb legalizuar bot\u00ebrisht e kushtetueshm\u00ebrisht, shtimin fiktiv t\u00eb popullsive t\u00eb minoritetit grek, serb, maqedanas, rumun\u00eb, bullgar\u00eb, malazez\u00eb n\u00eb Shqip\u00ebri, me objeksion kthimin e Shqip\u00ebris\u00eb, n\u00eb shtet multi-etnik.<\/p>\n<p>26. Sali Berisha, me misionin anti-shqiptar p\u00ebr t\u00eb shkat\u00ebrruar vendin, n\u00eb bashk\u00ebveprim me mafien italo-serbe, inskenoi dhe miratoi ligjin p\u00ebr kthimin e Shqip\u00ebris\u00eb n\u00eb depozit\u00eb dhe super fabrik\u00eb p\u00ebrpunuese t\u00eb plehrave t\u00eb bot\u00ebs, duke bashk\u00ebpunuar me grupet mafioze rajonale \u201cCAMORRA\u201d dhe NDRAGHETA\u201d .<\/p>\n<p>27. Sali Berisha, n\u00eb em\u00ebr t\u00eb \u201catdhetarizmit\u201d e \u201cpatriotizmit\u201d ndaj Shqip\u00ebris\u00eb e Kosov\u00ebs, bllokoi projektin p\u00ebr nd\u00ebrtimin e linj\u00ebs 400-kilovolt\u00eb t\u00eb inter-konjeksionit energjetik Kosov\u00eb-Shqip\u00ebri, duke i dh\u00ebn\u00eb Serbis\u00eb monopolin e tregut t\u00eb energjis\u00eb n\u00eb Kosov\u00eb e n\u00eb rajon.<\/p>\n<p>28. Kryeministri Sali Berisha, n\u00eb em\u00ebr t\u00eb \u201catdhetarizmit e \u201cpatriotizmit\u201d si shqiptar, u shiti ortak\u00ebve, miqve t\u00eb tij q\u00eb e mbajn\u00eb n\u00eb pushtet dhe grupeve t\u00eb huaja mafioze pasurit\u00eb komb\u00ebtare, n\u00ebn politik\u00ebn pla\u00e7kit\u00ebse \u201cShqip\u00ebria 1 euro\u201d, duke i dh\u00ebn\u00eb k\u00ebto n\u00eb form\u00eb koncensionesh e privatizimesh kriminale.<\/p>\n<p>29. Sali Berisha, n\u00eb 8 vite pushtet, por edhe n\u00eb 5 vitet e sundimit 1992-1997, zbatoi platform\u00eb qeveris\u00ebse dhe politika ekstra regresive, duke bllokuar 3 her\u00eb Statusin e Shqip\u00ebris\u00eb si vend kandidat n\u00eb BE, nd\u00ebrkoh\u00eb q\u00eb shprehu k\u00ebnaq\u00ebsi t\u00eb madhe dhe p\u00ebrsh\u00ebndeti marrjen e k\u00ebtij Statusi prej Serbis\u00eb.<\/p>\n<p>30. Sali Berisha, n\u00eb pushtetin e tij t\u00eb viteve 1992-1997 ka miratuar 345 ligje pro interesave serbe-greke dhe 975 ligje pro serbe-greke p\u00ebr energjin\u00eb, kufijt\u00eb, shtet\u00ebsin\u00eb, etnin\u00eb, fen\u00eb, bankat, arsimin, tregtin\u00eb dhe monopolet. \/<em>Marre nga Gazeta SOT<\/em>\/<\/p>\n","protected":false},"excerpt":{"rendered":"<p>Nga P\u00ebrparim Halili, 28 Qershor 2013 Ikja e Sali Berish\u00ebs nga politika pas 23 vitesh, nuk mund t\u00eb marr\u00eb me vete e t\u00eb \u201czhduk\u00eb\u201d dhe posht\u00ebrsit\u00eb, krimet dhe q\u00ebndrimet e tij antishqiptare, t\u00eb cilat i ka realizuar me devocion dhe si \u201cmisionar\u201d p\u00ebr t\u00eb shkat\u00ebrruar Shqip\u00ebrin\u00eb e p\u00ebr t\u00eb bllokuar integrimin e vendit n\u00eb BE. [&hellip;]<\/p>\n","protected":false},"author":1,"featured_media":0,"comment_status":"open","ping_status":"closed","sticky":false,"template":"","format":"standard","meta":{"footnotes":""},"categories":[2],"tags":[],"class_list":{"0":"post-12898","1":"post","2":"type-post","3":"status-publish","4":"format-standard","6":"category-artikuj"},"yoast_head":"<!-- This site is optimized with the Yoast SEO plugin v27.4 - https:\/\/yoast.com\/product\/yoast-seo-wordpress\/ -->\n<title>Ja sh\u00ebrbimet 23 vje\u00e7are pro greko-serbe t\u00eb misionarit anti-shqiptar Sali Berisha - FjALA e LIR\u00cb - Arkivi<\/title>\n<meta name=\"robots\" content=\"index, follow, max-snippet:-1, max-image-preview:large, max-video-preview:-1\" \/>\n<link rel=\"canonical\" href=\"https:\/\/fjala.info\/2009-2015\/ja-sherbimet-23-vjecare-pro-greko-serbe-te-misionarit-anti-shqiptar-sali-berisha\/\" \/>\n<meta property=\"og:locale\" content=\"sq_AL\" \/>\n<meta property=\"og:type\" content=\"article\" \/>\n<meta property=\"og:title\" content=\"Ja sh\u00ebrbimet 23 vje\u00e7are pro greko-serbe t\u00eb misionarit anti-shqiptar Sali Berisha - FjALA e LIR\u00cb - Arkivi\" \/>\n<meta property=\"og:description\" content=\"Nga P\u00ebrparim Halili, 28 Qershor 2013 Ikja e Sali Berish\u00ebs nga politika pas 23 vitesh, nuk mund t\u00eb marr\u00eb me vete e t\u00eb \u201czhduk\u00eb\u201d dhe posht\u00ebrsit\u00eb, krimet dhe q\u00ebndrimet e tij antishqiptare, t\u00eb cilat i ka realizuar me devocion dhe si \u201cmisionar\u201d p\u00ebr t\u00eb shkat\u00ebrruar Shqip\u00ebrin\u00eb e p\u00ebr t\u00eb bllokuar integrimin e vendit n\u00eb BE. [&hellip;]\" \/>\n<meta property=\"og:url\" content=\"https:\/\/fjala.info\/2009-2015\/ja-sherbimet-23-vjecare-pro-greko-serbe-te-misionarit-anti-shqiptar-sali-berisha\/\" \/>\n<meta property=\"og:site_name\" content=\"FjALA e LIR\u00cb - Arkivi\" \/>\n<meta property=\"article:published_time\" content=\"2013-06-29T06:15:31+00:00\" \/>\n<meta property=\"og:image\" content=\"http:\/\/www.fjala.info\/2013\/berisha_dhune.jpg\" \/>\n<meta name=\"author\" content=\"admin\" \/>\n<meta name=\"twitter:card\" content=\"summary_large_image\" \/>\n<meta name=\"twitter:label1\" content=\"Written by\" \/>\n\t<meta name=\"twitter:data1\" content=\"admin\" \/>\n\t<meta name=\"twitter:label2\" content=\"Est. reading time\" \/>\n\t<meta name=\"twitter:data2\" content=\"11 minutes\" \/>\n<script type=\"application\/ld+json\" class=\"yoast-schema-graph\">{\"@context\":\"https:\\\/\\\/schema.org\",\"@graph\":[{\"@type\":\"Article\",\"@id\":\"https:\\\/\\\/fjala.info\\\/2009-2015\\\/ja-sherbimet-23-vjecare-pro-greko-serbe-te-misionarit-anti-shqiptar-sali-berisha\\\/#article\",\"isPartOf\":{\"@id\":\"https:\\\/\\\/fjala.info\\\/2009-2015\\\/ja-sherbimet-23-vjecare-pro-greko-serbe-te-misionarit-anti-shqiptar-sali-berisha\\\/\"},\"author\":{\"name\":\"admin\",\"@id\":\"https:\\\/\\\/fjala.info\\\/2009-2015\\\/#\\\/schema\\\/person\\\/3aa1163ef05469c496fc94e77611ada2\"},\"headline\":\"Ja sh\u00ebrbimet 23 vje\u00e7are pro greko-serbe t\u00eb misionarit anti-shqiptar Sali Berisha\",\"datePublished\":\"2013-06-29T06:15:31+00:00\",\"mainEntityOfPage\":{\"@id\":\"https:\\\/\\\/fjala.info\\\/2009-2015\\\/ja-sherbimet-23-vjecare-pro-greko-serbe-te-misionarit-anti-shqiptar-sali-berisha\\\/\"},\"wordCount\":2159,\"commentCount\":0,\"publisher\":{\"@id\":\"https:\\\/\\\/fjala.info\\\/2009-2015\\\/#organization\"},\"image\":{\"@id\":\"https:\\\/\\\/fjala.info\\\/2009-2015\\\/ja-sherbimet-23-vjecare-pro-greko-serbe-te-misionarit-anti-shqiptar-sali-berisha\\\/#primaryimage\"},\"thumbnailUrl\":\"http:\\\/\\\/www.fjala.info\\\/2013\\\/berisha_dhune.jpg\",\"articleSection\":[\"Artikuj\"],\"inLanguage\":\"sq-AL\",\"potentialAction\":[{\"@type\":\"CommentAction\",\"name\":\"Comment\",\"target\":[\"https:\\\/\\\/fjala.info\\\/2009-2015\\\/ja-sherbimet-23-vjecare-pro-greko-serbe-te-misionarit-anti-shqiptar-sali-berisha\\\/#respond\"]}]},{\"@type\":\"WebPage\",\"@id\":\"https:\\\/\\\/fjala.info\\\/2009-2015\\\/ja-sherbimet-23-vjecare-pro-greko-serbe-te-misionarit-anti-shqiptar-sali-berisha\\\/\",\"url\":\"https:\\\/\\\/fjala.info\\\/2009-2015\\\/ja-sherbimet-23-vjecare-pro-greko-serbe-te-misionarit-anti-shqiptar-sali-berisha\\\/\",\"name\":\"Ja sh\u00ebrbimet 23 vje\u00e7are pro greko-serbe t\u00eb misionarit anti-shqiptar Sali Berisha - FjALA e LIR\u00cb - Arkivi\",\"isPartOf\":{\"@id\":\"https:\\\/\\\/fjala.info\\\/2009-2015\\\/#website\"},\"primaryImageOfPage\":{\"@id\":\"https:\\\/\\\/fjala.info\\\/2009-2015\\\/ja-sherbimet-23-vjecare-pro-greko-serbe-te-misionarit-anti-shqiptar-sali-berisha\\\/#primaryimage\"},\"image\":{\"@id\":\"https:\\\/\\\/fjala.info\\\/2009-2015\\\/ja-sherbimet-23-vjecare-pro-greko-serbe-te-misionarit-anti-shqiptar-sali-berisha\\\/#primaryimage\"},\"thumbnailUrl\":\"http:\\\/\\\/www.fjala.info\\\/2013\\\/berisha_dhune.jpg\",\"datePublished\":\"2013-06-29T06:15:31+00:00\",\"breadcrumb\":{\"@id\":\"https:\\\/\\\/fjala.info\\\/2009-2015\\\/ja-sherbimet-23-vjecare-pro-greko-serbe-te-misionarit-anti-shqiptar-sali-berisha\\\/#breadcrumb\"},\"inLanguage\":\"sq-AL\",\"potentialAction\":[{\"@type\":\"ReadAction\",\"target\":[\"https:\\\/\\\/fjala.info\\\/2009-2015\\\/ja-sherbimet-23-vjecare-pro-greko-serbe-te-misionarit-anti-shqiptar-sali-berisha\\\/\"]}]},{\"@type\":\"ImageObject\",\"inLanguage\":\"sq-AL\",\"@id\":\"https:\\\/\\\/fjala.info\\\/2009-2015\\\/ja-sherbimet-23-vjecare-pro-greko-serbe-te-misionarit-anti-shqiptar-sali-berisha\\\/#primaryimage\",\"url\":\"http:\\\/\\\/www.fjala.info\\\/2013\\\/berisha_dhune.jpg\",\"contentUrl\":\"http:\\\/\\\/www.fjala.info\\\/2013\\\/berisha_dhune.jpg\"},{\"@type\":\"BreadcrumbList\",\"@id\":\"https:\\\/\\\/fjala.info\\\/2009-2015\\\/ja-sherbimet-23-vjecare-pro-greko-serbe-te-misionarit-anti-shqiptar-sali-berisha\\\/#breadcrumb\",\"itemListElement\":[{\"@type\":\"ListItem\",\"position\":1,\"name\":\"Home\",\"item\":\"https:\\\/\\\/fjala.info\\\/2009-2015\\\/\"},{\"@type\":\"ListItem\",\"position\":2,\"name\":\"Ja sh\u00ebrbimet 23 vje\u00e7are pro greko-serbe t\u00eb misionarit anti-shqiptar Sali Berisha\"}]},{\"@type\":\"WebSite\",\"@id\":\"https:\\\/\\\/fjala.info\\\/2009-2015\\\/#website\",\"url\":\"https:\\\/\\\/fjala.info\\\/2009-2015\\\/\",\"name\":\"FjALA e LIR\u00cb - Arkivi\",\"description\":\"Arkivi 2009-2015\",\"publisher\":{\"@id\":\"https:\\\/\\\/fjala.info\\\/2009-2015\\\/#organization\"},\"potentialAction\":[{\"@type\":\"SearchAction\",\"target\":{\"@type\":\"EntryPoint\",\"urlTemplate\":\"https:\\\/\\\/fjala.info\\\/2009-2015\\\/?s={search_term_string}\"},\"query-input\":{\"@type\":\"PropertyValueSpecification\",\"valueRequired\":true,\"valueName\":\"search_term_string\"}}],\"inLanguage\":\"sq-AL\"},{\"@type\":\"Organization\",\"@id\":\"https:\\\/\\\/fjala.info\\\/2009-2015\\\/#organization\",\"name\":\"FjALA e LIR\u00cb - Arkivi\",\"url\":\"https:\\\/\\\/fjala.info\\\/2009-2015\\\/\",\"logo\":{\"@type\":\"ImageObject\",\"inLanguage\":\"sq-AL\",\"@id\":\"https:\\\/\\\/fjala.info\\\/2009-2015\\\/#\\\/schema\\\/logo\\\/image\\\/\",\"url\":\"\",\"contentUrl\":\"\",\"caption\":\"FjALA e LIR\u00cb - Arkivi\"},\"image\":{\"@id\":\"https:\\\/\\\/fjala.info\\\/2009-2015\\\/#\\\/schema\\\/logo\\\/image\\\/\"}},{\"@type\":\"Person\",\"@id\":\"https:\\\/\\\/fjala.info\\\/2009-2015\\\/#\\\/schema\\\/person\\\/3aa1163ef05469c496fc94e77611ada2\",\"name\":\"admin\",\"image\":{\"@type\":\"ImageObject\",\"inLanguage\":\"sq-AL\",\"@id\":\"https:\\\/\\\/fjala.info\\\/2009-2015\\\/wp-content\\\/uploads\\\/2012\\\/02\\\/arben_cokaj-120x150.jpg\",\"url\":\"https:\\\/\\\/fjala.info\\\/2009-2015\\\/wp-content\\\/uploads\\\/2012\\\/02\\\/arben_cokaj-120x150.jpg\",\"contentUrl\":\"https:\\\/\\\/fjala.info\\\/2009-2015\\\/wp-content\\\/uploads\\\/2012\\\/02\\\/arben_cokaj-120x150.jpg\",\"caption\":\"admin\"},\"description\":\"Admin, Fjala e Lir\u00eb\",\"sameAs\":[\"https:\\\/\\\/fjala.info\\\/\"],\"url\":\"https:\\\/\\\/fjala.info\\\/2009-2015\\\/author\\\/admin\\\/\"}]}<\/script>\n<!-- \/ Yoast SEO plugin. -->","yoast_head_json":{"title":"Ja sh\u00ebrbimet 23 vje\u00e7are pro greko-serbe t\u00eb misionarit anti-shqiptar Sali Berisha - FjALA e LIR\u00cb - Arkivi","robots":{"index":"index","follow":"follow","max-snippet":"max-snippet:-1","max-image-preview":"max-image-preview:large","max-video-preview":"max-video-preview:-1"},"canonical":"https:\/\/fjala.info\/2009-2015\/ja-sherbimet-23-vjecare-pro-greko-serbe-te-misionarit-anti-shqiptar-sali-berisha\/","og_locale":"sq_AL","og_type":"article","og_title":"Ja sh\u00ebrbimet 23 vje\u00e7are pro greko-serbe t\u00eb misionarit anti-shqiptar Sali Berisha - FjALA e LIR\u00cb - Arkivi","og_description":"Nga P\u00ebrparim Halili, 28 Qershor 2013 Ikja e Sali Berish\u00ebs nga politika pas 23 vitesh, nuk mund t\u00eb marr\u00eb me vete e t\u00eb \u201czhduk\u00eb\u201d dhe posht\u00ebrsit\u00eb, krimet dhe q\u00ebndrimet e tij antishqiptare, t\u00eb cilat i ka realizuar me devocion dhe si \u201cmisionar\u201d p\u00ebr t\u00eb shkat\u00ebrruar Shqip\u00ebrin\u00eb e p\u00ebr t\u00eb bllokuar integrimin e vendit n\u00eb BE. [&hellip;]","og_url":"https:\/\/fjala.info\/2009-2015\/ja-sherbimet-23-vjecare-pro-greko-serbe-te-misionarit-anti-shqiptar-sali-berisha\/","og_site_name":"FjALA e LIR\u00cb - Arkivi","article_published_time":"2013-06-29T06:15:31+00:00","og_image":[{"url":"http:\/\/www.fjala.info\/2013\/berisha_dhune.jpg","type":"","width":"","height":""}],"author":"admin","twitter_card":"summary_large_image","twitter_misc":{"Written by":"admin","Est. reading time":"11 minutes"},"schema":{"@context":"https:\/\/schema.org","@graph":[{"@type":"Article","@id":"https:\/\/fjala.info\/2009-2015\/ja-sherbimet-23-vjecare-pro-greko-serbe-te-misionarit-anti-shqiptar-sali-berisha\/#article","isPartOf":{"@id":"https:\/\/fjala.info\/2009-2015\/ja-sherbimet-23-vjecare-pro-greko-serbe-te-misionarit-anti-shqiptar-sali-berisha\/"},"author":{"name":"admin","@id":"https:\/\/fjala.info\/2009-2015\/#\/schema\/person\/3aa1163ef05469c496fc94e77611ada2"},"headline":"Ja sh\u00ebrbimet 23 vje\u00e7are pro greko-serbe t\u00eb misionarit anti-shqiptar Sali Berisha","datePublished":"2013-06-29T06:15:31+00:00","mainEntityOfPage":{"@id":"https:\/\/fjala.info\/2009-2015\/ja-sherbimet-23-vjecare-pro-greko-serbe-te-misionarit-anti-shqiptar-sali-berisha\/"},"wordCount":2159,"commentCount":0,"publisher":{"@id":"https:\/\/fjala.info\/2009-2015\/#organization"},"image":{"@id":"https:\/\/fjala.info\/2009-2015\/ja-sherbimet-23-vjecare-pro-greko-serbe-te-misionarit-anti-shqiptar-sali-berisha\/#primaryimage"},"thumbnailUrl":"http:\/\/www.fjala.info\/2013\/berisha_dhune.jpg","articleSection":["Artikuj"],"inLanguage":"sq-AL","potentialAction":[{"@type":"CommentAction","name":"Comment","target":["https:\/\/fjala.info\/2009-2015\/ja-sherbimet-23-vjecare-pro-greko-serbe-te-misionarit-anti-shqiptar-sali-berisha\/#respond"]}]},{"@type":"WebPage","@id":"https:\/\/fjala.info\/2009-2015\/ja-sherbimet-23-vjecare-pro-greko-serbe-te-misionarit-anti-shqiptar-sali-berisha\/","url":"https:\/\/fjala.info\/2009-2015\/ja-sherbimet-23-vjecare-pro-greko-serbe-te-misionarit-anti-shqiptar-sali-berisha\/","name":"Ja sh\u00ebrbimet 23 vje\u00e7are pro greko-serbe t\u00eb misionarit anti-shqiptar Sali Berisha - FjALA e LIR\u00cb - Arkivi","isPartOf":{"@id":"https:\/\/fjala.info\/2009-2015\/#website"},"primaryImageOfPage":{"@id":"https:\/\/fjala.info\/2009-2015\/ja-sherbimet-23-vjecare-pro-greko-serbe-te-misionarit-anti-shqiptar-sali-berisha\/#primaryimage"},"image":{"@id":"https:\/\/fjala.info\/2009-2015\/ja-sherbimet-23-vjecare-pro-greko-serbe-te-misionarit-anti-shqiptar-sali-berisha\/#primaryimage"},"thumbnailUrl":"http:\/\/www.fjala.info\/2013\/berisha_dhune.jpg","datePublished":"2013-06-29T06:15:31+00:00","breadcrumb":{"@id":"https:\/\/fjala.info\/2009-2015\/ja-sherbimet-23-vjecare-pro-greko-serbe-te-misionarit-anti-shqiptar-sali-berisha\/#breadcrumb"},"inLanguage":"sq-AL","potentialAction":[{"@type":"ReadAction","target":["https:\/\/fjala.info\/2009-2015\/ja-sherbimet-23-vjecare-pro-greko-serbe-te-misionarit-anti-shqiptar-sali-berisha\/"]}]},{"@type":"ImageObject","inLanguage":"sq-AL","@id":"https:\/\/fjala.info\/2009-2015\/ja-sherbimet-23-vjecare-pro-greko-serbe-te-misionarit-anti-shqiptar-sali-berisha\/#primaryimage","url":"http:\/\/www.fjala.info\/2013\/berisha_dhune.jpg","contentUrl":"http:\/\/www.fjala.info\/2013\/berisha_dhune.jpg"},{"@type":"BreadcrumbList","@id":"https:\/\/fjala.info\/2009-2015\/ja-sherbimet-23-vjecare-pro-greko-serbe-te-misionarit-anti-shqiptar-sali-berisha\/#breadcrumb","itemListElement":[{"@type":"ListItem","position":1,"name":"Home","item":"https:\/\/fjala.info\/2009-2015\/"},{"@type":"ListItem","position":2,"name":"Ja sh\u00ebrbimet 23 vje\u00e7are pro greko-serbe t\u00eb misionarit anti-shqiptar Sali Berisha"}]},{"@type":"WebSite","@id":"https:\/\/fjala.info\/2009-2015\/#website","url":"https:\/\/fjala.info\/2009-2015\/","name":"FjALA e LIR\u00cb - Arkivi","description":"Arkivi 2009-2015","publisher":{"@id":"https:\/\/fjala.info\/2009-2015\/#organization"},"potentialAction":[{"@type":"SearchAction","target":{"@type":"EntryPoint","urlTemplate":"https:\/\/fjala.info\/2009-2015\/?s={search_term_string}"},"query-input":{"@type":"PropertyValueSpecification","valueRequired":true,"valueName":"search_term_string"}}],"inLanguage":"sq-AL"},{"@type":"Organization","@id":"https:\/\/fjala.info\/2009-2015\/#organization","name":"FjALA e LIR\u00cb - Arkivi","url":"https:\/\/fjala.info\/2009-2015\/","logo":{"@type":"ImageObject","inLanguage":"sq-AL","@id":"https:\/\/fjala.info\/2009-2015\/#\/schema\/logo\/image\/","url":"","contentUrl":"","caption":"FjALA e LIR\u00cb - Arkivi"},"image":{"@id":"https:\/\/fjala.info\/2009-2015\/#\/schema\/logo\/image\/"}},{"@type":"Person","@id":"https:\/\/fjala.info\/2009-2015\/#\/schema\/person\/3aa1163ef05469c496fc94e77611ada2","name":"admin","image":{"@type":"ImageObject","inLanguage":"sq-AL","@id":"https:\/\/fjala.info\/2009-2015\/wp-content\/uploads\/2012\/02\/arben_cokaj-120x150.jpg","url":"https:\/\/fjala.info\/2009-2015\/wp-content\/uploads\/2012\/02\/arben_cokaj-120x150.jpg","contentUrl":"https:\/\/fjala.info\/2009-2015\/wp-content\/uploads\/2012\/02\/arben_cokaj-120x150.jpg","caption":"admin"},"description":"Admin, Fjala e Lir\u00eb","sameAs":["https:\/\/fjala.info\/"],"url":"https:\/\/fjala.info\/2009-2015\/author\/admin\/"}]}},"_links":{"self":[{"href":"https:\/\/fjala.info\/2009-2015\/wp-json\/wp\/v2\/posts\/12898","targetHints":{"allow":["GET"]}}],"collection":[{"href":"https:\/\/fjala.info\/2009-2015\/wp-json\/wp\/v2\/posts"}],"about":[{"href":"https:\/\/fjala.info\/2009-2015\/wp-json\/wp\/v2\/types\/post"}],"author":[{"embeddable":true,"href":"https:\/\/fjala.info\/2009-2015\/wp-json\/wp\/v2\/users\/1"}],"replies":[{"embeddable":true,"href":"https:\/\/fjala.info\/2009-2015\/wp-json\/wp\/v2\/comments?post=12898"}],"version-history":[{"count":0,"href":"https:\/\/fjala.info\/2009-2015\/wp-json\/wp\/v2\/posts\/12898\/revisions"}],"wp:attachment":[{"href":"https:\/\/fjala.info\/2009-2015\/wp-json\/wp\/v2\/media?parent=12898"}],"wp:term":[{"taxonomy":"category","embeddable":true,"href":"https:\/\/fjala.info\/2009-2015\/wp-json\/wp\/v2\/categories?post=12898"},{"taxonomy":"post_tag","embeddable":true,"href":"https:\/\/fjala.info\/2009-2015\/wp-json\/wp\/v2\/tags?post=12898"}],"curies":[{"name":"wp","href":"https:\/\/api.w.org\/{rel}","templated":true}]}}