{"id":12897,"date":"2013-06-28T06:51:50","date_gmt":"2013-06-28T05:51:50","guid":{"rendered":"http:\/\/fjala.info\/?p=3410"},"modified":"2013-06-28T06:51:50","modified_gmt":"2013-06-28T05:51:50","slug":"del-nga-dera-e-hyn-nga-dritarja-pasi-e-kemi-qare-me-lote","status":"publish","type":"post","link":"https:\/\/fjala.info\/2009-2015\/del-nga-dera-e-hyn-nga-dritarja-pasi-e-kemi-qare-me-lote\/","title":{"rendered":"DEL NGA DERA E HYN NGA DRITARJA PASI E KEMI QARE ME LOTE"},"content":{"rendered":"<p><img decoding=\"async\" class=\"alignright size-thumbnail wp-image-7236\" title=\"Kolec TRABOINI\" alt=\"\" src=\"http:\/\/www.fjala.info\/2013\/kolec_traboini_2013.jpg\" width=\"150\" \/> Nga <strong>Kolec TRABOINI<\/strong><\/p>\n<p>Pam\u00eb t\u00eb qajn\u00eb ca ithar\u00eb t\u00eb liderit q\u00eb tha nj\u00eb fjal\u00eb se do t\u00eb ikte. Ata po qanin krejt pa ditur se ku po ikte udh\u00ebheq\u00ebsi i madh i Partis\u00eb ngarkuar me bagazhin e r\u00ebnd\u00eb t\u00eb humb\u00ebsit. Mos ishte n\u00eb nj\u00eb avion e po shkonte kahmos e pa kthim. Pam\u00eb t\u00eb qanin jo vet\u00ebm ca riosh q\u00eb nuk do t\u00eb ngurronin tek sht\u00ebpia e liderit t\u00eb th\u00ebrrisnin \u201cTropoja, Tropoja\u201d, \u00e7far\u00eb u muar vesh se ishin bijt\u00eb e atyre q\u00eb gjat\u00eb k\u00ebtyre tet\u00eb vjet\u00ebve a me par\u00eb kishin ardhur me shumic\u00eb nga vendlindja e kryeministrit, kishin gjetur edhe pun\u00eb e ishin sistemuar p\u00ebr bukuri kur djemt\u00eb e Tiran\u00ebs vinin v\u00ebrdall\u00eb pa asnj\u00eb shpres\u00eb.<\/p>\n<p>Po lot\u00ebt u pan\u00eb edhe tek z\u00ebdh\u00ebnset e shtypit t\u00eb partis\u00eb. Kishim koh\u00eb q\u00eb nuk kishim par\u00eb t\u00eb tilla elegji kolektive publike q\u00eb nga koha e p\u00ebrcjelljes n\u00eb bot\u00ebn tjet\u00ebr t\u00eb diktatorit Enver Hoxha e ku na shfaqet n\u00eb film edhe intervista e funeral pik\u00ebllimit t\u00eb vet\u00eb Mehdi G\u00ebrdeci. Tashm\u00eb dihet kush \u00ebsht\u00eb Mehdi G\u00ebrdeci ministri i Qeveris Berisha p\u00ebr tet\u00eb vjet, t\u00eb cilit pas masakr\u00ebs s\u00eb orkestruar prej tij, populli i vuri epitetin kob\u00ebzi. Njeriu kob. Nj\u00eb soj njeriu q\u00eb n\u00eb saj t\u00eb zgjedhjeve parlamentare me lista siguron imunitetin e deputetit dhe pand\u00ebshkushm\u00ebrin\u00eb e p\u00ebrjet\u00ebshme. Nuk e dim\u00eb n\u00ebse ka qar\u00eb ky lider republikan k\u00ebsaj her\u00eb p\u00ebr Kryeministrin si\u00e7 qante p\u00ebr Enverin.<\/p>\n<p>Pra n\u00eb k\u00ebt\u00eb histeri na u krijua p\u00ebrshtypja se m\u00eb nuk do t\u00eb na e shihnin syt\u00eb liderin e shpartalluar prej popullit m\u00eb shum\u00eb se sa prej opozit\u00ebs. Por \u00e7far\u00eb g\u00ebnjesht\u00ebr p\u00ebr guiness. Kryeministri doli n\u00eb dark\u00eb n\u00eb ballkon n\u00eb sht\u00ebpin\u00eb e tij p\u00ebrsh\u00ebndeti bashk\u00eb me Lirin\u00eb dhe &#8230;ne shkuam t\u00eb flinim t\u00eb qet\u00eb me mendimin se m\u00eb nuk do ta shihnim n\u00eb lajmet \u00e7m\u00ebndurake televizive ku ai na kish mbir\u00eb n\u00eb sy. Por e nes\u00ebrmja nuk na buz\u00ebqeshi ne por atij. Sa hap\u00ebm televizorin dhe i pari lajm qe Sali Berisha n\u00eb mbledhjen e qeveris\u00eb s\u00eb tij duke folur p\u00ebr suksese e fitore t\u00eb cilat nuk kish mundur me sa duket ti rrumbullakoste n\u00eb fjalimin e lamtumir\u00ebs s\u00eb mbr\u00ebmjes s\u00eb kaluar.<\/p>\n<p>I kish mbetur di\u00e7ka nga fitoret pa th\u00ebn\u00eb p\u00ebr ti shprehur t\u00eb nes\u00ebrmen p\u00ebrpara ministrave t\u00eb tij t\u00eb shushatur q\u00eb m\u00eb shum\u00eb e kishin mendjen si t\u00eb fshihnin parat\u00eb e pasurit\u00eb se sa tek fjal\u00ebt e Kryeministrit p\u00ebr gazsjell\u00ebsin TAP. Kryeministri doli. Delirant si gjithnj\u00eb. Fitimtar si gjithnj\u00eb. Autoritar si gjithnj\u00eb por ve\u00e7 edhe i squllur m\u00eb shum\u00eb se kurr\u00eb. K\u00ebshtu asnj\u00eb sh\u00ebnj\u00eb se po na ikte nuk kish. Po ai ishte n\u00eb t\u00eb drejt\u00ebn e tij sepse edhe kish theksuar, un\u00eb po iki po ky nuk \u00ebsht\u00eb fjalimi i fundit i lamtumir\u00ebs. Si t\u00eb thuash mos u ngutni t\u00eb m\u00eb b\u00ebni nekrologji politike. Loj\u00eb fjal\u00ebsh me dykuptime. Shteg p\u00ebr tu kthyer saher\u00eb t\u00eb donte.<\/p>\n<p>Po pse ike o Kryeminist\u00ebr dhe sa shpejt erdhe&#8230;.jo me shum\u00eb se dhjet\u00eb or\u00eb mbasi the po iki dhe u p\u00ebrlot\u00ebn njer\u00ebzit e tu, e ca adoloshent\u00eb q\u00eb u shkrehen fare e fshinin hund\u00ebt fort. Edhe ti Kryeminist\u00ebr n\u00eb fakt i fshive dhe me shami n\u00eb hund\u00eb u pe n\u00eb t\u00eb gjitha gazetat e Europ\u00ebs e deri n\u00eb Amerik\u00eb.<br \/>\nN\u00eb t\u00eb v\u00ebrtet\u00eb t\u00eb tilla ikje nuk i kishim par\u00eb q\u00eb mote e mote. Nj\u00eb ikje pa ikje. Nj\u00eb rr\u00ebn\u00eb me bisht. Nj\u00eb bisht q\u00eb mblidhet e p\u00ebrdrillet rrotull nesh. Mu kujtua nj\u00eb e ngjame q\u00eb tregonin n\u00eb nj\u00eb fshat, p\u00ebr nj\u00eb koh\u00eb t\u00eb larg\u00ebt e humbur n\u00eb histori. K\u00ebshtu mund t\u00eb konsiderohet koha kur sundonin me dor\u00eb t\u00eb hekurt turqit osmanllinj.<\/p>\n<p>Nj\u00eb fshat i larg\u00ebt pra, q\u00eb shquhej p\u00ebr shpirtin e but\u00eb e t\u00eb mir\u00eb, e p\u00ebsonte keq prej pushtuesve t\u00eb cil\u00ebt vinin dhe her\u00eb pas here, si gjenin nj\u00eb sebep, mblidhnin gjith\u00eb fshatin dhe i shtronin n\u00eb dru q\u00eb t\u00eb gjith\u00eb burrat nga 16 n\u00eb 70 vje\u00e7. T\u00ebr\u00eb sebepi qe nj\u00eb djal\u00eb i fshatit q\u00eb e quajt\u00ebn Luciferr( drita e ferrit pra vete djalli) i cili b\u00ebnte shum\u00eb sherre, vidhte, vriste, digjte e b\u00ebnte \u00e7far\u00eb ti thoshte koka e tij prej \u00e7m\u00ebnduraku. Nj\u00eb sherr b\u00ebnte ky sebepliu dhe l\u00ebshoheshin jeni\u00e7er\u00ebt turko- osman\u00eb dhe e zhd\u00ebpnin n\u00eb dru t\u00ebr\u00eb fshatin. Ju nxi jeta njer\u00ebzve.<\/p>\n<p>Po njeriu ngandonj\u00eb her\u00eb na q\u00ebnka m\u00eb i duruar se vet\u00eb kali. U s\u00ebmur nj\u00eb dit\u00eb sjell\u00ebsi i fatkeq\u00ebsive t\u00eb fshatit e u shtri sa gjat\u00eb gj\u00ebr\u00eb n\u00eb mes t\u00eb nj\u00eb l\u00ebndine. Erdh\u00ebn njer\u00ebzit dhe meq\u00eb ishin zem\u00ebrmir\u00eb nis\u00ebn t\u00eb p\u00ebrlot\u00ebn.<br \/>\n&#8211; A mi falni fajet e m\u00ebkatet se po vdes &#8211; tha Luciferri.<br \/>\nNjer\u00ebzit t\u00eb pik\u00eblluar se bir t\u00eb fshatit e kishin i dhan\u00eb fjal\u00ebn se e falnin prandaj t\u00eb prehej i qet\u00eb n\u00ebn dh\u00e9.<br \/>\n&#8211; Jam i penduar- tha Luciferri, &#8211; e k\u00ebt\u00eb pendes\u00eb do ta marr me vete edhe n\u00eb bot\u00ebn tjet\u00ebr.<br \/>\n&#8211; Po si- e pyeten njer\u00ebzia.<\/p>\n<p>&#8211; Krejt thjesht\u00eb- ua ktheu Luciferri.- kur t\u00eb m\u00eb varrosni m\u00eb vini nj\u00eb litar n\u00eb qaf\u00eb ma lini sip\u00ebr varrit.<br \/>\nK\u00ebshtu b\u00ebn\u00eb. E varros\u00ebn. Ca lotuan e ca jo, t\u00eb tjer\u00ebt u k\u00ebnaq\u00ebn se shp\u00ebtuan e shkuan e b\u00ebn\u00eb nj\u00eb gjum\u00eb t\u00eb qet\u00eb p\u00ebr her\u00eb t\u00eb par\u00eb pas kaq vitesh. Mir\u00ebpo ky gjum\u00eb me \u00ebnd\u00ebrra t\u00eb bukura nuk zgjati shum\u00eb.<br \/>\nT\u00eb nes\u00ebrmen andej pari kalon nj\u00eb grup ushtar\u00ebsh turko-osman\u00eb. V\u00ebn\u00eb re litarin mbi varr dhe e t\u00ebrheqin p\u00ebr t\u00eb par\u00eb \u00e7far\u00eb fshihej pas litarit. T\u00ebrhiq e t\u00ebrhiq e litari n\u00eb kok\u00ebn e Luciferrit mblidh e mblidh deri sa doli n\u00eb siperfaqen e dheut kufoma e tij.<br \/>\nU tmerruan ushtar\u00ebt. Si e njoh\u00ebn, than\u00eb se me siguri e kish varur dikush nga fshati. U leshuan si t\u00eb t\u00ebrbuar turko-osman\u00ebt dhe i nxorr\u00ebn t\u00ebr\u00eb burrat e fshatit n\u00eb l\u00ebndin\u00eb.<\/p>\n<p>&#8211; Pa na thoni &#8211; u tha komandanti turk &#8211; kush e ka vrar\u00eb Luciferrin?<br \/>\nJep e merr njer\u00ebzit, thonin e kish vrar\u00eb Zoti, po komandantit turko-osman nuk i mbushej koka me fjal\u00ebt e fshatar\u00ebve se Zoti nuk i vriste njer\u00ebzit me litar. I rreshtuan fshatar\u00ebt e shkret\u00eb n\u00eb shesh t\u00eb fshatit e i rrah\u00ebn me kamxhik sa ju thyen brinj\u00ebt e u dilte gjak. Fshataret shihnin kufom\u00ebn e Luciferrit e u dukej se zg\u00ebrdhihej e u thoshte:<\/p>\n<p>&#8211; T\u00ebr\u00eb jet\u00ebn ju kam g\u00ebnjyer, t\u00ebr\u00eb jet\u00ebn jeni rrahur dhe k\u00ebt\u00eb e kishit hak se jeni naiv- budallej e besoni gjith\u00e7ka.<br \/>\nKjo histori a ka far\u00eb kuptimi me ikjen e liderit nga dera e me hyrjen jo m\u00eb shum\u00eb se tet\u00eb or\u00eb p\u00ebrmes nj\u00eb dritarje t\u00eb vog\u00ebl t\u00eb Televizionit.<\/p>\n<p>Edhe n\u00eb past\u00eb e mos past\u00eb ngjashm\u00ebri kjo ngjarje me ikjen e Lider, di\u00e7ka r\u00ebnq\u00ebthese i bashkon. Ky popull gjithnj\u00eb \u00ebsht\u00eb rrahur, \u00ebsht\u00eb rrahur e detyruar t\u00eb ik\u00eb me mij\u00ebra nga atdheu, detit e sk\u00ebrkave t\u00eb Greqis\u00eb, \u00ebsht\u00eb rrahur kur humb\u00ebn sht\u00ebpi e katandi n\u00eb piramidat e parave, eshte rrahur ne 1998 kur lideri u p\u00ebrpoq t\u00eb b\u00ebnte nj\u00eb grusht shteti po d\u00ebshtoi se nuk e pranuan euro-amerikan\u00ebt, ky popull \u00ebsht\u00eb rrahur e vrar\u00eb n\u00eb G\u00ebrdec, ky popull \u00ebsht\u00eb vrar\u00eb m\u00eb 21 janar 2011, dhe tani q\u00eb erdhi koha t\u00eb p\u00ebrfundoj\u00eb kjo historia me Lider-Luciferr ka mbet puna n\u00eb ik e mos ik&#8230; cic-mic me fatet e Shqip\u00ebris\u00eb.<\/p>\n<p>Tashm\u00eb shqiptar\u00ebt, q\u00eb po heqin kaq shum\u00eb prej lider\u00ebve t\u00eb vet, me k\u00ebt\u00eb litar q\u00eb kan\u00eb n\u00eb fyt, shpresat i kan\u00eb tek Zoti, kush e di b\u00ebn kujdes ai se t\u00eb gjall\u00ebt nuk kan\u00eb \u00e7far\u00eb i b\u00ebjn\u00eb ketij Lider-Luciferrit q\u00eb del nga dera e hyn nga dritarja pasi e kemi qar\u00eb me lot\u00eb&#8230;<\/p>\n","protected":false},"excerpt":{"rendered":"<p>Nga Kolec TRABOINI Pam\u00eb t\u00eb qajn\u00eb ca ithar\u00eb t\u00eb liderit q\u00eb tha nj\u00eb fjal\u00eb se do t\u00eb ikte. Ata po qanin krejt pa ditur se ku po ikte udh\u00ebheq\u00ebsi i madh i Partis\u00eb ngarkuar me bagazhin e r\u00ebnd\u00eb t\u00eb humb\u00ebsit. Mos ishte n\u00eb nj\u00eb avion e po shkonte kahmos e pa kthim. Pam\u00eb t\u00eb qanin [&hellip;]<\/p>\n","protected":false},"author":1,"featured_media":0,"comment_status":"open","ping_status":"closed","sticky":false,"template":"","format":"standard","meta":{"footnotes":""},"categories":[2],"tags":[],"class_list":{"0":"post-12897","1":"post","2":"type-post","3":"status-publish","4":"format-standard","6":"category-artikuj"},"yoast_head":"<!-- This site is optimized with the Yoast SEO plugin v27.4 - https:\/\/yoast.com\/product\/yoast-seo-wordpress\/ -->\n<title>DEL NGA DERA E HYN NGA DRITARJA PASI E KEMI QARE ME LOTE - FjALA e LIR\u00cb - Arkivi<\/title>\n<meta name=\"robots\" content=\"index, follow, max-snippet:-1, max-image-preview:large, max-video-preview:-1\" \/>\n<link rel=\"canonical\" href=\"https:\/\/fjala.info\/2009-2015\/del-nga-dera-e-hyn-nga-dritarja-pasi-e-kemi-qare-me-lote\/\" \/>\n<meta property=\"og:locale\" content=\"sq_AL\" \/>\n<meta property=\"og:type\" content=\"article\" \/>\n<meta property=\"og:title\" content=\"DEL NGA DERA E HYN NGA DRITARJA PASI E KEMI QARE ME LOTE - FjALA e LIR\u00cb - Arkivi\" \/>\n<meta property=\"og:description\" content=\"Nga Kolec TRABOINI Pam\u00eb t\u00eb qajn\u00eb ca ithar\u00eb t\u00eb liderit q\u00eb tha nj\u00eb fjal\u00eb se do t\u00eb ikte. Ata po qanin krejt pa ditur se ku po ikte udh\u00ebheq\u00ebsi i madh i Partis\u00eb ngarkuar me bagazhin e r\u00ebnd\u00eb t\u00eb humb\u00ebsit. Mos ishte n\u00eb nj\u00eb avion e po shkonte kahmos e pa kthim. Pam\u00eb t\u00eb qanin [&hellip;]\" \/>\n<meta property=\"og:url\" content=\"https:\/\/fjala.info\/2009-2015\/del-nga-dera-e-hyn-nga-dritarja-pasi-e-kemi-qare-me-lote\/\" \/>\n<meta property=\"og:site_name\" content=\"FjALA e LIR\u00cb - Arkivi\" \/>\n<meta property=\"article:published_time\" content=\"2013-06-28T05:51:50+00:00\" \/>\n<meta property=\"og:image\" content=\"http:\/\/www.fjala.info\/2013\/kolec_traboini_2013.jpg\" \/>\n<meta name=\"author\" content=\"admin\" \/>\n<meta name=\"twitter:card\" content=\"summary_large_image\" \/>\n<meta name=\"twitter:label1\" content=\"Written by\" \/>\n\t<meta name=\"twitter:data1\" content=\"admin\" \/>\n\t<meta name=\"twitter:label2\" content=\"Est. reading time\" \/>\n\t<meta name=\"twitter:data2\" content=\"7 minutes\" \/>\n<script type=\"application\/ld+json\" class=\"yoast-schema-graph\">{\"@context\":\"https:\\\/\\\/schema.org\",\"@graph\":[{\"@type\":\"Article\",\"@id\":\"https:\\\/\\\/fjala.info\\\/2009-2015\\\/del-nga-dera-e-hyn-nga-dritarja-pasi-e-kemi-qare-me-lote\\\/#article\",\"isPartOf\":{\"@id\":\"https:\\\/\\\/fjala.info\\\/2009-2015\\\/del-nga-dera-e-hyn-nga-dritarja-pasi-e-kemi-qare-me-lote\\\/\"},\"author\":{\"name\":\"admin\",\"@id\":\"https:\\\/\\\/fjala.info\\\/2009-2015\\\/#\\\/schema\\\/person\\\/3aa1163ef05469c496fc94e77611ada2\"},\"headline\":\"DEL NGA DERA E HYN NGA DRITARJA PASI E KEMI QARE ME LOTE\",\"datePublished\":\"2013-06-28T05:51:50+00:00\",\"mainEntityOfPage\":{\"@id\":\"https:\\\/\\\/fjala.info\\\/2009-2015\\\/del-nga-dera-e-hyn-nga-dritarja-pasi-e-kemi-qare-me-lote\\\/\"},\"wordCount\":1406,\"commentCount\":0,\"publisher\":{\"@id\":\"https:\\\/\\\/fjala.info\\\/2009-2015\\\/#organization\"},\"image\":{\"@id\":\"https:\\\/\\\/fjala.info\\\/2009-2015\\\/del-nga-dera-e-hyn-nga-dritarja-pasi-e-kemi-qare-me-lote\\\/#primaryimage\"},\"thumbnailUrl\":\"http:\\\/\\\/www.fjala.info\\\/2013\\\/kolec_traboini_2013.jpg\",\"articleSection\":[\"Artikuj\"],\"inLanguage\":\"sq-AL\",\"potentialAction\":[{\"@type\":\"CommentAction\",\"name\":\"Comment\",\"target\":[\"https:\\\/\\\/fjala.info\\\/2009-2015\\\/del-nga-dera-e-hyn-nga-dritarja-pasi-e-kemi-qare-me-lote\\\/#respond\"]}]},{\"@type\":\"WebPage\",\"@id\":\"https:\\\/\\\/fjala.info\\\/2009-2015\\\/del-nga-dera-e-hyn-nga-dritarja-pasi-e-kemi-qare-me-lote\\\/\",\"url\":\"https:\\\/\\\/fjala.info\\\/2009-2015\\\/del-nga-dera-e-hyn-nga-dritarja-pasi-e-kemi-qare-me-lote\\\/\",\"name\":\"DEL NGA DERA E HYN NGA DRITARJA PASI E KEMI QARE ME LOTE - FjALA e LIR\u00cb - Arkivi\",\"isPartOf\":{\"@id\":\"https:\\\/\\\/fjala.info\\\/2009-2015\\\/#website\"},\"primaryImageOfPage\":{\"@id\":\"https:\\\/\\\/fjala.info\\\/2009-2015\\\/del-nga-dera-e-hyn-nga-dritarja-pasi-e-kemi-qare-me-lote\\\/#primaryimage\"},\"image\":{\"@id\":\"https:\\\/\\\/fjala.info\\\/2009-2015\\\/del-nga-dera-e-hyn-nga-dritarja-pasi-e-kemi-qare-me-lote\\\/#primaryimage\"},\"thumbnailUrl\":\"http:\\\/\\\/www.fjala.info\\\/2013\\\/kolec_traboini_2013.jpg\",\"datePublished\":\"2013-06-28T05:51:50+00:00\",\"breadcrumb\":{\"@id\":\"https:\\\/\\\/fjala.info\\\/2009-2015\\\/del-nga-dera-e-hyn-nga-dritarja-pasi-e-kemi-qare-me-lote\\\/#breadcrumb\"},\"inLanguage\":\"sq-AL\",\"potentialAction\":[{\"@type\":\"ReadAction\",\"target\":[\"https:\\\/\\\/fjala.info\\\/2009-2015\\\/del-nga-dera-e-hyn-nga-dritarja-pasi-e-kemi-qare-me-lote\\\/\"]}]},{\"@type\":\"ImageObject\",\"inLanguage\":\"sq-AL\",\"@id\":\"https:\\\/\\\/fjala.info\\\/2009-2015\\\/del-nga-dera-e-hyn-nga-dritarja-pasi-e-kemi-qare-me-lote\\\/#primaryimage\",\"url\":\"http:\\\/\\\/www.fjala.info\\\/2013\\\/kolec_traboini_2013.jpg\",\"contentUrl\":\"http:\\\/\\\/www.fjala.info\\\/2013\\\/kolec_traboini_2013.jpg\"},{\"@type\":\"BreadcrumbList\",\"@id\":\"https:\\\/\\\/fjala.info\\\/2009-2015\\\/del-nga-dera-e-hyn-nga-dritarja-pasi-e-kemi-qare-me-lote\\\/#breadcrumb\",\"itemListElement\":[{\"@type\":\"ListItem\",\"position\":1,\"name\":\"Home\",\"item\":\"https:\\\/\\\/fjala.info\\\/2009-2015\\\/\"},{\"@type\":\"ListItem\",\"position\":2,\"name\":\"DEL NGA DERA E HYN NGA DRITARJA PASI E KEMI QARE ME LOTE\"}]},{\"@type\":\"WebSite\",\"@id\":\"https:\\\/\\\/fjala.info\\\/2009-2015\\\/#website\",\"url\":\"https:\\\/\\\/fjala.info\\\/2009-2015\\\/\",\"name\":\"FjALA e LIR\u00cb - Arkivi\",\"description\":\"Arkivi 2009-2015\",\"publisher\":{\"@id\":\"https:\\\/\\\/fjala.info\\\/2009-2015\\\/#organization\"},\"potentialAction\":[{\"@type\":\"SearchAction\",\"target\":{\"@type\":\"EntryPoint\",\"urlTemplate\":\"https:\\\/\\\/fjala.info\\\/2009-2015\\\/?s={search_term_string}\"},\"query-input\":{\"@type\":\"PropertyValueSpecification\",\"valueRequired\":true,\"valueName\":\"search_term_string\"}}],\"inLanguage\":\"sq-AL\"},{\"@type\":\"Organization\",\"@id\":\"https:\\\/\\\/fjala.info\\\/2009-2015\\\/#organization\",\"name\":\"FjALA e LIR\u00cb - Arkivi\",\"url\":\"https:\\\/\\\/fjala.info\\\/2009-2015\\\/\",\"logo\":{\"@type\":\"ImageObject\",\"inLanguage\":\"sq-AL\",\"@id\":\"https:\\\/\\\/fjala.info\\\/2009-2015\\\/#\\\/schema\\\/logo\\\/image\\\/\",\"url\":\"\",\"contentUrl\":\"\",\"caption\":\"FjALA e LIR\u00cb - Arkivi\"},\"image\":{\"@id\":\"https:\\\/\\\/fjala.info\\\/2009-2015\\\/#\\\/schema\\\/logo\\\/image\\\/\"}},{\"@type\":\"Person\",\"@id\":\"https:\\\/\\\/fjala.info\\\/2009-2015\\\/#\\\/schema\\\/person\\\/3aa1163ef05469c496fc94e77611ada2\",\"name\":\"admin\",\"image\":{\"@type\":\"ImageObject\",\"inLanguage\":\"sq-AL\",\"@id\":\"https:\\\/\\\/fjala.info\\\/2009-2015\\\/wp-content\\\/uploads\\\/2012\\\/02\\\/arben_cokaj-120x150.jpg\",\"url\":\"https:\\\/\\\/fjala.info\\\/2009-2015\\\/wp-content\\\/uploads\\\/2012\\\/02\\\/arben_cokaj-120x150.jpg\",\"contentUrl\":\"https:\\\/\\\/fjala.info\\\/2009-2015\\\/wp-content\\\/uploads\\\/2012\\\/02\\\/arben_cokaj-120x150.jpg\",\"caption\":\"admin\"},\"description\":\"Admin, Fjala e Lir\u00eb\",\"sameAs\":[\"https:\\\/\\\/fjala.info\\\/\"],\"url\":\"https:\\\/\\\/fjala.info\\\/2009-2015\\\/author\\\/admin\\\/\"}]}<\/script>\n<!-- \/ Yoast SEO plugin. -->","yoast_head_json":{"title":"DEL NGA DERA E HYN NGA DRITARJA PASI E KEMI QARE ME LOTE - FjALA e LIR\u00cb - Arkivi","robots":{"index":"index","follow":"follow","max-snippet":"max-snippet:-1","max-image-preview":"max-image-preview:large","max-video-preview":"max-video-preview:-1"},"canonical":"https:\/\/fjala.info\/2009-2015\/del-nga-dera-e-hyn-nga-dritarja-pasi-e-kemi-qare-me-lote\/","og_locale":"sq_AL","og_type":"article","og_title":"DEL NGA DERA E HYN NGA DRITARJA PASI E KEMI QARE ME LOTE - FjALA e LIR\u00cb - Arkivi","og_description":"Nga Kolec TRABOINI Pam\u00eb t\u00eb qajn\u00eb ca ithar\u00eb t\u00eb liderit q\u00eb tha nj\u00eb fjal\u00eb se do t\u00eb ikte. Ata po qanin krejt pa ditur se ku po ikte udh\u00ebheq\u00ebsi i madh i Partis\u00eb ngarkuar me bagazhin e r\u00ebnd\u00eb t\u00eb humb\u00ebsit. Mos ishte n\u00eb nj\u00eb avion e po shkonte kahmos e pa kthim. Pam\u00eb t\u00eb qanin [&hellip;]","og_url":"https:\/\/fjala.info\/2009-2015\/del-nga-dera-e-hyn-nga-dritarja-pasi-e-kemi-qare-me-lote\/","og_site_name":"FjALA e LIR\u00cb - Arkivi","article_published_time":"2013-06-28T05:51:50+00:00","og_image":[{"url":"http:\/\/www.fjala.info\/2013\/kolec_traboini_2013.jpg","type":"","width":"","height":""}],"author":"admin","twitter_card":"summary_large_image","twitter_misc":{"Written by":"admin","Est. reading time":"7 minutes"},"schema":{"@context":"https:\/\/schema.org","@graph":[{"@type":"Article","@id":"https:\/\/fjala.info\/2009-2015\/del-nga-dera-e-hyn-nga-dritarja-pasi-e-kemi-qare-me-lote\/#article","isPartOf":{"@id":"https:\/\/fjala.info\/2009-2015\/del-nga-dera-e-hyn-nga-dritarja-pasi-e-kemi-qare-me-lote\/"},"author":{"name":"admin","@id":"https:\/\/fjala.info\/2009-2015\/#\/schema\/person\/3aa1163ef05469c496fc94e77611ada2"},"headline":"DEL NGA DERA E HYN NGA DRITARJA PASI E KEMI QARE ME LOTE","datePublished":"2013-06-28T05:51:50+00:00","mainEntityOfPage":{"@id":"https:\/\/fjala.info\/2009-2015\/del-nga-dera-e-hyn-nga-dritarja-pasi-e-kemi-qare-me-lote\/"},"wordCount":1406,"commentCount":0,"publisher":{"@id":"https:\/\/fjala.info\/2009-2015\/#organization"},"image":{"@id":"https:\/\/fjala.info\/2009-2015\/del-nga-dera-e-hyn-nga-dritarja-pasi-e-kemi-qare-me-lote\/#primaryimage"},"thumbnailUrl":"http:\/\/www.fjala.info\/2013\/kolec_traboini_2013.jpg","articleSection":["Artikuj"],"inLanguage":"sq-AL","potentialAction":[{"@type":"CommentAction","name":"Comment","target":["https:\/\/fjala.info\/2009-2015\/del-nga-dera-e-hyn-nga-dritarja-pasi-e-kemi-qare-me-lote\/#respond"]}]},{"@type":"WebPage","@id":"https:\/\/fjala.info\/2009-2015\/del-nga-dera-e-hyn-nga-dritarja-pasi-e-kemi-qare-me-lote\/","url":"https:\/\/fjala.info\/2009-2015\/del-nga-dera-e-hyn-nga-dritarja-pasi-e-kemi-qare-me-lote\/","name":"DEL NGA DERA E HYN NGA DRITARJA PASI E KEMI QARE ME LOTE - FjALA e LIR\u00cb - Arkivi","isPartOf":{"@id":"https:\/\/fjala.info\/2009-2015\/#website"},"primaryImageOfPage":{"@id":"https:\/\/fjala.info\/2009-2015\/del-nga-dera-e-hyn-nga-dritarja-pasi-e-kemi-qare-me-lote\/#primaryimage"},"image":{"@id":"https:\/\/fjala.info\/2009-2015\/del-nga-dera-e-hyn-nga-dritarja-pasi-e-kemi-qare-me-lote\/#primaryimage"},"thumbnailUrl":"http:\/\/www.fjala.info\/2013\/kolec_traboini_2013.jpg","datePublished":"2013-06-28T05:51:50+00:00","breadcrumb":{"@id":"https:\/\/fjala.info\/2009-2015\/del-nga-dera-e-hyn-nga-dritarja-pasi-e-kemi-qare-me-lote\/#breadcrumb"},"inLanguage":"sq-AL","potentialAction":[{"@type":"ReadAction","target":["https:\/\/fjala.info\/2009-2015\/del-nga-dera-e-hyn-nga-dritarja-pasi-e-kemi-qare-me-lote\/"]}]},{"@type":"ImageObject","inLanguage":"sq-AL","@id":"https:\/\/fjala.info\/2009-2015\/del-nga-dera-e-hyn-nga-dritarja-pasi-e-kemi-qare-me-lote\/#primaryimage","url":"http:\/\/www.fjala.info\/2013\/kolec_traboini_2013.jpg","contentUrl":"http:\/\/www.fjala.info\/2013\/kolec_traboini_2013.jpg"},{"@type":"BreadcrumbList","@id":"https:\/\/fjala.info\/2009-2015\/del-nga-dera-e-hyn-nga-dritarja-pasi-e-kemi-qare-me-lote\/#breadcrumb","itemListElement":[{"@type":"ListItem","position":1,"name":"Home","item":"https:\/\/fjala.info\/2009-2015\/"},{"@type":"ListItem","position":2,"name":"DEL NGA DERA E HYN NGA DRITARJA PASI E KEMI QARE ME LOTE"}]},{"@type":"WebSite","@id":"https:\/\/fjala.info\/2009-2015\/#website","url":"https:\/\/fjala.info\/2009-2015\/","name":"FjALA e LIR\u00cb - Arkivi","description":"Arkivi 2009-2015","publisher":{"@id":"https:\/\/fjala.info\/2009-2015\/#organization"},"potentialAction":[{"@type":"SearchAction","target":{"@type":"EntryPoint","urlTemplate":"https:\/\/fjala.info\/2009-2015\/?s={search_term_string}"},"query-input":{"@type":"PropertyValueSpecification","valueRequired":true,"valueName":"search_term_string"}}],"inLanguage":"sq-AL"},{"@type":"Organization","@id":"https:\/\/fjala.info\/2009-2015\/#organization","name":"FjALA e LIR\u00cb - Arkivi","url":"https:\/\/fjala.info\/2009-2015\/","logo":{"@type":"ImageObject","inLanguage":"sq-AL","@id":"https:\/\/fjala.info\/2009-2015\/#\/schema\/logo\/image\/","url":"","contentUrl":"","caption":"FjALA e LIR\u00cb - Arkivi"},"image":{"@id":"https:\/\/fjala.info\/2009-2015\/#\/schema\/logo\/image\/"}},{"@type":"Person","@id":"https:\/\/fjala.info\/2009-2015\/#\/schema\/person\/3aa1163ef05469c496fc94e77611ada2","name":"admin","image":{"@type":"ImageObject","inLanguage":"sq-AL","@id":"https:\/\/fjala.info\/2009-2015\/wp-content\/uploads\/2012\/02\/arben_cokaj-120x150.jpg","url":"https:\/\/fjala.info\/2009-2015\/wp-content\/uploads\/2012\/02\/arben_cokaj-120x150.jpg","contentUrl":"https:\/\/fjala.info\/2009-2015\/wp-content\/uploads\/2012\/02\/arben_cokaj-120x150.jpg","caption":"admin"},"description":"Admin, Fjala e Lir\u00eb","sameAs":["https:\/\/fjala.info\/"],"url":"https:\/\/fjala.info\/2009-2015\/author\/admin\/"}]}},"_links":{"self":[{"href":"https:\/\/fjala.info\/2009-2015\/wp-json\/wp\/v2\/posts\/12897","targetHints":{"allow":["GET"]}}],"collection":[{"href":"https:\/\/fjala.info\/2009-2015\/wp-json\/wp\/v2\/posts"}],"about":[{"href":"https:\/\/fjala.info\/2009-2015\/wp-json\/wp\/v2\/types\/post"}],"author":[{"embeddable":true,"href":"https:\/\/fjala.info\/2009-2015\/wp-json\/wp\/v2\/users\/1"}],"replies":[{"embeddable":true,"href":"https:\/\/fjala.info\/2009-2015\/wp-json\/wp\/v2\/comments?post=12897"}],"version-history":[{"count":0,"href":"https:\/\/fjala.info\/2009-2015\/wp-json\/wp\/v2\/posts\/12897\/revisions"}],"wp:attachment":[{"href":"https:\/\/fjala.info\/2009-2015\/wp-json\/wp\/v2\/media?parent=12897"}],"wp:term":[{"taxonomy":"category","embeddable":true,"href":"https:\/\/fjala.info\/2009-2015\/wp-json\/wp\/v2\/categories?post=12897"},{"taxonomy":"post_tag","embeddable":true,"href":"https:\/\/fjala.info\/2009-2015\/wp-json\/wp\/v2\/tags?post=12897"}],"curies":[{"name":"wp","href":"https:\/\/api.w.org\/{rel}","templated":true}]}}