{"id":12896,"date":"2013-06-29T06:49:52","date_gmt":"2013-06-29T05:49:52","guid":{"rendered":"http:\/\/fjala.info\/?p=3408"},"modified":"2013-06-29T06:49:52","modified_gmt":"2013-06-29T05:49:52","slug":"demokracia-ne-panik","status":"publish","type":"post","link":"https:\/\/fjala.info\/2009-2015\/demokracia-ne-panik\/","title":{"rendered":"DEMOKRACIA NE PANIK"},"content":{"rendered":"<p><img decoding=\"async\" class=\"alignright size-thumbnail wp-image-7236\" title=\"Kolec TRABOINI\" alt=\"\" src=\"http:\/\/www.fjala.info\/2013\/kolec_traboini_2013.jpg\" width=\"150\" \/> Nga <strong>Kolec TRABOINI<\/strong><\/p>\n<p>Nuk \u00ebsht\u00eb ndonj\u00eb problem i madh q\u00eb p\u00ebr tre dit\u00eb zyrat e partis\u00eb humb\u00ebse n\u00eb zgjedhjet e 23 qershorit 2013 u boshatis\u00ebn dhe euforia me shirita e mitingje u shkri si kripa n\u00eb uj\u00eb. Mungesa qoft\u00eb dhe e nj\u00eb z\u00ebdh\u00ebn\u00ebsi shtypi p\u00ebr t\u2019ju p\u00ebrgjigjur pyetjeve t\u00eb gazetar\u00ebve mbase krijoi nj\u00eb boshll\u00ebk informatik tek mediat, por kush \u00ebsht\u00eb ai q\u00eb merr p\u00ebrsip\u00ebr p\u00ebr t\u00eb p\u00ebrballuar rrebeshin e pyetjeve pse kjo humbje e thell\u00eb e pap\u00ebrceptueshme n\u00eb kufijt\u00eb e nj\u00eb katastrofe dhe n\u00eb t\u00eb gjith\u00eb Shqip\u00ebrin\u00eb. Problemi n\u00eb t\u00eb v\u00ebrtet\u00eb q\u00ebndron tek paniku q\u00eb ka hyr\u00eb n\u00eb t\u00ebr\u00eb strukturat e Partis\u00eb Demokratike dhe paralel me k\u00ebt\u00eb &#8211; paniku q\u00eb ka hyr\u00eb n\u00eb t\u00ebr\u00eb strukturat e shtetit.<\/p>\n<p>Dhe kjo gj\u00ebndje t\u00eb v\u00eb n\u00eb mendime n\u00eb kuptimin se si ka mund\u00ebsi t\u00eb shkrehen e demoralizohen k\u00ebsisoj t\u00ebr\u00eb strukturat administrative kur humbet nj\u00eb Parti. Nj\u00eb gj\u00eb e till\u00eb nuk ndodh n\u00eb asnj\u00eb vend t\u00eb Europ\u00ebs dhe as n\u00eb Amerik\u00eb. Nj\u00eb panik i papar\u00eb q\u00eb kalon nga partia n\u00eb \u00e7do segment t\u00eb administrat\u00ebs shtet\u00ebrore. Por ajo \u00e7far\u00eb nuk ndodh tek t\u00eb tjer\u00ebt q\u00eb kan\u00eb nj\u00eb demokraci t\u00eb konsoliduar ndodh tek ne, sepse ne ende kemi nj\u00eb demokraci t\u00eb brisht\u00eb q\u00eb her\u00eb-her\u00eb edhe i zihet fryma. E si t\u00eb mos i zihet fryma kur gjith\u00e7ka n\u00eb k\u00ebt\u00eb vend q\u00eb nga viti 1992 e p\u00ebrk\u00ebtej ka funksionuar mono. Pra duam nuk duam ve\u00e7 parlamentit ku p\u00ebrfaq\u00ebsohen forcat politike, kudo e n\u00eb \u00e7do gj\u00eb ne kemi moniz\u00ebm.<\/p>\n<p>P\u00ebr tet\u00eb vjet qeverisje t\u00eb Sali Berish\u00ebs nuk pam\u00eb gj\u00eb tjet\u00ebr ve\u00e7 konsolidimin e aparatit shtet\u00ebror me militant\u00eb t\u00eb tij n\u00eb kuadrin e vendosjes s\u00eb pushtetit personal e kontrollit t\u00eb gjith\u00e7kaje. Nuk \u00ebsht\u00eb fjala p\u00ebr vendet ky\u00e7e, q\u00eb p\u00ebr shkak t\u00eb realizimit t\u00eb programit qeveris\u00ebs \u00ebsht\u00eb i detyruar t\u00eb vendos\u00eb specialist\u00eb t\u00eb besuar q\u00eb ky program do t\u00eb realizohet, se k\u00ebt\u00eb e b\u00ebjn\u00eb t\u00eb gjith\u00eb qeverit\u00eb n\u00eb vendet per\u00ebndimore, por se ai n\u00eb \u00e7do hallk\u00eb t\u00eb shtetit, n\u00eb \u00e7do zyr\u00eb t\u00eb administrat\u00ebs instaloi militant\u00eb besnik\u00eb pavar\u00ebsisht aft\u00ebsive apo profesionit q\u00eb kishin. Nuk pam\u00eb t\u00eb vendosej n\u00eb nj\u00eb vend pune nj\u00eb njeri q\u00eb nuk i p\u00ebrkiste partis\u00eb s\u00eb tij, por q\u00eb mund t\u00eb kishte nj\u00eb p\u00ebrgatitje m\u00eb t\u00eb mir\u00eb profesionale apo me nj\u00eb integritet e personalitet publik t\u00eb njohur.<\/p>\n<p>Absurditeti ka arritur deri atje sa n\u00eb fushat\u00eb u premtua q\u00eb m\u00ebsuesve t\u2019u rriten rrogat deri n\u00eb 700 dollar\u00eb, nd\u00ebrkoh\u00eb q\u00eb b\u00ebhet sikur nuk dihet se p\u00ebr t\u00eb z\u00ebn\u00eb nj\u00eb vend pune &#8211; ta z\u00ebm\u00eb si m\u00ebsues n\u00eb Tiran\u00eb k\u00ebrkoheshin n\u00ebn dor\u00eb nga administrator\u00ebt militant\u00eb deri n\u00eb 5 mij\u00eb euro. N\u00eb nj\u00eb bised\u00eb me nj\u00eb kolegen time kineaste m\u00eb thoshte se i kishte ardhur i biri nga nj\u00eb shtet i Europ\u00ebs ku kishte mbaruar studimet shk\u00eblqyer, por donte t\u00eb punonte e jetonte n\u00eb Shqip\u00ebri. Dhe kishte aq muaj q\u00eb sillej i demoralizuar sepse p\u00ebr nj\u00eb vend pune n\u00eb profilin q\u00eb kishte i kishin k\u00ebrkuar 5 mij\u00eb euro. K\u00ebto kur i tregon dikush t\u00eb duken si fantazi, po p\u00ebrpiqu t\u00eb k\u00ebrkosh nj\u00eb pun\u00eb n\u00eb k\u00ebt\u00eb administrat\u00eb t\u00eb kapluar nga Sali Berisha q\u00eb ka b\u00ebr\u00eb kujdes t\u00eb sjell\u00eb me shumic\u00eb edhe njer\u00ebz lokal\u00eb nga krahina e tij.<\/p>\n<p>Parimi i besnik\u00ebsis\u00eb p\u00ebr partin\u00eb dhe udh\u00ebheq\u00ebsin ka q\u00ebn\u00eb kriteri baz\u00eb i n\u00ebnpunsimit. Ana profesionale as q\u00eb kishte r\u00ebnd\u00ebsi p\u00ebr m\u00eb tep\u00ebr se edhe diploma e grada t\u00eb jepen si e kur t\u00eb duash. Ta z\u00ebm\u00eb ka n\u00eb Shkod\u00ebr nj\u00eb soj Universiteti privat t\u00eb quajtur \u201cGjon Buzuku\u201d ku nuk shihen student\u00eb, por diplomat shp\u00ebrndahen dhe sipas burimeve nga Shkodra thuhet se \u00ebsht\u00eb i zonj\u00ebs Topalli. Pra nj\u00eb Universitet si t\u00eb thuash n\u00ebn sqetullat e politik\u00ebs.<\/p>\n<p>Nuk ka institucion apo shkoll\u00eb q\u00eb t\u00eb mos ket\u00eb v\u00ebn\u00eb dor\u00eb politika, dhe meqen\u00ebse drejtuesit jan\u00eb militant\u00eb t\u00eb partis\u00eb n\u00eb pushtet (tashm\u00eb panik e n\u00eb ikje) i pam\u00eb se si n\u00eb fushat\u00eb elektorale u p\u00ebrdor\u00ebn f\u00ebmij\u00ebt n\u00eb m\u00ebnyr\u00ebn m\u00eb antipedagogjike, por nuk pam\u00eb t\u00eb protestoj\u00eb ask\u00ebnd, as prind\u00ebrit as shoqatat, ve\u00e7 z\u00ebrave t\u00eb ve\u00e7ant\u00eb t\u00eb opozit\u00ebs.<\/p>\n<p>P\u00ebr tet\u00eb vjet nuk pam\u00eb asnj\u00eb intelektual, shkrimtar apo artist t\u00eb protestoj\u00eb p\u00ebr ndonj\u00eb problem social ve\u00e7 rastit kund\u00ebr t\u00eb importit t\u00eb plehrave, madje qeveria b\u00ebri lista intelektual\u00ebsh t\u00eb pun\u00ebsuar n\u00eb p\u00ebrkrahje t\u00eb saj. Nj\u00eb turp p\u00ebr profesorat me tituj akademik\u00eb q\u00eb u b\u00ebn\u00eb loj\u00eb e qeveris\u00eb. U kthye sheshi \u201cSk\u00ebnderbej\u201d n\u00eb nj\u00eb vak\u00ebf-land ku heroi komb\u00ebtar larg l\u00ebvizjeve t\u00eb njer\u00ebzve t\u00eb duket si nj\u00eb vetanak, se k\u00ebshtu desh dyshja tashm\u00eb e nj\u00ebsuar mir\u00eb si lidhje klani familjar Berisha-Basha dhe nuk pam\u00eb nj\u00eb njeri me pankart\u00eb n\u00eb dor\u00eb \u201cNa ktheni Sk\u00ebnderbeun\u201d sepse nuk i afrohesh dot monumentit deri n\u00eb 100 metra larg\u00ebsi.<br \/>\nN\u00eb k\u00ebt\u00eb shtet gjith\u00e7ka mund t\u00eb b\u00ebjn\u00eb qeveritar\u00ebt pa i pyetur qytetar\u00ebt ndaj \u00ebsht\u00eb e arsyeshme q\u00eb qytetar\u00ebt ta ndjejn\u00eb se demokracia e tyre \u00ebsht\u00eb e rrezikuar.<\/p>\n<p>E tani q\u00eb populli foli, shprehu kund\u00ebrshtin\u00eb p\u00ebr m\u00ebnyr\u00ebn se si keqp\u00ebrdoret shteti dhe qeverisja me nj\u00eb dor\u00eb t\u00eb vetme, jan\u00eb me mij\u00ebra e mij\u00ebra militant\u00eb t\u00eb Partis\u00eb Demokratike q\u00eb kan\u00eb mbushur aparatin shtet\u00ebror administrativ e jan\u00eb n\u00eb gj\u00ebndje paniku. Krejt e natyrshme, sepse e din\u00eb fort mir\u00eb se si kan\u00eb ardh\u00eb n\u00eb ato vende me militantiz\u00ebm, me miq partiak\u00eb apo tarafe familjare. Por n\u00eb panik jan\u00eb edhe ata qindra n\u00ebnpun\u00ebs apo m\u00ebsues q\u00eb i kan\u00eb bler\u00eb vendet e pun\u00ebs, sepse dyshojn\u00eb se gj\u00ebrat do t\u00eb p\u00ebrmbysen e u duhet ndoshta s\u00ebrish t\u00eb blejn\u00eb at\u00eb vend pune tek militant\u00ebt e partive n\u00eb ardhje. Nuk kan\u00eb faj n\u00eb mosbesimet e tyre sepse k\u00ebt\u00eb psikologji ka nd\u00ebrtuar qeverisja e keqe.<\/p>\n<p>Kjo \u00ebsht\u00eb n\u00eb t\u00eb v\u00ebrtet\u00eb jo nd\u00ebrtim, por shkat\u00ebrrim i shtetit, i administrat\u00ebs shtet\u00ebrore q\u00eb duhet t\u2019ia dim\u00eb \u201cp\u00ebr nder\u201d nj\u00eb qeverisje t\u00eb njeriut q\u00eb nuk diti kurr\u00eb t\u00eb qeveris\u00eb si Sali Berisha.<\/p>\n<p>Mir\u00eb Saliu do ik\u00eb si kryeminist\u00ebr, mir\u00eb mund t\u00eb ik\u00eb nga partia e t\u00eb v\u00ebr\u00eb tash\u00ebgimtar t\u00eb tij Bash\u00ebn si Enveri q\u00eb vuri Ramizin (\u00e7far\u00eb tregon sa e pak\u00ebt \u00ebsht\u00eb demokracia n\u00eb strukturat e PD), po me k\u00ebt\u00eb mij\u00ebra q\u00eb solli e i vendosi n\u00eb administrat\u00eb n\u00eb m\u00ebnyr\u00eb t\u00eb padrejt\u00eb e pa kualifikimin e duhur \u00e7far\u00eb do t\u00eb b\u00ebhet. Kan\u00eb t\u00eb drejt\u00eb njer\u00ebzit t\u00eb jen\u00eb n\u00eb panik. Po n\u00eb panik kan\u00eb t\u00eb drejt\u00eb t\u00eb jen\u00eb edhe brenda partis\u00eb q\u00eb deri tani ishte n\u00eb pushtet.<\/p>\n<p>N\u00eb panik jan\u00eb edhe zyrtar\u00ebt e lart\u00eb, ministrat, aparati qeveritar q\u00eb kan\u00eb ardhur n\u00eb zyr\u00eb t\u00eb thjesht\u00eb pa nj\u00eb lek\u00eb dhe sot jan\u00eb milioner\u00eb (flasim me euro), sepse nuk jan\u00eb t\u00eb sigurt\u00eb se Qeveria e re q\u00eb do t\u00eb vij\u00eb do t\u00eb nxjerr\u00eb dekrete e ligje p\u00ebr verifikimin e pasurive t\u00eb b\u00ebra gjat\u00eb tet\u00eb vjet\u00ebve t\u00eb k\u00ebsaj qeverie. Nuk mund t\u00eb paragjykojm\u00eb si do t\u00eb jet\u00eb qeveria e ardhshme, zem\u00ebrbut\u00eb apo zem\u00ebrfort\u00eb ndaj hajdut\u00ebve e t\u00eb korruptuarve t\u00eb qeverisjes s\u00eb deritashme, por besojm\u00eb se ardh\u00ebsit e din\u00eb mir\u00eb se populli votoi n\u00eb plebishit p\u00ebr t\u2019i dh\u00ebn\u00eb fund k\u00ebsaj katrahure ku qeveria n\u00eb vend q\u00eb ta luftoj\u00eb b\u00ebhet vet\u00eb qend\u00ebr korrupsioni.<br \/>\nNdaj i sheh n\u00eb panik k\u00ebto dit\u00eb qeveritar\u00eb e partiak\u00eb, n\u00ebnpun\u00ebs militant\u00eb e mij\u00ebra t\u00eb tjer\u00eb q\u00eb hanin, pinin e vidhnin n\u00ebn hijen e partis\u00eb n\u00eb pushtet.<\/p>\n","protected":false},"excerpt":{"rendered":"<p>Nga Kolec TRABOINI Nuk \u00ebsht\u00eb ndonj\u00eb problem i madh q\u00eb p\u00ebr tre dit\u00eb zyrat e partis\u00eb humb\u00ebse n\u00eb zgjedhjet e 23 qershorit 2013 u boshatis\u00ebn dhe euforia me shirita e mitingje u shkri si kripa n\u00eb uj\u00eb. Mungesa qoft\u00eb dhe e nj\u00eb z\u00ebdh\u00ebn\u00ebsi shtypi p\u00ebr t\u2019ju p\u00ebrgjigjur pyetjeve t\u00eb gazetar\u00ebve mbase krijoi nj\u00eb boshll\u00ebk informatik [&hellip;]<\/p>\n","protected":false},"author":1,"featured_media":0,"comment_status":"open","ping_status":"closed","sticky":false,"template":"","format":"standard","meta":{"footnotes":""},"categories":[2],"tags":[],"class_list":{"0":"post-12896","1":"post","2":"type-post","3":"status-publish","4":"format-standard","6":"category-artikuj"},"yoast_head":"<!-- This site is optimized with the Yoast SEO plugin v27.4 - https:\/\/yoast.com\/product\/yoast-seo-wordpress\/ -->\n<title>DEMOKRACIA NE PANIK - FjALA e LIR\u00cb - Arkivi<\/title>\n<meta name=\"robots\" content=\"index, follow, max-snippet:-1, max-image-preview:large, max-video-preview:-1\" \/>\n<link rel=\"canonical\" href=\"https:\/\/fjala.info\/2009-2015\/demokracia-ne-panik\/\" \/>\n<meta property=\"og:locale\" content=\"sq_AL\" \/>\n<meta property=\"og:type\" content=\"article\" \/>\n<meta property=\"og:title\" content=\"DEMOKRACIA NE PANIK - FjALA e LIR\u00cb - Arkivi\" \/>\n<meta property=\"og:description\" content=\"Nga Kolec TRABOINI Nuk \u00ebsht\u00eb ndonj\u00eb problem i madh q\u00eb p\u00ebr tre dit\u00eb zyrat e partis\u00eb humb\u00ebse n\u00eb zgjedhjet e 23 qershorit 2013 u boshatis\u00ebn dhe euforia me shirita e mitingje u shkri si kripa n\u00eb uj\u00eb. Mungesa qoft\u00eb dhe e nj\u00eb z\u00ebdh\u00ebn\u00ebsi shtypi p\u00ebr t\u2019ju p\u00ebrgjigjur pyetjeve t\u00eb gazetar\u00ebve mbase krijoi nj\u00eb boshll\u00ebk informatik [&hellip;]\" \/>\n<meta property=\"og:url\" content=\"https:\/\/fjala.info\/2009-2015\/demokracia-ne-panik\/\" \/>\n<meta property=\"og:site_name\" content=\"FjALA e LIR\u00cb - Arkivi\" \/>\n<meta property=\"article:published_time\" content=\"2013-06-29T05:49:52+00:00\" \/>\n<meta property=\"og:image\" content=\"http:\/\/www.fjala.info\/2013\/kolec_traboini_2013.jpg\" \/>\n<meta name=\"author\" content=\"admin\" \/>\n<meta name=\"twitter:card\" content=\"summary_large_image\" \/>\n<meta name=\"twitter:label1\" content=\"Written by\" \/>\n\t<meta name=\"twitter:data1\" content=\"admin\" \/>\n\t<meta name=\"twitter:label2\" content=\"Est. reading time\" \/>\n\t<meta name=\"twitter:data2\" content=\"7 minutes\" \/>\n<script type=\"application\/ld+json\" class=\"yoast-schema-graph\">{\"@context\":\"https:\\\/\\\/schema.org\",\"@graph\":[{\"@type\":\"Article\",\"@id\":\"https:\\\/\\\/fjala.info\\\/2009-2015\\\/demokracia-ne-panik\\\/#article\",\"isPartOf\":{\"@id\":\"https:\\\/\\\/fjala.info\\\/2009-2015\\\/demokracia-ne-panik\\\/\"},\"author\":{\"name\":\"admin\",\"@id\":\"https:\\\/\\\/fjala.info\\\/2009-2015\\\/#\\\/schema\\\/person\\\/3aa1163ef05469c496fc94e77611ada2\"},\"headline\":\"DEMOKRACIA NE PANIK\",\"datePublished\":\"2013-06-29T05:49:52+00:00\",\"mainEntityOfPage\":{\"@id\":\"https:\\\/\\\/fjala.info\\\/2009-2015\\\/demokracia-ne-panik\\\/\"},\"wordCount\":1329,\"commentCount\":0,\"publisher\":{\"@id\":\"https:\\\/\\\/fjala.info\\\/2009-2015\\\/#organization\"},\"image\":{\"@id\":\"https:\\\/\\\/fjala.info\\\/2009-2015\\\/demokracia-ne-panik\\\/#primaryimage\"},\"thumbnailUrl\":\"http:\\\/\\\/www.fjala.info\\\/2013\\\/kolec_traboini_2013.jpg\",\"articleSection\":[\"Artikuj\"],\"inLanguage\":\"sq-AL\",\"potentialAction\":[{\"@type\":\"CommentAction\",\"name\":\"Comment\",\"target\":[\"https:\\\/\\\/fjala.info\\\/2009-2015\\\/demokracia-ne-panik\\\/#respond\"]}]},{\"@type\":\"WebPage\",\"@id\":\"https:\\\/\\\/fjala.info\\\/2009-2015\\\/demokracia-ne-panik\\\/\",\"url\":\"https:\\\/\\\/fjala.info\\\/2009-2015\\\/demokracia-ne-panik\\\/\",\"name\":\"DEMOKRACIA NE PANIK - FjALA e LIR\u00cb - Arkivi\",\"isPartOf\":{\"@id\":\"https:\\\/\\\/fjala.info\\\/2009-2015\\\/#website\"},\"primaryImageOfPage\":{\"@id\":\"https:\\\/\\\/fjala.info\\\/2009-2015\\\/demokracia-ne-panik\\\/#primaryimage\"},\"image\":{\"@id\":\"https:\\\/\\\/fjala.info\\\/2009-2015\\\/demokracia-ne-panik\\\/#primaryimage\"},\"thumbnailUrl\":\"http:\\\/\\\/www.fjala.info\\\/2013\\\/kolec_traboini_2013.jpg\",\"datePublished\":\"2013-06-29T05:49:52+00:00\",\"breadcrumb\":{\"@id\":\"https:\\\/\\\/fjala.info\\\/2009-2015\\\/demokracia-ne-panik\\\/#breadcrumb\"},\"inLanguage\":\"sq-AL\",\"potentialAction\":[{\"@type\":\"ReadAction\",\"target\":[\"https:\\\/\\\/fjala.info\\\/2009-2015\\\/demokracia-ne-panik\\\/\"]}]},{\"@type\":\"ImageObject\",\"inLanguage\":\"sq-AL\",\"@id\":\"https:\\\/\\\/fjala.info\\\/2009-2015\\\/demokracia-ne-panik\\\/#primaryimage\",\"url\":\"http:\\\/\\\/www.fjala.info\\\/2013\\\/kolec_traboini_2013.jpg\",\"contentUrl\":\"http:\\\/\\\/www.fjala.info\\\/2013\\\/kolec_traboini_2013.jpg\"},{\"@type\":\"BreadcrumbList\",\"@id\":\"https:\\\/\\\/fjala.info\\\/2009-2015\\\/demokracia-ne-panik\\\/#breadcrumb\",\"itemListElement\":[{\"@type\":\"ListItem\",\"position\":1,\"name\":\"Home\",\"item\":\"https:\\\/\\\/fjala.info\\\/2009-2015\\\/\"},{\"@type\":\"ListItem\",\"position\":2,\"name\":\"DEMOKRACIA NE PANIK\"}]},{\"@type\":\"WebSite\",\"@id\":\"https:\\\/\\\/fjala.info\\\/2009-2015\\\/#website\",\"url\":\"https:\\\/\\\/fjala.info\\\/2009-2015\\\/\",\"name\":\"FjALA e LIR\u00cb - Arkivi\",\"description\":\"Arkivi 2009-2015\",\"publisher\":{\"@id\":\"https:\\\/\\\/fjala.info\\\/2009-2015\\\/#organization\"},\"potentialAction\":[{\"@type\":\"SearchAction\",\"target\":{\"@type\":\"EntryPoint\",\"urlTemplate\":\"https:\\\/\\\/fjala.info\\\/2009-2015\\\/?s={search_term_string}\"},\"query-input\":{\"@type\":\"PropertyValueSpecification\",\"valueRequired\":true,\"valueName\":\"search_term_string\"}}],\"inLanguage\":\"sq-AL\"},{\"@type\":\"Organization\",\"@id\":\"https:\\\/\\\/fjala.info\\\/2009-2015\\\/#organization\",\"name\":\"FjALA e LIR\u00cb - Arkivi\",\"url\":\"https:\\\/\\\/fjala.info\\\/2009-2015\\\/\",\"logo\":{\"@type\":\"ImageObject\",\"inLanguage\":\"sq-AL\",\"@id\":\"https:\\\/\\\/fjala.info\\\/2009-2015\\\/#\\\/schema\\\/logo\\\/image\\\/\",\"url\":\"\",\"contentUrl\":\"\",\"caption\":\"FjALA e LIR\u00cb - Arkivi\"},\"image\":{\"@id\":\"https:\\\/\\\/fjala.info\\\/2009-2015\\\/#\\\/schema\\\/logo\\\/image\\\/\"}},{\"@type\":\"Person\",\"@id\":\"https:\\\/\\\/fjala.info\\\/2009-2015\\\/#\\\/schema\\\/person\\\/3aa1163ef05469c496fc94e77611ada2\",\"name\":\"admin\",\"image\":{\"@type\":\"ImageObject\",\"inLanguage\":\"sq-AL\",\"@id\":\"https:\\\/\\\/fjala.info\\\/2009-2015\\\/wp-content\\\/uploads\\\/2012\\\/02\\\/arben_cokaj-120x150.jpg\",\"url\":\"https:\\\/\\\/fjala.info\\\/2009-2015\\\/wp-content\\\/uploads\\\/2012\\\/02\\\/arben_cokaj-120x150.jpg\",\"contentUrl\":\"https:\\\/\\\/fjala.info\\\/2009-2015\\\/wp-content\\\/uploads\\\/2012\\\/02\\\/arben_cokaj-120x150.jpg\",\"caption\":\"admin\"},\"description\":\"Admin, Fjala e Lir\u00eb\",\"sameAs\":[\"https:\\\/\\\/fjala.info\\\/\"],\"url\":\"https:\\\/\\\/fjala.info\\\/2009-2015\\\/author\\\/admin\\\/\"}]}<\/script>\n<!-- \/ Yoast SEO plugin. -->","yoast_head_json":{"title":"DEMOKRACIA NE PANIK - FjALA e LIR\u00cb - Arkivi","robots":{"index":"index","follow":"follow","max-snippet":"max-snippet:-1","max-image-preview":"max-image-preview:large","max-video-preview":"max-video-preview:-1"},"canonical":"https:\/\/fjala.info\/2009-2015\/demokracia-ne-panik\/","og_locale":"sq_AL","og_type":"article","og_title":"DEMOKRACIA NE PANIK - FjALA e LIR\u00cb - Arkivi","og_description":"Nga Kolec TRABOINI Nuk \u00ebsht\u00eb ndonj\u00eb problem i madh q\u00eb p\u00ebr tre dit\u00eb zyrat e partis\u00eb humb\u00ebse n\u00eb zgjedhjet e 23 qershorit 2013 u boshatis\u00ebn dhe euforia me shirita e mitingje u shkri si kripa n\u00eb uj\u00eb. Mungesa qoft\u00eb dhe e nj\u00eb z\u00ebdh\u00ebn\u00ebsi shtypi p\u00ebr t\u2019ju p\u00ebrgjigjur pyetjeve t\u00eb gazetar\u00ebve mbase krijoi nj\u00eb boshll\u00ebk informatik [&hellip;]","og_url":"https:\/\/fjala.info\/2009-2015\/demokracia-ne-panik\/","og_site_name":"FjALA e LIR\u00cb - Arkivi","article_published_time":"2013-06-29T05:49:52+00:00","og_image":[{"url":"http:\/\/www.fjala.info\/2013\/kolec_traboini_2013.jpg","type":"","width":"","height":""}],"author":"admin","twitter_card":"summary_large_image","twitter_misc":{"Written by":"admin","Est. reading time":"7 minutes"},"schema":{"@context":"https:\/\/schema.org","@graph":[{"@type":"Article","@id":"https:\/\/fjala.info\/2009-2015\/demokracia-ne-panik\/#article","isPartOf":{"@id":"https:\/\/fjala.info\/2009-2015\/demokracia-ne-panik\/"},"author":{"name":"admin","@id":"https:\/\/fjala.info\/2009-2015\/#\/schema\/person\/3aa1163ef05469c496fc94e77611ada2"},"headline":"DEMOKRACIA NE PANIK","datePublished":"2013-06-29T05:49:52+00:00","mainEntityOfPage":{"@id":"https:\/\/fjala.info\/2009-2015\/demokracia-ne-panik\/"},"wordCount":1329,"commentCount":0,"publisher":{"@id":"https:\/\/fjala.info\/2009-2015\/#organization"},"image":{"@id":"https:\/\/fjala.info\/2009-2015\/demokracia-ne-panik\/#primaryimage"},"thumbnailUrl":"http:\/\/www.fjala.info\/2013\/kolec_traboini_2013.jpg","articleSection":["Artikuj"],"inLanguage":"sq-AL","potentialAction":[{"@type":"CommentAction","name":"Comment","target":["https:\/\/fjala.info\/2009-2015\/demokracia-ne-panik\/#respond"]}]},{"@type":"WebPage","@id":"https:\/\/fjala.info\/2009-2015\/demokracia-ne-panik\/","url":"https:\/\/fjala.info\/2009-2015\/demokracia-ne-panik\/","name":"DEMOKRACIA NE PANIK - FjALA e LIR\u00cb - Arkivi","isPartOf":{"@id":"https:\/\/fjala.info\/2009-2015\/#website"},"primaryImageOfPage":{"@id":"https:\/\/fjala.info\/2009-2015\/demokracia-ne-panik\/#primaryimage"},"image":{"@id":"https:\/\/fjala.info\/2009-2015\/demokracia-ne-panik\/#primaryimage"},"thumbnailUrl":"http:\/\/www.fjala.info\/2013\/kolec_traboini_2013.jpg","datePublished":"2013-06-29T05:49:52+00:00","breadcrumb":{"@id":"https:\/\/fjala.info\/2009-2015\/demokracia-ne-panik\/#breadcrumb"},"inLanguage":"sq-AL","potentialAction":[{"@type":"ReadAction","target":["https:\/\/fjala.info\/2009-2015\/demokracia-ne-panik\/"]}]},{"@type":"ImageObject","inLanguage":"sq-AL","@id":"https:\/\/fjala.info\/2009-2015\/demokracia-ne-panik\/#primaryimage","url":"http:\/\/www.fjala.info\/2013\/kolec_traboini_2013.jpg","contentUrl":"http:\/\/www.fjala.info\/2013\/kolec_traboini_2013.jpg"},{"@type":"BreadcrumbList","@id":"https:\/\/fjala.info\/2009-2015\/demokracia-ne-panik\/#breadcrumb","itemListElement":[{"@type":"ListItem","position":1,"name":"Home","item":"https:\/\/fjala.info\/2009-2015\/"},{"@type":"ListItem","position":2,"name":"DEMOKRACIA NE PANIK"}]},{"@type":"WebSite","@id":"https:\/\/fjala.info\/2009-2015\/#website","url":"https:\/\/fjala.info\/2009-2015\/","name":"FjALA e LIR\u00cb - Arkivi","description":"Arkivi 2009-2015","publisher":{"@id":"https:\/\/fjala.info\/2009-2015\/#organization"},"potentialAction":[{"@type":"SearchAction","target":{"@type":"EntryPoint","urlTemplate":"https:\/\/fjala.info\/2009-2015\/?s={search_term_string}"},"query-input":{"@type":"PropertyValueSpecification","valueRequired":true,"valueName":"search_term_string"}}],"inLanguage":"sq-AL"},{"@type":"Organization","@id":"https:\/\/fjala.info\/2009-2015\/#organization","name":"FjALA e LIR\u00cb - Arkivi","url":"https:\/\/fjala.info\/2009-2015\/","logo":{"@type":"ImageObject","inLanguage":"sq-AL","@id":"https:\/\/fjala.info\/2009-2015\/#\/schema\/logo\/image\/","url":"","contentUrl":"","caption":"FjALA e LIR\u00cb - Arkivi"},"image":{"@id":"https:\/\/fjala.info\/2009-2015\/#\/schema\/logo\/image\/"}},{"@type":"Person","@id":"https:\/\/fjala.info\/2009-2015\/#\/schema\/person\/3aa1163ef05469c496fc94e77611ada2","name":"admin","image":{"@type":"ImageObject","inLanguage":"sq-AL","@id":"https:\/\/fjala.info\/2009-2015\/wp-content\/uploads\/2012\/02\/arben_cokaj-120x150.jpg","url":"https:\/\/fjala.info\/2009-2015\/wp-content\/uploads\/2012\/02\/arben_cokaj-120x150.jpg","contentUrl":"https:\/\/fjala.info\/2009-2015\/wp-content\/uploads\/2012\/02\/arben_cokaj-120x150.jpg","caption":"admin"},"description":"Admin, Fjala e Lir\u00eb","sameAs":["https:\/\/fjala.info\/"],"url":"https:\/\/fjala.info\/2009-2015\/author\/admin\/"}]}},"_links":{"self":[{"href":"https:\/\/fjala.info\/2009-2015\/wp-json\/wp\/v2\/posts\/12896","targetHints":{"allow":["GET"]}}],"collection":[{"href":"https:\/\/fjala.info\/2009-2015\/wp-json\/wp\/v2\/posts"}],"about":[{"href":"https:\/\/fjala.info\/2009-2015\/wp-json\/wp\/v2\/types\/post"}],"author":[{"embeddable":true,"href":"https:\/\/fjala.info\/2009-2015\/wp-json\/wp\/v2\/users\/1"}],"replies":[{"embeddable":true,"href":"https:\/\/fjala.info\/2009-2015\/wp-json\/wp\/v2\/comments?post=12896"}],"version-history":[{"count":0,"href":"https:\/\/fjala.info\/2009-2015\/wp-json\/wp\/v2\/posts\/12896\/revisions"}],"wp:attachment":[{"href":"https:\/\/fjala.info\/2009-2015\/wp-json\/wp\/v2\/media?parent=12896"}],"wp:term":[{"taxonomy":"category","embeddable":true,"href":"https:\/\/fjala.info\/2009-2015\/wp-json\/wp\/v2\/categories?post=12896"},{"taxonomy":"post_tag","embeddable":true,"href":"https:\/\/fjala.info\/2009-2015\/wp-json\/wp\/v2\/tags?post=12896"}],"curies":[{"name":"wp","href":"https:\/\/api.w.org\/{rel}","templated":true}]}}