{"id":12895,"date":"2013-06-28T15:17:21","date_gmt":"2013-06-28T14:17:21","guid":{"rendered":"http:\/\/fjala.info\/?p=3406"},"modified":"2013-06-28T15:17:21","modified_gmt":"2013-06-28T14:17:21","slug":"forca-e-votes","status":"publish","type":"post","link":"https:\/\/fjala.info\/2009-2015\/forca-e-votes\/","title":{"rendered":"Forca e vot\u00ebs"},"content":{"rendered":"<p><img decoding=\"async\" class=\"alignright size-thumbnail wp-image-7236\" title=\"Mimoza Kusari Lila\" alt=\"\" src=\"http:\/\/www.fjala.info\/2013\/mimoza_kusari.jpg\" width=\"200\" \/> Nga: <strong>Mimoza Kusari Lila<\/strong>, <em>26.06.2013<\/em><\/p>\n<p>Java dhe muaji para nesh do t\u00eb kalojn\u00eb me diskutime p\u00ebr zgjedhjet parlamentare n\u00eb Shqip\u00ebri. Me rezultatin i cili befasoi edhe vet\u00eb t\u00eb majt\u00ebn dhe trandi t\u00eb djatht\u00ebn, Shqip\u00ebria dhe shqiptar\u00ebt treguan se duan domosdo ndryshimin duke kap\u00ebrcyer edhe profilizimet politike. N\u00eb Shqip\u00ebri nuk ndodhi di\u00e7ka m\u00eb ndryshe se n\u00eb vendet tjera evropiane, ku pushteti nd\u00ebrrohet dhe profilet politike bien n\u00ebn hijen e zgjidhjes s\u00eb problemeve t\u00eb cilat r\u00ebndojn\u00eb shoq\u00ebrin\u00eb.<\/p>\n<p>Zgjedhjet n\u00eb Shqip\u00ebri dhan\u00eb sinjal t\u00eb qart\u00eb t\u00eb refuzimit t\u00eb nj\u00eb politike, p\u00ebr arsyet t\u00eb cilat vet\u00eb shqiptar\u00ebt i din\u00eb m\u00eb s\u00eb miri se i kan\u00eb jetuar \u00e7do dit\u00eb, por edhe angazhimin t\u00eb cilin fituesit e zgjedhjeve duhet ta b\u00ebjn\u00eb. Me fitoren e t\u00eb majt\u00ebs Shqip\u00ebria vendosi t\u00eb nd\u00ebrroj\u00eb kurs t\u00eb qeverisjes, por asgj\u00eb nuk \u00ebsht\u00eb e garantuar. Ndryshimi i cili ka ndodhur, vet\u00ebm tregoi se fushata e PS-s\u00eb ishte e suksesshme dhe e pranuar. Por a do t\u00eb jet\u00eb qeverisja e PS-s\u00eb ndryshe, mbetet t\u00eb shihet. \u00cbsht\u00eb sikur promo e filmit t\u00eb cilin vendosim ta shohim. Skenat dhe imazhet t\u00eb cilat u shfaq\u00ebn u p\u00eblqyen shqiptar\u00ebve.<\/p>\n<p>Muzika dhe emocioni i promos s\u00eb PS-s\u00eb ndez\u00ebn Shqip\u00ebrin\u00eb t\u2019u besoj\u00eb vendi, tani \u00ebsht\u00eb koha p\u00ebr t\u00eb performuar n\u00eb form\u00ebn e cila do t\u00eb mbaj\u00eb ndezur at\u00eb emocion dhe t\u00eb p\u00ebrformoj\u00eb sipas pritjeve, n\u00ebse mund t\u00eb b\u00ebhet nj\u00eb gj\u00eb e till\u00eb.<\/p>\n<p>Ky ndryshim n\u00eb qeverisje ka nj\u00eb dometh\u00ebnie t\u00eb ve\u00e7ant\u00eb p\u00ebr Kosov\u00ebn dhe agjend\u00ebn e sjelljen politike n\u00eb Kosov\u00eb. Ky ndryshim i r\u00ebnd\u00ebsish\u00ebm \u00ebsht\u00eb nj\u00eb rikujtim p\u00ebr t\u00eb gjith\u00eb ne n\u00eb politik\u00eb se populli v\u00ebshtron dhe mban mend, por edhe ta tregon mendimin e vet pa hezitimin n\u00eb koh\u00ebn kur k\u00ebrkohet mendimi i tyre, dit\u00ebn e zgjedhjeve. Ndryshimi ka treguar se edhe popujt n\u00eb Ballkan kan\u00eb filluar t\u00eb mendojn\u00eb jasht\u00eb kornizave t\u00eb sistemeve t\u00eb m\u00ebhershme t\u00eb cilat karakterizuan Ballkanin.<\/p>\n<p>P\u00ebr qytetar\u00ebt kosovar\u00eb \u00ebsht\u00eb e r\u00ebnd\u00ebsishme t\u00eb kuptojn\u00eb se pjes\u00ebmarrja e tyre aktive n\u00eb jet\u00ebn politike jo vet\u00ebm q\u00eb \u00ebsht\u00eb forma m\u00eb e mir\u00eb e ndryshimit t\u00eb kursit t\u00eb qeverisjes, por edhe \u00ebsht\u00eb m\u00ebnyra m\u00eb e mir\u00eb p\u00ebr ta reformuar partit\u00eb politike.<\/p>\n<p>N\u00eb Kosov\u00eb mendohet ose besohet shpesh se zgjidhjet p\u00ebr problemet jan\u00eb t\u00eb paraaranzhuara nga nj\u00eb forc\u00eb madhore, apo nga nj\u00eb agjend\u00eb e planifikuar. Ky mendim jo vet\u00ebm q\u00eb merr mund\u00ebsi p\u00ebr ndryshim nga e sotmja, por e cenon edhe t\u00eb ardhmen. L\u00eb mund\u00ebsi t\u00eb parealizuara si nj\u00eb shans i humbur q\u00eb kushton nj\u00eb mandat t\u00eb t\u00ebr\u00eb.<br \/>\nMe ndryshimet e realizuara n\u00eb politik\u00eb, votuesit tregojn\u00eb forc\u00ebn dhe faktin se jan\u00eb sovrani i v\u00ebrtet\u00eb n\u00eb secil\u00ebn demokraci. Forca e vot\u00ebs \u00ebsht\u00eb ajo e cila na jep shansin p\u00ebr t\u00eb punuar, por edhe na merr t\u00eb drejt\u00ebn e pun\u00ebs n\u00ebse nuk e kryejm\u00eb pun\u00ebn si duhet. Ngjarjet si ajo e Taksim sheshit, na japin ndjenj\u00ebn e rishikimit t\u00eb besimit t\u00eb fituar. Populli shikon dhe jep mendimin. Por dit\u00ebn e votimit e jep gjykimin.<\/p>\n<p>Q\u00eb ky proces t\u00eb jet\u00eb sa m\u00eb i drejt\u00eb dhe i sigurt, dialogu i mir\u00ebfillt\u00eb n\u00eb proces \u00ebsht\u00eb qen\u00ebsor. Rekomandimet dhe mendimet pa paragjykime dhe personalizime ndihmojn\u00eb secilin vendimmarr\u00ebs. Jetojm\u00eb n\u00eb koh\u00ebn e etiketimeve dhe gjykimeve me dhe pa baz\u00eb. Jo rrall\u00eb lexoj artikuj p\u00ebr pun\u00ebn apo performanc\u00ebn e dikastereve t\u00eb cil\u00ebt bazohen n\u00eb interesa personale apo n\u00eb agjenda personale t\u00eb atyre q\u00eb japin mendime apo hulumtojn\u00eb tema. Demokracia i lejon edhe k\u00ebto performanca, por jo deri n\u00eb shkall\u00ebn kur humb sensi i t\u00eb v\u00ebrtet\u00ebs apo pav\u00ebrtet\u00ebs. Ky sens demantohet nga faktet, nga suksesi apo nga d\u00ebshtimi i politik\u00ebs. Faktet flasin m\u00eb shum\u00eb se fjal\u00ebt, prandaj t\u00eb m\u00ebsohemi t\u00eb lexojm\u00eb, komentojm\u00eb dhe bazohemi n\u00eb fakte.<\/p>\n<p>Kosova ka nevoj\u00eb p\u00ebr debat t\u00eb mir\u00ebfillt\u00eb politik, p\u00ebr ngritje t\u00eb nivelit t\u00eb dialogut, p\u00ebr analiza t\u00eb mir\u00ebfillta, p\u00ebr depersonalizim dhe demitizim t\u00eb figurave dhe proceseve. Ajo \u00e7far\u00eb po ndodh me ne \u00ebsht\u00eb proces normal i transformimit shoq\u00ebror, i cili gradualisht do ta d\u00ebrgoj\u00eb Kosov\u00ebn n\u00eb faz\u00ebn prej proceseve historike dhe t\u00eb ve\u00e7anta, n\u00eb procese t\u00eb zakonshme zhvillimore.<\/p>\n<p>A do t\u00eb l\u00ebvizim m\u00eb shpejt apo m\u00eb ngadal\u00eb n\u00eb k\u00ebto procese, do t\u00eb varet nga forca e vot\u00ebs dhe asgj\u00eb m\u00eb shum\u00eb ose m\u00eb pak. Kosova nuk do t\u00eb ket\u00eb zgjidhje magjike p\u00ebr problemet e saj, por duhet t\u00eb ket\u00eb zgjedhje fer dhe t\u00eb lira, pa frik\u00ebn e vjedhjes, k\u00ebrc\u00ebnimit apo hakmarrjes si\u00e7 na ka ndodhur jo rrall\u00eb n\u00eb nivelin lokal dhe qendror.<\/p>\n<p>Jemi demokraci dhe t\u00eb gjith\u00eb duhet t\u00eb besojn\u00eb n\u00eb t\u00eb dhe t\u00eb sillemi si t\u00eb lir\u00eb.<br \/>\nRasti i Shqip\u00ebris\u00eb dhe ndryshimi atje, pa paragjykuar qeverisjen e ardhshme t\u00eb PS, duhet t\u00eb sh\u00ebrbejn\u00eb si konfirmim p\u00ebr t\u00eb gjith\u00eb ata q\u00eb shpesh humbin shpres\u00ebn n\u00eb zgjedhjen e lir\u00eb dhe demokracin\u00eb. Sikur mos t\u00eb ndodhte vrasja dhe plagosja n\u00eb m\u00ebngjesin e zgjedhjeve, do t\u00eb ishte shembull ende m\u00eb i mir\u00eb, por ndryshimi askund nuk \u00ebsht\u00eb i leht\u00eb.<\/p>\n<p>T\u00eb m\u00ebsojm\u00eb nga gabimet e t\u00eb tjer\u00ebve, mos t\u2019i p\u00ebrs\u00ebrisim, por t\u00eb krijojm\u00eb rastet dhe fitoret tona. Kosova ka nevoj\u00eb p\u00ebr besim m\u00eb t\u00eb madh n\u00eb demokraci dhe vlerat e saj.<\/p>\n","protected":false},"excerpt":{"rendered":"<p>Nga: Mimoza Kusari Lila, 26.06.2013 Java dhe muaji para nesh do t\u00eb kalojn\u00eb me diskutime p\u00ebr zgjedhjet parlamentare n\u00eb Shqip\u00ebri. Me rezultatin i cili befasoi edhe vet\u00eb t\u00eb majt\u00ebn dhe trandi t\u00eb djatht\u00ebn, Shqip\u00ebria dhe shqiptar\u00ebt treguan se duan domosdo ndryshimin duke kap\u00ebrcyer edhe profilizimet politike. N\u00eb Shqip\u00ebri nuk ndodhi di\u00e7ka m\u00eb ndryshe se n\u00eb [&hellip;]<\/p>\n","protected":false},"author":1,"featured_media":0,"comment_status":"open","ping_status":"closed","sticky":false,"template":"","format":"standard","meta":{"footnotes":""},"categories":[2],"tags":[],"class_list":{"0":"post-12895","1":"post","2":"type-post","3":"status-publish","4":"format-standard","6":"category-artikuj"},"yoast_head":"<!-- This site is optimized with the Yoast SEO plugin v27.4 - https:\/\/yoast.com\/product\/yoast-seo-wordpress\/ -->\n<title>Forca e vot\u00ebs - FjALA e LIR\u00cb - Arkivi<\/title>\n<meta name=\"robots\" content=\"index, follow, max-snippet:-1, max-image-preview:large, max-video-preview:-1\" \/>\n<link rel=\"canonical\" href=\"https:\/\/fjala.info\/2009-2015\/forca-e-votes\/\" \/>\n<meta property=\"og:locale\" content=\"sq_AL\" \/>\n<meta property=\"og:type\" content=\"article\" \/>\n<meta property=\"og:title\" content=\"Forca e vot\u00ebs - FjALA e LIR\u00cb - Arkivi\" \/>\n<meta property=\"og:description\" content=\"Nga: Mimoza Kusari Lila, 26.06.2013 Java dhe muaji para nesh do t\u00eb kalojn\u00eb me diskutime p\u00ebr zgjedhjet parlamentare n\u00eb Shqip\u00ebri. Me rezultatin i cili befasoi edhe vet\u00eb t\u00eb majt\u00ebn dhe trandi t\u00eb djatht\u00ebn, Shqip\u00ebria dhe shqiptar\u00ebt treguan se duan domosdo ndryshimin duke kap\u00ebrcyer edhe profilizimet politike. N\u00eb Shqip\u00ebri nuk ndodhi di\u00e7ka m\u00eb ndryshe se n\u00eb [&hellip;]\" \/>\n<meta property=\"og:url\" content=\"https:\/\/fjala.info\/2009-2015\/forca-e-votes\/\" \/>\n<meta property=\"og:site_name\" content=\"FjALA e LIR\u00cb - Arkivi\" \/>\n<meta property=\"article:published_time\" content=\"2013-06-28T14:17:21+00:00\" \/>\n<meta property=\"og:image\" content=\"http:\/\/www.fjala.info\/2013\/mimoza_kusari.jpg\" \/>\n<meta name=\"author\" content=\"admin\" \/>\n<meta name=\"twitter:card\" content=\"summary_large_image\" \/>\n<meta name=\"twitter:label1\" content=\"Written by\" \/>\n\t<meta name=\"twitter:data1\" content=\"admin\" \/>\n\t<meta name=\"twitter:label2\" content=\"Est. reading time\" \/>\n\t<meta name=\"twitter:data2\" content=\"5 minutes\" \/>\n<script type=\"application\/ld+json\" class=\"yoast-schema-graph\">{\"@context\":\"https:\\\/\\\/schema.org\",\"@graph\":[{\"@type\":\"Article\",\"@id\":\"https:\\\/\\\/fjala.info\\\/2009-2015\\\/forca-e-votes\\\/#article\",\"isPartOf\":{\"@id\":\"https:\\\/\\\/fjala.info\\\/2009-2015\\\/forca-e-votes\\\/\"},\"author\":{\"name\":\"admin\",\"@id\":\"https:\\\/\\\/fjala.info\\\/2009-2015\\\/#\\\/schema\\\/person\\\/3aa1163ef05469c496fc94e77611ada2\"},\"headline\":\"Forca e vot\u00ebs\",\"datePublished\":\"2013-06-28T14:17:21+00:00\",\"mainEntityOfPage\":{\"@id\":\"https:\\\/\\\/fjala.info\\\/2009-2015\\\/forca-e-votes\\\/\"},\"wordCount\":937,\"commentCount\":0,\"publisher\":{\"@id\":\"https:\\\/\\\/fjala.info\\\/2009-2015\\\/#organization\"},\"image\":{\"@id\":\"https:\\\/\\\/fjala.info\\\/2009-2015\\\/forca-e-votes\\\/#primaryimage\"},\"thumbnailUrl\":\"http:\\\/\\\/www.fjala.info\\\/2013\\\/mimoza_kusari.jpg\",\"articleSection\":[\"Artikuj\"],\"inLanguage\":\"sq-AL\",\"potentialAction\":[{\"@type\":\"CommentAction\",\"name\":\"Comment\",\"target\":[\"https:\\\/\\\/fjala.info\\\/2009-2015\\\/forca-e-votes\\\/#respond\"]}]},{\"@type\":\"WebPage\",\"@id\":\"https:\\\/\\\/fjala.info\\\/2009-2015\\\/forca-e-votes\\\/\",\"url\":\"https:\\\/\\\/fjala.info\\\/2009-2015\\\/forca-e-votes\\\/\",\"name\":\"Forca e vot\u00ebs - FjALA e LIR\u00cb - Arkivi\",\"isPartOf\":{\"@id\":\"https:\\\/\\\/fjala.info\\\/2009-2015\\\/#website\"},\"primaryImageOfPage\":{\"@id\":\"https:\\\/\\\/fjala.info\\\/2009-2015\\\/forca-e-votes\\\/#primaryimage\"},\"image\":{\"@id\":\"https:\\\/\\\/fjala.info\\\/2009-2015\\\/forca-e-votes\\\/#primaryimage\"},\"thumbnailUrl\":\"http:\\\/\\\/www.fjala.info\\\/2013\\\/mimoza_kusari.jpg\",\"datePublished\":\"2013-06-28T14:17:21+00:00\",\"breadcrumb\":{\"@id\":\"https:\\\/\\\/fjala.info\\\/2009-2015\\\/forca-e-votes\\\/#breadcrumb\"},\"inLanguage\":\"sq-AL\",\"potentialAction\":[{\"@type\":\"ReadAction\",\"target\":[\"https:\\\/\\\/fjala.info\\\/2009-2015\\\/forca-e-votes\\\/\"]}]},{\"@type\":\"ImageObject\",\"inLanguage\":\"sq-AL\",\"@id\":\"https:\\\/\\\/fjala.info\\\/2009-2015\\\/forca-e-votes\\\/#primaryimage\",\"url\":\"http:\\\/\\\/www.fjala.info\\\/2013\\\/mimoza_kusari.jpg\",\"contentUrl\":\"http:\\\/\\\/www.fjala.info\\\/2013\\\/mimoza_kusari.jpg\"},{\"@type\":\"BreadcrumbList\",\"@id\":\"https:\\\/\\\/fjala.info\\\/2009-2015\\\/forca-e-votes\\\/#breadcrumb\",\"itemListElement\":[{\"@type\":\"ListItem\",\"position\":1,\"name\":\"Home\",\"item\":\"https:\\\/\\\/fjala.info\\\/2009-2015\\\/\"},{\"@type\":\"ListItem\",\"position\":2,\"name\":\"Forca e vot\u00ebs\"}]},{\"@type\":\"WebSite\",\"@id\":\"https:\\\/\\\/fjala.info\\\/2009-2015\\\/#website\",\"url\":\"https:\\\/\\\/fjala.info\\\/2009-2015\\\/\",\"name\":\"FjALA e LIR\u00cb - Arkivi\",\"description\":\"Arkivi 2009-2015\",\"publisher\":{\"@id\":\"https:\\\/\\\/fjala.info\\\/2009-2015\\\/#organization\"},\"potentialAction\":[{\"@type\":\"SearchAction\",\"target\":{\"@type\":\"EntryPoint\",\"urlTemplate\":\"https:\\\/\\\/fjala.info\\\/2009-2015\\\/?s={search_term_string}\"},\"query-input\":{\"@type\":\"PropertyValueSpecification\",\"valueRequired\":true,\"valueName\":\"search_term_string\"}}],\"inLanguage\":\"sq-AL\"},{\"@type\":\"Organization\",\"@id\":\"https:\\\/\\\/fjala.info\\\/2009-2015\\\/#organization\",\"name\":\"FjALA e LIR\u00cb - Arkivi\",\"url\":\"https:\\\/\\\/fjala.info\\\/2009-2015\\\/\",\"logo\":{\"@type\":\"ImageObject\",\"inLanguage\":\"sq-AL\",\"@id\":\"https:\\\/\\\/fjala.info\\\/2009-2015\\\/#\\\/schema\\\/logo\\\/image\\\/\",\"url\":\"\",\"contentUrl\":\"\",\"caption\":\"FjALA e LIR\u00cb - Arkivi\"},\"image\":{\"@id\":\"https:\\\/\\\/fjala.info\\\/2009-2015\\\/#\\\/schema\\\/logo\\\/image\\\/\"}},{\"@type\":\"Person\",\"@id\":\"https:\\\/\\\/fjala.info\\\/2009-2015\\\/#\\\/schema\\\/person\\\/3aa1163ef05469c496fc94e77611ada2\",\"name\":\"admin\",\"image\":{\"@type\":\"ImageObject\",\"inLanguage\":\"sq-AL\",\"@id\":\"https:\\\/\\\/fjala.info\\\/2009-2015\\\/wp-content\\\/uploads\\\/2012\\\/02\\\/arben_cokaj-120x150.jpg\",\"url\":\"https:\\\/\\\/fjala.info\\\/2009-2015\\\/wp-content\\\/uploads\\\/2012\\\/02\\\/arben_cokaj-120x150.jpg\",\"contentUrl\":\"https:\\\/\\\/fjala.info\\\/2009-2015\\\/wp-content\\\/uploads\\\/2012\\\/02\\\/arben_cokaj-120x150.jpg\",\"caption\":\"admin\"},\"description\":\"Admin, Fjala e Lir\u00eb\",\"sameAs\":[\"https:\\\/\\\/fjala.info\\\/\"],\"url\":\"https:\\\/\\\/fjala.info\\\/2009-2015\\\/author\\\/admin\\\/\"}]}<\/script>\n<!-- \/ Yoast SEO plugin. -->","yoast_head_json":{"title":"Forca e vot\u00ebs - FjALA e LIR\u00cb - Arkivi","robots":{"index":"index","follow":"follow","max-snippet":"max-snippet:-1","max-image-preview":"max-image-preview:large","max-video-preview":"max-video-preview:-1"},"canonical":"https:\/\/fjala.info\/2009-2015\/forca-e-votes\/","og_locale":"sq_AL","og_type":"article","og_title":"Forca e vot\u00ebs - FjALA e LIR\u00cb - Arkivi","og_description":"Nga: Mimoza Kusari Lila, 26.06.2013 Java dhe muaji para nesh do t\u00eb kalojn\u00eb me diskutime p\u00ebr zgjedhjet parlamentare n\u00eb Shqip\u00ebri. Me rezultatin i cili befasoi edhe vet\u00eb t\u00eb majt\u00ebn dhe trandi t\u00eb djatht\u00ebn, Shqip\u00ebria dhe shqiptar\u00ebt treguan se duan domosdo ndryshimin duke kap\u00ebrcyer edhe profilizimet politike. N\u00eb Shqip\u00ebri nuk ndodhi di\u00e7ka m\u00eb ndryshe se n\u00eb [&hellip;]","og_url":"https:\/\/fjala.info\/2009-2015\/forca-e-votes\/","og_site_name":"FjALA e LIR\u00cb - Arkivi","article_published_time":"2013-06-28T14:17:21+00:00","og_image":[{"url":"http:\/\/www.fjala.info\/2013\/mimoza_kusari.jpg","type":"","width":"","height":""}],"author":"admin","twitter_card":"summary_large_image","twitter_misc":{"Written by":"admin","Est. reading time":"5 minutes"},"schema":{"@context":"https:\/\/schema.org","@graph":[{"@type":"Article","@id":"https:\/\/fjala.info\/2009-2015\/forca-e-votes\/#article","isPartOf":{"@id":"https:\/\/fjala.info\/2009-2015\/forca-e-votes\/"},"author":{"name":"admin","@id":"https:\/\/fjala.info\/2009-2015\/#\/schema\/person\/3aa1163ef05469c496fc94e77611ada2"},"headline":"Forca e vot\u00ebs","datePublished":"2013-06-28T14:17:21+00:00","mainEntityOfPage":{"@id":"https:\/\/fjala.info\/2009-2015\/forca-e-votes\/"},"wordCount":937,"commentCount":0,"publisher":{"@id":"https:\/\/fjala.info\/2009-2015\/#organization"},"image":{"@id":"https:\/\/fjala.info\/2009-2015\/forca-e-votes\/#primaryimage"},"thumbnailUrl":"http:\/\/www.fjala.info\/2013\/mimoza_kusari.jpg","articleSection":["Artikuj"],"inLanguage":"sq-AL","potentialAction":[{"@type":"CommentAction","name":"Comment","target":["https:\/\/fjala.info\/2009-2015\/forca-e-votes\/#respond"]}]},{"@type":"WebPage","@id":"https:\/\/fjala.info\/2009-2015\/forca-e-votes\/","url":"https:\/\/fjala.info\/2009-2015\/forca-e-votes\/","name":"Forca e vot\u00ebs - FjALA e LIR\u00cb - Arkivi","isPartOf":{"@id":"https:\/\/fjala.info\/2009-2015\/#website"},"primaryImageOfPage":{"@id":"https:\/\/fjala.info\/2009-2015\/forca-e-votes\/#primaryimage"},"image":{"@id":"https:\/\/fjala.info\/2009-2015\/forca-e-votes\/#primaryimage"},"thumbnailUrl":"http:\/\/www.fjala.info\/2013\/mimoza_kusari.jpg","datePublished":"2013-06-28T14:17:21+00:00","breadcrumb":{"@id":"https:\/\/fjala.info\/2009-2015\/forca-e-votes\/#breadcrumb"},"inLanguage":"sq-AL","potentialAction":[{"@type":"ReadAction","target":["https:\/\/fjala.info\/2009-2015\/forca-e-votes\/"]}]},{"@type":"ImageObject","inLanguage":"sq-AL","@id":"https:\/\/fjala.info\/2009-2015\/forca-e-votes\/#primaryimage","url":"http:\/\/www.fjala.info\/2013\/mimoza_kusari.jpg","contentUrl":"http:\/\/www.fjala.info\/2013\/mimoza_kusari.jpg"},{"@type":"BreadcrumbList","@id":"https:\/\/fjala.info\/2009-2015\/forca-e-votes\/#breadcrumb","itemListElement":[{"@type":"ListItem","position":1,"name":"Home","item":"https:\/\/fjala.info\/2009-2015\/"},{"@type":"ListItem","position":2,"name":"Forca e vot\u00ebs"}]},{"@type":"WebSite","@id":"https:\/\/fjala.info\/2009-2015\/#website","url":"https:\/\/fjala.info\/2009-2015\/","name":"FjALA e LIR\u00cb - Arkivi","description":"Arkivi 2009-2015","publisher":{"@id":"https:\/\/fjala.info\/2009-2015\/#organization"},"potentialAction":[{"@type":"SearchAction","target":{"@type":"EntryPoint","urlTemplate":"https:\/\/fjala.info\/2009-2015\/?s={search_term_string}"},"query-input":{"@type":"PropertyValueSpecification","valueRequired":true,"valueName":"search_term_string"}}],"inLanguage":"sq-AL"},{"@type":"Organization","@id":"https:\/\/fjala.info\/2009-2015\/#organization","name":"FjALA e LIR\u00cb - Arkivi","url":"https:\/\/fjala.info\/2009-2015\/","logo":{"@type":"ImageObject","inLanguage":"sq-AL","@id":"https:\/\/fjala.info\/2009-2015\/#\/schema\/logo\/image\/","url":"","contentUrl":"","caption":"FjALA e LIR\u00cb - Arkivi"},"image":{"@id":"https:\/\/fjala.info\/2009-2015\/#\/schema\/logo\/image\/"}},{"@type":"Person","@id":"https:\/\/fjala.info\/2009-2015\/#\/schema\/person\/3aa1163ef05469c496fc94e77611ada2","name":"admin","image":{"@type":"ImageObject","inLanguage":"sq-AL","@id":"https:\/\/fjala.info\/2009-2015\/wp-content\/uploads\/2012\/02\/arben_cokaj-120x150.jpg","url":"https:\/\/fjala.info\/2009-2015\/wp-content\/uploads\/2012\/02\/arben_cokaj-120x150.jpg","contentUrl":"https:\/\/fjala.info\/2009-2015\/wp-content\/uploads\/2012\/02\/arben_cokaj-120x150.jpg","caption":"admin"},"description":"Admin, Fjala e Lir\u00eb","sameAs":["https:\/\/fjala.info\/"],"url":"https:\/\/fjala.info\/2009-2015\/author\/admin\/"}]}},"_links":{"self":[{"href":"https:\/\/fjala.info\/2009-2015\/wp-json\/wp\/v2\/posts\/12895","targetHints":{"allow":["GET"]}}],"collection":[{"href":"https:\/\/fjala.info\/2009-2015\/wp-json\/wp\/v2\/posts"}],"about":[{"href":"https:\/\/fjala.info\/2009-2015\/wp-json\/wp\/v2\/types\/post"}],"author":[{"embeddable":true,"href":"https:\/\/fjala.info\/2009-2015\/wp-json\/wp\/v2\/users\/1"}],"replies":[{"embeddable":true,"href":"https:\/\/fjala.info\/2009-2015\/wp-json\/wp\/v2\/comments?post=12895"}],"version-history":[{"count":0,"href":"https:\/\/fjala.info\/2009-2015\/wp-json\/wp\/v2\/posts\/12895\/revisions"}],"wp:attachment":[{"href":"https:\/\/fjala.info\/2009-2015\/wp-json\/wp\/v2\/media?parent=12895"}],"wp:term":[{"taxonomy":"category","embeddable":true,"href":"https:\/\/fjala.info\/2009-2015\/wp-json\/wp\/v2\/categories?post=12895"},{"taxonomy":"post_tag","embeddable":true,"href":"https:\/\/fjala.info\/2009-2015\/wp-json\/wp\/v2\/tags?post=12895"}],"curies":[{"name":"wp","href":"https:\/\/api.w.org\/{rel}","templated":true}]}}