{"id":12894,"date":"2013-06-27T23:59:29","date_gmt":"2013-06-27T22:59:29","guid":{"rendered":"http:\/\/fjala.info\/?p=3403"},"modified":"2013-06-27T23:59:29","modified_gmt":"2013-06-27T22:59:29","slug":"mosvotimi","status":"publish","type":"post","link":"https:\/\/fjala.info\/2009-2015\/mosvotimi\/","title":{"rendered":"Mosvotimi?!?"},"content":{"rendered":"<p><img decoding=\"async\" class=\"alignright size-thumbnail wp-image-7236\" title=\"Dita 4 qershor 2013\" alt=\"\" src=\"http:\/\/www.fjala.info\/2013\/dita_4_qershor_2013.jpg\" width=\"300\" \/> <strong>Naser Aliu<\/strong>, <em>Gazeta DITA<\/em><\/p>\n<p>Se kush duhet votuar, \u00ebsht\u00eb vendim i m\u00ebvet\u00ebsish\u00ebm, individual, por \u00ebsht\u00eb me r\u00ebnd\u00ebsi t\u00eb jasht\u00ebzakonshme t\u00eb n\u00ebnvizohet, kush nuk guxon t\u00eb rizgjidhet. N\u00ebp\u00ebrmjet vot\u00ebs njeriu tregon bot\u00ebkuptimin e vet dhe inteligjenc\u00ebn, dhe aft\u00ebsit\u00eb e tija mendore dhe gjykuese. Edhe bindjet qytetare, edhe kultur\u00ebn. Ai q\u00eb voton nj\u00eb parti fashiste p\u00ebr shembull, mund t\u00eb merret me mend pse b\u00ebn\u00eb k\u00ebt\u00eb. Edhe parap\u00eblqimet tjera politike d\u00ebftojn\u00eb karakterin e nj\u00eb njeriu dhe orientimin.<\/p>\n<p>Mosvotimi \u00ebsht\u00eb moskok\u00eb\u00e7arje dhe mund t&#8217;u falet popujve q\u00eb kan\u00eb pak probleme; pak papun\u00ebsi dhe ku krimi, tradhtia dhe makiavelizmi, nuk kan\u00eb mund\u00ebsi t\u00eb dep\u00ebrtojn\u00eb apo mbijetojn\u00eb n\u00eb politik\u00eb. Shkurt, ai komoditet i mosvotimit, ajo protest\u00eb pasive, depresive, q\u00eb nuk sjell\u00eb asnj\u00eb t\u00eb mir\u00eb, mund t&#8217; i falet nj\u00eb populli me nj\u00eb shtet ligjor, me nj\u00eb shtet social, q\u00eb ka fuqi edhe ekonomike, p\u00ebr ta mbrojtur dinjitetin e njeriut. Qytetari me vot\u00ebn e vet, shp\u00ebrblen ose nd\u00ebshkon politikanin. Me mosvotim shp\u00ebrblehet pala e inkriminuar, ajo q\u00eb ka zaptuar pushtetin. Politikanit nuk i intereson sa veta votuan, por sa p\u00ebr qind fitoi. Nj\u00eb shoq\u00ebri ka nj\u00eb demokraci t\u00eb ankoruar mir\u00eb, kur politikani me vot\u00eb d\u00ebnohet, jo kur i falen edhe krimet. N\u00ebse shkarja e par\u00eb e r\u00ebnd\u00eb shp\u00ebrfillet, pasojn\u00eb edhe krimet. K\u00ebto zgjedhje, jan\u00eb shansi i fundit p\u00ebr ta shp\u00ebtuar demokracin\u00eb n\u00eb Shqip\u00ebri, dhe, kjo demokraci, mund t\u00eb shp\u00ebtohet, vet\u00ebm me vot\u00eb plebishitare.<\/p>\n<p>Nj\u00eb qytetar q\u00eb adhuron shtetin ligjor, nuk mund t\u00eb votoj\u00eb kurr\u00eb nj\u00eb njeri, q\u00eb \u00ebsht\u00eb marr\u00eb me kontraband\u00eb. Me kontraband\u00ebn e naft\u00ebs p\u00ebr shembull. Al Capone qe marr\u00eb me alkool dhe p\u00ebrfundoi n\u00eb burg. \u201cMas Carpone\u201d jon\u00eb, nga presidenca, kaloi n\u00eb kryeministri. U shp\u00ebrblye. N\u00ebse ne votojm\u00eb at\u00eb, dometh\u00ebn\u00eb se pajtohemi me vepr\u00ebn penale, me shkeljen e ligjit. N\u00ebse pajtohemi, at\u00ebher\u00eb jemi pak kriminel edhe vet, ose mb\u00ebshtesim kriminalitetin e tjer\u00ebve nga oportunizmi. N\u00eb demokracin\u00eb per\u00ebndimore, nj\u00eb qytetar q\u00eb merret me kontraband\u00eb, p\u00ebrfundon karrier\u00ebn politike.<\/p>\n<p>Procedime t\u00eb ngjashme ndodhin n\u00eb vendet me t\u00eb ashtuquajtura vlera europiane dhe shtete ligjore, dometh\u00ebn\u00eb me bot\u00ebkuptime, gjykime dhe bindje europiane. Qytetari europian nuk toleron q\u00eb zyra e kryeministrit apo kryetarit, t\u00eb zezohet aq shum\u00eb, sa t\u00eb ulet brenda edhe njer\u00ebz t\u00eb sojit t\u00eb Toto Riinas. Kjo \u00ebsht\u00eb arsyeja pse sot n\u00eb Europ\u00eb nuk ka asnj\u00eb kryeminist\u00ebr, q\u00eb \u00ebsht\u00eb marr\u00eb me kontraband\u00eb, por nuk mund t\u00eb p\u00ebrjashtohet mund\u00ebsia t\u00eb jet\u00eb ndonj\u00eb qytetar\u00eb n\u00eb arrati. Me vot\u00eb njeriu mund t\u00eb d\u00ebshmoj\u00eb nj\u00eb distancim cil\u00ebsor nga kriminaliteti, ose t\u00eb shkrihet n\u00eb t\u00eb duke e votuar.<\/p>\n<p>\u201cGFI\u201d Global Financial Integrity n\u00eb dhjetor t\u00eb vitit t\u00eb kaluar, pat b\u00ebr\u00eb t\u00eb ditur se nga Shqip\u00ebria, jan\u00eb transferuar ilegalisht 1.3 miliard dollar\u00eb n\u00eb pes\u00eb vitet e fundit. A i ka b\u00ebr\u00eb k\u00ebto Saliu? Nuk dihet, por ai paguhet p\u00ebr ta pamund\u00ebsuar at\u00eb transferim. N\u00ebse rivotohet, n\u00eb kat\u00ebr vitet e ardhshme, avullohen edhe nj\u00eb miliard dollar\u00eb.<\/p>\n<p>Nj\u00eb qytetar nuk duhet t\u00eb votoj\u00eb nj\u00eb njeri q\u00eb me ligj ka duruar dhe stimuluar ngritjen e piramidave financiare, q\u00eb kan\u00eb \u00e7uar tek rr\u00ebnimi i shtetit. Nuk duhet ta b\u00ebj\u00eb k\u00ebt\u00eb nj\u00eb votues sepse me k\u00ebt\u00eb akt, ai d\u00ebshmon apati ndaj vendit, jo si m\u00eb lart vet\u00ebm ndaj kombit jasht\u00eb kufirit, por edhe ndaj vet shtetit shqiptar si garantues i paqes dhe mir\u00ebqenies s\u00eb popullit.<\/p>\n<p>P\u00ebrve\u00e7 k\u00ebsaj, n\u00ebse qytetari voton nj\u00eb njeri t\u00eb atij kall\u00ebpi, at\u00ebher\u00eb, ai i fal\u00eb rr\u00ebnimin e shtetit dhe pajtohet edhe me krijimin e mund\u00ebsis\u00eb p\u00ebr t&#8217; u vrar\u00eb mbi 2000 shqiptar\u00eb. N\u00eb Europ\u00eb nuk mund t\u00eb gjendet askund nj\u00eb politikan, q\u00eb ka rr\u00ebnuar shtetin e vet dhe tani t\u00eb jet\u00eb aq i pafytyr\u00eb, sa t\u00eb kandidohet p\u00ebrs\u00ebri. Shteti ligjor \u00ebsht\u00eb i detyruar t\u00eb hetoj\u00eb dhe zbuloj\u00eb dhe d\u00ebnoj\u00eb njer\u00ebzit q\u00eb \u00e7uan me q\u00ebllim apo nga neglizhenca, deri tek ajo tragjedi. N\u00eb Europ\u00eb, nj\u00eb njeri i till\u00eb, nuk mund t\u00eb kandidohet, sepse p\u00ebr vrasjen e 2000 vetave dhe rr\u00ebnimin e shtetit, burgoset dhe nuk i lejohet t\u00eb b\u00ebj\u00eb fushat\u00eb nga qelia. Votuesi d\u00ebshmohet si njeri i ndri\u00e7uar dhe emancipuar, n\u00ebse nuk voton at\u00eb q\u00eb \u00ebsht\u00eb marr\u00eb me kontraband\u00eb e naft\u00ebs dhe at\u00eb q\u00eb nga pozita e kryetarit, nuk ka penguar shembjen e shtetit.<\/p>\n<p>Nj\u00eb shqiptar nuk duhet ta votoj\u00eb nj\u00eb njeri q\u00eb U\u00c7K-n e pat quajtur marksiste-leniniste dhe terroriste. Terroriste p\u00ebr t&#8217; i p\u00eblqyer Serbis\u00eb, marksiste-leniniste p\u00ebr ta trishtuar Per\u00ebndimin. Dhe, ai shqiptar q\u00eb voton apo admiron at\u00eb njeri, ai shqiptar gjykon dhe mb\u00ebshtet vler\u00ebsimin serb mbi U\u00c7K-n\u00eb. Tek nj\u00eb komb me vet\u00ebdije t\u00eb lart\u00eb komb\u00ebtare dhe shtetnd\u00ebrtuese, karriera e nj\u00eb specie ekuivalente, do t\u00eb kishte p\u00ebrfunduar pas k\u00ebsaj deklarate. Ata q\u00eb falin nj\u00eb stigmatizim t\u00eb till\u00eb, ata njer\u00ebz pajtohen n\u00eb m\u00ebnyr\u00eb eksplicite dhe n\u00eb heshtje me at\u00eb vler\u00ebsim. Me vot\u00eb mir\u00ebpo, d\u00ebnohet gjykimi i barasvlersh\u00ebm me at\u00eb serb, natyrisht n\u00ebse qytetari ka k\u00ebt\u00eb mund\u00ebsi kognitive, diferencuese. N\u00ebse ndjehet \u201c qengj q\u00eb han\u00eb bar\u00eb, me nj\u00eb zile n\u00eb qaf\u00eb var\u00eb!\u201d, at\u00ebher\u00eb edhe e adhuron.<\/p>\n<p>N\u00ebse nj\u00eb votuesi nuk i mjaftojn\u00eb ato fatkeq\u00ebsi &#8211; n\u00eb Europ\u00eb qytetarit do t&#8217; i kishte mjaftuar vet\u00ebm nj\u00eb argument i p\u00ebrmendur, p\u00ebr ta kuptuar arrivistin dhe batak\u00e7iun- at\u00ebher\u00eb, ai nuk duhet t\u00eb votoj\u00eb nj\u00eb njeri q\u00eb mund\u00ebsoi nj\u00eb tragjedi t\u00eb madhe n\u00eb G\u00ebrdec, n\u00eb t\u00eb cilat p\u00ebrfitime ishte p\u00ebrfshir\u00eb edhe i biri. Njeriu nuk duhet ta votoj\u00eb sepse njer\u00ebzit mendojn\u00eb se votuesi pajtohet me vrasjen e 26 vetave dhe plagosjen e dhjetave. N\u00eb nj\u00eb demokraci t\u00eb v\u00ebrtet\u00ebt, pas atij shp\u00ebrthimi, do ta kishin p\u00ebrfunduar karrier\u00ebn politike kryeministri, ministri i mbrojtjes dhe dikush tjet\u00ebr, sepse Europa \u00ebsht\u00eb e bindur se brenda popullit, ka shum\u00eb njer\u00ebz tjer\u00eb, q\u00eb din\u00eb t\u00eb punojn\u00eb m\u00eb mir\u00eb se oportunist\u00ebt, e jo t\u00eb shp\u00ebrblehen me pozita t\u00eb reja. Mir\u00ebpo, n\u00ebse qytetari \u00ebsht\u00eb i padijsh\u00ebm, ose urren vendin e vet, at\u00ebher\u00eb ai voton pik\u00ebrisht at\u00eb dhe mburret me zgjedhjen. Kjo b\u00ebhet ndoshta nga frika, ndoshta nga dobia, ndoshta nga konformizmi.<\/p>\n<p>Nj\u00eb qytetar q\u00eb voton nj\u00eb njeri i cili \u00ebsht\u00eb z\u00ebn\u00eb duke shitur nj\u00eb pjes\u00eb t\u00eb detit, duke d\u00ebmtuar integritetin territorial, at\u00ebher\u00eb, me vot\u00ebn e tij sot, i jep mund\u00ebsi n\u00eb legjislacionin e ardhsh\u00ebm, ta p\u00ebrmbaroj\u00eb marr\u00ebveshjen. Saliu nuk \u00ebsht\u00eb penduar kurr\u00eb p\u00ebr n\u00ebnshkrimin e tij. Kjo \u00ebsht\u00eb arsyeja pse Greqia tani hesht\u00eb. N\u00eb Europ\u00eb, nuk mund t\u00eb mbijetoj\u00eb nj\u00eb politikan as 24 or\u00eb pasi t\u00eb jet\u00eb kuptuar se ka cenuar sovranitetin me firm\u00eb. Nuk \u00ebsht\u00eb e mundur t\u00eb mbetet m\u00eb n\u00eb politik\u00eb, sepse qytetari europian k\u00ebt\u00eb e konsideron tradhti t\u00eb madhe ndaj vendit dhe nj\u00eb person i till\u00eb, do t\u00eb p\u00ebrfundonte n\u00eb burg dhe natyrisht, si\u00e7 iu tha edhe m\u00eb lart\u00eb, nga qelia, nuk i lejohet t\u00eb b\u00ebj\u00eb fushat\u00eb, edhe n\u00ebse populli \u00ebsht\u00eb duduk nga perceptimi dhe gjykimi. N\u00ebse nuk votohet nj\u00eb njeri i till\u00eb, at\u00ebher\u00eb tregohet ep\u00ebrsi mendore, se votuesi nuk pajtohet me tradhtin\u00eb n\u00eb politik\u00ebn shqiptare. Votuesi eventual, duhet t\u00eb d\u00ebshmoj\u00eb se edhe vet nuk \u00ebsht\u00eb tradhtar.<\/p>\n<p>N\u00ebse ato vepra nuk mjaftojn\u00eb p\u00ebr ta d\u00ebnuar me vot\u00eb nj\u00eb njeri, at\u00ebher\u00eb kund\u00ebr votimit flet vrasja e kat\u00ebr protestuesve. Asnj\u00eb kryeminist\u00ebr europian nuk ka vrar\u00eb qytetar\u00eb t\u00eb vet, por sikur ta kishte b\u00ebr\u00eb, nuk do t\u00eb kishte pasur mund\u00ebsi t\u00eb kandidohet nga burgu, sepse n\u00eb Europ\u00eb, njer\u00ebzve t\u00eb gjykuar, u ndalohet kandidimi. Dhe, n\u00ebse votohet nj\u00eb njeri, q\u00eb ka vrar\u00eb shqiptar\u00eb t\u00eb partis\u00eb opozitare, at\u00ebher\u00eb votuesi pajohet me ato vrasje dhe \u00ebsht\u00eb krenar dhe mb\u00ebshtet krimin. N\u00ebse i falet, ai do t\u00eb halitet dhe \u00ebsht\u00eb n\u00eb pyetje koha se kur do t\u00eb vras\u00eb edhe t\u00eb vet\u00ebt. N\u00eb Europ\u00eb nuk durohet nj\u00eb kryeminist\u00ebr i till\u00eb. Pra, nj\u00eb qytetar me vet\u00ebdije nacionale dhe politike, nuk i fal\u00eb vrasjen politikanit. N\u00eb demokraci ato nuk falen, n\u00eb diktatur\u00eb diktatori ka imunitet dhe mund t\u00eb vras\u00eb qytetar\u00eb, por, procedohet pas rr\u00ebnimit t\u00eb saj, n\u00ebse fiton shteti ligjor. Shqiptari tregon pjekuri politike dhe i bashk\u00ebngjitet mend\u00ebsis\u00eb europiane, kur del n\u00eb protest\u00eb kund\u00ebr vrasjes s\u00eb njeriut dhe k\u00ebrkon drejt\u00ebsi. Dhe kur pengon shkarangjitjen e mizantrop\u00ebve n\u00eb pushtet.<\/p>\n<p>N\u00ebse voton nj\u00eb njeri q\u00eb shan\u00eb n\u00ebn\u00ebn, motr\u00ebn, gruan dhe q\u00eb i quan mjeran, d\u00ebshtak kund\u00ebrshtar\u00ebt, se u a prish\u00eb fytyr\u00ebn, at\u00ebher\u00eb votuesi pajtohet q\u00eb vendi t\u00eb qeveriset nga nj\u00eb rruga\u00e7. Nga nj\u00eb kryerruga\u00e7. N\u00ebse nj\u00eb kryeminist\u00ebr shan\u00eb si nj\u00eb rruga\u00e7, at\u00ebher\u00eb t\u00eb gjith\u00eb rruga\u00e7\u00ebt na duken intelektual. Madje nuk mund t\u00eb kuptojm\u00eb cili \u00ebsht\u00eb kryeministri, cili rruga\u00e7i. Kjo dukuri na d\u00ebmton perceptimin e drejt\u00eb. Gjykimin. P\u00ebrligjjen. P\u00ebrzihen vlerat. Pastaj, duke shar\u00eb grat\u00eb e kund\u00ebrshtar\u00ebve politik, ndikoi n\u00eb rritjen e keqtrajtimit t\u00eb grave dhe vrasjen e tyre, madje edhe n\u00eb vrasjen e embrioneve fem\u00ebrore.<br \/>\nN\u00eb Per\u00ebndim nj\u00eb njeri q\u00eb shan ashtu, nuk ka shanse n\u00eb politik\u00eb, sepse kryeministri \u00ebsht\u00eb pasqyra e vendit dhe sh\u00ebmb\u00eblltyra e kombit.<\/p>\n<p>\u00c7far\u00eb mendoni se mendon bota p\u00ebr ne, kur takon kryeministrin ton\u00eb, q\u00eb ka marr\u00eb aq shum\u00eb jet\u00ebra n\u00eb qaf\u00eb dhe q\u00eb posedon surrat t\u00eb kandidohet p\u00ebrs\u00ebri? \u00c7far\u00eb mendoni se ata mendojn\u00eb p\u00ebr ne, kur shohin njer\u00ebzit t\u00eb veshur holl\u00eb, si vishet njeriu n\u00eb pik\u00eb t\u00eb ver\u00ebs, por kryeministri, i veshur si vishte njeriu n\u00eb pik\u00eb t\u00eb dimrit? Pse ky njeri ka frik\u00eb nga populli i vet? Pse paska b\u00ebr\u00eb aq mir\u00eb? Pse nd\u00ebrtoi rrug\u00eb e shkolla? Pse ato rrug\u00eb dhe ato shkolla mbarojn\u00eb pun\u00ebn pik\u00ebrisht tani? \u00c7far\u00eb mendoni se mendon bota p\u00ebr popullin shqiptar, kur votojm\u00eb kontrabandist\u00eb, vras\u00ebs, shar\u00ebs, shit\u00ebs t\u00eb detit, transferues t\u00eb dollar\u00ebve jasht\u00eb, dhe ata q\u00eb shpallim tradhtar\u00ebt heronj? Pse sillen muxhahedin\u00ebt pik\u00ebrisht tani? P\u00ebr ta bler\u00eb heshtjen amerikane? \u00c7far\u00eb mendoni se mendon bota p\u00ebr ne, kur lexojn\u00eb se mund t\u00eb hetohet p\u00ebr shp\u00ebrdorim detyre Ina Rama, por nuk hetohen njer\u00ebzit p\u00ebr vrasje? Shantazhi ndaj saj b\u00ebhen nga mizoginia, p\u00ebr t\u2019 i larguar grat\u00eb nga politika. Grat\u00eb, ato q\u00eb po na zbardhin fytyr\u00ebn neve dit\u00ebn, q\u00eb e kan\u00eb nxir\u00eb burrat nat\u00ebn. \u00c7far\u00eb mendoni se mendon bota p\u00ebr shqiptar\u00ebt, kur ata, p\u00ebr t\u00eb shprehur dashurin\u00eb ndaj demokracis\u00eb, votojn\u00eb stalinistin?<\/p>\n<p>Nuk mund t\u00eb thuhet se i keq ishte vet\u00ebm Milloshevi\u00e7i, por t\u00eb trash\u00eb dhe p\u00ebr t\u00eb ardhur keq, ishin njer\u00ebzit rreth tij dhe pastaj, populli i trishtuar, q\u00eb duronte t\u00eb trajtohej si bag\u00ebti. Populli i nj\u00eb vendi europian, nuk do t\u00eb kishte duruar kurr\u00eb nj\u00eb kryeminist\u00ebr t\u00eb bart\u00eb nj\u00eb foltore n\u00eb rimorkio dhe t\u00eb ndalet n\u00eb mes t\u00eb rrug\u00ebve, ku t&#8217; i teket, kur t&#8217; i teket, p\u00ebr t\u00eb mbajtur fjalime, duke penguar edhe komunikacionin, p\u00ebr t\u00eb b\u00ebrtitur se rrug\u00ebt jan\u00eb t\u00eb miat, se kam shtruar aq shum\u00eb, sa t\u00eb shkohet deri n\u00eb Tokio. Se, n\u00ebse m\u00eb votoni, do ta nd\u00ebrtoj\u00eb autostrad\u00ebn deri n\u00eb SHBA. N\u00eb Europ\u00eb, n\u00eb demokracit\u00eb e sh\u00ebndosha, kryeministri nuk p\u00ebruron kurr\u00eb rrug\u00ebt, urat e shkollat, por k\u00ebt\u00eb e b\u00ebjn\u00eb politikan\u00ebt lokal. Nuk mund ta b\u00ebjn\u00eb sepse ato investime, nuk i b\u00ebn kryeministri apo kryetari, por taksapaguesi.<\/p>\n<p>Inaugurime t\u00eb tilla n\u00eb Gjermani, nuk b\u00ebn kurr\u00eb kancelari. N\u00eb Republik\u00ebn Demokratike t\u00eb Gjermanis\u00eb Honekeri i b\u00ebnte, sot i b\u00ebn Kim Jong-un n\u00eb Koren Veriore dhe Raul Castro Ruz, n\u00eb Kub\u00eb. N\u00eb Gjermani nuk shihet kurr\u00eb nj\u00eb kandidat n\u00ebp\u00ebr shkolla duke u fotografuar me pionier\u00eb, por kjo shihet n\u00eb Kub\u00eb, Koren Veriore dhe kryesisht n\u00eb Shqip\u00ebri. N\u00eb shtetet europiane ndalohet abuzimi me f\u00ebmij\u00eb. Xhaxhi Sali ishte 21 vite an\u00ebtar i PP, demokracin\u00eb nuk e njeh, e nd\u00ebrton n\u00eb baz\u00eb t\u00eb asaj q\u00eb ka d\u00ebgjuar. Partin\u00eb e tij ka nd\u00ebrtuar si Al Capone organizat\u00ebn, t\u00eb bazuar n\u00eb frik\u00eb dhe dominim.<\/p>\n<p>Nuk duhet votuar nj\u00eb njeri i cili tek gazeta e vet \u201cRilindja Demokratike\u201d shkruan k\u00ebt\u00eb titull: \u201cBajern fitoi, Berisha i sjell fat.\u201d Kjo nuk flet vet\u00ebm p\u00ebr shkruesin, vet\u00ebm rekomanduesin e fjalis\u00eb, por kjo flet shum\u00eb edhe p\u00ebr popullin q\u00eb po ia sh\u00ebrben pa kok\u00ebrr turpi. Pa kok\u00ebrr droje. Ai popull, nuk ofendohet vet\u00ebm pse \u00ebsht\u00eb shkruar ky mendim, por pse \u00ebsht\u00eb paragjykuar, se ai mund ta besoj\u00eb. Mund t\u00eb kuptohet nj\u00eb analfabet\u00eb q\u00eb voton nj\u00eb njeri t\u00eb till\u00eb, mund t&#8217; i falet nj\u00eb njeriu me kat\u00ebr vite shkoll\u00eb, por nuk mund t&#8217; i falet kurr\u00eb nj\u00eb njeriu q\u00eb ka m\u00eb shum\u00eb se pes\u00eb vite. Edhe sikur t\u00eb mos kishte b\u00ebr\u00eb asnj\u00eb vep\u00ebr penale, vet\u00ebm ajo fjali p\u00ebr Bajernin, do t\u00eb kishte mjaftuar p\u00ebr ta nd\u00ebshkuar politikisht. Dakord, ka b\u00ebr\u00eb edhe disa vepra t\u00eb mira, por sikur t\u00eb kishte pasur shtet ligjor n\u00eb Shqip\u00ebri, nuk do t\u00eb kishte pasur mund\u00ebsi t\u00eb m\u00ebsoj\u00eb nga gabimet tragjike. N\u00eb llogari t\u00eb popullit.<\/p>\n<p>Fundi i fundit, nj\u00eb m\u00ebsues n\u00eb mosh\u00ebn e Saliut pensionohet, sepse nuk \u00ebsht\u00eb n\u00eb gjendje t\u00eb udh\u00ebheq\u00eb si duhet nj\u00eb klas\u00eb apo edhe sht\u00ebpin\u00eb e vet, por t&#8217; i dor\u00ebzohet n\u00eb duar gati gjysma e kombit gjyshit, q\u00eb trishtohet nga populli i vet, \u00ebsht\u00eb munges\u00eb p\u00ebrgjegj\u00ebsie. At\u00ebher\u00eb, nuk do t&#8217; i ket\u00eb fajet vet\u00ebm Saliu, por populli i pandri\u00e7uar, i molisur, i hutuar, q\u00eb duron njer\u00ebz t\u00eb till\u00eb n\u00eb politik\u00eb.<\/p>\n<p>N\u00eb demokracin\u00eb per\u00ebndimore nj\u00eb politikan nuk votohet n\u00ebse g\u00ebnjen. I joni rren sapo ta hap\u00eb goj\u00ebn. Me q\u00ebndrim europian nuk mund ta konsideroj\u00eb veten asnj\u00eb njeri, q\u00eb voton Sali Berish\u00ebn. Europiani nuk i fal\u00eb asnj\u00eb vep\u00ebr kund\u00ebrligjore politikanit. P\u00ebr popullin shqiptar \u00ebsht\u00eb me r\u00ebnd\u00ebsi t\u00eb nd\u00ebshkohet kryeministri i sotsh\u00ebm. Instalimi i demokracis\u00eb s\u00eb v\u00ebrtet\u00eb n\u00eb Shqip\u00ebri, do t\u00eb mund\u00ebsonte korrigjimin e politik\u00ebs fisnore n\u00eb Kosov\u00eb e Maqedoni. Demokracia shqiptare mund t\u00eb shp\u00ebtohet me 23 qershor, n\u00ebse jo, at\u00ebher\u00eb, dekadat e ardhshme, do t\u00eb jet\u00eb e r\u00ebnd\u00eb \u00e7rr\u00ebnjosja e salizmit nga mend\u00ebsia dhe administrata shqiptare. Dhe, do t\u00eb kushtoj\u00eb shum\u00eb.<\/p>\n<p><em>\u201dHjuston, ne kemi nj\u00eb problem t\u00eb madh!\u201d<\/em><\/p>\n","protected":false},"excerpt":{"rendered":"<p>Naser Aliu, Gazeta DITA Se kush duhet votuar, \u00ebsht\u00eb vendim i m\u00ebvet\u00ebsish\u00ebm, individual, por \u00ebsht\u00eb me r\u00ebnd\u00ebsi t\u00eb jasht\u00ebzakonshme t\u00eb n\u00ebnvizohet, kush nuk guxon t\u00eb rizgjidhet. N\u00ebp\u00ebrmjet vot\u00ebs njeriu tregon bot\u00ebkuptimin e vet dhe inteligjenc\u00ebn, dhe aft\u00ebsit\u00eb e tija mendore dhe gjykuese. Edhe bindjet qytetare, edhe kultur\u00ebn. Ai q\u00eb voton nj\u00eb parti fashiste p\u00ebr shembull, [&hellip;]<\/p>\n","protected":false},"author":1,"featured_media":0,"comment_status":"open","ping_status":"closed","sticky":false,"template":"","format":"standard","meta":{"footnotes":""},"categories":[2],"tags":[],"class_list":{"0":"post-12894","1":"post","2":"type-post","3":"status-publish","4":"format-standard","6":"category-artikuj"},"yoast_head":"<!-- This site is optimized with the Yoast SEO plugin v27.4 - https:\/\/yoast.com\/product\/yoast-seo-wordpress\/ -->\n<title>Mosvotimi?!? - FjALA e LIR\u00cb - Arkivi<\/title>\n<meta name=\"robots\" content=\"index, follow, max-snippet:-1, max-image-preview:large, max-video-preview:-1\" \/>\n<link rel=\"canonical\" href=\"https:\/\/fjala.info\/2009-2015\/mosvotimi\/\" \/>\n<meta property=\"og:locale\" content=\"sq_AL\" \/>\n<meta property=\"og:type\" content=\"article\" \/>\n<meta property=\"og:title\" content=\"Mosvotimi?!? - FjALA e LIR\u00cb - Arkivi\" \/>\n<meta property=\"og:description\" content=\"Naser Aliu, Gazeta DITA Se kush duhet votuar, \u00ebsht\u00eb vendim i m\u00ebvet\u00ebsish\u00ebm, individual, por \u00ebsht\u00eb me r\u00ebnd\u00ebsi t\u00eb jasht\u00ebzakonshme t\u00eb n\u00ebnvizohet, kush nuk guxon t\u00eb rizgjidhet. N\u00ebp\u00ebrmjet vot\u00ebs njeriu tregon bot\u00ebkuptimin e vet dhe inteligjenc\u00ebn, dhe aft\u00ebsit\u00eb e tija mendore dhe gjykuese. Edhe bindjet qytetare, edhe kultur\u00ebn. Ai q\u00eb voton nj\u00eb parti fashiste p\u00ebr shembull, [&hellip;]\" \/>\n<meta property=\"og:url\" content=\"https:\/\/fjala.info\/2009-2015\/mosvotimi\/\" \/>\n<meta property=\"og:site_name\" content=\"FjALA e LIR\u00cb - Arkivi\" \/>\n<meta property=\"article:published_time\" content=\"2013-06-27T22:59:29+00:00\" \/>\n<meta property=\"og:image\" content=\"http:\/\/www.fjala.info\/2013\/dita_4_qershor_2013.jpg\" \/>\n<meta name=\"author\" content=\"admin\" \/>\n<meta name=\"twitter:card\" content=\"summary_large_image\" \/>\n<meta name=\"twitter:label1\" content=\"Written by\" \/>\n\t<meta name=\"twitter:data1\" content=\"admin\" \/>\n\t<meta name=\"twitter:label2\" content=\"Est. reading time\" \/>\n\t<meta name=\"twitter:data2\" content=\"12 minutes\" \/>\n<script type=\"application\/ld+json\" class=\"yoast-schema-graph\">{\"@context\":\"https:\\\/\\\/schema.org\",\"@graph\":[{\"@type\":\"Article\",\"@id\":\"https:\\\/\\\/fjala.info\\\/2009-2015\\\/mosvotimi\\\/#article\",\"isPartOf\":{\"@id\":\"https:\\\/\\\/fjala.info\\\/2009-2015\\\/mosvotimi\\\/\"},\"author\":{\"name\":\"admin\",\"@id\":\"https:\\\/\\\/fjala.info\\\/2009-2015\\\/#\\\/schema\\\/person\\\/3aa1163ef05469c496fc94e77611ada2\"},\"headline\":\"Mosvotimi?!?\",\"datePublished\":\"2013-06-27T22:59:29+00:00\",\"mainEntityOfPage\":{\"@id\":\"https:\\\/\\\/fjala.info\\\/2009-2015\\\/mosvotimi\\\/\"},\"wordCount\":2485,\"commentCount\":0,\"publisher\":{\"@id\":\"https:\\\/\\\/fjala.info\\\/2009-2015\\\/#organization\"},\"image\":{\"@id\":\"https:\\\/\\\/fjala.info\\\/2009-2015\\\/mosvotimi\\\/#primaryimage\"},\"thumbnailUrl\":\"http:\\\/\\\/www.fjala.info\\\/2013\\\/dita_4_qershor_2013.jpg\",\"articleSection\":[\"Artikuj\"],\"inLanguage\":\"sq-AL\",\"potentialAction\":[{\"@type\":\"CommentAction\",\"name\":\"Comment\",\"target\":[\"https:\\\/\\\/fjala.info\\\/2009-2015\\\/mosvotimi\\\/#respond\"]}]},{\"@type\":\"WebPage\",\"@id\":\"https:\\\/\\\/fjala.info\\\/2009-2015\\\/mosvotimi\\\/\",\"url\":\"https:\\\/\\\/fjala.info\\\/2009-2015\\\/mosvotimi\\\/\",\"name\":\"Mosvotimi?!? - FjALA e LIR\u00cb - Arkivi\",\"isPartOf\":{\"@id\":\"https:\\\/\\\/fjala.info\\\/2009-2015\\\/#website\"},\"primaryImageOfPage\":{\"@id\":\"https:\\\/\\\/fjala.info\\\/2009-2015\\\/mosvotimi\\\/#primaryimage\"},\"image\":{\"@id\":\"https:\\\/\\\/fjala.info\\\/2009-2015\\\/mosvotimi\\\/#primaryimage\"},\"thumbnailUrl\":\"http:\\\/\\\/www.fjala.info\\\/2013\\\/dita_4_qershor_2013.jpg\",\"datePublished\":\"2013-06-27T22:59:29+00:00\",\"breadcrumb\":{\"@id\":\"https:\\\/\\\/fjala.info\\\/2009-2015\\\/mosvotimi\\\/#breadcrumb\"},\"inLanguage\":\"sq-AL\",\"potentialAction\":[{\"@type\":\"ReadAction\",\"target\":[\"https:\\\/\\\/fjala.info\\\/2009-2015\\\/mosvotimi\\\/\"]}]},{\"@type\":\"ImageObject\",\"inLanguage\":\"sq-AL\",\"@id\":\"https:\\\/\\\/fjala.info\\\/2009-2015\\\/mosvotimi\\\/#primaryimage\",\"url\":\"http:\\\/\\\/www.fjala.info\\\/2013\\\/dita_4_qershor_2013.jpg\",\"contentUrl\":\"http:\\\/\\\/www.fjala.info\\\/2013\\\/dita_4_qershor_2013.jpg\"},{\"@type\":\"BreadcrumbList\",\"@id\":\"https:\\\/\\\/fjala.info\\\/2009-2015\\\/mosvotimi\\\/#breadcrumb\",\"itemListElement\":[{\"@type\":\"ListItem\",\"position\":1,\"name\":\"Home\",\"item\":\"https:\\\/\\\/fjala.info\\\/2009-2015\\\/\"},{\"@type\":\"ListItem\",\"position\":2,\"name\":\"Mosvotimi?!?\"}]},{\"@type\":\"WebSite\",\"@id\":\"https:\\\/\\\/fjala.info\\\/2009-2015\\\/#website\",\"url\":\"https:\\\/\\\/fjala.info\\\/2009-2015\\\/\",\"name\":\"FjALA e LIR\u00cb - Arkivi\",\"description\":\"Arkivi 2009-2015\",\"publisher\":{\"@id\":\"https:\\\/\\\/fjala.info\\\/2009-2015\\\/#organization\"},\"potentialAction\":[{\"@type\":\"SearchAction\",\"target\":{\"@type\":\"EntryPoint\",\"urlTemplate\":\"https:\\\/\\\/fjala.info\\\/2009-2015\\\/?s={search_term_string}\"},\"query-input\":{\"@type\":\"PropertyValueSpecification\",\"valueRequired\":true,\"valueName\":\"search_term_string\"}}],\"inLanguage\":\"sq-AL\"},{\"@type\":\"Organization\",\"@id\":\"https:\\\/\\\/fjala.info\\\/2009-2015\\\/#organization\",\"name\":\"FjALA e LIR\u00cb - Arkivi\",\"url\":\"https:\\\/\\\/fjala.info\\\/2009-2015\\\/\",\"logo\":{\"@type\":\"ImageObject\",\"inLanguage\":\"sq-AL\",\"@id\":\"https:\\\/\\\/fjala.info\\\/2009-2015\\\/#\\\/schema\\\/logo\\\/image\\\/\",\"url\":\"\",\"contentUrl\":\"\",\"caption\":\"FjALA e LIR\u00cb - Arkivi\"},\"image\":{\"@id\":\"https:\\\/\\\/fjala.info\\\/2009-2015\\\/#\\\/schema\\\/logo\\\/image\\\/\"}},{\"@type\":\"Person\",\"@id\":\"https:\\\/\\\/fjala.info\\\/2009-2015\\\/#\\\/schema\\\/person\\\/3aa1163ef05469c496fc94e77611ada2\",\"name\":\"admin\",\"image\":{\"@type\":\"ImageObject\",\"inLanguage\":\"sq-AL\",\"@id\":\"https:\\\/\\\/fjala.info\\\/2009-2015\\\/wp-content\\\/uploads\\\/2012\\\/02\\\/arben_cokaj-120x150.jpg\",\"url\":\"https:\\\/\\\/fjala.info\\\/2009-2015\\\/wp-content\\\/uploads\\\/2012\\\/02\\\/arben_cokaj-120x150.jpg\",\"contentUrl\":\"https:\\\/\\\/fjala.info\\\/2009-2015\\\/wp-content\\\/uploads\\\/2012\\\/02\\\/arben_cokaj-120x150.jpg\",\"caption\":\"admin\"},\"description\":\"Admin, Fjala e Lir\u00eb\",\"sameAs\":[\"https:\\\/\\\/fjala.info\\\/\"],\"url\":\"https:\\\/\\\/fjala.info\\\/2009-2015\\\/author\\\/admin\\\/\"}]}<\/script>\n<!-- \/ Yoast SEO plugin. -->","yoast_head_json":{"title":"Mosvotimi?!? - FjALA e LIR\u00cb - Arkivi","robots":{"index":"index","follow":"follow","max-snippet":"max-snippet:-1","max-image-preview":"max-image-preview:large","max-video-preview":"max-video-preview:-1"},"canonical":"https:\/\/fjala.info\/2009-2015\/mosvotimi\/","og_locale":"sq_AL","og_type":"article","og_title":"Mosvotimi?!? - FjALA e LIR\u00cb - Arkivi","og_description":"Naser Aliu, Gazeta DITA Se kush duhet votuar, \u00ebsht\u00eb vendim i m\u00ebvet\u00ebsish\u00ebm, individual, por \u00ebsht\u00eb me r\u00ebnd\u00ebsi t\u00eb jasht\u00ebzakonshme t\u00eb n\u00ebnvizohet, kush nuk guxon t\u00eb rizgjidhet. N\u00ebp\u00ebrmjet vot\u00ebs njeriu tregon bot\u00ebkuptimin e vet dhe inteligjenc\u00ebn, dhe aft\u00ebsit\u00eb e tija mendore dhe gjykuese. Edhe bindjet qytetare, edhe kultur\u00ebn. Ai q\u00eb voton nj\u00eb parti fashiste p\u00ebr shembull, [&hellip;]","og_url":"https:\/\/fjala.info\/2009-2015\/mosvotimi\/","og_site_name":"FjALA e LIR\u00cb - Arkivi","article_published_time":"2013-06-27T22:59:29+00:00","og_image":[{"url":"http:\/\/www.fjala.info\/2013\/dita_4_qershor_2013.jpg","type":"","width":"","height":""}],"author":"admin","twitter_card":"summary_large_image","twitter_misc":{"Written by":"admin","Est. reading time":"12 minutes"},"schema":{"@context":"https:\/\/schema.org","@graph":[{"@type":"Article","@id":"https:\/\/fjala.info\/2009-2015\/mosvotimi\/#article","isPartOf":{"@id":"https:\/\/fjala.info\/2009-2015\/mosvotimi\/"},"author":{"name":"admin","@id":"https:\/\/fjala.info\/2009-2015\/#\/schema\/person\/3aa1163ef05469c496fc94e77611ada2"},"headline":"Mosvotimi?!?","datePublished":"2013-06-27T22:59:29+00:00","mainEntityOfPage":{"@id":"https:\/\/fjala.info\/2009-2015\/mosvotimi\/"},"wordCount":2485,"commentCount":0,"publisher":{"@id":"https:\/\/fjala.info\/2009-2015\/#organization"},"image":{"@id":"https:\/\/fjala.info\/2009-2015\/mosvotimi\/#primaryimage"},"thumbnailUrl":"http:\/\/www.fjala.info\/2013\/dita_4_qershor_2013.jpg","articleSection":["Artikuj"],"inLanguage":"sq-AL","potentialAction":[{"@type":"CommentAction","name":"Comment","target":["https:\/\/fjala.info\/2009-2015\/mosvotimi\/#respond"]}]},{"@type":"WebPage","@id":"https:\/\/fjala.info\/2009-2015\/mosvotimi\/","url":"https:\/\/fjala.info\/2009-2015\/mosvotimi\/","name":"Mosvotimi?!? - FjALA e LIR\u00cb - Arkivi","isPartOf":{"@id":"https:\/\/fjala.info\/2009-2015\/#website"},"primaryImageOfPage":{"@id":"https:\/\/fjala.info\/2009-2015\/mosvotimi\/#primaryimage"},"image":{"@id":"https:\/\/fjala.info\/2009-2015\/mosvotimi\/#primaryimage"},"thumbnailUrl":"http:\/\/www.fjala.info\/2013\/dita_4_qershor_2013.jpg","datePublished":"2013-06-27T22:59:29+00:00","breadcrumb":{"@id":"https:\/\/fjala.info\/2009-2015\/mosvotimi\/#breadcrumb"},"inLanguage":"sq-AL","potentialAction":[{"@type":"ReadAction","target":["https:\/\/fjala.info\/2009-2015\/mosvotimi\/"]}]},{"@type":"ImageObject","inLanguage":"sq-AL","@id":"https:\/\/fjala.info\/2009-2015\/mosvotimi\/#primaryimage","url":"http:\/\/www.fjala.info\/2013\/dita_4_qershor_2013.jpg","contentUrl":"http:\/\/www.fjala.info\/2013\/dita_4_qershor_2013.jpg"},{"@type":"BreadcrumbList","@id":"https:\/\/fjala.info\/2009-2015\/mosvotimi\/#breadcrumb","itemListElement":[{"@type":"ListItem","position":1,"name":"Home","item":"https:\/\/fjala.info\/2009-2015\/"},{"@type":"ListItem","position":2,"name":"Mosvotimi?!?"}]},{"@type":"WebSite","@id":"https:\/\/fjala.info\/2009-2015\/#website","url":"https:\/\/fjala.info\/2009-2015\/","name":"FjALA e LIR\u00cb - Arkivi","description":"Arkivi 2009-2015","publisher":{"@id":"https:\/\/fjala.info\/2009-2015\/#organization"},"potentialAction":[{"@type":"SearchAction","target":{"@type":"EntryPoint","urlTemplate":"https:\/\/fjala.info\/2009-2015\/?s={search_term_string}"},"query-input":{"@type":"PropertyValueSpecification","valueRequired":true,"valueName":"search_term_string"}}],"inLanguage":"sq-AL"},{"@type":"Organization","@id":"https:\/\/fjala.info\/2009-2015\/#organization","name":"FjALA e LIR\u00cb - Arkivi","url":"https:\/\/fjala.info\/2009-2015\/","logo":{"@type":"ImageObject","inLanguage":"sq-AL","@id":"https:\/\/fjala.info\/2009-2015\/#\/schema\/logo\/image\/","url":"","contentUrl":"","caption":"FjALA e LIR\u00cb - Arkivi"},"image":{"@id":"https:\/\/fjala.info\/2009-2015\/#\/schema\/logo\/image\/"}},{"@type":"Person","@id":"https:\/\/fjala.info\/2009-2015\/#\/schema\/person\/3aa1163ef05469c496fc94e77611ada2","name":"admin","image":{"@type":"ImageObject","inLanguage":"sq-AL","@id":"https:\/\/fjala.info\/2009-2015\/wp-content\/uploads\/2012\/02\/arben_cokaj-120x150.jpg","url":"https:\/\/fjala.info\/2009-2015\/wp-content\/uploads\/2012\/02\/arben_cokaj-120x150.jpg","contentUrl":"https:\/\/fjala.info\/2009-2015\/wp-content\/uploads\/2012\/02\/arben_cokaj-120x150.jpg","caption":"admin"},"description":"Admin, Fjala e Lir\u00eb","sameAs":["https:\/\/fjala.info\/"],"url":"https:\/\/fjala.info\/2009-2015\/author\/admin\/"}]}},"_links":{"self":[{"href":"https:\/\/fjala.info\/2009-2015\/wp-json\/wp\/v2\/posts\/12894","targetHints":{"allow":["GET"]}}],"collection":[{"href":"https:\/\/fjala.info\/2009-2015\/wp-json\/wp\/v2\/posts"}],"about":[{"href":"https:\/\/fjala.info\/2009-2015\/wp-json\/wp\/v2\/types\/post"}],"author":[{"embeddable":true,"href":"https:\/\/fjala.info\/2009-2015\/wp-json\/wp\/v2\/users\/1"}],"replies":[{"embeddable":true,"href":"https:\/\/fjala.info\/2009-2015\/wp-json\/wp\/v2\/comments?post=12894"}],"version-history":[{"count":0,"href":"https:\/\/fjala.info\/2009-2015\/wp-json\/wp\/v2\/posts\/12894\/revisions"}],"wp:attachment":[{"href":"https:\/\/fjala.info\/2009-2015\/wp-json\/wp\/v2\/media?parent=12894"}],"wp:term":[{"taxonomy":"category","embeddable":true,"href":"https:\/\/fjala.info\/2009-2015\/wp-json\/wp\/v2\/categories?post=12894"},{"taxonomy":"post_tag","embeddable":true,"href":"https:\/\/fjala.info\/2009-2015\/wp-json\/wp\/v2\/tags?post=12894"}],"curies":[{"name":"wp","href":"https:\/\/api.w.org\/{rel}","templated":true}]}}