{"id":12893,"date":"2013-06-27T23:50:37","date_gmt":"2013-06-27T22:50:37","guid":{"rendered":"http:\/\/fjala.info\/?p=3401"},"modified":"2013-06-27T23:50:37","modified_gmt":"2013-06-27T22:50:37","slug":"intervista-mero-baze-pd-u-tradhtua-nga-familja-berisha-ajo-po-vdes-dita-dites-si-parti","status":"publish","type":"post","link":"https:\/\/fjala.info\/2009-2015\/intervista-mero-baze-pd-u-tradhtua-nga-familja-berisha-ajo-po-vdes-dita-dites-si-parti\/","title":{"rendered":"INTERVISTA\/ Mero Baze: PD u tradhtua nga Familja Berisha. Ajo po vdes dita-dit\u00ebs si parti"},"content":{"rendered":"<p><img decoding=\"async\" class=\"alignright size-thumbnail wp-image-7236\" title=\"Mero Baze\" alt=\"\" src=\"http:\/\/www.fjala.info\/2012\/mero_baze.jpg\" width=\"150\" \/> <strong>TemA Online<\/strong>, <em>27 Qershor 2013<\/em><\/p>\n<p><strong>Si mund ta lexojm\u00eb rezultatin e 23 qershorit?<\/strong><\/p>\n<p>\u00cbsht\u00eb nj\u00eb kryengritje e heshtur e shqiptar\u00ebve kund\u00ebr Sali Berish\u00ebs. Kishin provuar ta zbonin me referendum popullor m\u00eb 1994, por ai mbijetoi. Kishin provuar ta largonin me vota me 1996, por ai ua vodhi. Kishin provuar ta largonin me arm\u00eb si m\u00eb 1997, dhe ai ju rikthye. Provuan t\u00eb mbijetonin n\u00eb pushtetin e ri t\u00eb tij dhe i ai vrau p\u00ebr t\u00eb vjedhur n\u00eb G\u00ebrdec dhe fali vras\u00ebsit, gjurm\u00ebt e t\u00eb cil\u00ebve t\u00eb \u00e7onin n\u00eb sht\u00ebpin\u00eb e tij. Provuan t\u00eb protestonin para zyr\u00ebs s\u00eb tij, ai i vrau dhe u tall me viktimat duke u th\u00ebn\u00eb shqiptar\u00ebve se i vrau Edi Rama.<\/p>\n<p>Shqiptar\u00ebve nuk i kish ngelur m\u00eb asgj\u00eb t\u00eb b\u00ebnin kund\u00ebr tij. T\u00eb majt\u00eb dhe t\u00eb djatht\u00eb m\u00eb 23 Qershor sikur ishin par\u00eb sy m\u00eb sy dhe n\u00eb nj\u00eb kryengritje t\u00eb heshtur e nd\u00ebshkuan aq fort, sa t\u00eb mos kish fuqi as t\u00eb fliste p\u00ebr 48 or\u00eb. K\u00ebto jan\u00eb zgjedhjet m\u00eb inteligjente, m\u00eb t\u00eb qarta, dhe m\u00eb dramatike q\u00eb populli shqiptar ka b\u00ebr\u00eb n\u00eb kaq pak vite demokraci n\u00eb historin\u00eb e tij. Nuk i ngjan fitores s\u00eb zhurmshme t\u00eb marsit 1992, q\u00eb diktohej nga koha, por nj\u00eb fitoreje t\u00eb pazakont\u00eb, q\u00eb diktohej nga makthi se q\u00ebndrimi i atij njeriu n\u00eb politik\u00eb do ta kthente Shqip\u00ebrin\u00eb n\u00eb nj\u00eb shkret\u00ebtir\u00eb vlerash demokratike dhe njer\u00ebzore. Votuan sikur q\u00ebllonin mbi Sali Berish\u00ebn.<\/p>\n<p><strong>\u00c7far\u00eb dominon n\u00eb parlamentin e ardhsh\u00ebm?<\/strong><\/p>\n<p>Parlamenti i ri ka nj\u00eb shumic\u00eb votash q\u00eb ngjan si nj\u00eb d\u00ebnim i madh p\u00ebr t\u00eb majt\u00ebn. Kan\u00eb aq shum\u00eb vota dhe mandate n\u00eb duar, sa jan\u00eb t\u00eb d\u00ebnuar t\u00eb mos ken\u00eb asnj\u00eb justifikim p\u00ebr ta ndryshuar Shqip\u00ebrin\u00eb. Kan\u00eb vota p\u00ebr t\u00eb spastruar berishizmin nga shteti, kan\u00eb vota p\u00ebr reforma t\u00eb thella kushtetuese, kan\u00eb vota p\u00ebr t\u00eb nd\u00ebshkuar ata q\u00eb nuk i nd\u00ebshkoi drejt\u00ebsia e korruptuar, kan\u00eb vota p\u00ebr t\u00eb ringjallur shpres\u00ebn p\u00ebr nj\u00eb vend normal dhe p\u00ebr t\u00eb justifikuar deberishizimin e shoq\u00ebris\u00eb. Shqiptar\u00ebt ashtu si\u00e7 kan\u00eb nd\u00ebshkuar Sali Berish\u00ebn, i kan\u00eb dal\u00eb para alibive t\u00eb mundshme t\u00eb s\u00eb majt\u00ebs dhe u kan\u00eb dh\u00ebn\u00eb aq vota saq\u00eb n\u00ebse d\u00ebshtojn\u00eb, duhet t\u00eb kujtojn\u00eb se \u00e7e gjeti Sali Berish\u00ebn.<\/p>\n<p>\u00cbsht\u00eb nj\u00eb parlament q\u00eb ka shansin t\u00eb jet\u00eb i pari i periudh\u00ebs pas tranzicion parlamenti q\u00eb do t\u00eb miratoj\u00eb futjen ton\u00eb n\u00eb Bashkimin Evropian, dhe q\u00eb do t\u2019i jap\u00eb shans nj\u00eb brezi t\u00eb ri n\u00eb politik\u00ebn shqiptare, q\u00eb do t\u00eb ngrihet mbi g\u00ebrmadhat e berishizimit.<\/p>\n<p><strong>\u00c7far\u00eb do t\u00eb ndodh\u00eb me PD?<\/strong><\/p>\n<p>Partia Demokratike gjendet para nj\u00eb tradhtie t\u00eb madhe nga Familja Berisha. Prej saj jan\u00eb zbuar t\u00eb gjitha figurat politike dinjitoze dhe listat jan\u00eb mbushur me mercenar\u00ebt e Sali Berish\u00ebs q\u00eb e mbajt\u00ebn n\u00eb pushtet dhe shok\u00ebt e djalit dhe vajz\u00ebs. P\u00ebrfytyroni q\u00eb n\u00eb vend t\u00eb Besnik Mustafajt n\u00eb parlament \u00ebsht\u00eb Kastriot Islami, n\u00eb vend t\u00eb Ilir Rusmajlit, \u00ebsht\u00eb Qukapi, nj\u00eb tip q\u00eb u mban pjat\u00ebn drogaxhinjve t\u00eb Tiran\u00ebs vet\u00ebm pse \u00ebsht\u00eb shok i djalit, n\u00eb vend t\u00eb Biberaj \u00ebsht\u00eb Flamuri, nj\u00eb idiot emblematik, q\u00eb do t\u00eb jet\u00eb fytyra e PD-s\u00eb n\u00eb parlament, n\u00eb vend t\u00eb Ilir Rusmajlit \u00ebsht\u00eb Fatmir Mediu vet\u00ebm se Rusmaili nuk pranoi t\u00eb firmos projektin e tij n\u00eb G\u00ebrdec\u2026e k\u00ebshtu me rradh\u00eb. Listat e PD \u00ebsht\u00eb e mbushur me mercenar\u00eb t\u00eb Berish\u00ebs dhe shok\u00eb t\u00eb f\u00ebmij\u00ebve t\u00eb cil\u00ebt do t\u00eb jen\u00eb vari i hapur p\u00ebr PD n\u00eb Kuvend.<\/p>\n<p>Shikoni reagimet e tyre sa hipokrite jan\u00eb. Mesila Doda thot\u00eb q\u00eb kjo humbje m\u00eb ngjall trishtim si n\u00eb vitin 1997, nd\u00ebrkoh\u00eb q\u00eb ajo n\u00eb 1997 e m\u00eb pas ka qen\u00eb socialiste dhe deri z\u00ebdh\u00ebn\u00ebse e kryeministrit socialist t\u00eb asaj kohe. Duan t\u00eb na fshijn\u00eb dhe memorien dhe t\u00eb na tregojn\u00eb se e meritojn\u00eb at\u00eb parti, nd\u00ebrkoh\u00eb q\u00eb n\u00eb fakt ajo parti vdiq se u uzurpua prej tyre. Dhe mendoj se do t\u00eb vdes\u00eb pak nga pak \u00e7do dit\u00eb. Shanset p\u00ebr ringjallje t\u00eb saj jan\u00eb t\u00eb pakta, n\u00ebse aty nuk hapet nj\u00eb gar\u00eb reale p\u00ebr rithemelimin e saj dhe vendosjen e rregullave t\u00eb reja p\u00ebr nj\u00eb parti q\u00eb duhet t\u00eb shk\u00ebputet nga berishizimi. PD \u00ebsht\u00eb sot n\u00eb pik\u00ebn ku ishte Partia e Pun\u00ebs n\u00eb vitin 1991, pas diktatur\u00ebs, ku i duhej doemos t\u00eb rithemelohej dhe t\u00eb vendoste n\u00eb krye t\u00eb saj nj\u00eb figur\u00eb q\u00eb nuk ishte enveriste. Ata ja arrit\u00ebn se gjet\u00ebn Fatos Nanon. N\u00ebse PD tenton t\u00eb mbaj n\u00eb loj\u00eb berishizimin, t\u00eb vendos dh\u00ebndur\u00ebt brenda t\u00eb familjes Berisha n\u00eb krye t\u00eb saj, Shqip\u00ebria do t\u00eb jet\u00eb p\u00ebr nj\u00eb koh\u00eb t\u00eb gjat\u00eb pa opozit\u00eb, deri n\u00eb formimin e nj\u00eb force t\u00eb re.<\/p>\n<p>Mbi t\u00eb gjitha PD-ja ka nevoj\u00eb p\u00ebr nj\u00eb kryetar t\u00eb ri, nj\u00eb lider t\u00eb lir\u00eb, q\u00eb nuk \u00ebsht\u00eb peng tek Ilir Meta dhe Edi Rama, q\u00eb nuk mund t\u00eb jet\u00eb peng i drejt\u00ebsis\u00eb dhe korrupsionit. Ato figura q\u00eb jan\u00eb n\u00eb PD kan\u00eb vjedhur aq shum\u00eb, sa pushteti i komandon me sms shofer\u00ebsh. M\u00eb sa keni par\u00eb t\u00eb b\u00ebnin opozit\u00eb k\u00ebto tet\u00eb vite ata q\u00eb kishin vjedhur n\u00eb koh\u00eb t\u00eb socialist\u00ebve, aq do t\u00eb shikoni t\u00eb b\u00ebjn\u00eb opozit\u00eb hajdut\u00ebt e PD-s\u00eb. Keni p\u00ebr t\u00eb par\u00eb t\u00eb gjith\u00eb duke mb\u00ebshtetur pushtetin, duke b\u00ebr\u00eb si t\u00eb moderuar. Por, m\u00eb pengu i tyre mbetet Lulzim Basha, pasi at\u00eb e presin dy dosje burgu gati dhe pushteti i ri n\u00eb m\u00ebnyr\u00eb t\u00eb pacip\u00eb mund t\u00eb investohet t\u00eb jet\u00eb kryetar i opozit\u00ebs. E kan\u00eb perfekt p\u00ebr ta pasur liderin e opozit\u00ebs si drejtor gjelb\u00ebrimi n\u00eb Tiran\u00eb.<\/p>\n<p><strong>A ishte votimi nj\u00eb leksion p\u00ebr mediat?<\/strong><\/p>\n<p>Ishte nj\u00eb leksion p\u00ebr mediet e regjimit. Ato u b\u00ebn\u00eb t\u00eb neveritshme. Shqiptar\u00ebt kan\u00eb votuar kund\u00ebr Berish\u00ebs duke pasur parasysh dhe mediet e tij. Kan\u00eb votuar kund\u00ebr Berish\u00ebs duke pasur parasysh edhe Fevziun, edhe Sandrin, Artan Hoxh\u00ebn, Artur Zhejin, Arian \u00c7anin, dhe garnitur\u00ebn e propagand\u00ebs gati gebelsiane q\u00eb shoq\u00ebroi p\u00ebrpjekjen e Berish\u00ebs p\u00ebr t\u00eb mbijetuar n\u00eb pushtet me propagand\u00eb. Ishte nd\u00ebshkim dhe p\u00ebr ata. Opozit\u00ebs i kan\u00eb b\u00ebr\u00eb nder duke u b\u00ebr\u00eb t\u00eb neveritsh\u00ebm.<\/p>\n<p><strong>Kush do jen\u00eb servil\u00ebt e par\u00eb t\u00eb pushtetit?<\/strong><\/p>\n<p>Nuk ja vlen t\u00eb diskutoj p\u00ebr nj\u00eb fush\u00eb ku nuk shkel kurr\u00eb, por shihet qart\u00eb se Tv Klani do b\u00ebhet deri n\u00eb fund i neveritsh\u00ebm dhe n\u00eb k\u00ebt\u00eb pik\u00eb. Aq i neveritsh\u00ebm sa tani duket sikur Berish\u00ebn k\u00ebto tet\u00eb vjet\u00eb e kam mb\u00ebshtetur un\u00eb dhe e ka luftuar Fevziu, i cili nga \u201cbyth\u00ebl\u00ebpirja\u201d me Berish\u00ebn \u00ebsht\u00eb miliardier, duke marr\u00eb mes t\u00eb tjerash prona dhe favore q\u00eb kan\u00eb nevoj p\u00ebr hetim.<\/p>\n<p><strong>Idrizi i PDIU-s\u00eb p\u00ebrshembull ka hapur fjal\u00eb dje se \u00ebsht\u00eb gati t\u00eb ik\u00eb nga Berisha. Islami, Mediu, Idrizi, etj i mor\u00ebn mandatet me votat e PD-s\u00eb, kurse n\u00eb koalicionin e majt\u00eb tashm\u00eb n\u00eb qeveri, ka ndodhur e kund\u00ebrta: q\u00eb parti si Aleanca Popullore, ose PSD, PDS dhe PSV 91 sakrifikuan votat e tyre p\u00ebr t\u00eb maksimalizuar mandatet e koalicionit. Rreth 35 mije vota te tyre kane ndikuar ne mandatet e fundit te Ps ne disa qarqe. Nuk ju duket se do ishte ironike q\u00eb ti b\u00ebhej vend mercenar\u00ebve t\u00eb Berish\u00ebs dhe t\u00eb lihej jasht\u00eb kontributi i sakrifikuesve t\u00eb koalicionit opozitar, tashm\u00eb n\u00eb prag t\u00eb formimit t\u00eb qeveris\u00eb?<\/strong><\/p>\n<p>Fituesit kan\u00eb nj\u00eb shumic\u00eb t\u00eb konsoliduar dhe debati p\u00ebr pushtetin \u00ebsht\u00eb i mbyllur. Problemi i atyre deputetve q\u00eb do shkojn\u00eb nga listat e Berish\u00ebs n\u00eb shumic\u00ebn e re, me d\u00ebshir\u00eb t\u00eb tyre, \u00ebsht\u00eb problem i Berish\u00ebs q\u00eb shiti Partin\u00eb Demokratike p\u00ebr pushtetin e Familjes s\u00eb vet, duke e b\u00ebr\u00eb list\u00ebn e PD si nj\u00eb list\u00eb rrogash p\u00ebr sh\u00ebrb\u00ebtor\u00ebt e vet.<\/p>\n<p>Shumica e re duhet t\u00eb respektoj\u00eb dhe t\u2019ju jap shans t\u00eb kontribuojn\u00eb s\u00eb pari aleat\u00ebve t\u00eb vet, atyre me mandat dhe pa mandat deputeti, gjithkujt q\u00eb kontribuoi publikisht kund\u00ebr Sali Berish\u00ebs. Kjo \u00ebsht\u00eb n\u00eb seriozitetin e marr\u00ebveshjes politike dhe nj\u00eb gjest q\u00eb do rris\u00eb besimin n\u00eb t\u00eb ardhmen p\u00ebr t\u00eb bashk\u00ebpunuar me Edi Ram\u00ebn.<\/p>\n<p><em>Marr\u00eb nga Gazeta DITA<\/em><\/p>\n","protected":false},"excerpt":{"rendered":"<p>TemA Online, 27 Qershor 2013 Si mund ta lexojm\u00eb rezultatin e 23 qershorit? \u00cbsht\u00eb nj\u00eb kryengritje e heshtur e shqiptar\u00ebve kund\u00ebr Sali Berish\u00ebs. Kishin provuar ta zbonin me referendum popullor m\u00eb 1994, por ai mbijetoi. Kishin provuar ta largonin me vota me 1996, por ai ua vodhi. Kishin provuar ta largonin me arm\u00eb si m\u00eb [&hellip;]<\/p>\n","protected":false},"author":1,"featured_media":0,"comment_status":"open","ping_status":"closed","sticky":false,"template":"","format":"standard","meta":{"footnotes":""},"categories":[2],"tags":[],"class_list":{"0":"post-12893","1":"post","2":"type-post","3":"status-publish","4":"format-standard","6":"category-artikuj"},"yoast_head":"<!-- This site is optimized with the Yoast SEO plugin v27.4 - https:\/\/yoast.com\/product\/yoast-seo-wordpress\/ -->\n<title>INTERVISTA\/ Mero Baze: PD u tradhtua nga Familja Berisha. Ajo po vdes dita-dit\u00ebs si parti - FjALA e LIR\u00cb - Arkivi<\/title>\n<meta name=\"robots\" content=\"index, follow, max-snippet:-1, max-image-preview:large, max-video-preview:-1\" \/>\n<link rel=\"canonical\" href=\"https:\/\/fjala.info\/2009-2015\/intervista-mero-baze-pd-u-tradhtua-nga-familja-berisha-ajo-po-vdes-dita-dites-si-parti\/\" \/>\n<meta property=\"og:locale\" content=\"sq_AL\" \/>\n<meta property=\"og:type\" content=\"article\" \/>\n<meta property=\"og:title\" content=\"INTERVISTA\/ Mero Baze: PD u tradhtua nga Familja Berisha. Ajo po vdes dita-dit\u00ebs si parti - FjALA e LIR\u00cb - Arkivi\" \/>\n<meta property=\"og:description\" content=\"TemA Online, 27 Qershor 2013 Si mund ta lexojm\u00eb rezultatin e 23 qershorit? \u00cbsht\u00eb nj\u00eb kryengritje e heshtur e shqiptar\u00ebve kund\u00ebr Sali Berish\u00ebs. Kishin provuar ta zbonin me referendum popullor m\u00eb 1994, por ai mbijetoi. Kishin provuar ta largonin me vota me 1996, por ai ua vodhi. Kishin provuar ta largonin me arm\u00eb si m\u00eb [&hellip;]\" \/>\n<meta property=\"og:url\" content=\"https:\/\/fjala.info\/2009-2015\/intervista-mero-baze-pd-u-tradhtua-nga-familja-berisha-ajo-po-vdes-dita-dites-si-parti\/\" \/>\n<meta property=\"og:site_name\" content=\"FjALA e LIR\u00cb - Arkivi\" \/>\n<meta property=\"article:published_time\" content=\"2013-06-27T22:50:37+00:00\" \/>\n<meta property=\"og:image\" content=\"http:\/\/www.fjala.info\/2012\/mero_baze.jpg\" \/>\n<meta name=\"author\" content=\"admin\" \/>\n<meta name=\"twitter:card\" content=\"summary_large_image\" \/>\n<meta name=\"twitter:label1\" content=\"Written by\" \/>\n\t<meta name=\"twitter:data1\" content=\"admin\" \/>\n\t<meta name=\"twitter:label2\" content=\"Est. reading time\" \/>\n\t<meta name=\"twitter:data2\" content=\"7 minutes\" \/>\n<script type=\"application\/ld+json\" class=\"yoast-schema-graph\">{\"@context\":\"https:\\\/\\\/schema.org\",\"@graph\":[{\"@type\":\"Article\",\"@id\":\"https:\\\/\\\/fjala.info\\\/2009-2015\\\/intervista-mero-baze-pd-u-tradhtua-nga-familja-berisha-ajo-po-vdes-dita-dites-si-parti\\\/#article\",\"isPartOf\":{\"@id\":\"https:\\\/\\\/fjala.info\\\/2009-2015\\\/intervista-mero-baze-pd-u-tradhtua-nga-familja-berisha-ajo-po-vdes-dita-dites-si-parti\\\/\"},\"author\":{\"name\":\"admin\",\"@id\":\"https:\\\/\\\/fjala.info\\\/2009-2015\\\/#\\\/schema\\\/person\\\/3aa1163ef05469c496fc94e77611ada2\"},\"headline\":\"INTERVISTA\\\/ Mero Baze: PD u tradhtua nga Familja Berisha. Ajo po vdes dita-dit\u00ebs si parti\",\"datePublished\":\"2013-06-27T22:50:37+00:00\",\"mainEntityOfPage\":{\"@id\":\"https:\\\/\\\/fjala.info\\\/2009-2015\\\/intervista-mero-baze-pd-u-tradhtua-nga-familja-berisha-ajo-po-vdes-dita-dites-si-parti\\\/\"},\"wordCount\":1434,\"commentCount\":0,\"publisher\":{\"@id\":\"https:\\\/\\\/fjala.info\\\/2009-2015\\\/#organization\"},\"image\":{\"@id\":\"https:\\\/\\\/fjala.info\\\/2009-2015\\\/intervista-mero-baze-pd-u-tradhtua-nga-familja-berisha-ajo-po-vdes-dita-dites-si-parti\\\/#primaryimage\"},\"thumbnailUrl\":\"http:\\\/\\\/www.fjala.info\\\/2012\\\/mero_baze.jpg\",\"articleSection\":[\"Artikuj\"],\"inLanguage\":\"sq-AL\",\"potentialAction\":[{\"@type\":\"CommentAction\",\"name\":\"Comment\",\"target\":[\"https:\\\/\\\/fjala.info\\\/2009-2015\\\/intervista-mero-baze-pd-u-tradhtua-nga-familja-berisha-ajo-po-vdes-dita-dites-si-parti\\\/#respond\"]}]},{\"@type\":\"WebPage\",\"@id\":\"https:\\\/\\\/fjala.info\\\/2009-2015\\\/intervista-mero-baze-pd-u-tradhtua-nga-familja-berisha-ajo-po-vdes-dita-dites-si-parti\\\/\",\"url\":\"https:\\\/\\\/fjala.info\\\/2009-2015\\\/intervista-mero-baze-pd-u-tradhtua-nga-familja-berisha-ajo-po-vdes-dita-dites-si-parti\\\/\",\"name\":\"INTERVISTA\\\/ Mero Baze: PD u tradhtua nga Familja Berisha. Ajo po vdes dita-dit\u00ebs si parti - FjALA e LIR\u00cb - Arkivi\",\"isPartOf\":{\"@id\":\"https:\\\/\\\/fjala.info\\\/2009-2015\\\/#website\"},\"primaryImageOfPage\":{\"@id\":\"https:\\\/\\\/fjala.info\\\/2009-2015\\\/intervista-mero-baze-pd-u-tradhtua-nga-familja-berisha-ajo-po-vdes-dita-dites-si-parti\\\/#primaryimage\"},\"image\":{\"@id\":\"https:\\\/\\\/fjala.info\\\/2009-2015\\\/intervista-mero-baze-pd-u-tradhtua-nga-familja-berisha-ajo-po-vdes-dita-dites-si-parti\\\/#primaryimage\"},\"thumbnailUrl\":\"http:\\\/\\\/www.fjala.info\\\/2012\\\/mero_baze.jpg\",\"datePublished\":\"2013-06-27T22:50:37+00:00\",\"breadcrumb\":{\"@id\":\"https:\\\/\\\/fjala.info\\\/2009-2015\\\/intervista-mero-baze-pd-u-tradhtua-nga-familja-berisha-ajo-po-vdes-dita-dites-si-parti\\\/#breadcrumb\"},\"inLanguage\":\"sq-AL\",\"potentialAction\":[{\"@type\":\"ReadAction\",\"target\":[\"https:\\\/\\\/fjala.info\\\/2009-2015\\\/intervista-mero-baze-pd-u-tradhtua-nga-familja-berisha-ajo-po-vdes-dita-dites-si-parti\\\/\"]}]},{\"@type\":\"ImageObject\",\"inLanguage\":\"sq-AL\",\"@id\":\"https:\\\/\\\/fjala.info\\\/2009-2015\\\/intervista-mero-baze-pd-u-tradhtua-nga-familja-berisha-ajo-po-vdes-dita-dites-si-parti\\\/#primaryimage\",\"url\":\"http:\\\/\\\/www.fjala.info\\\/2012\\\/mero_baze.jpg\",\"contentUrl\":\"http:\\\/\\\/www.fjala.info\\\/2012\\\/mero_baze.jpg\"},{\"@type\":\"BreadcrumbList\",\"@id\":\"https:\\\/\\\/fjala.info\\\/2009-2015\\\/intervista-mero-baze-pd-u-tradhtua-nga-familja-berisha-ajo-po-vdes-dita-dites-si-parti\\\/#breadcrumb\",\"itemListElement\":[{\"@type\":\"ListItem\",\"position\":1,\"name\":\"Home\",\"item\":\"https:\\\/\\\/fjala.info\\\/2009-2015\\\/\"},{\"@type\":\"ListItem\",\"position\":2,\"name\":\"INTERVISTA\\\/ Mero Baze: PD u tradhtua nga Familja Berisha. Ajo po vdes dita-dit\u00ebs si parti\"}]},{\"@type\":\"WebSite\",\"@id\":\"https:\\\/\\\/fjala.info\\\/2009-2015\\\/#website\",\"url\":\"https:\\\/\\\/fjala.info\\\/2009-2015\\\/\",\"name\":\"FjALA e LIR\u00cb - Arkivi\",\"description\":\"Arkivi 2009-2015\",\"publisher\":{\"@id\":\"https:\\\/\\\/fjala.info\\\/2009-2015\\\/#organization\"},\"potentialAction\":[{\"@type\":\"SearchAction\",\"target\":{\"@type\":\"EntryPoint\",\"urlTemplate\":\"https:\\\/\\\/fjala.info\\\/2009-2015\\\/?s={search_term_string}\"},\"query-input\":{\"@type\":\"PropertyValueSpecification\",\"valueRequired\":true,\"valueName\":\"search_term_string\"}}],\"inLanguage\":\"sq-AL\"},{\"@type\":\"Organization\",\"@id\":\"https:\\\/\\\/fjala.info\\\/2009-2015\\\/#organization\",\"name\":\"FjALA e LIR\u00cb - Arkivi\",\"url\":\"https:\\\/\\\/fjala.info\\\/2009-2015\\\/\",\"logo\":{\"@type\":\"ImageObject\",\"inLanguage\":\"sq-AL\",\"@id\":\"https:\\\/\\\/fjala.info\\\/2009-2015\\\/#\\\/schema\\\/logo\\\/image\\\/\",\"url\":\"\",\"contentUrl\":\"\",\"caption\":\"FjALA e LIR\u00cb - Arkivi\"},\"image\":{\"@id\":\"https:\\\/\\\/fjala.info\\\/2009-2015\\\/#\\\/schema\\\/logo\\\/image\\\/\"}},{\"@type\":\"Person\",\"@id\":\"https:\\\/\\\/fjala.info\\\/2009-2015\\\/#\\\/schema\\\/person\\\/3aa1163ef05469c496fc94e77611ada2\",\"name\":\"admin\",\"image\":{\"@type\":\"ImageObject\",\"inLanguage\":\"sq-AL\",\"@id\":\"https:\\\/\\\/fjala.info\\\/2009-2015\\\/wp-content\\\/uploads\\\/2012\\\/02\\\/arben_cokaj-120x150.jpg\",\"url\":\"https:\\\/\\\/fjala.info\\\/2009-2015\\\/wp-content\\\/uploads\\\/2012\\\/02\\\/arben_cokaj-120x150.jpg\",\"contentUrl\":\"https:\\\/\\\/fjala.info\\\/2009-2015\\\/wp-content\\\/uploads\\\/2012\\\/02\\\/arben_cokaj-120x150.jpg\",\"caption\":\"admin\"},\"description\":\"Admin, Fjala e Lir\u00eb\",\"sameAs\":[\"https:\\\/\\\/fjala.info\\\/\"],\"url\":\"https:\\\/\\\/fjala.info\\\/2009-2015\\\/author\\\/admin\\\/\"}]}<\/script>\n<!-- \/ Yoast SEO plugin. -->","yoast_head_json":{"title":"INTERVISTA\/ Mero Baze: PD u tradhtua nga Familja Berisha. Ajo po vdes dita-dit\u00ebs si parti - FjALA e LIR\u00cb - Arkivi","robots":{"index":"index","follow":"follow","max-snippet":"max-snippet:-1","max-image-preview":"max-image-preview:large","max-video-preview":"max-video-preview:-1"},"canonical":"https:\/\/fjala.info\/2009-2015\/intervista-mero-baze-pd-u-tradhtua-nga-familja-berisha-ajo-po-vdes-dita-dites-si-parti\/","og_locale":"sq_AL","og_type":"article","og_title":"INTERVISTA\/ Mero Baze: PD u tradhtua nga Familja Berisha. Ajo po vdes dita-dit\u00ebs si parti - FjALA e LIR\u00cb - Arkivi","og_description":"TemA Online, 27 Qershor 2013 Si mund ta lexojm\u00eb rezultatin e 23 qershorit? \u00cbsht\u00eb nj\u00eb kryengritje e heshtur e shqiptar\u00ebve kund\u00ebr Sali Berish\u00ebs. Kishin provuar ta zbonin me referendum popullor m\u00eb 1994, por ai mbijetoi. Kishin provuar ta largonin me vota me 1996, por ai ua vodhi. Kishin provuar ta largonin me arm\u00eb si m\u00eb [&hellip;]","og_url":"https:\/\/fjala.info\/2009-2015\/intervista-mero-baze-pd-u-tradhtua-nga-familja-berisha-ajo-po-vdes-dita-dites-si-parti\/","og_site_name":"FjALA e LIR\u00cb - Arkivi","article_published_time":"2013-06-27T22:50:37+00:00","og_image":[{"url":"http:\/\/www.fjala.info\/2012\/mero_baze.jpg","type":"","width":"","height":""}],"author":"admin","twitter_card":"summary_large_image","twitter_misc":{"Written by":"admin","Est. reading time":"7 minutes"},"schema":{"@context":"https:\/\/schema.org","@graph":[{"@type":"Article","@id":"https:\/\/fjala.info\/2009-2015\/intervista-mero-baze-pd-u-tradhtua-nga-familja-berisha-ajo-po-vdes-dita-dites-si-parti\/#article","isPartOf":{"@id":"https:\/\/fjala.info\/2009-2015\/intervista-mero-baze-pd-u-tradhtua-nga-familja-berisha-ajo-po-vdes-dita-dites-si-parti\/"},"author":{"name":"admin","@id":"https:\/\/fjala.info\/2009-2015\/#\/schema\/person\/3aa1163ef05469c496fc94e77611ada2"},"headline":"INTERVISTA\/ Mero Baze: PD u tradhtua nga Familja Berisha. Ajo po vdes dita-dit\u00ebs si parti","datePublished":"2013-06-27T22:50:37+00:00","mainEntityOfPage":{"@id":"https:\/\/fjala.info\/2009-2015\/intervista-mero-baze-pd-u-tradhtua-nga-familja-berisha-ajo-po-vdes-dita-dites-si-parti\/"},"wordCount":1434,"commentCount":0,"publisher":{"@id":"https:\/\/fjala.info\/2009-2015\/#organization"},"image":{"@id":"https:\/\/fjala.info\/2009-2015\/intervista-mero-baze-pd-u-tradhtua-nga-familja-berisha-ajo-po-vdes-dita-dites-si-parti\/#primaryimage"},"thumbnailUrl":"http:\/\/www.fjala.info\/2012\/mero_baze.jpg","articleSection":["Artikuj"],"inLanguage":"sq-AL","potentialAction":[{"@type":"CommentAction","name":"Comment","target":["https:\/\/fjala.info\/2009-2015\/intervista-mero-baze-pd-u-tradhtua-nga-familja-berisha-ajo-po-vdes-dita-dites-si-parti\/#respond"]}]},{"@type":"WebPage","@id":"https:\/\/fjala.info\/2009-2015\/intervista-mero-baze-pd-u-tradhtua-nga-familja-berisha-ajo-po-vdes-dita-dites-si-parti\/","url":"https:\/\/fjala.info\/2009-2015\/intervista-mero-baze-pd-u-tradhtua-nga-familja-berisha-ajo-po-vdes-dita-dites-si-parti\/","name":"INTERVISTA\/ Mero Baze: PD u tradhtua nga Familja Berisha. Ajo po vdes dita-dit\u00ebs si parti - FjALA e LIR\u00cb - Arkivi","isPartOf":{"@id":"https:\/\/fjala.info\/2009-2015\/#website"},"primaryImageOfPage":{"@id":"https:\/\/fjala.info\/2009-2015\/intervista-mero-baze-pd-u-tradhtua-nga-familja-berisha-ajo-po-vdes-dita-dites-si-parti\/#primaryimage"},"image":{"@id":"https:\/\/fjala.info\/2009-2015\/intervista-mero-baze-pd-u-tradhtua-nga-familja-berisha-ajo-po-vdes-dita-dites-si-parti\/#primaryimage"},"thumbnailUrl":"http:\/\/www.fjala.info\/2012\/mero_baze.jpg","datePublished":"2013-06-27T22:50:37+00:00","breadcrumb":{"@id":"https:\/\/fjala.info\/2009-2015\/intervista-mero-baze-pd-u-tradhtua-nga-familja-berisha-ajo-po-vdes-dita-dites-si-parti\/#breadcrumb"},"inLanguage":"sq-AL","potentialAction":[{"@type":"ReadAction","target":["https:\/\/fjala.info\/2009-2015\/intervista-mero-baze-pd-u-tradhtua-nga-familja-berisha-ajo-po-vdes-dita-dites-si-parti\/"]}]},{"@type":"ImageObject","inLanguage":"sq-AL","@id":"https:\/\/fjala.info\/2009-2015\/intervista-mero-baze-pd-u-tradhtua-nga-familja-berisha-ajo-po-vdes-dita-dites-si-parti\/#primaryimage","url":"http:\/\/www.fjala.info\/2012\/mero_baze.jpg","contentUrl":"http:\/\/www.fjala.info\/2012\/mero_baze.jpg"},{"@type":"BreadcrumbList","@id":"https:\/\/fjala.info\/2009-2015\/intervista-mero-baze-pd-u-tradhtua-nga-familja-berisha-ajo-po-vdes-dita-dites-si-parti\/#breadcrumb","itemListElement":[{"@type":"ListItem","position":1,"name":"Home","item":"https:\/\/fjala.info\/2009-2015\/"},{"@type":"ListItem","position":2,"name":"INTERVISTA\/ Mero Baze: PD u tradhtua nga Familja Berisha. Ajo po vdes dita-dit\u00ebs si parti"}]},{"@type":"WebSite","@id":"https:\/\/fjala.info\/2009-2015\/#website","url":"https:\/\/fjala.info\/2009-2015\/","name":"FjALA e LIR\u00cb - Arkivi","description":"Arkivi 2009-2015","publisher":{"@id":"https:\/\/fjala.info\/2009-2015\/#organization"},"potentialAction":[{"@type":"SearchAction","target":{"@type":"EntryPoint","urlTemplate":"https:\/\/fjala.info\/2009-2015\/?s={search_term_string}"},"query-input":{"@type":"PropertyValueSpecification","valueRequired":true,"valueName":"search_term_string"}}],"inLanguage":"sq-AL"},{"@type":"Organization","@id":"https:\/\/fjala.info\/2009-2015\/#organization","name":"FjALA e LIR\u00cb - Arkivi","url":"https:\/\/fjala.info\/2009-2015\/","logo":{"@type":"ImageObject","inLanguage":"sq-AL","@id":"https:\/\/fjala.info\/2009-2015\/#\/schema\/logo\/image\/","url":"","contentUrl":"","caption":"FjALA e LIR\u00cb - Arkivi"},"image":{"@id":"https:\/\/fjala.info\/2009-2015\/#\/schema\/logo\/image\/"}},{"@type":"Person","@id":"https:\/\/fjala.info\/2009-2015\/#\/schema\/person\/3aa1163ef05469c496fc94e77611ada2","name":"admin","image":{"@type":"ImageObject","inLanguage":"sq-AL","@id":"https:\/\/fjala.info\/2009-2015\/wp-content\/uploads\/2012\/02\/arben_cokaj-120x150.jpg","url":"https:\/\/fjala.info\/2009-2015\/wp-content\/uploads\/2012\/02\/arben_cokaj-120x150.jpg","contentUrl":"https:\/\/fjala.info\/2009-2015\/wp-content\/uploads\/2012\/02\/arben_cokaj-120x150.jpg","caption":"admin"},"description":"Admin, Fjala e Lir\u00eb","sameAs":["https:\/\/fjala.info\/"],"url":"https:\/\/fjala.info\/2009-2015\/author\/admin\/"}]}},"_links":{"self":[{"href":"https:\/\/fjala.info\/2009-2015\/wp-json\/wp\/v2\/posts\/12893","targetHints":{"allow":["GET"]}}],"collection":[{"href":"https:\/\/fjala.info\/2009-2015\/wp-json\/wp\/v2\/posts"}],"about":[{"href":"https:\/\/fjala.info\/2009-2015\/wp-json\/wp\/v2\/types\/post"}],"author":[{"embeddable":true,"href":"https:\/\/fjala.info\/2009-2015\/wp-json\/wp\/v2\/users\/1"}],"replies":[{"embeddable":true,"href":"https:\/\/fjala.info\/2009-2015\/wp-json\/wp\/v2\/comments?post=12893"}],"version-history":[{"count":0,"href":"https:\/\/fjala.info\/2009-2015\/wp-json\/wp\/v2\/posts\/12893\/revisions"}],"wp:attachment":[{"href":"https:\/\/fjala.info\/2009-2015\/wp-json\/wp\/v2\/media?parent=12893"}],"wp:term":[{"taxonomy":"category","embeddable":true,"href":"https:\/\/fjala.info\/2009-2015\/wp-json\/wp\/v2\/categories?post=12893"},{"taxonomy":"post_tag","embeddable":true,"href":"https:\/\/fjala.info\/2009-2015\/wp-json\/wp\/v2\/tags?post=12893"}],"curies":[{"name":"wp","href":"https:\/\/api.w.org\/{rel}","templated":true}]}}