{"id":12891,"date":"2013-06-26T17:45:25","date_gmt":"2013-06-26T16:45:25","guid":{"rendered":"http:\/\/fjala.info\/?p=3394"},"modified":"2013-06-26T17:45:25","modified_gmt":"2013-06-26T16:45:25","slug":"ne-shqiperi-u-parandalua-e-keqja","status":"publish","type":"post","link":"https:\/\/fjala.info\/2009-2015\/ne-shqiperi-u-parandalua-e-keqja\/","title":{"rendered":"N\u00eb Shqip\u00ebri u parandalua e keqja"},"content":{"rendered":"<p><img decoding=\"async\" class=\"alignright size-thumbnail wp-image-7236\" title=\"Gjin Musa\" alt=\"\" src=\"http:\/\/www.fjala.info\/2013\/gjin_musa.jpg\" width=\"150\" \/> D\u00ebrgoi <strong>Gjin Musa<\/strong><\/p>\n<p>Nje e keqe qe ishte mbjellur ne fillim te viteve 90-ta, paralel ne Shqiperi dhe Kosove,ne emer te \u201cpopullit\u201d dhe \u201cdemokracise\u201d tani ne Shqiperi kjo e keqe u ndalua nga populli ne rruge demokratike,derisa ne Kosove e keqja thellohet.<br \/>\nNdalimi i se keqes solli nje fitore te madhe dhe nje kthese te madhe,te dyjat me permasa kombtare.<\/p>\n<p>1. Fitorja e madhe:<br \/>\nEshte largimi nga pushteti i vegles serbo-greke, udheheqesit te se keqes, me emrin Sali Berisha i cili eshte pergjegjesi kryesor por jo i vetem! ka patur dhe ka ndihmaqaret ne Kosove dhe trojet tjera, qe popullin shqiptare e kan katandisur ne kete gjendje shkaterrimi,vuajtjeje,nenqmimi dhe pasigurie,duke bere qe gjysma e kombit tani me te kene ikur nga trojet e veta.<\/p>\n<p>2. Kthesa e madhe u be:<br \/>\nTani kur u ndalua e keqja, si parakusht i domosdoshem i nje fillimi te mbare dhe u ndalua aty ku duhej dhe mund te ndalohej,ne shtetin ame,shqiptaret i krijuan veti mundesine qe te marrin fryme thelle,te mendojne mire,ta ndalojne te keqen qe ka leshuar rrenje edhe ne Kosove dhe trevat tjera autoktone, te marrin drejtimin dhe kahjen e duhur si komb qe ta zene hapin e humbur dhe vendin qe na takon ne familjen e popujve te civilizuar.<\/p>\n<p>Rruga eshte e veshtire dhe e gjate,tek do te mirren vesh nga populli bemat e fshehura dhe pasojat e ketij pushteti kunder popullor,por populli do te dij si ti mundi keto pengesa ashtu siq diti ta beje kthesen si domosdoshmeri per mundjen e tyre.<\/p>\n<p>I takon merita kryeministrit te ri Edi-Rama ,qe me guxim,vullnet, durim dhe zgjuaresi te rralle ,diti dhe mundi te i prij popullit ne kete rruge te gjate dhe e solli kete kthese te madhe qe ju duhej shqiptareve me teper se buka e perditshme.<\/p>\n<p>Pa kete kthese ne po shkonim drejt nje asimilimi dhe zhdukje te sigurte.<\/p>\n","protected":false},"excerpt":{"rendered":"<p>D\u00ebrgoi Gjin Musa Nje e keqe qe ishte mbjellur ne fillim te viteve 90-ta, paralel ne Shqiperi dhe Kosove,ne emer te \u201cpopullit\u201d dhe \u201cdemokracise\u201d tani ne Shqiperi kjo e keqe u ndalua nga populli ne rruge demokratike,derisa ne Kosove e keqja thellohet. Ndalimi i se keqes solli nje fitore te madhe dhe nje kthese te [&hellip;]<\/p>\n","protected":false},"author":1,"featured_media":0,"comment_status":"open","ping_status":"closed","sticky":false,"template":"","format":"standard","meta":{"footnotes":""},"categories":[2],"tags":[],"class_list":{"0":"post-12891","1":"post","2":"type-post","3":"status-publish","4":"format-standard","6":"category-artikuj"},"yoast_head":"<!-- This site is optimized with the Yoast SEO plugin v27.4 - https:\/\/yoast.com\/product\/yoast-seo-wordpress\/ -->\n<title>N\u00eb Shqip\u00ebri u parandalua e keqja - FjALA e LIR\u00cb - Arkivi<\/title>\n<meta name=\"robots\" content=\"index, follow, max-snippet:-1, max-image-preview:large, max-video-preview:-1\" \/>\n<link rel=\"canonical\" href=\"https:\/\/fjala.info\/2009-2015\/ne-shqiperi-u-parandalua-e-keqja\/\" \/>\n<meta property=\"og:locale\" content=\"sq_AL\" \/>\n<meta property=\"og:type\" content=\"article\" \/>\n<meta property=\"og:title\" content=\"N\u00eb Shqip\u00ebri u parandalua e keqja - FjALA e LIR\u00cb - Arkivi\" \/>\n<meta property=\"og:description\" content=\"D\u00ebrgoi Gjin Musa Nje e keqe qe ishte mbjellur ne fillim te viteve 90-ta, paralel ne Shqiperi dhe Kosove,ne emer te \u201cpopullit\u201d dhe \u201cdemokracise\u201d tani ne Shqiperi kjo e keqe u ndalua nga populli ne rruge demokratike,derisa ne Kosove e keqja thellohet. Ndalimi i se keqes solli nje fitore te madhe dhe nje kthese te [&hellip;]\" \/>\n<meta property=\"og:url\" content=\"https:\/\/fjala.info\/2009-2015\/ne-shqiperi-u-parandalua-e-keqja\/\" \/>\n<meta property=\"og:site_name\" content=\"FjALA e LIR\u00cb - Arkivi\" \/>\n<meta property=\"article:published_time\" content=\"2013-06-26T16:45:25+00:00\" \/>\n<meta property=\"og:image\" content=\"http:\/\/www.fjala.info\/2013\/gjin_musa.jpg\" \/>\n<meta name=\"author\" content=\"admin\" \/>\n<meta name=\"twitter:card\" content=\"summary_large_image\" \/>\n<meta name=\"twitter:label1\" content=\"Written by\" \/>\n\t<meta name=\"twitter:data1\" content=\"admin\" \/>\n\t<meta name=\"twitter:label2\" content=\"Est. reading time\" \/>\n\t<meta name=\"twitter:data2\" content=\"2 minutes\" \/>\n<script type=\"application\/ld+json\" class=\"yoast-schema-graph\">{\"@context\":\"https:\\\/\\\/schema.org\",\"@graph\":[{\"@type\":\"Article\",\"@id\":\"https:\\\/\\\/fjala.info\\\/2009-2015\\\/ne-shqiperi-u-parandalua-e-keqja\\\/#article\",\"isPartOf\":{\"@id\":\"https:\\\/\\\/fjala.info\\\/2009-2015\\\/ne-shqiperi-u-parandalua-e-keqja\\\/\"},\"author\":{\"name\":\"admin\",\"@id\":\"https:\\\/\\\/fjala.info\\\/2009-2015\\\/#\\\/schema\\\/person\\\/3aa1163ef05469c496fc94e77611ada2\"},\"headline\":\"N\u00eb Shqip\u00ebri u parandalua e keqja\",\"datePublished\":\"2013-06-26T16:45:25+00:00\",\"mainEntityOfPage\":{\"@id\":\"https:\\\/\\\/fjala.info\\\/2009-2015\\\/ne-shqiperi-u-parandalua-e-keqja\\\/\"},\"wordCount\":328,\"commentCount\":0,\"publisher\":{\"@id\":\"https:\\\/\\\/fjala.info\\\/2009-2015\\\/#organization\"},\"image\":{\"@id\":\"https:\\\/\\\/fjala.info\\\/2009-2015\\\/ne-shqiperi-u-parandalua-e-keqja\\\/#primaryimage\"},\"thumbnailUrl\":\"http:\\\/\\\/www.fjala.info\\\/2013\\\/gjin_musa.jpg\",\"articleSection\":[\"Artikuj\"],\"inLanguage\":\"sq-AL\",\"potentialAction\":[{\"@type\":\"CommentAction\",\"name\":\"Comment\",\"target\":[\"https:\\\/\\\/fjala.info\\\/2009-2015\\\/ne-shqiperi-u-parandalua-e-keqja\\\/#respond\"]}]},{\"@type\":\"WebPage\",\"@id\":\"https:\\\/\\\/fjala.info\\\/2009-2015\\\/ne-shqiperi-u-parandalua-e-keqja\\\/\",\"url\":\"https:\\\/\\\/fjala.info\\\/2009-2015\\\/ne-shqiperi-u-parandalua-e-keqja\\\/\",\"name\":\"N\u00eb Shqip\u00ebri u parandalua e keqja - FjALA e LIR\u00cb - Arkivi\",\"isPartOf\":{\"@id\":\"https:\\\/\\\/fjala.info\\\/2009-2015\\\/#website\"},\"primaryImageOfPage\":{\"@id\":\"https:\\\/\\\/fjala.info\\\/2009-2015\\\/ne-shqiperi-u-parandalua-e-keqja\\\/#primaryimage\"},\"image\":{\"@id\":\"https:\\\/\\\/fjala.info\\\/2009-2015\\\/ne-shqiperi-u-parandalua-e-keqja\\\/#primaryimage\"},\"thumbnailUrl\":\"http:\\\/\\\/www.fjala.info\\\/2013\\\/gjin_musa.jpg\",\"datePublished\":\"2013-06-26T16:45:25+00:00\",\"breadcrumb\":{\"@id\":\"https:\\\/\\\/fjala.info\\\/2009-2015\\\/ne-shqiperi-u-parandalua-e-keqja\\\/#breadcrumb\"},\"inLanguage\":\"sq-AL\",\"potentialAction\":[{\"@type\":\"ReadAction\",\"target\":[\"https:\\\/\\\/fjala.info\\\/2009-2015\\\/ne-shqiperi-u-parandalua-e-keqja\\\/\"]}]},{\"@type\":\"ImageObject\",\"inLanguage\":\"sq-AL\",\"@id\":\"https:\\\/\\\/fjala.info\\\/2009-2015\\\/ne-shqiperi-u-parandalua-e-keqja\\\/#primaryimage\",\"url\":\"http:\\\/\\\/www.fjala.info\\\/2013\\\/gjin_musa.jpg\",\"contentUrl\":\"http:\\\/\\\/www.fjala.info\\\/2013\\\/gjin_musa.jpg\"},{\"@type\":\"BreadcrumbList\",\"@id\":\"https:\\\/\\\/fjala.info\\\/2009-2015\\\/ne-shqiperi-u-parandalua-e-keqja\\\/#breadcrumb\",\"itemListElement\":[{\"@type\":\"ListItem\",\"position\":1,\"name\":\"Home\",\"item\":\"https:\\\/\\\/fjala.info\\\/2009-2015\\\/\"},{\"@type\":\"ListItem\",\"position\":2,\"name\":\"N\u00eb Shqip\u00ebri u parandalua e keqja\"}]},{\"@type\":\"WebSite\",\"@id\":\"https:\\\/\\\/fjala.info\\\/2009-2015\\\/#website\",\"url\":\"https:\\\/\\\/fjala.info\\\/2009-2015\\\/\",\"name\":\"FjALA e LIR\u00cb - Arkivi\",\"description\":\"Arkivi 2009-2015\",\"publisher\":{\"@id\":\"https:\\\/\\\/fjala.info\\\/2009-2015\\\/#organization\"},\"potentialAction\":[{\"@type\":\"SearchAction\",\"target\":{\"@type\":\"EntryPoint\",\"urlTemplate\":\"https:\\\/\\\/fjala.info\\\/2009-2015\\\/?s={search_term_string}\"},\"query-input\":{\"@type\":\"PropertyValueSpecification\",\"valueRequired\":true,\"valueName\":\"search_term_string\"}}],\"inLanguage\":\"sq-AL\"},{\"@type\":\"Organization\",\"@id\":\"https:\\\/\\\/fjala.info\\\/2009-2015\\\/#organization\",\"name\":\"FjALA e LIR\u00cb - Arkivi\",\"url\":\"https:\\\/\\\/fjala.info\\\/2009-2015\\\/\",\"logo\":{\"@type\":\"ImageObject\",\"inLanguage\":\"sq-AL\",\"@id\":\"https:\\\/\\\/fjala.info\\\/2009-2015\\\/#\\\/schema\\\/logo\\\/image\\\/\",\"url\":\"\",\"contentUrl\":\"\",\"caption\":\"FjALA e LIR\u00cb - Arkivi\"},\"image\":{\"@id\":\"https:\\\/\\\/fjala.info\\\/2009-2015\\\/#\\\/schema\\\/logo\\\/image\\\/\"}},{\"@type\":\"Person\",\"@id\":\"https:\\\/\\\/fjala.info\\\/2009-2015\\\/#\\\/schema\\\/person\\\/3aa1163ef05469c496fc94e77611ada2\",\"name\":\"admin\",\"image\":{\"@type\":\"ImageObject\",\"inLanguage\":\"sq-AL\",\"@id\":\"https:\\\/\\\/fjala.info\\\/2009-2015\\\/wp-content\\\/uploads\\\/2012\\\/02\\\/arben_cokaj-120x150.jpg\",\"url\":\"https:\\\/\\\/fjala.info\\\/2009-2015\\\/wp-content\\\/uploads\\\/2012\\\/02\\\/arben_cokaj-120x150.jpg\",\"contentUrl\":\"https:\\\/\\\/fjala.info\\\/2009-2015\\\/wp-content\\\/uploads\\\/2012\\\/02\\\/arben_cokaj-120x150.jpg\",\"caption\":\"admin\"},\"description\":\"Admin, Fjala e Lir\u00eb\",\"sameAs\":[\"https:\\\/\\\/fjala.info\\\/\"],\"url\":\"https:\\\/\\\/fjala.info\\\/2009-2015\\\/author\\\/admin\\\/\"}]}<\/script>\n<!-- \/ Yoast SEO plugin. -->","yoast_head_json":{"title":"N\u00eb Shqip\u00ebri u parandalua e keqja - FjALA e LIR\u00cb - Arkivi","robots":{"index":"index","follow":"follow","max-snippet":"max-snippet:-1","max-image-preview":"max-image-preview:large","max-video-preview":"max-video-preview:-1"},"canonical":"https:\/\/fjala.info\/2009-2015\/ne-shqiperi-u-parandalua-e-keqja\/","og_locale":"sq_AL","og_type":"article","og_title":"N\u00eb Shqip\u00ebri u parandalua e keqja - FjALA e LIR\u00cb - Arkivi","og_description":"D\u00ebrgoi Gjin Musa Nje e keqe qe ishte mbjellur ne fillim te viteve 90-ta, paralel ne Shqiperi dhe Kosove,ne emer te \u201cpopullit\u201d dhe \u201cdemokracise\u201d tani ne Shqiperi kjo e keqe u ndalua nga populli ne rruge demokratike,derisa ne Kosove e keqja thellohet. Ndalimi i se keqes solli nje fitore te madhe dhe nje kthese te [&hellip;]","og_url":"https:\/\/fjala.info\/2009-2015\/ne-shqiperi-u-parandalua-e-keqja\/","og_site_name":"FjALA e LIR\u00cb - Arkivi","article_published_time":"2013-06-26T16:45:25+00:00","og_image":[{"url":"http:\/\/www.fjala.info\/2013\/gjin_musa.jpg","type":"","width":"","height":""}],"author":"admin","twitter_card":"summary_large_image","twitter_misc":{"Written by":"admin","Est. reading time":"2 minutes"},"schema":{"@context":"https:\/\/schema.org","@graph":[{"@type":"Article","@id":"https:\/\/fjala.info\/2009-2015\/ne-shqiperi-u-parandalua-e-keqja\/#article","isPartOf":{"@id":"https:\/\/fjala.info\/2009-2015\/ne-shqiperi-u-parandalua-e-keqja\/"},"author":{"name":"admin","@id":"https:\/\/fjala.info\/2009-2015\/#\/schema\/person\/3aa1163ef05469c496fc94e77611ada2"},"headline":"N\u00eb Shqip\u00ebri u parandalua e keqja","datePublished":"2013-06-26T16:45:25+00:00","mainEntityOfPage":{"@id":"https:\/\/fjala.info\/2009-2015\/ne-shqiperi-u-parandalua-e-keqja\/"},"wordCount":328,"commentCount":0,"publisher":{"@id":"https:\/\/fjala.info\/2009-2015\/#organization"},"image":{"@id":"https:\/\/fjala.info\/2009-2015\/ne-shqiperi-u-parandalua-e-keqja\/#primaryimage"},"thumbnailUrl":"http:\/\/www.fjala.info\/2013\/gjin_musa.jpg","articleSection":["Artikuj"],"inLanguage":"sq-AL","potentialAction":[{"@type":"CommentAction","name":"Comment","target":["https:\/\/fjala.info\/2009-2015\/ne-shqiperi-u-parandalua-e-keqja\/#respond"]}]},{"@type":"WebPage","@id":"https:\/\/fjala.info\/2009-2015\/ne-shqiperi-u-parandalua-e-keqja\/","url":"https:\/\/fjala.info\/2009-2015\/ne-shqiperi-u-parandalua-e-keqja\/","name":"N\u00eb Shqip\u00ebri u parandalua e keqja - FjALA e LIR\u00cb - Arkivi","isPartOf":{"@id":"https:\/\/fjala.info\/2009-2015\/#website"},"primaryImageOfPage":{"@id":"https:\/\/fjala.info\/2009-2015\/ne-shqiperi-u-parandalua-e-keqja\/#primaryimage"},"image":{"@id":"https:\/\/fjala.info\/2009-2015\/ne-shqiperi-u-parandalua-e-keqja\/#primaryimage"},"thumbnailUrl":"http:\/\/www.fjala.info\/2013\/gjin_musa.jpg","datePublished":"2013-06-26T16:45:25+00:00","breadcrumb":{"@id":"https:\/\/fjala.info\/2009-2015\/ne-shqiperi-u-parandalua-e-keqja\/#breadcrumb"},"inLanguage":"sq-AL","potentialAction":[{"@type":"ReadAction","target":["https:\/\/fjala.info\/2009-2015\/ne-shqiperi-u-parandalua-e-keqja\/"]}]},{"@type":"ImageObject","inLanguage":"sq-AL","@id":"https:\/\/fjala.info\/2009-2015\/ne-shqiperi-u-parandalua-e-keqja\/#primaryimage","url":"http:\/\/www.fjala.info\/2013\/gjin_musa.jpg","contentUrl":"http:\/\/www.fjala.info\/2013\/gjin_musa.jpg"},{"@type":"BreadcrumbList","@id":"https:\/\/fjala.info\/2009-2015\/ne-shqiperi-u-parandalua-e-keqja\/#breadcrumb","itemListElement":[{"@type":"ListItem","position":1,"name":"Home","item":"https:\/\/fjala.info\/2009-2015\/"},{"@type":"ListItem","position":2,"name":"N\u00eb Shqip\u00ebri u parandalua e keqja"}]},{"@type":"WebSite","@id":"https:\/\/fjala.info\/2009-2015\/#website","url":"https:\/\/fjala.info\/2009-2015\/","name":"FjALA e LIR\u00cb - Arkivi","description":"Arkivi 2009-2015","publisher":{"@id":"https:\/\/fjala.info\/2009-2015\/#organization"},"potentialAction":[{"@type":"SearchAction","target":{"@type":"EntryPoint","urlTemplate":"https:\/\/fjala.info\/2009-2015\/?s={search_term_string}"},"query-input":{"@type":"PropertyValueSpecification","valueRequired":true,"valueName":"search_term_string"}}],"inLanguage":"sq-AL"},{"@type":"Organization","@id":"https:\/\/fjala.info\/2009-2015\/#organization","name":"FjALA e LIR\u00cb - Arkivi","url":"https:\/\/fjala.info\/2009-2015\/","logo":{"@type":"ImageObject","inLanguage":"sq-AL","@id":"https:\/\/fjala.info\/2009-2015\/#\/schema\/logo\/image\/","url":"","contentUrl":"","caption":"FjALA e LIR\u00cb - Arkivi"},"image":{"@id":"https:\/\/fjala.info\/2009-2015\/#\/schema\/logo\/image\/"}},{"@type":"Person","@id":"https:\/\/fjala.info\/2009-2015\/#\/schema\/person\/3aa1163ef05469c496fc94e77611ada2","name":"admin","image":{"@type":"ImageObject","inLanguage":"sq-AL","@id":"https:\/\/fjala.info\/2009-2015\/wp-content\/uploads\/2012\/02\/arben_cokaj-120x150.jpg","url":"https:\/\/fjala.info\/2009-2015\/wp-content\/uploads\/2012\/02\/arben_cokaj-120x150.jpg","contentUrl":"https:\/\/fjala.info\/2009-2015\/wp-content\/uploads\/2012\/02\/arben_cokaj-120x150.jpg","caption":"admin"},"description":"Admin, Fjala e Lir\u00eb","sameAs":["https:\/\/fjala.info\/"],"url":"https:\/\/fjala.info\/2009-2015\/author\/admin\/"}]}},"_links":{"self":[{"href":"https:\/\/fjala.info\/2009-2015\/wp-json\/wp\/v2\/posts\/12891","targetHints":{"allow":["GET"]}}],"collection":[{"href":"https:\/\/fjala.info\/2009-2015\/wp-json\/wp\/v2\/posts"}],"about":[{"href":"https:\/\/fjala.info\/2009-2015\/wp-json\/wp\/v2\/types\/post"}],"author":[{"embeddable":true,"href":"https:\/\/fjala.info\/2009-2015\/wp-json\/wp\/v2\/users\/1"}],"replies":[{"embeddable":true,"href":"https:\/\/fjala.info\/2009-2015\/wp-json\/wp\/v2\/comments?post=12891"}],"version-history":[{"count":0,"href":"https:\/\/fjala.info\/2009-2015\/wp-json\/wp\/v2\/posts\/12891\/revisions"}],"wp:attachment":[{"href":"https:\/\/fjala.info\/2009-2015\/wp-json\/wp\/v2\/media?parent=12891"}],"wp:term":[{"taxonomy":"category","embeddable":true,"href":"https:\/\/fjala.info\/2009-2015\/wp-json\/wp\/v2\/categories?post=12891"},{"taxonomy":"post_tag","embeddable":true,"href":"https:\/\/fjala.info\/2009-2015\/wp-json\/wp\/v2\/tags?post=12891"}],"curies":[{"name":"wp","href":"https:\/\/api.w.org\/{rel}","templated":true}]}}