{"id":12890,"date":"2013-06-26T17:22:37","date_gmt":"2013-06-26T16:22:37","guid":{"rendered":"http:\/\/fjala.info\/?p=3388"},"modified":"2013-06-26T17:22:37","modified_gmt":"2013-06-26T16:22:37","slug":"tahir-drenica-1921-2013-emer-i-cili-nuk-duhet-harruar","status":"publish","type":"post","link":"https:\/\/fjala.info\/2009-2015\/tahir-drenica-1921-2013-emer-i-cili-nuk-duhet-harruar\/","title":{"rendered":"TAHIR DRENICA (1921-2013) &#8211; EM\u00cbR I CILI NUK DUHET HARRUAR"},"content":{"rendered":"<p><img decoding=\"async\" class=\"alignleft size-thumbnail wp-image-7236\" title=\"Tahir Drenica\" alt=\"\" src=\"http:\/\/www.fjala.info\/2013\/tahir_drenica.jpg\" width=\"200\" \/> Shkruan: <strong>Shaban Cakolli<\/strong><\/p>\n<p>Me dhembje sot e mor\u00ebm lajmin,p\u00ebr ndar\u00ebjen nga jeta,t\u00eb nj\u00eb burri t\u00eb madh,miku t\u00eb dashur,t\u00eb men\u00e7ur,guximtar dhe intelektual, rrapsodit t\u00eb madh Tahir Drenica.Tahir Drenica ishte lindur m\u00eb 21.06.1921,n\u00eb nj\u00eb familje t\u00eb madhe prej dyzet e tet\u00eb an\u00ebtaresh,familje.Mbiemrin e mori sipas vendlindjes,<\/p>\n<p>nga se babai i tij ishte atdhedash\u00ebs,ishte armik i pushtetit t\u00eb asaj kohe,andaj po t\u00eb tregonte mbiemrin e tij,<\/p>\n<p>Tahiri nuk do t\u00eb mund t\u00eb fillonte karier\u00ebn e vet,do t\u00eb ndiqej nga pushteti,k\u00ebshtu ai me men\u00e7uri u regjistrue<\/p>\n<p>si Tahir Drenica,k\u00ebshtu i mbeti mbiemri deri n\u00eb fund t\u00eb jet\u00ebs s\u00eb vet.Ai nga f\u00ebmij\u00ebria pasion e kishte k\u00ebng\u00ebn,<\/p>\n<p>vinte nga nj\u00eb familje,atdhetare dhe artdash\u00ebse.N\u00eb at\u00eb koh\u00eb p\u00ebr shum\u00eb shqiptar shkollimi ishte vet\u00ebm nj\u00eb \u00ebnd\u00ebrr,po jo mund\u00ebsi.Tahiri u shkollua odave,dhe p\u00ebrvoja \u00ebsht\u00eb nj\u00eb shkoll\u00eb e mir\u00eb.Familja e Tahirit ishte artdash\u00ebse,kurse Tahiri n\u00eb f\u00ebmij\u00ebri \u00ebnd\u00ebrronte t\u00eb b\u00ebhej artist i v\u00ebrtet\u00eb.<\/p>\n<p>Thuhet se sht\u00ebpia e tyre ka qen\u00eb vat\u00ebr e kultur\u00ebs,n\u00eb odat e tyre jan\u00eb tubuar k\u00ebng\u00ebtar\u00eb me fam\u00eb t\u00eb asaj kohe,si:Cuf Kadishani,Halim Beqa,Murat Pajaziti,Sef\u00eb Gashi(Mleqani) e shum\u00eb t\u00eb tjer\u00eb.Tahir Drenica i kishte d\u00ebgjuar me \u00ebndje,i kishte m\u00ebsuar me interesim<\/p>\n<p>t\u00eb madh k\u00ebng\u00ebt e tyre,nga se n\u00eb at\u00eb koh\u00eb kishte pak tekst shkrues,k\u00ebng\u00ebt m\u00ebsoheshin p\u00ebrmend\u00ebsh.Tahiri n\u00eb mosh\u00ebn f\u00ebmij\u00ebrore i m\u00ebsoj t\u00eb gjitha k\u00ebng\u00ebt,t\u00eb cilat i k\u00ebndonin rrapsod\u00ebt e njohur,m\u00eb pas i k\u00ebndoj,i imitoj k\u00ebng\u00ebtar\u00ebt nj\u00eb koh\u00eb,kurse m\u00eb von\u00eb u b\u00eb<\/p>\n<p>k\u00ebng\u00ebtar i pavarur,i cili m\u00eb nuk kishte nevoj\u00eb t\u00eb emitoj t\u00eb tjer\u00ebt,por vet i p\u00ebrpunoj tekstet,meloset,si dhe z\u00ebri i tij i \u00ebmb\u00ebl u b\u00eb shum\u00eb i dashur p\u00ebr dashamir\u00ebt e k\u00ebng\u00ebs t\u00eb asaj kohe.Tahiri,u st\u00ebrvit duke u b\u00ebr\u00eb ball\u00eb garimeve me t\u00eb gjith\u00eb k\u00ebng\u00ebtar\u00ebt e koh\u00ebs.<\/p>\n<p>Ka k\u00ebnduar me rrapsod\u00ebt m\u00eb t\u00eb njohur t\u00eb asaj kohe me Rizah Bllac\u00ebn,Salih e Feriz Krasniqin,,Sef Mleqanin,Augustin Ukajn,Demir Krasniqin,Bajrush Dod\u00ebn,Durmish Kadishanin,etj&#8230;..Ai ka pasur edhe nj\u00eb p\u00ebrcjell\u00ebs i cili at\u00eb bot\u00eb ishte mjeshtri m\u00eb i njohur<\/p>\n<p>i violin\u00ebs,quhej Qazim Berisha,ka k\u00ebnduar me k\u00ebng\u00ebtarin e madh Qamili i Vog\u00ebl,me Osman Gllarev\u00ebn,k\u00ebta mund t\u00eb shquheshin k\u00ebng\u00ebtar\u00ebt e famsh\u00ebm at\u00ebher\u00eb.Kur ishte nj\u00ebzet e shtat\u00eb vje\u00e7,Tahiri shquhej nga k\u00ebng\u00ebtar\u00ebt tjer\u00eb(1948),ai u b\u00eb shum\u00eb i popullarizuar,<\/p>\n<p>ftohej n\u00eb dasma,festa,gazmende,koncerte,dhe kudo \u00ebsht\u00eb pritur si artist i popullit.Tahirin e kam njohur shum\u00eb her\u00ebt,kur isha f\u00ebmij\u00eb,kudo ku vinte n\u00eb dasma n\u00eb rrethin ton\u00eb e kam p\u00ebrcjellur.Tahiri ishte mjesht\u00ebr i madh i k\u00ebng\u00ebs,kishte z\u00eb t\u00eb lart\u00eb,t\u00eb \u00ebmb\u00ebl<\/p>\n<p>dhe dinte t\u00eb e p\u00ebrdorte z\u00ebrin.Kur k\u00ebndonte n\u00eb shiqim t\u00eb l\u00ebnte p\u00ebrshtypje se nuk e hapte fare goj\u00ebn,kishte mjeshtri n\u00eb p\u00ebrhap\u00ebjen e z\u00ebrit,po kishte mjeshtri edhe n\u00eb p\u00ebrdorimin e vegl\u00ebs,madje i kishte hije mbajt\u00ebja e sharkis\u00eb.Tahiri fliste rrall\u00eb,po fjala dhe<\/p>\n<p>ndeja i kishin hije,ishte i rrespektuar nga miq\u00ebt.Nj\u00ebher\u00eb n\u00eb nj\u00eb dasm\u00eb n\u00eb rrethin tan\u00eb pati k\u00ebnduar me Shaban Baksin,t\u00eb dy kishin z\u00eb t\u00eb fuqish\u00ebm dhe identik,shum\u00eb koh\u00eb \u00ebsht\u00eb folur n\u00eb popull dhe ajo dasm\u00eb pati b\u00ebr\u00eb jehon\u00eb t\u00eb madhe tek artdash\u00ebsit.<\/p>\n<p><img decoding=\"async\" class=\"alignleft size-thumbnail wp-image-7236\" title=\"Tahir Drenica\" alt=\"\" src=\"http:\/\/www.fjala.info\/2013\/tahir_drenica_tahir_shala.jpg\" width=\"300\" \/> <strong>TAHIR DRENICA DHE HASHIM SHALA<\/strong><\/p>\n<p>Nga vitet e 60-ta,Tahiri ka k\u00ebnduar me Hashim Shal\u00ebn,me askend nuk jan\u00eb p\u00ebrshtatur m\u00eb mir\u00eb,kurr\u00eb m\u00eb nuk jan\u00eb nda.Tahiri ka qen\u00eb k\u00ebng\u00ebtar i guximsh\u00ebm,ka k\u00ebnduar historin\u00eb komb\u00ebtare,Sk\u00ebnderbeun,Fazli Graj\u00e7evcin,Ram\u00eb Bllac\u00ebn,Krajl Nikollen.Pashiqin<\/p>\n<p>Rankoviqin,Ahmet Delin\u00eb,k\u00ebng\u00eb k\u00ebto q\u00eb shum\u00eb k\u00ebng\u00ebtar\u00eb nuk guxonin t\u00eb i \u00ebnd\u00ebrronin,l\u00ebre m\u00eb t\u00eb i k\u00ebndonin.Menj\u00ebfjal\u00eb ai ka k\u00ebnduar mbar\u00eb historin\u00eb komb\u00ebtare,por ka k\u00ebnduar edhe k\u00ebng\u00eb dashurie,k\u00ebng\u00eb humoristike,satirike,t\u00eb gjitha motivet.<\/p>\n<p>Tahir Drenica me Hashim Shal\u00ebn,kan\u00eb k\u00ebnduar n\u00eb \u00e7do vend t\u00eb bot\u00ebs ku ka pasur shqiptar\u00eb,nga Amerika e larg\u00ebt dhe skaj m\u00eb skaj Europ\u00ebs,n\u00eb Danimark\u00eb,Gjermani,Austri e gjetiu,n\u00eb Belgjik\u00eb kur u p\u00ebruruar busti i Sk\u00ebnderbeut,kan\u00eb qfaqur nj\u00eb program<\/p>\n<p>t\u00eb pasur kulturor meOsman Gllareven,Qamilin e Vog\u00ebl,Marash Krasniqin,Augustin Ukajn,kan\u00eb mrekulluar Brukselin,i cili me aq interesim e ka p\u00ebrcjellur kultur\u00ebn ton\u00eb.Tahiri me Hashimin kan\u00eb k\u00ebnduar n\u00eb Kopenhagen,Zvic\u00ebrr e kudo n\u00ebp\u00ebr vendet ku<\/p>\n<p>m\u00ebrgimtar\u00ebt tan\u00eb kan\u00eb qen\u00eb t\u00eb organizuar n\u00ebp\u00ebr shoqata e klube.Mbaj\u00eb mend viteve t\u00eb 90-ta,kur vinin n\u00eb Gjermani,me Shkurte Fejzen,Ilir Shaqirin,Mahmut Feratin,ata dalloheshin me k\u00ebsula t\u00eb bardha,t\u00eb \u00ebmb\u00ebl n\u00eb k\u00ebng\u00eb,t\u00eb ngroh\u00ebt n\u00eb biseda me m\u00ebrgimtar\u00ebt,<\/p>\n<p>t\u00eb paprituesh\u00ebm t\u00eb kthehen n\u00eb sken\u00eb kur i k\u00ebrkonin m\u00ebrgimtar\u00ebt,kan\u00eb k\u00ebnduar k\u00ebng\u00ebt:Katundar\u00eb e Sheherli,Leze mori Leze,Kur jam kan\u00eb nj\u00eb vakt i Ri,\u00e7ka po m\u00eb rrin karshi-karshi,e cila ishte k\u00ebnga m\u00eb e k\u00ebrkuara e tyre nga rinia jon\u00eb.Personalisht un\u00eb vet,n\u00eb<\/p>\n<p>m\u00ebrgim kam pasur rastin t\u00eb i zhvilloj tri intervista t\u00eb shkurt\u00ebra me Tahir Drenic\u00ebn.Rr\u00ebfimet e tij ishin shum\u00eb interesante,ai tregonte si ishin njohur me nj\u00eb studjuese t\u00eb folklorit,studiuesja ishte daneze Birthe Traerup,e cila kishte botuar libra n\u00eb pes\u00eb gjuh\u00eb<\/p>\n<p>t\u00eb huaja,ku n\u00eb k\u00ebto libra ishin p\u00ebrkthyar dhe botuar disa k\u00ebng\u00eb t\u00eb Tahir Drenic\u00ebs dhe Hashim Shal\u00ebs.Tahir Drenica dhe Hashim Shala,kishin in\u00e7izuar nj\u00eb reportuar t\u00eb gj\u00ebr\u00eb t\u00eb tyre n\u00eb&#8221;Jugoton&#8221; T\u00eb zAGREBIT;N\u00eb Radio Prishtin\u00eb,n\u00eb RTP e at\u00ebhershme.<\/p>\n<p>Koh\u00ebn e fundit,folklori yn\u00eb burimor shum\u00eb pak po kultivohet dhe aq m\u00eb pak po d\u00ebgjohet,andaj edhe pak emisione kan\u00eb pasur k\u00ebta rrapsod,nj\u00eb vend dhe r\u00ebnd\u00ebsi t\u00eb veqant\u00eb ua ka dh\u00ebn\u00eb mbretresha e folklorit ton\u00eb Shkurte Fejza,n\u00eb emisionin&#8221;Rr\u00ebnj\u00ebt Tona&#8221;.Tahir Drenica dhe Hashim Shala,kishin shpirt t\u00eb past\u00ebr artist\u00ebsh,<\/p>\n<p>jan\u00eb shp\u00ebrblyar disa her\u00eb,si dhe kan\u00eb qen\u00eb t\u00eb dashur nga populli,nj\u00eb jet\u00eb t\u00eb tyre me k\u00ebng\u00eb.<\/p>\n<p>Un\u00eb mendoj se te ne \u00ebsht\u00eb nj\u00eb dob\u00ebsi,njer\u00ebzit sa jan\u00eb t\u00eb gjall\u00eb ua ndrydhim t\u00eb b\u00ebmet,nuk ua p\u00ebrhapim meritat,kurse pasi t\u00eb vdesin u thurim lavdi!Kam shkruar tri shkrime t\u00eb shkurt\u00ebra p\u00ebr Tahir Drenic\u00ebn,por tani kur u nda nga jeta,sikur po e ndjej\u00eb se i kam<\/p>\n<p>mbetur borgj,p\u00ebr nj\u00eb veprimtari t\u00eb pasur komb\u00ebtare q\u00eb ka pasur ky rrapsod i madh.Tahir Drenica dhe Hashim Shala,kan\u00eb pasur miq n\u00eb \u00e7do sht\u00ebpi shqiptare.Ata kan\u00eb k\u00ebnduar trim\u00ebrin\u00eb dhe bujarin\u00eb,veprat historiko-komb\u00ebtare,t\u00eb trimave t\u00eb mbar\u00eb hap\u00ebsir\u00ebs<\/p>\n<p>shqiptare,ata kan\u00eb mallkuar armiq\u00ebt n\u00eb vargjet e k\u00ebng\u00ebve t\u00eb tyre,ata me k\u00ebng\u00ebn e tyre folklorike,e cila dikur ishte begatia m\u00eb e madhe e kombit ton\u00eb,e q\u00eb mendoj se do duhej t\u00eb ruhej me t\u00eb njejt\u00ebn r\u00ebnd\u00ebsi edhe sot,kan\u00eb frym\u00ebzuar popullin ton\u00eb liridash\u00ebs.<\/p>\n<p>Kur k\u00ebndonte Lec Gradic\u00ebn,odave tona,Tahiri i pushtonte zemrat e artdash\u00ebsve,kjo manifestohej edhe me t\u00eb reshurat e arm\u00ebve n\u00eb ajr,t\u00eb cil\u00ebn e kam v\u00ebrejtur se Tahiri nuk e kishte p\u00ebr qejf.Plumbat nuk duhet hargjuar p\u00ebr k\u00ebng\u00ebn ,thoshte Tahiri,do ishte<\/p>\n<p>mir\u00eb t\u00eb i ruajm\u00eb p\u00ebr armikun.Saher\u00eb p\u00ebrmendi Tahirin,tani m\u00eb dhimbset Hashim Shala,nga se ata ishin shum\u00eb t\u00eb barabart n\u00eb k\u00ebng\u00eb,kishin gjetur vet\u00ebn s\u00eb bashku,tani Hashimit ia thau krah\u00ebt,edhe pse Hashimi ende \u00ebsht\u00eb i fort\u00eb,i sh\u00ebndetsh\u00ebm,v\u00ebshtir\u00eb<\/p>\n<p>do t\u00eb rrug\u00ebtoj me k\u00ebng\u00ebn,pa Tahir Drenic\u00ebn.Tahir Drenica do t\u00eb mbet\u00ebt em\u00ebr i paharruar i cili do t\u00eb p\u00ebrcillet n\u00ebp\u00ebr brezat tan\u00eb.Ai ka ruajtur,kultivuar dhe pasuruar kultur\u00ebn ton\u00eb komb\u00ebtare,si i till\u00eb ka l\u00ebn\u00eb shum\u00eb pllaka,kaseta,Cd,Video,me nj\u00eb reportuar<\/p>\n<p>t\u00eb pasur t\u00eb veprimtaris\u00eb s\u00eb tij kulturore,qoft\u00eb t\u00eb historis\u00eb komb\u00ebtare,arshikis\u00eb,satir\u00ebs,vepra k\u00ebto q\u00eb do t\u00eb u p\u00ebrcillen brezave.Qoft\u00eb i paharruar kujtimi p\u00ebr te,p\u00ebr jet\u00eb t\u00eb jet\u00ebve.<\/p>\n","protected":false},"excerpt":{"rendered":"<p>Shkruan: Shaban Cakolli Me dhembje sot e mor\u00ebm lajmin,p\u00ebr ndar\u00ebjen nga jeta,t\u00eb nj\u00eb burri t\u00eb madh,miku t\u00eb dashur,t\u00eb men\u00e7ur,guximtar dhe intelektual, rrapsodit t\u00eb madh Tahir Drenica.Tahir Drenica ishte lindur m\u00eb 21.06.1921,n\u00eb nj\u00eb familje t\u00eb madhe prej dyzet e tet\u00eb an\u00ebtaresh,familje.Mbiemrin e mori sipas vendlindjes, nga se babai i tij ishte atdhedash\u00ebs,ishte armik i pushtetit t\u00eb [&hellip;]<\/p>\n","protected":false},"author":1,"featured_media":0,"comment_status":"open","ping_status":"closed","sticky":false,"template":"","format":"standard","meta":{"footnotes":""},"categories":[2],"tags":[],"class_list":{"0":"post-12890","1":"post","2":"type-post","3":"status-publish","4":"format-standard","6":"category-artikuj"},"yoast_head":"<!-- This site is optimized with the Yoast SEO plugin v27.4 - https:\/\/yoast.com\/product\/yoast-seo-wordpress\/ -->\n<title>TAHIR DRENICA (1921-2013) - EM\u00cbR I CILI NUK DUHET HARRUAR - FjALA e LIR\u00cb - Arkivi<\/title>\n<meta name=\"robots\" content=\"index, follow, max-snippet:-1, max-image-preview:large, max-video-preview:-1\" \/>\n<link rel=\"canonical\" href=\"https:\/\/fjala.info\/2009-2015\/tahir-drenica-1921-2013-emer-i-cili-nuk-duhet-harruar\/\" \/>\n<meta property=\"og:locale\" content=\"sq_AL\" \/>\n<meta property=\"og:type\" content=\"article\" \/>\n<meta property=\"og:title\" content=\"TAHIR DRENICA (1921-2013) - EM\u00cbR I CILI NUK DUHET HARRUAR - FjALA e LIR\u00cb - Arkivi\" \/>\n<meta property=\"og:description\" content=\"Shkruan: Shaban Cakolli Me dhembje sot e mor\u00ebm lajmin,p\u00ebr ndar\u00ebjen nga jeta,t\u00eb nj\u00eb burri t\u00eb madh,miku t\u00eb dashur,t\u00eb men\u00e7ur,guximtar dhe intelektual, rrapsodit t\u00eb madh Tahir Drenica.Tahir Drenica ishte lindur m\u00eb 21.06.1921,n\u00eb nj\u00eb familje t\u00eb madhe prej dyzet e tet\u00eb an\u00ebtaresh,familje.Mbiemrin e mori sipas vendlindjes, nga se babai i tij ishte atdhedash\u00ebs,ishte armik i pushtetit t\u00eb [&hellip;]\" \/>\n<meta property=\"og:url\" content=\"https:\/\/fjala.info\/2009-2015\/tahir-drenica-1921-2013-emer-i-cili-nuk-duhet-harruar\/\" \/>\n<meta property=\"og:site_name\" content=\"FjALA e LIR\u00cb - Arkivi\" \/>\n<meta property=\"article:published_time\" content=\"2013-06-26T16:22:37+00:00\" \/>\n<meta property=\"og:image\" content=\"http:\/\/www.fjala.info\/2013\/tahir_drenica.jpg\" \/>\n<meta name=\"author\" content=\"admin\" \/>\n<meta name=\"twitter:card\" content=\"summary_large_image\" \/>\n<meta name=\"twitter:label1\" content=\"Written by\" \/>\n\t<meta name=\"twitter:data1\" content=\"admin\" \/>\n\t<meta name=\"twitter:label2\" content=\"Est. reading time\" \/>\n\t<meta name=\"twitter:data2\" content=\"8 minutes\" \/>\n<script type=\"application\/ld+json\" class=\"yoast-schema-graph\">{\"@context\":\"https:\\\/\\\/schema.org\",\"@graph\":[{\"@type\":\"Article\",\"@id\":\"https:\\\/\\\/fjala.info\\\/2009-2015\\\/tahir-drenica-1921-2013-emer-i-cili-nuk-duhet-harruar\\\/#article\",\"isPartOf\":{\"@id\":\"https:\\\/\\\/fjala.info\\\/2009-2015\\\/tahir-drenica-1921-2013-emer-i-cili-nuk-duhet-harruar\\\/\"},\"author\":{\"name\":\"admin\",\"@id\":\"https:\\\/\\\/fjala.info\\\/2009-2015\\\/#\\\/schema\\\/person\\\/3aa1163ef05469c496fc94e77611ada2\"},\"headline\":\"TAHIR DRENICA (1921-2013) &#8211; EM\u00cbR I CILI NUK DUHET HARRUAR\",\"datePublished\":\"2013-06-26T16:22:37+00:00\",\"mainEntityOfPage\":{\"@id\":\"https:\\\/\\\/fjala.info\\\/2009-2015\\\/tahir-drenica-1921-2013-emer-i-cili-nuk-duhet-harruar\\\/\"},\"wordCount\":1512,\"commentCount\":0,\"publisher\":{\"@id\":\"https:\\\/\\\/fjala.info\\\/2009-2015\\\/#organization\"},\"image\":{\"@id\":\"https:\\\/\\\/fjala.info\\\/2009-2015\\\/tahir-drenica-1921-2013-emer-i-cili-nuk-duhet-harruar\\\/#primaryimage\"},\"thumbnailUrl\":\"http:\\\/\\\/www.fjala.info\\\/2013\\\/tahir_drenica.jpg\",\"articleSection\":[\"Artikuj\"],\"inLanguage\":\"sq-AL\",\"potentialAction\":[{\"@type\":\"CommentAction\",\"name\":\"Comment\",\"target\":[\"https:\\\/\\\/fjala.info\\\/2009-2015\\\/tahir-drenica-1921-2013-emer-i-cili-nuk-duhet-harruar\\\/#respond\"]}]},{\"@type\":\"WebPage\",\"@id\":\"https:\\\/\\\/fjala.info\\\/2009-2015\\\/tahir-drenica-1921-2013-emer-i-cili-nuk-duhet-harruar\\\/\",\"url\":\"https:\\\/\\\/fjala.info\\\/2009-2015\\\/tahir-drenica-1921-2013-emer-i-cili-nuk-duhet-harruar\\\/\",\"name\":\"TAHIR DRENICA (1921-2013) - EM\u00cbR I CILI NUK DUHET HARRUAR - FjALA e LIR\u00cb - Arkivi\",\"isPartOf\":{\"@id\":\"https:\\\/\\\/fjala.info\\\/2009-2015\\\/#website\"},\"primaryImageOfPage\":{\"@id\":\"https:\\\/\\\/fjala.info\\\/2009-2015\\\/tahir-drenica-1921-2013-emer-i-cili-nuk-duhet-harruar\\\/#primaryimage\"},\"image\":{\"@id\":\"https:\\\/\\\/fjala.info\\\/2009-2015\\\/tahir-drenica-1921-2013-emer-i-cili-nuk-duhet-harruar\\\/#primaryimage\"},\"thumbnailUrl\":\"http:\\\/\\\/www.fjala.info\\\/2013\\\/tahir_drenica.jpg\",\"datePublished\":\"2013-06-26T16:22:37+00:00\",\"breadcrumb\":{\"@id\":\"https:\\\/\\\/fjala.info\\\/2009-2015\\\/tahir-drenica-1921-2013-emer-i-cili-nuk-duhet-harruar\\\/#breadcrumb\"},\"inLanguage\":\"sq-AL\",\"potentialAction\":[{\"@type\":\"ReadAction\",\"target\":[\"https:\\\/\\\/fjala.info\\\/2009-2015\\\/tahir-drenica-1921-2013-emer-i-cili-nuk-duhet-harruar\\\/\"]}]},{\"@type\":\"ImageObject\",\"inLanguage\":\"sq-AL\",\"@id\":\"https:\\\/\\\/fjala.info\\\/2009-2015\\\/tahir-drenica-1921-2013-emer-i-cili-nuk-duhet-harruar\\\/#primaryimage\",\"url\":\"http:\\\/\\\/www.fjala.info\\\/2013\\\/tahir_drenica.jpg\",\"contentUrl\":\"http:\\\/\\\/www.fjala.info\\\/2013\\\/tahir_drenica.jpg\"},{\"@type\":\"BreadcrumbList\",\"@id\":\"https:\\\/\\\/fjala.info\\\/2009-2015\\\/tahir-drenica-1921-2013-emer-i-cili-nuk-duhet-harruar\\\/#breadcrumb\",\"itemListElement\":[{\"@type\":\"ListItem\",\"position\":1,\"name\":\"Home\",\"item\":\"https:\\\/\\\/fjala.info\\\/2009-2015\\\/\"},{\"@type\":\"ListItem\",\"position\":2,\"name\":\"TAHIR DRENICA (1921-2013) &#8211; EM\u00cbR I CILI NUK DUHET HARRUAR\"}]},{\"@type\":\"WebSite\",\"@id\":\"https:\\\/\\\/fjala.info\\\/2009-2015\\\/#website\",\"url\":\"https:\\\/\\\/fjala.info\\\/2009-2015\\\/\",\"name\":\"FjALA e LIR\u00cb - Arkivi\",\"description\":\"Arkivi 2009-2015\",\"publisher\":{\"@id\":\"https:\\\/\\\/fjala.info\\\/2009-2015\\\/#organization\"},\"potentialAction\":[{\"@type\":\"SearchAction\",\"target\":{\"@type\":\"EntryPoint\",\"urlTemplate\":\"https:\\\/\\\/fjala.info\\\/2009-2015\\\/?s={search_term_string}\"},\"query-input\":{\"@type\":\"PropertyValueSpecification\",\"valueRequired\":true,\"valueName\":\"search_term_string\"}}],\"inLanguage\":\"sq-AL\"},{\"@type\":\"Organization\",\"@id\":\"https:\\\/\\\/fjala.info\\\/2009-2015\\\/#organization\",\"name\":\"FjALA e LIR\u00cb - Arkivi\",\"url\":\"https:\\\/\\\/fjala.info\\\/2009-2015\\\/\",\"logo\":{\"@type\":\"ImageObject\",\"inLanguage\":\"sq-AL\",\"@id\":\"https:\\\/\\\/fjala.info\\\/2009-2015\\\/#\\\/schema\\\/logo\\\/image\\\/\",\"url\":\"\",\"contentUrl\":\"\",\"caption\":\"FjALA e LIR\u00cb - Arkivi\"},\"image\":{\"@id\":\"https:\\\/\\\/fjala.info\\\/2009-2015\\\/#\\\/schema\\\/logo\\\/image\\\/\"}},{\"@type\":\"Person\",\"@id\":\"https:\\\/\\\/fjala.info\\\/2009-2015\\\/#\\\/schema\\\/person\\\/3aa1163ef05469c496fc94e77611ada2\",\"name\":\"admin\",\"image\":{\"@type\":\"ImageObject\",\"inLanguage\":\"sq-AL\",\"@id\":\"https:\\\/\\\/fjala.info\\\/2009-2015\\\/wp-content\\\/uploads\\\/2012\\\/02\\\/arben_cokaj-120x150.jpg\",\"url\":\"https:\\\/\\\/fjala.info\\\/2009-2015\\\/wp-content\\\/uploads\\\/2012\\\/02\\\/arben_cokaj-120x150.jpg\",\"contentUrl\":\"https:\\\/\\\/fjala.info\\\/2009-2015\\\/wp-content\\\/uploads\\\/2012\\\/02\\\/arben_cokaj-120x150.jpg\",\"caption\":\"admin\"},\"description\":\"Admin, Fjala e Lir\u00eb\",\"sameAs\":[\"https:\\\/\\\/fjala.info\\\/\"],\"url\":\"https:\\\/\\\/fjala.info\\\/2009-2015\\\/author\\\/admin\\\/\"}]}<\/script>\n<!-- \/ Yoast SEO plugin. -->","yoast_head_json":{"title":"TAHIR DRENICA (1921-2013) - EM\u00cbR I CILI NUK DUHET HARRUAR - FjALA e LIR\u00cb - Arkivi","robots":{"index":"index","follow":"follow","max-snippet":"max-snippet:-1","max-image-preview":"max-image-preview:large","max-video-preview":"max-video-preview:-1"},"canonical":"https:\/\/fjala.info\/2009-2015\/tahir-drenica-1921-2013-emer-i-cili-nuk-duhet-harruar\/","og_locale":"sq_AL","og_type":"article","og_title":"TAHIR DRENICA (1921-2013) - EM\u00cbR I CILI NUK DUHET HARRUAR - FjALA e LIR\u00cb - Arkivi","og_description":"Shkruan: Shaban Cakolli Me dhembje sot e mor\u00ebm lajmin,p\u00ebr ndar\u00ebjen nga jeta,t\u00eb nj\u00eb burri t\u00eb madh,miku t\u00eb dashur,t\u00eb men\u00e7ur,guximtar dhe intelektual, rrapsodit t\u00eb madh Tahir Drenica.Tahir Drenica ishte lindur m\u00eb 21.06.1921,n\u00eb nj\u00eb familje t\u00eb madhe prej dyzet e tet\u00eb an\u00ebtaresh,familje.Mbiemrin e mori sipas vendlindjes, nga se babai i tij ishte atdhedash\u00ebs,ishte armik i pushtetit t\u00eb [&hellip;]","og_url":"https:\/\/fjala.info\/2009-2015\/tahir-drenica-1921-2013-emer-i-cili-nuk-duhet-harruar\/","og_site_name":"FjALA e LIR\u00cb - Arkivi","article_published_time":"2013-06-26T16:22:37+00:00","og_image":[{"url":"http:\/\/www.fjala.info\/2013\/tahir_drenica.jpg","type":"","width":"","height":""}],"author":"admin","twitter_card":"summary_large_image","twitter_misc":{"Written by":"admin","Est. reading time":"8 minutes"},"schema":{"@context":"https:\/\/schema.org","@graph":[{"@type":"Article","@id":"https:\/\/fjala.info\/2009-2015\/tahir-drenica-1921-2013-emer-i-cili-nuk-duhet-harruar\/#article","isPartOf":{"@id":"https:\/\/fjala.info\/2009-2015\/tahir-drenica-1921-2013-emer-i-cili-nuk-duhet-harruar\/"},"author":{"name":"admin","@id":"https:\/\/fjala.info\/2009-2015\/#\/schema\/person\/3aa1163ef05469c496fc94e77611ada2"},"headline":"TAHIR DRENICA (1921-2013) &#8211; EM\u00cbR I CILI NUK DUHET HARRUAR","datePublished":"2013-06-26T16:22:37+00:00","mainEntityOfPage":{"@id":"https:\/\/fjala.info\/2009-2015\/tahir-drenica-1921-2013-emer-i-cili-nuk-duhet-harruar\/"},"wordCount":1512,"commentCount":0,"publisher":{"@id":"https:\/\/fjala.info\/2009-2015\/#organization"},"image":{"@id":"https:\/\/fjala.info\/2009-2015\/tahir-drenica-1921-2013-emer-i-cili-nuk-duhet-harruar\/#primaryimage"},"thumbnailUrl":"http:\/\/www.fjala.info\/2013\/tahir_drenica.jpg","articleSection":["Artikuj"],"inLanguage":"sq-AL","potentialAction":[{"@type":"CommentAction","name":"Comment","target":["https:\/\/fjala.info\/2009-2015\/tahir-drenica-1921-2013-emer-i-cili-nuk-duhet-harruar\/#respond"]}]},{"@type":"WebPage","@id":"https:\/\/fjala.info\/2009-2015\/tahir-drenica-1921-2013-emer-i-cili-nuk-duhet-harruar\/","url":"https:\/\/fjala.info\/2009-2015\/tahir-drenica-1921-2013-emer-i-cili-nuk-duhet-harruar\/","name":"TAHIR DRENICA (1921-2013) - EM\u00cbR I CILI NUK DUHET HARRUAR - FjALA e LIR\u00cb - Arkivi","isPartOf":{"@id":"https:\/\/fjala.info\/2009-2015\/#website"},"primaryImageOfPage":{"@id":"https:\/\/fjala.info\/2009-2015\/tahir-drenica-1921-2013-emer-i-cili-nuk-duhet-harruar\/#primaryimage"},"image":{"@id":"https:\/\/fjala.info\/2009-2015\/tahir-drenica-1921-2013-emer-i-cili-nuk-duhet-harruar\/#primaryimage"},"thumbnailUrl":"http:\/\/www.fjala.info\/2013\/tahir_drenica.jpg","datePublished":"2013-06-26T16:22:37+00:00","breadcrumb":{"@id":"https:\/\/fjala.info\/2009-2015\/tahir-drenica-1921-2013-emer-i-cili-nuk-duhet-harruar\/#breadcrumb"},"inLanguage":"sq-AL","potentialAction":[{"@type":"ReadAction","target":["https:\/\/fjala.info\/2009-2015\/tahir-drenica-1921-2013-emer-i-cili-nuk-duhet-harruar\/"]}]},{"@type":"ImageObject","inLanguage":"sq-AL","@id":"https:\/\/fjala.info\/2009-2015\/tahir-drenica-1921-2013-emer-i-cili-nuk-duhet-harruar\/#primaryimage","url":"http:\/\/www.fjala.info\/2013\/tahir_drenica.jpg","contentUrl":"http:\/\/www.fjala.info\/2013\/tahir_drenica.jpg"},{"@type":"BreadcrumbList","@id":"https:\/\/fjala.info\/2009-2015\/tahir-drenica-1921-2013-emer-i-cili-nuk-duhet-harruar\/#breadcrumb","itemListElement":[{"@type":"ListItem","position":1,"name":"Home","item":"https:\/\/fjala.info\/2009-2015\/"},{"@type":"ListItem","position":2,"name":"TAHIR DRENICA (1921-2013) &#8211; EM\u00cbR I CILI NUK DUHET HARRUAR"}]},{"@type":"WebSite","@id":"https:\/\/fjala.info\/2009-2015\/#website","url":"https:\/\/fjala.info\/2009-2015\/","name":"FjALA e LIR\u00cb - Arkivi","description":"Arkivi 2009-2015","publisher":{"@id":"https:\/\/fjala.info\/2009-2015\/#organization"},"potentialAction":[{"@type":"SearchAction","target":{"@type":"EntryPoint","urlTemplate":"https:\/\/fjala.info\/2009-2015\/?s={search_term_string}"},"query-input":{"@type":"PropertyValueSpecification","valueRequired":true,"valueName":"search_term_string"}}],"inLanguage":"sq-AL"},{"@type":"Organization","@id":"https:\/\/fjala.info\/2009-2015\/#organization","name":"FjALA e LIR\u00cb - Arkivi","url":"https:\/\/fjala.info\/2009-2015\/","logo":{"@type":"ImageObject","inLanguage":"sq-AL","@id":"https:\/\/fjala.info\/2009-2015\/#\/schema\/logo\/image\/","url":"","contentUrl":"","caption":"FjALA e LIR\u00cb - Arkivi"},"image":{"@id":"https:\/\/fjala.info\/2009-2015\/#\/schema\/logo\/image\/"}},{"@type":"Person","@id":"https:\/\/fjala.info\/2009-2015\/#\/schema\/person\/3aa1163ef05469c496fc94e77611ada2","name":"admin","image":{"@type":"ImageObject","inLanguage":"sq-AL","@id":"https:\/\/fjala.info\/2009-2015\/wp-content\/uploads\/2012\/02\/arben_cokaj-120x150.jpg","url":"https:\/\/fjala.info\/2009-2015\/wp-content\/uploads\/2012\/02\/arben_cokaj-120x150.jpg","contentUrl":"https:\/\/fjala.info\/2009-2015\/wp-content\/uploads\/2012\/02\/arben_cokaj-120x150.jpg","caption":"admin"},"description":"Admin, Fjala e Lir\u00eb","sameAs":["https:\/\/fjala.info\/"],"url":"https:\/\/fjala.info\/2009-2015\/author\/admin\/"}]}},"_links":{"self":[{"href":"https:\/\/fjala.info\/2009-2015\/wp-json\/wp\/v2\/posts\/12890","targetHints":{"allow":["GET"]}}],"collection":[{"href":"https:\/\/fjala.info\/2009-2015\/wp-json\/wp\/v2\/posts"}],"about":[{"href":"https:\/\/fjala.info\/2009-2015\/wp-json\/wp\/v2\/types\/post"}],"author":[{"embeddable":true,"href":"https:\/\/fjala.info\/2009-2015\/wp-json\/wp\/v2\/users\/1"}],"replies":[{"embeddable":true,"href":"https:\/\/fjala.info\/2009-2015\/wp-json\/wp\/v2\/comments?post=12890"}],"version-history":[{"count":0,"href":"https:\/\/fjala.info\/2009-2015\/wp-json\/wp\/v2\/posts\/12890\/revisions"}],"wp:attachment":[{"href":"https:\/\/fjala.info\/2009-2015\/wp-json\/wp\/v2\/media?parent=12890"}],"wp:term":[{"taxonomy":"category","embeddable":true,"href":"https:\/\/fjala.info\/2009-2015\/wp-json\/wp\/v2\/categories?post=12890"},{"taxonomy":"post_tag","embeddable":true,"href":"https:\/\/fjala.info\/2009-2015\/wp-json\/wp\/v2\/tags?post=12890"}],"curies":[{"name":"wp","href":"https:\/\/api.w.org\/{rel}","templated":true}]}}