{"id":12888,"date":"2013-06-27T09:42:47","date_gmt":"2013-06-27T08:42:47","guid":{"rendered":"http:\/\/fjala.info\/?p=3378"},"modified":"2013-06-27T09:42:47","modified_gmt":"2013-06-27T08:42:47","slug":"ja-perberja-e-plote-e-parlamentit-te-dale-nga-23-qershori","status":"publish","type":"post","link":"https:\/\/fjala.info\/2009-2015\/ja-perberja-e-plote-e-parlamentit-te-dale-nga-23-qershori\/","title":{"rendered":"JA P\u00cbRB\u00cbRJA E PLOT\u00cb E PARLAMENTIT T\u00cb DAL\u00cb NGA 23 QERSHORI"},"content":{"rendered":"<p><img decoding=\"async\" class=\"alignright size-thumbnail wp-image-7236\" title=\"Kuvendi\" alt=\"\" src=\"http:\/\/www.fjala.info\/2013\/kuvendi.jpg\" width=\"200\" \/> <strong>Elida Bu\u00e7papaj<\/strong>, <em>27.06.2013<\/em><\/p>\n<p>TIRAN\u00cb &#8211; Tashm\u00eb ka nj\u00eb pasqyr\u00eb t\u00eb qart\u00eb t\u00eb deputet\u00ebve q\u00eb pritet t\u00eb ulen n\u00eb Parlament. Kujtojm\u00eb q\u00eb disa prej emrave si Dashamir Shehi, Fatmir Mediu, Shp\u00ebtim Idrizi jan\u00eb emra t\u00eb p\u00ebrfshir\u00eb n\u00eb listat e PD, pasi kandiduan si deputet\u00eb n\u00eb lista gjith\u00ebp\u00ebrfshir\u00ebse.<\/p>\n<blockquote><p><strong>PARTIA SOCIALISTE<\/strong><br \/>\n1. Pandeli Sotir Majko<br \/>\n2. Saimir Bashkim Tahiri<br \/>\n3. Vasilika Llambi Hysi<br \/>\n4. Ditmir Sulejman Bushati<br \/>\n5. Fatmir Sezai Xhafaj<br \/>\n6. Lindita Llesh Nikolla<br \/>\n7. Besnik Mitat Baraj<br \/>\n8. Xhemal Myslim Qefalia<br \/>\n9. Sadri Ismail Abazi<br \/>\n10. Parid Nezmi Cara<br \/>\n11. Spartak Ibrahim Braho<br \/>\n12. Artan Ilia Ga\u00e7i<br \/>\n13. Pjerin Zef Ndreu<br \/>\n14. Rakip Bajram Suli<br \/>\n15. Milena Fatos Harito<br \/>\n16. Dashamir Myslym Peza<br \/>\n17. Mimi Pjet\u00ebr Kodheli<br \/>\n18. Armando Ndue Prenga<br \/>\n19. Arben Ndue Ndoka<br \/>\n20. Fidel Bahri Ylli<br \/>\n21. Ermonela Ko\u00e7o Valikaj (Felaj)<br \/>\n22. Eduard Pajtim Shalsi<br \/>\n23. Eduard Laver Bejko<br \/>\n24. Mimoza Qazim Hafizi<br \/>\n25. Tom Gjek\u00eb Doshi<br \/>\n26. Paulin Nikoll\u00eb Sterkaj<br \/>\n27. Namik Sk\u00ebnder Kopliku<br \/>\n28. Blendi Pullumb Klosi<br \/>\n29. Klodiana Fatmir Spahiu<br \/>\n30. Ilir Hamid Beqaj<br \/>\n31. Namik Hamza Dokle<br \/>\n32. Gentian Kastriot Bejko<br \/>\n33. Artur Xhek Bushi<br \/>\n34. Vexhi Mu\u00e7mata<br \/>\n35. Shk\u00eblqim Islam Cani<br \/>\n36. Ulsi Qerim Manja<br \/>\n37. Ben Kristaq Blushi<br \/>\n38. Damian Lek\u00eb Gjiknuri<br \/>\n39. Evis Kol\u00eb Kushi<br \/>\n40. Alfred Besim Peza<br \/>\n41. Taulant Kasem Balla<br \/>\n42. Musa Rexhep Ulqini<br \/>\n43. Bashkim Muhamet Fino<br \/>\n44. Arta Agim Dade<br \/>\n45. Olta Anxhelo Xha\u00e7ka<br \/>\n46. Ilirian Anesti Pendavinji<br \/>\n47. Ilir Telha Xhakolli<br \/>\n48. Ylli Mihallaq Petraj (Zi\u00e7ishti)<br \/>\n49. Gramoz Kaso Ru\u00e7i<br \/>\n50. Erion Mirdash Bra\u00e7e<br \/>\n51. Eglantina Muharrem Gjermeni<br \/>\n52. Ilirjan Hyda Celibashi<br \/>\n53. Armando Nikolla Subashi<br \/>\n54. Arben Kristaq \u00c7uko<br \/>\n55. Piro Dano Lutaj<br \/>\n56. Majlinda Daut Bufi<br \/>\n57. Ervin Agim Ko\u00e7i<br \/>\n58. Arben Nevruz Ahmetaj<br \/>\n59. Erion Luan Veliaj<br \/>\n60. Anastas Angjeli<br \/>\n61. Edi Kristaq Rama<br \/>\n62. Valentina Abedin Leskaj<br \/>\n63. Ko\u00e7o Theodhori Kok\u00ebdhima<br \/>\n64. Luiza Mihal Xhuvani<br \/>\n65. Fatmir Avni To\u00e7i<br \/>\n66. Andrea Theofan Marto<\/p>\n<p><strong>L\u00cbVIZJA SOCIALISTE P\u00cbR INTEGRIM<\/strong><br \/>\n1. Ilir Rexhep Metaj<br \/>\n2. Klajda Theothoraq Gjosha<br \/>\n3. Luan Mersin Rama<br \/>\n4. Monika Kryemadhi<br \/>\n5. Nasip Qani Na\u00e7o<br \/>\n6. Gledjon Tomor Rehovica<br \/>\n7. Agron Cela<br \/>\n8. Lefter Haki Koka<br \/>\n9. P\u00ebrparim Islam Spahiu<br \/>\n10. Edmond Llazar Haxhinasto<br \/>\n11. Bujar Sabri Kllogjri<br \/>\n12. Piro Leonidha Kapurani<br \/>\n13. Petrit Kozma Vasili<br \/>\n14. Robert Thoma Bitri<br \/>\n15. Vangjel Llambi Tavo<br \/>\n16. Shk\u00eblqim Bashkim Selami<\/p>\n<p><strong>PARTIA DEMOKRATIKE<\/strong><br \/>\n1. Sali Ram Berisha<br \/>\n2. Myqerem Ramazan Tafaj<br \/>\n3. Majlinda Enver Bregu<br \/>\n4. Halim Mesut Kosova<br \/>\n5. Florion Prokop Mima<br \/>\n6. Gerti Jusuf Bogdani<br \/>\n7. Dashamir Hamit Shehi<br \/>\n8. Jorida Hasan Tabaku<br \/>\n9. Edi Tonin Paloka<br \/>\n10. Keltis Kujtim Kruja<br \/>\n11. Kastriot Selman Islami<br \/>\n12. Aldo Tonin Bum\u00e7i<br \/>\n13. Gjovalin Pjet\u00ebr Kadeli<br \/>\n14. Albina Preng Deda<br \/>\n15. Genc Stefanaq Pollo<br \/>\n16. Astrit Ferrik Veliaj<br \/>\n17. Jozefina Filip Topalli<br \/>\n18. Helidon Sk\u00ebnder Bushati<br \/>\n19. Voltana Vehbi Ademi<br \/>\n20. Nard Lazer Ndoka<br \/>\n21. Eduard Ismail Halimi<br \/>\n22. Igli Latif Cara<br \/>\n23. Albana Sadik Vokshi<br \/>\n24. Gent Hysen Strazimiri<br \/>\n25. Oerd Eqerem Bylykbashi<br \/>\n26. Osman Nazmi Metalla<br \/>\n27. Flamur Dalif Noka<br \/>\n28. Besnik Xhaferr Dusha<br \/>\n39. Sherefedin Hamit Shehu<br \/>\n30. Bedri Selman Hoxha<br \/>\n31. Roland Hazis Keta<br \/>\n32. Arben Fahri Imami<br \/>\n33. Eduard Aqif Selami<br \/>\n34. Ardian Zenel Turku<br \/>\n35. Lu\u00e7iano Dhimit\u00ebr Bo\u00e7i<br \/>\n36. Ridvan Vait Bode<br \/>\n37. Eleina Theodhoraq Qirici<br \/>\n38. Edmond Shyqyri Spaho<br \/>\n39. Fatmir Ali Mehdiu<br \/>\n40. Gjergji Stefan Papa<br \/>\n41. Sokol Vangjel Olldashi<br \/>\n42. Mesila Fatmir Doda<br \/>\n43. Kozma Vangjel Dashi<br \/>\n44. Shp\u00ebtim Hysni Idrizi<br \/>\n45. Genc P\u00ebllumb Ruli<br \/>\n46. Astrit Hiqmet Patozi<br \/>\n47. Arben Petro Ristani<br \/>\n48. Liljana Abedin Elmazi<br \/>\n49. Alban Zeneli<\/p>\n<p><strong>PDIU<\/strong><br \/>\n1. Aqif Kahraman Rakipi<br \/>\n2. Omer Barjam Mamo<br \/>\n3. Dashamir Mehmet Tahiri<br \/>\n4. Tahir Muhedini<\/p>\n<p><strong>PARTIA REPUBLIKANE<\/strong><br \/>\n1. Ylli Shehu<br \/>\n2. Agron Duka<br \/>\n3. Luan Duzha<\/p>\n<p><strong>PARTIA KRISTIAN DEMOKRATE<\/strong><br \/>\n1. Mark Preng Frroku<\/p>\n<p><strong>PBDNJ<\/strong><br \/>\n1. Vangjel Spiro Dule<\/p><\/blockquote>\n","protected":false},"excerpt":{"rendered":"<p>Elida Bu\u00e7papaj, 27.06.2013 TIRAN\u00cb &#8211; Tashm\u00eb ka nj\u00eb pasqyr\u00eb t\u00eb qart\u00eb t\u00eb deputet\u00ebve q\u00eb pritet t\u00eb ulen n\u00eb Parlament. Kujtojm\u00eb q\u00eb disa prej emrave si Dashamir Shehi, Fatmir Mediu, Shp\u00ebtim Idrizi jan\u00eb emra t\u00eb p\u00ebrfshir\u00eb n\u00eb listat e PD, pasi kandiduan si deputet\u00eb n\u00eb lista gjith\u00ebp\u00ebrfshir\u00ebse. PARTIA SOCIALISTE 1. Pandeli Sotir Majko 2. Saimir Bashkim [&hellip;]<\/p>\n","protected":false},"author":1,"featured_media":0,"comment_status":"open","ping_status":"closed","sticky":false,"template":"","format":"standard","meta":{"footnotes":""},"categories":[2],"tags":[],"class_list":{"0":"post-12888","1":"post","2":"type-post","3":"status-publish","4":"format-standard","6":"category-artikuj"},"yoast_head":"<!-- This site is optimized with the Yoast SEO plugin v27.4 - https:\/\/yoast.com\/product\/yoast-seo-wordpress\/ -->\n<title>JA P\u00cbRB\u00cbRJA E PLOT\u00cb E PARLAMENTIT T\u00cb DAL\u00cb NGA 23 QERSHORI - FjALA e LIR\u00cb - Arkivi<\/title>\n<meta name=\"robots\" content=\"index, follow, max-snippet:-1, max-image-preview:large, max-video-preview:-1\" \/>\n<link rel=\"canonical\" href=\"https:\/\/fjala.info\/2009-2015\/ja-perberja-e-plote-e-parlamentit-te-dale-nga-23-qershori\/\" \/>\n<meta property=\"og:locale\" content=\"sq_AL\" \/>\n<meta property=\"og:type\" content=\"article\" \/>\n<meta property=\"og:title\" content=\"JA P\u00cbRB\u00cbRJA E PLOT\u00cb E PARLAMENTIT T\u00cb DAL\u00cb NGA 23 QERSHORI - FjALA e LIR\u00cb - Arkivi\" \/>\n<meta property=\"og:description\" content=\"Elida Bu\u00e7papaj, 27.06.2013 TIRAN\u00cb &#8211; Tashm\u00eb ka nj\u00eb pasqyr\u00eb t\u00eb qart\u00eb t\u00eb deputet\u00ebve q\u00eb pritet t\u00eb ulen n\u00eb Parlament. Kujtojm\u00eb q\u00eb disa prej emrave si Dashamir Shehi, Fatmir Mediu, Shp\u00ebtim Idrizi jan\u00eb emra t\u00eb p\u00ebrfshir\u00eb n\u00eb listat e PD, pasi kandiduan si deputet\u00eb n\u00eb lista gjith\u00ebp\u00ebrfshir\u00ebse. PARTIA SOCIALISTE 1. Pandeli Sotir Majko 2. Saimir Bashkim [&hellip;]\" \/>\n<meta property=\"og:url\" content=\"https:\/\/fjala.info\/2009-2015\/ja-perberja-e-plote-e-parlamentit-te-dale-nga-23-qershori\/\" \/>\n<meta property=\"og:site_name\" content=\"FjALA e LIR\u00cb - Arkivi\" \/>\n<meta property=\"article:published_time\" content=\"2013-06-27T08:42:47+00:00\" \/>\n<meta property=\"og:image\" content=\"http:\/\/www.fjala.info\/2013\/kuvendi.jpg\" \/>\n<meta name=\"author\" content=\"admin\" \/>\n<meta name=\"twitter:card\" content=\"summary_large_image\" \/>\n<meta name=\"twitter:label1\" content=\"Written by\" \/>\n\t<meta name=\"twitter:data1\" content=\"admin\" \/>\n\t<meta name=\"twitter:label2\" content=\"Est. reading time\" \/>\n\t<meta name=\"twitter:data2\" content=\"3 minutes\" \/>\n<script type=\"application\/ld+json\" class=\"yoast-schema-graph\">{\"@context\":\"https:\\\/\\\/schema.org\",\"@graph\":[{\"@type\":\"Article\",\"@id\":\"https:\\\/\\\/fjala.info\\\/2009-2015\\\/ja-perberja-e-plote-e-parlamentit-te-dale-nga-23-qershori\\\/#article\",\"isPartOf\":{\"@id\":\"https:\\\/\\\/fjala.info\\\/2009-2015\\\/ja-perberja-e-plote-e-parlamentit-te-dale-nga-23-qershori\\\/\"},\"author\":{\"name\":\"admin\",\"@id\":\"https:\\\/\\\/fjala.info\\\/2009-2015\\\/#\\\/schema\\\/person\\\/3aa1163ef05469c496fc94e77611ada2\"},\"headline\":\"JA P\u00cbRB\u00cbRJA E PLOT\u00cb E PARLAMENTIT T\u00cb DAL\u00cb NGA 23 QERSHORI\",\"datePublished\":\"2013-06-27T08:42:47+00:00\",\"mainEntityOfPage\":{\"@id\":\"https:\\\/\\\/fjala.info\\\/2009-2015\\\/ja-perberja-e-plote-e-parlamentit-te-dale-nga-23-qershori\\\/\"},\"wordCount\":519,\"commentCount\":0,\"publisher\":{\"@id\":\"https:\\\/\\\/fjala.info\\\/2009-2015\\\/#organization\"},\"image\":{\"@id\":\"https:\\\/\\\/fjala.info\\\/2009-2015\\\/ja-perberja-e-plote-e-parlamentit-te-dale-nga-23-qershori\\\/#primaryimage\"},\"thumbnailUrl\":\"http:\\\/\\\/www.fjala.info\\\/2013\\\/kuvendi.jpg\",\"articleSection\":[\"Artikuj\"],\"inLanguage\":\"sq-AL\",\"potentialAction\":[{\"@type\":\"CommentAction\",\"name\":\"Comment\",\"target\":[\"https:\\\/\\\/fjala.info\\\/2009-2015\\\/ja-perberja-e-plote-e-parlamentit-te-dale-nga-23-qershori\\\/#respond\"]}]},{\"@type\":\"WebPage\",\"@id\":\"https:\\\/\\\/fjala.info\\\/2009-2015\\\/ja-perberja-e-plote-e-parlamentit-te-dale-nga-23-qershori\\\/\",\"url\":\"https:\\\/\\\/fjala.info\\\/2009-2015\\\/ja-perberja-e-plote-e-parlamentit-te-dale-nga-23-qershori\\\/\",\"name\":\"JA P\u00cbRB\u00cbRJA E PLOT\u00cb E PARLAMENTIT T\u00cb DAL\u00cb NGA 23 QERSHORI - FjALA e LIR\u00cb - Arkivi\",\"isPartOf\":{\"@id\":\"https:\\\/\\\/fjala.info\\\/2009-2015\\\/#website\"},\"primaryImageOfPage\":{\"@id\":\"https:\\\/\\\/fjala.info\\\/2009-2015\\\/ja-perberja-e-plote-e-parlamentit-te-dale-nga-23-qershori\\\/#primaryimage\"},\"image\":{\"@id\":\"https:\\\/\\\/fjala.info\\\/2009-2015\\\/ja-perberja-e-plote-e-parlamentit-te-dale-nga-23-qershori\\\/#primaryimage\"},\"thumbnailUrl\":\"http:\\\/\\\/www.fjala.info\\\/2013\\\/kuvendi.jpg\",\"datePublished\":\"2013-06-27T08:42:47+00:00\",\"breadcrumb\":{\"@id\":\"https:\\\/\\\/fjala.info\\\/2009-2015\\\/ja-perberja-e-plote-e-parlamentit-te-dale-nga-23-qershori\\\/#breadcrumb\"},\"inLanguage\":\"sq-AL\",\"potentialAction\":[{\"@type\":\"ReadAction\",\"target\":[\"https:\\\/\\\/fjala.info\\\/2009-2015\\\/ja-perberja-e-plote-e-parlamentit-te-dale-nga-23-qershori\\\/\"]}]},{\"@type\":\"ImageObject\",\"inLanguage\":\"sq-AL\",\"@id\":\"https:\\\/\\\/fjala.info\\\/2009-2015\\\/ja-perberja-e-plote-e-parlamentit-te-dale-nga-23-qershori\\\/#primaryimage\",\"url\":\"http:\\\/\\\/www.fjala.info\\\/2013\\\/kuvendi.jpg\",\"contentUrl\":\"http:\\\/\\\/www.fjala.info\\\/2013\\\/kuvendi.jpg\"},{\"@type\":\"BreadcrumbList\",\"@id\":\"https:\\\/\\\/fjala.info\\\/2009-2015\\\/ja-perberja-e-plote-e-parlamentit-te-dale-nga-23-qershori\\\/#breadcrumb\",\"itemListElement\":[{\"@type\":\"ListItem\",\"position\":1,\"name\":\"Home\",\"item\":\"https:\\\/\\\/fjala.info\\\/2009-2015\\\/\"},{\"@type\":\"ListItem\",\"position\":2,\"name\":\"JA P\u00cbRB\u00cbRJA E PLOT\u00cb E PARLAMENTIT T\u00cb DAL\u00cb NGA 23 QERSHORI\"}]},{\"@type\":\"WebSite\",\"@id\":\"https:\\\/\\\/fjala.info\\\/2009-2015\\\/#website\",\"url\":\"https:\\\/\\\/fjala.info\\\/2009-2015\\\/\",\"name\":\"FjALA e LIR\u00cb - Arkivi\",\"description\":\"Arkivi 2009-2015\",\"publisher\":{\"@id\":\"https:\\\/\\\/fjala.info\\\/2009-2015\\\/#organization\"},\"potentialAction\":[{\"@type\":\"SearchAction\",\"target\":{\"@type\":\"EntryPoint\",\"urlTemplate\":\"https:\\\/\\\/fjala.info\\\/2009-2015\\\/?s={search_term_string}\"},\"query-input\":{\"@type\":\"PropertyValueSpecification\",\"valueRequired\":true,\"valueName\":\"search_term_string\"}}],\"inLanguage\":\"sq-AL\"},{\"@type\":\"Organization\",\"@id\":\"https:\\\/\\\/fjala.info\\\/2009-2015\\\/#organization\",\"name\":\"FjALA e LIR\u00cb - Arkivi\",\"url\":\"https:\\\/\\\/fjala.info\\\/2009-2015\\\/\",\"logo\":{\"@type\":\"ImageObject\",\"inLanguage\":\"sq-AL\",\"@id\":\"https:\\\/\\\/fjala.info\\\/2009-2015\\\/#\\\/schema\\\/logo\\\/image\\\/\",\"url\":\"\",\"contentUrl\":\"\",\"caption\":\"FjALA e LIR\u00cb - Arkivi\"},\"image\":{\"@id\":\"https:\\\/\\\/fjala.info\\\/2009-2015\\\/#\\\/schema\\\/logo\\\/image\\\/\"}},{\"@type\":\"Person\",\"@id\":\"https:\\\/\\\/fjala.info\\\/2009-2015\\\/#\\\/schema\\\/person\\\/3aa1163ef05469c496fc94e77611ada2\",\"name\":\"admin\",\"image\":{\"@type\":\"ImageObject\",\"inLanguage\":\"sq-AL\",\"@id\":\"https:\\\/\\\/fjala.info\\\/2009-2015\\\/wp-content\\\/uploads\\\/2012\\\/02\\\/arben_cokaj-120x150.jpg\",\"url\":\"https:\\\/\\\/fjala.info\\\/2009-2015\\\/wp-content\\\/uploads\\\/2012\\\/02\\\/arben_cokaj-120x150.jpg\",\"contentUrl\":\"https:\\\/\\\/fjala.info\\\/2009-2015\\\/wp-content\\\/uploads\\\/2012\\\/02\\\/arben_cokaj-120x150.jpg\",\"caption\":\"admin\"},\"description\":\"Admin, Fjala e Lir\u00eb\",\"sameAs\":[\"https:\\\/\\\/fjala.info\\\/\"],\"url\":\"https:\\\/\\\/fjala.info\\\/2009-2015\\\/author\\\/admin\\\/\"}]}<\/script>\n<!-- \/ Yoast SEO plugin. -->","yoast_head_json":{"title":"JA P\u00cbRB\u00cbRJA E PLOT\u00cb E PARLAMENTIT T\u00cb DAL\u00cb NGA 23 QERSHORI - FjALA e LIR\u00cb - Arkivi","robots":{"index":"index","follow":"follow","max-snippet":"max-snippet:-1","max-image-preview":"max-image-preview:large","max-video-preview":"max-video-preview:-1"},"canonical":"https:\/\/fjala.info\/2009-2015\/ja-perberja-e-plote-e-parlamentit-te-dale-nga-23-qershori\/","og_locale":"sq_AL","og_type":"article","og_title":"JA P\u00cbRB\u00cbRJA E PLOT\u00cb E PARLAMENTIT T\u00cb DAL\u00cb NGA 23 QERSHORI - FjALA e LIR\u00cb - Arkivi","og_description":"Elida Bu\u00e7papaj, 27.06.2013 TIRAN\u00cb &#8211; Tashm\u00eb ka nj\u00eb pasqyr\u00eb t\u00eb qart\u00eb t\u00eb deputet\u00ebve q\u00eb pritet t\u00eb ulen n\u00eb Parlament. Kujtojm\u00eb q\u00eb disa prej emrave si Dashamir Shehi, Fatmir Mediu, Shp\u00ebtim Idrizi jan\u00eb emra t\u00eb p\u00ebrfshir\u00eb n\u00eb listat e PD, pasi kandiduan si deputet\u00eb n\u00eb lista gjith\u00ebp\u00ebrfshir\u00ebse. PARTIA SOCIALISTE 1. Pandeli Sotir Majko 2. Saimir Bashkim [&hellip;]","og_url":"https:\/\/fjala.info\/2009-2015\/ja-perberja-e-plote-e-parlamentit-te-dale-nga-23-qershori\/","og_site_name":"FjALA e LIR\u00cb - Arkivi","article_published_time":"2013-06-27T08:42:47+00:00","og_image":[{"url":"http:\/\/www.fjala.info\/2013\/kuvendi.jpg","type":"","width":"","height":""}],"author":"admin","twitter_card":"summary_large_image","twitter_misc":{"Written by":"admin","Est. reading time":"3 minutes"},"schema":{"@context":"https:\/\/schema.org","@graph":[{"@type":"Article","@id":"https:\/\/fjala.info\/2009-2015\/ja-perberja-e-plote-e-parlamentit-te-dale-nga-23-qershori\/#article","isPartOf":{"@id":"https:\/\/fjala.info\/2009-2015\/ja-perberja-e-plote-e-parlamentit-te-dale-nga-23-qershori\/"},"author":{"name":"admin","@id":"https:\/\/fjala.info\/2009-2015\/#\/schema\/person\/3aa1163ef05469c496fc94e77611ada2"},"headline":"JA P\u00cbRB\u00cbRJA E PLOT\u00cb E PARLAMENTIT T\u00cb DAL\u00cb NGA 23 QERSHORI","datePublished":"2013-06-27T08:42:47+00:00","mainEntityOfPage":{"@id":"https:\/\/fjala.info\/2009-2015\/ja-perberja-e-plote-e-parlamentit-te-dale-nga-23-qershori\/"},"wordCount":519,"commentCount":0,"publisher":{"@id":"https:\/\/fjala.info\/2009-2015\/#organization"},"image":{"@id":"https:\/\/fjala.info\/2009-2015\/ja-perberja-e-plote-e-parlamentit-te-dale-nga-23-qershori\/#primaryimage"},"thumbnailUrl":"http:\/\/www.fjala.info\/2013\/kuvendi.jpg","articleSection":["Artikuj"],"inLanguage":"sq-AL","potentialAction":[{"@type":"CommentAction","name":"Comment","target":["https:\/\/fjala.info\/2009-2015\/ja-perberja-e-plote-e-parlamentit-te-dale-nga-23-qershori\/#respond"]}]},{"@type":"WebPage","@id":"https:\/\/fjala.info\/2009-2015\/ja-perberja-e-plote-e-parlamentit-te-dale-nga-23-qershori\/","url":"https:\/\/fjala.info\/2009-2015\/ja-perberja-e-plote-e-parlamentit-te-dale-nga-23-qershori\/","name":"JA P\u00cbRB\u00cbRJA E PLOT\u00cb E PARLAMENTIT T\u00cb DAL\u00cb NGA 23 QERSHORI - FjALA e LIR\u00cb - Arkivi","isPartOf":{"@id":"https:\/\/fjala.info\/2009-2015\/#website"},"primaryImageOfPage":{"@id":"https:\/\/fjala.info\/2009-2015\/ja-perberja-e-plote-e-parlamentit-te-dale-nga-23-qershori\/#primaryimage"},"image":{"@id":"https:\/\/fjala.info\/2009-2015\/ja-perberja-e-plote-e-parlamentit-te-dale-nga-23-qershori\/#primaryimage"},"thumbnailUrl":"http:\/\/www.fjala.info\/2013\/kuvendi.jpg","datePublished":"2013-06-27T08:42:47+00:00","breadcrumb":{"@id":"https:\/\/fjala.info\/2009-2015\/ja-perberja-e-plote-e-parlamentit-te-dale-nga-23-qershori\/#breadcrumb"},"inLanguage":"sq-AL","potentialAction":[{"@type":"ReadAction","target":["https:\/\/fjala.info\/2009-2015\/ja-perberja-e-plote-e-parlamentit-te-dale-nga-23-qershori\/"]}]},{"@type":"ImageObject","inLanguage":"sq-AL","@id":"https:\/\/fjala.info\/2009-2015\/ja-perberja-e-plote-e-parlamentit-te-dale-nga-23-qershori\/#primaryimage","url":"http:\/\/www.fjala.info\/2013\/kuvendi.jpg","contentUrl":"http:\/\/www.fjala.info\/2013\/kuvendi.jpg"},{"@type":"BreadcrumbList","@id":"https:\/\/fjala.info\/2009-2015\/ja-perberja-e-plote-e-parlamentit-te-dale-nga-23-qershori\/#breadcrumb","itemListElement":[{"@type":"ListItem","position":1,"name":"Home","item":"https:\/\/fjala.info\/2009-2015\/"},{"@type":"ListItem","position":2,"name":"JA P\u00cbRB\u00cbRJA E PLOT\u00cb E PARLAMENTIT T\u00cb DAL\u00cb NGA 23 QERSHORI"}]},{"@type":"WebSite","@id":"https:\/\/fjala.info\/2009-2015\/#website","url":"https:\/\/fjala.info\/2009-2015\/","name":"FjALA e LIR\u00cb - Arkivi","description":"Arkivi 2009-2015","publisher":{"@id":"https:\/\/fjala.info\/2009-2015\/#organization"},"potentialAction":[{"@type":"SearchAction","target":{"@type":"EntryPoint","urlTemplate":"https:\/\/fjala.info\/2009-2015\/?s={search_term_string}"},"query-input":{"@type":"PropertyValueSpecification","valueRequired":true,"valueName":"search_term_string"}}],"inLanguage":"sq-AL"},{"@type":"Organization","@id":"https:\/\/fjala.info\/2009-2015\/#organization","name":"FjALA e LIR\u00cb - Arkivi","url":"https:\/\/fjala.info\/2009-2015\/","logo":{"@type":"ImageObject","inLanguage":"sq-AL","@id":"https:\/\/fjala.info\/2009-2015\/#\/schema\/logo\/image\/","url":"","contentUrl":"","caption":"FjALA e LIR\u00cb - Arkivi"},"image":{"@id":"https:\/\/fjala.info\/2009-2015\/#\/schema\/logo\/image\/"}},{"@type":"Person","@id":"https:\/\/fjala.info\/2009-2015\/#\/schema\/person\/3aa1163ef05469c496fc94e77611ada2","name":"admin","image":{"@type":"ImageObject","inLanguage":"sq-AL","@id":"https:\/\/fjala.info\/2009-2015\/wp-content\/uploads\/2012\/02\/arben_cokaj-120x150.jpg","url":"https:\/\/fjala.info\/2009-2015\/wp-content\/uploads\/2012\/02\/arben_cokaj-120x150.jpg","contentUrl":"https:\/\/fjala.info\/2009-2015\/wp-content\/uploads\/2012\/02\/arben_cokaj-120x150.jpg","caption":"admin"},"description":"Admin, Fjala e Lir\u00eb","sameAs":["https:\/\/fjala.info\/"],"url":"https:\/\/fjala.info\/2009-2015\/author\/admin\/"}]}},"_links":{"self":[{"href":"https:\/\/fjala.info\/2009-2015\/wp-json\/wp\/v2\/posts\/12888","targetHints":{"allow":["GET"]}}],"collection":[{"href":"https:\/\/fjala.info\/2009-2015\/wp-json\/wp\/v2\/posts"}],"about":[{"href":"https:\/\/fjala.info\/2009-2015\/wp-json\/wp\/v2\/types\/post"}],"author":[{"embeddable":true,"href":"https:\/\/fjala.info\/2009-2015\/wp-json\/wp\/v2\/users\/1"}],"replies":[{"embeddable":true,"href":"https:\/\/fjala.info\/2009-2015\/wp-json\/wp\/v2\/comments?post=12888"}],"version-history":[{"count":0,"href":"https:\/\/fjala.info\/2009-2015\/wp-json\/wp\/v2\/posts\/12888\/revisions"}],"wp:attachment":[{"href":"https:\/\/fjala.info\/2009-2015\/wp-json\/wp\/v2\/media?parent=12888"}],"wp:term":[{"taxonomy":"category","embeddable":true,"href":"https:\/\/fjala.info\/2009-2015\/wp-json\/wp\/v2\/categories?post=12888"},{"taxonomy":"post_tag","embeddable":true,"href":"https:\/\/fjala.info\/2009-2015\/wp-json\/wp\/v2\/tags?post=12888"}],"curies":[{"name":"wp","href":"https:\/\/api.w.org\/{rel}","templated":true}]}}