{"id":12886,"date":"2013-06-25T22:37:15","date_gmt":"2013-06-25T21:37:15","guid":{"rendered":"http:\/\/fjala.info\/?p=3365"},"modified":"2013-06-25T22:37:15","modified_gmt":"2013-06-25T21:37:15","slug":"nuk-e-mundi-edi-rama-e-mundi-seksi","status":"publish","type":"post","link":"https:\/\/fjala.info\/2009-2015\/nuk-e-mundi-edi-rama-e-mundi-seksi\/","title":{"rendered":"Nuk e mundi Edi Rama. E mundi seksi!"},"content":{"rendered":"<p><img decoding=\"async\" class=\"alignleft size-thumbnail wp-image-7236\" title=\"Kimete Berisha\" alt=\"\" src=\"http:\/\/www.fjala.info\/2013\/kimete_berisha.jpg\" width=\"200\" \/> NGA <strong>KIMETE BERISHA<\/strong>, <em>25 QERSHOR 2013<\/em><\/p>\n<p>&#8211; Arroganca \u00ebsht\u00eb vet\u00ebvrasje<\/p>\n<p>&#8211; \u00c7do gj\u00eb q\u00eb e f\u00eblliq arrogance &#8211; e pastron k\u00ebnga<\/p>\n<p>Sali Berisha b\u00ebri krimin m\u00eb t\u00eb pafalsh\u00ebm q\u00eb mund t\u00eb b\u00ebhet: <strong>Qytetar\u00ebt i preku n\u00eb grat\u00eb e tyre<\/strong>.<\/p>\n<p>Njeriu m\u00eb p\u00ebrpara ndahet dhe e harron gruan e tij, sesa harron ofendimin q\u00eb ia ke b\u00ebr\u00eb gruas s\u00eb tij.<\/p>\n<p>Arroganca nxit inferioritetin e njer\u00ebzve. Inferioriteti nxit nervozizmin. Nervozizmi nxit nevoj\u00ebn p\u00ebr hakmarrje.<\/p>\n<p>Fjalori i Sali Berish\u00ebs q\u00eb ia ngriu buz\u00ebqeshjen n\u00eb fytyr\u00eb:<\/p>\n<p>&#8211; T\u00eb verbrit i tha: Ti nuk e di sa i bukur \u00ebsht\u00eb qielli;<\/p>\n<p>&#8211; Jetimit i tha: Me qen\u00eb i mir\u00eb ti nuk ishe jetim. Jetimin e ka nem\u00eb Zoti;<\/p>\n<p>&#8211; Sterilit i tha: Ti nuk e di sa mir\u00eb \u00ebsht\u00eb me pas f\u00ebmij\u00eb; Ai q\u00eb s\u2019ka f\u00ebmij\u00eb &#8211; s\u2019ka ndjenja. Si N\u00ebna Terez\u00eb p\u00ebr shembull,<\/p>\n<p>&#8211; T\u00eb sh\u00ebmtuarit ia b\u00ebri me dije sh\u00ebmtin\u00eb fizike. I tha: ti je i sh\u00ebmtuar;<\/p>\n<p>&#8211; T\u00eb pafatit i tha: Me qen\u00eb i mir\u00eb ti kishe pas fat;<\/p>\n<p>&#8211; Vajzave beqare u tha: ju nuk keni vler\u00eb se s\u2019jeni t\u00eb martuara; Me qen\u00eb t\u00eb mira ju, do t\u00eb kishit pas burr\u00eb, si\u00e7 ka vajza ime;<\/p>\n<p>&#8211; T\u00eb divorcuarve u tha: kurva t\u00eb klubeve t\u00eb nat\u00ebs, lavire;<\/p>\n<p>&#8211; Kazanov\u00ebs i tha: Ti me qen\u00eb i mir\u00eb nuk i kishe nd\u00ebrru grat\u00eb. P\u00ebr pejgamerin Muhamet e ka pasur fjal\u00ebn;<\/p>\n<p>&#8211; Kantit i tha: ti me qen\u00eb i miri nuk ishe aseksual; Kishe pas jet\u00eb seksuale (me nj\u00eb grua t\u00eb vetme), por ja q\u00eb nuk ke, i nderuar, prandaj njer\u00ebzve u sh\u00ebrben p\u00ebr ta matur koh\u00ebn e tyre, kur t\u00eb shohin n\u00eb m\u00ebngjes para Universitetit, e din\u00eb q\u00eb ora \u00ebsht\u00eb fiks 7-t\u00eb. Ai q\u00eb s\u2019b\u00ebn seks, ka koh\u00eb p\u00ebr t\u00eb mb\u00ebrri me koh\u00eb n\u00eb pun\u00eb;<\/p>\n<p>&#8211; T\u00eb s\u00ebmur\u00ebve u tha: u ka d\u00ebnuar Zoti dhe u ka mallkuar; K\u00ebqyrm\u00ebni mua, kam sh\u00ebndet t\u00eb plot\u00eb;<\/p>\n<p>&#8211; Sakat\u00ebve u tregoi k\u00ebnaq\u00ebsin\u00eb q\u00eb sjell noti. Noton se ia ka dh\u00ebn\u00eb Zoti, se \u00ebsht\u00eb i lindur me krah\u00eb, e jo si ata &#8211; t\u00eb gjymt\u00eb!;<\/p>\n<p>&#8211; Azilit t\u00eb pleqve ua dha k\u00ebt\u00eb mesazh: me qen\u00eb t\u00eb mir\u00eb, ju do t\u00eb ishit n\u00eb sht\u00ebpit\u00eb tuaja, si un\u00eb q\u00eb jam i rrethuar me nipa e me mbesa; Me qen\u00eb t\u00eb mir\u00eb, o kurva e ju o kurvar\u00eb, nuk do t\u00eb ishit braktisur nga f\u00ebmij\u00ebt tuaj;<\/p>\n<p>&#8211; T\u00eb mbijetuarve t\u00eb familjeve t\u00eb shfarosura u tha: S\u2019e dini ju \u00e7ka keni humbur. S\u2019e dini ju se si frym\u00ebzohet njeriu nga nipat e mbesat;<\/p>\n<p>&#8211; Elektoratit i tregoi di\u00e7ka q\u00eb elektorati e dinte: Un\u00eb e kam vet\u00ebm nj\u00eb grua. Nd\u00ebrsa n\u00eb mesin e elektoratit kishte homoseksual\u00eb, kishte aseksual, hudum\u00eb, t\u00eb paaft\u00eb seksualisht, burra me nga dy gra, vizitor\u00eb sht\u00ebpish publike;<\/p>\n<p>&#8211; Gjat\u00eb fushat\u00ebs elektorale, foli me terminologjin\u00eb e Hoxh\u00ebs nga Prizreni, p\u00ebr t\u00eb joshur an\u00ebn myslimane t\u00eb votuesve. Po, harroi se p\u00ebr mysliman\u00ebt nuk \u00ebsht\u00eb atraktiv ai q\u00eb e nis dhe e p\u00ebrfundon me nj\u00eb grua.<\/p>\n<p>&#8211; T\u00eb krishter\u00ebve u tha q\u00eb sikur t\u00eb ishte Krishti i ditur do ta kishte arritur pleq\u00ebrin\u00eb. Nuk do ta kishte b\u00ebr\u00eb veten t\u00eb kryq\u00ebzohej nga t\u00eb paditurit;<\/p>\n<p>&#8211; Sali Berisha b\u00ebri krimin m\u00eb t\u00eb madh q\u00eb \u00ebsht\u00eb b\u00ebr\u00eb ndonj\u00ebher\u00eb n\u00eb historin\u00eb bot\u00ebrore nga nj\u00eb politikan: E pik\u00eblloi deri n\u00eb asht nj\u00eb djal\u00eb t\u00eb ri, i pafajsh\u00ebm p\u00ebr fatin e vet. E vrau e masakroi p\u00ebr s\u00eb gjalli, duke i th\u00ebn\u00eb: Ti nuk je djali i tij!<\/p>\n<p>Vet\u00ebm t\u00eb paditurit nuk i nguci.<\/p>\n<p>Humbja e ka terminologjin\u00eb e vet. Heshtja tregon se njeriu nuk e ka marr\u00eb me mend q\u00eb do t\u00eb jet\u00eb i humbur, prandaj nuk e di asnj\u00eb fjal\u00eb, asnj\u00eb term, q\u00eb e p\u00ebrshkruan humbjen;<\/p>\n<p>E humb\u00ebn dhe e mund\u00ebn: jetim\u00ebt, beqaret, fakir\u00ebt, t\u00eb sh\u00ebmtuarit, t\u00eb divorcuarit, t\u00eb vetmuarit, t\u00eb varfrit, \u201ckurvat\u201d, t\u00eb s\u00ebmurit, t\u00eb burgosurit dhe bandill\u00ebt.<\/p>\n<p>Ky \u00ebsht\u00eb nj\u00eb gozhdim me baza seksuale.<\/p>\n<p>E gozhduan si Krishtin, por me fjal\u00ebt e veta.<\/p>\n<p>Nuk e mundi Edi Rama. E mundi seksi.<\/p>\n","protected":false},"excerpt":{"rendered":"<p>NGA KIMETE BERISHA, 25 QERSHOR 2013 &#8211; Arroganca \u00ebsht\u00eb vet\u00ebvrasje &#8211; \u00c7do gj\u00eb q\u00eb e f\u00eblliq arrogance &#8211; e pastron k\u00ebnga Sali Berisha b\u00ebri krimin m\u00eb t\u00eb pafalsh\u00ebm q\u00eb mund t\u00eb b\u00ebhet: Qytetar\u00ebt i preku n\u00eb grat\u00eb e tyre. Njeriu m\u00eb p\u00ebrpara ndahet dhe e harron gruan e tij, sesa harron ofendimin q\u00eb ia ke [&hellip;]<\/p>\n","protected":false},"author":1,"featured_media":0,"comment_status":"open","ping_status":"closed","sticky":false,"template":"","format":"standard","meta":{"footnotes":""},"categories":[2],"tags":[],"class_list":{"0":"post-12886","1":"post","2":"type-post","3":"status-publish","4":"format-standard","6":"category-artikuj"},"yoast_head":"<!-- This site is optimized with the Yoast SEO plugin v27.4 - https:\/\/yoast.com\/product\/yoast-seo-wordpress\/ -->\n<title>Nuk e mundi Edi Rama. E mundi seksi! - FjALA e LIR\u00cb - Arkivi<\/title>\n<meta name=\"robots\" content=\"index, follow, max-snippet:-1, max-image-preview:large, max-video-preview:-1\" \/>\n<link rel=\"canonical\" href=\"https:\/\/fjala.info\/2009-2015\/nuk-e-mundi-edi-rama-e-mundi-seksi\/\" \/>\n<meta property=\"og:locale\" content=\"sq_AL\" \/>\n<meta property=\"og:type\" content=\"article\" \/>\n<meta property=\"og:title\" content=\"Nuk e mundi Edi Rama. E mundi seksi! - FjALA e LIR\u00cb - Arkivi\" \/>\n<meta property=\"og:description\" content=\"NGA KIMETE BERISHA, 25 QERSHOR 2013 &#8211; Arroganca \u00ebsht\u00eb vet\u00ebvrasje &#8211; \u00c7do gj\u00eb q\u00eb e f\u00eblliq arrogance &#8211; e pastron k\u00ebnga Sali Berisha b\u00ebri krimin m\u00eb t\u00eb pafalsh\u00ebm q\u00eb mund t\u00eb b\u00ebhet: Qytetar\u00ebt i preku n\u00eb grat\u00eb e tyre. Njeriu m\u00eb p\u00ebrpara ndahet dhe e harron gruan e tij, sesa harron ofendimin q\u00eb ia ke [&hellip;]\" \/>\n<meta property=\"og:url\" content=\"https:\/\/fjala.info\/2009-2015\/nuk-e-mundi-edi-rama-e-mundi-seksi\/\" \/>\n<meta property=\"og:site_name\" content=\"FjALA e LIR\u00cb - Arkivi\" \/>\n<meta property=\"article:published_time\" content=\"2013-06-25T21:37:15+00:00\" \/>\n<meta property=\"og:image\" content=\"http:\/\/www.fjala.info\/2013\/kimete_berisha.jpg\" \/>\n<meta name=\"author\" content=\"admin\" \/>\n<meta name=\"twitter:card\" content=\"summary_large_image\" \/>\n<meta name=\"twitter:label1\" content=\"Written by\" \/>\n\t<meta name=\"twitter:data1\" content=\"admin\" \/>\n\t<meta name=\"twitter:label2\" content=\"Est. reading time\" \/>\n\t<meta name=\"twitter:data2\" content=\"4 minutes\" \/>\n<script type=\"application\/ld+json\" class=\"yoast-schema-graph\">{\"@context\":\"https:\\\/\\\/schema.org\",\"@graph\":[{\"@type\":\"Article\",\"@id\":\"https:\\\/\\\/fjala.info\\\/2009-2015\\\/nuk-e-mundi-edi-rama-e-mundi-seksi\\\/#article\",\"isPartOf\":{\"@id\":\"https:\\\/\\\/fjala.info\\\/2009-2015\\\/nuk-e-mundi-edi-rama-e-mundi-seksi\\\/\"},\"author\":{\"name\":\"admin\",\"@id\":\"https:\\\/\\\/fjala.info\\\/2009-2015\\\/#\\\/schema\\\/person\\\/3aa1163ef05469c496fc94e77611ada2\"},\"headline\":\"Nuk e mundi Edi Rama. E mundi seksi!\",\"datePublished\":\"2013-06-25T21:37:15+00:00\",\"mainEntityOfPage\":{\"@id\":\"https:\\\/\\\/fjala.info\\\/2009-2015\\\/nuk-e-mundi-edi-rama-e-mundi-seksi\\\/\"},\"wordCount\":743,\"commentCount\":3,\"publisher\":{\"@id\":\"https:\\\/\\\/fjala.info\\\/2009-2015\\\/#organization\"},\"image\":{\"@id\":\"https:\\\/\\\/fjala.info\\\/2009-2015\\\/nuk-e-mundi-edi-rama-e-mundi-seksi\\\/#primaryimage\"},\"thumbnailUrl\":\"http:\\\/\\\/www.fjala.info\\\/2013\\\/kimete_berisha.jpg\",\"articleSection\":[\"Artikuj\"],\"inLanguage\":\"sq-AL\",\"potentialAction\":[{\"@type\":\"CommentAction\",\"name\":\"Comment\",\"target\":[\"https:\\\/\\\/fjala.info\\\/2009-2015\\\/nuk-e-mundi-edi-rama-e-mundi-seksi\\\/#respond\"]}]},{\"@type\":\"WebPage\",\"@id\":\"https:\\\/\\\/fjala.info\\\/2009-2015\\\/nuk-e-mundi-edi-rama-e-mundi-seksi\\\/\",\"url\":\"https:\\\/\\\/fjala.info\\\/2009-2015\\\/nuk-e-mundi-edi-rama-e-mundi-seksi\\\/\",\"name\":\"Nuk e mundi Edi Rama. E mundi seksi! - FjALA e LIR\u00cb - Arkivi\",\"isPartOf\":{\"@id\":\"https:\\\/\\\/fjala.info\\\/2009-2015\\\/#website\"},\"primaryImageOfPage\":{\"@id\":\"https:\\\/\\\/fjala.info\\\/2009-2015\\\/nuk-e-mundi-edi-rama-e-mundi-seksi\\\/#primaryimage\"},\"image\":{\"@id\":\"https:\\\/\\\/fjala.info\\\/2009-2015\\\/nuk-e-mundi-edi-rama-e-mundi-seksi\\\/#primaryimage\"},\"thumbnailUrl\":\"http:\\\/\\\/www.fjala.info\\\/2013\\\/kimete_berisha.jpg\",\"datePublished\":\"2013-06-25T21:37:15+00:00\",\"breadcrumb\":{\"@id\":\"https:\\\/\\\/fjala.info\\\/2009-2015\\\/nuk-e-mundi-edi-rama-e-mundi-seksi\\\/#breadcrumb\"},\"inLanguage\":\"sq-AL\",\"potentialAction\":[{\"@type\":\"ReadAction\",\"target\":[\"https:\\\/\\\/fjala.info\\\/2009-2015\\\/nuk-e-mundi-edi-rama-e-mundi-seksi\\\/\"]}]},{\"@type\":\"ImageObject\",\"inLanguage\":\"sq-AL\",\"@id\":\"https:\\\/\\\/fjala.info\\\/2009-2015\\\/nuk-e-mundi-edi-rama-e-mundi-seksi\\\/#primaryimage\",\"url\":\"http:\\\/\\\/www.fjala.info\\\/2013\\\/kimete_berisha.jpg\",\"contentUrl\":\"http:\\\/\\\/www.fjala.info\\\/2013\\\/kimete_berisha.jpg\"},{\"@type\":\"BreadcrumbList\",\"@id\":\"https:\\\/\\\/fjala.info\\\/2009-2015\\\/nuk-e-mundi-edi-rama-e-mundi-seksi\\\/#breadcrumb\",\"itemListElement\":[{\"@type\":\"ListItem\",\"position\":1,\"name\":\"Home\",\"item\":\"https:\\\/\\\/fjala.info\\\/2009-2015\\\/\"},{\"@type\":\"ListItem\",\"position\":2,\"name\":\"Nuk e mundi Edi Rama. E mundi seksi!\"}]},{\"@type\":\"WebSite\",\"@id\":\"https:\\\/\\\/fjala.info\\\/2009-2015\\\/#website\",\"url\":\"https:\\\/\\\/fjala.info\\\/2009-2015\\\/\",\"name\":\"FjALA e LIR\u00cb - Arkivi\",\"description\":\"Arkivi 2009-2015\",\"publisher\":{\"@id\":\"https:\\\/\\\/fjala.info\\\/2009-2015\\\/#organization\"},\"potentialAction\":[{\"@type\":\"SearchAction\",\"target\":{\"@type\":\"EntryPoint\",\"urlTemplate\":\"https:\\\/\\\/fjala.info\\\/2009-2015\\\/?s={search_term_string}\"},\"query-input\":{\"@type\":\"PropertyValueSpecification\",\"valueRequired\":true,\"valueName\":\"search_term_string\"}}],\"inLanguage\":\"sq-AL\"},{\"@type\":\"Organization\",\"@id\":\"https:\\\/\\\/fjala.info\\\/2009-2015\\\/#organization\",\"name\":\"FjALA e LIR\u00cb - Arkivi\",\"url\":\"https:\\\/\\\/fjala.info\\\/2009-2015\\\/\",\"logo\":{\"@type\":\"ImageObject\",\"inLanguage\":\"sq-AL\",\"@id\":\"https:\\\/\\\/fjala.info\\\/2009-2015\\\/#\\\/schema\\\/logo\\\/image\\\/\",\"url\":\"\",\"contentUrl\":\"\",\"caption\":\"FjALA e LIR\u00cb - Arkivi\"},\"image\":{\"@id\":\"https:\\\/\\\/fjala.info\\\/2009-2015\\\/#\\\/schema\\\/logo\\\/image\\\/\"}},{\"@type\":\"Person\",\"@id\":\"https:\\\/\\\/fjala.info\\\/2009-2015\\\/#\\\/schema\\\/person\\\/3aa1163ef05469c496fc94e77611ada2\",\"name\":\"admin\",\"image\":{\"@type\":\"ImageObject\",\"inLanguage\":\"sq-AL\",\"@id\":\"https:\\\/\\\/fjala.info\\\/2009-2015\\\/wp-content\\\/uploads\\\/2012\\\/02\\\/arben_cokaj-120x150.jpg\",\"url\":\"https:\\\/\\\/fjala.info\\\/2009-2015\\\/wp-content\\\/uploads\\\/2012\\\/02\\\/arben_cokaj-120x150.jpg\",\"contentUrl\":\"https:\\\/\\\/fjala.info\\\/2009-2015\\\/wp-content\\\/uploads\\\/2012\\\/02\\\/arben_cokaj-120x150.jpg\",\"caption\":\"admin\"},\"description\":\"Admin, Fjala e Lir\u00eb\",\"sameAs\":[\"https:\\\/\\\/fjala.info\\\/\"],\"url\":\"https:\\\/\\\/fjala.info\\\/2009-2015\\\/author\\\/admin\\\/\"}]}<\/script>\n<!-- \/ Yoast SEO plugin. -->","yoast_head_json":{"title":"Nuk e mundi Edi Rama. E mundi seksi! - FjALA e LIR\u00cb - Arkivi","robots":{"index":"index","follow":"follow","max-snippet":"max-snippet:-1","max-image-preview":"max-image-preview:large","max-video-preview":"max-video-preview:-1"},"canonical":"https:\/\/fjala.info\/2009-2015\/nuk-e-mundi-edi-rama-e-mundi-seksi\/","og_locale":"sq_AL","og_type":"article","og_title":"Nuk e mundi Edi Rama. E mundi seksi! - FjALA e LIR\u00cb - Arkivi","og_description":"NGA KIMETE BERISHA, 25 QERSHOR 2013 &#8211; Arroganca \u00ebsht\u00eb vet\u00ebvrasje &#8211; \u00c7do gj\u00eb q\u00eb e f\u00eblliq arrogance &#8211; e pastron k\u00ebnga Sali Berisha b\u00ebri krimin m\u00eb t\u00eb pafalsh\u00ebm q\u00eb mund t\u00eb b\u00ebhet: Qytetar\u00ebt i preku n\u00eb grat\u00eb e tyre. Njeriu m\u00eb p\u00ebrpara ndahet dhe e harron gruan e tij, sesa harron ofendimin q\u00eb ia ke [&hellip;]","og_url":"https:\/\/fjala.info\/2009-2015\/nuk-e-mundi-edi-rama-e-mundi-seksi\/","og_site_name":"FjALA e LIR\u00cb - Arkivi","article_published_time":"2013-06-25T21:37:15+00:00","og_image":[{"url":"http:\/\/www.fjala.info\/2013\/kimete_berisha.jpg","type":"","width":"","height":""}],"author":"admin","twitter_card":"summary_large_image","twitter_misc":{"Written by":"admin","Est. reading time":"4 minutes"},"schema":{"@context":"https:\/\/schema.org","@graph":[{"@type":"Article","@id":"https:\/\/fjala.info\/2009-2015\/nuk-e-mundi-edi-rama-e-mundi-seksi\/#article","isPartOf":{"@id":"https:\/\/fjala.info\/2009-2015\/nuk-e-mundi-edi-rama-e-mundi-seksi\/"},"author":{"name":"admin","@id":"https:\/\/fjala.info\/2009-2015\/#\/schema\/person\/3aa1163ef05469c496fc94e77611ada2"},"headline":"Nuk e mundi Edi Rama. E mundi seksi!","datePublished":"2013-06-25T21:37:15+00:00","mainEntityOfPage":{"@id":"https:\/\/fjala.info\/2009-2015\/nuk-e-mundi-edi-rama-e-mundi-seksi\/"},"wordCount":743,"commentCount":3,"publisher":{"@id":"https:\/\/fjala.info\/2009-2015\/#organization"},"image":{"@id":"https:\/\/fjala.info\/2009-2015\/nuk-e-mundi-edi-rama-e-mundi-seksi\/#primaryimage"},"thumbnailUrl":"http:\/\/www.fjala.info\/2013\/kimete_berisha.jpg","articleSection":["Artikuj"],"inLanguage":"sq-AL","potentialAction":[{"@type":"CommentAction","name":"Comment","target":["https:\/\/fjala.info\/2009-2015\/nuk-e-mundi-edi-rama-e-mundi-seksi\/#respond"]}]},{"@type":"WebPage","@id":"https:\/\/fjala.info\/2009-2015\/nuk-e-mundi-edi-rama-e-mundi-seksi\/","url":"https:\/\/fjala.info\/2009-2015\/nuk-e-mundi-edi-rama-e-mundi-seksi\/","name":"Nuk e mundi Edi Rama. E mundi seksi! - FjALA e LIR\u00cb - Arkivi","isPartOf":{"@id":"https:\/\/fjala.info\/2009-2015\/#website"},"primaryImageOfPage":{"@id":"https:\/\/fjala.info\/2009-2015\/nuk-e-mundi-edi-rama-e-mundi-seksi\/#primaryimage"},"image":{"@id":"https:\/\/fjala.info\/2009-2015\/nuk-e-mundi-edi-rama-e-mundi-seksi\/#primaryimage"},"thumbnailUrl":"http:\/\/www.fjala.info\/2013\/kimete_berisha.jpg","datePublished":"2013-06-25T21:37:15+00:00","breadcrumb":{"@id":"https:\/\/fjala.info\/2009-2015\/nuk-e-mundi-edi-rama-e-mundi-seksi\/#breadcrumb"},"inLanguage":"sq-AL","potentialAction":[{"@type":"ReadAction","target":["https:\/\/fjala.info\/2009-2015\/nuk-e-mundi-edi-rama-e-mundi-seksi\/"]}]},{"@type":"ImageObject","inLanguage":"sq-AL","@id":"https:\/\/fjala.info\/2009-2015\/nuk-e-mundi-edi-rama-e-mundi-seksi\/#primaryimage","url":"http:\/\/www.fjala.info\/2013\/kimete_berisha.jpg","contentUrl":"http:\/\/www.fjala.info\/2013\/kimete_berisha.jpg"},{"@type":"BreadcrumbList","@id":"https:\/\/fjala.info\/2009-2015\/nuk-e-mundi-edi-rama-e-mundi-seksi\/#breadcrumb","itemListElement":[{"@type":"ListItem","position":1,"name":"Home","item":"https:\/\/fjala.info\/2009-2015\/"},{"@type":"ListItem","position":2,"name":"Nuk e mundi Edi Rama. E mundi seksi!"}]},{"@type":"WebSite","@id":"https:\/\/fjala.info\/2009-2015\/#website","url":"https:\/\/fjala.info\/2009-2015\/","name":"FjALA e LIR\u00cb - Arkivi","description":"Arkivi 2009-2015","publisher":{"@id":"https:\/\/fjala.info\/2009-2015\/#organization"},"potentialAction":[{"@type":"SearchAction","target":{"@type":"EntryPoint","urlTemplate":"https:\/\/fjala.info\/2009-2015\/?s={search_term_string}"},"query-input":{"@type":"PropertyValueSpecification","valueRequired":true,"valueName":"search_term_string"}}],"inLanguage":"sq-AL"},{"@type":"Organization","@id":"https:\/\/fjala.info\/2009-2015\/#organization","name":"FjALA e LIR\u00cb - Arkivi","url":"https:\/\/fjala.info\/2009-2015\/","logo":{"@type":"ImageObject","inLanguage":"sq-AL","@id":"https:\/\/fjala.info\/2009-2015\/#\/schema\/logo\/image\/","url":"","contentUrl":"","caption":"FjALA e LIR\u00cb - Arkivi"},"image":{"@id":"https:\/\/fjala.info\/2009-2015\/#\/schema\/logo\/image\/"}},{"@type":"Person","@id":"https:\/\/fjala.info\/2009-2015\/#\/schema\/person\/3aa1163ef05469c496fc94e77611ada2","name":"admin","image":{"@type":"ImageObject","inLanguage":"sq-AL","@id":"https:\/\/fjala.info\/2009-2015\/wp-content\/uploads\/2012\/02\/arben_cokaj-120x150.jpg","url":"https:\/\/fjala.info\/2009-2015\/wp-content\/uploads\/2012\/02\/arben_cokaj-120x150.jpg","contentUrl":"https:\/\/fjala.info\/2009-2015\/wp-content\/uploads\/2012\/02\/arben_cokaj-120x150.jpg","caption":"admin"},"description":"Admin, Fjala e Lir\u00eb","sameAs":["https:\/\/fjala.info\/"],"url":"https:\/\/fjala.info\/2009-2015\/author\/admin\/"}]}},"_links":{"self":[{"href":"https:\/\/fjala.info\/2009-2015\/wp-json\/wp\/v2\/posts\/12886","targetHints":{"allow":["GET"]}}],"collection":[{"href":"https:\/\/fjala.info\/2009-2015\/wp-json\/wp\/v2\/posts"}],"about":[{"href":"https:\/\/fjala.info\/2009-2015\/wp-json\/wp\/v2\/types\/post"}],"author":[{"embeddable":true,"href":"https:\/\/fjala.info\/2009-2015\/wp-json\/wp\/v2\/users\/1"}],"replies":[{"embeddable":true,"href":"https:\/\/fjala.info\/2009-2015\/wp-json\/wp\/v2\/comments?post=12886"}],"version-history":[{"count":0,"href":"https:\/\/fjala.info\/2009-2015\/wp-json\/wp\/v2\/posts\/12886\/revisions"}],"wp:attachment":[{"href":"https:\/\/fjala.info\/2009-2015\/wp-json\/wp\/v2\/media?parent=12886"}],"wp:term":[{"taxonomy":"category","embeddable":true,"href":"https:\/\/fjala.info\/2009-2015\/wp-json\/wp\/v2\/categories?post=12886"},{"taxonomy":"post_tag","embeddable":true,"href":"https:\/\/fjala.info\/2009-2015\/wp-json\/wp\/v2\/tags?post=12886"}],"curies":[{"name":"wp","href":"https:\/\/api.w.org\/{rel}","templated":true}]}}