{"id":12885,"date":"2013-06-25T22:27:23","date_gmt":"2013-06-25T21:27:23","guid":{"rendered":"http:\/\/fjala.info\/?p=3363"},"modified":"2013-06-25T22:27:23","modified_gmt":"2013-06-25T21:27:23","slug":"70-vota-per-ps-ne-ne-vicidol-aty-ku-votojne-edhe-te-vdekurit-e-arabet","status":"publish","type":"post","link":"https:\/\/fjala.info\/2009-2015\/70-vota-per-ps-ne-ne-vicidol-aty-ku-votojne-edhe-te-vdekurit-e-arabet\/","title":{"rendered":"70 vota p\u00ebr PS-n\u00eb n\u00eb Vi\u00e7idol, aty ku votojn\u00eb edhe t\u00eb vdekurit e arab\u00ebt"},"content":{"rendered":"<p><img decoding=\"async\" class=\"alignright size-thumbnail wp-image-7236\" title=\"Kulla e Berish\u00ebs\" alt=\"\" src=\"http:\/\/www.fjala.info\/2013\/kulla_e_kryeministrit.jpg\" width=\"300\" \/> <strong>TemA<\/strong>, <em>25 Qershor 2013<\/em><\/p>\n<p><em><strong>Edi Rama votohet edhe n\u00eb fshatin ku ka lindur Sali Berisha, Vi\u00e7idol<\/strong><\/em>.<\/p>\n<p>Emrat e t\u00eb vdekurve, arab\u00ebve apo dhe njer\u00ebzve q\u00eb nuk jetojn\u00eb aty, por q\u00eb rezultojn\u00eb votues n\u00eb Vi\u00e7idol, nuk e kan\u00eb shp\u00ebtuar Berish\u00ebn nga humbja.<\/p>\n<p>Sipas rezultateve zyrtare t\u00eb Komisionit Qendror t\u00eb Zgjedhjeve n\u00eb Vi\u00e7idol, n\u00eb qendr\u00ebn e nr. 0518, vet\u00ebm 209 persona kan\u00eb votuar p\u00ebr Partin\u00eb Demokratike, nd\u00ebrkoh\u00eb q\u00eb p\u00ebr Partin\u00eb Socialiste kan\u00eb votuar 70 persona.<\/p>\n<p>Por megjith\u00ebse ka marr\u00eb 209 vota, listat zgjedhore n\u00eb Tropoj\u00eb ishin nd\u00ebr m\u00eb problematiket.<\/p>\n<p>M\u00eb her\u00ebt, Partia Socialiste kishte denoncuar faktin s\u00eb n\u00eb regjistrin zgjedhor ekzistojn\u00eb emra t\u00eb vdekurish apo dhe emra q\u00eb nuk jetojn\u00eb n\u00eb Tropoj\u00eb.<\/p>\n<p>Madje dhe vet\u00eb komuna Tropoj\u00eb, fshat n\u00ebn administrimin e t\u00eb cilit \u00ebsht\u00eb edhe Vi\u00e7idoli, ka shum\u00eb probleme me listat zgjedhore.<\/p>\n<p><strong>Vi\u00e7idoli<\/strong><\/p>\n<p>Ky fshat ka qendr\u00ebn e votimit num\u00ebr 0518 n\u00eb komun\u00ebn Tropoj\u00eb, dhe shum\u00eb prej emrave q\u00eb figurojn\u00eb n\u00eb listat e zgjedh\u00ebsve nuk kan\u00eb qen\u00eb asnj\u00eb her\u00eb dhe nuk jan\u00eb banor\u00eb t\u00eb k\u00ebsaj zone ose jan\u00eb t\u00eb vdekur.<\/p>\n<p>N\u00eb m\u00ebnyr\u00eb t\u00eb p\u00ebrmbledhur t\u00eb dh\u00ebnat p\u00ebr qendr\u00ebn e votimit n\u00eb Vi\u00e7idol jan\u00eb k\u00ebto: Numri votuesve gjithsej n\u00eb lista, 596, nd\u00ebrkoh\u00eb q\u00eb n\u00eb vitin 2011 p\u00ebr zgjedhje vendore n\u00eb k\u00ebt\u00eb komun\u00eb ishin regjistruar 461 njer\u00ebz.<\/p>\n<p>N\u00eb lista rezultojn\u00eb s\u00eb paku 18 t\u00eb vdekur, shtetas arab\u00eb, banor\u00eb q\u00eb nuk kan\u00eb qen\u00eb kurr\u00eb t\u00eb fshatit apo t\u00eb zon\u00ebs apo dhe njer\u00ebz q\u00eb banojn\u00eb q\u00eb nga viti 1946 n\u00eb Kosov\u00eb.<\/p>\n<p>Por pjesa m\u00eb interesante e njer\u00ebzve q\u00eb votojn\u00eb n\u00eb fshatin ku ka lindur kryeministri Berisha jan\u00eb disa shtetas arab\u00eb.<\/p>\n<p>N\u00eb Vi\u00e7idol \u00ebsht\u00eb nj\u00eb familje e p\u00ebrb\u00ebr\u00eb nga kryefamiljari dhe tre f\u00ebmij\u00ebt e tij. Emrat e an\u00ebtar\u00ebve t\u00eb familjes jan\u00eb kryefamiljari Emad Al-ubejdij (at\u00ebsia Shasim) dhe tre f\u00ebmij\u00ebt e tij, Aje Al-ubejdij (at\u00ebsia Emad), Alkasim Al-ubejdij (at\u00ebsia Emad) dhe Dua Al-ubejdij (at\u00ebsia Emad).<\/p>\n<p><strong>N\u00eb k\u00ebrkim t\u00eb votuesve<\/strong><\/p>\n<p>Po t\u00eb pyes\u00ebsh se ku mund t\u00eb gjejm\u00eb Bajram Ahmetajn (nj\u00eb nga emrat n\u00eb list\u00ebn zgjedhore) t\u00eb adresojn\u00eb drejt varrezave. I ndjeri as aty nuk ka nj\u00eb pllak\u00eb varri. I lindur n\u00eb vitin 1889, prej vitesh nuk \u00ebsht\u00eb mes t\u00eb gjall\u00ebve, por rezulton n\u00eb listat zgjedhore, madje Bajrami ka t\u00eb drejt\u00ebn t\u00eb votoj\u00eb n\u00eb dy qendra votimi, n\u00eb at\u00eb t\u00eb fshatit \u00c7erem, t\u00eb komun\u00ebs Margegaj, dhe n\u00eb Komun\u00ebn Bujan.<\/p>\n<p>Si t\u00eb gjall\u00eb dhe si votues t\u00eb komun\u00ebs s\u00eb Tropoj\u00ebs ekzistojn\u00eb edhe Halil e Isuf Demiraj, Shaban e Shefkie Rrahmanaj, Restem Kurmerkaj, Hate Imeraj etj, etj.<\/p>\n<p>Jan\u00eb t\u00eb gjith\u00eb t\u00eb vdekur. Dhe nuk po flasim vet\u00ebm p\u00ebr Vi\u00e7idolin e kreut t\u00eb qeveris\u00eb. Pothuajse \u00e7do qend\u00ebr votimi \u00ebsht\u00eb e mbushur me lista t\u00eb vdekurish n\u00eb Tropoj\u00eb.<\/p>\n<p>L. \u00c7ela<\/p>\n","protected":false},"excerpt":{"rendered":"<p>TemA, 25 Qershor 2013 Edi Rama votohet edhe n\u00eb fshatin ku ka lindur Sali Berisha, Vi\u00e7idol. Emrat e t\u00eb vdekurve, arab\u00ebve apo dhe njer\u00ebzve q\u00eb nuk jetojn\u00eb aty, por q\u00eb rezultojn\u00eb votues n\u00eb Vi\u00e7idol, nuk e kan\u00eb shp\u00ebtuar Berish\u00ebn nga humbja. Sipas rezultateve zyrtare t\u00eb Komisionit Qendror t\u00eb Zgjedhjeve n\u00eb Vi\u00e7idol, n\u00eb qendr\u00ebn e nr. [&hellip;]<\/p>\n","protected":false},"author":1,"featured_media":0,"comment_status":"open","ping_status":"closed","sticky":false,"template":"","format":"standard","meta":{"footnotes":""},"categories":[2],"tags":[],"class_list":{"0":"post-12885","1":"post","2":"type-post","3":"status-publish","4":"format-standard","6":"category-artikuj"},"yoast_head":"<!-- This site is optimized with the Yoast SEO plugin v27.4 - https:\/\/yoast.com\/product\/yoast-seo-wordpress\/ -->\n<title>70 vota p\u00ebr PS-n\u00eb n\u00eb Vi\u00e7idol, aty ku votojn\u00eb edhe t\u00eb vdekurit e arab\u00ebt - FjALA e LIR\u00cb - Arkivi<\/title>\n<meta name=\"robots\" content=\"index, follow, max-snippet:-1, max-image-preview:large, max-video-preview:-1\" \/>\n<link rel=\"canonical\" href=\"https:\/\/fjala.info\/2009-2015\/70-vota-per-ps-ne-ne-vicidol-aty-ku-votojne-edhe-te-vdekurit-e-arabet\/\" \/>\n<meta property=\"og:locale\" content=\"sq_AL\" \/>\n<meta property=\"og:type\" content=\"article\" \/>\n<meta property=\"og:title\" content=\"70 vota p\u00ebr PS-n\u00eb n\u00eb Vi\u00e7idol, aty ku votojn\u00eb edhe t\u00eb vdekurit e arab\u00ebt - FjALA e LIR\u00cb - Arkivi\" \/>\n<meta property=\"og:description\" content=\"TemA, 25 Qershor 2013 Edi Rama votohet edhe n\u00eb fshatin ku ka lindur Sali Berisha, Vi\u00e7idol. Emrat e t\u00eb vdekurve, arab\u00ebve apo dhe njer\u00ebzve q\u00eb nuk jetojn\u00eb aty, por q\u00eb rezultojn\u00eb votues n\u00eb Vi\u00e7idol, nuk e kan\u00eb shp\u00ebtuar Berish\u00ebn nga humbja. Sipas rezultateve zyrtare t\u00eb Komisionit Qendror t\u00eb Zgjedhjeve n\u00eb Vi\u00e7idol, n\u00eb qendr\u00ebn e nr. [&hellip;]\" \/>\n<meta property=\"og:url\" content=\"https:\/\/fjala.info\/2009-2015\/70-vota-per-ps-ne-ne-vicidol-aty-ku-votojne-edhe-te-vdekurit-e-arabet\/\" \/>\n<meta property=\"og:site_name\" content=\"FjALA e LIR\u00cb - Arkivi\" \/>\n<meta property=\"article:published_time\" content=\"2013-06-25T21:27:23+00:00\" \/>\n<meta property=\"og:image\" content=\"http:\/\/www.fjala.info\/2013\/kulla_e_kryeministrit.jpg\" \/>\n<meta name=\"author\" content=\"admin\" \/>\n<meta name=\"twitter:card\" content=\"summary_large_image\" \/>\n<meta name=\"twitter:label1\" content=\"Written by\" \/>\n\t<meta name=\"twitter:data1\" content=\"admin\" \/>\n\t<meta name=\"twitter:label2\" content=\"Est. reading time\" \/>\n\t<meta name=\"twitter:data2\" content=\"2 minutes\" \/>\n<script type=\"application\/ld+json\" class=\"yoast-schema-graph\">{\"@context\":\"https:\\\/\\\/schema.org\",\"@graph\":[{\"@type\":\"Article\",\"@id\":\"https:\\\/\\\/fjala.info\\\/2009-2015\\\/70-vota-per-ps-ne-ne-vicidol-aty-ku-votojne-edhe-te-vdekurit-e-arabet\\\/#article\",\"isPartOf\":{\"@id\":\"https:\\\/\\\/fjala.info\\\/2009-2015\\\/70-vota-per-ps-ne-ne-vicidol-aty-ku-votojne-edhe-te-vdekurit-e-arabet\\\/\"},\"author\":{\"name\":\"admin\",\"@id\":\"https:\\\/\\\/fjala.info\\\/2009-2015\\\/#\\\/schema\\\/person\\\/3aa1163ef05469c496fc94e77611ada2\"},\"headline\":\"70 vota p\u00ebr PS-n\u00eb n\u00eb Vi\u00e7idol, aty ku votojn\u00eb edhe t\u00eb vdekurit e arab\u00ebt\",\"datePublished\":\"2013-06-25T21:27:23+00:00\",\"mainEntityOfPage\":{\"@id\":\"https:\\\/\\\/fjala.info\\\/2009-2015\\\/70-vota-per-ps-ne-ne-vicidol-aty-ku-votojne-edhe-te-vdekurit-e-arabet\\\/\"},\"wordCount\":493,\"commentCount\":0,\"publisher\":{\"@id\":\"https:\\\/\\\/fjala.info\\\/2009-2015\\\/#organization\"},\"image\":{\"@id\":\"https:\\\/\\\/fjala.info\\\/2009-2015\\\/70-vota-per-ps-ne-ne-vicidol-aty-ku-votojne-edhe-te-vdekurit-e-arabet\\\/#primaryimage\"},\"thumbnailUrl\":\"http:\\\/\\\/www.fjala.info\\\/2013\\\/kulla_e_kryeministrit.jpg\",\"articleSection\":[\"Artikuj\"],\"inLanguage\":\"sq-AL\",\"potentialAction\":[{\"@type\":\"CommentAction\",\"name\":\"Comment\",\"target\":[\"https:\\\/\\\/fjala.info\\\/2009-2015\\\/70-vota-per-ps-ne-ne-vicidol-aty-ku-votojne-edhe-te-vdekurit-e-arabet\\\/#respond\"]}]},{\"@type\":\"WebPage\",\"@id\":\"https:\\\/\\\/fjala.info\\\/2009-2015\\\/70-vota-per-ps-ne-ne-vicidol-aty-ku-votojne-edhe-te-vdekurit-e-arabet\\\/\",\"url\":\"https:\\\/\\\/fjala.info\\\/2009-2015\\\/70-vota-per-ps-ne-ne-vicidol-aty-ku-votojne-edhe-te-vdekurit-e-arabet\\\/\",\"name\":\"70 vota p\u00ebr PS-n\u00eb n\u00eb Vi\u00e7idol, aty ku votojn\u00eb edhe t\u00eb vdekurit e arab\u00ebt - FjALA e LIR\u00cb - Arkivi\",\"isPartOf\":{\"@id\":\"https:\\\/\\\/fjala.info\\\/2009-2015\\\/#website\"},\"primaryImageOfPage\":{\"@id\":\"https:\\\/\\\/fjala.info\\\/2009-2015\\\/70-vota-per-ps-ne-ne-vicidol-aty-ku-votojne-edhe-te-vdekurit-e-arabet\\\/#primaryimage\"},\"image\":{\"@id\":\"https:\\\/\\\/fjala.info\\\/2009-2015\\\/70-vota-per-ps-ne-ne-vicidol-aty-ku-votojne-edhe-te-vdekurit-e-arabet\\\/#primaryimage\"},\"thumbnailUrl\":\"http:\\\/\\\/www.fjala.info\\\/2013\\\/kulla_e_kryeministrit.jpg\",\"datePublished\":\"2013-06-25T21:27:23+00:00\",\"breadcrumb\":{\"@id\":\"https:\\\/\\\/fjala.info\\\/2009-2015\\\/70-vota-per-ps-ne-ne-vicidol-aty-ku-votojne-edhe-te-vdekurit-e-arabet\\\/#breadcrumb\"},\"inLanguage\":\"sq-AL\",\"potentialAction\":[{\"@type\":\"ReadAction\",\"target\":[\"https:\\\/\\\/fjala.info\\\/2009-2015\\\/70-vota-per-ps-ne-ne-vicidol-aty-ku-votojne-edhe-te-vdekurit-e-arabet\\\/\"]}]},{\"@type\":\"ImageObject\",\"inLanguage\":\"sq-AL\",\"@id\":\"https:\\\/\\\/fjala.info\\\/2009-2015\\\/70-vota-per-ps-ne-ne-vicidol-aty-ku-votojne-edhe-te-vdekurit-e-arabet\\\/#primaryimage\",\"url\":\"http:\\\/\\\/www.fjala.info\\\/2013\\\/kulla_e_kryeministrit.jpg\",\"contentUrl\":\"http:\\\/\\\/www.fjala.info\\\/2013\\\/kulla_e_kryeministrit.jpg\"},{\"@type\":\"BreadcrumbList\",\"@id\":\"https:\\\/\\\/fjala.info\\\/2009-2015\\\/70-vota-per-ps-ne-ne-vicidol-aty-ku-votojne-edhe-te-vdekurit-e-arabet\\\/#breadcrumb\",\"itemListElement\":[{\"@type\":\"ListItem\",\"position\":1,\"name\":\"Home\",\"item\":\"https:\\\/\\\/fjala.info\\\/2009-2015\\\/\"},{\"@type\":\"ListItem\",\"position\":2,\"name\":\"70 vota p\u00ebr PS-n\u00eb n\u00eb Vi\u00e7idol, aty ku votojn\u00eb edhe t\u00eb vdekurit e arab\u00ebt\"}]},{\"@type\":\"WebSite\",\"@id\":\"https:\\\/\\\/fjala.info\\\/2009-2015\\\/#website\",\"url\":\"https:\\\/\\\/fjala.info\\\/2009-2015\\\/\",\"name\":\"FjALA e LIR\u00cb - Arkivi\",\"description\":\"Arkivi 2009-2015\",\"publisher\":{\"@id\":\"https:\\\/\\\/fjala.info\\\/2009-2015\\\/#organization\"},\"potentialAction\":[{\"@type\":\"SearchAction\",\"target\":{\"@type\":\"EntryPoint\",\"urlTemplate\":\"https:\\\/\\\/fjala.info\\\/2009-2015\\\/?s={search_term_string}\"},\"query-input\":{\"@type\":\"PropertyValueSpecification\",\"valueRequired\":true,\"valueName\":\"search_term_string\"}}],\"inLanguage\":\"sq-AL\"},{\"@type\":\"Organization\",\"@id\":\"https:\\\/\\\/fjala.info\\\/2009-2015\\\/#organization\",\"name\":\"FjALA e LIR\u00cb - Arkivi\",\"url\":\"https:\\\/\\\/fjala.info\\\/2009-2015\\\/\",\"logo\":{\"@type\":\"ImageObject\",\"inLanguage\":\"sq-AL\",\"@id\":\"https:\\\/\\\/fjala.info\\\/2009-2015\\\/#\\\/schema\\\/logo\\\/image\\\/\",\"url\":\"\",\"contentUrl\":\"\",\"caption\":\"FjALA e LIR\u00cb - Arkivi\"},\"image\":{\"@id\":\"https:\\\/\\\/fjala.info\\\/2009-2015\\\/#\\\/schema\\\/logo\\\/image\\\/\"}},{\"@type\":\"Person\",\"@id\":\"https:\\\/\\\/fjala.info\\\/2009-2015\\\/#\\\/schema\\\/person\\\/3aa1163ef05469c496fc94e77611ada2\",\"name\":\"admin\",\"image\":{\"@type\":\"ImageObject\",\"inLanguage\":\"sq-AL\",\"@id\":\"https:\\\/\\\/fjala.info\\\/2009-2015\\\/wp-content\\\/uploads\\\/2012\\\/02\\\/arben_cokaj-120x150.jpg\",\"url\":\"https:\\\/\\\/fjala.info\\\/2009-2015\\\/wp-content\\\/uploads\\\/2012\\\/02\\\/arben_cokaj-120x150.jpg\",\"contentUrl\":\"https:\\\/\\\/fjala.info\\\/2009-2015\\\/wp-content\\\/uploads\\\/2012\\\/02\\\/arben_cokaj-120x150.jpg\",\"caption\":\"admin\"},\"description\":\"Admin, Fjala e Lir\u00eb\",\"sameAs\":[\"https:\\\/\\\/fjala.info\\\/\"],\"url\":\"https:\\\/\\\/fjala.info\\\/2009-2015\\\/author\\\/admin\\\/\"}]}<\/script>\n<!-- \/ Yoast SEO plugin. -->","yoast_head_json":{"title":"70 vota p\u00ebr PS-n\u00eb n\u00eb Vi\u00e7idol, aty ku votojn\u00eb edhe t\u00eb vdekurit e arab\u00ebt - FjALA e LIR\u00cb - Arkivi","robots":{"index":"index","follow":"follow","max-snippet":"max-snippet:-1","max-image-preview":"max-image-preview:large","max-video-preview":"max-video-preview:-1"},"canonical":"https:\/\/fjala.info\/2009-2015\/70-vota-per-ps-ne-ne-vicidol-aty-ku-votojne-edhe-te-vdekurit-e-arabet\/","og_locale":"sq_AL","og_type":"article","og_title":"70 vota p\u00ebr PS-n\u00eb n\u00eb Vi\u00e7idol, aty ku votojn\u00eb edhe t\u00eb vdekurit e arab\u00ebt - FjALA e LIR\u00cb - Arkivi","og_description":"TemA, 25 Qershor 2013 Edi Rama votohet edhe n\u00eb fshatin ku ka lindur Sali Berisha, Vi\u00e7idol. Emrat e t\u00eb vdekurve, arab\u00ebve apo dhe njer\u00ebzve q\u00eb nuk jetojn\u00eb aty, por q\u00eb rezultojn\u00eb votues n\u00eb Vi\u00e7idol, nuk e kan\u00eb shp\u00ebtuar Berish\u00ebn nga humbja. Sipas rezultateve zyrtare t\u00eb Komisionit Qendror t\u00eb Zgjedhjeve n\u00eb Vi\u00e7idol, n\u00eb qendr\u00ebn e nr. [&hellip;]","og_url":"https:\/\/fjala.info\/2009-2015\/70-vota-per-ps-ne-ne-vicidol-aty-ku-votojne-edhe-te-vdekurit-e-arabet\/","og_site_name":"FjALA e LIR\u00cb - Arkivi","article_published_time":"2013-06-25T21:27:23+00:00","og_image":[{"url":"http:\/\/www.fjala.info\/2013\/kulla_e_kryeministrit.jpg","type":"","width":"","height":""}],"author":"admin","twitter_card":"summary_large_image","twitter_misc":{"Written by":"admin","Est. reading time":"2 minutes"},"schema":{"@context":"https:\/\/schema.org","@graph":[{"@type":"Article","@id":"https:\/\/fjala.info\/2009-2015\/70-vota-per-ps-ne-ne-vicidol-aty-ku-votojne-edhe-te-vdekurit-e-arabet\/#article","isPartOf":{"@id":"https:\/\/fjala.info\/2009-2015\/70-vota-per-ps-ne-ne-vicidol-aty-ku-votojne-edhe-te-vdekurit-e-arabet\/"},"author":{"name":"admin","@id":"https:\/\/fjala.info\/2009-2015\/#\/schema\/person\/3aa1163ef05469c496fc94e77611ada2"},"headline":"70 vota p\u00ebr PS-n\u00eb n\u00eb Vi\u00e7idol, aty ku votojn\u00eb edhe t\u00eb vdekurit e arab\u00ebt","datePublished":"2013-06-25T21:27:23+00:00","mainEntityOfPage":{"@id":"https:\/\/fjala.info\/2009-2015\/70-vota-per-ps-ne-ne-vicidol-aty-ku-votojne-edhe-te-vdekurit-e-arabet\/"},"wordCount":493,"commentCount":0,"publisher":{"@id":"https:\/\/fjala.info\/2009-2015\/#organization"},"image":{"@id":"https:\/\/fjala.info\/2009-2015\/70-vota-per-ps-ne-ne-vicidol-aty-ku-votojne-edhe-te-vdekurit-e-arabet\/#primaryimage"},"thumbnailUrl":"http:\/\/www.fjala.info\/2013\/kulla_e_kryeministrit.jpg","articleSection":["Artikuj"],"inLanguage":"sq-AL","potentialAction":[{"@type":"CommentAction","name":"Comment","target":["https:\/\/fjala.info\/2009-2015\/70-vota-per-ps-ne-ne-vicidol-aty-ku-votojne-edhe-te-vdekurit-e-arabet\/#respond"]}]},{"@type":"WebPage","@id":"https:\/\/fjala.info\/2009-2015\/70-vota-per-ps-ne-ne-vicidol-aty-ku-votojne-edhe-te-vdekurit-e-arabet\/","url":"https:\/\/fjala.info\/2009-2015\/70-vota-per-ps-ne-ne-vicidol-aty-ku-votojne-edhe-te-vdekurit-e-arabet\/","name":"70 vota p\u00ebr PS-n\u00eb n\u00eb Vi\u00e7idol, aty ku votojn\u00eb edhe t\u00eb vdekurit e arab\u00ebt - FjALA e LIR\u00cb - Arkivi","isPartOf":{"@id":"https:\/\/fjala.info\/2009-2015\/#website"},"primaryImageOfPage":{"@id":"https:\/\/fjala.info\/2009-2015\/70-vota-per-ps-ne-ne-vicidol-aty-ku-votojne-edhe-te-vdekurit-e-arabet\/#primaryimage"},"image":{"@id":"https:\/\/fjala.info\/2009-2015\/70-vota-per-ps-ne-ne-vicidol-aty-ku-votojne-edhe-te-vdekurit-e-arabet\/#primaryimage"},"thumbnailUrl":"http:\/\/www.fjala.info\/2013\/kulla_e_kryeministrit.jpg","datePublished":"2013-06-25T21:27:23+00:00","breadcrumb":{"@id":"https:\/\/fjala.info\/2009-2015\/70-vota-per-ps-ne-ne-vicidol-aty-ku-votojne-edhe-te-vdekurit-e-arabet\/#breadcrumb"},"inLanguage":"sq-AL","potentialAction":[{"@type":"ReadAction","target":["https:\/\/fjala.info\/2009-2015\/70-vota-per-ps-ne-ne-vicidol-aty-ku-votojne-edhe-te-vdekurit-e-arabet\/"]}]},{"@type":"ImageObject","inLanguage":"sq-AL","@id":"https:\/\/fjala.info\/2009-2015\/70-vota-per-ps-ne-ne-vicidol-aty-ku-votojne-edhe-te-vdekurit-e-arabet\/#primaryimage","url":"http:\/\/www.fjala.info\/2013\/kulla_e_kryeministrit.jpg","contentUrl":"http:\/\/www.fjala.info\/2013\/kulla_e_kryeministrit.jpg"},{"@type":"BreadcrumbList","@id":"https:\/\/fjala.info\/2009-2015\/70-vota-per-ps-ne-ne-vicidol-aty-ku-votojne-edhe-te-vdekurit-e-arabet\/#breadcrumb","itemListElement":[{"@type":"ListItem","position":1,"name":"Home","item":"https:\/\/fjala.info\/2009-2015\/"},{"@type":"ListItem","position":2,"name":"70 vota p\u00ebr PS-n\u00eb n\u00eb Vi\u00e7idol, aty ku votojn\u00eb edhe t\u00eb vdekurit e arab\u00ebt"}]},{"@type":"WebSite","@id":"https:\/\/fjala.info\/2009-2015\/#website","url":"https:\/\/fjala.info\/2009-2015\/","name":"FjALA e LIR\u00cb - Arkivi","description":"Arkivi 2009-2015","publisher":{"@id":"https:\/\/fjala.info\/2009-2015\/#organization"},"potentialAction":[{"@type":"SearchAction","target":{"@type":"EntryPoint","urlTemplate":"https:\/\/fjala.info\/2009-2015\/?s={search_term_string}"},"query-input":{"@type":"PropertyValueSpecification","valueRequired":true,"valueName":"search_term_string"}}],"inLanguage":"sq-AL"},{"@type":"Organization","@id":"https:\/\/fjala.info\/2009-2015\/#organization","name":"FjALA e LIR\u00cb - Arkivi","url":"https:\/\/fjala.info\/2009-2015\/","logo":{"@type":"ImageObject","inLanguage":"sq-AL","@id":"https:\/\/fjala.info\/2009-2015\/#\/schema\/logo\/image\/","url":"","contentUrl":"","caption":"FjALA e LIR\u00cb - Arkivi"},"image":{"@id":"https:\/\/fjala.info\/2009-2015\/#\/schema\/logo\/image\/"}},{"@type":"Person","@id":"https:\/\/fjala.info\/2009-2015\/#\/schema\/person\/3aa1163ef05469c496fc94e77611ada2","name":"admin","image":{"@type":"ImageObject","inLanguage":"sq-AL","@id":"https:\/\/fjala.info\/2009-2015\/wp-content\/uploads\/2012\/02\/arben_cokaj-120x150.jpg","url":"https:\/\/fjala.info\/2009-2015\/wp-content\/uploads\/2012\/02\/arben_cokaj-120x150.jpg","contentUrl":"https:\/\/fjala.info\/2009-2015\/wp-content\/uploads\/2012\/02\/arben_cokaj-120x150.jpg","caption":"admin"},"description":"Admin, Fjala e Lir\u00eb","sameAs":["https:\/\/fjala.info\/"],"url":"https:\/\/fjala.info\/2009-2015\/author\/admin\/"}]}},"_links":{"self":[{"href":"https:\/\/fjala.info\/2009-2015\/wp-json\/wp\/v2\/posts\/12885","targetHints":{"allow":["GET"]}}],"collection":[{"href":"https:\/\/fjala.info\/2009-2015\/wp-json\/wp\/v2\/posts"}],"about":[{"href":"https:\/\/fjala.info\/2009-2015\/wp-json\/wp\/v2\/types\/post"}],"author":[{"embeddable":true,"href":"https:\/\/fjala.info\/2009-2015\/wp-json\/wp\/v2\/users\/1"}],"replies":[{"embeddable":true,"href":"https:\/\/fjala.info\/2009-2015\/wp-json\/wp\/v2\/comments?post=12885"}],"version-history":[{"count":0,"href":"https:\/\/fjala.info\/2009-2015\/wp-json\/wp\/v2\/posts\/12885\/revisions"}],"wp:attachment":[{"href":"https:\/\/fjala.info\/2009-2015\/wp-json\/wp\/v2\/media?parent=12885"}],"wp:term":[{"taxonomy":"category","embeddable":true,"href":"https:\/\/fjala.info\/2009-2015\/wp-json\/wp\/v2\/categories?post=12885"},{"taxonomy":"post_tag","embeddable":true,"href":"https:\/\/fjala.info\/2009-2015\/wp-json\/wp\/v2\/tags?post=12885"}],"curies":[{"name":"wp","href":"https:\/\/api.w.org\/{rel}","templated":true}]}}