{"id":12884,"date":"2013-06-25T21:57:01","date_gmt":"2013-06-25T20:57:01","guid":{"rendered":"http:\/\/fjala.info\/?p=3354"},"modified":"2013-06-25T21:57:01","modified_gmt":"2013-06-25T20:57:01","slug":"detyra-eshte-e-imja-pushteti-eshte-juaji","status":"publish","type":"post","link":"https:\/\/fjala.info\/2009-2015\/detyra-eshte-e-imja-pushteti-eshte-juaji\/","title":{"rendered":"Detyra \u00ebsht\u00eb e imja, pushteti \u00ebsht\u00eb juaji"},"content":{"rendered":"<p><img decoding=\"async\" class=\"alignleft size-thumbnail wp-image-7236\" title=\"Rama - kryeminister\" alt=\"\" src=\"http:\/\/www.fjala.info\/2013\/rama_kryeminister.jpg\" width=\"300\" \/> Nga <strong>Edi Rama<\/strong>, <em>25 Qershor 2013<\/em><\/p>\n<p>P\u00ebrpara nj\u00eb turme entuziaste, kryetari i PS, Edi Rama mbajti t\u00eb parin fjalim si kryeminist\u00ebr. Gjeni m\u00eb posht\u00eb tekstin:<\/p>\n<p>Sot, ju, populli i Shqip\u00ebris\u00eb, vendos\u00ebt t\u00eb ma ngarkoni mua dhe skuadr\u00ebs son\u00eb komb\u00ebtare t\u00eb Rilindjes, s\u00eb bashku dhe n\u00eb m\u00ebnyr\u00eb t\u00eb pandar\u00eb me partner\u00ebt tan\u00eb strategjik\u00eb t\u00eb LSI, k\u00ebt\u00eb p\u00ebrgjegj\u00ebsi kaq t\u00eb madhe.<\/p>\n<p>Ne e pranojm\u00eb p\u00ebrgjegj\u00ebsin\u00eb me ndjenj\u00ebn m\u00eb t\u00eb thell\u00eb t\u00eb p\u00ebruljes ndaj \u00e7do nj\u00ebrit prej jush! Dhe p\u00ebr \u00e7do dit\u00eb nga sot e tutje, ne do t\u00eb jemi me ju dhe p\u00ebr ju deri kur kjo p\u00ebrgjegj\u00ebsi madhore t\u00eb jet\u00eb e jona.<\/p>\n<p>Un\u00eb e di q\u00eb si\u00e7 thot\u00eb edhe Abraham Linkoln, asnj\u00eb qeveri n\u00eb bot\u00eb nuk mund t\u2019i k\u00ebnaq\u00eb t\u00eb gjith\u00eb dhe p\u00ebr gjith\u00eb koh\u00ebn, por p\u00ebr gjith\u00eb koh\u00ebn q\u00eb vjen nuk do harroj q\u00eb jeni ju q\u00eb na vut\u00eb n\u00eb krye t\u00eb vendit.<\/p>\n<p>Ju na besuat sepse ne nxor\u00ebm m\u00eb t\u00eb mir\u00ebn nga vetja p\u00ebr t\u00eb arritur deri k\u00ebtu, nj\u00eb projekt ndryshimi p\u00ebr Shqip\u00ebrin\u00eb, nj\u00eb aleanc\u00eb t\u00eb re p\u00ebr Shqip\u00ebrin\u00eb evropiane, e cila provoi bot\u00ebrisht se ne dim\u00eb ta v\u00ebm\u00eb vendin mbi veten dhe mbi partin\u00eb.<\/p>\n<p>Un\u00eb e dua k\u00ebt\u00eb vend, prandaj dhe luftova kaq fort p\u00ebr t\u00eb luftuar. Zemra ime e di se \u00e7far\u00eb mund\u00ebsish t\u00eb pafundme ka ky vend p\u00ebr t\u00eb rilindur. K\u00ebto mund\u00ebsi t\u00eb pafundme, tani duhet t\u2019i nxjerrim nga \u00e7do thell\u00ebsi e shpirtit e mendjes shqiptare p\u00ebr t\u00eb b\u00ebr\u00eb m\u00eb t\u00eb mir\u00ebn me mund\u00ebsin\u00eb q\u00eb na u dha p\u00ebr t\u00eb udh\u00ebhequr Shqip\u00ebrin\u00eb.<\/p>\n<p>Ne do t\u00eb udh\u00ebheqim, por as un\u00eb, as ne t\u00eb zgjedhurit p\u00ebr t\u2019u drejtuar s\u00eb bashku nuk e sjellim vet\u00ebm Rilindjen q\u00eb premtuam. Ndaj dua q\u00eb ju, njer\u00ebzit e k\u00ebtij vendi, t\u00eb b\u00ebheni pjes\u00eb e skuadr\u00ebs son\u00eb t\u00eb Rilindjes.<\/p>\n<p>T\u2019i ndajm\u00eb s\u00eb bashku aspiratat, sfidat dhe p\u00ebrpjekjet p\u00ebr nj\u00eb ekonomi t\u00eb rim\u00ebk\u00ebmbur p\u00ebrmes liris\u00eb s\u00eb konkurrenc\u00ebs dhe taksimit t\u00eb ndersh\u00ebm. Nj\u00eb shoq\u00ebri t\u00eb rilindur me arsim e sh\u00ebndet\u00ebsi p\u00ebr t\u00eb gjith\u00eb dhe jo sipas mund\u00ebsive.<\/p>\n<p>Pa harruar asnj\u00eb \u00e7ast se sot populli sovran e ngjyrosi me ngjyr\u00ebn e purpurt t\u00eb gjith\u00eb hart\u00ebn e Shqip\u00ebris\u00eb q\u00eb nga Shkodra gjer n\u00eb Vlor\u00eb, p\u00ebr t\u00eb na dh\u00ebn\u00eb mund\u00ebsin\u00eb historike q\u00eb ta provojm\u00eb me sjellje e me vepra se mund ta ndajm\u00eb p\u00ebrgjithmon\u00eb k\u00ebt\u00eb vend nga ndasit\u00eb e vjetra t\u00eb s\u00eb shkuar\u00ebs s\u00eb deridjeshme.<\/p>\n<p>T\u00eb nisim bashkarisht pun\u00ebn p\u00ebr t\u2019i treguar nj\u00ebri- tjetrit, por edhe bot\u00ebs, se kemi talentin, vlerat, vendosm\u00ebrin\u00eb p\u00ebr t\u2019u ngjitur n\u00eb lart\u00ebsin\u00eb e amanetit t\u00eb borxhit q\u00eb u kemi t\u00eb par\u00ebve dhe f\u00ebmij\u00ebve t\u00eb gjith\u00eb Shqip\u00ebris\u00eb.<\/p>\n<p>Pa harruar asnj\u00ebher\u00eb se duhet t\u00eb jet\u00eb liria dhe jo mungesa e saj, rruga p\u00ebr t\u00eb qeverisur k\u00ebt\u00eb vend, merita dhe jo mungesa e saj, baza p\u00ebr t\u00eb vler\u00ebsuar \u00e7do njeri e sip\u00ebrmarrje n\u00eb k\u00ebt\u00eb vend.<\/p>\n<p>T\u00eb vazhdojm\u00eb s\u00eb bashku si nj\u00eb vend dhe si nj\u00eb komb p\u00ebrpjekjet drejt vendit q\u00eb na takon n\u00eb familjen e bashkuar t\u00eb Europ\u00ebs, sot, kur si asnj\u00ebher\u00eb shqiptar\u00ebt e Shqip\u00ebris\u00eb dhe t\u00eb Kosov\u00ebs, jo vet\u00ebm e meritojn\u00eb, por e kan\u00eb n\u00eb duart e tyre bashkimin n\u00eb at\u00eb familje t\u00eb madhe.<\/p>\n<p>Ka qen\u00eb deri k\u00ebtu nj\u00eb \u00ebnd\u00ebrr e gjat\u00eb. Tani s\u00eb bashku duhet ta b\u00ebjm\u00eb realitet, pa harruar n\u00eb asnj\u00eb hap se duhet t\u00eb jet\u00eb gjith\u00ebp\u00ebrfshirja dhe jo p\u00ebrjashtimi i pakic\u00ebs, shpirti i kompromisit, q\u00eb mund t\u00eb rilind\u00eb Shqip\u00ebrin\u00eb si an\u00ebtare t\u00eb denj\u00eb t\u00eb familjes evropiane.<\/p>\n<p>Miqt\u00eb e mi, nuk ka pik\u00eb dyshimi se duke par\u00eb flamujt e fitores t\u00eb val\u00ebviten sonte nga Kuk\u00ebsi n\u00eb Gjirokast\u00ebr, duke d\u00ebgjuar brohoritjet e mb\u00ebshtet\u00ebsve tan\u00eb anemban\u00eb vendit, duke par\u00eb q\u00eb g\u00ebzimi ka pushtuar zemr\u00ebn, mendjen e fytyr\u00ebn e \u00e7do opozitari, edhe un\u00eb ndjehem thell\u00ebsisht i ngaz\u00ebllyer si ju.<\/p>\n<p>Por, ky g\u00ebzim i merituar nuk do t\u00eb krijoj\u00eb dot vende t\u00eb reja pune p\u00ebr t\u00eb rinjt\u00eb, as sh\u00ebrbime m\u00eb t\u00eb mira sh\u00ebndet\u00ebsore, as rrug\u00eb m\u00eb t\u00eb sigurta, kjo fitore nuk \u00ebsht\u00eb mb\u00ebrritja, por vet\u00ebm nisja.<\/p>\n<p>Kjo fitore \u00ebsht\u00eb era e ndryshimit q\u00eb fryn lirisht n\u00eb gjith\u00eb Shqip\u00ebrin\u00eb, por tani nis puna p\u00ebr ta b\u00ebr\u00eb ndryshimin q\u00eb t\u00eb mb\u00ebrrij\u00eb n\u00eb gjith\u00eb Shqip\u00ebrin\u00eb e rr\u00ebnuar.<\/p>\n<p>Ky ndryshim, q\u00eb t\u00eb gjith\u00eb duam, s\u2019do t\u00eb vij\u00eb brenda nat\u00ebs, nuk do t\u00eb mb\u00ebrrij\u00eb as kollaj, sepse si\u00e7 e kam par\u00eb n\u00eb rrug\u00ebn e jet\u00ebs sime, asgj\u00eb e mir\u00eb nuk vjen kollaj, duhet t\u00eb duash ta arrish, por duhet t\u00eb punosh dhe sakrifikosh fort p\u00ebr ta arritur.<\/p>\n<p>T\u00eb gjith\u00eb bashk\u00eb treguam deri k\u00ebtu se duam fort q\u00eb Rilindja t\u00eb ndodh\u00eb, tani t\u00eb gjith\u00eb bashk\u00eb duhet t\u00eb punojm\u00eb dhe sakrifikojm\u00eb fort q\u00eb ta b\u00ebjm\u00eb at\u00eb t\u00eb ndodh\u00eb.<\/p>\n<p>Dhe ne do t\u00eb punojm\u00eb fort s\u00eb bashku, si nj\u00eb skuad\u00ebr, si nj\u00eb skuad\u00ebr e madhe, q\u00eb fort ka fituar vet\u00ebm t\u00eb drejt\u00ebn p\u00ebr t\u2019u v\u00ebn\u00eb n\u00eb prov\u00eb, nd\u00ebrsa nes\u00ebr do nis\u00eb pun\u00ebn p\u00ebr t\u00eb fituar prov\u00ebn.<\/p>\n<p>M\u00eb ka q\u00eblluar t\u00eb them deri dje edhe fjal\u00eb t\u00eb pap\u00eblqyeshme p\u00ebr paraardh\u00ebsin tim, si\u00e7 ai ka th\u00ebn\u00eb jo pak p\u00ebr mua. Kjo ndodh n\u00eb betej\u00ebn politike, por ndodh edhe m\u00eb shum\u00eb n\u00eb demokraci t\u00eb pazhvilluara si e jona, ku pushteti i popullit degradon r\u00ebndom n\u00eb shfaqjen e pushtetit t\u00eb nj\u00eb njeriu.<\/p>\n<p>Un\u00eb sonte dua ta fal\u00ebnderoj p\u00ebr \u00e7do gj\u00eb t\u00eb mir\u00eb p\u00ebr t\u00eb cil\u00ebn historia do e vler\u00ebsoj\u00eb me nj\u00eb objektivitet m\u00eb t\u00eb madh se un\u00eb dhe i uroj t\u00eb gjith\u00eb t\u00eb mirat n\u00eb jet\u00ebn private n\u00eb vazhdim.<\/p>\n<p>Dhe tani q\u00eb zgjedhjet p\u00ebrfunduan, dua ta b\u00ebj shum\u00eb t\u00eb qart\u00eb se vullneti im \u00ebsht\u00eb q\u00eb t\u2019u sh\u00ebrbej me p\u00ebrkushtim t\u00eb gjith\u00eb shqiptar\u00ebve, jo vet\u00ebm atyre q\u00eb votuan p\u00ebr fituesin.<\/p>\n<p>Vot\u00ebn plebishitare q\u00eb mor\u00ebm n\u00eb k\u00ebto zgjedhje un\u00eb nuk e konsideroj si triumfin e pal\u00ebs son\u00eb dhe aq m\u00eb pak si triumf personal, p\u00ebrkundrazi, shumica marramend\u00ebse q\u00eb na dhan\u00eb shqiptar\u00ebt m\u00eb b\u00ebn edhe m\u00eb realist p\u00ebr sfid\u00ebn q\u00eb duhet t\u00eb fitojm\u00eb p\u00ebrmes qeverisjes son\u00eb.<\/p>\n<p>Pjes\u00eb e k\u00ebsaj sfide \u00ebsht\u00eb q\u00eb asnj\u00eb zgjedh\u00ebs i pal\u00ebs tjet\u00ebr t\u00eb mos ndjehet keq, asnj\u00eb rrog\u00ebtar q\u00eb i sh\u00ebrben k\u00ebtij shteti fal\u00eb merit\u00ebs s\u00eb tij, t\u00eb mos ndjehet i k\u00ebrc\u00ebnuar, asnj\u00eb burim mediatik q\u00eb ka mb\u00ebshtetur alternativ\u00ebn e kund\u00ebrshtarit t\u00eb mos ndjehet i rrezikuar.<\/p>\n<p>T\u00eb gjith\u00eb meritojn\u00eb respektin ton\u00eb dhe t\u00eb gjith\u00ebve do u provojm\u00eb se ndryshimi s\u2019ka ardhur p\u00ebr t\u2019i b\u00ebr\u00eb keq askujt q\u00eb nuk ka b\u00ebr\u00eb keq duke shkelur ligjet e k\u00ebtij vendi.<\/p>\n<p>Motra dhe v\u00ebllez\u00ebr,<\/p>\n<p>Ky \u00ebsht\u00eb momenti m\u00eb krenar i jet\u00ebs sime.<\/p>\n<p>Por, midis krenaris\u00eb q\u00eb ndjej p\u00ebr veten dhe p\u00ebrunj\u00ebsis\u00eb q\u00eb ndjej p\u00ebr besimin q\u00eb keni tek un\u00eb, fiton thell\u00eb p\u00ebrunj\u00ebsia.<\/p>\n<p>Un\u00eb do t\u00eb jem kryeministri juaj, por edhe kryesh\u00ebrb\u00ebtori juaj.<\/p>\n<p>Detyra do jet\u00eb imja, pushteti do jet\u00eb i juaj.<\/p>\n<p>Un\u00eb s\u2019do ta harroj k\u00ebt\u00eb, por ju lutem, mos e harroni as ju!<\/p>\n<p>Jo p\u00ebr mua, por p\u00ebr t\u00eb mir\u00ebn e Shqip\u00ebris\u00eb, q\u00eb duhet t\u00eb rilindim s\u00eb bashku.<\/p>\n","protected":false},"excerpt":{"rendered":"<p>Nga Edi Rama, 25 Qershor 2013 P\u00ebrpara nj\u00eb turme entuziaste, kryetari i PS, Edi Rama mbajti t\u00eb parin fjalim si kryeminist\u00ebr. Gjeni m\u00eb posht\u00eb tekstin: Sot, ju, populli i Shqip\u00ebris\u00eb, vendos\u00ebt t\u00eb ma ngarkoni mua dhe skuadr\u00ebs son\u00eb komb\u00ebtare t\u00eb Rilindjes, s\u00eb bashku dhe n\u00eb m\u00ebnyr\u00eb t\u00eb pandar\u00eb me partner\u00ebt tan\u00eb strategjik\u00eb t\u00eb LSI, k\u00ebt\u00eb [&hellip;]<\/p>\n","protected":false},"author":1,"featured_media":0,"comment_status":"open","ping_status":"closed","sticky":false,"template":"","format":"standard","meta":{"footnotes":""},"categories":[2],"tags":[],"class_list":{"0":"post-12884","1":"post","2":"type-post","3":"status-publish","4":"format-standard","6":"category-artikuj"},"yoast_head":"<!-- This site is optimized with the Yoast SEO plugin v27.4 - https:\/\/yoast.com\/product\/yoast-seo-wordpress\/ -->\n<title>Detyra \u00ebsht\u00eb e imja, pushteti \u00ebsht\u00eb juaji - FjALA e LIR\u00cb - Arkivi<\/title>\n<meta name=\"robots\" content=\"index, follow, max-snippet:-1, max-image-preview:large, max-video-preview:-1\" \/>\n<link rel=\"canonical\" href=\"https:\/\/fjala.info\/2009-2015\/detyra-eshte-e-imja-pushteti-eshte-juaji\/\" \/>\n<meta property=\"og:locale\" content=\"sq_AL\" \/>\n<meta property=\"og:type\" content=\"article\" \/>\n<meta property=\"og:title\" content=\"Detyra \u00ebsht\u00eb e imja, pushteti \u00ebsht\u00eb juaji - FjALA e LIR\u00cb - Arkivi\" \/>\n<meta property=\"og:description\" content=\"Nga Edi Rama, 25 Qershor 2013 P\u00ebrpara nj\u00eb turme entuziaste, kryetari i PS, Edi Rama mbajti t\u00eb parin fjalim si kryeminist\u00ebr. Gjeni m\u00eb posht\u00eb tekstin: Sot, ju, populli i Shqip\u00ebris\u00eb, vendos\u00ebt t\u00eb ma ngarkoni mua dhe skuadr\u00ebs son\u00eb komb\u00ebtare t\u00eb Rilindjes, s\u00eb bashku dhe n\u00eb m\u00ebnyr\u00eb t\u00eb pandar\u00eb me partner\u00ebt tan\u00eb strategjik\u00eb t\u00eb LSI, k\u00ebt\u00eb [&hellip;]\" \/>\n<meta property=\"og:url\" content=\"https:\/\/fjala.info\/2009-2015\/detyra-eshte-e-imja-pushteti-eshte-juaji\/\" \/>\n<meta property=\"og:site_name\" content=\"FjALA e LIR\u00cb - Arkivi\" \/>\n<meta property=\"article:published_time\" content=\"2013-06-25T20:57:01+00:00\" \/>\n<meta property=\"og:image\" content=\"http:\/\/www.fjala.info\/2013\/rama_kryeminister.jpg\" \/>\n<meta name=\"author\" content=\"admin\" \/>\n<meta name=\"twitter:card\" content=\"summary_large_image\" \/>\n<meta name=\"twitter:label1\" content=\"Written by\" \/>\n\t<meta name=\"twitter:data1\" content=\"admin\" \/>\n\t<meta name=\"twitter:label2\" content=\"Est. reading time\" \/>\n\t<meta name=\"twitter:data2\" content=\"7 minutes\" \/>\n<script type=\"application\/ld+json\" class=\"yoast-schema-graph\">{\"@context\":\"https:\\\/\\\/schema.org\",\"@graph\":[{\"@type\":\"Article\",\"@id\":\"https:\\\/\\\/fjala.info\\\/2009-2015\\\/detyra-eshte-e-imja-pushteti-eshte-juaji\\\/#article\",\"isPartOf\":{\"@id\":\"https:\\\/\\\/fjala.info\\\/2009-2015\\\/detyra-eshte-e-imja-pushteti-eshte-juaji\\\/\"},\"author\":{\"name\":\"admin\",\"@id\":\"https:\\\/\\\/fjala.info\\\/2009-2015\\\/#\\\/schema\\\/person\\\/3aa1163ef05469c496fc94e77611ada2\"},\"headline\":\"Detyra \u00ebsht\u00eb e imja, pushteti \u00ebsht\u00eb juaji\",\"datePublished\":\"2013-06-25T20:57:01+00:00\",\"mainEntityOfPage\":{\"@id\":\"https:\\\/\\\/fjala.info\\\/2009-2015\\\/detyra-eshte-e-imja-pushteti-eshte-juaji\\\/\"},\"wordCount\":1323,\"commentCount\":0,\"publisher\":{\"@id\":\"https:\\\/\\\/fjala.info\\\/2009-2015\\\/#organization\"},\"image\":{\"@id\":\"https:\\\/\\\/fjala.info\\\/2009-2015\\\/detyra-eshte-e-imja-pushteti-eshte-juaji\\\/#primaryimage\"},\"thumbnailUrl\":\"http:\\\/\\\/www.fjala.info\\\/2013\\\/rama_kryeminister.jpg\",\"articleSection\":[\"Artikuj\"],\"inLanguage\":\"sq-AL\",\"potentialAction\":[{\"@type\":\"CommentAction\",\"name\":\"Comment\",\"target\":[\"https:\\\/\\\/fjala.info\\\/2009-2015\\\/detyra-eshte-e-imja-pushteti-eshte-juaji\\\/#respond\"]}]},{\"@type\":\"WebPage\",\"@id\":\"https:\\\/\\\/fjala.info\\\/2009-2015\\\/detyra-eshte-e-imja-pushteti-eshte-juaji\\\/\",\"url\":\"https:\\\/\\\/fjala.info\\\/2009-2015\\\/detyra-eshte-e-imja-pushteti-eshte-juaji\\\/\",\"name\":\"Detyra \u00ebsht\u00eb e imja, pushteti \u00ebsht\u00eb juaji - FjALA e LIR\u00cb - Arkivi\",\"isPartOf\":{\"@id\":\"https:\\\/\\\/fjala.info\\\/2009-2015\\\/#website\"},\"primaryImageOfPage\":{\"@id\":\"https:\\\/\\\/fjala.info\\\/2009-2015\\\/detyra-eshte-e-imja-pushteti-eshte-juaji\\\/#primaryimage\"},\"image\":{\"@id\":\"https:\\\/\\\/fjala.info\\\/2009-2015\\\/detyra-eshte-e-imja-pushteti-eshte-juaji\\\/#primaryimage\"},\"thumbnailUrl\":\"http:\\\/\\\/www.fjala.info\\\/2013\\\/rama_kryeminister.jpg\",\"datePublished\":\"2013-06-25T20:57:01+00:00\",\"breadcrumb\":{\"@id\":\"https:\\\/\\\/fjala.info\\\/2009-2015\\\/detyra-eshte-e-imja-pushteti-eshte-juaji\\\/#breadcrumb\"},\"inLanguage\":\"sq-AL\",\"potentialAction\":[{\"@type\":\"ReadAction\",\"target\":[\"https:\\\/\\\/fjala.info\\\/2009-2015\\\/detyra-eshte-e-imja-pushteti-eshte-juaji\\\/\"]}]},{\"@type\":\"ImageObject\",\"inLanguage\":\"sq-AL\",\"@id\":\"https:\\\/\\\/fjala.info\\\/2009-2015\\\/detyra-eshte-e-imja-pushteti-eshte-juaji\\\/#primaryimage\",\"url\":\"http:\\\/\\\/www.fjala.info\\\/2013\\\/rama_kryeminister.jpg\",\"contentUrl\":\"http:\\\/\\\/www.fjala.info\\\/2013\\\/rama_kryeminister.jpg\"},{\"@type\":\"BreadcrumbList\",\"@id\":\"https:\\\/\\\/fjala.info\\\/2009-2015\\\/detyra-eshte-e-imja-pushteti-eshte-juaji\\\/#breadcrumb\",\"itemListElement\":[{\"@type\":\"ListItem\",\"position\":1,\"name\":\"Home\",\"item\":\"https:\\\/\\\/fjala.info\\\/2009-2015\\\/\"},{\"@type\":\"ListItem\",\"position\":2,\"name\":\"Detyra \u00ebsht\u00eb e imja, pushteti \u00ebsht\u00eb juaji\"}]},{\"@type\":\"WebSite\",\"@id\":\"https:\\\/\\\/fjala.info\\\/2009-2015\\\/#website\",\"url\":\"https:\\\/\\\/fjala.info\\\/2009-2015\\\/\",\"name\":\"FjALA e LIR\u00cb - Arkivi\",\"description\":\"Arkivi 2009-2015\",\"publisher\":{\"@id\":\"https:\\\/\\\/fjala.info\\\/2009-2015\\\/#organization\"},\"potentialAction\":[{\"@type\":\"SearchAction\",\"target\":{\"@type\":\"EntryPoint\",\"urlTemplate\":\"https:\\\/\\\/fjala.info\\\/2009-2015\\\/?s={search_term_string}\"},\"query-input\":{\"@type\":\"PropertyValueSpecification\",\"valueRequired\":true,\"valueName\":\"search_term_string\"}}],\"inLanguage\":\"sq-AL\"},{\"@type\":\"Organization\",\"@id\":\"https:\\\/\\\/fjala.info\\\/2009-2015\\\/#organization\",\"name\":\"FjALA e LIR\u00cb - Arkivi\",\"url\":\"https:\\\/\\\/fjala.info\\\/2009-2015\\\/\",\"logo\":{\"@type\":\"ImageObject\",\"inLanguage\":\"sq-AL\",\"@id\":\"https:\\\/\\\/fjala.info\\\/2009-2015\\\/#\\\/schema\\\/logo\\\/image\\\/\",\"url\":\"\",\"contentUrl\":\"\",\"caption\":\"FjALA e LIR\u00cb - Arkivi\"},\"image\":{\"@id\":\"https:\\\/\\\/fjala.info\\\/2009-2015\\\/#\\\/schema\\\/logo\\\/image\\\/\"}},{\"@type\":\"Person\",\"@id\":\"https:\\\/\\\/fjala.info\\\/2009-2015\\\/#\\\/schema\\\/person\\\/3aa1163ef05469c496fc94e77611ada2\",\"name\":\"admin\",\"image\":{\"@type\":\"ImageObject\",\"inLanguage\":\"sq-AL\",\"@id\":\"https:\\\/\\\/fjala.info\\\/2009-2015\\\/wp-content\\\/uploads\\\/2012\\\/02\\\/arben_cokaj-120x150.jpg\",\"url\":\"https:\\\/\\\/fjala.info\\\/2009-2015\\\/wp-content\\\/uploads\\\/2012\\\/02\\\/arben_cokaj-120x150.jpg\",\"contentUrl\":\"https:\\\/\\\/fjala.info\\\/2009-2015\\\/wp-content\\\/uploads\\\/2012\\\/02\\\/arben_cokaj-120x150.jpg\",\"caption\":\"admin\"},\"description\":\"Admin, Fjala e Lir\u00eb\",\"sameAs\":[\"https:\\\/\\\/fjala.info\\\/\"],\"url\":\"https:\\\/\\\/fjala.info\\\/2009-2015\\\/author\\\/admin\\\/\"}]}<\/script>\n<!-- \/ Yoast SEO plugin. -->","yoast_head_json":{"title":"Detyra \u00ebsht\u00eb e imja, pushteti \u00ebsht\u00eb juaji - FjALA e LIR\u00cb - Arkivi","robots":{"index":"index","follow":"follow","max-snippet":"max-snippet:-1","max-image-preview":"max-image-preview:large","max-video-preview":"max-video-preview:-1"},"canonical":"https:\/\/fjala.info\/2009-2015\/detyra-eshte-e-imja-pushteti-eshte-juaji\/","og_locale":"sq_AL","og_type":"article","og_title":"Detyra \u00ebsht\u00eb e imja, pushteti \u00ebsht\u00eb juaji - FjALA e LIR\u00cb - Arkivi","og_description":"Nga Edi Rama, 25 Qershor 2013 P\u00ebrpara nj\u00eb turme entuziaste, kryetari i PS, Edi Rama mbajti t\u00eb parin fjalim si kryeminist\u00ebr. Gjeni m\u00eb posht\u00eb tekstin: Sot, ju, populli i Shqip\u00ebris\u00eb, vendos\u00ebt t\u00eb ma ngarkoni mua dhe skuadr\u00ebs son\u00eb komb\u00ebtare t\u00eb Rilindjes, s\u00eb bashku dhe n\u00eb m\u00ebnyr\u00eb t\u00eb pandar\u00eb me partner\u00ebt tan\u00eb strategjik\u00eb t\u00eb LSI, k\u00ebt\u00eb [&hellip;]","og_url":"https:\/\/fjala.info\/2009-2015\/detyra-eshte-e-imja-pushteti-eshte-juaji\/","og_site_name":"FjALA e LIR\u00cb - Arkivi","article_published_time":"2013-06-25T20:57:01+00:00","og_image":[{"url":"http:\/\/www.fjala.info\/2013\/rama_kryeminister.jpg","type":"","width":"","height":""}],"author":"admin","twitter_card":"summary_large_image","twitter_misc":{"Written by":"admin","Est. reading time":"7 minutes"},"schema":{"@context":"https:\/\/schema.org","@graph":[{"@type":"Article","@id":"https:\/\/fjala.info\/2009-2015\/detyra-eshte-e-imja-pushteti-eshte-juaji\/#article","isPartOf":{"@id":"https:\/\/fjala.info\/2009-2015\/detyra-eshte-e-imja-pushteti-eshte-juaji\/"},"author":{"name":"admin","@id":"https:\/\/fjala.info\/2009-2015\/#\/schema\/person\/3aa1163ef05469c496fc94e77611ada2"},"headline":"Detyra \u00ebsht\u00eb e imja, pushteti \u00ebsht\u00eb juaji","datePublished":"2013-06-25T20:57:01+00:00","mainEntityOfPage":{"@id":"https:\/\/fjala.info\/2009-2015\/detyra-eshte-e-imja-pushteti-eshte-juaji\/"},"wordCount":1323,"commentCount":0,"publisher":{"@id":"https:\/\/fjala.info\/2009-2015\/#organization"},"image":{"@id":"https:\/\/fjala.info\/2009-2015\/detyra-eshte-e-imja-pushteti-eshte-juaji\/#primaryimage"},"thumbnailUrl":"http:\/\/www.fjala.info\/2013\/rama_kryeminister.jpg","articleSection":["Artikuj"],"inLanguage":"sq-AL","potentialAction":[{"@type":"CommentAction","name":"Comment","target":["https:\/\/fjala.info\/2009-2015\/detyra-eshte-e-imja-pushteti-eshte-juaji\/#respond"]}]},{"@type":"WebPage","@id":"https:\/\/fjala.info\/2009-2015\/detyra-eshte-e-imja-pushteti-eshte-juaji\/","url":"https:\/\/fjala.info\/2009-2015\/detyra-eshte-e-imja-pushteti-eshte-juaji\/","name":"Detyra \u00ebsht\u00eb e imja, pushteti \u00ebsht\u00eb juaji - FjALA e LIR\u00cb - Arkivi","isPartOf":{"@id":"https:\/\/fjala.info\/2009-2015\/#website"},"primaryImageOfPage":{"@id":"https:\/\/fjala.info\/2009-2015\/detyra-eshte-e-imja-pushteti-eshte-juaji\/#primaryimage"},"image":{"@id":"https:\/\/fjala.info\/2009-2015\/detyra-eshte-e-imja-pushteti-eshte-juaji\/#primaryimage"},"thumbnailUrl":"http:\/\/www.fjala.info\/2013\/rama_kryeminister.jpg","datePublished":"2013-06-25T20:57:01+00:00","breadcrumb":{"@id":"https:\/\/fjala.info\/2009-2015\/detyra-eshte-e-imja-pushteti-eshte-juaji\/#breadcrumb"},"inLanguage":"sq-AL","potentialAction":[{"@type":"ReadAction","target":["https:\/\/fjala.info\/2009-2015\/detyra-eshte-e-imja-pushteti-eshte-juaji\/"]}]},{"@type":"ImageObject","inLanguage":"sq-AL","@id":"https:\/\/fjala.info\/2009-2015\/detyra-eshte-e-imja-pushteti-eshte-juaji\/#primaryimage","url":"http:\/\/www.fjala.info\/2013\/rama_kryeminister.jpg","contentUrl":"http:\/\/www.fjala.info\/2013\/rama_kryeminister.jpg"},{"@type":"BreadcrumbList","@id":"https:\/\/fjala.info\/2009-2015\/detyra-eshte-e-imja-pushteti-eshte-juaji\/#breadcrumb","itemListElement":[{"@type":"ListItem","position":1,"name":"Home","item":"https:\/\/fjala.info\/2009-2015\/"},{"@type":"ListItem","position":2,"name":"Detyra \u00ebsht\u00eb e imja, pushteti \u00ebsht\u00eb juaji"}]},{"@type":"WebSite","@id":"https:\/\/fjala.info\/2009-2015\/#website","url":"https:\/\/fjala.info\/2009-2015\/","name":"FjALA e LIR\u00cb - Arkivi","description":"Arkivi 2009-2015","publisher":{"@id":"https:\/\/fjala.info\/2009-2015\/#organization"},"potentialAction":[{"@type":"SearchAction","target":{"@type":"EntryPoint","urlTemplate":"https:\/\/fjala.info\/2009-2015\/?s={search_term_string}"},"query-input":{"@type":"PropertyValueSpecification","valueRequired":true,"valueName":"search_term_string"}}],"inLanguage":"sq-AL"},{"@type":"Organization","@id":"https:\/\/fjala.info\/2009-2015\/#organization","name":"FjALA e LIR\u00cb - Arkivi","url":"https:\/\/fjala.info\/2009-2015\/","logo":{"@type":"ImageObject","inLanguage":"sq-AL","@id":"https:\/\/fjala.info\/2009-2015\/#\/schema\/logo\/image\/","url":"","contentUrl":"","caption":"FjALA e LIR\u00cb - Arkivi"},"image":{"@id":"https:\/\/fjala.info\/2009-2015\/#\/schema\/logo\/image\/"}},{"@type":"Person","@id":"https:\/\/fjala.info\/2009-2015\/#\/schema\/person\/3aa1163ef05469c496fc94e77611ada2","name":"admin","image":{"@type":"ImageObject","inLanguage":"sq-AL","@id":"https:\/\/fjala.info\/2009-2015\/wp-content\/uploads\/2012\/02\/arben_cokaj-120x150.jpg","url":"https:\/\/fjala.info\/2009-2015\/wp-content\/uploads\/2012\/02\/arben_cokaj-120x150.jpg","contentUrl":"https:\/\/fjala.info\/2009-2015\/wp-content\/uploads\/2012\/02\/arben_cokaj-120x150.jpg","caption":"admin"},"description":"Admin, Fjala e Lir\u00eb","sameAs":["https:\/\/fjala.info\/"],"url":"https:\/\/fjala.info\/2009-2015\/author\/admin\/"}]}},"_links":{"self":[{"href":"https:\/\/fjala.info\/2009-2015\/wp-json\/wp\/v2\/posts\/12884","targetHints":{"allow":["GET"]}}],"collection":[{"href":"https:\/\/fjala.info\/2009-2015\/wp-json\/wp\/v2\/posts"}],"about":[{"href":"https:\/\/fjala.info\/2009-2015\/wp-json\/wp\/v2\/types\/post"}],"author":[{"embeddable":true,"href":"https:\/\/fjala.info\/2009-2015\/wp-json\/wp\/v2\/users\/1"}],"replies":[{"embeddable":true,"href":"https:\/\/fjala.info\/2009-2015\/wp-json\/wp\/v2\/comments?post=12884"}],"version-history":[{"count":0,"href":"https:\/\/fjala.info\/2009-2015\/wp-json\/wp\/v2\/posts\/12884\/revisions"}],"wp:attachment":[{"href":"https:\/\/fjala.info\/2009-2015\/wp-json\/wp\/v2\/media?parent=12884"}],"wp:term":[{"taxonomy":"category","embeddable":true,"href":"https:\/\/fjala.info\/2009-2015\/wp-json\/wp\/v2\/categories?post=12884"},{"taxonomy":"post_tag","embeddable":true,"href":"https:\/\/fjala.info\/2009-2015\/wp-json\/wp\/v2\/tags?post=12884"}],"curies":[{"name":"wp","href":"https:\/\/api.w.org\/{rel}","templated":true}]}}