{"id":12883,"date":"2013-06-25T15:08:11","date_gmt":"2013-06-25T14:08:11","guid":{"rendered":"http:\/\/fjala.info\/?p=3349"},"modified":"2013-06-25T15:08:11","modified_gmt":"2013-06-25T14:08:11","slug":"zgjedhjet-qe-prishen-ligjesite-e-tranzicionit","status":"publish","type":"post","link":"https:\/\/fjala.info\/2009-2015\/zgjedhjet-qe-prishen-ligjesite-e-tranzicionit\/","title":{"rendered":"Zgjedhjet q\u00eb prish\u00ebn ligj\u00ebsit\u00eb e tranzicionit"},"content":{"rendered":"<p><img decoding=\"async\" class=\"alignright size-thumbnail wp-image-7236\" title=\"Mentor Nazarko\" alt=\"\" src=\"http:\/\/www.fjala.info\/2012\/mentor_nazarko.jpg\" width=\"150\" \/> Nga <strong>Mentor Nazarko<\/strong>, <em>25.06.2013<\/em><\/p>\n<p>mentor-nazarkoQytetar\u00ebt shqiptar\u00eb votuan dje n\u00eb m\u00ebnyr\u00eb masive duke ia dal\u00eb t\u00eb tejkalojn\u00eb ngjarjen e r\u00ebnd\u00eb q\u00eb ndodhi n\u00eb qytetin e La\u00e7it, ku nj\u00eb qytetar mb\u00ebshtet\u00ebs. Nuk ka mbaruar nj\u00eb pjes\u00eb e r\u00ebnd\u00ebsishme e procesit zgjedhor, por disa mesazhe mund t\u00eb nxirren q\u00eb tani n\u00eb t\u00eb nxeht\u00eb, kur rezultati s\u2019ka marr\u00eb ende form\u00eb p\u00ebrfundimtare. Ka nj\u00eb rrethan\u00eb q\u00eb ta leht\u00ebson identifikimin e k\u00ebtyre mesazheve. Prirja n\u00eb rezultat q\u00eb kan\u00eb shfaqur kutit\u00eb e para t\u00eb hapura po vazhdon me kok\u00ebfort\u00ebsi, dhe duke pasur parasysh rendin e \u00e7rregullt t\u00eb hapjes s\u00eb kutive, at\u00ebher\u00eb duhet besuar se kjo prirje do t\u00eb respektohet deri n\u00eb fund.<\/p>\n<p>Radha e paraqitjes s\u00eb mesazheve t\u00eb m\u00ebposhtme nuk mb\u00ebshtetet mbi r\u00ebnd\u00ebsin\u00eb, por mbi rendin e shfaqjes s\u00eb tyre. P\u00ebrfundimi m\u00eb i r\u00ebnd\u00ebsish\u00ebm i k\u00ebtyre zgjedhjeve, nj\u00eb p\u00ebrfundim politikisht neutral, \u00ebsht\u00eb se k\u00ebto zgjedhje sh\u00ebnuan prishje t\u00eb shum\u00eb ligj\u00ebsive apo rregullave t\u00eb pashkruara q\u00eb kan\u00eb qeverisur ballafaqimet zgjedhore t\u00eb shqiptar\u00ebve n\u00eb koh\u00eb t\u00eb pluralizmit apo t\u00eb tranzicionit shqiptar. N\u00eb k\u00ebt\u00eb kuptim ato jan\u00eb votimet m\u00eb t\u00eb r\u00ebnd\u00ebsishme t\u00eb t\u00eb gjith\u00eb koh\u00ebs s\u00eb pluralizmit apo t\u00eb tranzicionit.<\/p>\n<p>Po i marrim me radh\u00eb ligj\u00ebsit\u00eb e v\u00ebna n\u00eb diskutim. K\u00ebto zgjedhje treguan se trupa administruese e zgjedhjeve funksionale e mb\u00ebshtetur mbi parimin e kontrollit reciprok t\u00eb pal\u00ebve s\u2019ofron garanci q\u00eb subjektet e reja, partit\u00eb e vogla, q\u00eb s\u2019duan t\u00eb hyjn\u00eb n\u00eb ombrell\u00ebn e partive t\u00eb m\u00ebdha, do marrin ato vota q\u00eb meritojn\u00eb. Pra s\u2019garanton dot zgjedhje t\u00eb drejta, ashtu si dhe krijon probleme t\u00eb reja n\u00eb raport me zgjedhjet e 2011-s! Rezultoi q\u00eb KQZ-ja mund t\u00eb funksiononte dhe pa an\u00ebtar\u00ebt e opozit\u00ebs, megjith\u00ebse tani me shum\u00eb gjas\u00eb ata duhet t\u00eb p\u00ebrfshihen n\u00eb p\u00ebrb\u00ebrjen e tij. N\u00eb p\u00ebrfundim, ky Kod duhet t\u00eb rishikohet rr\u00ebnj\u00ebsisht, p\u00ebr t\u00eb siguruar nj\u00eb administrim zgjedhor politikisht neutral, me rregulla t\u00eb thjeshta dhe nd\u00ebshkime t\u00eb forta.<\/p>\n<p>S\u00eb dyti, k\u00ebto zgjedhje prish\u00ebn nj\u00eb ligj\u00ebsi tjet\u00ebr. Sipas saj, edhe n\u00ebp\u00ebrmjet trukeve administrative, ndarjes s\u00eb mandateve, aksiom\u00ebs sipas s\u00eb cil\u00ebs dy blloqet jan\u00eb thuajse t\u00eb barabarta p\u00ebrball\u00eb kufizimeve t\u00eb proporcionalit komb\u00ebtar, besohej se dy aleancat politike do fitonin me diferenc\u00eb t\u00eb ngusht\u00eb ndaj nj\u00ebratjetr\u00ebs. Por nuk ndodhi k\u00ebshtu. D\u00ebshira popullore p\u00ebr ndryshim i theu vargonjt\u00eb e proporcionalit komb\u00ebtar dhe siguroi diferenc\u00eb shum\u00eb t\u00eb thell\u00eb mes pal\u00ebve.<\/p>\n<p>S\u00eb treti, v\u00ebrtetimi i nj\u00eb situate t\u00eb till\u00eb nxori jasht\u00eb loje gjith\u00eb t\u00eb ashtuquajturin aparat analitik, parashikues t\u00eb k\u00ebsaj shoq\u00ebrie, nj\u00eb pjes\u00eb t\u00eb mir\u00eb t\u00eb mediave, q\u00eb t\u00eb rreshtuar haptas apo fshehtas me qeverin\u00eb, donin t\u00eb b\u00ebnin t\u00eb besueshme nj\u00eb hipotez\u00eb t\u00eb till\u00eb. Sugjestioni nga nj\u00eb forc\u00eb e till\u00eb manipuluese ishte aq i madh, sa dhe kompanit\u00eb e sondazheve donin ta p\u00ebrafronin rezultatin e tyre me k\u00ebt\u00eb besim q\u00eb artikulohej fort, dhe intensivisht se zgjedhjet do t\u00eb ishin \u201drrot\u00eb m\u00eb rrot\u00eb\u201d. Kjo forc\u00eb manipuluese futi n\u00eb qarkullim lloj-lloj aksiomash t\u00eb mb\u00ebshtetura mbi gjoja premisa morale, premisa matematikore, nga p\u00ebrzierja e t\u00eb dyjave.<\/p>\n<p>T\u00eb gjitha rezultuan konstruksione jo thjesht propagandistike, por dhe tymnaj\u00eb p\u00ebr nj\u00eb manipulim eventual t\u00eb zgjedhjeve n\u00ebse rezultati do ishte i ngusht\u00eb. Rreshtimi i shum\u00eb individ\u00ebve n\u00eb favor t\u00eb propagandimit t\u00eb k\u00ebtij skenari duhet t\u2019i b\u00ebj\u00eb me turp k\u00ebta individ\u00eb. Por ndoshta ky rreshtim \u00ebsht\u00eb produkt i q\u00ebndrimit t\u00eb gjat\u00eb n\u00eb pushtet t\u00eb nj\u00eb partie. Ajo prodhon aq shum\u00eb interesa, sa rrjeta e tyre duke kufizuar lirin\u00eb, fut brenda saj media, individ\u00eb, l\u00ebnd\u00eb t\u00eb hirt\u00eb, por n\u00eb fund ajo d\u00ebshtoi: populli nuk g\u00ebnjehet.<\/p>\n<p>S\u00eb kat\u00ebrti, u v\u00ebrtetua se krijimi i nj\u00eb aparati ndikues, presioni, kusht\u00ebzimesh mbi administrat\u00ebn publike q\u00eb prodhonte realitete virtuale si mitingjet uragan t\u00eb qeveris\u00eb apo t\u00eb taunholleve intensive, numrit gjigant t\u00eb votave t\u00eb garantuara n\u00eb letrat e firmosura sjell\u00eb nga pjes\u00ebtar\u00ebt e administrat\u00ebs publike etj., nuk funksionon m\u00eb. Pra administrata publike duhet l\u00ebn\u00eb e lir\u00eb, t\u00eb depolitizohet, t\u00eb funksionoj\u00eb mbi meritokracin\u00eb, dhe rrug\u00ebt e k\u00ebrkimit t\u00eb konsensusit elektoral t\u00eb jen\u00eb ato tipiket n\u00eb vendet per\u00ebndimore, p\u00ebrndryshe gjithmon\u00eb qeverit\u00eb do g\u00ebnjehen se do fitojn\u00eb zgjedhjet, por dikur ato do t\u2019i humbin.<\/p>\n<p>S\u00eb pesti, k\u00ebto zgjedhje sh\u00ebnuan v\u00ebrtetimin e di\u00e7kaje q\u00eb ndihej n\u00eb aj\u00ebr me ndryshimet e koalicioneve, me rreshtime individ\u00ebsh n\u00eb tabor\u00ebt e kund\u00ebrt n\u00eb momentin e fundit. Ndarja ideologjike, p\u00ebrkat\u00ebsisht votimi ideologjik, nuk q\u00ebndron m\u00eb. S\u2019q\u00ebndron m\u00eb sepse ran\u00eb bastionet e pal\u00ebve, me ndonj\u00eb p\u00ebrjashtim t\u00eb vog\u00ebl. S\u2019q\u00ebndron sepse me shum\u00eb gjas\u00eb LSI-ja, n\u00eb rritjen e vet, me siguri ka marr\u00eb vota t\u00eb djathta. Pra, megjith\u00ebse ajo shkoi majtas si koalicion, mori dhe vota djathtas, dhe k\u00ebshtu shpjegohet rritja e saj, ve\u00e7an\u00ebrisht n\u00eb Veri. Madje dhe PS-ja ka marr\u00eb vota t\u00eb djathta.<\/p>\n<p>S\u00eb gjashti, si pasoj\u00eb e p\u00ebrfundimit t\u00eb m\u00ebsip\u00ebrm, u rr\u00ebzua dhe ndarja e famshme se Jugu voton p\u00ebr PS-n\u00eb dhe Veriu p\u00ebr PD-n\u00eb, t\u00eb cilit PD-ja i sh\u00ebrbeu shum\u00eb, ve\u00e7an\u00ebrisht n\u00eb fund. Ndryshimi radikal i Shkodr\u00ebs, i Lezh\u00ebs, i Dibr\u00ebs, dhe afrimi mes pal\u00ebve n\u00eb qarkun e Kuk\u00ebsit, e v\u00ebrteton k\u00ebt\u00eb.<\/p>\n<p>S\u00eb shtati, ky votim ishte nj\u00eb votim shum\u00eb i pjekur popullor p\u00ebr shum\u00eb arsye. Vendi \u00ebsht\u00eb n\u00eb periudh\u00eb krize dhe ka nevoj\u00eb p\u00ebr qeverisje t\u00eb fort\u00eb, pra i duhej nj\u00eb shumic\u00eb e fort\u00eb. Ishte i pjekur sepse shmangu r\u00ebnien n\u00eb kushtet e nj\u00eb regjimi t\u00eb kontrolluar nga nj\u00eb person: n\u00ebse PDja do t\u00eb fitonte k\u00ebto zgjedhje, me shum\u00eb gjasa, sipas skenar\u00ebve t\u00eb ish-republikave sovjetike apo t\u00eb Italis\u00eb, ku e nj\u00ebjta parti qeverisi p\u00ebr afro 40 vjet, do t\u00eb fitonte dhe mandatin e kat\u00ebrt. N\u00eb nj\u00eb shtet t\u00eb vog\u00ebl si Shqip\u00ebria, mund\u00ebsia q\u00eb qeveria t\u00eb kontrolloj\u00eb shoq\u00ebrin\u00eb, mediat, edhe n\u00ebp\u00ebrmjet ndihm\u00ebs s\u00eb mafies, p\u00ebrkat\u00ebsisht krimit t\u00eb organizuar, \u00ebsht\u00eb reale. Nd\u00ebrkoh\u00eb edhe vota p\u00ebr LSI-n\u00eb, n\u00eb k\u00ebt\u00eb p\u00ebrmas\u00eb, si partnerja e dyt\u00eb e koalicionit, ngjajn\u00eb si garantuese p\u00ebr at\u00eb forc\u00eb kontrolli q\u00eb i duhet nj\u00eb partie apo nj\u00eb lideri si zoti Rama, q\u00eb akuzohet p\u00ebr prirje autoritariste.<\/p>\n<p>S\u00eb teti, ky votim kaq i madh n\u00eb favor t\u00eb s\u00eb majt\u00ebs ka si shkak kryesor d\u00ebshir\u00ebn popullore p\u00ebr largimin e Berish\u00ebs nga skena politike. Berisha kontrolloi gjith\u00e7ka n\u00eb k\u00ebt\u00eb fushat\u00eb, pasi kontrollonte gjat\u00eb 8 vjet\u00ebve t\u00ebr\u00eb jet\u00ebn institucionale, ekonomike dhe politike t\u00eb vendit. Me k\u00ebt\u00eb prani t\u00eb madhe t\u00eb tij edhe slogani i PD-s\u00eb mbi ndryshimin (q\u00eb ishte po vet\u00eb Berisha) ngjante qesharak. P\u00ebr pasoj\u00eb, ai, por dhe ekipi i tij m\u00eb i ngusht\u00eb, q\u00eb sh\u00ebnuan humbje t\u00eb m\u00ebdha n\u00eb zona si Shkodra, Fieri, Durr\u00ebsi, Vlora, Gjirokastra (m\u00eb pak Kor\u00e7a dhe Tirana), jan\u00eb t\u00eb d\u00ebnuarit kryesor\u00eb t\u00eb k\u00ebtyre zgjedhjeve. Ky rezultat i l\u00eb aspak shanse atij t\u00eb vazhdoj\u00eb t\u00eb dominoj\u00eb Partin\u00eb Demokratike apo t\u00eb mbetet n\u00eb politik\u00eb, dhe k\u00ebshtu duhet t\u00eb ndodhte n\u00eb nj\u00eb parti normale, por kjo mbetet ende p\u00ebr t\u2019u par\u00eb. Edhe votimi me shumic\u00eb i PDIU-s\u00eb, i PR-s\u00eb, tregon alergjin\u00eb brenda popullit t\u00eb djatht\u00eb p\u00ebr Sali Berish\u00ebn.<\/p>\n<p>N\u00eb pamund\u00ebsi p\u00ebr t\u2019ia hedhur k\u00ebt\u00eb vot\u00eb s\u00eb majt\u00ebs, k\u00ebta votues kan\u00eb zgjedhur parti t\u00eb tjera brenda koalicionit. Brenda k\u00ebtij koalicioni, duhet ve\u00e7uar megjithat\u00eb PDIU-ja, e cila nuk ia detyron arritjet e veta vet\u00ebm k\u00ebsaj alergjie, por dhe faktit q\u00eb i \u00ebsht\u00eb p\u00ebrmbajtur nj\u00eb programi, nj\u00eb ligj\u00ebrimi, nj\u00eb kauze t\u00eb munguar tek t\u00eb tjer\u00ebt n\u00eb m\u00ebnyr\u00eb t\u00eb q\u00ebndrueshme, pa u l\u00ebkundur dhe pa agresivitet. Por k\u00ebto zgjedhje, megjithat\u00eb, sh\u00ebnuan triumfin e Edi Ram\u00ebs. Pra Partia Socialiste nuk po fiton vet\u00ebm pse po humb Berisha, por pse Rama u votua masivisht.<\/p>\n<p>Ky rezultat u arrit me nj\u00eb pjes\u00ebmarrje t\u00eb madhe n\u00eb votime, pra PS-ja ka marr\u00eb m\u00eb shum\u00eb vota n\u00eb nivel absolut sesa n\u00eb vitin 2011 apo n\u00eb 2009 dhe PSja e vetme mund t\u00eb arrij\u00eb afro gjysm\u00ebn e Parlamentit. M\u00eb n\u00eb fund edhe zgjedhja e Ram\u00ebs p\u00ebr t\u00eb thirrur Met\u00ebn n\u00eb koalicion nuk u paragjykua as mbi baza morale, dhe as mbi baza pragmatike. K\u00ebto jan\u00eb disa p\u00ebrfundime n\u00eb t\u00eb nxeht\u00eb n\u00eb lidhje me k\u00ebto zgjedhje. Nj\u00eb pjes\u00eb e tyre mund t\u00eb rishikohen prej rezultatit p\u00ebrfundimtar apo mund t\u00eb plot\u00ebsohen me t\u00eb tjer\u00eb. Por \u00e7ka ngjan se \u00ebsht\u00eb konsoliduar mbetet p\u00ebrfundimi mbi prishjen e ligj\u00ebsive. A ishin ligj\u00ebsit\u00eb e tranzicionit ato \u00e7ka u prish\u00ebn, dhe me ikjen e Berish\u00ebs shtohen shanset e daljes nga tranzicioni, kjo mbetet p\u00ebr t\u2019u par\u00eb.<\/p>\n<p>Burimi: <em>Panorama<\/em><\/p>\n","protected":false},"excerpt":{"rendered":"<p>Nga Mentor Nazarko, 25.06.2013 mentor-nazarkoQytetar\u00ebt shqiptar\u00eb votuan dje n\u00eb m\u00ebnyr\u00eb masive duke ia dal\u00eb t\u00eb tejkalojn\u00eb ngjarjen e r\u00ebnd\u00eb q\u00eb ndodhi n\u00eb qytetin e La\u00e7it, ku nj\u00eb qytetar mb\u00ebshtet\u00ebs. Nuk ka mbaruar nj\u00eb pjes\u00eb e r\u00ebnd\u00ebsishme e procesit zgjedhor, por disa mesazhe mund t\u00eb nxirren q\u00eb tani n\u00eb t\u00eb nxeht\u00eb, kur rezultati s\u2019ka marr\u00eb ende [&hellip;]<\/p>\n","protected":false},"author":1,"featured_media":0,"comment_status":"open","ping_status":"closed","sticky":false,"template":"","format":"standard","meta":{"footnotes":""},"categories":[2],"tags":[],"class_list":{"0":"post-12883","1":"post","2":"type-post","3":"status-publish","4":"format-standard","6":"category-artikuj"},"yoast_head":"<!-- This site is optimized with the Yoast SEO plugin v27.4 - https:\/\/yoast.com\/product\/yoast-seo-wordpress\/ -->\n<title>Zgjedhjet q\u00eb prish\u00ebn ligj\u00ebsit\u00eb e tranzicionit - FjALA e LIR\u00cb - Arkivi<\/title>\n<meta name=\"robots\" content=\"index, follow, max-snippet:-1, max-image-preview:large, max-video-preview:-1\" \/>\n<link rel=\"canonical\" href=\"https:\/\/fjala.info\/2009-2015\/zgjedhjet-qe-prishen-ligjesite-e-tranzicionit\/\" \/>\n<meta property=\"og:locale\" content=\"sq_AL\" \/>\n<meta property=\"og:type\" content=\"article\" \/>\n<meta property=\"og:title\" content=\"Zgjedhjet q\u00eb prish\u00ebn ligj\u00ebsit\u00eb e tranzicionit - FjALA e LIR\u00cb - Arkivi\" \/>\n<meta property=\"og:description\" content=\"Nga Mentor Nazarko, 25.06.2013 mentor-nazarkoQytetar\u00ebt shqiptar\u00eb votuan dje n\u00eb m\u00ebnyr\u00eb masive duke ia dal\u00eb t\u00eb tejkalojn\u00eb ngjarjen e r\u00ebnd\u00eb q\u00eb ndodhi n\u00eb qytetin e La\u00e7it, ku nj\u00eb qytetar mb\u00ebshtet\u00ebs. Nuk ka mbaruar nj\u00eb pjes\u00eb e r\u00ebnd\u00ebsishme e procesit zgjedhor, por disa mesazhe mund t\u00eb nxirren q\u00eb tani n\u00eb t\u00eb nxeht\u00eb, kur rezultati s\u2019ka marr\u00eb ende [&hellip;]\" \/>\n<meta property=\"og:url\" content=\"https:\/\/fjala.info\/2009-2015\/zgjedhjet-qe-prishen-ligjesite-e-tranzicionit\/\" \/>\n<meta property=\"og:site_name\" content=\"FjALA e LIR\u00cb - Arkivi\" \/>\n<meta property=\"article:published_time\" content=\"2013-06-25T14:08:11+00:00\" \/>\n<meta property=\"og:image\" content=\"http:\/\/www.fjala.info\/2012\/mentor_nazarko.jpg\" \/>\n<meta name=\"author\" content=\"admin\" \/>\n<meta name=\"twitter:card\" content=\"summary_large_image\" \/>\n<meta name=\"twitter:label1\" content=\"Written by\" \/>\n\t<meta name=\"twitter:data1\" content=\"admin\" \/>\n\t<meta name=\"twitter:label2\" content=\"Est. reading time\" \/>\n\t<meta name=\"twitter:data2\" content=\"8 minutes\" \/>\n<script type=\"application\/ld+json\" class=\"yoast-schema-graph\">{\"@context\":\"https:\\\/\\\/schema.org\",\"@graph\":[{\"@type\":\"Article\",\"@id\":\"https:\\\/\\\/fjala.info\\\/2009-2015\\\/zgjedhjet-qe-prishen-ligjesite-e-tranzicionit\\\/#article\",\"isPartOf\":{\"@id\":\"https:\\\/\\\/fjala.info\\\/2009-2015\\\/zgjedhjet-qe-prishen-ligjesite-e-tranzicionit\\\/\"},\"author\":{\"name\":\"admin\",\"@id\":\"https:\\\/\\\/fjala.info\\\/2009-2015\\\/#\\\/schema\\\/person\\\/3aa1163ef05469c496fc94e77611ada2\"},\"headline\":\"Zgjedhjet q\u00eb prish\u00ebn ligj\u00ebsit\u00eb e tranzicionit\",\"datePublished\":\"2013-06-25T14:08:11+00:00\",\"mainEntityOfPage\":{\"@id\":\"https:\\\/\\\/fjala.info\\\/2009-2015\\\/zgjedhjet-qe-prishen-ligjesite-e-tranzicionit\\\/\"},\"wordCount\":1533,\"commentCount\":0,\"publisher\":{\"@id\":\"https:\\\/\\\/fjala.info\\\/2009-2015\\\/#organization\"},\"image\":{\"@id\":\"https:\\\/\\\/fjala.info\\\/2009-2015\\\/zgjedhjet-qe-prishen-ligjesite-e-tranzicionit\\\/#primaryimage\"},\"thumbnailUrl\":\"http:\\\/\\\/www.fjala.info\\\/2012\\\/mentor_nazarko.jpg\",\"articleSection\":[\"Artikuj\"],\"inLanguage\":\"sq-AL\",\"potentialAction\":[{\"@type\":\"CommentAction\",\"name\":\"Comment\",\"target\":[\"https:\\\/\\\/fjala.info\\\/2009-2015\\\/zgjedhjet-qe-prishen-ligjesite-e-tranzicionit\\\/#respond\"]}]},{\"@type\":\"WebPage\",\"@id\":\"https:\\\/\\\/fjala.info\\\/2009-2015\\\/zgjedhjet-qe-prishen-ligjesite-e-tranzicionit\\\/\",\"url\":\"https:\\\/\\\/fjala.info\\\/2009-2015\\\/zgjedhjet-qe-prishen-ligjesite-e-tranzicionit\\\/\",\"name\":\"Zgjedhjet q\u00eb prish\u00ebn ligj\u00ebsit\u00eb e tranzicionit - FjALA e LIR\u00cb - Arkivi\",\"isPartOf\":{\"@id\":\"https:\\\/\\\/fjala.info\\\/2009-2015\\\/#website\"},\"primaryImageOfPage\":{\"@id\":\"https:\\\/\\\/fjala.info\\\/2009-2015\\\/zgjedhjet-qe-prishen-ligjesite-e-tranzicionit\\\/#primaryimage\"},\"image\":{\"@id\":\"https:\\\/\\\/fjala.info\\\/2009-2015\\\/zgjedhjet-qe-prishen-ligjesite-e-tranzicionit\\\/#primaryimage\"},\"thumbnailUrl\":\"http:\\\/\\\/www.fjala.info\\\/2012\\\/mentor_nazarko.jpg\",\"datePublished\":\"2013-06-25T14:08:11+00:00\",\"breadcrumb\":{\"@id\":\"https:\\\/\\\/fjala.info\\\/2009-2015\\\/zgjedhjet-qe-prishen-ligjesite-e-tranzicionit\\\/#breadcrumb\"},\"inLanguage\":\"sq-AL\",\"potentialAction\":[{\"@type\":\"ReadAction\",\"target\":[\"https:\\\/\\\/fjala.info\\\/2009-2015\\\/zgjedhjet-qe-prishen-ligjesite-e-tranzicionit\\\/\"]}]},{\"@type\":\"ImageObject\",\"inLanguage\":\"sq-AL\",\"@id\":\"https:\\\/\\\/fjala.info\\\/2009-2015\\\/zgjedhjet-qe-prishen-ligjesite-e-tranzicionit\\\/#primaryimage\",\"url\":\"http:\\\/\\\/www.fjala.info\\\/2012\\\/mentor_nazarko.jpg\",\"contentUrl\":\"http:\\\/\\\/www.fjala.info\\\/2012\\\/mentor_nazarko.jpg\"},{\"@type\":\"BreadcrumbList\",\"@id\":\"https:\\\/\\\/fjala.info\\\/2009-2015\\\/zgjedhjet-qe-prishen-ligjesite-e-tranzicionit\\\/#breadcrumb\",\"itemListElement\":[{\"@type\":\"ListItem\",\"position\":1,\"name\":\"Home\",\"item\":\"https:\\\/\\\/fjala.info\\\/2009-2015\\\/\"},{\"@type\":\"ListItem\",\"position\":2,\"name\":\"Zgjedhjet q\u00eb prish\u00ebn ligj\u00ebsit\u00eb e tranzicionit\"}]},{\"@type\":\"WebSite\",\"@id\":\"https:\\\/\\\/fjala.info\\\/2009-2015\\\/#website\",\"url\":\"https:\\\/\\\/fjala.info\\\/2009-2015\\\/\",\"name\":\"FjALA e LIR\u00cb - Arkivi\",\"description\":\"Arkivi 2009-2015\",\"publisher\":{\"@id\":\"https:\\\/\\\/fjala.info\\\/2009-2015\\\/#organization\"},\"potentialAction\":[{\"@type\":\"SearchAction\",\"target\":{\"@type\":\"EntryPoint\",\"urlTemplate\":\"https:\\\/\\\/fjala.info\\\/2009-2015\\\/?s={search_term_string}\"},\"query-input\":{\"@type\":\"PropertyValueSpecification\",\"valueRequired\":true,\"valueName\":\"search_term_string\"}}],\"inLanguage\":\"sq-AL\"},{\"@type\":\"Organization\",\"@id\":\"https:\\\/\\\/fjala.info\\\/2009-2015\\\/#organization\",\"name\":\"FjALA e LIR\u00cb - Arkivi\",\"url\":\"https:\\\/\\\/fjala.info\\\/2009-2015\\\/\",\"logo\":{\"@type\":\"ImageObject\",\"inLanguage\":\"sq-AL\",\"@id\":\"https:\\\/\\\/fjala.info\\\/2009-2015\\\/#\\\/schema\\\/logo\\\/image\\\/\",\"url\":\"\",\"contentUrl\":\"\",\"caption\":\"FjALA e LIR\u00cb - Arkivi\"},\"image\":{\"@id\":\"https:\\\/\\\/fjala.info\\\/2009-2015\\\/#\\\/schema\\\/logo\\\/image\\\/\"}},{\"@type\":\"Person\",\"@id\":\"https:\\\/\\\/fjala.info\\\/2009-2015\\\/#\\\/schema\\\/person\\\/3aa1163ef05469c496fc94e77611ada2\",\"name\":\"admin\",\"image\":{\"@type\":\"ImageObject\",\"inLanguage\":\"sq-AL\",\"@id\":\"https:\\\/\\\/fjala.info\\\/2009-2015\\\/wp-content\\\/uploads\\\/2012\\\/02\\\/arben_cokaj-120x150.jpg\",\"url\":\"https:\\\/\\\/fjala.info\\\/2009-2015\\\/wp-content\\\/uploads\\\/2012\\\/02\\\/arben_cokaj-120x150.jpg\",\"contentUrl\":\"https:\\\/\\\/fjala.info\\\/2009-2015\\\/wp-content\\\/uploads\\\/2012\\\/02\\\/arben_cokaj-120x150.jpg\",\"caption\":\"admin\"},\"description\":\"Admin, Fjala e Lir\u00eb\",\"sameAs\":[\"https:\\\/\\\/fjala.info\\\/\"],\"url\":\"https:\\\/\\\/fjala.info\\\/2009-2015\\\/author\\\/admin\\\/\"}]}<\/script>\n<!-- \/ Yoast SEO plugin. -->","yoast_head_json":{"title":"Zgjedhjet q\u00eb prish\u00ebn ligj\u00ebsit\u00eb e tranzicionit - FjALA e LIR\u00cb - Arkivi","robots":{"index":"index","follow":"follow","max-snippet":"max-snippet:-1","max-image-preview":"max-image-preview:large","max-video-preview":"max-video-preview:-1"},"canonical":"https:\/\/fjala.info\/2009-2015\/zgjedhjet-qe-prishen-ligjesite-e-tranzicionit\/","og_locale":"sq_AL","og_type":"article","og_title":"Zgjedhjet q\u00eb prish\u00ebn ligj\u00ebsit\u00eb e tranzicionit - FjALA e LIR\u00cb - Arkivi","og_description":"Nga Mentor Nazarko, 25.06.2013 mentor-nazarkoQytetar\u00ebt shqiptar\u00eb votuan dje n\u00eb m\u00ebnyr\u00eb masive duke ia dal\u00eb t\u00eb tejkalojn\u00eb ngjarjen e r\u00ebnd\u00eb q\u00eb ndodhi n\u00eb qytetin e La\u00e7it, ku nj\u00eb qytetar mb\u00ebshtet\u00ebs. Nuk ka mbaruar nj\u00eb pjes\u00eb e r\u00ebnd\u00ebsishme e procesit zgjedhor, por disa mesazhe mund t\u00eb nxirren q\u00eb tani n\u00eb t\u00eb nxeht\u00eb, kur rezultati s\u2019ka marr\u00eb ende [&hellip;]","og_url":"https:\/\/fjala.info\/2009-2015\/zgjedhjet-qe-prishen-ligjesite-e-tranzicionit\/","og_site_name":"FjALA e LIR\u00cb - Arkivi","article_published_time":"2013-06-25T14:08:11+00:00","og_image":[{"url":"http:\/\/www.fjala.info\/2012\/mentor_nazarko.jpg","type":"","width":"","height":""}],"author":"admin","twitter_card":"summary_large_image","twitter_misc":{"Written by":"admin","Est. reading time":"8 minutes"},"schema":{"@context":"https:\/\/schema.org","@graph":[{"@type":"Article","@id":"https:\/\/fjala.info\/2009-2015\/zgjedhjet-qe-prishen-ligjesite-e-tranzicionit\/#article","isPartOf":{"@id":"https:\/\/fjala.info\/2009-2015\/zgjedhjet-qe-prishen-ligjesite-e-tranzicionit\/"},"author":{"name":"admin","@id":"https:\/\/fjala.info\/2009-2015\/#\/schema\/person\/3aa1163ef05469c496fc94e77611ada2"},"headline":"Zgjedhjet q\u00eb prish\u00ebn ligj\u00ebsit\u00eb e tranzicionit","datePublished":"2013-06-25T14:08:11+00:00","mainEntityOfPage":{"@id":"https:\/\/fjala.info\/2009-2015\/zgjedhjet-qe-prishen-ligjesite-e-tranzicionit\/"},"wordCount":1533,"commentCount":0,"publisher":{"@id":"https:\/\/fjala.info\/2009-2015\/#organization"},"image":{"@id":"https:\/\/fjala.info\/2009-2015\/zgjedhjet-qe-prishen-ligjesite-e-tranzicionit\/#primaryimage"},"thumbnailUrl":"http:\/\/www.fjala.info\/2012\/mentor_nazarko.jpg","articleSection":["Artikuj"],"inLanguage":"sq-AL","potentialAction":[{"@type":"CommentAction","name":"Comment","target":["https:\/\/fjala.info\/2009-2015\/zgjedhjet-qe-prishen-ligjesite-e-tranzicionit\/#respond"]}]},{"@type":"WebPage","@id":"https:\/\/fjala.info\/2009-2015\/zgjedhjet-qe-prishen-ligjesite-e-tranzicionit\/","url":"https:\/\/fjala.info\/2009-2015\/zgjedhjet-qe-prishen-ligjesite-e-tranzicionit\/","name":"Zgjedhjet q\u00eb prish\u00ebn ligj\u00ebsit\u00eb e tranzicionit - FjALA e LIR\u00cb - Arkivi","isPartOf":{"@id":"https:\/\/fjala.info\/2009-2015\/#website"},"primaryImageOfPage":{"@id":"https:\/\/fjala.info\/2009-2015\/zgjedhjet-qe-prishen-ligjesite-e-tranzicionit\/#primaryimage"},"image":{"@id":"https:\/\/fjala.info\/2009-2015\/zgjedhjet-qe-prishen-ligjesite-e-tranzicionit\/#primaryimage"},"thumbnailUrl":"http:\/\/www.fjala.info\/2012\/mentor_nazarko.jpg","datePublished":"2013-06-25T14:08:11+00:00","breadcrumb":{"@id":"https:\/\/fjala.info\/2009-2015\/zgjedhjet-qe-prishen-ligjesite-e-tranzicionit\/#breadcrumb"},"inLanguage":"sq-AL","potentialAction":[{"@type":"ReadAction","target":["https:\/\/fjala.info\/2009-2015\/zgjedhjet-qe-prishen-ligjesite-e-tranzicionit\/"]}]},{"@type":"ImageObject","inLanguage":"sq-AL","@id":"https:\/\/fjala.info\/2009-2015\/zgjedhjet-qe-prishen-ligjesite-e-tranzicionit\/#primaryimage","url":"http:\/\/www.fjala.info\/2012\/mentor_nazarko.jpg","contentUrl":"http:\/\/www.fjala.info\/2012\/mentor_nazarko.jpg"},{"@type":"BreadcrumbList","@id":"https:\/\/fjala.info\/2009-2015\/zgjedhjet-qe-prishen-ligjesite-e-tranzicionit\/#breadcrumb","itemListElement":[{"@type":"ListItem","position":1,"name":"Home","item":"https:\/\/fjala.info\/2009-2015\/"},{"@type":"ListItem","position":2,"name":"Zgjedhjet q\u00eb prish\u00ebn ligj\u00ebsit\u00eb e tranzicionit"}]},{"@type":"WebSite","@id":"https:\/\/fjala.info\/2009-2015\/#website","url":"https:\/\/fjala.info\/2009-2015\/","name":"FjALA e LIR\u00cb - Arkivi","description":"Arkivi 2009-2015","publisher":{"@id":"https:\/\/fjala.info\/2009-2015\/#organization"},"potentialAction":[{"@type":"SearchAction","target":{"@type":"EntryPoint","urlTemplate":"https:\/\/fjala.info\/2009-2015\/?s={search_term_string}"},"query-input":{"@type":"PropertyValueSpecification","valueRequired":true,"valueName":"search_term_string"}}],"inLanguage":"sq-AL"},{"@type":"Organization","@id":"https:\/\/fjala.info\/2009-2015\/#organization","name":"FjALA e LIR\u00cb - Arkivi","url":"https:\/\/fjala.info\/2009-2015\/","logo":{"@type":"ImageObject","inLanguage":"sq-AL","@id":"https:\/\/fjala.info\/2009-2015\/#\/schema\/logo\/image\/","url":"","contentUrl":"","caption":"FjALA e LIR\u00cb - Arkivi"},"image":{"@id":"https:\/\/fjala.info\/2009-2015\/#\/schema\/logo\/image\/"}},{"@type":"Person","@id":"https:\/\/fjala.info\/2009-2015\/#\/schema\/person\/3aa1163ef05469c496fc94e77611ada2","name":"admin","image":{"@type":"ImageObject","inLanguage":"sq-AL","@id":"https:\/\/fjala.info\/2009-2015\/wp-content\/uploads\/2012\/02\/arben_cokaj-120x150.jpg","url":"https:\/\/fjala.info\/2009-2015\/wp-content\/uploads\/2012\/02\/arben_cokaj-120x150.jpg","contentUrl":"https:\/\/fjala.info\/2009-2015\/wp-content\/uploads\/2012\/02\/arben_cokaj-120x150.jpg","caption":"admin"},"description":"Admin, Fjala e Lir\u00eb","sameAs":["https:\/\/fjala.info\/"],"url":"https:\/\/fjala.info\/2009-2015\/author\/admin\/"}]}},"_links":{"self":[{"href":"https:\/\/fjala.info\/2009-2015\/wp-json\/wp\/v2\/posts\/12883","targetHints":{"allow":["GET"]}}],"collection":[{"href":"https:\/\/fjala.info\/2009-2015\/wp-json\/wp\/v2\/posts"}],"about":[{"href":"https:\/\/fjala.info\/2009-2015\/wp-json\/wp\/v2\/types\/post"}],"author":[{"embeddable":true,"href":"https:\/\/fjala.info\/2009-2015\/wp-json\/wp\/v2\/users\/1"}],"replies":[{"embeddable":true,"href":"https:\/\/fjala.info\/2009-2015\/wp-json\/wp\/v2\/comments?post=12883"}],"version-history":[{"count":0,"href":"https:\/\/fjala.info\/2009-2015\/wp-json\/wp\/v2\/posts\/12883\/revisions"}],"wp:attachment":[{"href":"https:\/\/fjala.info\/2009-2015\/wp-json\/wp\/v2\/media?parent=12883"}],"wp:term":[{"taxonomy":"category","embeddable":true,"href":"https:\/\/fjala.info\/2009-2015\/wp-json\/wp\/v2\/categories?post=12883"},{"taxonomy":"post_tag","embeddable":true,"href":"https:\/\/fjala.info\/2009-2015\/wp-json\/wp\/v2\/tags?post=12883"}],"curies":[{"name":"wp","href":"https:\/\/api.w.org\/{rel}","templated":true}]}}