{"id":12881,"date":"2013-06-24T21:31:58","date_gmt":"2013-06-24T20:31:58","guid":{"rendered":"http:\/\/fjala.info\/?p=3342"},"modified":"2013-06-24T21:31:58","modified_gmt":"2013-06-24T20:31:58","slug":"per-demokratet-duhet-te-filloje-nje-epoke-e-re","status":"publish","type":"post","link":"https:\/\/fjala.info\/2009-2015\/per-demokratet-duhet-te-filloje-nje-epoke-e-re\/","title":{"rendered":"P\u00ebr demokrat\u00ebt duhet t\u00eb filloj\u00eb nj\u00eb epok\u00eb e re"},"content":{"rendered":"<p><img decoding=\"async\" class=\"alignright size-thumbnail wp-image-7236\" title=\"Redan Bushati\" alt=\"\" src=\"http:\/\/www.fjala.info\/2013\/redan_bushati.jpg\" width=\"150\" \/> Nga <strong>Redan Bushati<\/strong>, <em>24 Qershor 2013<\/em><\/p>\n<p>N\u00eb analizat e muajve t\u00eb fundit jam shprehur haptazi se vota e shqiptar\u00ebve duhej t\u00eb ishte referendare (deri m\u00eb tash procesi i num\u00ebrimit k\u00ebt\u00eb po d\u00ebshmon). Nj\u00eb pjes\u00eb, q\u00eb mbet\u00ebn n\u00eb banalitetin e mendjes n\u00eb r\u00ebnie t\u00eb lir\u00eb dhe ngusht\u00ebsis\u00eb militanteske, nuk e kuptuan se vota referendare nuk \u00ebsht\u00eb p\u00ebr t\u00eb p\u00ebrkrahur t\u00eb majt\u00ebn, por p\u00ebr zbythjen e regjimit dhe n\u00eb sh\u00ebrbim t\u00eb rotacionit, si domosdoshm\u00ebri e funksionimit normal t\u00eb demokracis\u00eb.<\/p>\n<p>\u00c7do demokrat i p\u00ebrkor\u00eb nuk ka p\u00ebrse t\u00eb ndihet humb\u00ebs, p\u00ebrkundrazi, kjo \u00ebsht\u00eb fitorja e tij. Kur nj\u00eb subjekt politik kap pushtetin dhe s\u2019e l\u00ebshon nga dora, at\u00ebher\u00eb mekanizmi shtet\u00ebror fillon e z\u00eb myk dhe dita-dit\u00ebs v\u00ebm\u00eb re shfaqjen e formave m\u00eb t\u00eb r\u00ebnda t\u00eb autokratizmit. Ndaj, pse jemi demokrat\u00eb duhet t\u00eb pranojm\u00eb disfat\u00ebn, madje t\u00eb p\u00ebrfitojm\u00eb nga ajo. Un\u00eb e di se ka prej atyre q\u00eb i pikon zemra, por nuk duhet t\u00eb ishte k\u00ebshtu. Sot nuk \u00ebsht\u00eb fest\u00eb p\u00ebr ata q\u00eb n\u00eb 23 vite kan\u00eb qen\u00eb t\u00eb majt\u00eb; \u00ebsht\u00eb fest\u00eb p\u00ebr gjith\u00eb demokrat\u00ebt, q\u00eb karakterin dhe dinjitetin e tyre e kan\u00eb ngritur mbi vlerat m\u00eb t\u00eb arrira t\u00eb demokracis\u00eb moderne. Nga humbja (p\u00ebsimi) njeriu m\u00ebson. Ky \u00ebsht\u00eb m\u00ebsimi i secilit prej atyre q\u00eb e ndiejn\u00eb veten demokrat\u00eb europian\u00eb.<\/p>\n<p>Po \u00e7\u2019\u00ebsht\u00eb pushteti shtet\u00ebror? Sundimi politik i nj\u00eb klase a grupimi, q\u00eb shprehet me t\u00eb drejt\u00ebn dhe mund\u00ebsin\u00eb p\u00ebr t\u00eb qeverisur shtetin n\u00ebp\u00ebrmjet organeve t\u00eb zgjedhura. Demokracia \u00ebsht\u00eb sundimi i popullit. \u00c7do popull normalisht m\u00ebton t\u00eb ec\u00eb p\u00ebrpara. K\u00ebt\u00eb ecje e pamund\u00ebson ekzistenca e nj\u00eb subjekti t\u00eb vet\u00ebm politik apo nj\u00eb klase politike t\u00eb njollosur. Dhe rotacioni, qoft\u00eb dhe vet\u00ebm p\u00ebr t\u00eb nd\u00ebrruar nj\u00eb formacion me nj\u00eb tjet\u00ebr, i ndih s\u00eb tep\u00ebrmi ecjes p\u00ebrpara. Pushteti nuk duhet t\u00eb jet\u00eb mjet jetese, p\u00ebrndryshe nuk kemi as m\u00eb t\u00eb vogl\u00ebn vler\u00eb t\u00eb demokracis\u00eb. Opozita erdhi n\u00eb pushtet dhe pozita kaloi n\u00eb opozit\u00eb. Ku \u00ebsht\u00eb e keqja?!<\/p>\n<p>P\u00ebr demokrat\u00ebt duhet t\u00eb filloj\u00eb nj\u00eb epok\u00eb e re \u2013 epoka e d\u00ebbimit t\u00eb figurave t\u00eb rraskapitura, t\u00eb korruptuara, t\u00eb lidhura me krimin dhe enverizmin. Partia Demokratike ka nevoj\u00eb p\u00ebr katarsis. Ndon\u00ebse tashm\u00eb demokrat\u00ebt kan\u00eb edhe nj\u00eb tjet\u00ebr streh\u00eb (FRD), ata kan\u00eb nevoj\u00eb p\u00ebr reformimin e partis\u00eb tradicionale, asaj q\u00eb u ngrit me kauz\u00ebn e shembjes s\u00eb komunizmit dhe ku mbeturinat e k\u00ebsaj t\u00eb fundit gjenden mu brenda trupit t\u00eb PD-s\u00eb: m\u00eb i mbrami Kastriot Islami, apo i ashtuquajturi \u201cKa\u00e7i i zi\u201d. Mazhoranca e re pak gjasa ka t\u00eb jet\u00eb rilindje prej v\u00ebrteti, kurse PD mund t\u00eb rilind, n\u00ebse forcat brenda spektrit t\u00eb djatht\u00eb arrijn\u00eb t\u00eb m\u00ebk\u00ebmben dhe t\u00eb flakin tutje mbeturinat e hoxhizmit.<\/p>\n<p>N\u00ebse PD arrin t\u00eb ristrukturohet q\u00eb nga baza, n\u00ebn sh\u00ebmb\u00eblltyr\u00ebn e meritokracis\u00eb, at\u00ebher\u00eb pas kat\u00ebr vitesh, me siguri, do t\u00eb jet\u00eb rotacioni i radh\u00ebs. Nj\u00eb opozit\u00eb efikase nuk b\u00ebhet me numra, por me ide, projekte dhe karaktere individ\u00ebsh potencial\u00eb, q\u00eb mund ta ngjallin PD-n\u00eb. Rilindja mund t\u00eb b\u00ebhet djathtas, majtas pak shanse ka (\u00e7ifti PS-LSI q\u00eb n\u00eb ngjizje mbart procese t\u00eb hapura). Prandaj, mos u pik\u00eblloni n\u00ebse jeni demokrat\u00eb, humbja \u00ebsht\u00eb pjes\u00eb e pandashme e demokracis\u00eb. U uroj: fitoren PS-s\u00eb dhe liderit t\u00eb saj Edi Rama, kuraj\u00eb dhe pastrim b\u00ebzhdilash PD-s\u00eb!<\/p>\n","protected":false},"excerpt":{"rendered":"<p>Nga Redan Bushati, 24 Qershor 2013 N\u00eb analizat e muajve t\u00eb fundit jam shprehur haptazi se vota e shqiptar\u00ebve duhej t\u00eb ishte referendare (deri m\u00eb tash procesi i num\u00ebrimit k\u00ebt\u00eb po d\u00ebshmon). Nj\u00eb pjes\u00eb, q\u00eb mbet\u00ebn n\u00eb banalitetin e mendjes n\u00eb r\u00ebnie t\u00eb lir\u00eb dhe ngusht\u00ebsis\u00eb militanteske, nuk e kuptuan se vota referendare nuk \u00ebsht\u00eb [&hellip;]<\/p>\n","protected":false},"author":1,"featured_media":0,"comment_status":"open","ping_status":"closed","sticky":false,"template":"","format":"standard","meta":{"footnotes":""},"categories":[2],"tags":[],"class_list":{"0":"post-12881","1":"post","2":"type-post","3":"status-publish","4":"format-standard","6":"category-artikuj"},"yoast_head":"<!-- This site is optimized with the Yoast SEO plugin v27.4 - https:\/\/yoast.com\/product\/yoast-seo-wordpress\/ -->\n<title>P\u00ebr demokrat\u00ebt duhet t\u00eb filloj\u00eb nj\u00eb epok\u00eb e re - FjALA e LIR\u00cb - Arkivi<\/title>\n<meta name=\"robots\" content=\"index, follow, max-snippet:-1, max-image-preview:large, max-video-preview:-1\" \/>\n<link rel=\"canonical\" href=\"https:\/\/fjala.info\/2009-2015\/per-demokratet-duhet-te-filloje-nje-epoke-e-re\/\" \/>\n<meta property=\"og:locale\" content=\"sq_AL\" \/>\n<meta property=\"og:type\" content=\"article\" \/>\n<meta property=\"og:title\" content=\"P\u00ebr demokrat\u00ebt duhet t\u00eb filloj\u00eb nj\u00eb epok\u00eb e re - FjALA e LIR\u00cb - Arkivi\" \/>\n<meta property=\"og:description\" content=\"Nga Redan Bushati, 24 Qershor 2013 N\u00eb analizat e muajve t\u00eb fundit jam shprehur haptazi se vota e shqiptar\u00ebve duhej t\u00eb ishte referendare (deri m\u00eb tash procesi i num\u00ebrimit k\u00ebt\u00eb po d\u00ebshmon). Nj\u00eb pjes\u00eb, q\u00eb mbet\u00ebn n\u00eb banalitetin e mendjes n\u00eb r\u00ebnie t\u00eb lir\u00eb dhe ngusht\u00ebsis\u00eb militanteske, nuk e kuptuan se vota referendare nuk \u00ebsht\u00eb [&hellip;]\" \/>\n<meta property=\"og:url\" content=\"https:\/\/fjala.info\/2009-2015\/per-demokratet-duhet-te-filloje-nje-epoke-e-re\/\" \/>\n<meta property=\"og:site_name\" content=\"FjALA e LIR\u00cb - Arkivi\" \/>\n<meta property=\"article:published_time\" content=\"2013-06-24T20:31:58+00:00\" \/>\n<meta property=\"og:image\" content=\"http:\/\/www.fjala.info\/2013\/redan_bushati.jpg\" \/>\n<meta name=\"author\" content=\"admin\" \/>\n<meta name=\"twitter:card\" content=\"summary_large_image\" \/>\n<meta name=\"twitter:label1\" content=\"Written by\" \/>\n\t<meta name=\"twitter:data1\" content=\"admin\" \/>\n\t<meta name=\"twitter:label2\" content=\"Est. reading time\" \/>\n\t<meta name=\"twitter:data2\" content=\"3 minutes\" \/>\n<script type=\"application\/ld+json\" class=\"yoast-schema-graph\">{\"@context\":\"https:\\\/\\\/schema.org\",\"@graph\":[{\"@type\":\"Article\",\"@id\":\"https:\\\/\\\/fjala.info\\\/2009-2015\\\/per-demokratet-duhet-te-filloje-nje-epoke-e-re\\\/#article\",\"isPartOf\":{\"@id\":\"https:\\\/\\\/fjala.info\\\/2009-2015\\\/per-demokratet-duhet-te-filloje-nje-epoke-e-re\\\/\"},\"author\":{\"name\":\"admin\",\"@id\":\"https:\\\/\\\/fjala.info\\\/2009-2015\\\/#\\\/schema\\\/person\\\/3aa1163ef05469c496fc94e77611ada2\"},\"headline\":\"P\u00ebr demokrat\u00ebt duhet t\u00eb filloj\u00eb nj\u00eb epok\u00eb e re\",\"datePublished\":\"2013-06-24T20:31:58+00:00\",\"mainEntityOfPage\":{\"@id\":\"https:\\\/\\\/fjala.info\\\/2009-2015\\\/per-demokratet-duhet-te-filloje-nje-epoke-e-re\\\/\"},\"wordCount\":604,\"commentCount\":0,\"publisher\":{\"@id\":\"https:\\\/\\\/fjala.info\\\/2009-2015\\\/#organization\"},\"image\":{\"@id\":\"https:\\\/\\\/fjala.info\\\/2009-2015\\\/per-demokratet-duhet-te-filloje-nje-epoke-e-re\\\/#primaryimage\"},\"thumbnailUrl\":\"http:\\\/\\\/www.fjala.info\\\/2013\\\/redan_bushati.jpg\",\"articleSection\":[\"Artikuj\"],\"inLanguage\":\"sq-AL\",\"potentialAction\":[{\"@type\":\"CommentAction\",\"name\":\"Comment\",\"target\":[\"https:\\\/\\\/fjala.info\\\/2009-2015\\\/per-demokratet-duhet-te-filloje-nje-epoke-e-re\\\/#respond\"]}]},{\"@type\":\"WebPage\",\"@id\":\"https:\\\/\\\/fjala.info\\\/2009-2015\\\/per-demokratet-duhet-te-filloje-nje-epoke-e-re\\\/\",\"url\":\"https:\\\/\\\/fjala.info\\\/2009-2015\\\/per-demokratet-duhet-te-filloje-nje-epoke-e-re\\\/\",\"name\":\"P\u00ebr demokrat\u00ebt duhet t\u00eb filloj\u00eb nj\u00eb epok\u00eb e re - FjALA e LIR\u00cb - Arkivi\",\"isPartOf\":{\"@id\":\"https:\\\/\\\/fjala.info\\\/2009-2015\\\/#website\"},\"primaryImageOfPage\":{\"@id\":\"https:\\\/\\\/fjala.info\\\/2009-2015\\\/per-demokratet-duhet-te-filloje-nje-epoke-e-re\\\/#primaryimage\"},\"image\":{\"@id\":\"https:\\\/\\\/fjala.info\\\/2009-2015\\\/per-demokratet-duhet-te-filloje-nje-epoke-e-re\\\/#primaryimage\"},\"thumbnailUrl\":\"http:\\\/\\\/www.fjala.info\\\/2013\\\/redan_bushati.jpg\",\"datePublished\":\"2013-06-24T20:31:58+00:00\",\"breadcrumb\":{\"@id\":\"https:\\\/\\\/fjala.info\\\/2009-2015\\\/per-demokratet-duhet-te-filloje-nje-epoke-e-re\\\/#breadcrumb\"},\"inLanguage\":\"sq-AL\",\"potentialAction\":[{\"@type\":\"ReadAction\",\"target\":[\"https:\\\/\\\/fjala.info\\\/2009-2015\\\/per-demokratet-duhet-te-filloje-nje-epoke-e-re\\\/\"]}]},{\"@type\":\"ImageObject\",\"inLanguage\":\"sq-AL\",\"@id\":\"https:\\\/\\\/fjala.info\\\/2009-2015\\\/per-demokratet-duhet-te-filloje-nje-epoke-e-re\\\/#primaryimage\",\"url\":\"http:\\\/\\\/www.fjala.info\\\/2013\\\/redan_bushati.jpg\",\"contentUrl\":\"http:\\\/\\\/www.fjala.info\\\/2013\\\/redan_bushati.jpg\"},{\"@type\":\"BreadcrumbList\",\"@id\":\"https:\\\/\\\/fjala.info\\\/2009-2015\\\/per-demokratet-duhet-te-filloje-nje-epoke-e-re\\\/#breadcrumb\",\"itemListElement\":[{\"@type\":\"ListItem\",\"position\":1,\"name\":\"Home\",\"item\":\"https:\\\/\\\/fjala.info\\\/2009-2015\\\/\"},{\"@type\":\"ListItem\",\"position\":2,\"name\":\"P\u00ebr demokrat\u00ebt duhet t\u00eb filloj\u00eb nj\u00eb epok\u00eb e re\"}]},{\"@type\":\"WebSite\",\"@id\":\"https:\\\/\\\/fjala.info\\\/2009-2015\\\/#website\",\"url\":\"https:\\\/\\\/fjala.info\\\/2009-2015\\\/\",\"name\":\"FjALA e LIR\u00cb - Arkivi\",\"description\":\"Arkivi 2009-2015\",\"publisher\":{\"@id\":\"https:\\\/\\\/fjala.info\\\/2009-2015\\\/#organization\"},\"potentialAction\":[{\"@type\":\"SearchAction\",\"target\":{\"@type\":\"EntryPoint\",\"urlTemplate\":\"https:\\\/\\\/fjala.info\\\/2009-2015\\\/?s={search_term_string}\"},\"query-input\":{\"@type\":\"PropertyValueSpecification\",\"valueRequired\":true,\"valueName\":\"search_term_string\"}}],\"inLanguage\":\"sq-AL\"},{\"@type\":\"Organization\",\"@id\":\"https:\\\/\\\/fjala.info\\\/2009-2015\\\/#organization\",\"name\":\"FjALA e LIR\u00cb - Arkivi\",\"url\":\"https:\\\/\\\/fjala.info\\\/2009-2015\\\/\",\"logo\":{\"@type\":\"ImageObject\",\"inLanguage\":\"sq-AL\",\"@id\":\"https:\\\/\\\/fjala.info\\\/2009-2015\\\/#\\\/schema\\\/logo\\\/image\\\/\",\"url\":\"\",\"contentUrl\":\"\",\"caption\":\"FjALA e LIR\u00cb - Arkivi\"},\"image\":{\"@id\":\"https:\\\/\\\/fjala.info\\\/2009-2015\\\/#\\\/schema\\\/logo\\\/image\\\/\"}},{\"@type\":\"Person\",\"@id\":\"https:\\\/\\\/fjala.info\\\/2009-2015\\\/#\\\/schema\\\/person\\\/3aa1163ef05469c496fc94e77611ada2\",\"name\":\"admin\",\"image\":{\"@type\":\"ImageObject\",\"inLanguage\":\"sq-AL\",\"@id\":\"https:\\\/\\\/fjala.info\\\/2009-2015\\\/wp-content\\\/uploads\\\/2012\\\/02\\\/arben_cokaj-120x150.jpg\",\"url\":\"https:\\\/\\\/fjala.info\\\/2009-2015\\\/wp-content\\\/uploads\\\/2012\\\/02\\\/arben_cokaj-120x150.jpg\",\"contentUrl\":\"https:\\\/\\\/fjala.info\\\/2009-2015\\\/wp-content\\\/uploads\\\/2012\\\/02\\\/arben_cokaj-120x150.jpg\",\"caption\":\"admin\"},\"description\":\"Admin, Fjala e Lir\u00eb\",\"sameAs\":[\"https:\\\/\\\/fjala.info\\\/\"],\"url\":\"https:\\\/\\\/fjala.info\\\/2009-2015\\\/author\\\/admin\\\/\"}]}<\/script>\n<!-- \/ Yoast SEO plugin. -->","yoast_head_json":{"title":"P\u00ebr demokrat\u00ebt duhet t\u00eb filloj\u00eb nj\u00eb epok\u00eb e re - FjALA e LIR\u00cb - Arkivi","robots":{"index":"index","follow":"follow","max-snippet":"max-snippet:-1","max-image-preview":"max-image-preview:large","max-video-preview":"max-video-preview:-1"},"canonical":"https:\/\/fjala.info\/2009-2015\/per-demokratet-duhet-te-filloje-nje-epoke-e-re\/","og_locale":"sq_AL","og_type":"article","og_title":"P\u00ebr demokrat\u00ebt duhet t\u00eb filloj\u00eb nj\u00eb epok\u00eb e re - FjALA e LIR\u00cb - Arkivi","og_description":"Nga Redan Bushati, 24 Qershor 2013 N\u00eb analizat e muajve t\u00eb fundit jam shprehur haptazi se vota e shqiptar\u00ebve duhej t\u00eb ishte referendare (deri m\u00eb tash procesi i num\u00ebrimit k\u00ebt\u00eb po d\u00ebshmon). Nj\u00eb pjes\u00eb, q\u00eb mbet\u00ebn n\u00eb banalitetin e mendjes n\u00eb r\u00ebnie t\u00eb lir\u00eb dhe ngusht\u00ebsis\u00eb militanteske, nuk e kuptuan se vota referendare nuk \u00ebsht\u00eb [&hellip;]","og_url":"https:\/\/fjala.info\/2009-2015\/per-demokratet-duhet-te-filloje-nje-epoke-e-re\/","og_site_name":"FjALA e LIR\u00cb - Arkivi","article_published_time":"2013-06-24T20:31:58+00:00","og_image":[{"url":"http:\/\/www.fjala.info\/2013\/redan_bushati.jpg","type":"","width":"","height":""}],"author":"admin","twitter_card":"summary_large_image","twitter_misc":{"Written by":"admin","Est. reading time":"3 minutes"},"schema":{"@context":"https:\/\/schema.org","@graph":[{"@type":"Article","@id":"https:\/\/fjala.info\/2009-2015\/per-demokratet-duhet-te-filloje-nje-epoke-e-re\/#article","isPartOf":{"@id":"https:\/\/fjala.info\/2009-2015\/per-demokratet-duhet-te-filloje-nje-epoke-e-re\/"},"author":{"name":"admin","@id":"https:\/\/fjala.info\/2009-2015\/#\/schema\/person\/3aa1163ef05469c496fc94e77611ada2"},"headline":"P\u00ebr demokrat\u00ebt duhet t\u00eb filloj\u00eb nj\u00eb epok\u00eb e re","datePublished":"2013-06-24T20:31:58+00:00","mainEntityOfPage":{"@id":"https:\/\/fjala.info\/2009-2015\/per-demokratet-duhet-te-filloje-nje-epoke-e-re\/"},"wordCount":604,"commentCount":0,"publisher":{"@id":"https:\/\/fjala.info\/2009-2015\/#organization"},"image":{"@id":"https:\/\/fjala.info\/2009-2015\/per-demokratet-duhet-te-filloje-nje-epoke-e-re\/#primaryimage"},"thumbnailUrl":"http:\/\/www.fjala.info\/2013\/redan_bushati.jpg","articleSection":["Artikuj"],"inLanguage":"sq-AL","potentialAction":[{"@type":"CommentAction","name":"Comment","target":["https:\/\/fjala.info\/2009-2015\/per-demokratet-duhet-te-filloje-nje-epoke-e-re\/#respond"]}]},{"@type":"WebPage","@id":"https:\/\/fjala.info\/2009-2015\/per-demokratet-duhet-te-filloje-nje-epoke-e-re\/","url":"https:\/\/fjala.info\/2009-2015\/per-demokratet-duhet-te-filloje-nje-epoke-e-re\/","name":"P\u00ebr demokrat\u00ebt duhet t\u00eb filloj\u00eb nj\u00eb epok\u00eb e re - FjALA e LIR\u00cb - Arkivi","isPartOf":{"@id":"https:\/\/fjala.info\/2009-2015\/#website"},"primaryImageOfPage":{"@id":"https:\/\/fjala.info\/2009-2015\/per-demokratet-duhet-te-filloje-nje-epoke-e-re\/#primaryimage"},"image":{"@id":"https:\/\/fjala.info\/2009-2015\/per-demokratet-duhet-te-filloje-nje-epoke-e-re\/#primaryimage"},"thumbnailUrl":"http:\/\/www.fjala.info\/2013\/redan_bushati.jpg","datePublished":"2013-06-24T20:31:58+00:00","breadcrumb":{"@id":"https:\/\/fjala.info\/2009-2015\/per-demokratet-duhet-te-filloje-nje-epoke-e-re\/#breadcrumb"},"inLanguage":"sq-AL","potentialAction":[{"@type":"ReadAction","target":["https:\/\/fjala.info\/2009-2015\/per-demokratet-duhet-te-filloje-nje-epoke-e-re\/"]}]},{"@type":"ImageObject","inLanguage":"sq-AL","@id":"https:\/\/fjala.info\/2009-2015\/per-demokratet-duhet-te-filloje-nje-epoke-e-re\/#primaryimage","url":"http:\/\/www.fjala.info\/2013\/redan_bushati.jpg","contentUrl":"http:\/\/www.fjala.info\/2013\/redan_bushati.jpg"},{"@type":"BreadcrumbList","@id":"https:\/\/fjala.info\/2009-2015\/per-demokratet-duhet-te-filloje-nje-epoke-e-re\/#breadcrumb","itemListElement":[{"@type":"ListItem","position":1,"name":"Home","item":"https:\/\/fjala.info\/2009-2015\/"},{"@type":"ListItem","position":2,"name":"P\u00ebr demokrat\u00ebt duhet t\u00eb filloj\u00eb nj\u00eb epok\u00eb e re"}]},{"@type":"WebSite","@id":"https:\/\/fjala.info\/2009-2015\/#website","url":"https:\/\/fjala.info\/2009-2015\/","name":"FjALA e LIR\u00cb - Arkivi","description":"Arkivi 2009-2015","publisher":{"@id":"https:\/\/fjala.info\/2009-2015\/#organization"},"potentialAction":[{"@type":"SearchAction","target":{"@type":"EntryPoint","urlTemplate":"https:\/\/fjala.info\/2009-2015\/?s={search_term_string}"},"query-input":{"@type":"PropertyValueSpecification","valueRequired":true,"valueName":"search_term_string"}}],"inLanguage":"sq-AL"},{"@type":"Organization","@id":"https:\/\/fjala.info\/2009-2015\/#organization","name":"FjALA e LIR\u00cb - Arkivi","url":"https:\/\/fjala.info\/2009-2015\/","logo":{"@type":"ImageObject","inLanguage":"sq-AL","@id":"https:\/\/fjala.info\/2009-2015\/#\/schema\/logo\/image\/","url":"","contentUrl":"","caption":"FjALA e LIR\u00cb - Arkivi"},"image":{"@id":"https:\/\/fjala.info\/2009-2015\/#\/schema\/logo\/image\/"}},{"@type":"Person","@id":"https:\/\/fjala.info\/2009-2015\/#\/schema\/person\/3aa1163ef05469c496fc94e77611ada2","name":"admin","image":{"@type":"ImageObject","inLanguage":"sq-AL","@id":"https:\/\/fjala.info\/2009-2015\/wp-content\/uploads\/2012\/02\/arben_cokaj-120x150.jpg","url":"https:\/\/fjala.info\/2009-2015\/wp-content\/uploads\/2012\/02\/arben_cokaj-120x150.jpg","contentUrl":"https:\/\/fjala.info\/2009-2015\/wp-content\/uploads\/2012\/02\/arben_cokaj-120x150.jpg","caption":"admin"},"description":"Admin, Fjala e Lir\u00eb","sameAs":["https:\/\/fjala.info\/"],"url":"https:\/\/fjala.info\/2009-2015\/author\/admin\/"}]}},"_links":{"self":[{"href":"https:\/\/fjala.info\/2009-2015\/wp-json\/wp\/v2\/posts\/12881","targetHints":{"allow":["GET"]}}],"collection":[{"href":"https:\/\/fjala.info\/2009-2015\/wp-json\/wp\/v2\/posts"}],"about":[{"href":"https:\/\/fjala.info\/2009-2015\/wp-json\/wp\/v2\/types\/post"}],"author":[{"embeddable":true,"href":"https:\/\/fjala.info\/2009-2015\/wp-json\/wp\/v2\/users\/1"}],"replies":[{"embeddable":true,"href":"https:\/\/fjala.info\/2009-2015\/wp-json\/wp\/v2\/comments?post=12881"}],"version-history":[{"count":0,"href":"https:\/\/fjala.info\/2009-2015\/wp-json\/wp\/v2\/posts\/12881\/revisions"}],"wp:attachment":[{"href":"https:\/\/fjala.info\/2009-2015\/wp-json\/wp\/v2\/media?parent=12881"}],"wp:term":[{"taxonomy":"category","embeddable":true,"href":"https:\/\/fjala.info\/2009-2015\/wp-json\/wp\/v2\/categories?post=12881"},{"taxonomy":"post_tag","embeddable":true,"href":"https:\/\/fjala.info\/2009-2015\/wp-json\/wp\/v2\/tags?post=12881"}],"curies":[{"name":"wp","href":"https:\/\/api.w.org\/{rel}","templated":true}]}}