{"id":12829,"date":"2013-06-13T08:25:14","date_gmt":"2013-06-13T07:25:14","guid":{"rendered":"http:\/\/fjala.info\/?p=3046"},"modified":"2013-06-13T08:25:14","modified_gmt":"2013-06-13T07:25:14","slug":"tom-doshi-nuk-ndal-sulmet-jozefina-ishte-bashkepunetore-e-sigurimit-na-thuaj-si-e-bere-pasurine","status":"publish","type":"post","link":"https:\/\/fjala.info\/2009-2015\/tom-doshi-nuk-ndal-sulmet-jozefina-ishte-bashkepunetore-e-sigurimit-na-thuaj-si-e-bere-pasurine\/","title":{"rendered":"Tom Doshi nuk ndal sulmet: Jozefina ishte bashk\u00ebpun\u00ebtore e Sigurimit. Na thuaj si e b\u00ebre pasurin\u00eb?"},"content":{"rendered":"<p><img decoding=\"async\" class=\"alignright size-thumbnail wp-image-7236\" title=\"Tom Doshi\" alt=\"\" src=\"http:\/\/www.fjala.info\/2013\/tom_doshi.jpg\" width=\"300\" \/> <strong>TemA<\/strong>, <em>12 Qershor 2013<\/em><\/p>\n<p>Kandidati p\u00ebr deputet i Partis\u00eb Socialiste n\u00eb qarkun e Shkodr\u00ebs, Tom Doshi, nuk i ndal sulmet ndaj Jozefina Topallit, q\u00eb udh\u00ebheq list\u00ebn e PD p\u00ebr k\u00ebt\u00eb qark.<\/p>\n<p>N\u00eb nj\u00eb takim n\u00eb Vaun e Dej\u00ebs, Doshi e ka akuzuar p\u00ebr <strong>pasurim t\u00eb paligjsh\u00ebm dhe lidhje me Sigurimin e Shtetit<\/strong>.<\/p>\n<p>\u201c<em>Jozefina sot \u00ebsht\u00eb b\u00ebr\u00eb me vila, \u00ebsht\u00eb b\u00ebr\u00eb me prona, e ka b\u00ebr\u00eb nd\u00ebrtes\u00ebn kat\u00ebrkat\u00ebshe n\u00eb Piac\u00eb dhe e ka dh\u00ebn\u00eb edhe me qira p\u00ebr universitet. P\u00ebrse s\u2019i thot\u00eb shkodran\u00ebve: Po, mor zot\u00ebri, kam prona! Por s\u2019mund ta thot\u00eb, se ato prona jan\u00eb p\u00ebrfituar prej korrupsionit. T\u00eb p\u00ebrgjigjet p\u00ebr k\u00ebto deklarata q\u00eb i b\u00ebj un\u00eb: \u00c7\u2019lidhje ka me familjet e t\u00eb persekutuarve ajo? Se \u00ebsht\u00eb e vetmja q\u00eb nuk ka dal\u00eb nga sht\u00ebpia dhe tek sht\u00ebpia q\u00eb ka pasur \u00ebsht\u00eb akoma<\/em>\u201d.<\/p>\n<p>\u201c<em>Dihet q\u00eb ajo ka pasur lidhje me Sigurimin e Shtetit. Si kjo, si Berisha. Ia kam th\u00ebn\u00eb n\u00eb 2005-\u00ebn. Berisha e ka pasur pseudonimin \u201cBisturia\u201d, se ishte doktor, por e ka zhdukur dosjen, kurse Jozefina e ka pasur \u201cDizenjatorja\u201d, se ka punuar n\u00eb Deg\u00ebn e Brendshme. E dini se Jozefina Topalli n\u00eb 1987-\u00ebn \u00ebsht\u00eb pajisur me pasaport\u00eb p\u00ebr t\u00eb dal\u00eb jasht\u00eb shtetit? Kjo \u00ebsht\u00eb \u201ce persekutuara\u201d! N\u00eb 1989-\u00ebn, at\u00eb e ka \u00e7uar n\u00eb shkoll\u00eb Ramiz Alia. Pse, pak t\u00eb persekutuar kishte n\u00ebp\u00ebr internime, q\u00eb m\u00ebsonin mir\u00eb?! Por Jozefina na p\u00ebrfitoi si nx\u00ebn\u00ebse e mir\u00eb!!! Ia dha shkoll\u00ebn Sk\u00ebnder Gjinushi<\/em>,\u201d tha Doshi.\/ep<\/p>\n","protected":false},"excerpt":{"rendered":"<p>TemA, 12 Qershor 2013 Kandidati p\u00ebr deputet i Partis\u00eb Socialiste n\u00eb qarkun e Shkodr\u00ebs, Tom Doshi, nuk i ndal sulmet ndaj Jozefina Topallit, q\u00eb udh\u00ebheq list\u00ebn e PD p\u00ebr k\u00ebt\u00eb qark. N\u00eb nj\u00eb takim n\u00eb Vaun e Dej\u00ebs, Doshi e ka akuzuar p\u00ebr pasurim t\u00eb paligjsh\u00ebm dhe lidhje me Sigurimin e Shtetit. \u201cJozefina sot \u00ebsht\u00eb [&hellip;]<\/p>\n","protected":false},"author":1,"featured_media":0,"comment_status":"open","ping_status":"closed","sticky":false,"template":"","format":"standard","meta":{"footnotes":""},"categories":[2,5],"tags":[],"class_list":{"0":"post-12829","1":"post","2":"type-post","3":"status-publish","4":"format-standard","6":"category-artikuj","7":"category-lajme"},"yoast_head":"<!-- This site is optimized with the Yoast SEO plugin v27.4 - https:\/\/yoast.com\/product\/yoast-seo-wordpress\/ -->\n<title>Tom Doshi nuk ndal sulmet: Jozefina ishte bashk\u00ebpun\u00ebtore e Sigurimit. Na thuaj si e b\u00ebre pasurin\u00eb? - FjALA e LIR\u00cb - Arkivi<\/title>\n<meta name=\"robots\" content=\"index, follow, max-snippet:-1, max-image-preview:large, max-video-preview:-1\" \/>\n<link rel=\"canonical\" href=\"https:\/\/fjala.info\/2009-2015\/tom-doshi-nuk-ndal-sulmet-jozefina-ishte-bashkepunetore-e-sigurimit-na-thuaj-si-e-bere-pasurine\/\" \/>\n<meta property=\"og:locale\" content=\"sq_AL\" \/>\n<meta property=\"og:type\" content=\"article\" \/>\n<meta property=\"og:title\" content=\"Tom Doshi nuk ndal sulmet: Jozefina ishte bashk\u00ebpun\u00ebtore e Sigurimit. Na thuaj si e b\u00ebre pasurin\u00eb? - FjALA e LIR\u00cb - Arkivi\" \/>\n<meta property=\"og:description\" content=\"TemA, 12 Qershor 2013 Kandidati p\u00ebr deputet i Partis\u00eb Socialiste n\u00eb qarkun e Shkodr\u00ebs, Tom Doshi, nuk i ndal sulmet ndaj Jozefina Topallit, q\u00eb udh\u00ebheq list\u00ebn e PD p\u00ebr k\u00ebt\u00eb qark. N\u00eb nj\u00eb takim n\u00eb Vaun e Dej\u00ebs, Doshi e ka akuzuar p\u00ebr pasurim t\u00eb paligjsh\u00ebm dhe lidhje me Sigurimin e Shtetit. \u201cJozefina sot \u00ebsht\u00eb [&hellip;]\" \/>\n<meta property=\"og:url\" content=\"https:\/\/fjala.info\/2009-2015\/tom-doshi-nuk-ndal-sulmet-jozefina-ishte-bashkepunetore-e-sigurimit-na-thuaj-si-e-bere-pasurine\/\" \/>\n<meta property=\"og:site_name\" content=\"FjALA e LIR\u00cb - Arkivi\" \/>\n<meta property=\"article:published_time\" content=\"2013-06-13T07:25:14+00:00\" \/>\n<meta property=\"og:image\" content=\"http:\/\/www.fjala.info\/2013\/tom_doshi.jpg\" \/>\n<meta name=\"author\" content=\"admin\" \/>\n<meta name=\"twitter:card\" content=\"summary_large_image\" \/>\n<meta name=\"twitter:label1\" content=\"Written by\" \/>\n\t<meta name=\"twitter:data1\" content=\"admin\" \/>\n\t<meta name=\"twitter:label2\" content=\"Est. reading time\" \/>\n\t<meta name=\"twitter:data2\" content=\"1 minute\" \/>\n<script type=\"application\/ld+json\" class=\"yoast-schema-graph\">{\"@context\":\"https:\\\/\\\/schema.org\",\"@graph\":[{\"@type\":\"Article\",\"@id\":\"https:\\\/\\\/fjala.info\\\/2009-2015\\\/tom-doshi-nuk-ndal-sulmet-jozefina-ishte-bashkepunetore-e-sigurimit-na-thuaj-si-e-bere-pasurine\\\/#article\",\"isPartOf\":{\"@id\":\"https:\\\/\\\/fjala.info\\\/2009-2015\\\/tom-doshi-nuk-ndal-sulmet-jozefina-ishte-bashkepunetore-e-sigurimit-na-thuaj-si-e-bere-pasurine\\\/\"},\"author\":{\"name\":\"admin\",\"@id\":\"https:\\\/\\\/fjala.info\\\/2009-2015\\\/#\\\/schema\\\/person\\\/3aa1163ef05469c496fc94e77611ada2\"},\"headline\":\"Tom Doshi nuk ndal sulmet: Jozefina ishte bashk\u00ebpun\u00ebtore e Sigurimit. Na thuaj si e b\u00ebre pasurin\u00eb?\",\"datePublished\":\"2013-06-13T07:25:14+00:00\",\"mainEntityOfPage\":{\"@id\":\"https:\\\/\\\/fjala.info\\\/2009-2015\\\/tom-doshi-nuk-ndal-sulmet-jozefina-ishte-bashkepunetore-e-sigurimit-na-thuaj-si-e-bere-pasurine\\\/\"},\"wordCount\":296,\"commentCount\":2,\"publisher\":{\"@id\":\"https:\\\/\\\/fjala.info\\\/2009-2015\\\/#organization\"},\"image\":{\"@id\":\"https:\\\/\\\/fjala.info\\\/2009-2015\\\/tom-doshi-nuk-ndal-sulmet-jozefina-ishte-bashkepunetore-e-sigurimit-na-thuaj-si-e-bere-pasurine\\\/#primaryimage\"},\"thumbnailUrl\":\"http:\\\/\\\/www.fjala.info\\\/2013\\\/tom_doshi.jpg\",\"articleSection\":[\"Artikuj\",\"Lajme\"],\"inLanguage\":\"sq-AL\",\"potentialAction\":[{\"@type\":\"CommentAction\",\"name\":\"Comment\",\"target\":[\"https:\\\/\\\/fjala.info\\\/2009-2015\\\/tom-doshi-nuk-ndal-sulmet-jozefina-ishte-bashkepunetore-e-sigurimit-na-thuaj-si-e-bere-pasurine\\\/#respond\"]}]},{\"@type\":\"WebPage\",\"@id\":\"https:\\\/\\\/fjala.info\\\/2009-2015\\\/tom-doshi-nuk-ndal-sulmet-jozefina-ishte-bashkepunetore-e-sigurimit-na-thuaj-si-e-bere-pasurine\\\/\",\"url\":\"https:\\\/\\\/fjala.info\\\/2009-2015\\\/tom-doshi-nuk-ndal-sulmet-jozefina-ishte-bashkepunetore-e-sigurimit-na-thuaj-si-e-bere-pasurine\\\/\",\"name\":\"Tom Doshi nuk ndal sulmet: Jozefina ishte bashk\u00ebpun\u00ebtore e Sigurimit. Na thuaj si e b\u00ebre pasurin\u00eb? - FjALA e LIR\u00cb - Arkivi\",\"isPartOf\":{\"@id\":\"https:\\\/\\\/fjala.info\\\/2009-2015\\\/#website\"},\"primaryImageOfPage\":{\"@id\":\"https:\\\/\\\/fjala.info\\\/2009-2015\\\/tom-doshi-nuk-ndal-sulmet-jozefina-ishte-bashkepunetore-e-sigurimit-na-thuaj-si-e-bere-pasurine\\\/#primaryimage\"},\"image\":{\"@id\":\"https:\\\/\\\/fjala.info\\\/2009-2015\\\/tom-doshi-nuk-ndal-sulmet-jozefina-ishte-bashkepunetore-e-sigurimit-na-thuaj-si-e-bere-pasurine\\\/#primaryimage\"},\"thumbnailUrl\":\"http:\\\/\\\/www.fjala.info\\\/2013\\\/tom_doshi.jpg\",\"datePublished\":\"2013-06-13T07:25:14+00:00\",\"breadcrumb\":{\"@id\":\"https:\\\/\\\/fjala.info\\\/2009-2015\\\/tom-doshi-nuk-ndal-sulmet-jozefina-ishte-bashkepunetore-e-sigurimit-na-thuaj-si-e-bere-pasurine\\\/#breadcrumb\"},\"inLanguage\":\"sq-AL\",\"potentialAction\":[{\"@type\":\"ReadAction\",\"target\":[\"https:\\\/\\\/fjala.info\\\/2009-2015\\\/tom-doshi-nuk-ndal-sulmet-jozefina-ishte-bashkepunetore-e-sigurimit-na-thuaj-si-e-bere-pasurine\\\/\"]}]},{\"@type\":\"ImageObject\",\"inLanguage\":\"sq-AL\",\"@id\":\"https:\\\/\\\/fjala.info\\\/2009-2015\\\/tom-doshi-nuk-ndal-sulmet-jozefina-ishte-bashkepunetore-e-sigurimit-na-thuaj-si-e-bere-pasurine\\\/#primaryimage\",\"url\":\"http:\\\/\\\/www.fjala.info\\\/2013\\\/tom_doshi.jpg\",\"contentUrl\":\"http:\\\/\\\/www.fjala.info\\\/2013\\\/tom_doshi.jpg\"},{\"@type\":\"BreadcrumbList\",\"@id\":\"https:\\\/\\\/fjala.info\\\/2009-2015\\\/tom-doshi-nuk-ndal-sulmet-jozefina-ishte-bashkepunetore-e-sigurimit-na-thuaj-si-e-bere-pasurine\\\/#breadcrumb\",\"itemListElement\":[{\"@type\":\"ListItem\",\"position\":1,\"name\":\"Home\",\"item\":\"https:\\\/\\\/fjala.info\\\/2009-2015\\\/\"},{\"@type\":\"ListItem\",\"position\":2,\"name\":\"Tom Doshi nuk ndal sulmet: Jozefina ishte bashk\u00ebpun\u00ebtore e Sigurimit. Na thuaj si e b\u00ebre pasurin\u00eb?\"}]},{\"@type\":\"WebSite\",\"@id\":\"https:\\\/\\\/fjala.info\\\/2009-2015\\\/#website\",\"url\":\"https:\\\/\\\/fjala.info\\\/2009-2015\\\/\",\"name\":\"FjALA e LIR\u00cb - Arkivi\",\"description\":\"Arkivi 2009-2015\",\"publisher\":{\"@id\":\"https:\\\/\\\/fjala.info\\\/2009-2015\\\/#organization\"},\"potentialAction\":[{\"@type\":\"SearchAction\",\"target\":{\"@type\":\"EntryPoint\",\"urlTemplate\":\"https:\\\/\\\/fjala.info\\\/2009-2015\\\/?s={search_term_string}\"},\"query-input\":{\"@type\":\"PropertyValueSpecification\",\"valueRequired\":true,\"valueName\":\"search_term_string\"}}],\"inLanguage\":\"sq-AL\"},{\"@type\":\"Organization\",\"@id\":\"https:\\\/\\\/fjala.info\\\/2009-2015\\\/#organization\",\"name\":\"FjALA e LIR\u00cb - Arkivi\",\"url\":\"https:\\\/\\\/fjala.info\\\/2009-2015\\\/\",\"logo\":{\"@type\":\"ImageObject\",\"inLanguage\":\"sq-AL\",\"@id\":\"https:\\\/\\\/fjala.info\\\/2009-2015\\\/#\\\/schema\\\/logo\\\/image\\\/\",\"url\":\"\",\"contentUrl\":\"\",\"caption\":\"FjALA e LIR\u00cb - Arkivi\"},\"image\":{\"@id\":\"https:\\\/\\\/fjala.info\\\/2009-2015\\\/#\\\/schema\\\/logo\\\/image\\\/\"}},{\"@type\":\"Person\",\"@id\":\"https:\\\/\\\/fjala.info\\\/2009-2015\\\/#\\\/schema\\\/person\\\/3aa1163ef05469c496fc94e77611ada2\",\"name\":\"admin\",\"image\":{\"@type\":\"ImageObject\",\"inLanguage\":\"sq-AL\",\"@id\":\"https:\\\/\\\/fjala.info\\\/2009-2015\\\/wp-content\\\/uploads\\\/2012\\\/02\\\/arben_cokaj-120x150.jpg\",\"url\":\"https:\\\/\\\/fjala.info\\\/2009-2015\\\/wp-content\\\/uploads\\\/2012\\\/02\\\/arben_cokaj-120x150.jpg\",\"contentUrl\":\"https:\\\/\\\/fjala.info\\\/2009-2015\\\/wp-content\\\/uploads\\\/2012\\\/02\\\/arben_cokaj-120x150.jpg\",\"caption\":\"admin\"},\"description\":\"Admin, Fjala e Lir\u00eb\",\"sameAs\":[\"https:\\\/\\\/fjala.info\\\/\"],\"url\":\"https:\\\/\\\/fjala.info\\\/2009-2015\\\/author\\\/admin\\\/\"}]}<\/script>\n<!-- \/ Yoast SEO plugin. -->","yoast_head_json":{"title":"Tom Doshi nuk ndal sulmet: Jozefina ishte bashk\u00ebpun\u00ebtore e Sigurimit. Na thuaj si e b\u00ebre pasurin\u00eb? - FjALA e LIR\u00cb - Arkivi","robots":{"index":"index","follow":"follow","max-snippet":"max-snippet:-1","max-image-preview":"max-image-preview:large","max-video-preview":"max-video-preview:-1"},"canonical":"https:\/\/fjala.info\/2009-2015\/tom-doshi-nuk-ndal-sulmet-jozefina-ishte-bashkepunetore-e-sigurimit-na-thuaj-si-e-bere-pasurine\/","og_locale":"sq_AL","og_type":"article","og_title":"Tom Doshi nuk ndal sulmet: Jozefina ishte bashk\u00ebpun\u00ebtore e Sigurimit. Na thuaj si e b\u00ebre pasurin\u00eb? - FjALA e LIR\u00cb - Arkivi","og_description":"TemA, 12 Qershor 2013 Kandidati p\u00ebr deputet i Partis\u00eb Socialiste n\u00eb qarkun e Shkodr\u00ebs, Tom Doshi, nuk i ndal sulmet ndaj Jozefina Topallit, q\u00eb udh\u00ebheq list\u00ebn e PD p\u00ebr k\u00ebt\u00eb qark. N\u00eb nj\u00eb takim n\u00eb Vaun e Dej\u00ebs, Doshi e ka akuzuar p\u00ebr pasurim t\u00eb paligjsh\u00ebm dhe lidhje me Sigurimin e Shtetit. \u201cJozefina sot \u00ebsht\u00eb [&hellip;]","og_url":"https:\/\/fjala.info\/2009-2015\/tom-doshi-nuk-ndal-sulmet-jozefina-ishte-bashkepunetore-e-sigurimit-na-thuaj-si-e-bere-pasurine\/","og_site_name":"FjALA e LIR\u00cb - Arkivi","article_published_time":"2013-06-13T07:25:14+00:00","og_image":[{"url":"http:\/\/www.fjala.info\/2013\/tom_doshi.jpg","type":"","width":"","height":""}],"author":"admin","twitter_card":"summary_large_image","twitter_misc":{"Written by":"admin","Est. reading time":"1 minute"},"schema":{"@context":"https:\/\/schema.org","@graph":[{"@type":"Article","@id":"https:\/\/fjala.info\/2009-2015\/tom-doshi-nuk-ndal-sulmet-jozefina-ishte-bashkepunetore-e-sigurimit-na-thuaj-si-e-bere-pasurine\/#article","isPartOf":{"@id":"https:\/\/fjala.info\/2009-2015\/tom-doshi-nuk-ndal-sulmet-jozefina-ishte-bashkepunetore-e-sigurimit-na-thuaj-si-e-bere-pasurine\/"},"author":{"name":"admin","@id":"https:\/\/fjala.info\/2009-2015\/#\/schema\/person\/3aa1163ef05469c496fc94e77611ada2"},"headline":"Tom Doshi nuk ndal sulmet: Jozefina ishte bashk\u00ebpun\u00ebtore e Sigurimit. Na thuaj si e b\u00ebre pasurin\u00eb?","datePublished":"2013-06-13T07:25:14+00:00","mainEntityOfPage":{"@id":"https:\/\/fjala.info\/2009-2015\/tom-doshi-nuk-ndal-sulmet-jozefina-ishte-bashkepunetore-e-sigurimit-na-thuaj-si-e-bere-pasurine\/"},"wordCount":296,"commentCount":2,"publisher":{"@id":"https:\/\/fjala.info\/2009-2015\/#organization"},"image":{"@id":"https:\/\/fjala.info\/2009-2015\/tom-doshi-nuk-ndal-sulmet-jozefina-ishte-bashkepunetore-e-sigurimit-na-thuaj-si-e-bere-pasurine\/#primaryimage"},"thumbnailUrl":"http:\/\/www.fjala.info\/2013\/tom_doshi.jpg","articleSection":["Artikuj","Lajme"],"inLanguage":"sq-AL","potentialAction":[{"@type":"CommentAction","name":"Comment","target":["https:\/\/fjala.info\/2009-2015\/tom-doshi-nuk-ndal-sulmet-jozefina-ishte-bashkepunetore-e-sigurimit-na-thuaj-si-e-bere-pasurine\/#respond"]}]},{"@type":"WebPage","@id":"https:\/\/fjala.info\/2009-2015\/tom-doshi-nuk-ndal-sulmet-jozefina-ishte-bashkepunetore-e-sigurimit-na-thuaj-si-e-bere-pasurine\/","url":"https:\/\/fjala.info\/2009-2015\/tom-doshi-nuk-ndal-sulmet-jozefina-ishte-bashkepunetore-e-sigurimit-na-thuaj-si-e-bere-pasurine\/","name":"Tom Doshi nuk ndal sulmet: Jozefina ishte bashk\u00ebpun\u00ebtore e Sigurimit. Na thuaj si e b\u00ebre pasurin\u00eb? - FjALA e LIR\u00cb - Arkivi","isPartOf":{"@id":"https:\/\/fjala.info\/2009-2015\/#website"},"primaryImageOfPage":{"@id":"https:\/\/fjala.info\/2009-2015\/tom-doshi-nuk-ndal-sulmet-jozefina-ishte-bashkepunetore-e-sigurimit-na-thuaj-si-e-bere-pasurine\/#primaryimage"},"image":{"@id":"https:\/\/fjala.info\/2009-2015\/tom-doshi-nuk-ndal-sulmet-jozefina-ishte-bashkepunetore-e-sigurimit-na-thuaj-si-e-bere-pasurine\/#primaryimage"},"thumbnailUrl":"http:\/\/www.fjala.info\/2013\/tom_doshi.jpg","datePublished":"2013-06-13T07:25:14+00:00","breadcrumb":{"@id":"https:\/\/fjala.info\/2009-2015\/tom-doshi-nuk-ndal-sulmet-jozefina-ishte-bashkepunetore-e-sigurimit-na-thuaj-si-e-bere-pasurine\/#breadcrumb"},"inLanguage":"sq-AL","potentialAction":[{"@type":"ReadAction","target":["https:\/\/fjala.info\/2009-2015\/tom-doshi-nuk-ndal-sulmet-jozefina-ishte-bashkepunetore-e-sigurimit-na-thuaj-si-e-bere-pasurine\/"]}]},{"@type":"ImageObject","inLanguage":"sq-AL","@id":"https:\/\/fjala.info\/2009-2015\/tom-doshi-nuk-ndal-sulmet-jozefina-ishte-bashkepunetore-e-sigurimit-na-thuaj-si-e-bere-pasurine\/#primaryimage","url":"http:\/\/www.fjala.info\/2013\/tom_doshi.jpg","contentUrl":"http:\/\/www.fjala.info\/2013\/tom_doshi.jpg"},{"@type":"BreadcrumbList","@id":"https:\/\/fjala.info\/2009-2015\/tom-doshi-nuk-ndal-sulmet-jozefina-ishte-bashkepunetore-e-sigurimit-na-thuaj-si-e-bere-pasurine\/#breadcrumb","itemListElement":[{"@type":"ListItem","position":1,"name":"Home","item":"https:\/\/fjala.info\/2009-2015\/"},{"@type":"ListItem","position":2,"name":"Tom Doshi nuk ndal sulmet: Jozefina ishte bashk\u00ebpun\u00ebtore e Sigurimit. Na thuaj si e b\u00ebre pasurin\u00eb?"}]},{"@type":"WebSite","@id":"https:\/\/fjala.info\/2009-2015\/#website","url":"https:\/\/fjala.info\/2009-2015\/","name":"FjALA e LIR\u00cb - Arkivi","description":"Arkivi 2009-2015","publisher":{"@id":"https:\/\/fjala.info\/2009-2015\/#organization"},"potentialAction":[{"@type":"SearchAction","target":{"@type":"EntryPoint","urlTemplate":"https:\/\/fjala.info\/2009-2015\/?s={search_term_string}"},"query-input":{"@type":"PropertyValueSpecification","valueRequired":true,"valueName":"search_term_string"}}],"inLanguage":"sq-AL"},{"@type":"Organization","@id":"https:\/\/fjala.info\/2009-2015\/#organization","name":"FjALA e LIR\u00cb - Arkivi","url":"https:\/\/fjala.info\/2009-2015\/","logo":{"@type":"ImageObject","inLanguage":"sq-AL","@id":"https:\/\/fjala.info\/2009-2015\/#\/schema\/logo\/image\/","url":"","contentUrl":"","caption":"FjALA e LIR\u00cb - Arkivi"},"image":{"@id":"https:\/\/fjala.info\/2009-2015\/#\/schema\/logo\/image\/"}},{"@type":"Person","@id":"https:\/\/fjala.info\/2009-2015\/#\/schema\/person\/3aa1163ef05469c496fc94e77611ada2","name":"admin","image":{"@type":"ImageObject","inLanguage":"sq-AL","@id":"https:\/\/fjala.info\/2009-2015\/wp-content\/uploads\/2012\/02\/arben_cokaj-120x150.jpg","url":"https:\/\/fjala.info\/2009-2015\/wp-content\/uploads\/2012\/02\/arben_cokaj-120x150.jpg","contentUrl":"https:\/\/fjala.info\/2009-2015\/wp-content\/uploads\/2012\/02\/arben_cokaj-120x150.jpg","caption":"admin"},"description":"Admin, Fjala e Lir\u00eb","sameAs":["https:\/\/fjala.info\/"],"url":"https:\/\/fjala.info\/2009-2015\/author\/admin\/"}]}},"_links":{"self":[{"href":"https:\/\/fjala.info\/2009-2015\/wp-json\/wp\/v2\/posts\/12829","targetHints":{"allow":["GET"]}}],"collection":[{"href":"https:\/\/fjala.info\/2009-2015\/wp-json\/wp\/v2\/posts"}],"about":[{"href":"https:\/\/fjala.info\/2009-2015\/wp-json\/wp\/v2\/types\/post"}],"author":[{"embeddable":true,"href":"https:\/\/fjala.info\/2009-2015\/wp-json\/wp\/v2\/users\/1"}],"replies":[{"embeddable":true,"href":"https:\/\/fjala.info\/2009-2015\/wp-json\/wp\/v2\/comments?post=12829"}],"version-history":[{"count":0,"href":"https:\/\/fjala.info\/2009-2015\/wp-json\/wp\/v2\/posts\/12829\/revisions"}],"wp:attachment":[{"href":"https:\/\/fjala.info\/2009-2015\/wp-json\/wp\/v2\/media?parent=12829"}],"wp:term":[{"taxonomy":"category","embeddable":true,"href":"https:\/\/fjala.info\/2009-2015\/wp-json\/wp\/v2\/categories?post=12829"},{"taxonomy":"post_tag","embeddable":true,"href":"https:\/\/fjala.info\/2009-2015\/wp-json\/wp\/v2\/tags?post=12829"}],"curies":[{"name":"wp","href":"https:\/\/api.w.org\/{rel}","templated":true}]}}