{"id":12765,"date":"2013-05-30T23:40:37","date_gmt":"2013-05-30T22:40:37","guid":{"rendered":"http:\/\/fjala.info\/?p=2736"},"modified":"2013-05-30T23:40:37","modified_gmt":"2013-05-30T22:40:37","slug":"elhaida-dani-fiton-the-voice-of-italy","status":"publish","type":"post","link":"https:\/\/fjala.info\/2009-2015\/elhaida-dani-fiton-the-voice-of-italy\/","title":{"rendered":"Elhaida Dani fiton &#8220;The Voice Of Italy&#8221;"},"content":{"rendered":"<p><img decoding=\"async\" class=\"alignright size-thumbnail wp-image-7236\" title=\"Elhaida Dani\" alt=\"\" src=\"http:\/\/www.fjala.info\/2013\/elhaida_dani_voice.jpg\" width=\"300\" \/> <strong>Shekulli<\/strong>, <em>30.05.2013<\/em><\/p>\n<p>Elhaida Dani \u00ebsht\u00eb shpallur fituese e \u201cThe Voice of Italy\u2019. Shkodrania ka fituar me mbi 70% t\u00eb votave n\u00eb votimin final ku konkurronte p\u00ebrball\u00eb Timothy Cavicchin.<\/p>\n<p>Dani mori 71.70% t\u00eb votave t\u00eb pulikut nd\u00ebrsa Cavicchini vet\u00ebm 28.30%.<\/p>\n<p>Elhaida Dani, para \u201cThe Voice of Italy\u201d, kishte provuar t\u00eb hynte te Amici i Maria De Filippit, por nuk kishte kaluar n\u00eb provimin e par\u00eb. \u201cMora pjes\u00eb n\u00eb p\u00ebrzgjedhjet q\u00eb u b\u00ebn\u00eb p\u00ebr Amici 2010. Por nuk kalova as prov\u00ebn e par\u00eb\u201d k\u00ebshtu tregon ajo p\u00ebr \u201cmelty.it\u201d.<\/p>\n<p>P\u00ebr pjes\u00ebmarrjen e saj n\u00eb \u201cThe voice\u201d, kujton nat\u00ebn e par\u00eb: &#8220;gjat\u00eb blind audition, kur t\u00eb kat\u00ebr an\u00ebtar\u00ebt e juris\u00eb u kthyen nga un\u00eb, zgjodha Riccardo Coccianten sepse ishte idhulli im q\u00eb e vog\u00ebl; nd\u00ebrsa k\u00ebndoja, lutesha q\u00eb ai t\u00eb kthehej i pari, me zem\u00ebr e kisha zgjedhur q\u00eb m\u00eb par\u00eb\u201d. \u00cbsht\u00eb e lumtur p\u00ebr zgjedhjen e b\u00ebr\u00eb dhe shprehet \u201cN\u00ebse kam arritur deri n\u00eb finale, \u00ebsht\u00eb edhe fal\u00eb tij, e fal\u00eb mb\u00ebshtetjes s\u00eb publikut\u201d.<\/p>\n<p><center><iframe loading=\"lazy\" src=\"https:\/\/www.facebook.com\/video\/embed?video_id=10151690076252517\" height=\"288\" width=\"512\" frameborder=\"0\"><\/iframe><\/center><\/p>\n<p>Por duket se Elhaida i ishte trembur disi reagimit t\u00eb publikut kur t\u00eb m\u00ebsonte se ishte shqiptare: \u201cN\u00eb internet lexohen lloj-lloj gj\u00ebrash mbi shqiptar\u00ebt, pata frik\u00eb mos suksesi im shtynte ndonj\u00eb t\u00eb m\u00eb sulmonte p\u00ebr origjin\u00ebn time. Fatmir\u00ebsisht nuk ndodhi k\u00ebshtu.<\/p>\n","protected":false},"excerpt":{"rendered":"<p>Shekulli, 30.05.2013 Elhaida Dani \u00ebsht\u00eb shpallur fituese e \u201cThe Voice of Italy\u2019. Shkodrania ka fituar me mbi 70% t\u00eb votave n\u00eb votimin final ku konkurronte p\u00ebrball\u00eb Timothy Cavicchin. Dani mori 71.70% t\u00eb votave t\u00eb pulikut nd\u00ebrsa Cavicchini vet\u00ebm 28.30%. Elhaida Dani, para \u201cThe Voice of Italy\u201d, kishte provuar t\u00eb hynte te Amici i Maria De [&hellip;]<\/p>\n","protected":false},"author":1,"featured_media":0,"comment_status":"open","ping_status":"closed","sticky":false,"template":"","format":"standard","meta":{"footnotes":""},"categories":[2,5],"tags":[],"class_list":{"0":"post-12765","1":"post","2":"type-post","3":"status-publish","4":"format-standard","6":"category-artikuj","7":"category-lajme"},"yoast_head":"<!-- This site is optimized with the Yoast SEO plugin v27.4 - https:\/\/yoast.com\/product\/yoast-seo-wordpress\/ -->\n<title>Elhaida Dani fiton &quot;The Voice Of Italy&quot; - FjALA e LIR\u00cb - Arkivi<\/title>\n<meta name=\"robots\" content=\"index, follow, max-snippet:-1, max-image-preview:large, max-video-preview:-1\" \/>\n<link rel=\"canonical\" href=\"https:\/\/fjala.info\/2009-2015\/elhaida-dani-fiton-the-voice-of-italy\/\" \/>\n<meta property=\"og:locale\" content=\"sq_AL\" \/>\n<meta property=\"og:type\" content=\"article\" \/>\n<meta property=\"og:title\" content=\"Elhaida Dani fiton &quot;The Voice Of Italy&quot; - FjALA e LIR\u00cb - Arkivi\" \/>\n<meta property=\"og:description\" content=\"Shekulli, 30.05.2013 Elhaida Dani \u00ebsht\u00eb shpallur fituese e \u201cThe Voice of Italy\u2019. Shkodrania ka fituar me mbi 70% t\u00eb votave n\u00eb votimin final ku konkurronte p\u00ebrball\u00eb Timothy Cavicchin. Dani mori 71.70% t\u00eb votave t\u00eb pulikut nd\u00ebrsa Cavicchini vet\u00ebm 28.30%. Elhaida Dani, para \u201cThe Voice of Italy\u201d, kishte provuar t\u00eb hynte te Amici i Maria De [&hellip;]\" \/>\n<meta property=\"og:url\" content=\"https:\/\/fjala.info\/2009-2015\/elhaida-dani-fiton-the-voice-of-italy\/\" \/>\n<meta property=\"og:site_name\" content=\"FjALA e LIR\u00cb - Arkivi\" \/>\n<meta property=\"article:published_time\" content=\"2013-05-30T22:40:37+00:00\" \/>\n<meta property=\"og:image\" content=\"http:\/\/www.fjala.info\/2013\/elhaida_dani_voice.jpg\" \/>\n<meta name=\"author\" content=\"admin\" \/>\n<meta name=\"twitter:card\" content=\"summary_large_image\" \/>\n<meta name=\"twitter:label1\" content=\"Written by\" \/>\n\t<meta name=\"twitter:data1\" content=\"admin\" \/>\n\t<meta name=\"twitter:label2\" content=\"Est. reading time\" \/>\n\t<meta name=\"twitter:data2\" content=\"1 minute\" \/>\n<script type=\"application\/ld+json\" class=\"yoast-schema-graph\">{\"@context\":\"https:\\\/\\\/schema.org\",\"@graph\":[{\"@type\":\"Article\",\"@id\":\"https:\\\/\\\/fjala.info\\\/2009-2015\\\/elhaida-dani-fiton-the-voice-of-italy\\\/#article\",\"isPartOf\":{\"@id\":\"https:\\\/\\\/fjala.info\\\/2009-2015\\\/elhaida-dani-fiton-the-voice-of-italy\\\/\"},\"author\":{\"name\":\"admin\",\"@id\":\"https:\\\/\\\/fjala.info\\\/2009-2015\\\/#\\\/schema\\\/person\\\/3aa1163ef05469c496fc94e77611ada2\"},\"headline\":\"Elhaida Dani fiton &#8220;The Voice Of Italy&#8221;\",\"datePublished\":\"2013-05-30T22:40:37+00:00\",\"mainEntityOfPage\":{\"@id\":\"https:\\\/\\\/fjala.info\\\/2009-2015\\\/elhaida-dani-fiton-the-voice-of-italy\\\/\"},\"wordCount\":235,\"commentCount\":0,\"publisher\":{\"@id\":\"https:\\\/\\\/fjala.info\\\/2009-2015\\\/#organization\"},\"image\":{\"@id\":\"https:\\\/\\\/fjala.info\\\/2009-2015\\\/elhaida-dani-fiton-the-voice-of-italy\\\/#primaryimage\"},\"thumbnailUrl\":\"http:\\\/\\\/www.fjala.info\\\/2013\\\/elhaida_dani_voice.jpg\",\"articleSection\":[\"Artikuj\",\"Lajme\"],\"inLanguage\":\"sq-AL\",\"potentialAction\":[{\"@type\":\"CommentAction\",\"name\":\"Comment\",\"target\":[\"https:\\\/\\\/fjala.info\\\/2009-2015\\\/elhaida-dani-fiton-the-voice-of-italy\\\/#respond\"]}]},{\"@type\":\"WebPage\",\"@id\":\"https:\\\/\\\/fjala.info\\\/2009-2015\\\/elhaida-dani-fiton-the-voice-of-italy\\\/\",\"url\":\"https:\\\/\\\/fjala.info\\\/2009-2015\\\/elhaida-dani-fiton-the-voice-of-italy\\\/\",\"name\":\"Elhaida Dani fiton \\\"The Voice Of Italy\\\" - FjALA e LIR\u00cb - Arkivi\",\"isPartOf\":{\"@id\":\"https:\\\/\\\/fjala.info\\\/2009-2015\\\/#website\"},\"primaryImageOfPage\":{\"@id\":\"https:\\\/\\\/fjala.info\\\/2009-2015\\\/elhaida-dani-fiton-the-voice-of-italy\\\/#primaryimage\"},\"image\":{\"@id\":\"https:\\\/\\\/fjala.info\\\/2009-2015\\\/elhaida-dani-fiton-the-voice-of-italy\\\/#primaryimage\"},\"thumbnailUrl\":\"http:\\\/\\\/www.fjala.info\\\/2013\\\/elhaida_dani_voice.jpg\",\"datePublished\":\"2013-05-30T22:40:37+00:00\",\"breadcrumb\":{\"@id\":\"https:\\\/\\\/fjala.info\\\/2009-2015\\\/elhaida-dani-fiton-the-voice-of-italy\\\/#breadcrumb\"},\"inLanguage\":\"sq-AL\",\"potentialAction\":[{\"@type\":\"ReadAction\",\"target\":[\"https:\\\/\\\/fjala.info\\\/2009-2015\\\/elhaida-dani-fiton-the-voice-of-italy\\\/\"]}]},{\"@type\":\"ImageObject\",\"inLanguage\":\"sq-AL\",\"@id\":\"https:\\\/\\\/fjala.info\\\/2009-2015\\\/elhaida-dani-fiton-the-voice-of-italy\\\/#primaryimage\",\"url\":\"http:\\\/\\\/www.fjala.info\\\/2013\\\/elhaida_dani_voice.jpg\",\"contentUrl\":\"http:\\\/\\\/www.fjala.info\\\/2013\\\/elhaida_dani_voice.jpg\"},{\"@type\":\"BreadcrumbList\",\"@id\":\"https:\\\/\\\/fjala.info\\\/2009-2015\\\/elhaida-dani-fiton-the-voice-of-italy\\\/#breadcrumb\",\"itemListElement\":[{\"@type\":\"ListItem\",\"position\":1,\"name\":\"Home\",\"item\":\"https:\\\/\\\/fjala.info\\\/2009-2015\\\/\"},{\"@type\":\"ListItem\",\"position\":2,\"name\":\"Elhaida Dani fiton &#8220;The Voice Of Italy&#8221;\"}]},{\"@type\":\"WebSite\",\"@id\":\"https:\\\/\\\/fjala.info\\\/2009-2015\\\/#website\",\"url\":\"https:\\\/\\\/fjala.info\\\/2009-2015\\\/\",\"name\":\"FjALA e LIR\u00cb - Arkivi\",\"description\":\"Arkivi 2009-2015\",\"publisher\":{\"@id\":\"https:\\\/\\\/fjala.info\\\/2009-2015\\\/#organization\"},\"potentialAction\":[{\"@type\":\"SearchAction\",\"target\":{\"@type\":\"EntryPoint\",\"urlTemplate\":\"https:\\\/\\\/fjala.info\\\/2009-2015\\\/?s={search_term_string}\"},\"query-input\":{\"@type\":\"PropertyValueSpecification\",\"valueRequired\":true,\"valueName\":\"search_term_string\"}}],\"inLanguage\":\"sq-AL\"},{\"@type\":\"Organization\",\"@id\":\"https:\\\/\\\/fjala.info\\\/2009-2015\\\/#organization\",\"name\":\"FjALA e LIR\u00cb - Arkivi\",\"url\":\"https:\\\/\\\/fjala.info\\\/2009-2015\\\/\",\"logo\":{\"@type\":\"ImageObject\",\"inLanguage\":\"sq-AL\",\"@id\":\"https:\\\/\\\/fjala.info\\\/2009-2015\\\/#\\\/schema\\\/logo\\\/image\\\/\",\"url\":\"\",\"contentUrl\":\"\",\"caption\":\"FjALA e LIR\u00cb - Arkivi\"},\"image\":{\"@id\":\"https:\\\/\\\/fjala.info\\\/2009-2015\\\/#\\\/schema\\\/logo\\\/image\\\/\"}},{\"@type\":\"Person\",\"@id\":\"https:\\\/\\\/fjala.info\\\/2009-2015\\\/#\\\/schema\\\/person\\\/3aa1163ef05469c496fc94e77611ada2\",\"name\":\"admin\",\"image\":{\"@type\":\"ImageObject\",\"inLanguage\":\"sq-AL\",\"@id\":\"https:\\\/\\\/fjala.info\\\/2009-2015\\\/wp-content\\\/uploads\\\/2012\\\/02\\\/arben_cokaj-120x150.jpg\",\"url\":\"https:\\\/\\\/fjala.info\\\/2009-2015\\\/wp-content\\\/uploads\\\/2012\\\/02\\\/arben_cokaj-120x150.jpg\",\"contentUrl\":\"https:\\\/\\\/fjala.info\\\/2009-2015\\\/wp-content\\\/uploads\\\/2012\\\/02\\\/arben_cokaj-120x150.jpg\",\"caption\":\"admin\"},\"description\":\"Admin, Fjala e Lir\u00eb\",\"sameAs\":[\"https:\\\/\\\/fjala.info\\\/\"],\"url\":\"https:\\\/\\\/fjala.info\\\/2009-2015\\\/author\\\/admin\\\/\"}]}<\/script>\n<!-- \/ Yoast SEO plugin. -->","yoast_head_json":{"title":"Elhaida Dani fiton \"The Voice Of Italy\" - FjALA e LIR\u00cb - Arkivi","robots":{"index":"index","follow":"follow","max-snippet":"max-snippet:-1","max-image-preview":"max-image-preview:large","max-video-preview":"max-video-preview:-1"},"canonical":"https:\/\/fjala.info\/2009-2015\/elhaida-dani-fiton-the-voice-of-italy\/","og_locale":"sq_AL","og_type":"article","og_title":"Elhaida Dani fiton \"The Voice Of Italy\" - FjALA e LIR\u00cb - Arkivi","og_description":"Shekulli, 30.05.2013 Elhaida Dani \u00ebsht\u00eb shpallur fituese e \u201cThe Voice of Italy\u2019. Shkodrania ka fituar me mbi 70% t\u00eb votave n\u00eb votimin final ku konkurronte p\u00ebrball\u00eb Timothy Cavicchin. Dani mori 71.70% t\u00eb votave t\u00eb pulikut nd\u00ebrsa Cavicchini vet\u00ebm 28.30%. Elhaida Dani, para \u201cThe Voice of Italy\u201d, kishte provuar t\u00eb hynte te Amici i Maria De [&hellip;]","og_url":"https:\/\/fjala.info\/2009-2015\/elhaida-dani-fiton-the-voice-of-italy\/","og_site_name":"FjALA e LIR\u00cb - Arkivi","article_published_time":"2013-05-30T22:40:37+00:00","og_image":[{"url":"http:\/\/www.fjala.info\/2013\/elhaida_dani_voice.jpg","type":"","width":"","height":""}],"author":"admin","twitter_card":"summary_large_image","twitter_misc":{"Written by":"admin","Est. reading time":"1 minute"},"schema":{"@context":"https:\/\/schema.org","@graph":[{"@type":"Article","@id":"https:\/\/fjala.info\/2009-2015\/elhaida-dani-fiton-the-voice-of-italy\/#article","isPartOf":{"@id":"https:\/\/fjala.info\/2009-2015\/elhaida-dani-fiton-the-voice-of-italy\/"},"author":{"name":"admin","@id":"https:\/\/fjala.info\/2009-2015\/#\/schema\/person\/3aa1163ef05469c496fc94e77611ada2"},"headline":"Elhaida Dani fiton &#8220;The Voice Of Italy&#8221;","datePublished":"2013-05-30T22:40:37+00:00","mainEntityOfPage":{"@id":"https:\/\/fjala.info\/2009-2015\/elhaida-dani-fiton-the-voice-of-italy\/"},"wordCount":235,"commentCount":0,"publisher":{"@id":"https:\/\/fjala.info\/2009-2015\/#organization"},"image":{"@id":"https:\/\/fjala.info\/2009-2015\/elhaida-dani-fiton-the-voice-of-italy\/#primaryimage"},"thumbnailUrl":"http:\/\/www.fjala.info\/2013\/elhaida_dani_voice.jpg","articleSection":["Artikuj","Lajme"],"inLanguage":"sq-AL","potentialAction":[{"@type":"CommentAction","name":"Comment","target":["https:\/\/fjala.info\/2009-2015\/elhaida-dani-fiton-the-voice-of-italy\/#respond"]}]},{"@type":"WebPage","@id":"https:\/\/fjala.info\/2009-2015\/elhaida-dani-fiton-the-voice-of-italy\/","url":"https:\/\/fjala.info\/2009-2015\/elhaida-dani-fiton-the-voice-of-italy\/","name":"Elhaida Dani fiton \"The Voice Of Italy\" - FjALA e LIR\u00cb - Arkivi","isPartOf":{"@id":"https:\/\/fjala.info\/2009-2015\/#website"},"primaryImageOfPage":{"@id":"https:\/\/fjala.info\/2009-2015\/elhaida-dani-fiton-the-voice-of-italy\/#primaryimage"},"image":{"@id":"https:\/\/fjala.info\/2009-2015\/elhaida-dani-fiton-the-voice-of-italy\/#primaryimage"},"thumbnailUrl":"http:\/\/www.fjala.info\/2013\/elhaida_dani_voice.jpg","datePublished":"2013-05-30T22:40:37+00:00","breadcrumb":{"@id":"https:\/\/fjala.info\/2009-2015\/elhaida-dani-fiton-the-voice-of-italy\/#breadcrumb"},"inLanguage":"sq-AL","potentialAction":[{"@type":"ReadAction","target":["https:\/\/fjala.info\/2009-2015\/elhaida-dani-fiton-the-voice-of-italy\/"]}]},{"@type":"ImageObject","inLanguage":"sq-AL","@id":"https:\/\/fjala.info\/2009-2015\/elhaida-dani-fiton-the-voice-of-italy\/#primaryimage","url":"http:\/\/www.fjala.info\/2013\/elhaida_dani_voice.jpg","contentUrl":"http:\/\/www.fjala.info\/2013\/elhaida_dani_voice.jpg"},{"@type":"BreadcrumbList","@id":"https:\/\/fjala.info\/2009-2015\/elhaida-dani-fiton-the-voice-of-italy\/#breadcrumb","itemListElement":[{"@type":"ListItem","position":1,"name":"Home","item":"https:\/\/fjala.info\/2009-2015\/"},{"@type":"ListItem","position":2,"name":"Elhaida Dani fiton &#8220;The Voice Of Italy&#8221;"}]},{"@type":"WebSite","@id":"https:\/\/fjala.info\/2009-2015\/#website","url":"https:\/\/fjala.info\/2009-2015\/","name":"FjALA e LIR\u00cb - Arkivi","description":"Arkivi 2009-2015","publisher":{"@id":"https:\/\/fjala.info\/2009-2015\/#organization"},"potentialAction":[{"@type":"SearchAction","target":{"@type":"EntryPoint","urlTemplate":"https:\/\/fjala.info\/2009-2015\/?s={search_term_string}"},"query-input":{"@type":"PropertyValueSpecification","valueRequired":true,"valueName":"search_term_string"}}],"inLanguage":"sq-AL"},{"@type":"Organization","@id":"https:\/\/fjala.info\/2009-2015\/#organization","name":"FjALA e LIR\u00cb - Arkivi","url":"https:\/\/fjala.info\/2009-2015\/","logo":{"@type":"ImageObject","inLanguage":"sq-AL","@id":"https:\/\/fjala.info\/2009-2015\/#\/schema\/logo\/image\/","url":"","contentUrl":"","caption":"FjALA e LIR\u00cb - Arkivi"},"image":{"@id":"https:\/\/fjala.info\/2009-2015\/#\/schema\/logo\/image\/"}},{"@type":"Person","@id":"https:\/\/fjala.info\/2009-2015\/#\/schema\/person\/3aa1163ef05469c496fc94e77611ada2","name":"admin","image":{"@type":"ImageObject","inLanguage":"sq-AL","@id":"https:\/\/fjala.info\/2009-2015\/wp-content\/uploads\/2012\/02\/arben_cokaj-120x150.jpg","url":"https:\/\/fjala.info\/2009-2015\/wp-content\/uploads\/2012\/02\/arben_cokaj-120x150.jpg","contentUrl":"https:\/\/fjala.info\/2009-2015\/wp-content\/uploads\/2012\/02\/arben_cokaj-120x150.jpg","caption":"admin"},"description":"Admin, Fjala e Lir\u00eb","sameAs":["https:\/\/fjala.info\/"],"url":"https:\/\/fjala.info\/2009-2015\/author\/admin\/"}]}},"_links":{"self":[{"href":"https:\/\/fjala.info\/2009-2015\/wp-json\/wp\/v2\/posts\/12765","targetHints":{"allow":["GET"]}}],"collection":[{"href":"https:\/\/fjala.info\/2009-2015\/wp-json\/wp\/v2\/posts"}],"about":[{"href":"https:\/\/fjala.info\/2009-2015\/wp-json\/wp\/v2\/types\/post"}],"author":[{"embeddable":true,"href":"https:\/\/fjala.info\/2009-2015\/wp-json\/wp\/v2\/users\/1"}],"replies":[{"embeddable":true,"href":"https:\/\/fjala.info\/2009-2015\/wp-json\/wp\/v2\/comments?post=12765"}],"version-history":[{"count":0,"href":"https:\/\/fjala.info\/2009-2015\/wp-json\/wp\/v2\/posts\/12765\/revisions"}],"wp:attachment":[{"href":"https:\/\/fjala.info\/2009-2015\/wp-json\/wp\/v2\/media?parent=12765"}],"wp:term":[{"taxonomy":"category","embeddable":true,"href":"https:\/\/fjala.info\/2009-2015\/wp-json\/wp\/v2\/categories?post=12765"},{"taxonomy":"post_tag","embeddable":true,"href":"https:\/\/fjala.info\/2009-2015\/wp-json\/wp\/v2\/tags?post=12765"}],"curies":[{"name":"wp","href":"https:\/\/api.w.org\/{rel}","templated":true}]}}