{"id":1270,"date":"2012-01-20T23:28:12","date_gmt":"2012-01-20T22:28:12","guid":{"rendered":"http:\/\/fjala.shkoder.net\/?p=1270"},"modified":"2012-01-20T23:28:12","modified_gmt":"2012-01-20T22:28:12","slug":"me-rastin-e-gjashte-vjetorit-te-nderrimit-jete-te-kryetarit-dr-ibrahim-rugova","status":"publish","type":"post","link":"https:\/\/fjala.info\/2009-2015\/me-rastin-e-gjashte-vjetorit-te-nderrimit-jete-te-kryetarit-dr-ibrahim-rugova\/","title":{"rendered":"ME RASTIN E GJASHT\u00cb VJETORIT T\u00cb ND\u00cbRRIMIT JET\u00cb T\u00cb KRYETARIT DR. IBRAHIM RUGOVA"},"content":{"rendered":"<p><img decoding=\"async\" class=\"alignright size-thumbnail wp-image-7236\" title=\"Rugova dhe Hysen Ibrahimi\" src=\"http:\/\/www.shkoder.net\/2012\/rugova_ibrahimi.jpg\" alt=\"\" width=\"300\" \/> <em>Urtia e tij me nj\u00eb menquri t\u00eb pashoq, forma e t\u00eb udh\u00ebhequrit si lider, sajimi i ideve drejt\u00eb pavar\u00ebsis\u00eb dhe unitetit, ishin elemente kryesore q\u00eb Kryetarin Rugova e b\u00ebjn\u00eb t\u00eb pavdeksh\u00ebm, shum\u00eb t\u00ebrheq\u00ebs, madje politikan autokton i k\u00ebtyre trojeve ilire\u2026.,<\/em><\/p>\n<p><strong><em>P\u00ebrkujtim nga z. Hysen Ibrahimi, me rastin e gjasht\u00eb vjetorit i Kryetarit Rugova<\/em><\/strong>.<br \/>\n<em>F\u00f6rsl\u00f6v\/Suedi &#8211; 21.01.2012 <\/em><\/p>\n<p>Kryetari Rugova, m\u00ebnyrat e avancimit t\u00eb dashuris\u00eb ndaj kultur\u00ebs, popullit, historis\u00eb dhe tradit\u00ebs komb\u00ebtare shqiptare, p\u00ebrkatsisht edhe t\u00eb politik\u00ebs drejt\u00eb pavar\u00ebsimit t\u00eb Republik\u00ebs s\u00eb Kosov\u00ebs si hap i pare, pastaj drejt\u00eb nj\u00eb Uniteti Komb\u00ebtar Shqiptar, ndon\u00ebse t\u00eb pad\u00ebgjuara ndonj\u00ebher\u00eb m\u00eb par\u00eb, kan\u00eb di\u00e7ka t\u00eb ve\u00e7ant\u00eb dhe jan\u00eb skajshm\u00ebrisht t\u00eb dalluar nga t\u00eb udh\u00ebhequrit politik\u00eb deri n\u00eb koh\u00ebn e tij.<\/p>\n<p>Njeriu i politik\u00ebs shqiptare para daljes n\u00eb sken\u00eb t\u00eb Kryetarit Rugova, v\u00ebrtet\u00eb jan\u00eb p\u00ebrpjekur t\u00eb gjejn\u00eb modifikimin si aft\u00ebsi q\u00eb paraqitet se ai mbron\u00eb atributet e politik\u00ebs s\u00eb re n\u00eb zhvillimin e tyre, por asnj\u00ebra nuk ka pasur avancim n\u00eb planet e tyre, derisa erdhi i Madhi Dr. Ibrahim RUGOVA.<\/p>\n<p>Koh\u00eb pas kohe n\u00eb dit\u00ebt e sotme, ndeshim politik\u00ebn aktuale t\u00eb Kosov\u00ebs dhe m\u00eb gj\u00ebr\u00eb, duke b\u00ebr\u00eb p\u00ebrpjekje p\u00ebr t\u00eb z\u00ebvend\u00ebsuar filozofin\u00eb politike t\u00eb Kryetarit Rugova, me tema t\u00eb reja, forma t\u00eb reja dhe preokupime t\u00eb reja, por asnj\u00ebra n\u00eb praktik\u00eb nuk ka d\u00ebshmuar se ka arritur at politik\u00eb, \u00e7far\u00eb ai e aplikoj.<\/p>\n<p>Nga nj\u00ebher\u00eb krijohet p\u00ebrshtypja, se me vdekjen e tij, ka pushuar rezultati i artikulimit t\u00eb politik\u00ebs komb\u00ebtare e shtet\u00ebrore, dhe \u00ebsht\u00eb shuar artikulimi i politik\u00ebs \u201crugoviane\u201d! Jo, ajo edhe sot e k\u00ebsaj dite reflekton si z\u00eb i mbrendsh\u00ebm n\u00ebp\u00ebr damar\u00ebt e shqiptarit \u201crugovian\u201d duke pranuar p\u00ebrshp\u00ebritjet nga imagjinata se ende Kryetari Rugova \u00ebsht\u00eb gjall\u00eb n\u00eb mesin ton\u00eb dhe udh\u00ebzimet e tija p\u00ebr ne jan\u00eb shpirt\u00ebrore. Pik\u00ebrisht ky z\u00eb i tij, ruan stabilitetin e pavar\u00ebsis\u00eb s\u00eb Republik\u00ebs s\u00eb Kosov\u00ebs dhe \u00ebsht\u00eb roje e p\u00ebrhershme e tok\u00ebs dardane.<\/p>\n<p>Vepra e Kryetarit Rugova, ishte prodhuese p\u00ebr nj\u00eb imazh m\u00eb ndryshe n\u00eb krahasim me l\u00ebvizjet e m\u00eb hershme p\u00ebr \u00e7\u00ebshtjen shqiptare n\u00eb ish-Jugosllavi. K\u00ebto imazhe para bot\u00ebs reflektonin kultur\u00eb, lasht\u00ebsi, tradit\u00eb komb\u00ebtare e n\u00eb ve\u00e7anti autoktoni mija vje\u00e7are n\u00eb ket\u00eb bot\u00eb t\u00eb Evrop\u00ebr juglindore dhe se nga k\u00ebtu nuk l\u00ebvizet. Ai thoshte po citoi: \u201cNe ishim mik\u00ebprit\u00ebsit e t\u00eb gjith\u00eb popujve p\u00ebr rreth n\u00eb Ballkan, por q\u00eb k\u00ebt\u00eb mik\u00ebpritje popujt p\u00ebr rreth trungut Shqiptar e keqp\u00ebrdoren k\u00ebt\u00eb mik\u00ebpritje dhe desh\u00ebn t\u00eb na shfarosin nga faqja e dheut\u201d p\u00ebrfundon citati.<\/p>\n<p>Urtia e tij me nj\u00eb menquri t\u00eb pashoq, forma e t\u00eb udh\u00ebhequrit si lider, sajimi i ideve drejt\u00eb pavar\u00ebsis\u00eb dhe unitetit, ishin elemente kryesore q\u00eb Kryetarin Rugova e b\u00ebjn\u00eb t\u00eb pavdeksh\u00ebm, shum\u00eb t\u00ebrheq\u00ebs, madje politikan autokton i k\u00ebtyre trojeve ilire, q\u00eb gjith\u00ebher\u00eb para vetes kishin burrnin\u00eb, drejt\u00ebsin\u00eb, menqurin\u00eb dhe trim\u00ebrin\u00eb. Po ta zb\u00ebrthesh sot politik\u00ebn e tij, mund t\u00eb konstatojm\u00eb se ai kishte k\u00ebto synime: p\u00ebrafri n\u00eb mes popullit, dashuri n\u00eb mes vete, respekt p\u00ebr figurat e m\u00ebdha komb\u00ebtare, p\u00ebr kultur\u00ebn dhe tradit\u00ebn e lasht\u00eb shqiptare me rr\u00ebnj\u00ebt e thella t\u00eb saj.<\/p>\n<p>Kemi raste sot, kur fjala e tij e urt\u00eb t\u00eb ke gjetur vend n\u00eb funksion t\u00eb ruajtjes s\u00eb unitetit dhe n\u00eb t\u00ebr\u00ebsin\u00eb institucionale e komb\u00ebtare.<\/p>\n<p>Tani kur ndodhemi n\u00eb jubileun e 100 vjetorit t\u00eb pavar\u00ebsis\u00eb s\u00eb shtetit ton\u00eb Shqip\u00ebris\u00eb, do t\u00eb donim q\u00eb edhe ju t\u00eb ishit me ne s\u00eb bashku ta festojm\u00eb.<\/p>\n<p>T\u00eb gjitha k\u00ebto edhe sot mund t\u00eb na sh\u00ebrbejn\u00eb si nj\u00eb ekzemplar shembullullor, edhe pse ai sot e gjasht\u00eb vite nuk \u00ebsht\u00eb n\u00eb mesin tone. Vepra e tij \u00e7do her\u00eb do t\u00eb mbetet shembull p\u00ebr quarjen e proceseve drejt\u00eb synimit ton\u00eb p\u00ebr nj\u00eb:<\/p>\n<p>UNITET KOMB\u00cbTAR SHQIPTAR.<\/p>\n<p>Bekimi dhe m\u00ebshira e Zotit qofshin mbi shpirtin e tij.<\/p>\n","protected":false},"excerpt":{"rendered":"<p>Urtia e tij me nj\u00eb menquri t\u00eb pashoq, forma e t\u00eb udh\u00ebhequrit si lider, sajimi i ideve drejt\u00eb pavar\u00ebsis\u00eb dhe unitetit, ishin elemente kryesore q\u00eb Kryetarin Rugova e b\u00ebjn\u00eb t\u00eb pavdeksh\u00ebm, shum\u00eb t\u00ebrheq\u00ebs, madje politikan autokton i k\u00ebtyre trojeve ilire\u2026., P\u00ebrkujtim nga z. Hysen Ibrahimi, me rastin e gjasht\u00eb vjetorit i Kryetarit Rugova. F\u00f6rsl\u00f6v\/Suedi &#8211; [&hellip;]<\/p>\n","protected":false},"author":1,"featured_media":0,"comment_status":"open","ping_status":"closed","sticky":false,"template":"","format":"standard","meta":{"footnotes":""},"categories":[2],"tags":[],"class_list":{"0":"post-1270","1":"post","2":"type-post","3":"status-publish","4":"format-standard","6":"category-artikuj"},"yoast_head":"<!-- This site is optimized with the Yoast SEO plugin v27.4 - https:\/\/yoast.com\/product\/yoast-seo-wordpress\/ -->\n<title>ME RASTIN E GJASHT\u00cb VJETORIT T\u00cb ND\u00cbRRIMIT JET\u00cb T\u00cb KRYETARIT DR. IBRAHIM RUGOVA - FjALA e LIR\u00cb - Arkivi<\/title>\n<meta name=\"robots\" content=\"index, follow, max-snippet:-1, max-image-preview:large, max-video-preview:-1\" \/>\n<link rel=\"canonical\" href=\"https:\/\/fjala.info\/2009-2015\/me-rastin-e-gjashte-vjetorit-te-nderrimit-jete-te-kryetarit-dr-ibrahim-rugova\/\" \/>\n<meta property=\"og:locale\" content=\"sq_AL\" \/>\n<meta property=\"og:type\" content=\"article\" \/>\n<meta property=\"og:title\" content=\"ME RASTIN E GJASHT\u00cb VJETORIT T\u00cb ND\u00cbRRIMIT JET\u00cb T\u00cb KRYETARIT DR. IBRAHIM RUGOVA - FjALA e LIR\u00cb - Arkivi\" \/>\n<meta property=\"og:description\" content=\"Urtia e tij me nj\u00eb menquri t\u00eb pashoq, forma e t\u00eb udh\u00ebhequrit si lider, sajimi i ideve drejt\u00eb pavar\u00ebsis\u00eb dhe unitetit, ishin elemente kryesore q\u00eb Kryetarin Rugova e b\u00ebjn\u00eb t\u00eb pavdeksh\u00ebm, shum\u00eb t\u00ebrheq\u00ebs, madje politikan autokton i k\u00ebtyre trojeve ilire\u2026., P\u00ebrkujtim nga z. Hysen Ibrahimi, me rastin e gjasht\u00eb vjetorit i Kryetarit Rugova. F\u00f6rsl\u00f6v\/Suedi &#8211; [&hellip;]\" \/>\n<meta property=\"og:url\" content=\"https:\/\/fjala.info\/2009-2015\/me-rastin-e-gjashte-vjetorit-te-nderrimit-jete-te-kryetarit-dr-ibrahim-rugova\/\" \/>\n<meta property=\"og:site_name\" content=\"FjALA e LIR\u00cb - Arkivi\" \/>\n<meta property=\"article:published_time\" content=\"2012-01-20T22:28:12+00:00\" \/>\n<meta property=\"og:image\" content=\"http:\/\/www.shkoder.net\/2012\/rugova_ibrahimi.jpg\" \/>\n<meta name=\"author\" content=\"admin\" \/>\n<meta name=\"twitter:card\" content=\"summary_large_image\" \/>\n<meta name=\"twitter:label1\" content=\"Written by\" \/>\n\t<meta name=\"twitter:data1\" content=\"admin\" \/>\n\t<meta name=\"twitter:label2\" content=\"Est. reading time\" \/>\n\t<meta name=\"twitter:data2\" content=\"4 minutes\" \/>\n<script type=\"application\/ld+json\" class=\"yoast-schema-graph\">{\"@context\":\"https:\\\/\\\/schema.org\",\"@graph\":[{\"@type\":\"Article\",\"@id\":\"https:\\\/\\\/fjala.info\\\/2009-2015\\\/me-rastin-e-gjashte-vjetorit-te-nderrimit-jete-te-kryetarit-dr-ibrahim-rugova\\\/#article\",\"isPartOf\":{\"@id\":\"https:\\\/\\\/fjala.info\\\/2009-2015\\\/me-rastin-e-gjashte-vjetorit-te-nderrimit-jete-te-kryetarit-dr-ibrahim-rugova\\\/\"},\"author\":{\"name\":\"admin\",\"@id\":\"https:\\\/\\\/fjala.info\\\/2009-2015\\\/#\\\/schema\\\/person\\\/3aa1163ef05469c496fc94e77611ada2\"},\"headline\":\"ME RASTIN E GJASHT\u00cb VJETORIT T\u00cb ND\u00cbRRIMIT JET\u00cb T\u00cb KRYETARIT DR. IBRAHIM RUGOVA\",\"datePublished\":\"2012-01-20T22:28:12+00:00\",\"mainEntityOfPage\":{\"@id\":\"https:\\\/\\\/fjala.info\\\/2009-2015\\\/me-rastin-e-gjashte-vjetorit-te-nderrimit-jete-te-kryetarit-dr-ibrahim-rugova\\\/\"},\"wordCount\":730,\"commentCount\":0,\"publisher\":{\"@id\":\"https:\\\/\\\/fjala.info\\\/2009-2015\\\/#organization\"},\"image\":{\"@id\":\"https:\\\/\\\/fjala.info\\\/2009-2015\\\/me-rastin-e-gjashte-vjetorit-te-nderrimit-jete-te-kryetarit-dr-ibrahim-rugova\\\/#primaryimage\"},\"thumbnailUrl\":\"http:\\\/\\\/www.shkoder.net\\\/2012\\\/rugova_ibrahimi.jpg\",\"articleSection\":[\"Artikuj\"],\"inLanguage\":\"sq-AL\",\"potentialAction\":[{\"@type\":\"CommentAction\",\"name\":\"Comment\",\"target\":[\"https:\\\/\\\/fjala.info\\\/2009-2015\\\/me-rastin-e-gjashte-vjetorit-te-nderrimit-jete-te-kryetarit-dr-ibrahim-rugova\\\/#respond\"]}]},{\"@type\":\"WebPage\",\"@id\":\"https:\\\/\\\/fjala.info\\\/2009-2015\\\/me-rastin-e-gjashte-vjetorit-te-nderrimit-jete-te-kryetarit-dr-ibrahim-rugova\\\/\",\"url\":\"https:\\\/\\\/fjala.info\\\/2009-2015\\\/me-rastin-e-gjashte-vjetorit-te-nderrimit-jete-te-kryetarit-dr-ibrahim-rugova\\\/\",\"name\":\"ME RASTIN E GJASHT\u00cb VJETORIT T\u00cb ND\u00cbRRIMIT JET\u00cb T\u00cb KRYETARIT DR. IBRAHIM RUGOVA - FjALA e LIR\u00cb - Arkivi\",\"isPartOf\":{\"@id\":\"https:\\\/\\\/fjala.info\\\/2009-2015\\\/#website\"},\"primaryImageOfPage\":{\"@id\":\"https:\\\/\\\/fjala.info\\\/2009-2015\\\/me-rastin-e-gjashte-vjetorit-te-nderrimit-jete-te-kryetarit-dr-ibrahim-rugova\\\/#primaryimage\"},\"image\":{\"@id\":\"https:\\\/\\\/fjala.info\\\/2009-2015\\\/me-rastin-e-gjashte-vjetorit-te-nderrimit-jete-te-kryetarit-dr-ibrahim-rugova\\\/#primaryimage\"},\"thumbnailUrl\":\"http:\\\/\\\/www.shkoder.net\\\/2012\\\/rugova_ibrahimi.jpg\",\"datePublished\":\"2012-01-20T22:28:12+00:00\",\"breadcrumb\":{\"@id\":\"https:\\\/\\\/fjala.info\\\/2009-2015\\\/me-rastin-e-gjashte-vjetorit-te-nderrimit-jete-te-kryetarit-dr-ibrahim-rugova\\\/#breadcrumb\"},\"inLanguage\":\"sq-AL\",\"potentialAction\":[{\"@type\":\"ReadAction\",\"target\":[\"https:\\\/\\\/fjala.info\\\/2009-2015\\\/me-rastin-e-gjashte-vjetorit-te-nderrimit-jete-te-kryetarit-dr-ibrahim-rugova\\\/\"]}]},{\"@type\":\"ImageObject\",\"inLanguage\":\"sq-AL\",\"@id\":\"https:\\\/\\\/fjala.info\\\/2009-2015\\\/me-rastin-e-gjashte-vjetorit-te-nderrimit-jete-te-kryetarit-dr-ibrahim-rugova\\\/#primaryimage\",\"url\":\"http:\\\/\\\/www.shkoder.net\\\/2012\\\/rugova_ibrahimi.jpg\",\"contentUrl\":\"http:\\\/\\\/www.shkoder.net\\\/2012\\\/rugova_ibrahimi.jpg\"},{\"@type\":\"BreadcrumbList\",\"@id\":\"https:\\\/\\\/fjala.info\\\/2009-2015\\\/me-rastin-e-gjashte-vjetorit-te-nderrimit-jete-te-kryetarit-dr-ibrahim-rugova\\\/#breadcrumb\",\"itemListElement\":[{\"@type\":\"ListItem\",\"position\":1,\"name\":\"Home\",\"item\":\"https:\\\/\\\/fjala.info\\\/2009-2015\\\/\"},{\"@type\":\"ListItem\",\"position\":2,\"name\":\"ME RASTIN E GJASHT\u00cb VJETORIT T\u00cb ND\u00cbRRIMIT JET\u00cb T\u00cb KRYETARIT DR. IBRAHIM RUGOVA\"}]},{\"@type\":\"WebSite\",\"@id\":\"https:\\\/\\\/fjala.info\\\/2009-2015\\\/#website\",\"url\":\"https:\\\/\\\/fjala.info\\\/2009-2015\\\/\",\"name\":\"FjALA e LIR\u00cb - Arkivi\",\"description\":\"Arkivi 2009-2015\",\"publisher\":{\"@id\":\"https:\\\/\\\/fjala.info\\\/2009-2015\\\/#organization\"},\"potentialAction\":[{\"@type\":\"SearchAction\",\"target\":{\"@type\":\"EntryPoint\",\"urlTemplate\":\"https:\\\/\\\/fjala.info\\\/2009-2015\\\/?s={search_term_string}\"},\"query-input\":{\"@type\":\"PropertyValueSpecification\",\"valueRequired\":true,\"valueName\":\"search_term_string\"}}],\"inLanguage\":\"sq-AL\"},{\"@type\":\"Organization\",\"@id\":\"https:\\\/\\\/fjala.info\\\/2009-2015\\\/#organization\",\"name\":\"FjALA e LIR\u00cb - Arkivi\",\"url\":\"https:\\\/\\\/fjala.info\\\/2009-2015\\\/\",\"logo\":{\"@type\":\"ImageObject\",\"inLanguage\":\"sq-AL\",\"@id\":\"https:\\\/\\\/fjala.info\\\/2009-2015\\\/#\\\/schema\\\/logo\\\/image\\\/\",\"url\":\"\",\"contentUrl\":\"\",\"caption\":\"FjALA e LIR\u00cb - Arkivi\"},\"image\":{\"@id\":\"https:\\\/\\\/fjala.info\\\/2009-2015\\\/#\\\/schema\\\/logo\\\/image\\\/\"}},{\"@type\":\"Person\",\"@id\":\"https:\\\/\\\/fjala.info\\\/2009-2015\\\/#\\\/schema\\\/person\\\/3aa1163ef05469c496fc94e77611ada2\",\"name\":\"admin\",\"image\":{\"@type\":\"ImageObject\",\"inLanguage\":\"sq-AL\",\"@id\":\"https:\\\/\\\/fjala.info\\\/2009-2015\\\/wp-content\\\/uploads\\\/2012\\\/02\\\/arben_cokaj-120x150.jpg\",\"url\":\"https:\\\/\\\/fjala.info\\\/2009-2015\\\/wp-content\\\/uploads\\\/2012\\\/02\\\/arben_cokaj-120x150.jpg\",\"contentUrl\":\"https:\\\/\\\/fjala.info\\\/2009-2015\\\/wp-content\\\/uploads\\\/2012\\\/02\\\/arben_cokaj-120x150.jpg\",\"caption\":\"admin\"},\"description\":\"Admin, Fjala e Lir\u00eb\",\"sameAs\":[\"https:\\\/\\\/fjala.info\\\/\"],\"url\":\"https:\\\/\\\/fjala.info\\\/2009-2015\\\/author\\\/admin\\\/\"}]}<\/script>\n<!-- \/ Yoast SEO plugin. -->","yoast_head_json":{"title":"ME RASTIN E GJASHT\u00cb VJETORIT T\u00cb ND\u00cbRRIMIT JET\u00cb T\u00cb KRYETARIT DR. IBRAHIM RUGOVA - FjALA e LIR\u00cb - Arkivi","robots":{"index":"index","follow":"follow","max-snippet":"max-snippet:-1","max-image-preview":"max-image-preview:large","max-video-preview":"max-video-preview:-1"},"canonical":"https:\/\/fjala.info\/2009-2015\/me-rastin-e-gjashte-vjetorit-te-nderrimit-jete-te-kryetarit-dr-ibrahim-rugova\/","og_locale":"sq_AL","og_type":"article","og_title":"ME RASTIN E GJASHT\u00cb VJETORIT T\u00cb ND\u00cbRRIMIT JET\u00cb T\u00cb KRYETARIT DR. IBRAHIM RUGOVA - FjALA e LIR\u00cb - Arkivi","og_description":"Urtia e tij me nj\u00eb menquri t\u00eb pashoq, forma e t\u00eb udh\u00ebhequrit si lider, sajimi i ideve drejt\u00eb pavar\u00ebsis\u00eb dhe unitetit, ishin elemente kryesore q\u00eb Kryetarin Rugova e b\u00ebjn\u00eb t\u00eb pavdeksh\u00ebm, shum\u00eb t\u00ebrheq\u00ebs, madje politikan autokton i k\u00ebtyre trojeve ilire\u2026., P\u00ebrkujtim nga z. Hysen Ibrahimi, me rastin e gjasht\u00eb vjetorit i Kryetarit Rugova. F\u00f6rsl\u00f6v\/Suedi &#8211; [&hellip;]","og_url":"https:\/\/fjala.info\/2009-2015\/me-rastin-e-gjashte-vjetorit-te-nderrimit-jete-te-kryetarit-dr-ibrahim-rugova\/","og_site_name":"FjALA e LIR\u00cb - Arkivi","article_published_time":"2012-01-20T22:28:12+00:00","og_image":[{"url":"http:\/\/www.shkoder.net\/2012\/rugova_ibrahimi.jpg","type":"","width":"","height":""}],"author":"admin","twitter_card":"summary_large_image","twitter_misc":{"Written by":"admin","Est. reading time":"4 minutes"},"schema":{"@context":"https:\/\/schema.org","@graph":[{"@type":"Article","@id":"https:\/\/fjala.info\/2009-2015\/me-rastin-e-gjashte-vjetorit-te-nderrimit-jete-te-kryetarit-dr-ibrahim-rugova\/#article","isPartOf":{"@id":"https:\/\/fjala.info\/2009-2015\/me-rastin-e-gjashte-vjetorit-te-nderrimit-jete-te-kryetarit-dr-ibrahim-rugova\/"},"author":{"name":"admin","@id":"https:\/\/fjala.info\/2009-2015\/#\/schema\/person\/3aa1163ef05469c496fc94e77611ada2"},"headline":"ME RASTIN E GJASHT\u00cb VJETORIT T\u00cb ND\u00cbRRIMIT JET\u00cb T\u00cb KRYETARIT DR. IBRAHIM RUGOVA","datePublished":"2012-01-20T22:28:12+00:00","mainEntityOfPage":{"@id":"https:\/\/fjala.info\/2009-2015\/me-rastin-e-gjashte-vjetorit-te-nderrimit-jete-te-kryetarit-dr-ibrahim-rugova\/"},"wordCount":730,"commentCount":0,"publisher":{"@id":"https:\/\/fjala.info\/2009-2015\/#organization"},"image":{"@id":"https:\/\/fjala.info\/2009-2015\/me-rastin-e-gjashte-vjetorit-te-nderrimit-jete-te-kryetarit-dr-ibrahim-rugova\/#primaryimage"},"thumbnailUrl":"http:\/\/www.shkoder.net\/2012\/rugova_ibrahimi.jpg","articleSection":["Artikuj"],"inLanguage":"sq-AL","potentialAction":[{"@type":"CommentAction","name":"Comment","target":["https:\/\/fjala.info\/2009-2015\/me-rastin-e-gjashte-vjetorit-te-nderrimit-jete-te-kryetarit-dr-ibrahim-rugova\/#respond"]}]},{"@type":"WebPage","@id":"https:\/\/fjala.info\/2009-2015\/me-rastin-e-gjashte-vjetorit-te-nderrimit-jete-te-kryetarit-dr-ibrahim-rugova\/","url":"https:\/\/fjala.info\/2009-2015\/me-rastin-e-gjashte-vjetorit-te-nderrimit-jete-te-kryetarit-dr-ibrahim-rugova\/","name":"ME RASTIN E GJASHT\u00cb VJETORIT T\u00cb ND\u00cbRRIMIT JET\u00cb T\u00cb KRYETARIT DR. IBRAHIM RUGOVA - FjALA e LIR\u00cb - Arkivi","isPartOf":{"@id":"https:\/\/fjala.info\/2009-2015\/#website"},"primaryImageOfPage":{"@id":"https:\/\/fjala.info\/2009-2015\/me-rastin-e-gjashte-vjetorit-te-nderrimit-jete-te-kryetarit-dr-ibrahim-rugova\/#primaryimage"},"image":{"@id":"https:\/\/fjala.info\/2009-2015\/me-rastin-e-gjashte-vjetorit-te-nderrimit-jete-te-kryetarit-dr-ibrahim-rugova\/#primaryimage"},"thumbnailUrl":"http:\/\/www.shkoder.net\/2012\/rugova_ibrahimi.jpg","datePublished":"2012-01-20T22:28:12+00:00","breadcrumb":{"@id":"https:\/\/fjala.info\/2009-2015\/me-rastin-e-gjashte-vjetorit-te-nderrimit-jete-te-kryetarit-dr-ibrahim-rugova\/#breadcrumb"},"inLanguage":"sq-AL","potentialAction":[{"@type":"ReadAction","target":["https:\/\/fjala.info\/2009-2015\/me-rastin-e-gjashte-vjetorit-te-nderrimit-jete-te-kryetarit-dr-ibrahim-rugova\/"]}]},{"@type":"ImageObject","inLanguage":"sq-AL","@id":"https:\/\/fjala.info\/2009-2015\/me-rastin-e-gjashte-vjetorit-te-nderrimit-jete-te-kryetarit-dr-ibrahim-rugova\/#primaryimage","url":"http:\/\/www.shkoder.net\/2012\/rugova_ibrahimi.jpg","contentUrl":"http:\/\/www.shkoder.net\/2012\/rugova_ibrahimi.jpg"},{"@type":"BreadcrumbList","@id":"https:\/\/fjala.info\/2009-2015\/me-rastin-e-gjashte-vjetorit-te-nderrimit-jete-te-kryetarit-dr-ibrahim-rugova\/#breadcrumb","itemListElement":[{"@type":"ListItem","position":1,"name":"Home","item":"https:\/\/fjala.info\/2009-2015\/"},{"@type":"ListItem","position":2,"name":"ME RASTIN E GJASHT\u00cb VJETORIT T\u00cb ND\u00cbRRIMIT JET\u00cb T\u00cb KRYETARIT DR. IBRAHIM RUGOVA"}]},{"@type":"WebSite","@id":"https:\/\/fjala.info\/2009-2015\/#website","url":"https:\/\/fjala.info\/2009-2015\/","name":"FjALA e LIR\u00cb - Arkivi","description":"Arkivi 2009-2015","publisher":{"@id":"https:\/\/fjala.info\/2009-2015\/#organization"},"potentialAction":[{"@type":"SearchAction","target":{"@type":"EntryPoint","urlTemplate":"https:\/\/fjala.info\/2009-2015\/?s={search_term_string}"},"query-input":{"@type":"PropertyValueSpecification","valueRequired":true,"valueName":"search_term_string"}}],"inLanguage":"sq-AL"},{"@type":"Organization","@id":"https:\/\/fjala.info\/2009-2015\/#organization","name":"FjALA e LIR\u00cb - Arkivi","url":"https:\/\/fjala.info\/2009-2015\/","logo":{"@type":"ImageObject","inLanguage":"sq-AL","@id":"https:\/\/fjala.info\/2009-2015\/#\/schema\/logo\/image\/","url":"","contentUrl":"","caption":"FjALA e LIR\u00cb - Arkivi"},"image":{"@id":"https:\/\/fjala.info\/2009-2015\/#\/schema\/logo\/image\/"}},{"@type":"Person","@id":"https:\/\/fjala.info\/2009-2015\/#\/schema\/person\/3aa1163ef05469c496fc94e77611ada2","name":"admin","image":{"@type":"ImageObject","inLanguage":"sq-AL","@id":"https:\/\/fjala.info\/2009-2015\/wp-content\/uploads\/2012\/02\/arben_cokaj-120x150.jpg","url":"https:\/\/fjala.info\/2009-2015\/wp-content\/uploads\/2012\/02\/arben_cokaj-120x150.jpg","contentUrl":"https:\/\/fjala.info\/2009-2015\/wp-content\/uploads\/2012\/02\/arben_cokaj-120x150.jpg","caption":"admin"},"description":"Admin, Fjala e Lir\u00eb","sameAs":["https:\/\/fjala.info\/"],"url":"https:\/\/fjala.info\/2009-2015\/author\/admin\/"}]}},"_links":{"self":[{"href":"https:\/\/fjala.info\/2009-2015\/wp-json\/wp\/v2\/posts\/1270","targetHints":{"allow":["GET"]}}],"collection":[{"href":"https:\/\/fjala.info\/2009-2015\/wp-json\/wp\/v2\/posts"}],"about":[{"href":"https:\/\/fjala.info\/2009-2015\/wp-json\/wp\/v2\/types\/post"}],"author":[{"embeddable":true,"href":"https:\/\/fjala.info\/2009-2015\/wp-json\/wp\/v2\/users\/1"}],"replies":[{"embeddable":true,"href":"https:\/\/fjala.info\/2009-2015\/wp-json\/wp\/v2\/comments?post=1270"}],"version-history":[{"count":0,"href":"https:\/\/fjala.info\/2009-2015\/wp-json\/wp\/v2\/posts\/1270\/revisions"}],"wp:attachment":[{"href":"https:\/\/fjala.info\/2009-2015\/wp-json\/wp\/v2\/media?parent=1270"}],"wp:term":[{"taxonomy":"category","embeddable":true,"href":"https:\/\/fjala.info\/2009-2015\/wp-json\/wp\/v2\/categories?post=1270"},{"taxonomy":"post_tag","embeddable":true,"href":"https:\/\/fjala.info\/2009-2015\/wp-json\/wp\/v2\/tags?post=1270"}],"curies":[{"name":"wp","href":"https:\/\/api.w.org\/{rel}","templated":true}]}}