{"id":12652,"date":"2013-04-22T09:22:15","date_gmt":"2013-04-22T08:22:15","guid":{"rendered":"http:\/\/fjala.info\/?p=2181"},"modified":"2013-04-22T09:22:15","modified_gmt":"2013-04-22T08:22:15","slug":"xhufi-analizon-qosjen-dhe-flet-per-pretorianet-e-kryeministrit-dhe-specien-e-nenbishtoreve","status":"publish","type":"post","link":"https:\/\/fjala.info\/2009-2015\/xhufi-analizon-qosjen-dhe-flet-per-pretorianet-e-kryeministrit-dhe-specien-e-nenbishtoreve\/","title":{"rendered":"Xhufi analizon Qosjen dhe flet p\u00ebr &#8220;pretorian\u00ebt e Kryeministrit&#8221; dhe &#8220;specien e n\u00ebnbishtor\u00ebve&#8221;"},"content":{"rendered":"<p><img decoding=\"async\" class=\"alignright size-thumbnail wp-image-7236\" title=\"Rexhep Qosja - gazeta Dita\" alt=\"\" src=\"http:\/\/www.fjala.info\/2013\/rexhep_qosja_gazeta_dita.jpg\" width=\"300\" \/> <strong>ResPublica.al<\/strong>, <em>22 prill 2013<\/em><\/p>\n<p>&#8220;&#8230;Por 21 Janar\u00ebt e epok\u00ebs s\u00eb demokratur\u00ebs shqiptare kan\u00eb, ve\u00e7 Kryeministrit, edhe plot e plot aktor\u00eb t\u00eb tjer\u00eb t\u00eb kobsh\u00ebm: kan\u00eb aradh\u00ebn e deputet\u00ebve, ministrave, kryegjyqtar\u00ebve, kryeushtarak\u00ebve e kryepolic\u00ebve: jan\u00eb ata q\u00eb Prof. Qosja i quan \u201cpretorian\u00ebt\u201d e Kryeministrit, njer\u00ebz pa nd\u00ebrgjegje e pa arsye, q\u00eb jan\u00eb kail t\u00eb shajn\u00eb, t\u00eb padisin, t\u00eb vrasin e t\u00eb rivrasin, sa her\u00eb q\u00eb k\u00ebt\u00eb ua k\u00ebrkon shefi i tyre. Jan\u00eb m\u00eb tej, rreshtat e shkenc\u00ebtar\u00ebve, intelektual\u00ebve, shkrimtar\u00ebve q\u00eb shfaqen si me komand\u00eb n\u00eb lista, peticione dhe ekrane televizive, dhe gjithnj\u00eb n\u00eb mb\u00ebshtetje t\u00eb qeveris\u00eb.<\/p>\n<p>Jan\u00eb an\u00ebtar\u00ebt politik\u00eb t\u00eb Akademis\u00eb, t\u00eb Tiran\u00ebs si dhe t\u00eb Prishtin\u00ebs, rektor\u00ebt, dekan\u00ebt e profesor\u00ebt e universiteteve, jan\u00eb drejtor\u00ebt e m\u00ebsuesit e shkollave, q\u00eb n\u00ebn presionin e hierark\u00ebve t\u00eb pushtetit, shkelin mbi statusin e tyre, p\u00ebrdhosin ligjin dhe, \u00e7\u2019\u00ebsht\u00eb m\u00eb e keqja, dhunojn\u00eb student\u00ebt dhe nx\u00ebn\u00ebsit e tyre, duke i deportuar n\u00eb mitingjet e partis\u00eb n\u00eb pushtet. Jan\u00eb paria e re kinse intelektuale e Tiran\u00ebs, q\u00eb si dikur mbush sall\u00ebn e Teatrit t\u00eb Operas ose t\u00eb Pallatit t\u00eb Kongreseve sa her\u00eb q\u00eb udh\u00ebheq\u00ebsi don t\u00eb mas\u00eb, n\u00ebp\u00ebrmjet hozanarave dhe duartrokitjeve, shkall\u00ebn e luajalitetit t\u00eb tyre; ose q\u00eb tubohet n\u00eb konferenca solemne apo mbledhje p\u00ebrkujtimore p\u00ebr N\u00ebn\u00eb Terez\u00ebn, p\u00ebr Konic\u00ebn dhe p\u00ebr Fisht\u00ebn (gjithaq \u00ebsht\u00eb panteoni i tyre), pa \u00e7ka se asgj\u00eb nuk i lidh me humanizmin e s\u00eb par\u00ebs dhe me artin e fisnik\u00ebrin\u00eb e t\u00eb dyt\u00ebve.<\/p>\n<p><img decoding=\"async\" class=\"alignright size-thumbnail wp-image-7236\" title=\"Gazeta Dita, 21 prill 2013\" alt=\"\" src=\"http:\/\/www.fjala.info\/2013\/dita_21_prill_2013.jpg\" width=\"300\" \/><\/p>\n<p>Jan\u00eb aradhat e mediave t\u00eb pushtetit, ato media, kujton Prof. Qosja, t\u00eb cilat kan\u00eb marr\u00eb p\u00ebrsip\u00ebr rolin q\u00eb dikur mori n\u00eb Gjermanin\u00eb naziste botuesi i gazet\u00ebs raciste \u201cDer St\u00fcrmer\u201d, Julius Streicher, i cili jo m\u00eb kot n\u00eb gjyqin e Nyrembergut u shpall po aq p\u00ebrgjegj\u00ebs p\u00ebr kasaphan\u00ebn naziste sa edhe vet\u00eb Hitleri. Dhe u d\u00ebnua me varje n\u00eb litar. T\u00eb gjith\u00eb k\u00ebta p\u00ebrb\u00ebjn\u00eb at\u00eb q\u00eb Prof. Qosja e pag\u00ebzon si specia e \u201cn\u00ebnbishtor\u00ebve\u201d, duke na \u00e7uar me fantazi n\u00eb p\u00ebrpjekjet e d\u00ebshp\u00ebruara q\u00eb b\u00ebn miza e kalit p\u00ebr t\u2019u fshehur e p\u00ebr tu prehur n\u00eb at\u00eb vendin e ngroht\u00eb, por t\u00eb p\u00ebg\u00ebr\u00eb, q\u00eb gjendet diku n\u00ebn bishtin e kafsh\u00ebs&#8230;&#8221;<\/p>\n<p>Pjesa me siper eshte shkeputur nga nje analize e Pellumb Xhufit botuar ne gazeten DITA mbi librin e fundit te akademikur Rexhep Qosja (nj\u00eb p\u00ebrmbledhje artikujsh, t\u00eb botuar n\u00eb shtypin e Shqip\u00ebris\u00eb e t\u00eb Kosov\u00ebs, t\u00eb p\u00ebrzgjedhur dhe sistemuar nga Sht\u00ebpia Botuese \u201cToena).<\/p>\n<p>&#8220;Nuk e fsheh se leximi i k\u00ebtij libri m\u00eb \u00ebsht\u00eb dukur si nj\u00eb udh\u00ebtim i b\u00ebr\u00eb n\u00eb nj\u00eb shoq\u00ebri t\u00eb keqe dhe n\u00eb nj\u00eb atmosfer\u00eb t\u00eb r\u00ebnd\u00eb. Atmosfer\u00eb t\u00eb r\u00ebnd\u00eb, sepse n\u00ebse nj\u00eb lib\u00ebr \u00ebsht\u00eb nj\u00eb krijes\u00eb e n\u00ebse krijesa ka nj\u00eb shpirt, shpirti i k\u00ebtij libri \u00ebsht\u00eb jeta e vrar\u00eb e 4 shqiptar\u00ebve t\u00eb ekzekutuar barbarisht n\u00eb 21 janar 2011 nga \u201cpretorian\u00ebt\u201d e nj\u00eb pushteti t\u00eb korruptuar, t\u00eb pashpirt e antishqiptar, n\u00eb thelbin e tij..&#8221; &#8211; thote Xhufi ne hyrje te analizes. <strong>a.n.<\/strong><\/p>\n<p>E plot\u00eb:<br \/>\ngazetadita.al &#8211; <a title=\"Salifina\" href=\"http:\/\/gazetadita.al\/basha-topalli-dhe-qendrat-e-pushtetit-ne-pd-rreth-berishes\/\" target=\"_blank\" rel=\"noopener noreferrer\">Salifina, shteti-privat dhe topallizimi i institucioneve<\/a><\/p>\n","protected":false},"excerpt":{"rendered":"<p>ResPublica.al, 22 prill 2013 &#8220;&#8230;Por 21 Janar\u00ebt e epok\u00ebs s\u00eb demokratur\u00ebs shqiptare kan\u00eb, ve\u00e7 Kryeministrit, edhe plot e plot aktor\u00eb t\u00eb tjer\u00eb t\u00eb kobsh\u00ebm: kan\u00eb aradh\u00ebn e deputet\u00ebve, ministrave, kryegjyqtar\u00ebve, kryeushtarak\u00ebve e kryepolic\u00ebve: jan\u00eb ata q\u00eb Prof. Qosja i quan \u201cpretorian\u00ebt\u201d e Kryeministrit, njer\u00ebz pa nd\u00ebrgjegje e pa arsye, q\u00eb jan\u00eb kail t\u00eb shajn\u00eb, t\u00eb [&hellip;]<\/p>\n","protected":false},"author":1,"featured_media":0,"comment_status":"open","ping_status":"closed","sticky":false,"template":"","format":"standard","meta":{"footnotes":""},"categories":[2],"tags":[],"class_list":{"0":"post-12652","1":"post","2":"type-post","3":"status-publish","4":"format-standard","6":"category-artikuj"},"yoast_head":"<!-- This site is optimized with the Yoast SEO plugin v27.4 - https:\/\/yoast.com\/product\/yoast-seo-wordpress\/ -->\n<title>Xhufi analizon Qosjen dhe flet p\u00ebr &quot;pretorian\u00ebt e Kryeministrit&quot; dhe &quot;specien e n\u00ebnbishtor\u00ebve&quot; - FjALA e LIR\u00cb - Arkivi<\/title>\n<meta name=\"robots\" content=\"index, follow, max-snippet:-1, max-image-preview:large, max-video-preview:-1\" \/>\n<link rel=\"canonical\" href=\"https:\/\/fjala.info\/2009-2015\/xhufi-analizon-qosjen-dhe-flet-per-pretorianet-e-kryeministrit-dhe-specien-e-nenbishtoreve\/\" \/>\n<meta property=\"og:locale\" content=\"sq_AL\" \/>\n<meta property=\"og:type\" content=\"article\" \/>\n<meta property=\"og:title\" content=\"Xhufi analizon Qosjen dhe flet p\u00ebr &quot;pretorian\u00ebt e Kryeministrit&quot; dhe &quot;specien e n\u00ebnbishtor\u00ebve&quot; - FjALA e LIR\u00cb - Arkivi\" \/>\n<meta property=\"og:description\" content=\"ResPublica.al, 22 prill 2013 &#8220;&#8230;Por 21 Janar\u00ebt e epok\u00ebs s\u00eb demokratur\u00ebs shqiptare kan\u00eb, ve\u00e7 Kryeministrit, edhe plot e plot aktor\u00eb t\u00eb tjer\u00eb t\u00eb kobsh\u00ebm: kan\u00eb aradh\u00ebn e deputet\u00ebve, ministrave, kryegjyqtar\u00ebve, kryeushtarak\u00ebve e kryepolic\u00ebve: jan\u00eb ata q\u00eb Prof. Qosja i quan \u201cpretorian\u00ebt\u201d e Kryeministrit, njer\u00ebz pa nd\u00ebrgjegje e pa arsye, q\u00eb jan\u00eb kail t\u00eb shajn\u00eb, t\u00eb [&hellip;]\" \/>\n<meta property=\"og:url\" content=\"https:\/\/fjala.info\/2009-2015\/xhufi-analizon-qosjen-dhe-flet-per-pretorianet-e-kryeministrit-dhe-specien-e-nenbishtoreve\/\" \/>\n<meta property=\"og:site_name\" content=\"FjALA e LIR\u00cb - Arkivi\" \/>\n<meta property=\"article:published_time\" content=\"2013-04-22T08:22:15+00:00\" \/>\n<meta property=\"og:image\" content=\"http:\/\/www.fjala.info\/2013\/rexhep_qosja_gazeta_dita.jpg\" \/>\n<meta name=\"author\" content=\"admin\" \/>\n<meta name=\"twitter:card\" content=\"summary_large_image\" \/>\n<meta name=\"twitter:label1\" content=\"Written by\" \/>\n\t<meta name=\"twitter:data1\" content=\"admin\" \/>\n\t<meta name=\"twitter:label2\" content=\"Est. reading time\" \/>\n\t<meta name=\"twitter:data2\" content=\"3 minutes\" \/>\n<script type=\"application\/ld+json\" class=\"yoast-schema-graph\">{\"@context\":\"https:\\\/\\\/schema.org\",\"@graph\":[{\"@type\":\"Article\",\"@id\":\"https:\\\/\\\/fjala.info\\\/2009-2015\\\/xhufi-analizon-qosjen-dhe-flet-per-pretorianet-e-kryeministrit-dhe-specien-e-nenbishtoreve\\\/#article\",\"isPartOf\":{\"@id\":\"https:\\\/\\\/fjala.info\\\/2009-2015\\\/xhufi-analizon-qosjen-dhe-flet-per-pretorianet-e-kryeministrit-dhe-specien-e-nenbishtoreve\\\/\"},\"author\":{\"name\":\"admin\",\"@id\":\"https:\\\/\\\/fjala.info\\\/2009-2015\\\/#\\\/schema\\\/person\\\/3aa1163ef05469c496fc94e77611ada2\"},\"headline\":\"Xhufi analizon Qosjen dhe flet p\u00ebr &#8220;pretorian\u00ebt e Kryeministrit&#8221; dhe &#8220;specien e n\u00ebnbishtor\u00ebve&#8221;\",\"datePublished\":\"2013-04-22T08:22:15+00:00\",\"mainEntityOfPage\":{\"@id\":\"https:\\\/\\\/fjala.info\\\/2009-2015\\\/xhufi-analizon-qosjen-dhe-flet-per-pretorianet-e-kryeministrit-dhe-specien-e-nenbishtoreve\\\/\"},\"wordCount\":587,\"commentCount\":0,\"publisher\":{\"@id\":\"https:\\\/\\\/fjala.info\\\/2009-2015\\\/#organization\"},\"image\":{\"@id\":\"https:\\\/\\\/fjala.info\\\/2009-2015\\\/xhufi-analizon-qosjen-dhe-flet-per-pretorianet-e-kryeministrit-dhe-specien-e-nenbishtoreve\\\/#primaryimage\"},\"thumbnailUrl\":\"http:\\\/\\\/www.fjala.info\\\/2013\\\/rexhep_qosja_gazeta_dita.jpg\",\"articleSection\":[\"Artikuj\"],\"inLanguage\":\"sq-AL\",\"potentialAction\":[{\"@type\":\"CommentAction\",\"name\":\"Comment\",\"target\":[\"https:\\\/\\\/fjala.info\\\/2009-2015\\\/xhufi-analizon-qosjen-dhe-flet-per-pretorianet-e-kryeministrit-dhe-specien-e-nenbishtoreve\\\/#respond\"]}]},{\"@type\":\"WebPage\",\"@id\":\"https:\\\/\\\/fjala.info\\\/2009-2015\\\/xhufi-analizon-qosjen-dhe-flet-per-pretorianet-e-kryeministrit-dhe-specien-e-nenbishtoreve\\\/\",\"url\":\"https:\\\/\\\/fjala.info\\\/2009-2015\\\/xhufi-analizon-qosjen-dhe-flet-per-pretorianet-e-kryeministrit-dhe-specien-e-nenbishtoreve\\\/\",\"name\":\"Xhufi analizon Qosjen dhe flet p\u00ebr \\\"pretorian\u00ebt e Kryeministrit\\\" dhe \\\"specien e n\u00ebnbishtor\u00ebve\\\" - FjALA e LIR\u00cb - Arkivi\",\"isPartOf\":{\"@id\":\"https:\\\/\\\/fjala.info\\\/2009-2015\\\/#website\"},\"primaryImageOfPage\":{\"@id\":\"https:\\\/\\\/fjala.info\\\/2009-2015\\\/xhufi-analizon-qosjen-dhe-flet-per-pretorianet-e-kryeministrit-dhe-specien-e-nenbishtoreve\\\/#primaryimage\"},\"image\":{\"@id\":\"https:\\\/\\\/fjala.info\\\/2009-2015\\\/xhufi-analizon-qosjen-dhe-flet-per-pretorianet-e-kryeministrit-dhe-specien-e-nenbishtoreve\\\/#primaryimage\"},\"thumbnailUrl\":\"http:\\\/\\\/www.fjala.info\\\/2013\\\/rexhep_qosja_gazeta_dita.jpg\",\"datePublished\":\"2013-04-22T08:22:15+00:00\",\"breadcrumb\":{\"@id\":\"https:\\\/\\\/fjala.info\\\/2009-2015\\\/xhufi-analizon-qosjen-dhe-flet-per-pretorianet-e-kryeministrit-dhe-specien-e-nenbishtoreve\\\/#breadcrumb\"},\"inLanguage\":\"sq-AL\",\"potentialAction\":[{\"@type\":\"ReadAction\",\"target\":[\"https:\\\/\\\/fjala.info\\\/2009-2015\\\/xhufi-analizon-qosjen-dhe-flet-per-pretorianet-e-kryeministrit-dhe-specien-e-nenbishtoreve\\\/\"]}]},{\"@type\":\"ImageObject\",\"inLanguage\":\"sq-AL\",\"@id\":\"https:\\\/\\\/fjala.info\\\/2009-2015\\\/xhufi-analizon-qosjen-dhe-flet-per-pretorianet-e-kryeministrit-dhe-specien-e-nenbishtoreve\\\/#primaryimage\",\"url\":\"http:\\\/\\\/www.fjala.info\\\/2013\\\/rexhep_qosja_gazeta_dita.jpg\",\"contentUrl\":\"http:\\\/\\\/www.fjala.info\\\/2013\\\/rexhep_qosja_gazeta_dita.jpg\"},{\"@type\":\"BreadcrumbList\",\"@id\":\"https:\\\/\\\/fjala.info\\\/2009-2015\\\/xhufi-analizon-qosjen-dhe-flet-per-pretorianet-e-kryeministrit-dhe-specien-e-nenbishtoreve\\\/#breadcrumb\",\"itemListElement\":[{\"@type\":\"ListItem\",\"position\":1,\"name\":\"Home\",\"item\":\"https:\\\/\\\/fjala.info\\\/2009-2015\\\/\"},{\"@type\":\"ListItem\",\"position\":2,\"name\":\"Xhufi analizon Qosjen dhe flet p\u00ebr &#8220;pretorian\u00ebt e Kryeministrit&#8221; dhe &#8220;specien e n\u00ebnbishtor\u00ebve&#8221;\"}]},{\"@type\":\"WebSite\",\"@id\":\"https:\\\/\\\/fjala.info\\\/2009-2015\\\/#website\",\"url\":\"https:\\\/\\\/fjala.info\\\/2009-2015\\\/\",\"name\":\"FjALA e LIR\u00cb - Arkivi\",\"description\":\"Arkivi 2009-2015\",\"publisher\":{\"@id\":\"https:\\\/\\\/fjala.info\\\/2009-2015\\\/#organization\"},\"potentialAction\":[{\"@type\":\"SearchAction\",\"target\":{\"@type\":\"EntryPoint\",\"urlTemplate\":\"https:\\\/\\\/fjala.info\\\/2009-2015\\\/?s={search_term_string}\"},\"query-input\":{\"@type\":\"PropertyValueSpecification\",\"valueRequired\":true,\"valueName\":\"search_term_string\"}}],\"inLanguage\":\"sq-AL\"},{\"@type\":\"Organization\",\"@id\":\"https:\\\/\\\/fjala.info\\\/2009-2015\\\/#organization\",\"name\":\"FjALA e LIR\u00cb - Arkivi\",\"url\":\"https:\\\/\\\/fjala.info\\\/2009-2015\\\/\",\"logo\":{\"@type\":\"ImageObject\",\"inLanguage\":\"sq-AL\",\"@id\":\"https:\\\/\\\/fjala.info\\\/2009-2015\\\/#\\\/schema\\\/logo\\\/image\\\/\",\"url\":\"\",\"contentUrl\":\"\",\"caption\":\"FjALA e LIR\u00cb - Arkivi\"},\"image\":{\"@id\":\"https:\\\/\\\/fjala.info\\\/2009-2015\\\/#\\\/schema\\\/logo\\\/image\\\/\"}},{\"@type\":\"Person\",\"@id\":\"https:\\\/\\\/fjala.info\\\/2009-2015\\\/#\\\/schema\\\/person\\\/3aa1163ef05469c496fc94e77611ada2\",\"name\":\"admin\",\"image\":{\"@type\":\"ImageObject\",\"inLanguage\":\"sq-AL\",\"@id\":\"https:\\\/\\\/fjala.info\\\/2009-2015\\\/wp-content\\\/uploads\\\/2012\\\/02\\\/arben_cokaj-120x150.jpg\",\"url\":\"https:\\\/\\\/fjala.info\\\/2009-2015\\\/wp-content\\\/uploads\\\/2012\\\/02\\\/arben_cokaj-120x150.jpg\",\"contentUrl\":\"https:\\\/\\\/fjala.info\\\/2009-2015\\\/wp-content\\\/uploads\\\/2012\\\/02\\\/arben_cokaj-120x150.jpg\",\"caption\":\"admin\"},\"description\":\"Admin, Fjala e Lir\u00eb\",\"sameAs\":[\"https:\\\/\\\/fjala.info\\\/\"],\"url\":\"https:\\\/\\\/fjala.info\\\/2009-2015\\\/author\\\/admin\\\/\"}]}<\/script>\n<!-- \/ Yoast SEO plugin. -->","yoast_head_json":{"title":"Xhufi analizon Qosjen dhe flet p\u00ebr \"pretorian\u00ebt e Kryeministrit\" dhe \"specien e n\u00ebnbishtor\u00ebve\" - FjALA e LIR\u00cb - Arkivi","robots":{"index":"index","follow":"follow","max-snippet":"max-snippet:-1","max-image-preview":"max-image-preview:large","max-video-preview":"max-video-preview:-1"},"canonical":"https:\/\/fjala.info\/2009-2015\/xhufi-analizon-qosjen-dhe-flet-per-pretorianet-e-kryeministrit-dhe-specien-e-nenbishtoreve\/","og_locale":"sq_AL","og_type":"article","og_title":"Xhufi analizon Qosjen dhe flet p\u00ebr \"pretorian\u00ebt e Kryeministrit\" dhe \"specien e n\u00ebnbishtor\u00ebve\" - FjALA e LIR\u00cb - Arkivi","og_description":"ResPublica.al, 22 prill 2013 &#8220;&#8230;Por 21 Janar\u00ebt e epok\u00ebs s\u00eb demokratur\u00ebs shqiptare kan\u00eb, ve\u00e7 Kryeministrit, edhe plot e plot aktor\u00eb t\u00eb tjer\u00eb t\u00eb kobsh\u00ebm: kan\u00eb aradh\u00ebn e deputet\u00ebve, ministrave, kryegjyqtar\u00ebve, kryeushtarak\u00ebve e kryepolic\u00ebve: jan\u00eb ata q\u00eb Prof. Qosja i quan \u201cpretorian\u00ebt\u201d e Kryeministrit, njer\u00ebz pa nd\u00ebrgjegje e pa arsye, q\u00eb jan\u00eb kail t\u00eb shajn\u00eb, t\u00eb [&hellip;]","og_url":"https:\/\/fjala.info\/2009-2015\/xhufi-analizon-qosjen-dhe-flet-per-pretorianet-e-kryeministrit-dhe-specien-e-nenbishtoreve\/","og_site_name":"FjALA e LIR\u00cb - Arkivi","article_published_time":"2013-04-22T08:22:15+00:00","og_image":[{"url":"http:\/\/www.fjala.info\/2013\/rexhep_qosja_gazeta_dita.jpg","type":"","width":"","height":""}],"author":"admin","twitter_card":"summary_large_image","twitter_misc":{"Written by":"admin","Est. reading time":"3 minutes"},"schema":{"@context":"https:\/\/schema.org","@graph":[{"@type":"Article","@id":"https:\/\/fjala.info\/2009-2015\/xhufi-analizon-qosjen-dhe-flet-per-pretorianet-e-kryeministrit-dhe-specien-e-nenbishtoreve\/#article","isPartOf":{"@id":"https:\/\/fjala.info\/2009-2015\/xhufi-analizon-qosjen-dhe-flet-per-pretorianet-e-kryeministrit-dhe-specien-e-nenbishtoreve\/"},"author":{"name":"admin","@id":"https:\/\/fjala.info\/2009-2015\/#\/schema\/person\/3aa1163ef05469c496fc94e77611ada2"},"headline":"Xhufi analizon Qosjen dhe flet p\u00ebr &#8220;pretorian\u00ebt e Kryeministrit&#8221; dhe &#8220;specien e n\u00ebnbishtor\u00ebve&#8221;","datePublished":"2013-04-22T08:22:15+00:00","mainEntityOfPage":{"@id":"https:\/\/fjala.info\/2009-2015\/xhufi-analizon-qosjen-dhe-flet-per-pretorianet-e-kryeministrit-dhe-specien-e-nenbishtoreve\/"},"wordCount":587,"commentCount":0,"publisher":{"@id":"https:\/\/fjala.info\/2009-2015\/#organization"},"image":{"@id":"https:\/\/fjala.info\/2009-2015\/xhufi-analizon-qosjen-dhe-flet-per-pretorianet-e-kryeministrit-dhe-specien-e-nenbishtoreve\/#primaryimage"},"thumbnailUrl":"http:\/\/www.fjala.info\/2013\/rexhep_qosja_gazeta_dita.jpg","articleSection":["Artikuj"],"inLanguage":"sq-AL","potentialAction":[{"@type":"CommentAction","name":"Comment","target":["https:\/\/fjala.info\/2009-2015\/xhufi-analizon-qosjen-dhe-flet-per-pretorianet-e-kryeministrit-dhe-specien-e-nenbishtoreve\/#respond"]}]},{"@type":"WebPage","@id":"https:\/\/fjala.info\/2009-2015\/xhufi-analizon-qosjen-dhe-flet-per-pretorianet-e-kryeministrit-dhe-specien-e-nenbishtoreve\/","url":"https:\/\/fjala.info\/2009-2015\/xhufi-analizon-qosjen-dhe-flet-per-pretorianet-e-kryeministrit-dhe-specien-e-nenbishtoreve\/","name":"Xhufi analizon Qosjen dhe flet p\u00ebr \"pretorian\u00ebt e Kryeministrit\" dhe \"specien e n\u00ebnbishtor\u00ebve\" - FjALA e LIR\u00cb - Arkivi","isPartOf":{"@id":"https:\/\/fjala.info\/2009-2015\/#website"},"primaryImageOfPage":{"@id":"https:\/\/fjala.info\/2009-2015\/xhufi-analizon-qosjen-dhe-flet-per-pretorianet-e-kryeministrit-dhe-specien-e-nenbishtoreve\/#primaryimage"},"image":{"@id":"https:\/\/fjala.info\/2009-2015\/xhufi-analizon-qosjen-dhe-flet-per-pretorianet-e-kryeministrit-dhe-specien-e-nenbishtoreve\/#primaryimage"},"thumbnailUrl":"http:\/\/www.fjala.info\/2013\/rexhep_qosja_gazeta_dita.jpg","datePublished":"2013-04-22T08:22:15+00:00","breadcrumb":{"@id":"https:\/\/fjala.info\/2009-2015\/xhufi-analizon-qosjen-dhe-flet-per-pretorianet-e-kryeministrit-dhe-specien-e-nenbishtoreve\/#breadcrumb"},"inLanguage":"sq-AL","potentialAction":[{"@type":"ReadAction","target":["https:\/\/fjala.info\/2009-2015\/xhufi-analizon-qosjen-dhe-flet-per-pretorianet-e-kryeministrit-dhe-specien-e-nenbishtoreve\/"]}]},{"@type":"ImageObject","inLanguage":"sq-AL","@id":"https:\/\/fjala.info\/2009-2015\/xhufi-analizon-qosjen-dhe-flet-per-pretorianet-e-kryeministrit-dhe-specien-e-nenbishtoreve\/#primaryimage","url":"http:\/\/www.fjala.info\/2013\/rexhep_qosja_gazeta_dita.jpg","contentUrl":"http:\/\/www.fjala.info\/2013\/rexhep_qosja_gazeta_dita.jpg"},{"@type":"BreadcrumbList","@id":"https:\/\/fjala.info\/2009-2015\/xhufi-analizon-qosjen-dhe-flet-per-pretorianet-e-kryeministrit-dhe-specien-e-nenbishtoreve\/#breadcrumb","itemListElement":[{"@type":"ListItem","position":1,"name":"Home","item":"https:\/\/fjala.info\/2009-2015\/"},{"@type":"ListItem","position":2,"name":"Xhufi analizon Qosjen dhe flet p\u00ebr &#8220;pretorian\u00ebt e Kryeministrit&#8221; dhe &#8220;specien e n\u00ebnbishtor\u00ebve&#8221;"}]},{"@type":"WebSite","@id":"https:\/\/fjala.info\/2009-2015\/#website","url":"https:\/\/fjala.info\/2009-2015\/","name":"FjALA e LIR\u00cb - Arkivi","description":"Arkivi 2009-2015","publisher":{"@id":"https:\/\/fjala.info\/2009-2015\/#organization"},"potentialAction":[{"@type":"SearchAction","target":{"@type":"EntryPoint","urlTemplate":"https:\/\/fjala.info\/2009-2015\/?s={search_term_string}"},"query-input":{"@type":"PropertyValueSpecification","valueRequired":true,"valueName":"search_term_string"}}],"inLanguage":"sq-AL"},{"@type":"Organization","@id":"https:\/\/fjala.info\/2009-2015\/#organization","name":"FjALA e LIR\u00cb - Arkivi","url":"https:\/\/fjala.info\/2009-2015\/","logo":{"@type":"ImageObject","inLanguage":"sq-AL","@id":"https:\/\/fjala.info\/2009-2015\/#\/schema\/logo\/image\/","url":"","contentUrl":"","caption":"FjALA e LIR\u00cb - Arkivi"},"image":{"@id":"https:\/\/fjala.info\/2009-2015\/#\/schema\/logo\/image\/"}},{"@type":"Person","@id":"https:\/\/fjala.info\/2009-2015\/#\/schema\/person\/3aa1163ef05469c496fc94e77611ada2","name":"admin","image":{"@type":"ImageObject","inLanguage":"sq-AL","@id":"https:\/\/fjala.info\/2009-2015\/wp-content\/uploads\/2012\/02\/arben_cokaj-120x150.jpg","url":"https:\/\/fjala.info\/2009-2015\/wp-content\/uploads\/2012\/02\/arben_cokaj-120x150.jpg","contentUrl":"https:\/\/fjala.info\/2009-2015\/wp-content\/uploads\/2012\/02\/arben_cokaj-120x150.jpg","caption":"admin"},"description":"Admin, Fjala e Lir\u00eb","sameAs":["https:\/\/fjala.info\/"],"url":"https:\/\/fjala.info\/2009-2015\/author\/admin\/"}]}},"_links":{"self":[{"href":"https:\/\/fjala.info\/2009-2015\/wp-json\/wp\/v2\/posts\/12652","targetHints":{"allow":["GET"]}}],"collection":[{"href":"https:\/\/fjala.info\/2009-2015\/wp-json\/wp\/v2\/posts"}],"about":[{"href":"https:\/\/fjala.info\/2009-2015\/wp-json\/wp\/v2\/types\/post"}],"author":[{"embeddable":true,"href":"https:\/\/fjala.info\/2009-2015\/wp-json\/wp\/v2\/users\/1"}],"replies":[{"embeddable":true,"href":"https:\/\/fjala.info\/2009-2015\/wp-json\/wp\/v2\/comments?post=12652"}],"version-history":[{"count":0,"href":"https:\/\/fjala.info\/2009-2015\/wp-json\/wp\/v2\/posts\/12652\/revisions"}],"wp:attachment":[{"href":"https:\/\/fjala.info\/2009-2015\/wp-json\/wp\/v2\/media?parent=12652"}],"wp:term":[{"taxonomy":"category","embeddable":true,"href":"https:\/\/fjala.info\/2009-2015\/wp-json\/wp\/v2\/categories?post=12652"},{"taxonomy":"post_tag","embeddable":true,"href":"https:\/\/fjala.info\/2009-2015\/wp-json\/wp\/v2\/tags?post=12652"}],"curies":[{"name":"wp","href":"https:\/\/api.w.org\/{rel}","templated":true}]}}