{"id":12628,"date":"2013-04-16T09:47:17","date_gmt":"2013-04-16T08:47:17","guid":{"rendered":"http:\/\/fjala.info\/?p=2054"},"modified":"2013-04-16T09:47:17","modified_gmt":"2013-04-16T08:47:17","slug":"ata-krimba-burra-qe-votuan-mbreme","status":"publish","type":"post","link":"https:\/\/fjala.info\/2009-2015\/ata-krimba-burra-qe-votuan-mbreme\/","title":{"rendered":"Ata krimba-burra q\u00eb votuan mbr\u00ebm\u00eb"},"content":{"rendered":"<p><strong>Ata krimba-burra q\u00eb votuan mbr\u00ebm\u00eb<\/strong><\/p>\n<p>Nga <strong>ARBEN DUKA<\/strong>, <em>16 Prill 2013<\/em><\/p>\n<blockquote><p><img decoding=\"async\" class=\"alignright size-thumbnail wp-image-7236\" title=\"Arben Duka\" alt=\"\" src=\"http:\/\/www.fjala.info\/2013\/arben_duka.jpg\" width=\"200\" \/><br \/>\nSe \u00e7\u2018\u00ebsht\u00eb sot pushteti,<br \/>\ne kuptoni mir\u00eb,<br \/>\nnuk gjen dot gj\u00ebkundi,<br \/>\nhale m\u00eb t\u00eb ndyr\u00eb!<\/p>\n<p>Na shau Topalli,<br \/>\nna tha qelb\u00ebsira,<br \/>\nsi mace e zez\u00eb,<br \/>\nju b\u00eb krejt fytyra!<\/p>\n<p>Si mace e zez\u00eb,<br \/>\ntrupi dhe fytyra,<br \/>\nna shau Topalli,<br \/>\nKRYEQELB\u00cbSIRA!<\/p>\n<p>E shihni o njer\u00ebz,<br \/>\nkush na udh\u00ebheq,<br \/>\nas epok\u00eb e gurit,<br \/>\nnuk ka qen\u00eb m\u00eb keq!<\/p>\n<p>K\u00ebt\u00eb votim turpi,<br \/>\nun\u00eb e kisha pritur,<br \/>\nse tash \u00ebsht\u00eb pushteti,<br \/>\nkrejt i \u00e7oroditur!<\/p>\n<p>E dija dhe vot\u00ebn,<br \/>\ne most\u00ebr Islamit,<br \/>\nedhe t\u00eb Kadelit,<br \/>\nedhe t\u00eb Dogjanit!<\/p>\n<p>Treguan se jan\u00eb,<br \/>\nt\u00eb paburra krejt,<br \/>\nndaj dhe i jap Ram\u00ebs,<br \/>\nnj\u00ebmij\u00eb her\u00eb t\u00eb drejt\u00eb!<\/p>\n<p>Nj\u00ebmij\u00eb her\u00eb t\u00eb drejt\u00eb,<br \/>\nq\u00eb s\u2019i vu n\u00eb list\u00eb,<br \/>\nse nga \u00e7do pisll\u00ebk,<br \/>\njan\u00eb dhe m\u00eb t\u00eb pist\u00eb!<\/p>\n<p>Zbulimi i tyre,<br \/>\nqe fat i v\u00ebrtet\u00eb,<br \/>\nmund t\u00eb b\u00ebnin gj\u00ebm\u00ebn,<br \/>\nnes\u00ebr n\u00eb pushtet!<\/p>\n<p>Ndofta vendos Rama,<br \/>\nt\u00eb jesh deputet,<br \/>\npo t\u00eb jesh fisnik,<br \/>\ne ke n\u00eb dor\u00eb vet\u00eb!<\/p>\n<p>Ka\u00e7i si kodosh,<br \/>\ns\u2019doli pa pandehur,<br \/>\nata dy t\u00eb tjer\u00ebt,<br \/>\nkan\u00eb q\u00ebn\u00eb llum i fshehur!<\/p>\n<p>Mos u rrini pran\u00eb,<br \/>\nqelben si mo\u00e7al,<br \/>\nkrejt pa karakter,<br \/>\ndhe krejt pa moral!<\/p>\n<p>Doli dhe Dogjani,<br \/>\nt\u00eb shpjegonte vot\u00ebn,<br \/>\ninjorant si ky,<br \/>\ns\u2019gjen dot n\u00eb gjith\u00eb bot\u00ebn!<\/p>\n<p>S\u2019mund t\u2019u them legena,<br \/>\ndhe as maskara,<br \/>\np\u00ebr ta krahasimin,<br \/>\nshqipja nuk e ka!<\/p>\n<p>Nuk \u00ebsht\u00eb hi\u00e7 nevoja,<br \/>\nq\u00eb me gur\u00eb t\u2019i zini,<br \/>\npo i pat\u00eb n\u00eb rrug\u00eb,<br \/>\nduhet t\u2019i p\u00ebshtyni!<\/p>\n<p>Duhet t\u2019i p\u00ebshtyni,<br \/>\nk\u00ebta bes\u00ebprer\u00eb,<br \/>\nq\u00eb dhe nga qenef\u00ebt,<br \/>\nm\u00eb keq mbajn\u00eb er\u00eb!<\/p>\n<p>K\u00ebta krimba-burra,<br \/>\nq\u00eb i mbajt\u00ebm ka\u00e7e,<br \/>\nu do nxir\u00eb surrati,<br \/>\nduhen rrahur fsha\u00e7e!<\/p><\/blockquote>\n","protected":false},"excerpt":{"rendered":"<p>Ata krimba-burra q\u00eb votuan mbr\u00ebm\u00eb Nga ARBEN DUKA, 16 Prill 2013 Se \u00e7\u2018\u00ebsht\u00eb sot pushteti, e kuptoni mir\u00eb, nuk gjen dot gj\u00ebkundi, hale m\u00eb t\u00eb ndyr\u00eb! Na shau Topalli, na tha qelb\u00ebsira, si mace e zez\u00eb, ju b\u00eb krejt fytyra! Si mace e zez\u00eb, trupi dhe fytyra, na shau Topalli, KRYEQELB\u00cbSIRA! E shihni o njer\u00ebz, [&hellip;]<\/p>\n","protected":false},"author":1,"featured_media":0,"comment_status":"open","ping_status":"closed","sticky":false,"template":"","format":"standard","meta":{"footnotes":""},"categories":[7,9],"tags":[],"class_list":{"0":"post-12628","1":"post","2":"type-post","3":"status-publish","4":"format-standard","6":"category-letersi","7":"category-poezi"},"yoast_head":"<!-- This site is optimized with the Yoast SEO plugin v27.4 - https:\/\/yoast.com\/product\/yoast-seo-wordpress\/ -->\n<title>Ata krimba-burra q\u00eb votuan mbr\u00ebm\u00eb - FjALA e LIR\u00cb - Arkivi<\/title>\n<meta name=\"robots\" content=\"index, follow, max-snippet:-1, max-image-preview:large, max-video-preview:-1\" \/>\n<link rel=\"canonical\" href=\"https:\/\/fjala.info\/2009-2015\/ata-krimba-burra-qe-votuan-mbreme\/\" \/>\n<meta property=\"og:locale\" content=\"sq_AL\" \/>\n<meta property=\"og:type\" content=\"article\" \/>\n<meta property=\"og:title\" content=\"Ata krimba-burra q\u00eb votuan mbr\u00ebm\u00eb - FjALA e LIR\u00cb - Arkivi\" \/>\n<meta property=\"og:description\" content=\"Ata krimba-burra q\u00eb votuan mbr\u00ebm\u00eb Nga ARBEN DUKA, 16 Prill 2013 Se \u00e7\u2018\u00ebsht\u00eb sot pushteti, e kuptoni mir\u00eb, nuk gjen dot gj\u00ebkundi, hale m\u00eb t\u00eb ndyr\u00eb! Na shau Topalli, na tha qelb\u00ebsira, si mace e zez\u00eb, ju b\u00eb krejt fytyra! Si mace e zez\u00eb, trupi dhe fytyra, na shau Topalli, KRYEQELB\u00cbSIRA! E shihni o njer\u00ebz, [&hellip;]\" \/>\n<meta property=\"og:url\" content=\"https:\/\/fjala.info\/2009-2015\/ata-krimba-burra-qe-votuan-mbreme\/\" \/>\n<meta property=\"og:site_name\" content=\"FjALA e LIR\u00cb - Arkivi\" \/>\n<meta property=\"article:published_time\" content=\"2013-04-16T08:47:17+00:00\" \/>\n<meta property=\"og:image\" content=\"http:\/\/www.fjala.info\/2013\/arben_duka.jpg\" \/>\n<meta name=\"author\" content=\"admin\" \/>\n<meta name=\"twitter:card\" content=\"summary_large_image\" \/>\n<meta name=\"twitter:label1\" content=\"Written by\" \/>\n\t<meta name=\"twitter:data1\" content=\"admin\" \/>\n\t<meta name=\"twitter:label2\" content=\"Est. reading time\" \/>\n\t<meta name=\"twitter:data2\" content=\"1 minute\" \/>\n<script type=\"application\/ld+json\" class=\"yoast-schema-graph\">{\"@context\":\"https:\\\/\\\/schema.org\",\"@graph\":[{\"@type\":\"Article\",\"@id\":\"https:\\\/\\\/fjala.info\\\/2009-2015\\\/ata-krimba-burra-qe-votuan-mbreme\\\/#article\",\"isPartOf\":{\"@id\":\"https:\\\/\\\/fjala.info\\\/2009-2015\\\/ata-krimba-burra-qe-votuan-mbreme\\\/\"},\"author\":{\"name\":\"admin\",\"@id\":\"https:\\\/\\\/fjala.info\\\/2009-2015\\\/#\\\/schema\\\/person\\\/3aa1163ef05469c496fc94e77611ada2\"},\"headline\":\"Ata krimba-burra q\u00eb votuan mbr\u00ebm\u00eb\",\"datePublished\":\"2013-04-16T08:47:17+00:00\",\"mainEntityOfPage\":{\"@id\":\"https:\\\/\\\/fjala.info\\\/2009-2015\\\/ata-krimba-burra-qe-votuan-mbreme\\\/\"},\"wordCount\":302,\"commentCount\":0,\"publisher\":{\"@id\":\"https:\\\/\\\/fjala.info\\\/2009-2015\\\/#organization\"},\"image\":{\"@id\":\"https:\\\/\\\/fjala.info\\\/2009-2015\\\/ata-krimba-burra-qe-votuan-mbreme\\\/#primaryimage\"},\"thumbnailUrl\":\"http:\\\/\\\/www.fjala.info\\\/2013\\\/arben_duka.jpg\",\"articleSection\":[\"Let\u00ebrsi\",\"Poezi\"],\"inLanguage\":\"sq-AL\",\"potentialAction\":[{\"@type\":\"CommentAction\",\"name\":\"Comment\",\"target\":[\"https:\\\/\\\/fjala.info\\\/2009-2015\\\/ata-krimba-burra-qe-votuan-mbreme\\\/#respond\"]}]},{\"@type\":\"WebPage\",\"@id\":\"https:\\\/\\\/fjala.info\\\/2009-2015\\\/ata-krimba-burra-qe-votuan-mbreme\\\/\",\"url\":\"https:\\\/\\\/fjala.info\\\/2009-2015\\\/ata-krimba-burra-qe-votuan-mbreme\\\/\",\"name\":\"Ata krimba-burra q\u00eb votuan mbr\u00ebm\u00eb - FjALA e LIR\u00cb - Arkivi\",\"isPartOf\":{\"@id\":\"https:\\\/\\\/fjala.info\\\/2009-2015\\\/#website\"},\"primaryImageOfPage\":{\"@id\":\"https:\\\/\\\/fjala.info\\\/2009-2015\\\/ata-krimba-burra-qe-votuan-mbreme\\\/#primaryimage\"},\"image\":{\"@id\":\"https:\\\/\\\/fjala.info\\\/2009-2015\\\/ata-krimba-burra-qe-votuan-mbreme\\\/#primaryimage\"},\"thumbnailUrl\":\"http:\\\/\\\/www.fjala.info\\\/2013\\\/arben_duka.jpg\",\"datePublished\":\"2013-04-16T08:47:17+00:00\",\"breadcrumb\":{\"@id\":\"https:\\\/\\\/fjala.info\\\/2009-2015\\\/ata-krimba-burra-qe-votuan-mbreme\\\/#breadcrumb\"},\"inLanguage\":\"sq-AL\",\"potentialAction\":[{\"@type\":\"ReadAction\",\"target\":[\"https:\\\/\\\/fjala.info\\\/2009-2015\\\/ata-krimba-burra-qe-votuan-mbreme\\\/\"]}]},{\"@type\":\"ImageObject\",\"inLanguage\":\"sq-AL\",\"@id\":\"https:\\\/\\\/fjala.info\\\/2009-2015\\\/ata-krimba-burra-qe-votuan-mbreme\\\/#primaryimage\",\"url\":\"http:\\\/\\\/www.fjala.info\\\/2013\\\/arben_duka.jpg\",\"contentUrl\":\"http:\\\/\\\/www.fjala.info\\\/2013\\\/arben_duka.jpg\"},{\"@type\":\"BreadcrumbList\",\"@id\":\"https:\\\/\\\/fjala.info\\\/2009-2015\\\/ata-krimba-burra-qe-votuan-mbreme\\\/#breadcrumb\",\"itemListElement\":[{\"@type\":\"ListItem\",\"position\":1,\"name\":\"Home\",\"item\":\"https:\\\/\\\/fjala.info\\\/2009-2015\\\/\"},{\"@type\":\"ListItem\",\"position\":2,\"name\":\"Ata krimba-burra q\u00eb votuan mbr\u00ebm\u00eb\"}]},{\"@type\":\"WebSite\",\"@id\":\"https:\\\/\\\/fjala.info\\\/2009-2015\\\/#website\",\"url\":\"https:\\\/\\\/fjala.info\\\/2009-2015\\\/\",\"name\":\"FjALA e LIR\u00cb - Arkivi\",\"description\":\"Arkivi 2009-2015\",\"publisher\":{\"@id\":\"https:\\\/\\\/fjala.info\\\/2009-2015\\\/#organization\"},\"potentialAction\":[{\"@type\":\"SearchAction\",\"target\":{\"@type\":\"EntryPoint\",\"urlTemplate\":\"https:\\\/\\\/fjala.info\\\/2009-2015\\\/?s={search_term_string}\"},\"query-input\":{\"@type\":\"PropertyValueSpecification\",\"valueRequired\":true,\"valueName\":\"search_term_string\"}}],\"inLanguage\":\"sq-AL\"},{\"@type\":\"Organization\",\"@id\":\"https:\\\/\\\/fjala.info\\\/2009-2015\\\/#organization\",\"name\":\"FjALA e LIR\u00cb - Arkivi\",\"url\":\"https:\\\/\\\/fjala.info\\\/2009-2015\\\/\",\"logo\":{\"@type\":\"ImageObject\",\"inLanguage\":\"sq-AL\",\"@id\":\"https:\\\/\\\/fjala.info\\\/2009-2015\\\/#\\\/schema\\\/logo\\\/image\\\/\",\"url\":\"\",\"contentUrl\":\"\",\"caption\":\"FjALA e LIR\u00cb - Arkivi\"},\"image\":{\"@id\":\"https:\\\/\\\/fjala.info\\\/2009-2015\\\/#\\\/schema\\\/logo\\\/image\\\/\"}},{\"@type\":\"Person\",\"@id\":\"https:\\\/\\\/fjala.info\\\/2009-2015\\\/#\\\/schema\\\/person\\\/3aa1163ef05469c496fc94e77611ada2\",\"name\":\"admin\",\"image\":{\"@type\":\"ImageObject\",\"inLanguage\":\"sq-AL\",\"@id\":\"https:\\\/\\\/fjala.info\\\/2009-2015\\\/wp-content\\\/uploads\\\/2012\\\/02\\\/arben_cokaj-120x150.jpg\",\"url\":\"https:\\\/\\\/fjala.info\\\/2009-2015\\\/wp-content\\\/uploads\\\/2012\\\/02\\\/arben_cokaj-120x150.jpg\",\"contentUrl\":\"https:\\\/\\\/fjala.info\\\/2009-2015\\\/wp-content\\\/uploads\\\/2012\\\/02\\\/arben_cokaj-120x150.jpg\",\"caption\":\"admin\"},\"description\":\"Admin, Fjala e Lir\u00eb\",\"sameAs\":[\"https:\\\/\\\/fjala.info\\\/\"],\"url\":\"https:\\\/\\\/fjala.info\\\/2009-2015\\\/author\\\/admin\\\/\"}]}<\/script>\n<!-- \/ Yoast SEO plugin. -->","yoast_head_json":{"title":"Ata krimba-burra q\u00eb votuan mbr\u00ebm\u00eb - FjALA e LIR\u00cb - Arkivi","robots":{"index":"index","follow":"follow","max-snippet":"max-snippet:-1","max-image-preview":"max-image-preview:large","max-video-preview":"max-video-preview:-1"},"canonical":"https:\/\/fjala.info\/2009-2015\/ata-krimba-burra-qe-votuan-mbreme\/","og_locale":"sq_AL","og_type":"article","og_title":"Ata krimba-burra q\u00eb votuan mbr\u00ebm\u00eb - FjALA e LIR\u00cb - Arkivi","og_description":"Ata krimba-burra q\u00eb votuan mbr\u00ebm\u00eb Nga ARBEN DUKA, 16 Prill 2013 Se \u00e7\u2018\u00ebsht\u00eb sot pushteti, e kuptoni mir\u00eb, nuk gjen dot gj\u00ebkundi, hale m\u00eb t\u00eb ndyr\u00eb! Na shau Topalli, na tha qelb\u00ebsira, si mace e zez\u00eb, ju b\u00eb krejt fytyra! Si mace e zez\u00eb, trupi dhe fytyra, na shau Topalli, KRYEQELB\u00cbSIRA! E shihni o njer\u00ebz, [&hellip;]","og_url":"https:\/\/fjala.info\/2009-2015\/ata-krimba-burra-qe-votuan-mbreme\/","og_site_name":"FjALA e LIR\u00cb - Arkivi","article_published_time":"2013-04-16T08:47:17+00:00","og_image":[{"url":"http:\/\/www.fjala.info\/2013\/arben_duka.jpg","type":"","width":"","height":""}],"author":"admin","twitter_card":"summary_large_image","twitter_misc":{"Written by":"admin","Est. reading time":"1 minute"},"schema":{"@context":"https:\/\/schema.org","@graph":[{"@type":"Article","@id":"https:\/\/fjala.info\/2009-2015\/ata-krimba-burra-qe-votuan-mbreme\/#article","isPartOf":{"@id":"https:\/\/fjala.info\/2009-2015\/ata-krimba-burra-qe-votuan-mbreme\/"},"author":{"name":"admin","@id":"https:\/\/fjala.info\/2009-2015\/#\/schema\/person\/3aa1163ef05469c496fc94e77611ada2"},"headline":"Ata krimba-burra q\u00eb votuan mbr\u00ebm\u00eb","datePublished":"2013-04-16T08:47:17+00:00","mainEntityOfPage":{"@id":"https:\/\/fjala.info\/2009-2015\/ata-krimba-burra-qe-votuan-mbreme\/"},"wordCount":302,"commentCount":0,"publisher":{"@id":"https:\/\/fjala.info\/2009-2015\/#organization"},"image":{"@id":"https:\/\/fjala.info\/2009-2015\/ata-krimba-burra-qe-votuan-mbreme\/#primaryimage"},"thumbnailUrl":"http:\/\/www.fjala.info\/2013\/arben_duka.jpg","articleSection":["Let\u00ebrsi","Poezi"],"inLanguage":"sq-AL","potentialAction":[{"@type":"CommentAction","name":"Comment","target":["https:\/\/fjala.info\/2009-2015\/ata-krimba-burra-qe-votuan-mbreme\/#respond"]}]},{"@type":"WebPage","@id":"https:\/\/fjala.info\/2009-2015\/ata-krimba-burra-qe-votuan-mbreme\/","url":"https:\/\/fjala.info\/2009-2015\/ata-krimba-burra-qe-votuan-mbreme\/","name":"Ata krimba-burra q\u00eb votuan mbr\u00ebm\u00eb - FjALA e LIR\u00cb - Arkivi","isPartOf":{"@id":"https:\/\/fjala.info\/2009-2015\/#website"},"primaryImageOfPage":{"@id":"https:\/\/fjala.info\/2009-2015\/ata-krimba-burra-qe-votuan-mbreme\/#primaryimage"},"image":{"@id":"https:\/\/fjala.info\/2009-2015\/ata-krimba-burra-qe-votuan-mbreme\/#primaryimage"},"thumbnailUrl":"http:\/\/www.fjala.info\/2013\/arben_duka.jpg","datePublished":"2013-04-16T08:47:17+00:00","breadcrumb":{"@id":"https:\/\/fjala.info\/2009-2015\/ata-krimba-burra-qe-votuan-mbreme\/#breadcrumb"},"inLanguage":"sq-AL","potentialAction":[{"@type":"ReadAction","target":["https:\/\/fjala.info\/2009-2015\/ata-krimba-burra-qe-votuan-mbreme\/"]}]},{"@type":"ImageObject","inLanguage":"sq-AL","@id":"https:\/\/fjala.info\/2009-2015\/ata-krimba-burra-qe-votuan-mbreme\/#primaryimage","url":"http:\/\/www.fjala.info\/2013\/arben_duka.jpg","contentUrl":"http:\/\/www.fjala.info\/2013\/arben_duka.jpg"},{"@type":"BreadcrumbList","@id":"https:\/\/fjala.info\/2009-2015\/ata-krimba-burra-qe-votuan-mbreme\/#breadcrumb","itemListElement":[{"@type":"ListItem","position":1,"name":"Home","item":"https:\/\/fjala.info\/2009-2015\/"},{"@type":"ListItem","position":2,"name":"Ata krimba-burra q\u00eb votuan mbr\u00ebm\u00eb"}]},{"@type":"WebSite","@id":"https:\/\/fjala.info\/2009-2015\/#website","url":"https:\/\/fjala.info\/2009-2015\/","name":"FjALA e LIR\u00cb - Arkivi","description":"Arkivi 2009-2015","publisher":{"@id":"https:\/\/fjala.info\/2009-2015\/#organization"},"potentialAction":[{"@type":"SearchAction","target":{"@type":"EntryPoint","urlTemplate":"https:\/\/fjala.info\/2009-2015\/?s={search_term_string}"},"query-input":{"@type":"PropertyValueSpecification","valueRequired":true,"valueName":"search_term_string"}}],"inLanguage":"sq-AL"},{"@type":"Organization","@id":"https:\/\/fjala.info\/2009-2015\/#organization","name":"FjALA e LIR\u00cb - Arkivi","url":"https:\/\/fjala.info\/2009-2015\/","logo":{"@type":"ImageObject","inLanguage":"sq-AL","@id":"https:\/\/fjala.info\/2009-2015\/#\/schema\/logo\/image\/","url":"","contentUrl":"","caption":"FjALA e LIR\u00cb - Arkivi"},"image":{"@id":"https:\/\/fjala.info\/2009-2015\/#\/schema\/logo\/image\/"}},{"@type":"Person","@id":"https:\/\/fjala.info\/2009-2015\/#\/schema\/person\/3aa1163ef05469c496fc94e77611ada2","name":"admin","image":{"@type":"ImageObject","inLanguage":"sq-AL","@id":"https:\/\/fjala.info\/2009-2015\/wp-content\/uploads\/2012\/02\/arben_cokaj-120x150.jpg","url":"https:\/\/fjala.info\/2009-2015\/wp-content\/uploads\/2012\/02\/arben_cokaj-120x150.jpg","contentUrl":"https:\/\/fjala.info\/2009-2015\/wp-content\/uploads\/2012\/02\/arben_cokaj-120x150.jpg","caption":"admin"},"description":"Admin, Fjala e Lir\u00eb","sameAs":["https:\/\/fjala.info\/"],"url":"https:\/\/fjala.info\/2009-2015\/author\/admin\/"}]}},"_links":{"self":[{"href":"https:\/\/fjala.info\/2009-2015\/wp-json\/wp\/v2\/posts\/12628","targetHints":{"allow":["GET"]}}],"collection":[{"href":"https:\/\/fjala.info\/2009-2015\/wp-json\/wp\/v2\/posts"}],"about":[{"href":"https:\/\/fjala.info\/2009-2015\/wp-json\/wp\/v2\/types\/post"}],"author":[{"embeddable":true,"href":"https:\/\/fjala.info\/2009-2015\/wp-json\/wp\/v2\/users\/1"}],"replies":[{"embeddable":true,"href":"https:\/\/fjala.info\/2009-2015\/wp-json\/wp\/v2\/comments?post=12628"}],"version-history":[{"count":0,"href":"https:\/\/fjala.info\/2009-2015\/wp-json\/wp\/v2\/posts\/12628\/revisions"}],"wp:attachment":[{"href":"https:\/\/fjala.info\/2009-2015\/wp-json\/wp\/v2\/media?parent=12628"}],"wp:term":[{"taxonomy":"category","embeddable":true,"href":"https:\/\/fjala.info\/2009-2015\/wp-json\/wp\/v2\/categories?post=12628"},{"taxonomy":"post_tag","embeddable":true,"href":"https:\/\/fjala.info\/2009-2015\/wp-json\/wp\/v2\/tags?post=12628"}],"curies":[{"name":"wp","href":"https:\/\/api.w.org\/{rel}","templated":true}]}}