{"id":12605,"date":"2013-04-10T08:49:14","date_gmt":"2013-04-10T07:49:14","guid":{"rendered":"http:\/\/fjala.info\/?p=1943"},"modified":"2013-04-10T08:49:14","modified_gmt":"2013-04-10T07:49:14","slug":"kampion-kombetar-dhe-maraton-i-mergates-shqiptare","status":"publish","type":"post","link":"https:\/\/fjala.info\/2009-2015\/kampion-kombetar-dhe-maraton-i-mergates-shqiptare\/","title":{"rendered":"KAMPION KOMB\u00cbTAR DHE MARATON I M\u00cbRGAT\u00cbS SHQIPTARE"},"content":{"rendered":"<p><img decoding=\"async\" class=\"alignright size-thumbnail wp-image-7236\" title=\"Xhemail Peci\" alt=\"\" src=\"http:\/\/www.fjala.info\/2013\/xhemail_peci.jpg\" width=\"200\" \/> <strong>Xhemail Peci: Baki Ymeri &#8211; Kampion komb\u00ebtar dhe maraton i m\u00ebrgat\u00ebs shqiptare<\/strong>, <em>07.04.2013<\/em><\/p>\n<p><em><strong>Atdheu, nderi dhe dinjiteti. Gjuha shqipe p\u00ebr njeriun p\u00ebr t\u00eb cilin shkruajm\u00eb, p\u00ebrfaq\u00ebson k\u00ebshtjell\u00ebn m\u00eb t\u00eb r\u00ebnd\u00ebsishme t\u00eb ekzistenc\u00ebs son\u00eb. Shqip\u00ebria sipas tij, ka lindur para krijimit t\u00eb bot\u00ebs dhe para lindjes s\u00eb diellit. Baki Ymeri \u00ebsht\u00eb oksigjen i m\u00ebrgat\u00ebs shqiptare, vullkan i pashuar, p\u00ebllumb i paq\u00ebs, z\u00ebri i vet\u00ebdijes komb\u00ebtare, nj\u00eb shpirt i fuqish\u00ebm e plot jet\u00eb.<\/strong><\/em><\/p>\n<p>NGA <strong>XHEMAIL PECI<\/strong><\/p>\n<p>Titulli mund t\u00eb duket i ekzagjeruar, sepse nuk kemi t\u00eb b\u00ebjm\u00eb me nj\u00eb kampion komb\u00ebtar n\u00eb fush\u00eb t\u00eb sportit, por t\u00eb p\u00ebrkushtimeve t\u00eb dit\u00ebp\u00ebrditshme e nat\u00ebp\u00ebrnatshme p\u00ebr afirmimin e vlerave shqiptare n\u00eb bot\u00eb. Lexuesi gjithmon\u00eb ka nevoj\u00eb p\u00ebr risi, sepse bota \u00ebsht\u00eb nj\u00eb univers i mrekullive t\u00eb mbrujtura me nj\u00eb forc\u00eb divine. Artikulli respektiv bazohet n\u00eb nj\u00eb ser\u00eb komentesh dhe komplimentesh q\u00eb nxjerrin n\u00eb pah portretin e nj\u00eb veprimtari t\u00eb shquar t\u00eb kultur\u00ebs shqiptare n\u00eb diaspor\u00eb. Un\u00eb e kuptoj shpirtin e brendsh\u00ebm t\u00eb intelektual\u00ebve shqiptar\u00eb sot, kur shp\u00ebrthejn\u00eb me vrullin e tyre n\u00eb raste t\u00eb ve\u00e7anta, sidomos n\u00eb fush\u00ebn e krijimtaris\u00eb letrare, patriotike dhe artistike t\u00eb diaspor\u00ebs shqiptare, te t\u00eb cil\u00ebt buron shprehja e shpirtit m\u00ebrgimtar e mish\u00ebruar me binomin komb dhe atdhe. Gjuha shqipe p\u00ebr njeriun p\u00ebr t\u00eb cilin shkruajm\u00eb, p\u00ebrfaq\u00ebson k\u00ebshtjell\u00ebn m\u00eb t\u00eb r\u00ebnd\u00ebsishme t\u00eb ekzistenc\u00ebs son\u00eb. Shqip\u00ebria sipas tij, ka lindur para krijimit t\u00eb bot\u00ebs dhe para lindjes s\u00eb diellit. Edhe kjo imagjinat\u00eb mund t\u00eb duket e ekzagjeruar, por jo edhe vler\u00ebsimi i Vangjush Zikos nga Kanadaja, i cili e fal\u00ebnderon dhe p\u00ebrsh\u00ebndet p\u00ebr pun\u00ebn e tij patriotike dhe kulturore t\u00eb palodhur.<\/p>\n<p><a href=\"http:\/\/www.fjala.info\/2013\/maratoni_mergates_shqiptare.jpg\"><img decoding=\"async\" class=\"aligncenter size-thumbnail wp-image-7236\" title=\"Xhemail Peci - Maratoni i mergat\u00ebs shqiptare\" alt=\"\" src=\"http:\/\/www.fjala.info\/2013\/maratoni_mergates_shqiptare.jpg\" width=\"500\" \/><\/a><\/p>\n<p>Veprimtaria e tij nuk ka &#8220;Stop&#8221;, thekson Ded\u00eb Preqi nga Zvicra. Ajo vazhdon me ritmin e saj n\u00eb forma t\u00eb ndryshme artistike, patriotike dhe letrare. Ky njeri \u00ebsht\u00eb nj\u00eb zjarr i fuqish\u00ebm q\u00eb e shpartallon monotonin\u00eb, e d\u00ebbon urrejtjen, e zbut\u00eb xhelozin\u00eb, e djeg\u00eb smir\u00ebn njer\u00ebzore, n\u00eb saj\u00eb t\u00eb nj\u00eb shpirti artistik dhe human q\u00eb ka n\u00eb qenjen e tij, thuajse gjakon p\u00ebr \u00e7dokend q\u00eb ka gjak shqiptari dhe atdhetari. Edhe n\u00eb vargjet e redaktuara prej tij, shfaqet nj\u00eb g\u00ebrsh\u00ebtim ndjenjash p\u00ebrplot motive t\u00eb cilat rr\u00ebfejn\u00eb dhe zbulojn\u00eb q\u00ebllimet e poetit n\u00eb rrug\u00ebn e vet patriotike. Sipas Neki Lulajt, ai \u00ebsht\u00eb p\u00ebrjet\u00ebsi dhe nj\u00eb flak\u00eb e shqiptarizmit q\u00eb shndrit n\u00eb Univers. Ai p\u00ebrhap rrezet e shqiptaris\u00eb p\u00ebrmes motiveve t\u00eb ndryshme, duke u dh\u00ebn\u00eb drit\u00eb universale lexuesve t\u00eb admiruar, duke prezentuar vlera komb\u00ebtare, pa u lodhur kurr\u00eb, gjithmon\u00eb me mjeshtri artistike q\u00eb din t\u2019i zgjedh\u00eb. I lumt\u00eb pena dhe mos iu mplakt\u00eb kurr\u00eb mendja k\u00ebtij p\u00ebllumbi t\u00eb paq\u00ebs dhe lobuesit t\u00eb Zemr\u00ebs Shqiptare dhe mbar\u00eb shqiptaris\u00eb!<\/p>\n<p>P\u00ebr k\u00ebt\u00eb njeri ka shkruar me admirim edhe Ali Podrimja i pavdeksh\u00ebm, Sali Bashota i famsh\u00ebm, Visar Zhiti i p\u00ebrjetsh\u00ebm, Xhelku Maksuti, Luan Top\u00e7iu, G\u00ebzim Marku, Sadulla Zendeli Daja, Bota sot, Ilir Dardani, Fakti i Shkupit, Aurel Dasareti, Kurtesh Devaja, apo Dilaver Goxhaj duke cituar Remzi Limanin, sipas t\u00eb cilit z\u00ebri i tij ta p\u00ebrkujton Faik Konic\u00ebn e dit\u00ebve tona. Sipas Hasan Qyqall\u00ebs, Baki Ymeri \u00ebsht\u00eb oksigjeni i m\u00ebrgat\u00ebs shqiptare, nd\u00ebrsa Kozeta Zylo e konsideron si nj\u00eb nga personalitet m\u00eb t\u00eb shquara t\u00eb \u00e7\u00ebshtjes shqiptare n\u00eb Diaspor\u00eb, nj\u00eb shpirt fisnik q\u00eb me pen\u00ebn e tij t\u00eb art\u00eb mblodhi pran\u00eb vehtes shqiptar\u00ebt q\u00eb flasin gjuh\u00ebn m\u00eb t\u00eb vjet\u00ebr n\u00eb bot\u00eb.<\/p>\n<p>K\u00ebto vlera gjithmon\u00eb duhen \u00e7muar dhe b\u00ebr\u00eb shembull kudo, p\u00ebrndryshe, po qe se nuk e p\u00ebrkujtojm\u00eb, Zotin, Familjen dhe Atdheun \u00e7doher\u00eb e kurdoher\u00eb, do t\u00eb na drejtojn\u00eb antivlerat dhe kultura do t\u00eb mbetet n\u00eb mjerim. Xhevat Muqaku thekson se Bakiu \u00ebsht\u00eb nj\u00eb shpirt i fuqish\u00ebm e plot jet\u00eb, i cili meriton respekt t\u00eb ve\u00e7ant\u00eb n\u00eb mesin e shum\u00eb krijuesve n\u00eb m\u00ebrgim. Riza Lahi nga Tirana e konsideron si nj\u00eb patriot i madh, nd\u00ebrsa Miradije Gash thot: \u201cJu jeni shpirti i kombit, kurse feja le mos t\u00eb b\u00ebhet moll\u00eb sherri q\u00eb t\u00eb qesh\u00eb bota me ne!\u201d Jo \u00e7dokush ka fatin e k\u00ebtij njeriu t\u00eb ket\u00eb nj\u00eb fe t\u00eb dyfisht\u00eb, duke i dh\u00ebn\u00eb prioritet fes\u00eb s\u00eb tret\u00eb, q\u00eb sipas tij \u00ebsht\u00eb feja e par\u00eb: atdhetarizmi.<\/p>\n<p><strong>Komente, admirime dhe komplimente<\/strong><br \/>\nSuksesi vjen nga familja dhe respekti ndaj gjuh\u00ebs, atdheut, nderit dhe dinjitetit. Emri i mir\u00ebnjohur i Baki Ymerit \u00ebsht\u00eb shembull dhe burim frym\u00ebzimi p\u00ebr t\u00eb gjith\u00eb ata q\u00eb e lexojn\u00eb dhe respektojn\u00eb vepr\u00ebn e tij t\u00eb vyer. Nuk digjet p\u00ebr vet\u00ebveten apo p\u00ebr familjen e tij, sa digjet p\u00ebr ne, edhepse familjen e konsideron si nj\u00eb dhurat\u00eb e shenjt\u00eb e Per\u00ebndis\u00eb. Dit\u2019e nat\u00eb digjet si Naimi n\u00eb garsonier\u00ebn e tij q\u00eb e ka shnd\u00ebrruar n\u00eb nj\u00eb arkiv vlerash t\u00eb mrekullueshme shqiptare, duke drejtuar dy revista t\u00eb famshme q\u00eb dalin me nga 50 faqe n\u00eb kolor (Shqiptari dhe Kosova), duke lexuar, shkruar, p\u00ebrkthyer, redaktuar e botuar. Miqt\u00eb e tij jan\u00eb t\u00eb panum\u00ebrt, si lulet e fush\u00ebs dhe gjethet e malit.<\/p>\n<p>Un\u00eb studioj n\u00eb Angli dhe qysh n\u00eb rini t\u00eb hershme kam d\u00ebgjuar p\u00ebr k\u00ebt\u00eb vler\u00eb shqiptare me shpirt t\u00eb florinjt\u00eb. Agim Shehu e \u00e7mon p\u00ebr njohjen e shk\u00eblqyer t\u00eb gjuh\u00ebs shqipe, kurse Pal Sokoli ka theksuar se ai \u00ebsht\u00eb nj\u00eb Apostull i let\u00ebrsis\u00eb dhe kultur\u00ebs shqiptare an\u00eb e k\u00ebnd bot\u00ebs. Kush nuk e di se ku jeton ky njeri, do t\u00eb mendoj\u00eb se jeton diku af\u00ebr tij. Ai v\u00ebrtet jeton aty ku flitet dhe shkruhet shqip, por edhe aty ku shkruhet dhe flitet nj\u00eb gjuh\u00eb e huaj q\u00eb flet me admirim p\u00ebr shqiptar\u00ebt dhe Shqip\u00ebrin\u00eb, pa asnj\u00eb ndikim t\u00eb huaj. Thon\u00eb se edhe fqinj\u00ebt e tij rumun\u00eb kan\u00eb filluar t\u00eb flasin shqip (Tiberius Puiu, Doru, Laura Rushani etj.). Puna dhe veprimtaria e tij nuk mund t\u00eb p\u00ebrmblidhet n\u00eb nj\u00eb lib\u00ebr t\u00eb ve\u00e7ant\u00eb p\u00ebr t\u00eb, por n\u00eb disa v\u00ebllime me subjekte si: Zogu i Sharrit n\u00eb zem\u00ebr t\u00eb Bukureshtit, Afirmimi i Kosov\u00ebs n\u00eb gjuh\u00ebn rumune, Poeti i dashuris\u00eb, Drita shqiptare e Bukureshtit, etj.<\/p>\n<p>Un\u00eb e fal\u00ebnderoj nga zemra p\u00ebr p\u00ebmbledhjen e p\u00ebrzgjedhur nga krijimtaria ime me poezi &#8220;Gjaku i Dashuris\u00eb&#8221; (&#8220;Blut der Liebe&#8221;) n\u00eb dy gjuh\u00eb, at\u00eb rumune dhe gjermane, q\u00eb e ka botuar n\u00eb Bukuresht, thekson Pal Sokoli n\u00eb nj\u00eb koment t\u00eb tij. E fal\u00ebnderoj nga zemra p\u00ebr publikimin e poezive t\u00eb mia n\u00ebp\u00ebr revista dhe gazeta rumune, na shkruan nj\u00eb zan\u00eb shqiptare nda Dardania jon\u00eb. Edhe un\u00eb e p\u00ebrg\u00ebzoj nga zemra p\u00ebr prezantimin e t\u00eb gjitha figurave t\u00eb zgjedhura t\u00eb let\u00ebrsis\u00eb shqipe. M\u00eb vjen shum\u00eb mir\u00eb qe jetoj dhe komunikoj me nj\u00eb pinjoll, me nj\u00eb Apostull t\u00eb till\u00eb t\u00eb kultur\u00ebs shqipe si\u00e7 \u00ebsht\u00eb Bakiu, thekson nj\u00eb dashamir tjet\u00ebr i tij.<\/p>\n<p>Ramiz Dermaku e p\u00ebrg\u00ebzon p\u00ebr kontributin q\u00eb jep p\u00ebr \u00e7\u00ebshjten komb\u00ebtare, duke shtuar: \u201cMir\u00ebpo fjal\u00ebt e mia i kan\u00eb marr\u00eb t\u00eb tjer\u00ebt, dhe mua s\u2019m\u00eb ka mbetur gj\u00eb pos t\u2019i uroj sh\u00ebndet t\u00eb mir\u00eb dhe jet\u00eb t\u00eb gjat\u00eb.\u201d Lum Atdheu dhe kombi q\u00eb t\u00eb ka, thot Ilia M. Dilo nga Greqia, duke e quajtur \u201cNj\u00eb misionar i v\u00ebrtet\u00eb\u201d, duke shtuar se vet\u00ebm njer\u00ebzit intelegjent\u00eb dhe t\u00eb ndersh\u00ebm mund t\u00eb kryejn\u00eb vepra t\u00eb m\u00ebdha: \u201cZot\u00ebri! T\u00eb p\u00ebrg\u00ebzoj nga zemra p\u00ebr perpjekjet Tuaja p\u00ebr t\u00eb mbajtur gjall\u00eb revistat Shqiptari dhe Kosova, duke Ju uruar rrug\u00eb t\u00eb mbar\u00eb n\u00eb misionin e tyre t\u00eb shenjt\u00eb!\u201d<\/p>\n<p>P\u00ebrpjekjet e mia p\u00ebr t\u00eb q\u00ebndisur nj\u00eb portet n\u00eb baz\u00eb t\u00eb komenteve dhe let\u00ebrk\u00ebmbimit privat, m\u00eb duket nj\u00eb form\u00eb e re e publicistik\u00ebs son\u00eb. K\u00ebt\u00eb njeri, nj\u00eb autor romanesh policore e ka k\u00ebrc\u00ebnuar me hedhje n\u00eb gjyq pse e ka kritikuar librin e gjymt\u00eb t\u00eb nj\u00eb ambasadori komunist, por Bubullima nuk trembet prej askujt, sepse e mbrojn\u00eb engj\u00ebjt. Po k\u00ebshtu ka vepruar edhe nj\u00eb ishudbash t\u00eb cilin Kadri Mani i ndjer\u00eb e ka l\u00ebn\u00eb pa brek\u00eb, por Shqiponja e Shqip\u00ebris\u00eb n\u00eb trojet e Rumanis\u00eb nuk ka frik\u00eb nga k\u00ebrc\u00ebnimet, sepse e mbrojn\u00eb engj\u00ebjt.<\/p>\n<p>Sylejman Morina nga Kosova do ta filloj\u00eb vler\u00ebsimin e tij me nj\u00eb P\u00ebrsh\u00ebndetje nga Dardania: \u201cKur njeriu pranon informacione t\u00eb k\u00ebnaqshme, nuk mund t\u00eb jet\u00eb indiferent emocionalisht ndaj refleksioneve t\u00eb tyre. Andaj shkrimet e k\u00ebtilla na krijojn\u00eb \u00e7aste t\u00eb bukura. Me v\u00ebmendje i lexova ato vler\u00ebsimet t\u00eb cilat sipas mendimit tim, paraqesin realitetin ashtu si\u00e7 \u00ebsht\u00eb. Sukseset Tuaja sigurisht nuk do t\u00eb mungojn\u00eb as n\u00eb t\u00eb ardhmen, vet\u00ebm sa do t\u00eb rriten e do t\u00eb shtohen. T\u00eb urojm\u00eb dhe d\u00ebshirojm\u00eb suksese te reja n\u00eb hulumtime, krijime letrare dhe p\u00ebrkthime poetike! Pa\u00e7i p\u00ebrkrahjen e Zotit!\u201d<\/p>\n<p><strong>Nj\u00eb shembull konkret i mbar\u00ebvajtjes s\u00eb kultur\u00ebs shqiptare n\u00eb bot\u00eb<\/strong><br \/>\nK\u00ebshtu do t\u00eb shprehet Sk\u00ebnder Zogaj (em\u00ebr i njohur i letrave shqipe), duke vazhduar: \u201cTashm\u00eb kur dy pjes\u00ebt kryesore t\u00eb tokave shqiptare jan\u00eb t\u00eb lira, them se nevoja p\u00ebr pasqyrimin e vlerave shqirt\u00ebrore t\u00eb shqiptar\u00ebve \u00ebsht\u00eb edhe m\u00eb e madhe, sepse, si\u00e7 po shihet, Shqip\u00ebria dhe Kosova jan\u00eb t\u00eb lira, mir\u00ebpo ende te pazonja p\u00ebr t\u00eb manifestuar lirin\u00eb n\u00eb mas\u00ebn e duhur. Dhe, kjo po ndodh sepse ende nuk po mund t\u00eb vij\u00eb ne shprehje z\u00ebri dhe potenciali intelektual, vlerat e v\u00ebrteta te qenies njer\u00ebzore. Nj\u00eb shembull konkret e kemi me Baki Ymerin q\u00eb, fjala vjen, b\u00ebn shum\u00eb m\u00eb tep\u00ebr se sa institucionet kompetente t\u00eb Kosov\u00ebs n\u00eb gjetjen, zgjedhjen, p\u00ebrgatitjen, p\u00ebrkthimin dhe botimin e krijimeve t\u00eb autor\u00ebve tan\u00eb q\u00eb jetojn\u00eb dhe krijojn\u00eb n\u00eb bot\u00eb.<\/p>\n<p>Kjo \u00ebsht\u00eb di\u00e7ka tep\u00ebr e madhe, prandaj nuk ka si t\u00eb mos e them, i bindur se kjo duhet te thuhet sa m\u00eb z\u00ebshem, sa n\u00eb shenj\u00eb t\u00eb mir\u00ebnjohjes p\u00ebr Ju, po aq edhe n\u00eb shenj\u00eb t\u00eb zgjimit t\u00eb nd\u00ebrgjegj\u00ebs s\u00eb institucioneve t\u00eb Kosov\u00ebs dhe t\u00eb Shqip\u00ebris\u00eb, q\u00eb duhet t\u00eb k\u00ebndellen dhe t\u00eb gjejn\u00eb forma e mund\u00ebsi t\u00eb nj\u00eb bashk\u00ebpunimi m\u00eb t\u00eb thell\u00eb e m\u00eb t\u00eb gjithansh\u00ebm me qendrat e ndryshme dhe veprimtar\u00ebt n\u00eb to, p\u00ebr qasje dhe k\u00ebmbime reciproke te veprave dhe t\u00eb veprimtarive t\u00eb dobishme. Rumania \u00ebsht\u00eb vendi q\u00eb na intereson shum\u00eb dhe, q\u00eb kemi interes ta zgjojm\u00eb k\u00ebrsh\u00ebrin\u00eb e saj me vlerat tona.\u201d<\/p>\n<p>Poet, patriot dhe reformator i kultur\u00ebs shqiptare, do t\u00eb shprehet zoti Zogaj: \u201cKy portret i ri kushtuar Baki Ymerit, m\u00eb solli risi dhe sihariqe t\u00eb reja. K\u00ebtij njeriu i buz\u00ebqeshi fati t\u00eb p\u00ebrkthej\u00eb e botoj\u00eb mbi 100 poet\u00eb shqiptar\u00eb n\u00ebp\u00ebr revistat rumune, dhe mbi 30 libra poet\u00ebsh nga Kosova shqiptare n\u00eb t\u00eb nj\u00ebjt\u00ebn gjuh\u00eb. Fjala \u00ebsht\u00eb p\u00ebr v\u00ebllime mono apo dygjuh\u00ebshe q\u00eb vler\u00ebsohen me re\u00e7ensione t\u00eb favorshme n\u00eb t\u00eb dy gjuh\u00ebt. \u00cbsht\u00eb nj\u00eb dukuri e rrall\u00eb e afirmimit t\u00eb kultur\u00ebs shqiptare q\u00eb na g\u00ebzon shum\u00eb, sepse p\u00ebr autorin nuk ka gj\u00eb m\u00eb t\u00eb madhe se sa kur e k\u00ebnaq lexuesin, e q\u00eb n\u00eb rastin e p\u00ebrkthyesit, k\u00ebnaq\u00ebsia \u00ebsht\u00eb e shum\u00ebfisht\u00eb, sepse p\u00ebrkthyesi \u00ebsht\u00eb lexuesi special, prandaj e falend\u00ebroj nga zemra edhe p\u00ebr vler\u00ebsimin q\u00eb kan\u00eb b\u00ebr\u00eb kritik\u00ebt rumun\u00eb, jo vet\u00ebm p\u00ebr librin tim, duke e shum\u00ebfishuar n\u00eb k\u00ebt\u00eb m\u00ebnyr\u00eb subjektivizmin e miq\u00ebsis\u00eb son\u00eb t\u00eb vjet\u00ebr.\u201d<\/p>\n<p>Shqiptar i p\u00ebrkushtuar do ta quaj\u00eb Drita Lushi nga Shqip\u00ebria: \u201cPara disa dit\u00ebsh d\u00ebgjova p\u00ebr her\u00eb t\u00eb par\u00eb p\u00ebr Baki Ymerin. N\u00ebp\u00ebrmjet k\u00ebtij shkrimi lexova dhe m\u00ebsova m\u00eb shum\u00eb p\u00ebr k\u00ebt\u00eb poet, publicist dhe botues. Respekt p\u00ebr mendjen e tij dhe p\u00ebr njer\u00ebz t\u00eb till\u00eb.\u201d Remzi Limani \u00ebsht\u00eb shprehur: \u201cFaleminderit miq t\u00eb Zemr\u00ebs Shqiptare! N\u00ebp\u00ebrmjet k\u00ebsaj tribune, nga zemra i fal\u00ebnderoj t\u00eb gjith\u00eb dashamir\u00ebt e krijuesve n\u00eb m\u00ebrgat\u00eb, n\u00eb ve\u00e7anti, adhuruesit e zot\u00ebri Baki Ymerit, t\u00eb cilin me t\u00eb drejt\u00eb e potencova n\u00eb shkrimin tim, ngase Bakiu m\u00eb duket si nj\u00eb bajraktar i cili kuq\u00eblon nga larg, p\u00ebr ta l\u00ebshuar kushtrimin e nd\u00ebrgjrgjjes gjithandej, s\u00eb bashku me ting\u00ebllimat e shqipes s\u00eb bukur nga Bukureshti i Asdrenit ton\u00eb.\u201d<\/p>\n<p>Bubullima e Bukureshtit, pa kurrfar\u00eb sponsorizimi qeveritar nga Tirana apo Bukureshti, \u00ebsht\u00eb gjithmon\u00eb n\u00eb mbrojtje dhe afirmim t\u00eb shqiptarizmit, dit\u00eb e nat\u00eb, duke e braktisur jet\u00ebn private, duke mos krijuar kurrfar\u00eb kushtesh p\u00ebr nj\u00eb jet\u00eb normale apo ekzistenc\u00eb. Etnik Kosova do ta quaj\u00eb Vullkan i pashuar: \u201cT\u00eb lumt\u00eb pena o i nderuar p\u00ebr pun\u00ebn t\u00ebnde t\u00eb papushuar n\u00eb Prushnaj\u00ebn e Asdrenit, p\u00ebr guximin q\u00eb posedoni p\u00ebr p\u00ebrhapje rreze kulture gjithandej n\u00eb bot\u00eb. Jeni pish\u00eb, fanar i ndritur dhe vullkan i pashuar. Jeni ju mrekullia vet\u00eb q\u00eb mbani gjall\u00eb kultur\u00ebn shqipe me fanatiz\u00ebm e seriozitet. Prano v\u00eblla urimet me t\u00eb nderuara nga ata q\u00eb te respektojn\u00eb, nga ata q\u00eb jan\u00eb t\u00eb dashuaruar n\u00eb kultur\u00eb e let\u00ebrsi, e q\u00eb t\u00eb vler\u00ebsojn\u00eb si nj\u00eb Yll t\u00eb pashuar i Diaspor\u00ebs shqiptare. Zjarri i shpirtit t\u00ebnd ka krijuar dashamir\u00eb t\u00eb panum\u00ebrt t\u00eb poezis\u00eb gjithandej n\u00eb bot\u00eb, sepse d\u00ebshmon se je shqiptar i kulluar me shkrimet dhe me lirik\u00ebn t\u00ebnde q\u00eb \u00ebsht\u00eb kontinuitet i tradit\u00ebs son\u00eb dhe t\u00eb mbar\u00eb shqiptaris\u00eb.\u201d<\/p>\n<p><strong>Ku jeton shqiptari, valon flamuri dhe shqipja i shtrin krah\u00ebt p\u00ebr s\u00eb mbari<\/strong><br \/>\nDuke kundruar flamujt e shqipes n\u00eb bibliotek\u00ebn e tij, nj\u00eb lexues i pasionuar nga Diaspora do ta quaj\u00eb Fryma shqiptare, p\u00ebr t\u00eb vazhduar: \u201cE lexova dhe e p\u00ebrjetova k\u00ebndsh\u00ebm shkrimin e Remzi Limanit p\u00ebr mikun ton\u00eb q\u00eb i freskon rregullisht faqet e shtypit shqiptar me reportazhe dhe artikuj vlerash t\u00eb rralla. Personalitetin e kompletuar t\u00eb Baki Ymerit e percjell nj\u00eb pen\u00eb polivalente me talent. Bubullima e Bukureshtit v\u00ebrehet dhe ndjehet \u00e7dokund ku frymojn\u00eb shqiptar\u00ebt.\u201d Sadik Krasniqi e p\u00ebrsh\u00ebndet dhe fal\u00ebnderon p\u00ebr pun\u00eb t\u00eb mbar\u00eb: \u201cUrime autorit dhe Zemr\u00ebs Shqiptare p\u00ebr k\u00ebt\u00eb portet vlerash t\u00eb ve\u00e7anta publicistike! Lumi flen e Baki Ymeri nuk flen, sepse vet\u00ebm puna i jep kuptim jet\u00ebs s\u00eb njeriut q\u00eb vepron p\u00ebr kombin e tij, jo vet\u00ebm n\u00eb Atdhe, por edhe n\u00eb diaspor\u00eb.<\/p>\n<p>Bota sot dhe Zemra Shqiptare na e k\u00ebnaqin shpirtin me t\u00eb gjitha shkrimet q\u00eb i boton. Mos u ndalni, se sa m\u00eb shum\u00eb emra shqiptar\u00ebsh q\u00eb prezantohen jasht\u00eb vendit t\u00eb tyre, kjo \u00ebsht\u00eb nj\u00eb vler\u00eb m\u00eb vete, ngase prezantohet ting\u00ebllima e fjal\u00ebs shqipe!\u201d Eduard M. Dilo: \u201cBaki Ymeri \u00ebsht\u00eb simbol i ndritur i \u00e7\u00ebshtjes komb\u00ebtare. \u00c7far\u00ebdo q\u00eb t\u00eb shkruhet e t\u00eb thuhet p\u00ebr t\u00eb \u00ebsht\u00eb pak. Ai \u00ebsht\u00eb nj\u00eb patriot i v\u00ebrtet\u00eb q\u00eb punon plot shpirt e pasion p\u00ebr \u00e7\u00ebshtjen shqiptare. Ai \u00ebsht\u00eb nj\u00eb ambasador i pashpallur i kombit ton\u00eb n\u00eb Bukuresht. Fjal\u00eb tep\u00ebr t\u00eb zjarrta d\u00ebgjova p\u00ebr te k\u00ebto dit\u00eb n\u00eb dy takime q\u00eb pata me Dr. Prof. Theodor Damian si dhe p\u00ebrkthyesen e shquar rumunene, Maria Petresku. E \u00e7monin s\u00eb tep\u00ebrmi Bakiun dhe pun\u00ebn e tij tejet t\u00eb vyer. Lum ju q\u00eb e keni k\u00ebt\u00eb veteran t\u00eb palodhur, m\u00eb than\u00eb. P\u00ebrsh\u00ebndes autorin e shkrimit, p\u00ebrsh\u00ebndes Zemr\u00ebn ton\u00eb Shqiptare, q\u00eb \u00ebsht\u00eb nj\u00eb xhevair n\u00eb publikim materialesh, p\u00ebrsh\u00ebndes Bubullim\u00ebn e Bukureshtit dule i uruar sh\u00ebndet e mbar\u00ebsi.\u201d<\/p>\n<p>Nexhat Rexha, ishdeputet i Parlamentit t\u00eb Kosov\u00ebs, shkrimtar dhe profesor: \u201cEmri i Baki Ymerit dhe roli i tij n\u00eb angazhimin e \u00e7\u00ebshtjes shqiptare nuk \u00ebsht\u00eb vet\u00ebm vazhdimdim\u00ebsi i Rilind\u00ebsve tan\u00eb, por edhe ruajt\u00ebs dhe nd\u00ebrlidh\u00ebs i dy kulturave. Puna konkrete dhe p\u00ebrhapja e let\u00ebrsis\u00eb postmoderne shqiptare frymon jasht\u00ebzakonisht bukur n\u00eb gjuh\u00ebn rumune, fal\u00eb pun\u00ebs s\u00eb tij t\u00eb palodhshme. Bakiu me dijen, dashurin\u00eb dhe pun\u00ebn q\u00eb \u00ebsht\u00eb duke e b\u00ebr\u00eb, shum\u00eb shkrimtar\u00ebve rumun\u00eb dhe shqiptar\u00eb u ka mund\u00ebsuar t\u00eb komunikojn\u00eb n\u00eb mes veti. Ajo q\u00eb duhet t\u00eb dihet, \u00ebsht\u00eb fakti se krejt k\u00ebt\u00eb pun\u00eb e angazhim, Bakiu e b\u00ebn me vullnetin e tij. Derisa shtetet tjera angazhojn\u00eb ekipe, Bakiu e b\u00ebn k\u00ebt\u00eb pun\u00eb pa konpenzime shtet\u00ebrore dhe konsideroj se ka ardhur koha q\u00eb t\u00eb dy qeverit\u00eb tona, ajo n\u00eb Shqip\u00ebri dhe kjo n\u00eb Kosov\u00eb, t\u00eb angazhojn\u00eb k\u00ebt\u00eb njeri n\u00eb rolin e ambasadorit komb\u00ebtar p\u00ebr t\u00eb dy shtetet tona.<\/p>\n<p>Sa t\u00eb vonohen qeveritar\u00ebt e tanish\u00ebm, ata q\u00eb do t\u00eb vijn\u00eb nes\u00ebr do ta k\u00ebrkojn\u00eb k\u00ebt\u00eb njeri p\u00ebr k\u00ebto pun\u00eb, por at\u00ebher\u00eb do t\u00eb jet\u00eb von\u00eb. Pra, roli isntitucional dhe financiar do t\u00eb avansonin projektet shkencore t\u00eb paluara n\u00eb arkivin personal t\u00eb tij. T\u00eb tjer\u00eb do ta plot\u00ebsonin k\u00ebt\u00eb nevoj\u00eb dhe pasuri komb\u00ebtare shum\u00eb m\u00eb her\u00ebt. Dhe se p\u00ebr ne \u00ebsht\u00eb k\u00ebmbana qe pret t\u2019i bien sa m\u00eb shpejt e pa vones\u00eb ting\u00ebllim\u00ebs s\u00eb Bukureshtit p\u00ebr t\u00eb ndri\u00e7uar rrug\u00ebn e kombit ton\u00eb edhe n\u00eb k\u00ebt\u00eb vend me tradit\u00eb t\u00eb kultur\u00ebs son\u00eb. Periudha e Rilindjes Komb\u00ebtare mbetet nj\u00ebra nd\u00ebr fazat m\u00eb t\u00eb r\u00ebnd\u00ebsishme p\u00ebr k\u00ebt\u00eb q\u00eb e kemi sot. Me Bakiun dhe shqiptar\u00ebt e Bukureshtit, fjala dhe kultura shqiptare do t\u00eb mund t\u00eb hap\u00ebronin aty ku ne duhet te jemi.\u201d<\/p>\n<p>Neki Lulaj, alias Etnik Kosova: \u201cKu jeton shqiptari, valon flamuri dhe shqipja i shtrin krah\u00ebt p\u00ebr s\u00eb mbari: E \u00e7uditshme \u00ebsht\u00eb kjo jet\u00eb. Mund t\u00eb shkruash nj\u00ebqind portrete t\u00eb pafrym\u00ebzuara dhe asnj\u00ebrin s\u2019ta botojn\u00eb, dhe e q\u00ebndis\u00eb nj\u00eb portret t\u00eb frym\u00ebzuar dhe menj\u00ebher\u00eb ta botojn\u00eb. Mund t\u00eb b\u00ebsh nj\u00ebqind apo nj\u00ebmij\u00eb fotografi nga t\u00eb cilat asnj\u00ebra apo vet\u00ebm nj\u00ebra mund t\u00eb ket\u00eb vlera artistike. Baki Ymeri \u00ebsht\u00eb nj\u00ebri nd\u00ebr bletar\u00ebt m\u00eb t\u00eb zellsh\u00ebm t\u00eb diaspor\u00ebs shqiptare, i cili i mbledh zgjojat e mjaltuara t\u00eb let\u00ebrsis\u00eb dhe kultur\u00ebs shqiptare, kudo t\u00eb shp\u00ebrndara n\u00ebp\u00ebr k\u00ebndet e bot\u00ebs, duke i kultivuar ato si vlera t\u00eb \u00e7muara, por t\u00eb mbuluara n\u00eb pluhurin e harres\u00ebs.\u201d<\/p>\n<p><strong>Shk\u00ebndij\u00eb e bjeshk\u00ebve t\u00eb Sharrit n\u00eb Bukuresht<\/strong><br \/>\nAnonim: \u201cNga zemra me pikojn\u00eb fjal\u00ebt jeta ik\u00ebn me shpejt\u00ebsi si nuk na ofruan k\u00ebto brigje e male t\u00eb shtruara n\u00eb nj\u00eb tryez\u00eb me Bubullim\u00ebn e Bukureshtit. T\u00eb bisedojm\u00eb bashk\u00eb me ty, se un\u00eb ende s\u2019u takova as me Asdrenin. Fort e desha at\u00eb pish\u00eb dielli q\u00eb shum\u00eb na ngrohi e na e pasuroi letersin\u00eb. Flatrat e Engj\u00ebllit ai ia ngjiti. Urime poetit nda Ilirida ku nga maja e Sharrit e th\u00ebrret kushtrimin, e me vargjet e bukura e melankolike p\u00ebrkundet n\u00eb djepin e Naimit. Sh\u00ebndet bashk\u00eb e shum\u00eb miq\u00ebsi me kafen\u00eb e m\u00ebngjesit po ju bekon nj\u00eb bashk\u00ebkombas buz\u00eb Rheines n\u00eb Gjermani!\u201d<\/p>\n<p>Syl\u00eb Tusha: \u201cBaki Ymeri \u00ebsht\u00eb nj\u00eb pasuri komb\u00ebtare e t\u00ebr\u00eb diaspor\u00ebs. Ai \u00ebsht\u00eb nj\u00eb ambasador i kultur\u00ebs \u00ebsht\u00eb trash\u00ebgimtari i Asdrenit q\u00eb jeton buz\u00eb Danubit n\u00eb Bukureshtin e patriot\u00ebve shqiptar\u00eb q\u00eb dikur\u00eb aty mor\u00ebn vendime historike p\u00ebr ta shpallur shtetin shqiptar. Juve, Baki, ua kam shum\u00eb &#8220;zili&#8221; se jeni pen\u00eb e Fisht\u00ebs, jeni diell p\u00ebr shqiptari q\u00eb sh\u00ebndrrisni nga \u00e7do an\u00eb, duke prezantuar vlera t\u00eb larta e veteran\u00eb t\u00eb pavdeksh\u00ebm shqiptar\u00eb. Ju jeni nj\u00eb fanar shqipeje, nj\u00eb patriot i vlerave etnike! Urime, mbar\u00ebsie pavdek\u00ebsi, Ju uron nj\u00eb poet nga m\u00ebrgata e q\u00eb digjet si dru pishe p\u00ebr shqiptari!\u201d<\/p>\n<p>Shqiptari i Gjermanis\u00eb: \u201cT\u00eb lumt\u00eb! Jemi t\u00eb bindur se atdhetari, poeti dhe ambasadori i diaspor\u00ebs letrare shqiptare nuk e ka mendjen t\u00eb frymoj\u00eb pa frymuar s\u00eb bashku me librat dhe vargjet e ndonj\u00eb poeti apo shkrimtari shqiptar. Ky zog nate i palodhur, n\u00eb mesin ton\u00eb po prezanton portrete t\u00eb penave t\u00eb ndryshme dhe t\u00eb vyeshme. Kjo tregon se gjithnj\u00eb, ky misionar i diaspor\u00ebs son\u00eb ka lindur t\u00eb veproj\u00eb n\u00eb fushat e k\u00ebsaj kulture, t\u00eb cilat jan\u00eb t\u00eb r\u00ebnd\u00ebsishme p\u00ebr opinionin ton\u00eb dhe p\u00ebr opinionin e huaj, sepse nuk jan\u00eb pun\u00eb politike dhe ditore, por jan\u00eb pun\u00eb komb\u00ebtare dhe kulturore. Uroj edhe poetin Ali M.Laj\u00e7i, i cili na sjell\u00eb nj\u00eb frym\u00ebzim t\u00eb thuk\u00ebt me librin e tij.\u201d Miradije Gashi: \u201cI nderuar! Ju jeni z\u00ebri i vet\u00ebdijes komb\u00ebtare! Bukuria e shpirtit Tuaj s&#8217;ka limit, i preokupuar vazhdimisht p\u00ebr Atdheun, atje ku jeni e do t\u00eb jeni p\u00ebrjet\u00ebsisht!\u201d<\/p>\n<p><strong>BAKI YMERI \u2013 YLL\u00cbSIA E FJAL\u00cbS SHQIPE ME LENTA YLBER E MERMERI I DASHURIS\u00cb P\u00cbR ATDHEUN DHE KULTUR\u00cbN KOMB\u00cbTARE SHQIPTARE<\/strong><br \/>\n\u201cPatriotizmi shqiptar nuk \u00ebsht\u00eb nj\u00eb cil\u00ebsi sentimentale, por nj\u00eb detyr\u00eb burr\u00ebrore\u201d (Baki Ymeri)<br \/>\nI njohur p\u00ebr shum\u00eb koh\u00eb si nj\u00eb pishtar i kultur\u00ebs shqiptare n\u00eb Rumani, poet, publicist, p\u00ebrkthyes, gazetar, eseist, veprimtar, Baki Ymeri e ka shpalosur shpirtin e tij krijues aty ku shpesh jan\u00eb zhvilluar aktivitete e veprimtari atdhetare n\u00eb sh\u00ebrbim t\u00eb \u00e7\u00ebshtjes shqiptare.<\/p>\n<p>Duke qen\u00eb pinjoll i nj\u00eb familje me tradita atdhetare e kulturore, ku si babai, ashtu edhe e \u00ebma kan\u00eb qen\u00eb t\u00eb shquar p\u00ebr vizionet dhe misionet e tyre n\u00eb sh\u00ebrbim t\u00eb p\u00ebrparimit komb\u00ebtar e shoq\u00ebror, Baki Ymeri ka ecur n\u00eb rrug\u00ebn e pararend\u00ebsve t\u00eb tij, t\u00eb cil\u00ebt kan\u00eb pasur nderin t\u2019i takojn\u00eb trungut familjar q\u00eb e ka pasur dhe e ka p\u00ebr krenari t\u00eb ligjshme p\u00ebr t\u2019i sh\u00ebrbyer atdheut dhe kombit, gjuh\u00ebs dhe kultur\u00ebs komb\u00ebtare.<\/p>\n<p>Baki Ymeri e ka provuar me l\u00ebkur\u00ebn e tij n\u00ebp\u00ebr kazamatet komunizmit, shtypjen dhe shtetrrethimin q\u00eb klika e Bastilj\u00ebs s\u00eb Beogradit, ua ka b\u00ebr\u00eb shqiptar\u00ebve n\u00eb ish-Jugosllavi. P\u00ebr shkak t\u00eb aktivitetit t\u00eb tij politik, p\u00ebr shkak t\u00eb sfid\u00ebs s\u00eb tij ndaj regjimit kriminal, p\u00ebr shkak t\u00eb bindjeve dhe q\u00ebndrimeve t\u00eb tija politike, aktakuza e d\u00ebnimeve drakonike do t\u00eb fomulohej ndaj tij, ashtu si\u00e7 ishte formuluar edhe ndaj t\u00eb gjith\u00eb atyre q\u00eb gjakonin ta \u00e7onin p\u00ebrpara misionin dhe vizionin e liris\u00eb s\u00eb gjakuar nd\u00ebr shekuj. Aktakuza e kameleon\u00ebve r\u00ebndonte mbi te, p\u00ebr shkak se kishte zhvilluar: \u201cbashk\u00ebpunim p\u00ebr vepimtari armiq\u00ebsore kund\u00ebr bashk\u00ebsis\u00eb socialiste jugosllave\u201d. E kjo bashk\u00ebsi, nuk kishte qen\u00eb asgj\u00eb tjet\u00ebr, ve\u00e7se fund e krye nj\u00eb ngrehin\u00eb krimi, dhune dhe gjaku, terrori e reprezaljeje t\u00eb panum\u00ebrta. Nj\u00eb gjilotin\u00eb t\u00eb till\u00eb intelektual\u00ebt e mir\u00ebfillt\u00eb dhe pinjojt\u00eb e traditave atdhetare, nuk kishin se si ta pranonin.<\/p>\n<p>Ajvaz Voka kishte l\u00ebn\u00eb trash\u00ebgim, ate q\u00eb Lasgushi e quante me aq eleganc\u00eb, Pelerinat\u00ebn e Gjakut: Nderimin ndaj Saj. K\u00ebtu edhe do t\u00eb frym\u00ebzohej shpirti krijues e atdhetar i t\u00eb birit. Ai do t\u00eb kalitej e do t\u00eb brymosej me idealet e kombit, ai do t\u00eb \u00e7elnikosej edhe m\u00eb duke marr\u00eb forc\u00eb nga veprimtaria dhe tradita e trungut familjar. Prandaj edhe do ta ngriste z\u00ebrin aq shpesh dhe aq shum\u00eb kund\u00ebr shtypjes dhe shfryt\u00ebzimit, kund\u00ebr terrorit dhe reprezaljeve n\u00eb Kosov\u00eb e n\u00eb Maqedoni.<\/p>\n<p>Drita e Bukureshtit, drejtues i revistave Shqiptari (e themeluar nga Nikolla Naujm Na\u00e7o) dhe Kosova, themelues i shoqat\u00ebs Miq\u00ebsia Rumuno \u2013 Shqiptare, autor i disa monografive mbi shqiptar\u00ebt e Bukureshtit, njoh\u00ebs i holl\u00eb i disa gjuh\u00ebve t\u00eb huaja dhe i kulturave t\u00eb tyre, njoh\u00ebs i mir\u00eb i \u00e7\u00ebshtjes s\u00eb pazgjidhur shqiptare n\u00eb Ballkan, Baki Ymeri ka dh\u00ebn\u00eb nj\u00eb kontribut t\u00eb pamohuesh\u00ebm, t\u00eb palodhsh\u00ebm e t\u00eb shumansh\u00ebm p\u00ebr afirmimin e vlerave kulturore dhe letrare t\u00eb shqiptar\u00ebve, si p\u00ebrmes p\u00ebrkthimeve ashtu edhe p\u00ebrmes veprimtarive t\u00eb nduarduarta, n\u00eb t\u00eb cilat edhe ka pri.<\/p>\n<p>P\u00ebr nj\u00eb veprimtari t\u00eb till\u00eb t\u00eb shumanshme, sa frym\u00ebzuese po aq edhe kontrubuese, ai \u00ebsht\u00eb quajtur shpesh me epitetet si: Nj\u00eb veteran i shquar i diaspor\u00ebs shqiptare, Bubullima nga Bukureshti, kampion dhe maraton i m\u00ebrgat\u00ebs shqiptare, misionar i letrave shqipe, veteran i shquar i diaspor\u00ebs shqiptare, shpirt altruisti \u2013 p\u00ebr t\u00eb cilin \u201cveprimtari atdhetare n\u00eb fush\u00ebn e artit e t\u00eb kultur\u00ebs\u201d don t\u00eb thot\u00eb \u201crrug\u00ebtim i gjakimit t\u00eb engjujve k\u00ebmb\u00ebzbathur\u201d (Remzi Limani), Zjarr i shenjt\u00eb i zemr\u00ebs shqiptare, Z\u00eb Zemre nga Ilirida\u2026<\/p>\n<p>N\u00eb diskursin krijues, poetik, letrar dhe filzofik t\u00eb Baki Ymerit mbizot\u00ebrojn\u00eb Shqip\u00ebria dhe shqiptar\u00ebt. Duke shkruar p\u00ebr poezin\u00eb dhe p\u00ebr let\u00ebrsin\u00eb shqipe, duke afirmuar vlerat dhe veprat e krijuesve shqiptar\u00eb, ai me poetik\u00ebn e ligj\u00ebrimit t\u00eb tij, e ka b\u00ebr\u00eb p\u00ebr vete lexuesin kurreshtar, duke shkruar fjala vjen p\u00ebr Sadulla Zendelin \u2013 Daja, t\u00eb cilin e ka quajtur Pandeli Sotiri i dit\u00ebve tona, duke shprhur nderimin dhe p\u00ebrkujtimin p\u00ebr shqiptar\u00ebt dhe atdhetar\u00ebt q\u00eb pushojn\u00eb n\u00eb Varrezat e Bukureshtit (me \u00e7ka e ka d\u00ebshmuar se kush nuk di t\u00eb nderoj\u00eb t\u00eb vdekurit, nuk di t\u00eb nderoj\u00eb as t\u00eb gjall\u00ebt); duke shkruar me admirim p\u00ebr bibliotek\u00ebn dhe p\u00ebr librin n\u00eb p\u00ebrgjith\u00ebsi, duke shkruar p\u00ebr krijimtarin\u00eb letrare fjala vjen, t\u00eb Izet Shal\u00ebs:\u201dShpirti i fjal\u00ebs n\u00eb brigjet e bekuara\u201d; \u201cP\u00ebrjet\u00ebsia e ndjenj\u00ebs shqiptare\u201d (p\u00ebr Erhard D. Dilo); \u201cPoeti magjik i drit\u00ebs shqiptare\u201d (p\u00ebr Neki Lulajn) etj.<\/p>\n<p>Baki Ymerit i ka rastisur p\u00ebr t\u00eb jetuar dhe p\u00ebr t\u00eb krijuar aty ku Nikolla Naum Na\u00e7o (Njeriu me Dy Kobure), Alaksand\u00ebr Stavri Drenova \u2013 Asdreni, Viktor Efthimiu, Lasgush Poradeci, s\u00eb bashku me atdhetar\u00ebt shqiptar\u00eb e pat\u00ebn gatuar zjarrin e shenjt\u00eb t\u00eb shqiptarizm\u00ebs, t\u00eb cilin do ta bartnin n\u00eb Shqip\u00ebri, duke e shpallur Pavar\u00ebsin\u00eb e saj me 28 N\u00ebntor 1912.<\/p>\n<p>Duke e lart\u00ebsuar kultrur\u00ebn shqiptare dhe duke e latuar fjal\u00ebn shqipe, n\u00eb nj\u00eb mjedis t\u00eb till\u00eb, por edhe duke rrug\u00ebtuar n\u00eb gjurm\u00ebt e rilindasve, Baki Ymeri e nderon kultur\u00ebn dhe kombin ton\u00eb.<br \/>\nVler\u00ebsuar pa paragjykime, p\u00ebrkat\u00ebsisht ashtu si\u00e7 th\u00ebrriste Fishta p\u00ebr nj\u00eb katarsis t\u00eb p\u00ebrgjithsh\u00ebm: \u201cKija inatin, po ama jepja hakun\u201d, Baki Ymeri \u00ebsht\u00eb Nj\u00eb Marathonomak, n\u00ebp\u00ebrmjet t\u00eb cilit jo vet\u00ebm Rumania: do t\u00eb na njeh edhe m\u00eb mir\u00eb.<\/p>\n<p>Ai \u00ebsht\u00eb si Nositi q\u00eb ushqen me gjakun e vet zogjt\u00eb e vet, prandaj le t\u00eb mos i hyjm\u00eb n\u00eb hak, sepse duke qen\u00eb m\u00eb tolerant dhe m\u00eb zem\u00ebrgj\u00ebr\u00eb ndaj vlerave dhe afirmimeve tona kulturore, si\u00e7 do thoshte Omar Khajami gjenial: ne e shenjt\u00ebrojm\u00eb nd\u00ebrgjegjen ton\u00eb\u2026<\/p>\n","protected":false},"excerpt":{"rendered":"<p>Xhemail Peci: Baki Ymeri &#8211; Kampion komb\u00ebtar dhe maraton i m\u00ebrgat\u00ebs shqiptare, 07.04.2013 Atdheu, nderi dhe dinjiteti. Gjuha shqipe p\u00ebr njeriun p\u00ebr t\u00eb cilin shkruajm\u00eb, p\u00ebrfaq\u00ebson k\u00ebshtjell\u00ebn m\u00eb t\u00eb r\u00ebnd\u00ebsishme t\u00eb ekzistenc\u00ebs son\u00eb. Shqip\u00ebria sipas tij, ka lindur para krijimit t\u00eb bot\u00ebs dhe para lindjes s\u00eb diellit. Baki Ymeri \u00ebsht\u00eb oksigjen i m\u00ebrgat\u00ebs shqiptare, vullkan [&hellip;]<\/p>\n","protected":false},"author":1,"featured_media":0,"comment_status":"open","ping_status":"closed","sticky":false,"template":"","format":"standard","meta":{"footnotes":""},"categories":[2],"tags":[],"class_list":{"0":"post-12605","1":"post","2":"type-post","3":"status-publish","4":"format-standard","6":"category-artikuj"},"yoast_head":"<!-- This site is optimized with the Yoast SEO plugin v27.4 - https:\/\/yoast.com\/product\/yoast-seo-wordpress\/ -->\n<title>KAMPION KOMB\u00cbTAR DHE MARATON I M\u00cbRGAT\u00cbS SHQIPTARE - FjALA e LIR\u00cb - Arkivi<\/title>\n<meta name=\"robots\" content=\"index, follow, max-snippet:-1, max-image-preview:large, max-video-preview:-1\" \/>\n<link rel=\"canonical\" href=\"https:\/\/fjala.info\/2009-2015\/kampion-kombetar-dhe-maraton-i-mergates-shqiptare\/\" \/>\n<meta property=\"og:locale\" content=\"sq_AL\" \/>\n<meta property=\"og:type\" content=\"article\" \/>\n<meta property=\"og:title\" content=\"KAMPION KOMB\u00cbTAR DHE MARATON I M\u00cbRGAT\u00cbS SHQIPTARE - FjALA e LIR\u00cb - Arkivi\" \/>\n<meta property=\"og:description\" content=\"Xhemail Peci: Baki Ymeri &#8211; Kampion komb\u00ebtar dhe maraton i m\u00ebrgat\u00ebs shqiptare, 07.04.2013 Atdheu, nderi dhe dinjiteti. Gjuha shqipe p\u00ebr njeriun p\u00ebr t\u00eb cilin shkruajm\u00eb, p\u00ebrfaq\u00ebson k\u00ebshtjell\u00ebn m\u00eb t\u00eb r\u00ebnd\u00ebsishme t\u00eb ekzistenc\u00ebs son\u00eb. Shqip\u00ebria sipas tij, ka lindur para krijimit t\u00eb bot\u00ebs dhe para lindjes s\u00eb diellit. Baki Ymeri \u00ebsht\u00eb oksigjen i m\u00ebrgat\u00ebs shqiptare, vullkan [&hellip;]\" \/>\n<meta property=\"og:url\" content=\"https:\/\/fjala.info\/2009-2015\/kampion-kombetar-dhe-maraton-i-mergates-shqiptare\/\" \/>\n<meta property=\"og:site_name\" content=\"FjALA e LIR\u00cb - Arkivi\" \/>\n<meta property=\"article:published_time\" content=\"2013-04-10T07:49:14+00:00\" \/>\n<meta property=\"og:image\" content=\"http:\/\/www.fjala.info\/2013\/xhemail_peci.jpg\" \/>\n<meta name=\"author\" content=\"admin\" \/>\n<meta name=\"twitter:card\" content=\"summary_large_image\" \/>\n<meta name=\"twitter:label1\" content=\"Written by\" \/>\n\t<meta name=\"twitter:data1\" content=\"admin\" \/>\n\t<meta name=\"twitter:label2\" content=\"Est. reading time\" \/>\n\t<meta name=\"twitter:data2\" content=\"23 minutes\" \/>\n<script type=\"application\/ld+json\" class=\"yoast-schema-graph\">{\"@context\":\"https:\\\/\\\/schema.org\",\"@graph\":[{\"@type\":\"Article\",\"@id\":\"https:\\\/\\\/fjala.info\\\/2009-2015\\\/kampion-kombetar-dhe-maraton-i-mergates-shqiptare\\\/#article\",\"isPartOf\":{\"@id\":\"https:\\\/\\\/fjala.info\\\/2009-2015\\\/kampion-kombetar-dhe-maraton-i-mergates-shqiptare\\\/\"},\"author\":{\"name\":\"admin\",\"@id\":\"https:\\\/\\\/fjala.info\\\/2009-2015\\\/#\\\/schema\\\/person\\\/3aa1163ef05469c496fc94e77611ada2\"},\"headline\":\"KAMPION KOMB\u00cbTAR DHE MARATON I M\u00cbRGAT\u00cbS SHQIPTARE\",\"datePublished\":\"2013-04-10T07:49:14+00:00\",\"mainEntityOfPage\":{\"@id\":\"https:\\\/\\\/fjala.info\\\/2009-2015\\\/kampion-kombetar-dhe-maraton-i-mergates-shqiptare\\\/\"},\"wordCount\":4594,\"commentCount\":0,\"publisher\":{\"@id\":\"https:\\\/\\\/fjala.info\\\/2009-2015\\\/#organization\"},\"image\":{\"@id\":\"https:\\\/\\\/fjala.info\\\/2009-2015\\\/kampion-kombetar-dhe-maraton-i-mergates-shqiptare\\\/#primaryimage\"},\"thumbnailUrl\":\"http:\\\/\\\/www.fjala.info\\\/2013\\\/xhemail_peci.jpg\",\"articleSection\":[\"Artikuj\"],\"inLanguage\":\"sq-AL\",\"potentialAction\":[{\"@type\":\"CommentAction\",\"name\":\"Comment\",\"target\":[\"https:\\\/\\\/fjala.info\\\/2009-2015\\\/kampion-kombetar-dhe-maraton-i-mergates-shqiptare\\\/#respond\"]}]},{\"@type\":\"WebPage\",\"@id\":\"https:\\\/\\\/fjala.info\\\/2009-2015\\\/kampion-kombetar-dhe-maraton-i-mergates-shqiptare\\\/\",\"url\":\"https:\\\/\\\/fjala.info\\\/2009-2015\\\/kampion-kombetar-dhe-maraton-i-mergates-shqiptare\\\/\",\"name\":\"KAMPION KOMB\u00cbTAR DHE MARATON I M\u00cbRGAT\u00cbS SHQIPTARE - FjALA e LIR\u00cb - Arkivi\",\"isPartOf\":{\"@id\":\"https:\\\/\\\/fjala.info\\\/2009-2015\\\/#website\"},\"primaryImageOfPage\":{\"@id\":\"https:\\\/\\\/fjala.info\\\/2009-2015\\\/kampion-kombetar-dhe-maraton-i-mergates-shqiptare\\\/#primaryimage\"},\"image\":{\"@id\":\"https:\\\/\\\/fjala.info\\\/2009-2015\\\/kampion-kombetar-dhe-maraton-i-mergates-shqiptare\\\/#primaryimage\"},\"thumbnailUrl\":\"http:\\\/\\\/www.fjala.info\\\/2013\\\/xhemail_peci.jpg\",\"datePublished\":\"2013-04-10T07:49:14+00:00\",\"breadcrumb\":{\"@id\":\"https:\\\/\\\/fjala.info\\\/2009-2015\\\/kampion-kombetar-dhe-maraton-i-mergates-shqiptare\\\/#breadcrumb\"},\"inLanguage\":\"sq-AL\",\"potentialAction\":[{\"@type\":\"ReadAction\",\"target\":[\"https:\\\/\\\/fjala.info\\\/2009-2015\\\/kampion-kombetar-dhe-maraton-i-mergates-shqiptare\\\/\"]}]},{\"@type\":\"ImageObject\",\"inLanguage\":\"sq-AL\",\"@id\":\"https:\\\/\\\/fjala.info\\\/2009-2015\\\/kampion-kombetar-dhe-maraton-i-mergates-shqiptare\\\/#primaryimage\",\"url\":\"http:\\\/\\\/www.fjala.info\\\/2013\\\/xhemail_peci.jpg\",\"contentUrl\":\"http:\\\/\\\/www.fjala.info\\\/2013\\\/xhemail_peci.jpg\"},{\"@type\":\"BreadcrumbList\",\"@id\":\"https:\\\/\\\/fjala.info\\\/2009-2015\\\/kampion-kombetar-dhe-maraton-i-mergates-shqiptare\\\/#breadcrumb\",\"itemListElement\":[{\"@type\":\"ListItem\",\"position\":1,\"name\":\"Home\",\"item\":\"https:\\\/\\\/fjala.info\\\/2009-2015\\\/\"},{\"@type\":\"ListItem\",\"position\":2,\"name\":\"KAMPION KOMB\u00cbTAR DHE MARATON I M\u00cbRGAT\u00cbS SHQIPTARE\"}]},{\"@type\":\"WebSite\",\"@id\":\"https:\\\/\\\/fjala.info\\\/2009-2015\\\/#website\",\"url\":\"https:\\\/\\\/fjala.info\\\/2009-2015\\\/\",\"name\":\"FjALA e LIR\u00cb - Arkivi\",\"description\":\"Arkivi 2009-2015\",\"publisher\":{\"@id\":\"https:\\\/\\\/fjala.info\\\/2009-2015\\\/#organization\"},\"potentialAction\":[{\"@type\":\"SearchAction\",\"target\":{\"@type\":\"EntryPoint\",\"urlTemplate\":\"https:\\\/\\\/fjala.info\\\/2009-2015\\\/?s={search_term_string}\"},\"query-input\":{\"@type\":\"PropertyValueSpecification\",\"valueRequired\":true,\"valueName\":\"search_term_string\"}}],\"inLanguage\":\"sq-AL\"},{\"@type\":\"Organization\",\"@id\":\"https:\\\/\\\/fjala.info\\\/2009-2015\\\/#organization\",\"name\":\"FjALA e LIR\u00cb - Arkivi\",\"url\":\"https:\\\/\\\/fjala.info\\\/2009-2015\\\/\",\"logo\":{\"@type\":\"ImageObject\",\"inLanguage\":\"sq-AL\",\"@id\":\"https:\\\/\\\/fjala.info\\\/2009-2015\\\/#\\\/schema\\\/logo\\\/image\\\/\",\"url\":\"\",\"contentUrl\":\"\",\"caption\":\"FjALA e LIR\u00cb - Arkivi\"},\"image\":{\"@id\":\"https:\\\/\\\/fjala.info\\\/2009-2015\\\/#\\\/schema\\\/logo\\\/image\\\/\"}},{\"@type\":\"Person\",\"@id\":\"https:\\\/\\\/fjala.info\\\/2009-2015\\\/#\\\/schema\\\/person\\\/3aa1163ef05469c496fc94e77611ada2\",\"name\":\"admin\",\"image\":{\"@type\":\"ImageObject\",\"inLanguage\":\"sq-AL\",\"@id\":\"https:\\\/\\\/fjala.info\\\/2009-2015\\\/wp-content\\\/uploads\\\/2012\\\/02\\\/arben_cokaj-120x150.jpg\",\"url\":\"https:\\\/\\\/fjala.info\\\/2009-2015\\\/wp-content\\\/uploads\\\/2012\\\/02\\\/arben_cokaj-120x150.jpg\",\"contentUrl\":\"https:\\\/\\\/fjala.info\\\/2009-2015\\\/wp-content\\\/uploads\\\/2012\\\/02\\\/arben_cokaj-120x150.jpg\",\"caption\":\"admin\"},\"description\":\"Admin, Fjala e Lir\u00eb\",\"sameAs\":[\"https:\\\/\\\/fjala.info\\\/\"],\"url\":\"https:\\\/\\\/fjala.info\\\/2009-2015\\\/author\\\/admin\\\/\"}]}<\/script>\n<!-- \/ Yoast SEO plugin. -->","yoast_head_json":{"title":"KAMPION KOMB\u00cbTAR DHE MARATON I M\u00cbRGAT\u00cbS SHQIPTARE - FjALA e LIR\u00cb - Arkivi","robots":{"index":"index","follow":"follow","max-snippet":"max-snippet:-1","max-image-preview":"max-image-preview:large","max-video-preview":"max-video-preview:-1"},"canonical":"https:\/\/fjala.info\/2009-2015\/kampion-kombetar-dhe-maraton-i-mergates-shqiptare\/","og_locale":"sq_AL","og_type":"article","og_title":"KAMPION KOMB\u00cbTAR DHE MARATON I M\u00cbRGAT\u00cbS SHQIPTARE - FjALA e LIR\u00cb - Arkivi","og_description":"Xhemail Peci: Baki Ymeri &#8211; Kampion komb\u00ebtar dhe maraton i m\u00ebrgat\u00ebs shqiptare, 07.04.2013 Atdheu, nderi dhe dinjiteti. Gjuha shqipe p\u00ebr njeriun p\u00ebr t\u00eb cilin shkruajm\u00eb, p\u00ebrfaq\u00ebson k\u00ebshtjell\u00ebn m\u00eb t\u00eb r\u00ebnd\u00ebsishme t\u00eb ekzistenc\u00ebs son\u00eb. Shqip\u00ebria sipas tij, ka lindur para krijimit t\u00eb bot\u00ebs dhe para lindjes s\u00eb diellit. Baki Ymeri \u00ebsht\u00eb oksigjen i m\u00ebrgat\u00ebs shqiptare, vullkan [&hellip;]","og_url":"https:\/\/fjala.info\/2009-2015\/kampion-kombetar-dhe-maraton-i-mergates-shqiptare\/","og_site_name":"FjALA e LIR\u00cb - Arkivi","article_published_time":"2013-04-10T07:49:14+00:00","og_image":[{"url":"http:\/\/www.fjala.info\/2013\/xhemail_peci.jpg","type":"","width":"","height":""}],"author":"admin","twitter_card":"summary_large_image","twitter_misc":{"Written by":"admin","Est. reading time":"23 minutes"},"schema":{"@context":"https:\/\/schema.org","@graph":[{"@type":"Article","@id":"https:\/\/fjala.info\/2009-2015\/kampion-kombetar-dhe-maraton-i-mergates-shqiptare\/#article","isPartOf":{"@id":"https:\/\/fjala.info\/2009-2015\/kampion-kombetar-dhe-maraton-i-mergates-shqiptare\/"},"author":{"name":"admin","@id":"https:\/\/fjala.info\/2009-2015\/#\/schema\/person\/3aa1163ef05469c496fc94e77611ada2"},"headline":"KAMPION KOMB\u00cbTAR DHE MARATON I M\u00cbRGAT\u00cbS SHQIPTARE","datePublished":"2013-04-10T07:49:14+00:00","mainEntityOfPage":{"@id":"https:\/\/fjala.info\/2009-2015\/kampion-kombetar-dhe-maraton-i-mergates-shqiptare\/"},"wordCount":4594,"commentCount":0,"publisher":{"@id":"https:\/\/fjala.info\/2009-2015\/#organization"},"image":{"@id":"https:\/\/fjala.info\/2009-2015\/kampion-kombetar-dhe-maraton-i-mergates-shqiptare\/#primaryimage"},"thumbnailUrl":"http:\/\/www.fjala.info\/2013\/xhemail_peci.jpg","articleSection":["Artikuj"],"inLanguage":"sq-AL","potentialAction":[{"@type":"CommentAction","name":"Comment","target":["https:\/\/fjala.info\/2009-2015\/kampion-kombetar-dhe-maraton-i-mergates-shqiptare\/#respond"]}]},{"@type":"WebPage","@id":"https:\/\/fjala.info\/2009-2015\/kampion-kombetar-dhe-maraton-i-mergates-shqiptare\/","url":"https:\/\/fjala.info\/2009-2015\/kampion-kombetar-dhe-maraton-i-mergates-shqiptare\/","name":"KAMPION KOMB\u00cbTAR DHE MARATON I M\u00cbRGAT\u00cbS SHQIPTARE - FjALA e LIR\u00cb - Arkivi","isPartOf":{"@id":"https:\/\/fjala.info\/2009-2015\/#website"},"primaryImageOfPage":{"@id":"https:\/\/fjala.info\/2009-2015\/kampion-kombetar-dhe-maraton-i-mergates-shqiptare\/#primaryimage"},"image":{"@id":"https:\/\/fjala.info\/2009-2015\/kampion-kombetar-dhe-maraton-i-mergates-shqiptare\/#primaryimage"},"thumbnailUrl":"http:\/\/www.fjala.info\/2013\/xhemail_peci.jpg","datePublished":"2013-04-10T07:49:14+00:00","breadcrumb":{"@id":"https:\/\/fjala.info\/2009-2015\/kampion-kombetar-dhe-maraton-i-mergates-shqiptare\/#breadcrumb"},"inLanguage":"sq-AL","potentialAction":[{"@type":"ReadAction","target":["https:\/\/fjala.info\/2009-2015\/kampion-kombetar-dhe-maraton-i-mergates-shqiptare\/"]}]},{"@type":"ImageObject","inLanguage":"sq-AL","@id":"https:\/\/fjala.info\/2009-2015\/kampion-kombetar-dhe-maraton-i-mergates-shqiptare\/#primaryimage","url":"http:\/\/www.fjala.info\/2013\/xhemail_peci.jpg","contentUrl":"http:\/\/www.fjala.info\/2013\/xhemail_peci.jpg"},{"@type":"BreadcrumbList","@id":"https:\/\/fjala.info\/2009-2015\/kampion-kombetar-dhe-maraton-i-mergates-shqiptare\/#breadcrumb","itemListElement":[{"@type":"ListItem","position":1,"name":"Home","item":"https:\/\/fjala.info\/2009-2015\/"},{"@type":"ListItem","position":2,"name":"KAMPION KOMB\u00cbTAR DHE MARATON I M\u00cbRGAT\u00cbS SHQIPTARE"}]},{"@type":"WebSite","@id":"https:\/\/fjala.info\/2009-2015\/#website","url":"https:\/\/fjala.info\/2009-2015\/","name":"FjALA e LIR\u00cb - Arkivi","description":"Arkivi 2009-2015","publisher":{"@id":"https:\/\/fjala.info\/2009-2015\/#organization"},"potentialAction":[{"@type":"SearchAction","target":{"@type":"EntryPoint","urlTemplate":"https:\/\/fjala.info\/2009-2015\/?s={search_term_string}"},"query-input":{"@type":"PropertyValueSpecification","valueRequired":true,"valueName":"search_term_string"}}],"inLanguage":"sq-AL"},{"@type":"Organization","@id":"https:\/\/fjala.info\/2009-2015\/#organization","name":"FjALA e LIR\u00cb - Arkivi","url":"https:\/\/fjala.info\/2009-2015\/","logo":{"@type":"ImageObject","inLanguage":"sq-AL","@id":"https:\/\/fjala.info\/2009-2015\/#\/schema\/logo\/image\/","url":"","contentUrl":"","caption":"FjALA e LIR\u00cb - Arkivi"},"image":{"@id":"https:\/\/fjala.info\/2009-2015\/#\/schema\/logo\/image\/"}},{"@type":"Person","@id":"https:\/\/fjala.info\/2009-2015\/#\/schema\/person\/3aa1163ef05469c496fc94e77611ada2","name":"admin","image":{"@type":"ImageObject","inLanguage":"sq-AL","@id":"https:\/\/fjala.info\/2009-2015\/wp-content\/uploads\/2012\/02\/arben_cokaj-120x150.jpg","url":"https:\/\/fjala.info\/2009-2015\/wp-content\/uploads\/2012\/02\/arben_cokaj-120x150.jpg","contentUrl":"https:\/\/fjala.info\/2009-2015\/wp-content\/uploads\/2012\/02\/arben_cokaj-120x150.jpg","caption":"admin"},"description":"Admin, Fjala e Lir\u00eb","sameAs":["https:\/\/fjala.info\/"],"url":"https:\/\/fjala.info\/2009-2015\/author\/admin\/"}]}},"_links":{"self":[{"href":"https:\/\/fjala.info\/2009-2015\/wp-json\/wp\/v2\/posts\/12605","targetHints":{"allow":["GET"]}}],"collection":[{"href":"https:\/\/fjala.info\/2009-2015\/wp-json\/wp\/v2\/posts"}],"about":[{"href":"https:\/\/fjala.info\/2009-2015\/wp-json\/wp\/v2\/types\/post"}],"author":[{"embeddable":true,"href":"https:\/\/fjala.info\/2009-2015\/wp-json\/wp\/v2\/users\/1"}],"replies":[{"embeddable":true,"href":"https:\/\/fjala.info\/2009-2015\/wp-json\/wp\/v2\/comments?post=12605"}],"version-history":[{"count":0,"href":"https:\/\/fjala.info\/2009-2015\/wp-json\/wp\/v2\/posts\/12605\/revisions"}],"wp:attachment":[{"href":"https:\/\/fjala.info\/2009-2015\/wp-json\/wp\/v2\/media?parent=12605"}],"wp:term":[{"taxonomy":"category","embeddable":true,"href":"https:\/\/fjala.info\/2009-2015\/wp-json\/wp\/v2\/categories?post=12605"},{"taxonomy":"post_tag","embeddable":true,"href":"https:\/\/fjala.info\/2009-2015\/wp-json\/wp\/v2\/tags?post=12605"}],"curies":[{"name":"wp","href":"https:\/\/api.w.org\/{rel}","templated":true}]}}