{"id":1258,"date":"2012-01-19T20:38:46","date_gmt":"2012-01-19T19:38:46","guid":{"rendered":"http:\/\/fjala.shkoder.net\/?p=1258"},"modified":"2012-01-19T20:38:46","modified_gmt":"2012-01-19T19:38:46","slug":"doktori-masa-te-rrepta-ne-javen-e-preshit-ne-lushnje","status":"publish","type":"post","link":"https:\/\/fjala.info\/2009-2015\/doktori-masa-te-rrepta-ne-javen-e-preshit-ne-lushnje\/","title":{"rendered":"Doktori, masa t\u00eb rrepta n\u00eb \u201cJav\u00ebn e Preshit\u201d n\u00eb Lushnj\u00eb"},"content":{"rendered":"<p><img decoding=\"async\" class=\"alignright size-thumbnail wp-image-7236\" title=\"Sali Berisha\" src=\"http:\/\/www.shkoder.net\/2012\/sali_berisha.jpg\" alt=\"\" width=\"300\" \/> <strong>TemA<\/strong>, <em>19 Janar 2012<\/em><\/p>\n<p>Lajmi se Doktori do t\u00eb shkoj\u00eb t\u00eb shtun\u00ebn n\u00eb Lushnj\u00eb, i ra si bomba Shehut. Situata ishte nj\u00ebsoj. Janar tani, janar at\u00ebher\u00eb, e shtuna e tret\u00eb e janarit tani, e shtuna e tret\u00eb at\u00ebher\u00eb, tension tani, tension at\u00ebher\u00eb, i prishur me t\u00eb huajt tani, i prishur me t\u00eb huajt at\u00ebher\u00eb\u2026<\/p>\n<p>I alarmuar e mori Doktorin n\u00eb telefon.<\/p>\n<p>-Doktor, Tani jam, Tani. Si je, si je, mir\u00eb, mir\u00eb, \u00e7\u2019kemi ndonj\u00eb gj\u00eb?<\/p>\n<p>-Mir\u00eb Tritan, t\u00eb p\u00ebrsh\u00ebndes. Si \u00ebsht\u00eb puna?<\/p>\n<p>-Mir\u00eb, mir\u00eb, asgj\u00eb, asgj\u00eb, jo, kot mora, m\u00eb than\u00eb q\u00eb do ik\u00ebsh n\u00eb Lushnj\u00eb m\u00eb 21?<\/p>\n<p>-Po Tritan, do shkoj. Duhet me e konsolidue si fest\u00eb 21 Janarin. Asht mbledh Kongresi i Lushnj\u00ebs\u2026<\/p>\n<p>-Dakord, dakord, mir\u00eb, mir\u00eb, shum\u00eb mir\u00eb, shum\u00eb mir\u00eb, s\u2019ka problem, s\u2019ka problem\u2026<\/p>\n<p>-A do t\u00eb vish?<\/p>\n<p>-Jo, jo, s\u2019ka problem, s\u2019ka problem, jo, jo, nuk vij, nuk vij. Mora kot sa p\u00ebr informacion.<\/p>\n<p>-Ashtu, shum\u00eb mir\u00eb. Po, po, do shkoj, do shkoj patjet\u00ebr. Kena marr\u00eb t\u00eb gjitha masat, do jet\u00eb miting madh\u00ebshtor\u2026<\/p>\n<p>-At\u00eb desha t\u00eb them se jan\u00eb maskarenj k\u00ebta, at\u00eb desha t\u00eb them.<\/p>\n<p>-Jo Tritan, e kena mendu. K\u00ebta do b\u00ebjn\u00eb miting n\u00eb Tiran\u00eb t\u00eb shtun\u00ebn. Gjith\u00eb socialist\u00ebt e Lushnj\u00ebs do jen\u00eb n\u00eb Tiran\u00eb. Dhe ata t\u00eb Fierit dhe Rrogozhin\u00ebs. K\u00ebshtu s\u2019besj se do ket\u00eb problem.<\/p>\n<p>-Dakord, dakord, shum\u00eb mir\u00eb, shum\u00eb mir\u00eb, ndaj pyeta, p\u00ebr merak. Aha, protesta, po, po, po, po, po, shum\u00eb mir\u00eb. Dakord, dakord, ke t\u00eb drejt\u00eb. Do jen\u00eb n\u00eb Tiran\u00eb ata. Dakord, dakord, se jan\u00eb agresiv\u00eb.<\/p>\n<p>-E di, s\u2019ka problem, i kemi marr\u00eb gjith\u00eb masat.<\/p>\n<p>Tritani e p\u00ebrsh\u00ebndeti dhe u qet\u00ebsua.<\/p>\n<p>\u201cSi nuk m\u00eb shkoi n\u00eb mendje q\u00eb \u00ebsht\u00eb 21 Janari mitingu, n\u00eb Tiran\u00eb, tha. E sigurt q\u00eb s\u2019ka rrezik.\u201d<\/p>\n<p>Por Doktorit ju zgjuan xixat pse mori Tritani dhe merr n\u00eb telefon kryetarin e PD-s\u00eb n\u00eb Lushnj\u00eb.<\/p>\n<p>-Ore, keni marr\u00eb masat se mos ka ndonj\u00eb incident t\u00eb shtun\u00ebn, i tha.<\/p>\n<p>-Patjet\u00ebr Doktor, i kemi marr\u00eb t\u00eb gjitha. S\u2019ka asnj\u00eb problem. Vet\u00ebm ky kryetari i Bashkis\u00eb po na saboton.<\/p>\n<p>-Pse, \u00e7a b\u00ebn ai, tha Berisha. Po organizon ndonj\u00eb atentat?<\/p>\n<p>-Jo, jo, \u00ebsht\u00eb njeri paq\u00ebsor k\u00ebshtu, por po na provokon. Ne i kemi k\u00ebrkuar t\u00eb mbyll\u00eb tregun e fruta- perimeve t\u00eb shtun\u00ebn dhe nj\u00eb treg t\u00eb madh fshatar q\u00eb b\u00ebhet n\u00eb fillim t\u00eb qytetit, po ai nuk d\u00ebgjon.<\/p>\n<p>-Po pse do ta mbyllni, l\u00ebreni, tha Berisha. \u00c7a na b\u00ebjn\u00eb fshatar\u00ebt? Ne mb\u00ebshtetjen kryesore e kemi n\u00eb fshat.<\/p>\n<p>-Jo Doktor, \u00ebsht\u00eb rrezik i madh, tha. Gjith\u00eb problemi \u00ebsht\u00eb si t\u00eb bllokojm\u00eb dy dit\u00eb para, d.m.th nes\u00ebr dhe pasnes\u00ebr, tregun e fshatar\u00ebve q\u00eb t\u00eb mos shitet asnj\u00eb fije presh n\u00eb Lushnj\u00eb. Gjith\u00eb plani i tyre \u00ebsht\u00eb t\u00eb shesin at\u00eb dit\u00eb presh, biles kam t\u00eb dh\u00ebna q\u00eb duan t\u2019i falin. Ka ardh\u00eb porosi nga Edi Rama, na tha nj\u00eb socialist q\u00eb presht\u00eb t\u00eb shtun\u00ebn n\u00eb Lushnj\u00eb t\u00eb jepen falas p\u00ebr popullin dhe njer\u00ebzit t\u00eb presin Saliun me presh n\u00eb duar. Duan t\u00eb p\u00ebrkujtojn\u00eb ngjarjen e Tritanit, i tha.<\/p>\n<p>Berisha u b\u00eb serioz. \u201cNdaj ishte i shqet\u00ebsuar Tani,\u201d tha me vete dhe u xhindos.<\/p>\n<p>-OK, d\u00ebgjo. Lidhu me shefin e policis\u00eb dhe mos l\u00ebr asnj\u00eb fshatar t\u00eb hyj\u00eb n\u00eb qytet. Kontrolloni minimarketet q\u00eb shesin fruta- perime dhe hiqni \u00e7do presh nga kontrolli i cil\u00ebsis\u00eb s\u00eb ushqimit. Lidhuni me Rulin t\u00eb d\u00ebrgoj\u00eb ekip kund\u00ebr preshve. Le t\u00eb shpikin se kan\u00eb nj\u00eb s\u00ebmundje. T\u00eb bllokohet nga Rrogozhina n\u00eb Fier \u00e7do kamion, furgon apo makin\u00eb q\u00eb ka presh. Duhet me e ba. Jo, duan t\u00eb fyejn\u00eb Kongresin e Lushnj\u00ebs ata, po un\u00eb nuk i lejoj.<\/p>\n<p>-Ke t\u00eb drejt\u00eb Doktor, nuk i l\u00ebm\u00eb, nuk i l\u00ebm\u00eb. Ja tani jap urdh\u00ebr. Asnj\u00eb fije presh asgj\u00ebkundi. Bie dhe ters n\u00eb fakt. Dhe Tanit m\u00eb 24 Janar i ndodhi. Java e parafundit ishte. \u00cbsht\u00eb shum\u00eb ters kjo jav\u00eb n\u00eb Lushnj\u00eb se dhe \u00ebsht\u00eb vet\u00ebm preshi mall n\u00eb shitje. Por do t\u2019i bllokojm\u00eb, mos ki merak.<\/p>\n<p>-Nuk dua asnj\u00eb, po asnj\u00eb t\u00eb them. Plehra. Do t\u00eb fyejn\u00eb Kongresin e Lushnj\u00ebs me presh. Dhe kujdes se kam d\u00ebgjuar q\u00eb mund t\u00eb mbajn\u00eb tufa me lule n\u00eb duar dhe t\u00eb ken\u00eb presh brenda dhe sa t\u00eb filloj mitingu t\u00eb tundin preshin n\u00eb aj\u00ebr.<\/p>\n<p>-Pa merak Doktor, do t\u2019i shikojm\u00eb gjitha detajet. Mos u m\u00ebrzit. Biles kam menduar t\u00eb marrim njer\u00ebz nga Tirana n\u00eb miting, q\u00eb mos t\u00eb dal\u00eb asnj\u00eb lushnjar. Do ta rregullojm\u00eb, nj\u00eb her\u00eb ha qeni petulla, s\u2019e l\u00ebm\u00eb m\u00eb k\u00ebt\u00eb pun\u00eb ne.<\/p>\n","protected":false},"excerpt":{"rendered":"<p>TemA, 19 Janar 2012 Lajmi se Doktori do t\u00eb shkoj\u00eb t\u00eb shtun\u00ebn n\u00eb Lushnj\u00eb, i ra si bomba Shehut. Situata ishte nj\u00ebsoj. Janar tani, janar at\u00ebher\u00eb, e shtuna e tret\u00eb e janarit tani, e shtuna e tret\u00eb at\u00ebher\u00eb, tension tani, tension at\u00ebher\u00eb, i prishur me t\u00eb huajt tani, i prishur me t\u00eb huajt at\u00ebher\u00eb\u2026 I [&hellip;]<\/p>\n","protected":false},"author":1,"featured_media":0,"comment_status":"open","ping_status":"closed","sticky":false,"template":"","format":"standard","meta":{"footnotes":""},"categories":[2],"tags":[],"class_list":{"0":"post-1258","1":"post","2":"type-post","3":"status-publish","4":"format-standard","6":"category-artikuj"},"yoast_head":"<!-- This site is optimized with the Yoast SEO plugin v27.4 - https:\/\/yoast.com\/product\/yoast-seo-wordpress\/ -->\n<title>Doktori, masa t\u00eb rrepta n\u00eb \u201cJav\u00ebn e Preshit\u201d n\u00eb Lushnj\u00eb - FjALA e LIR\u00cb - Arkivi<\/title>\n<meta name=\"robots\" content=\"index, follow, max-snippet:-1, max-image-preview:large, max-video-preview:-1\" \/>\n<link rel=\"canonical\" href=\"https:\/\/fjala.info\/2009-2015\/doktori-masa-te-rrepta-ne-javen-e-preshit-ne-lushnje\/\" \/>\n<meta property=\"og:locale\" content=\"sq_AL\" \/>\n<meta property=\"og:type\" content=\"article\" \/>\n<meta property=\"og:title\" content=\"Doktori, masa t\u00eb rrepta n\u00eb \u201cJav\u00ebn e Preshit\u201d n\u00eb Lushnj\u00eb - FjALA e LIR\u00cb - Arkivi\" \/>\n<meta property=\"og:description\" content=\"TemA, 19 Janar 2012 Lajmi se Doktori do t\u00eb shkoj\u00eb t\u00eb shtun\u00ebn n\u00eb Lushnj\u00eb, i ra si bomba Shehut. Situata ishte nj\u00ebsoj. Janar tani, janar at\u00ebher\u00eb, e shtuna e tret\u00eb e janarit tani, e shtuna e tret\u00eb at\u00ebher\u00eb, tension tani, tension at\u00ebher\u00eb, i prishur me t\u00eb huajt tani, i prishur me t\u00eb huajt at\u00ebher\u00eb\u2026 I [&hellip;]\" \/>\n<meta property=\"og:url\" content=\"https:\/\/fjala.info\/2009-2015\/doktori-masa-te-rrepta-ne-javen-e-preshit-ne-lushnje\/\" \/>\n<meta property=\"og:site_name\" content=\"FjALA e LIR\u00cb - Arkivi\" \/>\n<meta property=\"article:published_time\" content=\"2012-01-19T19:38:46+00:00\" \/>\n<meta property=\"og:image\" content=\"http:\/\/www.shkoder.net\/2012\/sali_berisha.jpg\" \/>\n<meta name=\"author\" content=\"admin\" \/>\n<meta name=\"twitter:card\" content=\"summary_large_image\" \/>\n<meta name=\"twitter:label1\" content=\"Written by\" \/>\n\t<meta name=\"twitter:data1\" content=\"admin\" \/>\n\t<meta name=\"twitter:label2\" content=\"Est. reading time\" \/>\n\t<meta name=\"twitter:data2\" content=\"4 minutes\" \/>\n<script type=\"application\/ld+json\" class=\"yoast-schema-graph\">{\"@context\":\"https:\\\/\\\/schema.org\",\"@graph\":[{\"@type\":\"Article\",\"@id\":\"https:\\\/\\\/fjala.info\\\/2009-2015\\\/doktori-masa-te-rrepta-ne-javen-e-preshit-ne-lushnje\\\/#article\",\"isPartOf\":{\"@id\":\"https:\\\/\\\/fjala.info\\\/2009-2015\\\/doktori-masa-te-rrepta-ne-javen-e-preshit-ne-lushnje\\\/\"},\"author\":{\"name\":\"admin\",\"@id\":\"https:\\\/\\\/fjala.info\\\/2009-2015\\\/#\\\/schema\\\/person\\\/3aa1163ef05469c496fc94e77611ada2\"},\"headline\":\"Doktori, masa t\u00eb rrepta n\u00eb \u201cJav\u00ebn e Preshit\u201d n\u00eb Lushnj\u00eb\",\"datePublished\":\"2012-01-19T19:38:46+00:00\",\"mainEntityOfPage\":{\"@id\":\"https:\\\/\\\/fjala.info\\\/2009-2015\\\/doktori-masa-te-rrepta-ne-javen-e-preshit-ne-lushnje\\\/\"},\"wordCount\":803,\"commentCount\":0,\"publisher\":{\"@id\":\"https:\\\/\\\/fjala.info\\\/2009-2015\\\/#organization\"},\"image\":{\"@id\":\"https:\\\/\\\/fjala.info\\\/2009-2015\\\/doktori-masa-te-rrepta-ne-javen-e-preshit-ne-lushnje\\\/#primaryimage\"},\"thumbnailUrl\":\"http:\\\/\\\/www.shkoder.net\\\/2012\\\/sali_berisha.jpg\",\"articleSection\":[\"Artikuj\"],\"inLanguage\":\"sq-AL\",\"potentialAction\":[{\"@type\":\"CommentAction\",\"name\":\"Comment\",\"target\":[\"https:\\\/\\\/fjala.info\\\/2009-2015\\\/doktori-masa-te-rrepta-ne-javen-e-preshit-ne-lushnje\\\/#respond\"]}]},{\"@type\":\"WebPage\",\"@id\":\"https:\\\/\\\/fjala.info\\\/2009-2015\\\/doktori-masa-te-rrepta-ne-javen-e-preshit-ne-lushnje\\\/\",\"url\":\"https:\\\/\\\/fjala.info\\\/2009-2015\\\/doktori-masa-te-rrepta-ne-javen-e-preshit-ne-lushnje\\\/\",\"name\":\"Doktori, masa t\u00eb rrepta n\u00eb \u201cJav\u00ebn e Preshit\u201d n\u00eb Lushnj\u00eb - FjALA e LIR\u00cb - Arkivi\",\"isPartOf\":{\"@id\":\"https:\\\/\\\/fjala.info\\\/2009-2015\\\/#website\"},\"primaryImageOfPage\":{\"@id\":\"https:\\\/\\\/fjala.info\\\/2009-2015\\\/doktori-masa-te-rrepta-ne-javen-e-preshit-ne-lushnje\\\/#primaryimage\"},\"image\":{\"@id\":\"https:\\\/\\\/fjala.info\\\/2009-2015\\\/doktori-masa-te-rrepta-ne-javen-e-preshit-ne-lushnje\\\/#primaryimage\"},\"thumbnailUrl\":\"http:\\\/\\\/www.shkoder.net\\\/2012\\\/sali_berisha.jpg\",\"datePublished\":\"2012-01-19T19:38:46+00:00\",\"breadcrumb\":{\"@id\":\"https:\\\/\\\/fjala.info\\\/2009-2015\\\/doktori-masa-te-rrepta-ne-javen-e-preshit-ne-lushnje\\\/#breadcrumb\"},\"inLanguage\":\"sq-AL\",\"potentialAction\":[{\"@type\":\"ReadAction\",\"target\":[\"https:\\\/\\\/fjala.info\\\/2009-2015\\\/doktori-masa-te-rrepta-ne-javen-e-preshit-ne-lushnje\\\/\"]}]},{\"@type\":\"ImageObject\",\"inLanguage\":\"sq-AL\",\"@id\":\"https:\\\/\\\/fjala.info\\\/2009-2015\\\/doktori-masa-te-rrepta-ne-javen-e-preshit-ne-lushnje\\\/#primaryimage\",\"url\":\"http:\\\/\\\/www.shkoder.net\\\/2012\\\/sali_berisha.jpg\",\"contentUrl\":\"http:\\\/\\\/www.shkoder.net\\\/2012\\\/sali_berisha.jpg\"},{\"@type\":\"BreadcrumbList\",\"@id\":\"https:\\\/\\\/fjala.info\\\/2009-2015\\\/doktori-masa-te-rrepta-ne-javen-e-preshit-ne-lushnje\\\/#breadcrumb\",\"itemListElement\":[{\"@type\":\"ListItem\",\"position\":1,\"name\":\"Home\",\"item\":\"https:\\\/\\\/fjala.info\\\/2009-2015\\\/\"},{\"@type\":\"ListItem\",\"position\":2,\"name\":\"Doktori, masa t\u00eb rrepta n\u00eb \u201cJav\u00ebn e Preshit\u201d n\u00eb Lushnj\u00eb\"}]},{\"@type\":\"WebSite\",\"@id\":\"https:\\\/\\\/fjala.info\\\/2009-2015\\\/#website\",\"url\":\"https:\\\/\\\/fjala.info\\\/2009-2015\\\/\",\"name\":\"FjALA e LIR\u00cb - Arkivi\",\"description\":\"Arkivi 2009-2015\",\"publisher\":{\"@id\":\"https:\\\/\\\/fjala.info\\\/2009-2015\\\/#organization\"},\"potentialAction\":[{\"@type\":\"SearchAction\",\"target\":{\"@type\":\"EntryPoint\",\"urlTemplate\":\"https:\\\/\\\/fjala.info\\\/2009-2015\\\/?s={search_term_string}\"},\"query-input\":{\"@type\":\"PropertyValueSpecification\",\"valueRequired\":true,\"valueName\":\"search_term_string\"}}],\"inLanguage\":\"sq-AL\"},{\"@type\":\"Organization\",\"@id\":\"https:\\\/\\\/fjala.info\\\/2009-2015\\\/#organization\",\"name\":\"FjALA e LIR\u00cb - Arkivi\",\"url\":\"https:\\\/\\\/fjala.info\\\/2009-2015\\\/\",\"logo\":{\"@type\":\"ImageObject\",\"inLanguage\":\"sq-AL\",\"@id\":\"https:\\\/\\\/fjala.info\\\/2009-2015\\\/#\\\/schema\\\/logo\\\/image\\\/\",\"url\":\"\",\"contentUrl\":\"\",\"caption\":\"FjALA e LIR\u00cb - Arkivi\"},\"image\":{\"@id\":\"https:\\\/\\\/fjala.info\\\/2009-2015\\\/#\\\/schema\\\/logo\\\/image\\\/\"}},{\"@type\":\"Person\",\"@id\":\"https:\\\/\\\/fjala.info\\\/2009-2015\\\/#\\\/schema\\\/person\\\/3aa1163ef05469c496fc94e77611ada2\",\"name\":\"admin\",\"image\":{\"@type\":\"ImageObject\",\"inLanguage\":\"sq-AL\",\"@id\":\"https:\\\/\\\/fjala.info\\\/2009-2015\\\/wp-content\\\/uploads\\\/2012\\\/02\\\/arben_cokaj-120x150.jpg\",\"url\":\"https:\\\/\\\/fjala.info\\\/2009-2015\\\/wp-content\\\/uploads\\\/2012\\\/02\\\/arben_cokaj-120x150.jpg\",\"contentUrl\":\"https:\\\/\\\/fjala.info\\\/2009-2015\\\/wp-content\\\/uploads\\\/2012\\\/02\\\/arben_cokaj-120x150.jpg\",\"caption\":\"admin\"},\"description\":\"Admin, Fjala e Lir\u00eb\",\"sameAs\":[\"https:\\\/\\\/fjala.info\\\/\"],\"url\":\"https:\\\/\\\/fjala.info\\\/2009-2015\\\/author\\\/admin\\\/\"}]}<\/script>\n<!-- \/ Yoast SEO plugin. -->","yoast_head_json":{"title":"Doktori, masa t\u00eb rrepta n\u00eb \u201cJav\u00ebn e Preshit\u201d n\u00eb Lushnj\u00eb - FjALA e LIR\u00cb - Arkivi","robots":{"index":"index","follow":"follow","max-snippet":"max-snippet:-1","max-image-preview":"max-image-preview:large","max-video-preview":"max-video-preview:-1"},"canonical":"https:\/\/fjala.info\/2009-2015\/doktori-masa-te-rrepta-ne-javen-e-preshit-ne-lushnje\/","og_locale":"sq_AL","og_type":"article","og_title":"Doktori, masa t\u00eb rrepta n\u00eb \u201cJav\u00ebn e Preshit\u201d n\u00eb Lushnj\u00eb - FjALA e LIR\u00cb - Arkivi","og_description":"TemA, 19 Janar 2012 Lajmi se Doktori do t\u00eb shkoj\u00eb t\u00eb shtun\u00ebn n\u00eb Lushnj\u00eb, i ra si bomba Shehut. Situata ishte nj\u00ebsoj. Janar tani, janar at\u00ebher\u00eb, e shtuna e tret\u00eb e janarit tani, e shtuna e tret\u00eb at\u00ebher\u00eb, tension tani, tension at\u00ebher\u00eb, i prishur me t\u00eb huajt tani, i prishur me t\u00eb huajt at\u00ebher\u00eb\u2026 I [&hellip;]","og_url":"https:\/\/fjala.info\/2009-2015\/doktori-masa-te-rrepta-ne-javen-e-preshit-ne-lushnje\/","og_site_name":"FjALA e LIR\u00cb - Arkivi","article_published_time":"2012-01-19T19:38:46+00:00","og_image":[{"url":"http:\/\/www.shkoder.net\/2012\/sali_berisha.jpg","type":"","width":"","height":""}],"author":"admin","twitter_card":"summary_large_image","twitter_misc":{"Written by":"admin","Est. reading time":"4 minutes"},"schema":{"@context":"https:\/\/schema.org","@graph":[{"@type":"Article","@id":"https:\/\/fjala.info\/2009-2015\/doktori-masa-te-rrepta-ne-javen-e-preshit-ne-lushnje\/#article","isPartOf":{"@id":"https:\/\/fjala.info\/2009-2015\/doktori-masa-te-rrepta-ne-javen-e-preshit-ne-lushnje\/"},"author":{"name":"admin","@id":"https:\/\/fjala.info\/2009-2015\/#\/schema\/person\/3aa1163ef05469c496fc94e77611ada2"},"headline":"Doktori, masa t\u00eb rrepta n\u00eb \u201cJav\u00ebn e Preshit\u201d n\u00eb Lushnj\u00eb","datePublished":"2012-01-19T19:38:46+00:00","mainEntityOfPage":{"@id":"https:\/\/fjala.info\/2009-2015\/doktori-masa-te-rrepta-ne-javen-e-preshit-ne-lushnje\/"},"wordCount":803,"commentCount":0,"publisher":{"@id":"https:\/\/fjala.info\/2009-2015\/#organization"},"image":{"@id":"https:\/\/fjala.info\/2009-2015\/doktori-masa-te-rrepta-ne-javen-e-preshit-ne-lushnje\/#primaryimage"},"thumbnailUrl":"http:\/\/www.shkoder.net\/2012\/sali_berisha.jpg","articleSection":["Artikuj"],"inLanguage":"sq-AL","potentialAction":[{"@type":"CommentAction","name":"Comment","target":["https:\/\/fjala.info\/2009-2015\/doktori-masa-te-rrepta-ne-javen-e-preshit-ne-lushnje\/#respond"]}]},{"@type":"WebPage","@id":"https:\/\/fjala.info\/2009-2015\/doktori-masa-te-rrepta-ne-javen-e-preshit-ne-lushnje\/","url":"https:\/\/fjala.info\/2009-2015\/doktori-masa-te-rrepta-ne-javen-e-preshit-ne-lushnje\/","name":"Doktori, masa t\u00eb rrepta n\u00eb \u201cJav\u00ebn e Preshit\u201d n\u00eb Lushnj\u00eb - FjALA e LIR\u00cb - Arkivi","isPartOf":{"@id":"https:\/\/fjala.info\/2009-2015\/#website"},"primaryImageOfPage":{"@id":"https:\/\/fjala.info\/2009-2015\/doktori-masa-te-rrepta-ne-javen-e-preshit-ne-lushnje\/#primaryimage"},"image":{"@id":"https:\/\/fjala.info\/2009-2015\/doktori-masa-te-rrepta-ne-javen-e-preshit-ne-lushnje\/#primaryimage"},"thumbnailUrl":"http:\/\/www.shkoder.net\/2012\/sali_berisha.jpg","datePublished":"2012-01-19T19:38:46+00:00","breadcrumb":{"@id":"https:\/\/fjala.info\/2009-2015\/doktori-masa-te-rrepta-ne-javen-e-preshit-ne-lushnje\/#breadcrumb"},"inLanguage":"sq-AL","potentialAction":[{"@type":"ReadAction","target":["https:\/\/fjala.info\/2009-2015\/doktori-masa-te-rrepta-ne-javen-e-preshit-ne-lushnje\/"]}]},{"@type":"ImageObject","inLanguage":"sq-AL","@id":"https:\/\/fjala.info\/2009-2015\/doktori-masa-te-rrepta-ne-javen-e-preshit-ne-lushnje\/#primaryimage","url":"http:\/\/www.shkoder.net\/2012\/sali_berisha.jpg","contentUrl":"http:\/\/www.shkoder.net\/2012\/sali_berisha.jpg"},{"@type":"BreadcrumbList","@id":"https:\/\/fjala.info\/2009-2015\/doktori-masa-te-rrepta-ne-javen-e-preshit-ne-lushnje\/#breadcrumb","itemListElement":[{"@type":"ListItem","position":1,"name":"Home","item":"https:\/\/fjala.info\/2009-2015\/"},{"@type":"ListItem","position":2,"name":"Doktori, masa t\u00eb rrepta n\u00eb \u201cJav\u00ebn e Preshit\u201d n\u00eb Lushnj\u00eb"}]},{"@type":"WebSite","@id":"https:\/\/fjala.info\/2009-2015\/#website","url":"https:\/\/fjala.info\/2009-2015\/","name":"FjALA e LIR\u00cb - Arkivi","description":"Arkivi 2009-2015","publisher":{"@id":"https:\/\/fjala.info\/2009-2015\/#organization"},"potentialAction":[{"@type":"SearchAction","target":{"@type":"EntryPoint","urlTemplate":"https:\/\/fjala.info\/2009-2015\/?s={search_term_string}"},"query-input":{"@type":"PropertyValueSpecification","valueRequired":true,"valueName":"search_term_string"}}],"inLanguage":"sq-AL"},{"@type":"Organization","@id":"https:\/\/fjala.info\/2009-2015\/#organization","name":"FjALA e LIR\u00cb - Arkivi","url":"https:\/\/fjala.info\/2009-2015\/","logo":{"@type":"ImageObject","inLanguage":"sq-AL","@id":"https:\/\/fjala.info\/2009-2015\/#\/schema\/logo\/image\/","url":"","contentUrl":"","caption":"FjALA e LIR\u00cb - Arkivi"},"image":{"@id":"https:\/\/fjala.info\/2009-2015\/#\/schema\/logo\/image\/"}},{"@type":"Person","@id":"https:\/\/fjala.info\/2009-2015\/#\/schema\/person\/3aa1163ef05469c496fc94e77611ada2","name":"admin","image":{"@type":"ImageObject","inLanguage":"sq-AL","@id":"https:\/\/fjala.info\/2009-2015\/wp-content\/uploads\/2012\/02\/arben_cokaj-120x150.jpg","url":"https:\/\/fjala.info\/2009-2015\/wp-content\/uploads\/2012\/02\/arben_cokaj-120x150.jpg","contentUrl":"https:\/\/fjala.info\/2009-2015\/wp-content\/uploads\/2012\/02\/arben_cokaj-120x150.jpg","caption":"admin"},"description":"Admin, Fjala e Lir\u00eb","sameAs":["https:\/\/fjala.info\/"],"url":"https:\/\/fjala.info\/2009-2015\/author\/admin\/"}]}},"_links":{"self":[{"href":"https:\/\/fjala.info\/2009-2015\/wp-json\/wp\/v2\/posts\/1258","targetHints":{"allow":["GET"]}}],"collection":[{"href":"https:\/\/fjala.info\/2009-2015\/wp-json\/wp\/v2\/posts"}],"about":[{"href":"https:\/\/fjala.info\/2009-2015\/wp-json\/wp\/v2\/types\/post"}],"author":[{"embeddable":true,"href":"https:\/\/fjala.info\/2009-2015\/wp-json\/wp\/v2\/users\/1"}],"replies":[{"embeddable":true,"href":"https:\/\/fjala.info\/2009-2015\/wp-json\/wp\/v2\/comments?post=1258"}],"version-history":[{"count":0,"href":"https:\/\/fjala.info\/2009-2015\/wp-json\/wp\/v2\/posts\/1258\/revisions"}],"wp:attachment":[{"href":"https:\/\/fjala.info\/2009-2015\/wp-json\/wp\/v2\/media?parent=1258"}],"wp:term":[{"taxonomy":"category","embeddable":true,"href":"https:\/\/fjala.info\/2009-2015\/wp-json\/wp\/v2\/categories?post=1258"},{"taxonomy":"post_tag","embeddable":true,"href":"https:\/\/fjala.info\/2009-2015\/wp-json\/wp\/v2\/tags?post=1258"}],"curies":[{"name":"wp","href":"https:\/\/api.w.org\/{rel}","templated":true}]}}