{"id":1251,"date":"2012-01-19T22:29:27","date_gmt":"2012-01-19T21:29:27","guid":{"rendered":"http:\/\/fjala.shkoder.net\/?p=1251"},"modified":"2012-01-19T22:29:27","modified_gmt":"2012-01-19T21:29:27","slug":"shteti-ka-rene","status":"publish","type":"post","link":"https:\/\/fjala.info\/2009-2015\/shteti-ka-rene\/","title":{"rendered":"Shteti ka r\u00ebn\u00eb"},"content":{"rendered":"<p><img decoding=\"async\" class=\"alignleft size-thumbnail wp-image-7236\" title=\"Berisha - Meta\" src=\"http:\/\/www.shkoder.net\/2012\/berisha_meta.jpg\" alt=\"\" width=\"150\" \/> Nga <strong>Artan Mullaj<\/strong>, <em>19 Janar 2012<\/em><\/p>\n<p>Nuk kishte dyshim p\u00ebr ask\u00ebnd se Ilir Meta do t\u00eb shpallej i pafajsh\u00ebm nga gjykata e lart\u00eb! Finalja ishte kronik\u00eb e nj\u00eb gjykimi dhe vendimi t\u00eb paralajm\u00ebruar. Para disa dit\u00ebsh kryeministri drekoi me ministrin e akuzuar, t\u00eb dy h\u00ebngr\u00ebn mish, kruajt\u00ebn dh\u00ebmb\u00ebt me kunja aromatike dhe pin\u00eb ver\u00eb \u201ct\u00eb mir\u00eb\u201d, nga kushedi c\u2019prodhues, dhe t\u00eb dy i rran\u00eb, si dy prift\u00ebrinj, po asaj k\u00ebmbane q\u00eb gj\u00ebmon k\u00ebtu e shum\u00eb vjet: \u201cNe ham\u00eb, pim\u00eb, kruajm\u00eb dh\u00ebmb\u00ebt edhe dhjesim n\u00eb liri t\u00eb plot\u00eb, sa koh\u00eb pushteti yn\u00eb, i betonuar dhe i pamposhtur, nuk mund t\u00eb rrezikohet p\u00ebrfundimisht nga asgj\u00eb\u201d.<\/p>\n<p>U duk se dy lider\u00ebt e mazhoranc\u00ebs, nj\u00ebri n\u00eb delir dhe tjetri n\u00eb orgaz\u00ebm, regjizuan nj\u00eb nga ato ngjarje q\u00eb ndri\u00e7ojn\u00eb vet\u00eb mjerimin q\u00eb len\u00eb pas. Pas k\u00ebtij regjizimi u la t\u00eb kuptohej shum\u00eb qart\u00eb se dinak\u00ebria e pushtetit \u00ebsht\u00eb ve\u00e7ori e atyre q\u00eb, sa koh\u00eb jan\u00eb n\u00eb pushtet, m\u00ebsojn\u00eb t\u00eb sundojn\u00eb. T\u00eb dish t\u00eb sundosh do t\u00eb thot\u00eb t\u00eb dish t\u2019u b\u00ebsh presion institucioneve q\u00eb kan\u00eb akses n\u00eb ndjeshm\u00ebrin\u00eb e nj\u00eb populli.<\/p>\n<p>Nj\u00eb nga k\u00ebto institucione \u00ebsht\u00eb drejt\u00ebsia, dhe u duk pik\u00ebrisht kjo gj\u00eb, sikur, duke ngr\u00ebn\u00eb, pir\u00eb ver\u00eb, f\u00ebrkuar barkun dhe grom\u00ebsir\u00eb gjat\u00eb nj\u00eb dreke me t\u00eb akuzuarin, sundimtari Berisha synoi t\u00eb disiplinoj\u00eb situat\u00ebn, duke i b\u00ebr\u00eb presion pik\u00ebrisht drejt\u00ebsis\u00eb, dhe konkretisht, duke i dh\u00ebn\u00eb pushtet nga sundimi i tij, p\u00ebrs\u00ebri Ilir Met\u00ebs..<\/p>\n<p>Por do t\u00eb mjaftonte nj\u00eb v\u00ebmendje e leht\u00eb p\u00ebr t\u2019u kuptuar q\u00eb \u201cdreka\u201dnuk ishte thjesht nj\u00eb ng\u00ebrdheshje cubash ndaj drejt\u00ebsis\u00eb dhe as ndaj gjykat\u00ebs s\u00eb lart\u00eb. Po t\u00eb sjellim nd\u00ebrmend vendimet e k\u00ebsaj gjykate gjat\u00eb vitit q\u00eb shkoi, do kuptojm\u00eb se kjo ng\u00ebrdheshje nuk do t\u00eb ishte e nevojshme. Kryeministri nuk ka pse ti b\u00ebj\u00eb presion nj\u00eb institucioni q\u00eb i kan\u00eb r\u00ebn\u00eb t\u00eb brendshmet n\u00eb fund t\u00eb k\u00ebmb\u00ebve. Nuk ka pse t\u2019i nxjerr\u00eb thonjt\u00eb nj\u00eb gjykate dhe nj\u00eb ekipi gjykat\u00ebsish q\u00eb i ka plot\u00ebsisht n\u00eb kontroll.<\/p>\n<p>Gjykimi i zbeht\u00eb i G\u00ebrdecit, zvarritjet, mbyllja e syve p\u00ebrball\u00eb korrupsionit qeveritar, heshtja barbare ndaj manipulimit t\u00eb rezultatit zgjedhor n\u00eb Tiran\u00eb, vendimi i Tom\u00ebs dhe i Sashenk\u00ebs n\u00eb Kolegjin Zgjedhor, gjykimet e mbetura n\u00eb hava t\u00eb ministrave t\u00eb akuzuar p\u00ebr procedura, vrasjet e pazbuluara dhe t\u00eb pagjykuara, t\u00eb gjitha k\u00ebto provojn\u00eb k\u00ebt\u00eb gj\u00eb. Q\u00eb Ilir Met\u00ebs nuk do t\u2019i hynte gjemb n\u00eb k\u00ebmb\u00eb, kjo nuk ish v\u00ebshtir\u00eb t\u00eb kuptohej, aq sa, shumica e parandjen\u00eb k\u00ebt\u00eb sinjal t\u00eb \u201cfakti t\u00eb kryer\u201d, si nj\u00eb vendim t\u00eb parakohsh\u00ebm qiellor.<\/p>\n<p>(Vendimi i paradh\u00ebn\u00eb i drejt\u00ebsis\u00eb ishte d\u00ebshmuar nd\u00ebrkaq edhe nga studioja e emisionit \u201cOpinion\u201d, ku ish zv.kryeministri, do t\u00eb ishte i ftuar. Fajtor ose jo, a mund t\u00eb ftohet n\u00eb liri t\u00eb plot\u00eb nj\u00eb i akuzuar p\u00ebr korrupsion dit\u00ebn e gjyqit n\u00eb nj\u00eb studio televizive, p\u00ebrve\u00e7se n\u00eb rastin kur \u00ebsht\u00eb e sigurt pafaj\u00ebsia e tij q\u00eb para gjykimit?)<\/p>\n<p>Pra q\u00ebllimi i Berish\u00ebs, p\u00ebrkundrazi, nuk ishte t\u2019i b\u00ebnte presion gjykat\u00ebs shqiptare, por opinionit publik dhe opozit\u00ebs, n\u00eb nj\u00eb spektak\u00ebl pushteti t\u00eb betonuar. N\u00eb k\u00ebt\u00eb performanc\u00eb duhej t\u00eb spikaste patjet\u00ebr legjenda se notari kampion i Dh\u00ebrmiut \u00ebsht\u00eb kampion n\u00eb gjith\u00e7ka; se ai di t\u2019i ket\u00eb n\u00eb kontroll kund\u00ebrshtit\u00eb. Se ai di t\u00eb rr\u00ebnoj\u00eb shpres\u00ebn publike n\u00ebse kjo gj\u00eb \u00ebsht\u00eb e nevojshme.<\/p>\n<p>* * *<\/p>\n<p>Ashtu si nj\u00eb vit m\u00eb par\u00eb, Shqip\u00ebria nxiton t\u00eb p\u00ebrballet me zem\u00ebrimin e saj, pik\u00ebrisht n\u00eb 21 Janar. Val\u00ebt e d\u00ebshp\u00ebrimit, si fantazma shpagimesh e shpjegimesh, do t\u00eb emetohen p\u00ebrmes atmosfer\u00ebs s\u00eb ftoht\u00eb, t\u00eb ndotur dhe t\u00eb pafajshme. Shqiptar\u00eb t\u00eb pafajsh\u00ebm jan\u00eb vrar\u00eb plot n\u00eb tranzicionin barbar, por nuk kishte ndodhur m\u00eb par\u00eb q\u00eb krimi t\u00eb ishte kaq i qart\u00eb sa ta shnd\u00ebrronte pafaj\u00ebsin\u00eb e tyre n\u00eb nj\u00eb simbol. N\u00eb 21 Janarin e shkuar, nd\u00ebrsa dhan\u00eb shpirt n\u00eb trotuaret e pushtetit, ndodhi pik\u00ebrisht ky gj\u00eb.<\/p>\n<p>Krijimi i nj\u00eb simboli t\u00eb dhimbjes p\u00ebr shkaqe t\u00eb dhimbshme. Nj\u00eb nga k\u00ebto shkaqe \u00ebsht\u00eb shp\u00ebrfillja e hapur e drejt\u00ebsis\u00eb prej pushtetit. Si nj\u00eb nga fuqit\u00eb q\u00eb provokon pesimiz\u00ebm kolektiv nj\u00eb populli t\u00eb t\u00ebr\u00eb, padrejt\u00ebsia sjell p\u00ebrher\u00eb stres e mosshpres\u00eb. Mallkimi q\u00eb drejt\u00ebsia shkelet gjithnj\u00eb e m\u00eb hapur, deri n\u00eb dhimbje dhe deri n\u00eb zhg\u00ebnjim, p\u00ebr shkak t\u00eb pesimizmit, ndihet gjithandej k\u00ebto dit\u00eb p\u00ebrkujtimesh t\u00eb frikshme. Gjith\u00e7ka \u00ebsht\u00eb ndryshe sot, nj\u00eb vit pas krimit shtet\u00ebror t\u00eb 21 janarit, me kriminel\u00eb t\u00eb paduksh\u00ebm dhe t\u00eb pand\u00ebshkuar. Ilir Meta, edhe pse nj\u00eb personazh brilant i korrupsionit qeveritar, \u00ebsht\u00eb shpallur i pafajsh\u00ebm nga po ajo gjykat\u00eb fajtore q\u00eb nuk ka nxjerr\u00eb ende fajtor\u00eb p\u00ebr vrasjet e 21-Janarit t\u00eb shkuar.<\/p>\n<p>Ilir Meta \u00ebsht\u00eb i lir\u00eb t\u00eb shkel\u00eb mbi plag\u00ebt q\u00eb kjo gjykat\u00eb hapi duke zvarritur G\u00ebrdecin dhe vulosur kusarin\u00eb e zgjedhjeve lokale t\u00eb 8 Majit. Ky vend ka luft\u00eb t\u00eb gjat\u00eb p\u00ebrpara, ndoshta t\u00eb kot\u00eb por t\u00eb v\u00ebshtir\u00eb p\u00ebr t\u00eb b\u00ebr\u00eb me vetveten. Nj\u00eb vit m\u00eb pas, drejt\u00ebsia shqiptare, m\u00eb shum\u00eb se nj\u00eb institucion, \u00ebsht\u00eb nj\u00eb terror psikologjik p\u00ebr njer\u00ebzit q\u00eb duan t\u00eb jetojn\u00eb t\u00eb lire dhe shpirtrat q\u00eb duan t\u00eb largohen t\u00eb lir\u00eb.. Prandaj themi se nj\u00eb vit m\u00eb pas, gjykat\u00ebsit tan\u00eb e kan\u00eb rritur pesh\u00ebn e kryqit n\u00eb shpin\u00eb, po aq sa \u00ebsht\u00eb rritur numri i atyre q\u00eb besojn\u00eb se qeverisja nuk \u00ebsht\u00eb m\u00eb e till\u00eb, por \u00ebsht\u00eb nj\u00eb sundim.<\/p>\n<p>Kur kund\u00ebrshton vet\u00ebm, ndihesh vet\u00ebm. Diktatura e padukshme e rr\u00ebnimit t\u00eb shpres\u00ebs, \u00ebsht\u00eb nj\u00ebra nga mjetet q\u00eb sundimtar\u00ebt p\u00ebrdorin me sukses p\u00ebr t\u00eb fshir\u00eb kund\u00ebrshtit\u00eb, duke shtuar vetmit\u00eb, nj\u00ebr\u00ebn pas tjetr\u00ebs. Brisht\u00ebsia e shqiptar\u00ebve, ashtu si vetmia, \u00ebsht\u00eb nj\u00eb dhurat\u00eb e p\u00ebrzotshme p\u00ebr kryezot\u00ebt e tyre. \u00c7far\u00eb mrekullie t\u00eb sundosh disa njer\u00ebz q\u00eb nuk din\u00eb t\u00eb organizohen dhe kund\u00ebrshtojn\u00eb dhe as grupohen p\u00ebr t\u00eb drejtat e tyre.<\/p>\n<p>Shkeli me k\u00ebmb\u00eb, mohoji, mashtroi, posht\u00ebroi, vraji n\u00eb shesh dhe piju gjakun po deshe, ata do t\u00eb t\u00eb shohin q\u00eb posht\u00eb, nga p\u00ebrulja e tyre me syt\u00eb e pafajsh\u00ebm t\u00eb nj\u00eb viktime fajtore: \u201cK\u00ebto gjallesa shpin\u00ebn t\u00eb kthejn\u00eb! Goditi! B\u00ebju \u00e7\u2019t\u00eb duash! \u00c7far\u00eb k\u00ebnaq\u00ebsie t\u00eb fshish shk\u00ebndijat e shpres\u00ebs nga nd\u00ebrgjegja e tyre! Kush tha se pushtetar\u00ebt kan\u00eb pushuar s\u00eb k\u00ebrkuari arritje n\u00eb q\u00ebllimet e tyre. P\u00ebrse t\u00eb mos b\u00ebhemi zota, kur ka rob\u00ebr t\u00eb till\u00eb n\u00ebn k\u00ebmb\u00ebt tona?<\/p>\n<p>A nuk \u00ebsht\u00eb ky nj\u00eb q\u00ebllim q\u00eb nuk mbaron kurr\u00eb? P\u00ebrse t\u00eb mos kemi n\u00eb kontroll edhe shkulmet e turmave, pasi kemi fituar n\u00ebnshtrimin e tyre? P\u00ebrse t\u00eb mos vrasim shpres\u00ebn q\u00eb t\u00eb dhunojm\u00eb nd\u00ebrgjegjen e tyre, si\u00e7 hyjn\u00eb kaubojsat n\u00eb fshatrat rebele, p\u00ebr t\u00eb fshir\u00eb e shkat\u00ebrruar gjith\u00e7ka. Nj\u00eblloj do t\u00eb shkat\u00ebrrojm\u00eb q\u00ebndres\u00ebn e fundit, durimin dhe emocionet e tyre. I sundojm\u00eb, i vjedhim, i vrasim kaq leht\u00eb! K\u00ebta njer\u00ebz e pask\u00ebrkan psher\u00ebtim\u00ebn dhe zvarritjen nj\u00eb performanc\u00eb gjenetike t\u00eb tyre, prandaj, p\u00ebrse pushteti q\u00eb kemi, i betonuar kaq shum\u00eb, mos i skllav\u00ebroj\u00eb p\u00ebrjet\u00ebsisht deri n\u00eb pik\u00ebn e fundit, ku nuk do t\u00eb ken\u00eb m\u00eb fantazi, kund\u00ebrshti dhe vullnet t\u00eb sh\u00ebndetsh\u00ebm p\u00ebr t\u2019u ankuar?\u201d<\/p>\n<p>* * *<\/p>\n<p>Nj\u00eb vit m\u00eb pas, shqiptar\u00ebt kryeulur, shpirtrat e t\u00eb vdekurve n\u00eb sheshin kryeministror dhe t\u00eb gjall\u00ebt, nuk kan\u00eb humbur vet\u00ebm besimin. Sot ata kan\u00eb humbur guximin. Shum\u00eb kan\u00eb humbur. M\u00eb keq akoma, kan\u00eb humbur t\u00eb drejt\u00ebn t\u00eb besojn\u00eb tek guximi i tyre\u2026<\/p>\n<p>Nj\u00eb vit m\u00eb pas, qeveritar\u00ebt vjedhin, shembin, shpenzojn\u00eb, vrasin, fitojn\u00eb, g\u00ebzojn\u00eb, ironizojn\u00eb, shtypin, shp\u00ebrfillin, pasurohen dhe tjet\u00ebrsohen nj\u00eblloj, gjith\u00e7ka n\u00eb kurriz t\u00eb atyre q\u00eb v\u00ebshtir\u00eb t\u00eb fillojn\u00eb t\u00eb shpresojn\u00eb n\u00ebn \u00e7izmen e zez\u00eb t\u00eb nj\u00eb pushteti q\u00eb shkel gjithnj\u00eb e m\u00eb shum\u00eb drejt\u00ebsin\u00eb. Nj\u00eb vit m\u00eb pas, shqiptar\u00ebt, n\u00eb 100 vjetorin e pavar\u00ebsis\u00eb s\u00eb tyre, jan\u00eb m\u00eb kryeulur se kurr\u00eb.<\/p>\n<p>Ata aq m\u00eb pak trokasin n\u00eb dyer institucionesh, se shteti ka r\u00ebn\u00eb. Ju k\u00ebrkohet t\u00eb jen\u00eb t\u00eb lumtur edhe pse ata aq m\u00eb pak presin t\u00eb gjall\u00ebrohen mund\u00ebsit\u00eb p\u00ebr drejt\u00ebsi, pun\u00eb e mir\u00ebqenie. Edhe pse krenaria p\u00ebr pavar\u00ebsin\u00eb shekullore nuk mjafton p\u00ebr t\u00eb zgjidhur problemet e m\u00ebdha, ju k\u00ebrkohet t\u00eb besojn\u00eb q\u00eb nuk jan\u00eb t\u00eb uritur. Ju k\u00ebrkohet t\u00eb pranojn\u00eb q\u00eb ky vend ka drejt\u00ebsi, megjith\u00ebse kjo \u00ebsht\u00eb nj\u00eb gj\u00eb me e rrall\u00eb se kometat.<\/p>\n","protected":false},"excerpt":{"rendered":"<p>Nga Artan Mullaj, 19 Janar 2012 Nuk kishte dyshim p\u00ebr ask\u00ebnd se Ilir Meta do t\u00eb shpallej i pafajsh\u00ebm nga gjykata e lart\u00eb! Finalja ishte kronik\u00eb e nj\u00eb gjykimi dhe vendimi t\u00eb paralajm\u00ebruar. Para disa dit\u00ebsh kryeministri drekoi me ministrin e akuzuar, t\u00eb dy h\u00ebngr\u00ebn mish, kruajt\u00ebn dh\u00ebmb\u00ebt me kunja aromatike dhe pin\u00eb ver\u00eb \u201ct\u00eb [&hellip;]<\/p>\n","protected":false},"author":1,"featured_media":0,"comment_status":"open","ping_status":"closed","sticky":false,"template":"","format":"standard","meta":{"footnotes":""},"categories":[2],"tags":[],"class_list":{"0":"post-1251","1":"post","2":"type-post","3":"status-publish","4":"format-standard","6":"category-artikuj"},"yoast_head":"<!-- This site is optimized with the Yoast SEO plugin v27.4 - https:\/\/yoast.com\/product\/yoast-seo-wordpress\/ -->\n<title>Shteti ka r\u00ebn\u00eb - FjALA e LIR\u00cb - Arkivi<\/title>\n<meta name=\"robots\" content=\"index, follow, max-snippet:-1, max-image-preview:large, max-video-preview:-1\" \/>\n<link rel=\"canonical\" href=\"https:\/\/fjala.info\/2009-2015\/shteti-ka-rene\/\" \/>\n<meta property=\"og:locale\" content=\"sq_AL\" \/>\n<meta property=\"og:type\" content=\"article\" \/>\n<meta property=\"og:title\" content=\"Shteti ka r\u00ebn\u00eb - FjALA e LIR\u00cb - Arkivi\" \/>\n<meta property=\"og:description\" content=\"Nga Artan Mullaj, 19 Janar 2012 Nuk kishte dyshim p\u00ebr ask\u00ebnd se Ilir Meta do t\u00eb shpallej i pafajsh\u00ebm nga gjykata e lart\u00eb! Finalja ishte kronik\u00eb e nj\u00eb gjykimi dhe vendimi t\u00eb paralajm\u00ebruar. Para disa dit\u00ebsh kryeministri drekoi me ministrin e akuzuar, t\u00eb dy h\u00ebngr\u00ebn mish, kruajt\u00ebn dh\u00ebmb\u00ebt me kunja aromatike dhe pin\u00eb ver\u00eb \u201ct\u00eb [&hellip;]\" \/>\n<meta property=\"og:url\" content=\"https:\/\/fjala.info\/2009-2015\/shteti-ka-rene\/\" \/>\n<meta property=\"og:site_name\" content=\"FjALA e LIR\u00cb - Arkivi\" \/>\n<meta property=\"article:published_time\" content=\"2012-01-19T21:29:27+00:00\" \/>\n<meta property=\"og:image\" content=\"http:\/\/www.shkoder.net\/2012\/berisha_meta.jpg\" \/>\n<meta name=\"author\" content=\"admin\" \/>\n<meta name=\"twitter:card\" content=\"summary_large_image\" \/>\n<meta name=\"twitter:label1\" content=\"Written by\" \/>\n\t<meta name=\"twitter:data1\" content=\"admin\" \/>\n\t<meta name=\"twitter:label2\" content=\"Est. reading time\" \/>\n\t<meta name=\"twitter:data2\" content=\"8 minutes\" \/>\n<script type=\"application\/ld+json\" class=\"yoast-schema-graph\">{\"@context\":\"https:\\\/\\\/schema.org\",\"@graph\":[{\"@type\":\"Article\",\"@id\":\"https:\\\/\\\/fjala.info\\\/2009-2015\\\/shteti-ka-rene\\\/#article\",\"isPartOf\":{\"@id\":\"https:\\\/\\\/fjala.info\\\/2009-2015\\\/shteti-ka-rene\\\/\"},\"author\":{\"name\":\"admin\",\"@id\":\"https:\\\/\\\/fjala.info\\\/2009-2015\\\/#\\\/schema\\\/person\\\/3aa1163ef05469c496fc94e77611ada2\"},\"headline\":\"Shteti ka r\u00ebn\u00eb\",\"datePublished\":\"2012-01-19T21:29:27+00:00\",\"mainEntityOfPage\":{\"@id\":\"https:\\\/\\\/fjala.info\\\/2009-2015\\\/shteti-ka-rene\\\/\"},\"wordCount\":1511,\"commentCount\":1,\"publisher\":{\"@id\":\"https:\\\/\\\/fjala.info\\\/2009-2015\\\/#organization\"},\"image\":{\"@id\":\"https:\\\/\\\/fjala.info\\\/2009-2015\\\/shteti-ka-rene\\\/#primaryimage\"},\"thumbnailUrl\":\"http:\\\/\\\/www.shkoder.net\\\/2012\\\/berisha_meta.jpg\",\"articleSection\":[\"Artikuj\"],\"inLanguage\":\"sq-AL\",\"potentialAction\":[{\"@type\":\"CommentAction\",\"name\":\"Comment\",\"target\":[\"https:\\\/\\\/fjala.info\\\/2009-2015\\\/shteti-ka-rene\\\/#respond\"]}]},{\"@type\":\"WebPage\",\"@id\":\"https:\\\/\\\/fjala.info\\\/2009-2015\\\/shteti-ka-rene\\\/\",\"url\":\"https:\\\/\\\/fjala.info\\\/2009-2015\\\/shteti-ka-rene\\\/\",\"name\":\"Shteti ka r\u00ebn\u00eb - FjALA e LIR\u00cb - Arkivi\",\"isPartOf\":{\"@id\":\"https:\\\/\\\/fjala.info\\\/2009-2015\\\/#website\"},\"primaryImageOfPage\":{\"@id\":\"https:\\\/\\\/fjala.info\\\/2009-2015\\\/shteti-ka-rene\\\/#primaryimage\"},\"image\":{\"@id\":\"https:\\\/\\\/fjala.info\\\/2009-2015\\\/shteti-ka-rene\\\/#primaryimage\"},\"thumbnailUrl\":\"http:\\\/\\\/www.shkoder.net\\\/2012\\\/berisha_meta.jpg\",\"datePublished\":\"2012-01-19T21:29:27+00:00\",\"breadcrumb\":{\"@id\":\"https:\\\/\\\/fjala.info\\\/2009-2015\\\/shteti-ka-rene\\\/#breadcrumb\"},\"inLanguage\":\"sq-AL\",\"potentialAction\":[{\"@type\":\"ReadAction\",\"target\":[\"https:\\\/\\\/fjala.info\\\/2009-2015\\\/shteti-ka-rene\\\/\"]}]},{\"@type\":\"ImageObject\",\"inLanguage\":\"sq-AL\",\"@id\":\"https:\\\/\\\/fjala.info\\\/2009-2015\\\/shteti-ka-rene\\\/#primaryimage\",\"url\":\"http:\\\/\\\/www.shkoder.net\\\/2012\\\/berisha_meta.jpg\",\"contentUrl\":\"http:\\\/\\\/www.shkoder.net\\\/2012\\\/berisha_meta.jpg\"},{\"@type\":\"BreadcrumbList\",\"@id\":\"https:\\\/\\\/fjala.info\\\/2009-2015\\\/shteti-ka-rene\\\/#breadcrumb\",\"itemListElement\":[{\"@type\":\"ListItem\",\"position\":1,\"name\":\"Home\",\"item\":\"https:\\\/\\\/fjala.info\\\/2009-2015\\\/\"},{\"@type\":\"ListItem\",\"position\":2,\"name\":\"Shteti ka r\u00ebn\u00eb\"}]},{\"@type\":\"WebSite\",\"@id\":\"https:\\\/\\\/fjala.info\\\/2009-2015\\\/#website\",\"url\":\"https:\\\/\\\/fjala.info\\\/2009-2015\\\/\",\"name\":\"FjALA e LIR\u00cb - Arkivi\",\"description\":\"Arkivi 2009-2015\",\"publisher\":{\"@id\":\"https:\\\/\\\/fjala.info\\\/2009-2015\\\/#organization\"},\"potentialAction\":[{\"@type\":\"SearchAction\",\"target\":{\"@type\":\"EntryPoint\",\"urlTemplate\":\"https:\\\/\\\/fjala.info\\\/2009-2015\\\/?s={search_term_string}\"},\"query-input\":{\"@type\":\"PropertyValueSpecification\",\"valueRequired\":true,\"valueName\":\"search_term_string\"}}],\"inLanguage\":\"sq-AL\"},{\"@type\":\"Organization\",\"@id\":\"https:\\\/\\\/fjala.info\\\/2009-2015\\\/#organization\",\"name\":\"FjALA e LIR\u00cb - Arkivi\",\"url\":\"https:\\\/\\\/fjala.info\\\/2009-2015\\\/\",\"logo\":{\"@type\":\"ImageObject\",\"inLanguage\":\"sq-AL\",\"@id\":\"https:\\\/\\\/fjala.info\\\/2009-2015\\\/#\\\/schema\\\/logo\\\/image\\\/\",\"url\":\"\",\"contentUrl\":\"\",\"caption\":\"FjALA e LIR\u00cb - Arkivi\"},\"image\":{\"@id\":\"https:\\\/\\\/fjala.info\\\/2009-2015\\\/#\\\/schema\\\/logo\\\/image\\\/\"}},{\"@type\":\"Person\",\"@id\":\"https:\\\/\\\/fjala.info\\\/2009-2015\\\/#\\\/schema\\\/person\\\/3aa1163ef05469c496fc94e77611ada2\",\"name\":\"admin\",\"image\":{\"@type\":\"ImageObject\",\"inLanguage\":\"sq-AL\",\"@id\":\"https:\\\/\\\/fjala.info\\\/2009-2015\\\/wp-content\\\/uploads\\\/2012\\\/02\\\/arben_cokaj-120x150.jpg\",\"url\":\"https:\\\/\\\/fjala.info\\\/2009-2015\\\/wp-content\\\/uploads\\\/2012\\\/02\\\/arben_cokaj-120x150.jpg\",\"contentUrl\":\"https:\\\/\\\/fjala.info\\\/2009-2015\\\/wp-content\\\/uploads\\\/2012\\\/02\\\/arben_cokaj-120x150.jpg\",\"caption\":\"admin\"},\"description\":\"Admin, Fjala e Lir\u00eb\",\"sameAs\":[\"https:\\\/\\\/fjala.info\\\/\"],\"url\":\"https:\\\/\\\/fjala.info\\\/2009-2015\\\/author\\\/admin\\\/\"}]}<\/script>\n<!-- \/ Yoast SEO plugin. -->","yoast_head_json":{"title":"Shteti ka r\u00ebn\u00eb - FjALA e LIR\u00cb - Arkivi","robots":{"index":"index","follow":"follow","max-snippet":"max-snippet:-1","max-image-preview":"max-image-preview:large","max-video-preview":"max-video-preview:-1"},"canonical":"https:\/\/fjala.info\/2009-2015\/shteti-ka-rene\/","og_locale":"sq_AL","og_type":"article","og_title":"Shteti ka r\u00ebn\u00eb - FjALA e LIR\u00cb - Arkivi","og_description":"Nga Artan Mullaj, 19 Janar 2012 Nuk kishte dyshim p\u00ebr ask\u00ebnd se Ilir Meta do t\u00eb shpallej i pafajsh\u00ebm nga gjykata e lart\u00eb! Finalja ishte kronik\u00eb e nj\u00eb gjykimi dhe vendimi t\u00eb paralajm\u00ebruar. Para disa dit\u00ebsh kryeministri drekoi me ministrin e akuzuar, t\u00eb dy h\u00ebngr\u00ebn mish, kruajt\u00ebn dh\u00ebmb\u00ebt me kunja aromatike dhe pin\u00eb ver\u00eb \u201ct\u00eb [&hellip;]","og_url":"https:\/\/fjala.info\/2009-2015\/shteti-ka-rene\/","og_site_name":"FjALA e LIR\u00cb - Arkivi","article_published_time":"2012-01-19T21:29:27+00:00","og_image":[{"url":"http:\/\/www.shkoder.net\/2012\/berisha_meta.jpg","type":"","width":"","height":""}],"author":"admin","twitter_card":"summary_large_image","twitter_misc":{"Written by":"admin","Est. reading time":"8 minutes"},"schema":{"@context":"https:\/\/schema.org","@graph":[{"@type":"Article","@id":"https:\/\/fjala.info\/2009-2015\/shteti-ka-rene\/#article","isPartOf":{"@id":"https:\/\/fjala.info\/2009-2015\/shteti-ka-rene\/"},"author":{"name":"admin","@id":"https:\/\/fjala.info\/2009-2015\/#\/schema\/person\/3aa1163ef05469c496fc94e77611ada2"},"headline":"Shteti ka r\u00ebn\u00eb","datePublished":"2012-01-19T21:29:27+00:00","mainEntityOfPage":{"@id":"https:\/\/fjala.info\/2009-2015\/shteti-ka-rene\/"},"wordCount":1511,"commentCount":1,"publisher":{"@id":"https:\/\/fjala.info\/2009-2015\/#organization"},"image":{"@id":"https:\/\/fjala.info\/2009-2015\/shteti-ka-rene\/#primaryimage"},"thumbnailUrl":"http:\/\/www.shkoder.net\/2012\/berisha_meta.jpg","articleSection":["Artikuj"],"inLanguage":"sq-AL","potentialAction":[{"@type":"CommentAction","name":"Comment","target":["https:\/\/fjala.info\/2009-2015\/shteti-ka-rene\/#respond"]}]},{"@type":"WebPage","@id":"https:\/\/fjala.info\/2009-2015\/shteti-ka-rene\/","url":"https:\/\/fjala.info\/2009-2015\/shteti-ka-rene\/","name":"Shteti ka r\u00ebn\u00eb - FjALA e LIR\u00cb - Arkivi","isPartOf":{"@id":"https:\/\/fjala.info\/2009-2015\/#website"},"primaryImageOfPage":{"@id":"https:\/\/fjala.info\/2009-2015\/shteti-ka-rene\/#primaryimage"},"image":{"@id":"https:\/\/fjala.info\/2009-2015\/shteti-ka-rene\/#primaryimage"},"thumbnailUrl":"http:\/\/www.shkoder.net\/2012\/berisha_meta.jpg","datePublished":"2012-01-19T21:29:27+00:00","breadcrumb":{"@id":"https:\/\/fjala.info\/2009-2015\/shteti-ka-rene\/#breadcrumb"},"inLanguage":"sq-AL","potentialAction":[{"@type":"ReadAction","target":["https:\/\/fjala.info\/2009-2015\/shteti-ka-rene\/"]}]},{"@type":"ImageObject","inLanguage":"sq-AL","@id":"https:\/\/fjala.info\/2009-2015\/shteti-ka-rene\/#primaryimage","url":"http:\/\/www.shkoder.net\/2012\/berisha_meta.jpg","contentUrl":"http:\/\/www.shkoder.net\/2012\/berisha_meta.jpg"},{"@type":"BreadcrumbList","@id":"https:\/\/fjala.info\/2009-2015\/shteti-ka-rene\/#breadcrumb","itemListElement":[{"@type":"ListItem","position":1,"name":"Home","item":"https:\/\/fjala.info\/2009-2015\/"},{"@type":"ListItem","position":2,"name":"Shteti ka r\u00ebn\u00eb"}]},{"@type":"WebSite","@id":"https:\/\/fjala.info\/2009-2015\/#website","url":"https:\/\/fjala.info\/2009-2015\/","name":"FjALA e LIR\u00cb - Arkivi","description":"Arkivi 2009-2015","publisher":{"@id":"https:\/\/fjala.info\/2009-2015\/#organization"},"potentialAction":[{"@type":"SearchAction","target":{"@type":"EntryPoint","urlTemplate":"https:\/\/fjala.info\/2009-2015\/?s={search_term_string}"},"query-input":{"@type":"PropertyValueSpecification","valueRequired":true,"valueName":"search_term_string"}}],"inLanguage":"sq-AL"},{"@type":"Organization","@id":"https:\/\/fjala.info\/2009-2015\/#organization","name":"FjALA e LIR\u00cb - Arkivi","url":"https:\/\/fjala.info\/2009-2015\/","logo":{"@type":"ImageObject","inLanguage":"sq-AL","@id":"https:\/\/fjala.info\/2009-2015\/#\/schema\/logo\/image\/","url":"","contentUrl":"","caption":"FjALA e LIR\u00cb - Arkivi"},"image":{"@id":"https:\/\/fjala.info\/2009-2015\/#\/schema\/logo\/image\/"}},{"@type":"Person","@id":"https:\/\/fjala.info\/2009-2015\/#\/schema\/person\/3aa1163ef05469c496fc94e77611ada2","name":"admin","image":{"@type":"ImageObject","inLanguage":"sq-AL","@id":"https:\/\/fjala.info\/2009-2015\/wp-content\/uploads\/2012\/02\/arben_cokaj-120x150.jpg","url":"https:\/\/fjala.info\/2009-2015\/wp-content\/uploads\/2012\/02\/arben_cokaj-120x150.jpg","contentUrl":"https:\/\/fjala.info\/2009-2015\/wp-content\/uploads\/2012\/02\/arben_cokaj-120x150.jpg","caption":"admin"},"description":"Admin, Fjala e Lir\u00eb","sameAs":["https:\/\/fjala.info\/"],"url":"https:\/\/fjala.info\/2009-2015\/author\/admin\/"}]}},"_links":{"self":[{"href":"https:\/\/fjala.info\/2009-2015\/wp-json\/wp\/v2\/posts\/1251","targetHints":{"allow":["GET"]}}],"collection":[{"href":"https:\/\/fjala.info\/2009-2015\/wp-json\/wp\/v2\/posts"}],"about":[{"href":"https:\/\/fjala.info\/2009-2015\/wp-json\/wp\/v2\/types\/post"}],"author":[{"embeddable":true,"href":"https:\/\/fjala.info\/2009-2015\/wp-json\/wp\/v2\/users\/1"}],"replies":[{"embeddable":true,"href":"https:\/\/fjala.info\/2009-2015\/wp-json\/wp\/v2\/comments?post=1251"}],"version-history":[{"count":0,"href":"https:\/\/fjala.info\/2009-2015\/wp-json\/wp\/v2\/posts\/1251\/revisions"}],"wp:attachment":[{"href":"https:\/\/fjala.info\/2009-2015\/wp-json\/wp\/v2\/media?parent=1251"}],"wp:term":[{"taxonomy":"category","embeddable":true,"href":"https:\/\/fjala.info\/2009-2015\/wp-json\/wp\/v2\/categories?post=1251"},{"taxonomy":"post_tag","embeddable":true,"href":"https:\/\/fjala.info\/2009-2015\/wp-json\/wp\/v2\/tags?post=1251"}],"curies":[{"name":"wp","href":"https:\/\/api.w.org\/{rel}","templated":true}]}}