{"id":12504,"date":"2013-03-11T09:47:37","date_gmt":"2013-03-11T08:47:37","guid":{"rendered":"http:\/\/fjala.info\/?p=1371"},"modified":"2013-03-11T09:47:37","modified_gmt":"2013-03-11T08:47:37","slug":"sulmi-i-vemjeve","status":"publish","type":"post","link":"https:\/\/fjala.info\/2009-2015\/sulmi-i-vemjeve\/","title":{"rendered":"Sulmi i vemjeve"},"content":{"rendered":"<p><img decoding=\"async\" class=\"alignright size-thumbnail wp-image-7236\" title=\"Edi Rama\" alt=\"\" src=\"http:\/\/www.fjala.info\/2013\/edi_rama1.jpg\" width=\"200\" \/> Nga <strong>Edi Rama<\/strong>*, <em>10 Mars 2013<\/em><\/p>\n<p><strong>Arbis Vjerdha<\/strong>, 37 vje\u00e7ar, i martuar me dy f\u00ebmije. Kampion i shum\u00ebfisht\u00eb komb\u00ebtar, si dhe fitues i shum\u00eb turneve nd\u00ebrkomb\u00ebtare n\u00eb karate. Kampion bot\u00ebror dhe europian n\u00eb Kick Boxing. Shkodran. Pranon ftes\u00ebn e Fidel Yllit p\u00ebr t\u00eb kontribuar p\u00ebr draftin e programit ton\u00eb t\u00eb Rilindjes s\u00eb Sportit. Vjen edhe n\u00eb Konferenc\u00ebn Komb\u00ebtare t\u00eb Programit p\u00ebr nj\u00eb Rilindje Shqiptare ku flet p\u00ebr sportin duke ngritur pesh\u00eb sall\u00ebn me fjal\u00eb t\u00eb thjeshta e humor tipik shkodran. Paguan menj\u00ebher\u00eb pasoj\u00ebn e bashk\u00ebpunimit me opozit\u00ebn e shpallur armike nga pushteti. I heqin vjehrrin dhe v\u00ebllain nga puna.<\/p>\n<p>Vjehrri an\u00ebtar i PD dhe drejtor i bujq\u00ebsis\u00eb p\u00ebr qarkun Shkod\u00ebr, por me dh\u00ebndrin bashk\u00ebpun\u00ebtor t\u00eb armikut! Historia e k\u00ebtij kampioni q\u00eb ngre flamurin shqiptar n\u00ebp\u00ebr bot\u00eb dhe n\u00eb atdheun e tij trajtohet armiq\u00ebsisht me lib\u00ebr sht\u00ebpie, \u00ebsht\u00eb fatkeq\u00ebsisht historia e p\u00ebrditshme e Shqip\u00ebris\u00eb s\u00eb marr\u00eb peng n\u00eb lirin\u00eb e saj. \u00cbsht\u00eb historia e p\u00ebrditshme e shkeljes brutale t\u00eb lirive e t\u00eb drejtave t\u00eb njer\u00ebzve t\u00eb k\u00ebtij vendi p\u00ebr shkak t\u00eb bindjeve a mosbindjeve t\u00eb tyre. Po edhe m\u00eb keq, \u00ebsht\u00eb historia e nj\u00eb hakmarrjeje primitive q\u00eb prek familjen e t\u00eb af\u00ebrmit p\u00ebr t\u00eb kallur frik\u00ebn p\u00ebrreth.<\/p>\n<p>Kjo histori do marr\u00eb fund pas 23 qershorit. Liria, konkurrenca dhe merita do jen\u00eb vlerat me t\u00eb cilat do marr\u00eb form\u00eb Shqip\u00ebria e rilindur. Ku njer\u00ebzit e suksessh\u00ebm n\u00eb pun\u00eb, sip\u00ebrmarrje, shkenc\u00eb, art apo sport do vler\u00ebsohen lart p\u00ebr suksesin e tyre dhe nuk do cenohen kurr\u00eb p\u00ebr mendimet, bindjet, p\u00ebrkat\u00ebsit\u00eb e tyre politike. Kjo \u00ebsht\u00eb rilindja q\u00eb duam!<\/p>\n<p>*<em>edirama.al<\/em><\/p>\n","protected":false},"excerpt":{"rendered":"<p>Nga Edi Rama*, 10 Mars 2013 Arbis Vjerdha, 37 vje\u00e7ar, i martuar me dy f\u00ebmije. Kampion i shum\u00ebfisht\u00eb komb\u00ebtar, si dhe fitues i shum\u00eb turneve nd\u00ebrkomb\u00ebtare n\u00eb karate. Kampion bot\u00ebror dhe europian n\u00eb Kick Boxing. Shkodran. Pranon ftes\u00ebn e Fidel Yllit p\u00ebr t\u00eb kontribuar p\u00ebr draftin e programit ton\u00eb t\u00eb Rilindjes s\u00eb Sportit. Vjen edhe [&hellip;]<\/p>\n","protected":false},"author":1,"featured_media":0,"comment_status":"open","ping_status":"closed","sticky":false,"template":"","format":"standard","meta":{"footnotes":""},"categories":[2],"tags":[],"class_list":{"0":"post-12504","1":"post","2":"type-post","3":"status-publish","4":"format-standard","6":"category-artikuj"},"yoast_head":"<!-- This site is optimized with the Yoast SEO plugin v27.4 - https:\/\/yoast.com\/product\/yoast-seo-wordpress\/ -->\n<title>Sulmi i vemjeve - FjALA e LIR\u00cb - Arkivi<\/title>\n<meta name=\"robots\" content=\"index, follow, max-snippet:-1, max-image-preview:large, max-video-preview:-1\" \/>\n<link rel=\"canonical\" href=\"https:\/\/fjala.info\/2009-2015\/sulmi-i-vemjeve\/\" \/>\n<meta property=\"og:locale\" content=\"sq_AL\" \/>\n<meta property=\"og:type\" content=\"article\" \/>\n<meta property=\"og:title\" content=\"Sulmi i vemjeve - FjALA e LIR\u00cb - Arkivi\" \/>\n<meta property=\"og:description\" content=\"Nga Edi Rama*, 10 Mars 2013 Arbis Vjerdha, 37 vje\u00e7ar, i martuar me dy f\u00ebmije. Kampion i shum\u00ebfisht\u00eb komb\u00ebtar, si dhe fitues i shum\u00eb turneve nd\u00ebrkomb\u00ebtare n\u00eb karate. Kampion bot\u00ebror dhe europian n\u00eb Kick Boxing. Shkodran. Pranon ftes\u00ebn e Fidel Yllit p\u00ebr t\u00eb kontribuar p\u00ebr draftin e programit ton\u00eb t\u00eb Rilindjes s\u00eb Sportit. Vjen edhe [&hellip;]\" \/>\n<meta property=\"og:url\" content=\"https:\/\/fjala.info\/2009-2015\/sulmi-i-vemjeve\/\" \/>\n<meta property=\"og:site_name\" content=\"FjALA e LIR\u00cb - Arkivi\" \/>\n<meta property=\"article:published_time\" content=\"2013-03-11T08:47:37+00:00\" \/>\n<meta property=\"og:image\" content=\"http:\/\/www.fjala.info\/2013\/edi_rama1.jpg\" \/>\n<meta name=\"author\" content=\"admin\" \/>\n<meta name=\"twitter:card\" content=\"summary_large_image\" \/>\n<meta name=\"twitter:label1\" content=\"Written by\" \/>\n\t<meta name=\"twitter:data1\" content=\"admin\" \/>\n\t<meta name=\"twitter:label2\" content=\"Est. reading time\" \/>\n\t<meta name=\"twitter:data2\" content=\"2 minutes\" \/>\n<script type=\"application\/ld+json\" class=\"yoast-schema-graph\">{\"@context\":\"https:\\\/\\\/schema.org\",\"@graph\":[{\"@type\":\"Article\",\"@id\":\"https:\\\/\\\/fjala.info\\\/2009-2015\\\/sulmi-i-vemjeve\\\/#article\",\"isPartOf\":{\"@id\":\"https:\\\/\\\/fjala.info\\\/2009-2015\\\/sulmi-i-vemjeve\\\/\"},\"author\":{\"name\":\"admin\",\"@id\":\"https:\\\/\\\/fjala.info\\\/2009-2015\\\/#\\\/schema\\\/person\\\/3aa1163ef05469c496fc94e77611ada2\"},\"headline\":\"Sulmi i vemjeve\",\"datePublished\":\"2013-03-11T08:47:37+00:00\",\"mainEntityOfPage\":{\"@id\":\"https:\\\/\\\/fjala.info\\\/2009-2015\\\/sulmi-i-vemjeve\\\/\"},\"wordCount\":309,\"commentCount\":0,\"publisher\":{\"@id\":\"https:\\\/\\\/fjala.info\\\/2009-2015\\\/#organization\"},\"image\":{\"@id\":\"https:\\\/\\\/fjala.info\\\/2009-2015\\\/sulmi-i-vemjeve\\\/#primaryimage\"},\"thumbnailUrl\":\"http:\\\/\\\/www.fjala.info\\\/2013\\\/edi_rama1.jpg\",\"articleSection\":[\"Artikuj\"],\"inLanguage\":\"sq-AL\",\"potentialAction\":[{\"@type\":\"CommentAction\",\"name\":\"Comment\",\"target\":[\"https:\\\/\\\/fjala.info\\\/2009-2015\\\/sulmi-i-vemjeve\\\/#respond\"]}]},{\"@type\":\"WebPage\",\"@id\":\"https:\\\/\\\/fjala.info\\\/2009-2015\\\/sulmi-i-vemjeve\\\/\",\"url\":\"https:\\\/\\\/fjala.info\\\/2009-2015\\\/sulmi-i-vemjeve\\\/\",\"name\":\"Sulmi i vemjeve - FjALA e LIR\u00cb - Arkivi\",\"isPartOf\":{\"@id\":\"https:\\\/\\\/fjala.info\\\/2009-2015\\\/#website\"},\"primaryImageOfPage\":{\"@id\":\"https:\\\/\\\/fjala.info\\\/2009-2015\\\/sulmi-i-vemjeve\\\/#primaryimage\"},\"image\":{\"@id\":\"https:\\\/\\\/fjala.info\\\/2009-2015\\\/sulmi-i-vemjeve\\\/#primaryimage\"},\"thumbnailUrl\":\"http:\\\/\\\/www.fjala.info\\\/2013\\\/edi_rama1.jpg\",\"datePublished\":\"2013-03-11T08:47:37+00:00\",\"breadcrumb\":{\"@id\":\"https:\\\/\\\/fjala.info\\\/2009-2015\\\/sulmi-i-vemjeve\\\/#breadcrumb\"},\"inLanguage\":\"sq-AL\",\"potentialAction\":[{\"@type\":\"ReadAction\",\"target\":[\"https:\\\/\\\/fjala.info\\\/2009-2015\\\/sulmi-i-vemjeve\\\/\"]}]},{\"@type\":\"ImageObject\",\"inLanguage\":\"sq-AL\",\"@id\":\"https:\\\/\\\/fjala.info\\\/2009-2015\\\/sulmi-i-vemjeve\\\/#primaryimage\",\"url\":\"http:\\\/\\\/www.fjala.info\\\/2013\\\/edi_rama1.jpg\",\"contentUrl\":\"http:\\\/\\\/www.fjala.info\\\/2013\\\/edi_rama1.jpg\"},{\"@type\":\"BreadcrumbList\",\"@id\":\"https:\\\/\\\/fjala.info\\\/2009-2015\\\/sulmi-i-vemjeve\\\/#breadcrumb\",\"itemListElement\":[{\"@type\":\"ListItem\",\"position\":1,\"name\":\"Home\",\"item\":\"https:\\\/\\\/fjala.info\\\/2009-2015\\\/\"},{\"@type\":\"ListItem\",\"position\":2,\"name\":\"Sulmi i vemjeve\"}]},{\"@type\":\"WebSite\",\"@id\":\"https:\\\/\\\/fjala.info\\\/2009-2015\\\/#website\",\"url\":\"https:\\\/\\\/fjala.info\\\/2009-2015\\\/\",\"name\":\"FjALA e LIR\u00cb - Arkivi\",\"description\":\"Arkivi 2009-2015\",\"publisher\":{\"@id\":\"https:\\\/\\\/fjala.info\\\/2009-2015\\\/#organization\"},\"potentialAction\":[{\"@type\":\"SearchAction\",\"target\":{\"@type\":\"EntryPoint\",\"urlTemplate\":\"https:\\\/\\\/fjala.info\\\/2009-2015\\\/?s={search_term_string}\"},\"query-input\":{\"@type\":\"PropertyValueSpecification\",\"valueRequired\":true,\"valueName\":\"search_term_string\"}}],\"inLanguage\":\"sq-AL\"},{\"@type\":\"Organization\",\"@id\":\"https:\\\/\\\/fjala.info\\\/2009-2015\\\/#organization\",\"name\":\"FjALA e LIR\u00cb - Arkivi\",\"url\":\"https:\\\/\\\/fjala.info\\\/2009-2015\\\/\",\"logo\":{\"@type\":\"ImageObject\",\"inLanguage\":\"sq-AL\",\"@id\":\"https:\\\/\\\/fjala.info\\\/2009-2015\\\/#\\\/schema\\\/logo\\\/image\\\/\",\"url\":\"\",\"contentUrl\":\"\",\"caption\":\"FjALA e LIR\u00cb - Arkivi\"},\"image\":{\"@id\":\"https:\\\/\\\/fjala.info\\\/2009-2015\\\/#\\\/schema\\\/logo\\\/image\\\/\"}},{\"@type\":\"Person\",\"@id\":\"https:\\\/\\\/fjala.info\\\/2009-2015\\\/#\\\/schema\\\/person\\\/3aa1163ef05469c496fc94e77611ada2\",\"name\":\"admin\",\"image\":{\"@type\":\"ImageObject\",\"inLanguage\":\"sq-AL\",\"@id\":\"https:\\\/\\\/fjala.info\\\/2009-2015\\\/wp-content\\\/uploads\\\/2012\\\/02\\\/arben_cokaj-120x150.jpg\",\"url\":\"https:\\\/\\\/fjala.info\\\/2009-2015\\\/wp-content\\\/uploads\\\/2012\\\/02\\\/arben_cokaj-120x150.jpg\",\"contentUrl\":\"https:\\\/\\\/fjala.info\\\/2009-2015\\\/wp-content\\\/uploads\\\/2012\\\/02\\\/arben_cokaj-120x150.jpg\",\"caption\":\"admin\"},\"description\":\"Admin, Fjala e Lir\u00eb\",\"sameAs\":[\"https:\\\/\\\/fjala.info\\\/\"],\"url\":\"https:\\\/\\\/fjala.info\\\/2009-2015\\\/author\\\/admin\\\/\"}]}<\/script>\n<!-- \/ Yoast SEO plugin. -->","yoast_head_json":{"title":"Sulmi i vemjeve - FjALA e LIR\u00cb - Arkivi","robots":{"index":"index","follow":"follow","max-snippet":"max-snippet:-1","max-image-preview":"max-image-preview:large","max-video-preview":"max-video-preview:-1"},"canonical":"https:\/\/fjala.info\/2009-2015\/sulmi-i-vemjeve\/","og_locale":"sq_AL","og_type":"article","og_title":"Sulmi i vemjeve - FjALA e LIR\u00cb - Arkivi","og_description":"Nga Edi Rama*, 10 Mars 2013 Arbis Vjerdha, 37 vje\u00e7ar, i martuar me dy f\u00ebmije. Kampion i shum\u00ebfisht\u00eb komb\u00ebtar, si dhe fitues i shum\u00eb turneve nd\u00ebrkomb\u00ebtare n\u00eb karate. Kampion bot\u00ebror dhe europian n\u00eb Kick Boxing. Shkodran. Pranon ftes\u00ebn e Fidel Yllit p\u00ebr t\u00eb kontribuar p\u00ebr draftin e programit ton\u00eb t\u00eb Rilindjes s\u00eb Sportit. Vjen edhe [&hellip;]","og_url":"https:\/\/fjala.info\/2009-2015\/sulmi-i-vemjeve\/","og_site_name":"FjALA e LIR\u00cb - Arkivi","article_published_time":"2013-03-11T08:47:37+00:00","og_image":[{"url":"http:\/\/www.fjala.info\/2013\/edi_rama1.jpg","type":"","width":"","height":""}],"author":"admin","twitter_card":"summary_large_image","twitter_misc":{"Written by":"admin","Est. reading time":"2 minutes"},"schema":{"@context":"https:\/\/schema.org","@graph":[{"@type":"Article","@id":"https:\/\/fjala.info\/2009-2015\/sulmi-i-vemjeve\/#article","isPartOf":{"@id":"https:\/\/fjala.info\/2009-2015\/sulmi-i-vemjeve\/"},"author":{"name":"admin","@id":"https:\/\/fjala.info\/2009-2015\/#\/schema\/person\/3aa1163ef05469c496fc94e77611ada2"},"headline":"Sulmi i vemjeve","datePublished":"2013-03-11T08:47:37+00:00","mainEntityOfPage":{"@id":"https:\/\/fjala.info\/2009-2015\/sulmi-i-vemjeve\/"},"wordCount":309,"commentCount":0,"publisher":{"@id":"https:\/\/fjala.info\/2009-2015\/#organization"},"image":{"@id":"https:\/\/fjala.info\/2009-2015\/sulmi-i-vemjeve\/#primaryimage"},"thumbnailUrl":"http:\/\/www.fjala.info\/2013\/edi_rama1.jpg","articleSection":["Artikuj"],"inLanguage":"sq-AL","potentialAction":[{"@type":"CommentAction","name":"Comment","target":["https:\/\/fjala.info\/2009-2015\/sulmi-i-vemjeve\/#respond"]}]},{"@type":"WebPage","@id":"https:\/\/fjala.info\/2009-2015\/sulmi-i-vemjeve\/","url":"https:\/\/fjala.info\/2009-2015\/sulmi-i-vemjeve\/","name":"Sulmi i vemjeve - FjALA e LIR\u00cb - Arkivi","isPartOf":{"@id":"https:\/\/fjala.info\/2009-2015\/#website"},"primaryImageOfPage":{"@id":"https:\/\/fjala.info\/2009-2015\/sulmi-i-vemjeve\/#primaryimage"},"image":{"@id":"https:\/\/fjala.info\/2009-2015\/sulmi-i-vemjeve\/#primaryimage"},"thumbnailUrl":"http:\/\/www.fjala.info\/2013\/edi_rama1.jpg","datePublished":"2013-03-11T08:47:37+00:00","breadcrumb":{"@id":"https:\/\/fjala.info\/2009-2015\/sulmi-i-vemjeve\/#breadcrumb"},"inLanguage":"sq-AL","potentialAction":[{"@type":"ReadAction","target":["https:\/\/fjala.info\/2009-2015\/sulmi-i-vemjeve\/"]}]},{"@type":"ImageObject","inLanguage":"sq-AL","@id":"https:\/\/fjala.info\/2009-2015\/sulmi-i-vemjeve\/#primaryimage","url":"http:\/\/www.fjala.info\/2013\/edi_rama1.jpg","contentUrl":"http:\/\/www.fjala.info\/2013\/edi_rama1.jpg"},{"@type":"BreadcrumbList","@id":"https:\/\/fjala.info\/2009-2015\/sulmi-i-vemjeve\/#breadcrumb","itemListElement":[{"@type":"ListItem","position":1,"name":"Home","item":"https:\/\/fjala.info\/2009-2015\/"},{"@type":"ListItem","position":2,"name":"Sulmi i vemjeve"}]},{"@type":"WebSite","@id":"https:\/\/fjala.info\/2009-2015\/#website","url":"https:\/\/fjala.info\/2009-2015\/","name":"FjALA e LIR\u00cb - Arkivi","description":"Arkivi 2009-2015","publisher":{"@id":"https:\/\/fjala.info\/2009-2015\/#organization"},"potentialAction":[{"@type":"SearchAction","target":{"@type":"EntryPoint","urlTemplate":"https:\/\/fjala.info\/2009-2015\/?s={search_term_string}"},"query-input":{"@type":"PropertyValueSpecification","valueRequired":true,"valueName":"search_term_string"}}],"inLanguage":"sq-AL"},{"@type":"Organization","@id":"https:\/\/fjala.info\/2009-2015\/#organization","name":"FjALA e LIR\u00cb - Arkivi","url":"https:\/\/fjala.info\/2009-2015\/","logo":{"@type":"ImageObject","inLanguage":"sq-AL","@id":"https:\/\/fjala.info\/2009-2015\/#\/schema\/logo\/image\/","url":"","contentUrl":"","caption":"FjALA e LIR\u00cb - Arkivi"},"image":{"@id":"https:\/\/fjala.info\/2009-2015\/#\/schema\/logo\/image\/"}},{"@type":"Person","@id":"https:\/\/fjala.info\/2009-2015\/#\/schema\/person\/3aa1163ef05469c496fc94e77611ada2","name":"admin","image":{"@type":"ImageObject","inLanguage":"sq-AL","@id":"https:\/\/fjala.info\/2009-2015\/wp-content\/uploads\/2012\/02\/arben_cokaj-120x150.jpg","url":"https:\/\/fjala.info\/2009-2015\/wp-content\/uploads\/2012\/02\/arben_cokaj-120x150.jpg","contentUrl":"https:\/\/fjala.info\/2009-2015\/wp-content\/uploads\/2012\/02\/arben_cokaj-120x150.jpg","caption":"admin"},"description":"Admin, Fjala e Lir\u00eb","sameAs":["https:\/\/fjala.info\/"],"url":"https:\/\/fjala.info\/2009-2015\/author\/admin\/"}]}},"_links":{"self":[{"href":"https:\/\/fjala.info\/2009-2015\/wp-json\/wp\/v2\/posts\/12504","targetHints":{"allow":["GET"]}}],"collection":[{"href":"https:\/\/fjala.info\/2009-2015\/wp-json\/wp\/v2\/posts"}],"about":[{"href":"https:\/\/fjala.info\/2009-2015\/wp-json\/wp\/v2\/types\/post"}],"author":[{"embeddable":true,"href":"https:\/\/fjala.info\/2009-2015\/wp-json\/wp\/v2\/users\/1"}],"replies":[{"embeddable":true,"href":"https:\/\/fjala.info\/2009-2015\/wp-json\/wp\/v2\/comments?post=12504"}],"version-history":[{"count":0,"href":"https:\/\/fjala.info\/2009-2015\/wp-json\/wp\/v2\/posts\/12504\/revisions"}],"wp:attachment":[{"href":"https:\/\/fjala.info\/2009-2015\/wp-json\/wp\/v2\/media?parent=12504"}],"wp:term":[{"taxonomy":"category","embeddable":true,"href":"https:\/\/fjala.info\/2009-2015\/wp-json\/wp\/v2\/categories?post=12504"},{"taxonomy":"post_tag","embeddable":true,"href":"https:\/\/fjala.info\/2009-2015\/wp-json\/wp\/v2\/tags?post=12504"}],"curies":[{"name":"wp","href":"https:\/\/api.w.org\/{rel}","templated":true}]}}