{"id":1249,"date":"2012-01-19T22:26:26","date_gmt":"2012-01-19T21:26:26","guid":{"rendered":"http:\/\/fjala.shkoder.net\/?p=1249"},"modified":"2012-01-19T22:26:26","modified_gmt":"2012-01-19T21:26:26","slug":"trojka-punon-saliu-gjykon","status":"publish","type":"post","link":"https:\/\/fjala.info\/2009-2015\/trojka-punon-saliu-gjykon\/","title":{"rendered":"Trojka punon, Saliu gjykon"},"content":{"rendered":"<p><img decoding=\"async\" class=\"alignleft size-thumbnail wp-image-7236\" title=\"Trojka Ambasador\u00ebt\" src=\"http:\/\/www.shkoder.net\/2012\/trojka_amb.jpg\" alt=\"\" width=\"300\" \/> Nga <strong>Bledi Mane <\/strong>&#8211; <strong><em>Public Enemy<\/em><\/strong>, <em>19 Janar 2012<\/em><br \/>\n<a href=\"http:\/\/www.facebook.com\/bledi.mane\">www.facebook.com\/bledi.mane<\/a><\/p>\n<p>Nuk ngeli gazet\u00eb apo televizion blu,roz\u00eb, \u00e7iklamin pa shkruar e transmetuar dje lajmin e dyt\u00eb m\u00eb t\u00eb r\u00ebnd\u00ebsish\u00ebm t\u00eb k\u00ebtij fillimjanari.<\/p>\n<p>Lajmi i par\u00eb: \u201cEkspertiza e provave dhe hetimi mbi masakr\u00ebn gardiste t\u00eb 21 janarit, mb\u00ebrritur pa shum\u00eb vones\u00eb n\u00eb kutin\u00eb postare t\u00eb institucionit t\u00eb Prokuroris\u00eb s\u00eb P\u00ebrgjithshme. Ekspertiz\u00eb&amp;hetim profesionist\u00ebsh nga FBI p\u00ebrtej oqeanit\u201d.<\/p>\n<p>Lajmi i dyt\u00eb: \u201cTre ambasador\u00ebt m\u00eb t\u00eb r\u00ebnd\u00ebsish\u00ebm t\u00eb akredituar n\u00eb vendin ton\u00eb, ai i SHBA-s\u00eb Aleksand\u00ebr Arvizu, i BE-s\u00eb Ettore Sequi dhe i OSBE-s\u00eb Eugen Wollfarth, pas nj\u00eb takimi t\u00eb zhvilluar pa pranin\u00eb e mediave, kan\u00eb publikuar edhe nj\u00eb komunikat\u00eb n\u00eb lidhje me ngjarjet e 21 janarit. Ambasador\u00ebt theksuan nevoj\u00ebn e nj\u00eb hetimi t\u00eb plot\u00eb, gjith\u00ebp\u00ebrfshir\u00ebs dhe t\u00eb pavarur, p\u00ebr t\u00eb hedhur drit\u00eb mbi ngjarjet e 21 janarit. Sipas ambasador\u00ebve, 21 janari 2011 ishte nj\u00eb dit\u00eb e dhimbshme n\u00eb historin\u00eb e af\u00ebrt t\u00eb Shqip\u00ebris\u00eb, me demonstrata t\u00eb dhunshme n\u00eb kryeqytetin shqiptar. N\u00eb at\u00eb dit\u00eb tragjike, kat\u00ebr protestues u vran\u00eb dhe dhjet\u00ebra t\u00eb tjer\u00eb, p\u00ebrfshir\u00eb protestues, kalimtar\u00eb dhe oficer\u00eb policie, u l\u00ebnduan.<\/p>\n<p>S\u00ebrish, duam t\u00eb shprehim ngush\u00ebllimet tona p\u00ebr familjar\u00ebt e viktimave t\u00eb k\u00ebsaj dhune t\u00eb pakuptimt\u00eb dhe t\u00eb pafalshme\u201d- theksohet n\u00eb deklarat\u00ebn e ambasador\u00ebve. Trojka e ambasador\u00ebve thekson se sigurimi i respektit p\u00ebr shtetin ligjor \u00ebsht\u00eb nj\u00eb element thelb\u00ebsor i shoq\u00ebrive demokratike dhe nj\u00eb parakusht p\u00ebr p\u00ebrparimin drejt integrimit n\u00eb BE dhe kjo \u00ebsht\u00eb gjithashtu pjes\u00eb e aspiratave t\u00eb popullit shqiptar.<\/p>\n<p>\u201c21 janari 2012 duhet t\u00eb jet\u00eb m\u00eb tep\u00ebr se nj\u00eb dit\u00eb p\u00ebrkujtimore. Duhet t\u00eb jet\u00eb gjithashtu nj\u00eb rast p\u00ebr t\u00eb gjith\u00eb qytetar\u00ebt shqiptar\u00eb q\u00eb t\u00eb shohin drejt s\u00eb ardhmes dhe p\u00ebr forcat politike q\u00eb t\u00eb forcojn\u00eb dialogun e tyre politik, bashk\u00ebpunimin mbi integrimin n\u00eb BE dhe procesin e reformave\u201d, thuhet n\u00eb deklarat\u00eb.<\/p>\n<p>P\u00ebr k\u00ebto arsye, theksojn\u00eb ambasador\u00ebt, \u201cne nxisim udh\u00ebheq\u00ebsit politik\u00eb t\u00eb Shqip\u00ebris\u00eb t\u2019i japin p\u00ebrpar\u00ebsi interesave t\u00eb vendit dhe atyre t\u00eb qytetar\u00ebve t\u00eb tij para \u00e7\u00ebshtjeve partiake dhe t\u00eb p\u00ebrqendrohen q\u00eb t\u00eb punojn\u00eb s\u00eb bashku mbi hapat konkrete q\u00eb n\u00eb m\u00ebnyr\u00eb vendimtare ta \u00e7ojn\u00eb Shqip\u00ebrin\u00eb p\u00ebrpara n\u00eb rrug\u00ebn e reformave n\u00eb vitin 2012\u2033.<\/p>\n<p>Ambasador\u00ebt shprehen mb\u00ebshtetje dhe besim t\u00eb plot\u00eb p\u00ebr Prokurorin\u00eb shqiptare p\u00ebr hetimin e ngjarjeve t\u00eb 21 janarit.<\/p>\n<p>\u201cNe besojm\u00eb q\u00eb zyra e Prokuroris\u00eb s\u00eb P\u00ebrgjithshme t\u00eb Shqip\u00ebris\u00eb \u00ebsht\u00eb institucioni i duhur p\u00ebr ta kryer k\u00ebt\u00eb hetim dhe ai institucion ka besimin dhe mb\u00ebshtetjen ton\u00eb t\u00eb plot\u00eb. Sigurimi i respektit p\u00ebr shtetin ligjor \u00ebsht\u00eb nj\u00eb element thelb\u00ebsor i shoq\u00ebrive demokratike dhe nj\u00eb parakusht p\u00ebr p\u00ebrparimin drejt integrimit n\u00eb BE.\u201d- thuhet n\u00eb deklarat\u00eb.<\/p>\n<p>Deri k\u00ebtu shum\u00eb normal. \u00c7\u00ebshtja e nxeht\u00eb e p\u00ebrfolur e 21 janarit, pavar\u00ebsisht presioneve politike nga t\u00eb dyja kahet, pavar\u00ebsisht pengesave arbitrare kanunore sa nga garda e gjeneral Nrea Prendit e sa nga kryeministria e monarkut Berish\u00eb, tashm\u00eb me apo pa hir do t\u00eb shin\u00ebzohet n\u00eb traversat e duhura. Hetimet e nisura prej koh\u00ebsh plot\u00ebsohen me ekspertizat amerikane, thirren d\u00ebshmitar\u00ebt, kopsiten faktet edhe me prova filmike, mbyllet dosja dhe sipas Kodit t\u00eb Procedur\u00ebs Penale t\u00eb k\u00ebsaj Republike \u00e7\u00ebshtja shkon p\u00ebr gjykim n\u00eb shkall\u00eb t\u00eb par\u00eb.<\/p>\n<p>P\u00ebr t\u00eb evituar zhurm\u00ebn dhe presionin mediatiko-politik, gjykat\u00ebsit e nivelit baz\u00eb mbyllin kapitullin e par\u00eb duke firmosur vendimet e d\u00ebnimit t\u00eb burgosjes s\u00eb vras\u00ebsve gardist\u00eb.<\/p>\n<p>Dua t\u00eb di n\u00ebse m\u00eb garanton njeri mua, ty i dashur lexues taksapagues, familjar\u00ebt e viktimave, opinionin publik se ata kodosh\u00ebt e Apelit dhe Kasacionit nuk do t\u2019i lirojn\u00eb vras\u00ebsit n\u00eb gjykimet e shkall\u00ebve 2 e 3?<\/p>\n<p>Ishin t\u00eb nj\u00ebjtat fytyra dhe mendje t\u00eb sh\u00ebmtuara q\u00eb Lul Bash\u00ebn s\u2019e d\u00ebnuan p\u00ebr procedur\u00eb p\u00ebr vjedhjen e 230 milion\u00eb eurove t\u00eb rrug\u00ebs nordike-patriotike!<\/p>\n<p>Ishin t\u00eb nj\u00ebjtat fytyra dhe mendje t\u00eb korruptuara q\u00eb Lul Bash\u00ebs i dhan\u00eb fitoren me votat e vjedhura t\u00eb 8 majit!<\/p>\n<p>T\u00eb nj\u00ebjt\u00ebt surret\u00ebr q\u00eb vdekjet e G\u00ebrdecit ia anashkaluan p\u00ebr procedur\u00eb e imunitet Fatmirit t\u00eb ndotur t\u00eb mjedisit apo t\u00eb birit t\u00eb kryeministrit!<\/p>\n<p>T\u00eb nj\u00ebjtat sashenka e sashenk\u00ebr q\u00eb ekspertiza amerikano-angleze e videos s\u00eb Ilir Met\u00ebs nuk u hyri n\u00eb pun\u00eb dhe pasi tall\u00ebn kod civil e penal, Kushtetut\u00eb e shkoll\u00eb jurisprudence lokale,opinion publik e sed\u00ebr humane, ligje e nene nd\u00ebshkueshm\u00ebrie\u2026 pra t\u00eb nj\u00ebjtat fytyra q\u00eb d\u00ebmtojn\u00eb trefish buxhetin e shtetit, t\u00eb nj\u00ebjt\u00ebt gjykat\u00ebs dhjaksa prej krimit e politik\u00ebs q\u00eb zmbrapsin progresin e vendit me fitoret 5-0 n\u00eb favor t\u00eb Ilir Met\u00ebs sikur luan futboll \u00c7epani me Vi\u00e7idolin duke qen\u00eb ende n\u00eb qarkullim jo vet\u00ebm m\u00eb ndjellin neveri, por nuk m\u00eb mbushin mendje se edhe gjyqi publik i 21 janarit nuk do t\u00eb bjer\u00eb n\u00eb dor\u00eb t\u00eb tyre.<\/p>\n<p>Del trojka mban fjalime, q\u00ebndron krah Ina Ram\u00ebs, por harrojn\u00eb se organi i prokuroris\u00eb \u00ebsht\u00eb thjesht organ akuze dhe pretencat e tij nuk pin\u00eb uj\u00eb nda ingranazhet e ndryshkura t\u00eb gjykatave.<\/p>\n<p>Ndaj t\u00eb dashur miq amerikan\u00eb, gjerman\u00eb e italian\u00eb t\u00eb trojk\u00ebs her\u00ebn tjet\u00ebr q\u00eb t\u00eb dukeni m\u00eb t\u00eb besuesh\u00ebm e m\u00eb t\u00eb kap\u00ebrdissh\u00ebm n\u00eb deklaratat tuaja shkoni e vizitoni titullar\u00ebt e gjykatave apo KLD-n\u00eb sepse po ua them hapur e qart\u00eb ky vend nuk ka nevoj\u00eb p\u00ebr prokurori t\u00eb fort\u00eb.<\/p>\n<p>N\u00eb k\u00ebt\u00eb vend organi i akuz\u00ebs \u00ebsht\u00eb inekzistent. Nuk ka nevoj\u00eb Shqip\u00ebria p\u00ebr hetues\u00eb a ekspert\u00eb sepse k\u00ebtu vidhet e vritet 24 or\u00eb n\u00eb dit\u00eb para syve, vesh\u00ebve dhe kamerave. Ne i shikojm\u00eb, ndjejm\u00eb dhe p\u00ebrjetojm\u00eb posht\u00ebrsit\u00eb e regjimit dhe oligark\u00ebve t\u00eb tij dhe puna e prokuroris\u00eb thjesht del jasht\u00eb loje n\u00eb k\u00ebt\u00eb mes. Ne duam nd\u00ebshkues t\u00eb rrept\u00eb t\u00eb pakompromis, duam gjykata q\u00eb i japin hakun edhe Baftjar Qorrit, xhepistit q\u00eb vjedh pensionist\u00ebt e urban\u00ebve t\u00eb Unaz\u00ebs edhe Ilirit t\u00eb met\u00eb t\u00eb L\u00ebs\u00ebis\u00eb partia e t\u00eb cilit pa turp e pa cip\u00eb vidhte edhe gram\u00ebt e cunguar t\u00eb buk\u00ebs s\u00eb shqiptar\u00ebve.<\/p>\n<p><strong>2.\/ Sh\u00ebnim i r\u00ebnd\u00ebsish\u00ebm<\/strong><\/p>\n<p>Sot po u tregoj kurb\u00ebn e k\u00ebrc\u00ebnimeve ndaj meje kur shkruaj te TemA.<br \/>\n&#8211; vend t\u00eb par\u00eb k\u00ebrc\u00ebnimet e paprecedenta p\u00ebr shkrimit \u201cAishja jon\u00eb\/Argita Berisha\u201d, shtator 2011<br \/>\n&#8211; vend t\u00eb dyt\u00eb k\u00ebrc\u00ebnimet bajate p\u00ebr shkrimit \u201cShpres\u00eb te Shpresa Be\u00e7aj p\u00ebr pak shpres\u00eb drejt\u00ebsie\u201d, janar 2012<br \/>\n&#8211; vend t\u00eb tret\u00eb k\u00ebrc\u00ebnimet e fresk\u00ebta p\u00ebr shkrimit \u201cMonika mos u hidh nga ballkoni\u201d, janar 2012<\/p>\n","protected":false},"excerpt":{"rendered":"<p>Nga Bledi Mane &#8211; Public Enemy, 19 Janar 2012 www.facebook.com\/bledi.mane Nuk ngeli gazet\u00eb apo televizion blu,roz\u00eb, \u00e7iklamin pa shkruar e transmetuar dje lajmin e dyt\u00eb m\u00eb t\u00eb r\u00ebnd\u00ebsish\u00ebm t\u00eb k\u00ebtij fillimjanari. Lajmi i par\u00eb: \u201cEkspertiza e provave dhe hetimi mbi masakr\u00ebn gardiste t\u00eb 21 janarit, mb\u00ebrritur pa shum\u00eb vones\u00eb n\u00eb kutin\u00eb postare t\u00eb institucionit t\u00eb [&hellip;]<\/p>\n","protected":false},"author":1,"featured_media":0,"comment_status":"open","ping_status":"closed","sticky":false,"template":"","format":"standard","meta":{"footnotes":""},"categories":[2],"tags":[],"class_list":{"0":"post-1249","1":"post","2":"type-post","3":"status-publish","4":"format-standard","6":"category-artikuj"},"yoast_head":"<!-- This site is optimized with the Yoast SEO plugin v27.4 - https:\/\/yoast.com\/product\/yoast-seo-wordpress\/ -->\n<title>Trojka punon, Saliu gjykon - FjALA e LIR\u00cb - Arkivi<\/title>\n<meta name=\"robots\" content=\"index, follow, max-snippet:-1, max-image-preview:large, max-video-preview:-1\" \/>\n<link rel=\"canonical\" href=\"https:\/\/fjala.info\/2009-2015\/trojka-punon-saliu-gjykon\/\" \/>\n<meta property=\"og:locale\" content=\"sq_AL\" \/>\n<meta property=\"og:type\" content=\"article\" \/>\n<meta property=\"og:title\" content=\"Trojka punon, Saliu gjykon - FjALA e LIR\u00cb - Arkivi\" \/>\n<meta property=\"og:description\" content=\"Nga Bledi Mane &#8211; Public Enemy, 19 Janar 2012 www.facebook.com\/bledi.mane Nuk ngeli gazet\u00eb apo televizion blu,roz\u00eb, \u00e7iklamin pa shkruar e transmetuar dje lajmin e dyt\u00eb m\u00eb t\u00eb r\u00ebnd\u00ebsish\u00ebm t\u00eb k\u00ebtij fillimjanari. Lajmi i par\u00eb: \u201cEkspertiza e provave dhe hetimi mbi masakr\u00ebn gardiste t\u00eb 21 janarit, mb\u00ebrritur pa shum\u00eb vones\u00eb n\u00eb kutin\u00eb postare t\u00eb institucionit t\u00eb [&hellip;]\" \/>\n<meta property=\"og:url\" content=\"https:\/\/fjala.info\/2009-2015\/trojka-punon-saliu-gjykon\/\" \/>\n<meta property=\"og:site_name\" content=\"FjALA e LIR\u00cb - Arkivi\" \/>\n<meta property=\"article:published_time\" content=\"2012-01-19T21:26:26+00:00\" \/>\n<meta property=\"og:image\" content=\"http:\/\/www.shkoder.net\/2012\/trojka_amb.jpg\" \/>\n<meta name=\"author\" content=\"admin\" \/>\n<meta name=\"twitter:card\" content=\"summary_large_image\" \/>\n<meta name=\"twitter:label1\" content=\"Written by\" \/>\n\t<meta name=\"twitter:data1\" content=\"admin\" \/>\n\t<meta name=\"twitter:label2\" content=\"Est. reading time\" \/>\n\t<meta name=\"twitter:data2\" content=\"6 minutes\" \/>\n<script type=\"application\/ld+json\" class=\"yoast-schema-graph\">{\"@context\":\"https:\\\/\\\/schema.org\",\"@graph\":[{\"@type\":\"Article\",\"@id\":\"https:\\\/\\\/fjala.info\\\/2009-2015\\\/trojka-punon-saliu-gjykon\\\/#article\",\"isPartOf\":{\"@id\":\"https:\\\/\\\/fjala.info\\\/2009-2015\\\/trojka-punon-saliu-gjykon\\\/\"},\"author\":{\"name\":\"admin\",\"@id\":\"https:\\\/\\\/fjala.info\\\/2009-2015\\\/#\\\/schema\\\/person\\\/3aa1163ef05469c496fc94e77611ada2\"},\"headline\":\"Trojka punon, Saliu gjykon\",\"datePublished\":\"2012-01-19T21:26:26+00:00\",\"mainEntityOfPage\":{\"@id\":\"https:\\\/\\\/fjala.info\\\/2009-2015\\\/trojka-punon-saliu-gjykon\\\/\"},\"wordCount\":1150,\"commentCount\":0,\"publisher\":{\"@id\":\"https:\\\/\\\/fjala.info\\\/2009-2015\\\/#organization\"},\"image\":{\"@id\":\"https:\\\/\\\/fjala.info\\\/2009-2015\\\/trojka-punon-saliu-gjykon\\\/#primaryimage\"},\"thumbnailUrl\":\"http:\\\/\\\/www.shkoder.net\\\/2012\\\/trojka_amb.jpg\",\"articleSection\":[\"Artikuj\"],\"inLanguage\":\"sq-AL\",\"potentialAction\":[{\"@type\":\"CommentAction\",\"name\":\"Comment\",\"target\":[\"https:\\\/\\\/fjala.info\\\/2009-2015\\\/trojka-punon-saliu-gjykon\\\/#respond\"]}]},{\"@type\":\"WebPage\",\"@id\":\"https:\\\/\\\/fjala.info\\\/2009-2015\\\/trojka-punon-saliu-gjykon\\\/\",\"url\":\"https:\\\/\\\/fjala.info\\\/2009-2015\\\/trojka-punon-saliu-gjykon\\\/\",\"name\":\"Trojka punon, Saliu gjykon - FjALA e LIR\u00cb - Arkivi\",\"isPartOf\":{\"@id\":\"https:\\\/\\\/fjala.info\\\/2009-2015\\\/#website\"},\"primaryImageOfPage\":{\"@id\":\"https:\\\/\\\/fjala.info\\\/2009-2015\\\/trojka-punon-saliu-gjykon\\\/#primaryimage\"},\"image\":{\"@id\":\"https:\\\/\\\/fjala.info\\\/2009-2015\\\/trojka-punon-saliu-gjykon\\\/#primaryimage\"},\"thumbnailUrl\":\"http:\\\/\\\/www.shkoder.net\\\/2012\\\/trojka_amb.jpg\",\"datePublished\":\"2012-01-19T21:26:26+00:00\",\"breadcrumb\":{\"@id\":\"https:\\\/\\\/fjala.info\\\/2009-2015\\\/trojka-punon-saliu-gjykon\\\/#breadcrumb\"},\"inLanguage\":\"sq-AL\",\"potentialAction\":[{\"@type\":\"ReadAction\",\"target\":[\"https:\\\/\\\/fjala.info\\\/2009-2015\\\/trojka-punon-saliu-gjykon\\\/\"]}]},{\"@type\":\"ImageObject\",\"inLanguage\":\"sq-AL\",\"@id\":\"https:\\\/\\\/fjala.info\\\/2009-2015\\\/trojka-punon-saliu-gjykon\\\/#primaryimage\",\"url\":\"http:\\\/\\\/www.shkoder.net\\\/2012\\\/trojka_amb.jpg\",\"contentUrl\":\"http:\\\/\\\/www.shkoder.net\\\/2012\\\/trojka_amb.jpg\"},{\"@type\":\"BreadcrumbList\",\"@id\":\"https:\\\/\\\/fjala.info\\\/2009-2015\\\/trojka-punon-saliu-gjykon\\\/#breadcrumb\",\"itemListElement\":[{\"@type\":\"ListItem\",\"position\":1,\"name\":\"Home\",\"item\":\"https:\\\/\\\/fjala.info\\\/2009-2015\\\/\"},{\"@type\":\"ListItem\",\"position\":2,\"name\":\"Trojka punon, Saliu gjykon\"}]},{\"@type\":\"WebSite\",\"@id\":\"https:\\\/\\\/fjala.info\\\/2009-2015\\\/#website\",\"url\":\"https:\\\/\\\/fjala.info\\\/2009-2015\\\/\",\"name\":\"FjALA e LIR\u00cb - Arkivi\",\"description\":\"Arkivi 2009-2015\",\"publisher\":{\"@id\":\"https:\\\/\\\/fjala.info\\\/2009-2015\\\/#organization\"},\"potentialAction\":[{\"@type\":\"SearchAction\",\"target\":{\"@type\":\"EntryPoint\",\"urlTemplate\":\"https:\\\/\\\/fjala.info\\\/2009-2015\\\/?s={search_term_string}\"},\"query-input\":{\"@type\":\"PropertyValueSpecification\",\"valueRequired\":true,\"valueName\":\"search_term_string\"}}],\"inLanguage\":\"sq-AL\"},{\"@type\":\"Organization\",\"@id\":\"https:\\\/\\\/fjala.info\\\/2009-2015\\\/#organization\",\"name\":\"FjALA e LIR\u00cb - Arkivi\",\"url\":\"https:\\\/\\\/fjala.info\\\/2009-2015\\\/\",\"logo\":{\"@type\":\"ImageObject\",\"inLanguage\":\"sq-AL\",\"@id\":\"https:\\\/\\\/fjala.info\\\/2009-2015\\\/#\\\/schema\\\/logo\\\/image\\\/\",\"url\":\"\",\"contentUrl\":\"\",\"caption\":\"FjALA e LIR\u00cb - Arkivi\"},\"image\":{\"@id\":\"https:\\\/\\\/fjala.info\\\/2009-2015\\\/#\\\/schema\\\/logo\\\/image\\\/\"}},{\"@type\":\"Person\",\"@id\":\"https:\\\/\\\/fjala.info\\\/2009-2015\\\/#\\\/schema\\\/person\\\/3aa1163ef05469c496fc94e77611ada2\",\"name\":\"admin\",\"image\":{\"@type\":\"ImageObject\",\"inLanguage\":\"sq-AL\",\"@id\":\"https:\\\/\\\/fjala.info\\\/2009-2015\\\/wp-content\\\/uploads\\\/2012\\\/02\\\/arben_cokaj-120x150.jpg\",\"url\":\"https:\\\/\\\/fjala.info\\\/2009-2015\\\/wp-content\\\/uploads\\\/2012\\\/02\\\/arben_cokaj-120x150.jpg\",\"contentUrl\":\"https:\\\/\\\/fjala.info\\\/2009-2015\\\/wp-content\\\/uploads\\\/2012\\\/02\\\/arben_cokaj-120x150.jpg\",\"caption\":\"admin\"},\"description\":\"Admin, Fjala e Lir\u00eb\",\"sameAs\":[\"https:\\\/\\\/fjala.info\\\/\"],\"url\":\"https:\\\/\\\/fjala.info\\\/2009-2015\\\/author\\\/admin\\\/\"}]}<\/script>\n<!-- \/ Yoast SEO plugin. -->","yoast_head_json":{"title":"Trojka punon, Saliu gjykon - FjALA e LIR\u00cb - Arkivi","robots":{"index":"index","follow":"follow","max-snippet":"max-snippet:-1","max-image-preview":"max-image-preview:large","max-video-preview":"max-video-preview:-1"},"canonical":"https:\/\/fjala.info\/2009-2015\/trojka-punon-saliu-gjykon\/","og_locale":"sq_AL","og_type":"article","og_title":"Trojka punon, Saliu gjykon - FjALA e LIR\u00cb - Arkivi","og_description":"Nga Bledi Mane &#8211; Public Enemy, 19 Janar 2012 www.facebook.com\/bledi.mane Nuk ngeli gazet\u00eb apo televizion blu,roz\u00eb, \u00e7iklamin pa shkruar e transmetuar dje lajmin e dyt\u00eb m\u00eb t\u00eb r\u00ebnd\u00ebsish\u00ebm t\u00eb k\u00ebtij fillimjanari. Lajmi i par\u00eb: \u201cEkspertiza e provave dhe hetimi mbi masakr\u00ebn gardiste t\u00eb 21 janarit, mb\u00ebrritur pa shum\u00eb vones\u00eb n\u00eb kutin\u00eb postare t\u00eb institucionit t\u00eb [&hellip;]","og_url":"https:\/\/fjala.info\/2009-2015\/trojka-punon-saliu-gjykon\/","og_site_name":"FjALA e LIR\u00cb - Arkivi","article_published_time":"2012-01-19T21:26:26+00:00","og_image":[{"url":"http:\/\/www.shkoder.net\/2012\/trojka_amb.jpg","type":"","width":"","height":""}],"author":"admin","twitter_card":"summary_large_image","twitter_misc":{"Written by":"admin","Est. reading time":"6 minutes"},"schema":{"@context":"https:\/\/schema.org","@graph":[{"@type":"Article","@id":"https:\/\/fjala.info\/2009-2015\/trojka-punon-saliu-gjykon\/#article","isPartOf":{"@id":"https:\/\/fjala.info\/2009-2015\/trojka-punon-saliu-gjykon\/"},"author":{"name":"admin","@id":"https:\/\/fjala.info\/2009-2015\/#\/schema\/person\/3aa1163ef05469c496fc94e77611ada2"},"headline":"Trojka punon, Saliu gjykon","datePublished":"2012-01-19T21:26:26+00:00","mainEntityOfPage":{"@id":"https:\/\/fjala.info\/2009-2015\/trojka-punon-saliu-gjykon\/"},"wordCount":1150,"commentCount":0,"publisher":{"@id":"https:\/\/fjala.info\/2009-2015\/#organization"},"image":{"@id":"https:\/\/fjala.info\/2009-2015\/trojka-punon-saliu-gjykon\/#primaryimage"},"thumbnailUrl":"http:\/\/www.shkoder.net\/2012\/trojka_amb.jpg","articleSection":["Artikuj"],"inLanguage":"sq-AL","potentialAction":[{"@type":"CommentAction","name":"Comment","target":["https:\/\/fjala.info\/2009-2015\/trojka-punon-saliu-gjykon\/#respond"]}]},{"@type":"WebPage","@id":"https:\/\/fjala.info\/2009-2015\/trojka-punon-saliu-gjykon\/","url":"https:\/\/fjala.info\/2009-2015\/trojka-punon-saliu-gjykon\/","name":"Trojka punon, Saliu gjykon - FjALA e LIR\u00cb - Arkivi","isPartOf":{"@id":"https:\/\/fjala.info\/2009-2015\/#website"},"primaryImageOfPage":{"@id":"https:\/\/fjala.info\/2009-2015\/trojka-punon-saliu-gjykon\/#primaryimage"},"image":{"@id":"https:\/\/fjala.info\/2009-2015\/trojka-punon-saliu-gjykon\/#primaryimage"},"thumbnailUrl":"http:\/\/www.shkoder.net\/2012\/trojka_amb.jpg","datePublished":"2012-01-19T21:26:26+00:00","breadcrumb":{"@id":"https:\/\/fjala.info\/2009-2015\/trojka-punon-saliu-gjykon\/#breadcrumb"},"inLanguage":"sq-AL","potentialAction":[{"@type":"ReadAction","target":["https:\/\/fjala.info\/2009-2015\/trojka-punon-saliu-gjykon\/"]}]},{"@type":"ImageObject","inLanguage":"sq-AL","@id":"https:\/\/fjala.info\/2009-2015\/trojka-punon-saliu-gjykon\/#primaryimage","url":"http:\/\/www.shkoder.net\/2012\/trojka_amb.jpg","contentUrl":"http:\/\/www.shkoder.net\/2012\/trojka_amb.jpg"},{"@type":"BreadcrumbList","@id":"https:\/\/fjala.info\/2009-2015\/trojka-punon-saliu-gjykon\/#breadcrumb","itemListElement":[{"@type":"ListItem","position":1,"name":"Home","item":"https:\/\/fjala.info\/2009-2015\/"},{"@type":"ListItem","position":2,"name":"Trojka punon, Saliu gjykon"}]},{"@type":"WebSite","@id":"https:\/\/fjala.info\/2009-2015\/#website","url":"https:\/\/fjala.info\/2009-2015\/","name":"FjALA e LIR\u00cb - Arkivi","description":"Arkivi 2009-2015","publisher":{"@id":"https:\/\/fjala.info\/2009-2015\/#organization"},"potentialAction":[{"@type":"SearchAction","target":{"@type":"EntryPoint","urlTemplate":"https:\/\/fjala.info\/2009-2015\/?s={search_term_string}"},"query-input":{"@type":"PropertyValueSpecification","valueRequired":true,"valueName":"search_term_string"}}],"inLanguage":"sq-AL"},{"@type":"Organization","@id":"https:\/\/fjala.info\/2009-2015\/#organization","name":"FjALA e LIR\u00cb - Arkivi","url":"https:\/\/fjala.info\/2009-2015\/","logo":{"@type":"ImageObject","inLanguage":"sq-AL","@id":"https:\/\/fjala.info\/2009-2015\/#\/schema\/logo\/image\/","url":"","contentUrl":"","caption":"FjALA e LIR\u00cb - Arkivi"},"image":{"@id":"https:\/\/fjala.info\/2009-2015\/#\/schema\/logo\/image\/"}},{"@type":"Person","@id":"https:\/\/fjala.info\/2009-2015\/#\/schema\/person\/3aa1163ef05469c496fc94e77611ada2","name":"admin","image":{"@type":"ImageObject","inLanguage":"sq-AL","@id":"https:\/\/fjala.info\/2009-2015\/wp-content\/uploads\/2012\/02\/arben_cokaj-120x150.jpg","url":"https:\/\/fjala.info\/2009-2015\/wp-content\/uploads\/2012\/02\/arben_cokaj-120x150.jpg","contentUrl":"https:\/\/fjala.info\/2009-2015\/wp-content\/uploads\/2012\/02\/arben_cokaj-120x150.jpg","caption":"admin"},"description":"Admin, Fjala e Lir\u00eb","sameAs":["https:\/\/fjala.info\/"],"url":"https:\/\/fjala.info\/2009-2015\/author\/admin\/"}]}},"_links":{"self":[{"href":"https:\/\/fjala.info\/2009-2015\/wp-json\/wp\/v2\/posts\/1249","targetHints":{"allow":["GET"]}}],"collection":[{"href":"https:\/\/fjala.info\/2009-2015\/wp-json\/wp\/v2\/posts"}],"about":[{"href":"https:\/\/fjala.info\/2009-2015\/wp-json\/wp\/v2\/types\/post"}],"author":[{"embeddable":true,"href":"https:\/\/fjala.info\/2009-2015\/wp-json\/wp\/v2\/users\/1"}],"replies":[{"embeddable":true,"href":"https:\/\/fjala.info\/2009-2015\/wp-json\/wp\/v2\/comments?post=1249"}],"version-history":[{"count":0,"href":"https:\/\/fjala.info\/2009-2015\/wp-json\/wp\/v2\/posts\/1249\/revisions"}],"wp:attachment":[{"href":"https:\/\/fjala.info\/2009-2015\/wp-json\/wp\/v2\/media?parent=1249"}],"wp:term":[{"taxonomy":"category","embeddable":true,"href":"https:\/\/fjala.info\/2009-2015\/wp-json\/wp\/v2\/categories?post=1249"},{"taxonomy":"post_tag","embeddable":true,"href":"https:\/\/fjala.info\/2009-2015\/wp-json\/wp\/v2\/tags?post=1249"}],"curies":[{"name":"wp","href":"https:\/\/api.w.org\/{rel}","templated":true}]}}