{"id":1243,"date":"2012-01-19T22:08:45","date_gmt":"2012-01-19T21:08:45","guid":{"rendered":"http:\/\/fjala.shkoder.net\/?p=1243"},"modified":"2012-01-19T22:08:45","modified_gmt":"2012-01-19T21:08:45","slug":"wollfarth-i-ka-te-drejte-lidhur-me-spahiun-por-zoti-ambasador-ju-jeni-nje-palo-diplomat","status":"publish","type":"post","link":"https:\/\/fjala.info\/2009-2015\/wollfarth-i-ka-te-drejte-lidhur-me-spahiun-por-zoti-ambasador-ju-jeni-nje-palo-diplomat\/","title":{"rendered":"Wollfarth-i ka t\u00eb drejt\u00eb lidhur me Spahiun. Por \u2026zoti ambasador: Ju jeni nj\u00eb palo diplomat!"},"content":{"rendered":"<p><img decoding=\"async\" class=\"alignright size-thumbnail wp-image-7236\" title=\"Amb Wollfarth\" src=\"http:\/\/www.shkoder.net\/2012\/amb_wollfarth.jpg\" alt=\"\" width=\"300\" \/> Nga <strong>Mustafa Nano<\/strong>, <em>19 Janar 2012<\/em><\/p>\n<p>\u201cKreshnik Spahiu paguhet nga taksapaguesit shqiptar\u00eb, pasi ka nj\u00eb funksion publik. Funksionari publik duhet t\u2019ia kushtoj\u00eb koh\u00ebn detyr\u00ebs q\u00eb kryen\u201d, ka th\u00ebn\u00eb ambasadori i OSBE-s\u00eb, Eugen Wollfarth. Ka t\u00eb drejt\u00eb? Absolutisht, po. Kreshnik Spahiu duket i pambrojtur dhe i pambrojtsh\u00ebm n\u00eb k\u00ebt\u00eb rast. Ve\u00e7 n\u00eb e shp\u00ebtoft\u00eb ndonj\u00eb interpretim rigoroz i procedurave t\u00eb shkarkimit t\u00eb zv.kryetarit t\u00eb KLD-s\u00eb nga ana e Gjykat\u00ebs Kushtetuese.<\/p>\n<p>Por edhe sikur ta shp\u00ebtonte Gjykata Kushtetuese, kjo q\u00eb ai b\u00ebn p\u00ebr muaj e muaj t\u00eb t\u00ebr\u00eb \u00ebsht\u00eb nj\u00eb gj\u00eb q\u00eb s\u2019ka byth\u00eb t\u00eb rrij\u00eb. \u00cbsht\u00eb nj\u00eb gj\u00eb t\u00ebr\u00ebsisht e gabuar. P\u00ebrve\u00e7 k\u00ebsaj, jan\u00eb t\u00eb gjitha shenjat e t\u00eb dh\u00ebnat se ky, edhe pun\u00ebn e zv.kryetarit t\u00eb KLD-s\u00eb, e ka b\u00ebr\u00eb si mos m\u00eb keq. Sistemi i drejt\u00ebsis\u00eb sot ka fytyr\u00ebn e Kreshnik Spahiut.<\/p>\n<p>Por lindin disa pyetje p\u00ebr ambasadorin Wollfarth: Ju duket e drejt\u00eb, zoti ambasador, q\u00eb kryeministri paguhet nga ne p\u00ebr t\u00eb qeverisur k\u00ebt\u00eb vend, dhe q\u00eb ai merret me kund\u00ebrshtar\u00ebt e tij politik\u00eb n\u00eb \u00e7do mbledhje qeverie? Ju duket e drejt\u00eb q\u00eb Berisha t\u00eb shpall\u00eb pu\u00e7 shtet\u00ebror nga zyra e kryeministrit? Ju duket e drejt\u00eb q\u00eb Televizioni Publik \u00ebsht\u00eb t\u00ebr\u00ebsisht i pushtuar nga fytyra e kryeministrit (dhe nga fytyra juaj, zoti ambassador, me q\u00eb ra fjala)? Ju duket e drejt\u00eb q\u00eb Jozefina Topalli merret gjith\u00eb dit\u00ebn me aktivitete partiake, ku mban fjalime sektare e ku demonizon leader-in e opozit\u00ebs?<\/p>\n<p>Ju duket e drejt\u00eb q\u00eb t\u00eb mbyllen dyert e shkollave, kur Jozefina Topalli ka tubime elektorale, t\u00eb cilat ajo don t\u2019i mbush\u00eb me nx\u00ebn\u00ebs? Ju duket e drejt\u00eb q\u00eb kryeministri t\u00eb refuzoj\u00eb urdh\u00ebrin e prokuroris\u00eb p\u00ebr arrestimin e gardist\u00ebve t\u00eb dyshuar p\u00ebr krim? Ju duket e drejt\u00eb q\u00eb kryeministri t\u2019i thot\u00eb prokurores lavire bulevardi, presidentit horr bulevardi, apo q\u00eb t\u2019i thot\u00eb kund\u00ebrshtarit t\u00eb tij politik \u201cprovoje dhe nj\u00ebher\u00eb, dhe do nd\u00ebshkohesh si bandit\u201d? P\u00ebr k\u00ebt\u00eb e paguajm\u00eb ne, taksapaguesit shqiptar\u00eb, kryeministrin ton\u00eb?<\/p>\n<p>Jo, me siguri nuk ju duken t\u00eb drejta. E n\u00eb k\u00ebto rrethana, m\u00eb duket mua e drejt\u00eb t\u2019ju them nj\u00eb gj\u00eb, zoti ambasador: Ju jeni nj\u00eb palo diplomat! Madje, m\u00eb shum\u00eb se kaq: jeni nj\u00eb diplomat kopuk. S\u2019ish par\u00eb ndonj\u00ebher\u00eb ambasador si ju k\u00ebtyre an\u00ebve, qysh nga koha e krijimit t\u00eb shtetit shqiptar.<\/p>\n<p><a href=\"http:\/\/respublica.al\/artikuj\/2012\/1\/19\/wollfarth-i-ka-te-drejte-lidhur-me-spahiun-por\">http:\/\/respublica.al\/artikuj\/2012\/1\/19\/wollfarth-i-ka-te-drejte-lidhur-me-spahiun-por<\/a><\/p>\n","protected":false},"excerpt":{"rendered":"<p>Nga Mustafa Nano, 19 Janar 2012 \u201cKreshnik Spahiu paguhet nga taksapaguesit shqiptar\u00eb, pasi ka nj\u00eb funksion publik. Funksionari publik duhet t\u2019ia kushtoj\u00eb koh\u00ebn detyr\u00ebs q\u00eb kryen\u201d, ka th\u00ebn\u00eb ambasadori i OSBE-s\u00eb, Eugen Wollfarth. Ka t\u00eb drejt\u00eb? Absolutisht, po. Kreshnik Spahiu duket i pambrojtur dhe i pambrojtsh\u00ebm n\u00eb k\u00ebt\u00eb rast. Ve\u00e7 n\u00eb e shp\u00ebtoft\u00eb ndonj\u00eb interpretim [&hellip;]<\/p>\n","protected":false},"author":1,"featured_media":0,"comment_status":"open","ping_status":"closed","sticky":false,"template":"","format":"standard","meta":{"footnotes":""},"categories":[2],"tags":[],"class_list":{"0":"post-1243","1":"post","2":"type-post","3":"status-publish","4":"format-standard","6":"category-artikuj"},"yoast_head":"<!-- This site is optimized with the Yoast SEO plugin v27.4 - https:\/\/yoast.com\/product\/yoast-seo-wordpress\/ -->\n<title>Wollfarth-i ka t\u00eb drejt\u00eb lidhur me Spahiun. Por \u2026zoti ambasador: Ju jeni nj\u00eb palo diplomat! - FjALA e LIR\u00cb - Arkivi<\/title>\n<meta name=\"robots\" content=\"index, follow, max-snippet:-1, max-image-preview:large, max-video-preview:-1\" \/>\n<link rel=\"canonical\" href=\"https:\/\/fjala.info\/2009-2015\/wollfarth-i-ka-te-drejte-lidhur-me-spahiun-por-zoti-ambasador-ju-jeni-nje-palo-diplomat\/\" \/>\n<meta property=\"og:locale\" content=\"sq_AL\" \/>\n<meta property=\"og:type\" content=\"article\" \/>\n<meta property=\"og:title\" content=\"Wollfarth-i ka t\u00eb drejt\u00eb lidhur me Spahiun. Por \u2026zoti ambasador: Ju jeni nj\u00eb palo diplomat! - FjALA e LIR\u00cb - Arkivi\" \/>\n<meta property=\"og:description\" content=\"Nga Mustafa Nano, 19 Janar 2012 \u201cKreshnik Spahiu paguhet nga taksapaguesit shqiptar\u00eb, pasi ka nj\u00eb funksion publik. Funksionari publik duhet t\u2019ia kushtoj\u00eb koh\u00ebn detyr\u00ebs q\u00eb kryen\u201d, ka th\u00ebn\u00eb ambasadori i OSBE-s\u00eb, Eugen Wollfarth. Ka t\u00eb drejt\u00eb? Absolutisht, po. Kreshnik Spahiu duket i pambrojtur dhe i pambrojtsh\u00ebm n\u00eb k\u00ebt\u00eb rast. Ve\u00e7 n\u00eb e shp\u00ebtoft\u00eb ndonj\u00eb interpretim [&hellip;]\" \/>\n<meta property=\"og:url\" content=\"https:\/\/fjala.info\/2009-2015\/wollfarth-i-ka-te-drejte-lidhur-me-spahiun-por-zoti-ambasador-ju-jeni-nje-palo-diplomat\/\" \/>\n<meta property=\"og:site_name\" content=\"FjALA e LIR\u00cb - Arkivi\" \/>\n<meta property=\"article:published_time\" content=\"2012-01-19T21:08:45+00:00\" \/>\n<meta property=\"og:image\" content=\"http:\/\/www.shkoder.net\/2012\/amb_wollfarth.jpg\" \/>\n<meta name=\"author\" content=\"admin\" \/>\n<meta name=\"twitter:card\" content=\"summary_large_image\" \/>\n<meta name=\"twitter:label1\" content=\"Written by\" \/>\n\t<meta name=\"twitter:data1\" content=\"admin\" \/>\n\t<meta name=\"twitter:label2\" content=\"Est. reading time\" \/>\n\t<meta name=\"twitter:data2\" content=\"2 minutes\" \/>\n<script type=\"application\/ld+json\" class=\"yoast-schema-graph\">{\"@context\":\"https:\\\/\\\/schema.org\",\"@graph\":[{\"@type\":\"Article\",\"@id\":\"https:\\\/\\\/fjala.info\\\/2009-2015\\\/wollfarth-i-ka-te-drejte-lidhur-me-spahiun-por-zoti-ambasador-ju-jeni-nje-palo-diplomat\\\/#article\",\"isPartOf\":{\"@id\":\"https:\\\/\\\/fjala.info\\\/2009-2015\\\/wollfarth-i-ka-te-drejte-lidhur-me-spahiun-por-zoti-ambasador-ju-jeni-nje-palo-diplomat\\\/\"},\"author\":{\"name\":\"admin\",\"@id\":\"https:\\\/\\\/fjala.info\\\/2009-2015\\\/#\\\/schema\\\/person\\\/3aa1163ef05469c496fc94e77611ada2\"},\"headline\":\"Wollfarth-i ka t\u00eb drejt\u00eb lidhur me Spahiun. Por \u2026zoti ambasador: Ju jeni nj\u00eb palo diplomat!\",\"datePublished\":\"2012-01-19T21:08:45+00:00\",\"mainEntityOfPage\":{\"@id\":\"https:\\\/\\\/fjala.info\\\/2009-2015\\\/wollfarth-i-ka-te-drejte-lidhur-me-spahiun-por-zoti-ambasador-ju-jeni-nje-palo-diplomat\\\/\"},\"wordCount\":438,\"commentCount\":0,\"publisher\":{\"@id\":\"https:\\\/\\\/fjala.info\\\/2009-2015\\\/#organization\"},\"image\":{\"@id\":\"https:\\\/\\\/fjala.info\\\/2009-2015\\\/wollfarth-i-ka-te-drejte-lidhur-me-spahiun-por-zoti-ambasador-ju-jeni-nje-palo-diplomat\\\/#primaryimage\"},\"thumbnailUrl\":\"http:\\\/\\\/www.shkoder.net\\\/2012\\\/amb_wollfarth.jpg\",\"articleSection\":[\"Artikuj\"],\"inLanguage\":\"sq-AL\",\"potentialAction\":[{\"@type\":\"CommentAction\",\"name\":\"Comment\",\"target\":[\"https:\\\/\\\/fjala.info\\\/2009-2015\\\/wollfarth-i-ka-te-drejte-lidhur-me-spahiun-por-zoti-ambasador-ju-jeni-nje-palo-diplomat\\\/#respond\"]}]},{\"@type\":\"WebPage\",\"@id\":\"https:\\\/\\\/fjala.info\\\/2009-2015\\\/wollfarth-i-ka-te-drejte-lidhur-me-spahiun-por-zoti-ambasador-ju-jeni-nje-palo-diplomat\\\/\",\"url\":\"https:\\\/\\\/fjala.info\\\/2009-2015\\\/wollfarth-i-ka-te-drejte-lidhur-me-spahiun-por-zoti-ambasador-ju-jeni-nje-palo-diplomat\\\/\",\"name\":\"Wollfarth-i ka t\u00eb drejt\u00eb lidhur me Spahiun. Por \u2026zoti ambasador: Ju jeni nj\u00eb palo diplomat! - FjALA e LIR\u00cb - Arkivi\",\"isPartOf\":{\"@id\":\"https:\\\/\\\/fjala.info\\\/2009-2015\\\/#website\"},\"primaryImageOfPage\":{\"@id\":\"https:\\\/\\\/fjala.info\\\/2009-2015\\\/wollfarth-i-ka-te-drejte-lidhur-me-spahiun-por-zoti-ambasador-ju-jeni-nje-palo-diplomat\\\/#primaryimage\"},\"image\":{\"@id\":\"https:\\\/\\\/fjala.info\\\/2009-2015\\\/wollfarth-i-ka-te-drejte-lidhur-me-spahiun-por-zoti-ambasador-ju-jeni-nje-palo-diplomat\\\/#primaryimage\"},\"thumbnailUrl\":\"http:\\\/\\\/www.shkoder.net\\\/2012\\\/amb_wollfarth.jpg\",\"datePublished\":\"2012-01-19T21:08:45+00:00\",\"breadcrumb\":{\"@id\":\"https:\\\/\\\/fjala.info\\\/2009-2015\\\/wollfarth-i-ka-te-drejte-lidhur-me-spahiun-por-zoti-ambasador-ju-jeni-nje-palo-diplomat\\\/#breadcrumb\"},\"inLanguage\":\"sq-AL\",\"potentialAction\":[{\"@type\":\"ReadAction\",\"target\":[\"https:\\\/\\\/fjala.info\\\/2009-2015\\\/wollfarth-i-ka-te-drejte-lidhur-me-spahiun-por-zoti-ambasador-ju-jeni-nje-palo-diplomat\\\/\"]}]},{\"@type\":\"ImageObject\",\"inLanguage\":\"sq-AL\",\"@id\":\"https:\\\/\\\/fjala.info\\\/2009-2015\\\/wollfarth-i-ka-te-drejte-lidhur-me-spahiun-por-zoti-ambasador-ju-jeni-nje-palo-diplomat\\\/#primaryimage\",\"url\":\"http:\\\/\\\/www.shkoder.net\\\/2012\\\/amb_wollfarth.jpg\",\"contentUrl\":\"http:\\\/\\\/www.shkoder.net\\\/2012\\\/amb_wollfarth.jpg\"},{\"@type\":\"BreadcrumbList\",\"@id\":\"https:\\\/\\\/fjala.info\\\/2009-2015\\\/wollfarth-i-ka-te-drejte-lidhur-me-spahiun-por-zoti-ambasador-ju-jeni-nje-palo-diplomat\\\/#breadcrumb\",\"itemListElement\":[{\"@type\":\"ListItem\",\"position\":1,\"name\":\"Home\",\"item\":\"https:\\\/\\\/fjala.info\\\/2009-2015\\\/\"},{\"@type\":\"ListItem\",\"position\":2,\"name\":\"Wollfarth-i ka t\u00eb drejt\u00eb lidhur me Spahiun. Por \u2026zoti ambasador: Ju jeni nj\u00eb palo diplomat!\"}]},{\"@type\":\"WebSite\",\"@id\":\"https:\\\/\\\/fjala.info\\\/2009-2015\\\/#website\",\"url\":\"https:\\\/\\\/fjala.info\\\/2009-2015\\\/\",\"name\":\"FjALA e LIR\u00cb - Arkivi\",\"description\":\"Arkivi 2009-2015\",\"publisher\":{\"@id\":\"https:\\\/\\\/fjala.info\\\/2009-2015\\\/#organization\"},\"potentialAction\":[{\"@type\":\"SearchAction\",\"target\":{\"@type\":\"EntryPoint\",\"urlTemplate\":\"https:\\\/\\\/fjala.info\\\/2009-2015\\\/?s={search_term_string}\"},\"query-input\":{\"@type\":\"PropertyValueSpecification\",\"valueRequired\":true,\"valueName\":\"search_term_string\"}}],\"inLanguage\":\"sq-AL\"},{\"@type\":\"Organization\",\"@id\":\"https:\\\/\\\/fjala.info\\\/2009-2015\\\/#organization\",\"name\":\"FjALA e LIR\u00cb - Arkivi\",\"url\":\"https:\\\/\\\/fjala.info\\\/2009-2015\\\/\",\"logo\":{\"@type\":\"ImageObject\",\"inLanguage\":\"sq-AL\",\"@id\":\"https:\\\/\\\/fjala.info\\\/2009-2015\\\/#\\\/schema\\\/logo\\\/image\\\/\",\"url\":\"\",\"contentUrl\":\"\",\"caption\":\"FjALA e LIR\u00cb - Arkivi\"},\"image\":{\"@id\":\"https:\\\/\\\/fjala.info\\\/2009-2015\\\/#\\\/schema\\\/logo\\\/image\\\/\"}},{\"@type\":\"Person\",\"@id\":\"https:\\\/\\\/fjala.info\\\/2009-2015\\\/#\\\/schema\\\/person\\\/3aa1163ef05469c496fc94e77611ada2\",\"name\":\"admin\",\"image\":{\"@type\":\"ImageObject\",\"inLanguage\":\"sq-AL\",\"@id\":\"https:\\\/\\\/fjala.info\\\/2009-2015\\\/wp-content\\\/uploads\\\/2012\\\/02\\\/arben_cokaj-120x150.jpg\",\"url\":\"https:\\\/\\\/fjala.info\\\/2009-2015\\\/wp-content\\\/uploads\\\/2012\\\/02\\\/arben_cokaj-120x150.jpg\",\"contentUrl\":\"https:\\\/\\\/fjala.info\\\/2009-2015\\\/wp-content\\\/uploads\\\/2012\\\/02\\\/arben_cokaj-120x150.jpg\",\"caption\":\"admin\"},\"description\":\"Admin, Fjala e Lir\u00eb\",\"sameAs\":[\"https:\\\/\\\/fjala.info\\\/\"],\"url\":\"https:\\\/\\\/fjala.info\\\/2009-2015\\\/author\\\/admin\\\/\"}]}<\/script>\n<!-- \/ Yoast SEO plugin. -->","yoast_head_json":{"title":"Wollfarth-i ka t\u00eb drejt\u00eb lidhur me Spahiun. Por \u2026zoti ambasador: Ju jeni nj\u00eb palo diplomat! - FjALA e LIR\u00cb - Arkivi","robots":{"index":"index","follow":"follow","max-snippet":"max-snippet:-1","max-image-preview":"max-image-preview:large","max-video-preview":"max-video-preview:-1"},"canonical":"https:\/\/fjala.info\/2009-2015\/wollfarth-i-ka-te-drejte-lidhur-me-spahiun-por-zoti-ambasador-ju-jeni-nje-palo-diplomat\/","og_locale":"sq_AL","og_type":"article","og_title":"Wollfarth-i ka t\u00eb drejt\u00eb lidhur me Spahiun. Por \u2026zoti ambasador: Ju jeni nj\u00eb palo diplomat! - FjALA e LIR\u00cb - Arkivi","og_description":"Nga Mustafa Nano, 19 Janar 2012 \u201cKreshnik Spahiu paguhet nga taksapaguesit shqiptar\u00eb, pasi ka nj\u00eb funksion publik. Funksionari publik duhet t\u2019ia kushtoj\u00eb koh\u00ebn detyr\u00ebs q\u00eb kryen\u201d, ka th\u00ebn\u00eb ambasadori i OSBE-s\u00eb, Eugen Wollfarth. Ka t\u00eb drejt\u00eb? Absolutisht, po. Kreshnik Spahiu duket i pambrojtur dhe i pambrojtsh\u00ebm n\u00eb k\u00ebt\u00eb rast. Ve\u00e7 n\u00eb e shp\u00ebtoft\u00eb ndonj\u00eb interpretim [&hellip;]","og_url":"https:\/\/fjala.info\/2009-2015\/wollfarth-i-ka-te-drejte-lidhur-me-spahiun-por-zoti-ambasador-ju-jeni-nje-palo-diplomat\/","og_site_name":"FjALA e LIR\u00cb - Arkivi","article_published_time":"2012-01-19T21:08:45+00:00","og_image":[{"url":"http:\/\/www.shkoder.net\/2012\/amb_wollfarth.jpg","type":"","width":"","height":""}],"author":"admin","twitter_card":"summary_large_image","twitter_misc":{"Written by":"admin","Est. reading time":"2 minutes"},"schema":{"@context":"https:\/\/schema.org","@graph":[{"@type":"Article","@id":"https:\/\/fjala.info\/2009-2015\/wollfarth-i-ka-te-drejte-lidhur-me-spahiun-por-zoti-ambasador-ju-jeni-nje-palo-diplomat\/#article","isPartOf":{"@id":"https:\/\/fjala.info\/2009-2015\/wollfarth-i-ka-te-drejte-lidhur-me-spahiun-por-zoti-ambasador-ju-jeni-nje-palo-diplomat\/"},"author":{"name":"admin","@id":"https:\/\/fjala.info\/2009-2015\/#\/schema\/person\/3aa1163ef05469c496fc94e77611ada2"},"headline":"Wollfarth-i ka t\u00eb drejt\u00eb lidhur me Spahiun. Por \u2026zoti ambasador: Ju jeni nj\u00eb palo diplomat!","datePublished":"2012-01-19T21:08:45+00:00","mainEntityOfPage":{"@id":"https:\/\/fjala.info\/2009-2015\/wollfarth-i-ka-te-drejte-lidhur-me-spahiun-por-zoti-ambasador-ju-jeni-nje-palo-diplomat\/"},"wordCount":438,"commentCount":0,"publisher":{"@id":"https:\/\/fjala.info\/2009-2015\/#organization"},"image":{"@id":"https:\/\/fjala.info\/2009-2015\/wollfarth-i-ka-te-drejte-lidhur-me-spahiun-por-zoti-ambasador-ju-jeni-nje-palo-diplomat\/#primaryimage"},"thumbnailUrl":"http:\/\/www.shkoder.net\/2012\/amb_wollfarth.jpg","articleSection":["Artikuj"],"inLanguage":"sq-AL","potentialAction":[{"@type":"CommentAction","name":"Comment","target":["https:\/\/fjala.info\/2009-2015\/wollfarth-i-ka-te-drejte-lidhur-me-spahiun-por-zoti-ambasador-ju-jeni-nje-palo-diplomat\/#respond"]}]},{"@type":"WebPage","@id":"https:\/\/fjala.info\/2009-2015\/wollfarth-i-ka-te-drejte-lidhur-me-spahiun-por-zoti-ambasador-ju-jeni-nje-palo-diplomat\/","url":"https:\/\/fjala.info\/2009-2015\/wollfarth-i-ka-te-drejte-lidhur-me-spahiun-por-zoti-ambasador-ju-jeni-nje-palo-diplomat\/","name":"Wollfarth-i ka t\u00eb drejt\u00eb lidhur me Spahiun. Por \u2026zoti ambasador: Ju jeni nj\u00eb palo diplomat! - FjALA e LIR\u00cb - Arkivi","isPartOf":{"@id":"https:\/\/fjala.info\/2009-2015\/#website"},"primaryImageOfPage":{"@id":"https:\/\/fjala.info\/2009-2015\/wollfarth-i-ka-te-drejte-lidhur-me-spahiun-por-zoti-ambasador-ju-jeni-nje-palo-diplomat\/#primaryimage"},"image":{"@id":"https:\/\/fjala.info\/2009-2015\/wollfarth-i-ka-te-drejte-lidhur-me-spahiun-por-zoti-ambasador-ju-jeni-nje-palo-diplomat\/#primaryimage"},"thumbnailUrl":"http:\/\/www.shkoder.net\/2012\/amb_wollfarth.jpg","datePublished":"2012-01-19T21:08:45+00:00","breadcrumb":{"@id":"https:\/\/fjala.info\/2009-2015\/wollfarth-i-ka-te-drejte-lidhur-me-spahiun-por-zoti-ambasador-ju-jeni-nje-palo-diplomat\/#breadcrumb"},"inLanguage":"sq-AL","potentialAction":[{"@type":"ReadAction","target":["https:\/\/fjala.info\/2009-2015\/wollfarth-i-ka-te-drejte-lidhur-me-spahiun-por-zoti-ambasador-ju-jeni-nje-palo-diplomat\/"]}]},{"@type":"ImageObject","inLanguage":"sq-AL","@id":"https:\/\/fjala.info\/2009-2015\/wollfarth-i-ka-te-drejte-lidhur-me-spahiun-por-zoti-ambasador-ju-jeni-nje-palo-diplomat\/#primaryimage","url":"http:\/\/www.shkoder.net\/2012\/amb_wollfarth.jpg","contentUrl":"http:\/\/www.shkoder.net\/2012\/amb_wollfarth.jpg"},{"@type":"BreadcrumbList","@id":"https:\/\/fjala.info\/2009-2015\/wollfarth-i-ka-te-drejte-lidhur-me-spahiun-por-zoti-ambasador-ju-jeni-nje-palo-diplomat\/#breadcrumb","itemListElement":[{"@type":"ListItem","position":1,"name":"Home","item":"https:\/\/fjala.info\/2009-2015\/"},{"@type":"ListItem","position":2,"name":"Wollfarth-i ka t\u00eb drejt\u00eb lidhur me Spahiun. Por \u2026zoti ambasador: Ju jeni nj\u00eb palo diplomat!"}]},{"@type":"WebSite","@id":"https:\/\/fjala.info\/2009-2015\/#website","url":"https:\/\/fjala.info\/2009-2015\/","name":"FjALA e LIR\u00cb - Arkivi","description":"Arkivi 2009-2015","publisher":{"@id":"https:\/\/fjala.info\/2009-2015\/#organization"},"potentialAction":[{"@type":"SearchAction","target":{"@type":"EntryPoint","urlTemplate":"https:\/\/fjala.info\/2009-2015\/?s={search_term_string}"},"query-input":{"@type":"PropertyValueSpecification","valueRequired":true,"valueName":"search_term_string"}}],"inLanguage":"sq-AL"},{"@type":"Organization","@id":"https:\/\/fjala.info\/2009-2015\/#organization","name":"FjALA e LIR\u00cb - Arkivi","url":"https:\/\/fjala.info\/2009-2015\/","logo":{"@type":"ImageObject","inLanguage":"sq-AL","@id":"https:\/\/fjala.info\/2009-2015\/#\/schema\/logo\/image\/","url":"","contentUrl":"","caption":"FjALA e LIR\u00cb - Arkivi"},"image":{"@id":"https:\/\/fjala.info\/2009-2015\/#\/schema\/logo\/image\/"}},{"@type":"Person","@id":"https:\/\/fjala.info\/2009-2015\/#\/schema\/person\/3aa1163ef05469c496fc94e77611ada2","name":"admin","image":{"@type":"ImageObject","inLanguage":"sq-AL","@id":"https:\/\/fjala.info\/2009-2015\/wp-content\/uploads\/2012\/02\/arben_cokaj-120x150.jpg","url":"https:\/\/fjala.info\/2009-2015\/wp-content\/uploads\/2012\/02\/arben_cokaj-120x150.jpg","contentUrl":"https:\/\/fjala.info\/2009-2015\/wp-content\/uploads\/2012\/02\/arben_cokaj-120x150.jpg","caption":"admin"},"description":"Admin, Fjala e Lir\u00eb","sameAs":["https:\/\/fjala.info\/"],"url":"https:\/\/fjala.info\/2009-2015\/author\/admin\/"}]}},"_links":{"self":[{"href":"https:\/\/fjala.info\/2009-2015\/wp-json\/wp\/v2\/posts\/1243","targetHints":{"allow":["GET"]}}],"collection":[{"href":"https:\/\/fjala.info\/2009-2015\/wp-json\/wp\/v2\/posts"}],"about":[{"href":"https:\/\/fjala.info\/2009-2015\/wp-json\/wp\/v2\/types\/post"}],"author":[{"embeddable":true,"href":"https:\/\/fjala.info\/2009-2015\/wp-json\/wp\/v2\/users\/1"}],"replies":[{"embeddable":true,"href":"https:\/\/fjala.info\/2009-2015\/wp-json\/wp\/v2\/comments?post=1243"}],"version-history":[{"count":0,"href":"https:\/\/fjala.info\/2009-2015\/wp-json\/wp\/v2\/posts\/1243\/revisions"}],"wp:attachment":[{"href":"https:\/\/fjala.info\/2009-2015\/wp-json\/wp\/v2\/media?parent=1243"}],"wp:term":[{"taxonomy":"category","embeddable":true,"href":"https:\/\/fjala.info\/2009-2015\/wp-json\/wp\/v2\/categories?post=1243"},{"taxonomy":"post_tag","embeddable":true,"href":"https:\/\/fjala.info\/2009-2015\/wp-json\/wp\/v2\/tags?post=1243"}],"curies":[{"name":"wp","href":"https:\/\/api.w.org\/{rel}","templated":true}]}}