{"id":12424,"date":"2013-02-12T11:42:54","date_gmt":"2013-02-12T10:42:54","guid":{"rendered":"http:\/\/fjala.info\/?p=952"},"modified":"2013-02-12T11:42:54","modified_gmt":"2013-02-12T10:42:54","slug":"dhurata-se-dashures-per-shen-valentin-poezi-nga-avdyl-sulaj","status":"publish","type":"post","link":"https:\/\/fjala.info\/2009-2015\/dhurata-se-dashures-per-shen-valentin-poezi-nga-avdyl-sulaj\/","title":{"rendered":"DHURATA S\u00cb DASHUR\u00cbS P\u00cbR SH\u00cbN VALENTIN &#8211; poezi nga Avdyl SULAJ"},"content":{"rendered":"<blockquote><p><strong>DHURATA S\u00cb DASHUR\u00cbS P\u00cbR SH\u00cbN VALENTIN<\/strong><\/p>\n<p><img decoding=\"async\" class=\"alignright size-thumbnail wp-image-7236\" title=\"Avdyl Sulaj\" alt=\"\" src=\"http:\/\/www.fjala.info\/2013\/avdyl_sulaj.jpg\" width=\"150\" \/><\/p>\n<p>Sot e dashur, p\u00ebr Sh\u00ebn Valentin<br \/>\nDhuratat do t\u2019i b\u00ebj nga peizazhi alpin.<\/p>\n<p>Nj\u00eb fustan do ta end n\u00eb vegj\u00eb t\u00eb er\u00ebs<br \/>\nPrej fluturzash bore te Kroni i Ver\u00ebs.<\/p>\n<p>Nj\u00eb ylber do ta mb\u00ebrrij lart n\u00eb bjeshk\u00eb,<br \/>\nMe stofin e tij do t\u00eb b\u00ebj nj\u00eb xhaket\u00eb.<\/p>\n<p>Maj\u00eb Shk\u00eblzenit do t\u00eb kap nj\u00eb vet\u00ebtim\u00eb,<br \/>\nTa b\u00ebj fjongo flok\u00ebsh t\u00eb art\u00eb viz\u00ebllim\u00eb.<\/p>\n<p>Gjerdan do ta b\u00ebj Valbon\u00ebn shtatkristal<br \/>\nMbushur n\u00eb muzg yje dhe h\u00ebn\u00ebza argjend e ar.<\/p>\n<p>N\u00eb nj\u00eb boh\u00e7e resh ato do t\u2019i bie,<br \/>\nZdritur me margaritar\u00eb e perla dashurie.<\/p>\n<p><strong>Avdyl SULAJ<\/strong><\/p><\/blockquote>\n","protected":false},"excerpt":{"rendered":"<p>DHURATA S\u00cb DASHUR\u00cbS P\u00cbR SH\u00cbN VALENTIN Sot e dashur, p\u00ebr Sh\u00ebn Valentin Dhuratat do t\u2019i b\u00ebj nga peizazhi alpin. Nj\u00eb fustan do ta end n\u00eb vegj\u00eb t\u00eb er\u00ebs Prej fluturzash bore te Kroni i Ver\u00ebs. Nj\u00eb ylber do ta mb\u00ebrrij lart n\u00eb bjeshk\u00eb, Me stofin e tij do t\u00eb b\u00ebj nj\u00eb xhaket\u00eb. Maj\u00eb Shk\u00eblzenit do [&hellip;]<\/p>\n","protected":false},"author":1,"featured_media":0,"comment_status":"open","ping_status":"closed","sticky":false,"template":"","format":"standard","meta":{"footnotes":""},"categories":[2],"tags":[],"class_list":{"0":"post-12424","1":"post","2":"type-post","3":"status-publish","4":"format-standard","6":"category-artikuj"},"yoast_head":"<!-- This site is optimized with the Yoast SEO plugin v27.4 - https:\/\/yoast.com\/product\/yoast-seo-wordpress\/ -->\n<title>DHURATA S\u00cb DASHUR\u00cbS P\u00cbR SH\u00cbN VALENTIN - poezi nga Avdyl SULAJ - FjALA e LIR\u00cb - Arkivi<\/title>\n<meta name=\"robots\" content=\"index, follow, max-snippet:-1, max-image-preview:large, max-video-preview:-1\" \/>\n<link rel=\"canonical\" href=\"https:\/\/fjala.info\/2009-2015\/dhurata-se-dashures-per-shen-valentin-poezi-nga-avdyl-sulaj\/\" \/>\n<meta property=\"og:locale\" content=\"sq_AL\" \/>\n<meta property=\"og:type\" content=\"article\" \/>\n<meta property=\"og:title\" content=\"DHURATA S\u00cb DASHUR\u00cbS P\u00cbR SH\u00cbN VALENTIN - poezi nga Avdyl SULAJ - FjALA e LIR\u00cb - Arkivi\" \/>\n<meta property=\"og:description\" content=\"DHURATA S\u00cb DASHUR\u00cbS P\u00cbR SH\u00cbN VALENTIN Sot e dashur, p\u00ebr Sh\u00ebn Valentin Dhuratat do t\u2019i b\u00ebj nga peizazhi alpin. Nj\u00eb fustan do ta end n\u00eb vegj\u00eb t\u00eb er\u00ebs Prej fluturzash bore te Kroni i Ver\u00ebs. Nj\u00eb ylber do ta mb\u00ebrrij lart n\u00eb bjeshk\u00eb, Me stofin e tij do t\u00eb b\u00ebj nj\u00eb xhaket\u00eb. Maj\u00eb Shk\u00eblzenit do [&hellip;]\" \/>\n<meta property=\"og:url\" content=\"https:\/\/fjala.info\/2009-2015\/dhurata-se-dashures-per-shen-valentin-poezi-nga-avdyl-sulaj\/\" \/>\n<meta property=\"og:site_name\" content=\"FjALA e LIR\u00cb - Arkivi\" \/>\n<meta property=\"article:published_time\" content=\"2013-02-12T10:42:54+00:00\" \/>\n<meta property=\"og:image\" content=\"http:\/\/www.fjala.info\/2013\/avdyl_sulaj.jpg\" \/>\n<meta name=\"author\" content=\"admin\" \/>\n<meta name=\"twitter:card\" content=\"summary_large_image\" \/>\n<meta name=\"twitter:label1\" content=\"Written by\" \/>\n\t<meta name=\"twitter:data1\" content=\"admin\" \/>\n\t<meta name=\"twitter:label2\" content=\"Est. reading time\" \/>\n\t<meta name=\"twitter:data2\" content=\"1 minute\" \/>\n<script type=\"application\/ld+json\" class=\"yoast-schema-graph\">{\"@context\":\"https:\\\/\\\/schema.org\",\"@graph\":[{\"@type\":\"Article\",\"@id\":\"https:\\\/\\\/fjala.info\\\/2009-2015\\\/dhurata-se-dashures-per-shen-valentin-poezi-nga-avdyl-sulaj\\\/#article\",\"isPartOf\":{\"@id\":\"https:\\\/\\\/fjala.info\\\/2009-2015\\\/dhurata-se-dashures-per-shen-valentin-poezi-nga-avdyl-sulaj\\\/\"},\"author\":{\"name\":\"admin\",\"@id\":\"https:\\\/\\\/fjala.info\\\/2009-2015\\\/#\\\/schema\\\/person\\\/3aa1163ef05469c496fc94e77611ada2\"},\"headline\":\"DHURATA S\u00cb DASHUR\u00cbS P\u00cbR SH\u00cbN VALENTIN &#8211; poezi nga Avdyl SULAJ\",\"datePublished\":\"2013-02-12T10:42:54+00:00\",\"mainEntityOfPage\":{\"@id\":\"https:\\\/\\\/fjala.info\\\/2009-2015\\\/dhurata-se-dashures-per-shen-valentin-poezi-nga-avdyl-sulaj\\\/\"},\"wordCount\":133,\"commentCount\":0,\"publisher\":{\"@id\":\"https:\\\/\\\/fjala.info\\\/2009-2015\\\/#organization\"},\"image\":{\"@id\":\"https:\\\/\\\/fjala.info\\\/2009-2015\\\/dhurata-se-dashures-per-shen-valentin-poezi-nga-avdyl-sulaj\\\/#primaryimage\"},\"thumbnailUrl\":\"http:\\\/\\\/www.fjala.info\\\/2013\\\/avdyl_sulaj.jpg\",\"articleSection\":[\"Artikuj\"],\"inLanguage\":\"sq-AL\",\"potentialAction\":[{\"@type\":\"CommentAction\",\"name\":\"Comment\",\"target\":[\"https:\\\/\\\/fjala.info\\\/2009-2015\\\/dhurata-se-dashures-per-shen-valentin-poezi-nga-avdyl-sulaj\\\/#respond\"]}]},{\"@type\":\"WebPage\",\"@id\":\"https:\\\/\\\/fjala.info\\\/2009-2015\\\/dhurata-se-dashures-per-shen-valentin-poezi-nga-avdyl-sulaj\\\/\",\"url\":\"https:\\\/\\\/fjala.info\\\/2009-2015\\\/dhurata-se-dashures-per-shen-valentin-poezi-nga-avdyl-sulaj\\\/\",\"name\":\"DHURATA S\u00cb DASHUR\u00cbS P\u00cbR SH\u00cbN VALENTIN - poezi nga Avdyl SULAJ - FjALA e LIR\u00cb - Arkivi\",\"isPartOf\":{\"@id\":\"https:\\\/\\\/fjala.info\\\/2009-2015\\\/#website\"},\"primaryImageOfPage\":{\"@id\":\"https:\\\/\\\/fjala.info\\\/2009-2015\\\/dhurata-se-dashures-per-shen-valentin-poezi-nga-avdyl-sulaj\\\/#primaryimage\"},\"image\":{\"@id\":\"https:\\\/\\\/fjala.info\\\/2009-2015\\\/dhurata-se-dashures-per-shen-valentin-poezi-nga-avdyl-sulaj\\\/#primaryimage\"},\"thumbnailUrl\":\"http:\\\/\\\/www.fjala.info\\\/2013\\\/avdyl_sulaj.jpg\",\"datePublished\":\"2013-02-12T10:42:54+00:00\",\"breadcrumb\":{\"@id\":\"https:\\\/\\\/fjala.info\\\/2009-2015\\\/dhurata-se-dashures-per-shen-valentin-poezi-nga-avdyl-sulaj\\\/#breadcrumb\"},\"inLanguage\":\"sq-AL\",\"potentialAction\":[{\"@type\":\"ReadAction\",\"target\":[\"https:\\\/\\\/fjala.info\\\/2009-2015\\\/dhurata-se-dashures-per-shen-valentin-poezi-nga-avdyl-sulaj\\\/\"]}]},{\"@type\":\"ImageObject\",\"inLanguage\":\"sq-AL\",\"@id\":\"https:\\\/\\\/fjala.info\\\/2009-2015\\\/dhurata-se-dashures-per-shen-valentin-poezi-nga-avdyl-sulaj\\\/#primaryimage\",\"url\":\"http:\\\/\\\/www.fjala.info\\\/2013\\\/avdyl_sulaj.jpg\",\"contentUrl\":\"http:\\\/\\\/www.fjala.info\\\/2013\\\/avdyl_sulaj.jpg\"},{\"@type\":\"BreadcrumbList\",\"@id\":\"https:\\\/\\\/fjala.info\\\/2009-2015\\\/dhurata-se-dashures-per-shen-valentin-poezi-nga-avdyl-sulaj\\\/#breadcrumb\",\"itemListElement\":[{\"@type\":\"ListItem\",\"position\":1,\"name\":\"Home\",\"item\":\"https:\\\/\\\/fjala.info\\\/2009-2015\\\/\"},{\"@type\":\"ListItem\",\"position\":2,\"name\":\"DHURATA S\u00cb DASHUR\u00cbS P\u00cbR SH\u00cbN VALENTIN &#8211; poezi nga Avdyl SULAJ\"}]},{\"@type\":\"WebSite\",\"@id\":\"https:\\\/\\\/fjala.info\\\/2009-2015\\\/#website\",\"url\":\"https:\\\/\\\/fjala.info\\\/2009-2015\\\/\",\"name\":\"FjALA e LIR\u00cb - Arkivi\",\"description\":\"Arkivi 2009-2015\",\"publisher\":{\"@id\":\"https:\\\/\\\/fjala.info\\\/2009-2015\\\/#organization\"},\"potentialAction\":[{\"@type\":\"SearchAction\",\"target\":{\"@type\":\"EntryPoint\",\"urlTemplate\":\"https:\\\/\\\/fjala.info\\\/2009-2015\\\/?s={search_term_string}\"},\"query-input\":{\"@type\":\"PropertyValueSpecification\",\"valueRequired\":true,\"valueName\":\"search_term_string\"}}],\"inLanguage\":\"sq-AL\"},{\"@type\":\"Organization\",\"@id\":\"https:\\\/\\\/fjala.info\\\/2009-2015\\\/#organization\",\"name\":\"FjALA e LIR\u00cb - Arkivi\",\"url\":\"https:\\\/\\\/fjala.info\\\/2009-2015\\\/\",\"logo\":{\"@type\":\"ImageObject\",\"inLanguage\":\"sq-AL\",\"@id\":\"https:\\\/\\\/fjala.info\\\/2009-2015\\\/#\\\/schema\\\/logo\\\/image\\\/\",\"url\":\"\",\"contentUrl\":\"\",\"caption\":\"FjALA e LIR\u00cb - Arkivi\"},\"image\":{\"@id\":\"https:\\\/\\\/fjala.info\\\/2009-2015\\\/#\\\/schema\\\/logo\\\/image\\\/\"}},{\"@type\":\"Person\",\"@id\":\"https:\\\/\\\/fjala.info\\\/2009-2015\\\/#\\\/schema\\\/person\\\/3aa1163ef05469c496fc94e77611ada2\",\"name\":\"admin\",\"image\":{\"@type\":\"ImageObject\",\"inLanguage\":\"sq-AL\",\"@id\":\"https:\\\/\\\/fjala.info\\\/2009-2015\\\/wp-content\\\/uploads\\\/2012\\\/02\\\/arben_cokaj-120x150.jpg\",\"url\":\"https:\\\/\\\/fjala.info\\\/2009-2015\\\/wp-content\\\/uploads\\\/2012\\\/02\\\/arben_cokaj-120x150.jpg\",\"contentUrl\":\"https:\\\/\\\/fjala.info\\\/2009-2015\\\/wp-content\\\/uploads\\\/2012\\\/02\\\/arben_cokaj-120x150.jpg\",\"caption\":\"admin\"},\"description\":\"Admin, Fjala e Lir\u00eb\",\"sameAs\":[\"https:\\\/\\\/fjala.info\\\/\"],\"url\":\"https:\\\/\\\/fjala.info\\\/2009-2015\\\/author\\\/admin\\\/\"}]}<\/script>\n<!-- \/ Yoast SEO plugin. -->","yoast_head_json":{"title":"DHURATA S\u00cb DASHUR\u00cbS P\u00cbR SH\u00cbN VALENTIN - poezi nga Avdyl SULAJ - FjALA e LIR\u00cb - Arkivi","robots":{"index":"index","follow":"follow","max-snippet":"max-snippet:-1","max-image-preview":"max-image-preview:large","max-video-preview":"max-video-preview:-1"},"canonical":"https:\/\/fjala.info\/2009-2015\/dhurata-se-dashures-per-shen-valentin-poezi-nga-avdyl-sulaj\/","og_locale":"sq_AL","og_type":"article","og_title":"DHURATA S\u00cb DASHUR\u00cbS P\u00cbR SH\u00cbN VALENTIN - poezi nga Avdyl SULAJ - FjALA e LIR\u00cb - Arkivi","og_description":"DHURATA S\u00cb DASHUR\u00cbS P\u00cbR SH\u00cbN VALENTIN Sot e dashur, p\u00ebr Sh\u00ebn Valentin Dhuratat do t\u2019i b\u00ebj nga peizazhi alpin. Nj\u00eb fustan do ta end n\u00eb vegj\u00eb t\u00eb er\u00ebs Prej fluturzash bore te Kroni i Ver\u00ebs. Nj\u00eb ylber do ta mb\u00ebrrij lart n\u00eb bjeshk\u00eb, Me stofin e tij do t\u00eb b\u00ebj nj\u00eb xhaket\u00eb. Maj\u00eb Shk\u00eblzenit do [&hellip;]","og_url":"https:\/\/fjala.info\/2009-2015\/dhurata-se-dashures-per-shen-valentin-poezi-nga-avdyl-sulaj\/","og_site_name":"FjALA e LIR\u00cb - Arkivi","article_published_time":"2013-02-12T10:42:54+00:00","og_image":[{"url":"http:\/\/www.fjala.info\/2013\/avdyl_sulaj.jpg","type":"","width":"","height":""}],"author":"admin","twitter_card":"summary_large_image","twitter_misc":{"Written by":"admin","Est. reading time":"1 minute"},"schema":{"@context":"https:\/\/schema.org","@graph":[{"@type":"Article","@id":"https:\/\/fjala.info\/2009-2015\/dhurata-se-dashures-per-shen-valentin-poezi-nga-avdyl-sulaj\/#article","isPartOf":{"@id":"https:\/\/fjala.info\/2009-2015\/dhurata-se-dashures-per-shen-valentin-poezi-nga-avdyl-sulaj\/"},"author":{"name":"admin","@id":"https:\/\/fjala.info\/2009-2015\/#\/schema\/person\/3aa1163ef05469c496fc94e77611ada2"},"headline":"DHURATA S\u00cb DASHUR\u00cbS P\u00cbR SH\u00cbN VALENTIN &#8211; poezi nga Avdyl SULAJ","datePublished":"2013-02-12T10:42:54+00:00","mainEntityOfPage":{"@id":"https:\/\/fjala.info\/2009-2015\/dhurata-se-dashures-per-shen-valentin-poezi-nga-avdyl-sulaj\/"},"wordCount":133,"commentCount":0,"publisher":{"@id":"https:\/\/fjala.info\/2009-2015\/#organization"},"image":{"@id":"https:\/\/fjala.info\/2009-2015\/dhurata-se-dashures-per-shen-valentin-poezi-nga-avdyl-sulaj\/#primaryimage"},"thumbnailUrl":"http:\/\/www.fjala.info\/2013\/avdyl_sulaj.jpg","articleSection":["Artikuj"],"inLanguage":"sq-AL","potentialAction":[{"@type":"CommentAction","name":"Comment","target":["https:\/\/fjala.info\/2009-2015\/dhurata-se-dashures-per-shen-valentin-poezi-nga-avdyl-sulaj\/#respond"]}]},{"@type":"WebPage","@id":"https:\/\/fjala.info\/2009-2015\/dhurata-se-dashures-per-shen-valentin-poezi-nga-avdyl-sulaj\/","url":"https:\/\/fjala.info\/2009-2015\/dhurata-se-dashures-per-shen-valentin-poezi-nga-avdyl-sulaj\/","name":"DHURATA S\u00cb DASHUR\u00cbS P\u00cbR SH\u00cbN VALENTIN - poezi nga Avdyl SULAJ - FjALA e LIR\u00cb - Arkivi","isPartOf":{"@id":"https:\/\/fjala.info\/2009-2015\/#website"},"primaryImageOfPage":{"@id":"https:\/\/fjala.info\/2009-2015\/dhurata-se-dashures-per-shen-valentin-poezi-nga-avdyl-sulaj\/#primaryimage"},"image":{"@id":"https:\/\/fjala.info\/2009-2015\/dhurata-se-dashures-per-shen-valentin-poezi-nga-avdyl-sulaj\/#primaryimage"},"thumbnailUrl":"http:\/\/www.fjala.info\/2013\/avdyl_sulaj.jpg","datePublished":"2013-02-12T10:42:54+00:00","breadcrumb":{"@id":"https:\/\/fjala.info\/2009-2015\/dhurata-se-dashures-per-shen-valentin-poezi-nga-avdyl-sulaj\/#breadcrumb"},"inLanguage":"sq-AL","potentialAction":[{"@type":"ReadAction","target":["https:\/\/fjala.info\/2009-2015\/dhurata-se-dashures-per-shen-valentin-poezi-nga-avdyl-sulaj\/"]}]},{"@type":"ImageObject","inLanguage":"sq-AL","@id":"https:\/\/fjala.info\/2009-2015\/dhurata-se-dashures-per-shen-valentin-poezi-nga-avdyl-sulaj\/#primaryimage","url":"http:\/\/www.fjala.info\/2013\/avdyl_sulaj.jpg","contentUrl":"http:\/\/www.fjala.info\/2013\/avdyl_sulaj.jpg"},{"@type":"BreadcrumbList","@id":"https:\/\/fjala.info\/2009-2015\/dhurata-se-dashures-per-shen-valentin-poezi-nga-avdyl-sulaj\/#breadcrumb","itemListElement":[{"@type":"ListItem","position":1,"name":"Home","item":"https:\/\/fjala.info\/2009-2015\/"},{"@type":"ListItem","position":2,"name":"DHURATA S\u00cb DASHUR\u00cbS P\u00cbR SH\u00cbN VALENTIN &#8211; poezi nga Avdyl SULAJ"}]},{"@type":"WebSite","@id":"https:\/\/fjala.info\/2009-2015\/#website","url":"https:\/\/fjala.info\/2009-2015\/","name":"FjALA e LIR\u00cb - Arkivi","description":"Arkivi 2009-2015","publisher":{"@id":"https:\/\/fjala.info\/2009-2015\/#organization"},"potentialAction":[{"@type":"SearchAction","target":{"@type":"EntryPoint","urlTemplate":"https:\/\/fjala.info\/2009-2015\/?s={search_term_string}"},"query-input":{"@type":"PropertyValueSpecification","valueRequired":true,"valueName":"search_term_string"}}],"inLanguage":"sq-AL"},{"@type":"Organization","@id":"https:\/\/fjala.info\/2009-2015\/#organization","name":"FjALA e LIR\u00cb - Arkivi","url":"https:\/\/fjala.info\/2009-2015\/","logo":{"@type":"ImageObject","inLanguage":"sq-AL","@id":"https:\/\/fjala.info\/2009-2015\/#\/schema\/logo\/image\/","url":"","contentUrl":"","caption":"FjALA e LIR\u00cb - Arkivi"},"image":{"@id":"https:\/\/fjala.info\/2009-2015\/#\/schema\/logo\/image\/"}},{"@type":"Person","@id":"https:\/\/fjala.info\/2009-2015\/#\/schema\/person\/3aa1163ef05469c496fc94e77611ada2","name":"admin","image":{"@type":"ImageObject","inLanguage":"sq-AL","@id":"https:\/\/fjala.info\/2009-2015\/wp-content\/uploads\/2012\/02\/arben_cokaj-120x150.jpg","url":"https:\/\/fjala.info\/2009-2015\/wp-content\/uploads\/2012\/02\/arben_cokaj-120x150.jpg","contentUrl":"https:\/\/fjala.info\/2009-2015\/wp-content\/uploads\/2012\/02\/arben_cokaj-120x150.jpg","caption":"admin"},"description":"Admin, Fjala e Lir\u00eb","sameAs":["https:\/\/fjala.info\/"],"url":"https:\/\/fjala.info\/2009-2015\/author\/admin\/"}]}},"_links":{"self":[{"href":"https:\/\/fjala.info\/2009-2015\/wp-json\/wp\/v2\/posts\/12424","targetHints":{"allow":["GET"]}}],"collection":[{"href":"https:\/\/fjala.info\/2009-2015\/wp-json\/wp\/v2\/posts"}],"about":[{"href":"https:\/\/fjala.info\/2009-2015\/wp-json\/wp\/v2\/types\/post"}],"author":[{"embeddable":true,"href":"https:\/\/fjala.info\/2009-2015\/wp-json\/wp\/v2\/users\/1"}],"replies":[{"embeddable":true,"href":"https:\/\/fjala.info\/2009-2015\/wp-json\/wp\/v2\/comments?post=12424"}],"version-history":[{"count":0,"href":"https:\/\/fjala.info\/2009-2015\/wp-json\/wp\/v2\/posts\/12424\/revisions"}],"wp:attachment":[{"href":"https:\/\/fjala.info\/2009-2015\/wp-json\/wp\/v2\/media?parent=12424"}],"wp:term":[{"taxonomy":"category","embeddable":true,"href":"https:\/\/fjala.info\/2009-2015\/wp-json\/wp\/v2\/categories?post=12424"},{"taxonomy":"post_tag","embeddable":true,"href":"https:\/\/fjala.info\/2009-2015\/wp-json\/wp\/v2\/tags?post=12424"}],"curies":[{"name":"wp","href":"https:\/\/api.w.org\/{rel}","templated":true}]}}