{"id":1238,"date":"2012-01-19T21:15:16","date_gmt":"2012-01-19T20:15:16","guid":{"rendered":"http:\/\/fjala.shkoder.net\/?p=1238"},"modified":"2012-01-19T21:15:16","modified_gmt":"2012-01-19T20:15:16","slug":"shantazhi-me-pergjimet-biseda-audio-te-pergjuara-ne-disa-lokale-te-tiranes-dhe-biseda-telefonike","status":"publish","type":"post","link":"https:\/\/fjala.info\/2009-2015\/shantazhi-me-pergjimet-biseda-audio-te-pergjuara-ne-disa-lokale-te-tiranes-dhe-biseda-telefonike\/","title":{"rendered":"Shantazhi me p\u00ebrgjimet: Biseda audio t\u00eb p\u00ebrgjuara n\u00eb disa lokale t\u00eb Tiran\u00ebs dhe biseda telefonike"},"content":{"rendered":"<p><img decoding=\"async\" class=\"alignleft size-thumbnail wp-image-7236\" title=\"Ilir Meta\" src=\"http:\/\/www.shkoder.net\/2012\/meta_me_cigare.jpg\" alt=\"\" width=\"300\" \/> <strong>TemA<\/strong>, <em>19 Janar 2012<\/em><\/p>\n<p>Shantazhet q\u00eb Ilir Meta b\u00ebn me t\u00eb ashtuquajturat p\u00ebrgjime, jan\u00eb regjistrime t\u00eb policis\u00eb n\u00eb disa restorante t\u00eb kryeqytetit dhe biseda telefonike t\u00eb p\u00ebrgjuara pa mandat, q\u00eb i vihen n\u00eb dispozicion Berish\u00ebs p\u00ebr informacion. Nj\u00eb burim i af\u00ebrt me Spartak Brahon i tha gazet\u00ebs Tema se gjitha \u00e7far\u00eb Meta ka grumbulluar jan\u00eb nj\u00eb s\u00ebr\u00eb p\u00ebrgjimesh ilegale t\u00eb b\u00ebra nga policia e Agron Kuli\u00e7i, dhe p\u00ebrgjime telefonike t\u00eb paautorizuara mbi disa gazetar\u00eb dhe biznesmen\u00eb, q\u00eb flasin rreth videove t\u00eb Ilir Met\u00ebs.<\/p>\n<p>P\u00ebrgjimet jan\u00eb bisedo n\u00eb audio, q\u00eb jan\u00eb realizuar n\u00eb s\u00eb paku tri restorante t\u00eb njohura t\u00eb kryeqytetit, q\u00eb nuk po i p\u00ebrmendim p\u00ebr efekt t\u00eb biznesit t\u00eb tyre, si dhe p\u00ebrgjime telefonike t\u00eb disa gazetar\u00ebve n\u00eb m\u00ebnyr\u00eb t\u00eb paligjshme, t\u00eb cilat i sh\u00ebrbejn\u00eb Berish\u00ebs thjesht p\u00ebr informacion.<\/p>\n<p>Bisedat e p\u00ebrgjuara jan\u00eb n\u00eb t\u00ebr\u00ebsi komente rreth Ilir Met\u00ebs, videos s\u00eb shfaqur, dhe ecuris\u00eb s\u00eb procesit gjyq\u00ebsor. N\u00eb duart e Met\u00ebs jan\u00eb po ashtu dhe videot e gjetura n\u00eb kompjuterin e Priftit, t\u00eb cilin e mor\u00ebn ekspert\u00ebt e tij gjat\u00eb ekspertimit t\u00eb videos. Kjo komprometon dyfish pun\u00ebn e tyre si ekspert\u00eb, pasi kan\u00eb shitur material\u00eb q\u00eb prokuroria ua ka dh\u00ebn\u00eb n\u00eb mir\u00ebbesim.<\/p>\n<p>P\u00ebrgjimet p\u00ebrve\u00e7se nuk p\u00ebrmbajn\u00eb asgj\u00eb sensitive, jan\u00eb thjesht nj\u00eb tregues i p\u00ebrfshirjes s\u00eb pushtetit n\u00eb nj\u00eb veprimtari t\u00eb paligjshme kund\u00ebr privat\u00ebsis\u00eb s\u00eb qytetar\u00ebve. Transmetimi i tyre do t\u00eb ishte interesant dhe mezi pritet dhe nga vet\u00eb personazhet e p\u00ebrgjuara, pasi do t\u00eb jet\u00eb nj\u00eb arm\u00eb e fort\u00eb n\u00eb betej\u00ebn kund\u00ebr Berish\u00ebs p\u00ebr keqp\u00ebrdorimin e pushtetit. Deri n\u00eb k\u00ebto momente ato po p\u00ebrdoren vet\u00ebm p\u00ebr nj\u00eb fushat\u00eb thashethemesh.<\/p>\n<p>Dritan Prifti, ndaj t\u00eb cilit drejtohet shantazhi, nuk po prononcohet ende. Ai ka premtuar se do t\u2019i p\u00ebrgjigjet \u00e7do videoje t\u00eb marr\u00eb prej tyre, me disa regjistrime trondit\u00ebse. Edhe pse ai nuk ka b\u00ebr\u00eb komente, \u00ebsht\u00eb shum\u00eb e p\u00ebrfolur historia e videos s\u00eb nj\u00eb njeriu t\u00eb af\u00ebrm t\u00eb Met\u00ebs q\u00eb flet p\u00ebr vete dhe f\u00ebmij\u00ebt e Berish\u00ebs si dhe disa video t\u00eb tjera rreth familjeve n\u00eb pushtet.<\/p>\n","protected":false},"excerpt":{"rendered":"<p>TemA, 19 Janar 2012 Shantazhet q\u00eb Ilir Meta b\u00ebn me t\u00eb ashtuquajturat p\u00ebrgjime, jan\u00eb regjistrime t\u00eb policis\u00eb n\u00eb disa restorante t\u00eb kryeqytetit dhe biseda telefonike t\u00eb p\u00ebrgjuara pa mandat, q\u00eb i vihen n\u00eb dispozicion Berish\u00ebs p\u00ebr informacion. Nj\u00eb burim i af\u00ebrt me Spartak Brahon i tha gazet\u00ebs Tema se gjitha \u00e7far\u00eb Meta ka grumbulluar jan\u00eb [&hellip;]<\/p>\n","protected":false},"author":1,"featured_media":0,"comment_status":"open","ping_status":"closed","sticky":false,"template":"","format":"standard","meta":{"footnotes":""},"categories":[2],"tags":[],"class_list":{"0":"post-1238","1":"post","2":"type-post","3":"status-publish","4":"format-standard","6":"category-artikuj"},"yoast_head":"<!-- This site is optimized with the Yoast SEO plugin v27.4 - https:\/\/yoast.com\/product\/yoast-seo-wordpress\/ -->\n<title>Shantazhi me p\u00ebrgjimet: Biseda audio t\u00eb p\u00ebrgjuara n\u00eb disa lokale t\u00eb Tiran\u00ebs dhe biseda telefonike - FjALA e LIR\u00cb - Arkivi<\/title>\n<meta name=\"robots\" content=\"index, follow, max-snippet:-1, max-image-preview:large, max-video-preview:-1\" \/>\n<link rel=\"canonical\" href=\"https:\/\/fjala.info\/2009-2015\/shantazhi-me-pergjimet-biseda-audio-te-pergjuara-ne-disa-lokale-te-tiranes-dhe-biseda-telefonike\/\" \/>\n<meta property=\"og:locale\" content=\"sq_AL\" \/>\n<meta property=\"og:type\" content=\"article\" \/>\n<meta property=\"og:title\" content=\"Shantazhi me p\u00ebrgjimet: Biseda audio t\u00eb p\u00ebrgjuara n\u00eb disa lokale t\u00eb Tiran\u00ebs dhe biseda telefonike - FjALA e LIR\u00cb - Arkivi\" \/>\n<meta property=\"og:description\" content=\"TemA, 19 Janar 2012 Shantazhet q\u00eb Ilir Meta b\u00ebn me t\u00eb ashtuquajturat p\u00ebrgjime, jan\u00eb regjistrime t\u00eb policis\u00eb n\u00eb disa restorante t\u00eb kryeqytetit dhe biseda telefonike t\u00eb p\u00ebrgjuara pa mandat, q\u00eb i vihen n\u00eb dispozicion Berish\u00ebs p\u00ebr informacion. Nj\u00eb burim i af\u00ebrt me Spartak Brahon i tha gazet\u00ebs Tema se gjitha \u00e7far\u00eb Meta ka grumbulluar jan\u00eb [&hellip;]\" \/>\n<meta property=\"og:url\" content=\"https:\/\/fjala.info\/2009-2015\/shantazhi-me-pergjimet-biseda-audio-te-pergjuara-ne-disa-lokale-te-tiranes-dhe-biseda-telefonike\/\" \/>\n<meta property=\"og:site_name\" content=\"FjALA e LIR\u00cb - Arkivi\" \/>\n<meta property=\"article:published_time\" content=\"2012-01-19T20:15:16+00:00\" \/>\n<meta property=\"og:image\" content=\"http:\/\/www.shkoder.net\/2012\/meta_me_cigare.jpg\" \/>\n<meta name=\"author\" content=\"admin\" \/>\n<meta name=\"twitter:card\" content=\"summary_large_image\" \/>\n<meta name=\"twitter:label1\" content=\"Written by\" \/>\n\t<meta name=\"twitter:data1\" content=\"admin\" \/>\n\t<meta name=\"twitter:label2\" content=\"Est. reading time\" \/>\n\t<meta name=\"twitter:data2\" content=\"2 minutes\" \/>\n<script type=\"application\/ld+json\" class=\"yoast-schema-graph\">{\"@context\":\"https:\\\/\\\/schema.org\",\"@graph\":[{\"@type\":\"Article\",\"@id\":\"https:\\\/\\\/fjala.info\\\/2009-2015\\\/shantazhi-me-pergjimet-biseda-audio-te-pergjuara-ne-disa-lokale-te-tiranes-dhe-biseda-telefonike\\\/#article\",\"isPartOf\":{\"@id\":\"https:\\\/\\\/fjala.info\\\/2009-2015\\\/shantazhi-me-pergjimet-biseda-audio-te-pergjuara-ne-disa-lokale-te-tiranes-dhe-biseda-telefonike\\\/\"},\"author\":{\"name\":\"admin\",\"@id\":\"https:\\\/\\\/fjala.info\\\/2009-2015\\\/#\\\/schema\\\/person\\\/3aa1163ef05469c496fc94e77611ada2\"},\"headline\":\"Shantazhi me p\u00ebrgjimet: Biseda audio t\u00eb p\u00ebrgjuara n\u00eb disa lokale t\u00eb Tiran\u00ebs dhe biseda telefonike\",\"datePublished\":\"2012-01-19T20:15:16+00:00\",\"mainEntityOfPage\":{\"@id\":\"https:\\\/\\\/fjala.info\\\/2009-2015\\\/shantazhi-me-pergjimet-biseda-audio-te-pergjuara-ne-disa-lokale-te-tiranes-dhe-biseda-telefonike\\\/\"},\"wordCount\":405,\"commentCount\":0,\"publisher\":{\"@id\":\"https:\\\/\\\/fjala.info\\\/2009-2015\\\/#organization\"},\"image\":{\"@id\":\"https:\\\/\\\/fjala.info\\\/2009-2015\\\/shantazhi-me-pergjimet-biseda-audio-te-pergjuara-ne-disa-lokale-te-tiranes-dhe-biseda-telefonike\\\/#primaryimage\"},\"thumbnailUrl\":\"http:\\\/\\\/www.shkoder.net\\\/2012\\\/meta_me_cigare.jpg\",\"articleSection\":[\"Artikuj\"],\"inLanguage\":\"sq-AL\",\"potentialAction\":[{\"@type\":\"CommentAction\",\"name\":\"Comment\",\"target\":[\"https:\\\/\\\/fjala.info\\\/2009-2015\\\/shantazhi-me-pergjimet-biseda-audio-te-pergjuara-ne-disa-lokale-te-tiranes-dhe-biseda-telefonike\\\/#respond\"]}]},{\"@type\":\"WebPage\",\"@id\":\"https:\\\/\\\/fjala.info\\\/2009-2015\\\/shantazhi-me-pergjimet-biseda-audio-te-pergjuara-ne-disa-lokale-te-tiranes-dhe-biseda-telefonike\\\/\",\"url\":\"https:\\\/\\\/fjala.info\\\/2009-2015\\\/shantazhi-me-pergjimet-biseda-audio-te-pergjuara-ne-disa-lokale-te-tiranes-dhe-biseda-telefonike\\\/\",\"name\":\"Shantazhi me p\u00ebrgjimet: Biseda audio t\u00eb p\u00ebrgjuara n\u00eb disa lokale t\u00eb Tiran\u00ebs dhe biseda telefonike - FjALA e LIR\u00cb - Arkivi\",\"isPartOf\":{\"@id\":\"https:\\\/\\\/fjala.info\\\/2009-2015\\\/#website\"},\"primaryImageOfPage\":{\"@id\":\"https:\\\/\\\/fjala.info\\\/2009-2015\\\/shantazhi-me-pergjimet-biseda-audio-te-pergjuara-ne-disa-lokale-te-tiranes-dhe-biseda-telefonike\\\/#primaryimage\"},\"image\":{\"@id\":\"https:\\\/\\\/fjala.info\\\/2009-2015\\\/shantazhi-me-pergjimet-biseda-audio-te-pergjuara-ne-disa-lokale-te-tiranes-dhe-biseda-telefonike\\\/#primaryimage\"},\"thumbnailUrl\":\"http:\\\/\\\/www.shkoder.net\\\/2012\\\/meta_me_cigare.jpg\",\"datePublished\":\"2012-01-19T20:15:16+00:00\",\"breadcrumb\":{\"@id\":\"https:\\\/\\\/fjala.info\\\/2009-2015\\\/shantazhi-me-pergjimet-biseda-audio-te-pergjuara-ne-disa-lokale-te-tiranes-dhe-biseda-telefonike\\\/#breadcrumb\"},\"inLanguage\":\"sq-AL\",\"potentialAction\":[{\"@type\":\"ReadAction\",\"target\":[\"https:\\\/\\\/fjala.info\\\/2009-2015\\\/shantazhi-me-pergjimet-biseda-audio-te-pergjuara-ne-disa-lokale-te-tiranes-dhe-biseda-telefonike\\\/\"]}]},{\"@type\":\"ImageObject\",\"inLanguage\":\"sq-AL\",\"@id\":\"https:\\\/\\\/fjala.info\\\/2009-2015\\\/shantazhi-me-pergjimet-biseda-audio-te-pergjuara-ne-disa-lokale-te-tiranes-dhe-biseda-telefonike\\\/#primaryimage\",\"url\":\"http:\\\/\\\/www.shkoder.net\\\/2012\\\/meta_me_cigare.jpg\",\"contentUrl\":\"http:\\\/\\\/www.shkoder.net\\\/2012\\\/meta_me_cigare.jpg\"},{\"@type\":\"BreadcrumbList\",\"@id\":\"https:\\\/\\\/fjala.info\\\/2009-2015\\\/shantazhi-me-pergjimet-biseda-audio-te-pergjuara-ne-disa-lokale-te-tiranes-dhe-biseda-telefonike\\\/#breadcrumb\",\"itemListElement\":[{\"@type\":\"ListItem\",\"position\":1,\"name\":\"Home\",\"item\":\"https:\\\/\\\/fjala.info\\\/2009-2015\\\/\"},{\"@type\":\"ListItem\",\"position\":2,\"name\":\"Shantazhi me p\u00ebrgjimet: Biseda audio t\u00eb p\u00ebrgjuara n\u00eb disa lokale t\u00eb Tiran\u00ebs dhe biseda telefonike\"}]},{\"@type\":\"WebSite\",\"@id\":\"https:\\\/\\\/fjala.info\\\/2009-2015\\\/#website\",\"url\":\"https:\\\/\\\/fjala.info\\\/2009-2015\\\/\",\"name\":\"FjALA e LIR\u00cb - Arkivi\",\"description\":\"Arkivi 2009-2015\",\"publisher\":{\"@id\":\"https:\\\/\\\/fjala.info\\\/2009-2015\\\/#organization\"},\"potentialAction\":[{\"@type\":\"SearchAction\",\"target\":{\"@type\":\"EntryPoint\",\"urlTemplate\":\"https:\\\/\\\/fjala.info\\\/2009-2015\\\/?s={search_term_string}\"},\"query-input\":{\"@type\":\"PropertyValueSpecification\",\"valueRequired\":true,\"valueName\":\"search_term_string\"}}],\"inLanguage\":\"sq-AL\"},{\"@type\":\"Organization\",\"@id\":\"https:\\\/\\\/fjala.info\\\/2009-2015\\\/#organization\",\"name\":\"FjALA e LIR\u00cb - Arkivi\",\"url\":\"https:\\\/\\\/fjala.info\\\/2009-2015\\\/\",\"logo\":{\"@type\":\"ImageObject\",\"inLanguage\":\"sq-AL\",\"@id\":\"https:\\\/\\\/fjala.info\\\/2009-2015\\\/#\\\/schema\\\/logo\\\/image\\\/\",\"url\":\"\",\"contentUrl\":\"\",\"caption\":\"FjALA e LIR\u00cb - Arkivi\"},\"image\":{\"@id\":\"https:\\\/\\\/fjala.info\\\/2009-2015\\\/#\\\/schema\\\/logo\\\/image\\\/\"}},{\"@type\":\"Person\",\"@id\":\"https:\\\/\\\/fjala.info\\\/2009-2015\\\/#\\\/schema\\\/person\\\/3aa1163ef05469c496fc94e77611ada2\",\"name\":\"admin\",\"image\":{\"@type\":\"ImageObject\",\"inLanguage\":\"sq-AL\",\"@id\":\"https:\\\/\\\/fjala.info\\\/2009-2015\\\/wp-content\\\/uploads\\\/2012\\\/02\\\/arben_cokaj-120x150.jpg\",\"url\":\"https:\\\/\\\/fjala.info\\\/2009-2015\\\/wp-content\\\/uploads\\\/2012\\\/02\\\/arben_cokaj-120x150.jpg\",\"contentUrl\":\"https:\\\/\\\/fjala.info\\\/2009-2015\\\/wp-content\\\/uploads\\\/2012\\\/02\\\/arben_cokaj-120x150.jpg\",\"caption\":\"admin\"},\"description\":\"Admin, Fjala e Lir\u00eb\",\"sameAs\":[\"https:\\\/\\\/fjala.info\\\/\"],\"url\":\"https:\\\/\\\/fjala.info\\\/2009-2015\\\/author\\\/admin\\\/\"}]}<\/script>\n<!-- \/ Yoast SEO plugin. -->","yoast_head_json":{"title":"Shantazhi me p\u00ebrgjimet: Biseda audio t\u00eb p\u00ebrgjuara n\u00eb disa lokale t\u00eb Tiran\u00ebs dhe biseda telefonike - FjALA e LIR\u00cb - Arkivi","robots":{"index":"index","follow":"follow","max-snippet":"max-snippet:-1","max-image-preview":"max-image-preview:large","max-video-preview":"max-video-preview:-1"},"canonical":"https:\/\/fjala.info\/2009-2015\/shantazhi-me-pergjimet-biseda-audio-te-pergjuara-ne-disa-lokale-te-tiranes-dhe-biseda-telefonike\/","og_locale":"sq_AL","og_type":"article","og_title":"Shantazhi me p\u00ebrgjimet: Biseda audio t\u00eb p\u00ebrgjuara n\u00eb disa lokale t\u00eb Tiran\u00ebs dhe biseda telefonike - FjALA e LIR\u00cb - Arkivi","og_description":"TemA, 19 Janar 2012 Shantazhet q\u00eb Ilir Meta b\u00ebn me t\u00eb ashtuquajturat p\u00ebrgjime, jan\u00eb regjistrime t\u00eb policis\u00eb n\u00eb disa restorante t\u00eb kryeqytetit dhe biseda telefonike t\u00eb p\u00ebrgjuara pa mandat, q\u00eb i vihen n\u00eb dispozicion Berish\u00ebs p\u00ebr informacion. Nj\u00eb burim i af\u00ebrt me Spartak Brahon i tha gazet\u00ebs Tema se gjitha \u00e7far\u00eb Meta ka grumbulluar jan\u00eb [&hellip;]","og_url":"https:\/\/fjala.info\/2009-2015\/shantazhi-me-pergjimet-biseda-audio-te-pergjuara-ne-disa-lokale-te-tiranes-dhe-biseda-telefonike\/","og_site_name":"FjALA e LIR\u00cb - Arkivi","article_published_time":"2012-01-19T20:15:16+00:00","og_image":[{"url":"http:\/\/www.shkoder.net\/2012\/meta_me_cigare.jpg","type":"","width":"","height":""}],"author":"admin","twitter_card":"summary_large_image","twitter_misc":{"Written by":"admin","Est. reading time":"2 minutes"},"schema":{"@context":"https:\/\/schema.org","@graph":[{"@type":"Article","@id":"https:\/\/fjala.info\/2009-2015\/shantazhi-me-pergjimet-biseda-audio-te-pergjuara-ne-disa-lokale-te-tiranes-dhe-biseda-telefonike\/#article","isPartOf":{"@id":"https:\/\/fjala.info\/2009-2015\/shantazhi-me-pergjimet-biseda-audio-te-pergjuara-ne-disa-lokale-te-tiranes-dhe-biseda-telefonike\/"},"author":{"name":"admin","@id":"https:\/\/fjala.info\/2009-2015\/#\/schema\/person\/3aa1163ef05469c496fc94e77611ada2"},"headline":"Shantazhi me p\u00ebrgjimet: Biseda audio t\u00eb p\u00ebrgjuara n\u00eb disa lokale t\u00eb Tiran\u00ebs dhe biseda telefonike","datePublished":"2012-01-19T20:15:16+00:00","mainEntityOfPage":{"@id":"https:\/\/fjala.info\/2009-2015\/shantazhi-me-pergjimet-biseda-audio-te-pergjuara-ne-disa-lokale-te-tiranes-dhe-biseda-telefonike\/"},"wordCount":405,"commentCount":0,"publisher":{"@id":"https:\/\/fjala.info\/2009-2015\/#organization"},"image":{"@id":"https:\/\/fjala.info\/2009-2015\/shantazhi-me-pergjimet-biseda-audio-te-pergjuara-ne-disa-lokale-te-tiranes-dhe-biseda-telefonike\/#primaryimage"},"thumbnailUrl":"http:\/\/www.shkoder.net\/2012\/meta_me_cigare.jpg","articleSection":["Artikuj"],"inLanguage":"sq-AL","potentialAction":[{"@type":"CommentAction","name":"Comment","target":["https:\/\/fjala.info\/2009-2015\/shantazhi-me-pergjimet-biseda-audio-te-pergjuara-ne-disa-lokale-te-tiranes-dhe-biseda-telefonike\/#respond"]}]},{"@type":"WebPage","@id":"https:\/\/fjala.info\/2009-2015\/shantazhi-me-pergjimet-biseda-audio-te-pergjuara-ne-disa-lokale-te-tiranes-dhe-biseda-telefonike\/","url":"https:\/\/fjala.info\/2009-2015\/shantazhi-me-pergjimet-biseda-audio-te-pergjuara-ne-disa-lokale-te-tiranes-dhe-biseda-telefonike\/","name":"Shantazhi me p\u00ebrgjimet: Biseda audio t\u00eb p\u00ebrgjuara n\u00eb disa lokale t\u00eb Tiran\u00ebs dhe biseda telefonike - FjALA e LIR\u00cb - Arkivi","isPartOf":{"@id":"https:\/\/fjala.info\/2009-2015\/#website"},"primaryImageOfPage":{"@id":"https:\/\/fjala.info\/2009-2015\/shantazhi-me-pergjimet-biseda-audio-te-pergjuara-ne-disa-lokale-te-tiranes-dhe-biseda-telefonike\/#primaryimage"},"image":{"@id":"https:\/\/fjala.info\/2009-2015\/shantazhi-me-pergjimet-biseda-audio-te-pergjuara-ne-disa-lokale-te-tiranes-dhe-biseda-telefonike\/#primaryimage"},"thumbnailUrl":"http:\/\/www.shkoder.net\/2012\/meta_me_cigare.jpg","datePublished":"2012-01-19T20:15:16+00:00","breadcrumb":{"@id":"https:\/\/fjala.info\/2009-2015\/shantazhi-me-pergjimet-biseda-audio-te-pergjuara-ne-disa-lokale-te-tiranes-dhe-biseda-telefonike\/#breadcrumb"},"inLanguage":"sq-AL","potentialAction":[{"@type":"ReadAction","target":["https:\/\/fjala.info\/2009-2015\/shantazhi-me-pergjimet-biseda-audio-te-pergjuara-ne-disa-lokale-te-tiranes-dhe-biseda-telefonike\/"]}]},{"@type":"ImageObject","inLanguage":"sq-AL","@id":"https:\/\/fjala.info\/2009-2015\/shantazhi-me-pergjimet-biseda-audio-te-pergjuara-ne-disa-lokale-te-tiranes-dhe-biseda-telefonike\/#primaryimage","url":"http:\/\/www.shkoder.net\/2012\/meta_me_cigare.jpg","contentUrl":"http:\/\/www.shkoder.net\/2012\/meta_me_cigare.jpg"},{"@type":"BreadcrumbList","@id":"https:\/\/fjala.info\/2009-2015\/shantazhi-me-pergjimet-biseda-audio-te-pergjuara-ne-disa-lokale-te-tiranes-dhe-biseda-telefonike\/#breadcrumb","itemListElement":[{"@type":"ListItem","position":1,"name":"Home","item":"https:\/\/fjala.info\/2009-2015\/"},{"@type":"ListItem","position":2,"name":"Shantazhi me p\u00ebrgjimet: Biseda audio t\u00eb p\u00ebrgjuara n\u00eb disa lokale t\u00eb Tiran\u00ebs dhe biseda telefonike"}]},{"@type":"WebSite","@id":"https:\/\/fjala.info\/2009-2015\/#website","url":"https:\/\/fjala.info\/2009-2015\/","name":"FjALA e LIR\u00cb - Arkivi","description":"Arkivi 2009-2015","publisher":{"@id":"https:\/\/fjala.info\/2009-2015\/#organization"},"potentialAction":[{"@type":"SearchAction","target":{"@type":"EntryPoint","urlTemplate":"https:\/\/fjala.info\/2009-2015\/?s={search_term_string}"},"query-input":{"@type":"PropertyValueSpecification","valueRequired":true,"valueName":"search_term_string"}}],"inLanguage":"sq-AL"},{"@type":"Organization","@id":"https:\/\/fjala.info\/2009-2015\/#organization","name":"FjALA e LIR\u00cb - Arkivi","url":"https:\/\/fjala.info\/2009-2015\/","logo":{"@type":"ImageObject","inLanguage":"sq-AL","@id":"https:\/\/fjala.info\/2009-2015\/#\/schema\/logo\/image\/","url":"","contentUrl":"","caption":"FjALA e LIR\u00cb - Arkivi"},"image":{"@id":"https:\/\/fjala.info\/2009-2015\/#\/schema\/logo\/image\/"}},{"@type":"Person","@id":"https:\/\/fjala.info\/2009-2015\/#\/schema\/person\/3aa1163ef05469c496fc94e77611ada2","name":"admin","image":{"@type":"ImageObject","inLanguage":"sq-AL","@id":"https:\/\/fjala.info\/2009-2015\/wp-content\/uploads\/2012\/02\/arben_cokaj-120x150.jpg","url":"https:\/\/fjala.info\/2009-2015\/wp-content\/uploads\/2012\/02\/arben_cokaj-120x150.jpg","contentUrl":"https:\/\/fjala.info\/2009-2015\/wp-content\/uploads\/2012\/02\/arben_cokaj-120x150.jpg","caption":"admin"},"description":"Admin, Fjala e Lir\u00eb","sameAs":["https:\/\/fjala.info\/"],"url":"https:\/\/fjala.info\/2009-2015\/author\/admin\/"}]}},"_links":{"self":[{"href":"https:\/\/fjala.info\/2009-2015\/wp-json\/wp\/v2\/posts\/1238","targetHints":{"allow":["GET"]}}],"collection":[{"href":"https:\/\/fjala.info\/2009-2015\/wp-json\/wp\/v2\/posts"}],"about":[{"href":"https:\/\/fjala.info\/2009-2015\/wp-json\/wp\/v2\/types\/post"}],"author":[{"embeddable":true,"href":"https:\/\/fjala.info\/2009-2015\/wp-json\/wp\/v2\/users\/1"}],"replies":[{"embeddable":true,"href":"https:\/\/fjala.info\/2009-2015\/wp-json\/wp\/v2\/comments?post=1238"}],"version-history":[{"count":0,"href":"https:\/\/fjala.info\/2009-2015\/wp-json\/wp\/v2\/posts\/1238\/revisions"}],"wp:attachment":[{"href":"https:\/\/fjala.info\/2009-2015\/wp-json\/wp\/v2\/media?parent=1238"}],"wp:term":[{"taxonomy":"category","embeddable":true,"href":"https:\/\/fjala.info\/2009-2015\/wp-json\/wp\/v2\/categories?post=1238"},{"taxonomy":"post_tag","embeddable":true,"href":"https:\/\/fjala.info\/2009-2015\/wp-json\/wp\/v2\/tags?post=1238"}],"curies":[{"name":"wp","href":"https:\/\/api.w.org\/{rel}","templated":true}]}}