{"id":1236,"date":"2012-01-19T21:12:51","date_gmt":"2012-01-19T20:12:51","guid":{"rendered":"http:\/\/fjala.shkoder.net\/?p=1236"},"modified":"2012-01-19T21:12:51","modified_gmt":"2012-01-19T20:12:51","slug":"shqiperia-tu-njeh-dy-shtetesine-shqiptareve-kudo-qe-jane","status":"publish","type":"post","link":"https:\/\/fjala.info\/2009-2015\/shqiperia-tu-njeh-dy-shtetesine-shqiptareve-kudo-qe-jane\/","title":{"rendered":"Shqip\u00ebria t&#8217;u njeh dy shtet\u00ebsin\u00eb shqiptar\u00ebve kudo q\u00eb jan\u00eb?"},"content":{"rendered":"<p><img decoding=\"async\" class=\"alignright size-thumbnail wp-image-7236\" title=\"Asllan Dibrani\" src=\"http:\/\/www.shkoder.net\/images\/fjala\/asllan_dibrani.jpg\" alt=\"\" width=\"150\" \/> Shkruan <strong>Asllan Dibrani<\/strong><\/p>\n<p>Me fjal\u00ebn shtet\u00ebsi kuptojm\u00eb se \u00ebsht\u00eb (dokument zyrtar)-me t\u00eb cilin p\u00ebrcaktohet p\u00ebrkat\u00ebsia shtet\u00ebrore e individ\u00ebve. Zakonisht n\u00eb praktik\u00eb gjith\u00eb banor\u00ebt e lindur t\u00eb nj\u00eb shteti, kan\u00eb p\u00ebrkat\u00ebsin\u00eb shtet\u00ebrore t\u00eb ati vendi ku ka lindur. Ka ndryshime n\u00eb disa shtete, qe qytetari i huaj nuk mundet me qen\u00eb p\u00ebrfitues i shtet\u00ebsis\u00eb se ati vendi edhe me shum\u00eb vite, si\u00e7 \u00ebsht\u00eb rasti i shum\u00eb qytetar\u00ebve shqiptar\u00eb, qoft\u00eb nga( Shqiperia ,Kosova apo pjes\u00eb tjera me popullat\u00eb shqiptare) n\u00eb Ballkan. Ka shqiptar\u00eb, deri me 25 vite q\u00ebndrimi n\u00eb vende e huaja pa shtet\u00ebsi p\u00ebrkat\u00ebse te atij shteti, si shembull n\u00eb Gjermani ka shume shqiptar\u00eb qe kategorizohen t\u00eb pa shtet\u00ebsi. Akoma kan\u00eb disa shtet\u00ebsin\u00eb jugosllave(serbe) qe n\u00eb praktik\u00eb nuk njihen as &#8220;shtetas kosovar&#8221; qe edhe n\u00eb regjistrimin e popullat\u00ebs n\u00eb Kosov\u00eb n\u00eb vitin e kaluar, i kushtoj mjaft Kosov\u00ebs ne raport me numrin egzistues.<\/p>\n<p>&#8211; K\u00ebtu duhet cekur se ka shtete n\u00eb t\u00eb cilat pas q\u00ebndrimit t\u00eb personave n\u00eb to, m\u00eb gjat\u00eb se 5 vite, ata kan\u00eb t\u00eb drejt\u00eb posedimi t\u00eb shtet\u00ebsis\u00eb n\u00ebse i p\u00ebrmbushin edhe disa kritere plot\u00ebsuese. Po ashtu n\u00eb praktik\u00eb sipas ligjeve t\u00eb shumic\u00ebs s\u00eb shteteve, p\u00ebrkat\u00ebsia shtet\u00ebrore e individ\u00ebve mund t\u00eb ndryshoj\u00eb qe t\u00eb ket\u00eb edhe nga&#8221; dy e tri shtet\u00ebsi &#8220;!<\/p>\n<p>Isha, n\u00eb Shqip\u00ebri para dy viteve , n\u00eb Durr\u00ebs pata rastin t&#8217;i njoh ca fqinj\u00eb t\u00eb nj\u00eb mikut tim. Gjithnj\u00eb komunikimi ishte shqip. Miku im qe nga f\u00ebmij\u00ebria i njihte si shqiptar .<\/p>\n<p>-Ai u shpreh ma tutje se k\u00ebta komshinjt\u00eb t\u00eb gjith\u00eb ishin bullgar dhe kan\u00eb marr\u00eb shtet\u00ebsin\u00eb bullgare pak i nevrikosur p\u00ebrfundoj rr\u00ebfimi i tij!?&#8230; Si frym\u00ebzim i k\u00ebsaj teme vendosa ta analizoj, se \u00e7ka jemi ne shqiptar\u00ebt? A jemi kund\u00ebrshtar potencial ndaj vetvetes, qe shum\u00eb leht\u00eb vlerat tona i p\u00ebr\u00e7mojm\u00eb, i p\u00ebrbuzim i dhunojm\u00eb me duart tona ! Tjet\u00ebrsohen qytetar\u00ebt tan\u00eb, paradoks i shprehur deri ne vetmonim si keqmenaxhim juridik duke ju dh\u00ebn\u00eb qytetar\u00ebve tan\u00eb shtet\u00ebsi t\u00eb huaj?&#8230; nd\u00ebrsa vete &#8220;shqiptar\u00ebve nuk u epet shtet\u00ebsia shqiptare aq leht\u00eb&#8221; ,po te jet\u00eb kosovar apo nj\u00eb shtetas shqiptar nga shtete fqinje ? P\u00ebr tu bindur k\u00ebsaj informate hulumtova se n\u00eb Shqiperi, (Bullgaria u ka dh\u00ebn\u00eb shtet\u00ebsin\u00eb e saj 11.441 personave q\u00eb nga fillimi i 2011 deri n\u00eb mes t\u00eb shtatorit).<\/p>\n<p>Shtohet pyetja ku jan\u00eb organet shtet\u00ebrore shqiptare? Ku \u00ebsht\u00eb shteti juridik qe duhet t\u00eb jet\u00eb prezent pran k\u00ebtyre abuzimeve dhe paradokseve qesharake, pa u kujdesur fare ndaj k\u00ebtyre akteve &#8220;antishqiptare&#8221; qe po kryhen nga shtete fqinje. Veprime te tilla ka sidomos nga Greqia fashisoide qe pretendon t\u00eb &#8220;asimiloj shqiptar\u00ebt p\u00ebr brenda Shqip\u00ebris\u00eb&#8221; me misionar\u00ebt n\u00eb Shqip\u00ebri e lere ma ata refugjat\u00ebt tan\u00eb qe q\u00ebndrojn\u00eb n\u00eb Greqi, duke shantazhuar dhe cenuar t\u00eb drejt\u00ebn e qytetareve tan\u00eb me p\u00ebrkat\u00ebsi &#8220;ortodokse&#8221; , &#8211; ose duke ju imponuar edhe nd\u00ebrrim emrash!&#8230; Maqedonia e ngordhur, nuk \u00ebsht\u00eb e pa prekshme n\u00eb k\u00ebt\u00eb fenomen , po as Serbia qe n\u00eb koh\u00ebt e fundit shpik\u00eb shifra t\u00eb minoritet serb atje. Nga kjo p\u00ebrfundon mendimi se Shqip\u00ebria karshi k\u00ebtyre tendencave, manipulimit t\u00eb minoriteteve nuk \u00ebsht\u00eb duke e prezantuar veten si shtet fare, duke lejuar p\u00ebrdhunosjen e shtetit shqiptar?<\/p>\n<p>Rregullorja p\u00ebr heqjen dore nga shtet\u00ebsia shqiptare si ma posht:<\/p>\n<p>\u00b7 K\u00ebrkesa e shtetasit shqiptar drejtuar Presidentit t\u00eb Republik\u00ebs. K\u00ebrkesa t\u00eb p\u00ebrmbaj\u00eb<\/p>\n<p>identitetin e plot\u00eb t\u00eb k\u00ebrkuesit (em\u00ebr mbiem\u00ebr, dat\u00eblindje, vendlindje, komb\u00ebsin\u00eb),<\/p>\n<p>adres\u00ebn e sakte te vendbanimit te tij te p\u00ebrhersh\u00ebm, si dhe adres\u00ebn (nr.telefoni) ku<\/p>\n<p>pret informim p\u00ebr ecurin\u00eb e aplikimit te tij, arsyet e k\u00ebrkes\u00ebs p\u00ebr heqjen dore nga<\/p>\n<p>shtet\u00ebsia shqiptare. K\u00ebrkesa n\u00ebnshkruhet me em\u00ebr mbiem\u00ebr e firm\u00eb nga k\u00ebrkuesi;<\/p>\n<p>\u00b7 Premtimi nga autoriteti kompetent i shtet\u00ebsis\u00eb tjet\u00ebr ose dokument shtet\u00ebsie origjinal,<\/p>\n<p>marre ne vendin p\u00ebrkat\u00ebs;<\/p>\n<p>\u00b7 Certifikata e lindjes me fotografi e aplikuesit ;<\/p>\n<p>\u00b7 Certifikata familjare e aplikuesit ;<\/p>\n<p>\u00b7 V\u00ebrtetimi i gjendjes gjyq\u00ebsore ;<\/p>\n<p>\u00b7 V\u00ebrtetimi nga Gjykata e rrethit ;<\/p>\n<p>\u00b7 V\u00ebrtetimi nga Prokuroria;<\/p>\n<p>\u00b7 V\u00ebrtetimi nga Zyra e P\u00ebrmbarimit ;<\/p>\n<p>\u00b7 V\u00ebrtetimi nga Kryetari i Nj\u00ebsis\u00eb administrative qe \u00ebsht\u00eb banor i asaj nj\u00ebsie, n\u00eb te<\/p>\n<p>cilin t\u00eb konfirmohet adresa e sakte ;<\/p>\n<p>\u00b7 Certifikata e martes\u00ebs se aplikimit e marr\u00eb n\u00eb vendin ku \u00ebsht\u00eb lidhur martesa;<\/p>\n<p>\u00b7 Dokumenti qe v\u00ebrteton rezidenc\u00ebn, vendbanimin e tij ne shtetin premtues t\u00eb shtet\u00ebsis\u00eb<\/p>\n<p>tjet\u00ebr. Ne \u00e7do rast ky dokument duhet t\u00eb jete p\u00ebr te gjith\u00eb an\u00ebtaret e familjes;<\/p>\n<p>\u00b7 Deklarata noteriale e te dy prind\u00ebrve, ku te shprehet p\u00eblqimi i tyre p\u00ebr heqjen dore<\/p>\n<p>nga shtet\u00ebsia shqiptare e f\u00ebmij\u00ebve t\u00eb tyre te mosh\u00ebs deri 18 vje\u00e7; K\u00ebto obligime t\u00eb nj\u00eb qytetari t\u00eb Shqip\u00ebris\u00eb jan\u00eb t\u00eb qarta, po a thua se po zbatohen n\u00eb praktike nga qytetar\u00ebt e shteteve fqinje qe i konsiderojn\u00eb si te vet at\u00eb pjese te minoritareve n\u00eb Shqip\u00ebri ?!..<\/p>\n<p><strong>Shpjegime mbi heqjen dore nga shtet\u00ebsia shqiptare<\/strong><\/p>\n<p>Presidenti i Republik\u00ebs, sipas nenit 92 t\u00eb Kushtetut\u00ebs, ka kompetenc\u00eb t\u00eb jap\u00eb dhe t\u00eb lejoj\u00eb heqjen dor\u00eb nga shtet\u00ebsia shqiptare, sipas ligjit.<\/p>\n<p>K\u00ebshtu thuhet ne rregulloren e shtetit shqiptar p\u00ebr shtet\u00ebsin\u00eb , a thau se Presidenti shqiptar ka pasur mund\u00ebsi t&#8217;i shqyrtoj dhe t&#8217;i n\u00ebnshkruaj gjith\u00eb ato k\u00ebrkesa vet\u00ebm n\u00eb vitin 2011 edhe at\u00eb ne 6 mujorin e par\u00eb?<\/p>\n<p>Num\u00ebr jo i vog\u00ebl kan\u00eb p\u00ebrfituar t\u00eb drejt\u00ebn e shtet\u00ebsis\u00eb bullgare, (11.441 personave), a thua se presidenti gjat\u00eb 6 muajve vet\u00ebm ket\u00eb pun\u00eb ka pasur ? Po t\u00eb zbatohet nj\u00eb orar pune normal nga 8 or\u00eb n\u00eb dit\u00eb, a thua se i ka premtuar koha ti n\u00ebnshkruaj gjith\u00eb k\u00ebto k\u00ebrkesa?!&#8230; A thau se presidenti shqiptar ka pas\u00eb ndonj\u00eb pun\u00eb tjet\u00ebr , ndonj\u00eb vizit\u00eb jasht\u00eb shtetit , apo pritje t\u00eb ndonj\u00eb burr\u00ebshteti zyrtarisht n\u00eb Shqip\u00ebri ,apo edhe ndonje aktivitet tjet\u00ebr ? Nga nj\u00eb mendim i shendosh del se organet shtet\u00ebrore t\u00eb Bullgaris\u00eb kane b\u00ebr\u00eb abuzime ,keqp\u00ebrdorime dhe thyerje t\u00eb normave nd\u00ebrkomb\u00ebtare, pa e p\u00ebrfillur fare shtetin shqiptar!<\/p>\n<p><strong>Shtet\u00ebsia problem edhe n\u00eb Kosov\u00eb!<\/strong><\/p>\n<p>N\u00eb vitet e fundit numri i kosovar\u00ebve, t\u00eb cil\u00ebt kan\u00eb k\u00ebrkuar heqje t\u00eb shtet\u00ebsis\u00eb \u00ebsht\u00eb rritur masovisht, heqja dor\u00eb e kosovar\u00ebve nga shtet\u00ebsia \u00ebsht\u00eb mjaft shqet\u00ebsuese .<\/p>\n<p>Kosovar\u00ebt heqin dor\u00eb nga shtet\u00ebsia vet\u00ebm p\u00ebr t\u00eb marr\u00eb shtet\u00ebsi t\u00eb vendeve t\u00eb tjera, ku ata p\u00ebr disa vite kan\u00eb punuar. \u201cN\u00eb baz\u00eb t\u00eb ligjit p\u00ebr shtet\u00ebsi n\u00eb shum\u00eb shtetet t\u00eb tjera evropiane lejohen dy shtet\u00ebsi. Por, ka shtete t\u00eb tilla, q\u00eb nuk i pranojn\u00eb dy shtet\u00ebsi, prandaj qytetar\u00ebt tan\u00eb,<\/p>\n<p>t\u00eb cil\u00ebt pretendojn\u00eb t\u00eb marrin shtet\u00ebsin\u00eb e atyre shteteve jan\u00eb t\u00eb detyruar t\u00eb heqin dor\u00eb prej shtet\u00ebsis\u00eb s\u00eb Kosov\u00ebs edhe k\u00ebtu ka te meta t\u00eb mjaftueshme, qe shtetasit kosovar sot p\u00ebrball\u00ebn me nj\u00eb varg problemesh t\u00eb k\u00ebsaj natyre n\u00eb munges\u00ebn e marr\u00ebveshjes bilaterale t\u00eb Kosov\u00ebs me ato shtete ,por kur \u00ebsht\u00eb ne pyetje k\u00ebrkesa nga kosovaret p\u00ebr shtet\u00ebsin\u00eb shqiptare k\u00ebrkohen shum\u00eb e shum\u00eb obligime , dokumente dhe kushte qe shteti shqiptar nuk i p\u00ebrfill etj .<\/p>\n<p><strong>Shqip\u00ebria t&#8217;u njeh dy shtet\u00ebsin\u00eb shqiptar\u00ebve kudo qe jan\u00eb!<\/strong><\/p>\n<p>Sipas vendimeve praktike n\u00eb shum\u00eb shtete t\u00eb ndryshme evropiane ju njihet e drejta e shtet\u00ebsis\u00eb t\u00eb gjith\u00eb shtetasve t\u00eb vet ,rasti konkret i (bullgareve qe kudo q\u00eb ka bullgar\u00eb t\u00eb vet n\u00eb Maqedoni,Shqip\u00ebri, Maldovi n\u00eb Kosov\u00eb) qe gorant i konsideron si bullgar etj, sot g\u00ebojn\u00eb shtet\u00ebsin\u00eb bullgare. Nj\u00eb gj\u00eb te till\u00eb ka b\u00ebr\u00eb edhe shteti hungarez qe te gjith\u00ebve shtetasve &#8220;hungarez n\u00eb Vojvodin\u00eb dhe gjetiu&#8221; , ju ka njohur e drejt\u00ebn e dy shtet\u00ebsis\u00eb ,ashtu ka vepruar edhe Serbia me qytetar\u00ebt e vet . Nga kjo praktik\u00eb e zbatuar nga shtetet fqinje, edhe Shqip\u00ebria duhet ta praktikoj nj\u00eb gj\u00eb te till\u00eb p\u00ebr shtetasit e vet ku do qe i ka, n\u00eb Kosov\u00eb , Serbi, Maqedoni , n\u00eb Greqi , Mal te zi apo n\u00eb Diaspor\u00eb.<\/p>\n","protected":false},"excerpt":{"rendered":"<p>Shkruan Asllan Dibrani Me fjal\u00ebn shtet\u00ebsi kuptojm\u00eb se \u00ebsht\u00eb (dokument zyrtar)-me t\u00eb cilin p\u00ebrcaktohet p\u00ebrkat\u00ebsia shtet\u00ebrore e individ\u00ebve. Zakonisht n\u00eb praktik\u00eb gjith\u00eb banor\u00ebt e lindur t\u00eb nj\u00eb shteti, kan\u00eb p\u00ebrkat\u00ebsin\u00eb shtet\u00ebrore t\u00eb ati vendi ku ka lindur. Ka ndryshime n\u00eb disa shtete, qe qytetari i huaj nuk mundet me qen\u00eb p\u00ebrfitues i shtet\u00ebsis\u00eb se ati [&hellip;]<\/p>\n","protected":false},"author":1,"featured_media":0,"comment_status":"open","ping_status":"closed","sticky":false,"template":"","format":"standard","meta":{"footnotes":""},"categories":[2],"tags":[],"class_list":{"0":"post-1236","1":"post","2":"type-post","3":"status-publish","4":"format-standard","6":"category-artikuj"},"yoast_head":"<!-- This site is optimized with the Yoast SEO plugin v27.4 - https:\/\/yoast.com\/product\/yoast-seo-wordpress\/ -->\n<title>Shqip\u00ebria t&#039;u njeh dy shtet\u00ebsin\u00eb shqiptar\u00ebve kudo q\u00eb jan\u00eb? - FjALA e LIR\u00cb - Arkivi<\/title>\n<meta name=\"robots\" content=\"index, follow, max-snippet:-1, max-image-preview:large, max-video-preview:-1\" \/>\n<link rel=\"canonical\" href=\"https:\/\/fjala.info\/2009-2015\/shqiperia-tu-njeh-dy-shtetesine-shqiptareve-kudo-qe-jane\/\" \/>\n<meta property=\"og:locale\" content=\"sq_AL\" \/>\n<meta property=\"og:type\" content=\"article\" \/>\n<meta property=\"og:title\" content=\"Shqip\u00ebria t&#039;u njeh dy shtet\u00ebsin\u00eb shqiptar\u00ebve kudo q\u00eb jan\u00eb? - FjALA e LIR\u00cb - Arkivi\" \/>\n<meta property=\"og:description\" content=\"Shkruan Asllan Dibrani Me fjal\u00ebn shtet\u00ebsi kuptojm\u00eb se \u00ebsht\u00eb (dokument zyrtar)-me t\u00eb cilin p\u00ebrcaktohet p\u00ebrkat\u00ebsia shtet\u00ebrore e individ\u00ebve. Zakonisht n\u00eb praktik\u00eb gjith\u00eb banor\u00ebt e lindur t\u00eb nj\u00eb shteti, kan\u00eb p\u00ebrkat\u00ebsin\u00eb shtet\u00ebrore t\u00eb ati vendi ku ka lindur. Ka ndryshime n\u00eb disa shtete, qe qytetari i huaj nuk mundet me qen\u00eb p\u00ebrfitues i shtet\u00ebsis\u00eb se ati [&hellip;]\" \/>\n<meta property=\"og:url\" content=\"https:\/\/fjala.info\/2009-2015\/shqiperia-tu-njeh-dy-shtetesine-shqiptareve-kudo-qe-jane\/\" \/>\n<meta property=\"og:site_name\" content=\"FjALA e LIR\u00cb - Arkivi\" \/>\n<meta property=\"article:published_time\" content=\"2012-01-19T20:12:51+00:00\" \/>\n<meta property=\"og:image\" content=\"http:\/\/www.shkoder.net\/images\/fjala\/asllan_dibrani.jpg\" \/>\n<meta name=\"author\" content=\"admin\" \/>\n<meta name=\"twitter:card\" content=\"summary_large_image\" \/>\n<meta name=\"twitter:label1\" content=\"Written by\" \/>\n\t<meta name=\"twitter:data1\" content=\"admin\" \/>\n\t<meta name=\"twitter:label2\" content=\"Est. reading time\" \/>\n\t<meta name=\"twitter:data2\" content=\"7 minutes\" \/>\n<script type=\"application\/ld+json\" class=\"yoast-schema-graph\">{\"@context\":\"https:\\\/\\\/schema.org\",\"@graph\":[{\"@type\":\"Article\",\"@id\":\"https:\\\/\\\/fjala.info\\\/2009-2015\\\/shqiperia-tu-njeh-dy-shtetesine-shqiptareve-kudo-qe-jane\\\/#article\",\"isPartOf\":{\"@id\":\"https:\\\/\\\/fjala.info\\\/2009-2015\\\/shqiperia-tu-njeh-dy-shtetesine-shqiptareve-kudo-qe-jane\\\/\"},\"author\":{\"name\":\"admin\",\"@id\":\"https:\\\/\\\/fjala.info\\\/2009-2015\\\/#\\\/schema\\\/person\\\/3aa1163ef05469c496fc94e77611ada2\"},\"headline\":\"Shqip\u00ebria t&#8217;u njeh dy shtet\u00ebsin\u00eb shqiptar\u00ebve kudo q\u00eb jan\u00eb?\",\"datePublished\":\"2012-01-19T20:12:51+00:00\",\"mainEntityOfPage\":{\"@id\":\"https:\\\/\\\/fjala.info\\\/2009-2015\\\/shqiperia-tu-njeh-dy-shtetesine-shqiptareve-kudo-qe-jane\\\/\"},\"wordCount\":1412,\"commentCount\":0,\"publisher\":{\"@id\":\"https:\\\/\\\/fjala.info\\\/2009-2015\\\/#organization\"},\"image\":{\"@id\":\"https:\\\/\\\/fjala.info\\\/2009-2015\\\/shqiperia-tu-njeh-dy-shtetesine-shqiptareve-kudo-qe-jane\\\/#primaryimage\"},\"thumbnailUrl\":\"http:\\\/\\\/www.shkoder.net\\\/images\\\/fjala\\\/asllan_dibrani.jpg\",\"articleSection\":[\"Artikuj\"],\"inLanguage\":\"sq-AL\",\"potentialAction\":[{\"@type\":\"CommentAction\",\"name\":\"Comment\",\"target\":[\"https:\\\/\\\/fjala.info\\\/2009-2015\\\/shqiperia-tu-njeh-dy-shtetesine-shqiptareve-kudo-qe-jane\\\/#respond\"]}]},{\"@type\":\"WebPage\",\"@id\":\"https:\\\/\\\/fjala.info\\\/2009-2015\\\/shqiperia-tu-njeh-dy-shtetesine-shqiptareve-kudo-qe-jane\\\/\",\"url\":\"https:\\\/\\\/fjala.info\\\/2009-2015\\\/shqiperia-tu-njeh-dy-shtetesine-shqiptareve-kudo-qe-jane\\\/\",\"name\":\"Shqip\u00ebria t'u njeh dy shtet\u00ebsin\u00eb shqiptar\u00ebve kudo q\u00eb jan\u00eb? - FjALA e LIR\u00cb - Arkivi\",\"isPartOf\":{\"@id\":\"https:\\\/\\\/fjala.info\\\/2009-2015\\\/#website\"},\"primaryImageOfPage\":{\"@id\":\"https:\\\/\\\/fjala.info\\\/2009-2015\\\/shqiperia-tu-njeh-dy-shtetesine-shqiptareve-kudo-qe-jane\\\/#primaryimage\"},\"image\":{\"@id\":\"https:\\\/\\\/fjala.info\\\/2009-2015\\\/shqiperia-tu-njeh-dy-shtetesine-shqiptareve-kudo-qe-jane\\\/#primaryimage\"},\"thumbnailUrl\":\"http:\\\/\\\/www.shkoder.net\\\/images\\\/fjala\\\/asllan_dibrani.jpg\",\"datePublished\":\"2012-01-19T20:12:51+00:00\",\"breadcrumb\":{\"@id\":\"https:\\\/\\\/fjala.info\\\/2009-2015\\\/shqiperia-tu-njeh-dy-shtetesine-shqiptareve-kudo-qe-jane\\\/#breadcrumb\"},\"inLanguage\":\"sq-AL\",\"potentialAction\":[{\"@type\":\"ReadAction\",\"target\":[\"https:\\\/\\\/fjala.info\\\/2009-2015\\\/shqiperia-tu-njeh-dy-shtetesine-shqiptareve-kudo-qe-jane\\\/\"]}]},{\"@type\":\"ImageObject\",\"inLanguage\":\"sq-AL\",\"@id\":\"https:\\\/\\\/fjala.info\\\/2009-2015\\\/shqiperia-tu-njeh-dy-shtetesine-shqiptareve-kudo-qe-jane\\\/#primaryimage\",\"url\":\"http:\\\/\\\/www.shkoder.net\\\/images\\\/fjala\\\/asllan_dibrani.jpg\",\"contentUrl\":\"http:\\\/\\\/www.shkoder.net\\\/images\\\/fjala\\\/asllan_dibrani.jpg\"},{\"@type\":\"BreadcrumbList\",\"@id\":\"https:\\\/\\\/fjala.info\\\/2009-2015\\\/shqiperia-tu-njeh-dy-shtetesine-shqiptareve-kudo-qe-jane\\\/#breadcrumb\",\"itemListElement\":[{\"@type\":\"ListItem\",\"position\":1,\"name\":\"Home\",\"item\":\"https:\\\/\\\/fjala.info\\\/2009-2015\\\/\"},{\"@type\":\"ListItem\",\"position\":2,\"name\":\"Shqip\u00ebria t&#8217;u njeh dy shtet\u00ebsin\u00eb shqiptar\u00ebve kudo q\u00eb jan\u00eb?\"}]},{\"@type\":\"WebSite\",\"@id\":\"https:\\\/\\\/fjala.info\\\/2009-2015\\\/#website\",\"url\":\"https:\\\/\\\/fjala.info\\\/2009-2015\\\/\",\"name\":\"FjALA e LIR\u00cb - Arkivi\",\"description\":\"Arkivi 2009-2015\",\"publisher\":{\"@id\":\"https:\\\/\\\/fjala.info\\\/2009-2015\\\/#organization\"},\"potentialAction\":[{\"@type\":\"SearchAction\",\"target\":{\"@type\":\"EntryPoint\",\"urlTemplate\":\"https:\\\/\\\/fjala.info\\\/2009-2015\\\/?s={search_term_string}\"},\"query-input\":{\"@type\":\"PropertyValueSpecification\",\"valueRequired\":true,\"valueName\":\"search_term_string\"}}],\"inLanguage\":\"sq-AL\"},{\"@type\":\"Organization\",\"@id\":\"https:\\\/\\\/fjala.info\\\/2009-2015\\\/#organization\",\"name\":\"FjALA e LIR\u00cb - Arkivi\",\"url\":\"https:\\\/\\\/fjala.info\\\/2009-2015\\\/\",\"logo\":{\"@type\":\"ImageObject\",\"inLanguage\":\"sq-AL\",\"@id\":\"https:\\\/\\\/fjala.info\\\/2009-2015\\\/#\\\/schema\\\/logo\\\/image\\\/\",\"url\":\"\",\"contentUrl\":\"\",\"caption\":\"FjALA e LIR\u00cb - Arkivi\"},\"image\":{\"@id\":\"https:\\\/\\\/fjala.info\\\/2009-2015\\\/#\\\/schema\\\/logo\\\/image\\\/\"}},{\"@type\":\"Person\",\"@id\":\"https:\\\/\\\/fjala.info\\\/2009-2015\\\/#\\\/schema\\\/person\\\/3aa1163ef05469c496fc94e77611ada2\",\"name\":\"admin\",\"image\":{\"@type\":\"ImageObject\",\"inLanguage\":\"sq-AL\",\"@id\":\"https:\\\/\\\/fjala.info\\\/2009-2015\\\/wp-content\\\/uploads\\\/2012\\\/02\\\/arben_cokaj-120x150.jpg\",\"url\":\"https:\\\/\\\/fjala.info\\\/2009-2015\\\/wp-content\\\/uploads\\\/2012\\\/02\\\/arben_cokaj-120x150.jpg\",\"contentUrl\":\"https:\\\/\\\/fjala.info\\\/2009-2015\\\/wp-content\\\/uploads\\\/2012\\\/02\\\/arben_cokaj-120x150.jpg\",\"caption\":\"admin\"},\"description\":\"Admin, Fjala e Lir\u00eb\",\"sameAs\":[\"https:\\\/\\\/fjala.info\\\/\"],\"url\":\"https:\\\/\\\/fjala.info\\\/2009-2015\\\/author\\\/admin\\\/\"}]}<\/script>\n<!-- \/ Yoast SEO plugin. -->","yoast_head_json":{"title":"Shqip\u00ebria t'u njeh dy shtet\u00ebsin\u00eb shqiptar\u00ebve kudo q\u00eb jan\u00eb? - FjALA e LIR\u00cb - Arkivi","robots":{"index":"index","follow":"follow","max-snippet":"max-snippet:-1","max-image-preview":"max-image-preview:large","max-video-preview":"max-video-preview:-1"},"canonical":"https:\/\/fjala.info\/2009-2015\/shqiperia-tu-njeh-dy-shtetesine-shqiptareve-kudo-qe-jane\/","og_locale":"sq_AL","og_type":"article","og_title":"Shqip\u00ebria t'u njeh dy shtet\u00ebsin\u00eb shqiptar\u00ebve kudo q\u00eb jan\u00eb? - FjALA e LIR\u00cb - Arkivi","og_description":"Shkruan Asllan Dibrani Me fjal\u00ebn shtet\u00ebsi kuptojm\u00eb se \u00ebsht\u00eb (dokument zyrtar)-me t\u00eb cilin p\u00ebrcaktohet p\u00ebrkat\u00ebsia shtet\u00ebrore e individ\u00ebve. Zakonisht n\u00eb praktik\u00eb gjith\u00eb banor\u00ebt e lindur t\u00eb nj\u00eb shteti, kan\u00eb p\u00ebrkat\u00ebsin\u00eb shtet\u00ebrore t\u00eb ati vendi ku ka lindur. Ka ndryshime n\u00eb disa shtete, qe qytetari i huaj nuk mundet me qen\u00eb p\u00ebrfitues i shtet\u00ebsis\u00eb se ati [&hellip;]","og_url":"https:\/\/fjala.info\/2009-2015\/shqiperia-tu-njeh-dy-shtetesine-shqiptareve-kudo-qe-jane\/","og_site_name":"FjALA e LIR\u00cb - Arkivi","article_published_time":"2012-01-19T20:12:51+00:00","og_image":[{"url":"http:\/\/www.shkoder.net\/images\/fjala\/asllan_dibrani.jpg","type":"","width":"","height":""}],"author":"admin","twitter_card":"summary_large_image","twitter_misc":{"Written by":"admin","Est. reading time":"7 minutes"},"schema":{"@context":"https:\/\/schema.org","@graph":[{"@type":"Article","@id":"https:\/\/fjala.info\/2009-2015\/shqiperia-tu-njeh-dy-shtetesine-shqiptareve-kudo-qe-jane\/#article","isPartOf":{"@id":"https:\/\/fjala.info\/2009-2015\/shqiperia-tu-njeh-dy-shtetesine-shqiptareve-kudo-qe-jane\/"},"author":{"name":"admin","@id":"https:\/\/fjala.info\/2009-2015\/#\/schema\/person\/3aa1163ef05469c496fc94e77611ada2"},"headline":"Shqip\u00ebria t&#8217;u njeh dy shtet\u00ebsin\u00eb shqiptar\u00ebve kudo q\u00eb jan\u00eb?","datePublished":"2012-01-19T20:12:51+00:00","mainEntityOfPage":{"@id":"https:\/\/fjala.info\/2009-2015\/shqiperia-tu-njeh-dy-shtetesine-shqiptareve-kudo-qe-jane\/"},"wordCount":1412,"commentCount":0,"publisher":{"@id":"https:\/\/fjala.info\/2009-2015\/#organization"},"image":{"@id":"https:\/\/fjala.info\/2009-2015\/shqiperia-tu-njeh-dy-shtetesine-shqiptareve-kudo-qe-jane\/#primaryimage"},"thumbnailUrl":"http:\/\/www.shkoder.net\/images\/fjala\/asllan_dibrani.jpg","articleSection":["Artikuj"],"inLanguage":"sq-AL","potentialAction":[{"@type":"CommentAction","name":"Comment","target":["https:\/\/fjala.info\/2009-2015\/shqiperia-tu-njeh-dy-shtetesine-shqiptareve-kudo-qe-jane\/#respond"]}]},{"@type":"WebPage","@id":"https:\/\/fjala.info\/2009-2015\/shqiperia-tu-njeh-dy-shtetesine-shqiptareve-kudo-qe-jane\/","url":"https:\/\/fjala.info\/2009-2015\/shqiperia-tu-njeh-dy-shtetesine-shqiptareve-kudo-qe-jane\/","name":"Shqip\u00ebria t'u njeh dy shtet\u00ebsin\u00eb shqiptar\u00ebve kudo q\u00eb jan\u00eb? - FjALA e LIR\u00cb - Arkivi","isPartOf":{"@id":"https:\/\/fjala.info\/2009-2015\/#website"},"primaryImageOfPage":{"@id":"https:\/\/fjala.info\/2009-2015\/shqiperia-tu-njeh-dy-shtetesine-shqiptareve-kudo-qe-jane\/#primaryimage"},"image":{"@id":"https:\/\/fjala.info\/2009-2015\/shqiperia-tu-njeh-dy-shtetesine-shqiptareve-kudo-qe-jane\/#primaryimage"},"thumbnailUrl":"http:\/\/www.shkoder.net\/images\/fjala\/asllan_dibrani.jpg","datePublished":"2012-01-19T20:12:51+00:00","breadcrumb":{"@id":"https:\/\/fjala.info\/2009-2015\/shqiperia-tu-njeh-dy-shtetesine-shqiptareve-kudo-qe-jane\/#breadcrumb"},"inLanguage":"sq-AL","potentialAction":[{"@type":"ReadAction","target":["https:\/\/fjala.info\/2009-2015\/shqiperia-tu-njeh-dy-shtetesine-shqiptareve-kudo-qe-jane\/"]}]},{"@type":"ImageObject","inLanguage":"sq-AL","@id":"https:\/\/fjala.info\/2009-2015\/shqiperia-tu-njeh-dy-shtetesine-shqiptareve-kudo-qe-jane\/#primaryimage","url":"http:\/\/www.shkoder.net\/images\/fjala\/asllan_dibrani.jpg","contentUrl":"http:\/\/www.shkoder.net\/images\/fjala\/asllan_dibrani.jpg"},{"@type":"BreadcrumbList","@id":"https:\/\/fjala.info\/2009-2015\/shqiperia-tu-njeh-dy-shtetesine-shqiptareve-kudo-qe-jane\/#breadcrumb","itemListElement":[{"@type":"ListItem","position":1,"name":"Home","item":"https:\/\/fjala.info\/2009-2015\/"},{"@type":"ListItem","position":2,"name":"Shqip\u00ebria t&#8217;u njeh dy shtet\u00ebsin\u00eb shqiptar\u00ebve kudo q\u00eb jan\u00eb?"}]},{"@type":"WebSite","@id":"https:\/\/fjala.info\/2009-2015\/#website","url":"https:\/\/fjala.info\/2009-2015\/","name":"FjALA e LIR\u00cb - Arkivi","description":"Arkivi 2009-2015","publisher":{"@id":"https:\/\/fjala.info\/2009-2015\/#organization"},"potentialAction":[{"@type":"SearchAction","target":{"@type":"EntryPoint","urlTemplate":"https:\/\/fjala.info\/2009-2015\/?s={search_term_string}"},"query-input":{"@type":"PropertyValueSpecification","valueRequired":true,"valueName":"search_term_string"}}],"inLanguage":"sq-AL"},{"@type":"Organization","@id":"https:\/\/fjala.info\/2009-2015\/#organization","name":"FjALA e LIR\u00cb - Arkivi","url":"https:\/\/fjala.info\/2009-2015\/","logo":{"@type":"ImageObject","inLanguage":"sq-AL","@id":"https:\/\/fjala.info\/2009-2015\/#\/schema\/logo\/image\/","url":"","contentUrl":"","caption":"FjALA e LIR\u00cb - Arkivi"},"image":{"@id":"https:\/\/fjala.info\/2009-2015\/#\/schema\/logo\/image\/"}},{"@type":"Person","@id":"https:\/\/fjala.info\/2009-2015\/#\/schema\/person\/3aa1163ef05469c496fc94e77611ada2","name":"admin","image":{"@type":"ImageObject","inLanguage":"sq-AL","@id":"https:\/\/fjala.info\/2009-2015\/wp-content\/uploads\/2012\/02\/arben_cokaj-120x150.jpg","url":"https:\/\/fjala.info\/2009-2015\/wp-content\/uploads\/2012\/02\/arben_cokaj-120x150.jpg","contentUrl":"https:\/\/fjala.info\/2009-2015\/wp-content\/uploads\/2012\/02\/arben_cokaj-120x150.jpg","caption":"admin"},"description":"Admin, Fjala e Lir\u00eb","sameAs":["https:\/\/fjala.info\/"],"url":"https:\/\/fjala.info\/2009-2015\/author\/admin\/"}]}},"_links":{"self":[{"href":"https:\/\/fjala.info\/2009-2015\/wp-json\/wp\/v2\/posts\/1236","targetHints":{"allow":["GET"]}}],"collection":[{"href":"https:\/\/fjala.info\/2009-2015\/wp-json\/wp\/v2\/posts"}],"about":[{"href":"https:\/\/fjala.info\/2009-2015\/wp-json\/wp\/v2\/types\/post"}],"author":[{"embeddable":true,"href":"https:\/\/fjala.info\/2009-2015\/wp-json\/wp\/v2\/users\/1"}],"replies":[{"embeddable":true,"href":"https:\/\/fjala.info\/2009-2015\/wp-json\/wp\/v2\/comments?post=1236"}],"version-history":[{"count":0,"href":"https:\/\/fjala.info\/2009-2015\/wp-json\/wp\/v2\/posts\/1236\/revisions"}],"wp:attachment":[{"href":"https:\/\/fjala.info\/2009-2015\/wp-json\/wp\/v2\/media?parent=1236"}],"wp:term":[{"taxonomy":"category","embeddable":true,"href":"https:\/\/fjala.info\/2009-2015\/wp-json\/wp\/v2\/categories?post=1236"},{"taxonomy":"post_tag","embeddable":true,"href":"https:\/\/fjala.info\/2009-2015\/wp-json\/wp\/v2\/tags?post=1236"}],"curies":[{"name":"wp","href":"https:\/\/api.w.org\/{rel}","templated":true}]}}