{"id":1232,"date":"2012-01-19T20:51:29","date_gmt":"2012-01-19T19:51:29","guid":{"rendered":"http:\/\/fjala.shkoder.net\/?p=1232"},"modified":"2012-01-19T20:51:29","modified_gmt":"2012-01-19T19:51:29","slug":"albin-kurti-vullneti-i-popullit-shqiptar-bashkimi-i-kosoves-me-shqiperine","status":"publish","type":"post","link":"https:\/\/fjala.info\/2009-2015\/albin-kurti-vullneti-i-popullit-shqiptar-bashkimi-i-kosoves-me-shqiperine\/","title":{"rendered":"Albin Kurti: Vullneti i popullit shqiptar, bashkimi i Kosov\u00ebs me Shqip\u00ebrin\u00eb"},"content":{"rendered":"<p><img decoding=\"async\" class=\"alignleft size-thumbnail wp-image-7236\" title=\"Albin Kurti\" src=\"http:\/\/www.shkoder.net\/2012\/albin_kurti_fjalim.jpg\" alt=\"\" width=\"300\" \/> <em>Gazeta Nacional Albania pasqyron p\u00ebr lexuesit e saj intervist\u00ebn ekskluzive t\u00eb z. Albin Kurti, lideri i l\u00ebvizjes Vet\u00ebvendosje t\u00eb realizuar nga Redan Bushati. N\u00eb k\u00ebt\u00eb intervist\u00eb t\u00eb marr\u00eb nga z. Bushati, lideri i Vet\u00ebvendosjes ka prekur nj\u00eb s\u00ebr\u00eb \u00e7\u00ebshtjesh kryesore dhe t\u00eb debatueshme, ku m\u00eb e r\u00ebnd\u00ebsishmja mbetet vullneti i popullit shqiptar p\u00ebr bashkimin e Kosov\u00ebs me Shqip\u00ebrin\u00eb. Gjithashtu, z. Kurti ka folur edhe p\u00ebr aktivitetin politik t\u00eb Vet\u00ebvendosjes!, si dhe p\u00ebr \u00e7\u00ebshtjen e reciprocitetit t\u00eb mallrave mes Kosov\u00ebs dhe Serbis\u00eb. M\u00eb posht\u00eb keni mund\u00ebsi t\u00eb lexoni intervist\u00ebn e plot\u00eb me z. Albin Kurti.<\/em><\/p>\n<p><strong>U miratua para ca koh\u00ebsh n\u00eb Kuvendin e Kosov\u00ebs me 44 vota pro mocioni i hartuar nga l\u00ebvizja Vet\u00ebvendosje!. \u00c7far\u00eb efekti po jep sot ai mocion?<\/strong><\/p>\n<p>Miratimi i k\u00ebtij mocioni \u00ebsht\u00eb nj\u00eb nga vendimet m\u00eb t\u00eb r\u00ebnd\u00ebsishme q\u00eb ka marr\u00eb Kuvendi i Kosov\u00ebs si institucion. Ky mocion e ka v\u00ebn\u00eb n\u00eb pozit\u00eb t\u00eb v\u00ebshtir\u00eb pushtetin. N\u00eb fillim than\u00eb se politikat e qeveris\u00eb jan\u00eb n\u00eb p\u00ebrputhje me vendimin e kuvendit, m\u00eb pas than\u00eb se vendimi i kuvendit nuk \u00ebsht\u00eb detyrues. E v\u00ebrteta \u00ebsht\u00eb se politikat e Qeveris\u00eb s\u00eb Kosov\u00ebs, deri m\u00eb tani nuk jan\u00eb konform k\u00ebtij vendimi. Serbia nuk i njeh targat e Republik\u00ebs s\u00eb Kosov\u00ebs, ne i njohim ato t\u00eb Serbis\u00eb, Serbia nuk i njeh dokumentet e shtetit t\u00eb Kosov\u00ebs, ne i njohim ato t\u00eb Serbis\u00eb. Edhe m\u00eb skandaloze b\u00ebhet situata kur kryeministri Tha\u00e7i thot\u00eb se vendimet e Kuvendit t\u00eb Kosov\u00ebs jan\u00eb thjesht\u00eb opinione t\u00eb Kuvendit. Kosova \u00ebsht\u00eb republik\u00eb parlamentare, dhe duke qen\u00eb k\u00ebshtu, Kuvendi i Kosov\u00ebs \u00ebsht\u00eb organi m\u00eb i lart\u00eb vendimmarr\u00ebs.<\/p>\n<p>L\u00ebvizja VET\u00cbVENDOSJE! pas mbajtjes s\u00eb mbledhjes s\u00eb K\u00ebshillit t\u00eb P\u00ebrgjithsh\u00ebm ka marr\u00eb vendim q\u00eb t\u2019i mobilizoj\u00eb t\u00eb gjitha kapacitetet e saj njer\u00ebzore dhe materiale q\u00eb t\u00eb bllokohen pikat kufitare n\u00eb Merdare dhe tek Dheu i Bardh\u00eb, deri n\u00eb zbatimin e plot\u00eb t\u00eb vendimit t\u00eb Kuvendit, vendim ky q\u00eb e detyron Qeverin\u00eb e Kosov\u00ebs t\u00eb vendos\u00eb reciprocitet t\u00eb plot\u00eb ekonomik, politik dhe tregtar.<\/p>\n<p><strong>A mundet q\u00eb vet\u00ebm Shqip\u00ebria t\u00eb mbushin hap\u00ebsir\u00ebn e mallrave t\u00eb nevojshme p\u00ebr Kosov\u00ebn?<\/strong><\/p>\n<p>Bllokimi i kufirit t\u00eb Kosov\u00ebs ndaj Serbis\u00eb nuk e v\u00eb Kosov\u00ebn n\u00eb kurrfar\u00eb pozicioni t\u00eb v\u00ebshtir\u00eb p\u00ebr furnizimin me mallra. P\u00ebrkundrazi, ky \u00ebsht\u00eb shans q\u00eb prodhimet kosovare t\u00eb fitojn\u00eb m\u00eb shum\u00eb hap\u00ebsir\u00eb, duke qen\u00eb se atyre u hiqet konkurrenca jolojale nga produktet e Serbis\u00eb q\u00eb vijn\u00eb t\u00eb subvencionuara nga shteti serb, prandaj edhe me \u00e7mime m\u00eb t\u00eb lira n\u00eb Kosov\u00eb. Tashm\u00eb \u00ebsht\u00eb provuar (n\u00eb koh\u00ebn e vendimit qeveritar q\u00eb zgjati vet\u00ebm 40 dit\u00eb) se t\u00eb gjitha prodhimet q\u00eb vijn\u00eb nga Serbia mund t\u00eb z\u00ebvend\u00ebsohen dhe jan\u00eb z\u00ebvend\u00ebsuar.<\/p>\n<p><img decoding=\"async\" class=\"alignright size-thumbnail wp-image-7236\" title=\"Albin Kurti - protest\u00eb\" src=\"http:\/\/www.shkoder.net\/2012\/albin_kurti_14jan12.jpg\" alt=\"\" width=\"300\" \/><\/p>\n<p><strong>A po zhvillon l\u00ebvizja Vet\u00ebvendosje nj\u00eb opozit\u00eb radikale?<\/strong><\/p>\n<p>Varet \u00e7far\u00eb n\u00ebnkuptohet me radikaliz\u00ebm fillimisht. N\u00ebse radikal \u00ebsht\u00eb ai q\u00eb e kupton problemin rr\u00ebnj\u00ebsisht dhe merret me t\u00eb aktivisht, at\u00ebher\u00eb, po, ne jemi radikal. Varet pastaj edhe me k\u00eb na krahasoni. N\u00eb raport me oportunizmin dhe konformizmin e klas\u00ebs politike, krahasuar me q\u00ebndrimet e qull\u00ebta dhe joparimore t\u00eb partive politike n\u00eb Kosov\u00eb, sigurisht se ne dukemi radikal. N\u00eb fakt ne dukemi radikal\u00eb sepse t\u00eb tjer\u00ebt nuk b\u00ebjn\u00eb politik\u00eb fare. Ne mendojm\u00eb se raporti midis L\u00ebvizjes VET\u00cbVENDOSJE! dhe partive politike, m\u00eb par\u00eb sesa dallim midis politik\u00ebs s\u00eb moderuar dhe asaj radikale, \u00ebsht\u00eb \u00e7\u00ebshtje e ekzistenc\u00ebs ose jo t\u00eb politik\u00ebs.<\/p>\n<p><strong>A priten zgjedhje t\u00eb parakohshme parlamentare? N\u00ebse po, si mund t\u00eb rr\u00ebzohet qeveria aktuale e Kosov\u00ebs?<\/strong><\/p>\n<p>L\u00ebvizja VET\u00cbVENDOSJE! nuk po i kursen kapacitetet e saj p\u00ebr t\u2019i dh\u00ebn\u00eb fund nj\u00eb or\u00eb e m\u00eb par\u00eb k\u00ebsaj qeverie. Ne po organizojm\u00eb tubime mobilizuese me qytetar\u00eb, po b\u00ebjm\u00eb aksione protestuese, po nd\u00ebrmarrim nisma edhe n\u00eb Kuvend, si\u00e7 \u00ebsht\u00eb edhe nisma p\u00ebr mocion mosbesimi ndaj qeveris\u00eb. E kemi k\u00ebrkuar tash sa koh\u00eb rr\u00ebzimin e k\u00ebsaj qeverie dhe mbajtjen e zgjedhjeve t\u00eb parakohshme parlamentare.<\/p>\n<p><strong>Si mund t\u00eb realizohet bashkimi mes Tiran\u00ebs dhe Prishtin\u00ebs, mes Shqip\u00ebris\u00eb dhe Kosov\u00ebs?<\/strong><\/p>\n<p>Bashkimi i Kosov\u00ebs me Shqip\u00ebrin\u00eb duhet b\u00ebr\u00eb sepse ky \u00ebsht\u00eb vullneti i popullit k\u00ebndej dhe andej kufirit. Mir\u00ebpo, vullneti i popullit nuk p\u00ebrputhet me interesat e elitave politike. Konzervimi i pushtetit dhe ruajtja e dominimit t\u00eb tyre \u00ebsht\u00eb m\u00eb i leht\u00eb duke e mbajtur popullin t\u00eb ndar\u00eb. Bashkimi midis Kosov\u00ebs dhe Shqip\u00ebris\u00eb duhet t\u00eb vij\u00eb si rezultat i shprehjes s\u00eb lirshme t\u00eb vullnetit t\u00eb shqiptar\u00ebve p\u00ebrmes referendumit.<\/p>\n<p><strong>\u00c7far\u00eb q\u00ebndrimi mban z. Kurti p\u00ebr \u00e7\u00ebshtjen \u00e7ame?<\/strong><\/p>\n<p>Ne jemi mjaft koshient p\u00ebr tragjedin\u00eb e shqiptar\u00ebve, vrasjet, d\u00ebbimet e masakrat q\u00eb populli shqiptar ka p\u00ebrjetuar nga shovenizmi grek. Kemi raporte t\u00eb mira bashk\u00ebpunimi me partit\u00eb politike, por edhe me organizatat q\u00eb merren me \u00e7\u00ebshtjen \u00e7ame.<\/p>\n<p><strong>Sa p\u00ebrkrahet aktiviteti patriotik i aleanc\u00ebs \u201cKuq e Zi\u201d nga l\u00ebvizja Vet\u00ebvendosje?<\/strong><\/p>\n<p>L\u00ebvizja VET\u00cbVENDOSJE! \u00ebsht\u00eb e gatshme t\u00eb bashk\u00ebpunoj\u00eb jo vet\u00ebm me Alenc\u00ebn Kuq e Zi, por edhe me \u00e7do organizat\u00eb q\u00eb e shtron drejt dhe merret aktivisht me \u00e7\u00ebshtjen shqiptare. P\u00ebrve\u00e7 k\u00ebsaj, \u00ebsht\u00eb tejet e r\u00ebnd\u00ebsishme q\u00eb t\u00eb gjitha organizatat q\u00eb merren me \u00e7\u00ebshtje t\u00eb k\u00ebsaj natyre t\u00eb jen\u00eb t\u00eb qart\u00eb politikisht, e m\u00eb pas konsistent n\u00eb adresimin e q\u00ebllimeve. \u00c7\u00ebshtja e bashkimit komb\u00ebtar nuk duhet reduktuar n\u00eb form\u00eb dhe simbolik\u00eb, ai duhet zb\u00ebrthyer n\u00eb politika konkrete zhvillimore q\u00eb jan\u00eb n\u00eb interes t\u00eb popullit shqiptar, duke mos qen\u00eb n\u00eb d\u00ebm t\u00eb popujve tjer\u00eb.<\/p>\n<p><strong>\u00c7far\u00eb mesazhi p\u00ebrcjell lideri i Vet\u00ebvendosjes p\u00ebr politik\u00ebn aktuale t\u00eb Tiran\u00ebs?<\/strong><\/p>\n<p>Politika n\u00eb Shqip\u00ebri nuk ka pengesa juridike p\u00ebr angazhim rreth \u00e7\u00ebshtjes komb\u00ebtare, p\u00ebrkundrazi, preambula e Kushtetut\u00ebs s\u00eb Republik\u00ebs s\u00eb Shqip\u00ebris\u00eb \u00ebsht\u00eb thirrje p\u00ebr angazhim n\u00eb k\u00ebt\u00eb drejtim. \u00c7far\u00eb mungon atje \u00ebsht\u00eb vullneti politik i klas\u00ebs politike.<\/p>\n<p>Shqiptar\u00ebt duhet t\u2019i kthehen vetes dhe t\u00eb shikojn\u00eb interesat e tyre, p\u00ebrpara \u00e7do retorike q\u00eb ngjan si universale, por n\u00eb fakt \u00ebsht\u00eb totalizim i interesave t\u00eb pjesshme. E mungesa e universalitetit t\u00eb organizimeve ku i mbajn\u00eb gjith\u00eb shpresat shqiptar\u00ebt, shihen n\u00eb momentin q\u00eb k\u00ebto t\u00eb fundit jan\u00eb n\u00eb kriz\u00eb.(<em>Nacional Albania<\/em>)<\/p>\n","protected":false},"excerpt":{"rendered":"<p>Gazeta Nacional Albania pasqyron p\u00ebr lexuesit e saj intervist\u00ebn ekskluzive t\u00eb z. Albin Kurti, lideri i l\u00ebvizjes Vet\u00ebvendosje t\u00eb realizuar nga Redan Bushati. N\u00eb k\u00ebt\u00eb intervist\u00eb t\u00eb marr\u00eb nga z. Bushati, lideri i Vet\u00ebvendosjes ka prekur nj\u00eb s\u00ebr\u00eb \u00e7\u00ebshtjesh kryesore dhe t\u00eb debatueshme, ku m\u00eb e r\u00ebnd\u00ebsishmja mbetet vullneti i popullit shqiptar p\u00ebr bashkimin e [&hellip;]<\/p>\n","protected":false},"author":1,"featured_media":0,"comment_status":"open","ping_status":"closed","sticky":false,"template":"","format":"standard","meta":{"footnotes":""},"categories":[2],"tags":[],"class_list":{"0":"post-1232","1":"post","2":"type-post","3":"status-publish","4":"format-standard","6":"category-artikuj"},"yoast_head":"<!-- This site is optimized with the Yoast SEO plugin v27.4 - https:\/\/yoast.com\/product\/yoast-seo-wordpress\/ -->\n<title>Albin Kurti: Vullneti i popullit shqiptar, bashkimi i Kosov\u00ebs me Shqip\u00ebrin\u00eb - FjALA e LIR\u00cb - Arkivi<\/title>\n<meta name=\"robots\" content=\"index, follow, max-snippet:-1, max-image-preview:large, max-video-preview:-1\" \/>\n<link rel=\"canonical\" href=\"https:\/\/fjala.info\/2009-2015\/albin-kurti-vullneti-i-popullit-shqiptar-bashkimi-i-kosoves-me-shqiperine\/\" \/>\n<meta property=\"og:locale\" content=\"sq_AL\" \/>\n<meta property=\"og:type\" content=\"article\" \/>\n<meta property=\"og:title\" content=\"Albin Kurti: Vullneti i popullit shqiptar, bashkimi i Kosov\u00ebs me Shqip\u00ebrin\u00eb - FjALA e LIR\u00cb - Arkivi\" \/>\n<meta property=\"og:description\" content=\"Gazeta Nacional Albania pasqyron p\u00ebr lexuesit e saj intervist\u00ebn ekskluzive t\u00eb z. Albin Kurti, lideri i l\u00ebvizjes Vet\u00ebvendosje t\u00eb realizuar nga Redan Bushati. N\u00eb k\u00ebt\u00eb intervist\u00eb t\u00eb marr\u00eb nga z. Bushati, lideri i Vet\u00ebvendosjes ka prekur nj\u00eb s\u00ebr\u00eb \u00e7\u00ebshtjesh kryesore dhe t\u00eb debatueshme, ku m\u00eb e r\u00ebnd\u00ebsishmja mbetet vullneti i popullit shqiptar p\u00ebr bashkimin e [&hellip;]\" \/>\n<meta property=\"og:url\" content=\"https:\/\/fjala.info\/2009-2015\/albin-kurti-vullneti-i-popullit-shqiptar-bashkimi-i-kosoves-me-shqiperine\/\" \/>\n<meta property=\"og:site_name\" content=\"FjALA e LIR\u00cb - Arkivi\" \/>\n<meta property=\"article:published_time\" content=\"2012-01-19T19:51:29+00:00\" \/>\n<meta property=\"og:image\" content=\"http:\/\/www.shkoder.net\/2012\/albin_kurti_fjalim.jpg\" \/>\n<meta name=\"author\" content=\"admin\" \/>\n<meta name=\"twitter:card\" content=\"summary_large_image\" \/>\n<meta name=\"twitter:label1\" content=\"Written by\" \/>\n\t<meta name=\"twitter:data1\" content=\"admin\" \/>\n\t<meta name=\"twitter:label2\" content=\"Est. reading time\" \/>\n\t<meta name=\"twitter:data2\" content=\"5 minutes\" \/>\n<script type=\"application\/ld+json\" class=\"yoast-schema-graph\">{\"@context\":\"https:\\\/\\\/schema.org\",\"@graph\":[{\"@type\":\"Article\",\"@id\":\"https:\\\/\\\/fjala.info\\\/2009-2015\\\/albin-kurti-vullneti-i-popullit-shqiptar-bashkimi-i-kosoves-me-shqiperine\\\/#article\",\"isPartOf\":{\"@id\":\"https:\\\/\\\/fjala.info\\\/2009-2015\\\/albin-kurti-vullneti-i-popullit-shqiptar-bashkimi-i-kosoves-me-shqiperine\\\/\"},\"author\":{\"name\":\"admin\",\"@id\":\"https:\\\/\\\/fjala.info\\\/2009-2015\\\/#\\\/schema\\\/person\\\/3aa1163ef05469c496fc94e77611ada2\"},\"headline\":\"Albin Kurti: Vullneti i popullit shqiptar, bashkimi i Kosov\u00ebs me Shqip\u00ebrin\u00eb\",\"datePublished\":\"2012-01-19T19:51:29+00:00\",\"mainEntityOfPage\":{\"@id\":\"https:\\\/\\\/fjala.info\\\/2009-2015\\\/albin-kurti-vullneti-i-popullit-shqiptar-bashkimi-i-kosoves-me-shqiperine\\\/\"},\"wordCount\":1103,\"commentCount\":0,\"publisher\":{\"@id\":\"https:\\\/\\\/fjala.info\\\/2009-2015\\\/#organization\"},\"image\":{\"@id\":\"https:\\\/\\\/fjala.info\\\/2009-2015\\\/albin-kurti-vullneti-i-popullit-shqiptar-bashkimi-i-kosoves-me-shqiperine\\\/#primaryimage\"},\"thumbnailUrl\":\"http:\\\/\\\/www.shkoder.net\\\/2012\\\/albin_kurti_fjalim.jpg\",\"articleSection\":[\"Artikuj\"],\"inLanguage\":\"sq-AL\",\"potentialAction\":[{\"@type\":\"CommentAction\",\"name\":\"Comment\",\"target\":[\"https:\\\/\\\/fjala.info\\\/2009-2015\\\/albin-kurti-vullneti-i-popullit-shqiptar-bashkimi-i-kosoves-me-shqiperine\\\/#respond\"]}]},{\"@type\":\"WebPage\",\"@id\":\"https:\\\/\\\/fjala.info\\\/2009-2015\\\/albin-kurti-vullneti-i-popullit-shqiptar-bashkimi-i-kosoves-me-shqiperine\\\/\",\"url\":\"https:\\\/\\\/fjala.info\\\/2009-2015\\\/albin-kurti-vullneti-i-popullit-shqiptar-bashkimi-i-kosoves-me-shqiperine\\\/\",\"name\":\"Albin Kurti: Vullneti i popullit shqiptar, bashkimi i Kosov\u00ebs me Shqip\u00ebrin\u00eb - FjALA e LIR\u00cb - Arkivi\",\"isPartOf\":{\"@id\":\"https:\\\/\\\/fjala.info\\\/2009-2015\\\/#website\"},\"primaryImageOfPage\":{\"@id\":\"https:\\\/\\\/fjala.info\\\/2009-2015\\\/albin-kurti-vullneti-i-popullit-shqiptar-bashkimi-i-kosoves-me-shqiperine\\\/#primaryimage\"},\"image\":{\"@id\":\"https:\\\/\\\/fjala.info\\\/2009-2015\\\/albin-kurti-vullneti-i-popullit-shqiptar-bashkimi-i-kosoves-me-shqiperine\\\/#primaryimage\"},\"thumbnailUrl\":\"http:\\\/\\\/www.shkoder.net\\\/2012\\\/albin_kurti_fjalim.jpg\",\"datePublished\":\"2012-01-19T19:51:29+00:00\",\"breadcrumb\":{\"@id\":\"https:\\\/\\\/fjala.info\\\/2009-2015\\\/albin-kurti-vullneti-i-popullit-shqiptar-bashkimi-i-kosoves-me-shqiperine\\\/#breadcrumb\"},\"inLanguage\":\"sq-AL\",\"potentialAction\":[{\"@type\":\"ReadAction\",\"target\":[\"https:\\\/\\\/fjala.info\\\/2009-2015\\\/albin-kurti-vullneti-i-popullit-shqiptar-bashkimi-i-kosoves-me-shqiperine\\\/\"]}]},{\"@type\":\"ImageObject\",\"inLanguage\":\"sq-AL\",\"@id\":\"https:\\\/\\\/fjala.info\\\/2009-2015\\\/albin-kurti-vullneti-i-popullit-shqiptar-bashkimi-i-kosoves-me-shqiperine\\\/#primaryimage\",\"url\":\"http:\\\/\\\/www.shkoder.net\\\/2012\\\/albin_kurti_fjalim.jpg\",\"contentUrl\":\"http:\\\/\\\/www.shkoder.net\\\/2012\\\/albin_kurti_fjalim.jpg\"},{\"@type\":\"BreadcrumbList\",\"@id\":\"https:\\\/\\\/fjala.info\\\/2009-2015\\\/albin-kurti-vullneti-i-popullit-shqiptar-bashkimi-i-kosoves-me-shqiperine\\\/#breadcrumb\",\"itemListElement\":[{\"@type\":\"ListItem\",\"position\":1,\"name\":\"Home\",\"item\":\"https:\\\/\\\/fjala.info\\\/2009-2015\\\/\"},{\"@type\":\"ListItem\",\"position\":2,\"name\":\"Albin Kurti: Vullneti i popullit shqiptar, bashkimi i Kosov\u00ebs me Shqip\u00ebrin\u00eb\"}]},{\"@type\":\"WebSite\",\"@id\":\"https:\\\/\\\/fjala.info\\\/2009-2015\\\/#website\",\"url\":\"https:\\\/\\\/fjala.info\\\/2009-2015\\\/\",\"name\":\"FjALA e LIR\u00cb - Arkivi\",\"description\":\"Arkivi 2009-2015\",\"publisher\":{\"@id\":\"https:\\\/\\\/fjala.info\\\/2009-2015\\\/#organization\"},\"potentialAction\":[{\"@type\":\"SearchAction\",\"target\":{\"@type\":\"EntryPoint\",\"urlTemplate\":\"https:\\\/\\\/fjala.info\\\/2009-2015\\\/?s={search_term_string}\"},\"query-input\":{\"@type\":\"PropertyValueSpecification\",\"valueRequired\":true,\"valueName\":\"search_term_string\"}}],\"inLanguage\":\"sq-AL\"},{\"@type\":\"Organization\",\"@id\":\"https:\\\/\\\/fjala.info\\\/2009-2015\\\/#organization\",\"name\":\"FjALA e LIR\u00cb - Arkivi\",\"url\":\"https:\\\/\\\/fjala.info\\\/2009-2015\\\/\",\"logo\":{\"@type\":\"ImageObject\",\"inLanguage\":\"sq-AL\",\"@id\":\"https:\\\/\\\/fjala.info\\\/2009-2015\\\/#\\\/schema\\\/logo\\\/image\\\/\",\"url\":\"\",\"contentUrl\":\"\",\"caption\":\"FjALA e LIR\u00cb - Arkivi\"},\"image\":{\"@id\":\"https:\\\/\\\/fjala.info\\\/2009-2015\\\/#\\\/schema\\\/logo\\\/image\\\/\"}},{\"@type\":\"Person\",\"@id\":\"https:\\\/\\\/fjala.info\\\/2009-2015\\\/#\\\/schema\\\/person\\\/3aa1163ef05469c496fc94e77611ada2\",\"name\":\"admin\",\"image\":{\"@type\":\"ImageObject\",\"inLanguage\":\"sq-AL\",\"@id\":\"https:\\\/\\\/fjala.info\\\/2009-2015\\\/wp-content\\\/uploads\\\/2012\\\/02\\\/arben_cokaj-120x150.jpg\",\"url\":\"https:\\\/\\\/fjala.info\\\/2009-2015\\\/wp-content\\\/uploads\\\/2012\\\/02\\\/arben_cokaj-120x150.jpg\",\"contentUrl\":\"https:\\\/\\\/fjala.info\\\/2009-2015\\\/wp-content\\\/uploads\\\/2012\\\/02\\\/arben_cokaj-120x150.jpg\",\"caption\":\"admin\"},\"description\":\"Admin, Fjala e Lir\u00eb\",\"sameAs\":[\"https:\\\/\\\/fjala.info\\\/\"],\"url\":\"https:\\\/\\\/fjala.info\\\/2009-2015\\\/author\\\/admin\\\/\"}]}<\/script>\n<!-- \/ Yoast SEO plugin. -->","yoast_head_json":{"title":"Albin Kurti: Vullneti i popullit shqiptar, bashkimi i Kosov\u00ebs me Shqip\u00ebrin\u00eb - FjALA e LIR\u00cb - Arkivi","robots":{"index":"index","follow":"follow","max-snippet":"max-snippet:-1","max-image-preview":"max-image-preview:large","max-video-preview":"max-video-preview:-1"},"canonical":"https:\/\/fjala.info\/2009-2015\/albin-kurti-vullneti-i-popullit-shqiptar-bashkimi-i-kosoves-me-shqiperine\/","og_locale":"sq_AL","og_type":"article","og_title":"Albin Kurti: Vullneti i popullit shqiptar, bashkimi i Kosov\u00ebs me Shqip\u00ebrin\u00eb - FjALA e LIR\u00cb - Arkivi","og_description":"Gazeta Nacional Albania pasqyron p\u00ebr lexuesit e saj intervist\u00ebn ekskluzive t\u00eb z. Albin Kurti, lideri i l\u00ebvizjes Vet\u00ebvendosje t\u00eb realizuar nga Redan Bushati. N\u00eb k\u00ebt\u00eb intervist\u00eb t\u00eb marr\u00eb nga z. Bushati, lideri i Vet\u00ebvendosjes ka prekur nj\u00eb s\u00ebr\u00eb \u00e7\u00ebshtjesh kryesore dhe t\u00eb debatueshme, ku m\u00eb e r\u00ebnd\u00ebsishmja mbetet vullneti i popullit shqiptar p\u00ebr bashkimin e [&hellip;]","og_url":"https:\/\/fjala.info\/2009-2015\/albin-kurti-vullneti-i-popullit-shqiptar-bashkimi-i-kosoves-me-shqiperine\/","og_site_name":"FjALA e LIR\u00cb - Arkivi","article_published_time":"2012-01-19T19:51:29+00:00","og_image":[{"url":"http:\/\/www.shkoder.net\/2012\/albin_kurti_fjalim.jpg","type":"","width":"","height":""}],"author":"admin","twitter_card":"summary_large_image","twitter_misc":{"Written by":"admin","Est. reading time":"5 minutes"},"schema":{"@context":"https:\/\/schema.org","@graph":[{"@type":"Article","@id":"https:\/\/fjala.info\/2009-2015\/albin-kurti-vullneti-i-popullit-shqiptar-bashkimi-i-kosoves-me-shqiperine\/#article","isPartOf":{"@id":"https:\/\/fjala.info\/2009-2015\/albin-kurti-vullneti-i-popullit-shqiptar-bashkimi-i-kosoves-me-shqiperine\/"},"author":{"name":"admin","@id":"https:\/\/fjala.info\/2009-2015\/#\/schema\/person\/3aa1163ef05469c496fc94e77611ada2"},"headline":"Albin Kurti: Vullneti i popullit shqiptar, bashkimi i Kosov\u00ebs me Shqip\u00ebrin\u00eb","datePublished":"2012-01-19T19:51:29+00:00","mainEntityOfPage":{"@id":"https:\/\/fjala.info\/2009-2015\/albin-kurti-vullneti-i-popullit-shqiptar-bashkimi-i-kosoves-me-shqiperine\/"},"wordCount":1103,"commentCount":0,"publisher":{"@id":"https:\/\/fjala.info\/2009-2015\/#organization"},"image":{"@id":"https:\/\/fjala.info\/2009-2015\/albin-kurti-vullneti-i-popullit-shqiptar-bashkimi-i-kosoves-me-shqiperine\/#primaryimage"},"thumbnailUrl":"http:\/\/www.shkoder.net\/2012\/albin_kurti_fjalim.jpg","articleSection":["Artikuj"],"inLanguage":"sq-AL","potentialAction":[{"@type":"CommentAction","name":"Comment","target":["https:\/\/fjala.info\/2009-2015\/albin-kurti-vullneti-i-popullit-shqiptar-bashkimi-i-kosoves-me-shqiperine\/#respond"]}]},{"@type":"WebPage","@id":"https:\/\/fjala.info\/2009-2015\/albin-kurti-vullneti-i-popullit-shqiptar-bashkimi-i-kosoves-me-shqiperine\/","url":"https:\/\/fjala.info\/2009-2015\/albin-kurti-vullneti-i-popullit-shqiptar-bashkimi-i-kosoves-me-shqiperine\/","name":"Albin Kurti: Vullneti i popullit shqiptar, bashkimi i Kosov\u00ebs me Shqip\u00ebrin\u00eb - FjALA e LIR\u00cb - Arkivi","isPartOf":{"@id":"https:\/\/fjala.info\/2009-2015\/#website"},"primaryImageOfPage":{"@id":"https:\/\/fjala.info\/2009-2015\/albin-kurti-vullneti-i-popullit-shqiptar-bashkimi-i-kosoves-me-shqiperine\/#primaryimage"},"image":{"@id":"https:\/\/fjala.info\/2009-2015\/albin-kurti-vullneti-i-popullit-shqiptar-bashkimi-i-kosoves-me-shqiperine\/#primaryimage"},"thumbnailUrl":"http:\/\/www.shkoder.net\/2012\/albin_kurti_fjalim.jpg","datePublished":"2012-01-19T19:51:29+00:00","breadcrumb":{"@id":"https:\/\/fjala.info\/2009-2015\/albin-kurti-vullneti-i-popullit-shqiptar-bashkimi-i-kosoves-me-shqiperine\/#breadcrumb"},"inLanguage":"sq-AL","potentialAction":[{"@type":"ReadAction","target":["https:\/\/fjala.info\/2009-2015\/albin-kurti-vullneti-i-popullit-shqiptar-bashkimi-i-kosoves-me-shqiperine\/"]}]},{"@type":"ImageObject","inLanguage":"sq-AL","@id":"https:\/\/fjala.info\/2009-2015\/albin-kurti-vullneti-i-popullit-shqiptar-bashkimi-i-kosoves-me-shqiperine\/#primaryimage","url":"http:\/\/www.shkoder.net\/2012\/albin_kurti_fjalim.jpg","contentUrl":"http:\/\/www.shkoder.net\/2012\/albin_kurti_fjalim.jpg"},{"@type":"BreadcrumbList","@id":"https:\/\/fjala.info\/2009-2015\/albin-kurti-vullneti-i-popullit-shqiptar-bashkimi-i-kosoves-me-shqiperine\/#breadcrumb","itemListElement":[{"@type":"ListItem","position":1,"name":"Home","item":"https:\/\/fjala.info\/2009-2015\/"},{"@type":"ListItem","position":2,"name":"Albin Kurti: Vullneti i popullit shqiptar, bashkimi i Kosov\u00ebs me Shqip\u00ebrin\u00eb"}]},{"@type":"WebSite","@id":"https:\/\/fjala.info\/2009-2015\/#website","url":"https:\/\/fjala.info\/2009-2015\/","name":"FjALA e LIR\u00cb - Arkivi","description":"Arkivi 2009-2015","publisher":{"@id":"https:\/\/fjala.info\/2009-2015\/#organization"},"potentialAction":[{"@type":"SearchAction","target":{"@type":"EntryPoint","urlTemplate":"https:\/\/fjala.info\/2009-2015\/?s={search_term_string}"},"query-input":{"@type":"PropertyValueSpecification","valueRequired":true,"valueName":"search_term_string"}}],"inLanguage":"sq-AL"},{"@type":"Organization","@id":"https:\/\/fjala.info\/2009-2015\/#organization","name":"FjALA e LIR\u00cb - Arkivi","url":"https:\/\/fjala.info\/2009-2015\/","logo":{"@type":"ImageObject","inLanguage":"sq-AL","@id":"https:\/\/fjala.info\/2009-2015\/#\/schema\/logo\/image\/","url":"","contentUrl":"","caption":"FjALA e LIR\u00cb - Arkivi"},"image":{"@id":"https:\/\/fjala.info\/2009-2015\/#\/schema\/logo\/image\/"}},{"@type":"Person","@id":"https:\/\/fjala.info\/2009-2015\/#\/schema\/person\/3aa1163ef05469c496fc94e77611ada2","name":"admin","image":{"@type":"ImageObject","inLanguage":"sq-AL","@id":"https:\/\/fjala.info\/2009-2015\/wp-content\/uploads\/2012\/02\/arben_cokaj-120x150.jpg","url":"https:\/\/fjala.info\/2009-2015\/wp-content\/uploads\/2012\/02\/arben_cokaj-120x150.jpg","contentUrl":"https:\/\/fjala.info\/2009-2015\/wp-content\/uploads\/2012\/02\/arben_cokaj-120x150.jpg","caption":"admin"},"description":"Admin, Fjala e Lir\u00eb","sameAs":["https:\/\/fjala.info\/"],"url":"https:\/\/fjala.info\/2009-2015\/author\/admin\/"}]}},"_links":{"self":[{"href":"https:\/\/fjala.info\/2009-2015\/wp-json\/wp\/v2\/posts\/1232","targetHints":{"allow":["GET"]}}],"collection":[{"href":"https:\/\/fjala.info\/2009-2015\/wp-json\/wp\/v2\/posts"}],"about":[{"href":"https:\/\/fjala.info\/2009-2015\/wp-json\/wp\/v2\/types\/post"}],"author":[{"embeddable":true,"href":"https:\/\/fjala.info\/2009-2015\/wp-json\/wp\/v2\/users\/1"}],"replies":[{"embeddable":true,"href":"https:\/\/fjala.info\/2009-2015\/wp-json\/wp\/v2\/comments?post=1232"}],"version-history":[{"count":0,"href":"https:\/\/fjala.info\/2009-2015\/wp-json\/wp\/v2\/posts\/1232\/revisions"}],"wp:attachment":[{"href":"https:\/\/fjala.info\/2009-2015\/wp-json\/wp\/v2\/media?parent=1232"}],"wp:term":[{"taxonomy":"category","embeddable":true,"href":"https:\/\/fjala.info\/2009-2015\/wp-json\/wp\/v2\/categories?post=1232"},{"taxonomy":"post_tag","embeddable":true,"href":"https:\/\/fjala.info\/2009-2015\/wp-json\/wp\/v2\/tags?post=1232"}],"curies":[{"name":"wp","href":"https:\/\/api.w.org\/{rel}","templated":true}]}}