{"id":123,"date":"2011-11-12T07:02:46","date_gmt":"2011-11-12T06:02:46","guid":{"rendered":"http:\/\/fjala.shkoder.net\/?p=123"},"modified":"2011-11-12T07:02:46","modified_gmt":"2011-11-12T06:02:46","slug":"qofte-beogradi-dhe-gjeniu-pa-breke","status":"publish","type":"post","link":"https:\/\/fjala.info\/2009-2015\/qofte-beogradi-dhe-gjeniu-pa-breke\/","title":{"rendered":"Qofte Beogradi dhe gjeniu pa brek\u00eb"},"content":{"rendered":"<p><img decoding=\"async\" class=\"alignright size-thumbnail wp-image-7236\" title=\"Kolec Traboini\" src=\"http:\/\/www.shkoder.net\/images\/fjala\/kolec_traboini.jpg\" alt=\"\" width=\"150\" \/> <strong>Kolec Traboini<\/strong><\/p>\n<p>&#8211; <em>N\u00eb Panairin e 13-t\u00eb t\u00eb librit n\u00eb Tiran\u00eb<\/em> &#8211;<\/p>\n<p>Pyes veten, anipse e di se kurrkush nuk m\u00eb p\u00ebrgjigjet. E megjithat\u00eb n\u00eb Panairin e Librit Tiran\u00eb tek Pallati i Kongreseve, vazhdon t\u00eb q\u00ebndroj\u00eb nj\u00eb sh\u00ebnim me g\u00ebrma t\u00eb m\u00ebdha \u201cBeograd\u201d, me g\u00ebrma sllave sigurisht se serb\u00ebt e kan\u00eb alergji latinishten e g\u00ebrmave q\u00eb p\u00ebrdor mbar\u00eb Europa, gjith\u00eb kjo sepse ata q\u00eb kan\u00eb n\u00eb dor\u00eb \u00e7elsat e Tiran\u00ebs ua kishin l\u00ebshuar lejen serb\u00ebve me shit\u00eb qofte e birr\u00eb shqiptar\u00ebve&#8230; Kuku moj nan\u00eb&#8230;<\/p>\n<p>A jam n\u00eb Beograd apo n\u00eb Tiran\u00eb. Si nuk flet kurrkush kurrgja. H\u00eb, mo, &#8211; t\u00eb thon\u00eb &#8211; se qofte e sal\u00e7i\u00e7e jan\u00eb. Po edhe k\u00ebnga serbe bu\u00e7et n\u00eb at\u00eb shesh e p\u00ebrzihet me er\u00eb tym sal\u00e7i\u00e7esh. Kamarieri, nj\u00eb gjatoj\u00eb q\u00eb duket edhe si pronar, t\u00eb flet serbisht. N\u00eb sheshin para pallatit t\u00eb Kongreseve bu\u00e7et k\u00ebnga serbe si t\u00eb vinte kah terrinat e mesjet\u00ebs. E fort\u00eb paske qen\u00eb, moj Serbi!<\/p>\n<p><img decoding=\"async\" class=\"aligncenter size-thumbnail wp-image-7236\" title=\"Qofte Beogradi n\u00eb Tiran\u00eb\" src=\"http:\/\/www.shkoder.net\/images\/fjala\/2011\/beogradi_ne_tirane.jpg\" alt=\"\" width=\"450\" \/><\/p>\n<p>K\u00ebtu nuk \u00ebsht\u00eb problemi tek qoftet, tymi e k\u00ebnga, por tek mentaliteti prej skllavi q\u00eb kan\u00eb politikan\u00ebt shqiptar\u00eb&#8230;, q\u00eb zg\u00ebrlaqen tek shohin fjal\u00ebn Beograd n\u00eb ball\u00eb t\u00eb Panairit t\u00eb librit Shqiptar, q\u00eb n\u00eb t\u00eb v\u00ebrtet\u00eb nuk \u00ebsht\u00eb aspak shqiptar, sepse vet\u00ebm tre librave me l\u00ebng supe t\u00eb Elena Kadares\u00eb, Blendi Fevziut dhe Ben Blushit. Foto-busti i Blendi Fevziut shfaqet duksh\u00ebm n\u00eb konkurenc\u00eb me fotobustet e Enver Hoxh\u00ebs n\u00eb koh\u00eb t\u00eb diktatur\u00ebs. Nuk ka asnj\u00eb shkrimtar q\u00eb n\u00eb t\u00eb gjall\u00eb t&#8217;i jet\u00eb b\u00ebr\u00eb foto-busti kaq i madh sa i Blendi Fevziut, k\u00ebt\u00eb megallomani ia ka ushqyer nj\u00eb universitet me em\u00ebr t\u00eb madh, por me reputacion t\u00eb vog\u00ebl, Universiteti Europian i Tiran\u00ebs.<\/p>\n<p>Dhe natyrisht libri i fundit voluminoz i politikanit Ben Blushi, ku fiksioni p\u00ebrzihet me politik\u00ebn krejt ngjash\u00ebm me lesh e lin\u00eb, q\u00eb b\u00ebn sot politika klanore shqiptare. N\u00eb tre k\u00ebta soj libra gjysmetrosh, nxirren Kadareja, Shqip\u00ebria dhe Enver Hoxha pa brek\u00eb, tjet\u00ebr gj\u00eb shqiptare nuk shihet kurrkund n\u00eb k\u00ebt\u00eb Panair. Duhet te shtohet dhe &#8220;Kurbani&#8221; i Edi Ram\u00ebs, q\u00eb panairi t\u00eb shfaq nj\u00eb kuadratur\u00eb solide t\u00eb shkrimtaris\u00eb pa shkrimtar\u00eb.<\/p>\n<p>Shkojn\u00eb e vin\u00eb shqiptar\u00ebt dhe pasi blejn\u00eb libra t\u00eb huaj q\u00eb maten me met\u00ebr (shqiptar\u00ebt po p\u00ebrbuzin vetveten) kthehen e pijn\u00eb nj\u00eb birr\u00eb Stela dhe han\u00eb qofte &#8220;Made in Beograd&#8221;. E ju duket se jan\u00eb n\u00eb Serbi.<\/p>\n<p>Megjithat\u00eb duhet me gjet\u00eb nj\u00eb far\u00eb m\u00ebnyre me u k\u00ebnaq\u00eb me k\u00ebt\u00eb far\u00eb Panairi, se t&#8217;i shoh\u00ebsh gjeniut t\u00eb letrave koqet nuk \u00ebsht\u00eb pak&#8230;.<\/p>\n<p>E rri e mendon n\u00eb t\u00eb thella i shkreti gjeni i shpupluem prej t\u00eb vet\u00ebve&#8230; t\u00eb gjitha Helenat paskan qen\u00eb Troj\u00eb.<\/p>\n<p>P\u00ebrsh\u00ebndetje nga Beogradi i Tiran\u00ebs.<\/p>\n","protected":false},"excerpt":{"rendered":"<p>Kolec Traboini &#8211; N\u00eb Panairin e 13-t\u00eb t\u00eb librit n\u00eb Tiran\u00eb &#8211; Pyes veten, anipse e di se kurrkush nuk m\u00eb p\u00ebrgjigjet. E megjithat\u00eb n\u00eb Panairin e Librit Tiran\u00eb tek Pallati i Kongreseve, vazhdon t\u00eb q\u00ebndroj\u00eb nj\u00eb sh\u00ebnim me g\u00ebrma t\u00eb m\u00ebdha \u201cBeograd\u201d, me g\u00ebrma sllave sigurisht se serb\u00ebt e kan\u00eb alergji latinishten e g\u00ebrmave [&hellip;]<\/p>\n","protected":false},"author":1,"featured_media":0,"comment_status":"open","ping_status":"closed","sticky":false,"template":"","format":"standard","meta":{"footnotes":""},"categories":[2],"tags":[],"class_list":{"0":"post-123","1":"post","2":"type-post","3":"status-publish","4":"format-standard","6":"category-artikuj"},"yoast_head":"<!-- This site is optimized with the Yoast SEO plugin v27.4 - https:\/\/yoast.com\/product\/yoast-seo-wordpress\/ -->\n<title>Qofte Beogradi dhe gjeniu pa brek\u00eb - FjALA e LIR\u00cb - Arkivi<\/title>\n<meta name=\"robots\" content=\"index, follow, max-snippet:-1, max-image-preview:large, max-video-preview:-1\" \/>\n<link rel=\"canonical\" href=\"https:\/\/fjala.info\/2009-2015\/qofte-beogradi-dhe-gjeniu-pa-breke\/\" \/>\n<meta property=\"og:locale\" content=\"sq_AL\" \/>\n<meta property=\"og:type\" content=\"article\" \/>\n<meta property=\"og:title\" content=\"Qofte Beogradi dhe gjeniu pa brek\u00eb - FjALA e LIR\u00cb - Arkivi\" \/>\n<meta property=\"og:description\" content=\"Kolec Traboini &#8211; N\u00eb Panairin e 13-t\u00eb t\u00eb librit n\u00eb Tiran\u00eb &#8211; Pyes veten, anipse e di se kurrkush nuk m\u00eb p\u00ebrgjigjet. E megjithat\u00eb n\u00eb Panairin e Librit Tiran\u00eb tek Pallati i Kongreseve, vazhdon t\u00eb q\u00ebndroj\u00eb nj\u00eb sh\u00ebnim me g\u00ebrma t\u00eb m\u00ebdha \u201cBeograd\u201d, me g\u00ebrma sllave sigurisht se serb\u00ebt e kan\u00eb alergji latinishten e g\u00ebrmave [&hellip;]\" \/>\n<meta property=\"og:url\" content=\"https:\/\/fjala.info\/2009-2015\/qofte-beogradi-dhe-gjeniu-pa-breke\/\" \/>\n<meta property=\"og:site_name\" content=\"FjALA e LIR\u00cb - Arkivi\" \/>\n<meta property=\"article:published_time\" content=\"2011-11-12T06:02:46+00:00\" \/>\n<meta property=\"og:image\" content=\"http:\/\/www.shkoder.net\/images\/fjala\/kolec_traboini.jpg\" \/>\n<meta name=\"author\" content=\"admin\" \/>\n<meta name=\"twitter:card\" content=\"summary_large_image\" \/>\n<meta name=\"twitter:label1\" content=\"Written by\" \/>\n\t<meta name=\"twitter:data1\" content=\"admin\" \/>\n\t<meta name=\"twitter:label2\" content=\"Est. reading time\" \/>\n\t<meta name=\"twitter:data2\" content=\"2 minutes\" \/>\n<script type=\"application\/ld+json\" class=\"yoast-schema-graph\">{\"@context\":\"https:\\\/\\\/schema.org\",\"@graph\":[{\"@type\":\"Article\",\"@id\":\"https:\\\/\\\/fjala.info\\\/2009-2015\\\/qofte-beogradi-dhe-gjeniu-pa-breke\\\/#article\",\"isPartOf\":{\"@id\":\"https:\\\/\\\/fjala.info\\\/2009-2015\\\/qofte-beogradi-dhe-gjeniu-pa-breke\\\/\"},\"author\":{\"name\":\"admin\",\"@id\":\"https:\\\/\\\/fjala.info\\\/2009-2015\\\/#\\\/schema\\\/person\\\/3aa1163ef05469c496fc94e77611ada2\"},\"headline\":\"Qofte Beogradi dhe gjeniu pa brek\u00eb\",\"datePublished\":\"2011-11-12T06:02:46+00:00\",\"mainEntityOfPage\":{\"@id\":\"https:\\\/\\\/fjala.info\\\/2009-2015\\\/qofte-beogradi-dhe-gjeniu-pa-breke\\\/\"},\"wordCount\":488,\"commentCount\":1,\"publisher\":{\"@id\":\"https:\\\/\\\/fjala.info\\\/2009-2015\\\/#organization\"},\"image\":{\"@id\":\"https:\\\/\\\/fjala.info\\\/2009-2015\\\/qofte-beogradi-dhe-gjeniu-pa-breke\\\/#primaryimage\"},\"thumbnailUrl\":\"http:\\\/\\\/www.shkoder.net\\\/images\\\/fjala\\\/kolec_traboini.jpg\",\"articleSection\":[\"Artikuj\"],\"inLanguage\":\"sq-AL\",\"potentialAction\":[{\"@type\":\"CommentAction\",\"name\":\"Comment\",\"target\":[\"https:\\\/\\\/fjala.info\\\/2009-2015\\\/qofte-beogradi-dhe-gjeniu-pa-breke\\\/#respond\"]}]},{\"@type\":\"WebPage\",\"@id\":\"https:\\\/\\\/fjala.info\\\/2009-2015\\\/qofte-beogradi-dhe-gjeniu-pa-breke\\\/\",\"url\":\"https:\\\/\\\/fjala.info\\\/2009-2015\\\/qofte-beogradi-dhe-gjeniu-pa-breke\\\/\",\"name\":\"Qofte Beogradi dhe gjeniu pa brek\u00eb - FjALA e LIR\u00cb - Arkivi\",\"isPartOf\":{\"@id\":\"https:\\\/\\\/fjala.info\\\/2009-2015\\\/#website\"},\"primaryImageOfPage\":{\"@id\":\"https:\\\/\\\/fjala.info\\\/2009-2015\\\/qofte-beogradi-dhe-gjeniu-pa-breke\\\/#primaryimage\"},\"image\":{\"@id\":\"https:\\\/\\\/fjala.info\\\/2009-2015\\\/qofte-beogradi-dhe-gjeniu-pa-breke\\\/#primaryimage\"},\"thumbnailUrl\":\"http:\\\/\\\/www.shkoder.net\\\/images\\\/fjala\\\/kolec_traboini.jpg\",\"datePublished\":\"2011-11-12T06:02:46+00:00\",\"breadcrumb\":{\"@id\":\"https:\\\/\\\/fjala.info\\\/2009-2015\\\/qofte-beogradi-dhe-gjeniu-pa-breke\\\/#breadcrumb\"},\"inLanguage\":\"sq-AL\",\"potentialAction\":[{\"@type\":\"ReadAction\",\"target\":[\"https:\\\/\\\/fjala.info\\\/2009-2015\\\/qofte-beogradi-dhe-gjeniu-pa-breke\\\/\"]}]},{\"@type\":\"ImageObject\",\"inLanguage\":\"sq-AL\",\"@id\":\"https:\\\/\\\/fjala.info\\\/2009-2015\\\/qofte-beogradi-dhe-gjeniu-pa-breke\\\/#primaryimage\",\"url\":\"http:\\\/\\\/www.shkoder.net\\\/images\\\/fjala\\\/kolec_traboini.jpg\",\"contentUrl\":\"http:\\\/\\\/www.shkoder.net\\\/images\\\/fjala\\\/kolec_traboini.jpg\"},{\"@type\":\"BreadcrumbList\",\"@id\":\"https:\\\/\\\/fjala.info\\\/2009-2015\\\/qofte-beogradi-dhe-gjeniu-pa-breke\\\/#breadcrumb\",\"itemListElement\":[{\"@type\":\"ListItem\",\"position\":1,\"name\":\"Home\",\"item\":\"https:\\\/\\\/fjala.info\\\/2009-2015\\\/\"},{\"@type\":\"ListItem\",\"position\":2,\"name\":\"Qofte Beogradi dhe gjeniu pa brek\u00eb\"}]},{\"@type\":\"WebSite\",\"@id\":\"https:\\\/\\\/fjala.info\\\/2009-2015\\\/#website\",\"url\":\"https:\\\/\\\/fjala.info\\\/2009-2015\\\/\",\"name\":\"FjALA e LIR\u00cb - Arkivi\",\"description\":\"Arkivi 2009-2015\",\"publisher\":{\"@id\":\"https:\\\/\\\/fjala.info\\\/2009-2015\\\/#organization\"},\"potentialAction\":[{\"@type\":\"SearchAction\",\"target\":{\"@type\":\"EntryPoint\",\"urlTemplate\":\"https:\\\/\\\/fjala.info\\\/2009-2015\\\/?s={search_term_string}\"},\"query-input\":{\"@type\":\"PropertyValueSpecification\",\"valueRequired\":true,\"valueName\":\"search_term_string\"}}],\"inLanguage\":\"sq-AL\"},{\"@type\":\"Organization\",\"@id\":\"https:\\\/\\\/fjala.info\\\/2009-2015\\\/#organization\",\"name\":\"FjALA e LIR\u00cb - Arkivi\",\"url\":\"https:\\\/\\\/fjala.info\\\/2009-2015\\\/\",\"logo\":{\"@type\":\"ImageObject\",\"inLanguage\":\"sq-AL\",\"@id\":\"https:\\\/\\\/fjala.info\\\/2009-2015\\\/#\\\/schema\\\/logo\\\/image\\\/\",\"url\":\"\",\"contentUrl\":\"\",\"caption\":\"FjALA e LIR\u00cb - Arkivi\"},\"image\":{\"@id\":\"https:\\\/\\\/fjala.info\\\/2009-2015\\\/#\\\/schema\\\/logo\\\/image\\\/\"}},{\"@type\":\"Person\",\"@id\":\"https:\\\/\\\/fjala.info\\\/2009-2015\\\/#\\\/schema\\\/person\\\/3aa1163ef05469c496fc94e77611ada2\",\"name\":\"admin\",\"image\":{\"@type\":\"ImageObject\",\"inLanguage\":\"sq-AL\",\"@id\":\"https:\\\/\\\/fjala.info\\\/2009-2015\\\/wp-content\\\/uploads\\\/2012\\\/02\\\/arben_cokaj-120x150.jpg\",\"url\":\"https:\\\/\\\/fjala.info\\\/2009-2015\\\/wp-content\\\/uploads\\\/2012\\\/02\\\/arben_cokaj-120x150.jpg\",\"contentUrl\":\"https:\\\/\\\/fjala.info\\\/2009-2015\\\/wp-content\\\/uploads\\\/2012\\\/02\\\/arben_cokaj-120x150.jpg\",\"caption\":\"admin\"},\"description\":\"Admin, Fjala e Lir\u00eb\",\"sameAs\":[\"https:\\\/\\\/fjala.info\\\/\"],\"url\":\"https:\\\/\\\/fjala.info\\\/2009-2015\\\/author\\\/admin\\\/\"}]}<\/script>\n<!-- \/ Yoast SEO plugin. -->","yoast_head_json":{"title":"Qofte Beogradi dhe gjeniu pa brek\u00eb - FjALA e LIR\u00cb - Arkivi","robots":{"index":"index","follow":"follow","max-snippet":"max-snippet:-1","max-image-preview":"max-image-preview:large","max-video-preview":"max-video-preview:-1"},"canonical":"https:\/\/fjala.info\/2009-2015\/qofte-beogradi-dhe-gjeniu-pa-breke\/","og_locale":"sq_AL","og_type":"article","og_title":"Qofte Beogradi dhe gjeniu pa brek\u00eb - FjALA e LIR\u00cb - Arkivi","og_description":"Kolec Traboini &#8211; N\u00eb Panairin e 13-t\u00eb t\u00eb librit n\u00eb Tiran\u00eb &#8211; Pyes veten, anipse e di se kurrkush nuk m\u00eb p\u00ebrgjigjet. E megjithat\u00eb n\u00eb Panairin e Librit Tiran\u00eb tek Pallati i Kongreseve, vazhdon t\u00eb q\u00ebndroj\u00eb nj\u00eb sh\u00ebnim me g\u00ebrma t\u00eb m\u00ebdha \u201cBeograd\u201d, me g\u00ebrma sllave sigurisht se serb\u00ebt e kan\u00eb alergji latinishten e g\u00ebrmave [&hellip;]","og_url":"https:\/\/fjala.info\/2009-2015\/qofte-beogradi-dhe-gjeniu-pa-breke\/","og_site_name":"FjALA e LIR\u00cb - Arkivi","article_published_time":"2011-11-12T06:02:46+00:00","og_image":[{"url":"http:\/\/www.shkoder.net\/images\/fjala\/kolec_traboini.jpg","type":"","width":"","height":""}],"author":"admin","twitter_card":"summary_large_image","twitter_misc":{"Written by":"admin","Est. reading time":"2 minutes"},"schema":{"@context":"https:\/\/schema.org","@graph":[{"@type":"Article","@id":"https:\/\/fjala.info\/2009-2015\/qofte-beogradi-dhe-gjeniu-pa-breke\/#article","isPartOf":{"@id":"https:\/\/fjala.info\/2009-2015\/qofte-beogradi-dhe-gjeniu-pa-breke\/"},"author":{"name":"admin","@id":"https:\/\/fjala.info\/2009-2015\/#\/schema\/person\/3aa1163ef05469c496fc94e77611ada2"},"headline":"Qofte Beogradi dhe gjeniu pa brek\u00eb","datePublished":"2011-11-12T06:02:46+00:00","mainEntityOfPage":{"@id":"https:\/\/fjala.info\/2009-2015\/qofte-beogradi-dhe-gjeniu-pa-breke\/"},"wordCount":488,"commentCount":1,"publisher":{"@id":"https:\/\/fjala.info\/2009-2015\/#organization"},"image":{"@id":"https:\/\/fjala.info\/2009-2015\/qofte-beogradi-dhe-gjeniu-pa-breke\/#primaryimage"},"thumbnailUrl":"http:\/\/www.shkoder.net\/images\/fjala\/kolec_traboini.jpg","articleSection":["Artikuj"],"inLanguage":"sq-AL","potentialAction":[{"@type":"CommentAction","name":"Comment","target":["https:\/\/fjala.info\/2009-2015\/qofte-beogradi-dhe-gjeniu-pa-breke\/#respond"]}]},{"@type":"WebPage","@id":"https:\/\/fjala.info\/2009-2015\/qofte-beogradi-dhe-gjeniu-pa-breke\/","url":"https:\/\/fjala.info\/2009-2015\/qofte-beogradi-dhe-gjeniu-pa-breke\/","name":"Qofte Beogradi dhe gjeniu pa brek\u00eb - FjALA e LIR\u00cb - Arkivi","isPartOf":{"@id":"https:\/\/fjala.info\/2009-2015\/#website"},"primaryImageOfPage":{"@id":"https:\/\/fjala.info\/2009-2015\/qofte-beogradi-dhe-gjeniu-pa-breke\/#primaryimage"},"image":{"@id":"https:\/\/fjala.info\/2009-2015\/qofte-beogradi-dhe-gjeniu-pa-breke\/#primaryimage"},"thumbnailUrl":"http:\/\/www.shkoder.net\/images\/fjala\/kolec_traboini.jpg","datePublished":"2011-11-12T06:02:46+00:00","breadcrumb":{"@id":"https:\/\/fjala.info\/2009-2015\/qofte-beogradi-dhe-gjeniu-pa-breke\/#breadcrumb"},"inLanguage":"sq-AL","potentialAction":[{"@type":"ReadAction","target":["https:\/\/fjala.info\/2009-2015\/qofte-beogradi-dhe-gjeniu-pa-breke\/"]}]},{"@type":"ImageObject","inLanguage":"sq-AL","@id":"https:\/\/fjala.info\/2009-2015\/qofte-beogradi-dhe-gjeniu-pa-breke\/#primaryimage","url":"http:\/\/www.shkoder.net\/images\/fjala\/kolec_traboini.jpg","contentUrl":"http:\/\/www.shkoder.net\/images\/fjala\/kolec_traboini.jpg"},{"@type":"BreadcrumbList","@id":"https:\/\/fjala.info\/2009-2015\/qofte-beogradi-dhe-gjeniu-pa-breke\/#breadcrumb","itemListElement":[{"@type":"ListItem","position":1,"name":"Home","item":"https:\/\/fjala.info\/2009-2015\/"},{"@type":"ListItem","position":2,"name":"Qofte Beogradi dhe gjeniu pa brek\u00eb"}]},{"@type":"WebSite","@id":"https:\/\/fjala.info\/2009-2015\/#website","url":"https:\/\/fjala.info\/2009-2015\/","name":"FjALA e LIR\u00cb - Arkivi","description":"Arkivi 2009-2015","publisher":{"@id":"https:\/\/fjala.info\/2009-2015\/#organization"},"potentialAction":[{"@type":"SearchAction","target":{"@type":"EntryPoint","urlTemplate":"https:\/\/fjala.info\/2009-2015\/?s={search_term_string}"},"query-input":{"@type":"PropertyValueSpecification","valueRequired":true,"valueName":"search_term_string"}}],"inLanguage":"sq-AL"},{"@type":"Organization","@id":"https:\/\/fjala.info\/2009-2015\/#organization","name":"FjALA e LIR\u00cb - Arkivi","url":"https:\/\/fjala.info\/2009-2015\/","logo":{"@type":"ImageObject","inLanguage":"sq-AL","@id":"https:\/\/fjala.info\/2009-2015\/#\/schema\/logo\/image\/","url":"","contentUrl":"","caption":"FjALA e LIR\u00cb - Arkivi"},"image":{"@id":"https:\/\/fjala.info\/2009-2015\/#\/schema\/logo\/image\/"}},{"@type":"Person","@id":"https:\/\/fjala.info\/2009-2015\/#\/schema\/person\/3aa1163ef05469c496fc94e77611ada2","name":"admin","image":{"@type":"ImageObject","inLanguage":"sq-AL","@id":"https:\/\/fjala.info\/2009-2015\/wp-content\/uploads\/2012\/02\/arben_cokaj-120x150.jpg","url":"https:\/\/fjala.info\/2009-2015\/wp-content\/uploads\/2012\/02\/arben_cokaj-120x150.jpg","contentUrl":"https:\/\/fjala.info\/2009-2015\/wp-content\/uploads\/2012\/02\/arben_cokaj-120x150.jpg","caption":"admin"},"description":"Admin, Fjala e Lir\u00eb","sameAs":["https:\/\/fjala.info\/"],"url":"https:\/\/fjala.info\/2009-2015\/author\/admin\/"}]}},"_links":{"self":[{"href":"https:\/\/fjala.info\/2009-2015\/wp-json\/wp\/v2\/posts\/123","targetHints":{"allow":["GET"]}}],"collection":[{"href":"https:\/\/fjala.info\/2009-2015\/wp-json\/wp\/v2\/posts"}],"about":[{"href":"https:\/\/fjala.info\/2009-2015\/wp-json\/wp\/v2\/types\/post"}],"author":[{"embeddable":true,"href":"https:\/\/fjala.info\/2009-2015\/wp-json\/wp\/v2\/users\/1"}],"replies":[{"embeddable":true,"href":"https:\/\/fjala.info\/2009-2015\/wp-json\/wp\/v2\/comments?post=123"}],"version-history":[{"count":0,"href":"https:\/\/fjala.info\/2009-2015\/wp-json\/wp\/v2\/posts\/123\/revisions"}],"wp:attachment":[{"href":"https:\/\/fjala.info\/2009-2015\/wp-json\/wp\/v2\/media?parent=123"}],"wp:term":[{"taxonomy":"category","embeddable":true,"href":"https:\/\/fjala.info\/2009-2015\/wp-json\/wp\/v2\/categories?post=123"},{"taxonomy":"post_tag","embeddable":true,"href":"https:\/\/fjala.info\/2009-2015\/wp-json\/wp\/v2\/tags?post=123"}],"curies":[{"name":"wp","href":"https:\/\/api.w.org\/{rel}","templated":true}]}}