{"id":1224,"date":"2012-01-18T08:53:07","date_gmt":"2012-01-18T07:53:07","guid":{"rendered":"http:\/\/fjala.shkoder.net\/?p=1224"},"modified":"2012-01-18T08:53:07","modified_gmt":"2012-01-18T07:53:07","slug":"ne-emer-te-vlerave-te-islamit-shqiptar","status":"publish","type":"post","link":"https:\/\/fjala.info\/2009-2015\/ne-emer-te-vlerave-te-islamit-shqiptar\/","title":{"rendered":"N\u00eb em\u00ebr t\u00eb vlerave t\u00eb islamit shqiptar"},"content":{"rendered":"<p><img decoding=\"async\" class=\"alignright size-thumbnail wp-image-7236\" title=\"Besnik Mustafaj\" src=\"http:\/\/www.shkoder.net\/images\/fjala\/besnik_mustafaj.jpg\" alt=\"\" width=\"150\" \/> <strong>BESNIK MUSTAFAJ<\/strong>, <em>17.01.2012<\/em><\/p>\n<p>Pak jav\u00eb m\u00eb par\u00eb, n\u00eb prag t\u00eb festave t\u00eb fundvitit, Komuniteti Mysliman i Shqip\u00ebris\u00eb shp\u00ebrndau nj\u00eb botim ku paraqiti t\u00eb ilustruar edhe me fotografi veprimtarit\u00eb e k\u00ebtij Komuniteti n\u00eb periudh\u00ebn shtator 2010 &#8211; tetor 2011. \u00cbsht\u00eb nj\u00eb botim i nj\u00eb cil\u00ebsie t\u00eb mir\u00eb jo vet\u00ebm p\u00ebrsa i p\u00ebrket aspektit tipografik \u2013 dhe paraqitja tipografike e nj\u00eb botimi ka doemos r\u00ebnd\u00ebsin\u00eb e vet, \u2013 por, mbi t\u00eb gjitha, do t\u00eb doja t\u00eb t\u00ebrhiqja v\u00ebmendjen mbi cil\u00ebsin\u00eb e mir\u00eb t\u00eb p\u00ebrzgjedhjes dhe t\u00eb sintez\u00ebs s\u00eb informacionit mbi jet\u00ebn e pasur institucionale, teologjike, kulturore, arsimore, publike dhe diplomatike t\u00eb k\u00ebtij Komuniteti n\u00eb harkun kohor t\u00eb nj\u00eb viti, n\u00eb p\u00ebrputhje me q\u00ebllimet dhe objektivat e veta imediate dhe strategjike.<\/p>\n<p>Si\u00e7 del qart\u00eb edhe n\u00eb informacionin e bollsh\u00ebm t\u00eb k\u00ebtij botimi, objektivat kryesore imediate dhe strategjike t\u00eb Komunitetit Mysliman Shqiptar jan\u00eb n\u00eb p\u00ebrputhje t\u00eb plot\u00eb me objektivat imediate dhe strategjike t\u00eb mbar\u00eb shoq\u00ebris\u00eb shqiptare, gj\u00eb q\u00eb do t\u00eb thot\u00eb se t\u00eb tilla jan\u00eb vet\u00eb aspiratat e besimtar\u00ebve mysliman\u00eb shqiptar\u00eb. Rrjedhimisht, l\u00ebnda e k\u00ebtij botimi u p\u00ebrket jo vet\u00ebm besimtar\u00ebve an\u00ebtar\u00eb t\u00eb Komunitetit Mysliman, por mbar\u00eb shoq\u00ebris\u00eb shqiptare. P\u00ebr t\u00eb qen\u00eb plot\u00ebsisht i qart\u00eb: fjala \u00ebsht\u00eb p\u00ebr nj\u00eb botim mir\u00ebfilli informativ. Pra, p\u00ebrmbajtja e k\u00ebtij informacioni mish\u00ebron interesa thelb\u00ebsore p\u00ebr mbar\u00eb shoq\u00ebrin\u00eb shqiptare.<\/p>\n<p>Arteria p\u00ebrbashkuese e k\u00ebtyre veprimtarive kaq t\u00eb larmishme zbulon, ve\u00e7 t\u00eb tjerash, edhe nj\u00eb p\u00ebrkushtim t\u00eb lart\u00eb, thelbin e t\u00eb cilit e shpreh me nj\u00eb gjuh\u00eb si s\u2019ka m\u00eb t\u00eb kuptueshme vet\u00eb kryetari i k\u00ebtij Komuniteti, zoti Selim Mu\u00e7a, dit\u00ebn e themelimit t\u00eb Universitetit Mysliman Shqiptar, m\u00eb 15 shtator 2010, kur thekson q\u00ebllimin p\u00ebr \u201cpromovimin e vlerave islame shqiptare\u201d. Dhe po me k\u00ebt\u00eb rast, por jo p\u00ebr her\u00eb t\u00eb par\u00eb e as t\u00eb mbrame, Haxhi Selim Mu\u00e7a shpjegon edhe kuptimin e vlerave islame shqiptare, duke v\u00ebn\u00eb n\u00eb dukje se ato jan\u00eb vlera t\u00eb mb\u00ebshtetura n\u00eb kultur\u00ebn, traditat dhe karakteristikat e shoq\u00ebris\u00eb shqiptare, nd\u00ebrthurur, sigurisht, me frym\u00ebn dhe me kushtet e besimit islam.<\/p>\n<p>Nj\u00eb nga tiparet m\u00eb t\u00eb spikatura e m\u00eb t\u00eb lavdishme t\u00eb islamit shqiptar ka qen\u00eb dhe mbetet aft\u00ebsia e tij p\u00ebr t\u00eb bashk\u00ebjetuar n\u00eb respekt e n\u00eb harmoni me besimet e tjera, t\u00eb rr\u00ebnjosura po ashtu prej shekujsh nd\u00ebr shqiptar\u00ebt. Kjo cil\u00ebsi nuk e b\u00ebn kurrsesi islamin shqiptar m\u00eb pak t\u00eb devotsh\u00ebm ndaj Kuranit. P\u00ebrkundrazi. Historia e p\u00ebrhapjes dhe e konsolidimit t\u00eb besimit islam nd\u00ebr trojet shqiptare e ka provuar k\u00ebt\u00eb fakt me koh\u00eb dhe vazhdon ta provoj\u00eb sot mjaftuesh\u00ebm.<\/p>\n<p>Gjykoj, megjithat\u00eb, se kjo e v\u00ebrtet\u00eb historike dhe aktuale duhet th\u00ebn\u00eb e p\u00ebrs\u00ebritur me z\u00eb t\u00eb lart\u00eb si nj\u00eb mir\u00ebnjohje p\u00ebr besimtar\u00ebt mysliman\u00eb shqiptar\u00eb. Do mbajtur mend se komuniteti i besimtar\u00ebve mysliman\u00eb ka p\u00ebrb\u00ebr\u00eb dhe vazhdon t\u00eb p\u00ebrb\u00ebj\u00eb m\u00eb shum\u00eb se gjysm\u00ebn e gjith\u00eb besimtar\u00ebve fetar\u00eb shqiptar\u00eb. Kjo do t\u00eb thot\u00eb se sjellja e mysliman\u00ebve n\u00eb shumic\u00eb ndaj jomysliman\u00ebve n\u00eb pakic\u00eb p\u00ebrcakton n\u00eb themel stabilitetin e shoq\u00ebris\u00eb ton\u00eb, kohezionin dhe paqen e saj t\u00eb q\u00ebndrueshme. Raporti n\u00eb fjal\u00eb nuk \u00ebsht\u00eb nj\u00eb statistik\u00eb e r\u00ebndomt\u00eb. Ky raport nxjerr n\u00eb pah nj\u00eb nga specifikat m\u00eb t\u00eb r\u00ebnd\u00ebsishme t\u00eb shoq\u00ebris\u00eb shqiptare si shoq\u00ebri e civilizuar, me nj\u00eb p\u00ebrvoj\u00eb gati-gati unike n\u00eb bot\u00ebn e sotme.<\/p>\n<p>Natyrisht, kjo \u00ebsht\u00eb nj\u00eb p\u00ebrvoj\u00eb e p\u00ebrbashk\u00ebt e kombit dhe, si e till\u00eb, u p\u00ebrket nj\u00ebsoj nderi t\u00eb gjitha komuniteteve t\u00eb besimtar\u00ebve fetar\u00eb, ashtu si\u00e7 \u00ebsht\u00eb n\u00eb detyr\u00ebn e t\u00eb gjitha komuniteteve ta pasurojn\u00eb e ta p\u00ebrcjellin k\u00ebt\u00eb p\u00ebrvoj\u00eb te brezat e rinj t\u00eb besimtar\u00ebve. Duke pohuar merit\u00ebn e posa\u00e7me q\u00eb ka Komuniteti Mysliman, n\u00eb k\u00ebto rrethana nuk minimizohet aspak merita e komuniteteve t\u00eb tjera. Thjesht po sjell n\u00eb v\u00ebmendje rolin e ve\u00e7ant\u00eb q\u00eb ka gjithmon\u00eb shumica n\u00eb p\u00ebrcaktimin e interesit t\u00eb p\u00ebrbashk\u00ebt brenda kontekstit me diversitet, qoft\u00eb ky diversitet kulturor, etnik apo fetar. Konkretisht, kjo \u00ebsht\u00eb nj\u00eb p\u00ebrvoj\u00eb shqiptare. Nuk \u00ebsht\u00eb ende nj\u00eb p\u00ebrvoj\u00eb universale.<\/p>\n<p>Por \u00ebsht\u00eb aspirat\u00eb universale dhe, si e till\u00eb, ajo ka mobilizuar sot si kurr\u00eb m\u00eb par\u00eb shum\u00eb nga forcat m\u00eb t\u00eb sh\u00ebndosha politike, intelektuale, diplomatike, shkencore, akademike, krijuese n\u00eb mbar\u00eb bot\u00ebn. N\u00ebn k\u00ebt\u00eb drit\u00eb, drejtuesit e Komunitetit Mysliman, ashtu si an\u00ebtar\u00ebt e k\u00ebtij Komuniteti, shfaqen n\u00ebp\u00ebrmjet veprimit t\u00eb tyre plot\u00ebsisht t\u00eb vet\u00ebdijsh\u00ebm p\u00ebr vler\u00ebn q\u00eb mbartin dhe punojn\u00eb me nj\u00eb vizion shum\u00eb modern p\u00ebr ta v\u00ebn\u00eb sa m\u00eb mir\u00eb k\u00ebt\u00eb vler\u00eb n\u00eb sh\u00ebrbim t\u00eb interesave strategjike t\u00eb Shqip\u00ebris\u00eb, duke u b\u00ebr\u00eb nj\u00ebher\u00ebsh edhe pjes\u00eb dometh\u00ebn\u00ebse e veprimit t\u00eb gjer\u00eb nd\u00ebrkomb\u00ebtar n\u00eb sh\u00ebrbim t\u00eb aspirat\u00ebs p\u00ebr bashk\u00ebjetes\u00eb harmonike brenda diversitetit t\u00eb besimeve.<\/p>\n<p>Sot, nj\u00eb nga kolonat m\u00eb t\u00eb qen\u00ebsishme ku mb\u00ebshteten interesat strategjike t\u00eb Shqip\u00ebris\u00eb \u00ebsht\u00eb integrimi i saj n\u00eb Bashkimin Europian. Dhe ky integrim duhet t\u00eb p\u00ebrmbushet n\u00eb nj\u00eb koh\u00eb kur disa nga problemet m\u00eb t\u00eb mprehta, cenuese p\u00ebr paqen e p\u00ebr prosperitetin e p\u00ebrbashk\u00ebt, e kan\u00eb zanafill\u00ebn ose n\u00eb politik\u00ebn e mbrapsht\u00eb t\u00eb ndonj\u00eb vendi t\u00eb caktuar mysliman, ose n\u00eb veprimtarin\u00eb e mbrapsht\u00eb e shpesh hapur terroriste t\u00eb organizatave t\u00eb ndryshme myslimane, shp\u00ebrndar\u00eb n\u00ebp\u00ebr bot\u00eb apo edhe t\u00eb individ\u00ebve. Her\u00eb me q\u00ebllim e her\u00eb nga padija, k\u00ebto probleme jan\u00eb p\u00ebrdorur jo rrall\u00eb gjat\u00eb dy dekadave t\u00eb fundit dhe vazhdojn\u00eb t\u00eb p\u00ebrdoren edhe sot e k\u00ebsaj dite p\u00ebr t\u00eb krijuar ankthin e rreziksh\u00ebm t\u00eb nj\u00eb p\u00ebrplasjeje globale n\u00eb ardhje midis dy qytet\u00ebrimeve t\u00eb m\u00ebdha, atij islam e atij t\u00eb krishter\u00eb.<\/p>\n<p>Do pranuar se b\u00ebhet nj\u00eb amalgam\u00eb, e cila po arrin ta njollos\u00eb imazhin e islamit n\u00eb t\u00ebr\u00ebsi n\u00eb syt\u00eb e disa shtresave n\u00eb shoq\u00ebrit\u00eb e zhvilluara e demokratike per\u00ebndimore, duke mbjell\u00eb madje te k\u00ebto shtresa edhe frik\u00eb ndaj besimtarit mysliman si i till\u00eb. Islamofobia \u00ebsht\u00eb b\u00ebr\u00eb pjes\u00eb e realitetit shoq\u00ebror dhe politik n\u00eb k\u00ebto vende. Nga ana tjet\u00ebr, si\u00e7 shihet, interesat strategjike t\u00eb Shqip\u00ebris\u00eb p\u00ebr integrim n\u00eb Bashkimin Europian jan\u00eb shpalosur n\u00eb nj\u00eb periudh\u00eb kur brenda opinionit publik t\u00eb vendeve an\u00ebtare t\u00eb k\u00ebtij Bashkimi ka r\u00ebn\u00eb ndjesh\u00ebm entuziazmi i zgjerimit p\u00ebr arsye, t\u00eb cilat, n\u00eb t\u00eb v\u00ebrtet\u00eb, nuk kan\u00eb asnj\u00eb lidhje shkak\u00ebsore me realitetet e vendeve t\u00eb an\u00ebtar\u00ebsuara s\u00eb fundi apo aspirante p\u00ebr an\u00ebtar\u00ebsim. Nuk \u00ebsht\u00eb rasti k\u00ebtu t\u00eb shqyrtojm\u00eb shkaqet e zbehjes s\u00eb k\u00ebtij entuziazmi.<\/p>\n<p>E p\u00ebrmenda thjesht sa p\u00ebr t\u00eb theksuar se nga demagog\u00eb t\u00eb ndrysh\u00ebm n\u00eb Europ\u00ebn Per\u00ebndimore, p\u00ebrdoren dendur pretekste krejt t\u00eb pabaza p\u00ebr ta shtuar ksenofobin\u00eb nd\u00ebr kombet e k\u00ebsaj hap\u00ebsir\u00eb t\u00eb mrekullueshme lirie, begatie e kulture, q\u00eb quhet Bashkim Europian. Dhe demagog\u00ebt nuk mungojn\u00eb as n\u00eb k\u00ebt\u00eb hap\u00ebsir\u00eb. Madje arrijn\u00eb t\u00eb ngjiten demokratikisht deri n\u00eb majat e politik\u00ebs s\u00eb p\u00ebrbashk\u00ebt europiane. Nj\u00eb t\u00eb till\u00eb e d\u00ebgjuam edhe ne shqiptar\u00ebt, di\u00e7ka m\u00eb shum\u00eb se nj\u00eb vit m\u00eb par\u00eb, t\u00eb shpallte nga salla e ndritshme e Parlamentit Europian se Shqip\u00ebria \u00ebsht\u00eb shtet i sheriatit.<\/p>\n<p>At\u00eb dit\u00eb ky Parlament do t\u00eb votonte rezolut\u00ebn p\u00ebr t\u00eb lejuar liberalizimin e vizave p\u00ebr qytetar\u00ebt shqiptar\u00eb. Dhe ky far\u00eb burri po shqiptonte me z\u00eb t\u00eb lart\u00eb, pa u skuqur, as zverdhur, nj\u00eb g\u00ebnjesht\u00ebr t\u00eb posht\u00ebr, me shpres\u00eb se k\u00ebshtu, me islamofobin\u00eb e vet do t\u2019i trembte koleg\u00ebt e tij aq sa t\u2019i shtynte t\u00eb votonin p\u00ebr prishjen e nj\u00eb \u00ebndrre t\u00eb bukur t\u00eb nj\u00eb kombi t\u00eb t\u00ebr\u00eb. Shpresa e tij doli e kot\u00eb, si\u00e7 dihet, por ai u p\u00ebrpoq ta hidhte helmin e vet. Ky shembull i keq nuk \u00ebsht\u00eb i vetmi. Dhe as nuk do t\u00eb jet\u00eb i fundit, me sa duket.<\/p>\n<p>Duke par\u00eb kalendarin e veprimtarive t\u00eb zhvilluara nga Komuniteti Mysliman i Shqip\u00ebris\u00eb n\u00eb periudh\u00ebn shtator 2010- tetor 2011, bie n\u00eb sy menj\u00ebher\u00eb v\u00ebmendja e ve\u00e7ant\u00eb q\u00eb ky Komunitet i ka kushtuar shpalosjes s\u00eb natyr\u00ebs s\u00eb v\u00ebrtet\u00eb t\u00eb islamit shqiptar qoft\u00eb p\u00ebrpara t\u00ebr\u00ebsis\u00eb s\u00eb shqiptar\u00ebve e qoft\u00eb p\u00ebrpara nd\u00ebrkomb\u00ebtar\u00ebve miq ose edhe m\u00eb pak miq t\u00eb shqiptar\u00ebve. N\u00eb periudh\u00ebn n\u00eb fjal\u00eb jan\u00eb zhvilluar shtat\u00eb konferenca, simpoziume e seminare me tem\u00ebn e dialogut nd\u00ebrfetar n\u00eb Shqip\u00ebri, n\u00eb rajon e n\u00eb Europ\u00eb. Disa prej tyre jan\u00eb organizuar n\u00eb vendin ton\u00eb, n\u00eb Tiran\u00eb e n\u00eb qytete t\u00eb tjera, me nism\u00ebn e Komunitetit Mysliman Shqiptar.<\/p>\n<p>T\u00eb tjera jan\u00eb zhvilluar jasht\u00eb e ku kan\u00eb marr\u00eb pjes\u00eb delegacione t\u00eb k\u00ebtij Komuniteti. Jan\u00eb edhe afro nj\u00ebzet veprimtari t\u00eb tjera, t\u00eb cilat do t\u2019i quaja mir\u00ebfilli diplomatike pasi p\u00ebrb\u00ebhen nga vizita diplomat\u00ebsh t\u00eb lart\u00eb t\u00eb akredituar n\u00eb Tiran\u00eb n\u00eb selin\u00eb e Komunitetit Mysliman Shqiptar, pritje delegacionesh t\u00eb huaja parlamentare, pritje zyrtar\u00ebsh t\u00eb lart\u00eb t\u00eb institucioneve homologe n\u00eb k\u00ebt\u00eb seli, si dhe vizita t\u00eb kryetarit t\u00eb Komunitetit Mysliman Shqiptar, zotit Selim Mu\u00e7a e t\u00eb drejtuesve t\u00eb tjer\u00eb t\u00eb k\u00ebtij Komuniteti n\u00eb vende t\u00eb ndryshme apo edhe n\u00eb organizata t\u00eb r\u00ebnd\u00ebsishme nd\u00ebrkomb\u00ebtare.<\/p>\n<p>Nuk m\u00eb duket rasti k\u00ebtu t\u00eb b\u00ebhen komente m\u00eb t\u00eb holl\u00ebsishme mbi \u00e7far\u00eb \u00ebsht\u00eb th\u00ebn\u00eb n\u00eb k\u00ebto veprimtari, nj\u00eb pjes\u00eb t\u00eb t\u00eb cilave i kam ndjekur personalisht e nj\u00eb pjes\u00eb jo. Vet\u00ebm do t\u00eb theksoja pa m\u00ebdyshje se me nj\u00eb pun\u00eb t\u00eb till\u00eb intensive dhe dinjitoze, kryesia e k\u00ebtij Komuniteti u b\u00ebn para s\u00eb gjithash nj\u00eb sh\u00ebrbim shum\u00eb t\u00eb \u00e7muar mbar\u00eb besimtar\u00ebve mysliman\u00eb shqiptar\u00eb, duke p\u00ebrligjur para tyre p\u00ebrgjegj\u00ebsin\u00eb e madhe q\u00eb ka marr\u00eb p\u00ebrsip\u00ebr, si\u00e7 i b\u00ebn nj\u00eb sh\u00ebrbim t\u00eb \u00e7muar dhe vet\u00eb besimit islam n\u00eb t\u00ebr\u00ebsin\u00eb e tij. Por dobia e k\u00ebsaj pune, p\u00ebrmbajtja dhe objektivat e s\u00eb cil\u00ebs nd\u00ebrthurin edhe diplomacin\u00eb publike me diplomacin\u00eb kulturore, \u00ebsht\u00eb tejet e \u00e7muar p\u00ebr mbar\u00eb kombin.<\/p>\n<p>Drejtuesit e Komunitetit Mysliman Shqiptar duket se e kan\u00eb kuptuar mir\u00eb se askush nuk mund ta b\u00ebj\u00eb t\u00eb njohur natyr\u00ebn e v\u00ebrtet\u00eb t\u00eb islamit shqiptar sa ata vet\u00eb, ashtu si\u00e7 kan\u00eb kuptuar edhe se ky nuk \u00ebsht\u00eb nj\u00eb mision q\u00eb mund ta kryejn\u00eb ata t\u00eb vet\u00ebm. N\u00eb em\u00ebr t\u00eb interesit t\u00eb p\u00ebrbashk\u00ebt e q\u00eb \u00ebsht\u00eb interesi i kombit, ata u jan\u00eb drejtuar krer\u00ebve m\u00eb t\u00eb lart\u00eb t\u00eb shtetit e t\u00eb qeveris\u00eb, drejtuesve t\u00eb institucioneve qendrore qeveritare e shtet\u00ebrore, shoq\u00ebris\u00eb civile e sidomos koleg\u00ebve t\u00eb tyre q\u00eb drejtojn\u00eb komunitetet e tjera fetare shqiptare q\u00eb t\u2019i bashk\u00ebngjiten k\u00ebsaj pune duke th\u00ebn\u00eb fjal\u00ebn e tyre me pesh\u00eb. K\u00ebshtu, veprimtarit\u00eb kan\u00eb qen\u00eb n\u00eb thelb t\u00eb p\u00ebrbashk\u00ebta, \u00e7ka e b\u00ebn edhe m\u00eb t\u00eb plot\u00eb shfaqjen e s\u00eb v\u00ebrtet\u00ebs, q\u00eb do t\u00eb thot\u00eb se p\u00ebrmbushet m\u00eb mir\u00eb edhe q\u00ebllimi p\u00ebr t\u00eb cilin organizohen.<\/p>\n","protected":false},"excerpt":{"rendered":"<p>BESNIK MUSTAFAJ, 17.01.2012 Pak jav\u00eb m\u00eb par\u00eb, n\u00eb prag t\u00eb festave t\u00eb fundvitit, Komuniteti Mysliman i Shqip\u00ebris\u00eb shp\u00ebrndau nj\u00eb botim ku paraqiti t\u00eb ilustruar edhe me fotografi veprimtarit\u00eb e k\u00ebtij Komuniteti n\u00eb periudh\u00ebn shtator 2010 &#8211; tetor 2011. \u00cbsht\u00eb nj\u00eb botim i nj\u00eb cil\u00ebsie t\u00eb mir\u00eb jo vet\u00ebm p\u00ebrsa i p\u00ebrket aspektit tipografik \u2013 dhe [&hellip;]<\/p>\n","protected":false},"author":1,"featured_media":0,"comment_status":"open","ping_status":"closed","sticky":false,"template":"","format":"standard","meta":{"footnotes":""},"categories":[2],"tags":[],"class_list":{"0":"post-1224","1":"post","2":"type-post","3":"status-publish","4":"format-standard","6":"category-artikuj"},"yoast_head":"<!-- This site is optimized with the Yoast SEO plugin v27.4 - https:\/\/yoast.com\/product\/yoast-seo-wordpress\/ -->\n<title>N\u00eb em\u00ebr t\u00eb vlerave t\u00eb islamit shqiptar - FjALA e LIR\u00cb - Arkivi<\/title>\n<meta name=\"robots\" content=\"index, follow, max-snippet:-1, max-image-preview:large, max-video-preview:-1\" \/>\n<link rel=\"canonical\" href=\"https:\/\/fjala.info\/2009-2015\/ne-emer-te-vlerave-te-islamit-shqiptar\/\" \/>\n<meta property=\"og:locale\" content=\"sq_AL\" \/>\n<meta property=\"og:type\" content=\"article\" \/>\n<meta property=\"og:title\" content=\"N\u00eb em\u00ebr t\u00eb vlerave t\u00eb islamit shqiptar - FjALA e LIR\u00cb - Arkivi\" \/>\n<meta property=\"og:description\" content=\"BESNIK MUSTAFAJ, 17.01.2012 Pak jav\u00eb m\u00eb par\u00eb, n\u00eb prag t\u00eb festave t\u00eb fundvitit, Komuniteti Mysliman i Shqip\u00ebris\u00eb shp\u00ebrndau nj\u00eb botim ku paraqiti t\u00eb ilustruar edhe me fotografi veprimtarit\u00eb e k\u00ebtij Komuniteti n\u00eb periudh\u00ebn shtator 2010 &#8211; tetor 2011. \u00cbsht\u00eb nj\u00eb botim i nj\u00eb cil\u00ebsie t\u00eb mir\u00eb jo vet\u00ebm p\u00ebrsa i p\u00ebrket aspektit tipografik \u2013 dhe [&hellip;]\" \/>\n<meta property=\"og:url\" content=\"https:\/\/fjala.info\/2009-2015\/ne-emer-te-vlerave-te-islamit-shqiptar\/\" \/>\n<meta property=\"og:site_name\" content=\"FjALA e LIR\u00cb - Arkivi\" \/>\n<meta property=\"article:published_time\" content=\"2012-01-18T07:53:07+00:00\" \/>\n<meta property=\"og:image\" content=\"http:\/\/www.shkoder.net\/images\/fjala\/besnik_mustafaj.jpg\" \/>\n<meta name=\"author\" content=\"admin\" \/>\n<meta name=\"twitter:card\" content=\"summary_large_image\" \/>\n<meta name=\"twitter:label1\" content=\"Written by\" \/>\n\t<meta name=\"twitter:data1\" content=\"admin\" \/>\n\t<meta name=\"twitter:label2\" content=\"Est. reading time\" \/>\n\t<meta name=\"twitter:data2\" content=\"10 minutes\" \/>\n<script type=\"application\/ld+json\" class=\"yoast-schema-graph\">{\"@context\":\"https:\\\/\\\/schema.org\",\"@graph\":[{\"@type\":\"Article\",\"@id\":\"https:\\\/\\\/fjala.info\\\/2009-2015\\\/ne-emer-te-vlerave-te-islamit-shqiptar\\\/#article\",\"isPartOf\":{\"@id\":\"https:\\\/\\\/fjala.info\\\/2009-2015\\\/ne-emer-te-vlerave-te-islamit-shqiptar\\\/\"},\"author\":{\"name\":\"admin\",\"@id\":\"https:\\\/\\\/fjala.info\\\/2009-2015\\\/#\\\/schema\\\/person\\\/3aa1163ef05469c496fc94e77611ada2\"},\"headline\":\"N\u00eb em\u00ebr t\u00eb vlerave t\u00eb islamit shqiptar\",\"datePublished\":\"2012-01-18T07:53:07+00:00\",\"mainEntityOfPage\":{\"@id\":\"https:\\\/\\\/fjala.info\\\/2009-2015\\\/ne-emer-te-vlerave-te-islamit-shqiptar\\\/\"},\"wordCount\":1934,\"commentCount\":0,\"publisher\":{\"@id\":\"https:\\\/\\\/fjala.info\\\/2009-2015\\\/#organization\"},\"image\":{\"@id\":\"https:\\\/\\\/fjala.info\\\/2009-2015\\\/ne-emer-te-vlerave-te-islamit-shqiptar\\\/#primaryimage\"},\"thumbnailUrl\":\"http:\\\/\\\/www.shkoder.net\\\/images\\\/fjala\\\/besnik_mustafaj.jpg\",\"articleSection\":[\"Artikuj\"],\"inLanguage\":\"sq-AL\",\"potentialAction\":[{\"@type\":\"CommentAction\",\"name\":\"Comment\",\"target\":[\"https:\\\/\\\/fjala.info\\\/2009-2015\\\/ne-emer-te-vlerave-te-islamit-shqiptar\\\/#respond\"]}]},{\"@type\":\"WebPage\",\"@id\":\"https:\\\/\\\/fjala.info\\\/2009-2015\\\/ne-emer-te-vlerave-te-islamit-shqiptar\\\/\",\"url\":\"https:\\\/\\\/fjala.info\\\/2009-2015\\\/ne-emer-te-vlerave-te-islamit-shqiptar\\\/\",\"name\":\"N\u00eb em\u00ebr t\u00eb vlerave t\u00eb islamit shqiptar - FjALA e LIR\u00cb - Arkivi\",\"isPartOf\":{\"@id\":\"https:\\\/\\\/fjala.info\\\/2009-2015\\\/#website\"},\"primaryImageOfPage\":{\"@id\":\"https:\\\/\\\/fjala.info\\\/2009-2015\\\/ne-emer-te-vlerave-te-islamit-shqiptar\\\/#primaryimage\"},\"image\":{\"@id\":\"https:\\\/\\\/fjala.info\\\/2009-2015\\\/ne-emer-te-vlerave-te-islamit-shqiptar\\\/#primaryimage\"},\"thumbnailUrl\":\"http:\\\/\\\/www.shkoder.net\\\/images\\\/fjala\\\/besnik_mustafaj.jpg\",\"datePublished\":\"2012-01-18T07:53:07+00:00\",\"breadcrumb\":{\"@id\":\"https:\\\/\\\/fjala.info\\\/2009-2015\\\/ne-emer-te-vlerave-te-islamit-shqiptar\\\/#breadcrumb\"},\"inLanguage\":\"sq-AL\",\"potentialAction\":[{\"@type\":\"ReadAction\",\"target\":[\"https:\\\/\\\/fjala.info\\\/2009-2015\\\/ne-emer-te-vlerave-te-islamit-shqiptar\\\/\"]}]},{\"@type\":\"ImageObject\",\"inLanguage\":\"sq-AL\",\"@id\":\"https:\\\/\\\/fjala.info\\\/2009-2015\\\/ne-emer-te-vlerave-te-islamit-shqiptar\\\/#primaryimage\",\"url\":\"http:\\\/\\\/www.shkoder.net\\\/images\\\/fjala\\\/besnik_mustafaj.jpg\",\"contentUrl\":\"http:\\\/\\\/www.shkoder.net\\\/images\\\/fjala\\\/besnik_mustafaj.jpg\"},{\"@type\":\"BreadcrumbList\",\"@id\":\"https:\\\/\\\/fjala.info\\\/2009-2015\\\/ne-emer-te-vlerave-te-islamit-shqiptar\\\/#breadcrumb\",\"itemListElement\":[{\"@type\":\"ListItem\",\"position\":1,\"name\":\"Home\",\"item\":\"https:\\\/\\\/fjala.info\\\/2009-2015\\\/\"},{\"@type\":\"ListItem\",\"position\":2,\"name\":\"N\u00eb em\u00ebr t\u00eb vlerave t\u00eb islamit shqiptar\"}]},{\"@type\":\"WebSite\",\"@id\":\"https:\\\/\\\/fjala.info\\\/2009-2015\\\/#website\",\"url\":\"https:\\\/\\\/fjala.info\\\/2009-2015\\\/\",\"name\":\"FjALA e LIR\u00cb - Arkivi\",\"description\":\"Arkivi 2009-2015\",\"publisher\":{\"@id\":\"https:\\\/\\\/fjala.info\\\/2009-2015\\\/#organization\"},\"potentialAction\":[{\"@type\":\"SearchAction\",\"target\":{\"@type\":\"EntryPoint\",\"urlTemplate\":\"https:\\\/\\\/fjala.info\\\/2009-2015\\\/?s={search_term_string}\"},\"query-input\":{\"@type\":\"PropertyValueSpecification\",\"valueRequired\":true,\"valueName\":\"search_term_string\"}}],\"inLanguage\":\"sq-AL\"},{\"@type\":\"Organization\",\"@id\":\"https:\\\/\\\/fjala.info\\\/2009-2015\\\/#organization\",\"name\":\"FjALA e LIR\u00cb - Arkivi\",\"url\":\"https:\\\/\\\/fjala.info\\\/2009-2015\\\/\",\"logo\":{\"@type\":\"ImageObject\",\"inLanguage\":\"sq-AL\",\"@id\":\"https:\\\/\\\/fjala.info\\\/2009-2015\\\/#\\\/schema\\\/logo\\\/image\\\/\",\"url\":\"\",\"contentUrl\":\"\",\"caption\":\"FjALA e LIR\u00cb - Arkivi\"},\"image\":{\"@id\":\"https:\\\/\\\/fjala.info\\\/2009-2015\\\/#\\\/schema\\\/logo\\\/image\\\/\"}},{\"@type\":\"Person\",\"@id\":\"https:\\\/\\\/fjala.info\\\/2009-2015\\\/#\\\/schema\\\/person\\\/3aa1163ef05469c496fc94e77611ada2\",\"name\":\"admin\",\"image\":{\"@type\":\"ImageObject\",\"inLanguage\":\"sq-AL\",\"@id\":\"https:\\\/\\\/fjala.info\\\/2009-2015\\\/wp-content\\\/uploads\\\/2012\\\/02\\\/arben_cokaj-120x150.jpg\",\"url\":\"https:\\\/\\\/fjala.info\\\/2009-2015\\\/wp-content\\\/uploads\\\/2012\\\/02\\\/arben_cokaj-120x150.jpg\",\"contentUrl\":\"https:\\\/\\\/fjala.info\\\/2009-2015\\\/wp-content\\\/uploads\\\/2012\\\/02\\\/arben_cokaj-120x150.jpg\",\"caption\":\"admin\"},\"description\":\"Admin, Fjala e Lir\u00eb\",\"sameAs\":[\"https:\\\/\\\/fjala.info\\\/\"],\"url\":\"https:\\\/\\\/fjala.info\\\/2009-2015\\\/author\\\/admin\\\/\"}]}<\/script>\n<!-- \/ Yoast SEO plugin. -->","yoast_head_json":{"title":"N\u00eb em\u00ebr t\u00eb vlerave t\u00eb islamit shqiptar - FjALA e LIR\u00cb - Arkivi","robots":{"index":"index","follow":"follow","max-snippet":"max-snippet:-1","max-image-preview":"max-image-preview:large","max-video-preview":"max-video-preview:-1"},"canonical":"https:\/\/fjala.info\/2009-2015\/ne-emer-te-vlerave-te-islamit-shqiptar\/","og_locale":"sq_AL","og_type":"article","og_title":"N\u00eb em\u00ebr t\u00eb vlerave t\u00eb islamit shqiptar - FjALA e LIR\u00cb - Arkivi","og_description":"BESNIK MUSTAFAJ, 17.01.2012 Pak jav\u00eb m\u00eb par\u00eb, n\u00eb prag t\u00eb festave t\u00eb fundvitit, Komuniteti Mysliman i Shqip\u00ebris\u00eb shp\u00ebrndau nj\u00eb botim ku paraqiti t\u00eb ilustruar edhe me fotografi veprimtarit\u00eb e k\u00ebtij Komuniteti n\u00eb periudh\u00ebn shtator 2010 &#8211; tetor 2011. \u00cbsht\u00eb nj\u00eb botim i nj\u00eb cil\u00ebsie t\u00eb mir\u00eb jo vet\u00ebm p\u00ebrsa i p\u00ebrket aspektit tipografik \u2013 dhe [&hellip;]","og_url":"https:\/\/fjala.info\/2009-2015\/ne-emer-te-vlerave-te-islamit-shqiptar\/","og_site_name":"FjALA e LIR\u00cb - Arkivi","article_published_time":"2012-01-18T07:53:07+00:00","og_image":[{"url":"http:\/\/www.shkoder.net\/images\/fjala\/besnik_mustafaj.jpg","type":"","width":"","height":""}],"author":"admin","twitter_card":"summary_large_image","twitter_misc":{"Written by":"admin","Est. reading time":"10 minutes"},"schema":{"@context":"https:\/\/schema.org","@graph":[{"@type":"Article","@id":"https:\/\/fjala.info\/2009-2015\/ne-emer-te-vlerave-te-islamit-shqiptar\/#article","isPartOf":{"@id":"https:\/\/fjala.info\/2009-2015\/ne-emer-te-vlerave-te-islamit-shqiptar\/"},"author":{"name":"admin","@id":"https:\/\/fjala.info\/2009-2015\/#\/schema\/person\/3aa1163ef05469c496fc94e77611ada2"},"headline":"N\u00eb em\u00ebr t\u00eb vlerave t\u00eb islamit shqiptar","datePublished":"2012-01-18T07:53:07+00:00","mainEntityOfPage":{"@id":"https:\/\/fjala.info\/2009-2015\/ne-emer-te-vlerave-te-islamit-shqiptar\/"},"wordCount":1934,"commentCount":0,"publisher":{"@id":"https:\/\/fjala.info\/2009-2015\/#organization"},"image":{"@id":"https:\/\/fjala.info\/2009-2015\/ne-emer-te-vlerave-te-islamit-shqiptar\/#primaryimage"},"thumbnailUrl":"http:\/\/www.shkoder.net\/images\/fjala\/besnik_mustafaj.jpg","articleSection":["Artikuj"],"inLanguage":"sq-AL","potentialAction":[{"@type":"CommentAction","name":"Comment","target":["https:\/\/fjala.info\/2009-2015\/ne-emer-te-vlerave-te-islamit-shqiptar\/#respond"]}]},{"@type":"WebPage","@id":"https:\/\/fjala.info\/2009-2015\/ne-emer-te-vlerave-te-islamit-shqiptar\/","url":"https:\/\/fjala.info\/2009-2015\/ne-emer-te-vlerave-te-islamit-shqiptar\/","name":"N\u00eb em\u00ebr t\u00eb vlerave t\u00eb islamit shqiptar - FjALA e LIR\u00cb - Arkivi","isPartOf":{"@id":"https:\/\/fjala.info\/2009-2015\/#website"},"primaryImageOfPage":{"@id":"https:\/\/fjala.info\/2009-2015\/ne-emer-te-vlerave-te-islamit-shqiptar\/#primaryimage"},"image":{"@id":"https:\/\/fjala.info\/2009-2015\/ne-emer-te-vlerave-te-islamit-shqiptar\/#primaryimage"},"thumbnailUrl":"http:\/\/www.shkoder.net\/images\/fjala\/besnik_mustafaj.jpg","datePublished":"2012-01-18T07:53:07+00:00","breadcrumb":{"@id":"https:\/\/fjala.info\/2009-2015\/ne-emer-te-vlerave-te-islamit-shqiptar\/#breadcrumb"},"inLanguage":"sq-AL","potentialAction":[{"@type":"ReadAction","target":["https:\/\/fjala.info\/2009-2015\/ne-emer-te-vlerave-te-islamit-shqiptar\/"]}]},{"@type":"ImageObject","inLanguage":"sq-AL","@id":"https:\/\/fjala.info\/2009-2015\/ne-emer-te-vlerave-te-islamit-shqiptar\/#primaryimage","url":"http:\/\/www.shkoder.net\/images\/fjala\/besnik_mustafaj.jpg","contentUrl":"http:\/\/www.shkoder.net\/images\/fjala\/besnik_mustafaj.jpg"},{"@type":"BreadcrumbList","@id":"https:\/\/fjala.info\/2009-2015\/ne-emer-te-vlerave-te-islamit-shqiptar\/#breadcrumb","itemListElement":[{"@type":"ListItem","position":1,"name":"Home","item":"https:\/\/fjala.info\/2009-2015\/"},{"@type":"ListItem","position":2,"name":"N\u00eb em\u00ebr t\u00eb vlerave t\u00eb islamit shqiptar"}]},{"@type":"WebSite","@id":"https:\/\/fjala.info\/2009-2015\/#website","url":"https:\/\/fjala.info\/2009-2015\/","name":"FjALA e LIR\u00cb - Arkivi","description":"Arkivi 2009-2015","publisher":{"@id":"https:\/\/fjala.info\/2009-2015\/#organization"},"potentialAction":[{"@type":"SearchAction","target":{"@type":"EntryPoint","urlTemplate":"https:\/\/fjala.info\/2009-2015\/?s={search_term_string}"},"query-input":{"@type":"PropertyValueSpecification","valueRequired":true,"valueName":"search_term_string"}}],"inLanguage":"sq-AL"},{"@type":"Organization","@id":"https:\/\/fjala.info\/2009-2015\/#organization","name":"FjALA e LIR\u00cb - Arkivi","url":"https:\/\/fjala.info\/2009-2015\/","logo":{"@type":"ImageObject","inLanguage":"sq-AL","@id":"https:\/\/fjala.info\/2009-2015\/#\/schema\/logo\/image\/","url":"","contentUrl":"","caption":"FjALA e LIR\u00cb - Arkivi"},"image":{"@id":"https:\/\/fjala.info\/2009-2015\/#\/schema\/logo\/image\/"}},{"@type":"Person","@id":"https:\/\/fjala.info\/2009-2015\/#\/schema\/person\/3aa1163ef05469c496fc94e77611ada2","name":"admin","image":{"@type":"ImageObject","inLanguage":"sq-AL","@id":"https:\/\/fjala.info\/2009-2015\/wp-content\/uploads\/2012\/02\/arben_cokaj-120x150.jpg","url":"https:\/\/fjala.info\/2009-2015\/wp-content\/uploads\/2012\/02\/arben_cokaj-120x150.jpg","contentUrl":"https:\/\/fjala.info\/2009-2015\/wp-content\/uploads\/2012\/02\/arben_cokaj-120x150.jpg","caption":"admin"},"description":"Admin, Fjala e Lir\u00eb","sameAs":["https:\/\/fjala.info\/"],"url":"https:\/\/fjala.info\/2009-2015\/author\/admin\/"}]}},"_links":{"self":[{"href":"https:\/\/fjala.info\/2009-2015\/wp-json\/wp\/v2\/posts\/1224","targetHints":{"allow":["GET"]}}],"collection":[{"href":"https:\/\/fjala.info\/2009-2015\/wp-json\/wp\/v2\/posts"}],"about":[{"href":"https:\/\/fjala.info\/2009-2015\/wp-json\/wp\/v2\/types\/post"}],"author":[{"embeddable":true,"href":"https:\/\/fjala.info\/2009-2015\/wp-json\/wp\/v2\/users\/1"}],"replies":[{"embeddable":true,"href":"https:\/\/fjala.info\/2009-2015\/wp-json\/wp\/v2\/comments?post=1224"}],"version-history":[{"count":0,"href":"https:\/\/fjala.info\/2009-2015\/wp-json\/wp\/v2\/posts\/1224\/revisions"}],"wp:attachment":[{"href":"https:\/\/fjala.info\/2009-2015\/wp-json\/wp\/v2\/media?parent=1224"}],"wp:term":[{"taxonomy":"category","embeddable":true,"href":"https:\/\/fjala.info\/2009-2015\/wp-json\/wp\/v2\/categories?post=1224"},{"taxonomy":"post_tag","embeddable":true,"href":"https:\/\/fjala.info\/2009-2015\/wp-json\/wp\/v2\/tags?post=1224"}],"curies":[{"name":"wp","href":"https:\/\/api.w.org\/{rel}","templated":true}]}}