{"id":1222,"date":"2012-01-18T09:49:00","date_gmt":"2012-01-18T08:49:00","guid":{"rendered":"http:\/\/fjala.shkoder.net\/?p=1222"},"modified":"2012-01-18T09:49:00","modified_gmt":"2012-01-18T08:49:00","slug":"jo-shqiperise-qe-iken-mpaket-dhe-plaket","status":"publish","type":"post","link":"https:\/\/fjala.info\/2009-2015\/jo-shqiperise-qe-iken-mpaket-dhe-plaket\/","title":{"rendered":"\u201cJo\u201d Shqip\u00ebris\u00eb q\u00eb ik\u00ebn, mpaket dhe plaket"},"content":{"rendered":"<p><em>Tranzicioni demografik n\u00eb programin socialist<\/em><\/p>\n<p><strong>Ilir Beqja<\/strong>, <strong>Kosta Barjaba<\/strong>, <em>18.01.2012<\/em><\/p>\n<p>Paralel me tranzicionin politik dhe ekonomik, Shqip\u00ebria po p\u00ebrjeton edhe nj\u00eb tranzicion demografik. Ky proces filloi n\u00eb kushtet kur Shqip\u00ebria, ndryshe nga mjaft vende t\u00eb rajonit, zot\u00ebronte nj\u00eb \u201cdhurat\u00eb\u201d demografike. Kjo \u201cdhurat\u00eb\u201d mund t\u00eb mbetej e till\u00eb, por mund t\u00eb shnd\u00ebrrohej edhe n\u00eb nj\u00eb rrezik demografik. Kjo do t\u00eb varej edhe nga performanca e qeverisjes s\u00eb vendit. T\u00eb dh\u00ebnat e Censusit 2011 tregojn\u00eb se zhvillimet e dekad\u00ebs s\u00eb fundit jan\u00eb karakterizuar nga prirja e dyt\u00eb. Kjo e b\u00ebn m\u00eb t\u00eb v\u00ebshtir\u00eb, por edhe m\u00eb fisnike p\u00ebrpjekjen e Programit socialist, sidomos portofolin social t\u00eb tij, p\u00ebr t\u00eb nd\u00ebrtuar nj\u00eb Shqip\u00ebri t\u00eb rilindur, si pjes\u00eb e Europ\u00ebs s\u00eb re sociale ku e domosdoshme \u00ebsht\u00eb q\u00eb edhe shoq\u00ebria t\u00eb rip\u00ebrt\u00ebrihet.<\/p>\n<p>Popullsia e vendit gjat\u00eb periudh\u00ebs 2001-2011 ka ardhur duke u pak\u00ebsuar, nga 3 069 275 n\u00eb 2 831 741 banor\u00eb. Pra, r\u00ebnia \u00ebsht\u00eb e konsiderueshme, rreth 7.7 p\u00ebr qind. N\u00eb ndryshimin e popullsis\u00eb ndikojn\u00eb lindjet, vdekjet dhe migrimi. Duke qen\u00eb se koeficienti bruto i vdekshm\u00ebris\u00eb (numri i vdekjeve p\u00ebr 1000 banor\u00eb n\u00eb nj\u00eb vit) gjat\u00eb periudh\u00ebs 2001-2011 nuk ka p\u00ebsuar ndryshime dramatike, vet\u00ebm \u00ebsht\u00eb ulur nga 5.1 n\u00eb 5.01, po fokusohemi kryesisht n\u00eb ndikimin e migrimit dhe lindshm\u00ebris\u00eb n\u00eb proceset demografike dhe rishikimin e politikave t\u00eb zhvillimit. N\u00ebse p\u00ebrdorim t\u00eb dh\u00ebnat e projeksionit t\u00eb rritjes s\u00eb popullsis\u00eb, mund t\u00eb llogarisim se deri n\u00eb tetor 2011 popullsia e vendit duhet t\u00eb ishte shtuar me rreth 230 mij\u00eb vet\u00eb. Dukuri q\u00eb nuk ka ndodhur, p\u00ebr shkak t\u00eb fluksit t\u00eb lart\u00eb migrator dhe pak\u00ebsimit t\u00eb lindjeve. Ndikimi m\u00eb i madh n\u00eb dinamik\u00ebn e popullsis\u00eb vjen prej migrimit t\u00eb jasht\u00ebm. Pra, Shqip\u00ebria mpaket dhe plaket, ngaq\u00eb nj\u00eb pjes\u00eb e saj ik\u00ebn.<\/p>\n<p><strong>Shqip\u00ebria q\u00eb ik\u00ebn<\/strong><\/p>\n<p>Shqip\u00ebria ka pasur potencialin, fluksin dhe stokun m\u00eb t\u00eb madh migrator gjat\u00eb tranzicionit. N\u00ebse nuk llogarisim Bosnj\u00eb-Hercegovin\u00ebn, fluksi migrator i t\u00eb cil\u00ebs, p\u00ebr arsye t\u00eb njohura, ka qen\u00eb i kombinuar me fluksin e refugjat\u00ebve, t\u00eb tre treguesit e m\u00ebsip\u00ebrm mbeten m\u00eb t\u00eb lart\u00ebt n\u00eb rajon dhe kontinent. N\u00ebse konsiderojm\u00eb nj\u00ebrin prej tyre, stokun, n\u00eb vler\u00ebsimet e studiuesve lokal\u00eb, t\u00eb huaj si edhe t\u00eb institucioneve nd\u00ebrkomb\u00ebtare, si Banka Bot\u00ebrore, ky tregues ka qen\u00eb rreth tri deri kat\u00ebr her\u00eb m\u00eb i lart\u00eb se vendet e tjera t\u00eb bot\u00ebs n\u00eb zhvillim ose n\u00eb procese tranzicioni. Rreth 25-30 p\u00ebr qind e popullsis\u00eb s\u00eb p\u00ebrgjithshme dhe 35-40 p\u00ebr qind e popullsis\u00eb aktive t\u00eb vendit, gjat\u00eb stadeve t\u00eb ndryshme t\u00eb tranzicionit, kan\u00eb qen\u00eb emigrant\u00eb t\u00eb jasht\u00ebm. Nd\u00ebrkoh\u00eb, mbi 20 p\u00ebr qind e popullsis\u00eb s\u00eb rritur l\u00ebvizi brenda vendit. Pra, gjat\u00eb dy dekadave t\u00eb fundit, Shqip\u00ebria ka qen\u00eb nj\u00eb \u201ckantier\u201d prodhimi emigrant\u00ebsh.<\/p>\n<p>Nj\u00eb nd\u00ebr proceset brenda k\u00ebtij \u201ckantieri\u201d ka qen\u00eb sinergjia midis potencialit, stokut dhe fluksit. Potenciali ka mbetur gjithmon\u00eb n\u00eb parametra pothuajse maksimal\u00eb dhe \u00ebsht\u00eb shnd\u00ebrruar n\u00eb m\u00ebnyr\u00eb t\u00eb natyrshme n\u00eb fluks. T\u00eb dy k\u00ebta tregues kan\u00eb mbajtur n\u00eb parametra t\u00eb lart\u00eb stokun migrator. Censusi na zbulon se kjo sinergji mbeti e till\u00eb edhe gjat\u00eb periudh\u00ebs 2001-2011, pra gjat\u00eb dekad\u00ebs s\u00eb dyt\u00eb t\u00eb emigrimit bashk\u00ebkohor t\u00eb shqiptar\u00ebve. Kur, jo vet\u00ebm zyrtarisht, por edhe nga studime serioze, deri tani ka qen\u00eb pranuar se fluksi migrator ka ardhur duke u moderuar. T\u00eb dh\u00ebnat e dy proceseve t\u00eb regjistrimit t\u00eb popullsis\u00eb na bindin se gjat\u00eb periudh\u00ebs prill 2001-tetor 2011, nga Shqip\u00ebria jan\u00eb larguar rreth 470 mij\u00eb persona.<\/p>\n<p>Fluksi mesatar i emigrimit t\u00eb shqiptar\u00ebve gjat\u00eb k\u00ebsaj periudhe ka qen\u00eb rreth 47 mij\u00eb persona n\u00eb vit, 4 500 persona n\u00eb muaj, 150 persona n\u00eb dit\u00eb. Pra, n\u00eb \u00e7do 12 minuta, nj\u00eb shqiptar vendos t\u00eb largohet nga Shqip\u00ebria (duhen rib\u00ebr\u00eb veprimet, se aritmetikisht m\u00eb del \u00e7do 12 minuta dhe tashm\u00eb k\u00ebt\u00eb e kemi th\u00ebn\u00eb disa here). Duhet t\u00eb shtojm\u00eb, nga Shqip\u00ebria e qeveris\u00eb, e cila \u201cfluturon\u201d, po t\u00eb kemi parasysh q\u00eb rreth 60 p\u00ebr qind e periudh\u00ebs midis dy censuseve \u00ebsht\u00eb qeverisur prej k\u00ebsaj shumice. Fluksi i emigrimit gjat\u00eb periudh\u00ebs 2005-2011 \u00ebsht\u00eb rritur, po t\u00eb kemi parasysh q\u00eb gjat\u00eb periudh\u00ebs 1991-2009 fluksi \u00ebsht\u00eb luhatur midis shifrave 30-44 mij\u00eb emigrant\u00eb n\u00eb vit. Fluksi mesatar i emigrimit gjat\u00eb periudh\u00ebs 2001-2011 tenton t\u00eb arrij\u00eb nivelim maksimal t\u00eb tij, regjistruar pas r\u00ebnies s\u00eb firmave piramidale, rreth 50 mij\u00eb emigrant\u00eb n\u00eb vit.<\/p>\n<p>Censusi konfirmoi konstatimet e ekspert\u00ebve mbi prirjen e emigrimit fem\u00ebror t\u00eb shqiptar\u00ebve. Gjat\u00eb periudh\u00ebs 2011-2011 jan\u00eb larguar nga vendi rreth 20 mij\u00eb gra m\u00eb shum\u00eb se burra. Kjo dukuri mund t\u00eb jet\u00eb pasoj\u00eb e liberalizimit t\u00eb legjislacionit t\u00eb vendeve prit\u00ebse p\u00ebr bashkimin familjar dhe i rritjes s\u00eb numrit t\u00eb vajzave q\u00eb studiojn\u00eb jasht\u00eb vendit.<\/p>\n<p>N\u00eb k\u00ebt\u00eb kontekst, mbajtja prej socialist\u00ebve e zotimit programor p\u00ebr t\u00eb garantuar rreth 75 mij\u00eb vendeve t\u00eb reja pune n\u00eb vit, mund t\u00eb arrij\u00eb moderimin e fluksit migrator. Sepse, arsyeja kryesore e emigrimit \u00ebsht\u00eb emigrimi p\u00ebr motive pune. Inercia e k\u00ebtij motivi shpjegon edhe sjelljen migruese t\u00eb popullsis\u00eb pas liberalizimit t\u00eb vizave. K\u00ebrsh\u00ebria p\u00ebr Per\u00ebndimin \u00ebsht\u00eb z\u00ebvend\u00ebsuar nga nevoja e gjetjes s\u00eb nj\u00eb vendi pune. Moderimi i fluksit do t\u00eb shoq\u00ebrohet nga nxitja e kthimit t\u00eb emigrant\u00ebve, e incentivuar financiarisht. Fakti \u00ebsht\u00eb q\u00eb kthimi dhe riintegrimi jan\u00eb n\u00eb fokusin e qeverisjes aktuale, por vet\u00ebm n\u00ebp\u00ebrmjet incentivash ligjor\u00eb dhe fiskal\u00eb. Mb\u00ebshtetja e sip\u00ebrmarrjeve t\u00eb emigrant\u00ebve t\u00eb suksessh\u00ebm k\u00ebrkon incentiva t\u00eb mir\u00ebfillt\u00eb financiar\u00eb, t\u00eb mobilizuara nga burime publike dhe private. T\u00eb vendit, por edhe t\u00eb vendeve prit\u00ebse e programeve komunitare. Kjo b\u00ebhen edhe m\u00eb emergjente, p\u00ebr shkak t\u00eb ndikimit t\u00eb kriz\u00ebs ekonomike n\u00eb rritjen e papun\u00ebsis\u00eb s\u00eb emigrant\u00ebve n\u00eb dy vendet kryesore prit\u00ebse, Greqi dhe Itali. Programi socialist dallon se n\u00eb vend t\u00eb premtimeve emocionale p\u00ebr emigrant\u00ebt, t\u00eb cilat nuk mbulojn\u00eb dot injorimin e tyre prej sh\u00ebrbimeve shtet\u00ebrore konsullore, ofron politika t\u00eb qarta dhe incentiva financiar\u00eb p\u00ebr mb\u00ebshtetjen e kthimit t\u00eb tyre t\u00eb suksessh\u00ebm.<\/p>\n<p><strong>Sinergjia midis migrimit t\u00eb brendsh\u00ebm dhe urbanizimit<\/strong><\/p>\n<p>Censusi tregon se, me p\u00ebrjashtim t\u00eb qarqeve t\u00eb Tiran\u00ebs dhe Durr\u00ebsit, dhjet\u00eb qarqet e tjer\u00eb kan\u00eb \u201chumbur\u201d popullsi t\u00eb konsiderueshme, nga -5 p\u00ebr qind Vlora, deri n\u00eb -34 p\u00ebr qind Gjirokastra dhe -28 p\u00ebr qind Dibra.<\/p>\n<p>N\u00ebse nuk llogarisim Gjirokastr\u00ebn, r\u00ebnia e popullsis\u00eb s\u00eb t\u00eb cil\u00ebs shpjegohet me fluksin e lart\u00eb migrator t\u00eb jasht\u00ebm, dhe Beratin, r\u00ebnia e popullsis\u00eb s\u00eb t\u00eb cilit shpjegohet me fluksin e lart\u00eb migrator t\u00eb brendsh\u00ebm dhe dukuri specifike p\u00ebr k\u00ebt\u00eb qark, v\u00ebrejm\u00eb se zona verilindore ka ritmet m\u00eb t\u00eb larta t\u00eb pak\u00ebsimit t\u00eb popullsis\u00eb, -28 p\u00ebr qind p\u00ebr Dibr\u00ebn dhe -24% p\u00ebr Kuk\u00ebsin.<\/p>\n<p>Prandaj, n\u00eb fokus t\u00eb Programit \u00ebsht\u00eb edhe ndryshimi i politikave p\u00ebr migrimin e brendsh\u00ebm. Shkujdesja, p\u00ebr t\u00eb mos th\u00ebn\u00eb pap\u00ebrgjegjshm\u00ebria, nj\u00ebzetvje\u00e7are: \u201cNjer\u00ebzit le t\u00eb shp\u00ebrngulen dhe qeveria t\u00eb b\u00ebj\u00eb \u00e7\u2019t\u00eb mundet\u201d, do t\u00eb z\u00ebvend\u00ebsohet nga vizioni paraprir\u00ebs i politikave p\u00ebr sinergjin\u00eb: migrim i brendsh\u00ebm-urbanizim. Shqip\u00ebria ka pasur ritmin m\u00eb t\u00eb lart\u00eb t\u00eb urbanizimit midis vendeve t\u00eb rajonit, rreth 2 p\u00ebr qind n\u00eb vit, krahasuar me Bosnje-Hercegovin\u00ebn 1.4, Serbin\u00eb 0.5, Kroacin\u00eb 0.4 etj. Kjo, p\u00ebr merit\u00eb t\u00eb asnj\u00eb qeverie. Por thjesht t\u00eb faktit q\u00eb fillimi i tranzicionit politik (dhe demografik) e gjeti Shqip\u00ebrin\u00eb me mbi dy t\u00eb tretat e popullsis\u00eb n\u00eb zonat rurale. P\u00ebr pasoj\u00eb, rreth 500 mij\u00eb njer\u00ebz u shp\u00ebrngul\u00ebn dhe jetojn\u00eb aktualisht n\u00eb nj\u00eb vend tjet\u00ebr nga ai i vitit 1990.<\/p>\n<p>Ritmet e urbanizimit nuk u jan\u00eb p\u00ebrgjigjur ritmeve t\u00eb migrimit t\u00eb brendsh\u00ebm. P\u00ebr sa koh\u00eb q\u00eb cil\u00ebsia e sh\u00ebrbimeve jet\u00ebsore baz\u00eb dhe e cil\u00ebsis\u00eb s\u00eb jet\u00ebs n\u00eb periferit\u00eb e qyteteve t\u00eb m\u00ebdha, enklavat ku jan\u00eb vendosur emigrant\u00ebt e brendsh\u00ebm, \u00ebsht\u00eb shum\u00eb e ul\u00ebt. Kjo popullat\u00eb ende nuk \u00ebsht\u00eb plot\u00ebsisht e njohur ligj\u00ebrisht nga shteti, p\u00ebr sa i p\u00ebrket mjaft sh\u00ebrbimeve jetike baz\u00eb. Por nj\u00eb pjes\u00eb e saj \u00ebsht\u00eb e privuar edhe nga sh\u00ebrbimet sociale. P\u00ebr shembull, legjislacioni p\u00ebr sh\u00ebrbimet sociale p\u00ebrjashton nga e drejta e p\u00ebrfitimit t\u00eb ndihm\u00ebs ekonomike familjet q\u00eb jan\u00eb shp\u00ebrngulur pas 1 gushtit 1991. Nd\u00ebrkoh\u00eb, nga kjo e drejt\u00eb jan\u00eb privuar edhe familjet e emigrant\u00ebve t\u00eb jasht\u00ebm, pavar\u00ebsisht statusit ose gjendjes s\u00eb tyre.<\/p>\n<p>Qeverit\u00eb nuk kan\u00eb mundur, m\u00eb keq akoma n\u00ebse nuk kan\u00eb ditur, t\u2019u paraprijn\u00eb proceseve t\u00eb migrimit t\u00eb brendsh\u00ebm n\u00ebp\u00ebrmjet investimeve paraprake. Pra, urbanizimi nuk i ka paraprir\u00eb migrimit. P\u00ebrkundrazi, duke nxitur n\u00eb m\u00ebnyr\u00eb t\u00eb t\u00ebrthort\u00eb ose shpesh edhe hapur shp\u00ebrnguljen e popullsis\u00eb, n\u00ebp\u00ebrmjet thirrjeve patetike: \u201cFytyr\u00ebn nga deti dhe qytetet e m\u00ebdha\u201d, qeverit\u00eb kan\u00eb \u201ckontribuar\u201d n\u00eb p\u00ebrkeq\u00ebsimin e kaosit urban dhe social n\u00eb periferi t\u00eb metropoleve. Pa realizuar investime serioze q\u00eb t\u00eb akomodojn\u00eb flukset e t\u00eb shp\u00ebrngulurve dhe duke thelluar kontrastet midis popullsis\u00eb s\u00eb ardhur dhe asaj ekzistuese. Popullsia e k\u00ebtyre enklavave \u00ebsht\u00eb par\u00eb si nj\u00eb \u201chambar\u201d votash, por jo si nj\u00eb \u201cofi\u00e7in\u00eb\u201d pune.<\/p>\n<p>Disa her\u00eb ka ndodhur q\u00eb kahja e investimeve ka qen\u00eb p\u00ebrkund\u00ebr kahes s\u00eb zhvendosjeve t\u00eb popullsis\u00eb. Prandaj, p\u00ebr t\u2019i ardhur m\u00eb mir\u00eb n\u00eb ndihm\u00eb popullsis\u00eb q\u00eb emigron brenda vendit, \u00ebsht\u00eb e nevojshme t\u00eb rishikohet portofoli i investimeve publike n\u00eb aspektin e shp\u00ebrndarjes territoriale t\u00eb tyre. P\u00ebr shembull, investimet n\u00eb infrastruktur\u00eb n\u00eb zonat malore nuk kan\u00eb moderuar fluksin e migrant\u00ebve nga k\u00ebto zona. P\u00ebrkundrazi, studimet, t\u00eb cilat jan\u00eb konfirmuar edhe nga t\u00eb dh\u00ebnat e para t\u00eb Censusit, tregojn\u00eb se fluksi i emigrimit nga zonat malore vjen duke u rritur. Popullsia e zonave malore p\u00ebrb\u00ebn m\u00eb pak se 11 p\u00ebr qind t\u00eb popullsis\u00eb, por ajo ka prodhuar m\u00eb shum\u00eb se 30 p\u00ebr qind t\u00eb emigrant\u00ebve t\u00eb brendsh\u00ebm. Pra, k\u00ebto investime, p\u00ebrve\u00e7se kan\u00eb rr\u00ebmbyer \u201cpjes\u00ebn e luanit\u201d t\u00eb investimeve publike, nuk kan\u00eb pasur asnj\u00eb ndikim n\u00eb bindjen e popullsis\u00eb q\u00eb t\u00eb vazhdoj\u00eb t\u00eb jetoj\u00eb n\u00eb k\u00ebto zona.<\/p>\n","protected":false},"excerpt":{"rendered":"<p>Tranzicioni demografik n\u00eb programin socialist Ilir Beqja, Kosta Barjaba, 18.01.2012 Paralel me tranzicionin politik dhe ekonomik, Shqip\u00ebria po p\u00ebrjeton edhe nj\u00eb tranzicion demografik. Ky proces filloi n\u00eb kushtet kur Shqip\u00ebria, ndryshe nga mjaft vende t\u00eb rajonit, zot\u00ebronte nj\u00eb \u201cdhurat\u00eb\u201d demografike. Kjo \u201cdhurat\u00eb\u201d mund t\u00eb mbetej e till\u00eb, por mund t\u00eb shnd\u00ebrrohej edhe n\u00eb nj\u00eb rrezik [&hellip;]<\/p>\n","protected":false},"author":1,"featured_media":0,"comment_status":"open","ping_status":"closed","sticky":false,"template":"","format":"standard","meta":{"footnotes":""},"categories":[2],"tags":[],"class_list":{"0":"post-1222","1":"post","2":"type-post","3":"status-publish","4":"format-standard","6":"category-artikuj"},"yoast_head":"<!-- This site is optimized with the Yoast SEO plugin v27.4 - https:\/\/yoast.com\/product\/yoast-seo-wordpress\/ -->\n<title>\u201cJo\u201d Shqip\u00ebris\u00eb q\u00eb ik\u00ebn, mpaket dhe plaket - FjALA e LIR\u00cb - Arkivi<\/title>\n<meta name=\"robots\" content=\"index, follow, max-snippet:-1, max-image-preview:large, max-video-preview:-1\" \/>\n<link rel=\"canonical\" href=\"https:\/\/fjala.info\/2009-2015\/jo-shqiperise-qe-iken-mpaket-dhe-plaket\/\" \/>\n<meta property=\"og:locale\" content=\"sq_AL\" \/>\n<meta property=\"og:type\" content=\"article\" \/>\n<meta property=\"og:title\" content=\"\u201cJo\u201d Shqip\u00ebris\u00eb q\u00eb ik\u00ebn, mpaket dhe plaket - FjALA e LIR\u00cb - Arkivi\" \/>\n<meta property=\"og:description\" content=\"Tranzicioni demografik n\u00eb programin socialist Ilir Beqja, Kosta Barjaba, 18.01.2012 Paralel me tranzicionin politik dhe ekonomik, Shqip\u00ebria po p\u00ebrjeton edhe nj\u00eb tranzicion demografik. Ky proces filloi n\u00eb kushtet kur Shqip\u00ebria, ndryshe nga mjaft vende t\u00eb rajonit, zot\u00ebronte nj\u00eb \u201cdhurat\u00eb\u201d demografike. Kjo \u201cdhurat\u00eb\u201d mund t\u00eb mbetej e till\u00eb, por mund t\u00eb shnd\u00ebrrohej edhe n\u00eb nj\u00eb rrezik [&hellip;]\" \/>\n<meta property=\"og:url\" content=\"https:\/\/fjala.info\/2009-2015\/jo-shqiperise-qe-iken-mpaket-dhe-plaket\/\" \/>\n<meta property=\"og:site_name\" content=\"FjALA e LIR\u00cb - Arkivi\" \/>\n<meta property=\"article:published_time\" content=\"2012-01-18T08:49:00+00:00\" \/>\n<meta name=\"author\" content=\"admin\" \/>\n<meta name=\"twitter:card\" content=\"summary_large_image\" \/>\n<meta name=\"twitter:label1\" content=\"Written by\" \/>\n\t<meta name=\"twitter:data1\" content=\"admin\" \/>\n\t<meta name=\"twitter:label2\" content=\"Est. reading time\" \/>\n\t<meta name=\"twitter:data2\" content=\"9 minutes\" \/>\n<script type=\"application\/ld+json\" class=\"yoast-schema-graph\">{\"@context\":\"https:\\\/\\\/schema.org\",\"@graph\":[{\"@type\":\"Article\",\"@id\":\"https:\\\/\\\/fjala.info\\\/2009-2015\\\/jo-shqiperise-qe-iken-mpaket-dhe-plaket\\\/#article\",\"isPartOf\":{\"@id\":\"https:\\\/\\\/fjala.info\\\/2009-2015\\\/jo-shqiperise-qe-iken-mpaket-dhe-plaket\\\/\"},\"author\":{\"name\":\"admin\",\"@id\":\"https:\\\/\\\/fjala.info\\\/2009-2015\\\/#\\\/schema\\\/person\\\/3aa1163ef05469c496fc94e77611ada2\"},\"headline\":\"\u201cJo\u201d Shqip\u00ebris\u00eb q\u00eb ik\u00ebn, mpaket dhe plaket\",\"datePublished\":\"2012-01-18T08:49:00+00:00\",\"mainEntityOfPage\":{\"@id\":\"https:\\\/\\\/fjala.info\\\/2009-2015\\\/jo-shqiperise-qe-iken-mpaket-dhe-plaket\\\/\"},\"wordCount\":1743,\"commentCount\":0,\"publisher\":{\"@id\":\"https:\\\/\\\/fjala.info\\\/2009-2015\\\/#organization\"},\"articleSection\":[\"Artikuj\"],\"inLanguage\":\"sq-AL\",\"potentialAction\":[{\"@type\":\"CommentAction\",\"name\":\"Comment\",\"target\":[\"https:\\\/\\\/fjala.info\\\/2009-2015\\\/jo-shqiperise-qe-iken-mpaket-dhe-plaket\\\/#respond\"]}]},{\"@type\":\"WebPage\",\"@id\":\"https:\\\/\\\/fjala.info\\\/2009-2015\\\/jo-shqiperise-qe-iken-mpaket-dhe-plaket\\\/\",\"url\":\"https:\\\/\\\/fjala.info\\\/2009-2015\\\/jo-shqiperise-qe-iken-mpaket-dhe-plaket\\\/\",\"name\":\"\u201cJo\u201d Shqip\u00ebris\u00eb q\u00eb ik\u00ebn, mpaket dhe plaket - FjALA e LIR\u00cb - Arkivi\",\"isPartOf\":{\"@id\":\"https:\\\/\\\/fjala.info\\\/2009-2015\\\/#website\"},\"datePublished\":\"2012-01-18T08:49:00+00:00\",\"breadcrumb\":{\"@id\":\"https:\\\/\\\/fjala.info\\\/2009-2015\\\/jo-shqiperise-qe-iken-mpaket-dhe-plaket\\\/#breadcrumb\"},\"inLanguage\":\"sq-AL\",\"potentialAction\":[{\"@type\":\"ReadAction\",\"target\":[\"https:\\\/\\\/fjala.info\\\/2009-2015\\\/jo-shqiperise-qe-iken-mpaket-dhe-plaket\\\/\"]}]},{\"@type\":\"BreadcrumbList\",\"@id\":\"https:\\\/\\\/fjala.info\\\/2009-2015\\\/jo-shqiperise-qe-iken-mpaket-dhe-plaket\\\/#breadcrumb\",\"itemListElement\":[{\"@type\":\"ListItem\",\"position\":1,\"name\":\"Home\",\"item\":\"https:\\\/\\\/fjala.info\\\/2009-2015\\\/\"},{\"@type\":\"ListItem\",\"position\":2,\"name\":\"\u201cJo\u201d Shqip\u00ebris\u00eb q\u00eb ik\u00ebn, mpaket dhe plaket\"}]},{\"@type\":\"WebSite\",\"@id\":\"https:\\\/\\\/fjala.info\\\/2009-2015\\\/#website\",\"url\":\"https:\\\/\\\/fjala.info\\\/2009-2015\\\/\",\"name\":\"FjALA e LIR\u00cb - Arkivi\",\"description\":\"Arkivi 2009-2015\",\"publisher\":{\"@id\":\"https:\\\/\\\/fjala.info\\\/2009-2015\\\/#organization\"},\"potentialAction\":[{\"@type\":\"SearchAction\",\"target\":{\"@type\":\"EntryPoint\",\"urlTemplate\":\"https:\\\/\\\/fjala.info\\\/2009-2015\\\/?s={search_term_string}\"},\"query-input\":{\"@type\":\"PropertyValueSpecification\",\"valueRequired\":true,\"valueName\":\"search_term_string\"}}],\"inLanguage\":\"sq-AL\"},{\"@type\":\"Organization\",\"@id\":\"https:\\\/\\\/fjala.info\\\/2009-2015\\\/#organization\",\"name\":\"FjALA e LIR\u00cb - Arkivi\",\"url\":\"https:\\\/\\\/fjala.info\\\/2009-2015\\\/\",\"logo\":{\"@type\":\"ImageObject\",\"inLanguage\":\"sq-AL\",\"@id\":\"https:\\\/\\\/fjala.info\\\/2009-2015\\\/#\\\/schema\\\/logo\\\/image\\\/\",\"url\":\"\",\"contentUrl\":\"\",\"caption\":\"FjALA e LIR\u00cb - Arkivi\"},\"image\":{\"@id\":\"https:\\\/\\\/fjala.info\\\/2009-2015\\\/#\\\/schema\\\/logo\\\/image\\\/\"}},{\"@type\":\"Person\",\"@id\":\"https:\\\/\\\/fjala.info\\\/2009-2015\\\/#\\\/schema\\\/person\\\/3aa1163ef05469c496fc94e77611ada2\",\"name\":\"admin\",\"image\":{\"@type\":\"ImageObject\",\"inLanguage\":\"sq-AL\",\"@id\":\"https:\\\/\\\/fjala.info\\\/2009-2015\\\/wp-content\\\/uploads\\\/2012\\\/02\\\/arben_cokaj-120x150.jpg\",\"url\":\"https:\\\/\\\/fjala.info\\\/2009-2015\\\/wp-content\\\/uploads\\\/2012\\\/02\\\/arben_cokaj-120x150.jpg\",\"contentUrl\":\"https:\\\/\\\/fjala.info\\\/2009-2015\\\/wp-content\\\/uploads\\\/2012\\\/02\\\/arben_cokaj-120x150.jpg\",\"caption\":\"admin\"},\"description\":\"Admin, Fjala e Lir\u00eb\",\"sameAs\":[\"https:\\\/\\\/fjala.info\\\/\"],\"url\":\"https:\\\/\\\/fjala.info\\\/2009-2015\\\/author\\\/admin\\\/\"}]}<\/script>\n<!-- \/ Yoast SEO plugin. -->","yoast_head_json":{"title":"\u201cJo\u201d Shqip\u00ebris\u00eb q\u00eb ik\u00ebn, mpaket dhe plaket - FjALA e LIR\u00cb - Arkivi","robots":{"index":"index","follow":"follow","max-snippet":"max-snippet:-1","max-image-preview":"max-image-preview:large","max-video-preview":"max-video-preview:-1"},"canonical":"https:\/\/fjala.info\/2009-2015\/jo-shqiperise-qe-iken-mpaket-dhe-plaket\/","og_locale":"sq_AL","og_type":"article","og_title":"\u201cJo\u201d Shqip\u00ebris\u00eb q\u00eb ik\u00ebn, mpaket dhe plaket - FjALA e LIR\u00cb - Arkivi","og_description":"Tranzicioni demografik n\u00eb programin socialist Ilir Beqja, Kosta Barjaba, 18.01.2012 Paralel me tranzicionin politik dhe ekonomik, Shqip\u00ebria po p\u00ebrjeton edhe nj\u00eb tranzicion demografik. Ky proces filloi n\u00eb kushtet kur Shqip\u00ebria, ndryshe nga mjaft vende t\u00eb rajonit, zot\u00ebronte nj\u00eb \u201cdhurat\u00eb\u201d demografike. Kjo \u201cdhurat\u00eb\u201d mund t\u00eb mbetej e till\u00eb, por mund t\u00eb shnd\u00ebrrohej edhe n\u00eb nj\u00eb rrezik [&hellip;]","og_url":"https:\/\/fjala.info\/2009-2015\/jo-shqiperise-qe-iken-mpaket-dhe-plaket\/","og_site_name":"FjALA e LIR\u00cb - Arkivi","article_published_time":"2012-01-18T08:49:00+00:00","author":"admin","twitter_card":"summary_large_image","twitter_misc":{"Written by":"admin","Est. reading time":"9 minutes"},"schema":{"@context":"https:\/\/schema.org","@graph":[{"@type":"Article","@id":"https:\/\/fjala.info\/2009-2015\/jo-shqiperise-qe-iken-mpaket-dhe-plaket\/#article","isPartOf":{"@id":"https:\/\/fjala.info\/2009-2015\/jo-shqiperise-qe-iken-mpaket-dhe-plaket\/"},"author":{"name":"admin","@id":"https:\/\/fjala.info\/2009-2015\/#\/schema\/person\/3aa1163ef05469c496fc94e77611ada2"},"headline":"\u201cJo\u201d Shqip\u00ebris\u00eb q\u00eb ik\u00ebn, mpaket dhe plaket","datePublished":"2012-01-18T08:49:00+00:00","mainEntityOfPage":{"@id":"https:\/\/fjala.info\/2009-2015\/jo-shqiperise-qe-iken-mpaket-dhe-plaket\/"},"wordCount":1743,"commentCount":0,"publisher":{"@id":"https:\/\/fjala.info\/2009-2015\/#organization"},"articleSection":["Artikuj"],"inLanguage":"sq-AL","potentialAction":[{"@type":"CommentAction","name":"Comment","target":["https:\/\/fjala.info\/2009-2015\/jo-shqiperise-qe-iken-mpaket-dhe-plaket\/#respond"]}]},{"@type":"WebPage","@id":"https:\/\/fjala.info\/2009-2015\/jo-shqiperise-qe-iken-mpaket-dhe-plaket\/","url":"https:\/\/fjala.info\/2009-2015\/jo-shqiperise-qe-iken-mpaket-dhe-plaket\/","name":"\u201cJo\u201d Shqip\u00ebris\u00eb q\u00eb ik\u00ebn, mpaket dhe plaket - FjALA e LIR\u00cb - Arkivi","isPartOf":{"@id":"https:\/\/fjala.info\/2009-2015\/#website"},"datePublished":"2012-01-18T08:49:00+00:00","breadcrumb":{"@id":"https:\/\/fjala.info\/2009-2015\/jo-shqiperise-qe-iken-mpaket-dhe-plaket\/#breadcrumb"},"inLanguage":"sq-AL","potentialAction":[{"@type":"ReadAction","target":["https:\/\/fjala.info\/2009-2015\/jo-shqiperise-qe-iken-mpaket-dhe-plaket\/"]}]},{"@type":"BreadcrumbList","@id":"https:\/\/fjala.info\/2009-2015\/jo-shqiperise-qe-iken-mpaket-dhe-plaket\/#breadcrumb","itemListElement":[{"@type":"ListItem","position":1,"name":"Home","item":"https:\/\/fjala.info\/2009-2015\/"},{"@type":"ListItem","position":2,"name":"\u201cJo\u201d Shqip\u00ebris\u00eb q\u00eb ik\u00ebn, mpaket dhe plaket"}]},{"@type":"WebSite","@id":"https:\/\/fjala.info\/2009-2015\/#website","url":"https:\/\/fjala.info\/2009-2015\/","name":"FjALA e LIR\u00cb - Arkivi","description":"Arkivi 2009-2015","publisher":{"@id":"https:\/\/fjala.info\/2009-2015\/#organization"},"potentialAction":[{"@type":"SearchAction","target":{"@type":"EntryPoint","urlTemplate":"https:\/\/fjala.info\/2009-2015\/?s={search_term_string}"},"query-input":{"@type":"PropertyValueSpecification","valueRequired":true,"valueName":"search_term_string"}}],"inLanguage":"sq-AL"},{"@type":"Organization","@id":"https:\/\/fjala.info\/2009-2015\/#organization","name":"FjALA e LIR\u00cb - Arkivi","url":"https:\/\/fjala.info\/2009-2015\/","logo":{"@type":"ImageObject","inLanguage":"sq-AL","@id":"https:\/\/fjala.info\/2009-2015\/#\/schema\/logo\/image\/","url":"","contentUrl":"","caption":"FjALA e LIR\u00cb - Arkivi"},"image":{"@id":"https:\/\/fjala.info\/2009-2015\/#\/schema\/logo\/image\/"}},{"@type":"Person","@id":"https:\/\/fjala.info\/2009-2015\/#\/schema\/person\/3aa1163ef05469c496fc94e77611ada2","name":"admin","image":{"@type":"ImageObject","inLanguage":"sq-AL","@id":"https:\/\/fjala.info\/2009-2015\/wp-content\/uploads\/2012\/02\/arben_cokaj-120x150.jpg","url":"https:\/\/fjala.info\/2009-2015\/wp-content\/uploads\/2012\/02\/arben_cokaj-120x150.jpg","contentUrl":"https:\/\/fjala.info\/2009-2015\/wp-content\/uploads\/2012\/02\/arben_cokaj-120x150.jpg","caption":"admin"},"description":"Admin, Fjala e Lir\u00eb","sameAs":["https:\/\/fjala.info\/"],"url":"https:\/\/fjala.info\/2009-2015\/author\/admin\/"}]}},"_links":{"self":[{"href":"https:\/\/fjala.info\/2009-2015\/wp-json\/wp\/v2\/posts\/1222","targetHints":{"allow":["GET"]}}],"collection":[{"href":"https:\/\/fjala.info\/2009-2015\/wp-json\/wp\/v2\/posts"}],"about":[{"href":"https:\/\/fjala.info\/2009-2015\/wp-json\/wp\/v2\/types\/post"}],"author":[{"embeddable":true,"href":"https:\/\/fjala.info\/2009-2015\/wp-json\/wp\/v2\/users\/1"}],"replies":[{"embeddable":true,"href":"https:\/\/fjala.info\/2009-2015\/wp-json\/wp\/v2\/comments?post=1222"}],"version-history":[{"count":0,"href":"https:\/\/fjala.info\/2009-2015\/wp-json\/wp\/v2\/posts\/1222\/revisions"}],"wp:attachment":[{"href":"https:\/\/fjala.info\/2009-2015\/wp-json\/wp\/v2\/media?parent=1222"}],"wp:term":[{"taxonomy":"category","embeddable":true,"href":"https:\/\/fjala.info\/2009-2015\/wp-json\/wp\/v2\/categories?post=1222"},{"taxonomy":"post_tag","embeddable":true,"href":"https:\/\/fjala.info\/2009-2015\/wp-json\/wp\/v2\/tags?post=1222"}],"curies":[{"name":"wp","href":"https:\/\/api.w.org\/{rel}","templated":true}]}}