{"id":122,"date":"2014-01-07T08:58:24","date_gmt":"2014-01-07T07:58:24","guid":{"rendered":"http:\/\/www.fjala.info\/?p=122"},"modified":"2014-01-07T08:58:24","modified_gmt":"2014-01-07T07:58:24","slug":"kur-duhen-pergezuar-policet-qe-vrasin","status":"publish","type":"post","link":"https:\/\/fjala.info\/2009-2015\/kur-duhen-pergezuar-policet-qe-vrasin\/","title":{"rendered":"Kur duhen p\u00ebrg\u00ebzuar polic\u00ebt q\u00eb vrasin!"},"content":{"rendered":"<p><img decoding=\"async\" class=\"alignright size-thumbnail wp-image-7236\" title=\"Mero Baze\" alt=\"\" src=\"http:\/\/www.fjala.info\/2012\/mero_baze.jpg\" width=\"150\" \/> Nga <strong>Mero Baze<\/strong><\/p>\n<p>E mbani mend Sali Berish\u00ebn, Lulzim Bash\u00ebn dhe Ndrea Prendin m\u00eb 23 janar t\u00eb vitit 2011. N\u00eb nj\u00eb sall\u00eb t\u00eb ftoht\u00eb, t\u00eb improvizuar me urgjenc\u00eb n\u00eb nj\u00eb repart t\u00eb Gard\u00ebs n\u00eb Tiran\u00eb, nj\u00ebri i k\u00ebrrusur nga pesha e krimit, tjetri i nxir\u00eb nga akti i krimit, dhe i treti i trembur q\u00eb ishte pjes\u00eb e krimit, mblodh\u00ebn disa gardist\u00eb t\u00eb trembur p\u00ebr t\u2019i dekoruar dhe p\u00ebr t\u2019i shp\u00ebrblyer. E b\u00ebn\u00eb me aq zell dhe gjakftoht\u00ebsi k\u00ebt\u00eb, kur kufomat sapo kishin zbritur n\u00ebn tok\u00eb, sa dukej q\u00eb mezi kishin pritur nj\u00eb dit\u00eb q\u00eb t\u00eb vrisnin. Po dekoronin dhe inkurajonin polic\u00eb dhe oficer\u00eb garde q\u00eb kishin vrar\u00eb kat\u00ebr qytetar\u00eb t\u00eb pafajsh\u00ebm, t\u00eb paarmatosur, t\u00eb parreziksh\u00ebm dhe t\u00eb pambrojtur n\u00eb mes t\u00eb bulevardit vet\u00ebm pse protestonin.<\/p>\n<p>N\u00eb katin e p\u00ebrg\u00ebzimit t\u00eb tyre kishte aq shum\u00eb ciniz\u00ebm dhe aq shum\u00eb mesazhe kund\u00ebr liris\u00eb dhe ligjit n\u00eb k\u00ebt\u00eb vend, sa nuk besoj se do t\u00eb ket\u00eb ndoshta m\u00eb kurr\u00eb n\u00ebse ky vend nuk rr\u00ebshqet n\u00eb diktatur\u00eb. P\u00ebrg\u00ebzonin njer\u00ebz q\u00eb nuk donin t\u00eb p\u00ebrg\u00ebzoheshin. Dekoronin oficer\u00eb garde q\u00eb fshihnin fytyr\u00ebn se nuk donin t\u00eb njiheshin. Inkurajonin vrasje t\u00eb qytetar\u00ebve tek njer\u00ebz q\u00eb nuk donin t\u00eb vrisnin qytetar\u00eb. Dhe e gjitha b\u00ebhej n\u00eb em\u00ebr t\u00eb k\u00ebrc\u00ebnimit dhe frik\u00ebsimit t\u00eb qytetar\u00ebve q\u00eb t\u00eb mos k\u00ebrkonin m\u00eb t\u00eb protestonin dhe t\u00eb dilnin n\u00eb sheshe kund\u00ebr pushtetit.<\/p>\n<p>N\u00eb k\u00ebt\u00eb fillim janari, dy prej k\u00ebtyre tre fytyrave po dalin p\u00ebrdit\u00eb dhe po i k\u00ebrkojn\u00eb llogari Saimir Tahirit p\u00ebrse ka p\u00ebrg\u00ebzuar polic\u00ebt q\u00eb kan\u00eb asgj\u00ebsuar nj\u00eb qytetar t\u00eb armatosur, q\u00eb ka q\u00eblluar mbi nj\u00eb polic p\u00ebr motive kriminale, dhe q\u00eb \u00ebsht\u00eb betuar n\u00eb telefon se nuk dor\u00ebzohet pa vrar\u00eb disa polic\u00eb. \u00cbsht\u00eb nj\u00eb rast klasik i p\u00ebrplasjes s\u00eb shtetit me krimin, ku ka fituar shteti.<\/p>\n<p>K\u00ebta fytyra, q\u00eb kan\u00eb p\u00ebrg\u00ebzuar polic\u00eb dhe kapter\u00eb pse kan\u00eb vrar\u00eb qytetar\u00eb t\u00eb pafajsh\u00ebm dhe t\u00eb paarmatosur, q\u00eb kishin dal\u00eb n\u00eb shesh t\u00eb protestonin kund\u00ebr pushtetit, tani i k\u00ebrkojn\u00eb llogari Ministrit t\u00eb Brendsh\u00ebm p\u00ebrse p\u00ebrg\u00ebzon polic\u00ebt q\u00eb n\u00eb p\u00ebrballjen me nj\u00eb njeri t\u00eb armatosur, t\u00eb betuar p\u00ebr t\u00eb vrar\u00eb polic\u00eb, ka mbrojtur dhe p\u00ebrg\u00ebzuar polic\u00ebt.<\/p>\n<p>Ky n\u00eb fakt \u00ebsht\u00eb dallimi thelb\u00ebsor mes Sali Berish\u00ebs dhe pushtetit t\u00eb tij, ku p\u00ebrfshihet dhe Lulzim Basha, dhe ekipit t\u00eb ri q\u00eb qeveris vendin. Polic\u00ebt jan\u00eb po ata, kriminel\u00ebt n\u00eb rrug\u00eb jan\u00eb po ata, qytetar\u00ebt n\u00eb rrug\u00eb jan\u00eb po ata. E vetmja gj\u00eb q\u00eb ka ndryshuar \u00ebsht\u00eb se tani kemi nj\u00eb polici, e cila asgj\u00ebson nj\u00eb kriminel t\u00eb armatosur dhe merr p\u00ebrg\u00ebzime nga pushteti, nd\u00ebrsa tre vjet m\u00eb par\u00eb, n\u00eb janar t\u00eb vitit 2011 kishim nj\u00eb polici dhe gard\u00eb, q\u00eb asgj\u00ebsonte qytetar\u00eb t\u00eb paarmatosur, t\u00eb parreziksh\u00ebm dhe t\u00eb pambrojtur, vet\u00ebm se rrezikonin pushtetin me protesta, dhe dekoroheshin nga regjimi.<\/p>\n<p>Kjo \u00ebsht\u00eb nj\u00eb diferenc\u00eb, e cila tejkalon detajet teknike dhe b\u00ebn diferenc\u00ebn mes nj\u00eb pushteti q\u00eb sillet si regjim kund\u00ebr qytetar\u00ebve dhe nj\u00eb pushteti, q\u00eb sillet si sh\u00ebrb\u00ebtor n\u00eb mbrojtje t\u00eb interesave t\u00eb qytetar\u00ebve nga krimi.<\/p>\n<p>Sali Berisha dhe Lulzim Basha kan\u00eb p\u00ebrg\u00ebzuar polic\u00eb dhe kapter\u00eb pse kan\u00eb vrar\u00eb qytetar\u00ebt q\u00eb rrezikonin pushtetin e tyre, nd\u00ebrsa Saimir Tahiri ka p\u00ebrg\u00ebzuar polic\u00ebt q\u00eb kan\u00eb mbrojtur qytetar\u00ebt nga krimi dhe p\u00ebrplasja e krimit me shtetin.<\/p>\n<p>Reagimi i Berish\u00ebs dhe Bash\u00ebs n\u00eb k\u00ebt\u00eb rast \u00ebsht\u00eb instiktiv dhe buron nga bindja e tyre e sinqert\u00eb se pushteti mund t\u00eb vras\u00eb vet\u00ebm kur rrezikohet pushteti dhe jo p\u00ebr interes t\u00eb rendit dhe ligjit.<\/p>\n<p>Nga ana tjet\u00ebr, Berisha dhe Basha duan t\u00eb japin dhe nj\u00eb mesazh popullor p\u00ebr krimin, i cili n\u00ebse vepron, ka mb\u00ebshtetjen e tyre. Ata duan q\u00eb kushdo, i cili ka iniciativ\u00eb t\u2019i kund\u00ebrvihet shtetit, t\u00eb vras\u00eb polic\u00eb dhe t\u00eb b\u00ebhet nj\u00eb Robin Hud shqiptar, t\u00eb jet\u00eb n\u00ebn garancin\u00eb e tyre se nuk do t\u00eb preket.<\/p>\n<p>Strategjia patetike e Berish\u00ebs p\u00ebr \u201cp\u00ebrmbysje\u201d dhe \u201crr\u00ebzim\u201d bazohet pik\u00ebrisht tek gjeste t\u00eb tilla, t\u00eb daljes n\u00eb krah t\u00eb atyre q\u00eb vrasin polic\u00eb dhe sulm mbi qeverin\u00eb q\u00eb mbron shtetin ligjor.<\/p>\n<p>\u00cbsht\u00eb n\u00eb t\u00eb v\u00ebrtet\u00eb nj\u00eb panoram\u00eb klasike se si politika k\u00ebrkon t\u00eb b\u00ebhet mburoj\u00eb e krimit dhe t\u00eb mund\u00eb me t\u00eb shtetin, duke synuar pushtetin. Por \u00ebsht\u00eb nga ana tjet\u00ebr dhe nj\u00eb motiv m\u00eb shum\u00eb p\u00ebr t\u2019i prer\u00eb krah\u00ebt krimit dhe p\u00ebr ta izoluar at\u00eb nga p\u00ebrkrahja politike. \u00cbsht\u00eb koha q\u00eb Berisha t\u00eb ekspozohet si\u00e7 po ekspozohet, vet\u00ebm n\u00eb an\u00ebn e kriminel\u00ebve. \u00cbsht\u00eb diferenca reale mes rastit kur duhen p\u00ebrg\u00ebzuar polic\u00eb q\u00eb q\u00ebllojn\u00eb mbi krimin dhe rastit kur Berisha e Basha mbronin nj\u00eb krim politik duke p\u00ebrg\u00ebzuar gardist\u00eb q\u00eb kishin vrar\u00eb qytetar\u00eb.<\/p>\n","protected":false},"excerpt":{"rendered":"<p>Nga Mero Baze E mbani mend Sali Berish\u00ebn, Lulzim Bash\u00ebn dhe Ndrea Prendin m\u00eb 23 janar t\u00eb vitit 2011. N\u00eb nj\u00eb sall\u00eb t\u00eb ftoht\u00eb, t\u00eb improvizuar me urgjenc\u00eb n\u00eb nj\u00eb repart t\u00eb Gard\u00ebs n\u00eb Tiran\u00eb, nj\u00ebri i k\u00ebrrusur nga pesha e krimit, tjetri i nxir\u00eb nga akti i krimit, dhe i treti i trembur q\u00eb [&hellip;]<\/p>\n","protected":false},"author":1,"featured_media":0,"comment_status":"open","ping_status":"closed","sticky":false,"template":"","format":"standard","meta":{"footnotes":""},"categories":[2],"tags":[],"class_list":{"0":"post-122","1":"post","2":"type-post","3":"status-publish","4":"format-standard","6":"category-artikuj"},"yoast_head":"<!-- This site is optimized with the Yoast SEO plugin v27.4 - https:\/\/yoast.com\/product\/yoast-seo-wordpress\/ -->\n<title>Kur duhen p\u00ebrg\u00ebzuar polic\u00ebt q\u00eb vrasin! - FjALA e LIR\u00cb - Arkivi<\/title>\n<meta name=\"robots\" content=\"index, follow, max-snippet:-1, max-image-preview:large, max-video-preview:-1\" \/>\n<link rel=\"canonical\" href=\"https:\/\/fjala.info\/2009-2015\/kur-duhen-pergezuar-policet-qe-vrasin\/\" \/>\n<meta property=\"og:locale\" content=\"sq_AL\" \/>\n<meta property=\"og:type\" content=\"article\" \/>\n<meta property=\"og:title\" content=\"Kur duhen p\u00ebrg\u00ebzuar polic\u00ebt q\u00eb vrasin! - FjALA e LIR\u00cb - Arkivi\" \/>\n<meta property=\"og:description\" content=\"Nga Mero Baze E mbani mend Sali Berish\u00ebn, Lulzim Bash\u00ebn dhe Ndrea Prendin m\u00eb 23 janar t\u00eb vitit 2011. N\u00eb nj\u00eb sall\u00eb t\u00eb ftoht\u00eb, t\u00eb improvizuar me urgjenc\u00eb n\u00eb nj\u00eb repart t\u00eb Gard\u00ebs n\u00eb Tiran\u00eb, nj\u00ebri i k\u00ebrrusur nga pesha e krimit, tjetri i nxir\u00eb nga akti i krimit, dhe i treti i trembur q\u00eb [&hellip;]\" \/>\n<meta property=\"og:url\" content=\"https:\/\/fjala.info\/2009-2015\/kur-duhen-pergezuar-policet-qe-vrasin\/\" \/>\n<meta property=\"og:site_name\" content=\"FjALA e LIR\u00cb - Arkivi\" \/>\n<meta property=\"article:published_time\" content=\"2014-01-07T07:58:24+00:00\" \/>\n<meta property=\"og:image\" content=\"http:\/\/www.fjala.info\/2012\/mero_baze.jpg\" \/>\n<meta name=\"author\" content=\"admin\" \/>\n<meta name=\"twitter:card\" content=\"summary_large_image\" \/>\n<meta name=\"twitter:label1\" content=\"Written by\" \/>\n\t<meta name=\"twitter:data1\" content=\"admin\" \/>\n\t<meta name=\"twitter:label2\" content=\"Est. reading time\" \/>\n\t<meta name=\"twitter:data2\" content=\"4 minutes\" \/>\n<script type=\"application\/ld+json\" class=\"yoast-schema-graph\">{\"@context\":\"https:\\\/\\\/schema.org\",\"@graph\":[{\"@type\":\"Article\",\"@id\":\"https:\\\/\\\/fjala.info\\\/2009-2015\\\/kur-duhen-pergezuar-policet-qe-vrasin\\\/#article\",\"isPartOf\":{\"@id\":\"https:\\\/\\\/fjala.info\\\/2009-2015\\\/kur-duhen-pergezuar-policet-qe-vrasin\\\/\"},\"author\":{\"name\":\"admin\",\"@id\":\"https:\\\/\\\/fjala.info\\\/2009-2015\\\/#\\\/schema\\\/person\\\/3aa1163ef05469c496fc94e77611ada2\"},\"headline\":\"Kur duhen p\u00ebrg\u00ebzuar polic\u00ebt q\u00eb vrasin!\",\"datePublished\":\"2014-01-07T07:58:24+00:00\",\"mainEntityOfPage\":{\"@id\":\"https:\\\/\\\/fjala.info\\\/2009-2015\\\/kur-duhen-pergezuar-policet-qe-vrasin\\\/\"},\"wordCount\":868,\"commentCount\":0,\"publisher\":{\"@id\":\"https:\\\/\\\/fjala.info\\\/2009-2015\\\/#organization\"},\"image\":{\"@id\":\"https:\\\/\\\/fjala.info\\\/2009-2015\\\/kur-duhen-pergezuar-policet-qe-vrasin\\\/#primaryimage\"},\"thumbnailUrl\":\"http:\\\/\\\/www.fjala.info\\\/2012\\\/mero_baze.jpg\",\"articleSection\":[\"Artikuj\"],\"inLanguage\":\"sq-AL\",\"potentialAction\":[{\"@type\":\"CommentAction\",\"name\":\"Comment\",\"target\":[\"https:\\\/\\\/fjala.info\\\/2009-2015\\\/kur-duhen-pergezuar-policet-qe-vrasin\\\/#respond\"]}]},{\"@type\":\"WebPage\",\"@id\":\"https:\\\/\\\/fjala.info\\\/2009-2015\\\/kur-duhen-pergezuar-policet-qe-vrasin\\\/\",\"url\":\"https:\\\/\\\/fjala.info\\\/2009-2015\\\/kur-duhen-pergezuar-policet-qe-vrasin\\\/\",\"name\":\"Kur duhen p\u00ebrg\u00ebzuar polic\u00ebt q\u00eb vrasin! - FjALA e LIR\u00cb - Arkivi\",\"isPartOf\":{\"@id\":\"https:\\\/\\\/fjala.info\\\/2009-2015\\\/#website\"},\"primaryImageOfPage\":{\"@id\":\"https:\\\/\\\/fjala.info\\\/2009-2015\\\/kur-duhen-pergezuar-policet-qe-vrasin\\\/#primaryimage\"},\"image\":{\"@id\":\"https:\\\/\\\/fjala.info\\\/2009-2015\\\/kur-duhen-pergezuar-policet-qe-vrasin\\\/#primaryimage\"},\"thumbnailUrl\":\"http:\\\/\\\/www.fjala.info\\\/2012\\\/mero_baze.jpg\",\"datePublished\":\"2014-01-07T07:58:24+00:00\",\"breadcrumb\":{\"@id\":\"https:\\\/\\\/fjala.info\\\/2009-2015\\\/kur-duhen-pergezuar-policet-qe-vrasin\\\/#breadcrumb\"},\"inLanguage\":\"sq-AL\",\"potentialAction\":[{\"@type\":\"ReadAction\",\"target\":[\"https:\\\/\\\/fjala.info\\\/2009-2015\\\/kur-duhen-pergezuar-policet-qe-vrasin\\\/\"]}]},{\"@type\":\"ImageObject\",\"inLanguage\":\"sq-AL\",\"@id\":\"https:\\\/\\\/fjala.info\\\/2009-2015\\\/kur-duhen-pergezuar-policet-qe-vrasin\\\/#primaryimage\",\"url\":\"http:\\\/\\\/www.fjala.info\\\/2012\\\/mero_baze.jpg\",\"contentUrl\":\"http:\\\/\\\/www.fjala.info\\\/2012\\\/mero_baze.jpg\"},{\"@type\":\"BreadcrumbList\",\"@id\":\"https:\\\/\\\/fjala.info\\\/2009-2015\\\/kur-duhen-pergezuar-policet-qe-vrasin\\\/#breadcrumb\",\"itemListElement\":[{\"@type\":\"ListItem\",\"position\":1,\"name\":\"Home\",\"item\":\"https:\\\/\\\/fjala.info\\\/2009-2015\\\/\"},{\"@type\":\"ListItem\",\"position\":2,\"name\":\"Kur duhen p\u00ebrg\u00ebzuar polic\u00ebt q\u00eb vrasin!\"}]},{\"@type\":\"WebSite\",\"@id\":\"https:\\\/\\\/fjala.info\\\/2009-2015\\\/#website\",\"url\":\"https:\\\/\\\/fjala.info\\\/2009-2015\\\/\",\"name\":\"FjALA e LIR\u00cb - Arkivi\",\"description\":\"Arkivi 2009-2015\",\"publisher\":{\"@id\":\"https:\\\/\\\/fjala.info\\\/2009-2015\\\/#organization\"},\"potentialAction\":[{\"@type\":\"SearchAction\",\"target\":{\"@type\":\"EntryPoint\",\"urlTemplate\":\"https:\\\/\\\/fjala.info\\\/2009-2015\\\/?s={search_term_string}\"},\"query-input\":{\"@type\":\"PropertyValueSpecification\",\"valueRequired\":true,\"valueName\":\"search_term_string\"}}],\"inLanguage\":\"sq-AL\"},{\"@type\":\"Organization\",\"@id\":\"https:\\\/\\\/fjala.info\\\/2009-2015\\\/#organization\",\"name\":\"FjALA e LIR\u00cb - Arkivi\",\"url\":\"https:\\\/\\\/fjala.info\\\/2009-2015\\\/\",\"logo\":{\"@type\":\"ImageObject\",\"inLanguage\":\"sq-AL\",\"@id\":\"https:\\\/\\\/fjala.info\\\/2009-2015\\\/#\\\/schema\\\/logo\\\/image\\\/\",\"url\":\"\",\"contentUrl\":\"\",\"caption\":\"FjALA e LIR\u00cb - Arkivi\"},\"image\":{\"@id\":\"https:\\\/\\\/fjala.info\\\/2009-2015\\\/#\\\/schema\\\/logo\\\/image\\\/\"}},{\"@type\":\"Person\",\"@id\":\"https:\\\/\\\/fjala.info\\\/2009-2015\\\/#\\\/schema\\\/person\\\/3aa1163ef05469c496fc94e77611ada2\",\"name\":\"admin\",\"image\":{\"@type\":\"ImageObject\",\"inLanguage\":\"sq-AL\",\"@id\":\"https:\\\/\\\/fjala.info\\\/2009-2015\\\/wp-content\\\/uploads\\\/2012\\\/02\\\/arben_cokaj-120x150.jpg\",\"url\":\"https:\\\/\\\/fjala.info\\\/2009-2015\\\/wp-content\\\/uploads\\\/2012\\\/02\\\/arben_cokaj-120x150.jpg\",\"contentUrl\":\"https:\\\/\\\/fjala.info\\\/2009-2015\\\/wp-content\\\/uploads\\\/2012\\\/02\\\/arben_cokaj-120x150.jpg\",\"caption\":\"admin\"},\"description\":\"Admin, Fjala e Lir\u00eb\",\"sameAs\":[\"https:\\\/\\\/fjala.info\\\/\"],\"url\":\"https:\\\/\\\/fjala.info\\\/2009-2015\\\/author\\\/admin\\\/\"}]}<\/script>\n<!-- \/ Yoast SEO plugin. -->","yoast_head_json":{"title":"Kur duhen p\u00ebrg\u00ebzuar polic\u00ebt q\u00eb vrasin! - FjALA e LIR\u00cb - Arkivi","robots":{"index":"index","follow":"follow","max-snippet":"max-snippet:-1","max-image-preview":"max-image-preview:large","max-video-preview":"max-video-preview:-1"},"canonical":"https:\/\/fjala.info\/2009-2015\/kur-duhen-pergezuar-policet-qe-vrasin\/","og_locale":"sq_AL","og_type":"article","og_title":"Kur duhen p\u00ebrg\u00ebzuar polic\u00ebt q\u00eb vrasin! - FjALA e LIR\u00cb - Arkivi","og_description":"Nga Mero Baze E mbani mend Sali Berish\u00ebn, Lulzim Bash\u00ebn dhe Ndrea Prendin m\u00eb 23 janar t\u00eb vitit 2011. N\u00eb nj\u00eb sall\u00eb t\u00eb ftoht\u00eb, t\u00eb improvizuar me urgjenc\u00eb n\u00eb nj\u00eb repart t\u00eb Gard\u00ebs n\u00eb Tiran\u00eb, nj\u00ebri i k\u00ebrrusur nga pesha e krimit, tjetri i nxir\u00eb nga akti i krimit, dhe i treti i trembur q\u00eb [&hellip;]","og_url":"https:\/\/fjala.info\/2009-2015\/kur-duhen-pergezuar-policet-qe-vrasin\/","og_site_name":"FjALA e LIR\u00cb - Arkivi","article_published_time":"2014-01-07T07:58:24+00:00","og_image":[{"url":"http:\/\/www.fjala.info\/2012\/mero_baze.jpg","type":"","width":"","height":""}],"author":"admin","twitter_card":"summary_large_image","twitter_misc":{"Written by":"admin","Est. reading time":"4 minutes"},"schema":{"@context":"https:\/\/schema.org","@graph":[{"@type":"Article","@id":"https:\/\/fjala.info\/2009-2015\/kur-duhen-pergezuar-policet-qe-vrasin\/#article","isPartOf":{"@id":"https:\/\/fjala.info\/2009-2015\/kur-duhen-pergezuar-policet-qe-vrasin\/"},"author":{"name":"admin","@id":"https:\/\/fjala.info\/2009-2015\/#\/schema\/person\/3aa1163ef05469c496fc94e77611ada2"},"headline":"Kur duhen p\u00ebrg\u00ebzuar polic\u00ebt q\u00eb vrasin!","datePublished":"2014-01-07T07:58:24+00:00","mainEntityOfPage":{"@id":"https:\/\/fjala.info\/2009-2015\/kur-duhen-pergezuar-policet-qe-vrasin\/"},"wordCount":868,"commentCount":0,"publisher":{"@id":"https:\/\/fjala.info\/2009-2015\/#organization"},"image":{"@id":"https:\/\/fjala.info\/2009-2015\/kur-duhen-pergezuar-policet-qe-vrasin\/#primaryimage"},"thumbnailUrl":"http:\/\/www.fjala.info\/2012\/mero_baze.jpg","articleSection":["Artikuj"],"inLanguage":"sq-AL","potentialAction":[{"@type":"CommentAction","name":"Comment","target":["https:\/\/fjala.info\/2009-2015\/kur-duhen-pergezuar-policet-qe-vrasin\/#respond"]}]},{"@type":"WebPage","@id":"https:\/\/fjala.info\/2009-2015\/kur-duhen-pergezuar-policet-qe-vrasin\/","url":"https:\/\/fjala.info\/2009-2015\/kur-duhen-pergezuar-policet-qe-vrasin\/","name":"Kur duhen p\u00ebrg\u00ebzuar polic\u00ebt q\u00eb vrasin! - FjALA e LIR\u00cb - Arkivi","isPartOf":{"@id":"https:\/\/fjala.info\/2009-2015\/#website"},"primaryImageOfPage":{"@id":"https:\/\/fjala.info\/2009-2015\/kur-duhen-pergezuar-policet-qe-vrasin\/#primaryimage"},"image":{"@id":"https:\/\/fjala.info\/2009-2015\/kur-duhen-pergezuar-policet-qe-vrasin\/#primaryimage"},"thumbnailUrl":"http:\/\/www.fjala.info\/2012\/mero_baze.jpg","datePublished":"2014-01-07T07:58:24+00:00","breadcrumb":{"@id":"https:\/\/fjala.info\/2009-2015\/kur-duhen-pergezuar-policet-qe-vrasin\/#breadcrumb"},"inLanguage":"sq-AL","potentialAction":[{"@type":"ReadAction","target":["https:\/\/fjala.info\/2009-2015\/kur-duhen-pergezuar-policet-qe-vrasin\/"]}]},{"@type":"ImageObject","inLanguage":"sq-AL","@id":"https:\/\/fjala.info\/2009-2015\/kur-duhen-pergezuar-policet-qe-vrasin\/#primaryimage","url":"http:\/\/www.fjala.info\/2012\/mero_baze.jpg","contentUrl":"http:\/\/www.fjala.info\/2012\/mero_baze.jpg"},{"@type":"BreadcrumbList","@id":"https:\/\/fjala.info\/2009-2015\/kur-duhen-pergezuar-policet-qe-vrasin\/#breadcrumb","itemListElement":[{"@type":"ListItem","position":1,"name":"Home","item":"https:\/\/fjala.info\/2009-2015\/"},{"@type":"ListItem","position":2,"name":"Kur duhen p\u00ebrg\u00ebzuar polic\u00ebt q\u00eb vrasin!"}]},{"@type":"WebSite","@id":"https:\/\/fjala.info\/2009-2015\/#website","url":"https:\/\/fjala.info\/2009-2015\/","name":"FjALA e LIR\u00cb - Arkivi","description":"Arkivi 2009-2015","publisher":{"@id":"https:\/\/fjala.info\/2009-2015\/#organization"},"potentialAction":[{"@type":"SearchAction","target":{"@type":"EntryPoint","urlTemplate":"https:\/\/fjala.info\/2009-2015\/?s={search_term_string}"},"query-input":{"@type":"PropertyValueSpecification","valueRequired":true,"valueName":"search_term_string"}}],"inLanguage":"sq-AL"},{"@type":"Organization","@id":"https:\/\/fjala.info\/2009-2015\/#organization","name":"FjALA e LIR\u00cb - Arkivi","url":"https:\/\/fjala.info\/2009-2015\/","logo":{"@type":"ImageObject","inLanguage":"sq-AL","@id":"https:\/\/fjala.info\/2009-2015\/#\/schema\/logo\/image\/","url":"","contentUrl":"","caption":"FjALA e LIR\u00cb - Arkivi"},"image":{"@id":"https:\/\/fjala.info\/2009-2015\/#\/schema\/logo\/image\/"}},{"@type":"Person","@id":"https:\/\/fjala.info\/2009-2015\/#\/schema\/person\/3aa1163ef05469c496fc94e77611ada2","name":"admin","image":{"@type":"ImageObject","inLanguage":"sq-AL","@id":"https:\/\/fjala.info\/2009-2015\/wp-content\/uploads\/2012\/02\/arben_cokaj-120x150.jpg","url":"https:\/\/fjala.info\/2009-2015\/wp-content\/uploads\/2012\/02\/arben_cokaj-120x150.jpg","contentUrl":"https:\/\/fjala.info\/2009-2015\/wp-content\/uploads\/2012\/02\/arben_cokaj-120x150.jpg","caption":"admin"},"description":"Admin, Fjala e Lir\u00eb","sameAs":["https:\/\/fjala.info\/"],"url":"https:\/\/fjala.info\/2009-2015\/author\/admin\/"}]}},"_links":{"self":[{"href":"https:\/\/fjala.info\/2009-2015\/wp-json\/wp\/v2\/posts\/122","targetHints":{"allow":["GET"]}}],"collection":[{"href":"https:\/\/fjala.info\/2009-2015\/wp-json\/wp\/v2\/posts"}],"about":[{"href":"https:\/\/fjala.info\/2009-2015\/wp-json\/wp\/v2\/types\/post"}],"author":[{"embeddable":true,"href":"https:\/\/fjala.info\/2009-2015\/wp-json\/wp\/v2\/users\/1"}],"replies":[{"embeddable":true,"href":"https:\/\/fjala.info\/2009-2015\/wp-json\/wp\/v2\/comments?post=122"}],"version-history":[{"count":0,"href":"https:\/\/fjala.info\/2009-2015\/wp-json\/wp\/v2\/posts\/122\/revisions"}],"wp:attachment":[{"href":"https:\/\/fjala.info\/2009-2015\/wp-json\/wp\/v2\/media?parent=122"}],"wp:term":[{"taxonomy":"category","embeddable":true,"href":"https:\/\/fjala.info\/2009-2015\/wp-json\/wp\/v2\/categories?post=122"},{"taxonomy":"post_tag","embeddable":true,"href":"https:\/\/fjala.info\/2009-2015\/wp-json\/wp\/v2\/tags?post=122"}],"curies":[{"name":"wp","href":"https:\/\/api.w.org\/{rel}","templated":true}]}}