{"id":12170,"date":"2012-11-12T16:04:01","date_gmt":"2012-11-12T15:04:01","guid":{"rendered":"http:\/\/www.fjala.info\/?p=5850"},"modified":"2012-11-12T16:04:01","modified_gmt":"2012-11-12T15:04:01","slug":"kreshnik-spahiu-me-dylbi-duke-ruajtur-kufirin-nga-pushtuesit-greke-foto","status":"publish","type":"post","link":"https:\/\/fjala.info\/2009-2015\/kreshnik-spahiu-me-dylbi-duke-ruajtur-kufirin-nga-pushtuesit-greke-foto\/","title":{"rendered":"Kreshnik Spahiu me dylbi, duke ruajtur kufirin nga pushtuesit grek\u00eb (FOTO)"},"content":{"rendered":"<p><img decoding=\"async\" class=\"alignleft size-thumbnail wp-image-7236\" title=\"Kreshnik Spahiu me dylbi\" src=\"http:\/\/www.fjala.info\/2012\/kreshnik_spahiu_dylbi.jpg\" alt=\"\" width=\"300\" \/> <strong>Idea<\/strong>, <em>12 n\u00ebn 2012<\/em><\/p>\n<p><em>Sarand\u00eb <\/em>&#8211; Aleanca Kuq e Zi ka shkuar n\u00eb Sarand\u00eb p\u00ebr t\u00eb vrojtuar dhe mbrotjur kufirin n\u00eb shenj\u00eb reagimi ndaj deklaratave t\u00eb ministrit t\u00eb Jasht\u00ebm grek Avranopulos mbi paktin e uj\u00ebrave me vendin ton\u00eb.<\/p>\n<p>Aktivist\u00eb t\u00eb AK-s\u00eb u grumbullaun n\u00eb kodrat e Ksamilit p\u00ebrball\u00eb Korfuzit duke vrojtuar me dylbi kufirin mes dy vendeve, pasi mediat njoftuan p\u00ebr mb\u00ebrritjen e anijeve naft\u00eb-k\u00ebrkeuse greke.<\/p>\n<p>AK-ja tha se p\u00ebrmes simboleve t\u00eb vendit ton\u00eb do t\u00eb mbrojn\u00eb me \u00e7do kusht dhe n\u00eb \u00e7do koh\u00eb integritetin territorial t\u00eb Shqip\u00ebris\u00eb.<\/p>\n<p><strong>AK-ja n\u00eb Ksamil<\/strong><\/p>\n<p>\u201cJemi sot k\u00ebtu p\u00ebr t\u00eb nisur vrojtimin e pandalsh\u00ebm t\u00eb kufirit shqiptar\u00eb dhe integritetit territorial t\u00eb Republik\u00ebs s\u00eb Shqip\u00ebris\u00eb. Aktivist\u00eb t\u00eb AK jan\u00eb n\u00eb gadishmeri p\u00ebr mbrojtjen e kufirit. Nga sot AK nis regjistrimin e vullnetar\u00ebve p\u00ebr ruajtjen e kufirit nis\u00ebm kjo q\u00eb do t\u00eb shtrihet n\u00eb t\u00eb gjith\u00eb territorin e Republik\u00ebs s\u00eb Shqip\u00ebris\u00eb. AK k\u00ebrkon mbledhjen e K\u00ebshillit t\u00eb Siguris \u00ebKomb\u00ebtare nga Presidenti i Republik\u00ebs Bujar Nishani dhe p\u00ebr k\u00ebt\u00eb ai ka vet\u00ebm nj\u00eb jav\u00eb koh\u00eb q\u00eb t\u00eb angazhoj\u00eb Forcat e Armatosura t\u00eb ndalin kompanit\u00eb naft-k\u00ebrkuese greke ose n\u00eb t\u00eb kund\u00ebrt ne do ti dalim p\u00ebr zot mbrojtjes s\u00eb kufirit dhe territorit shqiptar\u00eb. Nga ana tjet\u00ebr Berisha-Avramopulos po i b\u00ebjn\u00eb kombit shqiptar\u00eb n\u00eb 100 vjetorin e pavar\u00ebsis\u00eb dhurat\u00ebn m\u00eb t\u00eb sh\u00ebmtuar n\u00eb historin\u00eb e Shqip\u00ebris\u00eb t\u00eb \u00e7il\u00ebt kan\u00eb dal\u00eb hapur kund\u00ebr vendimit t\u00eb Gjykat\u00ebs Kushtetuese p\u00ebr marr\u00ebveshjen detare\u201d,-tha kreu i AK-s\u00eb deklaroi Spahiu.<\/p>\n<p><strong>AK-ja mbron kufirin<\/strong><br \/>\nNd\u00ebrkoh\u00eb q\u00eb siaps AK-s\u00eb dhjetra sarandiot\u00eb po regjistrohen si vullnetare p\u00ebr mbrojtjen e territorit.<\/p>\n<p>\/<em>IDEA<\/em>\/<\/p>\n","protected":false},"excerpt":{"rendered":"<p>Idea, 12 n\u00ebn 2012 Sarand\u00eb &#8211; Aleanca Kuq e Zi ka shkuar n\u00eb Sarand\u00eb p\u00ebr t\u00eb vrojtuar dhe mbrotjur kufirin n\u00eb shenj\u00eb reagimi ndaj deklaratave t\u00eb ministrit t\u00eb Jasht\u00ebm grek Avranopulos mbi paktin e uj\u00ebrave me vendin ton\u00eb. Aktivist\u00eb t\u00eb AK-s\u00eb u grumbullaun n\u00eb kodrat e Ksamilit p\u00ebrball\u00eb Korfuzit duke vrojtuar me dylbi kufirin mes [&hellip;]<\/p>\n","protected":false},"author":1,"featured_media":0,"comment_status":"open","ping_status":"closed","sticky":false,"template":"","format":"standard","meta":{"footnotes":""},"categories":[2],"tags":[],"class_list":{"0":"post-12170","1":"post","2":"type-post","3":"status-publish","4":"format-standard","6":"category-artikuj"},"yoast_head":"<!-- This site is optimized with the Yoast SEO plugin v27.4 - https:\/\/yoast.com\/product\/yoast-seo-wordpress\/ -->\n<title>Kreshnik Spahiu me dylbi, duke ruajtur kufirin nga pushtuesit grek\u00eb (FOTO) - FjALA e LIR\u00cb - Arkivi<\/title>\n<meta name=\"robots\" content=\"index, follow, max-snippet:-1, max-image-preview:large, max-video-preview:-1\" \/>\n<link rel=\"canonical\" href=\"https:\/\/fjala.info\/2009-2015\/kreshnik-spahiu-me-dylbi-duke-ruajtur-kufirin-nga-pushtuesit-greke-foto\/\" \/>\n<meta property=\"og:locale\" content=\"sq_AL\" \/>\n<meta property=\"og:type\" content=\"article\" \/>\n<meta property=\"og:title\" content=\"Kreshnik Spahiu me dylbi, duke ruajtur kufirin nga pushtuesit grek\u00eb (FOTO) - FjALA e LIR\u00cb - Arkivi\" \/>\n<meta property=\"og:description\" content=\"Idea, 12 n\u00ebn 2012 Sarand\u00eb &#8211; Aleanca Kuq e Zi ka shkuar n\u00eb Sarand\u00eb p\u00ebr t\u00eb vrojtuar dhe mbrotjur kufirin n\u00eb shenj\u00eb reagimi ndaj deklaratave t\u00eb ministrit t\u00eb Jasht\u00ebm grek Avranopulos mbi paktin e uj\u00ebrave me vendin ton\u00eb. Aktivist\u00eb t\u00eb AK-s\u00eb u grumbullaun n\u00eb kodrat e Ksamilit p\u00ebrball\u00eb Korfuzit duke vrojtuar me dylbi kufirin mes [&hellip;]\" \/>\n<meta property=\"og:url\" content=\"https:\/\/fjala.info\/2009-2015\/kreshnik-spahiu-me-dylbi-duke-ruajtur-kufirin-nga-pushtuesit-greke-foto\/\" \/>\n<meta property=\"og:site_name\" content=\"FjALA e LIR\u00cb - Arkivi\" \/>\n<meta property=\"article:published_time\" content=\"2012-11-12T15:04:01+00:00\" \/>\n<meta property=\"og:image\" content=\"http:\/\/www.fjala.info\/2012\/kreshnik_spahiu_dylbi.jpg\" \/>\n<meta name=\"author\" content=\"admin\" \/>\n<meta name=\"twitter:card\" content=\"summary_large_image\" \/>\n<meta name=\"twitter:label1\" content=\"Written by\" \/>\n\t<meta name=\"twitter:data1\" content=\"admin\" \/>\n\t<meta name=\"twitter:label2\" content=\"Est. reading time\" \/>\n\t<meta name=\"twitter:data2\" content=\"1 minute\" \/>\n<script type=\"application\/ld+json\" class=\"yoast-schema-graph\">{\"@context\":\"https:\\\/\\\/schema.org\",\"@graph\":[{\"@type\":\"Article\",\"@id\":\"https:\\\/\\\/fjala.info\\\/2009-2015\\\/kreshnik-spahiu-me-dylbi-duke-ruajtur-kufirin-nga-pushtuesit-greke-foto\\\/#article\",\"isPartOf\":{\"@id\":\"https:\\\/\\\/fjala.info\\\/2009-2015\\\/kreshnik-spahiu-me-dylbi-duke-ruajtur-kufirin-nga-pushtuesit-greke-foto\\\/\"},\"author\":{\"name\":\"admin\",\"@id\":\"https:\\\/\\\/fjala.info\\\/2009-2015\\\/#\\\/schema\\\/person\\\/3aa1163ef05469c496fc94e77611ada2\"},\"headline\":\"Kreshnik Spahiu me dylbi, duke ruajtur kufirin nga pushtuesit grek\u00eb (FOTO)\",\"datePublished\":\"2012-11-12T15:04:01+00:00\",\"mainEntityOfPage\":{\"@id\":\"https:\\\/\\\/fjala.info\\\/2009-2015\\\/kreshnik-spahiu-me-dylbi-duke-ruajtur-kufirin-nga-pushtuesit-greke-foto\\\/\"},\"wordCount\":307,\"commentCount\":0,\"publisher\":{\"@id\":\"https:\\\/\\\/fjala.info\\\/2009-2015\\\/#organization\"},\"image\":{\"@id\":\"https:\\\/\\\/fjala.info\\\/2009-2015\\\/kreshnik-spahiu-me-dylbi-duke-ruajtur-kufirin-nga-pushtuesit-greke-foto\\\/#primaryimage\"},\"thumbnailUrl\":\"http:\\\/\\\/www.fjala.info\\\/2012\\\/kreshnik_spahiu_dylbi.jpg\",\"articleSection\":[\"Artikuj\"],\"inLanguage\":\"sq-AL\",\"potentialAction\":[{\"@type\":\"CommentAction\",\"name\":\"Comment\",\"target\":[\"https:\\\/\\\/fjala.info\\\/2009-2015\\\/kreshnik-spahiu-me-dylbi-duke-ruajtur-kufirin-nga-pushtuesit-greke-foto\\\/#respond\"]}]},{\"@type\":\"WebPage\",\"@id\":\"https:\\\/\\\/fjala.info\\\/2009-2015\\\/kreshnik-spahiu-me-dylbi-duke-ruajtur-kufirin-nga-pushtuesit-greke-foto\\\/\",\"url\":\"https:\\\/\\\/fjala.info\\\/2009-2015\\\/kreshnik-spahiu-me-dylbi-duke-ruajtur-kufirin-nga-pushtuesit-greke-foto\\\/\",\"name\":\"Kreshnik Spahiu me dylbi, duke ruajtur kufirin nga pushtuesit grek\u00eb (FOTO) - FjALA e LIR\u00cb - Arkivi\",\"isPartOf\":{\"@id\":\"https:\\\/\\\/fjala.info\\\/2009-2015\\\/#website\"},\"primaryImageOfPage\":{\"@id\":\"https:\\\/\\\/fjala.info\\\/2009-2015\\\/kreshnik-spahiu-me-dylbi-duke-ruajtur-kufirin-nga-pushtuesit-greke-foto\\\/#primaryimage\"},\"image\":{\"@id\":\"https:\\\/\\\/fjala.info\\\/2009-2015\\\/kreshnik-spahiu-me-dylbi-duke-ruajtur-kufirin-nga-pushtuesit-greke-foto\\\/#primaryimage\"},\"thumbnailUrl\":\"http:\\\/\\\/www.fjala.info\\\/2012\\\/kreshnik_spahiu_dylbi.jpg\",\"datePublished\":\"2012-11-12T15:04:01+00:00\",\"breadcrumb\":{\"@id\":\"https:\\\/\\\/fjala.info\\\/2009-2015\\\/kreshnik-spahiu-me-dylbi-duke-ruajtur-kufirin-nga-pushtuesit-greke-foto\\\/#breadcrumb\"},\"inLanguage\":\"sq-AL\",\"potentialAction\":[{\"@type\":\"ReadAction\",\"target\":[\"https:\\\/\\\/fjala.info\\\/2009-2015\\\/kreshnik-spahiu-me-dylbi-duke-ruajtur-kufirin-nga-pushtuesit-greke-foto\\\/\"]}]},{\"@type\":\"ImageObject\",\"inLanguage\":\"sq-AL\",\"@id\":\"https:\\\/\\\/fjala.info\\\/2009-2015\\\/kreshnik-spahiu-me-dylbi-duke-ruajtur-kufirin-nga-pushtuesit-greke-foto\\\/#primaryimage\",\"url\":\"http:\\\/\\\/www.fjala.info\\\/2012\\\/kreshnik_spahiu_dylbi.jpg\",\"contentUrl\":\"http:\\\/\\\/www.fjala.info\\\/2012\\\/kreshnik_spahiu_dylbi.jpg\"},{\"@type\":\"BreadcrumbList\",\"@id\":\"https:\\\/\\\/fjala.info\\\/2009-2015\\\/kreshnik-spahiu-me-dylbi-duke-ruajtur-kufirin-nga-pushtuesit-greke-foto\\\/#breadcrumb\",\"itemListElement\":[{\"@type\":\"ListItem\",\"position\":1,\"name\":\"Home\",\"item\":\"https:\\\/\\\/fjala.info\\\/2009-2015\\\/\"},{\"@type\":\"ListItem\",\"position\":2,\"name\":\"Kreshnik Spahiu me dylbi, duke ruajtur kufirin nga pushtuesit grek\u00eb (FOTO)\"}]},{\"@type\":\"WebSite\",\"@id\":\"https:\\\/\\\/fjala.info\\\/2009-2015\\\/#website\",\"url\":\"https:\\\/\\\/fjala.info\\\/2009-2015\\\/\",\"name\":\"FjALA e LIR\u00cb - Arkivi\",\"description\":\"Arkivi 2009-2015\",\"publisher\":{\"@id\":\"https:\\\/\\\/fjala.info\\\/2009-2015\\\/#organization\"},\"potentialAction\":[{\"@type\":\"SearchAction\",\"target\":{\"@type\":\"EntryPoint\",\"urlTemplate\":\"https:\\\/\\\/fjala.info\\\/2009-2015\\\/?s={search_term_string}\"},\"query-input\":{\"@type\":\"PropertyValueSpecification\",\"valueRequired\":true,\"valueName\":\"search_term_string\"}}],\"inLanguage\":\"sq-AL\"},{\"@type\":\"Organization\",\"@id\":\"https:\\\/\\\/fjala.info\\\/2009-2015\\\/#organization\",\"name\":\"FjALA e LIR\u00cb - Arkivi\",\"url\":\"https:\\\/\\\/fjala.info\\\/2009-2015\\\/\",\"logo\":{\"@type\":\"ImageObject\",\"inLanguage\":\"sq-AL\",\"@id\":\"https:\\\/\\\/fjala.info\\\/2009-2015\\\/#\\\/schema\\\/logo\\\/image\\\/\",\"url\":\"\",\"contentUrl\":\"\",\"caption\":\"FjALA e LIR\u00cb - Arkivi\"},\"image\":{\"@id\":\"https:\\\/\\\/fjala.info\\\/2009-2015\\\/#\\\/schema\\\/logo\\\/image\\\/\"}},{\"@type\":\"Person\",\"@id\":\"https:\\\/\\\/fjala.info\\\/2009-2015\\\/#\\\/schema\\\/person\\\/3aa1163ef05469c496fc94e77611ada2\",\"name\":\"admin\",\"image\":{\"@type\":\"ImageObject\",\"inLanguage\":\"sq-AL\",\"@id\":\"https:\\\/\\\/fjala.info\\\/2009-2015\\\/wp-content\\\/uploads\\\/2012\\\/02\\\/arben_cokaj-120x150.jpg\",\"url\":\"https:\\\/\\\/fjala.info\\\/2009-2015\\\/wp-content\\\/uploads\\\/2012\\\/02\\\/arben_cokaj-120x150.jpg\",\"contentUrl\":\"https:\\\/\\\/fjala.info\\\/2009-2015\\\/wp-content\\\/uploads\\\/2012\\\/02\\\/arben_cokaj-120x150.jpg\",\"caption\":\"admin\"},\"description\":\"Admin, Fjala e Lir\u00eb\",\"sameAs\":[\"https:\\\/\\\/fjala.info\\\/\"],\"url\":\"https:\\\/\\\/fjala.info\\\/2009-2015\\\/author\\\/admin\\\/\"}]}<\/script>\n<!-- \/ Yoast SEO plugin. -->","yoast_head_json":{"title":"Kreshnik Spahiu me dylbi, duke ruajtur kufirin nga pushtuesit grek\u00eb (FOTO) - FjALA e LIR\u00cb - Arkivi","robots":{"index":"index","follow":"follow","max-snippet":"max-snippet:-1","max-image-preview":"max-image-preview:large","max-video-preview":"max-video-preview:-1"},"canonical":"https:\/\/fjala.info\/2009-2015\/kreshnik-spahiu-me-dylbi-duke-ruajtur-kufirin-nga-pushtuesit-greke-foto\/","og_locale":"sq_AL","og_type":"article","og_title":"Kreshnik Spahiu me dylbi, duke ruajtur kufirin nga pushtuesit grek\u00eb (FOTO) - FjALA e LIR\u00cb - Arkivi","og_description":"Idea, 12 n\u00ebn 2012 Sarand\u00eb &#8211; Aleanca Kuq e Zi ka shkuar n\u00eb Sarand\u00eb p\u00ebr t\u00eb vrojtuar dhe mbrotjur kufirin n\u00eb shenj\u00eb reagimi ndaj deklaratave t\u00eb ministrit t\u00eb Jasht\u00ebm grek Avranopulos mbi paktin e uj\u00ebrave me vendin ton\u00eb. Aktivist\u00eb t\u00eb AK-s\u00eb u grumbullaun n\u00eb kodrat e Ksamilit p\u00ebrball\u00eb Korfuzit duke vrojtuar me dylbi kufirin mes [&hellip;]","og_url":"https:\/\/fjala.info\/2009-2015\/kreshnik-spahiu-me-dylbi-duke-ruajtur-kufirin-nga-pushtuesit-greke-foto\/","og_site_name":"FjALA e LIR\u00cb - Arkivi","article_published_time":"2012-11-12T15:04:01+00:00","og_image":[{"url":"http:\/\/www.fjala.info\/2012\/kreshnik_spahiu_dylbi.jpg","type":"","width":"","height":""}],"author":"admin","twitter_card":"summary_large_image","twitter_misc":{"Written by":"admin","Est. reading time":"1 minute"},"schema":{"@context":"https:\/\/schema.org","@graph":[{"@type":"Article","@id":"https:\/\/fjala.info\/2009-2015\/kreshnik-spahiu-me-dylbi-duke-ruajtur-kufirin-nga-pushtuesit-greke-foto\/#article","isPartOf":{"@id":"https:\/\/fjala.info\/2009-2015\/kreshnik-spahiu-me-dylbi-duke-ruajtur-kufirin-nga-pushtuesit-greke-foto\/"},"author":{"name":"admin","@id":"https:\/\/fjala.info\/2009-2015\/#\/schema\/person\/3aa1163ef05469c496fc94e77611ada2"},"headline":"Kreshnik Spahiu me dylbi, duke ruajtur kufirin nga pushtuesit grek\u00eb (FOTO)","datePublished":"2012-11-12T15:04:01+00:00","mainEntityOfPage":{"@id":"https:\/\/fjala.info\/2009-2015\/kreshnik-spahiu-me-dylbi-duke-ruajtur-kufirin-nga-pushtuesit-greke-foto\/"},"wordCount":307,"commentCount":0,"publisher":{"@id":"https:\/\/fjala.info\/2009-2015\/#organization"},"image":{"@id":"https:\/\/fjala.info\/2009-2015\/kreshnik-spahiu-me-dylbi-duke-ruajtur-kufirin-nga-pushtuesit-greke-foto\/#primaryimage"},"thumbnailUrl":"http:\/\/www.fjala.info\/2012\/kreshnik_spahiu_dylbi.jpg","articleSection":["Artikuj"],"inLanguage":"sq-AL","potentialAction":[{"@type":"CommentAction","name":"Comment","target":["https:\/\/fjala.info\/2009-2015\/kreshnik-spahiu-me-dylbi-duke-ruajtur-kufirin-nga-pushtuesit-greke-foto\/#respond"]}]},{"@type":"WebPage","@id":"https:\/\/fjala.info\/2009-2015\/kreshnik-spahiu-me-dylbi-duke-ruajtur-kufirin-nga-pushtuesit-greke-foto\/","url":"https:\/\/fjala.info\/2009-2015\/kreshnik-spahiu-me-dylbi-duke-ruajtur-kufirin-nga-pushtuesit-greke-foto\/","name":"Kreshnik Spahiu me dylbi, duke ruajtur kufirin nga pushtuesit grek\u00eb (FOTO) - FjALA e LIR\u00cb - Arkivi","isPartOf":{"@id":"https:\/\/fjala.info\/2009-2015\/#website"},"primaryImageOfPage":{"@id":"https:\/\/fjala.info\/2009-2015\/kreshnik-spahiu-me-dylbi-duke-ruajtur-kufirin-nga-pushtuesit-greke-foto\/#primaryimage"},"image":{"@id":"https:\/\/fjala.info\/2009-2015\/kreshnik-spahiu-me-dylbi-duke-ruajtur-kufirin-nga-pushtuesit-greke-foto\/#primaryimage"},"thumbnailUrl":"http:\/\/www.fjala.info\/2012\/kreshnik_spahiu_dylbi.jpg","datePublished":"2012-11-12T15:04:01+00:00","breadcrumb":{"@id":"https:\/\/fjala.info\/2009-2015\/kreshnik-spahiu-me-dylbi-duke-ruajtur-kufirin-nga-pushtuesit-greke-foto\/#breadcrumb"},"inLanguage":"sq-AL","potentialAction":[{"@type":"ReadAction","target":["https:\/\/fjala.info\/2009-2015\/kreshnik-spahiu-me-dylbi-duke-ruajtur-kufirin-nga-pushtuesit-greke-foto\/"]}]},{"@type":"ImageObject","inLanguage":"sq-AL","@id":"https:\/\/fjala.info\/2009-2015\/kreshnik-spahiu-me-dylbi-duke-ruajtur-kufirin-nga-pushtuesit-greke-foto\/#primaryimage","url":"http:\/\/www.fjala.info\/2012\/kreshnik_spahiu_dylbi.jpg","contentUrl":"http:\/\/www.fjala.info\/2012\/kreshnik_spahiu_dylbi.jpg"},{"@type":"BreadcrumbList","@id":"https:\/\/fjala.info\/2009-2015\/kreshnik-spahiu-me-dylbi-duke-ruajtur-kufirin-nga-pushtuesit-greke-foto\/#breadcrumb","itemListElement":[{"@type":"ListItem","position":1,"name":"Home","item":"https:\/\/fjala.info\/2009-2015\/"},{"@type":"ListItem","position":2,"name":"Kreshnik Spahiu me dylbi, duke ruajtur kufirin nga pushtuesit grek\u00eb (FOTO)"}]},{"@type":"WebSite","@id":"https:\/\/fjala.info\/2009-2015\/#website","url":"https:\/\/fjala.info\/2009-2015\/","name":"FjALA e LIR\u00cb - Arkivi","description":"Arkivi 2009-2015","publisher":{"@id":"https:\/\/fjala.info\/2009-2015\/#organization"},"potentialAction":[{"@type":"SearchAction","target":{"@type":"EntryPoint","urlTemplate":"https:\/\/fjala.info\/2009-2015\/?s={search_term_string}"},"query-input":{"@type":"PropertyValueSpecification","valueRequired":true,"valueName":"search_term_string"}}],"inLanguage":"sq-AL"},{"@type":"Organization","@id":"https:\/\/fjala.info\/2009-2015\/#organization","name":"FjALA e LIR\u00cb - Arkivi","url":"https:\/\/fjala.info\/2009-2015\/","logo":{"@type":"ImageObject","inLanguage":"sq-AL","@id":"https:\/\/fjala.info\/2009-2015\/#\/schema\/logo\/image\/","url":"","contentUrl":"","caption":"FjALA e LIR\u00cb - Arkivi"},"image":{"@id":"https:\/\/fjala.info\/2009-2015\/#\/schema\/logo\/image\/"}},{"@type":"Person","@id":"https:\/\/fjala.info\/2009-2015\/#\/schema\/person\/3aa1163ef05469c496fc94e77611ada2","name":"admin","image":{"@type":"ImageObject","inLanguage":"sq-AL","@id":"https:\/\/fjala.info\/2009-2015\/wp-content\/uploads\/2012\/02\/arben_cokaj-120x150.jpg","url":"https:\/\/fjala.info\/2009-2015\/wp-content\/uploads\/2012\/02\/arben_cokaj-120x150.jpg","contentUrl":"https:\/\/fjala.info\/2009-2015\/wp-content\/uploads\/2012\/02\/arben_cokaj-120x150.jpg","caption":"admin"},"description":"Admin, Fjala e Lir\u00eb","sameAs":["https:\/\/fjala.info\/"],"url":"https:\/\/fjala.info\/2009-2015\/author\/admin\/"}]}},"_links":{"self":[{"href":"https:\/\/fjala.info\/2009-2015\/wp-json\/wp\/v2\/posts\/12170","targetHints":{"allow":["GET"]}}],"collection":[{"href":"https:\/\/fjala.info\/2009-2015\/wp-json\/wp\/v2\/posts"}],"about":[{"href":"https:\/\/fjala.info\/2009-2015\/wp-json\/wp\/v2\/types\/post"}],"author":[{"embeddable":true,"href":"https:\/\/fjala.info\/2009-2015\/wp-json\/wp\/v2\/users\/1"}],"replies":[{"embeddable":true,"href":"https:\/\/fjala.info\/2009-2015\/wp-json\/wp\/v2\/comments?post=12170"}],"version-history":[{"count":0,"href":"https:\/\/fjala.info\/2009-2015\/wp-json\/wp\/v2\/posts\/12170\/revisions"}],"wp:attachment":[{"href":"https:\/\/fjala.info\/2009-2015\/wp-json\/wp\/v2\/media?parent=12170"}],"wp:term":[{"taxonomy":"category","embeddable":true,"href":"https:\/\/fjala.info\/2009-2015\/wp-json\/wp\/v2\/categories?post=12170"},{"taxonomy":"post_tag","embeddable":true,"href":"https:\/\/fjala.info\/2009-2015\/wp-json\/wp\/v2\/tags?post=12170"}],"curies":[{"name":"wp","href":"https:\/\/api.w.org\/{rel}","templated":true}]}}