{"id":1217,"date":"2012-01-19T06:38:44","date_gmt":"2012-01-19T05:38:44","guid":{"rendered":"http:\/\/fjala.shkoder.net\/?p=1217"},"modified":"2012-01-19T06:38:44","modified_gmt":"2012-01-19T05:38:44","slug":"hetimet-e-21-janarit-mberrin-pergjigja-e-fbi","status":"publish","type":"post","link":"https:\/\/fjala.info\/2009-2015\/hetimet-e-21-janarit-mberrin-pergjigja-e-fbi\/","title":{"rendered":"Hetimet e 21 janarit, mb\u00ebrrin p\u00ebrgjigja e FBI"},"content":{"rendered":"<p><img decoding=\"async\" class=\"alignleft size-thumbnail wp-image-7236\" title=\"Ina Rama\" src=\"http:\/\/www.shkoder.net\/2012\/ina_rama.jpg\" alt=\"\" width=\"300\" \/> <strong>TemA<\/strong>, <em>18 Janar 2012<\/em><\/p>\n<p>Pa kaluar 48 or\u00eb nga deklarata e kryeprokurores Ina Rama, n\u00eb zyrat e Prokuroris\u00eb s\u00eb P\u00ebrgjithshme ka mb\u00ebrritur p\u00ebrgjigjia e FBI-s\u00eb p\u00ebr gjith\u00e7ka q\u00eb nevojitet p\u00ebr hetimet e prokuroris\u00eb.<\/p>\n<p>Por jo vet\u00ebm kaq. Edhe nj\u00eb deklarat\u00eb e fort\u00eb mb\u00ebshtet\u00ebse e ambasador\u00ebve m\u00eb t\u00eb r\u00ebnd\u00ebsish\u00ebm n\u00eb vend. Disa muaj pas k\u00ebrkes\u00ebs zyrtare, Ina Rama duket se ka marr\u00eb at\u00eb q\u00eb priste, p\u00ebrgjigjen e FBI me t\u00eb gjitha detajet n\u00eb funksion t\u00eb hetimeve p\u00ebr 21 janarin, p\u00ebr ekspertiz\u00ebn balistike t\u00eb 14 g\u00ebzhojave dhe p\u00ebr at\u00eb q\u00eb konsiderohet si nj\u00eb tjet\u00ebr \u00e7\u00ebshtje ky\u00e7e, dyshimet p\u00ebr nd\u00ebrhyrjet n\u00eb serverin e kryeministris\u00eb.<\/p>\n<p>Lajmi konfirmohet p\u00ebr Top Channel nga burime t\u00eb besueshme pran\u00eb organit qendror t\u00eb akuz\u00ebs, t\u00eb cilat than\u00eb se p\u00ebrgjigjet kan\u00eb mb\u00ebrritur dhe se materiali tashm\u00eb po p\u00ebrkthehet.<\/p>\n<p>Burimet u treguan tep\u00ebr t\u00eb rezervuara p\u00ebr t\u00eb treguar detaje t\u00eb tjera p\u00ebr p\u00ebrmbajtjen, sidomos p\u00ebr serverin ka regjistruar pamje filmike p\u00ebrreth kryeministris\u00eb dit\u00ebn e demonstrat\u00ebs s\u00eb 21 janarit, ku 4 persona mbet\u00ebn t\u00eb vrar\u00eb e dhjet\u00ebra t\u00eb tjer\u00eb t\u00eb l\u00ebnduar.<\/p>\n<p>Dit\u00ebt n\u00eb vijim duket se do t\u00eb jen\u00eb vendimtare p\u00ebr hetimet dhe do t\u2019i japin nj\u00eb kthes\u00eb t\u00eb fort\u00eb hetimeve lidhur me dyshimet p\u00ebr gjith\u00e7ka, p\u00ebr ato q\u00eb lidhen me urdhrat e dh\u00ebn\u00eb, p\u00ebr dyshimet e tjera p\u00ebr nd\u00ebrhyrje n\u00eb server me fshirjen e pamjeve dhe n\u00ebse po, a ja kan\u00eb dal\u00eb ekspert\u00ebt amerikan\u00eb t\u00eb gjurmojn\u00eb dhe t\u2019i rikthejn\u00eb k\u00ebto pamje.<\/p>\n<p>Burimet konfirmuan se tashm\u00eb kjo p\u00ebrgjigje \u00ebsht\u00eb tep\u00ebr vendimtare dhe s\u00eb shpejti mund t\u00eb ket\u00eb veprime t\u00eb r\u00ebnd\u00ebsishme n\u00eb funksion t\u00eb hetimeve, ve\u00e7an\u00ebrisht p\u00ebr vrasjet ende t\u00eb pazbardhura, at\u00eb t\u00eb Faik Myrtos, Aleks Nik\u00ebs dhe Hekuran Ded\u00ebs. I vetmi i arrestuar p\u00ebr nj\u00eb vrasje, at\u00eb t\u00eb Ziver Veizit \u00ebsht\u00eb gardisti Agim Llupo.<\/p>\n<p>Nd\u00ebrkoh\u00eb q\u00eb n\u00ebse p\u00ebr serverin e kryeministris\u00eb, n\u00eb qoft\u00eb se amerikan\u00ebt kan\u00eb v\u00ebrtetuar dyshimet e hetuesve shqiptar\u00eb se pamjet filmike t\u00eb kryeministris\u00eb jan\u00eb fshire duke d\u00ebmtuar k\u00ebshtu provat e vendngjarjes s\u00eb 21 janarit, pritet q\u00eb t\u00eb ket\u00eb t\u00eb pandehur.<br \/>\n\/TCH<\/p>\n","protected":false},"excerpt":{"rendered":"<p>TemA, 18 Janar 2012 Pa kaluar 48 or\u00eb nga deklarata e kryeprokurores Ina Rama, n\u00eb zyrat e Prokuroris\u00eb s\u00eb P\u00ebrgjithshme ka mb\u00ebrritur p\u00ebrgjigjia e FBI-s\u00eb p\u00ebr gjith\u00e7ka q\u00eb nevojitet p\u00ebr hetimet e prokuroris\u00eb. Por jo vet\u00ebm kaq. Edhe nj\u00eb deklarat\u00eb e fort\u00eb mb\u00ebshtet\u00ebse e ambasador\u00ebve m\u00eb t\u00eb r\u00ebnd\u00ebsish\u00ebm n\u00eb vend. Disa muaj pas k\u00ebrkes\u00ebs zyrtare, [&hellip;]<\/p>\n","protected":false},"author":1,"featured_media":0,"comment_status":"open","ping_status":"closed","sticky":false,"template":"","format":"standard","meta":{"footnotes":""},"categories":[5],"tags":[],"class_list":{"0":"post-1217","1":"post","2":"type-post","3":"status-publish","4":"format-standard","6":"category-lajme"},"yoast_head":"<!-- This site is optimized with the Yoast SEO plugin v27.4 - https:\/\/yoast.com\/product\/yoast-seo-wordpress\/ -->\n<title>Hetimet e 21 janarit, mb\u00ebrrin p\u00ebrgjigja e FBI - FjALA e LIR\u00cb - Arkivi<\/title>\n<meta name=\"robots\" content=\"index, follow, max-snippet:-1, max-image-preview:large, max-video-preview:-1\" \/>\n<link rel=\"canonical\" href=\"https:\/\/fjala.info\/2009-2015\/hetimet-e-21-janarit-mberrin-pergjigja-e-fbi\/\" \/>\n<meta property=\"og:locale\" content=\"sq_AL\" \/>\n<meta property=\"og:type\" content=\"article\" \/>\n<meta property=\"og:title\" content=\"Hetimet e 21 janarit, mb\u00ebrrin p\u00ebrgjigja e FBI - FjALA e LIR\u00cb - Arkivi\" \/>\n<meta property=\"og:description\" content=\"TemA, 18 Janar 2012 Pa kaluar 48 or\u00eb nga deklarata e kryeprokurores Ina Rama, n\u00eb zyrat e Prokuroris\u00eb s\u00eb P\u00ebrgjithshme ka mb\u00ebrritur p\u00ebrgjigjia e FBI-s\u00eb p\u00ebr gjith\u00e7ka q\u00eb nevojitet p\u00ebr hetimet e prokuroris\u00eb. Por jo vet\u00ebm kaq. Edhe nj\u00eb deklarat\u00eb e fort\u00eb mb\u00ebshtet\u00ebse e ambasador\u00ebve m\u00eb t\u00eb r\u00ebnd\u00ebsish\u00ebm n\u00eb vend. Disa muaj pas k\u00ebrkes\u00ebs zyrtare, [&hellip;]\" \/>\n<meta property=\"og:url\" content=\"https:\/\/fjala.info\/2009-2015\/hetimet-e-21-janarit-mberrin-pergjigja-e-fbi\/\" \/>\n<meta property=\"og:site_name\" content=\"FjALA e LIR\u00cb - Arkivi\" \/>\n<meta property=\"article:published_time\" content=\"2012-01-19T05:38:44+00:00\" \/>\n<meta property=\"og:image\" content=\"http:\/\/www.shkoder.net\/2012\/ina_rama.jpg\" \/>\n<meta name=\"author\" content=\"admin\" \/>\n<meta name=\"twitter:card\" content=\"summary_large_image\" \/>\n<meta name=\"twitter:label1\" content=\"Written by\" \/>\n\t<meta name=\"twitter:data1\" content=\"admin\" \/>\n\t<meta name=\"twitter:label2\" content=\"Est. reading time\" \/>\n\t<meta name=\"twitter:data2\" content=\"2 minutes\" \/>\n<script type=\"application\/ld+json\" class=\"yoast-schema-graph\">{\"@context\":\"https:\\\/\\\/schema.org\",\"@graph\":[{\"@type\":\"Article\",\"@id\":\"https:\\\/\\\/fjala.info\\\/2009-2015\\\/hetimet-e-21-janarit-mberrin-pergjigja-e-fbi\\\/#article\",\"isPartOf\":{\"@id\":\"https:\\\/\\\/fjala.info\\\/2009-2015\\\/hetimet-e-21-janarit-mberrin-pergjigja-e-fbi\\\/\"},\"author\":{\"name\":\"admin\",\"@id\":\"https:\\\/\\\/fjala.info\\\/2009-2015\\\/#\\\/schema\\\/person\\\/3aa1163ef05469c496fc94e77611ada2\"},\"headline\":\"Hetimet e 21 janarit, mb\u00ebrrin p\u00ebrgjigja e FBI\",\"datePublished\":\"2012-01-19T05:38:44+00:00\",\"mainEntityOfPage\":{\"@id\":\"https:\\\/\\\/fjala.info\\\/2009-2015\\\/hetimet-e-21-janarit-mberrin-pergjigja-e-fbi\\\/\"},\"wordCount\":395,\"commentCount\":0,\"publisher\":{\"@id\":\"https:\\\/\\\/fjala.info\\\/2009-2015\\\/#organization\"},\"image\":{\"@id\":\"https:\\\/\\\/fjala.info\\\/2009-2015\\\/hetimet-e-21-janarit-mberrin-pergjigja-e-fbi\\\/#primaryimage\"},\"thumbnailUrl\":\"http:\\\/\\\/www.shkoder.net\\\/2012\\\/ina_rama.jpg\",\"articleSection\":[\"Lajme\"],\"inLanguage\":\"sq-AL\",\"potentialAction\":[{\"@type\":\"CommentAction\",\"name\":\"Comment\",\"target\":[\"https:\\\/\\\/fjala.info\\\/2009-2015\\\/hetimet-e-21-janarit-mberrin-pergjigja-e-fbi\\\/#respond\"]}]},{\"@type\":\"WebPage\",\"@id\":\"https:\\\/\\\/fjala.info\\\/2009-2015\\\/hetimet-e-21-janarit-mberrin-pergjigja-e-fbi\\\/\",\"url\":\"https:\\\/\\\/fjala.info\\\/2009-2015\\\/hetimet-e-21-janarit-mberrin-pergjigja-e-fbi\\\/\",\"name\":\"Hetimet e 21 janarit, mb\u00ebrrin p\u00ebrgjigja e FBI - FjALA e LIR\u00cb - Arkivi\",\"isPartOf\":{\"@id\":\"https:\\\/\\\/fjala.info\\\/2009-2015\\\/#website\"},\"primaryImageOfPage\":{\"@id\":\"https:\\\/\\\/fjala.info\\\/2009-2015\\\/hetimet-e-21-janarit-mberrin-pergjigja-e-fbi\\\/#primaryimage\"},\"image\":{\"@id\":\"https:\\\/\\\/fjala.info\\\/2009-2015\\\/hetimet-e-21-janarit-mberrin-pergjigja-e-fbi\\\/#primaryimage\"},\"thumbnailUrl\":\"http:\\\/\\\/www.shkoder.net\\\/2012\\\/ina_rama.jpg\",\"datePublished\":\"2012-01-19T05:38:44+00:00\",\"breadcrumb\":{\"@id\":\"https:\\\/\\\/fjala.info\\\/2009-2015\\\/hetimet-e-21-janarit-mberrin-pergjigja-e-fbi\\\/#breadcrumb\"},\"inLanguage\":\"sq-AL\",\"potentialAction\":[{\"@type\":\"ReadAction\",\"target\":[\"https:\\\/\\\/fjala.info\\\/2009-2015\\\/hetimet-e-21-janarit-mberrin-pergjigja-e-fbi\\\/\"]}]},{\"@type\":\"ImageObject\",\"inLanguage\":\"sq-AL\",\"@id\":\"https:\\\/\\\/fjala.info\\\/2009-2015\\\/hetimet-e-21-janarit-mberrin-pergjigja-e-fbi\\\/#primaryimage\",\"url\":\"http:\\\/\\\/www.shkoder.net\\\/2012\\\/ina_rama.jpg\",\"contentUrl\":\"http:\\\/\\\/www.shkoder.net\\\/2012\\\/ina_rama.jpg\"},{\"@type\":\"BreadcrumbList\",\"@id\":\"https:\\\/\\\/fjala.info\\\/2009-2015\\\/hetimet-e-21-janarit-mberrin-pergjigja-e-fbi\\\/#breadcrumb\",\"itemListElement\":[{\"@type\":\"ListItem\",\"position\":1,\"name\":\"Home\",\"item\":\"https:\\\/\\\/fjala.info\\\/2009-2015\\\/\"},{\"@type\":\"ListItem\",\"position\":2,\"name\":\"Hetimet e 21 janarit, mb\u00ebrrin p\u00ebrgjigja e FBI\"}]},{\"@type\":\"WebSite\",\"@id\":\"https:\\\/\\\/fjala.info\\\/2009-2015\\\/#website\",\"url\":\"https:\\\/\\\/fjala.info\\\/2009-2015\\\/\",\"name\":\"FjALA e LIR\u00cb - Arkivi\",\"description\":\"Arkivi 2009-2015\",\"publisher\":{\"@id\":\"https:\\\/\\\/fjala.info\\\/2009-2015\\\/#organization\"},\"potentialAction\":[{\"@type\":\"SearchAction\",\"target\":{\"@type\":\"EntryPoint\",\"urlTemplate\":\"https:\\\/\\\/fjala.info\\\/2009-2015\\\/?s={search_term_string}\"},\"query-input\":{\"@type\":\"PropertyValueSpecification\",\"valueRequired\":true,\"valueName\":\"search_term_string\"}}],\"inLanguage\":\"sq-AL\"},{\"@type\":\"Organization\",\"@id\":\"https:\\\/\\\/fjala.info\\\/2009-2015\\\/#organization\",\"name\":\"FjALA e LIR\u00cb - Arkivi\",\"url\":\"https:\\\/\\\/fjala.info\\\/2009-2015\\\/\",\"logo\":{\"@type\":\"ImageObject\",\"inLanguage\":\"sq-AL\",\"@id\":\"https:\\\/\\\/fjala.info\\\/2009-2015\\\/#\\\/schema\\\/logo\\\/image\\\/\",\"url\":\"\",\"contentUrl\":\"\",\"caption\":\"FjALA e LIR\u00cb - Arkivi\"},\"image\":{\"@id\":\"https:\\\/\\\/fjala.info\\\/2009-2015\\\/#\\\/schema\\\/logo\\\/image\\\/\"}},{\"@type\":\"Person\",\"@id\":\"https:\\\/\\\/fjala.info\\\/2009-2015\\\/#\\\/schema\\\/person\\\/3aa1163ef05469c496fc94e77611ada2\",\"name\":\"admin\",\"image\":{\"@type\":\"ImageObject\",\"inLanguage\":\"sq-AL\",\"@id\":\"https:\\\/\\\/fjala.info\\\/2009-2015\\\/wp-content\\\/uploads\\\/2012\\\/02\\\/arben_cokaj-120x150.jpg\",\"url\":\"https:\\\/\\\/fjala.info\\\/2009-2015\\\/wp-content\\\/uploads\\\/2012\\\/02\\\/arben_cokaj-120x150.jpg\",\"contentUrl\":\"https:\\\/\\\/fjala.info\\\/2009-2015\\\/wp-content\\\/uploads\\\/2012\\\/02\\\/arben_cokaj-120x150.jpg\",\"caption\":\"admin\"},\"description\":\"Admin, Fjala e Lir\u00eb\",\"sameAs\":[\"https:\\\/\\\/fjala.info\\\/\"],\"url\":\"https:\\\/\\\/fjala.info\\\/2009-2015\\\/author\\\/admin\\\/\"}]}<\/script>\n<!-- \/ Yoast SEO plugin. -->","yoast_head_json":{"title":"Hetimet e 21 janarit, mb\u00ebrrin p\u00ebrgjigja e FBI - FjALA e LIR\u00cb - Arkivi","robots":{"index":"index","follow":"follow","max-snippet":"max-snippet:-1","max-image-preview":"max-image-preview:large","max-video-preview":"max-video-preview:-1"},"canonical":"https:\/\/fjala.info\/2009-2015\/hetimet-e-21-janarit-mberrin-pergjigja-e-fbi\/","og_locale":"sq_AL","og_type":"article","og_title":"Hetimet e 21 janarit, mb\u00ebrrin p\u00ebrgjigja e FBI - FjALA e LIR\u00cb - Arkivi","og_description":"TemA, 18 Janar 2012 Pa kaluar 48 or\u00eb nga deklarata e kryeprokurores Ina Rama, n\u00eb zyrat e Prokuroris\u00eb s\u00eb P\u00ebrgjithshme ka mb\u00ebrritur p\u00ebrgjigjia e FBI-s\u00eb p\u00ebr gjith\u00e7ka q\u00eb nevojitet p\u00ebr hetimet e prokuroris\u00eb. Por jo vet\u00ebm kaq. Edhe nj\u00eb deklarat\u00eb e fort\u00eb mb\u00ebshtet\u00ebse e ambasador\u00ebve m\u00eb t\u00eb r\u00ebnd\u00ebsish\u00ebm n\u00eb vend. Disa muaj pas k\u00ebrkes\u00ebs zyrtare, [&hellip;]","og_url":"https:\/\/fjala.info\/2009-2015\/hetimet-e-21-janarit-mberrin-pergjigja-e-fbi\/","og_site_name":"FjALA e LIR\u00cb - Arkivi","article_published_time":"2012-01-19T05:38:44+00:00","og_image":[{"url":"http:\/\/www.shkoder.net\/2012\/ina_rama.jpg","type":"","width":"","height":""}],"author":"admin","twitter_card":"summary_large_image","twitter_misc":{"Written by":"admin","Est. reading time":"2 minutes"},"schema":{"@context":"https:\/\/schema.org","@graph":[{"@type":"Article","@id":"https:\/\/fjala.info\/2009-2015\/hetimet-e-21-janarit-mberrin-pergjigja-e-fbi\/#article","isPartOf":{"@id":"https:\/\/fjala.info\/2009-2015\/hetimet-e-21-janarit-mberrin-pergjigja-e-fbi\/"},"author":{"name":"admin","@id":"https:\/\/fjala.info\/2009-2015\/#\/schema\/person\/3aa1163ef05469c496fc94e77611ada2"},"headline":"Hetimet e 21 janarit, mb\u00ebrrin p\u00ebrgjigja e FBI","datePublished":"2012-01-19T05:38:44+00:00","mainEntityOfPage":{"@id":"https:\/\/fjala.info\/2009-2015\/hetimet-e-21-janarit-mberrin-pergjigja-e-fbi\/"},"wordCount":395,"commentCount":0,"publisher":{"@id":"https:\/\/fjala.info\/2009-2015\/#organization"},"image":{"@id":"https:\/\/fjala.info\/2009-2015\/hetimet-e-21-janarit-mberrin-pergjigja-e-fbi\/#primaryimage"},"thumbnailUrl":"http:\/\/www.shkoder.net\/2012\/ina_rama.jpg","articleSection":["Lajme"],"inLanguage":"sq-AL","potentialAction":[{"@type":"CommentAction","name":"Comment","target":["https:\/\/fjala.info\/2009-2015\/hetimet-e-21-janarit-mberrin-pergjigja-e-fbi\/#respond"]}]},{"@type":"WebPage","@id":"https:\/\/fjala.info\/2009-2015\/hetimet-e-21-janarit-mberrin-pergjigja-e-fbi\/","url":"https:\/\/fjala.info\/2009-2015\/hetimet-e-21-janarit-mberrin-pergjigja-e-fbi\/","name":"Hetimet e 21 janarit, mb\u00ebrrin p\u00ebrgjigja e FBI - FjALA e LIR\u00cb - Arkivi","isPartOf":{"@id":"https:\/\/fjala.info\/2009-2015\/#website"},"primaryImageOfPage":{"@id":"https:\/\/fjala.info\/2009-2015\/hetimet-e-21-janarit-mberrin-pergjigja-e-fbi\/#primaryimage"},"image":{"@id":"https:\/\/fjala.info\/2009-2015\/hetimet-e-21-janarit-mberrin-pergjigja-e-fbi\/#primaryimage"},"thumbnailUrl":"http:\/\/www.shkoder.net\/2012\/ina_rama.jpg","datePublished":"2012-01-19T05:38:44+00:00","breadcrumb":{"@id":"https:\/\/fjala.info\/2009-2015\/hetimet-e-21-janarit-mberrin-pergjigja-e-fbi\/#breadcrumb"},"inLanguage":"sq-AL","potentialAction":[{"@type":"ReadAction","target":["https:\/\/fjala.info\/2009-2015\/hetimet-e-21-janarit-mberrin-pergjigja-e-fbi\/"]}]},{"@type":"ImageObject","inLanguage":"sq-AL","@id":"https:\/\/fjala.info\/2009-2015\/hetimet-e-21-janarit-mberrin-pergjigja-e-fbi\/#primaryimage","url":"http:\/\/www.shkoder.net\/2012\/ina_rama.jpg","contentUrl":"http:\/\/www.shkoder.net\/2012\/ina_rama.jpg"},{"@type":"BreadcrumbList","@id":"https:\/\/fjala.info\/2009-2015\/hetimet-e-21-janarit-mberrin-pergjigja-e-fbi\/#breadcrumb","itemListElement":[{"@type":"ListItem","position":1,"name":"Home","item":"https:\/\/fjala.info\/2009-2015\/"},{"@type":"ListItem","position":2,"name":"Hetimet e 21 janarit, mb\u00ebrrin p\u00ebrgjigja e FBI"}]},{"@type":"WebSite","@id":"https:\/\/fjala.info\/2009-2015\/#website","url":"https:\/\/fjala.info\/2009-2015\/","name":"FjALA e LIR\u00cb - Arkivi","description":"Arkivi 2009-2015","publisher":{"@id":"https:\/\/fjala.info\/2009-2015\/#organization"},"potentialAction":[{"@type":"SearchAction","target":{"@type":"EntryPoint","urlTemplate":"https:\/\/fjala.info\/2009-2015\/?s={search_term_string}"},"query-input":{"@type":"PropertyValueSpecification","valueRequired":true,"valueName":"search_term_string"}}],"inLanguage":"sq-AL"},{"@type":"Organization","@id":"https:\/\/fjala.info\/2009-2015\/#organization","name":"FjALA e LIR\u00cb - Arkivi","url":"https:\/\/fjala.info\/2009-2015\/","logo":{"@type":"ImageObject","inLanguage":"sq-AL","@id":"https:\/\/fjala.info\/2009-2015\/#\/schema\/logo\/image\/","url":"","contentUrl":"","caption":"FjALA e LIR\u00cb - Arkivi"},"image":{"@id":"https:\/\/fjala.info\/2009-2015\/#\/schema\/logo\/image\/"}},{"@type":"Person","@id":"https:\/\/fjala.info\/2009-2015\/#\/schema\/person\/3aa1163ef05469c496fc94e77611ada2","name":"admin","image":{"@type":"ImageObject","inLanguage":"sq-AL","@id":"https:\/\/fjala.info\/2009-2015\/wp-content\/uploads\/2012\/02\/arben_cokaj-120x150.jpg","url":"https:\/\/fjala.info\/2009-2015\/wp-content\/uploads\/2012\/02\/arben_cokaj-120x150.jpg","contentUrl":"https:\/\/fjala.info\/2009-2015\/wp-content\/uploads\/2012\/02\/arben_cokaj-120x150.jpg","caption":"admin"},"description":"Admin, Fjala e Lir\u00eb","sameAs":["https:\/\/fjala.info\/"],"url":"https:\/\/fjala.info\/2009-2015\/author\/admin\/"}]}},"_links":{"self":[{"href":"https:\/\/fjala.info\/2009-2015\/wp-json\/wp\/v2\/posts\/1217","targetHints":{"allow":["GET"]}}],"collection":[{"href":"https:\/\/fjala.info\/2009-2015\/wp-json\/wp\/v2\/posts"}],"about":[{"href":"https:\/\/fjala.info\/2009-2015\/wp-json\/wp\/v2\/types\/post"}],"author":[{"embeddable":true,"href":"https:\/\/fjala.info\/2009-2015\/wp-json\/wp\/v2\/users\/1"}],"replies":[{"embeddable":true,"href":"https:\/\/fjala.info\/2009-2015\/wp-json\/wp\/v2\/comments?post=1217"}],"version-history":[{"count":0,"href":"https:\/\/fjala.info\/2009-2015\/wp-json\/wp\/v2\/posts\/1217\/revisions"}],"wp:attachment":[{"href":"https:\/\/fjala.info\/2009-2015\/wp-json\/wp\/v2\/media?parent=1217"}],"wp:term":[{"taxonomy":"category","embeddable":true,"href":"https:\/\/fjala.info\/2009-2015\/wp-json\/wp\/v2\/categories?post=1217"},{"taxonomy":"post_tag","embeddable":true,"href":"https:\/\/fjala.info\/2009-2015\/wp-json\/wp\/v2\/tags?post=1217"}],"curies":[{"name":"wp","href":"https:\/\/api.w.org\/{rel}","templated":true}]}}