{"id":12158,"date":"2012-11-05T16:52:54","date_gmt":"2012-11-05T15:52:54","guid":{"rendered":"http:\/\/www.fjala.info\/?p=5734"},"modified":"2012-11-05T16:52:54","modified_gmt":"2012-11-05T15:52:54","slug":"tap-nabuko-aleanca-strategjike-rusi-gjermani-dhe-doktrina-brzezinski","status":"publish","type":"post","link":"https:\/\/fjala.info\/2009-2015\/tap-nabuko-aleanca-strategjike-rusi-gjermani-dhe-doktrina-brzezinski\/","title":{"rendered":"Tap, Nabuko, aleanca strategjike Rusi &#8211; Gjermani dhe doktrina Brzezinski"},"content":{"rendered":"<p><img decoding=\"async\" class=\"alignright size-thumbnail wp-image-7236\" title=\"TAP and IAP maps\" src=\"http:\/\/www.fjala.info\/2012\/tap_and_iap_maps.jpg\" alt=\"\" width=\"300\" \/> Nga <strong>Nevila Metohu<\/strong>, <em>5 n\u00ebntor 2012<\/em><\/p>\n<p>Kemi kaluar gjith\u00eb jet\u00ebn duke u vet\u00ebnd\u00ebshkuar, ose duke u vet\u00ebshfaj\u00ebsuar. S&#8217;kemi fat, kemi q\u00ebn\u00eb 5 qind vjet n\u00ebn Turqin\u00eb, na d\u00ebnuan, na plas\u00ebn n\u00ebn protektoratin e Rusise, e kemi fajin vet se u lidh\u00ebm me Kin\u00ebn. Po a \u00ebsht\u00eb v\u00ebrtet\u00eb k\u00ebshtu? \u00c7fare peshe kan\u00eb vendimet e nj\u00ebkah\u00ebshme t\u00eb nj\u00eb shteti apo bashk\u00ebsie shtetesh?<\/p>\n<p>Le t\u00eb marrim nj\u00eb nga frazat m\u00eb dometh\u00ebn\u00ebse t\u00eb politologut t\u00eb madh amerikan Zbigniew Brzezinski -k\u00ebshilltar i besuar i Xhimi Karterit dhe an\u00ebtar i p\u00ebrhersh\u00ebm i Komisionit Trilateral &#8211; po e shkruaj n\u00eb thojza t\u00eb plot\u00eb:<\/p>\n<p>&#8220;Duke p\u00ebrdorur nj\u00eb terminollogji q\u00eb t\u00eb kujton koh\u00ebt brutale t\u00eb Perandorive t\u00eb lashta, tre jane pikat e palujt\u00ebshme t\u00eb strategjis\u00eb amerikane, parandalimi i p\u00ebrplasjeve midis vasal\u00ebve, mbajtja e tributar\u00ebve t\u00eb dob\u00ebt e t\u00eb mbrojtur nj\u00ebkohesisht dhe sidomos pengimi i bashkimit t\u00eb barbar\u00ebve.&#8221;<\/p>\n<p>E famshmja <em>Pax Augustea o Pax romana<\/em>.<\/p>\n<p>Jemi n\u00eb pik\u00ebn ku barbar\u00ebt bashkohen. Ndodh historikisht n\u00eb m\u00ebnyr\u00eb ciklike: pakti i Treshes lindore t\u00eb Perandor\u00ebve, Austri, Germani, Rusi 1881, pakti Von Ribbetrop- Molotov n\u00eb 1939, zbatimi me disiplin\u00eb gjermane e t\u00eb ashtuquajtur\u00ebs Ostpolitik, jan\u00eb k\u00ebto disa shembuj m\u00eb kulmor\u00eb t\u00eb shprehjes kostante t\u00eb politik\u00ebs s\u00eb jasht\u00ebme gjermane.<\/p>\n<p>Fuqizimi dhe intensifikimi i mardh\u00ebnieve tregtare me Kinen, si rezultat i nj\u00eb politike zhvendosjeje t\u00eb nj\u00ebtrajt\u00ebshme gjermanike drejt Lindjes dhe Lindjes s\u00eb Larg\u00ebt, v\u00ebrteton tendenc\u00ebn p\u00ebr afrim me qendrat e reja t\u00eb gravitetit t\u00eb planetit, BRIK&#8217;s &#8211; Brazil, Rusi, Indi dhe Kine &#8211; t\u00eb cil\u00ebt po zhvendosin akset e rritjes ekonomike bot\u00ebrore nga Atllantiku n\u00eb Oqeanin Indian e Paq\u00ebsor. Pak shifra sa p\u00ebr t\u00eb patur iden\u00eb e masave finanziare q\u00eb l\u00ebvizin k\u00ebto dy ekonomi.<\/p>\n<p>N\u00eb prill t\u00eb k\u00ebtij viti kryeministri kinez Wen Jibao firmosi n\u00eb Wolfsburg hapjen fabrik\u00ebs Volkswagen n\u00eb rajonin e Xinjang, do jet\u00eb nj\u00eb nga 6 mije fabrikat me teknollogji gjermane n\u00eb Kin\u00eb. Intershk\u00ebmbimi Gjermani e Kin\u00eb arriti n\u00eb vitin 2011 shifr\u00ebn 144 miliard\u00eb dollar\u00eb dhe br\u00ebnda 2015 kap shifr\u00ebn e 221 miliard\u00ebve.<\/p>\n<p>Ky vend\u00ebsim i ri i fuqis\u00eb teutonike i detyrohet n\u00eb nj\u00eb mas\u00eb kritike rolit t\u00eb Rusise s\u00eb Putinit: 400 mij\u00eb ton mallra vjetore t\u00eb prodhuara nga 6000 fabrikat e zhvendosura n\u00eb Kine kalojn\u00eb mbi binar\u00ebt e hekurudh\u00ebs t\u00eb p\u00ebrbashk\u00ebt Deutsche Bahn e Rossijskie Zheleznije Dorogi. K\u00ebt\u00eb t\u00eb fundit, sipas marr\u00ebveshjes Eurasia Rail Logistic, po e modernizon shoq\u00ebria hekurudhore gjermane n\u00eb bashk\u00ebpunim me Siemens; 9000 kilometra hekurudhe Transiberiane. Interesat e kapitalit gjerman, t\u00eb p\u00ebrfaq\u00ebsuar nga kolosi financiar Deutsche Bank, filluan t\u00eb shpreh\u00ebn q\u00eb nga r\u00ebnia e murit te Berlinit, kur Alfred Herrhausen presidenti i at\u00ebhershem i DB, nd\u00ebrhyri pran\u00eb Bank\u00ebs Bot\u00ebrore p\u00ebr t\u00eb nd\u00ebrmjetsuar faljen e borxhit nd\u00ebrbankar t\u00eb DDR q\u00eb kapte 200 miliarde marka.<\/p>\n<p>Ajo q\u00eb ndodhi m\u00eb von\u00eb \u00ebsht\u00eb ende m\u00eb e qart\u00eb. Interesat e Berlinit ishin larg\u00ebpam\u00ebse dhe aty nga fillimi i viteve 90 kolosi BASF, n\u00ebp\u00ebrmjet Wintershall dhe t\u00eb kontrolluar\u00ebs Wingas krijojne nj\u00eb partnership me Gazprom, q\u00eb do te furnizonte me gaz 40% t\u00eb tregut Gjerman dhe n\u00eb korrik t\u00eb vitit 2011 bashk\u00ebpunimi i k\u00ebtyre shoqerive do t\u00eb \u00e7onte n\u00eb p\u00ebrmbarimin e nj\u00eb nga veprave m\u00eb madhore energjitike: gazsjellsi Nord Stream OPAL.<\/p>\n<p>Asaj q\u00eb i trembej Henry Kissinger ndjek\u00ebs i Sir Halford Mackinder, babai i gjeopolitik\u00ebs britanike.<\/p>\n<p>Le te kthehemi te shpresat tona. Jemi akoma ne bunac\u00ebn e Shadow line t\u00eb p\u00ebrshkruar nga Konrad duke u qar\u00eb e p\u00ebrp\u00eblitur?<\/p>\n<p>Duket sikur pak fllad ka filluar. Firmosja m\u00eb dat\u00ebn 27 shtator &#8211; vini re vendin, se nuk \u00ebsht\u00eb i rast\u00ebsish\u00ebm &#8211; n\u00eb New York, n\u00eb ndertes\u00ebn e OKB e nj\u00eb marveshjeje t\u00eb p\u00ebrbashk\u00ebt Itali, Shqiperi, Greqi p\u00ebr mb\u00ebshtetjen politike t\u00eb gazsjellsit te Adriatikut, Trans Andriatic Pipeline ishte nj\u00eb hap i madh. I shtyr\u00eb nga Shtetet e Bashkuara do t\u00eb shtoja me nj\u00eb kenaq\u00ebsi t\u00eb brendshme.<\/p>\n<p>Shp\u00ebtuam? Na hoq\u00ebn nga black list &#8211; lista e zez\u00eb? Pak durim.<\/p>\n<p>P\u00ebr trasportimin e gazit azerbajxhanas t\u00eb depozitave t\u00eb Konsorcit Shah Deniz, i p\u00ebrb\u00ebr\u00eb nga British Petroleum, STATOIL norvegjeze, SOCAR azere, TOTAL franceze, LUKOIL ruse, NIOC iraniane, TPAO turke, u rradhit\u00ebn n\u00eb gar\u00eb disa projekte; ITGI , Nabuko, TAP e Southstream.<\/p>\n<p>Italia n\u00eb k\u00ebt\u00eb loje shahu deri dje ndiqte projektet e drejtuar nga Enel, Eni, dhe n\u00ebn streh\u00ebn e miq\u00ebsis\u00eb Berluskoni Putin, n\u00ebnshkroi n\u00eb vitin 2009 n\u00eb Soci krijimin e SeverEnergia, shoq\u00ebri e p\u00ebrbashk\u00ebt me Gazprom per shfryt\u00ebzimin e rezervave siberiane. Menj\u00ebher\u00eb mbas n\u00ebnshkrimit, nd\u00ebrkoh\u00eb q\u00eb Putin edhe Berluskoni po festonin me nj\u00eb dark\u00eb t\u00eb madh\u00ebrishme n\u00eb restorantin Mare Blu, nj\u00eb restorant karakteristik buz\u00eb Detit te Zi, e p\u00ebrditshmja ekonomike ruse Kommersant komentoi dob\u00ebsin\u00eb e partnerit italian n\u00eb k\u00ebt\u00eb marr\u00ebveshje, partner q\u00eb kishte manovruar jasht\u00eb konsensusit t\u00eb BE, lexo t\u00eb Gjermanis\u00eb. Opcioni ITGI q\u00eb nxirrte Shqip\u00ebrin\u00eb jasht\u00eb loje dhe q\u00eb i p\u00eblqente shum\u00eb Greqis\u00eb u skualifikua, per mosbesimin e Konsorcit Shah Deniz tek qendrueshm\u00ebria financiare e shoqerise greke DEFA.<\/p>\n<p>Nabuko, shprehje e interesave te bashk\u00ebsise satellitore austriako germane, mb\u00ebshtetej fillimisht n\u00eb mas\u00eb t\u00eb barabart\u00eb 16,67% nga Hungaria (FGSZ) e cila n\u00eb prill t\u00eb k\u00ebtij viti beri sikur t\u00eb dilte nga projekti, Rumania (TRANSGAZ), Austria (OMW) Bullgaria (BEH), Turqia (BOTAS) dhe Gjermania me shoq\u00ebrin\u00eb (RWE). Nd\u00ebrkoh\u00eb q\u00eb Hungaria filloi t\u00eb kishte probleme me buxhetin, edhe Bullgaria filloi t\u00eb l\u00ebkundet nga joshjet e Gazpromit.<\/p>\n<p>Q\u00eb mos ta zgjasim shum\u00eb, Konsorcit Shah Deniz tashm\u00eb i duhet te zgjedh\u00eb midis Nabuko i ashtuquajtur Nabuko per\u00ebndimor e TAP.<\/p>\n<p>P\u00ebr ne zgjedhja e TAP ka dometh\u00ebnie t\u00eb jasht\u00ebzakonshme.<\/p>\n<p>Por si n\u00eb ato filmat horror thriller, kur aty nga fundi t\u00eb duket vetja si shum\u00eb smart, ke zbuluar autorin e krimin, enigma po zb\u00ebrthehet, pik\u00ebrisht at\u00ebhere t\u00eb arrin nj\u00eb element i cili zgjon nj\u00eb seri llogjikash t\u00eb fjetura. Gj\u00ebra q\u00eb i dije, po nuk i kishe v\u00ebrtetuar p\u00ebr t\u2019i dh\u00ebn\u00eb patent\u00eb qarkullimi n\u00eb mendjen t\u00ebnde.<\/p>\n<p>N\u00eb fund t\u00eb fundit kush \u00ebsht\u00eb elementi q\u00eb vendos? SHBA n\u00ebp\u00ebrmjet lobeve t\u00eb saj, apo koloset energjitik\u00eb n\u00ebp\u00ebrmjet mb\u00ebshtetjeve t\u00eb tyre politike? Vendos Kongresi Amerikan apo Komisioni Trilateral? Ka m\u00eb shum\u00eb pesh\u00eb Deutsche Bank, British Petroleum, Siemens, Basf, apo qeverit\u00eb? Apo \u00ebsht\u00eb e kund\u00ebrta, jane lobet energjitike q\u00eb p\u00ebrcaktojn\u00eb fatet e qeverive dhe qeveritareve. Vini re humbjen e Merkel n\u00eb rajonin Reno Westfali ku fitoi ne Znj Kraft e koalicionit SPD &#8211; Verdi.<\/p>\n<p><em>Veza pul\u00ebn apo pula vez\u00ebn?<\/em><\/p>\n<p>Nj\u00eb komunikat\u00eb e British Petroleum n\u00eb qershor t\u00eb k\u00ebtij viti i hap drit\u00ebn jeshile TAP duke groposur Nabukon, p\u00ebr t\u00eb cilin n\u00eb thelb vihet n\u00eb dukje se \u00ebsht\u00eb ekonomik deri n\u00eb mas\u00ebn e 10 miliard\u00eb m3 gaz n\u00eb vit. Nabuko ka nj\u00eb projekt faraonik prej 30Mld m3 n\u00eb vit.<\/p>\n<p>Mbase British Petroleum ka n\u00eb plan t\u00eb investoj\u00eb vet\u00eb n\u00eb projektin TAP, ose mbase po zbatohet doktrina Brzezinski.<\/p>\n<p>Por Nabuko esht\u00eb si ai faraoni: i vdekur, i patretur. M\u00eb daten 8 tetor 2012 n\u00eb Vjen\u00eb u zhvillua nj\u00eb mbledhje n\u00eb rang ministrash ku mori pjese edhe ministri i Azerbajxhanit Natig Aliev. Ministri i Ekonomise, austriaku Reinhold Mitterlehner tha se shanset e Nabukos p\u00ebr tu zgjedhur jan\u00eb tek 50%.<\/p>\n<p>N\u00ebqoft\u00ebse BP do t\u00eb orientohet vendosm\u00ebrisht p\u00ebr TAP, nj\u00eb gj\u00eb \u00ebsht\u00eb e sigurt, n\u00eb supermerkat\u00ebn bot\u00ebrore, ne si Shqip\u00ebri, q\u00eb aktualisht nuk jemi t\u00eb kataloguar tek reparti i tulipaneve, kalojme tek tregu i energjise.<\/p>\n<p><span style=\"font-size: xx-small;\"><br \/>\nBurimet:<br \/>\n\u2022Affari &amp; Finanza 15\/5\/2009 &#8220;Eni, Enel intesa con Gazprom per il Gasdotto Southstream&#8221;,<br \/>\n\u2022Il Sole24Ore 29\/06\/2012 &#8220;Nabucco Ovest in gara per il gas azero&#8221; Sissi Bellomo,<br \/>\n\u2022Il Sole24Ore 13\/05\/2012 &#8220;Crolla la CDU della Merkel in Nord Reno-Vestfalia. Trionfo SpD, pirati in parlamento per la quarta volta&#8221;<br \/>\n\u2022http\/\/www.wingas.de\/20 jahr, press site<br \/>\n\u2022La Stampa Economia 13\/07\/2011 &#8220;22 mesi Wingas controllato da Wintershall-Basf-Gazprom completa lavori Nord stream&#8221;,<br \/>\n\u2022http:\/\/in.mobile.reuters.com\/article\/ Gazprom eyes bigger stake in Germany&#8217;s Wingas &#8211; report sept, 12,2012,<br \/>\n\u2022Il Mondo (Fonte AFP) 8\/10\/2012,<br \/>\n\u2022Zbigniev Brzezinski, &#8220;La grande scacchiera. Il mondo e la politica nell&#8217;era della supremacia americana&#8221; Longanesi, Milano 1998.<\/span><\/p>\n","protected":false},"excerpt":{"rendered":"<p>Nga Nevila Metohu, 5 n\u00ebntor 2012 Kemi kaluar gjith\u00eb jet\u00ebn duke u vet\u00ebnd\u00ebshkuar, ose duke u vet\u00ebshfaj\u00ebsuar. S&#8217;kemi fat, kemi q\u00ebn\u00eb 5 qind vjet n\u00ebn Turqin\u00eb, na d\u00ebnuan, na plas\u00ebn n\u00ebn protektoratin e Rusise, e kemi fajin vet se u lidh\u00ebm me Kin\u00ebn. Po a \u00ebsht\u00eb v\u00ebrtet\u00eb k\u00ebshtu? \u00c7fare peshe kan\u00eb vendimet e nj\u00ebkah\u00ebshme t\u00eb [&hellip;]<\/p>\n","protected":false},"author":1,"featured_media":0,"comment_status":"open","ping_status":"closed","sticky":false,"template":"","format":"standard","meta":{"footnotes":""},"categories":[2],"tags":[],"class_list":{"0":"post-12158","1":"post","2":"type-post","3":"status-publish","4":"format-standard","6":"category-artikuj"},"yoast_head":"<!-- This site is optimized with the Yoast SEO plugin v27.4 - https:\/\/yoast.com\/product\/yoast-seo-wordpress\/ -->\n<title>Tap, Nabuko, aleanca strategjike Rusi - Gjermani dhe doktrina Brzezinski - FjALA e LIR\u00cb - Arkivi<\/title>\n<meta name=\"robots\" content=\"index, follow, max-snippet:-1, max-image-preview:large, max-video-preview:-1\" \/>\n<link rel=\"canonical\" href=\"https:\/\/fjala.info\/2009-2015\/tap-nabuko-aleanca-strategjike-rusi-gjermani-dhe-doktrina-brzezinski\/\" \/>\n<meta property=\"og:locale\" content=\"sq_AL\" \/>\n<meta property=\"og:type\" content=\"article\" \/>\n<meta property=\"og:title\" content=\"Tap, Nabuko, aleanca strategjike Rusi - Gjermani dhe doktrina Brzezinski - FjALA e LIR\u00cb - Arkivi\" \/>\n<meta property=\"og:description\" content=\"Nga Nevila Metohu, 5 n\u00ebntor 2012 Kemi kaluar gjith\u00eb jet\u00ebn duke u vet\u00ebnd\u00ebshkuar, ose duke u vet\u00ebshfaj\u00ebsuar. S&#8217;kemi fat, kemi q\u00ebn\u00eb 5 qind vjet n\u00ebn Turqin\u00eb, na d\u00ebnuan, na plas\u00ebn n\u00ebn protektoratin e Rusise, e kemi fajin vet se u lidh\u00ebm me Kin\u00ebn. Po a \u00ebsht\u00eb v\u00ebrtet\u00eb k\u00ebshtu? \u00c7fare peshe kan\u00eb vendimet e nj\u00ebkah\u00ebshme t\u00eb [&hellip;]\" \/>\n<meta property=\"og:url\" content=\"https:\/\/fjala.info\/2009-2015\/tap-nabuko-aleanca-strategjike-rusi-gjermani-dhe-doktrina-brzezinski\/\" \/>\n<meta property=\"og:site_name\" content=\"FjALA e LIR\u00cb - Arkivi\" \/>\n<meta property=\"article:published_time\" content=\"2012-11-05T15:52:54+00:00\" \/>\n<meta property=\"og:image\" content=\"http:\/\/www.fjala.info\/2012\/tap_and_iap_maps.jpg\" \/>\n<meta name=\"author\" content=\"admin\" \/>\n<meta name=\"twitter:card\" content=\"summary_large_image\" \/>\n<meta name=\"twitter:label1\" content=\"Written by\" \/>\n\t<meta name=\"twitter:data1\" content=\"admin\" \/>\n\t<meta name=\"twitter:label2\" content=\"Est. reading time\" \/>\n\t<meta name=\"twitter:data2\" content=\"7 minutes\" \/>\n<script type=\"application\/ld+json\" class=\"yoast-schema-graph\">{\"@context\":\"https:\\\/\\\/schema.org\",\"@graph\":[{\"@type\":\"Article\",\"@id\":\"https:\\\/\\\/fjala.info\\\/2009-2015\\\/tap-nabuko-aleanca-strategjike-rusi-gjermani-dhe-doktrina-brzezinski\\\/#article\",\"isPartOf\":{\"@id\":\"https:\\\/\\\/fjala.info\\\/2009-2015\\\/tap-nabuko-aleanca-strategjike-rusi-gjermani-dhe-doktrina-brzezinski\\\/\"},\"author\":{\"name\":\"admin\",\"@id\":\"https:\\\/\\\/fjala.info\\\/2009-2015\\\/#\\\/schema\\\/person\\\/3aa1163ef05469c496fc94e77611ada2\"},\"headline\":\"Tap, Nabuko, aleanca strategjike Rusi &#8211; Gjermani dhe doktrina Brzezinski\",\"datePublished\":\"2012-11-05T15:52:54+00:00\",\"mainEntityOfPage\":{\"@id\":\"https:\\\/\\\/fjala.info\\\/2009-2015\\\/tap-nabuko-aleanca-strategjike-rusi-gjermani-dhe-doktrina-brzezinski\\\/\"},\"wordCount\":1414,\"commentCount\":0,\"publisher\":{\"@id\":\"https:\\\/\\\/fjala.info\\\/2009-2015\\\/#organization\"},\"image\":{\"@id\":\"https:\\\/\\\/fjala.info\\\/2009-2015\\\/tap-nabuko-aleanca-strategjike-rusi-gjermani-dhe-doktrina-brzezinski\\\/#primaryimage\"},\"thumbnailUrl\":\"http:\\\/\\\/www.fjala.info\\\/2012\\\/tap_and_iap_maps.jpg\",\"articleSection\":[\"Artikuj\"],\"inLanguage\":\"sq-AL\",\"potentialAction\":[{\"@type\":\"CommentAction\",\"name\":\"Comment\",\"target\":[\"https:\\\/\\\/fjala.info\\\/2009-2015\\\/tap-nabuko-aleanca-strategjike-rusi-gjermani-dhe-doktrina-brzezinski\\\/#respond\"]}]},{\"@type\":\"WebPage\",\"@id\":\"https:\\\/\\\/fjala.info\\\/2009-2015\\\/tap-nabuko-aleanca-strategjike-rusi-gjermani-dhe-doktrina-brzezinski\\\/\",\"url\":\"https:\\\/\\\/fjala.info\\\/2009-2015\\\/tap-nabuko-aleanca-strategjike-rusi-gjermani-dhe-doktrina-brzezinski\\\/\",\"name\":\"Tap, Nabuko, aleanca strategjike Rusi - Gjermani dhe doktrina Brzezinski - FjALA e LIR\u00cb - Arkivi\",\"isPartOf\":{\"@id\":\"https:\\\/\\\/fjala.info\\\/2009-2015\\\/#website\"},\"primaryImageOfPage\":{\"@id\":\"https:\\\/\\\/fjala.info\\\/2009-2015\\\/tap-nabuko-aleanca-strategjike-rusi-gjermani-dhe-doktrina-brzezinski\\\/#primaryimage\"},\"image\":{\"@id\":\"https:\\\/\\\/fjala.info\\\/2009-2015\\\/tap-nabuko-aleanca-strategjike-rusi-gjermani-dhe-doktrina-brzezinski\\\/#primaryimage\"},\"thumbnailUrl\":\"http:\\\/\\\/www.fjala.info\\\/2012\\\/tap_and_iap_maps.jpg\",\"datePublished\":\"2012-11-05T15:52:54+00:00\",\"breadcrumb\":{\"@id\":\"https:\\\/\\\/fjala.info\\\/2009-2015\\\/tap-nabuko-aleanca-strategjike-rusi-gjermani-dhe-doktrina-brzezinski\\\/#breadcrumb\"},\"inLanguage\":\"sq-AL\",\"potentialAction\":[{\"@type\":\"ReadAction\",\"target\":[\"https:\\\/\\\/fjala.info\\\/2009-2015\\\/tap-nabuko-aleanca-strategjike-rusi-gjermani-dhe-doktrina-brzezinski\\\/\"]}]},{\"@type\":\"ImageObject\",\"inLanguage\":\"sq-AL\",\"@id\":\"https:\\\/\\\/fjala.info\\\/2009-2015\\\/tap-nabuko-aleanca-strategjike-rusi-gjermani-dhe-doktrina-brzezinski\\\/#primaryimage\",\"url\":\"http:\\\/\\\/www.fjala.info\\\/2012\\\/tap_and_iap_maps.jpg\",\"contentUrl\":\"http:\\\/\\\/www.fjala.info\\\/2012\\\/tap_and_iap_maps.jpg\"},{\"@type\":\"BreadcrumbList\",\"@id\":\"https:\\\/\\\/fjala.info\\\/2009-2015\\\/tap-nabuko-aleanca-strategjike-rusi-gjermani-dhe-doktrina-brzezinski\\\/#breadcrumb\",\"itemListElement\":[{\"@type\":\"ListItem\",\"position\":1,\"name\":\"Home\",\"item\":\"https:\\\/\\\/fjala.info\\\/2009-2015\\\/\"},{\"@type\":\"ListItem\",\"position\":2,\"name\":\"Tap, Nabuko, aleanca strategjike Rusi &#8211; Gjermani dhe doktrina Brzezinski\"}]},{\"@type\":\"WebSite\",\"@id\":\"https:\\\/\\\/fjala.info\\\/2009-2015\\\/#website\",\"url\":\"https:\\\/\\\/fjala.info\\\/2009-2015\\\/\",\"name\":\"FjALA e LIR\u00cb - Arkivi\",\"description\":\"Arkivi 2009-2015\",\"publisher\":{\"@id\":\"https:\\\/\\\/fjala.info\\\/2009-2015\\\/#organization\"},\"potentialAction\":[{\"@type\":\"SearchAction\",\"target\":{\"@type\":\"EntryPoint\",\"urlTemplate\":\"https:\\\/\\\/fjala.info\\\/2009-2015\\\/?s={search_term_string}\"},\"query-input\":{\"@type\":\"PropertyValueSpecification\",\"valueRequired\":true,\"valueName\":\"search_term_string\"}}],\"inLanguage\":\"sq-AL\"},{\"@type\":\"Organization\",\"@id\":\"https:\\\/\\\/fjala.info\\\/2009-2015\\\/#organization\",\"name\":\"FjALA e LIR\u00cb - Arkivi\",\"url\":\"https:\\\/\\\/fjala.info\\\/2009-2015\\\/\",\"logo\":{\"@type\":\"ImageObject\",\"inLanguage\":\"sq-AL\",\"@id\":\"https:\\\/\\\/fjala.info\\\/2009-2015\\\/#\\\/schema\\\/logo\\\/image\\\/\",\"url\":\"\",\"contentUrl\":\"\",\"caption\":\"FjALA e LIR\u00cb - Arkivi\"},\"image\":{\"@id\":\"https:\\\/\\\/fjala.info\\\/2009-2015\\\/#\\\/schema\\\/logo\\\/image\\\/\"}},{\"@type\":\"Person\",\"@id\":\"https:\\\/\\\/fjala.info\\\/2009-2015\\\/#\\\/schema\\\/person\\\/3aa1163ef05469c496fc94e77611ada2\",\"name\":\"admin\",\"image\":{\"@type\":\"ImageObject\",\"inLanguage\":\"sq-AL\",\"@id\":\"https:\\\/\\\/fjala.info\\\/2009-2015\\\/wp-content\\\/uploads\\\/2012\\\/02\\\/arben_cokaj-120x150.jpg\",\"url\":\"https:\\\/\\\/fjala.info\\\/2009-2015\\\/wp-content\\\/uploads\\\/2012\\\/02\\\/arben_cokaj-120x150.jpg\",\"contentUrl\":\"https:\\\/\\\/fjala.info\\\/2009-2015\\\/wp-content\\\/uploads\\\/2012\\\/02\\\/arben_cokaj-120x150.jpg\",\"caption\":\"admin\"},\"description\":\"Admin, Fjala e Lir\u00eb\",\"sameAs\":[\"https:\\\/\\\/fjala.info\\\/\"],\"url\":\"https:\\\/\\\/fjala.info\\\/2009-2015\\\/author\\\/admin\\\/\"}]}<\/script>\n<!-- \/ Yoast SEO plugin. -->","yoast_head_json":{"title":"Tap, Nabuko, aleanca strategjike Rusi - Gjermani dhe doktrina Brzezinski - FjALA e LIR\u00cb - Arkivi","robots":{"index":"index","follow":"follow","max-snippet":"max-snippet:-1","max-image-preview":"max-image-preview:large","max-video-preview":"max-video-preview:-1"},"canonical":"https:\/\/fjala.info\/2009-2015\/tap-nabuko-aleanca-strategjike-rusi-gjermani-dhe-doktrina-brzezinski\/","og_locale":"sq_AL","og_type":"article","og_title":"Tap, Nabuko, aleanca strategjike Rusi - Gjermani dhe doktrina Brzezinski - FjALA e LIR\u00cb - Arkivi","og_description":"Nga Nevila Metohu, 5 n\u00ebntor 2012 Kemi kaluar gjith\u00eb jet\u00ebn duke u vet\u00ebnd\u00ebshkuar, ose duke u vet\u00ebshfaj\u00ebsuar. S&#8217;kemi fat, kemi q\u00ebn\u00eb 5 qind vjet n\u00ebn Turqin\u00eb, na d\u00ebnuan, na plas\u00ebn n\u00ebn protektoratin e Rusise, e kemi fajin vet se u lidh\u00ebm me Kin\u00ebn. Po a \u00ebsht\u00eb v\u00ebrtet\u00eb k\u00ebshtu? \u00c7fare peshe kan\u00eb vendimet e nj\u00ebkah\u00ebshme t\u00eb [&hellip;]","og_url":"https:\/\/fjala.info\/2009-2015\/tap-nabuko-aleanca-strategjike-rusi-gjermani-dhe-doktrina-brzezinski\/","og_site_name":"FjALA e LIR\u00cb - Arkivi","article_published_time":"2012-11-05T15:52:54+00:00","og_image":[{"url":"http:\/\/www.fjala.info\/2012\/tap_and_iap_maps.jpg","type":"","width":"","height":""}],"author":"admin","twitter_card":"summary_large_image","twitter_misc":{"Written by":"admin","Est. reading time":"7 minutes"},"schema":{"@context":"https:\/\/schema.org","@graph":[{"@type":"Article","@id":"https:\/\/fjala.info\/2009-2015\/tap-nabuko-aleanca-strategjike-rusi-gjermani-dhe-doktrina-brzezinski\/#article","isPartOf":{"@id":"https:\/\/fjala.info\/2009-2015\/tap-nabuko-aleanca-strategjike-rusi-gjermani-dhe-doktrina-brzezinski\/"},"author":{"name":"admin","@id":"https:\/\/fjala.info\/2009-2015\/#\/schema\/person\/3aa1163ef05469c496fc94e77611ada2"},"headline":"Tap, Nabuko, aleanca strategjike Rusi &#8211; Gjermani dhe doktrina Brzezinski","datePublished":"2012-11-05T15:52:54+00:00","mainEntityOfPage":{"@id":"https:\/\/fjala.info\/2009-2015\/tap-nabuko-aleanca-strategjike-rusi-gjermani-dhe-doktrina-brzezinski\/"},"wordCount":1414,"commentCount":0,"publisher":{"@id":"https:\/\/fjala.info\/2009-2015\/#organization"},"image":{"@id":"https:\/\/fjala.info\/2009-2015\/tap-nabuko-aleanca-strategjike-rusi-gjermani-dhe-doktrina-brzezinski\/#primaryimage"},"thumbnailUrl":"http:\/\/www.fjala.info\/2012\/tap_and_iap_maps.jpg","articleSection":["Artikuj"],"inLanguage":"sq-AL","potentialAction":[{"@type":"CommentAction","name":"Comment","target":["https:\/\/fjala.info\/2009-2015\/tap-nabuko-aleanca-strategjike-rusi-gjermani-dhe-doktrina-brzezinski\/#respond"]}]},{"@type":"WebPage","@id":"https:\/\/fjala.info\/2009-2015\/tap-nabuko-aleanca-strategjike-rusi-gjermani-dhe-doktrina-brzezinski\/","url":"https:\/\/fjala.info\/2009-2015\/tap-nabuko-aleanca-strategjike-rusi-gjermani-dhe-doktrina-brzezinski\/","name":"Tap, Nabuko, aleanca strategjike Rusi - Gjermani dhe doktrina Brzezinski - FjALA e LIR\u00cb - Arkivi","isPartOf":{"@id":"https:\/\/fjala.info\/2009-2015\/#website"},"primaryImageOfPage":{"@id":"https:\/\/fjala.info\/2009-2015\/tap-nabuko-aleanca-strategjike-rusi-gjermani-dhe-doktrina-brzezinski\/#primaryimage"},"image":{"@id":"https:\/\/fjala.info\/2009-2015\/tap-nabuko-aleanca-strategjike-rusi-gjermani-dhe-doktrina-brzezinski\/#primaryimage"},"thumbnailUrl":"http:\/\/www.fjala.info\/2012\/tap_and_iap_maps.jpg","datePublished":"2012-11-05T15:52:54+00:00","breadcrumb":{"@id":"https:\/\/fjala.info\/2009-2015\/tap-nabuko-aleanca-strategjike-rusi-gjermani-dhe-doktrina-brzezinski\/#breadcrumb"},"inLanguage":"sq-AL","potentialAction":[{"@type":"ReadAction","target":["https:\/\/fjala.info\/2009-2015\/tap-nabuko-aleanca-strategjike-rusi-gjermani-dhe-doktrina-brzezinski\/"]}]},{"@type":"ImageObject","inLanguage":"sq-AL","@id":"https:\/\/fjala.info\/2009-2015\/tap-nabuko-aleanca-strategjike-rusi-gjermani-dhe-doktrina-brzezinski\/#primaryimage","url":"http:\/\/www.fjala.info\/2012\/tap_and_iap_maps.jpg","contentUrl":"http:\/\/www.fjala.info\/2012\/tap_and_iap_maps.jpg"},{"@type":"BreadcrumbList","@id":"https:\/\/fjala.info\/2009-2015\/tap-nabuko-aleanca-strategjike-rusi-gjermani-dhe-doktrina-brzezinski\/#breadcrumb","itemListElement":[{"@type":"ListItem","position":1,"name":"Home","item":"https:\/\/fjala.info\/2009-2015\/"},{"@type":"ListItem","position":2,"name":"Tap, Nabuko, aleanca strategjike Rusi &#8211; Gjermani dhe doktrina Brzezinski"}]},{"@type":"WebSite","@id":"https:\/\/fjala.info\/2009-2015\/#website","url":"https:\/\/fjala.info\/2009-2015\/","name":"FjALA e LIR\u00cb - Arkivi","description":"Arkivi 2009-2015","publisher":{"@id":"https:\/\/fjala.info\/2009-2015\/#organization"},"potentialAction":[{"@type":"SearchAction","target":{"@type":"EntryPoint","urlTemplate":"https:\/\/fjala.info\/2009-2015\/?s={search_term_string}"},"query-input":{"@type":"PropertyValueSpecification","valueRequired":true,"valueName":"search_term_string"}}],"inLanguage":"sq-AL"},{"@type":"Organization","@id":"https:\/\/fjala.info\/2009-2015\/#organization","name":"FjALA e LIR\u00cb - Arkivi","url":"https:\/\/fjala.info\/2009-2015\/","logo":{"@type":"ImageObject","inLanguage":"sq-AL","@id":"https:\/\/fjala.info\/2009-2015\/#\/schema\/logo\/image\/","url":"","contentUrl":"","caption":"FjALA e LIR\u00cb - Arkivi"},"image":{"@id":"https:\/\/fjala.info\/2009-2015\/#\/schema\/logo\/image\/"}},{"@type":"Person","@id":"https:\/\/fjala.info\/2009-2015\/#\/schema\/person\/3aa1163ef05469c496fc94e77611ada2","name":"admin","image":{"@type":"ImageObject","inLanguage":"sq-AL","@id":"https:\/\/fjala.info\/2009-2015\/wp-content\/uploads\/2012\/02\/arben_cokaj-120x150.jpg","url":"https:\/\/fjala.info\/2009-2015\/wp-content\/uploads\/2012\/02\/arben_cokaj-120x150.jpg","contentUrl":"https:\/\/fjala.info\/2009-2015\/wp-content\/uploads\/2012\/02\/arben_cokaj-120x150.jpg","caption":"admin"},"description":"Admin, Fjala e Lir\u00eb","sameAs":["https:\/\/fjala.info\/"],"url":"https:\/\/fjala.info\/2009-2015\/author\/admin\/"}]}},"_links":{"self":[{"href":"https:\/\/fjala.info\/2009-2015\/wp-json\/wp\/v2\/posts\/12158","targetHints":{"allow":["GET"]}}],"collection":[{"href":"https:\/\/fjala.info\/2009-2015\/wp-json\/wp\/v2\/posts"}],"about":[{"href":"https:\/\/fjala.info\/2009-2015\/wp-json\/wp\/v2\/types\/post"}],"author":[{"embeddable":true,"href":"https:\/\/fjala.info\/2009-2015\/wp-json\/wp\/v2\/users\/1"}],"replies":[{"embeddable":true,"href":"https:\/\/fjala.info\/2009-2015\/wp-json\/wp\/v2\/comments?post=12158"}],"version-history":[{"count":0,"href":"https:\/\/fjala.info\/2009-2015\/wp-json\/wp\/v2\/posts\/12158\/revisions"}],"wp:attachment":[{"href":"https:\/\/fjala.info\/2009-2015\/wp-json\/wp\/v2\/media?parent=12158"}],"wp:term":[{"taxonomy":"category","embeddable":true,"href":"https:\/\/fjala.info\/2009-2015\/wp-json\/wp\/v2\/categories?post=12158"},{"taxonomy":"post_tag","embeddable":true,"href":"https:\/\/fjala.info\/2009-2015\/wp-json\/wp\/v2\/tags?post=12158"}],"curies":[{"name":"wp","href":"https:\/\/api.w.org\/{rel}","templated":true}]}}