{"id":12121,"date":"2012-10-02T08:13:21","date_gmt":"2012-10-02T07:13:21","guid":{"rendered":"http:\/\/www.fjala.info\/?p=5238"},"modified":"2012-10-02T08:13:21","modified_gmt":"2012-10-02T07:13:21","slug":"cfare-detyrimi-ka-berisha-ndaj-frrok-cupit","status":"publish","type":"post","link":"https:\/\/fjala.info\/2009-2015\/cfare-detyrimi-ka-berisha-ndaj-frrok-cupit\/","title":{"rendered":"\u00c7far\u00eb detyrimi ka Berisha ndaj Frrok \u00c7upit?"},"content":{"rendered":"<p><img decoding=\"async\" class=\"alignright size-thumbnail wp-image-7236\" title=\"Berisha - \u00c7upi\" src=\"http:\/\/www.fjala.info\/2012\/berisha_cupi.jpg\" alt=\"\" width=\"300\" \/> <strong>TemA Online<\/strong>, <em>1 Tetor 2012<\/em><\/p>\n<p>Ish presidenti Topi foli dje p\u00ebr nj\u00eb gazetar q\u00eb sipas tij \u00ebsht\u00eb i lidhur me sh\u00ebrbimin sekret serb dhe q\u00eb sot ka nj\u00eb detyr\u00eb shtet\u00ebrore. Nga nj\u00eb v\u00ebshtrim i shpejt kuptohet qart\u00eb se gazetari m\u00eb proverb n\u00eb Shqip\u00ebri mbetet Frrok \u00c7upi. Ai po ashtu \u00ebsht\u00eb graduar s\u00eb fundmi nga Berisha me nj\u00eb detyr\u00eb t\u00eb lart, n\u00eb nj\u00eb agjenci fantazim t\u00eb krijuar enkas p\u00ebr t\u00eb. Pyetja e vetme q\u00eb lind \u00ebsht\u00eb \u00e7far\u00eb detyrimesh a Berisha ndaj k\u00ebtij njeriu? E vetmja gj\u00eb e p\u00ebrbashk\u00ebt ndoshta shpjegohet tek ajo q\u00eb ish Presidenti thot\u00eb n\u00eb lidhje me Serbin\u00eb. Lexoni m\u00eb posht\u00eb nj\u00eb koment t\u00eb Frok \u00c7upit kund\u00ebr Kosov\u00ebs pro Serbis\u00eb ende pa nisur lufta n\u00eb Kosov\u00eb dhe p\u00ebrpiquni t\u00eb kuptoni sa i do Berisha njer\u00ebzit e Serbis\u00eb n\u00eb Tiran\u00eb.<\/p>\n<p>\u201cT\u00eb gjith\u00eb n\u00eb fush\u00eb\u201d,<br \/>\n<em>Botuar n\u00eb gazet\u00ebn Koha jon\u00eb, 4 qershor 1998<\/em><br \/>\n<strong>Frok \u00c7upi<\/strong> shkruan:<\/p>\n<p>\u201dT\u00eb gjith\u00eb n\u00eb fush\u00eb por secili me m\u00ebnyr\u00ebn e tij dhe q\u00ebllimin e tij: Kan\u00eb zbritur nacionalist\u00ebt e rrem\u00eb. K\u00ebta e quajn\u00eb veten shqiptar\u00eb t\u00eb thell\u00eb, por n\u00eb fakt jan\u00eb qytetar\u00ebt m\u00eb t\u00eb cek\u00ebt t\u00eb Bot\u00ebs. Shumica e tyre jan\u00eb njer\u00ebz q\u00eb nuk kan\u00eb asnj\u00eb p\u00ebrgjegj\u00ebsi, por q\u00eb kan\u00eb t\u00eb gjith\u00eb mbrojtjen e jet\u00ebs s\u00eb tyre e t\u00eb familjes, prandaj th\u00ebrrasin m\u00eb shum\u00eb \u201cLuft\u00eb\u201d T\u00eb tjer\u00ebt vriten, k\u00ebta mbeten duke th\u00ebrritur. Kan\u00eb zbritur n\u00eb fush\u00eb t\u00eb mashtruarit.<\/p>\n<p>K\u00ebta ose jan\u00eb b\u00ebr\u00eb an\u00ebtar\u00eb t\u00eb U\u00c7K, ose jan\u00eb f\u00ebmij\u00eb e naiv\u00eb q\u00eb p\u00ebr pes\u00eb minuta l\u00ebn\u00eb jet\u00ebn e tyre \u201cp\u00ebr Kosov\u00ebn\u201d. N\u00eb fush\u00eb kan\u00eb zbritur \u201cMafioz\u00ebt\u201d. K\u00ebto dit\u00eb t\u00eb gjith\u00eb mafioz\u00ebt brenda Shqip\u00ebris\u00eb si dhe ata q\u00eb ndodhen n\u00eb Per\u00ebndim, kan\u00eb ndryshuar planet e \u201cbiznesit\u201d dhe jan\u00eb kthyer nga \u201cpatriotizmi\u201d. Ata kan\u00eb formuluar fraz\u00ebn:\u201dduhen arm\u00eb p\u00ebr Kosov\u00ebn\u201d dhe kan\u00eb hapur llogarit\u00eb bankare p\u00ebr t\u00eb shitur arm\u00eb. Me siguri, kapitali i tyre do t\u00eb shum\u00ebfishohet duke derdhur gjak njer\u00ebzish t\u00eb pafajsh\u00ebm n\u00eb Kosov\u00eb.<\/p>\n<p>N\u00eb fush\u00ebn e \u201cKosov\u00ebs\u201d kan\u00eb zbritur edhe Berisha me shok\u00eb q\u00eb shkaktuan tragjedin\u00eb m\u00eb t\u00eb madhe ndaj shqiptar\u00ebve vitin e kaluar. K\u00ebta, t\u00eb ndihmuar nga qeverisja aktuale, kan\u00eb pritur dit\u00ebn e sotme t\u00eb cil\u00ebn e dinin se do t\u00eb arrinte. Ka ndodhur nj\u00eblloj si me t\u00eb burgosurit e vitit t\u00eb kaluar q\u00eb dogj\u00ebn nga burgjet dhe u bashkuan me t\u00eb pafajshmit: \u201cHyni n\u00eb radh\u00ebt e t\u00eb tjer\u00ebve t\u00eb gjith\u00eb t\u00eb pafajsh\u00ebm\u201d. N\u00eb luft\u00ebn q\u00eb po i shkaktohet Kosov\u00ebs dhe ndoshta m\u00eb gjer\u00eb, k\u00ebta do ta ndiejn\u00eb veten si n\u00eb detin q\u00eb lan\u00eb t\u00eb gjitha krimet.<\/p>\n<p>Pas luft\u00ebs n\u00eb Kosov\u00eb, Berisha me shok\u00eb mund t\u00eb shpallen heronj. Ka zbritur n\u00eb fush\u00eb edhe qeveria aktuale. Kjo \u00ebsht\u00eb fshehur prapa sloganit t\u00eb Berish\u00ebs \u201cNj\u00eb komb nj\u00eb q\u00ebndrim\u201d, p\u00ebr t\u00eb treguar patriotiz\u00ebm. Nd\u00ebrsa p\u00ebr t\u00eb treguar modernizim qeveria paraqet formulat e dit\u00ebs. Megjithat\u00eb ngjarja e kobshme n\u00eb Kosov\u00eb p\u00ebrb\u00ebn nj\u00eb shans\u00eb edhe p\u00ebr qeverin\u00eb Nano, e cila \u00ebsht\u00eb shpallur si e d\u00ebshtuar. Kjo, me an\u00eb t\u00eb \u201cluft\u00ebs p\u00ebr Kosov\u00ebn\u201d mund t\u00eb mbuloj\u00eb dob\u00ebsit\u00eb e saj qeveris\u00ebse\u2026<\/p>\n<p>Tanim\u00eb t\u00eb gjith\u00eb ndodhen n\u00eb fush\u00eb. Kush do t\u00eb fitoj\u00eb? Kjo \u00ebsht\u00eb \u00e7\u00ebshtja. Gjith\u00e7ka i ngjan xhungl\u00ebs ose edhe fitores prej fatkeq\u00ebsis\u00eb. Por, nd\u00ebrkoh\u00eb kjo \u201cfush\u00eb\u201d i ngjan Pranver\u00ebs s\u00eb vitit t\u00eb kaluar. Vitin e kaluar historia e jon\u00eb komb\u00ebtare kishte zbritur n\u00eb fush\u00ebn e luft\u00ebs, por nuk dihej se cili do t\u00eb fitonte. A fitoi alternativa m\u00eb e mir\u00eb p\u00ebr popullin shqiptar Pranver\u00ebn e kaluar?! Dihet se u vran\u00eb mij\u00ebra njer\u00ebz por nuk dihet se kush fitoi. K\u00ebshtu mund t\u00eb ndodh\u00eb edhe k\u00ebt\u00eb her\u00eb fatkeq\u00ebsisht me shqiptar\u00ebt\u201d.<\/p>\n","protected":false},"excerpt":{"rendered":"<p>TemA Online, 1 Tetor 2012 Ish presidenti Topi foli dje p\u00ebr nj\u00eb gazetar q\u00eb sipas tij \u00ebsht\u00eb i lidhur me sh\u00ebrbimin sekret serb dhe q\u00eb sot ka nj\u00eb detyr\u00eb shtet\u00ebrore. Nga nj\u00eb v\u00ebshtrim i shpejt kuptohet qart\u00eb se gazetari m\u00eb proverb n\u00eb Shqip\u00ebri mbetet Frrok \u00c7upi. Ai po ashtu \u00ebsht\u00eb graduar s\u00eb fundmi nga Berisha [&hellip;]<\/p>\n","protected":false},"author":1,"featured_media":0,"comment_status":"open","ping_status":"closed","sticky":false,"template":"","format":"standard","meta":{"footnotes":""},"categories":[2],"tags":[],"class_list":{"0":"post-12121","1":"post","2":"type-post","3":"status-publish","4":"format-standard","6":"category-artikuj"},"yoast_head":"<!-- This site is optimized with the Yoast SEO plugin v27.4 - https:\/\/yoast.com\/product\/yoast-seo-wordpress\/ -->\n<title>\u00c7far\u00eb detyrimi ka Berisha ndaj Frrok \u00c7upit? - FjALA e LIR\u00cb - Arkivi<\/title>\n<meta name=\"robots\" content=\"index, follow, max-snippet:-1, max-image-preview:large, max-video-preview:-1\" \/>\n<link rel=\"canonical\" href=\"https:\/\/fjala.info\/2009-2015\/cfare-detyrimi-ka-berisha-ndaj-frrok-cupit\/\" \/>\n<meta property=\"og:locale\" content=\"sq_AL\" \/>\n<meta property=\"og:type\" content=\"article\" \/>\n<meta property=\"og:title\" content=\"\u00c7far\u00eb detyrimi ka Berisha ndaj Frrok \u00c7upit? - FjALA e LIR\u00cb - Arkivi\" \/>\n<meta property=\"og:description\" content=\"TemA Online, 1 Tetor 2012 Ish presidenti Topi foli dje p\u00ebr nj\u00eb gazetar q\u00eb sipas tij \u00ebsht\u00eb i lidhur me sh\u00ebrbimin sekret serb dhe q\u00eb sot ka nj\u00eb detyr\u00eb shtet\u00ebrore. Nga nj\u00eb v\u00ebshtrim i shpejt kuptohet qart\u00eb se gazetari m\u00eb proverb n\u00eb Shqip\u00ebri mbetet Frrok \u00c7upi. Ai po ashtu \u00ebsht\u00eb graduar s\u00eb fundmi nga Berisha [&hellip;]\" \/>\n<meta property=\"og:url\" content=\"https:\/\/fjala.info\/2009-2015\/cfare-detyrimi-ka-berisha-ndaj-frrok-cupit\/\" \/>\n<meta property=\"og:site_name\" content=\"FjALA e LIR\u00cb - Arkivi\" \/>\n<meta property=\"article:published_time\" content=\"2012-10-02T07:13:21+00:00\" \/>\n<meta property=\"og:image\" content=\"http:\/\/www.fjala.info\/2012\/berisha_cupi.jpg\" \/>\n<meta name=\"author\" content=\"admin\" \/>\n<meta name=\"twitter:card\" content=\"summary_large_image\" \/>\n<meta name=\"twitter:label1\" content=\"Written by\" \/>\n\t<meta name=\"twitter:data1\" content=\"admin\" \/>\n\t<meta name=\"twitter:label2\" content=\"Est. reading time\" \/>\n\t<meta name=\"twitter:data2\" content=\"3 minutes\" \/>\n<script type=\"application\/ld+json\" class=\"yoast-schema-graph\">{\"@context\":\"https:\\\/\\\/schema.org\",\"@graph\":[{\"@type\":\"Article\",\"@id\":\"https:\\\/\\\/fjala.info\\\/2009-2015\\\/cfare-detyrimi-ka-berisha-ndaj-frrok-cupit\\\/#article\",\"isPartOf\":{\"@id\":\"https:\\\/\\\/fjala.info\\\/2009-2015\\\/cfare-detyrimi-ka-berisha-ndaj-frrok-cupit\\\/\"},\"author\":{\"name\":\"admin\",\"@id\":\"https:\\\/\\\/fjala.info\\\/2009-2015\\\/#\\\/schema\\\/person\\\/3aa1163ef05469c496fc94e77611ada2\"},\"headline\":\"\u00c7far\u00eb detyrimi ka Berisha ndaj Frrok \u00c7upit?\",\"datePublished\":\"2012-10-02T07:13:21+00:00\",\"mainEntityOfPage\":{\"@id\":\"https:\\\/\\\/fjala.info\\\/2009-2015\\\/cfare-detyrimi-ka-berisha-ndaj-frrok-cupit\\\/\"},\"wordCount\":668,\"commentCount\":0,\"publisher\":{\"@id\":\"https:\\\/\\\/fjala.info\\\/2009-2015\\\/#organization\"},\"image\":{\"@id\":\"https:\\\/\\\/fjala.info\\\/2009-2015\\\/cfare-detyrimi-ka-berisha-ndaj-frrok-cupit\\\/#primaryimage\"},\"thumbnailUrl\":\"http:\\\/\\\/www.fjala.info\\\/2012\\\/berisha_cupi.jpg\",\"articleSection\":[\"Artikuj\"],\"inLanguage\":\"sq-AL\",\"potentialAction\":[{\"@type\":\"CommentAction\",\"name\":\"Comment\",\"target\":[\"https:\\\/\\\/fjala.info\\\/2009-2015\\\/cfare-detyrimi-ka-berisha-ndaj-frrok-cupit\\\/#respond\"]}]},{\"@type\":\"WebPage\",\"@id\":\"https:\\\/\\\/fjala.info\\\/2009-2015\\\/cfare-detyrimi-ka-berisha-ndaj-frrok-cupit\\\/\",\"url\":\"https:\\\/\\\/fjala.info\\\/2009-2015\\\/cfare-detyrimi-ka-berisha-ndaj-frrok-cupit\\\/\",\"name\":\"\u00c7far\u00eb detyrimi ka Berisha ndaj Frrok \u00c7upit? - FjALA e LIR\u00cb - Arkivi\",\"isPartOf\":{\"@id\":\"https:\\\/\\\/fjala.info\\\/2009-2015\\\/#website\"},\"primaryImageOfPage\":{\"@id\":\"https:\\\/\\\/fjala.info\\\/2009-2015\\\/cfare-detyrimi-ka-berisha-ndaj-frrok-cupit\\\/#primaryimage\"},\"image\":{\"@id\":\"https:\\\/\\\/fjala.info\\\/2009-2015\\\/cfare-detyrimi-ka-berisha-ndaj-frrok-cupit\\\/#primaryimage\"},\"thumbnailUrl\":\"http:\\\/\\\/www.fjala.info\\\/2012\\\/berisha_cupi.jpg\",\"datePublished\":\"2012-10-02T07:13:21+00:00\",\"breadcrumb\":{\"@id\":\"https:\\\/\\\/fjala.info\\\/2009-2015\\\/cfare-detyrimi-ka-berisha-ndaj-frrok-cupit\\\/#breadcrumb\"},\"inLanguage\":\"sq-AL\",\"potentialAction\":[{\"@type\":\"ReadAction\",\"target\":[\"https:\\\/\\\/fjala.info\\\/2009-2015\\\/cfare-detyrimi-ka-berisha-ndaj-frrok-cupit\\\/\"]}]},{\"@type\":\"ImageObject\",\"inLanguage\":\"sq-AL\",\"@id\":\"https:\\\/\\\/fjala.info\\\/2009-2015\\\/cfare-detyrimi-ka-berisha-ndaj-frrok-cupit\\\/#primaryimage\",\"url\":\"http:\\\/\\\/www.fjala.info\\\/2012\\\/berisha_cupi.jpg\",\"contentUrl\":\"http:\\\/\\\/www.fjala.info\\\/2012\\\/berisha_cupi.jpg\"},{\"@type\":\"BreadcrumbList\",\"@id\":\"https:\\\/\\\/fjala.info\\\/2009-2015\\\/cfare-detyrimi-ka-berisha-ndaj-frrok-cupit\\\/#breadcrumb\",\"itemListElement\":[{\"@type\":\"ListItem\",\"position\":1,\"name\":\"Home\",\"item\":\"https:\\\/\\\/fjala.info\\\/2009-2015\\\/\"},{\"@type\":\"ListItem\",\"position\":2,\"name\":\"\u00c7far\u00eb detyrimi ka Berisha ndaj Frrok \u00c7upit?\"}]},{\"@type\":\"WebSite\",\"@id\":\"https:\\\/\\\/fjala.info\\\/2009-2015\\\/#website\",\"url\":\"https:\\\/\\\/fjala.info\\\/2009-2015\\\/\",\"name\":\"FjALA e LIR\u00cb - Arkivi\",\"description\":\"Arkivi 2009-2015\",\"publisher\":{\"@id\":\"https:\\\/\\\/fjala.info\\\/2009-2015\\\/#organization\"},\"potentialAction\":[{\"@type\":\"SearchAction\",\"target\":{\"@type\":\"EntryPoint\",\"urlTemplate\":\"https:\\\/\\\/fjala.info\\\/2009-2015\\\/?s={search_term_string}\"},\"query-input\":{\"@type\":\"PropertyValueSpecification\",\"valueRequired\":true,\"valueName\":\"search_term_string\"}}],\"inLanguage\":\"sq-AL\"},{\"@type\":\"Organization\",\"@id\":\"https:\\\/\\\/fjala.info\\\/2009-2015\\\/#organization\",\"name\":\"FjALA e LIR\u00cb - Arkivi\",\"url\":\"https:\\\/\\\/fjala.info\\\/2009-2015\\\/\",\"logo\":{\"@type\":\"ImageObject\",\"inLanguage\":\"sq-AL\",\"@id\":\"https:\\\/\\\/fjala.info\\\/2009-2015\\\/#\\\/schema\\\/logo\\\/image\\\/\",\"url\":\"\",\"contentUrl\":\"\",\"caption\":\"FjALA e LIR\u00cb - Arkivi\"},\"image\":{\"@id\":\"https:\\\/\\\/fjala.info\\\/2009-2015\\\/#\\\/schema\\\/logo\\\/image\\\/\"}},{\"@type\":\"Person\",\"@id\":\"https:\\\/\\\/fjala.info\\\/2009-2015\\\/#\\\/schema\\\/person\\\/3aa1163ef05469c496fc94e77611ada2\",\"name\":\"admin\",\"image\":{\"@type\":\"ImageObject\",\"inLanguage\":\"sq-AL\",\"@id\":\"https:\\\/\\\/fjala.info\\\/2009-2015\\\/wp-content\\\/uploads\\\/2012\\\/02\\\/arben_cokaj-120x150.jpg\",\"url\":\"https:\\\/\\\/fjala.info\\\/2009-2015\\\/wp-content\\\/uploads\\\/2012\\\/02\\\/arben_cokaj-120x150.jpg\",\"contentUrl\":\"https:\\\/\\\/fjala.info\\\/2009-2015\\\/wp-content\\\/uploads\\\/2012\\\/02\\\/arben_cokaj-120x150.jpg\",\"caption\":\"admin\"},\"description\":\"Admin, Fjala e Lir\u00eb\",\"sameAs\":[\"https:\\\/\\\/fjala.info\\\/\"],\"url\":\"https:\\\/\\\/fjala.info\\\/2009-2015\\\/author\\\/admin\\\/\"}]}<\/script>\n<!-- \/ Yoast SEO plugin. -->","yoast_head_json":{"title":"\u00c7far\u00eb detyrimi ka Berisha ndaj Frrok \u00c7upit? - FjALA e LIR\u00cb - Arkivi","robots":{"index":"index","follow":"follow","max-snippet":"max-snippet:-1","max-image-preview":"max-image-preview:large","max-video-preview":"max-video-preview:-1"},"canonical":"https:\/\/fjala.info\/2009-2015\/cfare-detyrimi-ka-berisha-ndaj-frrok-cupit\/","og_locale":"sq_AL","og_type":"article","og_title":"\u00c7far\u00eb detyrimi ka Berisha ndaj Frrok \u00c7upit? - FjALA e LIR\u00cb - Arkivi","og_description":"TemA Online, 1 Tetor 2012 Ish presidenti Topi foli dje p\u00ebr nj\u00eb gazetar q\u00eb sipas tij \u00ebsht\u00eb i lidhur me sh\u00ebrbimin sekret serb dhe q\u00eb sot ka nj\u00eb detyr\u00eb shtet\u00ebrore. Nga nj\u00eb v\u00ebshtrim i shpejt kuptohet qart\u00eb se gazetari m\u00eb proverb n\u00eb Shqip\u00ebri mbetet Frrok \u00c7upi. Ai po ashtu \u00ebsht\u00eb graduar s\u00eb fundmi nga Berisha [&hellip;]","og_url":"https:\/\/fjala.info\/2009-2015\/cfare-detyrimi-ka-berisha-ndaj-frrok-cupit\/","og_site_name":"FjALA e LIR\u00cb - Arkivi","article_published_time":"2012-10-02T07:13:21+00:00","og_image":[{"url":"http:\/\/www.fjala.info\/2012\/berisha_cupi.jpg","type":"","width":"","height":""}],"author":"admin","twitter_card":"summary_large_image","twitter_misc":{"Written by":"admin","Est. reading time":"3 minutes"},"schema":{"@context":"https:\/\/schema.org","@graph":[{"@type":"Article","@id":"https:\/\/fjala.info\/2009-2015\/cfare-detyrimi-ka-berisha-ndaj-frrok-cupit\/#article","isPartOf":{"@id":"https:\/\/fjala.info\/2009-2015\/cfare-detyrimi-ka-berisha-ndaj-frrok-cupit\/"},"author":{"name":"admin","@id":"https:\/\/fjala.info\/2009-2015\/#\/schema\/person\/3aa1163ef05469c496fc94e77611ada2"},"headline":"\u00c7far\u00eb detyrimi ka Berisha ndaj Frrok \u00c7upit?","datePublished":"2012-10-02T07:13:21+00:00","mainEntityOfPage":{"@id":"https:\/\/fjala.info\/2009-2015\/cfare-detyrimi-ka-berisha-ndaj-frrok-cupit\/"},"wordCount":668,"commentCount":0,"publisher":{"@id":"https:\/\/fjala.info\/2009-2015\/#organization"},"image":{"@id":"https:\/\/fjala.info\/2009-2015\/cfare-detyrimi-ka-berisha-ndaj-frrok-cupit\/#primaryimage"},"thumbnailUrl":"http:\/\/www.fjala.info\/2012\/berisha_cupi.jpg","articleSection":["Artikuj"],"inLanguage":"sq-AL","potentialAction":[{"@type":"CommentAction","name":"Comment","target":["https:\/\/fjala.info\/2009-2015\/cfare-detyrimi-ka-berisha-ndaj-frrok-cupit\/#respond"]}]},{"@type":"WebPage","@id":"https:\/\/fjala.info\/2009-2015\/cfare-detyrimi-ka-berisha-ndaj-frrok-cupit\/","url":"https:\/\/fjala.info\/2009-2015\/cfare-detyrimi-ka-berisha-ndaj-frrok-cupit\/","name":"\u00c7far\u00eb detyrimi ka Berisha ndaj Frrok \u00c7upit? - FjALA e LIR\u00cb - Arkivi","isPartOf":{"@id":"https:\/\/fjala.info\/2009-2015\/#website"},"primaryImageOfPage":{"@id":"https:\/\/fjala.info\/2009-2015\/cfare-detyrimi-ka-berisha-ndaj-frrok-cupit\/#primaryimage"},"image":{"@id":"https:\/\/fjala.info\/2009-2015\/cfare-detyrimi-ka-berisha-ndaj-frrok-cupit\/#primaryimage"},"thumbnailUrl":"http:\/\/www.fjala.info\/2012\/berisha_cupi.jpg","datePublished":"2012-10-02T07:13:21+00:00","breadcrumb":{"@id":"https:\/\/fjala.info\/2009-2015\/cfare-detyrimi-ka-berisha-ndaj-frrok-cupit\/#breadcrumb"},"inLanguage":"sq-AL","potentialAction":[{"@type":"ReadAction","target":["https:\/\/fjala.info\/2009-2015\/cfare-detyrimi-ka-berisha-ndaj-frrok-cupit\/"]}]},{"@type":"ImageObject","inLanguage":"sq-AL","@id":"https:\/\/fjala.info\/2009-2015\/cfare-detyrimi-ka-berisha-ndaj-frrok-cupit\/#primaryimage","url":"http:\/\/www.fjala.info\/2012\/berisha_cupi.jpg","contentUrl":"http:\/\/www.fjala.info\/2012\/berisha_cupi.jpg"},{"@type":"BreadcrumbList","@id":"https:\/\/fjala.info\/2009-2015\/cfare-detyrimi-ka-berisha-ndaj-frrok-cupit\/#breadcrumb","itemListElement":[{"@type":"ListItem","position":1,"name":"Home","item":"https:\/\/fjala.info\/2009-2015\/"},{"@type":"ListItem","position":2,"name":"\u00c7far\u00eb detyrimi ka Berisha ndaj Frrok \u00c7upit?"}]},{"@type":"WebSite","@id":"https:\/\/fjala.info\/2009-2015\/#website","url":"https:\/\/fjala.info\/2009-2015\/","name":"FjALA e LIR\u00cb - Arkivi","description":"Arkivi 2009-2015","publisher":{"@id":"https:\/\/fjala.info\/2009-2015\/#organization"},"potentialAction":[{"@type":"SearchAction","target":{"@type":"EntryPoint","urlTemplate":"https:\/\/fjala.info\/2009-2015\/?s={search_term_string}"},"query-input":{"@type":"PropertyValueSpecification","valueRequired":true,"valueName":"search_term_string"}}],"inLanguage":"sq-AL"},{"@type":"Organization","@id":"https:\/\/fjala.info\/2009-2015\/#organization","name":"FjALA e LIR\u00cb - Arkivi","url":"https:\/\/fjala.info\/2009-2015\/","logo":{"@type":"ImageObject","inLanguage":"sq-AL","@id":"https:\/\/fjala.info\/2009-2015\/#\/schema\/logo\/image\/","url":"","contentUrl":"","caption":"FjALA e LIR\u00cb - Arkivi"},"image":{"@id":"https:\/\/fjala.info\/2009-2015\/#\/schema\/logo\/image\/"}},{"@type":"Person","@id":"https:\/\/fjala.info\/2009-2015\/#\/schema\/person\/3aa1163ef05469c496fc94e77611ada2","name":"admin","image":{"@type":"ImageObject","inLanguage":"sq-AL","@id":"https:\/\/fjala.info\/2009-2015\/wp-content\/uploads\/2012\/02\/arben_cokaj-120x150.jpg","url":"https:\/\/fjala.info\/2009-2015\/wp-content\/uploads\/2012\/02\/arben_cokaj-120x150.jpg","contentUrl":"https:\/\/fjala.info\/2009-2015\/wp-content\/uploads\/2012\/02\/arben_cokaj-120x150.jpg","caption":"admin"},"description":"Admin, Fjala e Lir\u00eb","sameAs":["https:\/\/fjala.info\/"],"url":"https:\/\/fjala.info\/2009-2015\/author\/admin\/"}]}},"_links":{"self":[{"href":"https:\/\/fjala.info\/2009-2015\/wp-json\/wp\/v2\/posts\/12121","targetHints":{"allow":["GET"]}}],"collection":[{"href":"https:\/\/fjala.info\/2009-2015\/wp-json\/wp\/v2\/posts"}],"about":[{"href":"https:\/\/fjala.info\/2009-2015\/wp-json\/wp\/v2\/types\/post"}],"author":[{"embeddable":true,"href":"https:\/\/fjala.info\/2009-2015\/wp-json\/wp\/v2\/users\/1"}],"replies":[{"embeddable":true,"href":"https:\/\/fjala.info\/2009-2015\/wp-json\/wp\/v2\/comments?post=12121"}],"version-history":[{"count":0,"href":"https:\/\/fjala.info\/2009-2015\/wp-json\/wp\/v2\/posts\/12121\/revisions"}],"wp:attachment":[{"href":"https:\/\/fjala.info\/2009-2015\/wp-json\/wp\/v2\/media?parent=12121"}],"wp:term":[{"taxonomy":"category","embeddable":true,"href":"https:\/\/fjala.info\/2009-2015\/wp-json\/wp\/v2\/categories?post=12121"},{"taxonomy":"post_tag","embeddable":true,"href":"https:\/\/fjala.info\/2009-2015\/wp-json\/wp\/v2\/tags?post=12121"}],"curies":[{"name":"wp","href":"https:\/\/api.w.org\/{rel}","templated":true}]}}